{"id":193479,"date":"2026-04-28T12:56:17","date_gmt":"2026-04-28T15:56:17","guid":{"rendered":"https:\/\/gysfm.com.ar\/inicio\/triple-crimen-de-florencio-varela-senor-j-sin-procesamiento-y-cambio-de-situacion-para-2-acusados\/"},"modified":"2026-04-28T12:56:17","modified_gmt":"2026-04-28T15:56:17","slug":"triple-crimen-de-florencio-varela-senor-j-sin-procesamiento-y-cambio-de-situacion-para-2-acusados","status":"publish","type":"post","link":"https:\/\/gysfm.com.ar\/inicio\/triple-crimen-de-florencio-varela-senor-j-sin-procesamiento-y-cambio-de-situacion-para-2-acusados\/","title":{"rendered":"Triple crimen de Florencio Varela: \u00abSe\u00f1or J\u00bb sin procesamiento y cambi\u00f3 de situaci\u00f3n para 2 acusados"},"content":{"rendered":"<p><\/p>\n<div id=\"article-content\">\n<p>A m\u00e1s de siete meses del <a target=\"_blank\" href=\"https:\/\/www.perfil.com\/noticias\/policia\/a-tres-meses-del-triple-crimen-de-florencio-varela-quienes-son-los-nuevos-sospechosos-y-los-acusados-que-siguen-profugos.phtml\"><strong>Triple Crimen de Florencio Varela<\/strong><\/a>, la C\u00e1mara Federal de San Mart\u00edn ratific\u00f3 la prisi\u00f3n preventiva para <strong>seis de los acusados <\/strong>y cambi\u00f3 la situaci\u00f3n procesal de otros dos, al considerar que tuvieron roles diferentes al resto. Adem\u00e1s, dictaron la falta de m\u00e9rito para <a target=\"_blank\" href=\"https:\/\/www.perfil.com\/noticias\/policia\/indagan-a-senor-j-el-presunto-lider-narco-acusado-de-organizar-el-triple-crimen-de-florencio-varela.phtml\"><strong>Joseph Freyser Cubas Zavaleta<\/strong>, alias <strong>\u00abSe\u00f1or J\u00bb<\/strong><\/a>, el presunto jefe narco que hab\u00eda sido se\u00f1alado como uno de los autores intelectuales de la masacre.<\/p>\n<p>Seg\u00fan el fallo, al que accedi\u00f3 PERFIL, <strong>Florencia Ib\u00e1\u00f1ez, V\u00edctor Sotacuro L\u00e1zaro, Miguel \u00c1ngel Villanueva Silva, Mat\u00edas Agust\u00edn Ozorio, Iara Daniela Ibarra y Maximiliano Parra <\/strong>seguir\u00e1n detenidos por los homicidios de <a target=\"_blank\" href=\"https:\/\/www.perfil.com\/noticias\/modo-fontevecchia\/malacalza.phtml\"><strong>Lara Guti\u00e9rrez, de 15 a\u00f1os<\/strong>, y sus amigas, las primas <strong>Brenda Del Castillo (20) y Morena Verdi (20)<\/strong><\/a>, quienes fueron brutalmente asesinadas el 20 de septiembre del a\u00f1o pasado.<\/p>\n<p class=\"destacadoNota\"><a target=\"_blank\" href=\"https:\/\/www.perfil.com\/noticias\/actualidad\/peru-anuncio-que-aprobo-la-extradicion-a-la-argentina-de-pequeno-j-el-principal-acusado-del-triple-crimen-ocurrido-en-florencio-varela.phtml\">Per\u00fa aprob\u00f3 la extradici\u00f3n de &#8216;Peque\u00f1o J&#8217;, el narco acusado del terrible triple crimen de Varela<\/a><\/p>\n<div class=\"subscription\">\n<p>\n        Esto no les gusta a los autoritarios\n    <\/p>\n<div class=\"subscription__container\">\n<div class=\"subscription__text-wrapper\">\n<p>\n                El ejercicio del periodismo profesional y cr\u00edtico es un pilar fundamental de la democracia. Por eso molesta a quienes creen ser los due\u00f1os de la verdad.\n            <\/p>\n<\/p><\/div><\/div>\n<\/div>\n<p>En la causa tambi\u00e9n est\u00e1n presos <strong>Jerem\u00edas Gim\u00e9nez (28), M\u00f3nica D\u00e9bora Mujica (37) y<\/strong> <strong>Bernab\u00e9 Jes\u00fas Mallon (42)<\/strong>. La hip\u00f3tesis del caso es que las j\u00f3venes fueron enga\u00f1adas con la promesa de participar de una fiesta y luego fueron trasladadas desde La Matanza, partido en el que resid\u00edan, hasta una vivienda en Villa Vatteone. All\u00ed, las redujeron, <strong>torturaron, mataron<\/strong> y finalmente las <strong>descuartizaron<\/strong> para esconder sus cuerpos en el patio del lugar.<\/p>\n<p>Ahora, los jueces N\u00e9stor Pablo Barral y Alberto Agust\u00edn Lugones <strong>cambiaron el <a target=\"_blank\" href=\"https:\/\/www.perfil.com\/noticias\/policia\/la-justicia-busca-tres-profugos-mas-por-el-triple-crimen-en-florencio-varela-y-se-habla-de-al-menos-15-implicados.phtml\">procesamiento de Ibarra y Parra<\/a><\/strong>, estableciendo que su responsabilidad es de \u00abencubrimiento agravado\u00bb. Se trata de los adolescentes que fueron encontrados por la Polic\u00eda Bonaerense limpiando y <strong>alterando la escena del crimen<\/strong>, pero no habr\u00edan participado del secuestro ni del triple femicidio. <\/p>\n<p style=\"text-align:center\"><picture><source media=\"(max-width: 440px)\" srcset=\"https:\/\/fotos.perfil.com\/\/2025\/10\/20\/440\/0\/triple-crimen-en-florencio-varela-20251020-2121764.jpg?webp\"\/><source media=\"(max-width: 1019px)\" srcset=\"https:\/\/fotos.perfil.com\/\/2025\/10\/20\/712\/0\/triple-crimen-en-florencio-varela-20251020-2121764.jpg?webp\"\/><img decoding=\"async\" style=\"max-width: 100%; width: 100%;\" alt=\"Triple crimen en Florencio Varela 20251020\" src=\"https:\/\/fotos.perfil.com\/\/2025\/10\/20\/900\/0\/triple-crimen-en-florencio-varela-20251020-2121764.jpg?webp\" loading=\"lazy\"\/><\/picture><\/p>\n<p>Para el resto de los acusados se mantuvo la misma calificaci\u00f3n, que viene desde que la causa estaba en manos de la UFI de Homicidios de La Matanza, a cargo de Adri\u00e1n Arribas: \u201c<strong>privaci\u00f3n ilegal de la libertad<\/strong> activa agravada por la pluralidad de intervinientes y por ser una de las v\u00edctimas menor de edad en concurso real con <strong>homicidio agravado<\/strong> por ser premeditado de dos o m\u00e1s personas, por ser cometido con <strong>alevos\u00eda y ensa\u00f1amiento<\/strong> y por<a target=\"_blank\" href=\"https:\/\/www.perfil.com\/noticias\/politica\/tras-el-enojo-por-su-posteo-del-triple-crimen-bullrich-hablo-del-operativo-y-pidio-que-se-aplique-la-ley-antimafias.phtml\"> <strong>violencia de g\u00e9nero<\/strong><\/a>, y <em>criminis causa\u00bb.<\/em><\/p>\n<h2>Dictaron la falta de m\u00e9rito a \u00abSe\u00f1or J\u00bb<\/h2>\n<p>Con respecto a la situaci\u00f3n de <strong>Cubas Zavaleta<\/strong>, ciudadano peruano de 31 a\u00f1os, los camaristas consideraron que las <strong>pruebas recolectadas<\/strong> contra \u00e9l hasta el momento <strong>no son suficientes<\/strong> para mantenerlo bajo prisi\u00f3n preventiva. De todas formas, seguir\u00e1 vinculado a la investigaci\u00f3n a la espera de los resultados de diferentes pericias y medidas solicitadas por la Fiscal\u00eda.<\/p>\n<p>La Sala II del tribunal aval\u00f3 la apelaci\u00f3n presentada por su defensa al sostener que el acusado hab\u00eda sido relacionado a la causa <strong>solo por los testimonios de un testigo<\/strong> bajo identidad reservada y de <a target=\"_blank\" href=\"https:\/\/www.perfil.com\/noticias\/politica\/tras-el-enojo-por-su-posteo-del-triple-crimen-bullrich-hablo-del-operativo-y-pidio-que-se-aplique-la-ley-antimafias.phtml\"><strong>Celeste Magal\u00ed Gonz\u00e1lez Guerrero<\/strong><\/a>, pareja de Villanueva Silva y quien se encargaba de alquilar la casa de Florencio Varela. En su declaraci\u00f3n a las autoridades, la tambi\u00e9n acusada habl\u00f3 de la identidad de \u00abSe\u00f1or J\u00bb pero no de su supuesto rol en los hechos.<\/p>\n<p>Al mismo tiempo, se tuvo en consideraci\u00f3n que, cuando ocurri\u00f3 el Triple Crimen, el sospechosos estaba detenido en<strong> <\/strong>la <strong>Alcald\u00eda Cavia de la Polic\u00eda Federal<\/strong>, en el barrio de Palermo, en el marco de <strong>otra causa vinculada al narcotr\u00e1fico<\/strong>.<\/p>\n<p><iframe id=\"vrudo\" class=\"vrudo\" src=\"https:\/\/rudo.video\/vod\/bVnKgZ?volume=0\" width=\"100%\" height=\"100%\" allowscriptaccess=\"always\" allowfullscreen=\"true\" webkitallowfullscreen=\"true\" frameborder=\"0\" scrolling=\"no\" allow=\"autoplay; fullscreen\" loading=\"lazy\" title=\"Contenido embebido\"><\/iframe><\/p>\n<p>Cubas Zavaleta est\u00e1 pr\u00f3ximo a ser extraditado a su pa\u00eds de origen en un expediente en el que se lo acusa de haber <strong>amenzado de muerte<\/strong> a una mujer para que aceptara <strong>transportar a Espa\u00f1a<\/strong> <strong>alrededor de cinco kilos de coca\u00edna<\/strong>. La Polic\u00eda Federal lo detuvo en Lan\u00fas en agosto del a\u00f1o pasado, en cumplimiento de una orden de captura emitida por la Justicia de Per\u00fa y en colaboraci\u00f3n con Interpol.<\/p>\n<p>\u00abYo, <a target=\"_blank\" href=\"https:\/\/www.perfil.com\/noticias\/policia\/indagan-a-senor-j-el-presunto-lider-narco-acusado-de-organizar-el-triple-crimen-de-florencio-varela.phtml\">Joseph Freyser Cubas Zavaleta<\/a>,<strong> no guardo ninguna relaci\u00f3n <\/strong>con los detenidos de un hecho de una causa que desconozco\u201d, fueron sus palabras el d\u00eda de su indagatoria ante el fiscal Arribas. Adem\u00e1s, se\u00f1al\u00f3 que hab\u00eda vivido en Valencia antes de llegar a Argentina y que <strong>lo llaman \u00abJ\u00bb por la primera letra de su nombre.<\/strong><\/p>\n<p>El acusado dijo que es oriundo de la <strong>ciudad de Trujillo<\/strong>, en el noroeste peruano, y neg\u00f3 haber formado parte del <strong>grupo criminal de \u00abLos Pulpos<\/strong>\u00ab. Tambi\u00e9n relat\u00f3 que se trata de una banda conocida en la regi\u00f3n y que cuando era polic\u00eda en su pa\u00eds hab\u00edan querido relacionarlo a la misma.<\/p>\n<h2>La extradici\u00f3n de \u201cPeque\u00f1o J\u201d <\/h2>\n<p>Precisamente otro de los principales imputados en los asesinatos de Lara, Brenda y Morena es originario de Trujillo: <a target=\"_blank\" href=\"https:\/\/www.perfil.com\/noticias\/actualidad\/peru-anuncio-que-aprobo-la-extradicion-a-la-argentina-de-pequeno-j-el-principal-acusado-del-triple-crimen-ocurrido-en-florencio-varela.phtml\"><strong>Tony Janzen Valverde Victoriano<\/strong>, mejor conocido como <strong>\u00abPeque\u00f1o J\u00bb<\/strong><\/a>, a quien se le atribuye a ver planificado la masacre. Se cree que participar\u00eda de una organizaci\u00f3n<strong> dedicada al tr\u00e1fico de estupefacientes<\/strong> con sede en la Villa Zavaleta y a la 1-11-14, en la Ciudad de Buenos Aires, con puntos de venta en localidades del sur del Conurbano bonaerense. <\/p>\n<p>Semanas antes del Triple Crimen, <strong>se lo vio caminando<\/strong> en la zona del Bajo Flores <strong>junto a Lara Guti\u00e9rrez<\/strong> y otras dos personas, al mismo tiempo que las autoridades estiman que el m\u00f3vil habr\u00eda sido el presunto <strong>robo de una partida de droga<\/strong> que pertenec\u00eda a esta agrupaci\u00f3n.<\/p>\n<p style=\"text-align:center\"><picture><source media=\"(max-width: 440px)\" srcset=\"https:\/\/fotos.perfil.com\/\/2026\/02\/02\/440\/0\/pequeno-j-uno-de-los-principales-acusados-del-triple-crimen-de-florencio-varela-20260202-2179587.jpg?webp\"\/><source media=\"(max-width: 1019px)\" srcset=\"https:\/\/fotos.perfil.com\/\/2026\/02\/02\/712\/0\/pequeno-j-uno-de-los-principales-acusados-del-triple-crimen-de-florencio-varela-20260202-2179587.jpg?webp\"\/><img decoding=\"async\" style=\"max-width: 100%; width: 100%;\" alt=\"peque\u00f1o j\" src=\"https:\/\/fotos.perfil.com\/\/2026\/02\/02\/900\/0\/pequeno-j-uno-de-los-principales-acusados-del-triple-crimen-de-florencio-varela-20260202-2179587.jpg?webp\" loading=\"lazy\"\/><\/picture><\/p>\n<p>\u00abPeque\u00f1o J\u00bb se fug\u00f3 de Argentina y<strong> fue detenido en Pucusana<\/strong>, una localidad del <strong>sur de Lima<\/strong>, cuando buscaba reunirse con Ozorio, que ser\u00eda uno de sus colaboradores m\u00e1s cercanos. Se neg\u00f3 a entregarse de forma voluntaria y desde ese entonces qued\u00f3 alojado en el <strong>Penal de Nuevo Imperial<\/strong>, mientras se dio a inicio al tr\u00e1mite para su extradici\u00f3n.<\/p>\n<p>El 17 de abril pasado las autoridades confirmaron que el<strong> proceso ingres\u00f3 en su etapa final<\/strong> y que el imputado estar\u00e1 disponible pronto para volver al pa\u00eds. El procedimiento es realizado en conjunto por el Juzgado Federal en lo Criminal y Correccional N\u00b02 de Mor\u00f3n, la Secretar\u00eda N\u00b08 y el Ministerio de Relaciones Exteriores de Per\u00fa.<\/p>\n<p>Valverde Victoriano fue mencionado por la Justicia como uno de los acusados que cumplieron <strong>roles espec\u00edficos<\/strong> en la maniobra para aesinar a las j\u00f3venes, ya sea en su captaci\u00f3n, el traslado o la ejecuci\u00f3n del plan. Todos ellos habr\u00edan actuado \u00abde forma coordinada\u00bb em el caso que sigue avanzando con el an\u00e1lisis de las comunicaciones de celulares y movimientos previos al hecho.<\/p>\n<p>FP\/fl<\/p>\n<\/p><\/div>\n<p><script>\n                !function(f,b,e,v,n,t,s)\n                {if(f.fbq)return;n=f.fbq=function(){n.callMethod?\n                    n.callMethod.apply(n,arguments):n.queue.push(arguments)};\n                    if(!f._fbq)f._fbq=n;n.push=n;n.loaded=!0;n.version='2.0';\n                    n.queue=[];t=b.createElement(e);t.async=!0;\n                    t.src=v;s=b.getElementsByTagName(e)[0];\n                    s.parentNode.insertBefore(t,s)}(window, document,'script',\n                    'https:\/\/connect.facebook.net\/en_US\/fbevents.js');\n                window.paywallConfig.facebook_pixel=\"1000228364089342\"\n            <\/script><\/p>\n","protected":false},"excerpt":{"rendered":"<p>A m\u00e1s de siete meses del Triple Crimen de Florencio Varela, la C\u00e1mara Federal de San Mart\u00edn ratific\u00f3 la prisi\u00f3n preventiva para seis de los acusados y cambi\u00f3 la situaci\u00f3n procesal de otros dos, al considerar que tuvieron roles diferentes al resto. Adem\u00e1s, dictaron la falta de m\u00e9rito para Joseph Freyser Cubas Zavaleta, alias \u00abSe\u00f1or [&hellip;]<\/p>\n","protected":false},"author":2,"featured_media":193480,"comment_status":"closed","ping_status":"closed","sticky":false,"template":"","format":"standard","meta":{"footnotes":""},"categories":[25],"tags":[],"class_list":["post-193479","post","type-post","status-publish","format-standard","has-post-thumbnail","hentry","category-nacionales"],"yoast_head":"<!-- This site is optimized with the Yoast SEO plugin v24.4 - https:\/\/yoast.com\/wordpress\/plugins\/seo\/ -->\n<title>Triple crimen de Florencio Varela: &quot;Se\u00f1or J&quot; sin procesamiento y cambi\u00f3 de situaci\u00f3n para 2 acusados - GYS NOTICIAS |<\/title>\n<meta name=\"robots\" content=\"index, follow, max-snippet:-1, max-image-preview:large, max-video-preview:-1\" \/>\n<link rel=\"canonical\" href=\"https:\/\/gysfm.com.ar\/inicio\/triple-crimen-de-florencio-varela-senor-j-sin-procesamiento-y-cambio-de-situacion-para-2-acusados\/\" \/>\n<meta property=\"og:locale\" content=\"es_ES\" \/>\n<meta property=\"og:type\" content=\"article\" \/>\n<meta property=\"og:title\" content=\"Triple crimen de Florencio Varela: &quot;Se\u00f1or J&quot; sin procesamiento y cambi\u00f3 de situaci\u00f3n para 2 acusados - GYS NOTICIAS |\" \/>\n<meta property=\"og:description\" content=\"A m\u00e1s de siete meses del Triple Crimen de Florencio Varela, la C\u00e1mara Federal de San Mart\u00edn ratific\u00f3 la prisi\u00f3n preventiva para seis de los acusados y cambi\u00f3 la situaci\u00f3n procesal de otros dos, al considerar que tuvieron roles diferentes al resto. Adem\u00e1s, dictaron la falta de m\u00e9rito para Joseph Freyser Cubas Zavaleta, alias \u00abSe\u00f1or [&hellip;]\" \/>\n<meta property=\"og:url\" content=\"https:\/\/gysfm.com.ar\/inicio\/triple-crimen-de-florencio-varela-senor-j-sin-procesamiento-y-cambio-de-situacion-para-2-acusados\/\" \/>\n<meta property=\"og:site_name\" content=\"GYS NOTICIAS |\" \/>\n<meta property=\"article:published_time\" content=\"2026-04-28T15:56:17+00:00\" \/>\n<meta property=\"og:image\" content=\"https:\/\/fotos.perfil.com\/\/2025\/10\/20\/900\/0\/triple-crimen-en-florencio-varela-20251020-2121764.jpg?webp\" \/>\n<meta name=\"author\" content=\"Prensa G&amp;S FM\" \/>\n<meta name=\"twitter:card\" content=\"summary_large_image\" \/>\n<meta name=\"twitter:label1\" content=\"Escrito por\" \/>\n\t<meta name=\"twitter:data1\" content=\"Prensa G&amp;S FM\" \/>\n\t<meta name=\"twitter:label2\" content=\"Tiempo de lectura\" \/>\n\t<meta name=\"twitter:data2\" content=\"6 minutos\" \/>\n<script type=\"application\/ld+json\" class=\"yoast-schema-graph\">{\"@context\":\"https:\/\/schema.org\",\"@graph\":[{\"@type\":\"Article\",\"@id\":\"https:\/\/gysfm.com.ar\/inicio\/triple-crimen-de-florencio-varela-senor-j-sin-procesamiento-y-cambio-de-situacion-para-2-acusados\/#article\",\"isPartOf\":{\"@id\":\"https:\/\/gysfm.com.ar\/inicio\/triple-crimen-de-florencio-varela-senor-j-sin-procesamiento-y-cambio-de-situacion-para-2-acusados\/\"},\"author\":{\"name\":\"Prensa G&amp;S FM\",\"@id\":\"https:\/\/gysfm.com.ar\/inicio\/#\/schema\/person\/3abba7593ef2ad19e1be221d54383dc5\"},\"headline\":\"Triple crimen de Florencio Varela: \u00abSe\u00f1or J\u00bb sin procesamiento y cambi\u00f3 de situaci\u00f3n para 2 acusados\",\"datePublished\":\"2026-04-28T15:56:17+00:00\",\"mainEntityOfPage\":{\"@id\":\"https:\/\/gysfm.com.ar\/inicio\/triple-crimen-de-florencio-varela-senor-j-sin-procesamiento-y-cambio-de-situacion-para-2-acusados\/\"},\"wordCount\":1177,\"publisher\":{\"@id\":\"https:\/\/gysfm.com.ar\/inicio\/#organization\"},\"image\":{\"@id\":\"https:\/\/gysfm.com.ar\/inicio\/triple-crimen-de-florencio-varela-senor-j-sin-procesamiento-y-cambio-de-situacion-para-2-acusados\/#primaryimage\"},\"thumbnailUrl\":\"https:\/\/gysfm.com.ar\/inicio\/wp-content\/uploads\/2026\/04\/senor-j-acusado-por-el-triple-crimen-de-florencio-varela-20251028-2126998.jpg\",\"articleSection\":[\"NACIONALES\"],\"inLanguage\":\"es\"},{\"@type\":\"WebPage\",\"@id\":\"https:\/\/gysfm.com.ar\/inicio\/triple-crimen-de-florencio-varela-senor-j-sin-procesamiento-y-cambio-de-situacion-para-2-acusados\/\",\"url\":\"https:\/\/gysfm.com.ar\/inicio\/triple-crimen-de-florencio-varela-senor-j-sin-procesamiento-y-cambio-de-situacion-para-2-acusados\/\",\"name\":\"Triple crimen de Florencio Varela: \\\"Se\u00f1or J\\\" sin procesamiento y cambi\u00f3 de situaci\u00f3n para 2 acusados - GYS NOTICIAS |\",\"isPartOf\":{\"@id\":\"https:\/\/gysfm.com.ar\/inicio\/#website\"},\"primaryImageOfPage\":{\"@id\":\"https:\/\/gysfm.com.ar\/inicio\/triple-crimen-de-florencio-varela-senor-j-sin-procesamiento-y-cambio-de-situacion-para-2-acusados\/#primaryimage\"},\"image\":{\"@id\":\"https:\/\/gysfm.com.ar\/inicio\/triple-crimen-de-florencio-varela-senor-j-sin-procesamiento-y-cambio-de-situacion-para-2-acusados\/#primaryimage\"},\"thumbnailUrl\":\"https:\/\/gysfm.com.ar\/inicio\/wp-content\/uploads\/2026\/04\/senor-j-acusado-por-el-triple-crimen-de-florencio-varela-20251028-2126998.jpg\",\"datePublished\":\"2026-04-28T15:56:17+00:00\",\"breadcrumb\":{\"@id\":\"https:\/\/gysfm.com.ar\/inicio\/triple-crimen-de-florencio-varela-senor-j-sin-procesamiento-y-cambio-de-situacion-para-2-acusados\/#breadcrumb\"},\"inLanguage\":\"es\",\"potentialAction\":[{\"@type\":\"ReadAction\",\"target\":[\"https:\/\/gysfm.com.ar\/inicio\/triple-crimen-de-florencio-varela-senor-j-sin-procesamiento-y-cambio-de-situacion-para-2-acusados\/\"]}]},{\"@type\":\"ImageObject\",\"inLanguage\":\"es\",\"@id\":\"https:\/\/gysfm.com.ar\/inicio\/triple-crimen-de-florencio-varela-senor-j-sin-procesamiento-y-cambio-de-situacion-para-2-acusados\/#primaryimage\",\"url\":\"https:\/\/gysfm.com.ar\/inicio\/wp-content\/uploads\/2026\/04\/senor-j-acusado-por-el-triple-crimen-de-florencio-varela-20251028-2126998.jpg\",\"contentUrl\":\"https:\/\/gysfm.com.ar\/inicio\/wp-content\/uploads\/2026\/04\/senor-j-acusado-por-el-triple-crimen-de-florencio-varela-20251028-2126998.jpg\",\"width\":1140,\"height\":641},{\"@type\":\"BreadcrumbList\",\"@id\":\"https:\/\/gysfm.com.ar\/inicio\/triple-crimen-de-florencio-varela-senor-j-sin-procesamiento-y-cambio-de-situacion-para-2-acusados\/#breadcrumb\",\"itemListElement\":[{\"@type\":\"ListItem\",\"position\":1,\"name\":\"Portada\",\"item\":\"https:\/\/gysfm.com.ar\/inicio\/\"},{\"@type\":\"ListItem\",\"position\":2,\"name\":\"Triple crimen de Florencio Varela: \u00abSe\u00f1or J\u00bb sin procesamiento y cambi\u00f3 de situaci\u00f3n para 2 acusados\"}]},{\"@type\":\"WebSite\",\"@id\":\"https:\/\/gysfm.com.ar\/inicio\/#website\",\"url\":\"https:\/\/gysfm.com.ar\/inicio\/\",\"name\":\"GYS NOTICIAS |\",\"description\":\"DIARIO - RADIO ONLINE SAN JUAN ARGENTINA\",\"publisher\":{\"@id\":\"https:\/\/gysfm.com.ar\/inicio\/#organization\"},\"potentialAction\":[{\"@type\":\"SearchAction\",\"target\":{\"@type\":\"EntryPoint\",\"urlTemplate\":\"https:\/\/gysfm.com.ar\/inicio\/?s={search_term_string}\"},\"query-input\":{\"@type\":\"PropertyValueSpecification\",\"valueRequired\":true,\"valueName\":\"search_term_string\"}}],\"inLanguage\":\"es\"},{\"@type\":\"Organization\",\"@id\":\"https:\/\/gysfm.com.ar\/inicio\/#organization\",\"name\":\"GYS NOTICIAS |\",\"url\":\"https:\/\/gysfm.com.ar\/inicio\/\",\"logo\":{\"@type\":\"ImageObject\",\"inLanguage\":\"es\",\"@id\":\"https:\/\/gysfm.com.ar\/inicio\/#\/schema\/logo\/image\/\",\"url\":\"https:\/\/gysfm.com.ar\/inicio\/wp-content\/uploads\/2023\/07\/LOGOGYS-OK.png\",\"contentUrl\":\"https:\/\/gysfm.com.ar\/inicio\/wp-content\/uploads\/2023\/07\/LOGOGYS-OK.png\",\"width\":1170,\"height\":872,\"caption\":\"GYS NOTICIAS |\"},\"image\":{\"@id\":\"https:\/\/gysfm.com.ar\/inicio\/#\/schema\/logo\/image\/\"}},{\"@type\":\"Person\",\"@id\":\"https:\/\/gysfm.com.ar\/inicio\/#\/schema\/person\/3abba7593ef2ad19e1be221d54383dc5\",\"name\":\"Prensa G&amp;S FM\",\"image\":{\"@type\":\"ImageObject\",\"inLanguage\":\"es\",\"@id\":\"https:\/\/gysfm.com.ar\/inicio\/#\/schema\/person\/image\/\",\"url\":\"https:\/\/secure.gravatar.com\/avatar\/096ec78df02049ab018702bb4ccedf659377fa92a26540b5247612077a0dbd29?s=96&d=mm&r=g\",\"contentUrl\":\"https:\/\/secure.gravatar.com\/avatar\/096ec78df02049ab018702bb4ccedf659377fa92a26540b5247612077a0dbd29?s=96&d=mm&r=g\",\"caption\":\"Prensa G&amp;S FM\"},\"sameAs\":[\"https:\/\/gysfm.com.ar\/\"],\"url\":\"https:\/\/gysfm.com.ar\/inicio\/author\/lucasm\/\"}]}<\/script>\n<!-- \/ Yoast SEO plugin. -->","yoast_head_json":{"title":"Triple crimen de Florencio Varela: \"Se\u00f1or J\" sin procesamiento y cambi\u00f3 de situaci\u00f3n para 2 acusados - GYS NOTICIAS |","robots":{"index":"index","follow":"follow","max-snippet":"max-snippet:-1","max-image-preview":"max-image-preview:large","max-video-preview":"max-video-preview:-1"},"canonical":"https:\/\/gysfm.com.ar\/inicio\/triple-crimen-de-florencio-varela-senor-j-sin-procesamiento-y-cambio-de-situacion-para-2-acusados\/","og_locale":"es_ES","og_type":"article","og_title":"Triple crimen de Florencio Varela: \"Se\u00f1or J\" sin procesamiento y cambi\u00f3 de situaci\u00f3n para 2 acusados - GYS NOTICIAS |","og_description":"A m\u00e1s de siete meses del Triple Crimen de Florencio Varela, la C\u00e1mara Federal de San Mart\u00edn ratific\u00f3 la prisi\u00f3n preventiva para seis de los acusados y cambi\u00f3 la situaci\u00f3n procesal de otros dos, al considerar que tuvieron roles diferentes al resto. Adem\u00e1s, dictaron la falta de m\u00e9rito para Joseph Freyser Cubas Zavaleta, alias \u00abSe\u00f1or [&hellip;]","og_url":"https:\/\/gysfm.com.ar\/inicio\/triple-crimen-de-florencio-varela-senor-j-sin-procesamiento-y-cambio-de-situacion-para-2-acusados\/","og_site_name":"GYS NOTICIAS |","article_published_time":"2026-04-28T15:56:17+00:00","og_image":[{"url":"https:\/\/fotos.perfil.com\/\/2025\/10\/20\/900\/0\/triple-crimen-en-florencio-varela-20251020-2121764.jpg?webp","type":"","width":"","height":""}],"author":"Prensa G&amp;S FM","twitter_card":"summary_large_image","twitter_misc":{"Escrito por":"Prensa G&amp;S FM","Tiempo de lectura":"6 minutos"},"schema":{"@context":"https:\/\/schema.org","@graph":[{"@type":"Article","@id":"https:\/\/gysfm.com.ar\/inicio\/triple-crimen-de-florencio-varela-senor-j-sin-procesamiento-y-cambio-de-situacion-para-2-acusados\/#article","isPartOf":{"@id":"https:\/\/gysfm.com.ar\/inicio\/triple-crimen-de-florencio-varela-senor-j-sin-procesamiento-y-cambio-de-situacion-para-2-acusados\/"},"author":{"name":"Prensa G&amp;S FM","@id":"https:\/\/gysfm.com.ar\/inicio\/#\/schema\/person\/3abba7593ef2ad19e1be221d54383dc5"},"headline":"Triple crimen de Florencio Varela: \u00abSe\u00f1or J\u00bb sin procesamiento y cambi\u00f3 de situaci\u00f3n para 2 acusados","datePublished":"2026-04-28T15:56:17+00:00","mainEntityOfPage":{"@id":"https:\/\/gysfm.com.ar\/inicio\/triple-crimen-de-florencio-varela-senor-j-sin-procesamiento-y-cambio-de-situacion-para-2-acusados\/"},"wordCount":1177,"publisher":{"@id":"https:\/\/gysfm.com.ar\/inicio\/#organization"},"image":{"@id":"https:\/\/gysfm.com.ar\/inicio\/triple-crimen-de-florencio-varela-senor-j-sin-procesamiento-y-cambio-de-situacion-para-2-acusados\/#primaryimage"},"thumbnailUrl":"https:\/\/gysfm.com.ar\/inicio\/wp-content\/uploads\/2026\/04\/senor-j-acusado-por-el-triple-crimen-de-florencio-varela-20251028-2126998.jpg","articleSection":["NACIONALES"],"inLanguage":"es"},{"@type":"WebPage","@id":"https:\/\/gysfm.com.ar\/inicio\/triple-crimen-de-florencio-varela-senor-j-sin-procesamiento-y-cambio-de-situacion-para-2-acusados\/","url":"https:\/\/gysfm.com.ar\/inicio\/triple-crimen-de-florencio-varela-senor-j-sin-procesamiento-y-cambio-de-situacion-para-2-acusados\/","name":"Triple crimen de Florencio Varela: \"Se\u00f1or J\" sin procesamiento y cambi\u00f3 de situaci\u00f3n para 2 acusados - GYS NOTICIAS |","isPartOf":{"@id":"https:\/\/gysfm.com.ar\/inicio\/#website"},"primaryImageOfPage":{"@id":"https:\/\/gysfm.com.ar\/inicio\/triple-crimen-de-florencio-varela-senor-j-sin-procesamiento-y-cambio-de-situacion-para-2-acusados\/#primaryimage"},"image":{"@id":"https:\/\/gysfm.com.ar\/inicio\/triple-crimen-de-florencio-varela-senor-j-sin-procesamiento-y-cambio-de-situacion-para-2-acusados\/#primaryimage"},"thumbnailUrl":"https:\/\/gysfm.com.ar\/inicio\/wp-content\/uploads\/2026\/04\/senor-j-acusado-por-el-triple-crimen-de-florencio-varela-20251028-2126998.jpg","datePublished":"2026-04-28T15:56:17+00:00","breadcrumb":{"@id":"https:\/\/gysfm.com.ar\/inicio\/triple-crimen-de-florencio-varela-senor-j-sin-procesamiento-y-cambio-de-situacion-para-2-acusados\/#breadcrumb"},"inLanguage":"es","potentialAction":[{"@type":"ReadAction","target":["https:\/\/gysfm.com.ar\/inicio\/triple-crimen-de-florencio-varela-senor-j-sin-procesamiento-y-cambio-de-situacion-para-2-acusados\/"]}]},{"@type":"ImageObject","inLanguage":"es","@id":"https:\/\/gysfm.com.ar\/inicio\/triple-crimen-de-florencio-varela-senor-j-sin-procesamiento-y-cambio-de-situacion-para-2-acusados\/#primaryimage","url":"https:\/\/gysfm.com.ar\/inicio\/wp-content\/uploads\/2026\/04\/senor-j-acusado-por-el-triple-crimen-de-florencio-varela-20251028-2126998.jpg","contentUrl":"https:\/\/gysfm.com.ar\/inicio\/wp-content\/uploads\/2026\/04\/senor-j-acusado-por-el-triple-crimen-de-florencio-varela-20251028-2126998.jpg","width":1140,"height":641},{"@type":"BreadcrumbList","@id":"https:\/\/gysfm.com.ar\/inicio\/triple-crimen-de-florencio-varela-senor-j-sin-procesamiento-y-cambio-de-situacion-para-2-acusados\/#breadcrumb","itemListElement":[{"@type":"ListItem","position":1,"name":"Portada","item":"https:\/\/gysfm.com.ar\/inicio\/"},{"@type":"ListItem","position":2,"name":"Triple crimen de Florencio Varela: \u00abSe\u00f1or J\u00bb sin procesamiento y cambi\u00f3 de situaci\u00f3n para 2 acusados"}]},{"@type":"WebSite","@id":"https:\/\/gysfm.com.ar\/inicio\/#website","url":"https:\/\/gysfm.com.ar\/inicio\/","name":"GYS NOTICIAS |","description":"DIARIO - RADIO ONLINE SAN JUAN ARGENTINA","publisher":{"@id":"https:\/\/gysfm.com.ar\/inicio\/#organization"},"potentialAction":[{"@type":"SearchAction","target":{"@type":"EntryPoint","urlTemplate":"https:\/\/gysfm.com.ar\/inicio\/?s={search_term_string}"},"query-input":{"@type":"PropertyValueSpecification","valueRequired":true,"valueName":"search_term_string"}}],"inLanguage":"es"},{"@type":"Organization","@id":"https:\/\/gysfm.com.ar\/inicio\/#organization","name":"GYS NOTICIAS |","url":"https:\/\/gysfm.com.ar\/inicio\/","logo":{"@type":"ImageObject","inLanguage":"es","@id":"https:\/\/gysfm.com.ar\/inicio\/#\/schema\/logo\/image\/","url":"https:\/\/gysfm.com.ar\/inicio\/wp-content\/uploads\/2023\/07\/LOGOGYS-OK.png","contentUrl":"https:\/\/gysfm.com.ar\/inicio\/wp-content\/uploads\/2023\/07\/LOGOGYS-OK.png","width":1170,"height":872,"caption":"GYS NOTICIAS |"},"image":{"@id":"https:\/\/gysfm.com.ar\/inicio\/#\/schema\/logo\/image\/"}},{"@type":"Person","@id":"https:\/\/gysfm.com.ar\/inicio\/#\/schema\/person\/3abba7593ef2ad19e1be221d54383dc5","name":"Prensa G&amp;S FM","image":{"@type":"ImageObject","inLanguage":"es","@id":"https:\/\/gysfm.com.ar\/inicio\/#\/schema\/person\/image\/","url":"https:\/\/secure.gravatar.com\/avatar\/096ec78df02049ab018702bb4ccedf659377fa92a26540b5247612077a0dbd29?s=96&d=mm&r=g","contentUrl":"https:\/\/secure.gravatar.com\/avatar\/096ec78df02049ab018702bb4ccedf659377fa92a26540b5247612077a0dbd29?s=96&d=mm&r=g","caption":"Prensa G&amp;S FM"},"sameAs":["https:\/\/gysfm.com.ar\/"],"url":"https:\/\/gysfm.com.ar\/inicio\/author\/lucasm\/"}]}},"_links":{"self":[{"href":"https:\/\/gysfm.com.ar\/inicio\/wp-json\/wp\/v2\/posts\/193479","targetHints":{"allow":["GET"]}}],"collection":[{"href":"https:\/\/gysfm.com.ar\/inicio\/wp-json\/wp\/v2\/posts"}],"about":[{"href":"https:\/\/gysfm.com.ar\/inicio\/wp-json\/wp\/v2\/types\/post"}],"author":[{"embeddable":true,"href":"https:\/\/gysfm.com.ar\/inicio\/wp-json\/wp\/v2\/users\/2"}],"replies":[{"embeddable":true,"href":"https:\/\/gysfm.com.ar\/inicio\/wp-json\/wp\/v2\/comments?post=193479"}],"version-history":[{"count":0,"href":"https:\/\/gysfm.com.ar\/inicio\/wp-json\/wp\/v2\/posts\/193479\/revisions"}],"wp:featuredmedia":[{"embeddable":true,"href":"https:\/\/gysfm.com.ar\/inicio\/wp-json\/wp\/v2\/media\/193480"}],"wp:attachment":[{"href":"https:\/\/gysfm.com.ar\/inicio\/wp-json\/wp\/v2\/media?parent=193479"}],"wp:term":[{"taxonomy":"category","embeddable":true,"href":"https:\/\/gysfm.com.ar\/inicio\/wp-json\/wp\/v2\/categories?post=193479"},{"taxonomy":"post_tag","embeddable":true,"href":"https:\/\/gysfm.com.ar\/inicio\/wp-json\/wp\/v2\/tags?post=193479"}],"curies":[{"name":"wp","href":"https:\/\/api.w.org\/{rel}","templated":true}]}}