{"id":193474,"date":"2026-04-28T12:24:15","date_gmt":"2026-04-28T15:24:15","guid":{"rendered":"https:\/\/gysfm.com.ar\/inicio\/la-reforma-electoral-de-milei-entra-en-negociacion-y-aliados-ya-proponen-cambiar-las-paso-sin-eliminarlas\/"},"modified":"2026-04-28T12:24:15","modified_gmt":"2026-04-28T15:24:15","slug":"la-reforma-electoral-de-milei-entra-en-negociacion-y-aliados-ya-proponen-cambiar-las-paso-sin-eliminarlas","status":"publish","type":"post","link":"https:\/\/gysfm.com.ar\/inicio\/la-reforma-electoral-de-milei-entra-en-negociacion-y-aliados-ya-proponen-cambiar-las-paso-sin-eliminarlas\/","title":{"rendered":"La reforma electoral de Milei entra en negociaci\u00f3n y aliados ya proponen cambiar las PASO sin eliminarlas"},"content":{"rendered":"<p><\/p>\n<div id=\"article-content\">\n<p>La <strong>reforma pol\u00edtica<\/strong> impulsada por el gobierno de <strong>Javier Milei<\/strong> ya empez\u00f3 a mutar antes de su tratamiento formal en el Congreso. A pocos d\u00edas de su presentaci\u00f3n, los primeros posicionamientos p\u00fablicos de aliados y opositores dejaron en claro que el proyecto original dif\u00edcilmente avance sin cambios, especialmente en su punto m\u00e1s sensible: <strong>la eliminaci\u00f3n total de las PASO.<\/strong><\/p>\n<p>La novedad de las \u00faltimas horas es que los bloques dialoguistas comenzaron a plantear alternativas intermedias. El PRO, cuyos legisladores dijeron a <em><strong>PERFIL<\/strong><\/em> semanas atr\u00e1s estar en contra de eliminar las primarias, ahora evitan dar definiciones concretas sobre la derogaci\u00f3n lisa y llana de las PASO, con <strong>Cristian Ritondo<\/strong> como articulador de las negociaciones entre los amarillos y violetas. Mientras, en la UCR ya apareci\u00f3 una<strong> propuesta concreta para reformarlas sin suprimirlas<\/strong>. El movimiento expone una realidad que el oficialismo reconoce puertas adentro: <strong>no tiene hoy los votos para aprobar el texto<\/strong> tal como fue enviado.<\/p>\n<p>En ese marco, el debate ya no pasa solo por si las PASO deben seguir existiendo o no, sino por <strong>qu\u00e9 modelo de primarias podr\u00eda reemplazar el esquema actual<\/strong>.<\/p>\n<div class=\"subscription\">\n<p>\n        Esto no les gusta a los autoritarios\n    <\/p>\n<div class=\"subscription__container\">\n<div class=\"subscription__text-wrapper\">\n<p>\n                El ejercicio del periodismo profesional y cr\u00edtico es un pilar fundamental de la democracia. Por eso molesta a quienes creen ser los due\u00f1os de la verdad.\n            <\/p>\n<\/p><\/div><\/div>\n<\/div>\n<h2>El PRO toma distancia de la eliminaci\u00f3n total<\/h2>\n<p>El primer gesto de enfriamiento lleg\u00f3 desde el principal aliado parlamentario del Gobierno. El jefe del bloque PRO en Diputados, Cristian Ritondo, evit\u00f3 respaldar la derogaci\u00f3n plena y plante\u00f3 p\u00fablicamente que el sistema admite variantes intermedias.<\/p>\n<p class=\"destacadoNota\"><a target=\"_blank\" href=\"https:\/\/www.perfil.com\/noticias\/politica\/la-reforma-politica-de-milei-abre-una-negociacion-dificil-diputados-quieren-ficha-limpia-aparte-y-complican-la-eliminacion-de-las-paso.phtml\">La reforma pol\u00edtica de Milei abre una negociaci\u00f3n dif\u00edcil: Diputados quieren Ficha Limpia \u00abaparte\u00bb y complican la eliminaci\u00f3n de las PASO<\/a><\/p>\n<p>\u201cNo tiene por qu\u00e9 ser blanco o negro, <strong>puede haber primarias y que no sean obligatorias<\/strong>, o puede haber primarias y que no participen aquellos que tienen lista \u00fanica\u201d, sostuvo en declaraciones a <em>Radio Rivadavia<\/em>. Ritondo tambi\u00e9n revel\u00f3 que <strong>el oficialismo no consult\u00f3 previamente al PRO<\/strong> sobre el contenido de la reforma. \u201cNo lo han discutido con nosotros\u201d, cuestion\u00f3, y remarc\u00f3 que el partido a\u00fan no fij\u00f3 postura institucional.<\/p>\n<p>La advertencia no es menor: el macrismo aparece como un aliado clave para cualquier mayor\u00eda legislativa, pero tambi\u00e9n como uno de los espacios que m\u00e1s depende de las primarias para ordenar candidaturas en distritos donde convive o compite con La Libertad Avanza.<\/p>\n<p>Adem\u00e1s, Ritondo plante\u00f3 que <strong><a target=\"_blank\" href=\"https:\/\/www.perfil.com\/noticias\/modo-fontevecchia\/paso-ficha-limpia-y-boleta-unica-de-papel-que-cambios-propone-la-nueva-ley-electoral.phtml\">ficha limpia<\/a><\/strong> podr\u00eda discutirse por separado del paquete electoral, una postura que tambi\u00e9n comparten otros sectores dialoguistas y que complica la estrategia oficial de usar ese cap\u00edtulo como incentivo para aprobar la reforma integral.<\/p>\n<h2>La UCR propone PASO optativas y \u00absin gasto innecesario\u00bb<\/h2>\n<p>La resistencia a la eliminaci\u00f3n pura encontr\u00f3 r\u00e1pidamente una alternativa formal dentro del Senado. El jefe del bloque radical, <strong>Eduardo Vischi<\/strong>, present\u00f3 un proyecto propio para transformar las PASO en primarias abiertas, simult\u00e1neas y optativas.<\/p>\n<p class=\"destacadoNota\"><a target=\"_blank\" href=\"https:\/\/www.perfil.com\/noticias\/politica\/macri-respaldo-el-rumbo-de-milei-pero-aseguro-que-el-pro-va-a-volver-a-ser-protagonista-en-2027.phtml\">Macri respald\u00f3 el rumbo de Milei, pero asegur\u00f3 que el PRO \u201cva a volver a ser protagonista en 2027\u201d<\/a><\/p>\n<p>La iniciativa mantiene el mecanismo, pero elimina su obligatoriedad tanto para electores como para partidos, habilita que las fuerzas sin competencia interna salteen esa instancia y propone ajustar la organizaci\u00f3n electoral a la participaci\u00f3n real para reducir costos. \u201cDebemos cuidar los recursos de todos\u201d, argument\u00f3 Vischi al presentar la propuesta.<\/p>\n<div style=\"text-align:center\">\n<figure class=\"image\" style=\"display:inline-block\"><picture><source media=\"(max-width: 440px)\" srcset=\"https:\/\/fotos.perfil.com\/\/2026\/02\/04\/440\/0\/eduardo-vischi-reforma-laboral-2180581.jpg?webp\"\/><source media=\"(max-width: 1019px)\" srcset=\"https:\/\/fotos.perfil.com\/\/2026\/02\/04\/712\/0\/eduardo-vischi-reforma-laboral-2180581.jpg?webp\"\/><img decoding=\"async\" style=\"max-width: 100%; width: 100%;\" alt=\"Eduardo Vischi reforma laboral\" height=\"500\" src=\"https:\/\/fotos.perfil.com\/\/2026\/02\/04\/900\/0\/eduardo-vischi-reforma-laboral-2180581.jpg?webp\" width=\"728\" loading=\"lazy\"\/><\/picture><figcaption>El senador del radicalismo Eduardo Vischi<\/figcaption><\/figure>\n<\/p><\/div>\n<p>El proyecto radical se alinea parcialmente con el diagn\u00f3stico libertario sobre el desgaste del sistema actual, pero ofrece una salida distinta: <strong>reformar las PASO en lugar de eliminarlas<\/strong>. En la pr\u00e1ctica, instala una v\u00eda de negociaci\u00f3n legislativa intermedia que podr\u00eda ganar volumen si el oficialismo acepta revisar su postura original.<\/p>\n<h2>El oficialismo admite que necesita negociar<\/h2>\n<p>Desde el propio oficialismo ya empezaron a bajar el tono de intransigencia inicial. El presidente provisional del Senado, <strong>Bartolom\u00e9 Abdala<\/strong>, reconoci\u00f3 en <a target=\"_blank\" href=\"https:\/\/www.parlamentario.com\/2026\/04\/26\/abdala-defiende-la-reforma-politica-las-internas-partidarias-no-deben-pagarla-los-argentinos\/\">una entrevista con <em>Parlamentario<\/em><\/a> que <strong>el Gobierno no cuenta con mayor\u00eda propia<\/strong> para aprobar la reforma y que el texto est\u00e1 abierto a modificaciones.<\/p>\n<p>\u201cNosotros solos con La Libertad Avanza no tenemos los votos para sacarlo, por eso hay que dialogar mucho\u201d, afirm\u00f3. Y admiti\u00f3 que la iniciativa \u201cperfectamente se podr\u00eda haber tratado en tres o cuatro leyes\u201d.<\/p>\n<p>Lo cierto es que el gobierno ya reconoce que ser\u00e1 una negociaci\u00f3n que podr\u00eda durar varias semanas y hasta meses, con la <strong>Copa del Mundo de F\u00fatbol<\/strong> en el medio. <strong><a target=\"_blank\" href=\"https:\/\/www.perfil.com\/noticias\/politica\/milei-activa-la-reforma-electoral-bullrich-coto-y-menem-los-apellidos-alrededor-del-proyecto.phtml\">Patricia Bullrich<\/a><\/strong> ya empez\u00f3 a moverse dentro de la C\u00e1mara Alta para las primeras articulaciones con aliados.<\/p>\n<p class=\"destacadoNota\"><a target=\"_blank\" href=\"https:\/\/www.perfil.com\/noticias\/politica\/reforma-electoral-los-5-cambios-clave-que-impulsa-milei.phtml\">Reforma electoral: cu\u00e1les son los 5 cambios clave que impulsa Milei<\/a><\/p>\n<p>Abdala defendi\u00f3 la eliminaci\u00f3n de las PASO bajo el argumento de que \u201clas internas partidarias no deben pagarlas los argentinos\u201d, pero al mismo tiempo dej\u00f3 abierta la puerta a cambios en la negociaci\u00f3n parlamentaria. \u201cVeremos con el correr de los d\u00edas cu\u00e1l es la ley definitiva que se aprueba\u201d, sostuvo.<\/p>\n<p>Sus declaraciones reflejan el nuevo escenario: la Casa Rosada mantiene el objetivo pol\u00edtico de derogar las primarias, pero ya asume que el texto final depender\u00e1 de las concesiones que est\u00e9 dispuesta a aceptar.<\/p>\n<h2>El peronismo rechaza la discusi\u00f3n y busca correr el eje<\/h2>\n<p>Del otro lado, el peronismo mantiene su rechazo frontal. El jefe del interbloque justicialista en el Senado, <strong>Jos\u00e9 Mayans<\/strong>, calific\u00f3 la reforma como \u201c<strong>una cortina de humo<\/strong>\u201d y acus\u00f3 al Gobierno de intentar desviar la atenci\u00f3n de la situaci\u00f3n econ\u00f3mica y social.<\/p>\n<p>Para Uni\u00f3n por la Patria, la discusi\u00f3n electoral no solo es inoportuna sino funcional al intento oficialista de ordenar un sistema pol\u00edtico fragmentado mientras <a target=\"_blank\" href=\"https:\/\/www.perfil.com\/noticias\/politica\/la-oposicion-afila-el-29-de-abril-para-acorralar-a-adorni-en-diputados-mientras-milei-lo-blinda-y-los-aliados-desconfian.phtml\">evita debatir otros temas de agenda.<\/a><\/p>\n<p>Ese rechazo deja al oficialismo con una conclusi\u00f3n cada vez m\u00e1s evidente: si quiere avanzar con la reforma, deber\u00e1 construir mayor\u00edas casi exclusivamente con aliados y sectores dialoguistas. Y esos mismos espacios ya dejaron claro que no est\u00e1n dispuestos a acompa\u00f1ar el proyecto sin cambios.<\/p>\n<p>As\u00ed, a menos de una semana de haber ingresado al Congreso, <strong>la reforma electoral de Milei ya dej\u00f3 de ser un texto cerrado<\/strong>. Lo que empez\u00f3 como una apuesta por eliminar las PASO y redise\u00f1ar de una sola vez el sistema pol\u00edtico entr\u00f3 r\u00e1pidamente en la l\u00f3gica cl\u00e1sica del Parlamento: negociaci\u00f3n, fragmentaci\u00f3n y reescritura.<\/p>\n<p><em>JD \/ EM<\/em><\/p>\n<\/p><\/div>\n<p><script>\n                !function(f,b,e,v,n,t,s)\n                {if(f.fbq)return;n=f.fbq=function(){n.callMethod?\n                    n.callMethod.apply(n,arguments):n.queue.push(arguments)};\n                    if(!f._fbq)f._fbq=n;n.push=n;n.loaded=!0;n.version='2.0';\n                    n.queue=[];t=b.createElement(e);t.async=!0;\n                    t.src=v;s=b.getElementsByTagName(e)[0];\n                    s.parentNode.insertBefore(t,s)}(window, document,'script',\n                    'https:\/\/connect.facebook.net\/en_US\/fbevents.js');\n                window.paywallConfig.facebook_pixel=\"1000228364089342\"\n            <\/script><\/p>\n","protected":false},"excerpt":{"rendered":"<p>La reforma pol\u00edtica impulsada por el gobierno de Javier Milei ya empez\u00f3 a mutar antes de su tratamiento formal en el Congreso. A pocos d\u00edas de su presentaci\u00f3n, los primeros posicionamientos p\u00fablicos de aliados y opositores dejaron en claro que el proyecto original dif\u00edcilmente avance sin cambios, especialmente en su punto m\u00e1s sensible: la eliminaci\u00f3n [&hellip;]<\/p>\n","protected":false},"author":2,"featured_media":193475,"comment_status":"closed","ping_status":"closed","sticky":false,"template":"","format":"standard","meta":{"footnotes":""},"categories":[25],"tags":[],"class_list":["post-193474","post","type-post","status-publish","format-standard","has-post-thumbnail","hentry","category-nacionales"],"yoast_head":"<!-- This site is optimized with the Yoast SEO plugin v24.4 - https:\/\/yoast.com\/wordpress\/plugins\/seo\/ -->\n<title>La reforma electoral de Milei entra en negociaci\u00f3n y aliados ya proponen cambiar las PASO sin eliminarlas - GYS NOTICIAS |<\/title>\n<meta name=\"robots\" content=\"index, follow, max-snippet:-1, max-image-preview:large, max-video-preview:-1\" \/>\n<link rel=\"canonical\" href=\"https:\/\/gysfm.com.ar\/inicio\/la-reforma-electoral-de-milei-entra-en-negociacion-y-aliados-ya-proponen-cambiar-las-paso-sin-eliminarlas\/\" \/>\n<meta property=\"og:locale\" content=\"es_ES\" \/>\n<meta property=\"og:type\" content=\"article\" \/>\n<meta property=\"og:title\" content=\"La reforma electoral de Milei entra en negociaci\u00f3n y aliados ya proponen cambiar las PASO sin eliminarlas - GYS NOTICIAS |\" \/>\n<meta property=\"og:description\" content=\"La reforma pol\u00edtica impulsada por el gobierno de Javier Milei ya empez\u00f3 a mutar antes de su tratamiento formal en el Congreso. A pocos d\u00edas de su presentaci\u00f3n, los primeros posicionamientos p\u00fablicos de aliados y opositores dejaron en claro que el proyecto original dif\u00edcilmente avance sin cambios, especialmente en su punto m\u00e1s sensible: la eliminaci\u00f3n [&hellip;]\" \/>\n<meta property=\"og:url\" content=\"https:\/\/gysfm.com.ar\/inicio\/la-reforma-electoral-de-milei-entra-en-negociacion-y-aliados-ya-proponen-cambiar-las-paso-sin-eliminarlas\/\" \/>\n<meta property=\"og:site_name\" content=\"GYS NOTICIAS |\" \/>\n<meta property=\"article:published_time\" content=\"2026-04-28T15:24:15+00:00\" \/>\n<meta property=\"og:image\" content=\"https:\/\/fotos.perfil.com\/\/2026\/02\/04\/900\/0\/eduardo-vischi-reforma-laboral-2180581.jpg?webp\" \/>\n<meta name=\"author\" content=\"Prensa G&amp;S FM\" \/>\n<meta name=\"twitter:card\" content=\"summary_large_image\" \/>\n<meta name=\"twitter:label1\" content=\"Escrito por\" \/>\n\t<meta name=\"twitter:data1\" content=\"Prensa G&amp;S FM\" \/>\n\t<meta name=\"twitter:label2\" content=\"Tiempo de lectura\" \/>\n\t<meta name=\"twitter:data2\" content=\"5 minutos\" \/>\n<script type=\"application\/ld+json\" class=\"yoast-schema-graph\">{\"@context\":\"https:\/\/schema.org\",\"@graph\":[{\"@type\":\"Article\",\"@id\":\"https:\/\/gysfm.com.ar\/inicio\/la-reforma-electoral-de-milei-entra-en-negociacion-y-aliados-ya-proponen-cambiar-las-paso-sin-eliminarlas\/#article\",\"isPartOf\":{\"@id\":\"https:\/\/gysfm.com.ar\/inicio\/la-reforma-electoral-de-milei-entra-en-negociacion-y-aliados-ya-proponen-cambiar-las-paso-sin-eliminarlas\/\"},\"author\":{\"name\":\"Prensa G&amp;S FM\",\"@id\":\"https:\/\/gysfm.com.ar\/inicio\/#\/schema\/person\/3abba7593ef2ad19e1be221d54383dc5\"},\"headline\":\"La reforma electoral de Milei entra en negociaci\u00f3n y aliados ya proponen cambiar las PASO sin eliminarlas\",\"datePublished\":\"2026-04-28T15:24:15+00:00\",\"mainEntityOfPage\":{\"@id\":\"https:\/\/gysfm.com.ar\/inicio\/la-reforma-electoral-de-milei-entra-en-negociacion-y-aliados-ya-proponen-cambiar-las-paso-sin-eliminarlas\/\"},\"wordCount\":1095,\"publisher\":{\"@id\":\"https:\/\/gysfm.com.ar\/inicio\/#organization\"},\"image\":{\"@id\":\"https:\/\/gysfm.com.ar\/inicio\/la-reforma-electoral-de-milei-entra-en-negociacion-y-aliados-ya-proponen-cambiar-las-paso-sin-eliminarlas\/#primaryimage\"},\"thumbnailUrl\":\"https:\/\/gysfm.com.ar\/inicio\/wp-content\/uploads\/2026\/04\/bullrich-ritondo-27042026-2228579.jpg\",\"articleSection\":[\"NACIONALES\"],\"inLanguage\":\"es\"},{\"@type\":\"WebPage\",\"@id\":\"https:\/\/gysfm.com.ar\/inicio\/la-reforma-electoral-de-milei-entra-en-negociacion-y-aliados-ya-proponen-cambiar-las-paso-sin-eliminarlas\/\",\"url\":\"https:\/\/gysfm.com.ar\/inicio\/la-reforma-electoral-de-milei-entra-en-negociacion-y-aliados-ya-proponen-cambiar-las-paso-sin-eliminarlas\/\",\"name\":\"La reforma electoral de Milei entra en negociaci\u00f3n y aliados ya proponen cambiar las PASO sin eliminarlas - GYS NOTICIAS |\",\"isPartOf\":{\"@id\":\"https:\/\/gysfm.com.ar\/inicio\/#website\"},\"primaryImageOfPage\":{\"@id\":\"https:\/\/gysfm.com.ar\/inicio\/la-reforma-electoral-de-milei-entra-en-negociacion-y-aliados-ya-proponen-cambiar-las-paso-sin-eliminarlas\/#primaryimage\"},\"image\":{\"@id\":\"https:\/\/gysfm.com.ar\/inicio\/la-reforma-electoral-de-milei-entra-en-negociacion-y-aliados-ya-proponen-cambiar-las-paso-sin-eliminarlas\/#primaryimage\"},\"thumbnailUrl\":\"https:\/\/gysfm.com.ar\/inicio\/wp-content\/uploads\/2026\/04\/bullrich-ritondo-27042026-2228579.jpg\",\"datePublished\":\"2026-04-28T15:24:15+00:00\",\"breadcrumb\":{\"@id\":\"https:\/\/gysfm.com.ar\/inicio\/la-reforma-electoral-de-milei-entra-en-negociacion-y-aliados-ya-proponen-cambiar-las-paso-sin-eliminarlas\/#breadcrumb\"},\"inLanguage\":\"es\",\"potentialAction\":[{\"@type\":\"ReadAction\",\"target\":[\"https:\/\/gysfm.com.ar\/inicio\/la-reforma-electoral-de-milei-entra-en-negociacion-y-aliados-ya-proponen-cambiar-las-paso-sin-eliminarlas\/\"]}]},{\"@type\":\"ImageObject\",\"inLanguage\":\"es\",\"@id\":\"https:\/\/gysfm.com.ar\/inicio\/la-reforma-electoral-de-milei-entra-en-negociacion-y-aliados-ya-proponen-cambiar-las-paso-sin-eliminarlas\/#primaryimage\",\"url\":\"https:\/\/gysfm.com.ar\/inicio\/wp-content\/uploads\/2026\/04\/bullrich-ritondo-27042026-2228579.jpg\",\"contentUrl\":\"https:\/\/gysfm.com.ar\/inicio\/wp-content\/uploads\/2026\/04\/bullrich-ritondo-27042026-2228579.jpg\",\"width\":1140,\"height\":641},{\"@type\":\"BreadcrumbList\",\"@id\":\"https:\/\/gysfm.com.ar\/inicio\/la-reforma-electoral-de-milei-entra-en-negociacion-y-aliados-ya-proponen-cambiar-las-paso-sin-eliminarlas\/#breadcrumb\",\"itemListElement\":[{\"@type\":\"ListItem\",\"position\":1,\"name\":\"Portada\",\"item\":\"https:\/\/gysfm.com.ar\/inicio\/\"},{\"@type\":\"ListItem\",\"position\":2,\"name\":\"La reforma electoral de Milei entra en negociaci\u00f3n y aliados ya proponen cambiar las PASO sin eliminarlas\"}]},{\"@type\":\"WebSite\",\"@id\":\"https:\/\/gysfm.com.ar\/inicio\/#website\",\"url\":\"https:\/\/gysfm.com.ar\/inicio\/\",\"name\":\"GYS NOTICIAS |\",\"description\":\"DIARIO - RADIO ONLINE SAN JUAN ARGENTINA\",\"publisher\":{\"@id\":\"https:\/\/gysfm.com.ar\/inicio\/#organization\"},\"potentialAction\":[{\"@type\":\"SearchAction\",\"target\":{\"@type\":\"EntryPoint\",\"urlTemplate\":\"https:\/\/gysfm.com.ar\/inicio\/?s={search_term_string}\"},\"query-input\":{\"@type\":\"PropertyValueSpecification\",\"valueRequired\":true,\"valueName\":\"search_term_string\"}}],\"inLanguage\":\"es\"},{\"@type\":\"Organization\",\"@id\":\"https:\/\/gysfm.com.ar\/inicio\/#organization\",\"name\":\"GYS NOTICIAS |\",\"url\":\"https:\/\/gysfm.com.ar\/inicio\/\",\"logo\":{\"@type\":\"ImageObject\",\"inLanguage\":\"es\",\"@id\":\"https:\/\/gysfm.com.ar\/inicio\/#\/schema\/logo\/image\/\",\"url\":\"https:\/\/gysfm.com.ar\/inicio\/wp-content\/uploads\/2023\/07\/LOGOGYS-OK.png\",\"contentUrl\":\"https:\/\/gysfm.com.ar\/inicio\/wp-content\/uploads\/2023\/07\/LOGOGYS-OK.png\",\"width\":1170,\"height\":872,\"caption\":\"GYS NOTICIAS |\"},\"image\":{\"@id\":\"https:\/\/gysfm.com.ar\/inicio\/#\/schema\/logo\/image\/\"}},{\"@type\":\"Person\",\"@id\":\"https:\/\/gysfm.com.ar\/inicio\/#\/schema\/person\/3abba7593ef2ad19e1be221d54383dc5\",\"name\":\"Prensa G&amp;S FM\",\"image\":{\"@type\":\"ImageObject\",\"inLanguage\":\"es\",\"@id\":\"https:\/\/gysfm.com.ar\/inicio\/#\/schema\/person\/image\/\",\"url\":\"https:\/\/secure.gravatar.com\/avatar\/096ec78df02049ab018702bb4ccedf659377fa92a26540b5247612077a0dbd29?s=96&d=mm&r=g\",\"contentUrl\":\"https:\/\/secure.gravatar.com\/avatar\/096ec78df02049ab018702bb4ccedf659377fa92a26540b5247612077a0dbd29?s=96&d=mm&r=g\",\"caption\":\"Prensa G&amp;S FM\"},\"sameAs\":[\"https:\/\/gysfm.com.ar\/\"],\"url\":\"https:\/\/gysfm.com.ar\/inicio\/author\/lucasm\/\"}]}<\/script>\n<!-- \/ Yoast SEO plugin. -->","yoast_head_json":{"title":"La reforma electoral de Milei entra en negociaci\u00f3n y aliados ya proponen cambiar las PASO sin eliminarlas - GYS NOTICIAS |","robots":{"index":"index","follow":"follow","max-snippet":"max-snippet:-1","max-image-preview":"max-image-preview:large","max-video-preview":"max-video-preview:-1"},"canonical":"https:\/\/gysfm.com.ar\/inicio\/la-reforma-electoral-de-milei-entra-en-negociacion-y-aliados-ya-proponen-cambiar-las-paso-sin-eliminarlas\/","og_locale":"es_ES","og_type":"article","og_title":"La reforma electoral de Milei entra en negociaci\u00f3n y aliados ya proponen cambiar las PASO sin eliminarlas - GYS NOTICIAS |","og_description":"La reforma pol\u00edtica impulsada por el gobierno de Javier Milei ya empez\u00f3 a mutar antes de su tratamiento formal en el Congreso. A pocos d\u00edas de su presentaci\u00f3n, los primeros posicionamientos p\u00fablicos de aliados y opositores dejaron en claro que el proyecto original dif\u00edcilmente avance sin cambios, especialmente en su punto m\u00e1s sensible: la eliminaci\u00f3n [&hellip;]","og_url":"https:\/\/gysfm.com.ar\/inicio\/la-reforma-electoral-de-milei-entra-en-negociacion-y-aliados-ya-proponen-cambiar-las-paso-sin-eliminarlas\/","og_site_name":"GYS NOTICIAS |","article_published_time":"2026-04-28T15:24:15+00:00","og_image":[{"url":"https:\/\/fotos.perfil.com\/\/2026\/02\/04\/900\/0\/eduardo-vischi-reforma-laboral-2180581.jpg?webp","type":"","width":"","height":""}],"author":"Prensa G&amp;S FM","twitter_card":"summary_large_image","twitter_misc":{"Escrito por":"Prensa G&amp;S FM","Tiempo de lectura":"5 minutos"},"schema":{"@context":"https:\/\/schema.org","@graph":[{"@type":"Article","@id":"https:\/\/gysfm.com.ar\/inicio\/la-reforma-electoral-de-milei-entra-en-negociacion-y-aliados-ya-proponen-cambiar-las-paso-sin-eliminarlas\/#article","isPartOf":{"@id":"https:\/\/gysfm.com.ar\/inicio\/la-reforma-electoral-de-milei-entra-en-negociacion-y-aliados-ya-proponen-cambiar-las-paso-sin-eliminarlas\/"},"author":{"name":"Prensa G&amp;S FM","@id":"https:\/\/gysfm.com.ar\/inicio\/#\/schema\/person\/3abba7593ef2ad19e1be221d54383dc5"},"headline":"La reforma electoral de Milei entra en negociaci\u00f3n y aliados ya proponen cambiar las PASO sin eliminarlas","datePublished":"2026-04-28T15:24:15+00:00","mainEntityOfPage":{"@id":"https:\/\/gysfm.com.ar\/inicio\/la-reforma-electoral-de-milei-entra-en-negociacion-y-aliados-ya-proponen-cambiar-las-paso-sin-eliminarlas\/"},"wordCount":1095,"publisher":{"@id":"https:\/\/gysfm.com.ar\/inicio\/#organization"},"image":{"@id":"https:\/\/gysfm.com.ar\/inicio\/la-reforma-electoral-de-milei-entra-en-negociacion-y-aliados-ya-proponen-cambiar-las-paso-sin-eliminarlas\/#primaryimage"},"thumbnailUrl":"https:\/\/gysfm.com.ar\/inicio\/wp-content\/uploads\/2026\/04\/bullrich-ritondo-27042026-2228579.jpg","articleSection":["NACIONALES"],"inLanguage":"es"},{"@type":"WebPage","@id":"https:\/\/gysfm.com.ar\/inicio\/la-reforma-electoral-de-milei-entra-en-negociacion-y-aliados-ya-proponen-cambiar-las-paso-sin-eliminarlas\/","url":"https:\/\/gysfm.com.ar\/inicio\/la-reforma-electoral-de-milei-entra-en-negociacion-y-aliados-ya-proponen-cambiar-las-paso-sin-eliminarlas\/","name":"La reforma electoral de Milei entra en negociaci\u00f3n y aliados ya proponen cambiar las PASO sin eliminarlas - GYS NOTICIAS |","isPartOf":{"@id":"https:\/\/gysfm.com.ar\/inicio\/#website"},"primaryImageOfPage":{"@id":"https:\/\/gysfm.com.ar\/inicio\/la-reforma-electoral-de-milei-entra-en-negociacion-y-aliados-ya-proponen-cambiar-las-paso-sin-eliminarlas\/#primaryimage"},"image":{"@id":"https:\/\/gysfm.com.ar\/inicio\/la-reforma-electoral-de-milei-entra-en-negociacion-y-aliados-ya-proponen-cambiar-las-paso-sin-eliminarlas\/#primaryimage"},"thumbnailUrl":"https:\/\/gysfm.com.ar\/inicio\/wp-content\/uploads\/2026\/04\/bullrich-ritondo-27042026-2228579.jpg","datePublished":"2026-04-28T15:24:15+00:00","breadcrumb":{"@id":"https:\/\/gysfm.com.ar\/inicio\/la-reforma-electoral-de-milei-entra-en-negociacion-y-aliados-ya-proponen-cambiar-las-paso-sin-eliminarlas\/#breadcrumb"},"inLanguage":"es","potentialAction":[{"@type":"ReadAction","target":["https:\/\/gysfm.com.ar\/inicio\/la-reforma-electoral-de-milei-entra-en-negociacion-y-aliados-ya-proponen-cambiar-las-paso-sin-eliminarlas\/"]}]},{"@type":"ImageObject","inLanguage":"es","@id":"https:\/\/gysfm.com.ar\/inicio\/la-reforma-electoral-de-milei-entra-en-negociacion-y-aliados-ya-proponen-cambiar-las-paso-sin-eliminarlas\/#primaryimage","url":"https:\/\/gysfm.com.ar\/inicio\/wp-content\/uploads\/2026\/04\/bullrich-ritondo-27042026-2228579.jpg","contentUrl":"https:\/\/gysfm.com.ar\/inicio\/wp-content\/uploads\/2026\/04\/bullrich-ritondo-27042026-2228579.jpg","width":1140,"height":641},{"@type":"BreadcrumbList","@id":"https:\/\/gysfm.com.ar\/inicio\/la-reforma-electoral-de-milei-entra-en-negociacion-y-aliados-ya-proponen-cambiar-las-paso-sin-eliminarlas\/#breadcrumb","itemListElement":[{"@type":"ListItem","position":1,"name":"Portada","item":"https:\/\/gysfm.com.ar\/inicio\/"},{"@type":"ListItem","position":2,"name":"La reforma electoral de Milei entra en negociaci\u00f3n y aliados ya proponen cambiar las PASO sin eliminarlas"}]},{"@type":"WebSite","@id":"https:\/\/gysfm.com.ar\/inicio\/#website","url":"https:\/\/gysfm.com.ar\/inicio\/","name":"GYS NOTICIAS |","description":"DIARIO - RADIO ONLINE SAN JUAN ARGENTINA","publisher":{"@id":"https:\/\/gysfm.com.ar\/inicio\/#organization"},"potentialAction":[{"@type":"SearchAction","target":{"@type":"EntryPoint","urlTemplate":"https:\/\/gysfm.com.ar\/inicio\/?s={search_term_string}"},"query-input":{"@type":"PropertyValueSpecification","valueRequired":true,"valueName":"search_term_string"}}],"inLanguage":"es"},{"@type":"Organization","@id":"https:\/\/gysfm.com.ar\/inicio\/#organization","name":"GYS NOTICIAS |","url":"https:\/\/gysfm.com.ar\/inicio\/","logo":{"@type":"ImageObject","inLanguage":"es","@id":"https:\/\/gysfm.com.ar\/inicio\/#\/schema\/logo\/image\/","url":"https:\/\/gysfm.com.ar\/inicio\/wp-content\/uploads\/2023\/07\/LOGOGYS-OK.png","contentUrl":"https:\/\/gysfm.com.ar\/inicio\/wp-content\/uploads\/2023\/07\/LOGOGYS-OK.png","width":1170,"height":872,"caption":"GYS NOTICIAS |"},"image":{"@id":"https:\/\/gysfm.com.ar\/inicio\/#\/schema\/logo\/image\/"}},{"@type":"Person","@id":"https:\/\/gysfm.com.ar\/inicio\/#\/schema\/person\/3abba7593ef2ad19e1be221d54383dc5","name":"Prensa G&amp;S FM","image":{"@type":"ImageObject","inLanguage":"es","@id":"https:\/\/gysfm.com.ar\/inicio\/#\/schema\/person\/image\/","url":"https:\/\/secure.gravatar.com\/avatar\/096ec78df02049ab018702bb4ccedf659377fa92a26540b5247612077a0dbd29?s=96&d=mm&r=g","contentUrl":"https:\/\/secure.gravatar.com\/avatar\/096ec78df02049ab018702bb4ccedf659377fa92a26540b5247612077a0dbd29?s=96&d=mm&r=g","caption":"Prensa G&amp;S FM"},"sameAs":["https:\/\/gysfm.com.ar\/"],"url":"https:\/\/gysfm.com.ar\/inicio\/author\/lucasm\/"}]}},"_links":{"self":[{"href":"https:\/\/gysfm.com.ar\/inicio\/wp-json\/wp\/v2\/posts\/193474","targetHints":{"allow":["GET"]}}],"collection":[{"href":"https:\/\/gysfm.com.ar\/inicio\/wp-json\/wp\/v2\/posts"}],"about":[{"href":"https:\/\/gysfm.com.ar\/inicio\/wp-json\/wp\/v2\/types\/post"}],"author":[{"embeddable":true,"href":"https:\/\/gysfm.com.ar\/inicio\/wp-json\/wp\/v2\/users\/2"}],"replies":[{"embeddable":true,"href":"https:\/\/gysfm.com.ar\/inicio\/wp-json\/wp\/v2\/comments?post=193474"}],"version-history":[{"count":0,"href":"https:\/\/gysfm.com.ar\/inicio\/wp-json\/wp\/v2\/posts\/193474\/revisions"}],"wp:featuredmedia":[{"embeddable":true,"href":"https:\/\/gysfm.com.ar\/inicio\/wp-json\/wp\/v2\/media\/193475"}],"wp:attachment":[{"href":"https:\/\/gysfm.com.ar\/inicio\/wp-json\/wp\/v2\/media?parent=193474"}],"wp:term":[{"taxonomy":"category","embeddable":true,"href":"https:\/\/gysfm.com.ar\/inicio\/wp-json\/wp\/v2\/categories?post=193474"},{"taxonomy":"post_tag","embeddable":true,"href":"https:\/\/gysfm.com.ar\/inicio\/wp-json\/wp\/v2\/tags?post=193474"}],"curies":[{"name":"wp","href":"https:\/\/api.w.org\/{rel}","templated":true}]}}