{"id":193471,"date":"2026-04-28T12:16:30","date_gmt":"2026-04-28T15:16:30","guid":{"rendered":"https:\/\/gysfm.com.ar\/inicio\/el-cuentapropismo-ya-se-ubica-cerca-del-nivel-de-la-pandemia-y-se-agrava-la-precarizacion\/"},"modified":"2026-04-28T12:16:30","modified_gmt":"2026-04-28T15:16:30","slug":"el-cuentapropismo-ya-se-ubica-cerca-del-nivel-de-la-pandemia-y-se-agrava-la-precarizacion","status":"publish","type":"post","link":"https:\/\/gysfm.com.ar\/inicio\/el-cuentapropismo-ya-se-ubica-cerca-del-nivel-de-la-pandemia-y-se-agrava-la-precarizacion\/","title":{"rendered":"el cuentapropismo ya se ubica cerca del nivel de la pandemia y se agrava la precarizaci\u00f3n"},"content":{"rendered":"<p> <br \/>\n<\/p>\n<div id=\"\">\n<p id=\"p-1777334564615-18224\" data-start=\"0\" data-end=\"503\">Se profundiza la <strong data-start=\"17\" data-end=\"42\">precarizaci\u00f3n laboral<\/strong> y el <strong data-start=\"48\" data-end=\"66\">cuentapropismo<\/strong> se ubica en <strong data-start=\"79\" data-end=\"108\">m\u00e1ximos desde la pandemia<\/strong>, cuando era una de las pocas salidas laborales por el cierre de diferentes empresas y el parate productivo. A la par de que crece el trabajo independiente, cae el <strong data-start=\"272\" data-end=\"301\">empleo privado de calidad<\/strong> y la p\u00e9rdida de derechos laborales se consolida como <strong data-start=\"355\" data-end=\"376\">rasgo estructural<\/strong> del mercado con los datos del cuarto trimestre de 2025, en un contexto de menor actividad y recomposici\u00f3n parcial de ingresos.<\/p>\n<\/div>\n<div id=\"\">\n<p id=\"p-1777334564615-22899\" data-start=\"505\" data-end=\"788\"><strong data-start=\"505\" data-end=\"544\">\u00bfQu\u00e9 dice el INDEC sobre el empleo?<\/strong> En los 32 aglomerados urbanos relevados por la EPH-INDEC se registraron <strong data-start=\"617\" data-end=\"646\">13,5 millones de ocupados<\/strong>, con un <strong data-start=\"655\" data-end=\"692\">71,5% de trabajadores asalariados<\/strong> y el <strong data-start=\"698\" data-end=\"738\">24,7% trabajadores por cuenta propia<\/strong>, seg\u00fan datos de Politikon Chaco en base a la EPH.<\/p>\n<\/div>\n<div id=\"\">\n<p id=\"p-1777334564615-78340\" data-start=\"790\" data-end=\"1177\">La din\u00e1mica del mercado muestra una <strong data-start=\"826\" data-end=\"862\">contracci\u00f3n en la fuerza laboral<\/strong> con un sesgo claro en la <strong data-start=\"888\" data-end=\"910\">calidad del empleo<\/strong>. El total de ocupados cay\u00f3 <strong data-start=\"938\" data-end=\"957\">0,7% interanual<\/strong>, lo que equivale a <strong data-start=\"977\" data-end=\"1001\">93.101 puestos menos<\/strong>. Sin embargo, la ca\u00edda no fue homog\u00e9nea: los <strong data-start=\"1047\" data-end=\"1080\">asalariados se redujeron 1,8%<\/strong> (-174.719 empleos), mientras que los <strong data-start=\"1118\" data-end=\"1152\">cuentapropistas crecieron 3,2%<\/strong> (+105.016 trabajadores).<\/p>\n<\/div>\n<div id=\"\">\n<p id=\"p-1777334564615-45922\" data-start=\"1179\" data-end=\"1528\">Esto implica una <strong data-start=\"1196\" data-end=\"1247\">p\u00e9rdida de 93.000 empleos estables y de calidad<\/strong> -con aportes jubilatorios, obra social, vacaciones pagas y aguinaldo- por uno m\u00e1s precario. La comparaci\u00f3n con 2016 refuerza este diagn\u00f3stico, ya que el <strong data-start=\"1401\" data-end=\"1450\">cuentapropismo avanz\u00f3 4,4 puntos porcentuales<\/strong> entre 2016 y 2025, mientras que los <strong data-start=\"1487\" data-end=\"1527\">asalariados retrocedieron 3,8 puntos<\/strong>.<\/p>\n<\/div>\n<div id=\"\">\n<p id=\"p-1777334564615-72637\" data-start=\"1530\" data-end=\"1755\">En 2016, hab\u00eda <strong data-start=\"1545\" data-end=\"1581\">2,33 millones de cuentapropistas<\/strong>, mientras que hacia 2025 se incrementaron a unos <strong data-start=\"1631\" data-end=\"1648\">3,34 millones<\/strong> (+43,3%). En tanto, los asalariados pasaron de <strong data-start=\"1696\" data-end=\"1745\">8,64 millones en 2016 a 9,66 millones en 2025<\/strong> (+11,8%).<\/p>\n<\/div>\n<div id=\"\">\n<div contenteditable=\"false\" class=\"embed_cont type_imagen\" id=\"8216965-Libre-1694141937_wrap\">\n<p>image <span onclick=\"parent.parent.TinyMCETdcuerpo.preview_embed('8216965-Libre-1694141937')\" class=\"embed_colapse less\" id=\"8216965-Libre-1694141937_colapse\"\/>  <span onclick=\"parent.parent.TinyMCETdcuerpo.delete_embed('8216965-Libre-1694141937')\" class=\"embed_delete less\" id=\"8216965-Libre-1694141937_delete\"\/><\/p>\n<div id=\"8216965-Libre-1694141937_content\" class=\"embed_content\"><img decoding=\"async\" src=\"https:\/\/media.ambito.com\/p\/a65974b03cdb12e816c054acf2e25c48\/adjuntos\/239\/imagenes\/043\/331\/0043331656\/730x0\/smart\/image.png\" alt=\"\" title=\"\" width=\"730\" height=\"undefined\" id=\"8216965-Libre-1694141937_embed\"\/><\/div><\/div>\n<h2 id=\"p-1777334646150-38366\" data-start=\"1764\" data-end=\"1840\"><strong data-start=\"1764\" data-end=\"1840\"> Empleo por regi\u00f3n: el cuentapropismo crece donde el mercado es m\u00e1s d\u00e9bil<\/strong><\/h2>\n<p id=\"p-1777334646150-23606\" data-start=\"1842\" data-end=\"2283\">En los diferentes tejidos urbanos hay una fuerte <strong data-start=\"1891\" data-end=\"1909\">heterogeneidad<\/strong>. En los aglomerados con menor dinamismo econ\u00f3mico, el <strong data-start=\"1964\" data-end=\"2027\">cuentapropismo gana espacio como estrategia de subsistencia<\/strong>. Hacia el cierre de 2025, <strong data-start=\"2054\" data-end=\"2094\">Formosa lidera el ranking con un 34%<\/strong> de trabajadores por cuenta propia, seguida por <strong data-start=\"2142\" data-end=\"2165\">San Nicol\u00e1s (30,9%)<\/strong> y <strong data-start=\"2168\" data-end=\"2193\">Mar del Plata (30,7%)<\/strong>. En estos distritos, el <strong data-start=\"2218\" data-end=\"2260\">empleo asalariado pierde peso relativo<\/strong> de manera m\u00e1s marcada.<\/p>\n<p id=\"p-1777334646150-58097\" data-start=\"2285\" data-end=\"2549\">En el otro extremo, los mercados laborales m\u00e1s formales presentan <strong data-start=\"2351\" data-end=\"2386\">menor incidencia del autoempleo<\/strong>. <strong data-start=\"2388\" data-end=\"2410\">Ushuaia\u2013R\u00edo Grande<\/strong> registra apenas <strong data-start=\"2427\" data-end=\"2455\">13,4% de cuentapropistas<\/strong> y m\u00e1s de <strong data-start=\"2465\" data-end=\"2487\">83% de asalariados<\/strong>, seguida por <strong data-start=\"2501\" data-end=\"2525\">R\u00edo Gallegos (82,6%)<\/strong> y <strong data-start=\"2528\" data-end=\"2548\">La Rioja (80,5%)<\/strong>.<\/p>\n<div contenteditable=\"false\" class=\"embed_cont type_imagen\" id=\"8216968-Libre-1672646975_wrap\">\n<p> image <span onclick=\"parent.parent.TinyMCETdcuerpo.preview_embed('8216968-Libre-1672646975')\" class=\"embed_colapse less\" id=\"8216968-Libre-1672646975_colapse\"> <\/span> <span onclick=\"parent.parent.TinyMCETdcuerpo.delete_embed('8216968-Libre-1672646975')\" class=\"embed_delete less\" id=\"8216968-Libre-1672646975_delete\"\/><\/p>\n<div id=\"8216968-Libre-1672646975_content\" class=\"embed_content\"><img decoding=\"async\" src=\"https:\/\/media.ambito.com\/p\/f366add08fa3f0f44d4665cbb3dd9163\/adjuntos\/239\/imagenes\/043\/331\/0043331659\/730x0\/smart\/image.png\" alt=\"\" title=\"\" width=\"730\" height=\"undefined\" id=\"8216968-Libre-1672646975_embed\"\/><\/div><\/div>\n<p id=\"p-1777334673394-77804\" data-start=\"2558\" data-end=\"2798\">Hacia adentro del empleo asalariado, la <strong data-start=\"2598\" data-end=\"2644\">tasa de informalidad alcanz\u00f3 36,3% en 2025<\/strong>, con una suba tanto respecto al a\u00f1o previo como frente a 2016. Esto implica que <strong data-start=\"2725\" data-end=\"2797\">m\u00e1s de un tercio de los asalariados trabaja sin aportes ni cobertura<\/strong>.<\/p>\n<p id=\"p-1777334673394-52242\" data-start=\"2800\" data-end=\"2944\">En algunos aglomerados, la situaci\u00f3n es m\u00e1s cr\u00edtica. <strong data-start=\"2853\" data-end=\"2900\">Gran San Juan supera el 54% de informalidad<\/strong>, mientras que <strong data-start=\"2915\" data-end=\"2943\">Concordia alcanza el 50%<\/strong>.<\/p>\n<p id=\"p-1777334673394-55174\" data-start=\"2946\" data-end=\"3359\">Un <strong data-start=\"2949\" data-end=\"2970\">rasgo de la \u00e9poca<\/strong> es que incluso en los distritos donde el empleo crece, la <strong data-start=\"3029\" data-end=\"3053\">calidad se deteriora<\/strong>. El informe muestra que los aglomerados con mayor creaci\u00f3n de puestos lo hicieron impulsados por el <strong data-start=\"3154\" data-end=\"3190\">cuentapropismo y la informalidad<\/strong>. Es el caso de <strong data-start=\"3206\" data-end=\"3230\">R\u00edo Gallegos (+5,6%)<\/strong> o <strong data-start=\"3233\" data-end=\"3257\">Gran Rosario (+4,9%)<\/strong>, donde el incremento del empleo estuvo asociado a actividades independientes o de baja formalizaci\u00f3n.<\/p>\n<p id=\"p-1777334673394-1228\" data-start=\"3361\" data-end=\"3531\">En contraste, las ca\u00eddas m\u00e1s pronunciadas se explican por la <strong data-start=\"3422\" data-end=\"3454\">p\u00e9rdida de empleo asalariado<\/strong>, como ocurre en <strong data-start=\"3471\" data-end=\"3497\">Neuqu\u00e9n-Plottier (-5%)<\/strong> o <strong data-start=\"3500\" data-end=\"3530\">Bah\u00eda Blanca-Cerri (-3,9%)<\/strong>.<\/p>\n<p id=\"p-1777334673394-71609\" data-start=\"3533\" data-end=\"3963\">Vale destacar que estos datos son contrarios a lo que expresan los datos del SIPA, donde el empleo crece en Neuqu\u00e9n y cae en Santa Cruz. Aunque desde Politikon Chaco explican que la <strong data-start=\"3715\" data-end=\"3962\">\u00abEPH de INDEC corresponde a aglomerados urbanos y no a totales provinciales, como s\u00ed ocurre con SIPA para el segmento privado formal. Por ende, ya de inicio se trata de dos mediciones de diferentes universos y de distinta cobertura geogr\u00e1fica\u00bb<\/strong>.<\/p>\n<p id=\"p-1777334673394-56204\" data-start=\"3965\" data-end=\"4681\">Con los datos de la Secretar\u00eda de Trabajo, en <strong data-start=\"4011\" data-end=\"4025\">Santa Cruz<\/strong> hubo una ca\u00edda del empleo en torno al <strong data-start=\"4064\" data-end=\"4071\">10%<\/strong> y un crecimiento del <strong data-start=\"4093\" data-end=\"4110\">1% en Neuqu\u00e9n<\/strong> durante el \u00faltimo a\u00f1o. \u00abAqu\u00ed entra en juego la cobertura geogr\u00e1fica y las particularidades que se est\u00e1n dando en esas provincias: en el caso neuquino, la baja en su aglomerado capital estar\u00eda m\u00e1s que compensada con el incremento en otras zonas de la provincia (no cubierta por EPH) por tracci\u00f3n principalmente de Vaca Muerta; y para el caso santacruce\u00f1o, se dar\u00eda el fen\u00f3meno inverso: la suba del empleo en la capital no compensar\u00eda la ca\u00edda en otras zonas del interior provincial, que se da sobre todo por la salida de YPF de la provincia\u00bb, se\u00f1alan desde la consultora.<\/p>\n<div contenteditable=\"false\" class=\"embed_cont type_imagen\" id=\"8205835-Libre-2142116718_wrap\">\n<p> phoenix vaca muerta <span onclick=\"parent.parent.TinyMCETdcuerpo.preview_embed('8205835-Libre-2142116718')\" class=\"embed_colapse less\" id=\"8205835-Libre-2142116718_colapse\"> <\/span> <span onclick=\"parent.parent.TinyMCETdcuerpo.delete_embed('8205835-Libre-2142116718')\" class=\"embed_delete less\" id=\"8205835-Libre-2142116718_delete\"\/><\/p>\n<div id=\"8205835-Libre-2142116718_content\" class=\"embed_content\"><img decoding=\"async\" src=\"https:\/\/media.ambito.com\/p\/4ecd28b3bd9bd592538ce63e2e0c667e\/adjuntos\/239\/imagenes\/043\/270\/0043270998\/730x0\/740x308:760x328\/phoenix-vaca-muerta.jpeg\" alt=\"\" title=\"\" width=\"730\" height=\"undefined\" id=\"8205835-Libre-2142116718_embed\"\/><\/div><\/div>\n<p id=\"p-1777314171176-40103\" data-start=\"4105\" data-end=\"4245\">El mercado laboral argentino consolida as\u00ed un <strong data-start=\"4750\" data-end=\"4770\">nuevo equilibrio<\/strong>: <strong data-start=\"4772\" data-end=\"4847\">menos empleo asalariado, m\u00e1s trabajo independiente y mayor informalidad<\/strong>, en un contexto de <strong data-start=\"4867\" data-end=\"4887\">ajuste econ\u00f3mico<\/strong>, ca\u00edda del empleo registrado y <strong data-start=\"4919\" data-end=\"4960\">recomposici\u00f3n parcial de la actividad<\/strong>.<\/p>\n<\/p><\/div>\n<p><script>\n!function(f,b,e,v,n,t,s)\n{if(f.fbq)return;n=f.fbq=function(){n.callMethod?\nn.callMethod.apply(n,arguments):n.queue.push(arguments)};\nif(!f._fbq)f._fbq=n;n.push=n;n.loaded=!0;n.version='2.0';\nn.queue=[];t=b.createElement(e);t.async=!0;\nt.src=v;s=b.getElementsByTagName(e)[0];\ns.parentNode.insertBefore(t,s)}(window,document,'script',\n'https:\/\/connect.facebook.net\/en_US\/fbevents.js');\nfbq('init', '2047048335588113');\nfbq('track', 'PageView');\n<\/script><br \/>\n<br \/><\/p>\n","protected":false},"excerpt":{"rendered":"<p>Se profundiza la precarizaci\u00f3n laboral y el cuentapropismo se ubica en m\u00e1ximos desde la pandemia, cuando era una de las pocas salidas laborales por el cierre de diferentes empresas y el parate productivo. A la par de que crece el trabajo independiente, cae el empleo privado de calidad y la p\u00e9rdida de derechos laborales se [&hellip;]<\/p>\n","protected":false},"author":1,"featured_media":180209,"comment_status":"closed","ping_status":"closed","sticky":false,"template":"","format":"standard","meta":{"footnotes":""},"categories":[28],"tags":[],"class_list":["post-193471","post","type-post","status-publish","format-standard","has-post-thumbnail","hentry","category-economia"],"yoast_head":"<!-- This site is optimized with the Yoast SEO plugin v24.4 - https:\/\/yoast.com\/wordpress\/plugins\/seo\/ -->\n<title>el cuentapropismo ya se ubica cerca del nivel de la pandemia y se agrava la precarizaci\u00f3n - GYS NOTICIAS |<\/title>\n<meta name=\"robots\" content=\"index, follow, max-snippet:-1, max-image-preview:large, max-video-preview:-1\" \/>\n<link rel=\"canonical\" href=\"https:\/\/gysfm.com.ar\/inicio\/el-cuentapropismo-ya-se-ubica-cerca-del-nivel-de-la-pandemia-y-se-agrava-la-precarizacion\/\" \/>\n<meta property=\"og:locale\" content=\"es_ES\" \/>\n<meta property=\"og:type\" content=\"article\" \/>\n<meta property=\"og:title\" content=\"el cuentapropismo ya se ubica cerca del nivel de la pandemia y se agrava la precarizaci\u00f3n - GYS NOTICIAS |\" \/>\n<meta property=\"og:description\" content=\"Se profundiza la precarizaci\u00f3n laboral y el cuentapropismo se ubica en m\u00e1ximos desde la pandemia, cuando era una de las pocas salidas laborales por el cierre de diferentes empresas y el parate productivo. A la par de que crece el trabajo independiente, cae el empleo privado de calidad y la p\u00e9rdida de derechos laborales se [&hellip;]\" \/>\n<meta property=\"og:url\" content=\"https:\/\/gysfm.com.ar\/inicio\/el-cuentapropismo-ya-se-ubica-cerca-del-nivel-de-la-pandemia-y-se-agrava-la-precarizacion\/\" \/>\n<meta property=\"og:site_name\" content=\"GYS NOTICIAS |\" \/>\n<meta property=\"article:published_time\" content=\"2026-04-28T15:16:30+00:00\" \/>\n<meta property=\"og:image\" content=\"https:\/\/media.ambito.com\/p\/a65974b03cdb12e816c054acf2e25c48\/adjuntos\/239\/imagenes\/043\/331\/0043331656\/730x0\/smart\/image.png\" \/>\n<meta name=\"author\" content=\"admin\" \/>\n<meta name=\"twitter:card\" content=\"summary_large_image\" \/>\n<meta name=\"twitter:label1\" content=\"Escrito por\" \/>\n\t<meta name=\"twitter:data1\" content=\"admin\" \/>\n\t<meta name=\"twitter:label2\" content=\"Tiempo de lectura\" \/>\n\t<meta name=\"twitter:data2\" content=\"4 minutos\" \/>\n<script type=\"application\/ld+json\" class=\"yoast-schema-graph\">{\"@context\":\"https:\/\/schema.org\",\"@graph\":[{\"@type\":\"Article\",\"@id\":\"https:\/\/gysfm.com.ar\/inicio\/el-cuentapropismo-ya-se-ubica-cerca-del-nivel-de-la-pandemia-y-se-agrava-la-precarizacion\/#article\",\"isPartOf\":{\"@id\":\"https:\/\/gysfm.com.ar\/inicio\/el-cuentapropismo-ya-se-ubica-cerca-del-nivel-de-la-pandemia-y-se-agrava-la-precarizacion\/\"},\"author\":{\"name\":\"admin\",\"@id\":\"https:\/\/gysfm.com.ar\/inicio\/#\/schema\/person\/5bedd7ecd35cc35548d89effafa23696\"},\"headline\":\"el cuentapropismo ya se ubica cerca del nivel de la pandemia y se agrava la precarizaci\u00f3n\",\"datePublished\":\"2026-04-28T15:16:30+00:00\",\"mainEntityOfPage\":{\"@id\":\"https:\/\/gysfm.com.ar\/inicio\/el-cuentapropismo-ya-se-ubica-cerca-del-nivel-de-la-pandemia-y-se-agrava-la-precarizacion\/\"},\"wordCount\":798,\"publisher\":{\"@id\":\"https:\/\/gysfm.com.ar\/inicio\/#organization\"},\"image\":{\"@id\":\"https:\/\/gysfm.com.ar\/inicio\/el-cuentapropismo-ya-se-ubica-cerca-del-nivel-de-la-pandemia-y-se-agrava-la-precarizacion\/#primaryimage\"},\"thumbnailUrl\":\"https:\/\/gysfm.com.ar\/inicio\/wp-content\/uploads\/2026\/02\/rappi-3png.png\",\"articleSection\":[\"ECONOMIA\"],\"inLanguage\":\"es\"},{\"@type\":\"WebPage\",\"@id\":\"https:\/\/gysfm.com.ar\/inicio\/el-cuentapropismo-ya-se-ubica-cerca-del-nivel-de-la-pandemia-y-se-agrava-la-precarizacion\/\",\"url\":\"https:\/\/gysfm.com.ar\/inicio\/el-cuentapropismo-ya-se-ubica-cerca-del-nivel-de-la-pandemia-y-se-agrava-la-precarizacion\/\",\"name\":\"el cuentapropismo ya se ubica cerca del nivel de la pandemia y se agrava la precarizaci\u00f3n - GYS NOTICIAS |\",\"isPartOf\":{\"@id\":\"https:\/\/gysfm.com.ar\/inicio\/#website\"},\"primaryImageOfPage\":{\"@id\":\"https:\/\/gysfm.com.ar\/inicio\/el-cuentapropismo-ya-se-ubica-cerca-del-nivel-de-la-pandemia-y-se-agrava-la-precarizacion\/#primaryimage\"},\"image\":{\"@id\":\"https:\/\/gysfm.com.ar\/inicio\/el-cuentapropismo-ya-se-ubica-cerca-del-nivel-de-la-pandemia-y-se-agrava-la-precarizacion\/#primaryimage\"},\"thumbnailUrl\":\"https:\/\/gysfm.com.ar\/inicio\/wp-content\/uploads\/2026\/02\/rappi-3png.png\",\"datePublished\":\"2026-04-28T15:16:30+00:00\",\"breadcrumb\":{\"@id\":\"https:\/\/gysfm.com.ar\/inicio\/el-cuentapropismo-ya-se-ubica-cerca-del-nivel-de-la-pandemia-y-se-agrava-la-precarizacion\/#breadcrumb\"},\"inLanguage\":\"es\",\"potentialAction\":[{\"@type\":\"ReadAction\",\"target\":[\"https:\/\/gysfm.com.ar\/inicio\/el-cuentapropismo-ya-se-ubica-cerca-del-nivel-de-la-pandemia-y-se-agrava-la-precarizacion\/\"]}]},{\"@type\":\"ImageObject\",\"inLanguage\":\"es\",\"@id\":\"https:\/\/gysfm.com.ar\/inicio\/el-cuentapropismo-ya-se-ubica-cerca-del-nivel-de-la-pandemia-y-se-agrava-la-precarizacion\/#primaryimage\",\"url\":\"https:\/\/gysfm.com.ar\/inicio\/wp-content\/uploads\/2026\/02\/rappi-3png.png\",\"contentUrl\":\"https:\/\/gysfm.com.ar\/inicio\/wp-content\/uploads\/2026\/02\/rappi-3png.png\",\"width\":1200,\"height\":675},{\"@type\":\"BreadcrumbList\",\"@id\":\"https:\/\/gysfm.com.ar\/inicio\/el-cuentapropismo-ya-se-ubica-cerca-del-nivel-de-la-pandemia-y-se-agrava-la-precarizacion\/#breadcrumb\",\"itemListElement\":[{\"@type\":\"ListItem\",\"position\":1,\"name\":\"Portada\",\"item\":\"https:\/\/gysfm.com.ar\/inicio\/\"},{\"@type\":\"ListItem\",\"position\":2,\"name\":\"el cuentapropismo ya se ubica cerca del nivel de la pandemia y se agrava la precarizaci\u00f3n\"}]},{\"@type\":\"WebSite\",\"@id\":\"https:\/\/gysfm.com.ar\/inicio\/#website\",\"url\":\"https:\/\/gysfm.com.ar\/inicio\/\",\"name\":\"GYS NOTICIAS |\",\"description\":\"DIARIO - RADIO ONLINE SAN JUAN ARGENTINA\",\"publisher\":{\"@id\":\"https:\/\/gysfm.com.ar\/inicio\/#organization\"},\"potentialAction\":[{\"@type\":\"SearchAction\",\"target\":{\"@type\":\"EntryPoint\",\"urlTemplate\":\"https:\/\/gysfm.com.ar\/inicio\/?s={search_term_string}\"},\"query-input\":{\"@type\":\"PropertyValueSpecification\",\"valueRequired\":true,\"valueName\":\"search_term_string\"}}],\"inLanguage\":\"es\"},{\"@type\":\"Organization\",\"@id\":\"https:\/\/gysfm.com.ar\/inicio\/#organization\",\"name\":\"GYS NOTICIAS |\",\"url\":\"https:\/\/gysfm.com.ar\/inicio\/\",\"logo\":{\"@type\":\"ImageObject\",\"inLanguage\":\"es\",\"@id\":\"https:\/\/gysfm.com.ar\/inicio\/#\/schema\/logo\/image\/\",\"url\":\"https:\/\/gysfm.com.ar\/inicio\/wp-content\/uploads\/2023\/07\/LOGOGYS-OK.png\",\"contentUrl\":\"https:\/\/gysfm.com.ar\/inicio\/wp-content\/uploads\/2023\/07\/LOGOGYS-OK.png\",\"width\":1170,\"height\":872,\"caption\":\"GYS NOTICIAS |\"},\"image\":{\"@id\":\"https:\/\/gysfm.com.ar\/inicio\/#\/schema\/logo\/image\/\"}},{\"@type\":\"Person\",\"@id\":\"https:\/\/gysfm.com.ar\/inicio\/#\/schema\/person\/5bedd7ecd35cc35548d89effafa23696\",\"name\":\"admin\",\"image\":{\"@type\":\"ImageObject\",\"inLanguage\":\"es\",\"@id\":\"https:\/\/gysfm.com.ar\/inicio\/#\/schema\/person\/image\/\",\"url\":\"https:\/\/secure.gravatar.com\/avatar\/c331d312b5243fb64d5ba28108a447b27c925295129a363082c9ea52c28d32c2?s=96&d=mm&r=g\",\"contentUrl\":\"https:\/\/secure.gravatar.com\/avatar\/c331d312b5243fb64d5ba28108a447b27c925295129a363082c9ea52c28d32c2?s=96&d=mm&r=g\",\"caption\":\"admin\"},\"sameAs\":[\"https:\/\/gysfm.com.ar\/inicio\"],\"url\":\"https:\/\/gysfm.com.ar\/inicio\/author\/admin\/\"}]}<\/script>\n<!-- \/ Yoast SEO plugin. -->","yoast_head_json":{"title":"el cuentapropismo ya se ubica cerca del nivel de la pandemia y se agrava la precarizaci\u00f3n - GYS NOTICIAS |","robots":{"index":"index","follow":"follow","max-snippet":"max-snippet:-1","max-image-preview":"max-image-preview:large","max-video-preview":"max-video-preview:-1"},"canonical":"https:\/\/gysfm.com.ar\/inicio\/el-cuentapropismo-ya-se-ubica-cerca-del-nivel-de-la-pandemia-y-se-agrava-la-precarizacion\/","og_locale":"es_ES","og_type":"article","og_title":"el cuentapropismo ya se ubica cerca del nivel de la pandemia y se agrava la precarizaci\u00f3n - GYS NOTICIAS |","og_description":"Se profundiza la precarizaci\u00f3n laboral y el cuentapropismo se ubica en m\u00e1ximos desde la pandemia, cuando era una de las pocas salidas laborales por el cierre de diferentes empresas y el parate productivo. A la par de que crece el trabajo independiente, cae el empleo privado de calidad y la p\u00e9rdida de derechos laborales se [&hellip;]","og_url":"https:\/\/gysfm.com.ar\/inicio\/el-cuentapropismo-ya-se-ubica-cerca-del-nivel-de-la-pandemia-y-se-agrava-la-precarizacion\/","og_site_name":"GYS NOTICIAS |","article_published_time":"2026-04-28T15:16:30+00:00","og_image":[{"url":"https:\/\/media.ambito.com\/p\/a65974b03cdb12e816c054acf2e25c48\/adjuntos\/239\/imagenes\/043\/331\/0043331656\/730x0\/smart\/image.png","type":"","width":"","height":""}],"author":"admin","twitter_card":"summary_large_image","twitter_misc":{"Escrito por":"admin","Tiempo de lectura":"4 minutos"},"schema":{"@context":"https:\/\/schema.org","@graph":[{"@type":"Article","@id":"https:\/\/gysfm.com.ar\/inicio\/el-cuentapropismo-ya-se-ubica-cerca-del-nivel-de-la-pandemia-y-se-agrava-la-precarizacion\/#article","isPartOf":{"@id":"https:\/\/gysfm.com.ar\/inicio\/el-cuentapropismo-ya-se-ubica-cerca-del-nivel-de-la-pandemia-y-se-agrava-la-precarizacion\/"},"author":{"name":"admin","@id":"https:\/\/gysfm.com.ar\/inicio\/#\/schema\/person\/5bedd7ecd35cc35548d89effafa23696"},"headline":"el cuentapropismo ya se ubica cerca del nivel de la pandemia y se agrava la precarizaci\u00f3n","datePublished":"2026-04-28T15:16:30+00:00","mainEntityOfPage":{"@id":"https:\/\/gysfm.com.ar\/inicio\/el-cuentapropismo-ya-se-ubica-cerca-del-nivel-de-la-pandemia-y-se-agrava-la-precarizacion\/"},"wordCount":798,"publisher":{"@id":"https:\/\/gysfm.com.ar\/inicio\/#organization"},"image":{"@id":"https:\/\/gysfm.com.ar\/inicio\/el-cuentapropismo-ya-se-ubica-cerca-del-nivel-de-la-pandemia-y-se-agrava-la-precarizacion\/#primaryimage"},"thumbnailUrl":"https:\/\/gysfm.com.ar\/inicio\/wp-content\/uploads\/2026\/02\/rappi-3png.png","articleSection":["ECONOMIA"],"inLanguage":"es"},{"@type":"WebPage","@id":"https:\/\/gysfm.com.ar\/inicio\/el-cuentapropismo-ya-se-ubica-cerca-del-nivel-de-la-pandemia-y-se-agrava-la-precarizacion\/","url":"https:\/\/gysfm.com.ar\/inicio\/el-cuentapropismo-ya-se-ubica-cerca-del-nivel-de-la-pandemia-y-se-agrava-la-precarizacion\/","name":"el cuentapropismo ya se ubica cerca del nivel de la pandemia y se agrava la precarizaci\u00f3n - GYS NOTICIAS |","isPartOf":{"@id":"https:\/\/gysfm.com.ar\/inicio\/#website"},"primaryImageOfPage":{"@id":"https:\/\/gysfm.com.ar\/inicio\/el-cuentapropismo-ya-se-ubica-cerca-del-nivel-de-la-pandemia-y-se-agrava-la-precarizacion\/#primaryimage"},"image":{"@id":"https:\/\/gysfm.com.ar\/inicio\/el-cuentapropismo-ya-se-ubica-cerca-del-nivel-de-la-pandemia-y-se-agrava-la-precarizacion\/#primaryimage"},"thumbnailUrl":"https:\/\/gysfm.com.ar\/inicio\/wp-content\/uploads\/2026\/02\/rappi-3png.png","datePublished":"2026-04-28T15:16:30+00:00","breadcrumb":{"@id":"https:\/\/gysfm.com.ar\/inicio\/el-cuentapropismo-ya-se-ubica-cerca-del-nivel-de-la-pandemia-y-se-agrava-la-precarizacion\/#breadcrumb"},"inLanguage":"es","potentialAction":[{"@type":"ReadAction","target":["https:\/\/gysfm.com.ar\/inicio\/el-cuentapropismo-ya-se-ubica-cerca-del-nivel-de-la-pandemia-y-se-agrava-la-precarizacion\/"]}]},{"@type":"ImageObject","inLanguage":"es","@id":"https:\/\/gysfm.com.ar\/inicio\/el-cuentapropismo-ya-se-ubica-cerca-del-nivel-de-la-pandemia-y-se-agrava-la-precarizacion\/#primaryimage","url":"https:\/\/gysfm.com.ar\/inicio\/wp-content\/uploads\/2026\/02\/rappi-3png.png","contentUrl":"https:\/\/gysfm.com.ar\/inicio\/wp-content\/uploads\/2026\/02\/rappi-3png.png","width":1200,"height":675},{"@type":"BreadcrumbList","@id":"https:\/\/gysfm.com.ar\/inicio\/el-cuentapropismo-ya-se-ubica-cerca-del-nivel-de-la-pandemia-y-se-agrava-la-precarizacion\/#breadcrumb","itemListElement":[{"@type":"ListItem","position":1,"name":"Portada","item":"https:\/\/gysfm.com.ar\/inicio\/"},{"@type":"ListItem","position":2,"name":"el cuentapropismo ya se ubica cerca del nivel de la pandemia y se agrava la precarizaci\u00f3n"}]},{"@type":"WebSite","@id":"https:\/\/gysfm.com.ar\/inicio\/#website","url":"https:\/\/gysfm.com.ar\/inicio\/","name":"GYS NOTICIAS |","description":"DIARIO - RADIO ONLINE SAN JUAN ARGENTINA","publisher":{"@id":"https:\/\/gysfm.com.ar\/inicio\/#organization"},"potentialAction":[{"@type":"SearchAction","target":{"@type":"EntryPoint","urlTemplate":"https:\/\/gysfm.com.ar\/inicio\/?s={search_term_string}"},"query-input":{"@type":"PropertyValueSpecification","valueRequired":true,"valueName":"search_term_string"}}],"inLanguage":"es"},{"@type":"Organization","@id":"https:\/\/gysfm.com.ar\/inicio\/#organization","name":"GYS NOTICIAS |","url":"https:\/\/gysfm.com.ar\/inicio\/","logo":{"@type":"ImageObject","inLanguage":"es","@id":"https:\/\/gysfm.com.ar\/inicio\/#\/schema\/logo\/image\/","url":"https:\/\/gysfm.com.ar\/inicio\/wp-content\/uploads\/2023\/07\/LOGOGYS-OK.png","contentUrl":"https:\/\/gysfm.com.ar\/inicio\/wp-content\/uploads\/2023\/07\/LOGOGYS-OK.png","width":1170,"height":872,"caption":"GYS NOTICIAS |"},"image":{"@id":"https:\/\/gysfm.com.ar\/inicio\/#\/schema\/logo\/image\/"}},{"@type":"Person","@id":"https:\/\/gysfm.com.ar\/inicio\/#\/schema\/person\/5bedd7ecd35cc35548d89effafa23696","name":"admin","image":{"@type":"ImageObject","inLanguage":"es","@id":"https:\/\/gysfm.com.ar\/inicio\/#\/schema\/person\/image\/","url":"https:\/\/secure.gravatar.com\/avatar\/c331d312b5243fb64d5ba28108a447b27c925295129a363082c9ea52c28d32c2?s=96&d=mm&r=g","contentUrl":"https:\/\/secure.gravatar.com\/avatar\/c331d312b5243fb64d5ba28108a447b27c925295129a363082c9ea52c28d32c2?s=96&d=mm&r=g","caption":"admin"},"sameAs":["https:\/\/gysfm.com.ar\/inicio"],"url":"https:\/\/gysfm.com.ar\/inicio\/author\/admin\/"}]}},"_links":{"self":[{"href":"https:\/\/gysfm.com.ar\/inicio\/wp-json\/wp\/v2\/posts\/193471","targetHints":{"allow":["GET"]}}],"collection":[{"href":"https:\/\/gysfm.com.ar\/inicio\/wp-json\/wp\/v2\/posts"}],"about":[{"href":"https:\/\/gysfm.com.ar\/inicio\/wp-json\/wp\/v2\/types\/post"}],"author":[{"embeddable":true,"href":"https:\/\/gysfm.com.ar\/inicio\/wp-json\/wp\/v2\/users\/1"}],"replies":[{"embeddable":true,"href":"https:\/\/gysfm.com.ar\/inicio\/wp-json\/wp\/v2\/comments?post=193471"}],"version-history":[{"count":0,"href":"https:\/\/gysfm.com.ar\/inicio\/wp-json\/wp\/v2\/posts\/193471\/revisions"}],"wp:featuredmedia":[{"embeddable":true,"href":"https:\/\/gysfm.com.ar\/inicio\/wp-json\/wp\/v2\/media\/180209"}],"wp:attachment":[{"href":"https:\/\/gysfm.com.ar\/inicio\/wp-json\/wp\/v2\/media?parent=193471"}],"wp:term":[{"taxonomy":"category","embeddable":true,"href":"https:\/\/gysfm.com.ar\/inicio\/wp-json\/wp\/v2\/categories?post=193471"},{"taxonomy":"post_tag","embeddable":true,"href":"https:\/\/gysfm.com.ar\/inicio\/wp-json\/wp\/v2\/tags?post=193471"}],"curies":[{"name":"wp","href":"https:\/\/api.w.org\/{rel}","templated":true}]}}