{"id":193466,"date":"2026-04-28T11:53:05","date_gmt":"2026-04-28T14:53:05","guid":{"rendered":"https:\/\/gysfm.com.ar\/inicio\/punto-por-punto-las-audiencias-centrales-del-caso-maradona-declaraciones-policiales-pruebas-periciales-y-los-7-imputados-bajo-analisis\/"},"modified":"2026-04-28T11:53:05","modified_gmt":"2026-04-28T14:53:05","slug":"punto-por-punto-las-audiencias-centrales-del-caso-maradona-declaraciones-policiales-pruebas-periciales-y-los-7-imputados-bajo-analisis","status":"publish","type":"post","link":"https:\/\/gysfm.com.ar\/inicio\/punto-por-punto-las-audiencias-centrales-del-caso-maradona-declaraciones-policiales-pruebas-periciales-y-los-7-imputados-bajo-analisis\/","title":{"rendered":"Punto por punto, las audiencias centrales del caso Maradona: declaraciones policiales, pruebas periciales y los 7 imputados bajo an\u00e1lisis"},"content":{"rendered":"<p><\/p>\n<div id=\"article-content\">\n<p>El nuevo juicio por la <strong><a target=\"_blank\" href=\"https:\/\/www.perfil.com\/noticias\/policia\/juicio-por-la-muerte-de-maradona-antes-de-la-declaracion-de-luque-un-policia-lo-identifico-como-el-medico-a-cargo-a41.phtml\">muerte de Diego Armando Maradona<\/a> <\/strong>avanza en el Tribunal Oral en lo Criminal N\u00b07 de San Isidro y, en sus primeras<strong> cuatro audiencias<\/strong>, dej\u00f3 exposiciones cruzadas, declaraciones m\u00e9dicas, acusaciones de la fiscal\u00eda y estrategias defensivas orientadas a desligar responsabilidades. A partir del 14 de abril, comenz\u00f3 con la presentaci\u00f3n de los lineamientos de la acusaci\u00f3n y las defensas ante los jueces Alberto Gaig, Alberto Ortolani y Pablo Rol\u00f3n.<\/p>\n<p>Se encuentran en el banquillo de los acusados <strong>siete profesionales de la salud<\/strong> que enfrentan el cargo de homicidio simple con dolo eventual. El principal se\u00f1alado es el <a target=\"_blank\" href=\"https:\/\/www.perfil.com\/noticias\/policia\/juicio-por-la-muerte-de-diego-maradona-gianinna-declara-y-evaluan-un-posible-careo-con-luque-a41.phtml\">neurocirujano <strong>Leopoldo Luque<\/strong><\/a>, considerado por la fiscal\u00eda como el m\u00e9dico de cabecera, junto a la psiquiatra <strong>Agustina Cosachov<\/strong> y el<strong> <\/strong>psic\u00f3logo <strong>Carlos D\u00edaz<\/strong>.<\/p>\n<p>Al mismo tiempo, est\u00e1n siendo juzgados la m\u00e9dica coordinadora <strong>Nancy Forlini<\/strong>, el coordinador de enfermeros <strong>Mariano Perroni<\/strong>, el m\u00e9dico cl\u00ednico <strong>Pedro Di Spagna<\/strong> y el<strong> <\/strong>enfermero <strong>Ricardo Almir\u00f3n<\/strong>.<\/p>\n<div class=\"subscription\">\n<p>\n        Esto no les gusta a los autoritarios\n    <\/p>\n<div class=\"subscription__container\">\n<div class=\"subscription__text-wrapper\">\n<p>\n                El ejercicio del periodismo profesional y cr\u00edtico es un pilar fundamental de la democracia. Por eso molesta a quienes creen ser los due\u00f1os de la verdad.\n            <\/p>\n<\/p><\/div><\/div>\n<\/div>\n<p class=\"destacadoNota\"><a target=\"_blank\" href=\"https:\/\/www.perfil.com\/noticias\/policia\/juicio-por-la-muerte-de-maradona-antes-de-la-declaracion-de-luque-un-policia-lo-identifico-como-el-medico-a-cargo-a41.phtml\">Luque volvi\u00f3 a declarar en el juicio por la muerte de Maradona: \u00abAunque Gianinna me odie, la entiendo\u00bb<\/a><\/p>\n<p>Por ello, con un tribunal renovado tras la decisi\u00f3n judicial que anul\u00f3 el primer intento de juicio a ra\u00edz de la fuerte pol\u00e9mica generada por <strong>un documental de la jueza destituida Julieta Makintach<\/strong>, la Justicia busca determinar si el equipo m\u00e9dico, a trav\u00e9s de sus acciones u omisiones, fue responsable de lo que la querella define como la cr\u00f3nica de un crimen evitable.<\/p>\n<h2>Primera audiencia: acusaciones de abandono y cruce entre las partes<\/h2>\n<p>La primera jornada estuvo centrada en la exposici\u00f3n de las teor\u00edas del caso de la fiscal\u00eda, la querella y las defensas.<\/p>\n<p>Al momento, el fiscal <strong>Patricio Ferrari <\/strong>abri\u00f3 la acusaci\u00f3n con una definici\u00f3n contundente del equipo m\u00e9dico, al que calific\u00f3 como un <strong>\u201cgrupo de improvisados\u201d<\/strong>. Dentro de su exposici\u00f3n, sostuvo que hubo una atenci\u00f3n deficiente durante la internaci\u00f3n domiciliaria del exfutbolista y remarc\u00f3 que <strong>Maradona <\/strong>\u201c<strong>fue abandonado a su suerte<\/strong>\u201d.<\/p>\n<p>De acuerdo con la hip\u00f3tesis fiscal, ese cuadro de <strong>desatenci\u00f3n <\/strong>habr\u00eda sido determinante en el desenlace.<\/p>\n<p>Adem\u00e1s, la acusaci\u00f3n incorpor\u00f3 un elemento clave de su teor\u00eda: la existencia de un<strong> proceso de deterioro no atendido<\/strong> de forma adecuada en los<strong> d\u00edas previos <\/strong>a la muerte, ocurrida el 25 de noviembre de 2020 en una vivienda del country San Andr\u00e9s, en Tigre. <strong>\u201c<\/strong>Tenemos una necesidad imperiosa: nosotros y la sociedad en su conjunto queremos que haya verdad. El <strong>derecho a la verdad <\/strong>es un derecho humano\u201d, se\u00f1al\u00f3 Ferrari durante su exposici\u00f3n.<\/p>\n<div style=\"text-align:center\">\n<figure class=\"image\" style=\"display:inline-block\"><picture><source media=\"(max-width: 440px)\" srcset=\"https:\/\/fotos.perfil.com\/\/2026\/04\/22\/440\/0\/juicio-por-la-muerte-de-diego-maradona-audiencia-21-04-2225458.jpg?webp\"\/><source media=\"(max-width: 1019px)\" srcset=\"https:\/\/fotos.perfil.com\/\/2026\/04\/22\/712\/0\/juicio-por-la-muerte-de-diego-maradona-audiencia-21-04-2225458.jpg?webp\"\/><img decoding=\"async\" style=\"max-width: 100%; width: 100%;\" alt=\"Juicio por la muerte de Diego Maradona - Audiencia 21-04\" src=\"https:\/\/fotos.perfil.com\/\/2026\/04\/22\/900\/0\/juicio-por-la-muerte-de-diego-maradona-audiencia-21-04-2225458.jpg?webp\" loading=\"lazy\"\/><\/picture><figcaption>\u00abLes van a hacer creer que la culpa fue del paciente\u00bb, advirti\u00f3 Burlando ante el tribunal<\/figcaption><\/figure>\n<\/p><\/div>\n<p>Luego, en representaci\u00f3n de las hijas de Maradona, el abogado <strong>Fernando Burlando <\/strong>adopt\u00f3 una postura a\u00fan m\u00e1s categ\u00f3rica. Afirm\u00f3 que \u201c<strong>Diego fue asesinado en un plan inhumano<\/strong>\u201d y sostuvo que existi\u00f3 una cadena de decisiones m\u00e9dicas que derivaron en su muerte. El representante legal de Dalma y Gianinna Maradona insisti\u00f3 en que se trat\u00f3 de un proceso con m\u00faltiples intervenciones profesionales.\u201cNo fueron meras negligencias. Se\u00f1ores jueces, <strong>les van a hacer creer que la culpa fue del paciente<\/strong>, que la culpa fue de Maradona\u201d, plante\u00f3.<\/p>\n<p>Adem\u00e1s de ello, Burlando cuestion\u00f3 la <strong>modalidad de atenci\u00f3n domiciliaria <\/strong>implementada luego de la externaci\u00f3n del exjugador de la Cl\u00ednica Olivos, donde hab\u00eda sido operado d\u00edas antes. De esta manera, apunt\u00f3 a la <strong>falta de controles cl\u00ednicos permanentes <\/strong>y al esquema de cuidados que, seg\u00fan su postura, no era adecuado para un paciente con antecedentes card\u00edacos y neurol\u00f3gicos complejos.<\/p>\n<p>Desde la defensa de Leopoldo Luque,<strong> <\/strong>el abogado <strong>Francisco Oneto <\/strong>cuestion\u00f3 la exposici\u00f3n medi\u00e1tica del proceso y se refiri\u00f3 a la televisaci\u00f3n del juicio, al sostener que el debate debe mantenerse en condiciones de transparencia y publicidad. En ese sentido afirm\u00f3 que \u201cla Rep\u00fablica no puede juzgar en el oscurantismo; tiene que ser p\u00fablico, por eso el juicio es p\u00fablico\u201d, y agreg\u00f3 que <strong>la sociedad debe poder observar la producci\u00f3n de pruebas<\/strong>. Luego reforz\u00f3: \u201cLa Rep\u00fablica no juzga en la oscuridad; la tiran\u00eda juzga en la oscuridad\u201d, en respaldo a la transmisi\u00f3n del debate.<\/p>\n<p>Por su parte, el abogado Roberto Rallin, tambi\u00e9n defensor de Leopoldo Luque, calific\u00f3 el proceso como \u201cun juicio injusto\u201d y sostuvo: \u201c<strong>Es injusto que est\u00e9 sentado en el banquillo de los acusados el doctor Luque<\/strong>\u201d.<\/p>\n<div style=\"text-align:center\">\n<figure class=\"image\" style=\"display:inline-block\"><picture><source media=\"(max-width: 440px)\" srcset=\"https:\/\/fotos.perfil.com\/\/2026\/04\/21\/440\/0\/juicio-por-la-muerte-de-diego-maradona-audiencia-16-04-2224985.jpg?webp\"\/><source media=\"(max-width: 1019px)\" srcset=\"https:\/\/fotos.perfil.com\/\/2026\/04\/21\/712\/0\/juicio-por-la-muerte-de-diego-maradona-audiencia-16-04-2224985.jpg?webp\"\/><img decoding=\"async\" style=\"max-width: 100%; width: 100%;\" alt=\"Juicio por la muerte de Diego Maradona - Audiencia 16-04\" src=\"https:\/\/fotos.perfil.com\/\/2026\/04\/21\/900\/0\/juicio-por-la-muerte-de-diego-maradona-audiencia-16-04-2224985.jpg?webp\" loading=\"lazy\"\/><\/picture><figcaption>Leopoldo Luque enfrent\u00f3 la exhibici\u00f3n de los pol\u00e9micos chats donde se refer\u00eda despectivamente a las hijas de Maradona<\/figcaption><\/figure>\n<\/p><\/div>\n<p>Los abogados de los siete imputados rechazaron de forma unificada las acusaciones y sostuvieron que el cuadro de salud de Maradona era <strong>complejo y de alto riesgo. <\/strong><\/p>\n<p>\u00abAc\u00e1, adem\u00e1s de la cuesti\u00f3n f\u00e1ctica, m\u00e9dica y cient\u00edfica, hay una cuesti\u00f3n que surge de la autopsia. La defensa va a probar que, lamentablemente, el \u00f3bito del se\u00f1or Maradona tiene que ver con un <strong>deterioro progresivo de su salud que en un momento dijo basta<\/strong>\u201d, afirm\u00f3 Vadim Mischanchuk, defensor de la psiquiatra Cosachov.<\/p>\n<h2>Segunda audiencia: la declaraci\u00f3n de Luque y la disputa por la agon\u00eda<\/h2>\n<p>La segunda jornada del juicio por la muerte de Diego Armando Maradona estuvo marcada por la<strong> declaraci\u00f3n <\/strong>del neurocirujano<strong> Leopoldo Luque<\/strong>, uno de los principales imputados en la causa, y por un fuerte cruce entre la fiscal\u00eda, las defensas y la querella en torno a las condiciones en las que se produjo el fallecimiento del exfutbolista. \u201cEstoy seguro de que no pas\u00f3, <strong>no hay manera de determinar el tiempo de agon\u00eda<\/strong>\u201d, afirm\u00f3 el neurocirujano.<\/p>\n<p>All\u00ed, pidi\u00f3 la palabra ante el Tribunal Oral en lo Criminal N\u00b07 de San Isidro y declar\u00f3 por primera vez en el proceso. En su exposici\u00f3n, <strong>neg\u00f3 haber incurrido en abandono o negligencia <\/strong>y sostuvo que Maradona \u201cno agoniz\u00f3\u201d antes de morir el 25 de noviembre de 2020. Tambi\u00e9n afirm\u00f3 que manten\u00eda un <strong>v\u00ednculo cercano con el exjugador<\/strong> y que su intervenci\u00f3n estuvo orientada a \u201cayudarlo\u201d en el tratamiento m\u00e9dico.<\/p>\n<p>Frente a ese marco, la declaraci\u00f3n incorpor\u00f3 adem\u00e1s <strong>la lectura de mensajes y chats <\/strong>atribuidos al imputado, presentados por la querella, donde se observan <strong>expresiones despectivas<\/strong> hacia integrantes del entorno de Maradona, entre ellos sus <strong>hijas<\/strong>. Ese material se sum\u00f3 como parte del cruce probatorio entre las partes.<\/p>\n<p>De hecho, el imputado describi\u00f3 el cuadro cl\u00ednico como <strong>un proceso de deterioro progresivo<\/strong>, asociado a patolog\u00edas preexistentes, entre ellas problemas card\u00edacos. En ese marco, plante\u00f3 que el desenlace se dio como consecuencia de una evoluci\u00f3n m\u00e9dica compleja y no de una acci\u00f3n deliberada u omisi\u00f3n puntual.<\/p>\n<p>Pero la fiscal\u00eda, en cambio, reforz\u00f3 su hip\u00f3tesis central: Maradona habr\u00eda atravesado <strong>aproximadamente 12 horas de agon\u00eda<\/strong> antes de su muerte. Ese punto se mantiene como uno de los ejes de discusi\u00f3n del juicio, ya que forma parte de la <strong>reconstrucci\u00f3n temporal <\/strong>del deterioro del paciente en su internaci\u00f3n domiciliaria en el barrio privado San Andr\u00e9s, en Tigre.<\/p>\n<p>A lo largo de la audiencia tambi\u00e9n se registraron interrupciones en la agenda de testimonios previstos. Se <strong>suspendieron declaraciones <\/strong>consideradas clave por las partes, entre ellas la de <strong>Gianinna Maradona.<\/strong><\/p>\n<h2>Tercera audiencia: polic\u00edas, Gianinna Maradona y careos posibles<\/h2>\n<p>La tercera jornada del juicio por la muerte de Diego Armando Maradona avanz\u00f3 con la incorporaci\u00f3n de <strong>testimonios <\/strong>considerados centrales para <strong>reconstruir las horas previas y posteriores <\/strong>al fallecimiento del exfutbolista. <\/p>\n<p>Ante el Tribunal Oral en lo Criminal N\u00b07 de San Isidro, declararon<strong> agentes policiales<\/strong> que fueron de los primeros en ingresar al domicilio. Sus relatos aportaron detalles sobre el estado en el que encontraron el cuerpo y el contexto inmediato del operativo. Uno de los testimonios describi\u00f3 <strong>signos de hinchaz\u00f3n y ausencia de reacci\u00f3n<\/strong>, elementos que se suman al an\u00e1lisis forense ya incorporado a la causa.<\/p>\n<p>De forma paralela, se confirm\u00f3 la comparecencia de<strong> Gianinna Maradona<\/strong>, hija del exjugador, se\u00f1alada como una de las declaraciones m\u00e1s relevantes del proceso. En su testimonio, asegur\u00f3 que confi\u00f3 plenamente en Leopoldo Luque, Agustina Cosachov y otros profesionales: \u00ab<strong>Confi\u00e9 en los m\u00e9dicos, nos manipularon<\/strong> y dejaron a mi hijo sin abuelo\u201d. Relat\u00f3 que se sinti\u00f3 enga\u00f1ada por promesas de atenci\u00f3n intensiva, como monitoreo permanente, equipamiento m\u00e9dico y una <strong>ambulancia \u201cen la puerta\u201d<\/strong>, que asegur\u00f3 nunca haber visto concretarse.<\/p>\n<p>Tambi\u00e9n sostuvo que Diego se encontraba <strong>\u201cmuy mal\u201d e \u201cirreconocible\u201d<\/strong> en los d\u00edas previos a su muerte, y afirm\u00f3 que la familia fue convencida de que el tratamiento domiciliario era seguro y controlado, cuando \u2014seg\u00fan su mirada\u2014 no lo era. Al describir el estado f\u00edsico de su padre, se\u00f1al\u00f3 que<strong> <\/strong>ten\u00eda el abdomen \u201c<strong>hinchado como si fuera a explotar<\/strong>\u201d<strong>, las manos deformadas y que la escena le result\u00f3 \u201cadulterada\u201d <\/strong>por la falta de equipamiento m\u00e9dico esperado.<\/p>\n<div style=\"text-align:center\">\n<figure class=\"image\" style=\"display:inline-block\"><picture><source media=\"(max-width: 440px)\" srcset=\"https:\/\/fotos.perfil.com\/\/2026\/04\/22\/440\/0\/juicio-por-la-muerte-de-diego-maradona-audiencia-21-04-2225454.jpg?webp\"\/><source media=\"(max-width: 1019px)\" srcset=\"https:\/\/fotos.perfil.com\/\/2026\/04\/22\/712\/0\/juicio-por-la-muerte-de-diego-maradona-audiencia-21-04-2225454.jpg?webp\"\/><img decoding=\"async\" style=\"max-width: 100%; width: 100%;\" alt=\"Juicio por la muerte de Diego Maradona - Audiencia 21-04\" src=\"https:\/\/fotos.perfil.com\/\/2026\/04\/22\/900\/0\/juicio-por-la-muerte-de-diego-maradona-audiencia-21-04-2225454.jpg?webp\" loading=\"lazy\"\/><\/picture><figcaption>Gianinna Maradona enfrenta los chats y las defensas de quienes deb\u00edan cuidar a su padre<\/figcaption><\/figure>\n<\/p><\/div>\n<p>La defensa de Leopoldo Luque, a cargo de <strong>Francisco Oneto<\/strong>, se mostr\u00f3 activa durante la audiencia y plante\u00f3 objeciones vinculadas al desarrollo del debate. Adem\u00e1s, su intervenci\u00f3n gener\u00f3 momentos de <strong>tensi\u00f3n <\/strong>en la sala durante el interrogatorio a Gianinna Maradona, en el que la hija del exfutbolista se mostr\u00f3 visiblemente afectada.<\/p>\n<p>A su vez, prestaron declaraci\u00f3n otros funcionarios policiales vinculados al procedimiento inicial, aportando datos sobre la preservaci\u00f3n de la escena y la identificaci\u00f3n de las personas presentes.<\/p>\n<p>Un dato relevante de la jornada fue la posibilidad planteada por la defensa de Leopoldo Luque de<strong> solicitar careos entre testigos e imputados<\/strong>. Esta herramienta procesal, prevista en el sistema penal, permitir\u00eda confrontar versiones divergentes sobre hechos clave y podr\u00eda influir en la evaluaci\u00f3n de responsabilidades dentro del juicio.<\/p>\n<h2>Cuarta audiencia: la escena del fallecimiento bajo la lupa<\/h2>\n<p>La cuarta jornada del juicio se centr\u00f3 en la <strong>reconstrucci\u00f3n minuciosa de la escena <\/strong>donde fue hallado sin vida el exfutbolista y declararon polic\u00edas, peritos y el m\u00e9dico que constat\u00f3 el fallecimiento. Su objetivo fue precisar las condiciones del lugar, el estado del cuerpo y las primeras actuaciones realizadas tras el arribo del personal de emergencia.<\/p>\n<p>All\u00ed, el subcomisario <strong>Lucas Far\u00edas<\/strong> brind\u00f3 uno de los testimonios m\u00e1s relevantes de la jornada. Describi\u00f3 haber visto \u201cel cuerpo de una persona que estaba tapada y muy hinchada\u201d, al que defini\u00f3 como un \u201cbulto prominente\u201d al momento de ingresar a la habitaci\u00f3n. Adem\u00e1s, indic\u00f3 que <strong>Leopoldo Luque se present\u00f3 en el lugar como \u201cm\u00e9dico personal\u201d <\/strong>del exjugador, dato incorporado a la reconstrucci\u00f3n inicial del caso.<\/p>\n<p class=\"destacadoNota\"><a target=\"_blank\" href=\"https:\/\/www.perfil.com\/noticias\/judiciales\/escandalo-y-nulidad-el-segundo-juicio-por-la-muerte-de-maradona-inicia-tras-la-destitucion-de-la-jueza-makintach.phtml\">Esc\u00e1ndalo y nulidad: el segundo juicio por la muerte de Maradona inicia tras la destituci\u00f3n de la jueza Makintach<\/a><\/p>\n<p>Durante la misma instancia, el jefe de la Polic\u00eda Cient\u00edfica detall\u00f3 el an\u00e1lisis del cuerpo y refiri\u00f3 la presencia de<strong> espuma en la boca<\/strong>, descripta en la pericia como un \u201c<strong>hongo de espuma<\/strong>\u201d, asociado al cuadro observado en la escena.<\/p>\n<p>Luego, se exhibi\u00f3 <strong>un video de 17 minutos <\/strong>con el registro del trabajo pericial realizado dentro de la habitaci\u00f3n. Las im\u00e1genes mostraron el interior del dormitorio, la disposici\u00f3n del mobiliario y la presencia de elementos m\u00e9dicos.<\/p>\n<p>Por \u00faltimo, declar\u00f3 el m\u00e9dico emergent\u00f3logo <strong>Juan Carlos Pinto<\/strong>, quien lleg\u00f3 primero a la vivienda. El profesional confirm\u00f3 que el exfutbolista ya no presentaba signos vitales al momento de su intervenci\u00f3n. Describi\u00f3 un cuadro de \u201c<strong>obesidad y edemas severos<\/strong>\u201d y explic\u00f3 que fue quien <strong>firm\u00f3 el certificado de defunci\u00f3n<\/strong>.<\/p>\n<p><em>MV\/ML<\/em><\/p>\n<\/p><\/div>\n<p><script>\n                !function(f,b,e,v,n,t,s)\n                {if(f.fbq)return;n=f.fbq=function(){n.callMethod?\n                    n.callMethod.apply(n,arguments):n.queue.push(arguments)};\n                    if(!f._fbq)f._fbq=n;n.push=n;n.loaded=!0;n.version='2.0';\n                    n.queue=[];t=b.createElement(e);t.async=!0;\n                    t.src=v;s=b.getElementsByTagName(e)[0];\n                    s.parentNode.insertBefore(t,s)}(window, document,'script',\n                    'https:\/\/connect.facebook.net\/en_US\/fbevents.js');\n                window.paywallConfig.facebook_pixel=\"1000228364089342\"\n            <\/script><\/p>\n","protected":false},"excerpt":{"rendered":"<p>El nuevo juicio por la muerte de Diego Armando Maradona avanza en el Tribunal Oral en lo Criminal N\u00b07 de San Isidro y, en sus primeras cuatro audiencias, dej\u00f3 exposiciones cruzadas, declaraciones m\u00e9dicas, acusaciones de la fiscal\u00eda y estrategias defensivas orientadas a desligar responsabilidades. A partir del 14 de abril, comenz\u00f3 con la presentaci\u00f3n de [&hellip;]<\/p>\n","protected":false},"author":2,"featured_media":193467,"comment_status":"closed","ping_status":"closed","sticky":false,"template":"","format":"standard","meta":{"footnotes":""},"categories":[25],"tags":[],"class_list":["post-193466","post","type-post","status-publish","format-standard","has-post-thumbnail","hentry","category-nacionales"],"yoast_head":"<!-- This site is optimized with the Yoast SEO plugin v24.4 - https:\/\/yoast.com\/wordpress\/plugins\/seo\/ -->\n<title>Punto por punto, las audiencias centrales del caso Maradona: declaraciones policiales, pruebas periciales y los 7 imputados bajo an\u00e1lisis - GYS NOTICIAS |<\/title>\n<meta name=\"robots\" content=\"index, follow, max-snippet:-1, max-image-preview:large, max-video-preview:-1\" \/>\n<link rel=\"canonical\" href=\"https:\/\/gysfm.com.ar\/inicio\/punto-por-punto-las-audiencias-centrales-del-caso-maradona-declaraciones-policiales-pruebas-periciales-y-los-7-imputados-bajo-analisis\/\" \/>\n<meta property=\"og:locale\" content=\"es_ES\" \/>\n<meta property=\"og:type\" content=\"article\" \/>\n<meta property=\"og:title\" content=\"Punto por punto, las audiencias centrales del caso Maradona: declaraciones policiales, pruebas periciales y los 7 imputados bajo an\u00e1lisis - GYS NOTICIAS |\" \/>\n<meta property=\"og:description\" content=\"El nuevo juicio por la muerte de Diego Armando Maradona avanza en el Tribunal Oral en lo Criminal N\u00b07 de San Isidro y, en sus primeras cuatro audiencias, dej\u00f3 exposiciones cruzadas, declaraciones m\u00e9dicas, acusaciones de la fiscal\u00eda y estrategias defensivas orientadas a desligar responsabilidades. A partir del 14 de abril, comenz\u00f3 con la presentaci\u00f3n de [&hellip;]\" \/>\n<meta property=\"og:url\" content=\"https:\/\/gysfm.com.ar\/inicio\/punto-por-punto-las-audiencias-centrales-del-caso-maradona-declaraciones-policiales-pruebas-periciales-y-los-7-imputados-bajo-analisis\/\" \/>\n<meta property=\"og:site_name\" content=\"GYS NOTICIAS |\" \/>\n<meta property=\"article:published_time\" content=\"2026-04-28T14:53:05+00:00\" \/>\n<meta property=\"og:image\" content=\"https:\/\/fotos.perfil.com\/\/2026\/04\/22\/900\/0\/juicio-por-la-muerte-de-diego-maradona-audiencia-21-04-2225458.jpg?webp\" \/>\n<meta name=\"author\" content=\"Prensa G&amp;S FM\" \/>\n<meta name=\"twitter:card\" content=\"summary_large_image\" \/>\n<meta name=\"twitter:label1\" content=\"Escrito por\" \/>\n\t<meta name=\"twitter:data1\" content=\"Prensa G&amp;S FM\" \/>\n\t<meta name=\"twitter:label2\" content=\"Tiempo de lectura\" \/>\n\t<meta name=\"twitter:data2\" content=\"10 minutos\" \/>\n<script type=\"application\/ld+json\" class=\"yoast-schema-graph\">{\"@context\":\"https:\/\/schema.org\",\"@graph\":[{\"@type\":\"Article\",\"@id\":\"https:\/\/gysfm.com.ar\/inicio\/punto-por-punto-las-audiencias-centrales-del-caso-maradona-declaraciones-policiales-pruebas-periciales-y-los-7-imputados-bajo-analisis\/#article\",\"isPartOf\":{\"@id\":\"https:\/\/gysfm.com.ar\/inicio\/punto-por-punto-las-audiencias-centrales-del-caso-maradona-declaraciones-policiales-pruebas-periciales-y-los-7-imputados-bajo-analisis\/\"},\"author\":{\"name\":\"Prensa G&amp;S FM\",\"@id\":\"https:\/\/gysfm.com.ar\/inicio\/#\/schema\/person\/3abba7593ef2ad19e1be221d54383dc5\"},\"headline\":\"Punto por punto, las audiencias centrales del caso Maradona: declaraciones policiales, pruebas periciales y los 7 imputados bajo an\u00e1lisis\",\"datePublished\":\"2026-04-28T14:53:05+00:00\",\"mainEntityOfPage\":{\"@id\":\"https:\/\/gysfm.com.ar\/inicio\/punto-por-punto-las-audiencias-centrales-del-caso-maradona-declaraciones-policiales-pruebas-periciales-y-los-7-imputados-bajo-analisis\/\"},\"wordCount\":2011,\"publisher\":{\"@id\":\"https:\/\/gysfm.com.ar\/inicio\/#organization\"},\"image\":{\"@id\":\"https:\/\/gysfm.com.ar\/inicio\/punto-por-punto-las-audiencias-centrales-del-caso-maradona-declaraciones-policiales-pruebas-periciales-y-los-7-imputados-bajo-analisis\/#primaryimage\"},\"thumbnailUrl\":\"https:\/\/gysfm.com.ar\/inicio\/wp-content\/uploads\/2026\/04\/juicio-por-la-muerte-de-maradona-2228719.jpg\",\"articleSection\":[\"NACIONALES\"],\"inLanguage\":\"es\"},{\"@type\":\"WebPage\",\"@id\":\"https:\/\/gysfm.com.ar\/inicio\/punto-por-punto-las-audiencias-centrales-del-caso-maradona-declaraciones-policiales-pruebas-periciales-y-los-7-imputados-bajo-analisis\/\",\"url\":\"https:\/\/gysfm.com.ar\/inicio\/punto-por-punto-las-audiencias-centrales-del-caso-maradona-declaraciones-policiales-pruebas-periciales-y-los-7-imputados-bajo-analisis\/\",\"name\":\"Punto por punto, las audiencias centrales del caso Maradona: declaraciones policiales, pruebas periciales y los 7 imputados bajo an\u00e1lisis - GYS NOTICIAS |\",\"isPartOf\":{\"@id\":\"https:\/\/gysfm.com.ar\/inicio\/#website\"},\"primaryImageOfPage\":{\"@id\":\"https:\/\/gysfm.com.ar\/inicio\/punto-por-punto-las-audiencias-centrales-del-caso-maradona-declaraciones-policiales-pruebas-periciales-y-los-7-imputados-bajo-analisis\/#primaryimage\"},\"image\":{\"@id\":\"https:\/\/gysfm.com.ar\/inicio\/punto-por-punto-las-audiencias-centrales-del-caso-maradona-declaraciones-policiales-pruebas-periciales-y-los-7-imputados-bajo-analisis\/#primaryimage\"},\"thumbnailUrl\":\"https:\/\/gysfm.com.ar\/inicio\/wp-content\/uploads\/2026\/04\/juicio-por-la-muerte-de-maradona-2228719.jpg\",\"datePublished\":\"2026-04-28T14:53:05+00:00\",\"breadcrumb\":{\"@id\":\"https:\/\/gysfm.com.ar\/inicio\/punto-por-punto-las-audiencias-centrales-del-caso-maradona-declaraciones-policiales-pruebas-periciales-y-los-7-imputados-bajo-analisis\/#breadcrumb\"},\"inLanguage\":\"es\",\"potentialAction\":[{\"@type\":\"ReadAction\",\"target\":[\"https:\/\/gysfm.com.ar\/inicio\/punto-por-punto-las-audiencias-centrales-del-caso-maradona-declaraciones-policiales-pruebas-periciales-y-los-7-imputados-bajo-analisis\/\"]}]},{\"@type\":\"ImageObject\",\"inLanguage\":\"es\",\"@id\":\"https:\/\/gysfm.com.ar\/inicio\/punto-por-punto-las-audiencias-centrales-del-caso-maradona-declaraciones-policiales-pruebas-periciales-y-los-7-imputados-bajo-analisis\/#primaryimage\",\"url\":\"https:\/\/gysfm.com.ar\/inicio\/wp-content\/uploads\/2026\/04\/juicio-por-la-muerte-de-maradona-2228719.jpg\",\"contentUrl\":\"https:\/\/gysfm.com.ar\/inicio\/wp-content\/uploads\/2026\/04\/juicio-por-la-muerte-de-maradona-2228719.jpg\",\"width\":1140,\"height\":641},{\"@type\":\"BreadcrumbList\",\"@id\":\"https:\/\/gysfm.com.ar\/inicio\/punto-por-punto-las-audiencias-centrales-del-caso-maradona-declaraciones-policiales-pruebas-periciales-y-los-7-imputados-bajo-analisis\/#breadcrumb\",\"itemListElement\":[{\"@type\":\"ListItem\",\"position\":1,\"name\":\"Portada\",\"item\":\"https:\/\/gysfm.com.ar\/inicio\/\"},{\"@type\":\"ListItem\",\"position\":2,\"name\":\"Punto por punto, las audiencias centrales del caso Maradona: declaraciones policiales, pruebas periciales y los 7 imputados bajo an\u00e1lisis\"}]},{\"@type\":\"WebSite\",\"@id\":\"https:\/\/gysfm.com.ar\/inicio\/#website\",\"url\":\"https:\/\/gysfm.com.ar\/inicio\/\",\"name\":\"GYS NOTICIAS |\",\"description\":\"DIARIO - RADIO ONLINE SAN JUAN ARGENTINA\",\"publisher\":{\"@id\":\"https:\/\/gysfm.com.ar\/inicio\/#organization\"},\"potentialAction\":[{\"@type\":\"SearchAction\",\"target\":{\"@type\":\"EntryPoint\",\"urlTemplate\":\"https:\/\/gysfm.com.ar\/inicio\/?s={search_term_string}\"},\"query-input\":{\"@type\":\"PropertyValueSpecification\",\"valueRequired\":true,\"valueName\":\"search_term_string\"}}],\"inLanguage\":\"es\"},{\"@type\":\"Organization\",\"@id\":\"https:\/\/gysfm.com.ar\/inicio\/#organization\",\"name\":\"GYS NOTICIAS |\",\"url\":\"https:\/\/gysfm.com.ar\/inicio\/\",\"logo\":{\"@type\":\"ImageObject\",\"inLanguage\":\"es\",\"@id\":\"https:\/\/gysfm.com.ar\/inicio\/#\/schema\/logo\/image\/\",\"url\":\"https:\/\/gysfm.com.ar\/inicio\/wp-content\/uploads\/2023\/07\/LOGOGYS-OK.png\",\"contentUrl\":\"https:\/\/gysfm.com.ar\/inicio\/wp-content\/uploads\/2023\/07\/LOGOGYS-OK.png\",\"width\":1170,\"height\":872,\"caption\":\"GYS NOTICIAS |\"},\"image\":{\"@id\":\"https:\/\/gysfm.com.ar\/inicio\/#\/schema\/logo\/image\/\"}},{\"@type\":\"Person\",\"@id\":\"https:\/\/gysfm.com.ar\/inicio\/#\/schema\/person\/3abba7593ef2ad19e1be221d54383dc5\",\"name\":\"Prensa G&amp;S FM\",\"image\":{\"@type\":\"ImageObject\",\"inLanguage\":\"es\",\"@id\":\"https:\/\/gysfm.com.ar\/inicio\/#\/schema\/person\/image\/\",\"url\":\"https:\/\/secure.gravatar.com\/avatar\/096ec78df02049ab018702bb4ccedf659377fa92a26540b5247612077a0dbd29?s=96&d=mm&r=g\",\"contentUrl\":\"https:\/\/secure.gravatar.com\/avatar\/096ec78df02049ab018702bb4ccedf659377fa92a26540b5247612077a0dbd29?s=96&d=mm&r=g\",\"caption\":\"Prensa G&amp;S FM\"},\"sameAs\":[\"https:\/\/gysfm.com.ar\/\"],\"url\":\"https:\/\/gysfm.com.ar\/inicio\/author\/lucasm\/\"}]}<\/script>\n<!-- \/ Yoast SEO plugin. -->","yoast_head_json":{"title":"Punto por punto, las audiencias centrales del caso Maradona: declaraciones policiales, pruebas periciales y los 7 imputados bajo an\u00e1lisis - GYS NOTICIAS |","robots":{"index":"index","follow":"follow","max-snippet":"max-snippet:-1","max-image-preview":"max-image-preview:large","max-video-preview":"max-video-preview:-1"},"canonical":"https:\/\/gysfm.com.ar\/inicio\/punto-por-punto-las-audiencias-centrales-del-caso-maradona-declaraciones-policiales-pruebas-periciales-y-los-7-imputados-bajo-analisis\/","og_locale":"es_ES","og_type":"article","og_title":"Punto por punto, las audiencias centrales del caso Maradona: declaraciones policiales, pruebas periciales y los 7 imputados bajo an\u00e1lisis - GYS NOTICIAS |","og_description":"El nuevo juicio por la muerte de Diego Armando Maradona avanza en el Tribunal Oral en lo Criminal N\u00b07 de San Isidro y, en sus primeras cuatro audiencias, dej\u00f3 exposiciones cruzadas, declaraciones m\u00e9dicas, acusaciones de la fiscal\u00eda y estrategias defensivas orientadas a desligar responsabilidades. A partir del 14 de abril, comenz\u00f3 con la presentaci\u00f3n de [&hellip;]","og_url":"https:\/\/gysfm.com.ar\/inicio\/punto-por-punto-las-audiencias-centrales-del-caso-maradona-declaraciones-policiales-pruebas-periciales-y-los-7-imputados-bajo-analisis\/","og_site_name":"GYS NOTICIAS |","article_published_time":"2026-04-28T14:53:05+00:00","og_image":[{"url":"https:\/\/fotos.perfil.com\/\/2026\/04\/22\/900\/0\/juicio-por-la-muerte-de-diego-maradona-audiencia-21-04-2225458.jpg?webp","type":"","width":"","height":""}],"author":"Prensa G&amp;S FM","twitter_card":"summary_large_image","twitter_misc":{"Escrito por":"Prensa G&amp;S FM","Tiempo de lectura":"10 minutos"},"schema":{"@context":"https:\/\/schema.org","@graph":[{"@type":"Article","@id":"https:\/\/gysfm.com.ar\/inicio\/punto-por-punto-las-audiencias-centrales-del-caso-maradona-declaraciones-policiales-pruebas-periciales-y-los-7-imputados-bajo-analisis\/#article","isPartOf":{"@id":"https:\/\/gysfm.com.ar\/inicio\/punto-por-punto-las-audiencias-centrales-del-caso-maradona-declaraciones-policiales-pruebas-periciales-y-los-7-imputados-bajo-analisis\/"},"author":{"name":"Prensa G&amp;S FM","@id":"https:\/\/gysfm.com.ar\/inicio\/#\/schema\/person\/3abba7593ef2ad19e1be221d54383dc5"},"headline":"Punto por punto, las audiencias centrales del caso Maradona: declaraciones policiales, pruebas periciales y los 7 imputados bajo an\u00e1lisis","datePublished":"2026-04-28T14:53:05+00:00","mainEntityOfPage":{"@id":"https:\/\/gysfm.com.ar\/inicio\/punto-por-punto-las-audiencias-centrales-del-caso-maradona-declaraciones-policiales-pruebas-periciales-y-los-7-imputados-bajo-analisis\/"},"wordCount":2011,"publisher":{"@id":"https:\/\/gysfm.com.ar\/inicio\/#organization"},"image":{"@id":"https:\/\/gysfm.com.ar\/inicio\/punto-por-punto-las-audiencias-centrales-del-caso-maradona-declaraciones-policiales-pruebas-periciales-y-los-7-imputados-bajo-analisis\/#primaryimage"},"thumbnailUrl":"https:\/\/gysfm.com.ar\/inicio\/wp-content\/uploads\/2026\/04\/juicio-por-la-muerte-de-maradona-2228719.jpg","articleSection":["NACIONALES"],"inLanguage":"es"},{"@type":"WebPage","@id":"https:\/\/gysfm.com.ar\/inicio\/punto-por-punto-las-audiencias-centrales-del-caso-maradona-declaraciones-policiales-pruebas-periciales-y-los-7-imputados-bajo-analisis\/","url":"https:\/\/gysfm.com.ar\/inicio\/punto-por-punto-las-audiencias-centrales-del-caso-maradona-declaraciones-policiales-pruebas-periciales-y-los-7-imputados-bajo-analisis\/","name":"Punto por punto, las audiencias centrales del caso Maradona: declaraciones policiales, pruebas periciales y los 7 imputados bajo an\u00e1lisis - GYS NOTICIAS |","isPartOf":{"@id":"https:\/\/gysfm.com.ar\/inicio\/#website"},"primaryImageOfPage":{"@id":"https:\/\/gysfm.com.ar\/inicio\/punto-por-punto-las-audiencias-centrales-del-caso-maradona-declaraciones-policiales-pruebas-periciales-y-los-7-imputados-bajo-analisis\/#primaryimage"},"image":{"@id":"https:\/\/gysfm.com.ar\/inicio\/punto-por-punto-las-audiencias-centrales-del-caso-maradona-declaraciones-policiales-pruebas-periciales-y-los-7-imputados-bajo-analisis\/#primaryimage"},"thumbnailUrl":"https:\/\/gysfm.com.ar\/inicio\/wp-content\/uploads\/2026\/04\/juicio-por-la-muerte-de-maradona-2228719.jpg","datePublished":"2026-04-28T14:53:05+00:00","breadcrumb":{"@id":"https:\/\/gysfm.com.ar\/inicio\/punto-por-punto-las-audiencias-centrales-del-caso-maradona-declaraciones-policiales-pruebas-periciales-y-los-7-imputados-bajo-analisis\/#breadcrumb"},"inLanguage":"es","potentialAction":[{"@type":"ReadAction","target":["https:\/\/gysfm.com.ar\/inicio\/punto-por-punto-las-audiencias-centrales-del-caso-maradona-declaraciones-policiales-pruebas-periciales-y-los-7-imputados-bajo-analisis\/"]}]},{"@type":"ImageObject","inLanguage":"es","@id":"https:\/\/gysfm.com.ar\/inicio\/punto-por-punto-las-audiencias-centrales-del-caso-maradona-declaraciones-policiales-pruebas-periciales-y-los-7-imputados-bajo-analisis\/#primaryimage","url":"https:\/\/gysfm.com.ar\/inicio\/wp-content\/uploads\/2026\/04\/juicio-por-la-muerte-de-maradona-2228719.jpg","contentUrl":"https:\/\/gysfm.com.ar\/inicio\/wp-content\/uploads\/2026\/04\/juicio-por-la-muerte-de-maradona-2228719.jpg","width":1140,"height":641},{"@type":"BreadcrumbList","@id":"https:\/\/gysfm.com.ar\/inicio\/punto-por-punto-las-audiencias-centrales-del-caso-maradona-declaraciones-policiales-pruebas-periciales-y-los-7-imputados-bajo-analisis\/#breadcrumb","itemListElement":[{"@type":"ListItem","position":1,"name":"Portada","item":"https:\/\/gysfm.com.ar\/inicio\/"},{"@type":"ListItem","position":2,"name":"Punto por punto, las audiencias centrales del caso Maradona: declaraciones policiales, pruebas periciales y los 7 imputados bajo an\u00e1lisis"}]},{"@type":"WebSite","@id":"https:\/\/gysfm.com.ar\/inicio\/#website","url":"https:\/\/gysfm.com.ar\/inicio\/","name":"GYS NOTICIAS |","description":"DIARIO - RADIO ONLINE SAN JUAN ARGENTINA","publisher":{"@id":"https:\/\/gysfm.com.ar\/inicio\/#organization"},"potentialAction":[{"@type":"SearchAction","target":{"@type":"EntryPoint","urlTemplate":"https:\/\/gysfm.com.ar\/inicio\/?s={search_term_string}"},"query-input":{"@type":"PropertyValueSpecification","valueRequired":true,"valueName":"search_term_string"}}],"inLanguage":"es"},{"@type":"Organization","@id":"https:\/\/gysfm.com.ar\/inicio\/#organization","name":"GYS NOTICIAS |","url":"https:\/\/gysfm.com.ar\/inicio\/","logo":{"@type":"ImageObject","inLanguage":"es","@id":"https:\/\/gysfm.com.ar\/inicio\/#\/schema\/logo\/image\/","url":"https:\/\/gysfm.com.ar\/inicio\/wp-content\/uploads\/2023\/07\/LOGOGYS-OK.png","contentUrl":"https:\/\/gysfm.com.ar\/inicio\/wp-content\/uploads\/2023\/07\/LOGOGYS-OK.png","width":1170,"height":872,"caption":"GYS NOTICIAS |"},"image":{"@id":"https:\/\/gysfm.com.ar\/inicio\/#\/schema\/logo\/image\/"}},{"@type":"Person","@id":"https:\/\/gysfm.com.ar\/inicio\/#\/schema\/person\/3abba7593ef2ad19e1be221d54383dc5","name":"Prensa G&amp;S FM","image":{"@type":"ImageObject","inLanguage":"es","@id":"https:\/\/gysfm.com.ar\/inicio\/#\/schema\/person\/image\/","url":"https:\/\/secure.gravatar.com\/avatar\/096ec78df02049ab018702bb4ccedf659377fa92a26540b5247612077a0dbd29?s=96&d=mm&r=g","contentUrl":"https:\/\/secure.gravatar.com\/avatar\/096ec78df02049ab018702bb4ccedf659377fa92a26540b5247612077a0dbd29?s=96&d=mm&r=g","caption":"Prensa G&amp;S FM"},"sameAs":["https:\/\/gysfm.com.ar\/"],"url":"https:\/\/gysfm.com.ar\/inicio\/author\/lucasm\/"}]}},"_links":{"self":[{"href":"https:\/\/gysfm.com.ar\/inicio\/wp-json\/wp\/v2\/posts\/193466","targetHints":{"allow":["GET"]}}],"collection":[{"href":"https:\/\/gysfm.com.ar\/inicio\/wp-json\/wp\/v2\/posts"}],"about":[{"href":"https:\/\/gysfm.com.ar\/inicio\/wp-json\/wp\/v2\/types\/post"}],"author":[{"embeddable":true,"href":"https:\/\/gysfm.com.ar\/inicio\/wp-json\/wp\/v2\/users\/2"}],"replies":[{"embeddable":true,"href":"https:\/\/gysfm.com.ar\/inicio\/wp-json\/wp\/v2\/comments?post=193466"}],"version-history":[{"count":0,"href":"https:\/\/gysfm.com.ar\/inicio\/wp-json\/wp\/v2\/posts\/193466\/revisions"}],"wp:featuredmedia":[{"embeddable":true,"href":"https:\/\/gysfm.com.ar\/inicio\/wp-json\/wp\/v2\/media\/193467"}],"wp:attachment":[{"href":"https:\/\/gysfm.com.ar\/inicio\/wp-json\/wp\/v2\/media?parent=193466"}],"wp:term":[{"taxonomy":"category","embeddable":true,"href":"https:\/\/gysfm.com.ar\/inicio\/wp-json\/wp\/v2\/categories?post=193466"},{"taxonomy":"post_tag","embeddable":true,"href":"https:\/\/gysfm.com.ar\/inicio\/wp-json\/wp\/v2\/tags?post=193466"}],"curies":[{"name":"wp","href":"https:\/\/api.w.org\/{rel}","templated":true}]}}