{"id":193464,"date":"2026-04-28T11:22:12","date_gmt":"2026-04-28T14:22:12","guid":{"rendered":"https:\/\/gysfm.com.ar\/inicio\/malvinas-que-hay-detras-del-giro-de-trump-y-el-vacio-estrategico-del-gobierno\/"},"modified":"2026-04-28T11:22:12","modified_gmt":"2026-04-28T14:22:12","slug":"malvinas-que-hay-detras-del-giro-de-trump-y-el-vacio-estrategico-del-gobierno","status":"publish","type":"post","link":"https:\/\/gysfm.com.ar\/inicio\/malvinas-que-hay-detras-del-giro-de-trump-y-el-vacio-estrategico-del-gobierno\/","title":{"rendered":"Malvinas: qu\u00e9 hay detr\u00e1s del giro de Trump y el vac\u00edo estrat\u00e9gico del Gobierno"},"content":{"rendered":"<p><\/p>\n<div id=\"article-content\">\n<p>La reciente filtraci\u00f3n de un <a target=\"_blank\" href=\"https:\/\/www.perfil.com\/noticias\/politica\/quirno-le-respondio-a-gran-bretana-en-medio-de-las-amenazas-de-estados-unidos-de-retirar-su-apoyo.phtml\"><strong>memo<\/strong> del <strong>Pent\u00e1gono<\/strong><\/a>, en <strong>Estados<\/strong> <strong>Unidos<\/strong>, provoc\u00f3 un inter\u00e9s inusual en <strong>Malvinas <\/strong>y domin\u00f3 la conversaci\u00f3n digital del fin de semana. El debate en las redes, que excedi\u00f3 a la reacci\u00f3n de pol\u00edticos argentinos y brit\u00e1nicos, se torn\u00f3 global, en una serie de cruces que pusieron en tela de juicio no solo la soberan\u00eda del estrat\u00e9gico archipi\u00e9lago del Atl\u00e1ntico sur, sino los vestigios del colonialismo ingl\u00e9s en el siglo XXI. Pero tambi\u00e9n dej\u00f3 entrever la <a target=\"_blank\" href=\"https:\/\/www.perfil.com\/noticias\/politica\/milei-profundiza-su-alianza-militar-con-eeuu-mientras-crece-el-costo-politico-en-torno-a-malvinas-a39.phtml\">inc\u00f3moda posici\u00f3n diplom\u00e1tica<\/a> de Argentina en torno a la Cuesti\u00f3n Malvinas, en l\u00ednea con el giro en pol\u00edtica exterior de Javier Milei anclado en el alineamiento total con Washington.<\/p>\n<h2><strong>Malvinas en clave global: debate digital tras la filtraci\u00f3n del Pent\u00e1gono<\/strong><\/h2>\n<p>Mientras usuarios pro brit\u00e1nicos mencionaban el refer\u00e9ndum ilegal de 2013 de los habitantes de <strong>Malvinas<\/strong>, un referente libertario en temas de defensa marcaba el contrapunto en un pol\u00e9mico video que se volvi\u00f3 viral, donde se lo ve dispar\u00e1ndole a un cartel con la frase \u00ab<strong>Opini\u00f3n de los kelpers\u00bb, <\/strong>dejando entrever la diferencia entre el respeto a los \u00abintereses u opiniones\u00bb de los isle\u00f1os (como marca la postura argentina), pero no sus \u00abdeseos\u00bb, en un laberinto conceptual que remite al <em>fallido<\/em> de Javier Milei en su discurso del 2 de abril de 2025.<\/p>\n<p>Ocurri\u00f3, adem\u00e1s, en medio de la expectativa ante la posibilidad de que Estados Unidos cambie su postura de neutralidad (y respaldo de facto a la administraci\u00f3n brit\u00e1nica de las islas) y \u00abapoye\u00bb expl\u00edcitamente la posici\u00f3n argentina, en l\u00ednea con las resoluciones de la ONU y del Comit\u00e9 de Descolonizaci\u00f3n, como sostienen pa\u00edses de la regi\u00f3n y actores como China o India. <\/p>\n<div class=\"subscription\">\n<p>\n        Esto no les gusta a los autoritarios\n    <\/p>\n<div class=\"subscription__container\">\n<div class=\"subscription__text-wrapper\">\n<p>\n                El ejercicio del periodismo profesional y cr\u00edtico es un pilar fundamental de la democracia. Por eso molesta a quienes creen ser los due\u00f1os de la verdad.\n            <\/p>\n<\/p><\/div><\/div>\n<\/div>\n<p><iframe id=\"vrudo\" class=\"vrudo\" src=\"https:\/\/rudo.video\/vod\/bWryHh?volume=0\" width=\"100%\" height=\"100%\" allowscriptaccess=\"always\" allowfullscreen=\"true\" webkitallowfullscreen=\"true\" frameborder=\"0\" scrolling=\"no\" allow=\"autoplay; fullscreen\" loading=\"lazy\" title=\"Contenido embebido\"><\/iframe><\/p>\n<p>En medio del enojo del establishment brit\u00e1nico con Washington, hubo voces que hasta, sin quererlo, reconocieron que Malvinas es un <strong>caso de colonialismo.<\/strong> Esto lo dej\u00f3 entrever una el hijo del mandatario estadounidense, <strong>Eric Trump,<\/strong> quien se sum\u00f3 al debate al responderle v\u00eda X al conocido presentador britanico Piers Morgan, quien hab\u00eda afirmado que, ya que quieren \u00absacarle\u00bb las Malvinas al Reino Unido, \u00e9ste entonces deber\u00eda \u00abreclamar\u00bb los derechos sobre su excolonia en Am\u00e9rica del Norte. \u00abTe quiero pero, \u00bfpor qu\u00e9 no empez\u00e1s por recuperar Londres y restablecer la libertad de expresi\u00f3n?\u00bb, le respondi\u00f3 el vicepresidente de la Organizaci\u00f3n Trump, iron\u00eda mediante.<\/p>\n<p>Como tel\u00f3n de fondo estuvo el momento en el que se filtr\u00f3 el memo del \u00e1rea de defensa del gobierno estadounidense, un detalle que tampoco pas\u00f3 desapercibido por los internautas. El imprevisible desenlace de la <strong>guerra<\/strong> <strong>contra Ir\u00e1n <\/strong>reorden\u00f3 las prioridades de la Casa Blanca a dos meses de su inicio, con un elevado costo pol\u00edtico interno hacia Trump que no logr\u00f3 convencer a los iran\u00edes de que reabrieran el estrecho de Ormuz.<\/p>\n<p>Las fallidas amenazas coincidieron con el deterioro de su v\u00ednculo con aliados europeos de la <strong>OTAN<\/strong>, entre ellos el <strong>Reino<\/strong> <strong>Unido<\/strong>, a quienes les reclama por no haber participado de la ofensiva. El impacto en los <strong>precios<\/strong> del <strong>combustible<\/strong>, las cr\u00edticas dentro del propio espacio republicano y sectores del trumpismo, sumado a la dificultad para consolidar apoyos internacionales en su cruzada en Medio Oriente junto a Israel, configuran un escenario de presi\u00f3n que excede la cuesti\u00f3n Malvinas.<\/p>\n<p class=\"destacadoNota\"><a target=\"_blank\" href=\"https:\/\/www.perfil.com\/noticias\/canal-e\/apelar-a-malvinas-puede-terminar-como-el-efecto-galtieri-advirtio-guillermo-carmona-en-qr.phtml\">\u00abApelar a Malvinas puede terminar como el efecto Galtieri\u00bb, advirti\u00f3 Guillermo Carmona en \u00abQR!\u00bb<\/a><\/p>\n<h2><strong>\u00abPosesiones imperiales\u00bb; qu\u00e9 dice el memo que habla de Malvinas<\/strong><\/h2>\n<p>El memo filtrado por la agencia Reuters y replicado por los principales medios y tabloides brit\u00e1nicos ubic\u00f3 a las Malvinas en el centro de la conversaci\u00f3n pol\u00edtica global. El documento mencion\u00f3 la <strong>posibilidad de revisar el respaldo estadounidense<\/strong> a las <strong>\u00abposesiones imperiales europeas de larga data a nivel global\u00bb,<\/strong> en el marco de una discusi\u00f3n m\u00e1s amplia sobre alianzas y prioridades.<\/p>\n<p>Entre los casos mencionados figura la disputa entre la Argentina y el Reino Unido por la soberan\u00eda de las Islas Malvinas, Georgias y S\u00e1ndwich del Sur. En ese mismo texto se eval\u00faan otras medidas, como la eventual suspensi\u00f3n de Espa\u00f1a en esquemas de cooperaci\u00f3n militar, lo que refuerza la idea de que se trata de un paquete de presi\u00f3n sobre aliados m\u00e1s que de un giro espec\u00edfico en la pol\u00edtica hacia el<strong> Atl\u00e1ntico Sur,<\/strong> nodo estrat\u00e9gico en medio de la transici\u00f3n multipolar del orden mundial.<\/p>\n<div style=\"text-align:center\">\n<figure class=\"image\" style=\"display:inline-block\"><picture><source media=\"(max-width: 440px)\" srcset=\"https:\/\/fotos.perfil.com\/\/2026\/04\/27\/440\/0\/x-eric-trump-27042026-2228528.jpg?webp\"\/><source media=\"(max-width: 1019px)\" srcset=\"https:\/\/fotos.perfil.com\/\/2026\/04\/27\/712\/0\/x-eric-trump-27042026-2228528.jpg?webp\"\/><img decoding=\"async\" style=\"max-width: 100%; width: 100%;\" alt=\"X Eric Trump 27042026\" src=\"https:\/\/fotos.perfil.com\/\/2026\/04\/27\/900\/0\/x-eric-trump-27042026-2228528.jpg?webp\" loading=\"lazy\"\/><\/picture><figcaption>El ins\u00f3lito cruce entre el heredero de Donald Trump y un conductor brit\u00e1nico por las Malvinas.<\/figcaption><\/figure>\n<\/p><\/div>\n<p>Mientras tanto, referentes del gobierno nacional, incluidos el presidente <strong>Milei<\/strong> y el canciller<strong> Pablo Quirno<\/strong>, replicaron el contenido y reivindicaron la postura de la diplomacia argentina, consistente desde que el archipi\u00e9lago fue usurpado en 1833. <\/p>\n<p>A pesar de que, m\u00e1s all\u00e1 de la pol\u00edtica digital, la estrategia sobre Malvinas desde la asunci\u00f3n del gobierno libertario sigue sin claridad y nunca fue una prioridad, seg\u00fan reconstruy\u00f3 PERFIL desde diciembre de 2023 en contacto con la Canciller\u00eda: desde la gesti\u00f3n de Diana Mondino hasta el cierre de filas a la prensa impuesto por Gerardo Werthein, y distintas fuentes diplom\u00e1ticas, que incluso denunciaron la suspensi\u00f3n indefinida del<strong> Consejo Federal de Asuntos Relativos a Malvinas<\/strong> previsto por ley. <\/p>\n<h2><strong>Una condena y una omisi\u00f3n del Gobierno sobre el accionar ilegal en Malvinas<\/strong><\/h2>\n<p>El m\u00e1s incisivo fue Quirno, quien sum\u00f3 la renovada condena el avance de la explotaci\u00f3n ilegal de la <strong>cuenca Le\u00f3n Marino <\/strong>al norte de la isla Soledad, un proyecto del consorcio de capitales privados de la firma <strong>brit\u00e1nica Rockhopper y la israel\u00ed Navitas, <\/strong>que el presidente Milei no elev\u00f3 en su reciente viaje a Israel, cuando se encontr\u00f3 con Benjamin Netanyahu, seg\u00fan supo este medio.<\/p>\n<p class=\"destacadoNota\"><a target=\"_blank\" href=\"https:\/\/www.perfil.com\/noticias\/politica\/quirno-le-respondio-a-gran-bretana-en-medio-de-las-amenazas-de-estados-unidos-de-retirar-su-apoyo.phtml\">El Gobierno le respondi\u00f3 a Reino Unidos por Malvinas: \u00abEl pretendido refer\u00e9ndum no tiene validez\u00bb<\/a><\/p>\n<p>El proyecto de explotaci\u00f3n ilegal fue revelado por <a target=\"_blank\" href=\"https:\/\/www.perfil.com\/noticias\/politica\/malvinas-avanza-un-millonario-proyecto-petrolero-britanico-israeli-que-expuso-la-fractura-entre-el-gobierno-y-tierra-del-fuego.phtml\">PERFIL en agosto de 2025<\/a>. En ese momento, este medio consult\u00f3 a Canciller\u00eda sobre la condena que eventualmente <a target=\"_blank\" href=\"https:\/\/www.perfil.com\/noticias\/internacional\/mientras-milei-mira-a-londres-cancilleria-condeno-la-explotacion-unilateral-de-una-cuenca-de-malvinas-a39.phtml\">llegar\u00eda un mes despu\u00e9s <\/a>de que se anunciara en Puerto Argentino la aprobaci\u00f3n del proyecto que prepara el terreno para extraer aproximadamente <strong>1.700 millones de barriles de crudo<\/strong> de la cuenca ubicada a <strong>220 kil\u00f3metros<\/strong> de la costa argentina.<\/p>\n<p>En esa l\u00ednea, m\u00e1s adelante tampoco el Gobierno hizo referencia a la <strong>militarizaci\u00f3n del Atl\u00e1ntico sur <\/strong>por parte del Reino Unido, que escal\u00f3 en 2025 con ejercicios concretos como el Ex Cape Sword, desarrollado entre el 6 y el 14 de octubre en las islas, con simulaciones de combate, despliegues terrestres y coordinaci\u00f3n desde la base militar brit\u00e1nica en Monte Agradable, a 48 kil\u00f3metros de Puerto Argentino. <\/p>\n<p>A lo largo de ese a\u00f1o se registraron al menos cinco maniobras militares de este tipo, con rotaci\u00f3n de tropas, participaci\u00f3n de medios a\u00e9reos (incluidos cuatro aviones cazas Eurofighter Typhoon) y presencia naval sostenida. A ese esquema se sum\u00f3 la anterior participaci\u00f3n de efectivos de Kosovo en tareas de entrenamiento conjunto, en el marco de acuerdos de cooperaci\u00f3n militar brit\u00e1nicos, en un contexto donde Argentina no reconoce la independencia de ese territorio.<\/p>\n<div style=\"text-align:center\">\n<figure class=\"image\" style=\"display:inline-block\"><picture><source media=\"(max-width: 440px)\" srcset=\"https:\/\/fotos.perfil.com\/\/2026\/04\/27\/440\/0\/x-javier-milei-27042026-2228523.jpg?webp\"\/><source media=\"(max-width: 1019px)\" srcset=\"https:\/\/fotos.perfil.com\/\/2026\/04\/27\/712\/0\/x-javier-milei-27042026-2228523.jpg?webp\"\/><img decoding=\"async\" style=\"max-width: 100%; width: 100%;\" alt=\"X Javier Milei 27042026\" src=\"https:\/\/fotos.perfil.com\/\/2026\/04\/27\/900\/0\/x-javier-milei-27042026-2228523.jpg?webp\" loading=\"lazy\"\/><\/picture><figcaption>Javier Milei y Pablo Quirno publicaron en sus redes tras la filtraci\u00f3n del Pent\u00e1gono.<\/figcaption><\/figure>\n<\/p><\/div>\n<h2><strong>Se\u00f1ales ambiguas <\/strong><\/h2>\n<p>En paralelo, el presidente Milei se sacaba una foto con la presidenta de Kosovo, en un gesto que introdujo otra capa de tensi\u00f3n en la pol\u00edtica exterior. Incluso se lleg\u00f3 a especular con un eventual viaje a Londres, lo que lo hubiera convertido en el segundo presidente en hacerlo despu\u00e9s de Carlos Menem tras la recuperaci\u00f3n de las islas y la guerra de 1982.<\/p>\n<p>En este contexto, el posible viaje de Milei a Londres tambi\u00e9n gener\u00f3 ruido. Sumado a que podr\u00eda reunirse, entre otros, con Nigel Farage, autor del Brexit y referente de la internacional reaccionaria o conservadora, que durante el fin de semana no dej\u00f3 lugar a dudas sobre la posici\u00f3n que comparte toda la pol\u00edtica brit\u00e1nica (conservadores laboristas o independientes) sobre el estrat\u00e9gico territorio que conquistaron por la fuerza. \u00ab<strong>Las Malvinas son y siempre ser\u00e1n brit\u00e1nicas<\/strong>\u00ab, tuite\u00f3 Farage, en contraposici\u00f3n al \u00ab<strong>Las Malvinas fueron, son y siempre ser\u00e1n argentinas. VLLC<\/strong>\u00ab, de Milei.<\/p>\n<p>En tanto, la menci\u00f3n de Malvinas por parte del Departamento de Defensa de EE.UU., a cargo de Pete Hegseth, fue le\u00edda en clave de \u00abcastigo\u00bb de Trump a Reino Unido por su postura \u00abneutral\u00bb ante la agresi\u00f3n contra Ir\u00e1n. Pero tambi\u00e9n se desprende de una l\u00f3gica m\u00e1s amplia: la nueva doctrina de seguridad nacional de EEUU.<\/p>\n<p class=\"destacadoNota\"><a target=\"_blank\" href=\"https:\/\/www.perfil.com\/noticias\/politica\/nuevos-pliegos-la-estrategia-de-juan-bautista-mahiques-abre-dudas-dentro-y-fuera-del-gobierno.phtml\">Dudas en el Gobierno por la estrategia de Juan Bautista Mahiques por los pliegos de jueces con pasado kirchnerista<\/a><\/p>\n<p>El eje ya lo hab\u00eda trazado <strong>Peter Lamelas<\/strong> antes de ser designado embajador en Argentina. Ante el Senado estadounidense, y con la <strong>\u00abinjerencia china\u00bb<\/strong> en la regi\u00f3n bajo la mira, el entonces candidato sorprendi\u00f3 al poner sobre la mesa la Cuesti\u00f3n Malvinas. \u00ab<strong>No reconocemos la soberan\u00eda de uno ni de otro\u00bb<\/strong>, sostuvo. \u00abReconocemos la administraci\u00f3n brit\u00e1nica de las islas pero mantenemos una postura neutral. A<strong>preciamos un di\u00e1logo continuo entre las partes<\/strong>\u00ab, continu\u00f3.<\/p>\n<p>Esa ambig\u00fcedad no es nueva. En 2020, Estados Unidos acompa\u00f1\u00f3 en la OEA una declaraci\u00f3n que instaba a una resoluci\u00f3n negociada entre la Argentina y el Reino Unido, en l\u00ednea con las resoluciones de Naciones Unidas, una posici\u00f3n que fue le\u00edda como una se\u00f1al de neutralidad relativa en la disputa, a diferencia de lo ocurrido en 1982.<\/p>\n<h2><strong>Alineamiento hemisf\u00e9rico y Malvinas como zanahoria<\/strong><\/h2>\n<p>En paralelo, el frente militar regional tambi\u00e9n se reconfigura. La compra de cazas F-16 por parte de Argentina, una pulseada con los JF Thunder chinos que defini\u00f3 Milei apenas asumi\u00f3, se inscribe en un escenario m\u00e1s amplio de competencia estrat\u00e9gica. En la misma semana que se filtr\u00f3 el memo, <strong>Washington presion\u00f3 recientemente a Per\u00fa para avanzar en adquisiciones similares<\/strong>, en l\u00ednea con una nueva doctrina de seguridad que retoma elementos de la l\u00f3gica de la vieja Doctrina Monroe, orientada ahora a limitar la influencia de China en el hemisferio occidental.<\/p>\n<div style=\"text-align:center\">\n<figure class=\"image\" style=\"display:inline-block\"><picture><source media=\"(max-width: 440px)\" srcset=\"https:\/\/fotos.perfil.com\/\/2026\/04\/27\/440\/0\/x-unidad-irlandesa-27042026-2228518.jpg?webp\"\/><source media=\"(max-width: 1019px)\" srcset=\"https:\/\/fotos.perfil.com\/\/2026\/04\/27\/712\/0\/x-unidad-irlandesa-27042026-2228518.jpg?webp\"\/><img decoding=\"async\" style=\"max-width: 100%; width: 100%;\" alt=\"X Unidad Irlandesa 27042026\" src=\"https:\/\/fotos.perfil.com\/\/2026\/04\/27\/900\/0\/x-unidad-irlandesa-27042026-2228518.jpg?webp\" loading=\"lazy\"\/><\/picture><figcaption>Cuentas asociadas al reclamo de Irlanda ante el Reino Unido tambi\u00e9n participaron del debate digital sobre Malvinas.<\/figcaption><\/figure>\n<\/p><\/div>\n<p>Ese reordenamiento convive con un contexto adverso para la administraci\u00f3n Trump. El aumento del precio del combustible, las dificultades para sostener su participaci\u00f3n en la guerra en Medio Orientey las tensiones con aliados europeos profundizan un escenario de presi\u00f3n interna y externa que obliga a recalibrar posiciones.<\/p>\n<p>En ese marco, Malvinas aparece menos como un eje en s\u00ed mismo que como una ficha dentro de un juego m\u00e1s amplio o una herramienta de negociaci\u00f3n. Y como efecto de una crisis m\u00e1s amplia del orden mundial en funci\u00f3n de intereses coyunturales, utilizada como una variable de presi\u00f3n.<\/p>\n<p>A nivel local, sectores de la oposici\u00f3n se pronunciaron en esa linea. \u00abLa pol\u00edtica internacional que Milei presenta como novedosa responde al mismo pensamiento unipolar y entreguista que ya se aplic\u00f3 hace m\u00e1s de tres d\u00e9cadas con resultados catastr\u00f3ficos\u00bb, sostuvo el gobernador bonaerense Axel Kicillof, una de las voces que se refirieron impl\u00edcitamente al contexto en que ocurri\u00f3 la recuperaci\u00f3n de Malvinas en 1982 durante la dictadura.<\/p>\n<p>CD\/EM<\/p>\n<\/p><\/div>\n<p><script>\n                !function(f,b,e,v,n,t,s)\n                {if(f.fbq)return;n=f.fbq=function(){n.callMethod?\n                    n.callMethod.apply(n,arguments):n.queue.push(arguments)};\n                    if(!f._fbq)f._fbq=n;n.push=n;n.loaded=!0;n.version='2.0';\n                    n.queue=[];t=b.createElement(e);t.async=!0;\n                    t.src=v;s=b.getElementsByTagName(e)[0];\n                    s.parentNode.insertBefore(t,s)}(window, document,'script',\n                    'https:\/\/connect.facebook.net\/en_US\/fbevents.js');\n                window.paywallConfig.facebook_pixel=\"1000228364089342\"\n            <\/script><\/p>\n","protected":false},"excerpt":{"rendered":"<p>La reciente filtraci\u00f3n de un memo del Pent\u00e1gono, en Estados Unidos, provoc\u00f3 un inter\u00e9s inusual en Malvinas y domin\u00f3 la conversaci\u00f3n digital del fin de semana. El debate en las redes, que excedi\u00f3 a la reacci\u00f3n de pol\u00edticos argentinos y brit\u00e1nicos, se torn\u00f3 global, en una serie de cruces que pusieron en tela de juicio [&hellip;]<\/p>\n","protected":false},"author":2,"featured_media":193465,"comment_status":"closed","ping_status":"closed","sticky":false,"template":"","format":"standard","meta":{"footnotes":""},"categories":[25],"tags":[],"class_list":["post-193464","post","type-post","status-publish","format-standard","has-post-thumbnail","hentry","category-nacionales"],"yoast_head":"<!-- This site is optimized with the Yoast SEO plugin v24.4 - https:\/\/yoast.com\/wordpress\/plugins\/seo\/ -->\n<title>Malvinas: qu\u00e9 hay detr\u00e1s del giro de Trump y el vac\u00edo estrat\u00e9gico del Gobierno - GYS NOTICIAS |<\/title>\n<meta name=\"robots\" content=\"index, follow, max-snippet:-1, max-image-preview:large, max-video-preview:-1\" \/>\n<link rel=\"canonical\" href=\"https:\/\/gysfm.com.ar\/inicio\/malvinas-que-hay-detras-del-giro-de-trump-y-el-vacio-estrategico-del-gobierno\/\" \/>\n<meta property=\"og:locale\" content=\"es_ES\" \/>\n<meta property=\"og:type\" content=\"article\" \/>\n<meta property=\"og:title\" content=\"Malvinas: qu\u00e9 hay detr\u00e1s del giro de Trump y el vac\u00edo estrat\u00e9gico del Gobierno - GYS NOTICIAS |\" \/>\n<meta property=\"og:description\" content=\"La reciente filtraci\u00f3n de un memo del Pent\u00e1gono, en Estados Unidos, provoc\u00f3 un inter\u00e9s inusual en Malvinas y domin\u00f3 la conversaci\u00f3n digital del fin de semana. El debate en las redes, que excedi\u00f3 a la reacci\u00f3n de pol\u00edticos argentinos y brit\u00e1nicos, se torn\u00f3 global, en una serie de cruces que pusieron en tela de juicio [&hellip;]\" \/>\n<meta property=\"og:url\" content=\"https:\/\/gysfm.com.ar\/inicio\/malvinas-que-hay-detras-del-giro-de-trump-y-el-vacio-estrategico-del-gobierno\/\" \/>\n<meta property=\"og:site_name\" content=\"GYS NOTICIAS |\" \/>\n<meta property=\"article:published_time\" content=\"2026-04-28T14:22:12+00:00\" \/>\n<meta property=\"og:image\" content=\"https:\/\/fotos.perfil.com\/\/2026\/04\/27\/900\/0\/x-eric-trump-27042026-2228528.jpg?webp\" \/>\n<meta name=\"author\" content=\"Prensa G&amp;S FM\" \/>\n<meta name=\"twitter:card\" content=\"summary_large_image\" \/>\n<meta name=\"twitter:label1\" content=\"Escrito por\" \/>\n\t<meta name=\"twitter:data1\" content=\"Prensa G&amp;S FM\" \/>\n\t<meta name=\"twitter:label2\" content=\"Tiempo de lectura\" \/>\n\t<meta name=\"twitter:data2\" content=\"10 minutos\" \/>\n<script type=\"application\/ld+json\" class=\"yoast-schema-graph\">{\"@context\":\"https:\/\/schema.org\",\"@graph\":[{\"@type\":\"Article\",\"@id\":\"https:\/\/gysfm.com.ar\/inicio\/malvinas-que-hay-detras-del-giro-de-trump-y-el-vacio-estrategico-del-gobierno\/#article\",\"isPartOf\":{\"@id\":\"https:\/\/gysfm.com.ar\/inicio\/malvinas-que-hay-detras-del-giro-de-trump-y-el-vacio-estrategico-del-gobierno\/\"},\"author\":{\"name\":\"Prensa G&amp;S FM\",\"@id\":\"https:\/\/gysfm.com.ar\/inicio\/#\/schema\/person\/3abba7593ef2ad19e1be221d54383dc5\"},\"headline\":\"Malvinas: qu\u00e9 hay detr\u00e1s del giro de Trump y el vac\u00edo estrat\u00e9gico del Gobierno\",\"datePublished\":\"2026-04-28T14:22:12+00:00\",\"mainEntityOfPage\":{\"@id\":\"https:\/\/gysfm.com.ar\/inicio\/malvinas-que-hay-detras-del-giro-de-trump-y-el-vacio-estrategico-del-gobierno\/\"},\"wordCount\":1980,\"publisher\":{\"@id\":\"https:\/\/gysfm.com.ar\/inicio\/#organization\"},\"image\":{\"@id\":\"https:\/\/gysfm.com.ar\/inicio\/malvinas-que-hay-detras-del-giro-de-trump-y-el-vacio-estrategico-del-gobierno\/#primaryimage\"},\"thumbnailUrl\":\"https:\/\/gysfm.com.ar\/inicio\/wp-content\/uploads\/2026\/04\/isla-malvinas-y-kelpers-27042026-2228537.jpg\",\"articleSection\":[\"NACIONALES\"],\"inLanguage\":\"es\"},{\"@type\":\"WebPage\",\"@id\":\"https:\/\/gysfm.com.ar\/inicio\/malvinas-que-hay-detras-del-giro-de-trump-y-el-vacio-estrategico-del-gobierno\/\",\"url\":\"https:\/\/gysfm.com.ar\/inicio\/malvinas-que-hay-detras-del-giro-de-trump-y-el-vacio-estrategico-del-gobierno\/\",\"name\":\"Malvinas: qu\u00e9 hay detr\u00e1s del giro de Trump y el vac\u00edo estrat\u00e9gico del Gobierno - GYS NOTICIAS |\",\"isPartOf\":{\"@id\":\"https:\/\/gysfm.com.ar\/inicio\/#website\"},\"primaryImageOfPage\":{\"@id\":\"https:\/\/gysfm.com.ar\/inicio\/malvinas-que-hay-detras-del-giro-de-trump-y-el-vacio-estrategico-del-gobierno\/#primaryimage\"},\"image\":{\"@id\":\"https:\/\/gysfm.com.ar\/inicio\/malvinas-que-hay-detras-del-giro-de-trump-y-el-vacio-estrategico-del-gobierno\/#primaryimage\"},\"thumbnailUrl\":\"https:\/\/gysfm.com.ar\/inicio\/wp-content\/uploads\/2026\/04\/isla-malvinas-y-kelpers-27042026-2228537.jpg\",\"datePublished\":\"2026-04-28T14:22:12+00:00\",\"breadcrumb\":{\"@id\":\"https:\/\/gysfm.com.ar\/inicio\/malvinas-que-hay-detras-del-giro-de-trump-y-el-vacio-estrategico-del-gobierno\/#breadcrumb\"},\"inLanguage\":\"es\",\"potentialAction\":[{\"@type\":\"ReadAction\",\"target\":[\"https:\/\/gysfm.com.ar\/inicio\/malvinas-que-hay-detras-del-giro-de-trump-y-el-vacio-estrategico-del-gobierno\/\"]}]},{\"@type\":\"ImageObject\",\"inLanguage\":\"es\",\"@id\":\"https:\/\/gysfm.com.ar\/inicio\/malvinas-que-hay-detras-del-giro-de-trump-y-el-vacio-estrategico-del-gobierno\/#primaryimage\",\"url\":\"https:\/\/gysfm.com.ar\/inicio\/wp-content\/uploads\/2026\/04\/isla-malvinas-y-kelpers-27042026-2228537.jpg\",\"contentUrl\":\"https:\/\/gysfm.com.ar\/inicio\/wp-content\/uploads\/2026\/04\/isla-malvinas-y-kelpers-27042026-2228537.jpg\",\"width\":1140,\"height\":641},{\"@type\":\"BreadcrumbList\",\"@id\":\"https:\/\/gysfm.com.ar\/inicio\/malvinas-que-hay-detras-del-giro-de-trump-y-el-vacio-estrategico-del-gobierno\/#breadcrumb\",\"itemListElement\":[{\"@type\":\"ListItem\",\"position\":1,\"name\":\"Portada\",\"item\":\"https:\/\/gysfm.com.ar\/inicio\/\"},{\"@type\":\"ListItem\",\"position\":2,\"name\":\"Malvinas: qu\u00e9 hay detr\u00e1s del giro de Trump y el vac\u00edo estrat\u00e9gico del Gobierno\"}]},{\"@type\":\"WebSite\",\"@id\":\"https:\/\/gysfm.com.ar\/inicio\/#website\",\"url\":\"https:\/\/gysfm.com.ar\/inicio\/\",\"name\":\"GYS NOTICIAS |\",\"description\":\"DIARIO - RADIO ONLINE SAN JUAN ARGENTINA\",\"publisher\":{\"@id\":\"https:\/\/gysfm.com.ar\/inicio\/#organization\"},\"potentialAction\":[{\"@type\":\"SearchAction\",\"target\":{\"@type\":\"EntryPoint\",\"urlTemplate\":\"https:\/\/gysfm.com.ar\/inicio\/?s={search_term_string}\"},\"query-input\":{\"@type\":\"PropertyValueSpecification\",\"valueRequired\":true,\"valueName\":\"search_term_string\"}}],\"inLanguage\":\"es\"},{\"@type\":\"Organization\",\"@id\":\"https:\/\/gysfm.com.ar\/inicio\/#organization\",\"name\":\"GYS NOTICIAS |\",\"url\":\"https:\/\/gysfm.com.ar\/inicio\/\",\"logo\":{\"@type\":\"ImageObject\",\"inLanguage\":\"es\",\"@id\":\"https:\/\/gysfm.com.ar\/inicio\/#\/schema\/logo\/image\/\",\"url\":\"https:\/\/gysfm.com.ar\/inicio\/wp-content\/uploads\/2023\/07\/LOGOGYS-OK.png\",\"contentUrl\":\"https:\/\/gysfm.com.ar\/inicio\/wp-content\/uploads\/2023\/07\/LOGOGYS-OK.png\",\"width\":1170,\"height\":872,\"caption\":\"GYS NOTICIAS |\"},\"image\":{\"@id\":\"https:\/\/gysfm.com.ar\/inicio\/#\/schema\/logo\/image\/\"}},{\"@type\":\"Person\",\"@id\":\"https:\/\/gysfm.com.ar\/inicio\/#\/schema\/person\/3abba7593ef2ad19e1be221d54383dc5\",\"name\":\"Prensa G&amp;S FM\",\"image\":{\"@type\":\"ImageObject\",\"inLanguage\":\"es\",\"@id\":\"https:\/\/gysfm.com.ar\/inicio\/#\/schema\/person\/image\/\",\"url\":\"https:\/\/secure.gravatar.com\/avatar\/096ec78df02049ab018702bb4ccedf659377fa92a26540b5247612077a0dbd29?s=96&d=mm&r=g\",\"contentUrl\":\"https:\/\/secure.gravatar.com\/avatar\/096ec78df02049ab018702bb4ccedf659377fa92a26540b5247612077a0dbd29?s=96&d=mm&r=g\",\"caption\":\"Prensa G&amp;S FM\"},\"sameAs\":[\"https:\/\/gysfm.com.ar\/\"],\"url\":\"https:\/\/gysfm.com.ar\/inicio\/author\/lucasm\/\"}]}<\/script>\n<!-- \/ Yoast SEO plugin. -->","yoast_head_json":{"title":"Malvinas: qu\u00e9 hay detr\u00e1s del giro de Trump y el vac\u00edo estrat\u00e9gico del Gobierno - GYS NOTICIAS |","robots":{"index":"index","follow":"follow","max-snippet":"max-snippet:-1","max-image-preview":"max-image-preview:large","max-video-preview":"max-video-preview:-1"},"canonical":"https:\/\/gysfm.com.ar\/inicio\/malvinas-que-hay-detras-del-giro-de-trump-y-el-vacio-estrategico-del-gobierno\/","og_locale":"es_ES","og_type":"article","og_title":"Malvinas: qu\u00e9 hay detr\u00e1s del giro de Trump y el vac\u00edo estrat\u00e9gico del Gobierno - GYS NOTICIAS |","og_description":"La reciente filtraci\u00f3n de un memo del Pent\u00e1gono, en Estados Unidos, provoc\u00f3 un inter\u00e9s inusual en Malvinas y domin\u00f3 la conversaci\u00f3n digital del fin de semana. El debate en las redes, que excedi\u00f3 a la reacci\u00f3n de pol\u00edticos argentinos y brit\u00e1nicos, se torn\u00f3 global, en una serie de cruces que pusieron en tela de juicio [&hellip;]","og_url":"https:\/\/gysfm.com.ar\/inicio\/malvinas-que-hay-detras-del-giro-de-trump-y-el-vacio-estrategico-del-gobierno\/","og_site_name":"GYS NOTICIAS |","article_published_time":"2026-04-28T14:22:12+00:00","og_image":[{"url":"https:\/\/fotos.perfil.com\/\/2026\/04\/27\/900\/0\/x-eric-trump-27042026-2228528.jpg?webp","type":"","width":"","height":""}],"author":"Prensa G&amp;S FM","twitter_card":"summary_large_image","twitter_misc":{"Escrito por":"Prensa G&amp;S FM","Tiempo de lectura":"10 minutos"},"schema":{"@context":"https:\/\/schema.org","@graph":[{"@type":"Article","@id":"https:\/\/gysfm.com.ar\/inicio\/malvinas-que-hay-detras-del-giro-de-trump-y-el-vacio-estrategico-del-gobierno\/#article","isPartOf":{"@id":"https:\/\/gysfm.com.ar\/inicio\/malvinas-que-hay-detras-del-giro-de-trump-y-el-vacio-estrategico-del-gobierno\/"},"author":{"name":"Prensa G&amp;S FM","@id":"https:\/\/gysfm.com.ar\/inicio\/#\/schema\/person\/3abba7593ef2ad19e1be221d54383dc5"},"headline":"Malvinas: qu\u00e9 hay detr\u00e1s del giro de Trump y el vac\u00edo estrat\u00e9gico del Gobierno","datePublished":"2026-04-28T14:22:12+00:00","mainEntityOfPage":{"@id":"https:\/\/gysfm.com.ar\/inicio\/malvinas-que-hay-detras-del-giro-de-trump-y-el-vacio-estrategico-del-gobierno\/"},"wordCount":1980,"publisher":{"@id":"https:\/\/gysfm.com.ar\/inicio\/#organization"},"image":{"@id":"https:\/\/gysfm.com.ar\/inicio\/malvinas-que-hay-detras-del-giro-de-trump-y-el-vacio-estrategico-del-gobierno\/#primaryimage"},"thumbnailUrl":"https:\/\/gysfm.com.ar\/inicio\/wp-content\/uploads\/2026\/04\/isla-malvinas-y-kelpers-27042026-2228537.jpg","articleSection":["NACIONALES"],"inLanguage":"es"},{"@type":"WebPage","@id":"https:\/\/gysfm.com.ar\/inicio\/malvinas-que-hay-detras-del-giro-de-trump-y-el-vacio-estrategico-del-gobierno\/","url":"https:\/\/gysfm.com.ar\/inicio\/malvinas-que-hay-detras-del-giro-de-trump-y-el-vacio-estrategico-del-gobierno\/","name":"Malvinas: qu\u00e9 hay detr\u00e1s del giro de Trump y el vac\u00edo estrat\u00e9gico del Gobierno - GYS NOTICIAS |","isPartOf":{"@id":"https:\/\/gysfm.com.ar\/inicio\/#website"},"primaryImageOfPage":{"@id":"https:\/\/gysfm.com.ar\/inicio\/malvinas-que-hay-detras-del-giro-de-trump-y-el-vacio-estrategico-del-gobierno\/#primaryimage"},"image":{"@id":"https:\/\/gysfm.com.ar\/inicio\/malvinas-que-hay-detras-del-giro-de-trump-y-el-vacio-estrategico-del-gobierno\/#primaryimage"},"thumbnailUrl":"https:\/\/gysfm.com.ar\/inicio\/wp-content\/uploads\/2026\/04\/isla-malvinas-y-kelpers-27042026-2228537.jpg","datePublished":"2026-04-28T14:22:12+00:00","breadcrumb":{"@id":"https:\/\/gysfm.com.ar\/inicio\/malvinas-que-hay-detras-del-giro-de-trump-y-el-vacio-estrategico-del-gobierno\/#breadcrumb"},"inLanguage":"es","potentialAction":[{"@type":"ReadAction","target":["https:\/\/gysfm.com.ar\/inicio\/malvinas-que-hay-detras-del-giro-de-trump-y-el-vacio-estrategico-del-gobierno\/"]}]},{"@type":"ImageObject","inLanguage":"es","@id":"https:\/\/gysfm.com.ar\/inicio\/malvinas-que-hay-detras-del-giro-de-trump-y-el-vacio-estrategico-del-gobierno\/#primaryimage","url":"https:\/\/gysfm.com.ar\/inicio\/wp-content\/uploads\/2026\/04\/isla-malvinas-y-kelpers-27042026-2228537.jpg","contentUrl":"https:\/\/gysfm.com.ar\/inicio\/wp-content\/uploads\/2026\/04\/isla-malvinas-y-kelpers-27042026-2228537.jpg","width":1140,"height":641},{"@type":"BreadcrumbList","@id":"https:\/\/gysfm.com.ar\/inicio\/malvinas-que-hay-detras-del-giro-de-trump-y-el-vacio-estrategico-del-gobierno\/#breadcrumb","itemListElement":[{"@type":"ListItem","position":1,"name":"Portada","item":"https:\/\/gysfm.com.ar\/inicio\/"},{"@type":"ListItem","position":2,"name":"Malvinas: qu\u00e9 hay detr\u00e1s del giro de Trump y el vac\u00edo estrat\u00e9gico del Gobierno"}]},{"@type":"WebSite","@id":"https:\/\/gysfm.com.ar\/inicio\/#website","url":"https:\/\/gysfm.com.ar\/inicio\/","name":"GYS NOTICIAS |","description":"DIARIO - RADIO ONLINE SAN JUAN ARGENTINA","publisher":{"@id":"https:\/\/gysfm.com.ar\/inicio\/#organization"},"potentialAction":[{"@type":"SearchAction","target":{"@type":"EntryPoint","urlTemplate":"https:\/\/gysfm.com.ar\/inicio\/?s={search_term_string}"},"query-input":{"@type":"PropertyValueSpecification","valueRequired":true,"valueName":"search_term_string"}}],"inLanguage":"es"},{"@type":"Organization","@id":"https:\/\/gysfm.com.ar\/inicio\/#organization","name":"GYS NOTICIAS |","url":"https:\/\/gysfm.com.ar\/inicio\/","logo":{"@type":"ImageObject","inLanguage":"es","@id":"https:\/\/gysfm.com.ar\/inicio\/#\/schema\/logo\/image\/","url":"https:\/\/gysfm.com.ar\/inicio\/wp-content\/uploads\/2023\/07\/LOGOGYS-OK.png","contentUrl":"https:\/\/gysfm.com.ar\/inicio\/wp-content\/uploads\/2023\/07\/LOGOGYS-OK.png","width":1170,"height":872,"caption":"GYS NOTICIAS |"},"image":{"@id":"https:\/\/gysfm.com.ar\/inicio\/#\/schema\/logo\/image\/"}},{"@type":"Person","@id":"https:\/\/gysfm.com.ar\/inicio\/#\/schema\/person\/3abba7593ef2ad19e1be221d54383dc5","name":"Prensa G&amp;S FM","image":{"@type":"ImageObject","inLanguage":"es","@id":"https:\/\/gysfm.com.ar\/inicio\/#\/schema\/person\/image\/","url":"https:\/\/secure.gravatar.com\/avatar\/096ec78df02049ab018702bb4ccedf659377fa92a26540b5247612077a0dbd29?s=96&d=mm&r=g","contentUrl":"https:\/\/secure.gravatar.com\/avatar\/096ec78df02049ab018702bb4ccedf659377fa92a26540b5247612077a0dbd29?s=96&d=mm&r=g","caption":"Prensa G&amp;S FM"},"sameAs":["https:\/\/gysfm.com.ar\/"],"url":"https:\/\/gysfm.com.ar\/inicio\/author\/lucasm\/"}]}},"_links":{"self":[{"href":"https:\/\/gysfm.com.ar\/inicio\/wp-json\/wp\/v2\/posts\/193464","targetHints":{"allow":["GET"]}}],"collection":[{"href":"https:\/\/gysfm.com.ar\/inicio\/wp-json\/wp\/v2\/posts"}],"about":[{"href":"https:\/\/gysfm.com.ar\/inicio\/wp-json\/wp\/v2\/types\/post"}],"author":[{"embeddable":true,"href":"https:\/\/gysfm.com.ar\/inicio\/wp-json\/wp\/v2\/users\/2"}],"replies":[{"embeddable":true,"href":"https:\/\/gysfm.com.ar\/inicio\/wp-json\/wp\/v2\/comments?post=193464"}],"version-history":[{"count":0,"href":"https:\/\/gysfm.com.ar\/inicio\/wp-json\/wp\/v2\/posts\/193464\/revisions"}],"wp:featuredmedia":[{"embeddable":true,"href":"https:\/\/gysfm.com.ar\/inicio\/wp-json\/wp\/v2\/media\/193465"}],"wp:attachment":[{"href":"https:\/\/gysfm.com.ar\/inicio\/wp-json\/wp\/v2\/media?parent=193464"}],"wp:term":[{"taxonomy":"category","embeddable":true,"href":"https:\/\/gysfm.com.ar\/inicio\/wp-json\/wp\/v2\/categories?post=193464"},{"taxonomy":"post_tag","embeddable":true,"href":"https:\/\/gysfm.com.ar\/inicio\/wp-json\/wp\/v2\/tags?post=193464"}],"curies":[{"name":"wp","href":"https:\/\/api.w.org\/{rel}","templated":true}]}}