{"id":193462,"date":"2026-04-28T11:14:13","date_gmt":"2026-04-28T14:14:13","guid":{"rendered":"https:\/\/gysfm.com.ar\/inicio\/el-deficit-de-servicios-cayo-35-interanual-en-marzo\/"},"modified":"2026-04-28T11:14:13","modified_gmt":"2026-04-28T14:14:13","slug":"el-deficit-de-servicios-cayo-35-interanual-en-marzo","status":"publish","type":"post","link":"https:\/\/gysfm.com.ar\/inicio\/el-deficit-de-servicios-cayo-35-interanual-en-marzo\/","title":{"rendered":"el d\u00e9ficit de servicios cay\u00f3 35% interanual en marzo"},"content":{"rendered":"<p> <br \/>\n<\/p>\n<div id=\"\">\n<p id=\"p-1777272529800-55687\">En un mes de baja estacionalidad tur\u00edstica el saldo de<strong> la balanza cambiaria del sector servicios retrocedi\u00f3 en marzo pasado un 35% con relaci\u00f3n a un a\u00f1o atr\u00e1s y casi un 30% respecto al mes anterior, a niveles de u$s522 millones<\/strong>. De esta manera el primer trimestre del 2026 cierra con un d\u00e9ficit de u$s2.208 millones lo que implica una mejora del 27% interanual (unos u$s816 millones menos). Pero adem\u00e1s de que la estacionalidad tur\u00edstica jug\u00f3 a favor tambi\u00e9n lo hizo el cronograma de vencimientos de intereses, sin embargo, el giro de dividendos agu\u00f3 el festejo.<\/p>\n<\/div>\n<div id=\"\">\n<p id=\"p-1777272529800-66150\"><strong>Con relaci\u00f3n a lo ocurrido el mes pasado, dos conceptos explican el d\u00e9ficit: los \u201cconsumos de bienes y servicios pagados con tarjetas y viajes\u201d y \u201cotros\u201d.<\/strong><\/p>\n<\/p><\/div>\n<div id=\"\">\n<p id=\"p-1777272529800-33290\">Seg\u00fan explica el <strong>Banco Central (BCRA)<\/strong>, la estimaci\u00f3n de la cuenta Viajes y Pasajes a trav\u00e9s del mercado de cambios result\u00f3 en egresos netos por u$s393 millones, vinculados a egresos brutos de u$s780 millones e ingresos brutos que rondaron los u$s387 millones. Con respecto a los egresos brutos se\u00f1ala que surgen a partir de los gastos con tarjetas por viajes, estimados en u$s584 millones (valor que excluye servicios digitales por u$s148 millones y los pagos con tarjeta por bienes despachados mediante servicios postales por u$s103 millones).<\/p>\n<\/p><\/div>\n<div id=\"\">\n<p id=\"p-1777272529800-90639\"> Pero, adem\u00e1s, se registraron u$s114 millones de giros al exterior de operadores tur\u00edsticos y u$s83 millones asociados a servicios de transporte de pasajeros.<\/p>\n<\/div>\n<div id=\"\">\n<p id=\"p-1777272529800-58245\">Mientras que los ingresos brutos, que el BCRA los estiman de la misma forma, se explican a partir de cobros de tarjetas por viajes por u$s274 millones (excluyendo servicios digitales y unos u$s5 millones de ingresos por exportaciones de bienes despachados mediante servicios postales), de giros del exterior de operadores tur\u00edsticos por u$s58 millones y de ingresos por servicios de transporte de pasajeros por u$s56 millones.<\/p>\n<\/div>\n<div id=\"\">\n<p id=\"p-1777272529800-25712\">No hay que soslayar que el BCRA estima que un 70% de todos los egresos por consumos de bienes y servicios por viajes, otros pagos con tarjeta y servicios de transporte de pasajeros son directamente cancelados por los clientes con fondos en moneda extranjera, mayormente comprados en el mercado de cambios. De lo contrario los n\u00fameros podr\u00edan indicar otra cosa.<\/p>\n<p id=\"p-1777272529800-15009\">En cuanto al resto de la cuenta \u201cServicios\u201d los datos de marzo muestran que se debi\u00f3 a los egresos netos por \u201cOtros servicios\u201d (u$s244 millones), de \u201cFletes y seguros\u201d (u$s114 millones) y de bienes despachados mediante servicios postales (u$s98 millones). Los mismos fueron parcialmente compensados por los ingresos netos en concepto de \u201cServicios empresariales profesionales y t\u00e9cnicos\u201d por u$s327 millones.<\/p>\n<p id=\"p-1777272529800-46333\">Por otro lado, las operaciones en concepto de ingreso primario representaron una salida neta de u$s1.321 millones, explicada principalmente por egresos netos de utilidades, dividendos y otras rentas por u$s876 millones. Al respecto, cabe recordar que en abril del a\u00f1o pasado el BCRA autoriz\u00f3 el acceso al mercado de cambios para realizar pagos de dividendos a accionistas no residentes correspondientes a las utilidades obtenidas en los balances cuyos ejercicios comiencen a partir del 1\u00b0 de enero de 2025. A su vez, las personas jur\u00eddicas y humanas que suscribieron los bonos BOPREAL desde la serie 3 en adelante pueden usar los d\u00f3lares a los que acceden mediante ese bono para pagos en concepto de utilidades y dividendos.<\/p>\n<p id=\"p-1777272529800-23643\">Sin duda, <strong>esto impact\u00f3 en el saldo de marzo y de ahora en m\u00e1s puede ser un factor a tener m\u00e1s presente a la hora de proyectar el mercado cambiario del resto del a\u00f1o<\/strong>.<\/p>\n<p id=\"p-1777272529800-69237\">En tal sentido, los egresos por utilidades y dividendos de marzo sumaron u$s869 millones, los cuales fueron realizados, seg\u00fan el BCRA, mediante compras en el mercado de cambios por u$s603 millones y a trav\u00e9s de operaciones de canjes (u$s265 millones), fondeados principalmente a trav\u00e9s de cobros de BOPREAL.<\/p>\n<h2 id=\"p-1777272529800-23377\">\u00bfQui\u00e9nes fueron los que giraron dividendos al exterior?<\/h2>\n<p id=\"p-1777272811293-46023\">Del total de los egresos brutos por utilidades y dividendos, se destacan los sectores \u201cEnerg\u00eda\u201d con u$s460 millones, \u201cMetales Comunes y Elaboraci\u00f3n\u201d por u$s132 millones y \u201cAlimentos, Bebidas y Tabaco\u201d por u$s106 millones.<\/p>\n<p id=\"p-1777272529800-12563\">Por otro lado, se registraron pagos netos de intereses por u$s444 millones, de los cuales u$s239 millones fueron realizados por el Gobierno y el BCRA. Y adem\u00e1s, las operaciones por ingreso secundario representaron un super\u00e1vit de u$s17 millones.<\/p>\n<\/p><\/div>\n<p><script>\n!function(f,b,e,v,n,t,s)\n{if(f.fbq)return;n=f.fbq=function(){n.callMethod?\nn.callMethod.apply(n,arguments):n.queue.push(arguments)};\nif(!f._fbq)f._fbq=n;n.push=n;n.loaded=!0;n.version='2.0';\nn.queue=[];t=b.createElement(e);t.async=!0;\nt.src=v;s=b.getElementsByTagName(e)[0];\ns.parentNode.insertBefore(t,s)}(window,document,'script',\n'https:\/\/connect.facebook.net\/en_US\/fbevents.js');\nfbq('init', '2047048335588113');\nfbq('track', 'PageView');\n<\/script><br \/>\n<br \/><\/p>\n","protected":false},"excerpt":{"rendered":"<p>En un mes de baja estacionalidad tur\u00edstica el saldo de la balanza cambiaria del sector servicios retrocedi\u00f3 en marzo pasado un 35% con relaci\u00f3n a un a\u00f1o atr\u00e1s y casi un 30% respecto al mes anterior, a niveles de u$s522 millones. De esta manera el primer trimestre del 2026 cierra con un d\u00e9ficit de u$s2.208 [&hellip;]<\/p>\n","protected":false},"author":1,"featured_media":193463,"comment_status":"closed","ping_status":"closed","sticky":false,"template":"","format":"standard","meta":{"footnotes":""},"categories":[28],"tags":[],"class_list":["post-193462","post","type-post","status-publish","format-standard","has-post-thumbnail","hentry","category-economia"],"yoast_head":"<!-- This site is optimized with the Yoast SEO plugin v24.4 - https:\/\/yoast.com\/wordpress\/plugins\/seo\/ -->\n<title>el d\u00e9ficit de servicios cay\u00f3 35% interanual en marzo - GYS NOTICIAS |<\/title>\n<meta name=\"robots\" content=\"index, follow, max-snippet:-1, max-image-preview:large, max-video-preview:-1\" \/>\n<link rel=\"canonical\" href=\"https:\/\/gysfm.com.ar\/inicio\/el-deficit-de-servicios-cayo-35-interanual-en-marzo\/\" \/>\n<meta property=\"og:locale\" content=\"es_ES\" \/>\n<meta property=\"og:type\" content=\"article\" \/>\n<meta property=\"og:title\" content=\"el d\u00e9ficit de servicios cay\u00f3 35% interanual en marzo - GYS NOTICIAS |\" \/>\n<meta property=\"og:description\" content=\"En un mes de baja estacionalidad tur\u00edstica el saldo de la balanza cambiaria del sector servicios retrocedi\u00f3 en marzo pasado un 35% con relaci\u00f3n a un a\u00f1o atr\u00e1s y casi un 30% respecto al mes anterior, a niveles de u$s522 millones. De esta manera el primer trimestre del 2026 cierra con un d\u00e9ficit de u$s2.208 [&hellip;]\" \/>\n<meta property=\"og:url\" content=\"https:\/\/gysfm.com.ar\/inicio\/el-deficit-de-servicios-cayo-35-interanual-en-marzo\/\" \/>\n<meta property=\"og:site_name\" content=\"GYS NOTICIAS |\" \/>\n<meta property=\"article:published_time\" content=\"2026-04-28T14:14:13+00:00\" \/>\n<meta name=\"author\" content=\"admin\" \/>\n<meta name=\"twitter:card\" content=\"summary_large_image\" \/>\n<meta name=\"twitter:label1\" content=\"Escrito por\" \/>\n\t<meta name=\"twitter:data1\" content=\"admin\" \/>\n\t<meta name=\"twitter:label2\" content=\"Tiempo de lectura\" \/>\n\t<meta name=\"twitter:data2\" content=\"4 minutos\" \/>\n<script type=\"application\/ld+json\" class=\"yoast-schema-graph\">{\"@context\":\"https:\/\/schema.org\",\"@graph\":[{\"@type\":\"Article\",\"@id\":\"https:\/\/gysfm.com.ar\/inicio\/el-deficit-de-servicios-cayo-35-interanual-en-marzo\/#article\",\"isPartOf\":{\"@id\":\"https:\/\/gysfm.com.ar\/inicio\/el-deficit-de-servicios-cayo-35-interanual-en-marzo\/\"},\"author\":{\"name\":\"admin\",\"@id\":\"https:\/\/gysfm.com.ar\/inicio\/#\/schema\/person\/5bedd7ecd35cc35548d89effafa23696\"},\"headline\":\"el d\u00e9ficit de servicios cay\u00f3 35% interanual en marzo\",\"datePublished\":\"2026-04-28T14:14:13+00:00\",\"mainEntityOfPage\":{\"@id\":\"https:\/\/gysfm.com.ar\/inicio\/el-deficit-de-servicios-cayo-35-interanual-en-marzo\/\"},\"wordCount\":761,\"publisher\":{\"@id\":\"https:\/\/gysfm.com.ar\/inicio\/#organization\"},\"image\":{\"@id\":\"https:\/\/gysfm.com.ar\/inicio\/el-deficit-de-servicios-cayo-35-interanual-en-marzo\/#primaryimage\"},\"thumbnailUrl\":\"https:\/\/gysfm.com.ar\/inicio\/wp-content\/uploads\/2026\/04\/viajesjpg.jpg\",\"articleSection\":[\"ECONOMIA\"],\"inLanguage\":\"es\"},{\"@type\":\"WebPage\",\"@id\":\"https:\/\/gysfm.com.ar\/inicio\/el-deficit-de-servicios-cayo-35-interanual-en-marzo\/\",\"url\":\"https:\/\/gysfm.com.ar\/inicio\/el-deficit-de-servicios-cayo-35-interanual-en-marzo\/\",\"name\":\"el d\u00e9ficit de servicios cay\u00f3 35% interanual en marzo - GYS NOTICIAS |\",\"isPartOf\":{\"@id\":\"https:\/\/gysfm.com.ar\/inicio\/#website\"},\"primaryImageOfPage\":{\"@id\":\"https:\/\/gysfm.com.ar\/inicio\/el-deficit-de-servicios-cayo-35-interanual-en-marzo\/#primaryimage\"},\"image\":{\"@id\":\"https:\/\/gysfm.com.ar\/inicio\/el-deficit-de-servicios-cayo-35-interanual-en-marzo\/#primaryimage\"},\"thumbnailUrl\":\"https:\/\/gysfm.com.ar\/inicio\/wp-content\/uploads\/2026\/04\/viajesjpg.jpg\",\"datePublished\":\"2026-04-28T14:14:13+00:00\",\"breadcrumb\":{\"@id\":\"https:\/\/gysfm.com.ar\/inicio\/el-deficit-de-servicios-cayo-35-interanual-en-marzo\/#breadcrumb\"},\"inLanguage\":\"es\",\"potentialAction\":[{\"@type\":\"ReadAction\",\"target\":[\"https:\/\/gysfm.com.ar\/inicio\/el-deficit-de-servicios-cayo-35-interanual-en-marzo\/\"]}]},{\"@type\":\"ImageObject\",\"inLanguage\":\"es\",\"@id\":\"https:\/\/gysfm.com.ar\/inicio\/el-deficit-de-servicios-cayo-35-interanual-en-marzo\/#primaryimage\",\"url\":\"https:\/\/gysfm.com.ar\/inicio\/wp-content\/uploads\/2026\/04\/viajesjpg.jpg\",\"contentUrl\":\"https:\/\/gysfm.com.ar\/inicio\/wp-content\/uploads\/2026\/04\/viajesjpg.jpg\",\"width\":1200,\"height\":675},{\"@type\":\"BreadcrumbList\",\"@id\":\"https:\/\/gysfm.com.ar\/inicio\/el-deficit-de-servicios-cayo-35-interanual-en-marzo\/#breadcrumb\",\"itemListElement\":[{\"@type\":\"ListItem\",\"position\":1,\"name\":\"Portada\",\"item\":\"https:\/\/gysfm.com.ar\/inicio\/\"},{\"@type\":\"ListItem\",\"position\":2,\"name\":\"el d\u00e9ficit de servicios cay\u00f3 35% interanual en marzo\"}]},{\"@type\":\"WebSite\",\"@id\":\"https:\/\/gysfm.com.ar\/inicio\/#website\",\"url\":\"https:\/\/gysfm.com.ar\/inicio\/\",\"name\":\"GYS NOTICIAS |\",\"description\":\"DIARIO - RADIO ONLINE SAN JUAN ARGENTINA\",\"publisher\":{\"@id\":\"https:\/\/gysfm.com.ar\/inicio\/#organization\"},\"potentialAction\":[{\"@type\":\"SearchAction\",\"target\":{\"@type\":\"EntryPoint\",\"urlTemplate\":\"https:\/\/gysfm.com.ar\/inicio\/?s={search_term_string}\"},\"query-input\":{\"@type\":\"PropertyValueSpecification\",\"valueRequired\":true,\"valueName\":\"search_term_string\"}}],\"inLanguage\":\"es\"},{\"@type\":\"Organization\",\"@id\":\"https:\/\/gysfm.com.ar\/inicio\/#organization\",\"name\":\"GYS NOTICIAS |\",\"url\":\"https:\/\/gysfm.com.ar\/inicio\/\",\"logo\":{\"@type\":\"ImageObject\",\"inLanguage\":\"es\",\"@id\":\"https:\/\/gysfm.com.ar\/inicio\/#\/schema\/logo\/image\/\",\"url\":\"https:\/\/gysfm.com.ar\/inicio\/wp-content\/uploads\/2023\/07\/LOGOGYS-OK.png\",\"contentUrl\":\"https:\/\/gysfm.com.ar\/inicio\/wp-content\/uploads\/2023\/07\/LOGOGYS-OK.png\",\"width\":1170,\"height\":872,\"caption\":\"GYS NOTICIAS |\"},\"image\":{\"@id\":\"https:\/\/gysfm.com.ar\/inicio\/#\/schema\/logo\/image\/\"}},{\"@type\":\"Person\",\"@id\":\"https:\/\/gysfm.com.ar\/inicio\/#\/schema\/person\/5bedd7ecd35cc35548d89effafa23696\",\"name\":\"admin\",\"image\":{\"@type\":\"ImageObject\",\"inLanguage\":\"es\",\"@id\":\"https:\/\/gysfm.com.ar\/inicio\/#\/schema\/person\/image\/\",\"url\":\"https:\/\/secure.gravatar.com\/avatar\/c331d312b5243fb64d5ba28108a447b27c925295129a363082c9ea52c28d32c2?s=96&d=mm&r=g\",\"contentUrl\":\"https:\/\/secure.gravatar.com\/avatar\/c331d312b5243fb64d5ba28108a447b27c925295129a363082c9ea52c28d32c2?s=96&d=mm&r=g\",\"caption\":\"admin\"},\"sameAs\":[\"https:\/\/gysfm.com.ar\/inicio\"],\"url\":\"https:\/\/gysfm.com.ar\/inicio\/author\/admin\/\"}]}<\/script>\n<!-- \/ Yoast SEO plugin. -->","yoast_head_json":{"title":"el d\u00e9ficit de servicios cay\u00f3 35% interanual en marzo - GYS NOTICIAS |","robots":{"index":"index","follow":"follow","max-snippet":"max-snippet:-1","max-image-preview":"max-image-preview:large","max-video-preview":"max-video-preview:-1"},"canonical":"https:\/\/gysfm.com.ar\/inicio\/el-deficit-de-servicios-cayo-35-interanual-en-marzo\/","og_locale":"es_ES","og_type":"article","og_title":"el d\u00e9ficit de servicios cay\u00f3 35% interanual en marzo - GYS NOTICIAS |","og_description":"En un mes de baja estacionalidad tur\u00edstica el saldo de la balanza cambiaria del sector servicios retrocedi\u00f3 en marzo pasado un 35% con relaci\u00f3n a un a\u00f1o atr\u00e1s y casi un 30% respecto al mes anterior, a niveles de u$s522 millones. De esta manera el primer trimestre del 2026 cierra con un d\u00e9ficit de u$s2.208 [&hellip;]","og_url":"https:\/\/gysfm.com.ar\/inicio\/el-deficit-de-servicios-cayo-35-interanual-en-marzo\/","og_site_name":"GYS NOTICIAS |","article_published_time":"2026-04-28T14:14:13+00:00","author":"admin","twitter_card":"summary_large_image","twitter_misc":{"Escrito por":"admin","Tiempo de lectura":"4 minutos"},"schema":{"@context":"https:\/\/schema.org","@graph":[{"@type":"Article","@id":"https:\/\/gysfm.com.ar\/inicio\/el-deficit-de-servicios-cayo-35-interanual-en-marzo\/#article","isPartOf":{"@id":"https:\/\/gysfm.com.ar\/inicio\/el-deficit-de-servicios-cayo-35-interanual-en-marzo\/"},"author":{"name":"admin","@id":"https:\/\/gysfm.com.ar\/inicio\/#\/schema\/person\/5bedd7ecd35cc35548d89effafa23696"},"headline":"el d\u00e9ficit de servicios cay\u00f3 35% interanual en marzo","datePublished":"2026-04-28T14:14:13+00:00","mainEntityOfPage":{"@id":"https:\/\/gysfm.com.ar\/inicio\/el-deficit-de-servicios-cayo-35-interanual-en-marzo\/"},"wordCount":761,"publisher":{"@id":"https:\/\/gysfm.com.ar\/inicio\/#organization"},"image":{"@id":"https:\/\/gysfm.com.ar\/inicio\/el-deficit-de-servicios-cayo-35-interanual-en-marzo\/#primaryimage"},"thumbnailUrl":"https:\/\/gysfm.com.ar\/inicio\/wp-content\/uploads\/2026\/04\/viajesjpg.jpg","articleSection":["ECONOMIA"],"inLanguage":"es"},{"@type":"WebPage","@id":"https:\/\/gysfm.com.ar\/inicio\/el-deficit-de-servicios-cayo-35-interanual-en-marzo\/","url":"https:\/\/gysfm.com.ar\/inicio\/el-deficit-de-servicios-cayo-35-interanual-en-marzo\/","name":"el d\u00e9ficit de servicios cay\u00f3 35% interanual en marzo - GYS NOTICIAS |","isPartOf":{"@id":"https:\/\/gysfm.com.ar\/inicio\/#website"},"primaryImageOfPage":{"@id":"https:\/\/gysfm.com.ar\/inicio\/el-deficit-de-servicios-cayo-35-interanual-en-marzo\/#primaryimage"},"image":{"@id":"https:\/\/gysfm.com.ar\/inicio\/el-deficit-de-servicios-cayo-35-interanual-en-marzo\/#primaryimage"},"thumbnailUrl":"https:\/\/gysfm.com.ar\/inicio\/wp-content\/uploads\/2026\/04\/viajesjpg.jpg","datePublished":"2026-04-28T14:14:13+00:00","breadcrumb":{"@id":"https:\/\/gysfm.com.ar\/inicio\/el-deficit-de-servicios-cayo-35-interanual-en-marzo\/#breadcrumb"},"inLanguage":"es","potentialAction":[{"@type":"ReadAction","target":["https:\/\/gysfm.com.ar\/inicio\/el-deficit-de-servicios-cayo-35-interanual-en-marzo\/"]}]},{"@type":"ImageObject","inLanguage":"es","@id":"https:\/\/gysfm.com.ar\/inicio\/el-deficit-de-servicios-cayo-35-interanual-en-marzo\/#primaryimage","url":"https:\/\/gysfm.com.ar\/inicio\/wp-content\/uploads\/2026\/04\/viajesjpg.jpg","contentUrl":"https:\/\/gysfm.com.ar\/inicio\/wp-content\/uploads\/2026\/04\/viajesjpg.jpg","width":1200,"height":675},{"@type":"BreadcrumbList","@id":"https:\/\/gysfm.com.ar\/inicio\/el-deficit-de-servicios-cayo-35-interanual-en-marzo\/#breadcrumb","itemListElement":[{"@type":"ListItem","position":1,"name":"Portada","item":"https:\/\/gysfm.com.ar\/inicio\/"},{"@type":"ListItem","position":2,"name":"el d\u00e9ficit de servicios cay\u00f3 35% interanual en marzo"}]},{"@type":"WebSite","@id":"https:\/\/gysfm.com.ar\/inicio\/#website","url":"https:\/\/gysfm.com.ar\/inicio\/","name":"GYS NOTICIAS |","description":"DIARIO - RADIO ONLINE SAN JUAN ARGENTINA","publisher":{"@id":"https:\/\/gysfm.com.ar\/inicio\/#organization"},"potentialAction":[{"@type":"SearchAction","target":{"@type":"EntryPoint","urlTemplate":"https:\/\/gysfm.com.ar\/inicio\/?s={search_term_string}"},"query-input":{"@type":"PropertyValueSpecification","valueRequired":true,"valueName":"search_term_string"}}],"inLanguage":"es"},{"@type":"Organization","@id":"https:\/\/gysfm.com.ar\/inicio\/#organization","name":"GYS NOTICIAS |","url":"https:\/\/gysfm.com.ar\/inicio\/","logo":{"@type":"ImageObject","inLanguage":"es","@id":"https:\/\/gysfm.com.ar\/inicio\/#\/schema\/logo\/image\/","url":"https:\/\/gysfm.com.ar\/inicio\/wp-content\/uploads\/2023\/07\/LOGOGYS-OK.png","contentUrl":"https:\/\/gysfm.com.ar\/inicio\/wp-content\/uploads\/2023\/07\/LOGOGYS-OK.png","width":1170,"height":872,"caption":"GYS NOTICIAS |"},"image":{"@id":"https:\/\/gysfm.com.ar\/inicio\/#\/schema\/logo\/image\/"}},{"@type":"Person","@id":"https:\/\/gysfm.com.ar\/inicio\/#\/schema\/person\/5bedd7ecd35cc35548d89effafa23696","name":"admin","image":{"@type":"ImageObject","inLanguage":"es","@id":"https:\/\/gysfm.com.ar\/inicio\/#\/schema\/person\/image\/","url":"https:\/\/secure.gravatar.com\/avatar\/c331d312b5243fb64d5ba28108a447b27c925295129a363082c9ea52c28d32c2?s=96&d=mm&r=g","contentUrl":"https:\/\/secure.gravatar.com\/avatar\/c331d312b5243fb64d5ba28108a447b27c925295129a363082c9ea52c28d32c2?s=96&d=mm&r=g","caption":"admin"},"sameAs":["https:\/\/gysfm.com.ar\/inicio"],"url":"https:\/\/gysfm.com.ar\/inicio\/author\/admin\/"}]}},"_links":{"self":[{"href":"https:\/\/gysfm.com.ar\/inicio\/wp-json\/wp\/v2\/posts\/193462","targetHints":{"allow":["GET"]}}],"collection":[{"href":"https:\/\/gysfm.com.ar\/inicio\/wp-json\/wp\/v2\/posts"}],"about":[{"href":"https:\/\/gysfm.com.ar\/inicio\/wp-json\/wp\/v2\/types\/post"}],"author":[{"embeddable":true,"href":"https:\/\/gysfm.com.ar\/inicio\/wp-json\/wp\/v2\/users\/1"}],"replies":[{"embeddable":true,"href":"https:\/\/gysfm.com.ar\/inicio\/wp-json\/wp\/v2\/comments?post=193462"}],"version-history":[{"count":0,"href":"https:\/\/gysfm.com.ar\/inicio\/wp-json\/wp\/v2\/posts\/193462\/revisions"}],"wp:featuredmedia":[{"embeddable":true,"href":"https:\/\/gysfm.com.ar\/inicio\/wp-json\/wp\/v2\/media\/193463"}],"wp:attachment":[{"href":"https:\/\/gysfm.com.ar\/inicio\/wp-json\/wp\/v2\/media?parent=193462"}],"wp:term":[{"taxonomy":"category","embeddable":true,"href":"https:\/\/gysfm.com.ar\/inicio\/wp-json\/wp\/v2\/categories?post=193462"},{"taxonomy":"post_tag","embeddable":true,"href":"https:\/\/gysfm.com.ar\/inicio\/wp-json\/wp\/v2\/tags?post=193462"}],"curies":[{"name":"wp","href":"https:\/\/api.w.org\/{rel}","templated":true}]}}