{"id":193455,"date":"2026-04-28T10:51:06","date_gmt":"2026-04-28T13:51:06","guid":{"rendered":"https:\/\/gysfm.com.ar\/inicio\/asi-fue-el-encuentro-y-charla-de-mauricio-macri-y-chloe-bello-en-la-gala-de-caras\/"},"modified":"2026-04-28T10:51:06","modified_gmt":"2026-04-28T13:51:06","slug":"asi-fue-el-encuentro-y-charla-de-mauricio-macri-y-chloe-bello-en-la-gala-de-caras","status":"publish","type":"post","link":"https:\/\/gysfm.com.ar\/inicio\/asi-fue-el-encuentro-y-charla-de-mauricio-macri-y-chloe-bello-en-la-gala-de-caras\/","title":{"rendered":"As\u00ed fue el encuentro y charla de Mauricio Macri y Chloe Bello en la Gala de CARAS"},"content":{"rendered":"<p><\/p>\n<div>\n<p>Despu\u00e9s de los rumores de romance, <a target=\"_blank\" href=\"https:\/\/caras.perfil.com\/noticias\/celebridades\/chloe-bello-hablo-vinculo-mauricio-macri-somos-dos-personas-muy-distintas.phtml\">Mauricio Macri y Chloe\u00a0Bello<\/a> tuvieron un inesperado encuentro en la <strong>Gala de CARAS<\/strong>. El ex Presidente y la modelo se cruzaron en el <strong>Palacio Reconquista<\/strong> durante el mega evento, donde la <strong>Revista Caras<\/strong> celebr\u00f3 sus 33 a\u00f1os. Entre sonrisas, tuvieron un intercambio que se llev\u00f3 todas las miradas.\u00a0<\/p>\n<div style=\"text-align:center\">\n<figure class=\"image\" style=\"display:inline-block\"><img decoding=\"async\" style=\"max-width: 100%; width: 100%;\" alt=\"Mauricio Macri y Chlo\u00e9 Bello\" src=\"https:\/\/fotos.perfil.com\/\/2026\/04\/27\/900\/0\/mauricio-macri-y-chloe-bello-2228907.jpg\" loading=\"lazy\"\/>&#13;<figcaption>Mauricio Macri y Chloe Bello<\/figcaption>&#13;<br \/>\n<\/figure>\n<\/div>\n<p>En ese contexto, la presencia de <a target=\"_blank\" href=\"https:\/\/caras.perfil.com\/noticias\/celebridades\/casa-familia-mauricio-macri-nadie-logra-vender-construida-1940-18-ambientes-dos-ascensores.phtml\">Mauricio Macri<\/a> no pas\u00f3 desapercibida. Con un perfil bajo pero siempre observado, su aparici\u00f3n se dio en un momento particular, marcado por los rumores\u00a0sobre su vida sentimental. <strong>La Gala de CARAS, que reuni\u00f3 a figuras de distintos \u00e1mbitos, termin\u00f3 siendo el escenario para un cruce que no estaba en los planes. <\/strong>Se trata de la primera aparici\u00f3n p\u00fablica en conjunto del exmandatario y la modelo, tras los rumores de romance que los vincularon.\u00a0<\/p>\n<h2>El encuentro de\u00a0Mauricio Macri y Chloe Bello\u00a0<\/h2>\n<p>Tras anunciar su separaci\u00f3n de\u00a0<a target=\"_blank\" href=\"https:\/\/caras.perfil.com\/noticias\/celebridades\/juliana-awada-separacion-mauricio-macri-procesando.phtml\">Juliana Awada<\/a>\u00a0en enero pasado, desde entonces\u00a0<strong>Mauricio Macri<\/strong>\u00a0fue protagonisya de diversos\u00a0rumores\u00a0 de romances, con reconocidas figuras. sobre su vida sentimental. Uno de ellos fue protagonizado por\u00a0<strong>Chlo\u00e9 Bello,<\/strong>\u00a0impulsado por versiones que se\u00f1alaban un acercamiento entre ambos.<\/p>\n<p><iframe id=\"vrudo\" class=\"vrudo\" src=\"https:\/\/rudo.video\/vod\/bWr5DS?volume=0\" width=\"100%\" height=\"100%\" allowscriptaccess=\"always\" allowfullscreen=\"true\" webkitallowfullscreen=\"true\" frameborder=\"0\" scrolling=\"no\" allow=\"autoplay; fullscreen\" loading=\"lazy\"><\/iframe><\/p>\n<p>Hace unas semanas, los rumores de que se estaban <strong>\u00abconocieron\u00bb<\/strong> crecieron r\u00e1pidamente y la relaci\u00f3n qued\u00f3 instalada como uno de los temas m\u00e1s comentados, amplificando cualquier aparici\u00f3n p\u00fablica en com\u00fan. Sin embargo, la modelo neg\u00f3 rotundamente que existiera un romance entre ellos.\u00a0<\/p>\n<p>Por ello,\u00a0<strong>Chlo\u00e9 Bello<\/strong> decidi\u00f3 hablar y fue contundente. El pasado 4 de marzo dej\u00f3 en claro que su presente es otro y que no exist\u00eda una relaci\u00f3n sentimental con Mauricio Macri.\u00a0<strong>\u201c\u00c9l me dobla la edad\u201d, expres\u00f3<\/strong>,ante los medios de comunicaci\u00f3n dejando en evidencia no solo la distancia generacional sino tambi\u00e9n una incompatibilidad personal.<\/p>\n<p>Pese a las declaraciones de la exnovia de Gustavo Cerati, los rumores no se desactivaron y por este motivo el encuentro que se dio el lunes por la noche en el Palacio Reconquista, gener\u00f3 repercusiones. Mauricio Macri y Chloe Bello intercambiaron miradas y palabras en dos momentos del evento. El primero de ellos cuando<strong> el expresidente ingres\u00f3 al evento y la modelo se encontraba al aire libre, all\u00ed tuvieron una conversaci\u00f3n donde se mostraron alegres y c\u00f3mplices.\u00a0<\/strong><\/p>\n<figure class=\"image\"><img decoding=\"async\" style=\"max-width: 100%; width: 100%;\" alt=\"CHLOE BELLO EN LA GALA DE CARAS 2026\" src=\"https:\/\/fotos.perfil.com\/\/2026\/04\/27\/900\/0\/chloe-bello-en-la-gala-de-caras-2026-2228888.jpg\" loading=\"lazy\"\/>&#13;<figcaption>Chloe Bello en la gala de CARAS.<\/figcaption>&#13;<br \/>\n<\/figure>\n<p>Luego, una vez finalizado la Gala de CARAS,\u00a0<strong>Mauricio Macri<\/strong> y <strong>Chlo\u00e9 Bello<\/strong>\u00a0volvieron a coincidir y no dudaron en retomar la charla que hab\u00eda iniciado horas antes, al comienzo del evento. De esta forma, como evidencias las im\u00e1genes de la noche, demostraron que mantienen una cercan\u00eda que les da paso a tener diversos intercambios, como lo demostraron la noche del lunes. Sin embargo, la existencia de un romance entre ellos queda en meros rumores.\u00a0<\/p>\n<p>\t\t\t\t\t\t\t\t\t\t<!-- tags -->\n\t\t\t\t<\/div>\n<p><script>\n\t(function(d, s, id) {\n\t\tvar js, fjs = d.getElementsByTagName(s)[0];\n\t\tif (d.getElementById(id)) return;\n\t\tjs = d.createElement(s);\n\t\tjs.id = id;\n\t\tjs.src=\"https:\/\/connect.facebook.net\/es_LA\/sdk.js#xfbml=1&version=v3.1\";\n\t\tfjs.parentNode.insertBefore(js, fjs);\n\t}(document, 'script', 'facebook-jssdk'));\n<\/script><\/p>\n","protected":false},"excerpt":{"rendered":"<p>Despu\u00e9s de los rumores de romance, Mauricio Macri y Chloe\u00a0Bello tuvieron un inesperado encuentro en la Gala de CARAS. El ex Presidente y la modelo se cruzaron en el Palacio Reconquista durante el mega evento, donde la Revista Caras celebr\u00f3 sus 33 a\u00f1os. Entre sonrisas, tuvieron un intercambio que se llev\u00f3 todas las miradas.\u00a0 &#13;Mauricio [&hellip;]<\/p>\n","protected":false},"author":2,"featured_media":193456,"comment_status":"closed","ping_status":"closed","sticky":false,"template":"","format":"standard","meta":{"footnotes":""},"categories":[25],"tags":[],"class_list":["post-193455","post","type-post","status-publish","format-standard","has-post-thumbnail","hentry","category-nacionales"],"yoast_head":"<!-- This site is optimized with the Yoast SEO plugin v24.4 - https:\/\/yoast.com\/wordpress\/plugins\/seo\/ -->\n<title>As\u00ed fue el encuentro y charla de Mauricio Macri y Chloe Bello en la Gala de CARAS - GYS NOTICIAS |<\/title>\n<meta name=\"robots\" content=\"index, follow, max-snippet:-1, max-image-preview:large, max-video-preview:-1\" \/>\n<link rel=\"canonical\" href=\"https:\/\/gysfm.com.ar\/inicio\/asi-fue-el-encuentro-y-charla-de-mauricio-macri-y-chloe-bello-en-la-gala-de-caras\/\" \/>\n<meta property=\"og:locale\" content=\"es_ES\" \/>\n<meta property=\"og:type\" content=\"article\" \/>\n<meta property=\"og:title\" content=\"As\u00ed fue el encuentro y charla de Mauricio Macri y Chloe Bello en la Gala de CARAS - GYS NOTICIAS |\" \/>\n<meta property=\"og:description\" content=\"Despu\u00e9s de los rumores de romance, Mauricio Macri y Chloe\u00a0Bello tuvieron un inesperado encuentro en la Gala de CARAS. El ex Presidente y la modelo se cruzaron en el Palacio Reconquista durante el mega evento, donde la Revista Caras celebr\u00f3 sus 33 a\u00f1os. Entre sonrisas, tuvieron un intercambio que se llev\u00f3 todas las miradas.\u00a0 &#013;Mauricio [&hellip;]\" \/>\n<meta property=\"og:url\" content=\"https:\/\/gysfm.com.ar\/inicio\/asi-fue-el-encuentro-y-charla-de-mauricio-macri-y-chloe-bello-en-la-gala-de-caras\/\" \/>\n<meta property=\"og:site_name\" content=\"GYS NOTICIAS |\" \/>\n<meta property=\"article:published_time\" content=\"2026-04-28T13:51:06+00:00\" \/>\n<meta property=\"og:image\" content=\"https:\/\/fotos.perfil.com\/\/2026\/04\/27\/900\/0\/mauricio-macri-y-chloe-bello-2228907.jpg\" \/>\n<meta name=\"author\" content=\"Prensa G&amp;S FM\" \/>\n<meta name=\"twitter:card\" content=\"summary_large_image\" \/>\n<meta name=\"twitter:label1\" content=\"Escrito por\" \/>\n\t<meta name=\"twitter:data1\" content=\"Prensa G&amp;S FM\" \/>\n\t<meta name=\"twitter:label2\" content=\"Tiempo de lectura\" \/>\n\t<meta name=\"twitter:data2\" content=\"2 minutos\" \/>\n<script type=\"application\/ld+json\" class=\"yoast-schema-graph\">{\"@context\":\"https:\/\/schema.org\",\"@graph\":[{\"@type\":\"Article\",\"@id\":\"https:\/\/gysfm.com.ar\/inicio\/asi-fue-el-encuentro-y-charla-de-mauricio-macri-y-chloe-bello-en-la-gala-de-caras\/#article\",\"isPartOf\":{\"@id\":\"https:\/\/gysfm.com.ar\/inicio\/asi-fue-el-encuentro-y-charla-de-mauricio-macri-y-chloe-bello-en-la-gala-de-caras\/\"},\"author\":{\"name\":\"Prensa G&amp;S FM\",\"@id\":\"https:\/\/gysfm.com.ar\/inicio\/#\/schema\/person\/3abba7593ef2ad19e1be221d54383dc5\"},\"headline\":\"As\u00ed fue el encuentro y charla de Mauricio Macri y Chloe Bello en la Gala de CARAS\",\"datePublished\":\"2026-04-28T13:51:06+00:00\",\"mainEntityOfPage\":{\"@id\":\"https:\/\/gysfm.com.ar\/inicio\/asi-fue-el-encuentro-y-charla-de-mauricio-macri-y-chloe-bello-en-la-gala-de-caras\/\"},\"wordCount\":487,\"publisher\":{\"@id\":\"https:\/\/gysfm.com.ar\/inicio\/#organization\"},\"image\":{\"@id\":\"https:\/\/gysfm.com.ar\/inicio\/asi-fue-el-encuentro-y-charla-de-mauricio-macri-y-chloe-bello-en-la-gala-de-caras\/#primaryimage\"},\"thumbnailUrl\":\"https:\/\/gysfm.com.ar\/inicio\/wp-content\/uploads\/2026\/04\/mauricio-macri-y-chloe-bello-2229033.jpg\",\"articleSection\":[\"NACIONALES\"],\"inLanguage\":\"es\"},{\"@type\":\"WebPage\",\"@id\":\"https:\/\/gysfm.com.ar\/inicio\/asi-fue-el-encuentro-y-charla-de-mauricio-macri-y-chloe-bello-en-la-gala-de-caras\/\",\"url\":\"https:\/\/gysfm.com.ar\/inicio\/asi-fue-el-encuentro-y-charla-de-mauricio-macri-y-chloe-bello-en-la-gala-de-caras\/\",\"name\":\"As\u00ed fue el encuentro y charla de Mauricio Macri y Chloe Bello en la Gala de CARAS - GYS NOTICIAS |\",\"isPartOf\":{\"@id\":\"https:\/\/gysfm.com.ar\/inicio\/#website\"},\"primaryImageOfPage\":{\"@id\":\"https:\/\/gysfm.com.ar\/inicio\/asi-fue-el-encuentro-y-charla-de-mauricio-macri-y-chloe-bello-en-la-gala-de-caras\/#primaryimage\"},\"image\":{\"@id\":\"https:\/\/gysfm.com.ar\/inicio\/asi-fue-el-encuentro-y-charla-de-mauricio-macri-y-chloe-bello-en-la-gala-de-caras\/#primaryimage\"},\"thumbnailUrl\":\"https:\/\/gysfm.com.ar\/inicio\/wp-content\/uploads\/2026\/04\/mauricio-macri-y-chloe-bello-2229033.jpg\",\"datePublished\":\"2026-04-28T13:51:06+00:00\",\"breadcrumb\":{\"@id\":\"https:\/\/gysfm.com.ar\/inicio\/asi-fue-el-encuentro-y-charla-de-mauricio-macri-y-chloe-bello-en-la-gala-de-caras\/#breadcrumb\"},\"inLanguage\":\"es\",\"potentialAction\":[{\"@type\":\"ReadAction\",\"target\":[\"https:\/\/gysfm.com.ar\/inicio\/asi-fue-el-encuentro-y-charla-de-mauricio-macri-y-chloe-bello-en-la-gala-de-caras\/\"]}]},{\"@type\":\"ImageObject\",\"inLanguage\":\"es\",\"@id\":\"https:\/\/gysfm.com.ar\/inicio\/asi-fue-el-encuentro-y-charla-de-mauricio-macri-y-chloe-bello-en-la-gala-de-caras\/#primaryimage\",\"url\":\"https:\/\/gysfm.com.ar\/inicio\/wp-content\/uploads\/2026\/04\/mauricio-macri-y-chloe-bello-2229033.jpg\",\"contentUrl\":\"https:\/\/gysfm.com.ar\/inicio\/wp-content\/uploads\/2026\/04\/mauricio-macri-y-chloe-bello-2229033.jpg\",\"width\":1140,\"height\":641},{\"@type\":\"BreadcrumbList\",\"@id\":\"https:\/\/gysfm.com.ar\/inicio\/asi-fue-el-encuentro-y-charla-de-mauricio-macri-y-chloe-bello-en-la-gala-de-caras\/#breadcrumb\",\"itemListElement\":[{\"@type\":\"ListItem\",\"position\":1,\"name\":\"Portada\",\"item\":\"https:\/\/gysfm.com.ar\/inicio\/\"},{\"@type\":\"ListItem\",\"position\":2,\"name\":\"As\u00ed fue el encuentro y charla de Mauricio Macri y Chloe Bello en la Gala de CARAS\"}]},{\"@type\":\"WebSite\",\"@id\":\"https:\/\/gysfm.com.ar\/inicio\/#website\",\"url\":\"https:\/\/gysfm.com.ar\/inicio\/\",\"name\":\"GYS NOTICIAS |\",\"description\":\"DIARIO - RADIO ONLINE SAN JUAN ARGENTINA\",\"publisher\":{\"@id\":\"https:\/\/gysfm.com.ar\/inicio\/#organization\"},\"potentialAction\":[{\"@type\":\"SearchAction\",\"target\":{\"@type\":\"EntryPoint\",\"urlTemplate\":\"https:\/\/gysfm.com.ar\/inicio\/?s={search_term_string}\"},\"query-input\":{\"@type\":\"PropertyValueSpecification\",\"valueRequired\":true,\"valueName\":\"search_term_string\"}}],\"inLanguage\":\"es\"},{\"@type\":\"Organization\",\"@id\":\"https:\/\/gysfm.com.ar\/inicio\/#organization\",\"name\":\"GYS NOTICIAS |\",\"url\":\"https:\/\/gysfm.com.ar\/inicio\/\",\"logo\":{\"@type\":\"ImageObject\",\"inLanguage\":\"es\",\"@id\":\"https:\/\/gysfm.com.ar\/inicio\/#\/schema\/logo\/image\/\",\"url\":\"https:\/\/gysfm.com.ar\/inicio\/wp-content\/uploads\/2023\/07\/LOGOGYS-OK.png\",\"contentUrl\":\"https:\/\/gysfm.com.ar\/inicio\/wp-content\/uploads\/2023\/07\/LOGOGYS-OK.png\",\"width\":1170,\"height\":872,\"caption\":\"GYS NOTICIAS |\"},\"image\":{\"@id\":\"https:\/\/gysfm.com.ar\/inicio\/#\/schema\/logo\/image\/\"}},{\"@type\":\"Person\",\"@id\":\"https:\/\/gysfm.com.ar\/inicio\/#\/schema\/person\/3abba7593ef2ad19e1be221d54383dc5\",\"name\":\"Prensa G&amp;S FM\",\"image\":{\"@type\":\"ImageObject\",\"inLanguage\":\"es\",\"@id\":\"https:\/\/gysfm.com.ar\/inicio\/#\/schema\/person\/image\/\",\"url\":\"https:\/\/secure.gravatar.com\/avatar\/096ec78df02049ab018702bb4ccedf659377fa92a26540b5247612077a0dbd29?s=96&d=mm&r=g\",\"contentUrl\":\"https:\/\/secure.gravatar.com\/avatar\/096ec78df02049ab018702bb4ccedf659377fa92a26540b5247612077a0dbd29?s=96&d=mm&r=g\",\"caption\":\"Prensa G&amp;S FM\"},\"sameAs\":[\"https:\/\/gysfm.com.ar\/\"],\"url\":\"https:\/\/gysfm.com.ar\/inicio\/author\/lucasm\/\"}]}<\/script>\n<!-- \/ Yoast SEO plugin. -->","yoast_head_json":{"title":"As\u00ed fue el encuentro y charla de Mauricio Macri y Chloe Bello en la Gala de CARAS - GYS NOTICIAS |","robots":{"index":"index","follow":"follow","max-snippet":"max-snippet:-1","max-image-preview":"max-image-preview:large","max-video-preview":"max-video-preview:-1"},"canonical":"https:\/\/gysfm.com.ar\/inicio\/asi-fue-el-encuentro-y-charla-de-mauricio-macri-y-chloe-bello-en-la-gala-de-caras\/","og_locale":"es_ES","og_type":"article","og_title":"As\u00ed fue el encuentro y charla de Mauricio Macri y Chloe Bello en la Gala de CARAS - GYS NOTICIAS |","og_description":"Despu\u00e9s de los rumores de romance, Mauricio Macri y Chloe\u00a0Bello tuvieron un inesperado encuentro en la Gala de CARAS. El ex Presidente y la modelo se cruzaron en el Palacio Reconquista durante el mega evento, donde la Revista Caras celebr\u00f3 sus 33 a\u00f1os. Entre sonrisas, tuvieron un intercambio que se llev\u00f3 todas las miradas.\u00a0 &#13;Mauricio [&hellip;]","og_url":"https:\/\/gysfm.com.ar\/inicio\/asi-fue-el-encuentro-y-charla-de-mauricio-macri-y-chloe-bello-en-la-gala-de-caras\/","og_site_name":"GYS NOTICIAS |","article_published_time":"2026-04-28T13:51:06+00:00","og_image":[{"url":"https:\/\/fotos.perfil.com\/\/2026\/04\/27\/900\/0\/mauricio-macri-y-chloe-bello-2228907.jpg","type":"","width":"","height":""}],"author":"Prensa G&amp;S FM","twitter_card":"summary_large_image","twitter_misc":{"Escrito por":"Prensa G&amp;S FM","Tiempo de lectura":"2 minutos"},"schema":{"@context":"https:\/\/schema.org","@graph":[{"@type":"Article","@id":"https:\/\/gysfm.com.ar\/inicio\/asi-fue-el-encuentro-y-charla-de-mauricio-macri-y-chloe-bello-en-la-gala-de-caras\/#article","isPartOf":{"@id":"https:\/\/gysfm.com.ar\/inicio\/asi-fue-el-encuentro-y-charla-de-mauricio-macri-y-chloe-bello-en-la-gala-de-caras\/"},"author":{"name":"Prensa G&amp;S FM","@id":"https:\/\/gysfm.com.ar\/inicio\/#\/schema\/person\/3abba7593ef2ad19e1be221d54383dc5"},"headline":"As\u00ed fue el encuentro y charla de Mauricio Macri y Chloe Bello en la Gala de CARAS","datePublished":"2026-04-28T13:51:06+00:00","mainEntityOfPage":{"@id":"https:\/\/gysfm.com.ar\/inicio\/asi-fue-el-encuentro-y-charla-de-mauricio-macri-y-chloe-bello-en-la-gala-de-caras\/"},"wordCount":487,"publisher":{"@id":"https:\/\/gysfm.com.ar\/inicio\/#organization"},"image":{"@id":"https:\/\/gysfm.com.ar\/inicio\/asi-fue-el-encuentro-y-charla-de-mauricio-macri-y-chloe-bello-en-la-gala-de-caras\/#primaryimage"},"thumbnailUrl":"https:\/\/gysfm.com.ar\/inicio\/wp-content\/uploads\/2026\/04\/mauricio-macri-y-chloe-bello-2229033.jpg","articleSection":["NACIONALES"],"inLanguage":"es"},{"@type":"WebPage","@id":"https:\/\/gysfm.com.ar\/inicio\/asi-fue-el-encuentro-y-charla-de-mauricio-macri-y-chloe-bello-en-la-gala-de-caras\/","url":"https:\/\/gysfm.com.ar\/inicio\/asi-fue-el-encuentro-y-charla-de-mauricio-macri-y-chloe-bello-en-la-gala-de-caras\/","name":"As\u00ed fue el encuentro y charla de Mauricio Macri y Chloe Bello en la Gala de CARAS - GYS NOTICIAS |","isPartOf":{"@id":"https:\/\/gysfm.com.ar\/inicio\/#website"},"primaryImageOfPage":{"@id":"https:\/\/gysfm.com.ar\/inicio\/asi-fue-el-encuentro-y-charla-de-mauricio-macri-y-chloe-bello-en-la-gala-de-caras\/#primaryimage"},"image":{"@id":"https:\/\/gysfm.com.ar\/inicio\/asi-fue-el-encuentro-y-charla-de-mauricio-macri-y-chloe-bello-en-la-gala-de-caras\/#primaryimage"},"thumbnailUrl":"https:\/\/gysfm.com.ar\/inicio\/wp-content\/uploads\/2026\/04\/mauricio-macri-y-chloe-bello-2229033.jpg","datePublished":"2026-04-28T13:51:06+00:00","breadcrumb":{"@id":"https:\/\/gysfm.com.ar\/inicio\/asi-fue-el-encuentro-y-charla-de-mauricio-macri-y-chloe-bello-en-la-gala-de-caras\/#breadcrumb"},"inLanguage":"es","potentialAction":[{"@type":"ReadAction","target":["https:\/\/gysfm.com.ar\/inicio\/asi-fue-el-encuentro-y-charla-de-mauricio-macri-y-chloe-bello-en-la-gala-de-caras\/"]}]},{"@type":"ImageObject","inLanguage":"es","@id":"https:\/\/gysfm.com.ar\/inicio\/asi-fue-el-encuentro-y-charla-de-mauricio-macri-y-chloe-bello-en-la-gala-de-caras\/#primaryimage","url":"https:\/\/gysfm.com.ar\/inicio\/wp-content\/uploads\/2026\/04\/mauricio-macri-y-chloe-bello-2229033.jpg","contentUrl":"https:\/\/gysfm.com.ar\/inicio\/wp-content\/uploads\/2026\/04\/mauricio-macri-y-chloe-bello-2229033.jpg","width":1140,"height":641},{"@type":"BreadcrumbList","@id":"https:\/\/gysfm.com.ar\/inicio\/asi-fue-el-encuentro-y-charla-de-mauricio-macri-y-chloe-bello-en-la-gala-de-caras\/#breadcrumb","itemListElement":[{"@type":"ListItem","position":1,"name":"Portada","item":"https:\/\/gysfm.com.ar\/inicio\/"},{"@type":"ListItem","position":2,"name":"As\u00ed fue el encuentro y charla de Mauricio Macri y Chloe Bello en la Gala de CARAS"}]},{"@type":"WebSite","@id":"https:\/\/gysfm.com.ar\/inicio\/#website","url":"https:\/\/gysfm.com.ar\/inicio\/","name":"GYS NOTICIAS |","description":"DIARIO - RADIO ONLINE SAN JUAN ARGENTINA","publisher":{"@id":"https:\/\/gysfm.com.ar\/inicio\/#organization"},"potentialAction":[{"@type":"SearchAction","target":{"@type":"EntryPoint","urlTemplate":"https:\/\/gysfm.com.ar\/inicio\/?s={search_term_string}"},"query-input":{"@type":"PropertyValueSpecification","valueRequired":true,"valueName":"search_term_string"}}],"inLanguage":"es"},{"@type":"Organization","@id":"https:\/\/gysfm.com.ar\/inicio\/#organization","name":"GYS NOTICIAS |","url":"https:\/\/gysfm.com.ar\/inicio\/","logo":{"@type":"ImageObject","inLanguage":"es","@id":"https:\/\/gysfm.com.ar\/inicio\/#\/schema\/logo\/image\/","url":"https:\/\/gysfm.com.ar\/inicio\/wp-content\/uploads\/2023\/07\/LOGOGYS-OK.png","contentUrl":"https:\/\/gysfm.com.ar\/inicio\/wp-content\/uploads\/2023\/07\/LOGOGYS-OK.png","width":1170,"height":872,"caption":"GYS NOTICIAS |"},"image":{"@id":"https:\/\/gysfm.com.ar\/inicio\/#\/schema\/logo\/image\/"}},{"@type":"Person","@id":"https:\/\/gysfm.com.ar\/inicio\/#\/schema\/person\/3abba7593ef2ad19e1be221d54383dc5","name":"Prensa G&amp;S FM","image":{"@type":"ImageObject","inLanguage":"es","@id":"https:\/\/gysfm.com.ar\/inicio\/#\/schema\/person\/image\/","url":"https:\/\/secure.gravatar.com\/avatar\/096ec78df02049ab018702bb4ccedf659377fa92a26540b5247612077a0dbd29?s=96&d=mm&r=g","contentUrl":"https:\/\/secure.gravatar.com\/avatar\/096ec78df02049ab018702bb4ccedf659377fa92a26540b5247612077a0dbd29?s=96&d=mm&r=g","caption":"Prensa G&amp;S FM"},"sameAs":["https:\/\/gysfm.com.ar\/"],"url":"https:\/\/gysfm.com.ar\/inicio\/author\/lucasm\/"}]}},"_links":{"self":[{"href":"https:\/\/gysfm.com.ar\/inicio\/wp-json\/wp\/v2\/posts\/193455","targetHints":{"allow":["GET"]}}],"collection":[{"href":"https:\/\/gysfm.com.ar\/inicio\/wp-json\/wp\/v2\/posts"}],"about":[{"href":"https:\/\/gysfm.com.ar\/inicio\/wp-json\/wp\/v2\/types\/post"}],"author":[{"embeddable":true,"href":"https:\/\/gysfm.com.ar\/inicio\/wp-json\/wp\/v2\/users\/2"}],"replies":[{"embeddable":true,"href":"https:\/\/gysfm.com.ar\/inicio\/wp-json\/wp\/v2\/comments?post=193455"}],"version-history":[{"count":0,"href":"https:\/\/gysfm.com.ar\/inicio\/wp-json\/wp\/v2\/posts\/193455\/revisions"}],"wp:featuredmedia":[{"embeddable":true,"href":"https:\/\/gysfm.com.ar\/inicio\/wp-json\/wp\/v2\/media\/193456"}],"wp:attachment":[{"href":"https:\/\/gysfm.com.ar\/inicio\/wp-json\/wp\/v2\/media?parent=193455"}],"wp:term":[{"taxonomy":"category","embeddable":true,"href":"https:\/\/gysfm.com.ar\/inicio\/wp-json\/wp\/v2\/categories?post=193455"},{"taxonomy":"post_tag","embeddable":true,"href":"https:\/\/gysfm.com.ar\/inicio\/wp-json\/wp\/v2\/tags?post=193455"}],"curies":[{"name":"wp","href":"https:\/\/api.w.org\/{rel}","templated":true}]}}