{"id":193453,"date":"2026-04-28T10:20:05","date_gmt":"2026-04-28T13:20:05","guid":{"rendered":"https:\/\/gysfm.com.ar\/inicio\/de-pampita-y-valeria-mazza-a-juana-viale-y-moria-casan-los-mejores-looks-de-la-gala-de-caras-2026\/"},"modified":"2026-04-28T10:20:05","modified_gmt":"2026-04-28T13:20:05","slug":"de-pampita-y-valeria-mazza-a-juana-viale-y-moria-casan-los-mejores-looks-de-la-gala-de-caras-2026","status":"publish","type":"post","link":"https:\/\/gysfm.com.ar\/inicio\/de-pampita-y-valeria-mazza-a-juana-viale-y-moria-casan-los-mejores-looks-de-la-gala-de-caras-2026\/","title":{"rendered":"De Pampita y Valeria Mazza a Juana Viale y Moria Cas\u00e1n: los mejores looks de la Gala de CARAS 2026"},"content":{"rendered":"<p><\/p>\n<div>\n<p><strong>CARAS<\/strong> celebr\u00f3 sus 33 a\u00f1os con una mega gala que reuni\u00f3 a las celebridades m\u00e1s rutilantes del pa\u00eds. Como no pod\u00eda ser de otra manera, la alta moda dijo presente y el <strong>Palacio Reconquista<\/strong> fue testigo de algunos looks impresionantes que vale la pena destacar.<\/p>\n<h2>De Pampita y\u00a0Valeria Mazza a\u00a0Juana Viale y Moria Cas\u00e1n, los looks destacados de la Gala de CARAS 2026<\/h2>\n<p><a target=\"_blank\" href=\"https:\/\/caras.perfil.com\/noticias\/moda\/pampita-flor-de-la-v-coincidieron-looks-martin-fierro-moda-tendencia-estilo-espanola.phtml\"><strong>Pampita<\/strong><strong> <\/strong><\/a><strong>opt\u00f3 por un vestido blanco y negro de Carolina Herrera<\/strong>, con una silueta elegante que combina una blusa de mangas largas con detalle anudado al frente y una falda amplia de gran volumen en tono oscuro. Sum\u00f3 unas joyas de Floboskis, que <strong>aportaron brillo y sofisticaci\u00f3n al conjunto<\/strong>. Su estilismo se complet\u00f3 con detalles bien aplicados por parte de Mercedes Ugarte, mientras que el peinado realizado por Valent\u00edn de Zacar\u00edas Guedes acompa\u00f1\u00f3 a la perfecci\u00f3n el make up de Nadia Varela, logrando un look equilibrado y de impacto visual.<\/p>\n<figure class=\"image\"><img decoding=\"async\" style=\"max-width: 100%; width: 100%;\" alt=\"PAMPITA EN GALA DE CARAS 2026 \" src=\"https:\/\/fotos.perfil.com\/\/2026\/04\/27\/900\/0\/pampita-en-gala-de-caras-2026-2228848.jpg\" loading=\"lazy\"\/>&#13;<figcaption>Pampita<\/figcaption>&#13;<br \/>\n<\/figure>\n<p><strong><a target=\"_blank\" href=\"https:\/\/caras.perfil.com\/noticias\/moda\/4-looks-valeria-mazza-martin-fierro-moda-color-plumas-estampados-glamour.phtml\">Valeria Mazza<\/a><\/strong>,\u00a0eligi\u00f3 un dise\u00f1o sofisticado que <strong>fusiona el glamour cl\u00e1sico con un toque moderno<\/strong>.\u00a0La modelo luci\u00f3 un elegante vestido negro de corte sirena\u00a0destac\u00e1ndose por un corset que incorpora, como detalle central, <strong>aberturas laterales con un delicado entrelazado<\/strong>.\u00a0Complet\u00f3 su styling con un collar estilo gargantilla con aros y pulseras a juego, mientras que se decidi\u00f3 por un peinado suelo adornado con peque\u00f1as ondas.<\/p>\n<figure class=\"image\"><img decoding=\"async\" style=\"max-width: 100%; width: 100%;\" alt=\"VALERIA MAZZA EN GALA CARAS 2026\" src=\"https:\/\/fotos.perfil.com\/\/2026\/04\/27\/900\/0\/valeria-mazza-en-gala-caras-2026-2228843.jpg\" loading=\"lazy\"\/>&#13;<figcaption>Valeria Mazza<\/figcaption>&#13;<br \/>\n<\/figure>\n<p><strong><a target=\"_blank\" href=\"https:\/\/caras.perfil.com\/noticias\/moda\/mejores-looks-juana-viale-ganadora-martin-fierro-moda.phtml\">Juana Viale<\/a><\/strong>, la flamante ganadora del <strong>Mart\u00edn Fierro de oro de la moda<\/strong>, luci\u00f3 un\u00a0vestido de Gabriel Lage que combina elegancia y sofisticaci\u00f3n. La pieza, en color negro, se distingue por su bordado floral en blanco que recorre toda la prenda y por la delicada transparencia en la espalda, aportando un aire refinado y contempor\u00e1neo.\u00a0<\/p>\n<figure class=\"image\"><img decoding=\"async\" style=\"max-width: 100%; width: 100%;\" alt=\"JUANA VIALE EN GALA CARAS 2026\" src=\"https:\/\/fotos.perfil.com\/\/2026\/04\/27\/900\/0\/juana-viale-en-gala-caras-2026-2228826.jpg\" loading=\"lazy\"\/>&#13;<figcaption>Juana Viale<\/figcaption>&#13;<br \/>\n<\/figure>\n<p><strong><a target=\"_blank\" href=\"https:\/\/caras.perfil.com\/noticias\/celebridades\/historia-detras-casa-moria-casan-oasis-40-anos-carilo-oeste.phtml\">Moria Cas\u00e1n<\/a><\/strong> <strong>llev\u00f3 un un vestido de brillos <\/strong>dise\u00f1ado por Ivana Picallo. El atuendo, realizado sobre su cuerpo, fue <strong>confeccionado con hilo de plata, piedras de Swarovski<\/strong> que fueron incrustadas a mano, sum\u00f3 detalles de alpaca y cerr\u00f3 con un corset en color negro. Llev\u00f3 un make up suave, realizado por\u00a0Mat\u00edas Nazareno, donde se resaltaron sus ojos con una sombra oscura, su estilismo se complet\u00f3 con un peinado suelto.<\/p>\n<figure class=\"image\"><img decoding=\"async\" style=\"max-width: 100%; width: 100%;\" alt=\"MORIA CAS\u00c1N EN LA GALA CARAS 2026 \" src=\"https:\/\/fotos.perfil.com\/\/2026\/04\/27\/900\/0\/moria-casan-en-la-gala-caras-2026-2228858.jpg\" loading=\"lazy\"\/>&#13;<figcaption>Moria Cas\u00e1n<\/figcaption>&#13;<br \/>\n<\/figure>\n<figure class=\"image\"><img decoding=\"async\" style=\"max-width: 100%; width: 100%;\" alt=\"ROSELLA DELLA GIOVAMPAOLA EN LA GALA CARAS 2026\" src=\"https:\/\/fotos.perfil.com\/\/2026\/04\/27\/900\/0\/rosella-della-giovampaola-en-la-gala-caras-2026-2228913.jpg\" loading=\"lazy\"\/>&#13;<figcaption>Rossella Della Giovampaola.<\/figcaption>&#13;<br \/>\n<\/figure>\n<p>Durante el evento de CARAS, <strong>Fabi\u00e1n Paz destac\u00f3 con un impecable estilismo total black<\/strong>,\u00a0firmado por su propia marca, Pucheta Paz,\u00a0que fusion\u00f3 la sastrer\u00eda cl\u00e1sica con una visi\u00f3n vanguardista y sofisticada. El dise\u00f1ador opt\u00f3 por un<strong> conjunto protagonizado por un blazer de estructura definida<\/strong> con solapas amplias, combinado magistralmente con pantalones de corte Oxford<\/p>\n<figure class=\"image\"><img decoding=\"async\" style=\"max-width: 100%; width: 100%;\" alt=\"FABIAN PAZ EN GALA CARAS 2026\" src=\"https:\/\/fotos.perfil.com\/\/2026\/04\/27\/900\/0\/fabian-paz-en-gala-caras-2026-2228823.jpg\" loading=\"lazy\"\/>&#13;<figcaption>Fabi\u00e1n Paz<\/figcaption>&#13;<br \/>\n<\/figure>\n<p>En su llegada a la Gala de CARAS, <strong>Cande Ruggeri se luci\u00f3 con un vestido negro drapeado de seda fr\u00eda\u00a0<\/strong>realizado por la firma Pucheta Paz. Complet\u00f3 su look con unos zapatos\u00a0de taco alto de Ricky Sarkany. Su styling se complet\u00f3 con el trabajo de Giuli Guagnini y un peinado con ondas suaves de Lucas Obredor.<\/p>\n<figure class=\"image\"><img decoding=\"async\" style=\"max-width: 100%; width: 100%;\" alt=\"CANDE RUGGERI EN LA GALA CARAS 2026 \" src=\"https:\/\/fotos.perfil.com\/\/2026\/04\/27\/900\/0\/cande-ruggeri-en-la-gala-caras-2026-2228864.jpg\" loading=\"lazy\"\/>&#13;<figcaption>Cande Ruggeri<\/figcaption>&#13;<br \/>\n<\/figure>\n<p><strong>Daniela Urzi se luci\u00f3 con un vestido negro de Fabi\u00e1n Zitta<\/strong>, una pieza de silueta estructurada que destac\u00f3 por su falda amplia y plisada,<strong> aportando un aire escult\u00f3rico y elegante<\/strong>. El dise\u00f1o, de l\u00edneas limpias y sofisticadas, se complement\u00f3 con un peinado prolijo realizado por Cristi\u00e1n Rey, que acompa\u00f1\u00f3 con equilibrio la fuerza visual del look y reforz\u00f3 la impronta de alta costura en la presentaci\u00f3n.<\/p>\n<figure class=\"image\"><img decoding=\"async\" style=\"max-width: 100%; width: 100%;\" alt=\"DANIELA URZI EN LA GALA DE CARAS 2026 \" src=\"https:\/\/fotos.perfil.com\/\/2026\/04\/27\/900\/0\/daniela-urzi-en-la-gala-de-caras-2026-2228867.jpg\" loading=\"lazy\"\/>&#13;<figcaption>Daniela Urzi<\/figcaption>&#13;<br \/>\n<\/figure>\n<p><strong>Laurita Fern\u00e1ndez llev\u00f3 un vestido strapless de tul blanco<\/strong>, realizado por Natalia Antol\u00edn, acompa\u00f1ado por un blazer negro con solapas satinadas. Eligi\u00f3 unos zapatos de taco alto de La chica de los estiletos y <strong>complet\u00f3 el estilismo con joyas de Flo Boskis<\/strong>, que aportaron brillo y delicadeza al conjunto. Adem\u00e1s, su make up resalt\u00f3 especialmente la mirada, mientras que la precisa elecci\u00f3n de Moni Sirio cerr\u00f3 el styling con coherencia y sofisticaci\u00f3n.<\/p>\n<figure class=\"image\"><img decoding=\"async\" style=\"max-width: 100%; width: 100%;\" alt=\"LAURITA FERN\u00c1NDEZ EN LA GALA DE CARAS 2026\" src=\"https:\/\/fotos.perfil.com\/\/2026\/04\/27\/900\/0\/laurita-fernandez-en-la-gala-de-caras-2026-2228883.jpg\" loading=\"lazy\"\/>&#13;<figcaption>Laurita Fern\u00e1ndez<\/figcaption>&#13;<br \/>\n<\/figure>\n<p>En el evento de CARAS, <strong>Jorge Fontevecchia, CEO Perfil Network y Cofundador de Editorial Perfil,\u00a0se declin\u00f3 por un traje cl\u00e1sico negro<\/strong> con camisa blanca y corbata negra, de corte impecable y sobrio, que refuerza la impronta formal. <strong>Junto a \u00e9l, su pareja, la periodista Gabriela L\u00f3pez<\/strong>,\u00a0se luci\u00f3 con un vestido largo negro sin mangas, de\u00a0Claudia Arce, con delicadas l\u00edneas plateadas en vertical, acompa\u00f1ado por un cintur\u00f3n en tono plateado y un pa\u00f1uelo al cuello.<\/p>\n<figure class=\"image\"><img decoding=\"async\" style=\"max-width: 100%; width: 100%;\" alt=\"Jorge Fontevecchia y Gabriela L\u00f3pez, periodista y pareja del CEO de Editorial Perfil en la Gala de CARAS\" src=\"https:\/\/fotos.perfil.com\/\/2026\/04\/27\/900\/0\/jorge-fontevecchia-y-gabriela-lopez-periodista-y-pareja-del-ceo-de-editorial-perfil-en-la-gala-de-caras-2228881.jpg\" loading=\"lazy\"\/>&#13;<figcaption>Jorge Fontevecchia, CEO de Editorial Perfil y su pareja, la periodista Gabriela L\u00f3pez\u00a0<\/figcaption>&#13;<br \/>\n<\/figure>\n<p><strong>Agustino Fontevecchia se luci\u00f3 con un traje oscuro <\/strong>de corte cl\u00e1sico, acompa\u00f1ado por una camisa blanca y una corbata negra, transmitiendo sobriedad y elegancia.<\/p>\n<figure class=\"image\"><img decoding=\"async\" style=\"max-width: 100%; width: 100%;\" alt=\"AGUSTINO FONTEVECCHIA EN LA GALA DE CARAS 2026\" src=\"https:\/\/fotos.perfil.com\/\/2026\/04\/27\/900\/0\/agustino-fontevecchia-en-la-gala-de-caras-2026-2228886.jpg\" loading=\"lazy\"\/>&#13;<figcaption>Agustino Fontevecchia<\/figcaption>&#13;<br \/>\n<\/figure>\n<p><strong>Chloe Bello<\/strong><strong>\u00a0luci\u00f3\u00a0 un vestido negro con transparencias<\/strong> y detalles en lentejuelas realizado por Maria Gorof. Su look se destac\u00f3 por su abertura lateral que sum\u00f3 dinamismo y realz\u00f3 su figura. Complet\u00f3 su elecci\u00f3n con unos zapatos negros de <strong>taco alto que marcaron la elegancia de su estilismo<\/strong>.<\/p>\n<figure class=\"image\"><img decoding=\"async\" style=\"max-width: 100%; width: 100%;\" alt=\"CHLOE BELLO EN LA GALA DE CARAS 2026\" src=\"https:\/\/fotos.perfil.com\/\/2026\/04\/27\/900\/0\/chloe-bello-en-la-gala-de-caras-2026-2228888.jpg\" loading=\"lazy\"\/>&#13;<figcaption>Chloe Bello<\/figcaption>&#13;<br \/>\n<\/figure>\n<p><strong>El expresidente Mauricio Macri <\/strong>lleg\u00f3 al evento de CARAS con <strong>un traje azul oscuro de corte cl\u00e1sico<\/strong>, acompa\u00f1ado por una camisa blanca y una corbata azul con dise\u00f1o estampado que aport\u00f3 un toque distintivo. Su elecci\u00f3n <strong>se destac\u00f3 por su elegancia y sobriedad<\/strong>, reforzada por el contraste entre los tonos del conjunto.<\/p>\n<figure class=\"image\"><img decoding=\"async\" style=\"max-width: 100%; width: 100%;\" alt=\"MAURICIO MACRI EN LA GALA DE CARAS 2026\" src=\"https:\/\/fotos.perfil.com\/\/2026\/04\/27\/900\/0\/mauricio-macri-en-la-gala-de-caras-2026-2228895.jpg\" loading=\"lazy\"\/>&#13;<figcaption>Mauricio Macri<\/figcaption>&#13;<br \/>\n<\/figure>\n<p><strong>Juli Poggio opt\u00f3 por\u00a0un vestido negro de estilo halter<\/strong> confeccionado en tela transl\u00facida, aportando un aire sofisticado y moderno. El dise\u00f1o, de ca\u00edda fluida y elegante, se complement\u00f3 con su peinado con raya al medio y mechones claros enmarcando el rostro, <strong>realzando la frescura de su look<\/strong>.<\/p>\n<figure class=\"image\"><img decoding=\"async\" style=\"max-width: 100%; width: 100%;\" alt=\"JULI POGGIO EN LA GALA DE CARAS 2026\" src=\"https:\/\/fotos.perfil.com\/\/2026\/04\/28\/900\/0\/juli-poggio-en-la-gala-de-caras-2026-2228932.jpg\" loading=\"lazy\"\/>&#13;<figcaption>Juli Poggio<\/figcaption>&#13;<br \/>\n<\/figure>\n<p><strong>\u00a0Agus Casanova en su llegada eligi\u00f3<\/strong>\u00a0un vestido negro de Marcelo Zanek, confeccionado en terciopelo y<strong> destacado por recortes geom\u00e9tricos y tiras con brillantes<\/strong>. La pieza incluy\u00f3 un cuello alto con incrustaciones de piedras y una falda larga que reforz\u00f3 la impronta elegante del conjunto. Sum\u00f3 unos zapatos de Ricky Sarkany y complet\u00f3 con joyas de Rubi Rubi<strong>.<\/strong><\/p>\n<figure class=\"image\"><img decoding=\"async\" style=\"max-width: 100%; width: 100%;\" alt=\"AGUS CASANOVA EN LA GALA DE CARAS 2026 \" src=\"https:\/\/fotos.perfil.com\/\/2026\/04\/28\/900\/0\/agus-casanova-en-la-gala-de-caras-2026-2228950.jpg\" loading=\"lazy\"\/>&#13;<figcaption>Agustina Casanova<\/figcaption>&#13;<br \/>\n<\/figure>\n<figure class=\"image\"><img decoding=\"async\" style=\"max-width: 100%; width: 100%;\" alt=\"Esteban Lamothe y D\u00e9bora Nishimoto en la gala CARAS 2026\" src=\"https:\/\/fotos.perfil.com\/\/2026\/04\/28\/900\/0\/esteban-lamothe-y-debora-nishimoto-en-la-gala-caras-2026-2228929.jpg\" loading=\"lazy\"\/>&#13;<figcaption>Esteban Lamothe y D\u00e9bora Nishimoto<\/figcaption>&#13;<br \/>\n<\/figure>\n<figure class=\"image\"><img decoding=\"async\" style=\"max-width: 100%; width: 100%;\" alt=\"FRANCISCO DE NARV\u00c1EZ Y CAROLINA \" src=\"https:\/\/fotos.perfil.com\/\/2026\/04\/27\/900\/0\/francisco-de-narvaez-y-carolina-cuki-klemencic-en-la-gala-caras-2026-2228909.jpg\" loading=\"lazy\"\/>&#13;<figcaption>Francisco de Narv\u00e1ez y\u00a0Carolina \u201cCuki\u201d Klemencic<\/figcaption>&#13;<br \/>\n<\/figure>\n<figure class=\"image\"><img decoding=\"async\" style=\"max-width: 100%; width: 100%;\" alt=\"NATALIE WEBER EN LA GALA DE CARAS 2026 \" src=\"https:\/\/fotos.perfil.com\/\/2026\/04\/28\/900\/0\/natalie-weber-en-la-gala-de-caras-2026-2228948.jpg\" loading=\"lazy\"\/>&#13;<figcaption>Natalie Weber<\/figcaption>&#13;<br \/>\n<\/figure>\n<figure class=\"image\"><img decoding=\"async\" style=\"max-width: 100%; width: 100%;\" alt=\"CHRISTIAN SANCHO Y CELESTE MURIEGA EN LA GALA DE CARAS 2026 \" src=\"https:\/\/fotos.perfil.com\/\/2026\/04\/28\/900\/0\/christian-sancho-y-celeste-muriega-en-la-gala-de-caras-2026-2228943.jpg\" loading=\"lazy\"\/>&#13;<figcaption>Christian Sancho y Celeste Muriega, que llev\u00f3 un vestido de\u00a0Juan Santi y peinado: Bar de Look<\/figcaption>&#13;<br \/>\n<\/figure>\n<figure class=\"image\"><img decoding=\"async\" style=\"max-width: 100%; width: 100%;\" alt=\"De Pampita y Valeria Mazza a Juana Viale y Moria Cas\u00e1n: los mejores looks de la Gala de CARAS 2026\" src=\"https:\/\/fotos.perfil.com\/\/2026\/04\/28\/900\/0\/de-pampita-y-valeria-mazza-a-juana-viale-y-moria-casan-los-mejores-looks-de-la-gala-de-caras-2026-2229112.jpg\" loading=\"lazy\"\/><lt-highlighter contenteditable=\"false\" data-lt-linked=\"1\" style=\"display: none;\"><lt-div class=\"lt-highlighter__wrapper\" spellcheck=\"false\" style=\"width: 728px !important; height: 20.8px !important; transform: none !important; transform-origin: 364px 10.4px !important; zoom: 1 !important; margin-top: 505.6px !important;\"><lt-div class=\"lt-highlighter__scroll-element\" style=\"top: 0px !important; left: 0px !important; width: 728px !important; height: 20.8px !important;\"\/><\/lt-div><\/lt-highlighter>&#13;<br \/>\n&#13;<figcaption data-gramm=\"false\" data-lt-tmp-id=\"lt-664459\" spellcheck=\"false\">Yanina Screpante<\/figcaption>&#13;<br \/>\n<\/figure>\n<figure class=\"image\"><img decoding=\"async\" style=\"max-width: 100%; width: 100%;\" alt=\"VERO DE LA CANAL EN LA GALA DE CARAS 2026 \" src=\"https:\/\/fotos.perfil.com\/\/2026\/04\/28\/900\/0\/vero-de-la-canal-en-la-gala-de-caras-2026-2228945.jpg\" loading=\"lazy\"\/>&#13;<figcaption>Vero de la Canal luci\u00f3 un dise\u00f1o propio.<\/figcaption>&#13;<br \/>\n<\/figure>\n<p>\u00a0<\/p>\n<figure class=\"image\"><img decoding=\"async\" style=\"max-width: 100%; width: 100%;\" alt=\"De Pampita y Valeria Mazza a Juana Viale y Moria Cas\u00e1n: los mejores looks de la Gala de CARAS 2026\" src=\"https:\/\/fotos.perfil.com\/\/2026\/04\/28\/900\/0\/de-pampita-y-valeria-mazza-a-juana-viale-y-moria-casan-los-mejores-looks-de-la-gala-de-caras-2026-2229114.jpg\" loading=\"lazy\"\/><lt-highlighter contenteditable=\"false\" data-lt-linked=\"1\" style=\"display: none;\"><lt-div class=\"lt-highlighter__wrapper\" spellcheck=\"false\" style=\"width: 728px !important; height: 41.6px !important; transform: none !important; transform-origin: 364px 20.8px !important; zoom: 1 !important; margin-top: 505.6px !important;\"><lt-div class=\"lt-highlighter__scroll-element\" style=\"top: 0px !important; left: 0px !important; width: 728px !important; height: 41.6px !important;\"\/><\/lt-div><\/lt-highlighter><lt-highlighter contenteditable=\"false\" data-lt-linked=\"1\" style=\"display: none;\"><lt-div class=\"lt-highlighter__wrapper\" spellcheck=\"false\" style=\"width: 728px !important; height: 20.8px !important; transform: none !important; transform-origin: 364px 10.4px !important; zoom: 1 !important; margin-top: 505.6px !important;\"><lt-div class=\"lt-highlighter__scroll-element\" style=\"top: 0px !important; left: 0px !important; width: 728px !important; height: 20.8px !important;\"\/><\/lt-div><\/lt-highlighter>&#13;<br \/>\n&#13;<figcaption data-gramm=\"false\" data-lt-tmp-id=\"lt-108545\" spellcheck=\"false\">Chloe Bello<\/figcaption>&#13;<br \/>\n<\/figure>\n<figure class=\"image\"><img decoding=\"async\" style=\"max-width: 100%; width: 100%;\" alt=\"De Pampita y Valeria Mazza a Juana Viale y Moria Cas\u00e1n: los mejores looks de la Gala de CARAS 2026\" src=\"https:\/\/fotos.perfil.com\/\/2026\/04\/28\/900\/0\/de-pampita-y-valeria-mazza-a-juana-viale-y-moria-casan-los-mejores-looks-de-la-gala-de-caras-2026-2229113.jpg\" loading=\"lazy\"\/><lt-highlighter contenteditable=\"false\" data-lt-linked=\"1\" style=\"display: none;\"><lt-div class=\"lt-highlighter__wrapper\" spellcheck=\"false\" style=\"width: 728px !important; height: 20.8px !important; transform: none !important; transform-origin: 364px 10.4px !important; zoom: 1 !important; margin-top: 505.6px !important;\"><lt-div class=\"lt-highlighter__scroll-element\" style=\"top: 0px !important; left: 0px !important; width: 728px !important; height: 20.8px !important;\"\/><\/lt-div><\/lt-highlighter>&#13;<br \/>\n&#13;<figcaption>Marta Fort<\/figcaption>&#13;<br \/>\n<\/figure>\n<p><strong>Una vez m\u00e1s, la gala de la revista <a target=\"_blank\" href=\"https:\/\/caras.perfil.com\/noticias\/caras-glam\/gala-caras-moda-tributo-diseno-creatividad.phtml\">CARAS<\/a> fue el escenario perfecto<\/strong> para que las celebridades argentinas demostraran las \u00faltimas tendencias de moda. El Palacio Reconquista fue <strong>testigo de una de las noches m\u00e1s esperadas del pa\u00eds<\/strong> que, hoy representa adem\u00e1s el inicio de una nueva era para la marca.<\/p>\n<p><lt-toolbar contenteditable=\"false\" data-lt-adjust-appearance=\"true\" data-lt-force-appearance=\"light\" style=\"display: none;\"><lt-div class=\"lt-toolbar__wrapper\" style=\"left: 753px; position: absolute !important; top: 12578px !important; bottom: auto !important; z-index: auto; opacity: 1 !important; pointer-events: all !important;\"><lt-div class=\"lt-toolbar__status-icon lt-toolbar__status-icon--trial-ended\"><lt-span class=\"lt-icon__tooltip lt-icon__tooltip--top-right\">Tu prueba Premium ha finalizado<\/lt-span><\/lt-div><lt-div class=\"lt-toolbar__premium-icon-dot\"\/><\/lt-div><\/lt-toolbar><lt-toolbar contenteditable=\"false\" data-lt-adjust-appearance=\"true\" data-lt-force-appearance=\"light\" style=\"display: none;\"><lt-div class=\"lt-toolbar__wrapper\" style=\"left: 753px; position: absolute !important; top: 13760px !important; bottom: auto !important; z-index: auto; opacity: 1 !important; pointer-events: all !important;\"><lt-div class=\"lt-toolbar__status-icon lt-toolbar__status-icon--trial-ended\"><lt-span class=\"lt-icon__tooltip lt-icon__tooltip--top-right\">Tu prueba Premium ha finalizado<\/lt-span><\/lt-div><lt-div class=\"lt-toolbar__premium-icon-dot\"\/><\/lt-div><\/lt-toolbar><lt-toolbar contenteditable=\"false\" data-lt-adjust-appearance=\"true\" data-lt-force-appearance=\"light\" style=\"display: none;\"><lt-div class=\"lt-toolbar__wrapper lt-toolbar__wrapper--hide\" style=\"left: 753px; position: absolute !important; top: 13714px !important; bottom: auto !important; z-index: auto; opacity: 1 !important; pointer-events: all !important;\"><lt-div class=\"lt-toolbar__status-icon lt-toolbar__status-icon--trial-ended\"><lt-span class=\"lt-icon__tooltip lt-icon__tooltip--top-right\">Tu prueba Premium ha finalizado<\/lt-span><\/lt-div><lt-div class=\"lt-toolbar__premium-icon-dot\"\/><\/lt-div><\/lt-toolbar><lt-toolbar contenteditable=\"false\" data-lt-adjust-appearance=\"true\" data-lt-force-appearance=\"light\" style=\"display: none;\"><lt-div class=\"lt-toolbar__wrapper\" style=\"left: calc(728px); position: absolute !important; top: 13771px !important; bottom: auto !important; z-index: auto; opacity: 1 !important; pointer-events: all !important;\"><lt-div class=\"lt-toolbar__status-icon lt-toolbar__status-icon--trial-ended\"><lt-span class=\"lt-icon__tooltip lt-icon__tooltip--top-right\">Tu prueba Premium ha finalizado<\/lt-span><\/lt-div><lt-div class=\"lt-toolbar__premium-icon-dot\"\/><\/lt-div><\/lt-toolbar><lt-toolbar contenteditable=\"false\" data-lt-adjust-appearance=\"true\" data-lt-force-appearance=\"light\" style=\"display: none;\"><lt-div class=\"lt-toolbar__wrapper lt-toolbar__wrapper--hide\" style=\"left: calc(703px); position: absolute !important; top: 13760px !important; bottom: auto !important; z-index: auto; opacity: 1 !important; pointer-events: all !important;\"><lt-div class=\"lt-toolbar__status-icon lt-toolbar__status-icon--trial-ended\"><lt-span class=\"lt-icon__tooltip lt-icon__tooltip--top-right\">Tu prueba Premium ha finalizado<\/lt-span><\/lt-div><lt-div class=\"lt-toolbar__premium-icon-dot\"\/><\/lt-div><\/lt-toolbar><\/p>\n<p>\t\t\t\t\t\t\t\t\t\t<!-- tags -->\n\t\t\t\t<\/div>\n<p><script>\n\t(function(d, s, id) {\n\t\tvar js, fjs = d.getElementsByTagName(s)[0];\n\t\tif (d.getElementById(id)) return;\n\t\tjs = d.createElement(s);\n\t\tjs.id = id;\n\t\tjs.src=\"https:\/\/connect.facebook.net\/es_LA\/sdk.js#xfbml=1&version=v3.1\";\n\t\tfjs.parentNode.insertBefore(js, fjs);\n\t}(document, 'script', 'facebook-jssdk'));\n<\/script><\/p>\n","protected":false},"excerpt":{"rendered":"<p>CARAS celebr\u00f3 sus 33 a\u00f1os con una mega gala que reuni\u00f3 a las celebridades m\u00e1s rutilantes del pa\u00eds. Como no pod\u00eda ser de otra manera, la alta moda dijo presente y el Palacio Reconquista fue testigo de algunos looks impresionantes que vale la pena destacar. De Pampita y\u00a0Valeria Mazza a\u00a0Juana Viale y Moria Cas\u00e1n, los [&hellip;]<\/p>\n","protected":false},"author":2,"featured_media":193454,"comment_status":"closed","ping_status":"closed","sticky":false,"template":"","format":"standard","meta":{"footnotes":""},"categories":[25],"tags":[],"class_list":["post-193453","post","type-post","status-publish","format-standard","has-post-thumbnail","hentry","category-nacionales"],"yoast_head":"<!-- This site is optimized with the Yoast SEO plugin v24.4 - https:\/\/yoast.com\/wordpress\/plugins\/seo\/ -->\n<title>De Pampita y Valeria Mazza a Juana Viale y Moria Cas\u00e1n: los mejores looks de la Gala de CARAS 2026 - GYS NOTICIAS |<\/title>\n<meta name=\"robots\" content=\"index, follow, max-snippet:-1, max-image-preview:large, max-video-preview:-1\" \/>\n<link rel=\"canonical\" href=\"https:\/\/gysfm.com.ar\/inicio\/de-pampita-y-valeria-mazza-a-juana-viale-y-moria-casan-los-mejores-looks-de-la-gala-de-caras-2026\/\" \/>\n<meta property=\"og:locale\" content=\"es_ES\" \/>\n<meta property=\"og:type\" content=\"article\" \/>\n<meta property=\"og:title\" content=\"De Pampita y Valeria Mazza a Juana Viale y Moria Cas\u00e1n: los mejores looks de la Gala de CARAS 2026 - GYS NOTICIAS |\" \/>\n<meta property=\"og:description\" content=\"CARAS celebr\u00f3 sus 33 a\u00f1os con una mega gala que reuni\u00f3 a las celebridades m\u00e1s rutilantes del pa\u00eds. Como no pod\u00eda ser de otra manera, la alta moda dijo presente y el Palacio Reconquista fue testigo de algunos looks impresionantes que vale la pena destacar. De Pampita y\u00a0Valeria Mazza a\u00a0Juana Viale y Moria Cas\u00e1n, los [&hellip;]\" \/>\n<meta property=\"og:url\" content=\"https:\/\/gysfm.com.ar\/inicio\/de-pampita-y-valeria-mazza-a-juana-viale-y-moria-casan-los-mejores-looks-de-la-gala-de-caras-2026\/\" \/>\n<meta property=\"og:site_name\" content=\"GYS NOTICIAS |\" \/>\n<meta property=\"article:published_time\" content=\"2026-04-28T13:20:05+00:00\" \/>\n<meta property=\"og:image\" content=\"https:\/\/fotos.perfil.com\/\/2026\/04\/27\/900\/0\/pampita-en-gala-de-caras-2026-2228848.jpg\" \/>\n<meta name=\"author\" content=\"Prensa G&amp;S FM\" \/>\n<meta name=\"twitter:card\" content=\"summary_large_image\" \/>\n<meta name=\"twitter:label1\" content=\"Escrito por\" \/>\n\t<meta name=\"twitter:data1\" content=\"Prensa G&amp;S FM\" \/>\n\t<meta name=\"twitter:label2\" content=\"Tiempo de lectura\" \/>\n\t<meta name=\"twitter:data2\" content=\"6 minutos\" \/>\n<script type=\"application\/ld+json\" class=\"yoast-schema-graph\">{\"@context\":\"https:\/\/schema.org\",\"@graph\":[{\"@type\":\"Article\",\"@id\":\"https:\/\/gysfm.com.ar\/inicio\/de-pampita-y-valeria-mazza-a-juana-viale-y-moria-casan-los-mejores-looks-de-la-gala-de-caras-2026\/#article\",\"isPartOf\":{\"@id\":\"https:\/\/gysfm.com.ar\/inicio\/de-pampita-y-valeria-mazza-a-juana-viale-y-moria-casan-los-mejores-looks-de-la-gala-de-caras-2026\/\"},\"author\":{\"name\":\"Prensa G&amp;S FM\",\"@id\":\"https:\/\/gysfm.com.ar\/inicio\/#\/schema\/person\/3abba7593ef2ad19e1be221d54383dc5\"},\"headline\":\"De Pampita y Valeria Mazza a Juana Viale y Moria Cas\u00e1n: los mejores looks de la Gala de CARAS 2026\",\"datePublished\":\"2026-04-28T13:20:05+00:00\",\"mainEntityOfPage\":{\"@id\":\"https:\/\/gysfm.com.ar\/inicio\/de-pampita-y-valeria-mazza-a-juana-viale-y-moria-casan-los-mejores-looks-de-la-gala-de-caras-2026\/\"},\"wordCount\":1149,\"publisher\":{\"@id\":\"https:\/\/gysfm.com.ar\/inicio\/#organization\"},\"image\":{\"@id\":\"https:\/\/gysfm.com.ar\/inicio\/de-pampita-y-valeria-mazza-a-juana-viale-y-moria-casan-los-mejores-looks-de-la-gala-de-caras-2026\/#primaryimage\"},\"thumbnailUrl\":\"https:\/\/gysfm.com.ar\/inicio\/wp-content\/uploads\/2026\/04\/pampita-valeria-mazza-juana-viale-y-moria-casan-2228901.jpeg\",\"articleSection\":[\"NACIONALES\"],\"inLanguage\":\"es\"},{\"@type\":\"WebPage\",\"@id\":\"https:\/\/gysfm.com.ar\/inicio\/de-pampita-y-valeria-mazza-a-juana-viale-y-moria-casan-los-mejores-looks-de-la-gala-de-caras-2026\/\",\"url\":\"https:\/\/gysfm.com.ar\/inicio\/de-pampita-y-valeria-mazza-a-juana-viale-y-moria-casan-los-mejores-looks-de-la-gala-de-caras-2026\/\",\"name\":\"De Pampita y Valeria Mazza a Juana Viale y Moria Cas\u00e1n: los mejores looks de la Gala de CARAS 2026 - GYS NOTICIAS |\",\"isPartOf\":{\"@id\":\"https:\/\/gysfm.com.ar\/inicio\/#website\"},\"primaryImageOfPage\":{\"@id\":\"https:\/\/gysfm.com.ar\/inicio\/de-pampita-y-valeria-mazza-a-juana-viale-y-moria-casan-los-mejores-looks-de-la-gala-de-caras-2026\/#primaryimage\"},\"image\":{\"@id\":\"https:\/\/gysfm.com.ar\/inicio\/de-pampita-y-valeria-mazza-a-juana-viale-y-moria-casan-los-mejores-looks-de-la-gala-de-caras-2026\/#primaryimage\"},\"thumbnailUrl\":\"https:\/\/gysfm.com.ar\/inicio\/wp-content\/uploads\/2026\/04\/pampita-valeria-mazza-juana-viale-y-moria-casan-2228901.jpeg\",\"datePublished\":\"2026-04-28T13:20:05+00:00\",\"breadcrumb\":{\"@id\":\"https:\/\/gysfm.com.ar\/inicio\/de-pampita-y-valeria-mazza-a-juana-viale-y-moria-casan-los-mejores-looks-de-la-gala-de-caras-2026\/#breadcrumb\"},\"inLanguage\":\"es\",\"potentialAction\":[{\"@type\":\"ReadAction\",\"target\":[\"https:\/\/gysfm.com.ar\/inicio\/de-pampita-y-valeria-mazza-a-juana-viale-y-moria-casan-los-mejores-looks-de-la-gala-de-caras-2026\/\"]}]},{\"@type\":\"ImageObject\",\"inLanguage\":\"es\",\"@id\":\"https:\/\/gysfm.com.ar\/inicio\/de-pampita-y-valeria-mazza-a-juana-viale-y-moria-casan-los-mejores-looks-de-la-gala-de-caras-2026\/#primaryimage\",\"url\":\"https:\/\/gysfm.com.ar\/inicio\/wp-content\/uploads\/2026\/04\/pampita-valeria-mazza-juana-viale-y-moria-casan-2228901.jpeg\",\"contentUrl\":\"https:\/\/gysfm.com.ar\/inicio\/wp-content\/uploads\/2026\/04\/pampita-valeria-mazza-juana-viale-y-moria-casan-2228901.jpeg\",\"width\":1140,\"height\":641},{\"@type\":\"BreadcrumbList\",\"@id\":\"https:\/\/gysfm.com.ar\/inicio\/de-pampita-y-valeria-mazza-a-juana-viale-y-moria-casan-los-mejores-looks-de-la-gala-de-caras-2026\/#breadcrumb\",\"itemListElement\":[{\"@type\":\"ListItem\",\"position\":1,\"name\":\"Portada\",\"item\":\"https:\/\/gysfm.com.ar\/inicio\/\"},{\"@type\":\"ListItem\",\"position\":2,\"name\":\"De Pampita y Valeria Mazza a Juana Viale y Moria Cas\u00e1n: los mejores looks de la Gala de CARAS 2026\"}]},{\"@type\":\"WebSite\",\"@id\":\"https:\/\/gysfm.com.ar\/inicio\/#website\",\"url\":\"https:\/\/gysfm.com.ar\/inicio\/\",\"name\":\"GYS NOTICIAS |\",\"description\":\"DIARIO - RADIO ONLINE SAN JUAN ARGENTINA\",\"publisher\":{\"@id\":\"https:\/\/gysfm.com.ar\/inicio\/#organization\"},\"potentialAction\":[{\"@type\":\"SearchAction\",\"target\":{\"@type\":\"EntryPoint\",\"urlTemplate\":\"https:\/\/gysfm.com.ar\/inicio\/?s={search_term_string}\"},\"query-input\":{\"@type\":\"PropertyValueSpecification\",\"valueRequired\":true,\"valueName\":\"search_term_string\"}}],\"inLanguage\":\"es\"},{\"@type\":\"Organization\",\"@id\":\"https:\/\/gysfm.com.ar\/inicio\/#organization\",\"name\":\"GYS NOTICIAS |\",\"url\":\"https:\/\/gysfm.com.ar\/inicio\/\",\"logo\":{\"@type\":\"ImageObject\",\"inLanguage\":\"es\",\"@id\":\"https:\/\/gysfm.com.ar\/inicio\/#\/schema\/logo\/image\/\",\"url\":\"https:\/\/gysfm.com.ar\/inicio\/wp-content\/uploads\/2023\/07\/LOGOGYS-OK.png\",\"contentUrl\":\"https:\/\/gysfm.com.ar\/inicio\/wp-content\/uploads\/2023\/07\/LOGOGYS-OK.png\",\"width\":1170,\"height\":872,\"caption\":\"GYS NOTICIAS |\"},\"image\":{\"@id\":\"https:\/\/gysfm.com.ar\/inicio\/#\/schema\/logo\/image\/\"}},{\"@type\":\"Person\",\"@id\":\"https:\/\/gysfm.com.ar\/inicio\/#\/schema\/person\/3abba7593ef2ad19e1be221d54383dc5\",\"name\":\"Prensa G&amp;S FM\",\"image\":{\"@type\":\"ImageObject\",\"inLanguage\":\"es\",\"@id\":\"https:\/\/gysfm.com.ar\/inicio\/#\/schema\/person\/image\/\",\"url\":\"https:\/\/secure.gravatar.com\/avatar\/096ec78df02049ab018702bb4ccedf659377fa92a26540b5247612077a0dbd29?s=96&d=mm&r=g\",\"contentUrl\":\"https:\/\/secure.gravatar.com\/avatar\/096ec78df02049ab018702bb4ccedf659377fa92a26540b5247612077a0dbd29?s=96&d=mm&r=g\",\"caption\":\"Prensa G&amp;S FM\"},\"sameAs\":[\"https:\/\/gysfm.com.ar\/\"],\"url\":\"https:\/\/gysfm.com.ar\/inicio\/author\/lucasm\/\"}]}<\/script>\n<!-- \/ Yoast SEO plugin. -->","yoast_head_json":{"title":"De Pampita y Valeria Mazza a Juana Viale y Moria Cas\u00e1n: los mejores looks de la Gala de CARAS 2026 - GYS NOTICIAS |","robots":{"index":"index","follow":"follow","max-snippet":"max-snippet:-1","max-image-preview":"max-image-preview:large","max-video-preview":"max-video-preview:-1"},"canonical":"https:\/\/gysfm.com.ar\/inicio\/de-pampita-y-valeria-mazza-a-juana-viale-y-moria-casan-los-mejores-looks-de-la-gala-de-caras-2026\/","og_locale":"es_ES","og_type":"article","og_title":"De Pampita y Valeria Mazza a Juana Viale y Moria Cas\u00e1n: los mejores looks de la Gala de CARAS 2026 - GYS NOTICIAS |","og_description":"CARAS celebr\u00f3 sus 33 a\u00f1os con una mega gala que reuni\u00f3 a las celebridades m\u00e1s rutilantes del pa\u00eds. Como no pod\u00eda ser de otra manera, la alta moda dijo presente y el Palacio Reconquista fue testigo de algunos looks impresionantes que vale la pena destacar. De Pampita y\u00a0Valeria Mazza a\u00a0Juana Viale y Moria Cas\u00e1n, los [&hellip;]","og_url":"https:\/\/gysfm.com.ar\/inicio\/de-pampita-y-valeria-mazza-a-juana-viale-y-moria-casan-los-mejores-looks-de-la-gala-de-caras-2026\/","og_site_name":"GYS NOTICIAS |","article_published_time":"2026-04-28T13:20:05+00:00","og_image":[{"url":"https:\/\/fotos.perfil.com\/\/2026\/04\/27\/900\/0\/pampita-en-gala-de-caras-2026-2228848.jpg","type":"","width":"","height":""}],"author":"Prensa G&amp;S FM","twitter_card":"summary_large_image","twitter_misc":{"Escrito por":"Prensa G&amp;S FM","Tiempo de lectura":"6 minutos"},"schema":{"@context":"https:\/\/schema.org","@graph":[{"@type":"Article","@id":"https:\/\/gysfm.com.ar\/inicio\/de-pampita-y-valeria-mazza-a-juana-viale-y-moria-casan-los-mejores-looks-de-la-gala-de-caras-2026\/#article","isPartOf":{"@id":"https:\/\/gysfm.com.ar\/inicio\/de-pampita-y-valeria-mazza-a-juana-viale-y-moria-casan-los-mejores-looks-de-la-gala-de-caras-2026\/"},"author":{"name":"Prensa G&amp;S FM","@id":"https:\/\/gysfm.com.ar\/inicio\/#\/schema\/person\/3abba7593ef2ad19e1be221d54383dc5"},"headline":"De Pampita y Valeria Mazza a Juana Viale y Moria Cas\u00e1n: los mejores looks de la Gala de CARAS 2026","datePublished":"2026-04-28T13:20:05+00:00","mainEntityOfPage":{"@id":"https:\/\/gysfm.com.ar\/inicio\/de-pampita-y-valeria-mazza-a-juana-viale-y-moria-casan-los-mejores-looks-de-la-gala-de-caras-2026\/"},"wordCount":1149,"publisher":{"@id":"https:\/\/gysfm.com.ar\/inicio\/#organization"},"image":{"@id":"https:\/\/gysfm.com.ar\/inicio\/de-pampita-y-valeria-mazza-a-juana-viale-y-moria-casan-los-mejores-looks-de-la-gala-de-caras-2026\/#primaryimage"},"thumbnailUrl":"https:\/\/gysfm.com.ar\/inicio\/wp-content\/uploads\/2026\/04\/pampita-valeria-mazza-juana-viale-y-moria-casan-2228901.jpeg","articleSection":["NACIONALES"],"inLanguage":"es"},{"@type":"WebPage","@id":"https:\/\/gysfm.com.ar\/inicio\/de-pampita-y-valeria-mazza-a-juana-viale-y-moria-casan-los-mejores-looks-de-la-gala-de-caras-2026\/","url":"https:\/\/gysfm.com.ar\/inicio\/de-pampita-y-valeria-mazza-a-juana-viale-y-moria-casan-los-mejores-looks-de-la-gala-de-caras-2026\/","name":"De Pampita y Valeria Mazza a Juana Viale y Moria Cas\u00e1n: los mejores looks de la Gala de CARAS 2026 - GYS NOTICIAS |","isPartOf":{"@id":"https:\/\/gysfm.com.ar\/inicio\/#website"},"primaryImageOfPage":{"@id":"https:\/\/gysfm.com.ar\/inicio\/de-pampita-y-valeria-mazza-a-juana-viale-y-moria-casan-los-mejores-looks-de-la-gala-de-caras-2026\/#primaryimage"},"image":{"@id":"https:\/\/gysfm.com.ar\/inicio\/de-pampita-y-valeria-mazza-a-juana-viale-y-moria-casan-los-mejores-looks-de-la-gala-de-caras-2026\/#primaryimage"},"thumbnailUrl":"https:\/\/gysfm.com.ar\/inicio\/wp-content\/uploads\/2026\/04\/pampita-valeria-mazza-juana-viale-y-moria-casan-2228901.jpeg","datePublished":"2026-04-28T13:20:05+00:00","breadcrumb":{"@id":"https:\/\/gysfm.com.ar\/inicio\/de-pampita-y-valeria-mazza-a-juana-viale-y-moria-casan-los-mejores-looks-de-la-gala-de-caras-2026\/#breadcrumb"},"inLanguage":"es","potentialAction":[{"@type":"ReadAction","target":["https:\/\/gysfm.com.ar\/inicio\/de-pampita-y-valeria-mazza-a-juana-viale-y-moria-casan-los-mejores-looks-de-la-gala-de-caras-2026\/"]}]},{"@type":"ImageObject","inLanguage":"es","@id":"https:\/\/gysfm.com.ar\/inicio\/de-pampita-y-valeria-mazza-a-juana-viale-y-moria-casan-los-mejores-looks-de-la-gala-de-caras-2026\/#primaryimage","url":"https:\/\/gysfm.com.ar\/inicio\/wp-content\/uploads\/2026\/04\/pampita-valeria-mazza-juana-viale-y-moria-casan-2228901.jpeg","contentUrl":"https:\/\/gysfm.com.ar\/inicio\/wp-content\/uploads\/2026\/04\/pampita-valeria-mazza-juana-viale-y-moria-casan-2228901.jpeg","width":1140,"height":641},{"@type":"BreadcrumbList","@id":"https:\/\/gysfm.com.ar\/inicio\/de-pampita-y-valeria-mazza-a-juana-viale-y-moria-casan-los-mejores-looks-de-la-gala-de-caras-2026\/#breadcrumb","itemListElement":[{"@type":"ListItem","position":1,"name":"Portada","item":"https:\/\/gysfm.com.ar\/inicio\/"},{"@type":"ListItem","position":2,"name":"De Pampita y Valeria Mazza a Juana Viale y Moria Cas\u00e1n: los mejores looks de la Gala de CARAS 2026"}]},{"@type":"WebSite","@id":"https:\/\/gysfm.com.ar\/inicio\/#website","url":"https:\/\/gysfm.com.ar\/inicio\/","name":"GYS NOTICIAS |","description":"DIARIO - RADIO ONLINE SAN JUAN ARGENTINA","publisher":{"@id":"https:\/\/gysfm.com.ar\/inicio\/#organization"},"potentialAction":[{"@type":"SearchAction","target":{"@type":"EntryPoint","urlTemplate":"https:\/\/gysfm.com.ar\/inicio\/?s={search_term_string}"},"query-input":{"@type":"PropertyValueSpecification","valueRequired":true,"valueName":"search_term_string"}}],"inLanguage":"es"},{"@type":"Organization","@id":"https:\/\/gysfm.com.ar\/inicio\/#organization","name":"GYS NOTICIAS |","url":"https:\/\/gysfm.com.ar\/inicio\/","logo":{"@type":"ImageObject","inLanguage":"es","@id":"https:\/\/gysfm.com.ar\/inicio\/#\/schema\/logo\/image\/","url":"https:\/\/gysfm.com.ar\/inicio\/wp-content\/uploads\/2023\/07\/LOGOGYS-OK.png","contentUrl":"https:\/\/gysfm.com.ar\/inicio\/wp-content\/uploads\/2023\/07\/LOGOGYS-OK.png","width":1170,"height":872,"caption":"GYS NOTICIAS |"},"image":{"@id":"https:\/\/gysfm.com.ar\/inicio\/#\/schema\/logo\/image\/"}},{"@type":"Person","@id":"https:\/\/gysfm.com.ar\/inicio\/#\/schema\/person\/3abba7593ef2ad19e1be221d54383dc5","name":"Prensa G&amp;S FM","image":{"@type":"ImageObject","inLanguage":"es","@id":"https:\/\/gysfm.com.ar\/inicio\/#\/schema\/person\/image\/","url":"https:\/\/secure.gravatar.com\/avatar\/096ec78df02049ab018702bb4ccedf659377fa92a26540b5247612077a0dbd29?s=96&d=mm&r=g","contentUrl":"https:\/\/secure.gravatar.com\/avatar\/096ec78df02049ab018702bb4ccedf659377fa92a26540b5247612077a0dbd29?s=96&d=mm&r=g","caption":"Prensa G&amp;S FM"},"sameAs":["https:\/\/gysfm.com.ar\/"],"url":"https:\/\/gysfm.com.ar\/inicio\/author\/lucasm\/"}]}},"_links":{"self":[{"href":"https:\/\/gysfm.com.ar\/inicio\/wp-json\/wp\/v2\/posts\/193453","targetHints":{"allow":["GET"]}}],"collection":[{"href":"https:\/\/gysfm.com.ar\/inicio\/wp-json\/wp\/v2\/posts"}],"about":[{"href":"https:\/\/gysfm.com.ar\/inicio\/wp-json\/wp\/v2\/types\/post"}],"author":[{"embeddable":true,"href":"https:\/\/gysfm.com.ar\/inicio\/wp-json\/wp\/v2\/users\/2"}],"replies":[{"embeddable":true,"href":"https:\/\/gysfm.com.ar\/inicio\/wp-json\/wp\/v2\/comments?post=193453"}],"version-history":[{"count":0,"href":"https:\/\/gysfm.com.ar\/inicio\/wp-json\/wp\/v2\/posts\/193453\/revisions"}],"wp:featuredmedia":[{"embeddable":true,"href":"https:\/\/gysfm.com.ar\/inicio\/wp-json\/wp\/v2\/media\/193454"}],"wp:attachment":[{"href":"https:\/\/gysfm.com.ar\/inicio\/wp-json\/wp\/v2\/media?parent=193453"}],"wp:term":[{"taxonomy":"category","embeddable":true,"href":"https:\/\/gysfm.com.ar\/inicio\/wp-json\/wp\/v2\/categories?post=193453"},{"taxonomy":"post_tag","embeddable":true,"href":"https:\/\/gysfm.com.ar\/inicio\/wp-json\/wp\/v2\/tags?post=193453"}],"curies":[{"name":"wp","href":"https:\/\/api.w.org\/{rel}","templated":true}]}}