{"id":193452,"date":"2026-04-28T10:12:23","date_gmt":"2026-04-28T13:12:23","guid":{"rendered":"https:\/\/gysfm.com.ar\/inicio\/el-gobierno-aprobo-el-nuevo-contrato-de-concesion\/"},"modified":"2026-04-28T10:12:23","modified_gmt":"2026-04-28T13:12:23","slug":"el-gobierno-aprobo-el-nuevo-contrato-de-concesion","status":"publish","type":"post","link":"https:\/\/gysfm.com.ar\/inicio\/el-gobierno-aprobo-el-nuevo-contrato-de-concesion\/","title":{"rendered":"el Gobierno aprob\u00f3 el nuevo contrato de concesi\u00f3n"},"content":{"rendered":"<p> <br \/>\n<\/p>\n<div id=\"\">\n<p id=\"p-1777367957037-26308\" data-start=\"343\" data-end=\"584\">El Gobierno aprob\u00f3 el modelo de contrato que regir\u00e1 la concesi\u00f3n del servicio de agua potable y desag\u00fces cloacales en el \u00e1rea metropolitana, en el marco del proceso de privatizaci\u00f3n de <strong data-start=\"537\" data-end=\"583\">Agua y Saneamientos Argentinos S.A. (AySA)<\/strong>, la empresa encargada de proveer los servicios de agua y cloacas para la Ciudad de Buenos Aires y 26 partidos del conurbano bonaerense.<\/p>\n<\/p><\/div>\n<div id=\"\">\n<p id=\"p-1777367957038-73479\" data-start=\"586\" data-end=\"795\">La decisi\u00f3n se oficializ\u00f3 a trav\u00e9s de la Resoluci\u00f3n 543\/2026 del <strong data-start=\"651\" data-end=\"677\">Ministerio de Econom\u00eda<\/strong>, publicada este martes en el Bolet\u00edn Oficial, y constituye <strong data-start=\"737\" data-end=\"794\">un paso clave en la privatizaci\u00f3n total de la empresa<\/strong>.<\/p>\n<\/div>\n<div id=\"\">\n<p id=\"p-1777367957038-27999\" data-start=\"797\" data-end=\"1143\">La norma valida el modelo de \u201cContrato de Concesi\u00f3n entre el Estado Nacional y AySA\u201d, que ser\u00e1 suscripto por la cartera econ\u00f3mica en representaci\u00f3n del Estado. El esquema se inscribe en lo dispuesto por la Ley 27.742, que declar\u00f3 a la compa\u00f1\u00eda <strong data-start=\"1041\" data-end=\"1069\">\u201csujeta a privatizaci\u00f3n\u201d<\/strong>, y por el Decreto 494\/2025, que autoriz\u00f3 la venta del paquete accionario.<\/p>\n<\/div>\n<div id=\"\">\n<p id=\"p-1777367957038-57766\" data-start=\"1145\" data-end=\"1388\">Seg\u00fan lo establecido, el proceso prev\u00e9 <strong data-start=\"1184\" data-end=\"1318\">la transferencia de al menos el 51% de las acciones a un operador estrat\u00e9gico mediante licitaci\u00f3n p\u00fablica nacional e internacional<\/strong>, mientras que el resto podr\u00e1 colocarse en bolsas y mercados del pa\u00eds.<\/p>\n<\/div>\n<div id=\"\">\n<p id=\"p-1777367957038-6544\" data-start=\"1390\" data-end=\"1701\">El modelo aprobado mantiene el sistema de concesi\u00f3n vigente, pero introduce <strong data-start=\"1466\" data-end=\"1510\">una reorganizaci\u00f3n integral del servicio<\/strong>, con el objetivo de dotarlo de mayor claridad normativa y previsibilidad. En ese sentido, el contrato fija derechos y obligaciones tanto para el concedente como para el futuro concesionario.<\/p>\n<\/div>\n<div id=\"\">\n<p id=\"p-1777367957038-50077\" data-start=\"1703\" data-end=\"1935\">Adem\u00e1s, la empresa deber\u00e1 cumplir con el <strong data-start=\"1744\" data-end=\"1788\">\u201cPlan de Acci\u00f3n de Transici\u00f3n 2024-2026\u201d<\/strong>, aprobado previamente por la <strong data-start=\"1818\" data-end=\"1850\">Secretar\u00eda de Obras P\u00fablicas<\/strong>, y trasladar sus metas al primer ciclo tarifario que se extender\u00e1 entre 2027 y 2031.<\/p>\n<p id=\"p-1777367957038-67283\" data-start=\"1937\" data-end=\"2137\">Desde el Gobierno remarcaron en el texto que el proceso no debe afectar la continuidad del servicio y que se llevar\u00e1 adelante bajo principios de <strong data-start=\"2070\" data-end=\"2136\">\u201ctransparencia, competencia, eficiencia y m\u00e1xima concurrencia\u201d<\/strong>.<\/p>\n<div contenteditable=\"false\" class=\"embed_cont type_documento\" id=\"8217123-1525874742_wrap\">\n<p> Resoluci\u00f3n 543\/2026 privatizacion aysa <span onclick=\"parent.parent.TinyMCETdcuerpo.preview_embed('8217123-1525874742')\" class=\"embed_colapse less\" id=\"8217123-1525874742_colapse\"\/>  <span onclick=\"parent.parent.TinyMCETdcuerpo.delete_embed('8217123-1525874742')\" class=\"embed_delete less\" id=\"8217123-1525874742_delete\"\/><\/p>\n<\/p><\/div>\n<h2 id=\"p-1777372281640-37540\" data-start=\"1937\" data-end=\"2137\">Las claves del proceso de privatizaci\u00f3n de AySA<\/h2>\n<p id=\"p-1777372281641-23614\" data-start=\"2196\" data-end=\"2462\"><strong data-start=\"2196\" data-end=\"2243\">1. Un contrato para el futuro concesionario<\/strong><\/p>\n<p id=\"p-1777372281641-60398\">La novedad central es la aprobaci\u00f3n del contrato que regir\u00e1 la futura operaci\u00f3n privada del servicio de agua y saneamiento en el AMBA. No es la venta en s\u00ed misma, sino la arquitectura regulatoria que permite hacerla.<\/p>\n<p id=\"p-1777372281641-26139\" data-start=\"2464\" data-end=\"2755\"><strong data-start=\"2464\" data-end=\"2501\">2. Privatizaci\u00f3n con modelo mixto<\/strong><\/p>\n<p id=\"p-1777372281641-4797\">El esquema combina ingreso de un operador privado con control accionario mayoritario y eventual colocaci\u00f3n de parte del paquete en el mercado, una ingenier\u00eda pensada para atraer inversores y valorizar la compa\u00f1\u00eda.<\/p>\n<p id=\"p-1777372281641-21445\" data-start=\"2757\" data-end=\"3013\"><strong data-start=\"2757\" data-end=\"2799\">3. Tarifas e inversiones, en el centro<\/strong><\/p>\n<p id=\"p-1777372281641-37715\">Uno de los puntos m\u00e1s sensibles es que el nuevo esquema pone foco en compromisos de inversi\u00f3n, expansi\u00f3n de redes y sustentabilidad financiera del servicio, lo que inevitablemente reabre el debate sobre tarifas.<\/p>\n<p id=\"p-1777372281641-48616\" data-start=\"3015\" data-end=\"3342\"><strong data-start=\"3015\" data-end=\"3045\">4. Nuevo marco regulatorio<\/strong><\/p>\n<p id=\"p-1777372281641-36285\">La privatizaci\u00f3n viene acompa\u00f1ada por cambios normativos previos que redise\u00f1aron las reglas del sector, desde condiciones de prestaci\u00f3n hasta mayores facultades para el concesionario. Ese redise\u00f1o fue le\u00eddo como el andamiaje previo para el ingreso privado.<\/p>\n<p id=\"p-1777372281641-52140\" data-start=\"3344\" data-end=\"3572\"><strong data-start=\"3344\" data-end=\"3402\">5. La discusi\u00f3n pol\u00edtica: agua como servicio o negocio<\/strong><\/p>\n<p id=\"p-1777372281641-62023\">La privatizaci\u00f3n reabre una discusi\u00f3n hist\u00f3rica: si el agua debe administrarse bajo l\u00f3gica de servicio p\u00fablico o bajo criterios de rentabilidad con regulaci\u00f3n estatal.<\/p>\n<p id=\"p-1777372281641-16073\" data-start=\"3344\" data-end=\"3572\">Qu\u00e9 viene ahora<\/p>\n<p id=\"p-1777372281641-71734\" data-start=\"3594\" data-end=\"3830\">Con el contrato aprobado, el pr\u00f3ximo paso es profundizar el proceso licitatorio para buscar al operador estrat\u00e9gico. El mercado mirar\u00e1 dos variables: el esquema tarifario futuro y las obligaciones de inversi\u00f3n que impondr\u00e1 la concesi\u00f3n.<\/p>\n<\/p><\/div>\n<p><script>\n!function(f,b,e,v,n,t,s)\n{if(f.fbq)return;n=f.fbq=function(){n.callMethod?\nn.callMethod.apply(n,arguments):n.queue.push(arguments)};\nif(!f._fbq)f._fbq=n;n.push=n;n.loaded=!0;n.version='2.0';\nn.queue=[];t=b.createElement(e);t.async=!0;\nt.src=v;s=b.getElementsByTagName(e)[0];\ns.parentNode.insertBefore(t,s)}(window,document,'script',\n'https:\/\/connect.facebook.net\/en_US\/fbevents.js');\nfbq('init', '2047048335588113');\nfbq('track', 'PageView');\n<\/script><br \/>\n<br \/><\/p>\n","protected":false},"excerpt":{"rendered":"<p>El Gobierno aprob\u00f3 el modelo de contrato que regir\u00e1 la concesi\u00f3n del servicio de agua potable y desag\u00fces cloacales en el \u00e1rea metropolitana, en el marco del proceso de privatizaci\u00f3n de Agua y Saneamientos Argentinos S.A. (AySA), la empresa encargada de proveer los servicios de agua y cloacas para la Ciudad de Buenos Aires y [&hellip;]<\/p>\n","protected":false},"author":1,"featured_media":170774,"comment_status":"closed","ping_status":"closed","sticky":false,"template":"","format":"standard","meta":{"footnotes":""},"categories":[28],"tags":[],"class_list":["post-193452","post","type-post","status-publish","format-standard","has-post-thumbnail","hentry","category-economia"],"yoast_head":"<!-- This site is optimized with the Yoast SEO plugin v24.4 - https:\/\/yoast.com\/wordpress\/plugins\/seo\/ -->\n<title>el Gobierno aprob\u00f3 el nuevo contrato de concesi\u00f3n - GYS NOTICIAS |<\/title>\n<meta name=\"robots\" content=\"index, follow, max-snippet:-1, max-image-preview:large, max-video-preview:-1\" \/>\n<link rel=\"canonical\" href=\"https:\/\/gysfm.com.ar\/inicio\/el-gobierno-aprobo-el-nuevo-contrato-de-concesion\/\" \/>\n<meta property=\"og:locale\" content=\"es_ES\" \/>\n<meta property=\"og:type\" content=\"article\" \/>\n<meta property=\"og:title\" content=\"el Gobierno aprob\u00f3 el nuevo contrato de concesi\u00f3n - GYS NOTICIAS |\" \/>\n<meta property=\"og:description\" content=\"El Gobierno aprob\u00f3 el modelo de contrato que regir\u00e1 la concesi\u00f3n del servicio de agua potable y desag\u00fces cloacales en el \u00e1rea metropolitana, en el marco del proceso de privatizaci\u00f3n de Agua y Saneamientos Argentinos S.A. (AySA), la empresa encargada de proveer los servicios de agua y cloacas para la Ciudad de Buenos Aires y [&hellip;]\" \/>\n<meta property=\"og:url\" content=\"https:\/\/gysfm.com.ar\/inicio\/el-gobierno-aprobo-el-nuevo-contrato-de-concesion\/\" \/>\n<meta property=\"og:site_name\" content=\"GYS NOTICIAS |\" \/>\n<meta property=\"article:published_time\" content=\"2026-04-28T13:12:23+00:00\" \/>\n<meta name=\"author\" content=\"admin\" \/>\n<meta name=\"twitter:card\" content=\"summary_large_image\" \/>\n<meta name=\"twitter:label1\" content=\"Escrito por\" \/>\n\t<meta name=\"twitter:data1\" content=\"admin\" \/>\n\t<meta name=\"twitter:label2\" content=\"Tiempo de lectura\" \/>\n\t<meta name=\"twitter:data2\" content=\"3 minutos\" \/>\n<script type=\"application\/ld+json\" class=\"yoast-schema-graph\">{\"@context\":\"https:\/\/schema.org\",\"@graph\":[{\"@type\":\"Article\",\"@id\":\"https:\/\/gysfm.com.ar\/inicio\/el-gobierno-aprobo-el-nuevo-contrato-de-concesion\/#article\",\"isPartOf\":{\"@id\":\"https:\/\/gysfm.com.ar\/inicio\/el-gobierno-aprobo-el-nuevo-contrato-de-concesion\/\"},\"author\":{\"name\":\"admin\",\"@id\":\"https:\/\/gysfm.com.ar\/inicio\/#\/schema\/person\/5bedd7ecd35cc35548d89effafa23696\"},\"headline\":\"el Gobierno aprob\u00f3 el nuevo contrato de concesi\u00f3n\",\"datePublished\":\"2026-04-28T13:12:23+00:00\",\"mainEntityOfPage\":{\"@id\":\"https:\/\/gysfm.com.ar\/inicio\/el-gobierno-aprobo-el-nuevo-contrato-de-concesion\/\"},\"wordCount\":599,\"publisher\":{\"@id\":\"https:\/\/gysfm.com.ar\/inicio\/#organization\"},\"image\":{\"@id\":\"https:\/\/gysfm.com.ar\/inicio\/el-gobierno-aprobo-el-nuevo-contrato-de-concesion\/#primaryimage\"},\"thumbnailUrl\":\"https:\/\/gysfm.com.ar\/inicio\/wp-content\/uploads\/2025\/12\/aysajpg.jpg\",\"articleSection\":[\"ECONOMIA\"],\"inLanguage\":\"es\"},{\"@type\":\"WebPage\",\"@id\":\"https:\/\/gysfm.com.ar\/inicio\/el-gobierno-aprobo-el-nuevo-contrato-de-concesion\/\",\"url\":\"https:\/\/gysfm.com.ar\/inicio\/el-gobierno-aprobo-el-nuevo-contrato-de-concesion\/\",\"name\":\"el Gobierno aprob\u00f3 el nuevo contrato de concesi\u00f3n - GYS NOTICIAS |\",\"isPartOf\":{\"@id\":\"https:\/\/gysfm.com.ar\/inicio\/#website\"},\"primaryImageOfPage\":{\"@id\":\"https:\/\/gysfm.com.ar\/inicio\/el-gobierno-aprobo-el-nuevo-contrato-de-concesion\/#primaryimage\"},\"image\":{\"@id\":\"https:\/\/gysfm.com.ar\/inicio\/el-gobierno-aprobo-el-nuevo-contrato-de-concesion\/#primaryimage\"},\"thumbnailUrl\":\"https:\/\/gysfm.com.ar\/inicio\/wp-content\/uploads\/2025\/12\/aysajpg.jpg\",\"datePublished\":\"2026-04-28T13:12:23+00:00\",\"breadcrumb\":{\"@id\":\"https:\/\/gysfm.com.ar\/inicio\/el-gobierno-aprobo-el-nuevo-contrato-de-concesion\/#breadcrumb\"},\"inLanguage\":\"es\",\"potentialAction\":[{\"@type\":\"ReadAction\",\"target\":[\"https:\/\/gysfm.com.ar\/inicio\/el-gobierno-aprobo-el-nuevo-contrato-de-concesion\/\"]}]},{\"@type\":\"ImageObject\",\"inLanguage\":\"es\",\"@id\":\"https:\/\/gysfm.com.ar\/inicio\/el-gobierno-aprobo-el-nuevo-contrato-de-concesion\/#primaryimage\",\"url\":\"https:\/\/gysfm.com.ar\/inicio\/wp-content\/uploads\/2025\/12\/aysajpg.jpg\",\"contentUrl\":\"https:\/\/gysfm.com.ar\/inicio\/wp-content\/uploads\/2025\/12\/aysajpg.jpg\",\"width\":1200,\"height\":675},{\"@type\":\"BreadcrumbList\",\"@id\":\"https:\/\/gysfm.com.ar\/inicio\/el-gobierno-aprobo-el-nuevo-contrato-de-concesion\/#breadcrumb\",\"itemListElement\":[{\"@type\":\"ListItem\",\"position\":1,\"name\":\"Portada\",\"item\":\"https:\/\/gysfm.com.ar\/inicio\/\"},{\"@type\":\"ListItem\",\"position\":2,\"name\":\"el Gobierno aprob\u00f3 el nuevo contrato de concesi\u00f3n\"}]},{\"@type\":\"WebSite\",\"@id\":\"https:\/\/gysfm.com.ar\/inicio\/#website\",\"url\":\"https:\/\/gysfm.com.ar\/inicio\/\",\"name\":\"GYS NOTICIAS |\",\"description\":\"DIARIO - RADIO ONLINE SAN JUAN ARGENTINA\",\"publisher\":{\"@id\":\"https:\/\/gysfm.com.ar\/inicio\/#organization\"},\"potentialAction\":[{\"@type\":\"SearchAction\",\"target\":{\"@type\":\"EntryPoint\",\"urlTemplate\":\"https:\/\/gysfm.com.ar\/inicio\/?s={search_term_string}\"},\"query-input\":{\"@type\":\"PropertyValueSpecification\",\"valueRequired\":true,\"valueName\":\"search_term_string\"}}],\"inLanguage\":\"es\"},{\"@type\":\"Organization\",\"@id\":\"https:\/\/gysfm.com.ar\/inicio\/#organization\",\"name\":\"GYS NOTICIAS |\",\"url\":\"https:\/\/gysfm.com.ar\/inicio\/\",\"logo\":{\"@type\":\"ImageObject\",\"inLanguage\":\"es\",\"@id\":\"https:\/\/gysfm.com.ar\/inicio\/#\/schema\/logo\/image\/\",\"url\":\"https:\/\/gysfm.com.ar\/inicio\/wp-content\/uploads\/2023\/07\/LOGOGYS-OK.png\",\"contentUrl\":\"https:\/\/gysfm.com.ar\/inicio\/wp-content\/uploads\/2023\/07\/LOGOGYS-OK.png\",\"width\":1170,\"height\":872,\"caption\":\"GYS NOTICIAS |\"},\"image\":{\"@id\":\"https:\/\/gysfm.com.ar\/inicio\/#\/schema\/logo\/image\/\"}},{\"@type\":\"Person\",\"@id\":\"https:\/\/gysfm.com.ar\/inicio\/#\/schema\/person\/5bedd7ecd35cc35548d89effafa23696\",\"name\":\"admin\",\"image\":{\"@type\":\"ImageObject\",\"inLanguage\":\"es\",\"@id\":\"https:\/\/gysfm.com.ar\/inicio\/#\/schema\/person\/image\/\",\"url\":\"https:\/\/secure.gravatar.com\/avatar\/c331d312b5243fb64d5ba28108a447b27c925295129a363082c9ea52c28d32c2?s=96&d=mm&r=g\",\"contentUrl\":\"https:\/\/secure.gravatar.com\/avatar\/c331d312b5243fb64d5ba28108a447b27c925295129a363082c9ea52c28d32c2?s=96&d=mm&r=g\",\"caption\":\"admin\"},\"sameAs\":[\"https:\/\/gysfm.com.ar\/inicio\"],\"url\":\"https:\/\/gysfm.com.ar\/inicio\/author\/admin\/\"}]}<\/script>\n<!-- \/ Yoast SEO plugin. -->","yoast_head_json":{"title":"el Gobierno aprob\u00f3 el nuevo contrato de concesi\u00f3n - GYS NOTICIAS |","robots":{"index":"index","follow":"follow","max-snippet":"max-snippet:-1","max-image-preview":"max-image-preview:large","max-video-preview":"max-video-preview:-1"},"canonical":"https:\/\/gysfm.com.ar\/inicio\/el-gobierno-aprobo-el-nuevo-contrato-de-concesion\/","og_locale":"es_ES","og_type":"article","og_title":"el Gobierno aprob\u00f3 el nuevo contrato de concesi\u00f3n - GYS NOTICIAS |","og_description":"El Gobierno aprob\u00f3 el modelo de contrato que regir\u00e1 la concesi\u00f3n del servicio de agua potable y desag\u00fces cloacales en el \u00e1rea metropolitana, en el marco del proceso de privatizaci\u00f3n de Agua y Saneamientos Argentinos S.A. (AySA), la empresa encargada de proveer los servicios de agua y cloacas para la Ciudad de Buenos Aires y [&hellip;]","og_url":"https:\/\/gysfm.com.ar\/inicio\/el-gobierno-aprobo-el-nuevo-contrato-de-concesion\/","og_site_name":"GYS NOTICIAS |","article_published_time":"2026-04-28T13:12:23+00:00","author":"admin","twitter_card":"summary_large_image","twitter_misc":{"Escrito por":"admin","Tiempo de lectura":"3 minutos"},"schema":{"@context":"https:\/\/schema.org","@graph":[{"@type":"Article","@id":"https:\/\/gysfm.com.ar\/inicio\/el-gobierno-aprobo-el-nuevo-contrato-de-concesion\/#article","isPartOf":{"@id":"https:\/\/gysfm.com.ar\/inicio\/el-gobierno-aprobo-el-nuevo-contrato-de-concesion\/"},"author":{"name":"admin","@id":"https:\/\/gysfm.com.ar\/inicio\/#\/schema\/person\/5bedd7ecd35cc35548d89effafa23696"},"headline":"el Gobierno aprob\u00f3 el nuevo contrato de concesi\u00f3n","datePublished":"2026-04-28T13:12:23+00:00","mainEntityOfPage":{"@id":"https:\/\/gysfm.com.ar\/inicio\/el-gobierno-aprobo-el-nuevo-contrato-de-concesion\/"},"wordCount":599,"publisher":{"@id":"https:\/\/gysfm.com.ar\/inicio\/#organization"},"image":{"@id":"https:\/\/gysfm.com.ar\/inicio\/el-gobierno-aprobo-el-nuevo-contrato-de-concesion\/#primaryimage"},"thumbnailUrl":"https:\/\/gysfm.com.ar\/inicio\/wp-content\/uploads\/2025\/12\/aysajpg.jpg","articleSection":["ECONOMIA"],"inLanguage":"es"},{"@type":"WebPage","@id":"https:\/\/gysfm.com.ar\/inicio\/el-gobierno-aprobo-el-nuevo-contrato-de-concesion\/","url":"https:\/\/gysfm.com.ar\/inicio\/el-gobierno-aprobo-el-nuevo-contrato-de-concesion\/","name":"el Gobierno aprob\u00f3 el nuevo contrato de concesi\u00f3n - GYS NOTICIAS |","isPartOf":{"@id":"https:\/\/gysfm.com.ar\/inicio\/#website"},"primaryImageOfPage":{"@id":"https:\/\/gysfm.com.ar\/inicio\/el-gobierno-aprobo-el-nuevo-contrato-de-concesion\/#primaryimage"},"image":{"@id":"https:\/\/gysfm.com.ar\/inicio\/el-gobierno-aprobo-el-nuevo-contrato-de-concesion\/#primaryimage"},"thumbnailUrl":"https:\/\/gysfm.com.ar\/inicio\/wp-content\/uploads\/2025\/12\/aysajpg.jpg","datePublished":"2026-04-28T13:12:23+00:00","breadcrumb":{"@id":"https:\/\/gysfm.com.ar\/inicio\/el-gobierno-aprobo-el-nuevo-contrato-de-concesion\/#breadcrumb"},"inLanguage":"es","potentialAction":[{"@type":"ReadAction","target":["https:\/\/gysfm.com.ar\/inicio\/el-gobierno-aprobo-el-nuevo-contrato-de-concesion\/"]}]},{"@type":"ImageObject","inLanguage":"es","@id":"https:\/\/gysfm.com.ar\/inicio\/el-gobierno-aprobo-el-nuevo-contrato-de-concesion\/#primaryimage","url":"https:\/\/gysfm.com.ar\/inicio\/wp-content\/uploads\/2025\/12\/aysajpg.jpg","contentUrl":"https:\/\/gysfm.com.ar\/inicio\/wp-content\/uploads\/2025\/12\/aysajpg.jpg","width":1200,"height":675},{"@type":"BreadcrumbList","@id":"https:\/\/gysfm.com.ar\/inicio\/el-gobierno-aprobo-el-nuevo-contrato-de-concesion\/#breadcrumb","itemListElement":[{"@type":"ListItem","position":1,"name":"Portada","item":"https:\/\/gysfm.com.ar\/inicio\/"},{"@type":"ListItem","position":2,"name":"el Gobierno aprob\u00f3 el nuevo contrato de concesi\u00f3n"}]},{"@type":"WebSite","@id":"https:\/\/gysfm.com.ar\/inicio\/#website","url":"https:\/\/gysfm.com.ar\/inicio\/","name":"GYS NOTICIAS |","description":"DIARIO - RADIO ONLINE SAN JUAN ARGENTINA","publisher":{"@id":"https:\/\/gysfm.com.ar\/inicio\/#organization"},"potentialAction":[{"@type":"SearchAction","target":{"@type":"EntryPoint","urlTemplate":"https:\/\/gysfm.com.ar\/inicio\/?s={search_term_string}"},"query-input":{"@type":"PropertyValueSpecification","valueRequired":true,"valueName":"search_term_string"}}],"inLanguage":"es"},{"@type":"Organization","@id":"https:\/\/gysfm.com.ar\/inicio\/#organization","name":"GYS NOTICIAS |","url":"https:\/\/gysfm.com.ar\/inicio\/","logo":{"@type":"ImageObject","inLanguage":"es","@id":"https:\/\/gysfm.com.ar\/inicio\/#\/schema\/logo\/image\/","url":"https:\/\/gysfm.com.ar\/inicio\/wp-content\/uploads\/2023\/07\/LOGOGYS-OK.png","contentUrl":"https:\/\/gysfm.com.ar\/inicio\/wp-content\/uploads\/2023\/07\/LOGOGYS-OK.png","width":1170,"height":872,"caption":"GYS NOTICIAS |"},"image":{"@id":"https:\/\/gysfm.com.ar\/inicio\/#\/schema\/logo\/image\/"}},{"@type":"Person","@id":"https:\/\/gysfm.com.ar\/inicio\/#\/schema\/person\/5bedd7ecd35cc35548d89effafa23696","name":"admin","image":{"@type":"ImageObject","inLanguage":"es","@id":"https:\/\/gysfm.com.ar\/inicio\/#\/schema\/person\/image\/","url":"https:\/\/secure.gravatar.com\/avatar\/c331d312b5243fb64d5ba28108a447b27c925295129a363082c9ea52c28d32c2?s=96&d=mm&r=g","contentUrl":"https:\/\/secure.gravatar.com\/avatar\/c331d312b5243fb64d5ba28108a447b27c925295129a363082c9ea52c28d32c2?s=96&d=mm&r=g","caption":"admin"},"sameAs":["https:\/\/gysfm.com.ar\/inicio"],"url":"https:\/\/gysfm.com.ar\/inicio\/author\/admin\/"}]}},"_links":{"self":[{"href":"https:\/\/gysfm.com.ar\/inicio\/wp-json\/wp\/v2\/posts\/193452","targetHints":{"allow":["GET"]}}],"collection":[{"href":"https:\/\/gysfm.com.ar\/inicio\/wp-json\/wp\/v2\/posts"}],"about":[{"href":"https:\/\/gysfm.com.ar\/inicio\/wp-json\/wp\/v2\/types\/post"}],"author":[{"embeddable":true,"href":"https:\/\/gysfm.com.ar\/inicio\/wp-json\/wp\/v2\/users\/1"}],"replies":[{"embeddable":true,"href":"https:\/\/gysfm.com.ar\/inicio\/wp-json\/wp\/v2\/comments?post=193452"}],"version-history":[{"count":0,"href":"https:\/\/gysfm.com.ar\/inicio\/wp-json\/wp\/v2\/posts\/193452\/revisions"}],"wp:featuredmedia":[{"embeddable":true,"href":"https:\/\/gysfm.com.ar\/inicio\/wp-json\/wp\/v2\/media\/170774"}],"wp:attachment":[{"href":"https:\/\/gysfm.com.ar\/inicio\/wp-json\/wp\/v2\/media?parent=193452"}],"wp:term":[{"taxonomy":"category","embeddable":true,"href":"https:\/\/gysfm.com.ar\/inicio\/wp-json\/wp\/v2\/categories?post=193452"},{"taxonomy":"post_tag","embeddable":true,"href":"https:\/\/gysfm.com.ar\/inicio\/wp-json\/wp\/v2\/tags?post=193452"}],"curies":[{"name":"wp","href":"https:\/\/api.w.org\/{rel}","templated":true}]}}