{"id":193450,"date":"2026-04-28T09:49:19","date_gmt":"2026-04-28T12:49:19","guid":{"rendered":"https:\/\/gysfm.com.ar\/inicio\/gala-de-caras-2026-fotos-looks-y-todos-los-detalles-del-mega-evento\/"},"modified":"2026-04-28T09:49:19","modified_gmt":"2026-04-28T12:49:19","slug":"gala-de-caras-2026-fotos-looks-y-todos-los-detalles-del-mega-evento","status":"publish","type":"post","link":"https:\/\/gysfm.com.ar\/inicio\/gala-de-caras-2026-fotos-looks-y-todos-los-detalles-del-mega-evento\/","title":{"rendered":"Gala de CARAS 2026: fotos, looks y todos los detalles del mega evento"},"content":{"rendered":"<p><\/p>\n<div>\n<p><strong>REVISTA\u00a0<\/strong><a target=\"_blank\" href=\"https:\/\/caras.perfil.com\/noticias\/tapas\/la-intimidad-de-ricky-martin.phtml\">CARAS<\/a> celebr\u00f3\u00a0sus 33 a\u00f1os con una gala en la que la moda y las celebridades se unieron en una noche \u00fanica. El lugar elegido fue el <strong>Palacio Reconquista<\/strong> y, por primera vez en la historia del evento, se pudieron\u00a0ver todos los detalles de la mega fiesta a trav\u00e9s de un<strong> streaming exclusivo, transmitido por el canal de Youtube oficial de CARAS y por <a target=\"_blank\" href=\"https:\/\/www.youtube.com\/@CanalCarasTV\/featured\">CARAS TV<\/a><\/strong>.<\/p>\n<h2>REVISTA CARAS celebr\u00f3 sus 33 a\u00f1os con una mega gala<\/h2>\n<p>El <strong>Palacio Reconquista <\/strong>se visti\u00f3 de gala, y nunca mejor dicho, para recibir a los invitados que se acercaron a la <strong>mega fiesta por los 33 a\u00f1os de CARAS<\/strong>.\u00a0 Las celebridades m\u00e1s importantes del pa\u00eds desfilaron por la espectacular alfombra roja, que comenz\u00f3 a las 19 horas y tuvo una cobertura especial en colaboraci\u00f3n con<a target=\"_blank\" href=\"https:\/\/caras.perfil.com\/noticias\/actualidad\/caras-se-une-con-e-entertainment-donde-ver-la-gala-en-vivo.phtml\"> E Entertainment<\/a>, una de las grandes sorpresas de la noche. Wally Diamante y el equipo de <strong>Grupo Mass<\/strong> participaron de la convocatoria de los invitados.\u00a0<\/p>\n<p><a target=\"_blank\" href=\"https:\/\/caras.perfil.com\/noticias\/moda\/cande-ruggeri-marco-vuelta-particular-tendencia-temporada-2026.phtml\">Candela Ruggeri<\/a>, <a target=\"_blank\" href=\"https:\/\/caras.perfil.com\/noticias\/moda\/caras-moda-desfile-desplego-las-ultimas-tendencias-de-la-alta-costura.phtml\">Fabi\u00e1n Paz<\/a>, <a target=\"_blank\" href=\"https:\/\/caras.perfil.com\/noticias\/tapas\/angie-landaburu-abre-su-casa-y-muestra-el-cuarto-de-su-bebe.phtml\">Angie Landaburu<\/a> y <a target=\"_blank\" href=\"https:\/\/caras.perfil.com\/noticias\/celebridades\/de-julieta-poggio-a-barby-franco-los-mejores-looks-en-los-premios-los-mas-likeados-de-caras.phtml\">Lara Simone<\/a>, fueron los anfitriones de lujo y transmitieron en vivo todo lo que sucedi\u00f3 puertas adentro. Por primera vez, la gala cont\u00f3 con una transmisi\u00f3n en simult\u00e1neo por el canal oficial de Youtube de <strong>CARAS\u00a0<\/strong>y<strong> CARAS <\/strong>TV. <strong>Celeste Gonzalez Mud <\/strong>estuvo a cargo del retoque y make up de las celebridades de la gala de Caras y el streaming.\u00a0<\/p>\n<div style=\"text-align:center\">\n<figure class=\"image\" style=\"display:inline-block\"><img decoding=\"async\" style=\"max-width: 100%; width: 100%;\" alt=\"El Back de la gala de CARAS 2026\" src=\"https:\/\/fotos.perfil.com\/\/2026\/04\/27\/900\/0\/el-back-de-la-gala-de-caras-2026-2228890.jpg\" loading=\"lazy\"\/><lt-highlighter contenteditable=\"false\" data-lt-linked=\"1\" style=\"display: none;\"><lt-div class=\"lt-highlighter__wrapper\" spellcheck=\"false\" style=\"width: 728px !important; height: 20.8px !important; transform: none !important; transform-origin: 364px 10.4px !important; zoom: 1 !important; margin-top: 505.6px !important;\"><lt-div class=\"lt-highlighter__scroll-element\" style=\"top: 0px !important; left: 0px !important; width: 728px !important; height: 20.8px !important;\"\/><\/lt-div><\/lt-highlighter>&#13;<br \/>\n&#13;<figcaption>Wally Diamante Valeria Mazza Alejandro Gravier y Mercedes Funes en la Gala de CARAS<\/figcaption>&#13;<br \/>\n<\/figure>\n<\/div>\n<div style=\"text-align:center\">\n<figure class=\"image\" style=\"display:inline-block\"><img decoding=\"async\" style=\"max-width: 100%; width: 100%;\" alt=\"VERO DE LA CANAL EN LA GALA DE CARAS 2026 \" src=\"https:\/\/fotos.perfil.com\/\/2026\/04\/28\/900\/0\/vero-de-la-canal-en-la-gala-de-caras-2026-2228945.jpg\" loading=\"lazy\"\/><lt-highlighter contenteditable=\"false\" data-lt-linked=\"1\" style=\"display: none;\"><lt-div class=\"lt-highlighter__wrapper\" spellcheck=\"false\" style=\"width: 728px !important; height: 20.8px !important; transform: none !important; transform-origin: 364px 10.4px !important; zoom: 1 !important; margin-top: 505.6px !important;\"><lt-div class=\"lt-highlighter__scroll-element\" style=\"top: 0px !important; left: 0px !important; width: 728px !important; height: 20.8px !important;\"\/><\/lt-div><\/lt-highlighter>&#13;<br \/>\n&#13;<figcaption data-gramm=\"false\" data-lt-tmp-id=\"lt-711784\" spellcheck=\"false\">Vero de la Canal en la Gala de CARAS<\/figcaption>&#13;<br \/>\n<\/figure>\n<\/div>\n<div style=\"text-align:center\">\n<figure class=\"image\" style=\"display:inline-block\"><img decoding=\"async\" style=\"max-width: 100%; width: 100%;\" alt=\"CANDE RUGGERI EN LA GALA CARAS 2026 \" src=\"https:\/\/fotos.perfil.com\/\/2026\/04\/27\/900\/0\/cande-ruggeri-en-la-gala-caras-2026-2228864.jpg\" loading=\"lazy\"\/>&#13;<figcaption>Cande Ruggeri<\/figcaption>&#13;<br \/>\n<\/figure>\n<\/div>\n<p><strong>Jetour asume un rol central como main sponsor de la noche <\/strong>que re\u00fane a las celebrities m\u00e1s destacadas. La automotriz acompa\u00f1a a las figuras y referentes que marcan tendencia en el mundo del espect\u00e1culo, reforzando su posicionamiento en un entorno vinculado al dise\u00f1o y la sofisticaci\u00f3n. De esta manera, Jetour se integra a la gala que define uno de los encuentros m\u00e1s esperados del calendario social\u201d.<\/p>\n<div style=\"text-align:center\">\n<figure class=\"image\" style=\"display:inline-block\"><img decoding=\"async\" style=\"max-width: 100%; width: 100%;\" alt=\"FABIAN PAZ EN GALA CARAS 2026\" src=\"https:\/\/fotos.perfil.com\/\/2026\/04\/27\/900\/0\/fabian-paz-en-gala-caras-2026-2228823.jpg\" loading=\"lazy\"\/>&#13;<figcaption>Fabi\u00e1n Paz<\/figcaption>&#13;<br \/>\n<\/figure>\n<\/div>\n<div style=\"text-align:center\">\n<figure class=\"image\" style=\"display:inline-block\"><img decoding=\"async\" style=\"max-width: 100%; width: 100%;\" alt=\"MAURICIO MACRI EN LA GALA DE CARAS 2026\" src=\"https:\/\/fotos.perfil.com\/\/2026\/04\/27\/900\/0\/mauricio-macri-en-la-gala-de-caras-2026-2228895.jpg\" loading=\"lazy\"\/>&#13;<figcaption>Mauricio Macri en la Gala de CARAS 2026<\/figcaption>&#13;<br \/>\n<\/figure>\n<\/div>\n<p><strong>La ambientaci\u00f3n del Palacio Reconquista estuvo a cargo de Oviedo Eventos<\/strong>, que aport\u00f3 su impronta para realzar el evento con un estilo distintivo. El estudio Gardenia, liderado por la ingeniera Vanesa Veloso sum\u00f3 su sello con una intervenci\u00f3n vegetal que recorri\u00f3 todo el sal\u00f3n, en di\u00e1logo con la propuesta de<strong> Mirnadeco<\/strong>, responsable de las esferas e instalaciones inmersivas pensadas para generar experiencias fotogr\u00e1ficas. El mobiliario estuvo a cargo de<strong> Silvana Zarza<\/strong>, quien adem\u00e1s colabor\u00f3 en la coordinaci\u00f3n junto a<strong> Ezequiel, Gardenia y Mirna<\/strong>. La espectacular decoraci\u00f3n de la <strong>Gala 33 de Caras<\/strong> estuvo a cargo de los equipos de<strong> Ezequiel Deco, Myrna Deco, Gardenia y Nutz ambientaciones<\/strong>.<\/p>\n<div style=\"text-align:center\">\n<figure class=\"image\" style=\"display:inline-block\"><img decoding=\"async\" style=\"max-width: 100%; width: 100%;\" alt=\"MORIA CASAN EN GALA CARAS.jpg\" src=\"https:\/\/fotos.perfil.com\/\/2026\/04\/27\/900\/0\/moria-casan-en-gala-carasjpg-2228821.jpg\" loading=\"lazy\"\/>&#13;<figcaption>Moria Cas\u00e1n<\/figcaption>&#13;<br \/>\n<\/figure>\n<\/div>\n<div style=\"text-align:center\">\n<figure class=\"image\" style=\"display:inline-block\"><img decoding=\"async\" style=\"max-width: 100%; width: 100%;\" alt=\"VALERIA MAZZA EN GALA CARAS 2026\" src=\"https:\/\/fotos.perfil.com\/\/2026\/04\/27\/900\/0\/valeria-mazza-en-gala-caras-2026-2228843.jpg\" loading=\"lazy\"\/>&#13;<figcaption>Valeria Mazza<\/figcaption>&#13;<br \/>\n<\/figure>\n<\/div>\n<p><strong>Moria Cas\u00e1n, Pampita, Juana Viale, Valeria Mazza, Laurita Fernandez,\u00a0Esteban Lamothe, Debora Nishimoto, Chloe Bello,\u00a0Agustina Casanova,\u00a0Julieta Poggio, Angie Landaburu,\u00a0Rosella della Giovampaola y\u00a0Daniela Urzi, <\/strong>fueron algunos de los grandes nombres que dijeron presente.<\/p>\n<div style=\"text-align:center\">\n<figure class=\"image\" style=\"display:inline-block\"><img decoding=\"async\" style=\"max-width: 100%; width: 100%;\" alt=\"PAMPITA EN GALA DE CARAS 2026 \" src=\"https:\/\/fotos.perfil.com\/\/2026\/04\/27\/900\/0\/pampita-en-gala-de-caras-2026-2228848.jpg\" loading=\"lazy\"\/>&#13;<figcaption>Pampita vestida por Carolina Herrera<\/figcaption>&#13;<br \/>\n<\/figure>\n<\/div>\n<p>\u00a0<\/p>\n<div style=\"text-align:center\">\n<figure class=\"image\" style=\"display:inline-block\"><img decoding=\"async\" style=\"max-width: 100%; width: 100%;\" alt=\"JUANA VIALE EN GALA CARAS 2026\" src=\"https:\/\/fotos.perfil.com\/\/2026\/04\/27\/900\/0\/juana-viale-en-gala-caras-2026-2228822.jpg\" loading=\"lazy\"\/>&#13;<figcaption>Juana Viale vestida por Gabriel Lage<\/figcaption>&#13;<br \/>\n<\/figure>\n<\/div>\n<div style=\"text-align:center\">\n<figure class=\"image\" style=\"display:inline-block\"><img decoding=\"async\" style=\"max-width: 100%; width: 100%;\" alt=\"AGUS CASANOVA EN LA GALA DE CARAS 2026 \" src=\"https:\/\/fotos.perfil.com\/\/2026\/04\/27\/900\/0\/agus-casanova-en-la-gala-de-caras-2026-2228872.jpg\" loading=\"lazy\"\/>&#13;<figcaption>Agustina Casanova por Marcelo Zanek<\/figcaption>&#13;<br \/>\n<\/figure>\n<\/div>\n<div style=\"text-align:center\">\n<figure class=\"image\" style=\"display:inline-block\"><img decoding=\"async\" style=\"max-width: 100%; width: 100%;\" alt=\"DANIELA URZI EN LA GALA DE CARAS 2026 \" src=\"https:\/\/fotos.perfil.com\/\/2026\/04\/27\/900\/0\/daniela-urzi-en-la-gala-de-caras-2026-2228867.jpg\" loading=\"lazy\"\/>&#13;<figcaption>Daniela Urzi por Fabi\u00e1n Zitta<\/figcaption>&#13;<br \/>\n<\/figure>\n<\/div>\n<h2>La gran tapa de la gala de CARAS 2026<\/h2>\n<p>Como no pod\u00eda ser de otra manera, la gala de <strong>CARAS<\/strong> trajo consigo la ic\u00f3nica tapa para la revista, que contar\u00e1 con una edici\u00f3n especial. Las celebridades posaron\u00a0frente a la c\u00e1mara\u00a0para inmortalizar una noche llena de momentos \u00fanicos.\u201cLa iluminaci\u00f3n siempre es fundamental para las fotos de una fiesta. Y en el caso de las celebridades, esto es a\u00fan m\u00e1s especial. Por eso recurrimos a <strong>Mega Foto <\/strong>que con sus equipos Visico podemos tener un set de iluminaci\u00f3n port\u00e1til que lo llevamos al evento\u201d, explic\u00f3 <strong>Federico de Bartolo<\/strong>, editor jefe de Caras, sobre la importancia de haber contado con set especial para la ocasi\u00f3n con luces y equipos de primer nivel.<\/p>\n<p>De Bartolo dio detalles del trabajo realizado en la producci\u00f3n de las fotos m\u00e1s esperadas de la noche: <strong>\u201cNos manejamos con\u00a0tres cajas de luz grandes, dos cajas que van desde abajo para tener una iluminaci\u00f3n pareja. Eso es fundamental, sobre todo para que las celebridades conf\u00eden en que el producto va a ser impecable\u201d<\/strong>.\u00a0 Adem\u00e1s, indic\u00f3 que el evento cont\u00f3 con puntos fotogr\u00e1ficos para realizar entrevistas digitales y toma de im\u00e1genes.<\/p>\n<div style=\"text-align:center\">\n<figure class=\"image\" style=\"display:inline-block\"><img decoding=\"async\" style=\"max-width: 100%; width: 100%;\" alt=\"Las mejores fotos de la gala de CARAS 2026\" src=\"https:\/\/fotos.perfil.com\/\/2026\/04\/28\/900\/0\/las-mejores-fotos-de-la-gala-de-caras-2026-2229021.jpg\" loading=\"lazy\"\/>&#13;<figcaption>El backstage de la tapa de CARAS.<\/figcaption>&#13;<br \/>\n<\/figure>\n<\/div>\n<h2>As\u00ed fue la gala de CARAS 2026 por dentro<\/h2>\n<p>Adem\u00e1s de la alfombra roja, el streaming y la impresionante tapa de la edici\u00f3n especial de <strong>Revista CARAS<\/strong>, la mega fiesta cont\u00f3 con comida gourmet, tragos, espect\u00e1culos de primer nivel.\u00a0En sinton\u00eda con el esp\u00edritu de la <strong>Gala de Caras<\/strong>, <strong>Stella Artois<\/strong> acompa\u00f1\u00f3 la experiencia con una propuesta que combina disfrute y elegancia. Con un stand propio y espacios de degustaci\u00f3n, la marca invita a los presentes a brindar con sus ic\u00f3nicos porrones, en versiones con y sin alcohol, pensadas para cada estilo. Como toque distintivo, su nueva Stella Artois Gold dijo presente con un exclusivo bandejeo en el sector VIP en una noche donde el lujo es protagonista.<\/p>\n<p><strong>Mi Victoria by Leandro Paredes<\/strong> estuvo presente en la Gala Anual 33 A\u00f1os. La estrella de Boca Juniors no quiso perderse de estar en el evento m\u00e1s importante de<strong> CARAS <\/strong>con una selecci\u00f3n de vinos de su l\u00ednea Malbec y Chardonnay, elegidos por su sommelier. Para acompa\u00f1ar la selecci\u00f3n de vinos, una propuesta de quesos premium de la mano de<strong> Quesos Vaquero<\/strong>, con variedades como parmesano, reggianito, Goya, sardo y provolone, entre otros.\u00a0<strong>Intensamente catering<\/strong> estuvo a cargo de las delicias que se disfrutaron a lo largo de esta noche tan especial.<\/p>\n<div style=\"text-align:center\">\n<figure class=\"image\" style=\"display:inline-block\"><img decoding=\"async\" style=\"max-width: 100%; width: 100%;\" alt=\"EL BACK DE LA GALA DE CARAS 2026\" src=\"https:\/\/fotos.perfil.com\/\/2026\/04\/28\/900\/0\/el-back-de-la-gala-de-caras-2026-2228952.jpg\" loading=\"lazy\"\/><lt-highlighter contenteditable=\"false\" data-lt-linked=\"1\" style=\"display: none;\"><lt-div class=\"lt-highlighter__wrapper\" spellcheck=\"false\" style=\"width: 728px !important; height: 20.8px !important; transform: none !important; transform-origin: 364px 10.4px !important; zoom: 1 !important; margin-top: 505.6px !important;\"><lt-div class=\"lt-highlighter__scroll-element\" style=\"top: 0px !important; left: 0px !important; width: 728px !important; height: 20.8px !important;\"\/><\/lt-div><\/lt-highlighter>&#13;<br \/>\n&#13;<figcaption data-gramm=\"false\" data-lt-tmp-id=\"lt-578094\" spellcheck=\"false\">El back de la Gala de CARAS 2026<\/figcaption>&#13;<br \/>\n<\/figure>\n<\/div>\n<h2>Las dos grandes sorpresas de la Gala de CARAS<\/h2>\n<p>La primera de las sorpresas fue el discurso de<a target=\"_blank\" href=\"https:\/\/caras.perfil.com\/noticias\/celebridades\/jorge-fontevecchia-gano-el-martin-fierro-al-mejor-columnista-de-opinion-por-su-trabajo-en-perfilcom.phtml\"> Jorge Fontevecchia<\/a>, \u00ab33 a\u00f1os de Caras,\u00a0y\u00a033 no es un n\u00famero cualquiera, los m\u00e9dicos\u00a0piden decir 33 para auscultar la saludad de los pacientes,\u00a033 fueron los a\u00f1os de Cristo, aquellos que crean en la numerolog\u00eda 33 representa\u00a0la maestr\u00eda espiritual, la compasi\u00f3n universal y el amor desinteresado\u00a0y tambi\u00e9n en la numerolog\u00eda pitag\u00f3rica 33 es\u00a0el \u201cn\u00famero maestro\u201d\u00a0por eso el grado 33 es\u00a0el cargo m\u00e1ximo en la masoner\u00eda\u00a0y en\u00a0Cabal\u00e1\u00a0se lo relaciona con el nivel de\u00a0Tiferet\u00a0en el \u00c1rbol de la Vida, que representa el coraz\u00f3n, la belleza y el equilibrio\u00bb, arranc\u00f3 diciendo el\u00a0cofundador de Editorial Perfil y CEO de Perfil Network.<\/p>\n<div style=\"text-align:center\">\n<figure class=\"image\" style=\"display:inline-block\"><img decoding=\"async\" style=\"max-width: 100%; width: 100%;\" alt=\"Jorge Fontevecchia y Gabriela L\u00f3pez, periodista y pareja del CEO de Editorial Perfil en la Gala de CARAS\" src=\"https:\/\/fotos.perfil.com\/\/2026\/04\/27\/900\/0\/jorge-fontevecchia-y-gabriela-lopez-periodista-y-pareja-del-ceo-de-editorial-perfil-en-la-gala-de-caras-2228881.jpg\" loading=\"lazy\"\/>&#13;<figcaption>Jorge Fontevecchia junto a su pareja, la periodista Gabriela L\u00f3pez<\/figcaption>&#13;<br \/>\n<\/figure>\n<\/div>\n<p>\u00ab33 a\u00f1os atr\u00e1s nos retrotraen a\u00a0finales de 1992\u00a0cuando fue lanzada la revista Caras en una Argentina que por entonces estaba en el apogeo material de la estabilidad econ\u00f3mica de aquella d\u00e9cada,\u00a0con el mundo convencido que se hab\u00eda llegado al fin de la historia en materia de democracia y capitalismo tras la ca\u00edda del Muro de Berl\u00edn que en Perfil se encuentra la mayor cantidad de bloques fuera de la propia Alemania\u00bb, agreg\u00f3.<\/p>\n<div style=\"text-align:center\">\n<figure class=\"image\" style=\"display:inline-block\"><img decoding=\"async\" style=\"max-width: 100%; width: 100%;\" alt=\"Jorge Fontevecchia\" src=\"https:\/\/fotos.perfil.com\/\/2026\/04\/28\/900\/0\/jorge-fontevecchia-2229014.jpg\" loading=\"lazy\"\/>&#13;<figcaption>Jorge Fontevecchia<\/figcaption>&#13;<br \/>\n<\/figure>\n<\/div>\n<p>En esa misma sinton\u00eda, el discurso de Fontevecchia continu\u00f3: \u00abAl a\u00f1o siguiente, 1993, se\u00a0lanz\u00f3 Caras en Brasil\u00a0y al siguiente, 1994, en Portugal desde donde surgi\u00f3 la inspiraci\u00f3n de Caras TV que en Europa ya lleva trece a\u00f1os de larga y frondosa vida, fue lanado en 2013. Y justo\u00a0con este a\u00f1o 33 de\u00a0la revista\u00a0Caras\u00a0se inici\u00f3 el\u00a0tercer a\u00f1os\u00a0de Caras TV en Argentina con una programaci\u00f3n m\u00e1s madura, m\u00e1s amplia, con m\u00e1s figuras y con m\u00e1s alcance porque se suman a todos los cable operadores\u00a0Flow\u00a0en el 26 de su dial junto a todos los canales de televisi\u00f3n abierta y noticias.<\/p>\n<p><iframe id=\"vrudo\" class=\"vrudo\" src=\"https:\/\/rudo.video\/vod\/bWr7f0?volume=0\" width=\"100%\" height=\"100%\" allowscriptaccess=\"always\" allowfullscreen=\"true\" webkitallowfullscreen=\"true\" frameborder=\"0\" scrolling=\"no\" allow=\"autoplay; fullscreen\" loading=\"lazy\"><\/iframe><\/p>\n<p>Luego, lleg\u00f3 la\u00a0presentaci\u00f3n de la nueva programaci\u00f3n de <strong>CARAS TV, a cargo de <\/strong><a target=\"_blank\" href=\"https:\/\/caras.perfil.com\/noticias\/caras-tv\/marcelo-polino-tengo-un-parque-muy-grande-pero-no-salgo-nunca-afuera-lo-miro-desde-la-ventana.phtml\">Marcelo Polino<\/a><strong>, una de las estrellas que se suman.\u00a0<\/strong>\u00a0En primer lugar aparece\u00a0<strong>\u00abAs\u00ed viven las estrellas\u00bb<\/strong>, un programa enfocado en mostrar las mansiones de las celebridades, luego llega <strong>\u00abCARAS GLAM\u00bb<\/strong> con el mencionado conductor, un talk show que tendr\u00e1 entrevistas, juegos y secretos revelados.<\/p>\n<p>Tambi\u00e9n se estrenar\u00e1\u00a0<strong>\u00abStudio Paradiso\u00bb<\/strong> con la conducci\u00f3n de Donato De Santis y Mart\u00edn Rubanetti, quienes viajar\u00e1n y compartir\u00e1n la mejor gastronom\u00eda mientras que una nueva temporada de Red Carpet llega de la mano de Adriana Salgueiro y Andrea Brisso.<\/p>\n<p>Luc\u00eda Ugarte llega a la pantalla de Caras Tv con su cl\u00e1sico programa <strong>\u00abChicas Guapas\u00bb <\/strong>y Cale Ruggeri se ubica como conductora de <strong>\u00abFamosos Online\u00bb.<\/strong> Por su parte, Anam\u00e1 Ferreira estar\u00e1 al frente de Caras Fashion para mostrar toda la intimidad de los mejores desfiles del mundo y <strong>Caras Realeza<\/strong> ser\u00e1 el programa encargado de acercar las historias de los royals a la argentina.<\/p>\n<p>Mart\u00edn Rubinetti tambi\u00e9n estar\u00e1 al frente de <strong>\u00abGo Luxury Travel\u00bb<\/strong>, un programa que recorrer\u00e1 el mundo hablando de gastronom\u00eda y lifestyle.<strong> Tambi\u00e9n llega \u00abMiami Latina Voices\u00bb, \u00abCaras TV Prime\u00bb con Joel Rossi y \u00abC\u00f3digo Deseo\u00bb con la conducci\u00f3n de Luciana Salazar.<\/strong><\/p>\n<p>Aunque no ser\u00e1n las \u00fanicas novedades, tal cual qued\u00f3 registrado en el impresionante video con el que se anunci\u00f3 las grandes novedades que tendr\u00e1<a target=\"_blank\" href=\"https:\/\/caras.perfil.com\/noticias\/caras-tv\/luciana-salazar-barby-franco-marcelo-polino-donato-de-santis-nuevas-celebridades-se-suman-a-caras-tv.phtml\"> CARAS TV<\/a><\/p>\n<p><iframe id=\"vrudo\" class=\"vrudo\" src=\"https:\/\/rudo.video\/vod\/bWr7pB?volume=0\" width=\"100%\" height=\"100%\" allowscriptaccess=\"always\" allowfullscreen=\"true\" webkitallowfullscreen=\"true\" frameborder=\"0\" scrolling=\"no\" allow=\"autoplay; fullscreen\" loading=\"lazy\"><\/iframe><\/p>\n<p>\u00a0<\/p>\n<figure class=\"image\"><img decoding=\"async\" style=\"max-width: 100%; width: 100%;\" alt=\"El Back de la gala de CARAS 2026\" src=\"https:\/\/fotos.perfil.com\/\/2026\/04\/27\/900\/0\/el-back-de-la-gala-de-caras-2026-2228892.jpg\" loading=\"lazy\"\/>&#13;<figcaption>El Back de la gala de CARAS 2026<\/figcaption>&#13;<br \/>\n<\/figure>\n<p>El cierre de la noche se coron\u00f3 con un momento de cuidado y bienestar de la mano de <strong>Lidherma,<\/strong> que acompa\u00f1\u00f3 la despedida de los invitados con un regalo especial. El obsequio incluy\u00f3 una crema Renovage Sensitive Skin, ideal para la renovaci\u00f3n de pieles sensibles, junto a una emulsi\u00f3n descongestiva para p\u00e1rpados\u201d. Adem\u00e1s, las fragancias de Tom Ford fueron el regalo perfecto para las celebridades m\u00e1s especiales de esta gala.<\/p>\n<figure class=\"image\"><img decoding=\"async\" style=\"max-width: 100%; width: 100%;\" alt=\"CANDE RUGGERI Y FABI\u00c1N PAZ CONDUCIENDO EL STREAMING DE CARAS\" src=\"https:\/\/fotos.perfil.com\/\/2026\/04\/27\/900\/0\/cande-ruggeri-y-fabian-paz-conduciendo-el-streaming-de-caras-2228900.jpg\" loading=\"lazy\"\/><lt-highlighter contenteditable=\"false\" data-lt-linked=\"1\" style=\"display: none;\"><lt-div class=\"lt-highlighter__wrapper\" spellcheck=\"false\" style=\"width: 728px !important; height: 20.8px !important; transform: none !important; transform-origin: 364px 10.4px !important; zoom: 1 !important; margin-top: 505.6px !important;\"><lt-div class=\"lt-highlighter__scroll-element\" style=\"top: 0px !important; left: 0px !important; width: 728px !important; height: 20.8px !important;\"\/><\/lt-div><\/lt-highlighter>&#13;<br \/>\n&#13;<figcaption>Cande Ruggeri y Fabi\u00e1n Paz conduciendo el streaming de CARAS\u00a0<\/figcaption>&#13;<br \/>\n<\/figure>\n<figure class=\"image\"><img decoding=\"async\" style=\"max-width: 100%; width: 100%;\" alt=\"El Back de la gala de CARAS 2026\" src=\"https:\/\/fotos.perfil.com\/\/2026\/04\/27\/900\/0\/el-back-de-la-gala-de-caras-2026-2228891.jpg\" loading=\"lazy\"\/>&#13;<figcaption>Pampita en el Back de la gala de CARAS 2026<\/figcaption>&#13;<br \/>\n<\/figure>\n<figure class=\"image\"><img decoding=\"async\" style=\"max-width: 100%; width: 100%;\" alt=\"El Back de la gala de CARAS 2026\" src=\"https:\/\/fotos.perfil.com\/\/2026\/04\/27\/900\/0\/el-back-de-la-gala-de-caras-2026-2228889.jpg\" loading=\"lazy\"\/>&#13;<figcaption>Agustina Casanova en el back de la gala de CARAS 2026<\/figcaption>&#13;<br \/>\n<\/figure>\n<figure class=\"image\"><img decoding=\"async\" style=\"max-width: 100%; width: 100%;\" alt=\"FRANCISCO DE NARV\u00c1EZ Y CAROLINA \" src=\"https:\/\/fotos.perfil.com\/\/2026\/04\/27\/900\/0\/francisco-de-narvaez-y-carolina-cuki-klemencic-en-la-gala-caras-2026-2228909.jpg\" loading=\"lazy\"\/>&#13;<figcaption>Francisco De Narv\u00e1ez y su esposa\u00a0\u00a0Carolina \u00abCuki\u00bb Klemencic<\/figcaption>&#13;<br \/>\n<\/figure>\n<p><iframe id=\"vrudo\" class=\"vrudo\" src=\"https:\/\/rudo.video\/vod\/bWr5KM?volume=0\" width=\"100%\" height=\"100%\" allowscriptaccess=\"always\" allowfullscreen=\"true\" webkitallowfullscreen=\"true\" frameborder=\"0\" scrolling=\"no\" allow=\"autoplay; fullscreen\" loading=\"lazy\"><\/iframe><\/p>\n<p>De esta manera pas\u00f3 una nueva edici\u00f3n de la <strong>Gala de CARAS<\/strong>. La revista celebr\u00f3 sus 33 a\u00f1os por todo lo alto, en una noche \u00fanica que reuni\u00f3 a las celebridades m\u00e1s importantes del pa\u00eds y estuvo repleta de glamour, moda y momentos especiales. Una fiesta que, seguramente, quedar\u00e1 en la memoria de todos aquellos que dijeron presente y se acercaron a celebrar en una jornada tan significativa.<\/p>\n<p><lt-toolbar contenteditable=\"false\" data-lt-adjust-appearance=\"true\" data-lt-force-appearance=\"light\" style=\"display: none;\"><lt-div class=\"lt-toolbar__wrapper lt-toolbar__wrapper--hide\" style=\"left: 841px; position: absolute !important; top: 816px !important; bottom: auto !important; z-index: auto; opacity: 1 !important; pointer-events: all !important;\"><lt-div class=\"lt-toolbar__status-icon lt-toolbar__status-icon--trial-ended\"><lt-span class=\"lt-icon__tooltip lt-icon__tooltip--top-right\">Tu prueba Premium ha finalizado<\/lt-span><\/lt-div><lt-div class=\"lt-toolbar__premium-icon-dot\"\/><\/lt-div><\/lt-toolbar><lt-toolbar contenteditable=\"false\" data-lt-adjust-appearance=\"true\" data-lt-force-appearance=\"light\" style=\"display: none;\"><lt-div class=\"lt-toolbar__wrapper lt-toolbar__wrapper--hide\" style=\"left: 841px; position: absolute !important; top: 1384px !important; bottom: auto !important; z-index: auto; opacity: 1 !important; pointer-events: all !important;\"><lt-div class=\"lt-toolbar__status-icon lt-toolbar__status-icon--trial-ended\"><lt-span class=\"lt-icon__tooltip lt-icon__tooltip--top-right\">Tu prueba Premium ha finalizado<\/lt-span><\/lt-div><lt-div class=\"lt-toolbar__premium-icon-dot\"\/><\/lt-div><\/lt-toolbar><lt-toolbar contenteditable=\"false\" data-lt-adjust-appearance=\"true\" data-lt-force-appearance=\"light\" style=\"display: none;\"><lt-div class=\"lt-toolbar__wrapper lt-toolbar__wrapper--hide\" style=\"left: 841px; position: absolute !important; top: 8482px !important; bottom: auto !important; z-index: auto; opacity: 1 !important; pointer-events: all !important;\"><lt-div class=\"lt-toolbar__status-icon lt-toolbar__status-icon--trial-ended\"><lt-span class=\"lt-icon__tooltip lt-icon__tooltip--top-right\">Tu prueba Premium ha finalizado<\/lt-span><\/lt-div><lt-div class=\"lt-toolbar__premium-icon-dot\"\/><\/lt-div><\/lt-toolbar><lt-toolbar contenteditable=\"false\" data-lt-adjust-appearance=\"true\" data-lt-force-appearance=\"light\" style=\"display: none;\"><lt-div class=\"lt-toolbar__wrapper lt-toolbar--small lt-toolbar__wrapper--hide\" style=\"left: 753px; position: absolute !important; top: 11879px !important; bottom: auto !important; z-index: auto; opacity: 1 !important; pointer-events: all !important;\"><lt-div class=\"lt-toolbar__status-icon lt-toolbar__status-icon--trial-ended\"><lt-span class=\"lt-icon__tooltip lt-icon__tooltip--top-right\">Tu prueba Premium ha finalizado<\/lt-span><\/lt-div><lt-div class=\"lt-toolbar__premium-icon-dot\"\/><\/lt-div><\/lt-toolbar><\/p>\n<p>\t\t\t\t\t\t\t\t\t\t<!-- tags -->\n\t\t\t\t<\/div>\n<p><script>\n\t(function(d, s, id) {\n\t\tvar js, fjs = d.getElementsByTagName(s)[0];\n\t\tif (d.getElementById(id)) return;\n\t\tjs = d.createElement(s);\n\t\tjs.id = id;\n\t\tjs.src=\"https:\/\/connect.facebook.net\/es_LA\/sdk.js#xfbml=1&version=v3.1\";\n\t\tfjs.parentNode.insertBefore(js, fjs);\n\t}(document, 'script', 'facebook-jssdk'));\n<\/script><\/p>\n","protected":false},"excerpt":{"rendered":"<p>REVISTA\u00a0CARAS celebr\u00f3\u00a0sus 33 a\u00f1os con una gala en la que la moda y las celebridades se unieron en una noche \u00fanica. El lugar elegido fue el Palacio Reconquista y, por primera vez en la historia del evento, se pudieron\u00a0ver todos los detalles de la mega fiesta a trav\u00e9s de un streaming exclusivo, transmitido por el [&hellip;]<\/p>\n","protected":false},"author":2,"featured_media":193451,"comment_status":"closed","ping_status":"closed","sticky":false,"template":"","format":"standard","meta":{"footnotes":""},"categories":[25],"tags":[],"class_list":["post-193450","post","type-post","status-publish","format-standard","has-post-thumbnail","hentry","category-nacionales"],"yoast_head":"<!-- This site is optimized with the Yoast SEO plugin v24.4 - https:\/\/yoast.com\/wordpress\/plugins\/seo\/ -->\n<title>Gala de CARAS 2026: fotos, looks y todos los detalles del mega evento - GYS NOTICIAS |<\/title>\n<meta name=\"robots\" content=\"index, follow, max-snippet:-1, max-image-preview:large, max-video-preview:-1\" \/>\n<link rel=\"canonical\" href=\"https:\/\/gysfm.com.ar\/inicio\/gala-de-caras-2026-fotos-looks-y-todos-los-detalles-del-mega-evento\/\" \/>\n<meta property=\"og:locale\" content=\"es_ES\" \/>\n<meta property=\"og:type\" content=\"article\" \/>\n<meta property=\"og:title\" content=\"Gala de CARAS 2026: fotos, looks y todos los detalles del mega evento - GYS NOTICIAS |\" \/>\n<meta property=\"og:description\" content=\"REVISTA\u00a0CARAS celebr\u00f3\u00a0sus 33 a\u00f1os con una gala en la que la moda y las celebridades se unieron en una noche \u00fanica. El lugar elegido fue el Palacio Reconquista y, por primera vez en la historia del evento, se pudieron\u00a0ver todos los detalles de la mega fiesta a trav\u00e9s de un streaming exclusivo, transmitido por el [&hellip;]\" \/>\n<meta property=\"og:url\" content=\"https:\/\/gysfm.com.ar\/inicio\/gala-de-caras-2026-fotos-looks-y-todos-los-detalles-del-mega-evento\/\" \/>\n<meta property=\"og:site_name\" content=\"GYS NOTICIAS |\" \/>\n<meta property=\"article:published_time\" content=\"2026-04-28T12:49:19+00:00\" \/>\n<meta property=\"og:image\" content=\"https:\/\/fotos.perfil.com\/\/2026\/04\/27\/900\/0\/el-back-de-la-gala-de-caras-2026-2228890.jpg\" \/>\n<meta name=\"author\" content=\"Prensa G&amp;S FM\" \/>\n<meta name=\"twitter:card\" content=\"summary_large_image\" \/>\n<meta name=\"twitter:label1\" content=\"Escrito por\" \/>\n\t<meta name=\"twitter:data1\" content=\"Prensa G&amp;S FM\" \/>\n\t<meta name=\"twitter:label2\" content=\"Tiempo de lectura\" \/>\n\t<meta name=\"twitter:data2\" content=\"9 minutos\" \/>\n<script type=\"application\/ld+json\" class=\"yoast-schema-graph\">{\"@context\":\"https:\/\/schema.org\",\"@graph\":[{\"@type\":\"Article\",\"@id\":\"https:\/\/gysfm.com.ar\/inicio\/gala-de-caras-2026-fotos-looks-y-todos-los-detalles-del-mega-evento\/#article\",\"isPartOf\":{\"@id\":\"https:\/\/gysfm.com.ar\/inicio\/gala-de-caras-2026-fotos-looks-y-todos-los-detalles-del-mega-evento\/\"},\"author\":{\"name\":\"Prensa G&amp;S FM\",\"@id\":\"https:\/\/gysfm.com.ar\/inicio\/#\/schema\/person\/3abba7593ef2ad19e1be221d54383dc5\"},\"headline\":\"Gala de CARAS 2026: fotos, looks y todos los detalles del mega evento\",\"datePublished\":\"2026-04-28T12:49:19+00:00\",\"mainEntityOfPage\":{\"@id\":\"https:\/\/gysfm.com.ar\/inicio\/gala-de-caras-2026-fotos-looks-y-todos-los-detalles-del-mega-evento\/\"},\"wordCount\":1777,\"publisher\":{\"@id\":\"https:\/\/gysfm.com.ar\/inicio\/#organization\"},\"image\":{\"@id\":\"https:\/\/gysfm.com.ar\/inicio\/gala-de-caras-2026-fotos-looks-y-todos-los-detalles-del-mega-evento\/#primaryimage\"},\"thumbnailUrl\":\"https:\/\/gysfm.com.ar\/inicio\/wp-content\/uploads\/2026\/04\/cande-ruggeri-marta-fort-y-laurita-fernandez-en-la-gala-de-caras-2229036.jpg\",\"articleSection\":[\"NACIONALES\"],\"inLanguage\":\"es\"},{\"@type\":\"WebPage\",\"@id\":\"https:\/\/gysfm.com.ar\/inicio\/gala-de-caras-2026-fotos-looks-y-todos-los-detalles-del-mega-evento\/\",\"url\":\"https:\/\/gysfm.com.ar\/inicio\/gala-de-caras-2026-fotos-looks-y-todos-los-detalles-del-mega-evento\/\",\"name\":\"Gala de CARAS 2026: fotos, looks y todos los detalles del mega evento - GYS NOTICIAS |\",\"isPartOf\":{\"@id\":\"https:\/\/gysfm.com.ar\/inicio\/#website\"},\"primaryImageOfPage\":{\"@id\":\"https:\/\/gysfm.com.ar\/inicio\/gala-de-caras-2026-fotos-looks-y-todos-los-detalles-del-mega-evento\/#primaryimage\"},\"image\":{\"@id\":\"https:\/\/gysfm.com.ar\/inicio\/gala-de-caras-2026-fotos-looks-y-todos-los-detalles-del-mega-evento\/#primaryimage\"},\"thumbnailUrl\":\"https:\/\/gysfm.com.ar\/inicio\/wp-content\/uploads\/2026\/04\/cande-ruggeri-marta-fort-y-laurita-fernandez-en-la-gala-de-caras-2229036.jpg\",\"datePublished\":\"2026-04-28T12:49:19+00:00\",\"breadcrumb\":{\"@id\":\"https:\/\/gysfm.com.ar\/inicio\/gala-de-caras-2026-fotos-looks-y-todos-los-detalles-del-mega-evento\/#breadcrumb\"},\"inLanguage\":\"es\",\"potentialAction\":[{\"@type\":\"ReadAction\",\"target\":[\"https:\/\/gysfm.com.ar\/inicio\/gala-de-caras-2026-fotos-looks-y-todos-los-detalles-del-mega-evento\/\"]}]},{\"@type\":\"ImageObject\",\"inLanguage\":\"es\",\"@id\":\"https:\/\/gysfm.com.ar\/inicio\/gala-de-caras-2026-fotos-looks-y-todos-los-detalles-del-mega-evento\/#primaryimage\",\"url\":\"https:\/\/gysfm.com.ar\/inicio\/wp-content\/uploads\/2026\/04\/cande-ruggeri-marta-fort-y-laurita-fernandez-en-la-gala-de-caras-2229036.jpg\",\"contentUrl\":\"https:\/\/gysfm.com.ar\/inicio\/wp-content\/uploads\/2026\/04\/cande-ruggeri-marta-fort-y-laurita-fernandez-en-la-gala-de-caras-2229036.jpg\",\"width\":1140,\"height\":641},{\"@type\":\"BreadcrumbList\",\"@id\":\"https:\/\/gysfm.com.ar\/inicio\/gala-de-caras-2026-fotos-looks-y-todos-los-detalles-del-mega-evento\/#breadcrumb\",\"itemListElement\":[{\"@type\":\"ListItem\",\"position\":1,\"name\":\"Portada\",\"item\":\"https:\/\/gysfm.com.ar\/inicio\/\"},{\"@type\":\"ListItem\",\"position\":2,\"name\":\"Gala de CARAS 2026: fotos, looks y todos los detalles del mega evento\"}]},{\"@type\":\"WebSite\",\"@id\":\"https:\/\/gysfm.com.ar\/inicio\/#website\",\"url\":\"https:\/\/gysfm.com.ar\/inicio\/\",\"name\":\"GYS NOTICIAS |\",\"description\":\"DIARIO - RADIO ONLINE SAN JUAN ARGENTINA\",\"publisher\":{\"@id\":\"https:\/\/gysfm.com.ar\/inicio\/#organization\"},\"potentialAction\":[{\"@type\":\"SearchAction\",\"target\":{\"@type\":\"EntryPoint\",\"urlTemplate\":\"https:\/\/gysfm.com.ar\/inicio\/?s={search_term_string}\"},\"query-input\":{\"@type\":\"PropertyValueSpecification\",\"valueRequired\":true,\"valueName\":\"search_term_string\"}}],\"inLanguage\":\"es\"},{\"@type\":\"Organization\",\"@id\":\"https:\/\/gysfm.com.ar\/inicio\/#organization\",\"name\":\"GYS NOTICIAS |\",\"url\":\"https:\/\/gysfm.com.ar\/inicio\/\",\"logo\":{\"@type\":\"ImageObject\",\"inLanguage\":\"es\",\"@id\":\"https:\/\/gysfm.com.ar\/inicio\/#\/schema\/logo\/image\/\",\"url\":\"https:\/\/gysfm.com.ar\/inicio\/wp-content\/uploads\/2023\/07\/LOGOGYS-OK.png\",\"contentUrl\":\"https:\/\/gysfm.com.ar\/inicio\/wp-content\/uploads\/2023\/07\/LOGOGYS-OK.png\",\"width\":1170,\"height\":872,\"caption\":\"GYS NOTICIAS |\"},\"image\":{\"@id\":\"https:\/\/gysfm.com.ar\/inicio\/#\/schema\/logo\/image\/\"}},{\"@type\":\"Person\",\"@id\":\"https:\/\/gysfm.com.ar\/inicio\/#\/schema\/person\/3abba7593ef2ad19e1be221d54383dc5\",\"name\":\"Prensa G&amp;S FM\",\"image\":{\"@type\":\"ImageObject\",\"inLanguage\":\"es\",\"@id\":\"https:\/\/gysfm.com.ar\/inicio\/#\/schema\/person\/image\/\",\"url\":\"https:\/\/secure.gravatar.com\/avatar\/096ec78df02049ab018702bb4ccedf659377fa92a26540b5247612077a0dbd29?s=96&d=mm&r=g\",\"contentUrl\":\"https:\/\/secure.gravatar.com\/avatar\/096ec78df02049ab018702bb4ccedf659377fa92a26540b5247612077a0dbd29?s=96&d=mm&r=g\",\"caption\":\"Prensa G&amp;S FM\"},\"sameAs\":[\"https:\/\/gysfm.com.ar\/\"],\"url\":\"https:\/\/gysfm.com.ar\/inicio\/author\/lucasm\/\"}]}<\/script>\n<!-- \/ Yoast SEO plugin. -->","yoast_head_json":{"title":"Gala de CARAS 2026: fotos, looks y todos los detalles del mega evento - GYS NOTICIAS |","robots":{"index":"index","follow":"follow","max-snippet":"max-snippet:-1","max-image-preview":"max-image-preview:large","max-video-preview":"max-video-preview:-1"},"canonical":"https:\/\/gysfm.com.ar\/inicio\/gala-de-caras-2026-fotos-looks-y-todos-los-detalles-del-mega-evento\/","og_locale":"es_ES","og_type":"article","og_title":"Gala de CARAS 2026: fotos, looks y todos los detalles del mega evento - GYS NOTICIAS |","og_description":"REVISTA\u00a0CARAS celebr\u00f3\u00a0sus 33 a\u00f1os con una gala en la que la moda y las celebridades se unieron en una noche \u00fanica. El lugar elegido fue el Palacio Reconquista y, por primera vez en la historia del evento, se pudieron\u00a0ver todos los detalles de la mega fiesta a trav\u00e9s de un streaming exclusivo, transmitido por el [&hellip;]","og_url":"https:\/\/gysfm.com.ar\/inicio\/gala-de-caras-2026-fotos-looks-y-todos-los-detalles-del-mega-evento\/","og_site_name":"GYS NOTICIAS |","article_published_time":"2026-04-28T12:49:19+00:00","og_image":[{"url":"https:\/\/fotos.perfil.com\/\/2026\/04\/27\/900\/0\/el-back-de-la-gala-de-caras-2026-2228890.jpg","type":"","width":"","height":""}],"author":"Prensa G&amp;S FM","twitter_card":"summary_large_image","twitter_misc":{"Escrito por":"Prensa G&amp;S FM","Tiempo de lectura":"9 minutos"},"schema":{"@context":"https:\/\/schema.org","@graph":[{"@type":"Article","@id":"https:\/\/gysfm.com.ar\/inicio\/gala-de-caras-2026-fotos-looks-y-todos-los-detalles-del-mega-evento\/#article","isPartOf":{"@id":"https:\/\/gysfm.com.ar\/inicio\/gala-de-caras-2026-fotos-looks-y-todos-los-detalles-del-mega-evento\/"},"author":{"name":"Prensa G&amp;S FM","@id":"https:\/\/gysfm.com.ar\/inicio\/#\/schema\/person\/3abba7593ef2ad19e1be221d54383dc5"},"headline":"Gala de CARAS 2026: fotos, looks y todos los detalles del mega evento","datePublished":"2026-04-28T12:49:19+00:00","mainEntityOfPage":{"@id":"https:\/\/gysfm.com.ar\/inicio\/gala-de-caras-2026-fotos-looks-y-todos-los-detalles-del-mega-evento\/"},"wordCount":1777,"publisher":{"@id":"https:\/\/gysfm.com.ar\/inicio\/#organization"},"image":{"@id":"https:\/\/gysfm.com.ar\/inicio\/gala-de-caras-2026-fotos-looks-y-todos-los-detalles-del-mega-evento\/#primaryimage"},"thumbnailUrl":"https:\/\/gysfm.com.ar\/inicio\/wp-content\/uploads\/2026\/04\/cande-ruggeri-marta-fort-y-laurita-fernandez-en-la-gala-de-caras-2229036.jpg","articleSection":["NACIONALES"],"inLanguage":"es"},{"@type":"WebPage","@id":"https:\/\/gysfm.com.ar\/inicio\/gala-de-caras-2026-fotos-looks-y-todos-los-detalles-del-mega-evento\/","url":"https:\/\/gysfm.com.ar\/inicio\/gala-de-caras-2026-fotos-looks-y-todos-los-detalles-del-mega-evento\/","name":"Gala de CARAS 2026: fotos, looks y todos los detalles del mega evento - GYS NOTICIAS |","isPartOf":{"@id":"https:\/\/gysfm.com.ar\/inicio\/#website"},"primaryImageOfPage":{"@id":"https:\/\/gysfm.com.ar\/inicio\/gala-de-caras-2026-fotos-looks-y-todos-los-detalles-del-mega-evento\/#primaryimage"},"image":{"@id":"https:\/\/gysfm.com.ar\/inicio\/gala-de-caras-2026-fotos-looks-y-todos-los-detalles-del-mega-evento\/#primaryimage"},"thumbnailUrl":"https:\/\/gysfm.com.ar\/inicio\/wp-content\/uploads\/2026\/04\/cande-ruggeri-marta-fort-y-laurita-fernandez-en-la-gala-de-caras-2229036.jpg","datePublished":"2026-04-28T12:49:19+00:00","breadcrumb":{"@id":"https:\/\/gysfm.com.ar\/inicio\/gala-de-caras-2026-fotos-looks-y-todos-los-detalles-del-mega-evento\/#breadcrumb"},"inLanguage":"es","potentialAction":[{"@type":"ReadAction","target":["https:\/\/gysfm.com.ar\/inicio\/gala-de-caras-2026-fotos-looks-y-todos-los-detalles-del-mega-evento\/"]}]},{"@type":"ImageObject","inLanguage":"es","@id":"https:\/\/gysfm.com.ar\/inicio\/gala-de-caras-2026-fotos-looks-y-todos-los-detalles-del-mega-evento\/#primaryimage","url":"https:\/\/gysfm.com.ar\/inicio\/wp-content\/uploads\/2026\/04\/cande-ruggeri-marta-fort-y-laurita-fernandez-en-la-gala-de-caras-2229036.jpg","contentUrl":"https:\/\/gysfm.com.ar\/inicio\/wp-content\/uploads\/2026\/04\/cande-ruggeri-marta-fort-y-laurita-fernandez-en-la-gala-de-caras-2229036.jpg","width":1140,"height":641},{"@type":"BreadcrumbList","@id":"https:\/\/gysfm.com.ar\/inicio\/gala-de-caras-2026-fotos-looks-y-todos-los-detalles-del-mega-evento\/#breadcrumb","itemListElement":[{"@type":"ListItem","position":1,"name":"Portada","item":"https:\/\/gysfm.com.ar\/inicio\/"},{"@type":"ListItem","position":2,"name":"Gala de CARAS 2026: fotos, looks y todos los detalles del mega evento"}]},{"@type":"WebSite","@id":"https:\/\/gysfm.com.ar\/inicio\/#website","url":"https:\/\/gysfm.com.ar\/inicio\/","name":"GYS NOTICIAS |","description":"DIARIO - RADIO ONLINE SAN JUAN ARGENTINA","publisher":{"@id":"https:\/\/gysfm.com.ar\/inicio\/#organization"},"potentialAction":[{"@type":"SearchAction","target":{"@type":"EntryPoint","urlTemplate":"https:\/\/gysfm.com.ar\/inicio\/?s={search_term_string}"},"query-input":{"@type":"PropertyValueSpecification","valueRequired":true,"valueName":"search_term_string"}}],"inLanguage":"es"},{"@type":"Organization","@id":"https:\/\/gysfm.com.ar\/inicio\/#organization","name":"GYS NOTICIAS |","url":"https:\/\/gysfm.com.ar\/inicio\/","logo":{"@type":"ImageObject","inLanguage":"es","@id":"https:\/\/gysfm.com.ar\/inicio\/#\/schema\/logo\/image\/","url":"https:\/\/gysfm.com.ar\/inicio\/wp-content\/uploads\/2023\/07\/LOGOGYS-OK.png","contentUrl":"https:\/\/gysfm.com.ar\/inicio\/wp-content\/uploads\/2023\/07\/LOGOGYS-OK.png","width":1170,"height":872,"caption":"GYS NOTICIAS |"},"image":{"@id":"https:\/\/gysfm.com.ar\/inicio\/#\/schema\/logo\/image\/"}},{"@type":"Person","@id":"https:\/\/gysfm.com.ar\/inicio\/#\/schema\/person\/3abba7593ef2ad19e1be221d54383dc5","name":"Prensa G&amp;S FM","image":{"@type":"ImageObject","inLanguage":"es","@id":"https:\/\/gysfm.com.ar\/inicio\/#\/schema\/person\/image\/","url":"https:\/\/secure.gravatar.com\/avatar\/096ec78df02049ab018702bb4ccedf659377fa92a26540b5247612077a0dbd29?s=96&d=mm&r=g","contentUrl":"https:\/\/secure.gravatar.com\/avatar\/096ec78df02049ab018702bb4ccedf659377fa92a26540b5247612077a0dbd29?s=96&d=mm&r=g","caption":"Prensa G&amp;S FM"},"sameAs":["https:\/\/gysfm.com.ar\/"],"url":"https:\/\/gysfm.com.ar\/inicio\/author\/lucasm\/"}]}},"_links":{"self":[{"href":"https:\/\/gysfm.com.ar\/inicio\/wp-json\/wp\/v2\/posts\/193450","targetHints":{"allow":["GET"]}}],"collection":[{"href":"https:\/\/gysfm.com.ar\/inicio\/wp-json\/wp\/v2\/posts"}],"about":[{"href":"https:\/\/gysfm.com.ar\/inicio\/wp-json\/wp\/v2\/types\/post"}],"author":[{"embeddable":true,"href":"https:\/\/gysfm.com.ar\/inicio\/wp-json\/wp\/v2\/users\/2"}],"replies":[{"embeddable":true,"href":"https:\/\/gysfm.com.ar\/inicio\/wp-json\/wp\/v2\/comments?post=193450"}],"version-history":[{"count":0,"href":"https:\/\/gysfm.com.ar\/inicio\/wp-json\/wp\/v2\/posts\/193450\/revisions"}],"wp:featuredmedia":[{"embeddable":true,"href":"https:\/\/gysfm.com.ar\/inicio\/wp-json\/wp\/v2\/media\/193451"}],"wp:attachment":[{"href":"https:\/\/gysfm.com.ar\/inicio\/wp-json\/wp\/v2\/media?parent=193450"}],"wp:term":[{"taxonomy":"category","embeddable":true,"href":"https:\/\/gysfm.com.ar\/inicio\/wp-json\/wp\/v2\/categories?post=193450"},{"taxonomy":"post_tag","embeddable":true,"href":"https:\/\/gysfm.com.ar\/inicio\/wp-json\/wp\/v2\/tags?post=193450"}],"curies":[{"name":"wp","href":"https:\/\/api.w.org\/{rel}","templated":true}]}}