{"id":193448,"date":"2026-04-28T09:10:12","date_gmt":"2026-04-28T12:10:12","guid":{"rendered":"https:\/\/gysfm.com.ar\/inicio\/oficializan-esquema-para-licitar-vias-material-rodante-y-uso-de-fondos\/"},"modified":"2026-04-28T09:10:12","modified_gmt":"2026-04-28T12:10:12","slug":"oficializan-esquema-para-licitar-vias-material-rodante-y-uso-de-fondos","status":"publish","type":"post","link":"https:\/\/gysfm.com.ar\/inicio\/oficializan-esquema-para-licitar-vias-material-rodante-y-uso-de-fondos\/","title":{"rendered":"oficializan esquema para licitar v\u00edas, material rodante y uso de fondos"},"content":{"rendered":"<p> <br \/>\n<\/p>\n<div>\t\t<!-- { REGION4 --> <\/p>\n<header class=\"news-headline\">\n<h2 class=\"news-headline__article-summary\">\t\t<\/h2>\n<p id=\"p-1777367029882-97494\" class=\"ignore-parser\">A trav\u00e9s de un decreto, el Ministerio De Econom\u00eda dispuso que lo recaudado por la venta de material rodante se canalice a un fideicomiso para financiar infraestructura en las v\u00edas concesionadas.<\/p>\n<\/header>\n<div class=\"detail-highlighted-multimedia content-protected-false\">\n<figure class=\"detail-highlighted-multimedia__figure\">  <img decoding=\"async\" src=\"https:\/\/media.ambito.com\/p\/713ba2ddeab210ca4ec0a4b4e45faa06\/adjuntos\/239\/imagenes\/043\/019\/0043019635\/655x368\/833x230:853x250\/belgrano-cargaspng.jpg\" class=\"detail-highlighted-multimedia__figure-img img-fluid\" alt=\"Con este paso, el Gobierno busca acelerar licitaciones y profundizar una reforma que puede redefinir el mapa ferroviario de cargas. Para el mercado, el interrogante pasa por qui\u00e9nes competir\u00e1n por los corredores y bajo qu\u00e9 reglas se estructurar\u00e1n los contratos.\" width=\"1319\" height=\"742\" crossorigin=\"anonymous\" fetchpriority=\"high\" decode=\"async\"\/><figcaption class=\"detail-highlighted-multimedia__figcaption\">  <\/figcaption><\/figure>\n<\/p><\/div>\n<article class=\"article-body article-body--first-paragraph content-protected-false\" data-td-script-src=\"https:\/\/www.ambito.com\/td\/modulos\/encuestas\/js\/function-embeds-min-version-1777262880.js\">\n<p id=\"p-1777367208943-50860\" data-start=\"372\" data-end=\"582\">El Gobierno avanz\u00f3 en el proceso de privatizaci\u00f3n del tren Belgrano Cargas y resolvi\u00f3 <strong data-start=\"476\" data-end=\"581\">destinar los fondos obtenidos por la venta de material del Belgrano Cargas a obras de infraestructura<\/strong>.<\/p>\n<\/article>\n<section class=\"suscription-false printed-edition\" style=\"display:none\">\n<p> El contenido al que quiere acceder es exclusivo para suscriptores.<\/p>\n<p>  <span> <button type=\"button\" name=\"button\" class=\"subscribe-btn mercadopago-btn\">suscribirse<\/button><\/span>  <span class=\"btns\"><button type=\"button\" name=\"button\" class=\"subscribe-btn reload-login\"> ya estoy suscripto<\/button><\/span>  <\/p>\n<\/section>\n<article class=\"article-body article-body--second-paragraph content-protected-false\">\n<p id=\"p-1777367208943-82413\" data-start=\"584\" data-end=\"840\">La medida fue oficializada mediante el <strong>Decreto 282\/2026<\/strong>, publicado en el Bolet\u00edn Oficial, donde se estableci\u00f3 que <strong data-start=\"698\" data-end=\"760\">los ingresos ser\u00e1n asignados \u00edntegramente a un fideicomiso<\/strong> con el objetivo de financiar trabajos sobre las l\u00edneas que ser\u00e1n concesionadas.<\/p>\n<\/article>\n<section class=\"related-news\">\t\t<span class=\"related-news__title\">Informate m\u00e1s<\/span>\t\t<\/p>\n<div class=\"row row--eq-height\">\n<div class=\"col-12 col-md-6\">\n<article class=\"news-article news-article--landscape-news news-article--landscape-news\">\n<figure class=\"news-article__figure figure\">\n\t\t\t\t\t\t\t\t\t\t\t<img loading=\"lazy\" decoding=\"async\" src=\"https:\/\/media.ambito.com\/p\/ad572fd6d6b27ae1860e70905d7c1236\/adjuntos\/239\/imagenes\/043\/169\/0043169729\/93x52\/432x217:452x237\/barco-gnl.jpeg\" alt=\"Enarsa continuar\u00e1 al frente de la importaci\u00f3n de GNL por un a\u00f1o m\u00e1s.\" title=\"Enarsa continuar\u00e1 al frente de la importaci\u00f3n de GNL por un a\u00f1o m\u00e1s.\" width=\"93\" height=\"52\" class=\"news-article__figure-img figure-img img-fluid\"\/>\t\t<\/figure>\n<\/article><\/div>\n<div class=\"col-12 col-md-6\">\n<article class=\"news-article news-article--landscape-news news-article--landscape-news\">\n<figure class=\"news-article__figure figure\">\n\t\t\t\t\t\t\t\t\t\t\t<img loading=\"lazy\" decoding=\"async\" src=\"https:\/\/media.ambito.com\/p\/997989538b62418721ed3c4fd6857bba\/adjuntos\/239\/imagenes\/039\/922\/0039922452\/europa-euro-inflacionjpg.jpg\" alt=\"La inflaci\u00f3n sigue presionando los precios internos de Europa.\" title=\"La inflaci\u00f3n sigue presionando los precios internos de Europa.\" width=\"93\" height=\"52\" class=\"news-article__figure-img figure-img img-fluid\"\/>\t\t<\/figure>\n<\/article><\/div>\n<\/div>\n<\/section>\n<article class=\"article-body article-body--third-paragraph content-protected-false\">\n<h2 id=\"p-1777375736806-31378\" data-start=\"584\" data-end=\"840\">Trenes: avanza la privatizaci\u00f3n del Belgrano Cargas<\/h2>\n<p id=\"p-1777367208943-56609\" data-start=\"842\" data-end=\"1127\">Seg\u00fan la norma, los recursos -incluidos en los contratos que se firmen en el marco del Decreto 67\/25- se canalizar\u00e1n a trav\u00e9s del esquema previsto por el Decreto 976\/01, mientras que <strong data-start=\"1025\" data-end=\"1126\">el valor de los bienes a vender deber\u00e1 ser determinado por el Tribunal De Tasaciones De La Naci\u00f3n<\/strong>.<\/p>\n<\/article>\n<article class=\"article-body article-body--fourth-paragraph content-protected-false\">\n<p id=\"p-1777367208943-82514\" data-start=\"1129\" data-end=\"1354\">El nuevo esquema contempla tanto la <strong data-start=\"1165\" data-end=\"1219\">venta mediante remate p\u00fablico del material rodante<\/strong> como su eventual inclusi\u00f3n en procesos de licitaci\u00f3n nacional e internacional para la concesi\u00f3n de las v\u00edas y los inmuebles asociados.<\/p>\n<\/article>\n<article class=\"article-body article-body--fifth-paragraph content-protected-false\">\n<p id=\"p-1777367208943-5430\" data-start=\"1356\" data-end=\"1631\">Adem\u00e1s, el decreto instruye a la <strong data-start=\"1389\" data-end=\"1444\">Secretar\u00eda De Transporte del Ministerio De Econom\u00eda<\/strong> a incorporar en los pliegos licitatorios la identificaci\u00f3n detallada del material que formar\u00e1 parte de cada contrato en las l\u00edneas General Belgrano, General San Mart\u00edn y General Urquiza.<\/p>\n<\/article>\n<article class=\"article-body article-body--remaining-paragraph content-protected-false\">\n<div contenteditable=\"false\" class=\"embed_cont type_documento\" id=\"8217128-1119796413_wrap\">\n<p> Decreto 282\/2026 privatizacion belgrano cargas <span onclick=\"parent.parent.TinyMCETdcuerpo.preview_embed('8217128-1119796413')\" class=\"embed_colapse less\" id=\"8217128-1119796413_colapse\"\/>  <span onclick=\"parent.parent.TinyMCETdcuerpo.delete_embed('8217128-1119796413')\" class=\"embed_delete less\" id=\"8217128-1119796413_delete\"\/><\/p>\n<\/p><\/div>\n<p id=\"p-1777367208943-98236\" data-start=\"1633\" data-end=\"1835\">La decisi\u00f3n se enmarca en la etapa final del proceso de privatizaci\u00f3n del <strong data-start=\"1707\" data-end=\"1743\">Belgrano Cargas Y Log\u00edstica S.A.<\/strong>, para el cual el Gobierno prev\u00e9 publicar los pliegos de licitaci\u00f3n en las pr\u00f3ximas semanas.<\/p>\n<p id=\"p-1777367208943-69750\" data-start=\"1837\" data-end=\"2009\">El esquema contempla concesiones por un plazo de hasta 50 a\u00f1os, durante los cuales los operadores privados quedar\u00e1n a cargo de la gesti\u00f3n del sistema ferroviario de cargas.<\/p>\n<p id=\"p-1777367208943-65825\" data-start=\"2011\" data-end=\"2285\" data-is-last-node=\"\" data-is-only-node=\"\">El Belgrano Cargas es una de las principales redes del pa\u00eds y se utiliza principalmente para el transporte de granos desde el norte hacia los puertos del Gran Rosario, aunque seg\u00fan el Gobierno nacional presenta <strong data-start=\"2195\" data-end=\"2284\">niveles de eficiencia inferiores a los de otros sistemas ferroviarios internacionales<\/strong>.<\/p>\n<h2 id=\"p-1777375905299-64851\" data-start=\"1295\" data-end=\"1563\"><strong data-start=\"1295\" data-end=\"1346\">Infraestructura y operaci\u00f3n podr\u00e1n separarse<\/strong><\/h2>\n<p id=\"p-1777375905300-54243\">El nuevo dise\u00f1o busca diferenciar administraci\u00f3n de infraestructura y prestaci\u00f3n del servicio. Esa arquitectura permitir\u00eda que privados operen cargas mientras el Estado conserva determinadas funciones sobre la red.<\/p>\n<h2 id=\"p-1777375905300-29082\" data-start=\"1565\" data-end=\"1840\"><strong data-start=\"1565\" data-end=\"1626\">Material rodante y activos entran en la reorganizaci\u00f3n<\/strong><\/h2>\n<p id=\"p-1777375905300-19724\">Locomotoras, vagones y otros activos aparecen dentro del esquema de reordenamiento. El objetivo es que parte de esos recursos puedan integrarse a futuros contratos de concesi\u00f3n para mejorar eficiencia operativa.<\/p>\n<p id=\"p-1777375905300-60671\">Otro de los puntos m\u00e1s relevantes es que el esquema prev\u00e9 mecanismos para canalizar recursos a infraestructura ferroviaria. La l\u00f3gica oficial es ligar privatizaci\u00f3n y financiamiento de mejoras sobre v\u00edas y corredores estrat\u00e9gicos.<\/p>\n<\/article>\n<p>\t\t\t\t<!-- REGION4 } -->\n\t\t\t\t\t\t<\/div>\n<p><script>\n!function(f,b,e,v,n,t,s)\n{if(f.fbq)return;n=f.fbq=function(){n.callMethod?\nn.callMethod.apply(n,arguments):n.queue.push(arguments)};\nif(!f._fbq)f._fbq=n;n.push=n;n.loaded=!0;n.version='2.0';\nn.queue=[];t=b.createElement(e);t.async=!0;\nt.src=v;s=b.getElementsByTagName(e)[0];\ns.parentNode.insertBefore(t,s)}(window,document,'script',\n'https:\/\/connect.facebook.net\/en_US\/fbevents.js');\nfbq('init', '2047048335588113');\nfbq('track', 'PageView');\n<\/script><br \/>\n<br \/><\/p>\n","protected":false},"excerpt":{"rendered":"<p>A trav\u00e9s de un decreto, el Ministerio De Econom\u00eda dispuso que lo recaudado por la venta de material rodante se canalice a un fideicomiso para financiar infraestructura en las v\u00edas concesionadas. El Gobierno avanz\u00f3 en el proceso de privatizaci\u00f3n del tren Belgrano Cargas y resolvi\u00f3 destinar los fondos obtenidos por la venta de material del [&hellip;]<\/p>\n","protected":false},"author":1,"featured_media":193449,"comment_status":"closed","ping_status":"closed","sticky":false,"template":"","format":"standard","meta":{"footnotes":""},"categories":[28],"tags":[],"class_list":["post-193448","post","type-post","status-publish","format-standard","has-post-thumbnail","hentry","category-economia"],"yoast_head":"<!-- This site is optimized with the Yoast SEO plugin v24.4 - https:\/\/yoast.com\/wordpress\/plugins\/seo\/ -->\n<title>oficializan esquema para licitar v\u00edas, material rodante y uso de fondos - GYS NOTICIAS |<\/title>\n<meta name=\"robots\" content=\"index, follow, max-snippet:-1, max-image-preview:large, max-video-preview:-1\" \/>\n<link rel=\"canonical\" href=\"https:\/\/gysfm.com.ar\/inicio\/oficializan-esquema-para-licitar-vias-material-rodante-y-uso-de-fondos\/\" \/>\n<meta property=\"og:locale\" content=\"es_ES\" \/>\n<meta property=\"og:type\" content=\"article\" \/>\n<meta property=\"og:title\" content=\"oficializan esquema para licitar v\u00edas, material rodante y uso de fondos - GYS NOTICIAS |\" \/>\n<meta property=\"og:description\" content=\"A trav\u00e9s de un decreto, el Ministerio De Econom\u00eda dispuso que lo recaudado por la venta de material rodante se canalice a un fideicomiso para financiar infraestructura en las v\u00edas concesionadas. El Gobierno avanz\u00f3 en el proceso de privatizaci\u00f3n del tren Belgrano Cargas y resolvi\u00f3 destinar los fondos obtenidos por la venta de material del [&hellip;]\" \/>\n<meta property=\"og:url\" content=\"https:\/\/gysfm.com.ar\/inicio\/oficializan-esquema-para-licitar-vias-material-rodante-y-uso-de-fondos\/\" \/>\n<meta property=\"og:site_name\" content=\"GYS NOTICIAS |\" \/>\n<meta property=\"article:published_time\" content=\"2026-04-28T12:10:12+00:00\" \/>\n<meta property=\"og:image\" content=\"https:\/\/media.ambito.com\/p\/713ba2ddeab210ca4ec0a4b4e45faa06\/adjuntos\/239\/imagenes\/043\/019\/0043019635\/655x368\/833x230:853x250\/belgrano-cargaspng.jpg\" \/>\n<meta name=\"author\" content=\"admin\" \/>\n<meta name=\"twitter:card\" content=\"summary_large_image\" \/>\n<meta name=\"twitter:label1\" content=\"Escrito por\" \/>\n\t<meta name=\"twitter:data1\" content=\"admin\" \/>\n\t<meta name=\"twitter:label2\" content=\"Tiempo de lectura\" \/>\n\t<meta name=\"twitter:data2\" content=\"3 minutos\" \/>\n<script type=\"application\/ld+json\" class=\"yoast-schema-graph\">{\"@context\":\"https:\/\/schema.org\",\"@graph\":[{\"@type\":\"Article\",\"@id\":\"https:\/\/gysfm.com.ar\/inicio\/oficializan-esquema-para-licitar-vias-material-rodante-y-uso-de-fondos\/#article\",\"isPartOf\":{\"@id\":\"https:\/\/gysfm.com.ar\/inicio\/oficializan-esquema-para-licitar-vias-material-rodante-y-uso-de-fondos\/\"},\"author\":{\"name\":\"admin\",\"@id\":\"https:\/\/gysfm.com.ar\/inicio\/#\/schema\/person\/5bedd7ecd35cc35548d89effafa23696\"},\"headline\":\"oficializan esquema para licitar v\u00edas, material rodante y uso de fondos\",\"datePublished\":\"2026-04-28T12:10:12+00:00\",\"mainEntityOfPage\":{\"@id\":\"https:\/\/gysfm.com.ar\/inicio\/oficializan-esquema-para-licitar-vias-material-rodante-y-uso-de-fondos\/\"},\"wordCount\":520,\"publisher\":{\"@id\":\"https:\/\/gysfm.com.ar\/inicio\/#organization\"},\"image\":{\"@id\":\"https:\/\/gysfm.com.ar\/inicio\/oficializan-esquema-para-licitar-vias-material-rodante-y-uso-de-fondos\/#primaryimage\"},\"thumbnailUrl\":\"https:\/\/gysfm.com.ar\/inicio\/wp-content\/uploads\/2026\/04\/belgrano-cargaspng.jpg\",\"articleSection\":[\"ECONOMIA\"],\"inLanguage\":\"es\"},{\"@type\":\"WebPage\",\"@id\":\"https:\/\/gysfm.com.ar\/inicio\/oficializan-esquema-para-licitar-vias-material-rodante-y-uso-de-fondos\/\",\"url\":\"https:\/\/gysfm.com.ar\/inicio\/oficializan-esquema-para-licitar-vias-material-rodante-y-uso-de-fondos\/\",\"name\":\"oficializan esquema para licitar v\u00edas, material rodante y uso de fondos - GYS NOTICIAS |\",\"isPartOf\":{\"@id\":\"https:\/\/gysfm.com.ar\/inicio\/#website\"},\"primaryImageOfPage\":{\"@id\":\"https:\/\/gysfm.com.ar\/inicio\/oficializan-esquema-para-licitar-vias-material-rodante-y-uso-de-fondos\/#primaryimage\"},\"image\":{\"@id\":\"https:\/\/gysfm.com.ar\/inicio\/oficializan-esquema-para-licitar-vias-material-rodante-y-uso-de-fondos\/#primaryimage\"},\"thumbnailUrl\":\"https:\/\/gysfm.com.ar\/inicio\/wp-content\/uploads\/2026\/04\/belgrano-cargaspng.jpg\",\"datePublished\":\"2026-04-28T12:10:12+00:00\",\"breadcrumb\":{\"@id\":\"https:\/\/gysfm.com.ar\/inicio\/oficializan-esquema-para-licitar-vias-material-rodante-y-uso-de-fondos\/#breadcrumb\"},\"inLanguage\":\"es\",\"potentialAction\":[{\"@type\":\"ReadAction\",\"target\":[\"https:\/\/gysfm.com.ar\/inicio\/oficializan-esquema-para-licitar-vias-material-rodante-y-uso-de-fondos\/\"]}]},{\"@type\":\"ImageObject\",\"inLanguage\":\"es\",\"@id\":\"https:\/\/gysfm.com.ar\/inicio\/oficializan-esquema-para-licitar-vias-material-rodante-y-uso-de-fondos\/#primaryimage\",\"url\":\"https:\/\/gysfm.com.ar\/inicio\/wp-content\/uploads\/2026\/04\/belgrano-cargaspng.jpg\",\"contentUrl\":\"https:\/\/gysfm.com.ar\/inicio\/wp-content\/uploads\/2026\/04\/belgrano-cargaspng.jpg\",\"width\":1200,\"height\":675},{\"@type\":\"BreadcrumbList\",\"@id\":\"https:\/\/gysfm.com.ar\/inicio\/oficializan-esquema-para-licitar-vias-material-rodante-y-uso-de-fondos\/#breadcrumb\",\"itemListElement\":[{\"@type\":\"ListItem\",\"position\":1,\"name\":\"Portada\",\"item\":\"https:\/\/gysfm.com.ar\/inicio\/\"},{\"@type\":\"ListItem\",\"position\":2,\"name\":\"oficializan esquema para licitar v\u00edas, material rodante y uso de fondos\"}]},{\"@type\":\"WebSite\",\"@id\":\"https:\/\/gysfm.com.ar\/inicio\/#website\",\"url\":\"https:\/\/gysfm.com.ar\/inicio\/\",\"name\":\"GYS NOTICIAS |\",\"description\":\"DIARIO - RADIO ONLINE SAN JUAN ARGENTINA\",\"publisher\":{\"@id\":\"https:\/\/gysfm.com.ar\/inicio\/#organization\"},\"potentialAction\":[{\"@type\":\"SearchAction\",\"target\":{\"@type\":\"EntryPoint\",\"urlTemplate\":\"https:\/\/gysfm.com.ar\/inicio\/?s={search_term_string}\"},\"query-input\":{\"@type\":\"PropertyValueSpecification\",\"valueRequired\":true,\"valueName\":\"search_term_string\"}}],\"inLanguage\":\"es\"},{\"@type\":\"Organization\",\"@id\":\"https:\/\/gysfm.com.ar\/inicio\/#organization\",\"name\":\"GYS NOTICIAS |\",\"url\":\"https:\/\/gysfm.com.ar\/inicio\/\",\"logo\":{\"@type\":\"ImageObject\",\"inLanguage\":\"es\",\"@id\":\"https:\/\/gysfm.com.ar\/inicio\/#\/schema\/logo\/image\/\",\"url\":\"https:\/\/gysfm.com.ar\/inicio\/wp-content\/uploads\/2023\/07\/LOGOGYS-OK.png\",\"contentUrl\":\"https:\/\/gysfm.com.ar\/inicio\/wp-content\/uploads\/2023\/07\/LOGOGYS-OK.png\",\"width\":1170,\"height\":872,\"caption\":\"GYS NOTICIAS |\"},\"image\":{\"@id\":\"https:\/\/gysfm.com.ar\/inicio\/#\/schema\/logo\/image\/\"}},{\"@type\":\"Person\",\"@id\":\"https:\/\/gysfm.com.ar\/inicio\/#\/schema\/person\/5bedd7ecd35cc35548d89effafa23696\",\"name\":\"admin\",\"image\":{\"@type\":\"ImageObject\",\"inLanguage\":\"es\",\"@id\":\"https:\/\/gysfm.com.ar\/inicio\/#\/schema\/person\/image\/\",\"url\":\"https:\/\/secure.gravatar.com\/avatar\/c331d312b5243fb64d5ba28108a447b27c925295129a363082c9ea52c28d32c2?s=96&d=mm&r=g\",\"contentUrl\":\"https:\/\/secure.gravatar.com\/avatar\/c331d312b5243fb64d5ba28108a447b27c925295129a363082c9ea52c28d32c2?s=96&d=mm&r=g\",\"caption\":\"admin\"},\"sameAs\":[\"https:\/\/gysfm.com.ar\/inicio\"],\"url\":\"https:\/\/gysfm.com.ar\/inicio\/author\/admin\/\"}]}<\/script>\n<!-- \/ Yoast SEO plugin. -->","yoast_head_json":{"title":"oficializan esquema para licitar v\u00edas, material rodante y uso de fondos - GYS NOTICIAS |","robots":{"index":"index","follow":"follow","max-snippet":"max-snippet:-1","max-image-preview":"max-image-preview:large","max-video-preview":"max-video-preview:-1"},"canonical":"https:\/\/gysfm.com.ar\/inicio\/oficializan-esquema-para-licitar-vias-material-rodante-y-uso-de-fondos\/","og_locale":"es_ES","og_type":"article","og_title":"oficializan esquema para licitar v\u00edas, material rodante y uso de fondos - GYS NOTICIAS |","og_description":"A trav\u00e9s de un decreto, el Ministerio De Econom\u00eda dispuso que lo recaudado por la venta de material rodante se canalice a un fideicomiso para financiar infraestructura en las v\u00edas concesionadas. El Gobierno avanz\u00f3 en el proceso de privatizaci\u00f3n del tren Belgrano Cargas y resolvi\u00f3 destinar los fondos obtenidos por la venta de material del [&hellip;]","og_url":"https:\/\/gysfm.com.ar\/inicio\/oficializan-esquema-para-licitar-vias-material-rodante-y-uso-de-fondos\/","og_site_name":"GYS NOTICIAS |","article_published_time":"2026-04-28T12:10:12+00:00","og_image":[{"url":"https:\/\/media.ambito.com\/p\/713ba2ddeab210ca4ec0a4b4e45faa06\/adjuntos\/239\/imagenes\/043\/019\/0043019635\/655x368\/833x230:853x250\/belgrano-cargaspng.jpg","type":"","width":"","height":""}],"author":"admin","twitter_card":"summary_large_image","twitter_misc":{"Escrito por":"admin","Tiempo de lectura":"3 minutos"},"schema":{"@context":"https:\/\/schema.org","@graph":[{"@type":"Article","@id":"https:\/\/gysfm.com.ar\/inicio\/oficializan-esquema-para-licitar-vias-material-rodante-y-uso-de-fondos\/#article","isPartOf":{"@id":"https:\/\/gysfm.com.ar\/inicio\/oficializan-esquema-para-licitar-vias-material-rodante-y-uso-de-fondos\/"},"author":{"name":"admin","@id":"https:\/\/gysfm.com.ar\/inicio\/#\/schema\/person\/5bedd7ecd35cc35548d89effafa23696"},"headline":"oficializan esquema para licitar v\u00edas, material rodante y uso de fondos","datePublished":"2026-04-28T12:10:12+00:00","mainEntityOfPage":{"@id":"https:\/\/gysfm.com.ar\/inicio\/oficializan-esquema-para-licitar-vias-material-rodante-y-uso-de-fondos\/"},"wordCount":520,"publisher":{"@id":"https:\/\/gysfm.com.ar\/inicio\/#organization"},"image":{"@id":"https:\/\/gysfm.com.ar\/inicio\/oficializan-esquema-para-licitar-vias-material-rodante-y-uso-de-fondos\/#primaryimage"},"thumbnailUrl":"https:\/\/gysfm.com.ar\/inicio\/wp-content\/uploads\/2026\/04\/belgrano-cargaspng.jpg","articleSection":["ECONOMIA"],"inLanguage":"es"},{"@type":"WebPage","@id":"https:\/\/gysfm.com.ar\/inicio\/oficializan-esquema-para-licitar-vias-material-rodante-y-uso-de-fondos\/","url":"https:\/\/gysfm.com.ar\/inicio\/oficializan-esquema-para-licitar-vias-material-rodante-y-uso-de-fondos\/","name":"oficializan esquema para licitar v\u00edas, material rodante y uso de fondos - GYS NOTICIAS |","isPartOf":{"@id":"https:\/\/gysfm.com.ar\/inicio\/#website"},"primaryImageOfPage":{"@id":"https:\/\/gysfm.com.ar\/inicio\/oficializan-esquema-para-licitar-vias-material-rodante-y-uso-de-fondos\/#primaryimage"},"image":{"@id":"https:\/\/gysfm.com.ar\/inicio\/oficializan-esquema-para-licitar-vias-material-rodante-y-uso-de-fondos\/#primaryimage"},"thumbnailUrl":"https:\/\/gysfm.com.ar\/inicio\/wp-content\/uploads\/2026\/04\/belgrano-cargaspng.jpg","datePublished":"2026-04-28T12:10:12+00:00","breadcrumb":{"@id":"https:\/\/gysfm.com.ar\/inicio\/oficializan-esquema-para-licitar-vias-material-rodante-y-uso-de-fondos\/#breadcrumb"},"inLanguage":"es","potentialAction":[{"@type":"ReadAction","target":["https:\/\/gysfm.com.ar\/inicio\/oficializan-esquema-para-licitar-vias-material-rodante-y-uso-de-fondos\/"]}]},{"@type":"ImageObject","inLanguage":"es","@id":"https:\/\/gysfm.com.ar\/inicio\/oficializan-esquema-para-licitar-vias-material-rodante-y-uso-de-fondos\/#primaryimage","url":"https:\/\/gysfm.com.ar\/inicio\/wp-content\/uploads\/2026\/04\/belgrano-cargaspng.jpg","contentUrl":"https:\/\/gysfm.com.ar\/inicio\/wp-content\/uploads\/2026\/04\/belgrano-cargaspng.jpg","width":1200,"height":675},{"@type":"BreadcrumbList","@id":"https:\/\/gysfm.com.ar\/inicio\/oficializan-esquema-para-licitar-vias-material-rodante-y-uso-de-fondos\/#breadcrumb","itemListElement":[{"@type":"ListItem","position":1,"name":"Portada","item":"https:\/\/gysfm.com.ar\/inicio\/"},{"@type":"ListItem","position":2,"name":"oficializan esquema para licitar v\u00edas, material rodante y uso de fondos"}]},{"@type":"WebSite","@id":"https:\/\/gysfm.com.ar\/inicio\/#website","url":"https:\/\/gysfm.com.ar\/inicio\/","name":"GYS NOTICIAS |","description":"DIARIO - RADIO ONLINE SAN JUAN ARGENTINA","publisher":{"@id":"https:\/\/gysfm.com.ar\/inicio\/#organization"},"potentialAction":[{"@type":"SearchAction","target":{"@type":"EntryPoint","urlTemplate":"https:\/\/gysfm.com.ar\/inicio\/?s={search_term_string}"},"query-input":{"@type":"PropertyValueSpecification","valueRequired":true,"valueName":"search_term_string"}}],"inLanguage":"es"},{"@type":"Organization","@id":"https:\/\/gysfm.com.ar\/inicio\/#organization","name":"GYS NOTICIAS |","url":"https:\/\/gysfm.com.ar\/inicio\/","logo":{"@type":"ImageObject","inLanguage":"es","@id":"https:\/\/gysfm.com.ar\/inicio\/#\/schema\/logo\/image\/","url":"https:\/\/gysfm.com.ar\/inicio\/wp-content\/uploads\/2023\/07\/LOGOGYS-OK.png","contentUrl":"https:\/\/gysfm.com.ar\/inicio\/wp-content\/uploads\/2023\/07\/LOGOGYS-OK.png","width":1170,"height":872,"caption":"GYS NOTICIAS |"},"image":{"@id":"https:\/\/gysfm.com.ar\/inicio\/#\/schema\/logo\/image\/"}},{"@type":"Person","@id":"https:\/\/gysfm.com.ar\/inicio\/#\/schema\/person\/5bedd7ecd35cc35548d89effafa23696","name":"admin","image":{"@type":"ImageObject","inLanguage":"es","@id":"https:\/\/gysfm.com.ar\/inicio\/#\/schema\/person\/image\/","url":"https:\/\/secure.gravatar.com\/avatar\/c331d312b5243fb64d5ba28108a447b27c925295129a363082c9ea52c28d32c2?s=96&d=mm&r=g","contentUrl":"https:\/\/secure.gravatar.com\/avatar\/c331d312b5243fb64d5ba28108a447b27c925295129a363082c9ea52c28d32c2?s=96&d=mm&r=g","caption":"admin"},"sameAs":["https:\/\/gysfm.com.ar\/inicio"],"url":"https:\/\/gysfm.com.ar\/inicio\/author\/admin\/"}]}},"_links":{"self":[{"href":"https:\/\/gysfm.com.ar\/inicio\/wp-json\/wp\/v2\/posts\/193448","targetHints":{"allow":["GET"]}}],"collection":[{"href":"https:\/\/gysfm.com.ar\/inicio\/wp-json\/wp\/v2\/posts"}],"about":[{"href":"https:\/\/gysfm.com.ar\/inicio\/wp-json\/wp\/v2\/types\/post"}],"author":[{"embeddable":true,"href":"https:\/\/gysfm.com.ar\/inicio\/wp-json\/wp\/v2\/users\/1"}],"replies":[{"embeddable":true,"href":"https:\/\/gysfm.com.ar\/inicio\/wp-json\/wp\/v2\/comments?post=193448"}],"version-history":[{"count":0,"href":"https:\/\/gysfm.com.ar\/inicio\/wp-json\/wp\/v2\/posts\/193448\/revisions"}],"wp:featuredmedia":[{"embeddable":true,"href":"https:\/\/gysfm.com.ar\/inicio\/wp-json\/wp\/v2\/media\/193449"}],"wp:attachment":[{"href":"https:\/\/gysfm.com.ar\/inicio\/wp-json\/wp\/v2\/media?parent=193448"}],"wp:term":[{"taxonomy":"category","embeddable":true,"href":"https:\/\/gysfm.com.ar\/inicio\/wp-json\/wp\/v2\/categories?post=193448"},{"taxonomy":"post_tag","embeddable":true,"href":"https:\/\/gysfm.com.ar\/inicio\/wp-json\/wp\/v2\/tags?post=193448"}],"curies":[{"name":"wp","href":"https:\/\/api.w.org\/{rel}","templated":true}]}}