{"id":193441,"date":"2026-04-28T08:15:54","date_gmt":"2026-04-28T11:15:54","guid":{"rendered":"https:\/\/gysfm.com.ar\/inicio\/milei-recibio-el-premio-libertad-2026-y-aunque-llamo-horrible-al-numero-de-inflacion-dijo-que-no-se-apartara-de-su-plan\/"},"modified":"2026-04-28T08:15:54","modified_gmt":"2026-04-28T11:15:54","slug":"milei-recibio-el-premio-libertad-2026-y-aunque-llamo-horrible-al-numero-de-inflacion-dijo-que-no-se-apartara-de-su-plan","status":"publish","type":"post","link":"https:\/\/gysfm.com.ar\/inicio\/milei-recibio-el-premio-libertad-2026-y-aunque-llamo-horrible-al-numero-de-inflacion-dijo-que-no-se-apartara-de-su-plan\/","title":{"rendered":"Milei recibi\u00f3 el Premio Libertad 2026, y aunque llam\u00f3 \u00abhorrible\u00bb al n\u00famero de inflaci\u00f3n dijo que no se apartar\u00e1 de su plan"},"content":{"rendered":"<p><\/p>\n<div id=\"article-content\">\n<p>Ante la atenta mirada del <a target=\"_blank\" href=\"https:\/\/www.perfil.com\/noticias\/economia\/el-plan-paciencia-estrategica-la-fundacion-libertad-buscara-convencer-al-circulo-rojo-de-que-la-estabilizacion-economica-lleva-tiempo-a40.phtml\">c\u00edrculo rojo<\/a> y los principales referentes del liberalismo, el presidente <a target=\"_blank\" href=\"https:\/\/www.perfil.com\/noticias\/economia\/la-confianza-en-el-gobierno-de-milei-volvio-a-caer-por-cuarto-mes-consecutivo-segun-la-universidad-di-tella-a40.phtml\"><strong>Javier Milei<\/strong><\/a><strong> <\/strong>se present\u00f3 este lunes como el orador principal de la cena anual de la <strong>Fundaci\u00f3n Libertad <\/strong>en Parque Norte. All\u00ed, el mandatario recibi\u00f3 el \u00ab<strong>Premio Libertad 2026&#8243;, <\/strong>aunque antes de sumergirse en una f\u00e9rrea defensa de su motosierra econ\u00f3mica y lanzar una dura advertencia sobre el los que cree una continuidad del marxismo, el jefe de Estado inaugur\u00f3 su discurso con un contundente y en\u00e9rgico repudio al reciente <strong>ataque perpetrado contra Donald Trump.<\/strong><\/p>\n<p>\u201cCometimos un error de creer que con la evidencia de la ca\u00edda del muro de Berl\u00edn alcanzaba. Lo que hizo el <strong>marxismo fue reconstruirse<\/strong> y trasladar la lucha de clases y terminaron tomando la escena\u00bb, teoriz\u00f3 el mandatario. En ese sentido, remarc\u00f3 que el objetivo de su gesti\u00f3n es \u00abdemostrar que las ideas de la libertad funcionan\u00bb y destac\u00f3 la importancia de instituciones como la Fundaci\u00f3n Libertad para dar la <strong>\u00abbatalla cultural\u00bb.<\/strong><\/p>\n<p><iframe id=\"vrudo\" class=\"vrudo\" src=\"https:\/\/rudo.video\/vod\/bWr7a1?volume=0\" width=\"100%\" height=\"100%\" allowscriptaccess=\"always\" allowfullscreen=\"true\" webkitallowfullscreen=\"true\" frameborder=\"0\" scrolling=\"no\" allow=\"autoplay; fullscreen\" loading=\"lazy\" title=\"Contenido embebido\"><\/iframe><\/p>\n<p>Al profundizar sobre el rol de la izquierda en la actualidad, Milei lanz\u00f3 una dura advertencia: \u201cLos avances que hemos hecho son tan grandes que les empezamos a ganar en las urnas y<strong> eso los tiene profundamente violentos.<\/strong> Por eso no tienen problema en recurrir a la violencia.<strong> No tienen problema en matarnos, si es necesario\u201d<\/strong>, sentenci\u00f3 ante un auditorio expectante.<\/p>\n<div class=\"subscription\">\n<p>\n        Esto no les gusta a los autoritarios\n    <\/p>\n<div class=\"subscription__container\">\n<div class=\"subscription__text-wrapper\">\n<p>\n                El ejercicio del periodismo profesional y cr\u00edtico es un pilar fundamental de la democracia. Por eso molesta a quienes creen ser los due\u00f1os de la verdad.\n            <\/p>\n<\/p><\/div><\/div>\n<\/div>\n<h2>Milei, el plan econ\u00f3mico y un nuevo ataque a los empresarios<\/h2>\n<p>En el terreno econ\u00f3mico, sac\u00f3 pecho por el rumbo de su administraci\u00f3n y<strong> elogi\u00f3 fuertemente a su ministro de Econom\u00eda<\/strong>. \u201cNosotros pusimos en orden las cuentas del sector p\u00fablico gracias a la enorme tarea del gigante que tengo como ministro, el se\u00f1or<strong> [Luis] &#8216;Toto&#8217; Caputo<\/strong>, que ajust\u00f3 cinco puntos en un mes\u201d, celebr\u00f3. Adem\u00e1s, remarc\u00f3 que el Gobierno le devolvi\u00f3 a los argentinos \u00abm\u00e1s de 15 puntos del PBI\u00bb y defendi\u00f3 a rajatabla la solvencia fiscal de su gesti\u00f3n.<\/p>\n<p><iframe id=\"vrudo\" class=\"vrudo\" src=\"https:\/\/rudo.video\/vod\/bWr8uS?volume=0\" width=\"100%\" height=\"100%\" allowscriptaccess=\"always\" allowfullscreen=\"true\" webkitallowfullscreen=\"true\" frameborder=\"0\" scrolling=\"no\" allow=\"autoplay; fullscreen\" loading=\"lazy\" title=\"Contenido embebido\"><\/iframe><\/p>\n<p>Al referirse al financiamiento estatal, fue categ\u00f3rico al calificar la toma de deuda como un acto <strong>\u00abprofundamente inmoral\u00bb<\/strong>, ya que implica \u00abirse de fiesta y dej\u00e1rsela a sus nietos\u00bb. A su vez, Milei carg\u00f3 contra el kirchnerismo al responsabilizarlo por el \u00abgrueso del pasivo nacional\u00bb y contrastarlo con los n\u00fameros de la gesti\u00f3n del PRO. Frente a esto, proyect\u00f3 un escenario financiero sumamente optimista: \u00ab<strong>Vamos a honrar las deudas. Tarde o temprano, el riesgo pa\u00eds se va a destrozar\u00bb.<\/strong><\/p>\n<p>El extenso discurso tambi\u00e9n incluy\u00f3 dardos venenosos hacia el sector industrial, con cr\u00edticas expl\u00edcitas a los empresarios <strong>Javier Madanes Quintanilla (Fate) y Paolo Rocca (Techint)<\/strong>. \u00ab\u00bfPor qu\u00e9 yo deber\u00eda beneficiar a <strong>tres corruptos ineficientes <\/strong>en contra de 48 millones de argentinos?\u00bb, se pregunt\u00f3 el Presidente. En esa l\u00ednea, cuestion\u00f3 que los ciudadanos paguen los neum\u00e1ticos y los tubos de acero varias veces m\u00e1s caros para sostener un esquema que luego se traslada directamente al costo del transporte nacional.<\/p>\n<p><iframe id=\"vrudo\" class=\"vrudo\" src=\"https:\/\/rudo.video\/vod\/bWr6Vw?volume=0\" width=\"100%\" height=\"100%\" allowscriptaccess=\"always\" allowfullscreen=\"true\" webkitallowfullscreen=\"true\" frameborder=\"0\" scrolling=\"no\" allow=\"autoplay; fullscreen\" loading=\"lazy\" title=\"Contenido embebido\"><\/iframe><\/p>\n<p>Tras enumerar triunfos legislativos de su gesti\u00f3n, Milei ponder\u00f3: \u00abMiren la cantidad de cosas que nunca se hicieron en Argentina y las hizo este Gobierno. Gracias, doctora Bullrich. Gracias, Mart\u00edn Menem. Gracias, &#8216;Colo&#8217; [Santilli], por este laburo enorme. Menos mal que a este Gobierno le falta pol\u00edtica, porque sacamos un mont\u00f3n de leyes en un mes y medio que no sac\u00f3 nadie en 40.<strong> Menos mal que nos falta pol\u00edtica, sino ser\u00edamos Gardel con guitarra el\u00e9ctrica<\/strong>\u00ab. <\/p>\n<p>En su discurso, Milei tambi\u00e9n <strong>neg\u00f3 la destrucci\u00f3n de puestos de trabajo, el desplome de los salarios,<\/strong> que el consumo est\u00e9 en su peor momento y que el tipo de cambio est\u00e9 atrasado. Al respecto, insisti\u00f3 con que su programa sac\u00f3 \u00aba 14 millones de la pobreza\u00bb y lanz\u00f3: \u00abVean que por cada indicador encuentran una mentira. <strong>No puede ser que nos dejemos psicopatear por los kukas.<\/strong> No puede ser que le compremos la mentira a los periodistas ensobrados y corruptos\u00bb. <\/p>\n<h2>Milei sobre la inflaci\u00f3n: \u00abEl n\u00famero es horrible, pero las vamos a derrotar\u00bb<\/h2>\n<p> \u201cEl n\u00famero [de inflaci\u00f3n] es <strong>horrible<\/strong>, pero lo vamos a derrotar. Vamos a seguir haciendo lo que dice la teor\u00eda econ\u00f3mica y la evidencia emp\u00edrica. <strong>No nos vamos a apartar un \u00e1pice de nuestra ortodoxia<\/strong>. La base monetaria sigue siendo la misma, por lo tanto, en alg\u00fan momento va a caer\u201d, dijo elmandatario sobre una de las tem\u00e1ticas m\u00e1s sensible, ya que para el Gobierno constituye una de la columnas de sus gesti\u00f3n. <\/p>\n<div style=\"text-align:center\">\n<figure class=\"image\" style=\"display:inline-block\"><picture><source media=\"(max-width: 440px)\" srcset=\"https:\/\/fotos.perfil.com\/\/2026\/04\/28\/440\/0\/javier-milei-y-funcionarios-en-la-entrega-de-premios-de-fundacion-libertad-20260427-2229035.jpg?webp\"\/><source media=\"(max-width: 1019px)\" srcset=\"https:\/\/fotos.perfil.com\/\/2026\/04\/28\/712\/0\/javier-milei-y-funcionarios-en-la-entrega-de-premios-de-fundacion-libertad-20260427-2229035.jpg?webp\"\/><img decoding=\"async\" style=\"max-width: 100%; width: 100%;\" alt=\"Javier Milei y funcionarios en la entrega de premios de Fundaci\u00f3n Libertad 20260427\" src=\"https:\/\/fotos.perfil.com\/\/2026\/04\/28\/900\/0\/javier-milei-y-funcionarios-en-la-entrega-de-premios-de-fundacion-libertad-20260427-2229035.jpg?webp\" loading=\"lazy\"\/><\/picture><figcaption>Funcionarios que acompa\u00f1aron al presidente en la cena anual de la Fundaci\u00f3n Libertad<\/figcaption><\/figure>\n<\/p><\/div>\n<p>El multitudinario encuentro en Parque Norte cont\u00f3 adem\u00e1s con la participaci\u00f3n del ensayista peruano<strong> \u00c1lvaro Vargas Llosa<\/strong> (primog\u00e9nito del Nobel de Literatura) y, a trav\u00e9s de una videoconferencia, la Premio Nobel de la Paz y dirigente venezolana <strong>Mar\u00eda Corina Machado.<\/strong><\/p>\n<p>La noche pol\u00edtica estuvo fuertemente marcada por la expectativa de un posible cruce del Presidente con<strong> <a target=\"_blank\" href=\"https:\/\/www.perfil.com\/noticias\/politica\/macri-medita-una-decision-mientras-el-pro-y-el-circulo-rojo-presionan-para-que-juegue.phtml\">Mauricio Macri<\/a><\/strong>. El l\u00edder del PRO levant\u00f3 considerablemente su perfil p\u00fablico en el \u00faltimo tiempo y se<strong> lanz\u00f3 a una gira por las provincias,<\/strong> un movimiento que aliment\u00f3 fuertes especulaciones sobre una eventual candidatura de cara al 2027. Adem\u00e1s del exmandatario, dieron el presente la senadora <strong>Patricia Bullrich<\/strong>, el ministro de Desregulaci\u00f3n, <strong>Federico Sturzenegger,<\/strong> y el gobernador de Santa Fe, <strong>Maximiliano Pullaro<\/strong>, entre otras figuras de peso.<\/p>\n<h2> <\/h2>\n<p><em>TC\/ML<\/em><\/p>\n<\/p><\/div>\n<p><script>\n                !function(f,b,e,v,n,t,s)\n                {if(f.fbq)return;n=f.fbq=function(){n.callMethod?\n                    n.callMethod.apply(n,arguments):n.queue.push(arguments)};\n                    if(!f._fbq)f._fbq=n;n.push=n;n.loaded=!0;n.version='2.0';\n                    n.queue=[];t=b.createElement(e);t.async=!0;\n                    t.src=v;s=b.getElementsByTagName(e)[0];\n                    s.parentNode.insertBefore(t,s)}(window, document,'script',\n                    'https:\/\/connect.facebook.net\/en_US\/fbevents.js');\n                window.paywallConfig.facebook_pixel=\"1000228364089342\"\n            <\/script><\/p>\n","protected":false},"excerpt":{"rendered":"<p>Ante la atenta mirada del c\u00edrculo rojo y los principales referentes del liberalismo, el presidente Javier Milei se present\u00f3 este lunes como el orador principal de la cena anual de la Fundaci\u00f3n Libertad en Parque Norte. All\u00ed, el mandatario recibi\u00f3 el \u00abPremio Libertad 2026&#8243;, aunque antes de sumergirse en una f\u00e9rrea defensa de su motosierra [&hellip;]<\/p>\n","protected":false},"author":2,"featured_media":193442,"comment_status":"closed","ping_status":"closed","sticky":false,"template":"","format":"standard","meta":{"footnotes":""},"categories":[25],"tags":[],"class_list":["post-193441","post","type-post","status-publish","format-standard","has-post-thumbnail","hentry","category-nacionales"],"yoast_head":"<!-- This site is optimized with the Yoast SEO plugin v24.4 - https:\/\/yoast.com\/wordpress\/plugins\/seo\/ -->\n<title>Milei recibi\u00f3 el Premio Libertad 2026, y aunque llam\u00f3 &quot;horrible&quot; al n\u00famero de inflaci\u00f3n dijo que no se apartar\u00e1 de su plan - GYS NOTICIAS |<\/title>\n<meta name=\"robots\" content=\"index, follow, max-snippet:-1, max-image-preview:large, max-video-preview:-1\" \/>\n<link rel=\"canonical\" href=\"https:\/\/gysfm.com.ar\/inicio\/milei-recibio-el-premio-libertad-2026-y-aunque-llamo-horrible-al-numero-de-inflacion-dijo-que-no-se-apartara-de-su-plan\/\" \/>\n<meta property=\"og:locale\" content=\"es_ES\" \/>\n<meta property=\"og:type\" content=\"article\" \/>\n<meta property=\"og:title\" content=\"Milei recibi\u00f3 el Premio Libertad 2026, y aunque llam\u00f3 &quot;horrible&quot; al n\u00famero de inflaci\u00f3n dijo que no se apartar\u00e1 de su plan - GYS NOTICIAS |\" \/>\n<meta property=\"og:description\" content=\"Ante la atenta mirada del c\u00edrculo rojo y los principales referentes del liberalismo, el presidente Javier Milei se present\u00f3 este lunes como el orador principal de la cena anual de la Fundaci\u00f3n Libertad en Parque Norte. All\u00ed, el mandatario recibi\u00f3 el \u00abPremio Libertad 2026&#8243;, aunque antes de sumergirse en una f\u00e9rrea defensa de su motosierra [&hellip;]\" \/>\n<meta property=\"og:url\" content=\"https:\/\/gysfm.com.ar\/inicio\/milei-recibio-el-premio-libertad-2026-y-aunque-llamo-horrible-al-numero-de-inflacion-dijo-que-no-se-apartara-de-su-plan\/\" \/>\n<meta property=\"og:site_name\" content=\"GYS NOTICIAS |\" \/>\n<meta property=\"article:published_time\" content=\"2026-04-28T11:15:54+00:00\" \/>\n<meta property=\"og:image\" content=\"https:\/\/fotos.perfil.com\/\/2026\/04\/28\/900\/0\/javier-milei-y-funcionarios-en-la-entrega-de-premios-de-fundacion-libertad-20260427-2229035.jpg?webp\" \/>\n<meta name=\"author\" content=\"Prensa G&amp;S FM\" \/>\n<meta name=\"twitter:card\" content=\"summary_large_image\" \/>\n<meta name=\"twitter:label1\" content=\"Escrito por\" \/>\n\t<meta name=\"twitter:data1\" content=\"Prensa G&amp;S FM\" \/>\n\t<meta name=\"twitter:label2\" content=\"Tiempo de lectura\" \/>\n\t<meta name=\"twitter:data2\" content=\"5 minutos\" \/>\n<script type=\"application\/ld+json\" class=\"yoast-schema-graph\">{\"@context\":\"https:\/\/schema.org\",\"@graph\":[{\"@type\":\"Article\",\"@id\":\"https:\/\/gysfm.com.ar\/inicio\/milei-recibio-el-premio-libertad-2026-y-aunque-llamo-horrible-al-numero-de-inflacion-dijo-que-no-se-apartara-de-su-plan\/#article\",\"isPartOf\":{\"@id\":\"https:\/\/gysfm.com.ar\/inicio\/milei-recibio-el-premio-libertad-2026-y-aunque-llamo-horrible-al-numero-de-inflacion-dijo-que-no-se-apartara-de-su-plan\/\"},\"author\":{\"name\":\"Prensa G&amp;S FM\",\"@id\":\"https:\/\/gysfm.com.ar\/inicio\/#\/schema\/person\/3abba7593ef2ad19e1be221d54383dc5\"},\"headline\":\"Milei recibi\u00f3 el Premio Libertad 2026, y aunque llam\u00f3 \u00abhorrible\u00bb al n\u00famero de inflaci\u00f3n dijo que no se apartar\u00e1 de su plan\",\"datePublished\":\"2026-04-28T11:15:54+00:00\",\"mainEntityOfPage\":{\"@id\":\"https:\/\/gysfm.com.ar\/inicio\/milei-recibio-el-premio-libertad-2026-y-aunque-llamo-horrible-al-numero-de-inflacion-dijo-que-no-se-apartara-de-su-plan\/\"},\"wordCount\":965,\"publisher\":{\"@id\":\"https:\/\/gysfm.com.ar\/inicio\/#organization\"},\"image\":{\"@id\":\"https:\/\/gysfm.com.ar\/inicio\/milei-recibio-el-premio-libertad-2026-y-aunque-llamo-horrible-al-numero-de-inflacion-dijo-que-no-se-apartara-de-su-plan\/#primaryimage\"},\"thumbnailUrl\":\"https:\/\/gysfm.com.ar\/inicio\/wp-content\/uploads\/2026\/04\/javier-milei-y-funcionarios-en-la-entrega-de-premios-de-fundacion-libertad-20260427-2229034.jpg\",\"articleSection\":[\"NACIONALES\"],\"inLanguage\":\"es\"},{\"@type\":\"WebPage\",\"@id\":\"https:\/\/gysfm.com.ar\/inicio\/milei-recibio-el-premio-libertad-2026-y-aunque-llamo-horrible-al-numero-de-inflacion-dijo-que-no-se-apartara-de-su-plan\/\",\"url\":\"https:\/\/gysfm.com.ar\/inicio\/milei-recibio-el-premio-libertad-2026-y-aunque-llamo-horrible-al-numero-de-inflacion-dijo-que-no-se-apartara-de-su-plan\/\",\"name\":\"Milei recibi\u00f3 el Premio Libertad 2026, y aunque llam\u00f3 \\\"horrible\\\" al n\u00famero de inflaci\u00f3n dijo que no se apartar\u00e1 de su plan - GYS NOTICIAS |\",\"isPartOf\":{\"@id\":\"https:\/\/gysfm.com.ar\/inicio\/#website\"},\"primaryImageOfPage\":{\"@id\":\"https:\/\/gysfm.com.ar\/inicio\/milei-recibio-el-premio-libertad-2026-y-aunque-llamo-horrible-al-numero-de-inflacion-dijo-que-no-se-apartara-de-su-plan\/#primaryimage\"},\"image\":{\"@id\":\"https:\/\/gysfm.com.ar\/inicio\/milei-recibio-el-premio-libertad-2026-y-aunque-llamo-horrible-al-numero-de-inflacion-dijo-que-no-se-apartara-de-su-plan\/#primaryimage\"},\"thumbnailUrl\":\"https:\/\/gysfm.com.ar\/inicio\/wp-content\/uploads\/2026\/04\/javier-milei-y-funcionarios-en-la-entrega-de-premios-de-fundacion-libertad-20260427-2229034.jpg\",\"datePublished\":\"2026-04-28T11:15:54+00:00\",\"breadcrumb\":{\"@id\":\"https:\/\/gysfm.com.ar\/inicio\/milei-recibio-el-premio-libertad-2026-y-aunque-llamo-horrible-al-numero-de-inflacion-dijo-que-no-se-apartara-de-su-plan\/#breadcrumb\"},\"inLanguage\":\"es\",\"potentialAction\":[{\"@type\":\"ReadAction\",\"target\":[\"https:\/\/gysfm.com.ar\/inicio\/milei-recibio-el-premio-libertad-2026-y-aunque-llamo-horrible-al-numero-de-inflacion-dijo-que-no-se-apartara-de-su-plan\/\"]}]},{\"@type\":\"ImageObject\",\"inLanguage\":\"es\",\"@id\":\"https:\/\/gysfm.com.ar\/inicio\/milei-recibio-el-premio-libertad-2026-y-aunque-llamo-horrible-al-numero-de-inflacion-dijo-que-no-se-apartara-de-su-plan\/#primaryimage\",\"url\":\"https:\/\/gysfm.com.ar\/inicio\/wp-content\/uploads\/2026\/04\/javier-milei-y-funcionarios-en-la-entrega-de-premios-de-fundacion-libertad-20260427-2229034.jpg\",\"contentUrl\":\"https:\/\/gysfm.com.ar\/inicio\/wp-content\/uploads\/2026\/04\/javier-milei-y-funcionarios-en-la-entrega-de-premios-de-fundacion-libertad-20260427-2229034.jpg\",\"width\":1140,\"height\":641},{\"@type\":\"BreadcrumbList\",\"@id\":\"https:\/\/gysfm.com.ar\/inicio\/milei-recibio-el-premio-libertad-2026-y-aunque-llamo-horrible-al-numero-de-inflacion-dijo-que-no-se-apartara-de-su-plan\/#breadcrumb\",\"itemListElement\":[{\"@type\":\"ListItem\",\"position\":1,\"name\":\"Portada\",\"item\":\"https:\/\/gysfm.com.ar\/inicio\/\"},{\"@type\":\"ListItem\",\"position\":2,\"name\":\"Milei recibi\u00f3 el Premio Libertad 2026, y aunque llam\u00f3 \u00abhorrible\u00bb al n\u00famero de inflaci\u00f3n dijo que no se apartar\u00e1 de su plan\"}]},{\"@type\":\"WebSite\",\"@id\":\"https:\/\/gysfm.com.ar\/inicio\/#website\",\"url\":\"https:\/\/gysfm.com.ar\/inicio\/\",\"name\":\"GYS NOTICIAS |\",\"description\":\"DIARIO - RADIO ONLINE SAN JUAN ARGENTINA\",\"publisher\":{\"@id\":\"https:\/\/gysfm.com.ar\/inicio\/#organization\"},\"potentialAction\":[{\"@type\":\"SearchAction\",\"target\":{\"@type\":\"EntryPoint\",\"urlTemplate\":\"https:\/\/gysfm.com.ar\/inicio\/?s={search_term_string}\"},\"query-input\":{\"@type\":\"PropertyValueSpecification\",\"valueRequired\":true,\"valueName\":\"search_term_string\"}}],\"inLanguage\":\"es\"},{\"@type\":\"Organization\",\"@id\":\"https:\/\/gysfm.com.ar\/inicio\/#organization\",\"name\":\"GYS NOTICIAS |\",\"url\":\"https:\/\/gysfm.com.ar\/inicio\/\",\"logo\":{\"@type\":\"ImageObject\",\"inLanguage\":\"es\",\"@id\":\"https:\/\/gysfm.com.ar\/inicio\/#\/schema\/logo\/image\/\",\"url\":\"https:\/\/gysfm.com.ar\/inicio\/wp-content\/uploads\/2023\/07\/LOGOGYS-OK.png\",\"contentUrl\":\"https:\/\/gysfm.com.ar\/inicio\/wp-content\/uploads\/2023\/07\/LOGOGYS-OK.png\",\"width\":1170,\"height\":872,\"caption\":\"GYS NOTICIAS |\"},\"image\":{\"@id\":\"https:\/\/gysfm.com.ar\/inicio\/#\/schema\/logo\/image\/\"}},{\"@type\":\"Person\",\"@id\":\"https:\/\/gysfm.com.ar\/inicio\/#\/schema\/person\/3abba7593ef2ad19e1be221d54383dc5\",\"name\":\"Prensa G&amp;S FM\",\"image\":{\"@type\":\"ImageObject\",\"inLanguage\":\"es\",\"@id\":\"https:\/\/gysfm.com.ar\/inicio\/#\/schema\/person\/image\/\",\"url\":\"https:\/\/secure.gravatar.com\/avatar\/096ec78df02049ab018702bb4ccedf659377fa92a26540b5247612077a0dbd29?s=96&d=mm&r=g\",\"contentUrl\":\"https:\/\/secure.gravatar.com\/avatar\/096ec78df02049ab018702bb4ccedf659377fa92a26540b5247612077a0dbd29?s=96&d=mm&r=g\",\"caption\":\"Prensa G&amp;S FM\"},\"sameAs\":[\"https:\/\/gysfm.com.ar\/\"],\"url\":\"https:\/\/gysfm.com.ar\/inicio\/author\/lucasm\/\"}]}<\/script>\n<!-- \/ Yoast SEO plugin. -->","yoast_head_json":{"title":"Milei recibi\u00f3 el Premio Libertad 2026, y aunque llam\u00f3 \"horrible\" al n\u00famero de inflaci\u00f3n dijo que no se apartar\u00e1 de su plan - GYS NOTICIAS |","robots":{"index":"index","follow":"follow","max-snippet":"max-snippet:-1","max-image-preview":"max-image-preview:large","max-video-preview":"max-video-preview:-1"},"canonical":"https:\/\/gysfm.com.ar\/inicio\/milei-recibio-el-premio-libertad-2026-y-aunque-llamo-horrible-al-numero-de-inflacion-dijo-que-no-se-apartara-de-su-plan\/","og_locale":"es_ES","og_type":"article","og_title":"Milei recibi\u00f3 el Premio Libertad 2026, y aunque llam\u00f3 \"horrible\" al n\u00famero de inflaci\u00f3n dijo que no se apartar\u00e1 de su plan - GYS NOTICIAS |","og_description":"Ante la atenta mirada del c\u00edrculo rojo y los principales referentes del liberalismo, el presidente Javier Milei se present\u00f3 este lunes como el orador principal de la cena anual de la Fundaci\u00f3n Libertad en Parque Norte. All\u00ed, el mandatario recibi\u00f3 el \u00abPremio Libertad 2026&#8243;, aunque antes de sumergirse en una f\u00e9rrea defensa de su motosierra [&hellip;]","og_url":"https:\/\/gysfm.com.ar\/inicio\/milei-recibio-el-premio-libertad-2026-y-aunque-llamo-horrible-al-numero-de-inflacion-dijo-que-no-se-apartara-de-su-plan\/","og_site_name":"GYS NOTICIAS |","article_published_time":"2026-04-28T11:15:54+00:00","og_image":[{"url":"https:\/\/fotos.perfil.com\/\/2026\/04\/28\/900\/0\/javier-milei-y-funcionarios-en-la-entrega-de-premios-de-fundacion-libertad-20260427-2229035.jpg?webp","type":"","width":"","height":""}],"author":"Prensa G&amp;S FM","twitter_card":"summary_large_image","twitter_misc":{"Escrito por":"Prensa G&amp;S FM","Tiempo de lectura":"5 minutos"},"schema":{"@context":"https:\/\/schema.org","@graph":[{"@type":"Article","@id":"https:\/\/gysfm.com.ar\/inicio\/milei-recibio-el-premio-libertad-2026-y-aunque-llamo-horrible-al-numero-de-inflacion-dijo-que-no-se-apartara-de-su-plan\/#article","isPartOf":{"@id":"https:\/\/gysfm.com.ar\/inicio\/milei-recibio-el-premio-libertad-2026-y-aunque-llamo-horrible-al-numero-de-inflacion-dijo-que-no-se-apartara-de-su-plan\/"},"author":{"name":"Prensa G&amp;S FM","@id":"https:\/\/gysfm.com.ar\/inicio\/#\/schema\/person\/3abba7593ef2ad19e1be221d54383dc5"},"headline":"Milei recibi\u00f3 el Premio Libertad 2026, y aunque llam\u00f3 \u00abhorrible\u00bb al n\u00famero de inflaci\u00f3n dijo que no se apartar\u00e1 de su plan","datePublished":"2026-04-28T11:15:54+00:00","mainEntityOfPage":{"@id":"https:\/\/gysfm.com.ar\/inicio\/milei-recibio-el-premio-libertad-2026-y-aunque-llamo-horrible-al-numero-de-inflacion-dijo-que-no-se-apartara-de-su-plan\/"},"wordCount":965,"publisher":{"@id":"https:\/\/gysfm.com.ar\/inicio\/#organization"},"image":{"@id":"https:\/\/gysfm.com.ar\/inicio\/milei-recibio-el-premio-libertad-2026-y-aunque-llamo-horrible-al-numero-de-inflacion-dijo-que-no-se-apartara-de-su-plan\/#primaryimage"},"thumbnailUrl":"https:\/\/gysfm.com.ar\/inicio\/wp-content\/uploads\/2026\/04\/javier-milei-y-funcionarios-en-la-entrega-de-premios-de-fundacion-libertad-20260427-2229034.jpg","articleSection":["NACIONALES"],"inLanguage":"es"},{"@type":"WebPage","@id":"https:\/\/gysfm.com.ar\/inicio\/milei-recibio-el-premio-libertad-2026-y-aunque-llamo-horrible-al-numero-de-inflacion-dijo-que-no-se-apartara-de-su-plan\/","url":"https:\/\/gysfm.com.ar\/inicio\/milei-recibio-el-premio-libertad-2026-y-aunque-llamo-horrible-al-numero-de-inflacion-dijo-que-no-se-apartara-de-su-plan\/","name":"Milei recibi\u00f3 el Premio Libertad 2026, y aunque llam\u00f3 \"horrible\" al n\u00famero de inflaci\u00f3n dijo que no se apartar\u00e1 de su plan - GYS NOTICIAS |","isPartOf":{"@id":"https:\/\/gysfm.com.ar\/inicio\/#website"},"primaryImageOfPage":{"@id":"https:\/\/gysfm.com.ar\/inicio\/milei-recibio-el-premio-libertad-2026-y-aunque-llamo-horrible-al-numero-de-inflacion-dijo-que-no-se-apartara-de-su-plan\/#primaryimage"},"image":{"@id":"https:\/\/gysfm.com.ar\/inicio\/milei-recibio-el-premio-libertad-2026-y-aunque-llamo-horrible-al-numero-de-inflacion-dijo-que-no-se-apartara-de-su-plan\/#primaryimage"},"thumbnailUrl":"https:\/\/gysfm.com.ar\/inicio\/wp-content\/uploads\/2026\/04\/javier-milei-y-funcionarios-en-la-entrega-de-premios-de-fundacion-libertad-20260427-2229034.jpg","datePublished":"2026-04-28T11:15:54+00:00","breadcrumb":{"@id":"https:\/\/gysfm.com.ar\/inicio\/milei-recibio-el-premio-libertad-2026-y-aunque-llamo-horrible-al-numero-de-inflacion-dijo-que-no-se-apartara-de-su-plan\/#breadcrumb"},"inLanguage":"es","potentialAction":[{"@type":"ReadAction","target":["https:\/\/gysfm.com.ar\/inicio\/milei-recibio-el-premio-libertad-2026-y-aunque-llamo-horrible-al-numero-de-inflacion-dijo-que-no-se-apartara-de-su-plan\/"]}]},{"@type":"ImageObject","inLanguage":"es","@id":"https:\/\/gysfm.com.ar\/inicio\/milei-recibio-el-premio-libertad-2026-y-aunque-llamo-horrible-al-numero-de-inflacion-dijo-que-no-se-apartara-de-su-plan\/#primaryimage","url":"https:\/\/gysfm.com.ar\/inicio\/wp-content\/uploads\/2026\/04\/javier-milei-y-funcionarios-en-la-entrega-de-premios-de-fundacion-libertad-20260427-2229034.jpg","contentUrl":"https:\/\/gysfm.com.ar\/inicio\/wp-content\/uploads\/2026\/04\/javier-milei-y-funcionarios-en-la-entrega-de-premios-de-fundacion-libertad-20260427-2229034.jpg","width":1140,"height":641},{"@type":"BreadcrumbList","@id":"https:\/\/gysfm.com.ar\/inicio\/milei-recibio-el-premio-libertad-2026-y-aunque-llamo-horrible-al-numero-de-inflacion-dijo-que-no-se-apartara-de-su-plan\/#breadcrumb","itemListElement":[{"@type":"ListItem","position":1,"name":"Portada","item":"https:\/\/gysfm.com.ar\/inicio\/"},{"@type":"ListItem","position":2,"name":"Milei recibi\u00f3 el Premio Libertad 2026, y aunque llam\u00f3 \u00abhorrible\u00bb al n\u00famero de inflaci\u00f3n dijo que no se apartar\u00e1 de su plan"}]},{"@type":"WebSite","@id":"https:\/\/gysfm.com.ar\/inicio\/#website","url":"https:\/\/gysfm.com.ar\/inicio\/","name":"GYS NOTICIAS |","description":"DIARIO - RADIO ONLINE SAN JUAN ARGENTINA","publisher":{"@id":"https:\/\/gysfm.com.ar\/inicio\/#organization"},"potentialAction":[{"@type":"SearchAction","target":{"@type":"EntryPoint","urlTemplate":"https:\/\/gysfm.com.ar\/inicio\/?s={search_term_string}"},"query-input":{"@type":"PropertyValueSpecification","valueRequired":true,"valueName":"search_term_string"}}],"inLanguage":"es"},{"@type":"Organization","@id":"https:\/\/gysfm.com.ar\/inicio\/#organization","name":"GYS NOTICIAS |","url":"https:\/\/gysfm.com.ar\/inicio\/","logo":{"@type":"ImageObject","inLanguage":"es","@id":"https:\/\/gysfm.com.ar\/inicio\/#\/schema\/logo\/image\/","url":"https:\/\/gysfm.com.ar\/inicio\/wp-content\/uploads\/2023\/07\/LOGOGYS-OK.png","contentUrl":"https:\/\/gysfm.com.ar\/inicio\/wp-content\/uploads\/2023\/07\/LOGOGYS-OK.png","width":1170,"height":872,"caption":"GYS NOTICIAS |"},"image":{"@id":"https:\/\/gysfm.com.ar\/inicio\/#\/schema\/logo\/image\/"}},{"@type":"Person","@id":"https:\/\/gysfm.com.ar\/inicio\/#\/schema\/person\/3abba7593ef2ad19e1be221d54383dc5","name":"Prensa G&amp;S FM","image":{"@type":"ImageObject","inLanguage":"es","@id":"https:\/\/gysfm.com.ar\/inicio\/#\/schema\/person\/image\/","url":"https:\/\/secure.gravatar.com\/avatar\/096ec78df02049ab018702bb4ccedf659377fa92a26540b5247612077a0dbd29?s=96&d=mm&r=g","contentUrl":"https:\/\/secure.gravatar.com\/avatar\/096ec78df02049ab018702bb4ccedf659377fa92a26540b5247612077a0dbd29?s=96&d=mm&r=g","caption":"Prensa G&amp;S FM"},"sameAs":["https:\/\/gysfm.com.ar\/"],"url":"https:\/\/gysfm.com.ar\/inicio\/author\/lucasm\/"}]}},"_links":{"self":[{"href":"https:\/\/gysfm.com.ar\/inicio\/wp-json\/wp\/v2\/posts\/193441","targetHints":{"allow":["GET"]}}],"collection":[{"href":"https:\/\/gysfm.com.ar\/inicio\/wp-json\/wp\/v2\/posts"}],"about":[{"href":"https:\/\/gysfm.com.ar\/inicio\/wp-json\/wp\/v2\/types\/post"}],"author":[{"embeddable":true,"href":"https:\/\/gysfm.com.ar\/inicio\/wp-json\/wp\/v2\/users\/2"}],"replies":[{"embeddable":true,"href":"https:\/\/gysfm.com.ar\/inicio\/wp-json\/wp\/v2\/comments?post=193441"}],"version-history":[{"count":0,"href":"https:\/\/gysfm.com.ar\/inicio\/wp-json\/wp\/v2\/posts\/193441\/revisions"}],"wp:featuredmedia":[{"embeddable":true,"href":"https:\/\/gysfm.com.ar\/inicio\/wp-json\/wp\/v2\/media\/193442"}],"wp:attachment":[{"href":"https:\/\/gysfm.com.ar\/inicio\/wp-json\/wp\/v2\/media?parent=193441"}],"wp:term":[{"taxonomy":"category","embeddable":true,"href":"https:\/\/gysfm.com.ar\/inicio\/wp-json\/wp\/v2\/categories?post=193441"},{"taxonomy":"post_tag","embeddable":true,"href":"https:\/\/gysfm.com.ar\/inicio\/wp-json\/wp\/v2\/tags?post=193441"}],"curies":[{"name":"wp","href":"https:\/\/api.w.org\/{rel}","templated":true}]}}