{"id":193437,"date":"2026-04-28T07:44:12","date_gmt":"2026-04-28T10:44:12","guid":{"rendered":"https:\/\/gysfm.com.ar\/inicio\/por-publicaciones-en-twitter-intendenta-chaquena-debera-pagar-una-indemnizacion-millonaria-a-un-funcionario\/"},"modified":"2026-04-28T07:44:12","modified_gmt":"2026-04-28T10:44:12","slug":"por-publicaciones-en-twitter-intendenta-chaquena-debera-pagar-una-indemnizacion-millonaria-a-un-funcionario","status":"publish","type":"post","link":"https:\/\/gysfm.com.ar\/inicio\/por-publicaciones-en-twitter-intendenta-chaquena-debera-pagar-una-indemnizacion-millonaria-a-un-funcionario\/","title":{"rendered":"Por publicaciones en Twitter, intendenta chaque\u00f1a deber\u00e1 pagar una indemnizaci\u00f3n millonaria a un funcionario"},"content":{"rendered":"<p><\/p>\n<div id=\"article-content\">\n<p><strong>La Corte Suprema de Justicia dej\u00f3 firme la condena contra la intendenta chaque\u00f1a Claudia Panzardi<\/strong>, quien deber\u00e1 indemnizar por da\u00f1os y perjuicios a <strong> Livio Guti\u00e9rrez<\/strong> por publicaciones en<strong> Twitte<\/strong>r que afectaron su honor.<\/p>\n<p>El m\u00e1ximo tribunal rechaz\u00f3 el recurso presentado por la <strong>demandada debido a incumplimientos formales<\/strong>, lo que dej\u00f3 firmes las decisiones de la justicia de Chaco que hab\u00edan hecho lugar a la demanda iniciada por el entonces legislador provincial, hoy titular del <strong>Banco Chaco<\/strong>, seg\u00fan public\u00f3 <em>NA<\/em>.<\/p>\n<p class=\"destacadoNota\"><a target=\"_blank\" href=\"https:\/\/www.perfil.com\/noticias\/nea\/a-dias-de-la-entrada-en-vigencia-del-acuerdo-ue-mercosur-zdero-se-reunio-con-el-embajador-de-la-union-europea.phtml\">A d\u00edas de la entrada en vigencia del acuerdo UE-Mercosur, Zdero se reuni\u00f3 con el embajador de la Uni\u00f3n Europea<\/a><\/p>\n<h2>Twitter<\/h2>\n<p>El caso se remonta a <strong>abril de 2016<\/strong>, cuando Guti\u00e9rrez participaba en el programa televisivo <strong>\u201cIntratables\u201d<\/strong> en el <strong>canal Am\u00e9rica<\/strong>. En ese contexto, Panzardi public\u00f3 desde su cuenta personal mensajes que <strong>\u00ablo vinculaban con acusaciones de violencia de g\u00e9nero contra su esposa\u00bb<\/strong>, los cuales luego fueron replicados por medios locales, precis\u00f3 la agencia de noticias.<\/p>\n<p>La justicia provincial consider\u00f3 en primera y segunda instancia que \u00ab<strong>esas expresiones no constitu\u00edan informaci\u00f3n ni opini\u00f3n, sino una intromisi\u00f3n injustificada en la vida del demandante<\/strong>, adem\u00e1s de resultar falsas y de amplia difusi\u00f3n\u00bb, seg\u00fan detall\u00f3 <em>NA<\/em>.<\/p>\n<p>Tras el rechazo de un recurso extraordinario en la justicia local, Panzardi fue en queja ante la Corte Suprema, pero la presentaci\u00f3n no cumpli\u00f3 con los requisitos establecidos en la acordada 4\/2007, por lo que fue desestimada.<\/p>\n<p>Asi <strong>qued\u00f3 firme la obligaci\u00f3n de indemnizar al funcionario afectado por los mensajes difundidos en la red social<\/strong>.<\/p>\n<h2>Fundamentos del fallo de la Corte Suprema<\/h2>\n<p><picture><source media=\"(max-width: 440px)\" srcset=\"https:\/\/fotos.perfil.com\/\/2026\/04\/27\/440\/0\/27-04-2026-caso-panzardi-corte-suprema-fallo-twitter-2228754.jpg?webp\"\/><source media=\"(max-width: 1019px)\" srcset=\"https:\/\/fotos.perfil.com\/\/2026\/04\/27\/712\/0\/27-04-2026-caso-panzardi-corte-suprema-fallo-twitter-2228754.jpg?webp\"\/><img decoding=\"async\" style=\"max-width: 100%; width: 100%;\" alt=\"27-04-2026 Caso Panzardi Corte Suprema fallo twitter\" src=\"https:\/\/fotos.perfil.com\/\/2026\/04\/27\/900\/0\/27-04-2026-caso-panzardi-corte-suprema-fallo-twitter-2228754.jpg?webp\" loading=\"lazy\"\/><\/picture><\/p>\n<p>\u00ab<strong>La recurrente no cumpli\u00f3 con el recaudo previsto en el art. 6\u00b0 del reglamento aprobado por la acordada 4\/2007, pues el recurso de queja no refuta los motivos de la resoluci\u00f3n denegatoria del recurso extraordinario.<\/strong> Por ello, se desestima la presentaci\u00f3n directa\u00bb, expresa el fallo de la Corte que no lleg\u00f3 a analizar el fondo del caso y declar\u00f3 <strong>\u00abperdido el dep\u00f3sito efectuado\u00bb<\/strong>.<\/p>\n<p class=\"destacadoNota\"><a target=\"_blank\" href=\"https:\/\/www.perfil.com\/noticias\/nea\/la-ucr-se-divide-por-las-paso-vischi-y-abad-exponen-diferencias-clave-en-el-senado.phtml\">La UCR se divide por las PASO: Vischi y Abad exponen diferencias clave en el Senado<\/a><\/p>\n<h2>El descargo de Panzardi<\/h2>\n<p>\u201cMENTIRA lo que publican algunos medios, la Corte Suprema ni siquiera analiz\u00f3 el caso que recurr\u00ed. Abajo podr\u00e1n leer la resoluci\u00f3n de la Corte que confirma lo que digo y la fecha en que se dict\u00f3: 23 de abril. <strong>Yo termin\u00e9 de pagar el 19 de abril<\/strong>\u201d, sostuvo Panzardi en un descargo p\u00fablico difundido por <em>Infobae<\/em>.<\/p>\n<p>\u00abLo pude con mucho esfuerzo, porque adem\u00e1s hace casi tres a\u00f1os sufro el embargo de mis bienes por esta causa. <strong>Casi 17 millones de pesos por un tuit, en potencial, publicado hace 10 a\u00f1os<\/strong>\u00ab, remarc\u00f3 la jefa comunal.<\/p>\n<p>\u201c<strong>Acept\u00e9 la sentencia y pagu\u00e9. No me negu\u00e9 ni fui deudora morosa. No es justo ni tampoco cuento con los 260 millones que ahora piden con retroactividad a la sentencia<\/strong>\u201d, cerr\u00f3 Panzardi.<\/p>\n<\/p><\/div>\n<p><script>\n                !function(f,b,e,v,n,t,s)\n                {if(f.fbq)return;n=f.fbq=function(){n.callMethod?\n                    n.callMethod.apply(n,arguments):n.queue.push(arguments)};\n                    if(!f._fbq)f._fbq=n;n.push=n;n.loaded=!0;n.version='2.0';\n                    n.queue=[];t=b.createElement(e);t.async=!0;\n                    t.src=v;s=b.getElementsByTagName(e)[0];\n                    s.parentNode.insertBefore(t,s)}(window, document,'script',\n                    'https:\/\/connect.facebook.net\/en_US\/fbevents.js');\n                window.paywallConfig.facebook_pixel=\"1000228364089342\"\n            <\/script><\/p>\n","protected":false},"excerpt":{"rendered":"<p>La Corte Suprema de Justicia dej\u00f3 firme la condena contra la intendenta chaque\u00f1a Claudia Panzardi, quien deber\u00e1 indemnizar por da\u00f1os y perjuicios a Livio Guti\u00e9rrez por publicaciones en Twitter que afectaron su honor. El m\u00e1ximo tribunal rechaz\u00f3 el recurso presentado por la demandada debido a incumplimientos formales, lo que dej\u00f3 firmes las decisiones de la [&hellip;]<\/p>\n","protected":false},"author":2,"featured_media":193438,"comment_status":"closed","ping_status":"closed","sticky":false,"template":"","format":"standard","meta":{"footnotes":""},"categories":[25],"tags":[],"class_list":["post-193437","post","type-post","status-publish","format-standard","has-post-thumbnail","hentry","category-nacionales"],"yoast_head":"<!-- This site is optimized with the Yoast SEO plugin v24.4 - https:\/\/yoast.com\/wordpress\/plugins\/seo\/ -->\n<title>Por publicaciones en Twitter, intendenta chaque\u00f1a deber\u00e1 pagar una indemnizaci\u00f3n millonaria a un funcionario - GYS NOTICIAS |<\/title>\n<meta name=\"robots\" content=\"index, follow, max-snippet:-1, max-image-preview:large, max-video-preview:-1\" \/>\n<link rel=\"canonical\" href=\"https:\/\/gysfm.com.ar\/inicio\/por-publicaciones-en-twitter-intendenta-chaquena-debera-pagar-una-indemnizacion-millonaria-a-un-funcionario\/\" \/>\n<meta property=\"og:locale\" content=\"es_ES\" \/>\n<meta property=\"og:type\" content=\"article\" \/>\n<meta property=\"og:title\" content=\"Por publicaciones en Twitter, intendenta chaque\u00f1a deber\u00e1 pagar una indemnizaci\u00f3n millonaria a un funcionario - GYS NOTICIAS |\" \/>\n<meta property=\"og:description\" content=\"La Corte Suprema de Justicia dej\u00f3 firme la condena contra la intendenta chaque\u00f1a Claudia Panzardi, quien deber\u00e1 indemnizar por da\u00f1os y perjuicios a Livio Guti\u00e9rrez por publicaciones en Twitter que afectaron su honor. El m\u00e1ximo tribunal rechaz\u00f3 el recurso presentado por la demandada debido a incumplimientos formales, lo que dej\u00f3 firmes las decisiones de la [&hellip;]\" \/>\n<meta property=\"og:url\" content=\"https:\/\/gysfm.com.ar\/inicio\/por-publicaciones-en-twitter-intendenta-chaquena-debera-pagar-una-indemnizacion-millonaria-a-un-funcionario\/\" \/>\n<meta property=\"og:site_name\" content=\"GYS NOTICIAS |\" \/>\n<meta property=\"article:published_time\" content=\"2026-04-28T10:44:12+00:00\" \/>\n<meta property=\"og:image\" content=\"https:\/\/fotos.perfil.com\/\/2026\/04\/27\/900\/0\/27-04-2026-caso-panzardi-corte-suprema-fallo-twitter-2228754.jpg?webp\" \/>\n<meta name=\"author\" content=\"Prensa G&amp;S FM\" \/>\n<meta name=\"twitter:card\" content=\"summary_large_image\" \/>\n<meta name=\"twitter:label1\" content=\"Escrito por\" \/>\n\t<meta name=\"twitter:data1\" content=\"Prensa G&amp;S FM\" \/>\n\t<meta name=\"twitter:label2\" content=\"Tiempo de lectura\" \/>\n\t<meta name=\"twitter:data2\" content=\"2 minutos\" \/>\n<script type=\"application\/ld+json\" class=\"yoast-schema-graph\">{\"@context\":\"https:\/\/schema.org\",\"@graph\":[{\"@type\":\"Article\",\"@id\":\"https:\/\/gysfm.com.ar\/inicio\/por-publicaciones-en-twitter-intendenta-chaquena-debera-pagar-una-indemnizacion-millonaria-a-un-funcionario\/#article\",\"isPartOf\":{\"@id\":\"https:\/\/gysfm.com.ar\/inicio\/por-publicaciones-en-twitter-intendenta-chaquena-debera-pagar-una-indemnizacion-millonaria-a-un-funcionario\/\"},\"author\":{\"name\":\"Prensa G&amp;S FM\",\"@id\":\"https:\/\/gysfm.com.ar\/inicio\/#\/schema\/person\/3abba7593ef2ad19e1be221d54383dc5\"},\"headline\":\"Por publicaciones en Twitter, intendenta chaque\u00f1a deber\u00e1 pagar una indemnizaci\u00f3n millonaria a un funcionario\",\"datePublished\":\"2026-04-28T10:44:12+00:00\",\"mainEntityOfPage\":{\"@id\":\"https:\/\/gysfm.com.ar\/inicio\/por-publicaciones-en-twitter-intendenta-chaquena-debera-pagar-una-indemnizacion-millonaria-a-un-funcionario\/\"},\"wordCount\":499,\"publisher\":{\"@id\":\"https:\/\/gysfm.com.ar\/inicio\/#organization\"},\"image\":{\"@id\":\"https:\/\/gysfm.com.ar\/inicio\/por-publicaciones-en-twitter-intendenta-chaquena-debera-pagar-una-indemnizacion-millonaria-a-un-funcionario\/#primaryimage\"},\"thumbnailUrl\":\"https:\/\/gysfm.com.ar\/inicio\/wp-content\/uploads\/2026\/04\/27-04-2026-claudia-panzardi-intendenta-laguna-blanca-2228750.jpg\",\"articleSection\":[\"NACIONALES\"],\"inLanguage\":\"es\"},{\"@type\":\"WebPage\",\"@id\":\"https:\/\/gysfm.com.ar\/inicio\/por-publicaciones-en-twitter-intendenta-chaquena-debera-pagar-una-indemnizacion-millonaria-a-un-funcionario\/\",\"url\":\"https:\/\/gysfm.com.ar\/inicio\/por-publicaciones-en-twitter-intendenta-chaquena-debera-pagar-una-indemnizacion-millonaria-a-un-funcionario\/\",\"name\":\"Por publicaciones en Twitter, intendenta chaque\u00f1a deber\u00e1 pagar una indemnizaci\u00f3n millonaria a un funcionario - GYS NOTICIAS |\",\"isPartOf\":{\"@id\":\"https:\/\/gysfm.com.ar\/inicio\/#website\"},\"primaryImageOfPage\":{\"@id\":\"https:\/\/gysfm.com.ar\/inicio\/por-publicaciones-en-twitter-intendenta-chaquena-debera-pagar-una-indemnizacion-millonaria-a-un-funcionario\/#primaryimage\"},\"image\":{\"@id\":\"https:\/\/gysfm.com.ar\/inicio\/por-publicaciones-en-twitter-intendenta-chaquena-debera-pagar-una-indemnizacion-millonaria-a-un-funcionario\/#primaryimage\"},\"thumbnailUrl\":\"https:\/\/gysfm.com.ar\/inicio\/wp-content\/uploads\/2026\/04\/27-04-2026-claudia-panzardi-intendenta-laguna-blanca-2228750.jpg\",\"datePublished\":\"2026-04-28T10:44:12+00:00\",\"breadcrumb\":{\"@id\":\"https:\/\/gysfm.com.ar\/inicio\/por-publicaciones-en-twitter-intendenta-chaquena-debera-pagar-una-indemnizacion-millonaria-a-un-funcionario\/#breadcrumb\"},\"inLanguage\":\"es\",\"potentialAction\":[{\"@type\":\"ReadAction\",\"target\":[\"https:\/\/gysfm.com.ar\/inicio\/por-publicaciones-en-twitter-intendenta-chaquena-debera-pagar-una-indemnizacion-millonaria-a-un-funcionario\/\"]}]},{\"@type\":\"ImageObject\",\"inLanguage\":\"es\",\"@id\":\"https:\/\/gysfm.com.ar\/inicio\/por-publicaciones-en-twitter-intendenta-chaquena-debera-pagar-una-indemnizacion-millonaria-a-un-funcionario\/#primaryimage\",\"url\":\"https:\/\/gysfm.com.ar\/inicio\/wp-content\/uploads\/2026\/04\/27-04-2026-claudia-panzardi-intendenta-laguna-blanca-2228750.jpg\",\"contentUrl\":\"https:\/\/gysfm.com.ar\/inicio\/wp-content\/uploads\/2026\/04\/27-04-2026-claudia-panzardi-intendenta-laguna-blanca-2228750.jpg\",\"width\":1140,\"height\":641},{\"@type\":\"BreadcrumbList\",\"@id\":\"https:\/\/gysfm.com.ar\/inicio\/por-publicaciones-en-twitter-intendenta-chaquena-debera-pagar-una-indemnizacion-millonaria-a-un-funcionario\/#breadcrumb\",\"itemListElement\":[{\"@type\":\"ListItem\",\"position\":1,\"name\":\"Portada\",\"item\":\"https:\/\/gysfm.com.ar\/inicio\/\"},{\"@type\":\"ListItem\",\"position\":2,\"name\":\"Por publicaciones en Twitter, intendenta chaque\u00f1a deber\u00e1 pagar una indemnizaci\u00f3n millonaria a un funcionario\"}]},{\"@type\":\"WebSite\",\"@id\":\"https:\/\/gysfm.com.ar\/inicio\/#website\",\"url\":\"https:\/\/gysfm.com.ar\/inicio\/\",\"name\":\"GYS NOTICIAS |\",\"description\":\"DIARIO - RADIO ONLINE SAN JUAN ARGENTINA\",\"publisher\":{\"@id\":\"https:\/\/gysfm.com.ar\/inicio\/#organization\"},\"potentialAction\":[{\"@type\":\"SearchAction\",\"target\":{\"@type\":\"EntryPoint\",\"urlTemplate\":\"https:\/\/gysfm.com.ar\/inicio\/?s={search_term_string}\"},\"query-input\":{\"@type\":\"PropertyValueSpecification\",\"valueRequired\":true,\"valueName\":\"search_term_string\"}}],\"inLanguage\":\"es\"},{\"@type\":\"Organization\",\"@id\":\"https:\/\/gysfm.com.ar\/inicio\/#organization\",\"name\":\"GYS NOTICIAS |\",\"url\":\"https:\/\/gysfm.com.ar\/inicio\/\",\"logo\":{\"@type\":\"ImageObject\",\"inLanguage\":\"es\",\"@id\":\"https:\/\/gysfm.com.ar\/inicio\/#\/schema\/logo\/image\/\",\"url\":\"https:\/\/gysfm.com.ar\/inicio\/wp-content\/uploads\/2023\/07\/LOGOGYS-OK.png\",\"contentUrl\":\"https:\/\/gysfm.com.ar\/inicio\/wp-content\/uploads\/2023\/07\/LOGOGYS-OK.png\",\"width\":1170,\"height\":872,\"caption\":\"GYS NOTICIAS |\"},\"image\":{\"@id\":\"https:\/\/gysfm.com.ar\/inicio\/#\/schema\/logo\/image\/\"}},{\"@type\":\"Person\",\"@id\":\"https:\/\/gysfm.com.ar\/inicio\/#\/schema\/person\/3abba7593ef2ad19e1be221d54383dc5\",\"name\":\"Prensa G&amp;S FM\",\"image\":{\"@type\":\"ImageObject\",\"inLanguage\":\"es\",\"@id\":\"https:\/\/gysfm.com.ar\/inicio\/#\/schema\/person\/image\/\",\"url\":\"https:\/\/secure.gravatar.com\/avatar\/096ec78df02049ab018702bb4ccedf659377fa92a26540b5247612077a0dbd29?s=96&d=mm&r=g\",\"contentUrl\":\"https:\/\/secure.gravatar.com\/avatar\/096ec78df02049ab018702bb4ccedf659377fa92a26540b5247612077a0dbd29?s=96&d=mm&r=g\",\"caption\":\"Prensa G&amp;S FM\"},\"sameAs\":[\"https:\/\/gysfm.com.ar\/\"],\"url\":\"https:\/\/gysfm.com.ar\/inicio\/author\/lucasm\/\"}]}<\/script>\n<!-- \/ Yoast SEO plugin. -->","yoast_head_json":{"title":"Por publicaciones en Twitter, intendenta chaque\u00f1a deber\u00e1 pagar una indemnizaci\u00f3n millonaria a un funcionario - GYS NOTICIAS |","robots":{"index":"index","follow":"follow","max-snippet":"max-snippet:-1","max-image-preview":"max-image-preview:large","max-video-preview":"max-video-preview:-1"},"canonical":"https:\/\/gysfm.com.ar\/inicio\/por-publicaciones-en-twitter-intendenta-chaquena-debera-pagar-una-indemnizacion-millonaria-a-un-funcionario\/","og_locale":"es_ES","og_type":"article","og_title":"Por publicaciones en Twitter, intendenta chaque\u00f1a deber\u00e1 pagar una indemnizaci\u00f3n millonaria a un funcionario - GYS NOTICIAS |","og_description":"La Corte Suprema de Justicia dej\u00f3 firme la condena contra la intendenta chaque\u00f1a Claudia Panzardi, quien deber\u00e1 indemnizar por da\u00f1os y perjuicios a Livio Guti\u00e9rrez por publicaciones en Twitter que afectaron su honor. El m\u00e1ximo tribunal rechaz\u00f3 el recurso presentado por la demandada debido a incumplimientos formales, lo que dej\u00f3 firmes las decisiones de la [&hellip;]","og_url":"https:\/\/gysfm.com.ar\/inicio\/por-publicaciones-en-twitter-intendenta-chaquena-debera-pagar-una-indemnizacion-millonaria-a-un-funcionario\/","og_site_name":"GYS NOTICIAS |","article_published_time":"2026-04-28T10:44:12+00:00","og_image":[{"url":"https:\/\/fotos.perfil.com\/\/2026\/04\/27\/900\/0\/27-04-2026-caso-panzardi-corte-suprema-fallo-twitter-2228754.jpg?webp","type":"","width":"","height":""}],"author":"Prensa G&amp;S FM","twitter_card":"summary_large_image","twitter_misc":{"Escrito por":"Prensa G&amp;S FM","Tiempo de lectura":"2 minutos"},"schema":{"@context":"https:\/\/schema.org","@graph":[{"@type":"Article","@id":"https:\/\/gysfm.com.ar\/inicio\/por-publicaciones-en-twitter-intendenta-chaquena-debera-pagar-una-indemnizacion-millonaria-a-un-funcionario\/#article","isPartOf":{"@id":"https:\/\/gysfm.com.ar\/inicio\/por-publicaciones-en-twitter-intendenta-chaquena-debera-pagar-una-indemnizacion-millonaria-a-un-funcionario\/"},"author":{"name":"Prensa G&amp;S FM","@id":"https:\/\/gysfm.com.ar\/inicio\/#\/schema\/person\/3abba7593ef2ad19e1be221d54383dc5"},"headline":"Por publicaciones en Twitter, intendenta chaque\u00f1a deber\u00e1 pagar una indemnizaci\u00f3n millonaria a un funcionario","datePublished":"2026-04-28T10:44:12+00:00","mainEntityOfPage":{"@id":"https:\/\/gysfm.com.ar\/inicio\/por-publicaciones-en-twitter-intendenta-chaquena-debera-pagar-una-indemnizacion-millonaria-a-un-funcionario\/"},"wordCount":499,"publisher":{"@id":"https:\/\/gysfm.com.ar\/inicio\/#organization"},"image":{"@id":"https:\/\/gysfm.com.ar\/inicio\/por-publicaciones-en-twitter-intendenta-chaquena-debera-pagar-una-indemnizacion-millonaria-a-un-funcionario\/#primaryimage"},"thumbnailUrl":"https:\/\/gysfm.com.ar\/inicio\/wp-content\/uploads\/2026\/04\/27-04-2026-claudia-panzardi-intendenta-laguna-blanca-2228750.jpg","articleSection":["NACIONALES"],"inLanguage":"es"},{"@type":"WebPage","@id":"https:\/\/gysfm.com.ar\/inicio\/por-publicaciones-en-twitter-intendenta-chaquena-debera-pagar-una-indemnizacion-millonaria-a-un-funcionario\/","url":"https:\/\/gysfm.com.ar\/inicio\/por-publicaciones-en-twitter-intendenta-chaquena-debera-pagar-una-indemnizacion-millonaria-a-un-funcionario\/","name":"Por publicaciones en Twitter, intendenta chaque\u00f1a deber\u00e1 pagar una indemnizaci\u00f3n millonaria a un funcionario - GYS NOTICIAS |","isPartOf":{"@id":"https:\/\/gysfm.com.ar\/inicio\/#website"},"primaryImageOfPage":{"@id":"https:\/\/gysfm.com.ar\/inicio\/por-publicaciones-en-twitter-intendenta-chaquena-debera-pagar-una-indemnizacion-millonaria-a-un-funcionario\/#primaryimage"},"image":{"@id":"https:\/\/gysfm.com.ar\/inicio\/por-publicaciones-en-twitter-intendenta-chaquena-debera-pagar-una-indemnizacion-millonaria-a-un-funcionario\/#primaryimage"},"thumbnailUrl":"https:\/\/gysfm.com.ar\/inicio\/wp-content\/uploads\/2026\/04\/27-04-2026-claudia-panzardi-intendenta-laguna-blanca-2228750.jpg","datePublished":"2026-04-28T10:44:12+00:00","breadcrumb":{"@id":"https:\/\/gysfm.com.ar\/inicio\/por-publicaciones-en-twitter-intendenta-chaquena-debera-pagar-una-indemnizacion-millonaria-a-un-funcionario\/#breadcrumb"},"inLanguage":"es","potentialAction":[{"@type":"ReadAction","target":["https:\/\/gysfm.com.ar\/inicio\/por-publicaciones-en-twitter-intendenta-chaquena-debera-pagar-una-indemnizacion-millonaria-a-un-funcionario\/"]}]},{"@type":"ImageObject","inLanguage":"es","@id":"https:\/\/gysfm.com.ar\/inicio\/por-publicaciones-en-twitter-intendenta-chaquena-debera-pagar-una-indemnizacion-millonaria-a-un-funcionario\/#primaryimage","url":"https:\/\/gysfm.com.ar\/inicio\/wp-content\/uploads\/2026\/04\/27-04-2026-claudia-panzardi-intendenta-laguna-blanca-2228750.jpg","contentUrl":"https:\/\/gysfm.com.ar\/inicio\/wp-content\/uploads\/2026\/04\/27-04-2026-claudia-panzardi-intendenta-laguna-blanca-2228750.jpg","width":1140,"height":641},{"@type":"BreadcrumbList","@id":"https:\/\/gysfm.com.ar\/inicio\/por-publicaciones-en-twitter-intendenta-chaquena-debera-pagar-una-indemnizacion-millonaria-a-un-funcionario\/#breadcrumb","itemListElement":[{"@type":"ListItem","position":1,"name":"Portada","item":"https:\/\/gysfm.com.ar\/inicio\/"},{"@type":"ListItem","position":2,"name":"Por publicaciones en Twitter, intendenta chaque\u00f1a deber\u00e1 pagar una indemnizaci\u00f3n millonaria a un funcionario"}]},{"@type":"WebSite","@id":"https:\/\/gysfm.com.ar\/inicio\/#website","url":"https:\/\/gysfm.com.ar\/inicio\/","name":"GYS NOTICIAS |","description":"DIARIO - RADIO ONLINE SAN JUAN ARGENTINA","publisher":{"@id":"https:\/\/gysfm.com.ar\/inicio\/#organization"},"potentialAction":[{"@type":"SearchAction","target":{"@type":"EntryPoint","urlTemplate":"https:\/\/gysfm.com.ar\/inicio\/?s={search_term_string}"},"query-input":{"@type":"PropertyValueSpecification","valueRequired":true,"valueName":"search_term_string"}}],"inLanguage":"es"},{"@type":"Organization","@id":"https:\/\/gysfm.com.ar\/inicio\/#organization","name":"GYS NOTICIAS |","url":"https:\/\/gysfm.com.ar\/inicio\/","logo":{"@type":"ImageObject","inLanguage":"es","@id":"https:\/\/gysfm.com.ar\/inicio\/#\/schema\/logo\/image\/","url":"https:\/\/gysfm.com.ar\/inicio\/wp-content\/uploads\/2023\/07\/LOGOGYS-OK.png","contentUrl":"https:\/\/gysfm.com.ar\/inicio\/wp-content\/uploads\/2023\/07\/LOGOGYS-OK.png","width":1170,"height":872,"caption":"GYS NOTICIAS |"},"image":{"@id":"https:\/\/gysfm.com.ar\/inicio\/#\/schema\/logo\/image\/"}},{"@type":"Person","@id":"https:\/\/gysfm.com.ar\/inicio\/#\/schema\/person\/3abba7593ef2ad19e1be221d54383dc5","name":"Prensa G&amp;S FM","image":{"@type":"ImageObject","inLanguage":"es","@id":"https:\/\/gysfm.com.ar\/inicio\/#\/schema\/person\/image\/","url":"https:\/\/secure.gravatar.com\/avatar\/096ec78df02049ab018702bb4ccedf659377fa92a26540b5247612077a0dbd29?s=96&d=mm&r=g","contentUrl":"https:\/\/secure.gravatar.com\/avatar\/096ec78df02049ab018702bb4ccedf659377fa92a26540b5247612077a0dbd29?s=96&d=mm&r=g","caption":"Prensa G&amp;S FM"},"sameAs":["https:\/\/gysfm.com.ar\/"],"url":"https:\/\/gysfm.com.ar\/inicio\/author\/lucasm\/"}]}},"_links":{"self":[{"href":"https:\/\/gysfm.com.ar\/inicio\/wp-json\/wp\/v2\/posts\/193437","targetHints":{"allow":["GET"]}}],"collection":[{"href":"https:\/\/gysfm.com.ar\/inicio\/wp-json\/wp\/v2\/posts"}],"about":[{"href":"https:\/\/gysfm.com.ar\/inicio\/wp-json\/wp\/v2\/types\/post"}],"author":[{"embeddable":true,"href":"https:\/\/gysfm.com.ar\/inicio\/wp-json\/wp\/v2\/users\/2"}],"replies":[{"embeddable":true,"href":"https:\/\/gysfm.com.ar\/inicio\/wp-json\/wp\/v2\/comments?post=193437"}],"version-history":[{"count":0,"href":"https:\/\/gysfm.com.ar\/inicio\/wp-json\/wp\/v2\/posts\/193437\/revisions"}],"wp:featuredmedia":[{"embeddable":true,"href":"https:\/\/gysfm.com.ar\/inicio\/wp-json\/wp\/v2\/media\/193438"}],"wp:attachment":[{"href":"https:\/\/gysfm.com.ar\/inicio\/wp-json\/wp\/v2\/media?parent=193437"}],"wp:term":[{"taxonomy":"category","embeddable":true,"href":"https:\/\/gysfm.com.ar\/inicio\/wp-json\/wp\/v2\/categories?post=193437"},{"taxonomy":"post_tag","embeddable":true,"href":"https:\/\/gysfm.com.ar\/inicio\/wp-json\/wp\/v2\/tags?post=193437"}],"curies":[{"name":"wp","href":"https:\/\/api.w.org\/{rel}","templated":true}]}}