{"id":193434,"date":"2026-04-28T07:06:36","date_gmt":"2026-04-28T10:06:36","guid":{"rendered":"https:\/\/gysfm.com.ar\/inicio\/cerca-de-la-mitad-de-las-pymes-preve-reducir-personal-en-los-proximos-meses\/"},"modified":"2026-04-28T07:06:36","modified_gmt":"2026-04-28T10:06:36","slug":"cerca-de-la-mitad-de-las-pymes-preve-reducir-personal-en-los-proximos-meses","status":"publish","type":"post","link":"https:\/\/gysfm.com.ar\/inicio\/cerca-de-la-mitad-de-las-pymes-preve-reducir-personal-en-los-proximos-meses\/","title":{"rendered":"Cerca de la mitad de las pymes prev\u00e9 reducir personal en los pr\u00f3ximos meses"},"content":{"rendered":"<p> <br \/>\n<\/p>\n<div id=\"\">\n<p id=\"p-1777329108682-71591\">Entre las<strong> peque\u00f1as y medianas empresas son cada vez m\u00e1s las que \u201cconsideran achicar su plantilla, en un contexto de menor optimismo y mayores dificultades para contratar talento\u201d.<\/strong> As\u00ed lo se\u00f1ala la \u00faltima encuesta de expectativas pyme liderada por el profesor<strong> Guillermo Fraile de la IAE Business School, <\/strong>con respuestas recogidas entre enero y febrero pasados.<\/p>\n<\/div>\n<div id=\"\">\n<p id=\"p-1777329108682-38513\">La reforma laboral, recientemente aprobada, no parecer\u00eda estar dando resultados ya que, en lo que se considera \u201cun cambio significativo\u2026<strong>casi la mitad de los empresarios eval\u00faa reducir su dotaci\u00f3n de personal en los pr\u00f3ximos seis meses\u201d.<\/strong><\/p>\n<\/p><\/div>\n<div id=\"\">\n<p id=\"p-1777329108682-16189\">Al sumar quienes afirman que \u201cprobablemente\u201d lo har\u00e1n (31,1%) con aquellos que ya lo tienen decidido (18,5%), el dato alcanza cerca del 50%, <strong>el nivel m\u00e1s alto de la serie relevada en los \u00faltimos a\u00f1os<\/strong>.<\/p>\n<\/div>\n<div id=\"\">\n<p id=\"p-1777329108682-81246\">Cabe se\u00f1alar que las pymes generan el 50% del empleo asalariado registrado y explican el 35% de la masa salarial formal, seg\u00fan un estudio de UCEMA. Esta universidad calcula que en el universo pyme trabajan en total 11.358.000 personas, entre trabajadores formales, no registrados, independientes, aut\u00f3nomos y monotributistas<strong>.<\/strong><\/p>\n<\/p><\/div>\n<div id=\"\">\n<h2 id=\"p-1777329108683-50837\"> <strong>Cambio<\/strong><\/h2>\n<p id=\"p-1777329108683-9657\">\u201cEl dato m\u00e1s relevante de esta medici\u00f3n es el cambio en la din\u00e1mica del empleo<strong>. Por primera vez vemos que una proporci\u00f3n significativa de pymes no solo dej\u00f3 de pensar en crecer, sino que empieza a evaluar reducir su dotaci\u00f3n<\/strong>, lo que refleja un escenario de mayor cautela y menor previsibilidad\u201d, se\u00f1al\u00f3 Fraile.<\/p>\n<p id=\"p-1777329108683-77921\">Tambi\u00e9n creci\u00f3 la proporci\u00f3n de empresas <strong>que efectivamente redujeron personal en los \u00faltimos seis meses, alcanzando el 41,9% en la medici\u00f3n m\u00e1s reciente.<\/strong> A esto se suma una dificultad estructural: m\u00e1s del 70% de las pymes afirma tener problemas para conseguir el talento necesario para cubrir sus vacantes.<\/p>\n<div contenteditable=\"false\" class=\"embed_cont type_imagen\" id=\"8217047-Libre-127288635_wrap\" style=\"opacity:1;height:auto;\">\n<p>image (1) <span onclick=\"parent.parent.TinyMCETdcuerpo.preview_embed('8217047-Libre-127288635')\" class=\"embed_colapse less\" id=\"8217047-Libre-127288635_colapse\"\/>  <span onclick=\"parent.parent.TinyMCETdcuerpo.delete_embed('8217047-Libre-127288635')\" class=\"embed_delete less\" id=\"8217047-Libre-127288635_delete\"\/><\/p>\n<div id=\"8217047-Libre-127288635_content\" class=\"embed_content\"><img decoding=\"async\" src=\"https:\/\/media.ambito.com\/p\/95724bafbed7499facf6df7eb8d92d86\/adjuntos\/239\/imagenes\/043\/332\/0043332064\/730x0\/smart\/image-1.jpeg\" alt=\"\" title=\"\" width=\"730\" height=\"undefined\" id=\"8217047-Libre-127288635_embed\"\/><\/div><\/div>\n<p id=\"p-1777329108683-41031\">Estos datos guardan relaci\u00f3n con otros como <strong>el \u00cdndice de Ventas Minoristas Pymes que elabora CAME.<\/strong> En marzo pasado, el sector minorista pyme registr\u00f3 un descenso del 0,6% interanual a valores constantes. La variaci\u00f3n mensual cay\u00f3 0,4% respecto a febrero. Con estas cifras<strong>, el indicador acumula una retracci\u00f3n del 3,6% en lo que va del a\u00f1o.<\/strong><\/p>\n<p id=\"p-1777329108683-15412\">Cinco de los siete rubros relevados se ubicaron en terreno negativo en la comparaci\u00f3n interanual. Las mermas se localizaron en Perfumer\u00eda (-9,8%), Bazar, decoraci\u00f3n, textiles de hogar y muebles (-8,3%) y Alimentos y bebidas (-0,9%). En sentido opuesto, el segmento de Ferreter\u00eda, materiales el\u00e9ctricos y de la construcci\u00f3n creci\u00f3 un 2%, a la par de Farmacia, que registr\u00f3 un alza del 1,1% interanual.<\/p>\n<h2 id=\"p-1777329108683-51676\"><strong>Menor optimismo<\/strong><\/h2>\n<p id=\"p-1777329108683-63419\">La proporci\u00f3n de empresarios que <strong>espera una mejora<\/strong> en la situaci\u00f3n del pa\u00eds en los pr\u00f3ximos seis meses <strong>se redujo de manera significativa en el \u00faltimo a\u00f1o, pasando de niveles cercanos al 70% a poco m\u00e1s del 30%. <\/strong>En paralelo, crece la percepci\u00f3n de que la situaci\u00f3n podr\u00eda empeorar <strong>\u201clo que impacta directamente en las decisiones de inversi\u00f3n, contrataci\u00f3n y planificaci\u00f3n de las empresas\u201d,<\/strong> seg\u00fan advierte el IAE.<\/p>\n<div contenteditable=\"false\" class=\"embed_cont type_imagen\" id=\"8217044-Libre-2143779537_wrap\">\n<p>image (3) <span onclick=\"parent.parent.TinyMCETdcuerpo.preview_embed('8217044-Libre-2143779537')\" class=\"embed_colapse less\" id=\"8217044-Libre-2143779537_colapse\"\/>  <span onclick=\"parent.parent.TinyMCETdcuerpo.delete_embed('8217044-Libre-2143779537')\" class=\"embed_delete less\" id=\"8217044-Libre-2143779537_delete\"\/><\/p>\n<div id=\"8217044-Libre-2143779537_content\" class=\"embed_content\"><img decoding=\"async\" src=\"https:\/\/media.ambito.com\/p\/28cb54e89aaac1ebd77c3a6289d1e6ad\/adjuntos\/239\/imagenes\/043\/332\/0043332061\/730x0\/smart\/image-3.jpeg\" alt=\"\" title=\"\" width=\"730\" height=\"undefined\" id=\"8217044-Libre-2143779537_embed\"\/><\/div><\/div>\n<p id=\"p-1777329108683-27514\">El deterioro en las expectativas no es exclusivo de las pymes. Este lunes se conoci\u00f3 que el \u00cdndice de Confianza en el Gobierno que elabora la Universidad Di Tella, correspondiente a abril, fue de 2,02 puntos, nivel que representa <strong>una disminuci\u00f3n de 12,1% respecto del mes anterior<\/strong>.<\/p>\n<p id=\"p-1777329108683-25660\">El actual nivel de confianza es 2,1% menor que el de abril de 2018, durante el gobierno de <strong>Mauricio Macri<\/strong>, y 40,9% mayor que el de abril de 2022, durante la gesti\u00f3n de <strong>Alberto Fern\u00e1ndez<\/strong>.<\/p>\n<div contenteditable=\"false\" class=\"embed_cont type_imagen\" id=\"8217045-Libre-1898119332_wrap\" style=\"opacity:1;height:auto;\">\n<p>image <span onclick=\"parent.parent.TinyMCETdcuerpo.preview_embed('8217045-Libre-1898119332')\" class=\"embed_colapse less\" id=\"8217045-Libre-1898119332_colapse\"\/>  <span onclick=\"parent.parent.TinyMCETdcuerpo.delete_embed('8217045-Libre-1898119332')\" class=\"embed_delete less\" id=\"8217045-Libre-1898119332_delete\"\/><\/p>\n<div id=\"8217045-Libre-1898119332_content\" class=\"embed_content\"><img decoding=\"async\" src=\"https:\/\/media.ambito.com\/p\/c5494f6e1cc7927d17a52002500a422e\/adjuntos\/239\/imagenes\/043\/332\/0043332062\/730x0\/smart\/image.png\" alt=\"\" title=\"\" width=\"730\" height=\"undefined\" id=\"8217045-Libre-1898119332_embed\"\/><\/div><\/div>\n<p id=\"p-1777329108683-16046\">En tanto, la presi\u00f3n impositiva se consolida como la principal preocupaci\u00f3n de las pymes, desplazando a la inflaci\u00f3n como eje central, de acuerdo con la medici\u00f3n del IAE. As\u00ed, <strong>ante la consulta sobre qu\u00e9 tipo de reforma tendr\u00eda mayor impacto positivo en sus empresas, casi tres de cada cuatro empresarios se\u00f1alaron a la reforma fiscal por sobre la laboral.<\/strong><\/p>\n<p id=\"p-1777329108683-72743\">Los resultados del relevamiento muestran un panorama marcado por la \u201ccautela\u201d. El informe de la casa de estudios sostiene que <strong>\u201cLa combinaci\u00f3n de menor optimismo, dificultades para contratar y una creciente evaluaci\u00f3n de reducci\u00f3n de personal configura un escenario desafiante para las pymes en los pr\u00f3ximos meses\u201d.<\/strong><\/p>\n<div contenteditable=\"false\" class=\"embed_cont type_imagen\" id=\"8217048-Libre-1266867315_wrap\" style=\"opacity:1;height:auto;\">\n<p> image (2) <span onclick=\"parent.parent.TinyMCETdcuerpo.preview_embed('8217048-Libre-1266867315')\" class=\"embed_colapse less\" id=\"8217048-Libre-1266867315_colapse\"> <\/span> <span onclick=\"parent.parent.TinyMCETdcuerpo.delete_embed('8217048-Libre-1266867315')\" class=\"embed_delete less\" id=\"8217048-Libre-1266867315_delete\"\/><\/p>\n<div id=\"8217048-Libre-1266867315_content\" class=\"embed_content\"><img decoding=\"async\" src=\"https:\/\/media.ambito.com\/p\/735d2ffcae0a887ad3865c815b1eb2de\/adjuntos\/239\/imagenes\/043\/332\/0043332065\/730x0\/smart\/image-2.jpeg\" alt=\"\" title=\"\" width=\"730\" height=\"undefined\" id=\"8217048-Libre-1266867315_embed\"\/><\/div><\/div><\/div>\n<p><script>\n!function(f,b,e,v,n,t,s)\n{if(f.fbq)return;n=f.fbq=function(){n.callMethod?\nn.callMethod.apply(n,arguments):n.queue.push(arguments)};\nif(!f._fbq)f._fbq=n;n.push=n;n.loaded=!0;n.version='2.0';\nn.queue=[];t=b.createElement(e);t.async=!0;\nt.src=v;s=b.getElementsByTagName(e)[0];\ns.parentNode.insertBefore(t,s)}(window,document,'script',\n'https:\/\/connect.facebook.net\/en_US\/fbevents.js');\nfbq('init', '2047048335588113');\nfbq('track', 'PageView');\n<\/script><br \/>\n<br \/><\/p>\n","protected":false},"excerpt":{"rendered":"<p>Entre las peque\u00f1as y medianas empresas son cada vez m\u00e1s las que \u201cconsideran achicar su plantilla, en un contexto de menor optimismo y mayores dificultades para contratar talento\u201d. As\u00ed lo se\u00f1ala la \u00faltima encuesta de expectativas pyme liderada por el profesor Guillermo Fraile de la IAE Business School, con respuestas recogidas entre enero y febrero [&hellip;]<\/p>\n","protected":false},"author":1,"featured_media":91909,"comment_status":"closed","ping_status":"closed","sticky":false,"template":"","format":"standard","meta":{"footnotes":""},"categories":[28],"tags":[],"class_list":["post-193434","post","type-post","status-publish","format-standard","has-post-thumbnail","hentry","category-economia"],"yoast_head":"<!-- This site is optimized with the Yoast SEO plugin v24.4 - https:\/\/yoast.com\/wordpress\/plugins\/seo\/ -->\n<title>Cerca de la mitad de las pymes prev\u00e9 reducir personal en los pr\u00f3ximos meses - GYS NOTICIAS |<\/title>\n<meta name=\"robots\" content=\"index, follow, max-snippet:-1, max-image-preview:large, max-video-preview:-1\" \/>\n<link rel=\"canonical\" href=\"https:\/\/gysfm.com.ar\/inicio\/cerca-de-la-mitad-de-las-pymes-preve-reducir-personal-en-los-proximos-meses\/\" \/>\n<meta property=\"og:locale\" content=\"es_ES\" \/>\n<meta property=\"og:type\" content=\"article\" \/>\n<meta property=\"og:title\" content=\"Cerca de la mitad de las pymes prev\u00e9 reducir personal en los pr\u00f3ximos meses - GYS NOTICIAS |\" \/>\n<meta property=\"og:description\" content=\"Entre las peque\u00f1as y medianas empresas son cada vez m\u00e1s las que \u201cconsideran achicar su plantilla, en un contexto de menor optimismo y mayores dificultades para contratar talento\u201d. As\u00ed lo se\u00f1ala la \u00faltima encuesta de expectativas pyme liderada por el profesor Guillermo Fraile de la IAE Business School, con respuestas recogidas entre enero y febrero [&hellip;]\" \/>\n<meta property=\"og:url\" content=\"https:\/\/gysfm.com.ar\/inicio\/cerca-de-la-mitad-de-las-pymes-preve-reducir-personal-en-los-proximos-meses\/\" \/>\n<meta property=\"og:site_name\" content=\"GYS NOTICIAS |\" \/>\n<meta property=\"article:published_time\" content=\"2026-04-28T10:06:36+00:00\" \/>\n<meta property=\"og:image\" content=\"https:\/\/media.ambito.com\/p\/95724bafbed7499facf6df7eb8d92d86\/adjuntos\/239\/imagenes\/043\/332\/0043332064\/730x0\/smart\/image-1.jpeg\" \/>\n<meta name=\"author\" content=\"admin\" \/>\n<meta name=\"twitter:card\" content=\"summary_large_image\" \/>\n<meta name=\"twitter:label1\" content=\"Escrito por\" \/>\n\t<meta name=\"twitter:data1\" content=\"admin\" \/>\n\t<meta name=\"twitter:label2\" content=\"Tiempo de lectura\" \/>\n\t<meta name=\"twitter:data2\" content=\"4 minutos\" \/>\n<script type=\"application\/ld+json\" class=\"yoast-schema-graph\">{\"@context\":\"https:\/\/schema.org\",\"@graph\":[{\"@type\":\"Article\",\"@id\":\"https:\/\/gysfm.com.ar\/inicio\/cerca-de-la-mitad-de-las-pymes-preve-reducir-personal-en-los-proximos-meses\/#article\",\"isPartOf\":{\"@id\":\"https:\/\/gysfm.com.ar\/inicio\/cerca-de-la-mitad-de-las-pymes-preve-reducir-personal-en-los-proximos-meses\/\"},\"author\":{\"name\":\"admin\",\"@id\":\"https:\/\/gysfm.com.ar\/inicio\/#\/schema\/person\/5bedd7ecd35cc35548d89effafa23696\"},\"headline\":\"Cerca de la mitad de las pymes prev\u00e9 reducir personal en los pr\u00f3ximos meses\",\"datePublished\":\"2026-04-28T10:06:36+00:00\",\"mainEntityOfPage\":{\"@id\":\"https:\/\/gysfm.com.ar\/inicio\/cerca-de-la-mitad-de-las-pymes-preve-reducir-personal-en-los-proximos-meses\/\"},\"wordCount\":715,\"publisher\":{\"@id\":\"https:\/\/gysfm.com.ar\/inicio\/#organization\"},\"image\":{\"@id\":\"https:\/\/gysfm.com.ar\/inicio\/cerca-de-la-mitad-de-las-pymes-preve-reducir-personal-en-los-proximos-meses\/#primaryimage\"},\"thumbnailUrl\":\"https:\/\/gysfm.com.ar\/inicio\/wp-content\/uploads\/2025\/02\/pymes-industria.jpg\",\"articleSection\":[\"ECONOMIA\"],\"inLanguage\":\"es\"},{\"@type\":\"WebPage\",\"@id\":\"https:\/\/gysfm.com.ar\/inicio\/cerca-de-la-mitad-de-las-pymes-preve-reducir-personal-en-los-proximos-meses\/\",\"url\":\"https:\/\/gysfm.com.ar\/inicio\/cerca-de-la-mitad-de-las-pymes-preve-reducir-personal-en-los-proximos-meses\/\",\"name\":\"Cerca de la mitad de las pymes prev\u00e9 reducir personal en los pr\u00f3ximos meses - GYS NOTICIAS |\",\"isPartOf\":{\"@id\":\"https:\/\/gysfm.com.ar\/inicio\/#website\"},\"primaryImageOfPage\":{\"@id\":\"https:\/\/gysfm.com.ar\/inicio\/cerca-de-la-mitad-de-las-pymes-preve-reducir-personal-en-los-proximos-meses\/#primaryimage\"},\"image\":{\"@id\":\"https:\/\/gysfm.com.ar\/inicio\/cerca-de-la-mitad-de-las-pymes-preve-reducir-personal-en-los-proximos-meses\/#primaryimage\"},\"thumbnailUrl\":\"https:\/\/gysfm.com.ar\/inicio\/wp-content\/uploads\/2025\/02\/pymes-industria.jpg\",\"datePublished\":\"2026-04-28T10:06:36+00:00\",\"breadcrumb\":{\"@id\":\"https:\/\/gysfm.com.ar\/inicio\/cerca-de-la-mitad-de-las-pymes-preve-reducir-personal-en-los-proximos-meses\/#breadcrumb\"},\"inLanguage\":\"es\",\"potentialAction\":[{\"@type\":\"ReadAction\",\"target\":[\"https:\/\/gysfm.com.ar\/inicio\/cerca-de-la-mitad-de-las-pymes-preve-reducir-personal-en-los-proximos-meses\/\"]}]},{\"@type\":\"ImageObject\",\"inLanguage\":\"es\",\"@id\":\"https:\/\/gysfm.com.ar\/inicio\/cerca-de-la-mitad-de-las-pymes-preve-reducir-personal-en-los-proximos-meses\/#primaryimage\",\"url\":\"https:\/\/gysfm.com.ar\/inicio\/wp-content\/uploads\/2025\/02\/pymes-industria.jpg\",\"contentUrl\":\"https:\/\/gysfm.com.ar\/inicio\/wp-content\/uploads\/2025\/02\/pymes-industria.jpg\",\"width\":1200,\"height\":675},{\"@type\":\"BreadcrumbList\",\"@id\":\"https:\/\/gysfm.com.ar\/inicio\/cerca-de-la-mitad-de-las-pymes-preve-reducir-personal-en-los-proximos-meses\/#breadcrumb\",\"itemListElement\":[{\"@type\":\"ListItem\",\"position\":1,\"name\":\"Portada\",\"item\":\"https:\/\/gysfm.com.ar\/inicio\/\"},{\"@type\":\"ListItem\",\"position\":2,\"name\":\"Cerca de la mitad de las pymes prev\u00e9 reducir personal en los pr\u00f3ximos meses\"}]},{\"@type\":\"WebSite\",\"@id\":\"https:\/\/gysfm.com.ar\/inicio\/#website\",\"url\":\"https:\/\/gysfm.com.ar\/inicio\/\",\"name\":\"GYS NOTICIAS |\",\"description\":\"DIARIO - RADIO ONLINE SAN JUAN ARGENTINA\",\"publisher\":{\"@id\":\"https:\/\/gysfm.com.ar\/inicio\/#organization\"},\"potentialAction\":[{\"@type\":\"SearchAction\",\"target\":{\"@type\":\"EntryPoint\",\"urlTemplate\":\"https:\/\/gysfm.com.ar\/inicio\/?s={search_term_string}\"},\"query-input\":{\"@type\":\"PropertyValueSpecification\",\"valueRequired\":true,\"valueName\":\"search_term_string\"}}],\"inLanguage\":\"es\"},{\"@type\":\"Organization\",\"@id\":\"https:\/\/gysfm.com.ar\/inicio\/#organization\",\"name\":\"GYS NOTICIAS |\",\"url\":\"https:\/\/gysfm.com.ar\/inicio\/\",\"logo\":{\"@type\":\"ImageObject\",\"inLanguage\":\"es\",\"@id\":\"https:\/\/gysfm.com.ar\/inicio\/#\/schema\/logo\/image\/\",\"url\":\"https:\/\/gysfm.com.ar\/inicio\/wp-content\/uploads\/2023\/07\/LOGOGYS-OK.png\",\"contentUrl\":\"https:\/\/gysfm.com.ar\/inicio\/wp-content\/uploads\/2023\/07\/LOGOGYS-OK.png\",\"width\":1170,\"height\":872,\"caption\":\"GYS NOTICIAS |\"},\"image\":{\"@id\":\"https:\/\/gysfm.com.ar\/inicio\/#\/schema\/logo\/image\/\"}},{\"@type\":\"Person\",\"@id\":\"https:\/\/gysfm.com.ar\/inicio\/#\/schema\/person\/5bedd7ecd35cc35548d89effafa23696\",\"name\":\"admin\",\"image\":{\"@type\":\"ImageObject\",\"inLanguage\":\"es\",\"@id\":\"https:\/\/gysfm.com.ar\/inicio\/#\/schema\/person\/image\/\",\"url\":\"https:\/\/secure.gravatar.com\/avatar\/c331d312b5243fb64d5ba28108a447b27c925295129a363082c9ea52c28d32c2?s=96&d=mm&r=g\",\"contentUrl\":\"https:\/\/secure.gravatar.com\/avatar\/c331d312b5243fb64d5ba28108a447b27c925295129a363082c9ea52c28d32c2?s=96&d=mm&r=g\",\"caption\":\"admin\"},\"sameAs\":[\"https:\/\/gysfm.com.ar\/inicio\"],\"url\":\"https:\/\/gysfm.com.ar\/inicio\/author\/admin\/\"}]}<\/script>\n<!-- \/ Yoast SEO plugin. -->","yoast_head_json":{"title":"Cerca de la mitad de las pymes prev\u00e9 reducir personal en los pr\u00f3ximos meses - GYS NOTICIAS |","robots":{"index":"index","follow":"follow","max-snippet":"max-snippet:-1","max-image-preview":"max-image-preview:large","max-video-preview":"max-video-preview:-1"},"canonical":"https:\/\/gysfm.com.ar\/inicio\/cerca-de-la-mitad-de-las-pymes-preve-reducir-personal-en-los-proximos-meses\/","og_locale":"es_ES","og_type":"article","og_title":"Cerca de la mitad de las pymes prev\u00e9 reducir personal en los pr\u00f3ximos meses - GYS NOTICIAS |","og_description":"Entre las peque\u00f1as y medianas empresas son cada vez m\u00e1s las que \u201cconsideran achicar su plantilla, en un contexto de menor optimismo y mayores dificultades para contratar talento\u201d. As\u00ed lo se\u00f1ala la \u00faltima encuesta de expectativas pyme liderada por el profesor Guillermo Fraile de la IAE Business School, con respuestas recogidas entre enero y febrero [&hellip;]","og_url":"https:\/\/gysfm.com.ar\/inicio\/cerca-de-la-mitad-de-las-pymes-preve-reducir-personal-en-los-proximos-meses\/","og_site_name":"GYS NOTICIAS |","article_published_time":"2026-04-28T10:06:36+00:00","og_image":[{"url":"https:\/\/media.ambito.com\/p\/95724bafbed7499facf6df7eb8d92d86\/adjuntos\/239\/imagenes\/043\/332\/0043332064\/730x0\/smart\/image-1.jpeg","type":"","width":"","height":""}],"author":"admin","twitter_card":"summary_large_image","twitter_misc":{"Escrito por":"admin","Tiempo de lectura":"4 minutos"},"schema":{"@context":"https:\/\/schema.org","@graph":[{"@type":"Article","@id":"https:\/\/gysfm.com.ar\/inicio\/cerca-de-la-mitad-de-las-pymes-preve-reducir-personal-en-los-proximos-meses\/#article","isPartOf":{"@id":"https:\/\/gysfm.com.ar\/inicio\/cerca-de-la-mitad-de-las-pymes-preve-reducir-personal-en-los-proximos-meses\/"},"author":{"name":"admin","@id":"https:\/\/gysfm.com.ar\/inicio\/#\/schema\/person\/5bedd7ecd35cc35548d89effafa23696"},"headline":"Cerca de la mitad de las pymes prev\u00e9 reducir personal en los pr\u00f3ximos meses","datePublished":"2026-04-28T10:06:36+00:00","mainEntityOfPage":{"@id":"https:\/\/gysfm.com.ar\/inicio\/cerca-de-la-mitad-de-las-pymes-preve-reducir-personal-en-los-proximos-meses\/"},"wordCount":715,"publisher":{"@id":"https:\/\/gysfm.com.ar\/inicio\/#organization"},"image":{"@id":"https:\/\/gysfm.com.ar\/inicio\/cerca-de-la-mitad-de-las-pymes-preve-reducir-personal-en-los-proximos-meses\/#primaryimage"},"thumbnailUrl":"https:\/\/gysfm.com.ar\/inicio\/wp-content\/uploads\/2025\/02\/pymes-industria.jpg","articleSection":["ECONOMIA"],"inLanguage":"es"},{"@type":"WebPage","@id":"https:\/\/gysfm.com.ar\/inicio\/cerca-de-la-mitad-de-las-pymes-preve-reducir-personal-en-los-proximos-meses\/","url":"https:\/\/gysfm.com.ar\/inicio\/cerca-de-la-mitad-de-las-pymes-preve-reducir-personal-en-los-proximos-meses\/","name":"Cerca de la mitad de las pymes prev\u00e9 reducir personal en los pr\u00f3ximos meses - GYS NOTICIAS |","isPartOf":{"@id":"https:\/\/gysfm.com.ar\/inicio\/#website"},"primaryImageOfPage":{"@id":"https:\/\/gysfm.com.ar\/inicio\/cerca-de-la-mitad-de-las-pymes-preve-reducir-personal-en-los-proximos-meses\/#primaryimage"},"image":{"@id":"https:\/\/gysfm.com.ar\/inicio\/cerca-de-la-mitad-de-las-pymes-preve-reducir-personal-en-los-proximos-meses\/#primaryimage"},"thumbnailUrl":"https:\/\/gysfm.com.ar\/inicio\/wp-content\/uploads\/2025\/02\/pymes-industria.jpg","datePublished":"2026-04-28T10:06:36+00:00","breadcrumb":{"@id":"https:\/\/gysfm.com.ar\/inicio\/cerca-de-la-mitad-de-las-pymes-preve-reducir-personal-en-los-proximos-meses\/#breadcrumb"},"inLanguage":"es","potentialAction":[{"@type":"ReadAction","target":["https:\/\/gysfm.com.ar\/inicio\/cerca-de-la-mitad-de-las-pymes-preve-reducir-personal-en-los-proximos-meses\/"]}]},{"@type":"ImageObject","inLanguage":"es","@id":"https:\/\/gysfm.com.ar\/inicio\/cerca-de-la-mitad-de-las-pymes-preve-reducir-personal-en-los-proximos-meses\/#primaryimage","url":"https:\/\/gysfm.com.ar\/inicio\/wp-content\/uploads\/2025\/02\/pymes-industria.jpg","contentUrl":"https:\/\/gysfm.com.ar\/inicio\/wp-content\/uploads\/2025\/02\/pymes-industria.jpg","width":1200,"height":675},{"@type":"BreadcrumbList","@id":"https:\/\/gysfm.com.ar\/inicio\/cerca-de-la-mitad-de-las-pymes-preve-reducir-personal-en-los-proximos-meses\/#breadcrumb","itemListElement":[{"@type":"ListItem","position":1,"name":"Portada","item":"https:\/\/gysfm.com.ar\/inicio\/"},{"@type":"ListItem","position":2,"name":"Cerca de la mitad de las pymes prev\u00e9 reducir personal en los pr\u00f3ximos meses"}]},{"@type":"WebSite","@id":"https:\/\/gysfm.com.ar\/inicio\/#website","url":"https:\/\/gysfm.com.ar\/inicio\/","name":"GYS NOTICIAS |","description":"DIARIO - RADIO ONLINE SAN JUAN ARGENTINA","publisher":{"@id":"https:\/\/gysfm.com.ar\/inicio\/#organization"},"potentialAction":[{"@type":"SearchAction","target":{"@type":"EntryPoint","urlTemplate":"https:\/\/gysfm.com.ar\/inicio\/?s={search_term_string}"},"query-input":{"@type":"PropertyValueSpecification","valueRequired":true,"valueName":"search_term_string"}}],"inLanguage":"es"},{"@type":"Organization","@id":"https:\/\/gysfm.com.ar\/inicio\/#organization","name":"GYS NOTICIAS |","url":"https:\/\/gysfm.com.ar\/inicio\/","logo":{"@type":"ImageObject","inLanguage":"es","@id":"https:\/\/gysfm.com.ar\/inicio\/#\/schema\/logo\/image\/","url":"https:\/\/gysfm.com.ar\/inicio\/wp-content\/uploads\/2023\/07\/LOGOGYS-OK.png","contentUrl":"https:\/\/gysfm.com.ar\/inicio\/wp-content\/uploads\/2023\/07\/LOGOGYS-OK.png","width":1170,"height":872,"caption":"GYS NOTICIAS |"},"image":{"@id":"https:\/\/gysfm.com.ar\/inicio\/#\/schema\/logo\/image\/"}},{"@type":"Person","@id":"https:\/\/gysfm.com.ar\/inicio\/#\/schema\/person\/5bedd7ecd35cc35548d89effafa23696","name":"admin","image":{"@type":"ImageObject","inLanguage":"es","@id":"https:\/\/gysfm.com.ar\/inicio\/#\/schema\/person\/image\/","url":"https:\/\/secure.gravatar.com\/avatar\/c331d312b5243fb64d5ba28108a447b27c925295129a363082c9ea52c28d32c2?s=96&d=mm&r=g","contentUrl":"https:\/\/secure.gravatar.com\/avatar\/c331d312b5243fb64d5ba28108a447b27c925295129a363082c9ea52c28d32c2?s=96&d=mm&r=g","caption":"admin"},"sameAs":["https:\/\/gysfm.com.ar\/inicio"],"url":"https:\/\/gysfm.com.ar\/inicio\/author\/admin\/"}]}},"_links":{"self":[{"href":"https:\/\/gysfm.com.ar\/inicio\/wp-json\/wp\/v2\/posts\/193434","targetHints":{"allow":["GET"]}}],"collection":[{"href":"https:\/\/gysfm.com.ar\/inicio\/wp-json\/wp\/v2\/posts"}],"about":[{"href":"https:\/\/gysfm.com.ar\/inicio\/wp-json\/wp\/v2\/types\/post"}],"author":[{"embeddable":true,"href":"https:\/\/gysfm.com.ar\/inicio\/wp-json\/wp\/v2\/users\/1"}],"replies":[{"embeddable":true,"href":"https:\/\/gysfm.com.ar\/inicio\/wp-json\/wp\/v2\/comments?post=193434"}],"version-history":[{"count":0,"href":"https:\/\/gysfm.com.ar\/inicio\/wp-json\/wp\/v2\/posts\/193434\/revisions"}],"wp:featuredmedia":[{"embeddable":true,"href":"https:\/\/gysfm.com.ar\/inicio\/wp-json\/wp\/v2\/media\/91909"}],"wp:attachment":[{"href":"https:\/\/gysfm.com.ar\/inicio\/wp-json\/wp\/v2\/media?parent=193434"}],"wp:term":[{"taxonomy":"category","embeddable":true,"href":"https:\/\/gysfm.com.ar\/inicio\/wp-json\/wp\/v2\/categories?post=193434"},{"taxonomy":"post_tag","embeddable":true,"href":"https:\/\/gysfm.com.ar\/inicio\/wp-json\/wp\/v2\/tags?post=193434"}],"curies":[{"name":"wp","href":"https:\/\/api.w.org\/{rel}","templated":true}]}}