{"id":193429,"date":"2026-04-28T06:11:36","date_gmt":"2026-04-28T09:11:36","guid":{"rendered":"https:\/\/gysfm.com.ar\/inicio\/miguel-ponce-el-deterioro-de-la-imagen-de-estados-unidos-lo-coloca-en-una-situacion-muy-dificil\/"},"modified":"2026-04-28T06:11:36","modified_gmt":"2026-04-28T09:11:36","slug":"miguel-ponce-el-deterioro-de-la-imagen-de-estados-unidos-lo-coloca-en-una-situacion-muy-dificil","status":"publish","type":"post","link":"https:\/\/gysfm.com.ar\/inicio\/miguel-ponce-el-deterioro-de-la-imagen-de-estados-unidos-lo-coloca-en-una-situacion-muy-dificil\/","title":{"rendered":"Miguel Ponce: \u201cEl deterioro de la imagen de Estados Unidos lo coloca en una situaci\u00f3n muy dif\u00edcil\u201d"},"content":{"rendered":"<p><\/p>\n<div id=\"article-content\">\n<p>La incertidumbre internacional marca el pulso de los <strong><a target=\"_blank\" href=\"https:\/\/www.perfil.com\/noticias\/canal-e\/tristan-rodriguez-loredo-sobre-la-economia-los-promedios-cada-vez-explican-menos.phtml\">mercados<\/a><\/strong> en una jornada atravesada por la <a target=\"_blank\" href=\"https:\/\/www.perfil.com\/noticias\/canal-e\/congreso-y-elecciones-2027-las-claves-del-nuevo-escenario-politico-argentino.phtml\">expectativa<\/a>. <strong>Miguel Ponce<\/strong>, especialista en comercio exterior, lo resumi\u00f3 con claridad: \u201c<strong>es un d\u00eda muy particular, hay mucha volatilidad, \u00bfpor qu\u00e9? por las contradicciones y la incertidumbre de los mensajes<\/strong>\u201d. Seg\u00fan explic\u00f3, las bolsas reaccionan en funci\u00f3n de se\u00f1ales pol\u00edticas confusas y de la posibilidad de un anuncio clave por parte de Estados Unidos sobre el conflicto con Ir\u00e1n.<\/p>\n<p>En ese contexto, describi\u00f3 un escenario financiero fragmentado: \u201c<strong>todo es en expectativa, porque ten\u00e9s mensajes sumamente contradictorios<\/strong>\u201d, sostuvo, al tiempo que detall\u00f3 el comportamiento dispar de los mercados en Asia, Europa y Estados Unidos. Para el analista, el foco est\u00e1 puesto en una eventual definici\u00f3n que podr\u00eda inclinar la balanza hacia un acuerdo o una escalada mayor.<\/p>\n<p><iframe id=\"vrudo\" class=\"vrudo\" src=\"https:\/\/rudo.video\/vod\/czGwIHxAH9P?volume=0\" width=\"100%\" height=\"100%\" allowscriptaccess=\"always\" allowfullscreen=\"true\" webkitallowfullscreen=\"true\" frameborder=\"0\" scrolling=\"no\" allow=\"autoplay; fullscreen\" loading=\"lazy\" title=\"Contenido embebido\"><\/iframe><\/p>\n<h2><strong>Geopol\u00edtica, poder y negociaciones en juego<\/strong><\/h2>\n<p><strong>Ponce <\/strong>advirti\u00f3 sobre el deterioro del liderazgo internacional estadounidense en medio de tensiones con aliados hist\u00f3ricos. \u201c<strong>La situaci\u00f3n de deterioro de la imagen de Estados Unidos en el exterior, alejando pr\u00e1cticamente a todos sus hist\u00f3ricos aliados, lo coloca en una situaci\u00f3n muy dif\u00edcil\u201d,<\/strong> afirm\u00f3.<\/p>\n<p>En ese marco, consider\u00f3 clave una pr\u00f3xima reuni\u00f3n con China y anticip\u00f3 un posible desenlace del conflicto: \u201c<strong>yo creo que si vamos a tener hoy o muy pronto el anuncio del final del conflicto<\/strong>\u201d. Seg\u00fan explic\u00f3, las posiciones de las partes comienzan a acercarse, aunque con diferencias sobre el orden de las negociaciones: \u201c<strong>\u00bfQui\u00e9n reconoce primero que cede ante la demanda?<\/strong>\u201d, plante\u00f3 como el interrogante central.<\/p>\n<p>El especialista subray\u00f3 que los tres ejes en discusi\u00f3n \u2014programa nuclear, control del Estrecho de Ormuz y el fin de la guerra\u2014 est\u00e1n interconectados y condicionan cualquier resoluci\u00f3n.<\/p>\n<h2><strong>Impacto en Argentina y alerta en el sector agropecuario<\/strong><\/h2>\n<p>M\u00e1s all\u00e1 de la dimensi\u00f3n global, <strong>Ponce<\/strong> alert\u00f3 sobre consecuencias concretas para la econom\u00eda argentina. \u201c<strong>Nosotros no estamos fuera de ese conflicto\u201d<\/strong>, enfatiz\u00f3, al mencionar tanto el alineamiento pol\u00edtico como la dependencia econ\u00f3mica de insumos estrat\u00e9gicos.<\/p>\n<p>En particular, puso el foco en el agro, principal generador de divisas del pa\u00eds. \u201c<strong>Solamente entre el 20 y el 25 por ciento de los fertilizantes se producen en Argentina<\/strong>\u201d, explic\u00f3, detallando que la mayor parte proviene del Golfo P\u00e9rsico, zona directamente afectada por el conflicto.<\/p>\n<p>Esta situaci\u00f3n podr\u00eda derivar en decisiones productivas adversas: \u201c<strong>es muy posible que nuestros chacareros digan lo que est\u00e1 viniendo de afuera viene muy caro o no tengo garant\u00edas de que me llegue<\/strong>\u201d, advirti\u00f3. Como consecuencia, anticip\u00f3 un posible cambio en el uso de la tierra: \u201csacrifico superficies destinadas a agricultura y me largo con la ganader\u00eda\u201d.<\/p>\n<\/p><\/div>\n<p><script>\n                !function(f,b,e,v,n,t,s)\n                {if(f.fbq)return;n=f.fbq=function(){n.callMethod?\n                    n.callMethod.apply(n,arguments):n.queue.push(arguments)};\n                    if(!f._fbq)f._fbq=n;n.push=n;n.loaded=!0;n.version='2.0';\n                    n.queue=[];t=b.createElement(e);t.async=!0;\n                    t.src=v;s=b.getElementsByTagName(e)[0];\n                    s.parentNode.insertBefore(t,s)}(window, document,'script',\n                    'https:\/\/connect.facebook.net\/en_US\/fbevents.js');\n                window.paywallConfig.facebook_pixel=\"1000228364089342\"\n            <\/script><\/p>\n","protected":false},"excerpt":{"rendered":"<p>La incertidumbre internacional marca el pulso de los mercados en una jornada atravesada por la expectativa. Miguel Ponce, especialista en comercio exterior, lo resumi\u00f3 con claridad: \u201ces un d\u00eda muy particular, hay mucha volatilidad, \u00bfpor qu\u00e9? por las contradicciones y la incertidumbre de los mensajes\u201d. Seg\u00fan explic\u00f3, las bolsas reaccionan en funci\u00f3n de se\u00f1ales pol\u00edticas [&hellip;]<\/p>\n","protected":false},"author":2,"featured_media":193430,"comment_status":"closed","ping_status":"closed","sticky":false,"template":"","format":"standard","meta":{"footnotes":""},"categories":[25],"tags":[],"class_list":["post-193429","post","type-post","status-publish","format-standard","has-post-thumbnail","hentry","category-nacionales"],"yoast_head":"<!-- This site is optimized with the Yoast SEO plugin v24.4 - https:\/\/yoast.com\/wordpress\/plugins\/seo\/ -->\n<title>Miguel Ponce: \u201cEl deterioro de la imagen de Estados Unidos lo coloca en una situaci\u00f3n muy dif\u00edcil\u201d - GYS NOTICIAS |<\/title>\n<meta name=\"robots\" content=\"index, follow, max-snippet:-1, max-image-preview:large, max-video-preview:-1\" \/>\n<link rel=\"canonical\" href=\"https:\/\/gysfm.com.ar\/inicio\/miguel-ponce-el-deterioro-de-la-imagen-de-estados-unidos-lo-coloca-en-una-situacion-muy-dificil\/\" \/>\n<meta property=\"og:locale\" content=\"es_ES\" \/>\n<meta property=\"og:type\" content=\"article\" \/>\n<meta property=\"og:title\" content=\"Miguel Ponce: \u201cEl deterioro de la imagen de Estados Unidos lo coloca en una situaci\u00f3n muy dif\u00edcil\u201d - GYS NOTICIAS |\" \/>\n<meta property=\"og:description\" content=\"La incertidumbre internacional marca el pulso de los mercados en una jornada atravesada por la expectativa. Miguel Ponce, especialista en comercio exterior, lo resumi\u00f3 con claridad: \u201ces un d\u00eda muy particular, hay mucha volatilidad, \u00bfpor qu\u00e9? por las contradicciones y la incertidumbre de los mensajes\u201d. Seg\u00fan explic\u00f3, las bolsas reaccionan en funci\u00f3n de se\u00f1ales pol\u00edticas [&hellip;]\" \/>\n<meta property=\"og:url\" content=\"https:\/\/gysfm.com.ar\/inicio\/miguel-ponce-el-deterioro-de-la-imagen-de-estados-unidos-lo-coloca-en-una-situacion-muy-dificil\/\" \/>\n<meta property=\"og:site_name\" content=\"GYS NOTICIAS |\" \/>\n<meta property=\"article:published_time\" content=\"2026-04-28T09:11:36+00:00\" \/>\n<meta name=\"author\" content=\"Prensa G&amp;S FM\" \/>\n<meta name=\"twitter:card\" content=\"summary_large_image\" \/>\n<meta name=\"twitter:label1\" content=\"Escrito por\" \/>\n\t<meta name=\"twitter:data1\" content=\"Prensa G&amp;S FM\" \/>\n\t<meta name=\"twitter:label2\" content=\"Tiempo de lectura\" \/>\n\t<meta name=\"twitter:data2\" content=\"2 minutos\" \/>\n<script type=\"application\/ld+json\" class=\"yoast-schema-graph\">{\"@context\":\"https:\/\/schema.org\",\"@graph\":[{\"@type\":\"Article\",\"@id\":\"https:\/\/gysfm.com.ar\/inicio\/miguel-ponce-el-deterioro-de-la-imagen-de-estados-unidos-lo-coloca-en-una-situacion-muy-dificil\/#article\",\"isPartOf\":{\"@id\":\"https:\/\/gysfm.com.ar\/inicio\/miguel-ponce-el-deterioro-de-la-imagen-de-estados-unidos-lo-coloca-en-una-situacion-muy-dificil\/\"},\"author\":{\"name\":\"Prensa G&amp;S FM\",\"@id\":\"https:\/\/gysfm.com.ar\/inicio\/#\/schema\/person\/3abba7593ef2ad19e1be221d54383dc5\"},\"headline\":\"Miguel Ponce: \u201cEl deterioro de la imagen de Estados Unidos lo coloca en una situaci\u00f3n muy dif\u00edcil\u201d\",\"datePublished\":\"2026-04-28T09:11:36+00:00\",\"mainEntityOfPage\":{\"@id\":\"https:\/\/gysfm.com.ar\/inicio\/miguel-ponce-el-deterioro-de-la-imagen-de-estados-unidos-lo-coloca-en-una-situacion-muy-dificil\/\"},\"wordCount\":474,\"publisher\":{\"@id\":\"https:\/\/gysfm.com.ar\/inicio\/#organization\"},\"image\":{\"@id\":\"https:\/\/gysfm.com.ar\/inicio\/miguel-ponce-el-deterioro-de-la-imagen-de-estados-unidos-lo-coloca-en-una-situacion-muy-dificil\/#primaryimage\"},\"thumbnailUrl\":\"https:\/\/gysfm.com.ar\/inicio\/wp-content\/uploads\/2026\/04\/miguel-ponce-2228792.jpg\",\"articleSection\":[\"NACIONALES\"],\"inLanguage\":\"es\"},{\"@type\":\"WebPage\",\"@id\":\"https:\/\/gysfm.com.ar\/inicio\/miguel-ponce-el-deterioro-de-la-imagen-de-estados-unidos-lo-coloca-en-una-situacion-muy-dificil\/\",\"url\":\"https:\/\/gysfm.com.ar\/inicio\/miguel-ponce-el-deterioro-de-la-imagen-de-estados-unidos-lo-coloca-en-una-situacion-muy-dificil\/\",\"name\":\"Miguel Ponce: \u201cEl deterioro de la imagen de Estados Unidos lo coloca en una situaci\u00f3n muy dif\u00edcil\u201d - GYS NOTICIAS |\",\"isPartOf\":{\"@id\":\"https:\/\/gysfm.com.ar\/inicio\/#website\"},\"primaryImageOfPage\":{\"@id\":\"https:\/\/gysfm.com.ar\/inicio\/miguel-ponce-el-deterioro-de-la-imagen-de-estados-unidos-lo-coloca-en-una-situacion-muy-dificil\/#primaryimage\"},\"image\":{\"@id\":\"https:\/\/gysfm.com.ar\/inicio\/miguel-ponce-el-deterioro-de-la-imagen-de-estados-unidos-lo-coloca-en-una-situacion-muy-dificil\/#primaryimage\"},\"thumbnailUrl\":\"https:\/\/gysfm.com.ar\/inicio\/wp-content\/uploads\/2026\/04\/miguel-ponce-2228792.jpg\",\"datePublished\":\"2026-04-28T09:11:36+00:00\",\"breadcrumb\":{\"@id\":\"https:\/\/gysfm.com.ar\/inicio\/miguel-ponce-el-deterioro-de-la-imagen-de-estados-unidos-lo-coloca-en-una-situacion-muy-dificil\/#breadcrumb\"},\"inLanguage\":\"es\",\"potentialAction\":[{\"@type\":\"ReadAction\",\"target\":[\"https:\/\/gysfm.com.ar\/inicio\/miguel-ponce-el-deterioro-de-la-imagen-de-estados-unidos-lo-coloca-en-una-situacion-muy-dificil\/\"]}]},{\"@type\":\"ImageObject\",\"inLanguage\":\"es\",\"@id\":\"https:\/\/gysfm.com.ar\/inicio\/miguel-ponce-el-deterioro-de-la-imagen-de-estados-unidos-lo-coloca-en-una-situacion-muy-dificil\/#primaryimage\",\"url\":\"https:\/\/gysfm.com.ar\/inicio\/wp-content\/uploads\/2026\/04\/miguel-ponce-2228792.jpg\",\"contentUrl\":\"https:\/\/gysfm.com.ar\/inicio\/wp-content\/uploads\/2026\/04\/miguel-ponce-2228792.jpg\",\"width\":1140,\"height\":641},{\"@type\":\"BreadcrumbList\",\"@id\":\"https:\/\/gysfm.com.ar\/inicio\/miguel-ponce-el-deterioro-de-la-imagen-de-estados-unidos-lo-coloca-en-una-situacion-muy-dificil\/#breadcrumb\",\"itemListElement\":[{\"@type\":\"ListItem\",\"position\":1,\"name\":\"Portada\",\"item\":\"https:\/\/gysfm.com.ar\/inicio\/\"},{\"@type\":\"ListItem\",\"position\":2,\"name\":\"Miguel Ponce: \u201cEl deterioro de la imagen de Estados Unidos lo coloca en una situaci\u00f3n muy dif\u00edcil\u201d\"}]},{\"@type\":\"WebSite\",\"@id\":\"https:\/\/gysfm.com.ar\/inicio\/#website\",\"url\":\"https:\/\/gysfm.com.ar\/inicio\/\",\"name\":\"GYS NOTICIAS |\",\"description\":\"DIARIO - RADIO ONLINE SAN JUAN ARGENTINA\",\"publisher\":{\"@id\":\"https:\/\/gysfm.com.ar\/inicio\/#organization\"},\"potentialAction\":[{\"@type\":\"SearchAction\",\"target\":{\"@type\":\"EntryPoint\",\"urlTemplate\":\"https:\/\/gysfm.com.ar\/inicio\/?s={search_term_string}\"},\"query-input\":{\"@type\":\"PropertyValueSpecification\",\"valueRequired\":true,\"valueName\":\"search_term_string\"}}],\"inLanguage\":\"es\"},{\"@type\":\"Organization\",\"@id\":\"https:\/\/gysfm.com.ar\/inicio\/#organization\",\"name\":\"GYS NOTICIAS |\",\"url\":\"https:\/\/gysfm.com.ar\/inicio\/\",\"logo\":{\"@type\":\"ImageObject\",\"inLanguage\":\"es\",\"@id\":\"https:\/\/gysfm.com.ar\/inicio\/#\/schema\/logo\/image\/\",\"url\":\"https:\/\/gysfm.com.ar\/inicio\/wp-content\/uploads\/2023\/07\/LOGOGYS-OK.png\",\"contentUrl\":\"https:\/\/gysfm.com.ar\/inicio\/wp-content\/uploads\/2023\/07\/LOGOGYS-OK.png\",\"width\":1170,\"height\":872,\"caption\":\"GYS NOTICIAS |\"},\"image\":{\"@id\":\"https:\/\/gysfm.com.ar\/inicio\/#\/schema\/logo\/image\/\"}},{\"@type\":\"Person\",\"@id\":\"https:\/\/gysfm.com.ar\/inicio\/#\/schema\/person\/3abba7593ef2ad19e1be221d54383dc5\",\"name\":\"Prensa G&amp;S FM\",\"image\":{\"@type\":\"ImageObject\",\"inLanguage\":\"es\",\"@id\":\"https:\/\/gysfm.com.ar\/inicio\/#\/schema\/person\/image\/\",\"url\":\"https:\/\/secure.gravatar.com\/avatar\/096ec78df02049ab018702bb4ccedf659377fa92a26540b5247612077a0dbd29?s=96&d=mm&r=g\",\"contentUrl\":\"https:\/\/secure.gravatar.com\/avatar\/096ec78df02049ab018702bb4ccedf659377fa92a26540b5247612077a0dbd29?s=96&d=mm&r=g\",\"caption\":\"Prensa G&amp;S FM\"},\"sameAs\":[\"https:\/\/gysfm.com.ar\/\"],\"url\":\"https:\/\/gysfm.com.ar\/inicio\/author\/lucasm\/\"}]}<\/script>\n<!-- \/ Yoast SEO plugin. -->","yoast_head_json":{"title":"Miguel Ponce: \u201cEl deterioro de la imagen de Estados Unidos lo coloca en una situaci\u00f3n muy dif\u00edcil\u201d - GYS NOTICIAS |","robots":{"index":"index","follow":"follow","max-snippet":"max-snippet:-1","max-image-preview":"max-image-preview:large","max-video-preview":"max-video-preview:-1"},"canonical":"https:\/\/gysfm.com.ar\/inicio\/miguel-ponce-el-deterioro-de-la-imagen-de-estados-unidos-lo-coloca-en-una-situacion-muy-dificil\/","og_locale":"es_ES","og_type":"article","og_title":"Miguel Ponce: \u201cEl deterioro de la imagen de Estados Unidos lo coloca en una situaci\u00f3n muy dif\u00edcil\u201d - GYS NOTICIAS |","og_description":"La incertidumbre internacional marca el pulso de los mercados en una jornada atravesada por la expectativa. Miguel Ponce, especialista en comercio exterior, lo resumi\u00f3 con claridad: \u201ces un d\u00eda muy particular, hay mucha volatilidad, \u00bfpor qu\u00e9? por las contradicciones y la incertidumbre de los mensajes\u201d. Seg\u00fan explic\u00f3, las bolsas reaccionan en funci\u00f3n de se\u00f1ales pol\u00edticas [&hellip;]","og_url":"https:\/\/gysfm.com.ar\/inicio\/miguel-ponce-el-deterioro-de-la-imagen-de-estados-unidos-lo-coloca-en-una-situacion-muy-dificil\/","og_site_name":"GYS NOTICIAS |","article_published_time":"2026-04-28T09:11:36+00:00","author":"Prensa G&amp;S FM","twitter_card":"summary_large_image","twitter_misc":{"Escrito por":"Prensa G&amp;S FM","Tiempo de lectura":"2 minutos"},"schema":{"@context":"https:\/\/schema.org","@graph":[{"@type":"Article","@id":"https:\/\/gysfm.com.ar\/inicio\/miguel-ponce-el-deterioro-de-la-imagen-de-estados-unidos-lo-coloca-en-una-situacion-muy-dificil\/#article","isPartOf":{"@id":"https:\/\/gysfm.com.ar\/inicio\/miguel-ponce-el-deterioro-de-la-imagen-de-estados-unidos-lo-coloca-en-una-situacion-muy-dificil\/"},"author":{"name":"Prensa G&amp;S FM","@id":"https:\/\/gysfm.com.ar\/inicio\/#\/schema\/person\/3abba7593ef2ad19e1be221d54383dc5"},"headline":"Miguel Ponce: \u201cEl deterioro de la imagen de Estados Unidos lo coloca en una situaci\u00f3n muy dif\u00edcil\u201d","datePublished":"2026-04-28T09:11:36+00:00","mainEntityOfPage":{"@id":"https:\/\/gysfm.com.ar\/inicio\/miguel-ponce-el-deterioro-de-la-imagen-de-estados-unidos-lo-coloca-en-una-situacion-muy-dificil\/"},"wordCount":474,"publisher":{"@id":"https:\/\/gysfm.com.ar\/inicio\/#organization"},"image":{"@id":"https:\/\/gysfm.com.ar\/inicio\/miguel-ponce-el-deterioro-de-la-imagen-de-estados-unidos-lo-coloca-en-una-situacion-muy-dificil\/#primaryimage"},"thumbnailUrl":"https:\/\/gysfm.com.ar\/inicio\/wp-content\/uploads\/2026\/04\/miguel-ponce-2228792.jpg","articleSection":["NACIONALES"],"inLanguage":"es"},{"@type":"WebPage","@id":"https:\/\/gysfm.com.ar\/inicio\/miguel-ponce-el-deterioro-de-la-imagen-de-estados-unidos-lo-coloca-en-una-situacion-muy-dificil\/","url":"https:\/\/gysfm.com.ar\/inicio\/miguel-ponce-el-deterioro-de-la-imagen-de-estados-unidos-lo-coloca-en-una-situacion-muy-dificil\/","name":"Miguel Ponce: \u201cEl deterioro de la imagen de Estados Unidos lo coloca en una situaci\u00f3n muy dif\u00edcil\u201d - GYS NOTICIAS |","isPartOf":{"@id":"https:\/\/gysfm.com.ar\/inicio\/#website"},"primaryImageOfPage":{"@id":"https:\/\/gysfm.com.ar\/inicio\/miguel-ponce-el-deterioro-de-la-imagen-de-estados-unidos-lo-coloca-en-una-situacion-muy-dificil\/#primaryimage"},"image":{"@id":"https:\/\/gysfm.com.ar\/inicio\/miguel-ponce-el-deterioro-de-la-imagen-de-estados-unidos-lo-coloca-en-una-situacion-muy-dificil\/#primaryimage"},"thumbnailUrl":"https:\/\/gysfm.com.ar\/inicio\/wp-content\/uploads\/2026\/04\/miguel-ponce-2228792.jpg","datePublished":"2026-04-28T09:11:36+00:00","breadcrumb":{"@id":"https:\/\/gysfm.com.ar\/inicio\/miguel-ponce-el-deterioro-de-la-imagen-de-estados-unidos-lo-coloca-en-una-situacion-muy-dificil\/#breadcrumb"},"inLanguage":"es","potentialAction":[{"@type":"ReadAction","target":["https:\/\/gysfm.com.ar\/inicio\/miguel-ponce-el-deterioro-de-la-imagen-de-estados-unidos-lo-coloca-en-una-situacion-muy-dificil\/"]}]},{"@type":"ImageObject","inLanguage":"es","@id":"https:\/\/gysfm.com.ar\/inicio\/miguel-ponce-el-deterioro-de-la-imagen-de-estados-unidos-lo-coloca-en-una-situacion-muy-dificil\/#primaryimage","url":"https:\/\/gysfm.com.ar\/inicio\/wp-content\/uploads\/2026\/04\/miguel-ponce-2228792.jpg","contentUrl":"https:\/\/gysfm.com.ar\/inicio\/wp-content\/uploads\/2026\/04\/miguel-ponce-2228792.jpg","width":1140,"height":641},{"@type":"BreadcrumbList","@id":"https:\/\/gysfm.com.ar\/inicio\/miguel-ponce-el-deterioro-de-la-imagen-de-estados-unidos-lo-coloca-en-una-situacion-muy-dificil\/#breadcrumb","itemListElement":[{"@type":"ListItem","position":1,"name":"Portada","item":"https:\/\/gysfm.com.ar\/inicio\/"},{"@type":"ListItem","position":2,"name":"Miguel Ponce: \u201cEl deterioro de la imagen de Estados Unidos lo coloca en una situaci\u00f3n muy dif\u00edcil\u201d"}]},{"@type":"WebSite","@id":"https:\/\/gysfm.com.ar\/inicio\/#website","url":"https:\/\/gysfm.com.ar\/inicio\/","name":"GYS NOTICIAS |","description":"DIARIO - RADIO ONLINE SAN JUAN ARGENTINA","publisher":{"@id":"https:\/\/gysfm.com.ar\/inicio\/#organization"},"potentialAction":[{"@type":"SearchAction","target":{"@type":"EntryPoint","urlTemplate":"https:\/\/gysfm.com.ar\/inicio\/?s={search_term_string}"},"query-input":{"@type":"PropertyValueSpecification","valueRequired":true,"valueName":"search_term_string"}}],"inLanguage":"es"},{"@type":"Organization","@id":"https:\/\/gysfm.com.ar\/inicio\/#organization","name":"GYS NOTICIAS |","url":"https:\/\/gysfm.com.ar\/inicio\/","logo":{"@type":"ImageObject","inLanguage":"es","@id":"https:\/\/gysfm.com.ar\/inicio\/#\/schema\/logo\/image\/","url":"https:\/\/gysfm.com.ar\/inicio\/wp-content\/uploads\/2023\/07\/LOGOGYS-OK.png","contentUrl":"https:\/\/gysfm.com.ar\/inicio\/wp-content\/uploads\/2023\/07\/LOGOGYS-OK.png","width":1170,"height":872,"caption":"GYS NOTICIAS |"},"image":{"@id":"https:\/\/gysfm.com.ar\/inicio\/#\/schema\/logo\/image\/"}},{"@type":"Person","@id":"https:\/\/gysfm.com.ar\/inicio\/#\/schema\/person\/3abba7593ef2ad19e1be221d54383dc5","name":"Prensa G&amp;S FM","image":{"@type":"ImageObject","inLanguage":"es","@id":"https:\/\/gysfm.com.ar\/inicio\/#\/schema\/person\/image\/","url":"https:\/\/secure.gravatar.com\/avatar\/096ec78df02049ab018702bb4ccedf659377fa92a26540b5247612077a0dbd29?s=96&d=mm&r=g","contentUrl":"https:\/\/secure.gravatar.com\/avatar\/096ec78df02049ab018702bb4ccedf659377fa92a26540b5247612077a0dbd29?s=96&d=mm&r=g","caption":"Prensa G&amp;S FM"},"sameAs":["https:\/\/gysfm.com.ar\/"],"url":"https:\/\/gysfm.com.ar\/inicio\/author\/lucasm\/"}]}},"_links":{"self":[{"href":"https:\/\/gysfm.com.ar\/inicio\/wp-json\/wp\/v2\/posts\/193429","targetHints":{"allow":["GET"]}}],"collection":[{"href":"https:\/\/gysfm.com.ar\/inicio\/wp-json\/wp\/v2\/posts"}],"about":[{"href":"https:\/\/gysfm.com.ar\/inicio\/wp-json\/wp\/v2\/types\/post"}],"author":[{"embeddable":true,"href":"https:\/\/gysfm.com.ar\/inicio\/wp-json\/wp\/v2\/users\/2"}],"replies":[{"embeddable":true,"href":"https:\/\/gysfm.com.ar\/inicio\/wp-json\/wp\/v2\/comments?post=193429"}],"version-history":[{"count":0,"href":"https:\/\/gysfm.com.ar\/inicio\/wp-json\/wp\/v2\/posts\/193429\/revisions"}],"wp:featuredmedia":[{"embeddable":true,"href":"https:\/\/gysfm.com.ar\/inicio\/wp-json\/wp\/v2\/media\/193430"}],"wp:attachment":[{"href":"https:\/\/gysfm.com.ar\/inicio\/wp-json\/wp\/v2\/media?parent=193429"}],"wp:term":[{"taxonomy":"category","embeddable":true,"href":"https:\/\/gysfm.com.ar\/inicio\/wp-json\/wp\/v2\/categories?post=193429"},{"taxonomy":"post_tag","embeddable":true,"href":"https:\/\/gysfm.com.ar\/inicio\/wp-json\/wp\/v2\/tags?post=193429"}],"curies":[{"name":"wp","href":"https:\/\/api.w.org\/{rel}","templated":true}]}}