{"id":193428,"date":"2026-04-28T06:04:16","date_gmt":"2026-04-28T09:04:16","guid":{"rendered":"https:\/\/gysfm.com.ar\/inicio\/el-precio-de-exportacion-de-la-carne-alcanzo-en-el-primer-trimestre-un-record-historico\/"},"modified":"2026-04-28T06:04:16","modified_gmt":"2026-04-28T09:04:16","slug":"el-precio-de-exportacion-de-la-carne-alcanzo-en-el-primer-trimestre-un-record-historico","status":"publish","type":"post","link":"https:\/\/gysfm.com.ar\/inicio\/el-precio-de-exportacion-de-la-carne-alcanzo-en-el-primer-trimestre-un-record-historico\/","title":{"rendered":"El precio de exportaci\u00f3n de la carne alcanz\u00f3 en el primer trimestre un r\u00e9cord hist\u00f3rico"},"content":{"rendered":"<p> <br \/>\n<\/p>\n<div id=\"\">\n<p id=\"p-1777319212160-60001\"><strong>El precio de exportaci\u00f3n de la carne alcanz\u00f3 en el primer trimestre de 2026 un r\u00e9cord hist\u00f3rico<\/strong>, a la par de un recalentamiento en los precios internos. Desde el sector se\u00f1alan que se debi\u00f3 fundamentalmente a problemas clim\u00e1ticos que redujeron la oferta.<\/p>\n<\/div>\n<div id=\"\">\n<p id=\"p-1777319517188-4342\">Este lunes el <strong>INDEC<\/strong> public\u00f3 los <strong>\u00edndices de precios y cantidades del comercio exterior<\/strong>. El mismo reflej\u00f3 que, entre enero y marzo de este a\u00f1o, los precios de los productos que Argentina vende al exterior tocaron un m\u00e1ximo desde el segundo trimestre de 2023.<\/p>\n<\/div>\n<div id=\"\">\n<p id=\"p-1777320333077-34277\">Sin embargo, <strong>en el caso de la \u00abcarne y sus preparados\u00bb, el \u00edndice fue el m\u00e1s elevado desde 1986<\/strong>, cuando comenzaron los registros. Ante la consulta de \u00c1mbito sobre este salto, el presidente de la C\u00e1mara de la Industria y Comercio de Carnes y derivados de la Rep\u00fablica Argentina (CICCRA), <strong>Miguel Schiariti<\/strong>, <strong>consider\u00f3 como el factor m\u00e1s determinante a los problemas clim\u00e1ticos en EEUU, en Argentina, en Brasil<\/strong> y varios pa\u00edses del mundo, que disminuyeron la oferta de manera considerable y presionaron al alza los precios internacionales.<\/p>\n<\/div>\n<div id=\"\">\n<p id=\"p-1777330114954-94151\"> Seg\u00fan datos del Banco Mundial, el precio internacional del beef escal\u00f3 24,1% entre mayo de 2025 y marzo de este a\u00f1o, desde los u$s6,62 por kg hasta los u$s8,21 por kg (equivalente a unos $11.460). Asimismo,<strong> INDEC report\u00f3 para los primeros tres meses del a\u00f1o un precio promedio de u$s12.710 por tonelada de carne refrigerada exportada, es decir unos u$s12,7 ($17.730) por kg. Esto \u00faltimo equivali\u00f3 a un avance interanual del 33,7%.<\/strong><\/p>\n<h2 id=\"p-1777333922121-16460\">Precio internacional r\u00e9cord de la carne, \u00bfy traslado al IPC?<\/h2>\n<p id=\"p-1777329414381-52467\">Vale recordar que<strong> los aumentos dom\u00e9sticos en carnes explicaron buena parte de la aceleraci\u00f3n de la inflaci\u00f3n<\/strong> en el inicio de 2026. Al respecto, el director de an\u00e1lisis macroecon\u00f3mico de la consultora Equilibra, <strong>Lorenzo Sigaut Gravina<\/strong>, marc\u00f3 hace aproximadamente un mes que \u00abel principal driver de la escalada del precio fue la<strong> suba en el mercado mayorista <\/strong>de la hacienda vacuna, <strong>que a su vez coincidi\u00f3 con la fuerte mejora del valor global <\/strong>del beef\u00bb. \u00abPerspectivas de apertura de mercados de exportaci\u00f3n y el ciclo ganadero local explicaron el resto de la escalada\u00bb, profundiz\u00f3 en su momento.<\/p>\n<div contenteditable=\"false\" class=\"embed_cont type_imagen\" id=\"8217054-Libre-1258314761_wrap\">\n<p>image <span onclick=\"parent.parent.TinyMCETdcuerpo.preview_embed('8217054-Libre-1258314761')\" class=\"embed_colapse less\" id=\"8217054-Libre-1258314761_colapse\"\/>  <span onclick=\"parent.parent.TinyMCETdcuerpo.delete_embed('8217054-Libre-1258314761')\" class=\"embed_delete less\" id=\"8217054-Libre-1258314761_delete\"\/><\/p>\n<div id=\"8217054-Libre-1258314761_content\" class=\"embed_content\"><img decoding=\"async\" src=\"https:\/\/media.ambito.com\/p\/dad6612ebde34e85e490c21d140e44a6\/adjuntos\/239\/imagenes\/043\/332\/0043332072\/730x0\/smart\/image.png\" alt=\"\" title=\"\" width=\"730\" height=\"undefined\" id=\"8217054-Libre-1258314761_embed\"\/><\/div><\/div>\n<p id=\"p-1777329808680-91550\">En conversaciones con \u00c1mbito, Sigaut Gravina acot\u00f3 que \u00ab<strong>se abrieron mercados como el de EEUU<\/strong>, donde antes pod\u00eda entrar sin arancel una cuota muy peque\u00f1a, o, en menor medida, el de China\u00bb.<\/p>\n<p id=\"p-1777333487122-9851\">Otras fuentes del sector de la carne sostuvieron a este medio que las exportaciones no compiten en precio con el mercado interno, dado que las primeras representan apenas un 20%\/25% de la producci\u00f3n total. En ese sentido, se\u00f1alaron que a nivel interno la tensi\u00f3n proviene de una menor cantidad de animales y una menor oferta por <strong>cuestiones estructurales de la ganader\u00eda.<\/strong><\/p>\n<h2 id=\"p-1777331333860-53978\">La mejora en el super\u00e1vit comercial en el inicio de 2026 fue explicada por el efecto cantidad<\/h2>\n<p id=\"p-1777320564920-45433\">El informe difundido por INDEC en esta jornada tambi\u00e9n reflej\u00f3 <strong>aumentos significativos en los precios de \u00absemillas y frutos oleaginosos\u00bb (que incluye soja) y \u00abmetales comunes y sus manufacturas\u00bb<\/strong>, que anotaron m\u00e1ximos desde el primer trimestre de 2023 y el \u00faltimo trimestre de 2022, respectivamente.<\/p>\n<p id=\"p-1777320764350-34958\">En t\u00e9rminos agregados, el precio de las ventas a otros pa\u00edses creci\u00f3 3,6% entre el primer trimestre de 2025 y el mismo per\u00edodo de 2026. Debido a que el de las importaciones lo hizo casi en la misma proporci\u00f3n (+3,7%), los datos oficiales reflejaron que <strong>los t\u00e9rminos de intercambio se mantuvieron estables. <\/strong><\/p>\n<p id=\"p-1777331024854-32067\">De este modo, <strong>la mejora anual en el super\u00e1vit comercial (+u$s4.447 millones) fue explicada por el efecto cantidad.<\/strong><\/p>\n<p id=\"p-1777321062765-83048\"><strong> En el caso de las ventas, las cantidades treparon 12,8%<\/strong>, traccionadas en su mayor parte por los env\u00edos de productos primarios (+39%). El informe oficial adjudic\u00f3 esta variaci\u00f3n principalmente a cereales, oleaginosas y pescados. En paralelo, tambi\u00e9n resalt\u00f3 el incremento en las cantidades exportadas de petr\u00f3leo.<\/p>\n<p id=\"p-1777327384717-23442\">Por el contrario, <strong>las cantidades importadas se hundieron 10,6%<\/strong> interanual. Aqu\u00ed la principal influencia en el retroceso anual provino de la contracci\u00f3n en <strong>bienes de capital<\/strong> (y sus partes).<\/p>\n<div contenteditable=\"false\" class=\"embed_cont type_imagen\" id=\"8217041-Libre-626070627_wrap\" style=\"opacity:1;height:auto;\">\n<p>image <span onclick=\"parent.parent.TinyMCETdcuerpo.preview_embed('8217041-Libre-626070627')\" class=\"embed_colapse less\" id=\"8217041-Libre-626070627_colapse\"\/>  <span onclick=\"parent.parent.TinyMCETdcuerpo.delete_embed('8217041-Libre-626070627')\" class=\"embed_delete less\" id=\"8217041-Libre-626070627_delete\"\/><\/p>\n<div id=\"8217041-Libre-626070627_content\" class=\"embed_content\"><img decoding=\"async\" src=\"https:\/\/media.ambito.com\/p\/4149d7d74faaad795ea9129501d47cc0\/adjuntos\/239\/imagenes\/043\/332\/0043332040\/730x0\/smart\/image.png\" alt=\"\" title=\"\" width=\"730\" height=\"undefined\" id=\"8217041-Libre-626070627_embed\"\/><\/div><\/div>\n<p id=\"p-1777328381700-9251\">Por su parte, las compras de <strong>bienes intermedios tocaron m\u00ednimos desde el segundo trimestre de 2024<\/strong>, cuando la econom\u00eda atravesaba una profunda recesi\u00f3n tras la brusca devaluaci\u00f3n a inicios del gobierno de Javier Milei. Respecto de los primeros tres meses de 2025, se vieron ca\u00eddas relevantes en metales comunes y sus manufacturas, productos de caucho y pl\u00e1stico, y textiles.<\/p>\n<p id=\"p-1777333967235-22198\">Este escenario muestra que <strong>la balanza comercial comenz\u00f3 2026 m\u00e1s holgada por \u00abbuenos\u00bb y \u00abmalos\u00bb motivos<\/strong>. Entre los primeros resalta la buena performance de las exportaciones, no solo por la mejora de precios (alimentada por la guerra en Medio Oriente) sino tambi\u00e9n por el alza en cantidades. Del otro lado aparece una actividad econ\u00f3mica deprimida en los sectores que m\u00e1s demandan insumos importados, como la industria manufacturera.<\/p>\n<\/p><\/div>\n<p><script>\n!function(f,b,e,v,n,t,s)\n{if(f.fbq)return;n=f.fbq=function(){n.callMethod?\nn.callMethod.apply(n,arguments):n.queue.push(arguments)};\nif(!f._fbq)f._fbq=n;n.push=n;n.loaded=!0;n.version='2.0';\nn.queue=[];t=b.createElement(e);t.async=!0;\nt.src=v;s=b.getElementsByTagName(e)[0];\ns.parentNode.insertBefore(t,s)}(window,document,'script',\n'https:\/\/connect.facebook.net\/en_US\/fbevents.js');\nfbq('init', '2047048335588113');\nfbq('track', 'PageView');\n<\/script><br \/>\n<br \/><\/p>\n","protected":false},"excerpt":{"rendered":"<p>El precio de exportaci\u00f3n de la carne alcanz\u00f3 en el primer trimestre de 2026 un r\u00e9cord hist\u00f3rico, a la par de un recalentamiento en los precios internos. Desde el sector se\u00f1alan que se debi\u00f3 fundamentalmente a problemas clim\u00e1ticos que redujeron la oferta. Este lunes el INDEC public\u00f3 los \u00edndices de precios y cantidades del comercio [&hellip;]<\/p>\n","protected":false},"author":1,"featured_media":119111,"comment_status":"closed","ping_status":"closed","sticky":false,"template":"","format":"standard","meta":{"footnotes":""},"categories":[28],"tags":[],"class_list":["post-193428","post","type-post","status-publish","format-standard","has-post-thumbnail","hentry","category-economia"],"yoast_head":"<!-- This site is optimized with the Yoast SEO plugin v24.4 - https:\/\/yoast.com\/wordpress\/plugins\/seo\/ -->\n<title>El precio de exportaci\u00f3n de la carne alcanz\u00f3 en el primer trimestre un r\u00e9cord hist\u00f3rico - GYS NOTICIAS |<\/title>\n<meta name=\"robots\" content=\"index, follow, max-snippet:-1, max-image-preview:large, max-video-preview:-1\" \/>\n<link rel=\"canonical\" href=\"https:\/\/gysfm.com.ar\/inicio\/el-precio-de-exportacion-de-la-carne-alcanzo-en-el-primer-trimestre-un-record-historico\/\" \/>\n<meta property=\"og:locale\" content=\"es_ES\" \/>\n<meta property=\"og:type\" content=\"article\" \/>\n<meta property=\"og:title\" content=\"El precio de exportaci\u00f3n de la carne alcanz\u00f3 en el primer trimestre un r\u00e9cord hist\u00f3rico - GYS NOTICIAS |\" \/>\n<meta property=\"og:description\" content=\"El precio de exportaci\u00f3n de la carne alcanz\u00f3 en el primer trimestre de 2026 un r\u00e9cord hist\u00f3rico, a la par de un recalentamiento en los precios internos. Desde el sector se\u00f1alan que se debi\u00f3 fundamentalmente a problemas clim\u00e1ticos que redujeron la oferta. Este lunes el INDEC public\u00f3 los \u00edndices de precios y cantidades del comercio [&hellip;]\" \/>\n<meta property=\"og:url\" content=\"https:\/\/gysfm.com.ar\/inicio\/el-precio-de-exportacion-de-la-carne-alcanzo-en-el-primer-trimestre-un-record-historico\/\" \/>\n<meta property=\"og:site_name\" content=\"GYS NOTICIAS |\" \/>\n<meta property=\"article:published_time\" content=\"2026-04-28T09:04:16+00:00\" \/>\n<meta property=\"og:image\" content=\"https:\/\/media.ambito.com\/p\/dad6612ebde34e85e490c21d140e44a6\/adjuntos\/239\/imagenes\/043\/332\/0043332072\/730x0\/smart\/image.png\" \/>\n<meta name=\"author\" content=\"admin\" \/>\n<meta name=\"twitter:card\" content=\"summary_large_image\" \/>\n<meta name=\"twitter:label1\" content=\"Escrito por\" \/>\n\t<meta name=\"twitter:data1\" content=\"admin\" \/>\n\t<meta name=\"twitter:label2\" content=\"Tiempo de lectura\" \/>\n\t<meta name=\"twitter:data2\" content=\"4 minutos\" \/>\n<script type=\"application\/ld+json\" class=\"yoast-schema-graph\">{\"@context\":\"https:\/\/schema.org\",\"@graph\":[{\"@type\":\"Article\",\"@id\":\"https:\/\/gysfm.com.ar\/inicio\/el-precio-de-exportacion-de-la-carne-alcanzo-en-el-primer-trimestre-un-record-historico\/#article\",\"isPartOf\":{\"@id\":\"https:\/\/gysfm.com.ar\/inicio\/el-precio-de-exportacion-de-la-carne-alcanzo-en-el-primer-trimestre-un-record-historico\/\"},\"author\":{\"name\":\"admin\",\"@id\":\"https:\/\/gysfm.com.ar\/inicio\/#\/schema\/person\/5bedd7ecd35cc35548d89effafa23696\"},\"headline\":\"El precio de exportaci\u00f3n de la carne alcanz\u00f3 en el primer trimestre un r\u00e9cord hist\u00f3rico\",\"datePublished\":\"2026-04-28T09:04:16+00:00\",\"mainEntityOfPage\":{\"@id\":\"https:\/\/gysfm.com.ar\/inicio\/el-precio-de-exportacion-de-la-carne-alcanzo-en-el-primer-trimestre-un-record-historico\/\"},\"wordCount\":835,\"publisher\":{\"@id\":\"https:\/\/gysfm.com.ar\/inicio\/#organization\"},\"image\":{\"@id\":\"https:\/\/gysfm.com.ar\/inicio\/el-precio-de-exportacion-de-la-carne-alcanzo-en-el-primer-trimestre-un-record-historico\/#primaryimage\"},\"thumbnailUrl\":\"https:\/\/gysfm.com.ar\/inicio\/wp-content\/uploads\/2025\/05\/exportaciones-carnejpg.jpg\",\"articleSection\":[\"ECONOMIA\"],\"inLanguage\":\"es\"},{\"@type\":\"WebPage\",\"@id\":\"https:\/\/gysfm.com.ar\/inicio\/el-precio-de-exportacion-de-la-carne-alcanzo-en-el-primer-trimestre-un-record-historico\/\",\"url\":\"https:\/\/gysfm.com.ar\/inicio\/el-precio-de-exportacion-de-la-carne-alcanzo-en-el-primer-trimestre-un-record-historico\/\",\"name\":\"El precio de exportaci\u00f3n de la carne alcanz\u00f3 en el primer trimestre un r\u00e9cord hist\u00f3rico - GYS NOTICIAS |\",\"isPartOf\":{\"@id\":\"https:\/\/gysfm.com.ar\/inicio\/#website\"},\"primaryImageOfPage\":{\"@id\":\"https:\/\/gysfm.com.ar\/inicio\/el-precio-de-exportacion-de-la-carne-alcanzo-en-el-primer-trimestre-un-record-historico\/#primaryimage\"},\"image\":{\"@id\":\"https:\/\/gysfm.com.ar\/inicio\/el-precio-de-exportacion-de-la-carne-alcanzo-en-el-primer-trimestre-un-record-historico\/#primaryimage\"},\"thumbnailUrl\":\"https:\/\/gysfm.com.ar\/inicio\/wp-content\/uploads\/2025\/05\/exportaciones-carnejpg.jpg\",\"datePublished\":\"2026-04-28T09:04:16+00:00\",\"breadcrumb\":{\"@id\":\"https:\/\/gysfm.com.ar\/inicio\/el-precio-de-exportacion-de-la-carne-alcanzo-en-el-primer-trimestre-un-record-historico\/#breadcrumb\"},\"inLanguage\":\"es\",\"potentialAction\":[{\"@type\":\"ReadAction\",\"target\":[\"https:\/\/gysfm.com.ar\/inicio\/el-precio-de-exportacion-de-la-carne-alcanzo-en-el-primer-trimestre-un-record-historico\/\"]}]},{\"@type\":\"ImageObject\",\"inLanguage\":\"es\",\"@id\":\"https:\/\/gysfm.com.ar\/inicio\/el-precio-de-exportacion-de-la-carne-alcanzo-en-el-primer-trimestre-un-record-historico\/#primaryimage\",\"url\":\"https:\/\/gysfm.com.ar\/inicio\/wp-content\/uploads\/2025\/05\/exportaciones-carnejpg.jpg\",\"contentUrl\":\"https:\/\/gysfm.com.ar\/inicio\/wp-content\/uploads\/2025\/05\/exportaciones-carnejpg.jpg\",\"width\":1200,\"height\":675},{\"@type\":\"BreadcrumbList\",\"@id\":\"https:\/\/gysfm.com.ar\/inicio\/el-precio-de-exportacion-de-la-carne-alcanzo-en-el-primer-trimestre-un-record-historico\/#breadcrumb\",\"itemListElement\":[{\"@type\":\"ListItem\",\"position\":1,\"name\":\"Portada\",\"item\":\"https:\/\/gysfm.com.ar\/inicio\/\"},{\"@type\":\"ListItem\",\"position\":2,\"name\":\"El precio de exportaci\u00f3n de la carne alcanz\u00f3 en el primer trimestre un r\u00e9cord hist\u00f3rico\"}]},{\"@type\":\"WebSite\",\"@id\":\"https:\/\/gysfm.com.ar\/inicio\/#website\",\"url\":\"https:\/\/gysfm.com.ar\/inicio\/\",\"name\":\"GYS NOTICIAS |\",\"description\":\"DIARIO - RADIO ONLINE SAN JUAN ARGENTINA\",\"publisher\":{\"@id\":\"https:\/\/gysfm.com.ar\/inicio\/#organization\"},\"potentialAction\":[{\"@type\":\"SearchAction\",\"target\":{\"@type\":\"EntryPoint\",\"urlTemplate\":\"https:\/\/gysfm.com.ar\/inicio\/?s={search_term_string}\"},\"query-input\":{\"@type\":\"PropertyValueSpecification\",\"valueRequired\":true,\"valueName\":\"search_term_string\"}}],\"inLanguage\":\"es\"},{\"@type\":\"Organization\",\"@id\":\"https:\/\/gysfm.com.ar\/inicio\/#organization\",\"name\":\"GYS NOTICIAS |\",\"url\":\"https:\/\/gysfm.com.ar\/inicio\/\",\"logo\":{\"@type\":\"ImageObject\",\"inLanguage\":\"es\",\"@id\":\"https:\/\/gysfm.com.ar\/inicio\/#\/schema\/logo\/image\/\",\"url\":\"https:\/\/gysfm.com.ar\/inicio\/wp-content\/uploads\/2023\/07\/LOGOGYS-OK.png\",\"contentUrl\":\"https:\/\/gysfm.com.ar\/inicio\/wp-content\/uploads\/2023\/07\/LOGOGYS-OK.png\",\"width\":1170,\"height\":872,\"caption\":\"GYS NOTICIAS |\"},\"image\":{\"@id\":\"https:\/\/gysfm.com.ar\/inicio\/#\/schema\/logo\/image\/\"}},{\"@type\":\"Person\",\"@id\":\"https:\/\/gysfm.com.ar\/inicio\/#\/schema\/person\/5bedd7ecd35cc35548d89effafa23696\",\"name\":\"admin\",\"image\":{\"@type\":\"ImageObject\",\"inLanguage\":\"es\",\"@id\":\"https:\/\/gysfm.com.ar\/inicio\/#\/schema\/person\/image\/\",\"url\":\"https:\/\/secure.gravatar.com\/avatar\/c331d312b5243fb64d5ba28108a447b27c925295129a363082c9ea52c28d32c2?s=96&d=mm&r=g\",\"contentUrl\":\"https:\/\/secure.gravatar.com\/avatar\/c331d312b5243fb64d5ba28108a447b27c925295129a363082c9ea52c28d32c2?s=96&d=mm&r=g\",\"caption\":\"admin\"},\"sameAs\":[\"https:\/\/gysfm.com.ar\/inicio\"],\"url\":\"https:\/\/gysfm.com.ar\/inicio\/author\/admin\/\"}]}<\/script>\n<!-- \/ Yoast SEO plugin. -->","yoast_head_json":{"title":"El precio de exportaci\u00f3n de la carne alcanz\u00f3 en el primer trimestre un r\u00e9cord hist\u00f3rico - GYS NOTICIAS |","robots":{"index":"index","follow":"follow","max-snippet":"max-snippet:-1","max-image-preview":"max-image-preview:large","max-video-preview":"max-video-preview:-1"},"canonical":"https:\/\/gysfm.com.ar\/inicio\/el-precio-de-exportacion-de-la-carne-alcanzo-en-el-primer-trimestre-un-record-historico\/","og_locale":"es_ES","og_type":"article","og_title":"El precio de exportaci\u00f3n de la carne alcanz\u00f3 en el primer trimestre un r\u00e9cord hist\u00f3rico - GYS NOTICIAS |","og_description":"El precio de exportaci\u00f3n de la carne alcanz\u00f3 en el primer trimestre de 2026 un r\u00e9cord hist\u00f3rico, a la par de un recalentamiento en los precios internos. Desde el sector se\u00f1alan que se debi\u00f3 fundamentalmente a problemas clim\u00e1ticos que redujeron la oferta. Este lunes el INDEC public\u00f3 los \u00edndices de precios y cantidades del comercio [&hellip;]","og_url":"https:\/\/gysfm.com.ar\/inicio\/el-precio-de-exportacion-de-la-carne-alcanzo-en-el-primer-trimestre-un-record-historico\/","og_site_name":"GYS NOTICIAS |","article_published_time":"2026-04-28T09:04:16+00:00","og_image":[{"url":"https:\/\/media.ambito.com\/p\/dad6612ebde34e85e490c21d140e44a6\/adjuntos\/239\/imagenes\/043\/332\/0043332072\/730x0\/smart\/image.png","type":"","width":"","height":""}],"author":"admin","twitter_card":"summary_large_image","twitter_misc":{"Escrito por":"admin","Tiempo de lectura":"4 minutos"},"schema":{"@context":"https:\/\/schema.org","@graph":[{"@type":"Article","@id":"https:\/\/gysfm.com.ar\/inicio\/el-precio-de-exportacion-de-la-carne-alcanzo-en-el-primer-trimestre-un-record-historico\/#article","isPartOf":{"@id":"https:\/\/gysfm.com.ar\/inicio\/el-precio-de-exportacion-de-la-carne-alcanzo-en-el-primer-trimestre-un-record-historico\/"},"author":{"name":"admin","@id":"https:\/\/gysfm.com.ar\/inicio\/#\/schema\/person\/5bedd7ecd35cc35548d89effafa23696"},"headline":"El precio de exportaci\u00f3n de la carne alcanz\u00f3 en el primer trimestre un r\u00e9cord hist\u00f3rico","datePublished":"2026-04-28T09:04:16+00:00","mainEntityOfPage":{"@id":"https:\/\/gysfm.com.ar\/inicio\/el-precio-de-exportacion-de-la-carne-alcanzo-en-el-primer-trimestre-un-record-historico\/"},"wordCount":835,"publisher":{"@id":"https:\/\/gysfm.com.ar\/inicio\/#organization"},"image":{"@id":"https:\/\/gysfm.com.ar\/inicio\/el-precio-de-exportacion-de-la-carne-alcanzo-en-el-primer-trimestre-un-record-historico\/#primaryimage"},"thumbnailUrl":"https:\/\/gysfm.com.ar\/inicio\/wp-content\/uploads\/2025\/05\/exportaciones-carnejpg.jpg","articleSection":["ECONOMIA"],"inLanguage":"es"},{"@type":"WebPage","@id":"https:\/\/gysfm.com.ar\/inicio\/el-precio-de-exportacion-de-la-carne-alcanzo-en-el-primer-trimestre-un-record-historico\/","url":"https:\/\/gysfm.com.ar\/inicio\/el-precio-de-exportacion-de-la-carne-alcanzo-en-el-primer-trimestre-un-record-historico\/","name":"El precio de exportaci\u00f3n de la carne alcanz\u00f3 en el primer trimestre un r\u00e9cord hist\u00f3rico - GYS NOTICIAS |","isPartOf":{"@id":"https:\/\/gysfm.com.ar\/inicio\/#website"},"primaryImageOfPage":{"@id":"https:\/\/gysfm.com.ar\/inicio\/el-precio-de-exportacion-de-la-carne-alcanzo-en-el-primer-trimestre-un-record-historico\/#primaryimage"},"image":{"@id":"https:\/\/gysfm.com.ar\/inicio\/el-precio-de-exportacion-de-la-carne-alcanzo-en-el-primer-trimestre-un-record-historico\/#primaryimage"},"thumbnailUrl":"https:\/\/gysfm.com.ar\/inicio\/wp-content\/uploads\/2025\/05\/exportaciones-carnejpg.jpg","datePublished":"2026-04-28T09:04:16+00:00","breadcrumb":{"@id":"https:\/\/gysfm.com.ar\/inicio\/el-precio-de-exportacion-de-la-carne-alcanzo-en-el-primer-trimestre-un-record-historico\/#breadcrumb"},"inLanguage":"es","potentialAction":[{"@type":"ReadAction","target":["https:\/\/gysfm.com.ar\/inicio\/el-precio-de-exportacion-de-la-carne-alcanzo-en-el-primer-trimestre-un-record-historico\/"]}]},{"@type":"ImageObject","inLanguage":"es","@id":"https:\/\/gysfm.com.ar\/inicio\/el-precio-de-exportacion-de-la-carne-alcanzo-en-el-primer-trimestre-un-record-historico\/#primaryimage","url":"https:\/\/gysfm.com.ar\/inicio\/wp-content\/uploads\/2025\/05\/exportaciones-carnejpg.jpg","contentUrl":"https:\/\/gysfm.com.ar\/inicio\/wp-content\/uploads\/2025\/05\/exportaciones-carnejpg.jpg","width":1200,"height":675},{"@type":"BreadcrumbList","@id":"https:\/\/gysfm.com.ar\/inicio\/el-precio-de-exportacion-de-la-carne-alcanzo-en-el-primer-trimestre-un-record-historico\/#breadcrumb","itemListElement":[{"@type":"ListItem","position":1,"name":"Portada","item":"https:\/\/gysfm.com.ar\/inicio\/"},{"@type":"ListItem","position":2,"name":"El precio de exportaci\u00f3n de la carne alcanz\u00f3 en el primer trimestre un r\u00e9cord hist\u00f3rico"}]},{"@type":"WebSite","@id":"https:\/\/gysfm.com.ar\/inicio\/#website","url":"https:\/\/gysfm.com.ar\/inicio\/","name":"GYS NOTICIAS |","description":"DIARIO - RADIO ONLINE SAN JUAN ARGENTINA","publisher":{"@id":"https:\/\/gysfm.com.ar\/inicio\/#organization"},"potentialAction":[{"@type":"SearchAction","target":{"@type":"EntryPoint","urlTemplate":"https:\/\/gysfm.com.ar\/inicio\/?s={search_term_string}"},"query-input":{"@type":"PropertyValueSpecification","valueRequired":true,"valueName":"search_term_string"}}],"inLanguage":"es"},{"@type":"Organization","@id":"https:\/\/gysfm.com.ar\/inicio\/#organization","name":"GYS NOTICIAS |","url":"https:\/\/gysfm.com.ar\/inicio\/","logo":{"@type":"ImageObject","inLanguage":"es","@id":"https:\/\/gysfm.com.ar\/inicio\/#\/schema\/logo\/image\/","url":"https:\/\/gysfm.com.ar\/inicio\/wp-content\/uploads\/2023\/07\/LOGOGYS-OK.png","contentUrl":"https:\/\/gysfm.com.ar\/inicio\/wp-content\/uploads\/2023\/07\/LOGOGYS-OK.png","width":1170,"height":872,"caption":"GYS NOTICIAS |"},"image":{"@id":"https:\/\/gysfm.com.ar\/inicio\/#\/schema\/logo\/image\/"}},{"@type":"Person","@id":"https:\/\/gysfm.com.ar\/inicio\/#\/schema\/person\/5bedd7ecd35cc35548d89effafa23696","name":"admin","image":{"@type":"ImageObject","inLanguage":"es","@id":"https:\/\/gysfm.com.ar\/inicio\/#\/schema\/person\/image\/","url":"https:\/\/secure.gravatar.com\/avatar\/c331d312b5243fb64d5ba28108a447b27c925295129a363082c9ea52c28d32c2?s=96&d=mm&r=g","contentUrl":"https:\/\/secure.gravatar.com\/avatar\/c331d312b5243fb64d5ba28108a447b27c925295129a363082c9ea52c28d32c2?s=96&d=mm&r=g","caption":"admin"},"sameAs":["https:\/\/gysfm.com.ar\/inicio"],"url":"https:\/\/gysfm.com.ar\/inicio\/author\/admin\/"}]}},"_links":{"self":[{"href":"https:\/\/gysfm.com.ar\/inicio\/wp-json\/wp\/v2\/posts\/193428","targetHints":{"allow":["GET"]}}],"collection":[{"href":"https:\/\/gysfm.com.ar\/inicio\/wp-json\/wp\/v2\/posts"}],"about":[{"href":"https:\/\/gysfm.com.ar\/inicio\/wp-json\/wp\/v2\/types\/post"}],"author":[{"embeddable":true,"href":"https:\/\/gysfm.com.ar\/inicio\/wp-json\/wp\/v2\/users\/1"}],"replies":[{"embeddable":true,"href":"https:\/\/gysfm.com.ar\/inicio\/wp-json\/wp\/v2\/comments?post=193428"}],"version-history":[{"count":0,"href":"https:\/\/gysfm.com.ar\/inicio\/wp-json\/wp\/v2\/posts\/193428\/revisions"}],"wp:featuredmedia":[{"embeddable":true,"href":"https:\/\/gysfm.com.ar\/inicio\/wp-json\/wp\/v2\/media\/119111"}],"wp:attachment":[{"href":"https:\/\/gysfm.com.ar\/inicio\/wp-json\/wp\/v2\/media?parent=193428"}],"wp:term":[{"taxonomy":"category","embeddable":true,"href":"https:\/\/gysfm.com.ar\/inicio\/wp-json\/wp\/v2\/categories?post=193428"},{"taxonomy":"post_tag","embeddable":true,"href":"https:\/\/gysfm.com.ar\/inicio\/wp-json\/wp\/v2\/tags?post=193428"}],"curies":[{"name":"wp","href":"https:\/\/api.w.org\/{rel}","templated":true}]}}