{"id":193425,"date":"2026-04-28T05:48:08","date_gmt":"2026-04-28T08:48:08","guid":{"rendered":"https:\/\/gysfm.com.ar\/inicio\/gasto-militar-record-el-mundo-invirtio-289-billones-de-dolares-en-2025-y-suma-once-anos-de-subas-consecutivas\/"},"modified":"2026-04-28T05:48:08","modified_gmt":"2026-04-28T08:48:08","slug":"gasto-militar-record-el-mundo-invirtio-289-billones-de-dolares-en-2025-y-suma-once-anos-de-subas-consecutivas","status":"publish","type":"post","link":"https:\/\/gysfm.com.ar\/inicio\/gasto-militar-record-el-mundo-invirtio-289-billones-de-dolares-en-2025-y-suma-once-anos-de-subas-consecutivas\/","title":{"rendered":"Gasto militar r\u00e9cord: el mundo invirti\u00f3 2,89 billones de d\u00f3lares en 2025 y suma once a\u00f1os de subas consecutivas"},"content":{"rendered":"<p> <br \/>\n<\/p>\n<div>\n<p class=\"com-paragraph  --capital --s\">ESTOCOLMO.\u2013 El <a href=\"https:\/\/www.lanacion.com.ar\/el-mundo\/guerra-de-estados-unidos-e-israel-contra-iran-en-vivo-tension-en-medio-oriente-nid26042026-2\/\" target=\"_self\" title=\"https:\/\/www.lanacion.com.ar\/el-mundo\/guerra-de-estados-unidos-e-israel-contra-iran-en-vivo-tension-en-medio-oriente-nid26042026-2\/\" class=\"com-link break-word\" data-mrf-recirculation=\"n_link_parrafo\"><strong>gasto militar<\/strong><\/a><strong> mundial<\/strong> registr\u00f3 un nuevo pico hist\u00f3rico durante el a\u00f1o 2025 al alcanzar los <strong>2,89 billones de d\u00f3lares<\/strong>. Esta cifra representa un aumento del <strong>2,9%<\/strong> respecto al periodo anterior y consolida <strong>once a\u00f1os<\/strong> de alza consecutiva en las finanzas de defensa globales. La inversi\u00f3n total equivale ahora al <strong>2,5% del PBI global<\/strong>, el nivel m\u00e1s alto que el mundo computa desde el a\u00f1o 2009.<\/p>\n<div class=\"content-media\">\n<section role=\"button\" class=\"mod-media   \">\n<figure role=\"button\" tabindex=\"0\" class=\"mod-figure \"><figcaption class=\"mod-figcaption\"><span class=\"com-text --caption --twoxs\"> En esta foto proporcionada por la agencia de noticias china Xinhua, drones y otro armamento pasan durante el desfile militar para conmemorar el 80mo aniversario del fin de la Segunda Guerra Mundial celebrado frente a la Puerta de Tiananmen en Beijing, el mi\u00e9rcoles 3 de septiembre de 2025<\/span><span class=\"com-text --credit --twoxs\">Liu Xu &#8211; Xinhua<\/span><\/figcaption><\/figure>\n<\/section>\n<\/div>\n<p class=\"com-paragraph   --s\"><a href=\"https:\/\/www.lanacion.com.ar\/el-mundo\/que-se-sabe-sobre-el-tirador-del-atentado-contra-trump-y-como-sigue-la-investigacion-nid27042026\/\" target=\"_self\" title=\"https:\/\/www.lanacion.com.ar\/el-mundo\/que-se-sabe-sobre-el-tirador-del-atentado-contra-trump-y-como-sigue-la-investigacion-nid27042026\/\" class=\"com-link break-word\" data-mrf-recirculation=\"n_link_parrafo\"><strong>Estados Unidos<\/strong><\/a> mantiene el primer puesto de la lista a pesar de una ca\u00edda del <strong>7,5%<\/strong> en su presupuesto, que cerr\u00f3 en <strong>954.000 millones de d\u00f3lares<\/strong>. La causa principal de esta merma reside en la decisi\u00f3n del presidente <strong>Donald Trump<\/strong>, que suspendi\u00f3 la ayuda financiera militar para <strong>Ucrania, <\/strong>seg\u00fan datos del Instituto Internacional \u200bde Investigaci\u00f3n para la Paz de Estocolmo (Sipri). <\/p>\n<p class=\"com-paragraph   --s\">No obstante, el pa\u00eds norteamericano prioriza la <strong>modernizaci\u00f3n nuclear<\/strong> y el desarrollo de submarinos de las clases <strong>Columbia<\/strong> y <strong>Virginia<\/strong> para disuadir a China. Los analistas del <strong>Sipri<\/strong> prev\u00e9n que esta baja sea breve, ya que el <strong>Congreso<\/strong> proyecta gastos que superar\u00e1n el <strong>bill\u00f3n de d\u00f3lares<\/strong> para el ciclo 2026.<\/p>\n<div class=\"content-media\">\n<section role=\"button\" class=\"mod-media   \">\n<figure role=\"button\" tabindex=\"0\" class=\"mod-figure \"><figcaption class=\"mod-figcaption\"><span class=\"com-text --caption --twoxs\">Un caza Mirage 2000 de Taiw\u00e1n, pasa junto a un hangar en una base a\u00e9rea en Hsinchu, en el norte de Taiw\u00e1n, el 30 de diciembre de 2025. <\/span><span class=\"com-text --credit --twoxs\">Chiang Ying-ying &#8211; AP<\/span><\/figcaption><\/figure>\n<\/section>\n<\/div>\n<p class=\"com-paragraph   --s\"><strong>China<\/strong> ocupa el segundo lugar con un gasto estimado de <strong>336.000 millones de d\u00f3lares<\/strong>, tras un incremento del <strong>7,4%<\/strong>. Su presupuesto militar anota su <strong>trig\u00e9simo primer a\u00f1o<\/strong> de subas constantes, la racha m\u00e1s larga en los registros internacionales. Pek\u00edn busca la <strong>modernizaci\u00f3n total<\/strong> de sus fuerzas para 2035 y realiza pruebas con prototipos de combate de sexta generaci\u00f3n como el <strong>J-36<\/strong>. El gobierno central sostiene esta tendencia firme incluso bajo una campa\u00f1a interna contra la <strong>corrupci\u00f3n<\/strong> en las compras de armamento.<\/p>\n<p class=\"com-paragraph   --s\"><strong>Europa<\/strong> es la regi\u00f3n con mayor dinamismo econ\u00f3mico en el sector, con un salto del <strong>14%<\/strong> que elev\u00f3 su gasto a <strong>864.000 millones de d\u00f3lares<\/strong>. Los miembros europeos de la <strong>OTAN<\/strong> acordaron un ambicioso objetivo de inversi\u00f3n del <strong>5% del PIB<\/strong> para el a\u00f1o 2035. <\/p>\n<div class=\"content-media\">\n<section role=\"button\" class=\"mod-media   \">\n<figure role=\"button\" tabindex=\"0\" class=\"mod-figure \"><figcaption class=\"mod-figcaption\"><span class=\"com-text --caption --twoxs\">Taiw\u00e1n ha aumentado los salarios y las prestaciones de los militares.<\/span><span class=\"com-text --credit --twoxs\">Ritchie B Tongo\/EPA\/Shutterstock<\/span><\/figcaption><\/figure>\n<\/section>\n<\/div>\n<p class=\"com-paragraph   --s\"><strong>Alemania<\/strong> escal\u00f3 al cuarto puesto mundial tras aumentar su presupuesto un <strong>24%<\/strong> hasta los <strong>114.000 millones de d\u00f3lares<\/strong>. El gobierno alem\u00e1n modific\u00f3 sus reglas de <strong>freno a la deuda<\/strong> para financiar este rearme a trav\u00e9s de cr\u00e9ditos fuera del presupuesto ordinario. Por su parte, <strong>Polonia<\/strong> destin\u00f3 el <strong>4,5% de su PBI<\/strong> a la defensa, el porcentaje m\u00e1s alto dentro de la alianza atl\u00e1ntica.<\/p>\n<p class=\"com-paragraph   --s\">La guerra de desgaste entre <strong>Rusia<\/strong> y <strong>Ucrania<\/strong> define las tendencias en el este del continente. <strong>Rusia<\/strong> gast\u00f3 <strong>190.000 millones de d\u00f3lares<\/strong>, lo que significa un aumento del <strong>5,9%<\/strong> en el marco de una econom\u00eda bajo sanciones internacionales. <\/p>\n<div class=\"content-media\">\n<section role=\"button\" class=\"mod-media   \">\n<figure role=\"button\" tabindex=\"0\" class=\"mod-figure \"><figcaption class=\"mod-figcaption\"><span class=\"com-text --caption --twoxs\">El presidente de Estados Unidos, Donald Trump, habla con reporteros antes de viajar en el Marine One desde el Jard\u00edn Sur de la Casa Blanca, el jueves 16 de abril de 2026, en Washington<\/span><span class=\"com-text --credit --twoxs\">Manuel Balce Ceneta &#8211; AP<\/span><\/figcaption><\/figure>\n<\/section>\n<\/div>\n<p class=\"com-paragraph   --s\">Mosc\u00fa utiliza de forma masiva <strong>drones<\/strong> econ\u00f3micos para compensar la p\u00e9rdida de equipos m\u00e1s costosos como tanques o aviones. <strong>Ucrania<\/strong>, en tanto, destin\u00f3 el <strong>40% de su PBI<\/strong> al \u00e1mbito militar con un desembolso de <strong>84.100 millones de d\u00f3lares<\/strong>. <\/p>\n<div class=\"content-media\">\n<section role=\"button\" class=\"mod-media   \">\n<figure role=\"button\" tabindex=\"0\" class=\"mod-figure \"><figcaption class=\"mod-figcaption\"><span class=\"com-text --caption --twoxs\">ARCHIVO &#8211; En esta foto proporcionada por el Departamento de Defensa de Australia, un misil japon\u00e9s Tipo 12 superficie a buque es lanzado por la Segunda Brigada de Artiller\u00eda de la Fuerza Terrestre de Autodefensa de Jap\u00f3n en el Campo de Armas de Beecroft, cerca de Jervis Bay, Australia, el martes 22 de julio de 2025, como parte de Talisman Sabre, un ejercicio conjunto<\/span><span class=\"com-text --credit --twoxs\">Alex Brown &#8211; Australian Department of Defense<\/span><\/figcaption><\/figure>\n<\/section>\n<\/div>\n<p class=\"com-paragraph   --s\">A pesar del recorte estadounidense, Kiev recibi\u00f3 <strong>asistencia externa<\/strong> r\u00e9cord de sus socios, en especial a trav\u00e9s de pr\u00e9stamos del <strong>G7<\/strong>.<\/p>\n<div class=\"content-media\">\n<section role=\"button\" class=\"mod-media   \">\n<figure role=\"button\" tabindex=\"0\" class=\"mod-figure \"><figcaption class=\"mod-figcaption\"><span class=\"com-text --caption --twoxs\"> Un helic\u00f3ptero de la Armada de Brasil <\/span><span class=\"com-text --credit --twoxs\">ARMADA DE BRASIL &#8211; ARMADA DE BRASIL<\/span><\/figcaption><\/figure>\n<\/section>\n<\/div>\n<p class=\"com-paragraph   --s\">En <strong>Asia y Ocean\u00eda<\/strong>, la carrera armamentista no se detiene y el gasto regional subi\u00f3 un <strong>8,1%<\/strong> hasta los <strong>681.000 millones de d\u00f3lares<\/strong>. <strong>Jap\u00f3n<\/strong> increment\u00f3 su presupuesto un <strong>9,7%<\/strong> ante la preocupaci\u00f3n que generan <strong>China<\/strong> y <strong>Corea del Norte<\/strong> en la zona. <\/p>\n<div class=\"content-media\">\n<section role=\"button\" class=\"mod-media   \">\n<figure role=\"button\" tabindex=\"0\" class=\"mod-figure \"><figcaption class=\"mod-figcaption\"><span class=\"com-text --caption --twoxs\">Aunque creciente, el presupuesto militar de China representa menos del 15 por ciento del de Estados Unidos<\/span><\/figcaption><\/figure>\n<\/section>\n<\/div>\n<p class=\"com-paragraph   --s\"><strong>Taiw\u00e1n<\/strong> tambi\u00e9n elev\u00f3 su inversi\u00f3n un <strong>14%<\/strong>, con el objetivo de llegar al <strong>5% de su PBI<\/strong> para el a\u00f1o 2030 tras las presiones de Washington. En el sur de la regi\u00f3n, el conflicto armado entre <strong>India<\/strong> y <strong>Pakist\u00e1n<\/strong> en mayo de 2025 forz\u00f3 a ambos pa\u00edses a elevar sus gastos en aviaci\u00f3n y sistemas de misiles.<\/p>\n<p class=\"com-paragraph   --s\">El <strong>Medio Oriente<\/strong> present\u00f3 una leve suba del <strong>0,1%<\/strong>, con <strong>Arabia Saudita<\/strong> como el mayor inversor regional con <strong>83.200 millones de d\u00f3lares<\/strong>. <\/p>\n<p class=\"com-paragraph   --s\"><strong>Israel<\/strong> registr\u00f3 una ca\u00edda del <strong>4,9%<\/strong>, atribuida a la menor intensidad en la guerra de <strong>Gaza<\/strong> tras el cese al fuego de enero de 2025. Sin embargo, su presupuesto sigue en niveles cr\u00edticos debido a los choques con <strong>Ir\u00e1n<\/strong> en junio de ese mismo a\u00f1o. Por otro lado, <strong>Ir\u00e1n<\/strong> vio una baja del <strong>5,6%<\/strong> en t\u00e9rminos reales por el impacto de una <strong>inflaci\u00f3n anual<\/strong> del 42% que licu\u00f3 las subas nominales.<\/p>\n<div class=\"content-media\">\n<section role=\"button\" class=\"mod-media   \">\n<figure role=\"button\" tabindex=\"0\" class=\"mod-figure \"><figcaption class=\"mod-figcaption\"><span class=\"com-text --caption --twoxs\">Militares ucranianos disparan un lanzacohetes Grad hacia posiciones rusas en el frente en la regi\u00f3n de Donetsk, Ucrania, el 3 de junio de 2025<br \/>\n<\/span><span class=\"com-text --credit --twoxs\">Andrii Marienko &#8211; AP<\/span><\/figcaption><\/figure>\n<\/section>\n<\/div>\n<p class=\"com-paragraph   --s\">El informe del <strong>SIPRI<\/strong> advierte sobre la falta de transparencia en los nuevos reportes de la <strong>OTAN<\/strong>. Existe el riesgo de que los pa\u00edses usen <strong>contabilidad creativa<\/strong> para incluir proyectos civiles como gasto militar y as\u00ed cumplir metas pol\u00edticas. <\/p>\n<div class=\"content-media\">\n<section role=\"button\" class=\"mod-media   \">\n<figure role=\"button\" tabindex=\"0\" class=\"mod-figure \"><figcaption class=\"mod-figcaption\"><span class=\"com-text --caption --twoxs\">Un destructor estadounidense<\/span><span class=\"com-text --credit --twoxs\">seaforces.org<\/span><\/figcaption><\/figure>\n<\/section>\n<\/div>\n<p class=\"com-paragraph   --s\">Un ejemplo es el intento de <strong>Italia<\/strong> de computar un puente hacia Sicilia dentro de su presupuesto de seguridad. Esta falta de claridad dificulta la verificaci\u00f3n independiente de las <strong>capacidades operativas<\/strong> reales de cada naci\u00f3n en conflicto.<\/p>\n<p class=\"com-paragraph   --s\">Finalmente, la concentraci\u00f3n del poder militar es absoluta: apenas <strong>cinco pa\u00edses<\/strong> manejan el <strong>58% del gasto<\/strong> total del planeta. <\/p>\n<div class=\"content-media\">\n<section role=\"button\" class=\"mod-media   \">\n<figure role=\"button\" tabindex=\"0\" class=\"mod-figure \"><figcaption class=\"mod-figcaption\"><span class=\"com-text --caption --twoxs\">En esta imagen proporcionada por el servicio de prensa de a 93ra Brigada Mecanizada Kholodnyi Yar de Ucrania, un militar posa para un fot\u00f3grafo en la regi\u00f3n de Donetsk, Ucrania, el s\u00e1bado 31 de enero de 2026.<\/span><span class=\"com-text --credit --twoxs\">Iryna Rybakova &#8211; Ukrainian 93rd Mechanized brigade<\/span><\/figcaption><\/figure>\n<\/section>\n<\/div>\n<p class=\"com-paragraph   --s\"><strong>\u00c1frica<\/strong> creci\u00f3 por tercer a\u00f1o consecutivo con un alza del <strong>8,5%<\/strong>, traccionada por las tensiones entre <strong>Argelia<\/strong> y <strong>Marruecos<\/strong>. En <strong>Am\u00e9rica del Sur<\/strong>, el presupuesto aument\u00f3 un <strong>3,4%<\/strong> por las inversiones navales de <strong>Brasil<\/strong> y el conflicto entre <strong>Guyana<\/strong> y <strong>Venezuela<\/strong>. El mundo avanza hacia un escenario de <strong>inestabilidad geopol\u00edtica<\/strong> que anticipa nuevas subas para el cierre de la d\u00e9cada.<\/p>\n<p class=\"com-paragraph   --s\"><strong>Agencia ANSA<\/strong><\/p>\n<section class=\"container-center-100 mb-40 border border-bottom border-thin border-neutral-light-700\">\n<hr\/>\n<\/section>\n<\/div>\n<p><script id=\"facebookpixel\" defer=\"\" type=\"text\/javascript\">\n        !function(f,b,e,v,n,t,s)\n        {if(f.fbq)return;n=f.fbq=function(){n.callMethod?\n        n.callMethod.apply(n,arguments):n.queue.push(arguments)};\n        if(!f._fbq)f._fbq=n;n.push=n;n.loaded=!0;n.version='2.0';\n        n.queue=[];t=b.createElement(e);t.async=!0;\n        t.src=v;s=b.getElementsByTagName(e)[0];\n        s.parentNode.insertBefore(t,s)}(window, document,'script',\n        'https:\/\/connect.facebook.net\/en_US\/fbevents.js');\n        fbq('init', '492459597522335');\n        fbq('track', 'PageView');\n    <\/script><br \/>\n<br \/><\/p>\n","protected":false},"excerpt":{"rendered":"<p>ESTOCOLMO.\u2013 El gasto militar mundial registr\u00f3 un nuevo pico hist\u00f3rico durante el a\u00f1o 2025 al alcanzar los 2,89 billones de d\u00f3lares. Esta cifra representa un aumento del 2,9% respecto al periodo anterior y consolida once a\u00f1os de alza consecutiva en las finanzas de defensa globales. La inversi\u00f3n total equivale ahora al 2,5% del PBI global, [&hellip;]<\/p>\n","protected":false},"author":2,"featured_media":193426,"comment_status":"closed","ping_status":"closed","sticky":false,"template":"","format":"standard","meta":{"footnotes":""},"categories":[26],"tags":[],"class_list":["post-193425","post","type-post","status-publish","format-standard","has-post-thumbnail","hentry","category-internacionales"],"yoast_head":"<!-- This site is optimized with the Yoast SEO plugin v24.4 - https:\/\/yoast.com\/wordpress\/plugins\/seo\/ -->\n<title>Gasto militar r\u00e9cord: el mundo invirti\u00f3 2,89 billones de d\u00f3lares en 2025 y suma once a\u00f1os de subas consecutivas - GYS NOTICIAS |<\/title>\n<meta name=\"robots\" content=\"index, follow, max-snippet:-1, max-image-preview:large, max-video-preview:-1\" \/>\n<link rel=\"canonical\" href=\"https:\/\/gysfm.com.ar\/inicio\/gasto-militar-record-el-mundo-invirtio-289-billones-de-dolares-en-2025-y-suma-once-anos-de-subas-consecutivas\/\" \/>\n<meta property=\"og:locale\" content=\"es_ES\" \/>\n<meta property=\"og:type\" content=\"article\" \/>\n<meta property=\"og:title\" content=\"Gasto militar r\u00e9cord: el mundo invirti\u00f3 2,89 billones de d\u00f3lares en 2025 y suma once a\u00f1os de subas consecutivas - GYS NOTICIAS |\" \/>\n<meta property=\"og:description\" content=\"ESTOCOLMO.\u2013 El gasto militar mundial registr\u00f3 un nuevo pico hist\u00f3rico durante el a\u00f1o 2025 al alcanzar los 2,89 billones de d\u00f3lares. Esta cifra representa un aumento del 2,9% respecto al periodo anterior y consolida once a\u00f1os de alza consecutiva en las finanzas de defensa globales. La inversi\u00f3n total equivale ahora al 2,5% del PBI global, [&hellip;]\" \/>\n<meta property=\"og:url\" content=\"https:\/\/gysfm.com.ar\/inicio\/gasto-militar-record-el-mundo-invirtio-289-billones-de-dolares-en-2025-y-suma-once-anos-de-subas-consecutivas\/\" \/>\n<meta property=\"og:site_name\" content=\"GYS NOTICIAS |\" \/>\n<meta property=\"article:published_time\" content=\"2026-04-28T08:48:08+00:00\" \/>\n<meta property=\"og:image\" content=\"https:\/\/gysfm.com.ar\/inicio\/wp-content\/uploads\/2026\/04\/esta-imagen-tomada-de-un-video-proporcionado-por-HBI7ZKXUUZDDNCO5DCCLKNQ7YM.jpg\" \/>\n\t<meta property=\"og:image:width\" content=\"1200\" \/>\n\t<meta property=\"og:image:height\" content=\"800\" \/>\n\t<meta property=\"og:image:type\" content=\"image\/jpeg\" \/>\n<meta name=\"author\" content=\"Prensa G&amp;S FM\" \/>\n<meta name=\"twitter:card\" content=\"summary_large_image\" \/>\n<meta name=\"twitter:label1\" content=\"Escrito por\" \/>\n\t<meta name=\"twitter:data1\" content=\"Prensa G&amp;S FM\" \/>\n\t<meta name=\"twitter:label2\" content=\"Tiempo de lectura\" \/>\n\t<meta name=\"twitter:data2\" content=\"6 minutos\" \/>\n<script type=\"application\/ld+json\" class=\"yoast-schema-graph\">{\"@context\":\"https:\/\/schema.org\",\"@graph\":[{\"@type\":\"Article\",\"@id\":\"https:\/\/gysfm.com.ar\/inicio\/gasto-militar-record-el-mundo-invirtio-289-billones-de-dolares-en-2025-y-suma-once-anos-de-subas-consecutivas\/#article\",\"isPartOf\":{\"@id\":\"https:\/\/gysfm.com.ar\/inicio\/gasto-militar-record-el-mundo-invirtio-289-billones-de-dolares-en-2025-y-suma-once-anos-de-subas-consecutivas\/\"},\"author\":{\"name\":\"Prensa G&amp;S FM\",\"@id\":\"https:\/\/gysfm.com.ar\/inicio\/#\/schema\/person\/3abba7593ef2ad19e1be221d54383dc5\"},\"headline\":\"Gasto militar r\u00e9cord: el mundo invirti\u00f3 2,89 billones de d\u00f3lares en 2025 y suma once a\u00f1os de subas consecutivas\",\"datePublished\":\"2026-04-28T08:48:08+00:00\",\"mainEntityOfPage\":{\"@id\":\"https:\/\/gysfm.com.ar\/inicio\/gasto-militar-record-el-mundo-invirtio-289-billones-de-dolares-en-2025-y-suma-once-anos-de-subas-consecutivas\/\"},\"wordCount\":1192,\"publisher\":{\"@id\":\"https:\/\/gysfm.com.ar\/inicio\/#organization\"},\"image\":{\"@id\":\"https:\/\/gysfm.com.ar\/inicio\/gasto-militar-record-el-mundo-invirtio-289-billones-de-dolares-en-2025-y-suma-once-anos-de-subas-consecutivas\/#primaryimage\"},\"thumbnailUrl\":\"https:\/\/gysfm.com.ar\/inicio\/wp-content\/uploads\/2026\/04\/esta-imagen-tomada-de-un-video-proporcionado-por-HBI7ZKXUUZDDNCO5DCCLKNQ7YM.jpg\",\"articleSection\":[\"INTERNACIONALES\"],\"inLanguage\":\"es\"},{\"@type\":\"WebPage\",\"@id\":\"https:\/\/gysfm.com.ar\/inicio\/gasto-militar-record-el-mundo-invirtio-289-billones-de-dolares-en-2025-y-suma-once-anos-de-subas-consecutivas\/\",\"url\":\"https:\/\/gysfm.com.ar\/inicio\/gasto-militar-record-el-mundo-invirtio-289-billones-de-dolares-en-2025-y-suma-once-anos-de-subas-consecutivas\/\",\"name\":\"Gasto militar r\u00e9cord: el mundo invirti\u00f3 2,89 billones de d\u00f3lares en 2025 y suma once a\u00f1os de subas consecutivas - GYS NOTICIAS |\",\"isPartOf\":{\"@id\":\"https:\/\/gysfm.com.ar\/inicio\/#website\"},\"primaryImageOfPage\":{\"@id\":\"https:\/\/gysfm.com.ar\/inicio\/gasto-militar-record-el-mundo-invirtio-289-billones-de-dolares-en-2025-y-suma-once-anos-de-subas-consecutivas\/#primaryimage\"},\"image\":{\"@id\":\"https:\/\/gysfm.com.ar\/inicio\/gasto-militar-record-el-mundo-invirtio-289-billones-de-dolares-en-2025-y-suma-once-anos-de-subas-consecutivas\/#primaryimage\"},\"thumbnailUrl\":\"https:\/\/gysfm.com.ar\/inicio\/wp-content\/uploads\/2026\/04\/esta-imagen-tomada-de-un-video-proporcionado-por-HBI7ZKXUUZDDNCO5DCCLKNQ7YM.jpg\",\"datePublished\":\"2026-04-28T08:48:08+00:00\",\"breadcrumb\":{\"@id\":\"https:\/\/gysfm.com.ar\/inicio\/gasto-militar-record-el-mundo-invirtio-289-billones-de-dolares-en-2025-y-suma-once-anos-de-subas-consecutivas\/#breadcrumb\"},\"inLanguage\":\"es\",\"potentialAction\":[{\"@type\":\"ReadAction\",\"target\":[\"https:\/\/gysfm.com.ar\/inicio\/gasto-militar-record-el-mundo-invirtio-289-billones-de-dolares-en-2025-y-suma-once-anos-de-subas-consecutivas\/\"]}]},{\"@type\":\"ImageObject\",\"inLanguage\":\"es\",\"@id\":\"https:\/\/gysfm.com.ar\/inicio\/gasto-militar-record-el-mundo-invirtio-289-billones-de-dolares-en-2025-y-suma-once-anos-de-subas-consecutivas\/#primaryimage\",\"url\":\"https:\/\/gysfm.com.ar\/inicio\/wp-content\/uploads\/2026\/04\/esta-imagen-tomada-de-un-video-proporcionado-por-HBI7ZKXUUZDDNCO5DCCLKNQ7YM.jpg\",\"contentUrl\":\"https:\/\/gysfm.com.ar\/inicio\/wp-content\/uploads\/2026\/04\/esta-imagen-tomada-de-un-video-proporcionado-por-HBI7ZKXUUZDDNCO5DCCLKNQ7YM.jpg\",\"width\":1200,\"height\":800},{\"@type\":\"BreadcrumbList\",\"@id\":\"https:\/\/gysfm.com.ar\/inicio\/gasto-militar-record-el-mundo-invirtio-289-billones-de-dolares-en-2025-y-suma-once-anos-de-subas-consecutivas\/#breadcrumb\",\"itemListElement\":[{\"@type\":\"ListItem\",\"position\":1,\"name\":\"Portada\",\"item\":\"https:\/\/gysfm.com.ar\/inicio\/\"},{\"@type\":\"ListItem\",\"position\":2,\"name\":\"Gasto militar r\u00e9cord: el mundo invirti\u00f3 2,89 billones de d\u00f3lares en 2025 y suma once a\u00f1os de subas consecutivas\"}]},{\"@type\":\"WebSite\",\"@id\":\"https:\/\/gysfm.com.ar\/inicio\/#website\",\"url\":\"https:\/\/gysfm.com.ar\/inicio\/\",\"name\":\"GYS NOTICIAS |\",\"description\":\"DIARIO - RADIO ONLINE SAN JUAN ARGENTINA\",\"publisher\":{\"@id\":\"https:\/\/gysfm.com.ar\/inicio\/#organization\"},\"potentialAction\":[{\"@type\":\"SearchAction\",\"target\":{\"@type\":\"EntryPoint\",\"urlTemplate\":\"https:\/\/gysfm.com.ar\/inicio\/?s={search_term_string}\"},\"query-input\":{\"@type\":\"PropertyValueSpecification\",\"valueRequired\":true,\"valueName\":\"search_term_string\"}}],\"inLanguage\":\"es\"},{\"@type\":\"Organization\",\"@id\":\"https:\/\/gysfm.com.ar\/inicio\/#organization\",\"name\":\"GYS NOTICIAS |\",\"url\":\"https:\/\/gysfm.com.ar\/inicio\/\",\"logo\":{\"@type\":\"ImageObject\",\"inLanguage\":\"es\",\"@id\":\"https:\/\/gysfm.com.ar\/inicio\/#\/schema\/logo\/image\/\",\"url\":\"https:\/\/gysfm.com.ar\/inicio\/wp-content\/uploads\/2023\/07\/LOGOGYS-OK.png\",\"contentUrl\":\"https:\/\/gysfm.com.ar\/inicio\/wp-content\/uploads\/2023\/07\/LOGOGYS-OK.png\",\"width\":1170,\"height\":872,\"caption\":\"GYS NOTICIAS |\"},\"image\":{\"@id\":\"https:\/\/gysfm.com.ar\/inicio\/#\/schema\/logo\/image\/\"}},{\"@type\":\"Person\",\"@id\":\"https:\/\/gysfm.com.ar\/inicio\/#\/schema\/person\/3abba7593ef2ad19e1be221d54383dc5\",\"name\":\"Prensa G&amp;S FM\",\"image\":{\"@type\":\"ImageObject\",\"inLanguage\":\"es\",\"@id\":\"https:\/\/gysfm.com.ar\/inicio\/#\/schema\/person\/image\/\",\"url\":\"https:\/\/secure.gravatar.com\/avatar\/096ec78df02049ab018702bb4ccedf659377fa92a26540b5247612077a0dbd29?s=96&d=mm&r=g\",\"contentUrl\":\"https:\/\/secure.gravatar.com\/avatar\/096ec78df02049ab018702bb4ccedf659377fa92a26540b5247612077a0dbd29?s=96&d=mm&r=g\",\"caption\":\"Prensa G&amp;S FM\"},\"sameAs\":[\"https:\/\/gysfm.com.ar\/\"],\"url\":\"https:\/\/gysfm.com.ar\/inicio\/author\/lucasm\/\"}]}<\/script>\n<!-- \/ Yoast SEO plugin. -->","yoast_head_json":{"title":"Gasto militar r\u00e9cord: el mundo invirti\u00f3 2,89 billones de d\u00f3lares en 2025 y suma once a\u00f1os de subas consecutivas - GYS NOTICIAS |","robots":{"index":"index","follow":"follow","max-snippet":"max-snippet:-1","max-image-preview":"max-image-preview:large","max-video-preview":"max-video-preview:-1"},"canonical":"https:\/\/gysfm.com.ar\/inicio\/gasto-militar-record-el-mundo-invirtio-289-billones-de-dolares-en-2025-y-suma-once-anos-de-subas-consecutivas\/","og_locale":"es_ES","og_type":"article","og_title":"Gasto militar r\u00e9cord: el mundo invirti\u00f3 2,89 billones de d\u00f3lares en 2025 y suma once a\u00f1os de subas consecutivas - GYS NOTICIAS |","og_description":"ESTOCOLMO.\u2013 El gasto militar mundial registr\u00f3 un nuevo pico hist\u00f3rico durante el a\u00f1o 2025 al alcanzar los 2,89 billones de d\u00f3lares. Esta cifra representa un aumento del 2,9% respecto al periodo anterior y consolida once a\u00f1os de alza consecutiva en las finanzas de defensa globales. La inversi\u00f3n total equivale ahora al 2,5% del PBI global, [&hellip;]","og_url":"https:\/\/gysfm.com.ar\/inicio\/gasto-militar-record-el-mundo-invirtio-289-billones-de-dolares-en-2025-y-suma-once-anos-de-subas-consecutivas\/","og_site_name":"GYS NOTICIAS |","article_published_time":"2026-04-28T08:48:08+00:00","og_image":[{"width":1200,"height":800,"url":"https:\/\/gysfm.com.ar\/inicio\/wp-content\/uploads\/2026\/04\/esta-imagen-tomada-de-un-video-proporcionado-por-HBI7ZKXUUZDDNCO5DCCLKNQ7YM.jpg","type":"image\/jpeg"}],"author":"Prensa G&amp;S FM","twitter_card":"summary_large_image","twitter_misc":{"Escrito por":"Prensa G&amp;S FM","Tiempo de lectura":"6 minutos"},"schema":{"@context":"https:\/\/schema.org","@graph":[{"@type":"Article","@id":"https:\/\/gysfm.com.ar\/inicio\/gasto-militar-record-el-mundo-invirtio-289-billones-de-dolares-en-2025-y-suma-once-anos-de-subas-consecutivas\/#article","isPartOf":{"@id":"https:\/\/gysfm.com.ar\/inicio\/gasto-militar-record-el-mundo-invirtio-289-billones-de-dolares-en-2025-y-suma-once-anos-de-subas-consecutivas\/"},"author":{"name":"Prensa G&amp;S FM","@id":"https:\/\/gysfm.com.ar\/inicio\/#\/schema\/person\/3abba7593ef2ad19e1be221d54383dc5"},"headline":"Gasto militar r\u00e9cord: el mundo invirti\u00f3 2,89 billones de d\u00f3lares en 2025 y suma once a\u00f1os de subas consecutivas","datePublished":"2026-04-28T08:48:08+00:00","mainEntityOfPage":{"@id":"https:\/\/gysfm.com.ar\/inicio\/gasto-militar-record-el-mundo-invirtio-289-billones-de-dolares-en-2025-y-suma-once-anos-de-subas-consecutivas\/"},"wordCount":1192,"publisher":{"@id":"https:\/\/gysfm.com.ar\/inicio\/#organization"},"image":{"@id":"https:\/\/gysfm.com.ar\/inicio\/gasto-militar-record-el-mundo-invirtio-289-billones-de-dolares-en-2025-y-suma-once-anos-de-subas-consecutivas\/#primaryimage"},"thumbnailUrl":"https:\/\/gysfm.com.ar\/inicio\/wp-content\/uploads\/2026\/04\/esta-imagen-tomada-de-un-video-proporcionado-por-HBI7ZKXUUZDDNCO5DCCLKNQ7YM.jpg","articleSection":["INTERNACIONALES"],"inLanguage":"es"},{"@type":"WebPage","@id":"https:\/\/gysfm.com.ar\/inicio\/gasto-militar-record-el-mundo-invirtio-289-billones-de-dolares-en-2025-y-suma-once-anos-de-subas-consecutivas\/","url":"https:\/\/gysfm.com.ar\/inicio\/gasto-militar-record-el-mundo-invirtio-289-billones-de-dolares-en-2025-y-suma-once-anos-de-subas-consecutivas\/","name":"Gasto militar r\u00e9cord: el mundo invirti\u00f3 2,89 billones de d\u00f3lares en 2025 y suma once a\u00f1os de subas consecutivas - GYS NOTICIAS |","isPartOf":{"@id":"https:\/\/gysfm.com.ar\/inicio\/#website"},"primaryImageOfPage":{"@id":"https:\/\/gysfm.com.ar\/inicio\/gasto-militar-record-el-mundo-invirtio-289-billones-de-dolares-en-2025-y-suma-once-anos-de-subas-consecutivas\/#primaryimage"},"image":{"@id":"https:\/\/gysfm.com.ar\/inicio\/gasto-militar-record-el-mundo-invirtio-289-billones-de-dolares-en-2025-y-suma-once-anos-de-subas-consecutivas\/#primaryimage"},"thumbnailUrl":"https:\/\/gysfm.com.ar\/inicio\/wp-content\/uploads\/2026\/04\/esta-imagen-tomada-de-un-video-proporcionado-por-HBI7ZKXUUZDDNCO5DCCLKNQ7YM.jpg","datePublished":"2026-04-28T08:48:08+00:00","breadcrumb":{"@id":"https:\/\/gysfm.com.ar\/inicio\/gasto-militar-record-el-mundo-invirtio-289-billones-de-dolares-en-2025-y-suma-once-anos-de-subas-consecutivas\/#breadcrumb"},"inLanguage":"es","potentialAction":[{"@type":"ReadAction","target":["https:\/\/gysfm.com.ar\/inicio\/gasto-militar-record-el-mundo-invirtio-289-billones-de-dolares-en-2025-y-suma-once-anos-de-subas-consecutivas\/"]}]},{"@type":"ImageObject","inLanguage":"es","@id":"https:\/\/gysfm.com.ar\/inicio\/gasto-militar-record-el-mundo-invirtio-289-billones-de-dolares-en-2025-y-suma-once-anos-de-subas-consecutivas\/#primaryimage","url":"https:\/\/gysfm.com.ar\/inicio\/wp-content\/uploads\/2026\/04\/esta-imagen-tomada-de-un-video-proporcionado-por-HBI7ZKXUUZDDNCO5DCCLKNQ7YM.jpg","contentUrl":"https:\/\/gysfm.com.ar\/inicio\/wp-content\/uploads\/2026\/04\/esta-imagen-tomada-de-un-video-proporcionado-por-HBI7ZKXUUZDDNCO5DCCLKNQ7YM.jpg","width":1200,"height":800},{"@type":"BreadcrumbList","@id":"https:\/\/gysfm.com.ar\/inicio\/gasto-militar-record-el-mundo-invirtio-289-billones-de-dolares-en-2025-y-suma-once-anos-de-subas-consecutivas\/#breadcrumb","itemListElement":[{"@type":"ListItem","position":1,"name":"Portada","item":"https:\/\/gysfm.com.ar\/inicio\/"},{"@type":"ListItem","position":2,"name":"Gasto militar r\u00e9cord: el mundo invirti\u00f3 2,89 billones de d\u00f3lares en 2025 y suma once a\u00f1os de subas consecutivas"}]},{"@type":"WebSite","@id":"https:\/\/gysfm.com.ar\/inicio\/#website","url":"https:\/\/gysfm.com.ar\/inicio\/","name":"GYS NOTICIAS |","description":"DIARIO - RADIO ONLINE SAN JUAN ARGENTINA","publisher":{"@id":"https:\/\/gysfm.com.ar\/inicio\/#organization"},"potentialAction":[{"@type":"SearchAction","target":{"@type":"EntryPoint","urlTemplate":"https:\/\/gysfm.com.ar\/inicio\/?s={search_term_string}"},"query-input":{"@type":"PropertyValueSpecification","valueRequired":true,"valueName":"search_term_string"}}],"inLanguage":"es"},{"@type":"Organization","@id":"https:\/\/gysfm.com.ar\/inicio\/#organization","name":"GYS NOTICIAS |","url":"https:\/\/gysfm.com.ar\/inicio\/","logo":{"@type":"ImageObject","inLanguage":"es","@id":"https:\/\/gysfm.com.ar\/inicio\/#\/schema\/logo\/image\/","url":"https:\/\/gysfm.com.ar\/inicio\/wp-content\/uploads\/2023\/07\/LOGOGYS-OK.png","contentUrl":"https:\/\/gysfm.com.ar\/inicio\/wp-content\/uploads\/2023\/07\/LOGOGYS-OK.png","width":1170,"height":872,"caption":"GYS NOTICIAS |"},"image":{"@id":"https:\/\/gysfm.com.ar\/inicio\/#\/schema\/logo\/image\/"}},{"@type":"Person","@id":"https:\/\/gysfm.com.ar\/inicio\/#\/schema\/person\/3abba7593ef2ad19e1be221d54383dc5","name":"Prensa G&amp;S FM","image":{"@type":"ImageObject","inLanguage":"es","@id":"https:\/\/gysfm.com.ar\/inicio\/#\/schema\/person\/image\/","url":"https:\/\/secure.gravatar.com\/avatar\/096ec78df02049ab018702bb4ccedf659377fa92a26540b5247612077a0dbd29?s=96&d=mm&r=g","contentUrl":"https:\/\/secure.gravatar.com\/avatar\/096ec78df02049ab018702bb4ccedf659377fa92a26540b5247612077a0dbd29?s=96&d=mm&r=g","caption":"Prensa G&amp;S FM"},"sameAs":["https:\/\/gysfm.com.ar\/"],"url":"https:\/\/gysfm.com.ar\/inicio\/author\/lucasm\/"}]}},"_links":{"self":[{"href":"https:\/\/gysfm.com.ar\/inicio\/wp-json\/wp\/v2\/posts\/193425","targetHints":{"allow":["GET"]}}],"collection":[{"href":"https:\/\/gysfm.com.ar\/inicio\/wp-json\/wp\/v2\/posts"}],"about":[{"href":"https:\/\/gysfm.com.ar\/inicio\/wp-json\/wp\/v2\/types\/post"}],"author":[{"embeddable":true,"href":"https:\/\/gysfm.com.ar\/inicio\/wp-json\/wp\/v2\/users\/2"}],"replies":[{"embeddable":true,"href":"https:\/\/gysfm.com.ar\/inicio\/wp-json\/wp\/v2\/comments?post=193425"}],"version-history":[{"count":1,"href":"https:\/\/gysfm.com.ar\/inicio\/wp-json\/wp\/v2\/posts\/193425\/revisions"}],"predecessor-version":[{"id":193427,"href":"https:\/\/gysfm.com.ar\/inicio\/wp-json\/wp\/v2\/posts\/193425\/revisions\/193427"}],"wp:featuredmedia":[{"embeddable":true,"href":"https:\/\/gysfm.com.ar\/inicio\/wp-json\/wp\/v2\/media\/193426"}],"wp:attachment":[{"href":"https:\/\/gysfm.com.ar\/inicio\/wp-json\/wp\/v2\/media?parent=193425"}],"wp:term":[{"taxonomy":"category","embeddable":true,"href":"https:\/\/gysfm.com.ar\/inicio\/wp-json\/wp\/v2\/categories?post=193425"},{"taxonomy":"post_tag","embeddable":true,"href":"https:\/\/gysfm.com.ar\/inicio\/wp-json\/wp\/v2\/tags?post=193425"}],"curies":[{"name":"wp","href":"https:\/\/api.w.org\/{rel}","templated":true}]}}