{"id":193423,"date":"2026-04-28T05:40:05","date_gmt":"2026-04-28T08:40:05","guid":{"rendered":"https:\/\/gysfm.com.ar\/inicio\/deportistas-politica-y-redes-la-nueva-batalla-por-la-influencia-publica\/"},"modified":"2026-04-28T05:40:05","modified_gmt":"2026-04-28T08:40:05","slug":"deportistas-politica-y-redes-la-nueva-batalla-por-la-influencia-publica","status":"publish","type":"post","link":"https:\/\/gysfm.com.ar\/inicio\/deportistas-politica-y-redes-la-nueva-batalla-por-la-influencia-publica\/","title":{"rendered":"Deportistas, pol\u00edtica y redes: la nueva batalla por la influencia p\u00fablica"},"content":{"rendered":"<p><\/p>\n<div id=\"article-content\">\n<p>La relaci\u00f3n entre pol\u00edtica y figuras populares no es nueva, pero en la actualidad adquiri\u00f3 una intensidad in\u00e9dita. <strong>Jos\u00e9 Mar\u00eda Rodr\u00edguez Sar\u00e1chaga<\/strong>, analista de discursos, sostiene que el uso de deportistas como herramienta de <a target=\"_blank\" href=\"https:\/\/www.perfil.com\/noticias\/canal-e\/congreso-y-elecciones-2027-las-claves-del-nuevo-escenario-politico-argentino.phtml\">comunicaci\u00f3n pol\u00edtica<\/a> se volvi\u00f3 m\u00e1s agresivo y <a target=\"_blank\" href=\"https:\/\/www.perfil.com\/noticias\/canal-e\/tristan-rodriguez-loredo-sobre-la-economia-los-promedios-cada-vez-explican-menos.phtml\">polarizado<\/a>.<\/p>\n<p>\u201c<strong>Lo que est\u00e1 pasando con algunos personajes de la pol\u00edtica es algo muy raro, porque siempre se los us\u00f3 toda la vida hist\u00f3ricamente<\/strong>\u201d, explic\u00f3, al recordar que este fen\u00f3meno existe desde hace d\u00e9cadas. Sin embargo, marc\u00f3 una diferencia clave en el presente: \u201c<strong>Hay un determinado sector de la pol\u00edtica argentina que necesita, s\u00ed o s\u00ed, que se le embanderen algunos personajes<\/strong>\u201d.<\/p>\n<p>Seg\u00fan el analista, cuando esos referentes no toman partido, la reacci\u00f3n puede ser hostil: \u201c<strong>Y cuando no se le embanderan, lo que hace es una pol\u00edtica de odio y de persecuci\u00f3n<\/strong>\u201d. En ese sentido, mencion\u00f3 casos recientes donde figuras deportivas fueron cuestionadas p\u00fablicamente sin un posicionamiento pol\u00edtico expl\u00edcito.<\/p>\n<h2><strong>Polarizaci\u00f3n y redes sociales: un escenario m\u00e1s hostil<\/strong><\/h2>\n<p>El cambio m\u00e1s profundo, seg\u00fan <strong>Rodr\u00edguez Sar\u00e1chaga<\/strong>, est\u00e1 en el rol de las redes sociales, que amplifican los conflictos y reducen los matices. \u201c<strong>Ahora hay una cosa que si no sos m\u00edo, sos de la contra. Te tengo que odiar<\/strong>\u201d, afirm\u00f3, describiendo una l\u00f3gica binaria que domina el debate p\u00fablico.<\/p>\n<p>Esta din\u00e1mica no solo afecta la discusi\u00f3n pol\u00edtica, sino tambi\u00e9n la percepci\u00f3n social del \u00e9xito. \u201c<strong>Es lo peor que he visto en muchos a\u00f1os en comunicaci\u00f3n pol\u00edtica<\/strong>\u201d, sostuvo, al cuestionar el uso de t\u00e9rminos como \u201c<strong>desclasado<\/strong>\u201d para desacreditar a quienes progresan.<\/p>\n<p>Adem\u00e1s, advirti\u00f3 sobre el impacto emocional que este entorno tiene en figuras p\u00fablicas: \u201c<strong>Un artista, un deportista, es una persona muy sensible\u2026 y lo vive y lo pasa muy mal<\/strong>\u201d. La exposici\u00f3n a cr\u00edticas masivas \u2014muchas veces provenientes de cuentas falsas\u2014 puede generar una percepci\u00f3n distorsionada del rechazo social.<\/p>\n<p>En esa l\u00ednea, remarc\u00f3 la necesidad del uso de plataformas digitales: \u201c<strong>Las redes sociales son complicadas, hay que aprenderlas<\/strong>\u201d, subray\u00f3, se\u00f1alando que ni la pol\u00edtica ni el mundo del espect\u00e1culo lograron adaptarse completamente a estas nuevas reglas.<\/p>\n<p><iframe id=\"vrudo\" class=\"vrudo\" src=\"https:\/\/rudo.video\/vod\/yiPBRYHcaBG?volume=0\" width=\"100%\" height=\"100%\" allowscriptaccess=\"always\" allowfullscreen=\"true\" webkitallowfullscreen=\"true\" frameborder=\"0\" scrolling=\"no\" allow=\"autoplay; fullscreen\" loading=\"lazy\" title=\"Contenido embebido\"><\/iframe><\/p>\n<h2><strong>El costo de involucrarse en pol\u00edtica<\/strong><\/h2>\n<p><strong>Rodr\u00edguez Sar\u00e1chaga <\/strong>tambi\u00e9n abord\u00f3 los riesgos que enfrentan artistas y deportistas al involucrarse en pol\u00edtica. \u201c<strong>Los costos de embanderarte pol\u00edticamente son grandes desde siempre<\/strong>\u201d, afirm\u00f3, recordando que esta tensi\u00f3n no es nueva, aunque hoy est\u00e1 amplificada por la tecnolog\u00eda.<\/p>\n<p>A su vez, destac\u00f3 que algunas figuras optan por evitar alineamientos: \u201c<strong>Ni Messi ni Colapinto se dejan usar, ni de un lado ni del otro<\/strong>\u201d, lo que les permite mantener una imagen m\u00e1s neutral frente al p\u00fablico.<\/p>\n<p>Sin embargo, advirti\u00f3 que no todos los sectores reaccionan igual ante esa neutralidad: \u201c<strong>Hay un lado que si no te sum\u00e1s te hace la vida imposible<\/strong>\u201d, explic\u00f3, evidenciando el nivel de presi\u00f3n que puede ejercerse sobre figuras p\u00fablicas.<\/p>\n<\/p><\/div>\n<p><script>\n                !function(f,b,e,v,n,t,s)\n                {if(f.fbq)return;n=f.fbq=function(){n.callMethod?\n                    n.callMethod.apply(n,arguments):n.queue.push(arguments)};\n                    if(!f._fbq)f._fbq=n;n.push=n;n.loaded=!0;n.version='2.0';\n                    n.queue=[];t=b.createElement(e);t.async=!0;\n                    t.src=v;s=b.getElementsByTagName(e)[0];\n                    s.parentNode.insertBefore(t,s)}(window, document,'script',\n                    'https:\/\/connect.facebook.net\/en_US\/fbevents.js');\n                window.paywallConfig.facebook_pixel=\"1000228364089342\"\n            <\/script><\/p>\n","protected":false},"excerpt":{"rendered":"<p>La relaci\u00f3n entre pol\u00edtica y figuras populares no es nueva, pero en la actualidad adquiri\u00f3 una intensidad in\u00e9dita. Jos\u00e9 Mar\u00eda Rodr\u00edguez Sar\u00e1chaga, analista de discursos, sostiene que el uso de deportistas como herramienta de comunicaci\u00f3n pol\u00edtica se volvi\u00f3 m\u00e1s agresivo y polarizado. \u201cLo que est\u00e1 pasando con algunos personajes de la pol\u00edtica es algo muy [&hellip;]<\/p>\n","protected":false},"author":2,"featured_media":193424,"comment_status":"closed","ping_status":"closed","sticky":false,"template":"","format":"standard","meta":{"footnotes":""},"categories":[25],"tags":[],"class_list":["post-193423","post","type-post","status-publish","format-standard","has-post-thumbnail","hentry","category-nacionales"],"yoast_head":"<!-- This site is optimized with the Yoast SEO plugin v24.4 - https:\/\/yoast.com\/wordpress\/plugins\/seo\/ -->\n<title>Deportistas, pol\u00edtica y redes: la nueva batalla por la influencia p\u00fablica - GYS NOTICIAS |<\/title>\n<meta name=\"robots\" content=\"index, follow, max-snippet:-1, max-image-preview:large, max-video-preview:-1\" \/>\n<link rel=\"canonical\" href=\"https:\/\/gysfm.com.ar\/inicio\/deportistas-politica-y-redes-la-nueva-batalla-por-la-influencia-publica\/\" \/>\n<meta property=\"og:locale\" content=\"es_ES\" \/>\n<meta property=\"og:type\" content=\"article\" \/>\n<meta property=\"og:title\" content=\"Deportistas, pol\u00edtica y redes: la nueva batalla por la influencia p\u00fablica - GYS NOTICIAS |\" \/>\n<meta property=\"og:description\" content=\"La relaci\u00f3n entre pol\u00edtica y figuras populares no es nueva, pero en la actualidad adquiri\u00f3 una intensidad in\u00e9dita. Jos\u00e9 Mar\u00eda Rodr\u00edguez Sar\u00e1chaga, analista de discursos, sostiene que el uso de deportistas como herramienta de comunicaci\u00f3n pol\u00edtica se volvi\u00f3 m\u00e1s agresivo y polarizado. \u201cLo que est\u00e1 pasando con algunos personajes de la pol\u00edtica es algo muy [&hellip;]\" \/>\n<meta property=\"og:url\" content=\"https:\/\/gysfm.com.ar\/inicio\/deportistas-politica-y-redes-la-nueva-batalla-por-la-influencia-publica\/\" \/>\n<meta property=\"og:site_name\" content=\"GYS NOTICIAS |\" \/>\n<meta property=\"article:published_time\" content=\"2026-04-28T08:40:05+00:00\" \/>\n<meta name=\"author\" content=\"Prensa G&amp;S FM\" \/>\n<meta name=\"twitter:card\" content=\"summary_large_image\" \/>\n<meta name=\"twitter:label1\" content=\"Escrito por\" \/>\n\t<meta name=\"twitter:data1\" content=\"Prensa G&amp;S FM\" \/>\n\t<meta name=\"twitter:label2\" content=\"Tiempo de lectura\" \/>\n\t<meta name=\"twitter:data2\" content=\"3 minutos\" \/>\n<script type=\"application\/ld+json\" class=\"yoast-schema-graph\">{\"@context\":\"https:\/\/schema.org\",\"@graph\":[{\"@type\":\"Article\",\"@id\":\"https:\/\/gysfm.com.ar\/inicio\/deportistas-politica-y-redes-la-nueva-batalla-por-la-influencia-publica\/#article\",\"isPartOf\":{\"@id\":\"https:\/\/gysfm.com.ar\/inicio\/deportistas-politica-y-redes-la-nueva-batalla-por-la-influencia-publica\/\"},\"author\":{\"name\":\"Prensa G&amp;S FM\",\"@id\":\"https:\/\/gysfm.com.ar\/inicio\/#\/schema\/person\/3abba7593ef2ad19e1be221d54383dc5\"},\"headline\":\"Deportistas, pol\u00edtica y redes: la nueva batalla por la influencia p\u00fablica\",\"datePublished\":\"2026-04-28T08:40:05+00:00\",\"mainEntityOfPage\":{\"@id\":\"https:\/\/gysfm.com.ar\/inicio\/deportistas-politica-y-redes-la-nueva-batalla-por-la-influencia-publica\/\"},\"wordCount\":530,\"publisher\":{\"@id\":\"https:\/\/gysfm.com.ar\/inicio\/#organization\"},\"image\":{\"@id\":\"https:\/\/gysfm.com.ar\/inicio\/deportistas-politica-y-redes-la-nueva-batalla-por-la-influencia-publica\/#primaryimage\"},\"thumbnailUrl\":\"https:\/\/gysfm.com.ar\/inicio\/wp-content\/uploads\/2026\/04\/lionel-messi-y-franco-colapinto-2228806.jpg\",\"articleSection\":[\"NACIONALES\"],\"inLanguage\":\"es\"},{\"@type\":\"WebPage\",\"@id\":\"https:\/\/gysfm.com.ar\/inicio\/deportistas-politica-y-redes-la-nueva-batalla-por-la-influencia-publica\/\",\"url\":\"https:\/\/gysfm.com.ar\/inicio\/deportistas-politica-y-redes-la-nueva-batalla-por-la-influencia-publica\/\",\"name\":\"Deportistas, pol\u00edtica y redes: la nueva batalla por la influencia p\u00fablica - GYS NOTICIAS |\",\"isPartOf\":{\"@id\":\"https:\/\/gysfm.com.ar\/inicio\/#website\"},\"primaryImageOfPage\":{\"@id\":\"https:\/\/gysfm.com.ar\/inicio\/deportistas-politica-y-redes-la-nueva-batalla-por-la-influencia-publica\/#primaryimage\"},\"image\":{\"@id\":\"https:\/\/gysfm.com.ar\/inicio\/deportistas-politica-y-redes-la-nueva-batalla-por-la-influencia-publica\/#primaryimage\"},\"thumbnailUrl\":\"https:\/\/gysfm.com.ar\/inicio\/wp-content\/uploads\/2026\/04\/lionel-messi-y-franco-colapinto-2228806.jpg\",\"datePublished\":\"2026-04-28T08:40:05+00:00\",\"breadcrumb\":{\"@id\":\"https:\/\/gysfm.com.ar\/inicio\/deportistas-politica-y-redes-la-nueva-batalla-por-la-influencia-publica\/#breadcrumb\"},\"inLanguage\":\"es\",\"potentialAction\":[{\"@type\":\"ReadAction\",\"target\":[\"https:\/\/gysfm.com.ar\/inicio\/deportistas-politica-y-redes-la-nueva-batalla-por-la-influencia-publica\/\"]}]},{\"@type\":\"ImageObject\",\"inLanguage\":\"es\",\"@id\":\"https:\/\/gysfm.com.ar\/inicio\/deportistas-politica-y-redes-la-nueva-batalla-por-la-influencia-publica\/#primaryimage\",\"url\":\"https:\/\/gysfm.com.ar\/inicio\/wp-content\/uploads\/2026\/04\/lionel-messi-y-franco-colapinto-2228806.jpg\",\"contentUrl\":\"https:\/\/gysfm.com.ar\/inicio\/wp-content\/uploads\/2026\/04\/lionel-messi-y-franco-colapinto-2228806.jpg\",\"width\":1140,\"height\":641},{\"@type\":\"BreadcrumbList\",\"@id\":\"https:\/\/gysfm.com.ar\/inicio\/deportistas-politica-y-redes-la-nueva-batalla-por-la-influencia-publica\/#breadcrumb\",\"itemListElement\":[{\"@type\":\"ListItem\",\"position\":1,\"name\":\"Portada\",\"item\":\"https:\/\/gysfm.com.ar\/inicio\/\"},{\"@type\":\"ListItem\",\"position\":2,\"name\":\"Deportistas, pol\u00edtica y redes: la nueva batalla por la influencia p\u00fablica\"}]},{\"@type\":\"WebSite\",\"@id\":\"https:\/\/gysfm.com.ar\/inicio\/#website\",\"url\":\"https:\/\/gysfm.com.ar\/inicio\/\",\"name\":\"GYS NOTICIAS |\",\"description\":\"DIARIO - RADIO ONLINE SAN JUAN ARGENTINA\",\"publisher\":{\"@id\":\"https:\/\/gysfm.com.ar\/inicio\/#organization\"},\"potentialAction\":[{\"@type\":\"SearchAction\",\"target\":{\"@type\":\"EntryPoint\",\"urlTemplate\":\"https:\/\/gysfm.com.ar\/inicio\/?s={search_term_string}\"},\"query-input\":{\"@type\":\"PropertyValueSpecification\",\"valueRequired\":true,\"valueName\":\"search_term_string\"}}],\"inLanguage\":\"es\"},{\"@type\":\"Organization\",\"@id\":\"https:\/\/gysfm.com.ar\/inicio\/#organization\",\"name\":\"GYS NOTICIAS |\",\"url\":\"https:\/\/gysfm.com.ar\/inicio\/\",\"logo\":{\"@type\":\"ImageObject\",\"inLanguage\":\"es\",\"@id\":\"https:\/\/gysfm.com.ar\/inicio\/#\/schema\/logo\/image\/\",\"url\":\"https:\/\/gysfm.com.ar\/inicio\/wp-content\/uploads\/2023\/07\/LOGOGYS-OK.png\",\"contentUrl\":\"https:\/\/gysfm.com.ar\/inicio\/wp-content\/uploads\/2023\/07\/LOGOGYS-OK.png\",\"width\":1170,\"height\":872,\"caption\":\"GYS NOTICIAS |\"},\"image\":{\"@id\":\"https:\/\/gysfm.com.ar\/inicio\/#\/schema\/logo\/image\/\"}},{\"@type\":\"Person\",\"@id\":\"https:\/\/gysfm.com.ar\/inicio\/#\/schema\/person\/3abba7593ef2ad19e1be221d54383dc5\",\"name\":\"Prensa G&amp;S FM\",\"image\":{\"@type\":\"ImageObject\",\"inLanguage\":\"es\",\"@id\":\"https:\/\/gysfm.com.ar\/inicio\/#\/schema\/person\/image\/\",\"url\":\"https:\/\/secure.gravatar.com\/avatar\/096ec78df02049ab018702bb4ccedf659377fa92a26540b5247612077a0dbd29?s=96&d=mm&r=g\",\"contentUrl\":\"https:\/\/secure.gravatar.com\/avatar\/096ec78df02049ab018702bb4ccedf659377fa92a26540b5247612077a0dbd29?s=96&d=mm&r=g\",\"caption\":\"Prensa G&amp;S FM\"},\"sameAs\":[\"https:\/\/gysfm.com.ar\/\"],\"url\":\"https:\/\/gysfm.com.ar\/inicio\/author\/lucasm\/\"}]}<\/script>\n<!-- \/ Yoast SEO plugin. -->","yoast_head_json":{"title":"Deportistas, pol\u00edtica y redes: la nueva batalla por la influencia p\u00fablica - GYS NOTICIAS |","robots":{"index":"index","follow":"follow","max-snippet":"max-snippet:-1","max-image-preview":"max-image-preview:large","max-video-preview":"max-video-preview:-1"},"canonical":"https:\/\/gysfm.com.ar\/inicio\/deportistas-politica-y-redes-la-nueva-batalla-por-la-influencia-publica\/","og_locale":"es_ES","og_type":"article","og_title":"Deportistas, pol\u00edtica y redes: la nueva batalla por la influencia p\u00fablica - GYS NOTICIAS |","og_description":"La relaci\u00f3n entre pol\u00edtica y figuras populares no es nueva, pero en la actualidad adquiri\u00f3 una intensidad in\u00e9dita. Jos\u00e9 Mar\u00eda Rodr\u00edguez Sar\u00e1chaga, analista de discursos, sostiene que el uso de deportistas como herramienta de comunicaci\u00f3n pol\u00edtica se volvi\u00f3 m\u00e1s agresivo y polarizado. \u201cLo que est\u00e1 pasando con algunos personajes de la pol\u00edtica es algo muy [&hellip;]","og_url":"https:\/\/gysfm.com.ar\/inicio\/deportistas-politica-y-redes-la-nueva-batalla-por-la-influencia-publica\/","og_site_name":"GYS NOTICIAS |","article_published_time":"2026-04-28T08:40:05+00:00","author":"Prensa G&amp;S FM","twitter_card":"summary_large_image","twitter_misc":{"Escrito por":"Prensa G&amp;S FM","Tiempo de lectura":"3 minutos"},"schema":{"@context":"https:\/\/schema.org","@graph":[{"@type":"Article","@id":"https:\/\/gysfm.com.ar\/inicio\/deportistas-politica-y-redes-la-nueva-batalla-por-la-influencia-publica\/#article","isPartOf":{"@id":"https:\/\/gysfm.com.ar\/inicio\/deportistas-politica-y-redes-la-nueva-batalla-por-la-influencia-publica\/"},"author":{"name":"Prensa G&amp;S FM","@id":"https:\/\/gysfm.com.ar\/inicio\/#\/schema\/person\/3abba7593ef2ad19e1be221d54383dc5"},"headline":"Deportistas, pol\u00edtica y redes: la nueva batalla por la influencia p\u00fablica","datePublished":"2026-04-28T08:40:05+00:00","mainEntityOfPage":{"@id":"https:\/\/gysfm.com.ar\/inicio\/deportistas-politica-y-redes-la-nueva-batalla-por-la-influencia-publica\/"},"wordCount":530,"publisher":{"@id":"https:\/\/gysfm.com.ar\/inicio\/#organization"},"image":{"@id":"https:\/\/gysfm.com.ar\/inicio\/deportistas-politica-y-redes-la-nueva-batalla-por-la-influencia-publica\/#primaryimage"},"thumbnailUrl":"https:\/\/gysfm.com.ar\/inicio\/wp-content\/uploads\/2026\/04\/lionel-messi-y-franco-colapinto-2228806.jpg","articleSection":["NACIONALES"],"inLanguage":"es"},{"@type":"WebPage","@id":"https:\/\/gysfm.com.ar\/inicio\/deportistas-politica-y-redes-la-nueva-batalla-por-la-influencia-publica\/","url":"https:\/\/gysfm.com.ar\/inicio\/deportistas-politica-y-redes-la-nueva-batalla-por-la-influencia-publica\/","name":"Deportistas, pol\u00edtica y redes: la nueva batalla por la influencia p\u00fablica - GYS NOTICIAS |","isPartOf":{"@id":"https:\/\/gysfm.com.ar\/inicio\/#website"},"primaryImageOfPage":{"@id":"https:\/\/gysfm.com.ar\/inicio\/deportistas-politica-y-redes-la-nueva-batalla-por-la-influencia-publica\/#primaryimage"},"image":{"@id":"https:\/\/gysfm.com.ar\/inicio\/deportistas-politica-y-redes-la-nueva-batalla-por-la-influencia-publica\/#primaryimage"},"thumbnailUrl":"https:\/\/gysfm.com.ar\/inicio\/wp-content\/uploads\/2026\/04\/lionel-messi-y-franco-colapinto-2228806.jpg","datePublished":"2026-04-28T08:40:05+00:00","breadcrumb":{"@id":"https:\/\/gysfm.com.ar\/inicio\/deportistas-politica-y-redes-la-nueva-batalla-por-la-influencia-publica\/#breadcrumb"},"inLanguage":"es","potentialAction":[{"@type":"ReadAction","target":["https:\/\/gysfm.com.ar\/inicio\/deportistas-politica-y-redes-la-nueva-batalla-por-la-influencia-publica\/"]}]},{"@type":"ImageObject","inLanguage":"es","@id":"https:\/\/gysfm.com.ar\/inicio\/deportistas-politica-y-redes-la-nueva-batalla-por-la-influencia-publica\/#primaryimage","url":"https:\/\/gysfm.com.ar\/inicio\/wp-content\/uploads\/2026\/04\/lionel-messi-y-franco-colapinto-2228806.jpg","contentUrl":"https:\/\/gysfm.com.ar\/inicio\/wp-content\/uploads\/2026\/04\/lionel-messi-y-franco-colapinto-2228806.jpg","width":1140,"height":641},{"@type":"BreadcrumbList","@id":"https:\/\/gysfm.com.ar\/inicio\/deportistas-politica-y-redes-la-nueva-batalla-por-la-influencia-publica\/#breadcrumb","itemListElement":[{"@type":"ListItem","position":1,"name":"Portada","item":"https:\/\/gysfm.com.ar\/inicio\/"},{"@type":"ListItem","position":2,"name":"Deportistas, pol\u00edtica y redes: la nueva batalla por la influencia p\u00fablica"}]},{"@type":"WebSite","@id":"https:\/\/gysfm.com.ar\/inicio\/#website","url":"https:\/\/gysfm.com.ar\/inicio\/","name":"GYS NOTICIAS |","description":"DIARIO - RADIO ONLINE SAN JUAN ARGENTINA","publisher":{"@id":"https:\/\/gysfm.com.ar\/inicio\/#organization"},"potentialAction":[{"@type":"SearchAction","target":{"@type":"EntryPoint","urlTemplate":"https:\/\/gysfm.com.ar\/inicio\/?s={search_term_string}"},"query-input":{"@type":"PropertyValueSpecification","valueRequired":true,"valueName":"search_term_string"}}],"inLanguage":"es"},{"@type":"Organization","@id":"https:\/\/gysfm.com.ar\/inicio\/#organization","name":"GYS NOTICIAS |","url":"https:\/\/gysfm.com.ar\/inicio\/","logo":{"@type":"ImageObject","inLanguage":"es","@id":"https:\/\/gysfm.com.ar\/inicio\/#\/schema\/logo\/image\/","url":"https:\/\/gysfm.com.ar\/inicio\/wp-content\/uploads\/2023\/07\/LOGOGYS-OK.png","contentUrl":"https:\/\/gysfm.com.ar\/inicio\/wp-content\/uploads\/2023\/07\/LOGOGYS-OK.png","width":1170,"height":872,"caption":"GYS NOTICIAS |"},"image":{"@id":"https:\/\/gysfm.com.ar\/inicio\/#\/schema\/logo\/image\/"}},{"@type":"Person","@id":"https:\/\/gysfm.com.ar\/inicio\/#\/schema\/person\/3abba7593ef2ad19e1be221d54383dc5","name":"Prensa G&amp;S FM","image":{"@type":"ImageObject","inLanguage":"es","@id":"https:\/\/gysfm.com.ar\/inicio\/#\/schema\/person\/image\/","url":"https:\/\/secure.gravatar.com\/avatar\/096ec78df02049ab018702bb4ccedf659377fa92a26540b5247612077a0dbd29?s=96&d=mm&r=g","contentUrl":"https:\/\/secure.gravatar.com\/avatar\/096ec78df02049ab018702bb4ccedf659377fa92a26540b5247612077a0dbd29?s=96&d=mm&r=g","caption":"Prensa G&amp;S FM"},"sameAs":["https:\/\/gysfm.com.ar\/"],"url":"https:\/\/gysfm.com.ar\/inicio\/author\/lucasm\/"}]}},"_links":{"self":[{"href":"https:\/\/gysfm.com.ar\/inicio\/wp-json\/wp\/v2\/posts\/193423","targetHints":{"allow":["GET"]}}],"collection":[{"href":"https:\/\/gysfm.com.ar\/inicio\/wp-json\/wp\/v2\/posts"}],"about":[{"href":"https:\/\/gysfm.com.ar\/inicio\/wp-json\/wp\/v2\/types\/post"}],"author":[{"embeddable":true,"href":"https:\/\/gysfm.com.ar\/inicio\/wp-json\/wp\/v2\/users\/2"}],"replies":[{"embeddable":true,"href":"https:\/\/gysfm.com.ar\/inicio\/wp-json\/wp\/v2\/comments?post=193423"}],"version-history":[{"count":0,"href":"https:\/\/gysfm.com.ar\/inicio\/wp-json\/wp\/v2\/posts\/193423\/revisions"}],"wp:featuredmedia":[{"embeddable":true,"href":"https:\/\/gysfm.com.ar\/inicio\/wp-json\/wp\/v2\/media\/193424"}],"wp:attachment":[{"href":"https:\/\/gysfm.com.ar\/inicio\/wp-json\/wp\/v2\/media?parent=193423"}],"wp:term":[{"taxonomy":"category","embeddable":true,"href":"https:\/\/gysfm.com.ar\/inicio\/wp-json\/wp\/v2\/categories?post=193423"},{"taxonomy":"post_tag","embeddable":true,"href":"https:\/\/gysfm.com.ar\/inicio\/wp-json\/wp\/v2\/tags?post=193423"}],"curies":[{"name":"wp","href":"https:\/\/api.w.org\/{rel}","templated":true}]}}