{"id":193421,"date":"2026-04-28T05:09:26","date_gmt":"2026-04-28T08:09:26","guid":{"rendered":"https:\/\/gysfm.com.ar\/inicio\/emprendedores-jovenes-en-argentina-no-necesariamente-el-trabajo-formal-es-la-unica-posibilidad-de-progreso\/"},"modified":"2026-04-28T05:09:26","modified_gmt":"2026-04-28T08:09:26","slug":"emprendedores-jovenes-en-argentina-no-necesariamente-el-trabajo-formal-es-la-unica-posibilidad-de-progreso","status":"publish","type":"post","link":"https:\/\/gysfm.com.ar\/inicio\/emprendedores-jovenes-en-argentina-no-necesariamente-el-trabajo-formal-es-la-unica-posibilidad-de-progreso\/","title":{"rendered":"Emprendedores j\u00f3venes en Argentina: \u201cNo necesariamente el trabajo formal es la \u00fanica posibilidad de progreso\u201d"},"content":{"rendered":"<p><\/p>\n<div id=\"article-content\">\n<p>En un contexto donde el mercado laboral se redefine, el emprendedurismo emerge como una <a target=\"_blank\" href=\"https:\/\/www.perfil.com\/noticias\/canal-e\/congreso-y-elecciones-2027-las-claves-del-nuevo-escenario-politico-argentino.phtml\">salida<\/a> cada vez m\u00e1s elegida por los <a target=\"_blank\" href=\"https:\/\/www.perfil.com\/noticias\/canal-e\/tristan-rodriguez-loredo-sobre-la-economia-los-promedios-cada-vez-explican-menos.phtml\">j\u00f3venes<\/a> en Argentina. Desde la Fundaci\u00f3n Empujar, su director <strong>Germ\u00e1n Lojk<\/strong> observa esta transformaci\u00f3n de primera mano y destaca un cambio generacional clave: \u201c<strong>hab\u00eda muchos j\u00f3venes que quer\u00edan seguir el camino del emprendimiento propio, familiar o barrial<\/strong>\u201d.<\/p>\n<p>Lejos de la idea tradicional de empleo formal como \u00fanico camino,<strong> Lojk <\/strong>subraya que las nuevas generaciones ampl\u00edan sus horizontes: \u201c<strong>no necesariamente, como para nuestra generaci\u00f3n, el trabajo formal era la \u00fanica posibilidad de progreso<\/strong>\u201d. Este giro impuls\u00f3 a la organizaci\u00f3n \u2014con m\u00e1s de 15 a\u00f1os de trayectoria\u2014 a adaptar su enfoque y sumar capacitaciones espec\u00edficas en emprendedurismo.<\/p>\n<h2><strong>Emprender desde lo cotidiano: m\u00e1s all\u00e1 de la tecnolog\u00eda<\/strong><\/h2>\n<p>El universo emprendedor no se limita a startups tecnol\u00f3gicas o proyectos millonarios. Por el contrario, <strong>Lojk<\/strong> remarca la diversidad de iniciativas que surgen en los barrios: \u201c<strong>tenemos peluqueros, gente que hace piezas de dise\u00f1o, comida, servicios de cuidado\u2026 hay infinidad de econom\u00eda que antes llam\u00e1bamos informal<\/strong>\u201d.<\/p>\n<p>En este sentido, si bien reconoce la importancia de la tecnolog\u00eda, aclara que no es excluyente: \u201c<strong>las herramientas tecnol\u00f3gicas y las redes son esenciales, pero no necesariamente todos los emprendimientos est\u00e1n relacionados con la tecnolog\u00eda<\/strong>\u201d. Para muchos j\u00f3venes, emprender implica potenciar habilidades existentes y responder a necesidades cercanas.<\/p>\n<p><iframe id=\"vrudo\" class=\"vrudo\" src=\"https:\/\/rudo.video\/vod\/yiP1E6VsGRc?volume=0\" width=\"100%\" height=\"100%\" allowscriptaccess=\"always\" allowfullscreen=\"true\" webkitallowfullscreen=\"true\" frameborder=\"0\" scrolling=\"no\" allow=\"autoplay; fullscreen\" loading=\"lazy\" title=\"Contenido embebido\"><\/iframe><\/p>\n<h2><strong>Capacitaci\u00f3n y capital semilla: claves para sostener proyectos<\/strong><\/h2>\n<p>Desde Empujar, el foco est\u00e1 puesto en brindar herramientas concretas para que los emprendimientos sean sostenibles. <strong>Lojk<\/strong> explica que el acompa\u00f1amiento incluye formaci\u00f3n en aspectos b\u00e1sicos pero fundamentales: \u201c<strong>c\u00f3mo es un proyecto, c\u00f3mo lo pod\u00e9s comunicar, c\u00f3mo se costea, c\u00f3mo se valora tu trabajo<\/strong>\u201d.<\/p>\n<p>Adem\u00e1s, el programa \u201c<strong>Emprendiendo<\/strong>\u201d ofrece becas y apoyo econ\u00f3mico inicial: \u201c<strong>escogemos a 20 de los proyectos m\u00e1s avanzados para darle un capital semilla<\/strong>\u201d, detalla. Este financiamiento, aunque modesto, puede marcar la diferencia: \u201c<strong>no estamos pensando en grandes inversiones, sino en alg\u00fan peque\u00f1o empuj\u00f3n que permita expandir el emprendedurismo<\/strong>\u201d.<\/p>\n<p>Otro aspecto clave es la formalizaci\u00f3n.<strong> Lojk <\/strong>menciona la importancia de introducir a los j\u00f3venes en herramientas b\u00e1sicas como el monotributo y billeteras digitales: \u201c<strong>son como un kit inicial para poder dar un push y salir a la calle con el emprendimiento<\/strong>\u201d.<\/p>\n<p>Finalmente, el director de Empujar invita a los interesados a sumarse a la red de apoyo: \u201c<strong>pueden ver estas becas y programas que tenemos para acompa\u00f1ar a los j\u00f3venes en este camino<\/strong>\u201d.<\/p>\n<\/p><\/div>\n<p><script>\n                !function(f,b,e,v,n,t,s)\n                {if(f.fbq)return;n=f.fbq=function(){n.callMethod?\n                    n.callMethod.apply(n,arguments):n.queue.push(arguments)};\n                    if(!f._fbq)f._fbq=n;n.push=n;n.loaded=!0;n.version='2.0';\n                    n.queue=[];t=b.createElement(e);t.async=!0;\n                    t.src=v;s=b.getElementsByTagName(e)[0];\n                    s.parentNode.insertBefore(t,s)}(window, document,'script',\n                    'https:\/\/connect.facebook.net\/en_US\/fbevents.js');\n                window.paywallConfig.facebook_pixel=\"1000228364089342\"\n            <\/script><\/p>\n","protected":false},"excerpt":{"rendered":"<p>En un contexto donde el mercado laboral se redefine, el emprendedurismo emerge como una salida cada vez m\u00e1s elegida por los j\u00f3venes en Argentina. Desde la Fundaci\u00f3n Empujar, su director Germ\u00e1n Lojk observa esta transformaci\u00f3n de primera mano y destaca un cambio generacional clave: \u201chab\u00eda muchos j\u00f3venes que quer\u00edan seguir el camino del emprendimiento propio, [&hellip;]<\/p>\n","protected":false},"author":2,"featured_media":193422,"comment_status":"closed","ping_status":"closed","sticky":false,"template":"","format":"standard","meta":{"footnotes":""},"categories":[25],"tags":[],"class_list":["post-193421","post","type-post","status-publish","format-standard","has-post-thumbnail","hentry","category-nacionales"],"yoast_head":"<!-- This site is optimized with the Yoast SEO plugin v24.4 - https:\/\/yoast.com\/wordpress\/plugins\/seo\/ -->\n<title>Emprendedores j\u00f3venes en Argentina: \u201cNo necesariamente el trabajo formal es la \u00fanica posibilidad de progreso\u201d - GYS NOTICIAS |<\/title>\n<meta name=\"robots\" content=\"index, follow, max-snippet:-1, max-image-preview:large, max-video-preview:-1\" \/>\n<link rel=\"canonical\" href=\"https:\/\/gysfm.com.ar\/inicio\/emprendedores-jovenes-en-argentina-no-necesariamente-el-trabajo-formal-es-la-unica-posibilidad-de-progreso\/\" \/>\n<meta property=\"og:locale\" content=\"es_ES\" \/>\n<meta property=\"og:type\" content=\"article\" \/>\n<meta property=\"og:title\" content=\"Emprendedores j\u00f3venes en Argentina: \u201cNo necesariamente el trabajo formal es la \u00fanica posibilidad de progreso\u201d - GYS NOTICIAS |\" \/>\n<meta property=\"og:description\" content=\"En un contexto donde el mercado laboral se redefine, el emprendedurismo emerge como una salida cada vez m\u00e1s elegida por los j\u00f3venes en Argentina. Desde la Fundaci\u00f3n Empujar, su director Germ\u00e1n Lojk observa esta transformaci\u00f3n de primera mano y destaca un cambio generacional clave: \u201chab\u00eda muchos j\u00f3venes que quer\u00edan seguir el camino del emprendimiento propio, [&hellip;]\" \/>\n<meta property=\"og:url\" content=\"https:\/\/gysfm.com.ar\/inicio\/emprendedores-jovenes-en-argentina-no-necesariamente-el-trabajo-formal-es-la-unica-posibilidad-de-progreso\/\" \/>\n<meta property=\"og:site_name\" content=\"GYS NOTICIAS |\" \/>\n<meta property=\"article:published_time\" content=\"2026-04-28T08:09:26+00:00\" \/>\n<meta name=\"author\" content=\"Prensa G&amp;S FM\" \/>\n<meta name=\"twitter:card\" content=\"summary_large_image\" \/>\n<meta name=\"twitter:label1\" content=\"Escrito por\" \/>\n\t<meta name=\"twitter:data1\" content=\"Prensa G&amp;S FM\" \/>\n\t<meta name=\"twitter:label2\" content=\"Tiempo de lectura\" \/>\n\t<meta name=\"twitter:data2\" content=\"2 minutos\" \/>\n<script type=\"application\/ld+json\" class=\"yoast-schema-graph\">{\"@context\":\"https:\/\/schema.org\",\"@graph\":[{\"@type\":\"Article\",\"@id\":\"https:\/\/gysfm.com.ar\/inicio\/emprendedores-jovenes-en-argentina-no-necesariamente-el-trabajo-formal-es-la-unica-posibilidad-de-progreso\/#article\",\"isPartOf\":{\"@id\":\"https:\/\/gysfm.com.ar\/inicio\/emprendedores-jovenes-en-argentina-no-necesariamente-el-trabajo-formal-es-la-unica-posibilidad-de-progreso\/\"},\"author\":{\"name\":\"Prensa G&amp;S FM\",\"@id\":\"https:\/\/gysfm.com.ar\/inicio\/#\/schema\/person\/3abba7593ef2ad19e1be221d54383dc5\"},\"headline\":\"Emprendedores j\u00f3venes en Argentina: \u201cNo necesariamente el trabajo formal es la \u00fanica posibilidad de progreso\u201d\",\"datePublished\":\"2026-04-28T08:09:26+00:00\",\"mainEntityOfPage\":{\"@id\":\"https:\/\/gysfm.com.ar\/inicio\/emprendedores-jovenes-en-argentina-no-necesariamente-el-trabajo-formal-es-la-unica-posibilidad-de-progreso\/\"},\"wordCount\":452,\"publisher\":{\"@id\":\"https:\/\/gysfm.com.ar\/inicio\/#organization\"},\"image\":{\"@id\":\"https:\/\/gysfm.com.ar\/inicio\/emprendedores-jovenes-en-argentina-no-necesariamente-el-trabajo-formal-es-la-unica-posibilidad-de-progreso\/#primaryimage\"},\"thumbnailUrl\":\"https:\/\/gysfm.com.ar\/inicio\/wp-content\/uploads\/2026\/04\/trabajos-formales-vs-emprendedores-2228830.jpg\",\"articleSection\":[\"NACIONALES\"],\"inLanguage\":\"es\"},{\"@type\":\"WebPage\",\"@id\":\"https:\/\/gysfm.com.ar\/inicio\/emprendedores-jovenes-en-argentina-no-necesariamente-el-trabajo-formal-es-la-unica-posibilidad-de-progreso\/\",\"url\":\"https:\/\/gysfm.com.ar\/inicio\/emprendedores-jovenes-en-argentina-no-necesariamente-el-trabajo-formal-es-la-unica-posibilidad-de-progreso\/\",\"name\":\"Emprendedores j\u00f3venes en Argentina: \u201cNo necesariamente el trabajo formal es la \u00fanica posibilidad de progreso\u201d - GYS NOTICIAS |\",\"isPartOf\":{\"@id\":\"https:\/\/gysfm.com.ar\/inicio\/#website\"},\"primaryImageOfPage\":{\"@id\":\"https:\/\/gysfm.com.ar\/inicio\/emprendedores-jovenes-en-argentina-no-necesariamente-el-trabajo-formal-es-la-unica-posibilidad-de-progreso\/#primaryimage\"},\"image\":{\"@id\":\"https:\/\/gysfm.com.ar\/inicio\/emprendedores-jovenes-en-argentina-no-necesariamente-el-trabajo-formal-es-la-unica-posibilidad-de-progreso\/#primaryimage\"},\"thumbnailUrl\":\"https:\/\/gysfm.com.ar\/inicio\/wp-content\/uploads\/2026\/04\/trabajos-formales-vs-emprendedores-2228830.jpg\",\"datePublished\":\"2026-04-28T08:09:26+00:00\",\"breadcrumb\":{\"@id\":\"https:\/\/gysfm.com.ar\/inicio\/emprendedores-jovenes-en-argentina-no-necesariamente-el-trabajo-formal-es-la-unica-posibilidad-de-progreso\/#breadcrumb\"},\"inLanguage\":\"es\",\"potentialAction\":[{\"@type\":\"ReadAction\",\"target\":[\"https:\/\/gysfm.com.ar\/inicio\/emprendedores-jovenes-en-argentina-no-necesariamente-el-trabajo-formal-es-la-unica-posibilidad-de-progreso\/\"]}]},{\"@type\":\"ImageObject\",\"inLanguage\":\"es\",\"@id\":\"https:\/\/gysfm.com.ar\/inicio\/emprendedores-jovenes-en-argentina-no-necesariamente-el-trabajo-formal-es-la-unica-posibilidad-de-progreso\/#primaryimage\",\"url\":\"https:\/\/gysfm.com.ar\/inicio\/wp-content\/uploads\/2026\/04\/trabajos-formales-vs-emprendedores-2228830.jpg\",\"contentUrl\":\"https:\/\/gysfm.com.ar\/inicio\/wp-content\/uploads\/2026\/04\/trabajos-formales-vs-emprendedores-2228830.jpg\",\"width\":1140,\"height\":641},{\"@type\":\"BreadcrumbList\",\"@id\":\"https:\/\/gysfm.com.ar\/inicio\/emprendedores-jovenes-en-argentina-no-necesariamente-el-trabajo-formal-es-la-unica-posibilidad-de-progreso\/#breadcrumb\",\"itemListElement\":[{\"@type\":\"ListItem\",\"position\":1,\"name\":\"Portada\",\"item\":\"https:\/\/gysfm.com.ar\/inicio\/\"},{\"@type\":\"ListItem\",\"position\":2,\"name\":\"Emprendedores j\u00f3venes en Argentina: \u201cNo necesariamente el trabajo formal es la \u00fanica posibilidad de progreso\u201d\"}]},{\"@type\":\"WebSite\",\"@id\":\"https:\/\/gysfm.com.ar\/inicio\/#website\",\"url\":\"https:\/\/gysfm.com.ar\/inicio\/\",\"name\":\"GYS NOTICIAS |\",\"description\":\"DIARIO - RADIO ONLINE SAN JUAN ARGENTINA\",\"publisher\":{\"@id\":\"https:\/\/gysfm.com.ar\/inicio\/#organization\"},\"potentialAction\":[{\"@type\":\"SearchAction\",\"target\":{\"@type\":\"EntryPoint\",\"urlTemplate\":\"https:\/\/gysfm.com.ar\/inicio\/?s={search_term_string}\"},\"query-input\":{\"@type\":\"PropertyValueSpecification\",\"valueRequired\":true,\"valueName\":\"search_term_string\"}}],\"inLanguage\":\"es\"},{\"@type\":\"Organization\",\"@id\":\"https:\/\/gysfm.com.ar\/inicio\/#organization\",\"name\":\"GYS NOTICIAS |\",\"url\":\"https:\/\/gysfm.com.ar\/inicio\/\",\"logo\":{\"@type\":\"ImageObject\",\"inLanguage\":\"es\",\"@id\":\"https:\/\/gysfm.com.ar\/inicio\/#\/schema\/logo\/image\/\",\"url\":\"https:\/\/gysfm.com.ar\/inicio\/wp-content\/uploads\/2023\/07\/LOGOGYS-OK.png\",\"contentUrl\":\"https:\/\/gysfm.com.ar\/inicio\/wp-content\/uploads\/2023\/07\/LOGOGYS-OK.png\",\"width\":1170,\"height\":872,\"caption\":\"GYS NOTICIAS |\"},\"image\":{\"@id\":\"https:\/\/gysfm.com.ar\/inicio\/#\/schema\/logo\/image\/\"}},{\"@type\":\"Person\",\"@id\":\"https:\/\/gysfm.com.ar\/inicio\/#\/schema\/person\/3abba7593ef2ad19e1be221d54383dc5\",\"name\":\"Prensa G&amp;S FM\",\"image\":{\"@type\":\"ImageObject\",\"inLanguage\":\"es\",\"@id\":\"https:\/\/gysfm.com.ar\/inicio\/#\/schema\/person\/image\/\",\"url\":\"https:\/\/secure.gravatar.com\/avatar\/096ec78df02049ab018702bb4ccedf659377fa92a26540b5247612077a0dbd29?s=96&d=mm&r=g\",\"contentUrl\":\"https:\/\/secure.gravatar.com\/avatar\/096ec78df02049ab018702bb4ccedf659377fa92a26540b5247612077a0dbd29?s=96&d=mm&r=g\",\"caption\":\"Prensa G&amp;S FM\"},\"sameAs\":[\"https:\/\/gysfm.com.ar\/\"],\"url\":\"https:\/\/gysfm.com.ar\/inicio\/author\/lucasm\/\"}]}<\/script>\n<!-- \/ Yoast SEO plugin. -->","yoast_head_json":{"title":"Emprendedores j\u00f3venes en Argentina: \u201cNo necesariamente el trabajo formal es la \u00fanica posibilidad de progreso\u201d - GYS NOTICIAS |","robots":{"index":"index","follow":"follow","max-snippet":"max-snippet:-1","max-image-preview":"max-image-preview:large","max-video-preview":"max-video-preview:-1"},"canonical":"https:\/\/gysfm.com.ar\/inicio\/emprendedores-jovenes-en-argentina-no-necesariamente-el-trabajo-formal-es-la-unica-posibilidad-de-progreso\/","og_locale":"es_ES","og_type":"article","og_title":"Emprendedores j\u00f3venes en Argentina: \u201cNo necesariamente el trabajo formal es la \u00fanica posibilidad de progreso\u201d - GYS NOTICIAS |","og_description":"En un contexto donde el mercado laboral se redefine, el emprendedurismo emerge como una salida cada vez m\u00e1s elegida por los j\u00f3venes en Argentina. Desde la Fundaci\u00f3n Empujar, su director Germ\u00e1n Lojk observa esta transformaci\u00f3n de primera mano y destaca un cambio generacional clave: \u201chab\u00eda muchos j\u00f3venes que quer\u00edan seguir el camino del emprendimiento propio, [&hellip;]","og_url":"https:\/\/gysfm.com.ar\/inicio\/emprendedores-jovenes-en-argentina-no-necesariamente-el-trabajo-formal-es-la-unica-posibilidad-de-progreso\/","og_site_name":"GYS NOTICIAS |","article_published_time":"2026-04-28T08:09:26+00:00","author":"Prensa G&amp;S FM","twitter_card":"summary_large_image","twitter_misc":{"Escrito por":"Prensa G&amp;S FM","Tiempo de lectura":"2 minutos"},"schema":{"@context":"https:\/\/schema.org","@graph":[{"@type":"Article","@id":"https:\/\/gysfm.com.ar\/inicio\/emprendedores-jovenes-en-argentina-no-necesariamente-el-trabajo-formal-es-la-unica-posibilidad-de-progreso\/#article","isPartOf":{"@id":"https:\/\/gysfm.com.ar\/inicio\/emprendedores-jovenes-en-argentina-no-necesariamente-el-trabajo-formal-es-la-unica-posibilidad-de-progreso\/"},"author":{"name":"Prensa G&amp;S FM","@id":"https:\/\/gysfm.com.ar\/inicio\/#\/schema\/person\/3abba7593ef2ad19e1be221d54383dc5"},"headline":"Emprendedores j\u00f3venes en Argentina: \u201cNo necesariamente el trabajo formal es la \u00fanica posibilidad de progreso\u201d","datePublished":"2026-04-28T08:09:26+00:00","mainEntityOfPage":{"@id":"https:\/\/gysfm.com.ar\/inicio\/emprendedores-jovenes-en-argentina-no-necesariamente-el-trabajo-formal-es-la-unica-posibilidad-de-progreso\/"},"wordCount":452,"publisher":{"@id":"https:\/\/gysfm.com.ar\/inicio\/#organization"},"image":{"@id":"https:\/\/gysfm.com.ar\/inicio\/emprendedores-jovenes-en-argentina-no-necesariamente-el-trabajo-formal-es-la-unica-posibilidad-de-progreso\/#primaryimage"},"thumbnailUrl":"https:\/\/gysfm.com.ar\/inicio\/wp-content\/uploads\/2026\/04\/trabajos-formales-vs-emprendedores-2228830.jpg","articleSection":["NACIONALES"],"inLanguage":"es"},{"@type":"WebPage","@id":"https:\/\/gysfm.com.ar\/inicio\/emprendedores-jovenes-en-argentina-no-necesariamente-el-trabajo-formal-es-la-unica-posibilidad-de-progreso\/","url":"https:\/\/gysfm.com.ar\/inicio\/emprendedores-jovenes-en-argentina-no-necesariamente-el-trabajo-formal-es-la-unica-posibilidad-de-progreso\/","name":"Emprendedores j\u00f3venes en Argentina: \u201cNo necesariamente el trabajo formal es la \u00fanica posibilidad de progreso\u201d - GYS NOTICIAS |","isPartOf":{"@id":"https:\/\/gysfm.com.ar\/inicio\/#website"},"primaryImageOfPage":{"@id":"https:\/\/gysfm.com.ar\/inicio\/emprendedores-jovenes-en-argentina-no-necesariamente-el-trabajo-formal-es-la-unica-posibilidad-de-progreso\/#primaryimage"},"image":{"@id":"https:\/\/gysfm.com.ar\/inicio\/emprendedores-jovenes-en-argentina-no-necesariamente-el-trabajo-formal-es-la-unica-posibilidad-de-progreso\/#primaryimage"},"thumbnailUrl":"https:\/\/gysfm.com.ar\/inicio\/wp-content\/uploads\/2026\/04\/trabajos-formales-vs-emprendedores-2228830.jpg","datePublished":"2026-04-28T08:09:26+00:00","breadcrumb":{"@id":"https:\/\/gysfm.com.ar\/inicio\/emprendedores-jovenes-en-argentina-no-necesariamente-el-trabajo-formal-es-la-unica-posibilidad-de-progreso\/#breadcrumb"},"inLanguage":"es","potentialAction":[{"@type":"ReadAction","target":["https:\/\/gysfm.com.ar\/inicio\/emprendedores-jovenes-en-argentina-no-necesariamente-el-trabajo-formal-es-la-unica-posibilidad-de-progreso\/"]}]},{"@type":"ImageObject","inLanguage":"es","@id":"https:\/\/gysfm.com.ar\/inicio\/emprendedores-jovenes-en-argentina-no-necesariamente-el-trabajo-formal-es-la-unica-posibilidad-de-progreso\/#primaryimage","url":"https:\/\/gysfm.com.ar\/inicio\/wp-content\/uploads\/2026\/04\/trabajos-formales-vs-emprendedores-2228830.jpg","contentUrl":"https:\/\/gysfm.com.ar\/inicio\/wp-content\/uploads\/2026\/04\/trabajos-formales-vs-emprendedores-2228830.jpg","width":1140,"height":641},{"@type":"BreadcrumbList","@id":"https:\/\/gysfm.com.ar\/inicio\/emprendedores-jovenes-en-argentina-no-necesariamente-el-trabajo-formal-es-la-unica-posibilidad-de-progreso\/#breadcrumb","itemListElement":[{"@type":"ListItem","position":1,"name":"Portada","item":"https:\/\/gysfm.com.ar\/inicio\/"},{"@type":"ListItem","position":2,"name":"Emprendedores j\u00f3venes en Argentina: \u201cNo necesariamente el trabajo formal es la \u00fanica posibilidad de progreso\u201d"}]},{"@type":"WebSite","@id":"https:\/\/gysfm.com.ar\/inicio\/#website","url":"https:\/\/gysfm.com.ar\/inicio\/","name":"GYS NOTICIAS |","description":"DIARIO - RADIO ONLINE SAN JUAN ARGENTINA","publisher":{"@id":"https:\/\/gysfm.com.ar\/inicio\/#organization"},"potentialAction":[{"@type":"SearchAction","target":{"@type":"EntryPoint","urlTemplate":"https:\/\/gysfm.com.ar\/inicio\/?s={search_term_string}"},"query-input":{"@type":"PropertyValueSpecification","valueRequired":true,"valueName":"search_term_string"}}],"inLanguage":"es"},{"@type":"Organization","@id":"https:\/\/gysfm.com.ar\/inicio\/#organization","name":"GYS NOTICIAS |","url":"https:\/\/gysfm.com.ar\/inicio\/","logo":{"@type":"ImageObject","inLanguage":"es","@id":"https:\/\/gysfm.com.ar\/inicio\/#\/schema\/logo\/image\/","url":"https:\/\/gysfm.com.ar\/inicio\/wp-content\/uploads\/2023\/07\/LOGOGYS-OK.png","contentUrl":"https:\/\/gysfm.com.ar\/inicio\/wp-content\/uploads\/2023\/07\/LOGOGYS-OK.png","width":1170,"height":872,"caption":"GYS NOTICIAS |"},"image":{"@id":"https:\/\/gysfm.com.ar\/inicio\/#\/schema\/logo\/image\/"}},{"@type":"Person","@id":"https:\/\/gysfm.com.ar\/inicio\/#\/schema\/person\/3abba7593ef2ad19e1be221d54383dc5","name":"Prensa G&amp;S FM","image":{"@type":"ImageObject","inLanguage":"es","@id":"https:\/\/gysfm.com.ar\/inicio\/#\/schema\/person\/image\/","url":"https:\/\/secure.gravatar.com\/avatar\/096ec78df02049ab018702bb4ccedf659377fa92a26540b5247612077a0dbd29?s=96&d=mm&r=g","contentUrl":"https:\/\/secure.gravatar.com\/avatar\/096ec78df02049ab018702bb4ccedf659377fa92a26540b5247612077a0dbd29?s=96&d=mm&r=g","caption":"Prensa G&amp;S FM"},"sameAs":["https:\/\/gysfm.com.ar\/"],"url":"https:\/\/gysfm.com.ar\/inicio\/author\/lucasm\/"}]}},"_links":{"self":[{"href":"https:\/\/gysfm.com.ar\/inicio\/wp-json\/wp\/v2\/posts\/193421","targetHints":{"allow":["GET"]}}],"collection":[{"href":"https:\/\/gysfm.com.ar\/inicio\/wp-json\/wp\/v2\/posts"}],"about":[{"href":"https:\/\/gysfm.com.ar\/inicio\/wp-json\/wp\/v2\/types\/post"}],"author":[{"embeddable":true,"href":"https:\/\/gysfm.com.ar\/inicio\/wp-json\/wp\/v2\/users\/2"}],"replies":[{"embeddable":true,"href":"https:\/\/gysfm.com.ar\/inicio\/wp-json\/wp\/v2\/comments?post=193421"}],"version-history":[{"count":0,"href":"https:\/\/gysfm.com.ar\/inicio\/wp-json\/wp\/v2\/posts\/193421\/revisions"}],"wp:featuredmedia":[{"embeddable":true,"href":"https:\/\/gysfm.com.ar\/inicio\/wp-json\/wp\/v2\/media\/193422"}],"wp:attachment":[{"href":"https:\/\/gysfm.com.ar\/inicio\/wp-json\/wp\/v2\/media?parent=193421"}],"wp:term":[{"taxonomy":"category","embeddable":true,"href":"https:\/\/gysfm.com.ar\/inicio\/wp-json\/wp\/v2\/categories?post=193421"},{"taxonomy":"post_tag","embeddable":true,"href":"https:\/\/gysfm.com.ar\/inicio\/wp-json\/wp\/v2\/tags?post=193421"}],"curies":[{"name":"wp","href":"https:\/\/api.w.org\/{rel}","templated":true}]}}