{"id":193420,"date":"2026-04-28T05:02:32","date_gmt":"2026-04-28T08:02:32","guid":{"rendered":"https:\/\/gysfm.com.ar\/inicio\/paises-del-g7-definen-tasas-de-interes-ante-el-shock-inflacionario-por-la-guerra\/"},"modified":"2026-04-28T05:02:32","modified_gmt":"2026-04-28T08:02:32","slug":"paises-del-g7-definen-tasas-de-interes-ante-el-shock-inflacionario-por-la-guerra","status":"publish","type":"post","link":"https:\/\/gysfm.com.ar\/inicio\/paises-del-g7-definen-tasas-de-interes-ante-el-shock-inflacionario-por-la-guerra\/","title":{"rendered":"Pa\u00edses del G7 definen tasas de inter\u00e9s ante el shock inflacionario por la guerra"},"content":{"rendered":"<p> <br \/>\n<\/p>\n<div id=\"\">\n<p id=\"p-1777329926896-87419\">La \u00faltima semana de abril estar\u00e1 dominada por una combinaci\u00f3n clave de <strong>datos de inflaci\u00f3n<\/strong> y <strong>decisiones de pol\u00edtica monetaria<\/strong> en las <strong\/> econom\u00edas del G7, en un contexto donde los <strong>precios de la energ\u00eda<\/strong> vuelven a tensionar el escenario global hacia una din\u00e1mica m\u00e1s cercana a la<strong> estanflaci\u00f3n<\/strong>.<\/p>\n<\/div>\n<div id=\"\">\n<p id=\"p-1777329926896-83565\">En este escenario de incertidumbre sobre el sendero de la econom\u00eda global, tanto el <strong>Fondo Monetario Internacional (FMI)<\/strong> como la <strong>Organizaci\u00f3n para la Cooperaci\u00f3n y el Desarrollo Econ\u00f3micos (OCDE)<\/strong> coinciden en que <strong>el crecimiento se desacelera mientras la inflaci\u00f3n muestra mayor persistencia<\/strong>.<\/p>\n<\/div>\n<div id=\"\">\n<p id=\"p-1777329926896-15234\"><strong>El FMI proyecta una expansi\u00f3n global de 3,1% en 2026<\/strong>, luego de haber revisado sus proyecciones realizadas en enero de 3,3%, con una <strong>inflaci\u00f3n que podr\u00eda repuntar en el corto plazo antes de moderarse<\/strong>, mientras que la<strong> OCDE elev\u00f3 su estimaci\u00f3n de inflaci\u00f3n para el G20 a 4% este a\u00f1o<\/strong>, impulsada principalmente por el <strong>encarecimiento energ\u00e9tico.<\/strong><\/p>\n<\/p><\/div>\n<div id=\"\">\n<p id=\"p-1777329926896-88804\"> \u201cUn <strong>conflicto m\u00e1s prolongado o m\u00e1s amplio<\/strong>, un empeoramiento de la <strong>fragmentaci\u00f3n geopol\u00edtica<\/strong>, una<strong> reevaluaci\u00f3n de las expectativas en torno a la productividad impulsada por la inteligencia artificial<\/strong>, o el resurgimiento de<strong> tensiones comerciales <\/strong>podr\u00edan <strong>debilitar significativamente el crecimiento<\/strong> y <strong>desestabilizar los mercados financieros<\/strong>\u201d aseguran desde el FMI, en su \u00faltima publicaci\u00f3n del <strong>Informe sobre perspectivas de la econom\u00eda global.<\/strong><\/p>\n<\/p><\/div>\n<div id=\"\">\n<div contenteditable=\"false\" class=\"embed_cont type_imagen\" id=\"8209746-Libre-1294261085_wrap\">\n<p>Estrecho de Ormuz <span onclick=\"parent.parent.TinyMCETdcuerpo.preview_embed('8209746-Libre-1294261085')\" class=\"embed_colapse less\" id=\"8209746-Libre-1294261085_colapse\"> <\/span> <span onclick=\"parent.parent.TinyMCETdcuerpo.delete_embed('8209746-Libre-1294261085')\" class=\"embed_delete less\" id=\"8209746-Libre-1294261085_delete\"\/><\/p>\n<div id=\"8209746-Libre-1294261085_content\" class=\"embed_content\"><img loading=\"lazy\" decoding=\"async\" src=\"https:\/\/media.ambito.com\/p\/2609eda24a46bc6d95612cd9fb280876\/adjuntos\/239\/imagenes\/043\/291\/0043291800\/estrecho-ormuz.jpg?2026-04-10-08-46-07\" alt=\"Seg\u00fan el FMI, el cierre del Estrecho de Ormuz, producto de la guerra de EEUU e Israel en Ir\u00e1n, presenta la mayor amenaza para la econom\u00eda global en el corto plazo.\" title=\"Seg\u00fan el FMI, el cierre del Estrecho de Ormuz, producto de la guerra de EEUU e Israel en Ir\u00e1n, presenta la mayor amenaza para la econom\u00eda global en el corto plazo.\" width=\"730\" height=\"422\" id=\"8209746-Libre-1294261085_embed\"\/><\/div>\n<div class=\"embed_wrapper-cont\" id=\"p-1777330375858-51693\">\n<div id=\"8209746-Libre-1294261085_epigrafe\" class=\"embed_epigrafe\">\n<p id=\"p-1777330557866-54301\">Seg\u00fan el FMI, el cierre del Estrecho de Ormuz, producto de la guerra de EEUU e Israel en Ir\u00e1n, presenta la mayor amenaza para la econom\u00eda global en el corto plazo.<\/p>\n<\/div>\n<p>Al Jazeera<\/p>\n<\/div><\/div>\n<h2 id=\"p-1777330572557-62546\">Las econom\u00edas del G7 definen la pol\u00edtica monetaria<\/h2>\n<p id=\"p-1777329926896-34049\">En ese marco, el calendario arranca con la <strong>reuni\u00f3n del Banco de Jap\u00f3n<\/strong>, que enfrenta un dilema particular, con una <strong>inflaci\u00f3n que alcanz\u00f3 el 1,8% interanual en marzo<\/strong>, todav\u00eda contenida en t\u00e9rminos hist\u00f3ricos pero <strong>presionada por energ\u00eda y un yen d\u00e9bil<\/strong>, frente a una <strong>tasa a\u00fan baja en 0,75%<\/strong>. No se esperan cambios inmediatos, aunque cualquier se\u00f1al sobre ajustes en su esquema de control de la curva ser\u00e1 le\u00edda como un primer paso hacia la normalizaci\u00f3n.<\/p>\n<\/div>\n<div id=\"\">\n<p id=\"p-1777329926896-35999\">El mi\u00e9rcoles ser\u00e1 el turno de la <strong>Reserva Federal (EEUU)<\/strong> y el <strong>Banco de Canad\u00e1<\/strong>, en ambos casos bajo una l\u00f3gica similar de <strong>pausa en las modificaciones de las tasas de referencia<\/strong>, pero con creciente incomodidad.<\/p>\n<p id=\"p-1777329926896-62977\">En <strong>EEUU<\/strong>, <strong>la inflaci\u00f3n rebot\u00f3 con fuerza hasta 3,3% interanual en marzo (desde 2,4%)<\/strong>, con <strong>energ\u00eda creciendo al 12,5%<\/strong>, mientras<strong> la n\u00facleo se ubica en 2,6%<\/strong>. La Fed mantiene su tasa en el rango de<strong> 3,50%-3,75%<\/strong>, pero el margen para recortes luce cada vez m\u00e1s acotado si los <strong>shocks de costos<\/strong> comienzan a filtrarse de forma m\u00e1s persistente. Est\u00e1 ser\u00eda la \u00faltima reuni\u00f3n de comit\u00e9 para determinar el tipo de inter\u00e9s presidida por <strong>Jerome Powell<\/strong>, actual Presidente de la Junta de Gobernadores de la Reserva Federal, quien <strong>dejar\u00eda su mandato el 15 de mayo<\/strong> por su nuevo sucesor, <strong>Kevin Warsh<\/strong>, marcando un cambio hist\u00f3rico en la conducci\u00f3n de la entidad monetaria.<\/p>\n<p id=\"p-1777332091710-36546\">\u201cLa inflaci\u00f3n es una elecci\u00f3n, y la Reserva Federal debe hacerse responsable de ella\u201d, argument\u00f3 <strong>Warsh<\/strong> en su primera audiencia frente al congreso de EEUU, reafirmando la intenci\u00f3n de mantener la independencia de la instituci\u00f3n, en medio de preocupaciones sobre su posible manipulaci\u00f3n para favorecer un pol\u00edtica monetaria m\u00e1s laxa.<\/p>\n<p id=\"p-1777329926896-99057\"><strong>Canad\u00e1,<\/strong> por su parte, muestra un patr\u00f3n m\u00e1s moderado, con una<strong> inflaci\u00f3n de 2,4% registrada en marzo, desde el 1,8% del mes previo<\/strong>, mientras que la tasa se ubica por debajo del IPC en 2,25% y el foco del organismo continua puesto en si la <strong>suba de salarios y combustibles<\/strong> empieza a contaminar la din\u00e1mica subyacente, lo que podr\u00eda <strong>acelerar el ritmo inflacionario y favorecer una suba en el tipo de inter\u00e9s.<\/strong><\/p>\n<p id=\"p-1777329926896-85968\">El <strong>jueves<\/strong> concentrar\u00e1 las decisiones del <strong>Banco Central Europeo<\/strong> y el <strong>Banco de Inglaterra<\/strong>, donde <strong>la tensi\u00f3n entre inflaci\u00f3n y actividad es a\u00fan m\u00e1s evidente<\/strong>. En la <strong>eurozona<\/strong>, la <strong>inflaci\u00f3n subi\u00f3 a 2,6% en marzo (desde 1,9%)<\/strong>, con la tasa de dep\u00f3sito en 2,0% y <strong>una econom\u00eda que comienza a mostrar marcadas se\u00f1ales de enfriamiento<\/strong>.<\/p>\n<p id=\"p-1777329926896-40422\">En el <strong>Reino Unido<\/strong>, el <strong>IPC alcanz\u00f3 el 3,3%<\/strong>, con <strong>los combustibles como principal motor<\/strong>, mientras <strong>la tasa se mantiene en 3,75%<\/strong> y el <strong>mercado laboral contin\u00faa relativamente ajustado<\/strong>. En ambos casos, el mensaje esperado es de <strong>cautela<\/strong>, lo que implica <strong>sostener tasas<\/strong> mientras se eval\u00faa si el shock energ\u00e9tico es transitorio o muestra persistencia.<\/p>\n<div contenteditable=\"false\" class=\"embed_cont type_imagen\" id=\"7965623-Libre-1681852311_wrap\">\n<p>fed reserva federal powell.jpg <span onclick=\"parent.parent.TinyMCETdcuerpo.preview_embed('7965623-Libre-1681852311')\" class=\"embed_colapse less\" id=\"7965623-Libre-1681852311_colapse\"\/>  <span onclick=\"parent.parent.TinyMCETdcuerpo.delete_embed('7965623-Libre-1681852311')\" class=\"embed_delete less\" id=\"7965623-Libre-1681852311_delete\"\/><\/p>\n<div id=\"7965623-Libre-1681852311_content\" class=\"embed_content\"><img loading=\"lazy\" decoding=\"async\" src=\"https:\/\/media.ambito.com\/p\/491fb60145033b317abda88bdef3c6ad\/adjuntos\/239\/imagenes\/041\/719\/0041719016\/fed-reserva-federal-powelljpg.jpg?2024-08-06-11-07-27\" alt=\"El la \u00faltima conferencia del actual presidente de la Fed, Jeronme Powell, se comunicar\u00e1 la decisi\u00f3n sobre el tipo de inter\u00e9s, la cual se anticipa que se mantendr\u00e1 sin cambios.\" title=\"El la \u00faltima conferencia del actual presidente de la Fed, Jeronme Powell, se comunicar\u00e1 la decisi\u00f3n sobre el tipo de inter\u00e9s, la cual se anticipa que se mantendr\u00e1 sin cambios.\" width=\"730\" height=\"411\" id=\"7965623-Libre-1681852311_embed\"\/><\/div>\n<div class=\"embed_wrapper-cont\" id=\"p-1777330407603-61885\">\n<div id=\"7965623-Libre-1681852311_epigrafe\" class=\"embed_epigrafe\">\n<p id=\"p-1777330486350-84854\">El la \u00faltima conferencia del actual presidente de la Fed, Jeronme Powell, se comunicar\u00e1 la decisi\u00f3n sobre el tipo de inter\u00e9s, la cual se anticipa que se mantendr\u00e1 sin cambios.<\/p>\n<\/div>\n<p>Federal Reserve<\/p>\n<\/div><\/div>\n<h2 id=\"p-1777333586527-38635\"><strong> Banco de Brasil tambi\u00e9n define su tasa de pol\u00edtica monetaria<\/strong><\/h2>\n<p id=\"p-1777333586825-82275\">Fuera del G7, <strong>Brasil<\/strong> introduce un matiz relevante. El <strong>Banco Central do Brasil <\/strong>inici\u00f3 un <strong>ciclo de recortes<\/strong> que <strong>llev\u00f3 la Selic de 15% a 14,75%<\/strong>, pero de forma <strong>deliberadamente gradual<\/strong>.<\/p>\n<p id=\"p-1777333626425-94275\">Las <strong>proyecciones oficiales ubican la inflaci\u00f3n en 3,9% para 2026 y 3,3% hacia 2027<\/strong>, cerca o levemente por encima de la meta, en un contexto donde <strong>la actividad pierde dinamismo<\/strong> pero el <strong>mercado laboral a\u00fan sostiene la demanda<\/strong>. Esto sugiere que el <strong>margen para acelerar bajas de tasas es limitado.<\/strong><\/p>\n<p id=\"p-1777329926896-83423\">En conjunto, la clave de la semana no pasar\u00e1 tanto por las decisiones, en su mayor\u00eda anticipadas, sino por c\u00f3mo cada banco central redefine su <strong>estrategia ante la desaceleraci\u00f3n de la actividad y el repunte de la inflaci\u00f3n<\/strong>, en medio de la inestabilidad generada por el<strong> conflicto en Ir\u00e1n<\/strong>. En este sentido, el escenario base sigue siendo el de un <strong>crecimiento m\u00e1s d\u00e9bil con inflaci\u00f3n transitoriamente m\u00e1s alta<\/strong>.<\/p>\n<p id=\"p-1777329926896-40115\">Sin embargo, la <strong>principal preocupaci\u00f3n en el horizonte es la amenaza de un escenario de estanflaci\u00f3n<\/strong>, con precios de la energ\u00eda elevada por m\u00e1s tiempo, expectativas desancl\u00e1ndose y bancos centrales obligados a sostener o incluso endurecer la pol\u00edtica monetaria aun cuando la actividad se debilita. Ese delicado equilibrio es el que el mercado intentar\u00e1 descifrar en cada comunicado y conferencia. De esa lectura depender\u00e1, en buena medida, la trayectoria de las tasas hacia el segundo semestre.<\/p>\n<\/p><\/div>\n<p><script>\n!function(f,b,e,v,n,t,s)\n{if(f.fbq)return;n=f.fbq=function(){n.callMethod?\nn.callMethod.apply(n,arguments):n.queue.push(arguments)};\nif(!f._fbq)f._fbq=n;n.push=n;n.loaded=!0;n.version='2.0';\nn.queue=[];t=b.createElement(e);t.async=!0;\nt.src=v;s=b.getElementsByTagName(e)[0];\ns.parentNode.insertBefore(t,s)}(window,document,'script',\n'https:\/\/connect.facebook.net\/en_US\/fbevents.js');\nfbq('init', '2047048335588113');\nfbq('track', 'PageView');\n<\/script><br \/>\n<br \/><\/p>\n","protected":false},"excerpt":{"rendered":"<p>La \u00faltima semana de abril estar\u00e1 dominada por una combinaci\u00f3n clave de datos de inflaci\u00f3n y decisiones de pol\u00edtica monetaria en las econom\u00edas del G7, en un contexto donde los precios de la energ\u00eda vuelven a tensionar el escenario global hacia una din\u00e1mica m\u00e1s cercana a la estanflaci\u00f3n. En este escenario de incertidumbre sobre el [&hellip;]<\/p>\n","protected":false},"author":1,"featured_media":192905,"comment_status":"closed","ping_status":"closed","sticky":false,"template":"","format":"standard","meta":{"footnotes":""},"categories":[28],"tags":[],"class_list":["post-193420","post","type-post","status-publish","format-standard","has-post-thumbnail","hentry","category-economia"],"yoast_head":"<!-- This site is optimized with the Yoast SEO plugin v24.4 - https:\/\/yoast.com\/wordpress\/plugins\/seo\/ -->\n<title>Pa\u00edses del G7 definen tasas de inter\u00e9s ante el shock inflacionario por la guerra - GYS NOTICIAS |<\/title>\n<meta name=\"robots\" content=\"index, follow, max-snippet:-1, max-image-preview:large, max-video-preview:-1\" \/>\n<link rel=\"canonical\" href=\"https:\/\/gysfm.com.ar\/inicio\/paises-del-g7-definen-tasas-de-interes-ante-el-shock-inflacionario-por-la-guerra\/\" \/>\n<meta property=\"og:locale\" content=\"es_ES\" \/>\n<meta property=\"og:type\" content=\"article\" \/>\n<meta property=\"og:title\" content=\"Pa\u00edses del G7 definen tasas de inter\u00e9s ante el shock inflacionario por la guerra - GYS NOTICIAS |\" \/>\n<meta property=\"og:description\" content=\"La \u00faltima semana de abril estar\u00e1 dominada por una combinaci\u00f3n clave de datos de inflaci\u00f3n y decisiones de pol\u00edtica monetaria en las econom\u00edas del G7, en un contexto donde los precios de la energ\u00eda vuelven a tensionar el escenario global hacia una din\u00e1mica m\u00e1s cercana a la estanflaci\u00f3n. En este escenario de incertidumbre sobre el [&hellip;]\" \/>\n<meta property=\"og:url\" content=\"https:\/\/gysfm.com.ar\/inicio\/paises-del-g7-definen-tasas-de-interes-ante-el-shock-inflacionario-por-la-guerra\/\" \/>\n<meta property=\"og:site_name\" content=\"GYS NOTICIAS |\" \/>\n<meta property=\"article:published_time\" content=\"2026-04-28T08:02:32+00:00\" \/>\n<meta property=\"og:image\" content=\"https:\/\/media.ambito.com\/p\/2609eda24a46bc6d95612cd9fb280876\/adjuntos\/239\/imagenes\/043\/291\/0043291800\/estrecho-ormuz.jpg?2026-04-10-08-46-07\" \/>\n<meta name=\"author\" content=\"admin\" \/>\n<meta name=\"twitter:card\" content=\"summary_large_image\" \/>\n<meta name=\"twitter:label1\" content=\"Escrito por\" \/>\n\t<meta name=\"twitter:data1\" content=\"admin\" \/>\n\t<meta name=\"twitter:label2\" content=\"Tiempo de lectura\" \/>\n\t<meta name=\"twitter:data2\" content=\"5 minutos\" \/>\n<script type=\"application\/ld+json\" class=\"yoast-schema-graph\">{\"@context\":\"https:\/\/schema.org\",\"@graph\":[{\"@type\":\"Article\",\"@id\":\"https:\/\/gysfm.com.ar\/inicio\/paises-del-g7-definen-tasas-de-interes-ante-el-shock-inflacionario-por-la-guerra\/#article\",\"isPartOf\":{\"@id\":\"https:\/\/gysfm.com.ar\/inicio\/paises-del-g7-definen-tasas-de-interes-ante-el-shock-inflacionario-por-la-guerra\/\"},\"author\":{\"name\":\"admin\",\"@id\":\"https:\/\/gysfm.com.ar\/inicio\/#\/schema\/person\/5bedd7ecd35cc35548d89effafa23696\"},\"headline\":\"Pa\u00edses del G7 definen tasas de inter\u00e9s ante el shock inflacionario por la guerra\",\"datePublished\":\"2026-04-28T08:02:32+00:00\",\"mainEntityOfPage\":{\"@id\":\"https:\/\/gysfm.com.ar\/inicio\/paises-del-g7-definen-tasas-de-interes-ante-el-shock-inflacionario-por-la-guerra\/\"},\"wordCount\":1073,\"publisher\":{\"@id\":\"https:\/\/gysfm.com.ar\/inicio\/#organization\"},\"image\":{\"@id\":\"https:\/\/gysfm.com.ar\/inicio\/paises-del-g7-definen-tasas-de-interes-ante-el-shock-inflacionario-por-la-guerra\/#primaryimage\"},\"thumbnailUrl\":\"https:\/\/gysfm.com.ar\/inicio\/wp-content\/uploads\/2026\/04\/bancos-centrales.jpg\",\"articleSection\":[\"ECONOMIA\"],\"inLanguage\":\"es\"},{\"@type\":\"WebPage\",\"@id\":\"https:\/\/gysfm.com.ar\/inicio\/paises-del-g7-definen-tasas-de-interes-ante-el-shock-inflacionario-por-la-guerra\/\",\"url\":\"https:\/\/gysfm.com.ar\/inicio\/paises-del-g7-definen-tasas-de-interes-ante-el-shock-inflacionario-por-la-guerra\/\",\"name\":\"Pa\u00edses del G7 definen tasas de inter\u00e9s ante el shock inflacionario por la guerra - GYS NOTICIAS |\",\"isPartOf\":{\"@id\":\"https:\/\/gysfm.com.ar\/inicio\/#website\"},\"primaryImageOfPage\":{\"@id\":\"https:\/\/gysfm.com.ar\/inicio\/paises-del-g7-definen-tasas-de-interes-ante-el-shock-inflacionario-por-la-guerra\/#primaryimage\"},\"image\":{\"@id\":\"https:\/\/gysfm.com.ar\/inicio\/paises-del-g7-definen-tasas-de-interes-ante-el-shock-inflacionario-por-la-guerra\/#primaryimage\"},\"thumbnailUrl\":\"https:\/\/gysfm.com.ar\/inicio\/wp-content\/uploads\/2026\/04\/bancos-centrales.jpg\",\"datePublished\":\"2026-04-28T08:02:32+00:00\",\"breadcrumb\":{\"@id\":\"https:\/\/gysfm.com.ar\/inicio\/paises-del-g7-definen-tasas-de-interes-ante-el-shock-inflacionario-por-la-guerra\/#breadcrumb\"},\"inLanguage\":\"es\",\"potentialAction\":[{\"@type\":\"ReadAction\",\"target\":[\"https:\/\/gysfm.com.ar\/inicio\/paises-del-g7-definen-tasas-de-interes-ante-el-shock-inflacionario-por-la-guerra\/\"]}]},{\"@type\":\"ImageObject\",\"inLanguage\":\"es\",\"@id\":\"https:\/\/gysfm.com.ar\/inicio\/paises-del-g7-definen-tasas-de-interes-ante-el-shock-inflacionario-por-la-guerra\/#primaryimage\",\"url\":\"https:\/\/gysfm.com.ar\/inicio\/wp-content\/uploads\/2026\/04\/bancos-centrales.jpg\",\"contentUrl\":\"https:\/\/gysfm.com.ar\/inicio\/wp-content\/uploads\/2026\/04\/bancos-centrales.jpg\",\"width\":1200,\"height\":675},{\"@type\":\"BreadcrumbList\",\"@id\":\"https:\/\/gysfm.com.ar\/inicio\/paises-del-g7-definen-tasas-de-interes-ante-el-shock-inflacionario-por-la-guerra\/#breadcrumb\",\"itemListElement\":[{\"@type\":\"ListItem\",\"position\":1,\"name\":\"Portada\",\"item\":\"https:\/\/gysfm.com.ar\/inicio\/\"},{\"@type\":\"ListItem\",\"position\":2,\"name\":\"Pa\u00edses del G7 definen tasas de inter\u00e9s ante el shock inflacionario por la guerra\"}]},{\"@type\":\"WebSite\",\"@id\":\"https:\/\/gysfm.com.ar\/inicio\/#website\",\"url\":\"https:\/\/gysfm.com.ar\/inicio\/\",\"name\":\"GYS NOTICIAS |\",\"description\":\"DIARIO - RADIO ONLINE SAN JUAN ARGENTINA\",\"publisher\":{\"@id\":\"https:\/\/gysfm.com.ar\/inicio\/#organization\"},\"potentialAction\":[{\"@type\":\"SearchAction\",\"target\":{\"@type\":\"EntryPoint\",\"urlTemplate\":\"https:\/\/gysfm.com.ar\/inicio\/?s={search_term_string}\"},\"query-input\":{\"@type\":\"PropertyValueSpecification\",\"valueRequired\":true,\"valueName\":\"search_term_string\"}}],\"inLanguage\":\"es\"},{\"@type\":\"Organization\",\"@id\":\"https:\/\/gysfm.com.ar\/inicio\/#organization\",\"name\":\"GYS NOTICIAS |\",\"url\":\"https:\/\/gysfm.com.ar\/inicio\/\",\"logo\":{\"@type\":\"ImageObject\",\"inLanguage\":\"es\",\"@id\":\"https:\/\/gysfm.com.ar\/inicio\/#\/schema\/logo\/image\/\",\"url\":\"https:\/\/gysfm.com.ar\/inicio\/wp-content\/uploads\/2023\/07\/LOGOGYS-OK.png\",\"contentUrl\":\"https:\/\/gysfm.com.ar\/inicio\/wp-content\/uploads\/2023\/07\/LOGOGYS-OK.png\",\"width\":1170,\"height\":872,\"caption\":\"GYS NOTICIAS |\"},\"image\":{\"@id\":\"https:\/\/gysfm.com.ar\/inicio\/#\/schema\/logo\/image\/\"}},{\"@type\":\"Person\",\"@id\":\"https:\/\/gysfm.com.ar\/inicio\/#\/schema\/person\/5bedd7ecd35cc35548d89effafa23696\",\"name\":\"admin\",\"image\":{\"@type\":\"ImageObject\",\"inLanguage\":\"es\",\"@id\":\"https:\/\/gysfm.com.ar\/inicio\/#\/schema\/person\/image\/\",\"url\":\"https:\/\/secure.gravatar.com\/avatar\/c331d312b5243fb64d5ba28108a447b27c925295129a363082c9ea52c28d32c2?s=96&d=mm&r=g\",\"contentUrl\":\"https:\/\/secure.gravatar.com\/avatar\/c331d312b5243fb64d5ba28108a447b27c925295129a363082c9ea52c28d32c2?s=96&d=mm&r=g\",\"caption\":\"admin\"},\"sameAs\":[\"https:\/\/gysfm.com.ar\/inicio\"],\"url\":\"https:\/\/gysfm.com.ar\/inicio\/author\/admin\/\"}]}<\/script>\n<!-- \/ Yoast SEO plugin. -->","yoast_head_json":{"title":"Pa\u00edses del G7 definen tasas de inter\u00e9s ante el shock inflacionario por la guerra - GYS NOTICIAS |","robots":{"index":"index","follow":"follow","max-snippet":"max-snippet:-1","max-image-preview":"max-image-preview:large","max-video-preview":"max-video-preview:-1"},"canonical":"https:\/\/gysfm.com.ar\/inicio\/paises-del-g7-definen-tasas-de-interes-ante-el-shock-inflacionario-por-la-guerra\/","og_locale":"es_ES","og_type":"article","og_title":"Pa\u00edses del G7 definen tasas de inter\u00e9s ante el shock inflacionario por la guerra - GYS NOTICIAS |","og_description":"La \u00faltima semana de abril estar\u00e1 dominada por una combinaci\u00f3n clave de datos de inflaci\u00f3n y decisiones de pol\u00edtica monetaria en las econom\u00edas del G7, en un contexto donde los precios de la energ\u00eda vuelven a tensionar el escenario global hacia una din\u00e1mica m\u00e1s cercana a la estanflaci\u00f3n. En este escenario de incertidumbre sobre el [&hellip;]","og_url":"https:\/\/gysfm.com.ar\/inicio\/paises-del-g7-definen-tasas-de-interes-ante-el-shock-inflacionario-por-la-guerra\/","og_site_name":"GYS NOTICIAS |","article_published_time":"2026-04-28T08:02:32+00:00","og_image":[{"url":"https:\/\/media.ambito.com\/p\/2609eda24a46bc6d95612cd9fb280876\/adjuntos\/239\/imagenes\/043\/291\/0043291800\/estrecho-ormuz.jpg?2026-04-10-08-46-07","type":"","width":"","height":""}],"author":"admin","twitter_card":"summary_large_image","twitter_misc":{"Escrito por":"admin","Tiempo de lectura":"5 minutos"},"schema":{"@context":"https:\/\/schema.org","@graph":[{"@type":"Article","@id":"https:\/\/gysfm.com.ar\/inicio\/paises-del-g7-definen-tasas-de-interes-ante-el-shock-inflacionario-por-la-guerra\/#article","isPartOf":{"@id":"https:\/\/gysfm.com.ar\/inicio\/paises-del-g7-definen-tasas-de-interes-ante-el-shock-inflacionario-por-la-guerra\/"},"author":{"name":"admin","@id":"https:\/\/gysfm.com.ar\/inicio\/#\/schema\/person\/5bedd7ecd35cc35548d89effafa23696"},"headline":"Pa\u00edses del G7 definen tasas de inter\u00e9s ante el shock inflacionario por la guerra","datePublished":"2026-04-28T08:02:32+00:00","mainEntityOfPage":{"@id":"https:\/\/gysfm.com.ar\/inicio\/paises-del-g7-definen-tasas-de-interes-ante-el-shock-inflacionario-por-la-guerra\/"},"wordCount":1073,"publisher":{"@id":"https:\/\/gysfm.com.ar\/inicio\/#organization"},"image":{"@id":"https:\/\/gysfm.com.ar\/inicio\/paises-del-g7-definen-tasas-de-interes-ante-el-shock-inflacionario-por-la-guerra\/#primaryimage"},"thumbnailUrl":"https:\/\/gysfm.com.ar\/inicio\/wp-content\/uploads\/2026\/04\/bancos-centrales.jpg","articleSection":["ECONOMIA"],"inLanguage":"es"},{"@type":"WebPage","@id":"https:\/\/gysfm.com.ar\/inicio\/paises-del-g7-definen-tasas-de-interes-ante-el-shock-inflacionario-por-la-guerra\/","url":"https:\/\/gysfm.com.ar\/inicio\/paises-del-g7-definen-tasas-de-interes-ante-el-shock-inflacionario-por-la-guerra\/","name":"Pa\u00edses del G7 definen tasas de inter\u00e9s ante el shock inflacionario por la guerra - GYS NOTICIAS |","isPartOf":{"@id":"https:\/\/gysfm.com.ar\/inicio\/#website"},"primaryImageOfPage":{"@id":"https:\/\/gysfm.com.ar\/inicio\/paises-del-g7-definen-tasas-de-interes-ante-el-shock-inflacionario-por-la-guerra\/#primaryimage"},"image":{"@id":"https:\/\/gysfm.com.ar\/inicio\/paises-del-g7-definen-tasas-de-interes-ante-el-shock-inflacionario-por-la-guerra\/#primaryimage"},"thumbnailUrl":"https:\/\/gysfm.com.ar\/inicio\/wp-content\/uploads\/2026\/04\/bancos-centrales.jpg","datePublished":"2026-04-28T08:02:32+00:00","breadcrumb":{"@id":"https:\/\/gysfm.com.ar\/inicio\/paises-del-g7-definen-tasas-de-interes-ante-el-shock-inflacionario-por-la-guerra\/#breadcrumb"},"inLanguage":"es","potentialAction":[{"@type":"ReadAction","target":["https:\/\/gysfm.com.ar\/inicio\/paises-del-g7-definen-tasas-de-interes-ante-el-shock-inflacionario-por-la-guerra\/"]}]},{"@type":"ImageObject","inLanguage":"es","@id":"https:\/\/gysfm.com.ar\/inicio\/paises-del-g7-definen-tasas-de-interes-ante-el-shock-inflacionario-por-la-guerra\/#primaryimage","url":"https:\/\/gysfm.com.ar\/inicio\/wp-content\/uploads\/2026\/04\/bancos-centrales.jpg","contentUrl":"https:\/\/gysfm.com.ar\/inicio\/wp-content\/uploads\/2026\/04\/bancos-centrales.jpg","width":1200,"height":675},{"@type":"BreadcrumbList","@id":"https:\/\/gysfm.com.ar\/inicio\/paises-del-g7-definen-tasas-de-interes-ante-el-shock-inflacionario-por-la-guerra\/#breadcrumb","itemListElement":[{"@type":"ListItem","position":1,"name":"Portada","item":"https:\/\/gysfm.com.ar\/inicio\/"},{"@type":"ListItem","position":2,"name":"Pa\u00edses del G7 definen tasas de inter\u00e9s ante el shock inflacionario por la guerra"}]},{"@type":"WebSite","@id":"https:\/\/gysfm.com.ar\/inicio\/#website","url":"https:\/\/gysfm.com.ar\/inicio\/","name":"GYS NOTICIAS |","description":"DIARIO - RADIO ONLINE SAN JUAN ARGENTINA","publisher":{"@id":"https:\/\/gysfm.com.ar\/inicio\/#organization"},"potentialAction":[{"@type":"SearchAction","target":{"@type":"EntryPoint","urlTemplate":"https:\/\/gysfm.com.ar\/inicio\/?s={search_term_string}"},"query-input":{"@type":"PropertyValueSpecification","valueRequired":true,"valueName":"search_term_string"}}],"inLanguage":"es"},{"@type":"Organization","@id":"https:\/\/gysfm.com.ar\/inicio\/#organization","name":"GYS NOTICIAS |","url":"https:\/\/gysfm.com.ar\/inicio\/","logo":{"@type":"ImageObject","inLanguage":"es","@id":"https:\/\/gysfm.com.ar\/inicio\/#\/schema\/logo\/image\/","url":"https:\/\/gysfm.com.ar\/inicio\/wp-content\/uploads\/2023\/07\/LOGOGYS-OK.png","contentUrl":"https:\/\/gysfm.com.ar\/inicio\/wp-content\/uploads\/2023\/07\/LOGOGYS-OK.png","width":1170,"height":872,"caption":"GYS NOTICIAS |"},"image":{"@id":"https:\/\/gysfm.com.ar\/inicio\/#\/schema\/logo\/image\/"}},{"@type":"Person","@id":"https:\/\/gysfm.com.ar\/inicio\/#\/schema\/person\/5bedd7ecd35cc35548d89effafa23696","name":"admin","image":{"@type":"ImageObject","inLanguage":"es","@id":"https:\/\/gysfm.com.ar\/inicio\/#\/schema\/person\/image\/","url":"https:\/\/secure.gravatar.com\/avatar\/c331d312b5243fb64d5ba28108a447b27c925295129a363082c9ea52c28d32c2?s=96&d=mm&r=g","contentUrl":"https:\/\/secure.gravatar.com\/avatar\/c331d312b5243fb64d5ba28108a447b27c925295129a363082c9ea52c28d32c2?s=96&d=mm&r=g","caption":"admin"},"sameAs":["https:\/\/gysfm.com.ar\/inicio"],"url":"https:\/\/gysfm.com.ar\/inicio\/author\/admin\/"}]}},"_links":{"self":[{"href":"https:\/\/gysfm.com.ar\/inicio\/wp-json\/wp\/v2\/posts\/193420","targetHints":{"allow":["GET"]}}],"collection":[{"href":"https:\/\/gysfm.com.ar\/inicio\/wp-json\/wp\/v2\/posts"}],"about":[{"href":"https:\/\/gysfm.com.ar\/inicio\/wp-json\/wp\/v2\/types\/post"}],"author":[{"embeddable":true,"href":"https:\/\/gysfm.com.ar\/inicio\/wp-json\/wp\/v2\/users\/1"}],"replies":[{"embeddable":true,"href":"https:\/\/gysfm.com.ar\/inicio\/wp-json\/wp\/v2\/comments?post=193420"}],"version-history":[{"count":0,"href":"https:\/\/gysfm.com.ar\/inicio\/wp-json\/wp\/v2\/posts\/193420\/revisions"}],"wp:featuredmedia":[{"embeddable":true,"href":"https:\/\/gysfm.com.ar\/inicio\/wp-json\/wp\/v2\/media\/192905"}],"wp:attachment":[{"href":"https:\/\/gysfm.com.ar\/inicio\/wp-json\/wp\/v2\/media?parent=193420"}],"wp:term":[{"taxonomy":"category","embeddable":true,"href":"https:\/\/gysfm.com.ar\/inicio\/wp-json\/wp\/v2\/categories?post=193420"},{"taxonomy":"post_tag","embeddable":true,"href":"https:\/\/gysfm.com.ar\/inicio\/wp-json\/wp\/v2\/tags?post=193420"}],"curies":[{"name":"wp","href":"https:\/\/api.w.org\/{rel}","templated":true}]}}