{"id":193408,"date":"2026-04-28T03:31:06","date_gmt":"2026-04-28T06:31:06","guid":{"rendered":"https:\/\/gysfm.com.ar\/inicio\/quien-gano-la-pelea-entre-flor-vigna-y-alana-flores-en-supernova-genesis-2026\/"},"modified":"2026-04-28T03:31:06","modified_gmt":"2026-04-28T06:31:06","slug":"quien-gano-la-pelea-entre-flor-vigna-y-alana-flores-en-supernova-genesis-2026","status":"publish","type":"post","link":"https:\/\/gysfm.com.ar\/inicio\/quien-gano-la-pelea-entre-flor-vigna-y-alana-flores-en-supernova-genesis-2026\/","title":{"rendered":"Qui\u00e9n gan\u00f3 la pelea entre Flor Vigna y Alana Flores en Supernova G\u00e9nesis 2026"},"content":{"rendered":"<p><\/p>\n<div id=\"article-content\">\n<p>El domingo 26 se llev\u00f3 a cabo la nueva edici\u00f3n de\u00a0\u201c<a target=\"_blank\" href=\"https:\/\/exitoina.perfil.com\/noticias\/de-pasillo\/nueva-vida-flor-vigna-separacion-novio-impactante-transformacion-fisica-por-que-va-mexico-tiempo.phtml\"><em><strong>Supernova: G\u00e9nesis<\/strong><\/em><\/a>\u201d, marcando la primera transmisi\u00f3n en vivo de <strong>Netflix <\/strong>en Latinoam\u00e9rica, que pudo\u00a0verse en m\u00e1s de 190 pa\u00edses.\u00a0<strong>Florencia Vigna<\/strong> venci\u00f3 a <strong>Alana Flores<\/strong> y se volvi\u00f3 viral.<\/p>\n<div style=\"text-align:center\">\n<figure class=\"image\" style=\"display:inline-block\"><img decoding=\"async\" style=\"max-width: 100%; width: 100%;\" alt=\"Florencia Vigna venci\u00f3 a Alana Flores en el combate Supernova G\u00e9nesis 2026\" src=\"https:\/\/fotos.perfil.com\/\/2026\/04\/27\/900\/0\/florencia-vigna-vencio-a-alana-flores-en-el-combate-supernova-genesis-2026-2228414.jpg\" loading=\"lazy\"\/>&#13;<figcaption>Florencia Vigna venci\u00f3 a Alana Flores en el combate Supernova G\u00e9nesis 2026<\/figcaption>&#13;<br \/>\n<\/figure>\n<\/div>\n<p>El evento\u00a0no profesional combina\u00a0combates de boxeo entre\u00a0influencers y famosos con m\u00fasica y entretenimiento. Se transmiti\u00f3\u00a0en vivo a trav\u00e9s de Netflix desde la Arena Ciudad de M\u00e9xico.<\/p>\n<p>Flor Vigna hizo una dram\u00e1tica entrada musical con un traje blanco y la bandera de Argentina, acompa\u00f1ada por bailarines con los que present\u00f3 una llamativa coreograf\u00eda. La streamer mexicana Alana Flores, por su parte,\u00a0ingres\u00f3 con mariachi y elementos representativos de M\u00e9xico..<\/p>\n<p><iframe id=\"vrudo\" class=\"vrudo\" src=\"https:\/\/rudo.video\/vod\/bWruCR?volume=0\" width=\"100%\" height=\"100%\" allowscriptaccess=\"always\" allowfullscreen=\"true\" webkitallowfullscreen=\"true\" frameborder=\"0\" scrolling=\"no\" allow=\"autoplay; fullscreen\" loading=\"lazy\"><\/iframe><\/p>\n<p>La mexicana comenz\u00f3 a perder fuerza desde el tercer round, y Flor Vigna entr\u00f3 con todo. En el \u00faltimo asalto, Alana intenta defenderse mientras Vigna\u00a0se mantiene entera. Finalmente, Flor derrot\u00f3\u00a0a Flores tras ganar los cuatro rounds, quit\u00e1ndole el invicto.<\/p>\n<p><iframe id=\"vrudo\" class=\"vrudo\" src=\"https:\/\/rudo.video\/vod\/bWruLK?volume=0\" width=\"100%\" height=\"100%\" allowscriptaccess=\"always\" allowfullscreen=\"true\" webkitallowfullscreen=\"true\" frameborder=\"0\" scrolling=\"no\" allow=\"autoplay; fullscreen\" loading=\"lazy\"><\/iframe><\/p>\n<p>Tras perder, Alana Flores anunci\u00f3 su retiro del boxeo. Despu\u00e9s de cuatro rounds intensos, la streamer mexicana asegur\u00f3 que cerr\u00f3 una etapa que\u00a0le salv\u00f3 la vida y le ense\u00f1\u00f3 a no rendirse.<\/p>\n<p><iframe id=\"vrudo\" class=\"vrudo\" src=\"https:\/\/rudo.video\/vod\/bWruGc?volume=0\" width=\"100%\" height=\"100%\" allowscriptaccess=\"always\" allowfullscreen=\"true\" webkitallowfullscreen=\"true\" frameborder=\"0\" scrolling=\"no\" allow=\"autoplay; fullscreen\" loading=\"lazy\"><\/iframe><\/p>\n<p>En su agradecimiento, Flor Vigna emocion\u00f3 al revelar\u00a0que estaba atravesando una depresi\u00f3n, tomando antidepresivos, y que el boxeo la ayud\u00f3 a salir de ese lugar oscuro.<\/p>\n<p><iframe id=\"vrudo\" class=\"vrudo\" src=\"https:\/\/rudo.video\/vod\/bWrwyy?volume=0\" width=\"100%\" height=\"100%\" allowscriptaccess=\"always\" allowfullscreen=\"true\" webkitallowfullscreen=\"true\" frameborder=\"0\" scrolling=\"no\" allow=\"autoplay; fullscreen\" loading=\"lazy\"><\/iframe><\/p>\n<p>El cintur\u00f3n de esta edici\u00f3n fue dise\u00f1ado en color rojo, con una placa central con el nombre del evento, ba\u00f1ada en oro y con incrustaciones de diamantes y rub\u00edes.<\/p>\n<p>En el apartado musical participaron\u00a0artistas del regional mexicano como Car\u00edn Le\u00f3n y \u00d3scar Mayd\u00f3n, mientras que el g\u00e9nero urbano estuvo representado por el puertorrique\u00f1o Ozuna.<\/p>\n<h2>Lista de ganadores de Supernova G\u00e9nesis 2026<\/h2>\n<ul>&#13;<\/p>\n<li>Milica (Argentina) le gan\u00f3 a Kim Shantal (M\u00e9xico)<\/li>\n<p>&#13;<\/p>\n<li>El Abraham (M\u00e9xico) le gan\u00f3 a Nando (Venezuela)<\/li>\n<p>&#13;<\/p>\n<li>Guillermo Pe\u00f1a \u201cWillito\u201d (Estados Unidos) le gan\u00f3 a V\u00edctor Ordo\u00f1ez \u201cLonche\u201d (M\u00e9xico)<\/li>\n<p>&#13;<\/p>\n<li>Karely Ruiz (M\u00e9xico) le gan\u00f3 a Kim Shantal\u00a0(M\u00e9xico)<\/li>\n<p>&#13;<\/p>\n<li>Aaron Mercury\u00a0(M\u00e9xico) le gan\u00f3 a Mario Bautista\u00a0(M\u00e9xico)<\/li>\n<p>&#13;<\/p>\n<li>Flor Vigna (Argentina) le gan\u00f3 a Alana Flores (M\u00e9xico)<\/li>\n<p>&#13;\n<\/ul>\n<\/p><\/div>\n<p><script>\n\t(function(d, s, id) {\n\t\tvar js, fjs = d.getElementsByTagName(s)[0];\n\t\tif (d.getElementById(id)) return;\n\t\tjs = d.createElement(s);\n\t\tjs.id = id;\n\t\tjs.src=\"https:\/\/connect.facebook.net\/es_LA\/sdk.js#xfbml=1&version=v3.1\";\n\t\tfjs.parentNode.insertBefore(js, fjs);\n\t}(document, 'script', 'facebook-jssdk'));\n<\/script><\/p>\n","protected":false},"excerpt":{"rendered":"<p>El domingo 26 se llev\u00f3 a cabo la nueva edici\u00f3n de\u00a0\u201cSupernova: G\u00e9nesis\u201d, marcando la primera transmisi\u00f3n en vivo de Netflix en Latinoam\u00e9rica, que pudo\u00a0verse en m\u00e1s de 190 pa\u00edses.\u00a0Florencia Vigna venci\u00f3 a Alana Flores y se volvi\u00f3 viral. &#13;Florencia Vigna venci\u00f3 a Alana Flores en el combate Supernova G\u00e9nesis 2026&#13; El evento\u00a0no profesional combina\u00a0combates de [&hellip;]<\/p>\n","protected":false},"author":2,"featured_media":193409,"comment_status":"closed","ping_status":"closed","sticky":false,"template":"","format":"standard","meta":{"footnotes":""},"categories":[25],"tags":[],"class_list":["post-193408","post","type-post","status-publish","format-standard","has-post-thumbnail","hentry","category-nacionales"],"yoast_head":"<!-- This site is optimized with the Yoast SEO plugin v24.4 - https:\/\/yoast.com\/wordpress\/plugins\/seo\/ -->\n<title>Qui\u00e9n gan\u00f3 la pelea entre Flor Vigna y Alana Flores en Supernova G\u00e9nesis 2026 - GYS NOTICIAS |<\/title>\n<meta name=\"robots\" content=\"index, follow, max-snippet:-1, max-image-preview:large, max-video-preview:-1\" \/>\n<link rel=\"canonical\" href=\"https:\/\/gysfm.com.ar\/inicio\/quien-gano-la-pelea-entre-flor-vigna-y-alana-flores-en-supernova-genesis-2026\/\" \/>\n<meta property=\"og:locale\" content=\"es_ES\" \/>\n<meta property=\"og:type\" content=\"article\" \/>\n<meta property=\"og:title\" content=\"Qui\u00e9n gan\u00f3 la pelea entre Flor Vigna y Alana Flores en Supernova G\u00e9nesis 2026 - GYS NOTICIAS |\" \/>\n<meta property=\"og:description\" content=\"El domingo 26 se llev\u00f3 a cabo la nueva edici\u00f3n de\u00a0\u201cSupernova: G\u00e9nesis\u201d, marcando la primera transmisi\u00f3n en vivo de Netflix en Latinoam\u00e9rica, que pudo\u00a0verse en m\u00e1s de 190 pa\u00edses.\u00a0Florencia Vigna venci\u00f3 a Alana Flores y se volvi\u00f3 viral. &#013;Florencia Vigna venci\u00f3 a Alana Flores en el combate Supernova G\u00e9nesis 2026&#013; El evento\u00a0no profesional combina\u00a0combates de [&hellip;]\" \/>\n<meta property=\"og:url\" content=\"https:\/\/gysfm.com.ar\/inicio\/quien-gano-la-pelea-entre-flor-vigna-y-alana-flores-en-supernova-genesis-2026\/\" \/>\n<meta property=\"og:site_name\" content=\"GYS NOTICIAS |\" \/>\n<meta property=\"article:published_time\" content=\"2026-04-28T06:31:06+00:00\" \/>\n<meta property=\"og:image\" content=\"https:\/\/fotos.perfil.com\/\/2026\/04\/27\/900\/0\/florencia-vigna-vencio-a-alana-flores-en-el-combate-supernova-genesis-2026-2228414.jpg\" \/>\n<meta name=\"author\" content=\"Prensa G&amp;S FM\" \/>\n<meta name=\"twitter:card\" content=\"summary_large_image\" \/>\n<meta name=\"twitter:label1\" content=\"Escrito por\" \/>\n\t<meta name=\"twitter:data1\" content=\"Prensa G&amp;S FM\" \/>\n\t<meta name=\"twitter:label2\" content=\"Tiempo de lectura\" \/>\n\t<meta name=\"twitter:data2\" content=\"2 minutos\" \/>\n<script type=\"application\/ld+json\" class=\"yoast-schema-graph\">{\"@context\":\"https:\/\/schema.org\",\"@graph\":[{\"@type\":\"Article\",\"@id\":\"https:\/\/gysfm.com.ar\/inicio\/quien-gano-la-pelea-entre-flor-vigna-y-alana-flores-en-supernova-genesis-2026\/#article\",\"isPartOf\":{\"@id\":\"https:\/\/gysfm.com.ar\/inicio\/quien-gano-la-pelea-entre-flor-vigna-y-alana-flores-en-supernova-genesis-2026\/\"},\"author\":{\"name\":\"Prensa G&amp;S FM\",\"@id\":\"https:\/\/gysfm.com.ar\/inicio\/#\/schema\/person\/3abba7593ef2ad19e1be221d54383dc5\"},\"headline\":\"Qui\u00e9n gan\u00f3 la pelea entre Flor Vigna y Alana Flores en Supernova G\u00e9nesis 2026\",\"datePublished\":\"2026-04-28T06:31:06+00:00\",\"mainEntityOfPage\":{\"@id\":\"https:\/\/gysfm.com.ar\/inicio\/quien-gano-la-pelea-entre-flor-vigna-y-alana-flores-en-supernova-genesis-2026\/\"},\"wordCount\":393,\"publisher\":{\"@id\":\"https:\/\/gysfm.com.ar\/inicio\/#organization\"},\"image\":{\"@id\":\"https:\/\/gysfm.com.ar\/inicio\/quien-gano-la-pelea-entre-flor-vigna-y-alana-flores-en-supernova-genesis-2026\/#primaryimage\"},\"thumbnailUrl\":\"https:\/\/gysfm.com.ar\/inicio\/wp-content\/uploads\/2026\/04\/alana-flores-y-flor-vigna-2228351.jpg\",\"articleSection\":[\"NACIONALES\"],\"inLanguage\":\"es\"},{\"@type\":\"WebPage\",\"@id\":\"https:\/\/gysfm.com.ar\/inicio\/quien-gano-la-pelea-entre-flor-vigna-y-alana-flores-en-supernova-genesis-2026\/\",\"url\":\"https:\/\/gysfm.com.ar\/inicio\/quien-gano-la-pelea-entre-flor-vigna-y-alana-flores-en-supernova-genesis-2026\/\",\"name\":\"Qui\u00e9n gan\u00f3 la pelea entre Flor Vigna y Alana Flores en Supernova G\u00e9nesis 2026 - GYS NOTICIAS |\",\"isPartOf\":{\"@id\":\"https:\/\/gysfm.com.ar\/inicio\/#website\"},\"primaryImageOfPage\":{\"@id\":\"https:\/\/gysfm.com.ar\/inicio\/quien-gano-la-pelea-entre-flor-vigna-y-alana-flores-en-supernova-genesis-2026\/#primaryimage\"},\"image\":{\"@id\":\"https:\/\/gysfm.com.ar\/inicio\/quien-gano-la-pelea-entre-flor-vigna-y-alana-flores-en-supernova-genesis-2026\/#primaryimage\"},\"thumbnailUrl\":\"https:\/\/gysfm.com.ar\/inicio\/wp-content\/uploads\/2026\/04\/alana-flores-y-flor-vigna-2228351.jpg\",\"datePublished\":\"2026-04-28T06:31:06+00:00\",\"breadcrumb\":{\"@id\":\"https:\/\/gysfm.com.ar\/inicio\/quien-gano-la-pelea-entre-flor-vigna-y-alana-flores-en-supernova-genesis-2026\/#breadcrumb\"},\"inLanguage\":\"es\",\"potentialAction\":[{\"@type\":\"ReadAction\",\"target\":[\"https:\/\/gysfm.com.ar\/inicio\/quien-gano-la-pelea-entre-flor-vigna-y-alana-flores-en-supernova-genesis-2026\/\"]}]},{\"@type\":\"ImageObject\",\"inLanguage\":\"es\",\"@id\":\"https:\/\/gysfm.com.ar\/inicio\/quien-gano-la-pelea-entre-flor-vigna-y-alana-flores-en-supernova-genesis-2026\/#primaryimage\",\"url\":\"https:\/\/gysfm.com.ar\/inicio\/wp-content\/uploads\/2026\/04\/alana-flores-y-flor-vigna-2228351.jpg\",\"contentUrl\":\"https:\/\/gysfm.com.ar\/inicio\/wp-content\/uploads\/2026\/04\/alana-flores-y-flor-vigna-2228351.jpg\",\"width\":1140,\"height\":641},{\"@type\":\"BreadcrumbList\",\"@id\":\"https:\/\/gysfm.com.ar\/inicio\/quien-gano-la-pelea-entre-flor-vigna-y-alana-flores-en-supernova-genesis-2026\/#breadcrumb\",\"itemListElement\":[{\"@type\":\"ListItem\",\"position\":1,\"name\":\"Portada\",\"item\":\"https:\/\/gysfm.com.ar\/inicio\/\"},{\"@type\":\"ListItem\",\"position\":2,\"name\":\"Qui\u00e9n gan\u00f3 la pelea entre Flor Vigna y Alana Flores en Supernova G\u00e9nesis 2026\"}]},{\"@type\":\"WebSite\",\"@id\":\"https:\/\/gysfm.com.ar\/inicio\/#website\",\"url\":\"https:\/\/gysfm.com.ar\/inicio\/\",\"name\":\"GYS NOTICIAS |\",\"description\":\"DIARIO - RADIO ONLINE SAN JUAN ARGENTINA\",\"publisher\":{\"@id\":\"https:\/\/gysfm.com.ar\/inicio\/#organization\"},\"potentialAction\":[{\"@type\":\"SearchAction\",\"target\":{\"@type\":\"EntryPoint\",\"urlTemplate\":\"https:\/\/gysfm.com.ar\/inicio\/?s={search_term_string}\"},\"query-input\":{\"@type\":\"PropertyValueSpecification\",\"valueRequired\":true,\"valueName\":\"search_term_string\"}}],\"inLanguage\":\"es\"},{\"@type\":\"Organization\",\"@id\":\"https:\/\/gysfm.com.ar\/inicio\/#organization\",\"name\":\"GYS NOTICIAS |\",\"url\":\"https:\/\/gysfm.com.ar\/inicio\/\",\"logo\":{\"@type\":\"ImageObject\",\"inLanguage\":\"es\",\"@id\":\"https:\/\/gysfm.com.ar\/inicio\/#\/schema\/logo\/image\/\",\"url\":\"https:\/\/gysfm.com.ar\/inicio\/wp-content\/uploads\/2023\/07\/LOGOGYS-OK.png\",\"contentUrl\":\"https:\/\/gysfm.com.ar\/inicio\/wp-content\/uploads\/2023\/07\/LOGOGYS-OK.png\",\"width\":1170,\"height\":872,\"caption\":\"GYS NOTICIAS |\"},\"image\":{\"@id\":\"https:\/\/gysfm.com.ar\/inicio\/#\/schema\/logo\/image\/\"}},{\"@type\":\"Person\",\"@id\":\"https:\/\/gysfm.com.ar\/inicio\/#\/schema\/person\/3abba7593ef2ad19e1be221d54383dc5\",\"name\":\"Prensa G&amp;S FM\",\"image\":{\"@type\":\"ImageObject\",\"inLanguage\":\"es\",\"@id\":\"https:\/\/gysfm.com.ar\/inicio\/#\/schema\/person\/image\/\",\"url\":\"https:\/\/secure.gravatar.com\/avatar\/096ec78df02049ab018702bb4ccedf659377fa92a26540b5247612077a0dbd29?s=96&d=mm&r=g\",\"contentUrl\":\"https:\/\/secure.gravatar.com\/avatar\/096ec78df02049ab018702bb4ccedf659377fa92a26540b5247612077a0dbd29?s=96&d=mm&r=g\",\"caption\":\"Prensa G&amp;S FM\"},\"sameAs\":[\"https:\/\/gysfm.com.ar\/\"],\"url\":\"https:\/\/gysfm.com.ar\/inicio\/author\/lucasm\/\"}]}<\/script>\n<!-- \/ Yoast SEO plugin. -->","yoast_head_json":{"title":"Qui\u00e9n gan\u00f3 la pelea entre Flor Vigna y Alana Flores en Supernova G\u00e9nesis 2026 - GYS NOTICIAS |","robots":{"index":"index","follow":"follow","max-snippet":"max-snippet:-1","max-image-preview":"max-image-preview:large","max-video-preview":"max-video-preview:-1"},"canonical":"https:\/\/gysfm.com.ar\/inicio\/quien-gano-la-pelea-entre-flor-vigna-y-alana-flores-en-supernova-genesis-2026\/","og_locale":"es_ES","og_type":"article","og_title":"Qui\u00e9n gan\u00f3 la pelea entre Flor Vigna y Alana Flores en Supernova G\u00e9nesis 2026 - GYS NOTICIAS |","og_description":"El domingo 26 se llev\u00f3 a cabo la nueva edici\u00f3n de\u00a0\u201cSupernova: G\u00e9nesis\u201d, marcando la primera transmisi\u00f3n en vivo de Netflix en Latinoam\u00e9rica, que pudo\u00a0verse en m\u00e1s de 190 pa\u00edses.\u00a0Florencia Vigna venci\u00f3 a Alana Flores y se volvi\u00f3 viral. &#13;Florencia Vigna venci\u00f3 a Alana Flores en el combate Supernova G\u00e9nesis 2026&#13; El evento\u00a0no profesional combina\u00a0combates de [&hellip;]","og_url":"https:\/\/gysfm.com.ar\/inicio\/quien-gano-la-pelea-entre-flor-vigna-y-alana-flores-en-supernova-genesis-2026\/","og_site_name":"GYS NOTICIAS |","article_published_time":"2026-04-28T06:31:06+00:00","og_image":[{"url":"https:\/\/fotos.perfil.com\/\/2026\/04\/27\/900\/0\/florencia-vigna-vencio-a-alana-flores-en-el-combate-supernova-genesis-2026-2228414.jpg","type":"","width":"","height":""}],"author":"Prensa G&amp;S FM","twitter_card":"summary_large_image","twitter_misc":{"Escrito por":"Prensa G&amp;S FM","Tiempo de lectura":"2 minutos"},"schema":{"@context":"https:\/\/schema.org","@graph":[{"@type":"Article","@id":"https:\/\/gysfm.com.ar\/inicio\/quien-gano-la-pelea-entre-flor-vigna-y-alana-flores-en-supernova-genesis-2026\/#article","isPartOf":{"@id":"https:\/\/gysfm.com.ar\/inicio\/quien-gano-la-pelea-entre-flor-vigna-y-alana-flores-en-supernova-genesis-2026\/"},"author":{"name":"Prensa G&amp;S FM","@id":"https:\/\/gysfm.com.ar\/inicio\/#\/schema\/person\/3abba7593ef2ad19e1be221d54383dc5"},"headline":"Qui\u00e9n gan\u00f3 la pelea entre Flor Vigna y Alana Flores en Supernova G\u00e9nesis 2026","datePublished":"2026-04-28T06:31:06+00:00","mainEntityOfPage":{"@id":"https:\/\/gysfm.com.ar\/inicio\/quien-gano-la-pelea-entre-flor-vigna-y-alana-flores-en-supernova-genesis-2026\/"},"wordCount":393,"publisher":{"@id":"https:\/\/gysfm.com.ar\/inicio\/#organization"},"image":{"@id":"https:\/\/gysfm.com.ar\/inicio\/quien-gano-la-pelea-entre-flor-vigna-y-alana-flores-en-supernova-genesis-2026\/#primaryimage"},"thumbnailUrl":"https:\/\/gysfm.com.ar\/inicio\/wp-content\/uploads\/2026\/04\/alana-flores-y-flor-vigna-2228351.jpg","articleSection":["NACIONALES"],"inLanguage":"es"},{"@type":"WebPage","@id":"https:\/\/gysfm.com.ar\/inicio\/quien-gano-la-pelea-entre-flor-vigna-y-alana-flores-en-supernova-genesis-2026\/","url":"https:\/\/gysfm.com.ar\/inicio\/quien-gano-la-pelea-entre-flor-vigna-y-alana-flores-en-supernova-genesis-2026\/","name":"Qui\u00e9n gan\u00f3 la pelea entre Flor Vigna y Alana Flores en Supernova G\u00e9nesis 2026 - GYS NOTICIAS |","isPartOf":{"@id":"https:\/\/gysfm.com.ar\/inicio\/#website"},"primaryImageOfPage":{"@id":"https:\/\/gysfm.com.ar\/inicio\/quien-gano-la-pelea-entre-flor-vigna-y-alana-flores-en-supernova-genesis-2026\/#primaryimage"},"image":{"@id":"https:\/\/gysfm.com.ar\/inicio\/quien-gano-la-pelea-entre-flor-vigna-y-alana-flores-en-supernova-genesis-2026\/#primaryimage"},"thumbnailUrl":"https:\/\/gysfm.com.ar\/inicio\/wp-content\/uploads\/2026\/04\/alana-flores-y-flor-vigna-2228351.jpg","datePublished":"2026-04-28T06:31:06+00:00","breadcrumb":{"@id":"https:\/\/gysfm.com.ar\/inicio\/quien-gano-la-pelea-entre-flor-vigna-y-alana-flores-en-supernova-genesis-2026\/#breadcrumb"},"inLanguage":"es","potentialAction":[{"@type":"ReadAction","target":["https:\/\/gysfm.com.ar\/inicio\/quien-gano-la-pelea-entre-flor-vigna-y-alana-flores-en-supernova-genesis-2026\/"]}]},{"@type":"ImageObject","inLanguage":"es","@id":"https:\/\/gysfm.com.ar\/inicio\/quien-gano-la-pelea-entre-flor-vigna-y-alana-flores-en-supernova-genesis-2026\/#primaryimage","url":"https:\/\/gysfm.com.ar\/inicio\/wp-content\/uploads\/2026\/04\/alana-flores-y-flor-vigna-2228351.jpg","contentUrl":"https:\/\/gysfm.com.ar\/inicio\/wp-content\/uploads\/2026\/04\/alana-flores-y-flor-vigna-2228351.jpg","width":1140,"height":641},{"@type":"BreadcrumbList","@id":"https:\/\/gysfm.com.ar\/inicio\/quien-gano-la-pelea-entre-flor-vigna-y-alana-flores-en-supernova-genesis-2026\/#breadcrumb","itemListElement":[{"@type":"ListItem","position":1,"name":"Portada","item":"https:\/\/gysfm.com.ar\/inicio\/"},{"@type":"ListItem","position":2,"name":"Qui\u00e9n gan\u00f3 la pelea entre Flor Vigna y Alana Flores en Supernova G\u00e9nesis 2026"}]},{"@type":"WebSite","@id":"https:\/\/gysfm.com.ar\/inicio\/#website","url":"https:\/\/gysfm.com.ar\/inicio\/","name":"GYS NOTICIAS |","description":"DIARIO - RADIO ONLINE SAN JUAN ARGENTINA","publisher":{"@id":"https:\/\/gysfm.com.ar\/inicio\/#organization"},"potentialAction":[{"@type":"SearchAction","target":{"@type":"EntryPoint","urlTemplate":"https:\/\/gysfm.com.ar\/inicio\/?s={search_term_string}"},"query-input":{"@type":"PropertyValueSpecification","valueRequired":true,"valueName":"search_term_string"}}],"inLanguage":"es"},{"@type":"Organization","@id":"https:\/\/gysfm.com.ar\/inicio\/#organization","name":"GYS NOTICIAS |","url":"https:\/\/gysfm.com.ar\/inicio\/","logo":{"@type":"ImageObject","inLanguage":"es","@id":"https:\/\/gysfm.com.ar\/inicio\/#\/schema\/logo\/image\/","url":"https:\/\/gysfm.com.ar\/inicio\/wp-content\/uploads\/2023\/07\/LOGOGYS-OK.png","contentUrl":"https:\/\/gysfm.com.ar\/inicio\/wp-content\/uploads\/2023\/07\/LOGOGYS-OK.png","width":1170,"height":872,"caption":"GYS NOTICIAS |"},"image":{"@id":"https:\/\/gysfm.com.ar\/inicio\/#\/schema\/logo\/image\/"}},{"@type":"Person","@id":"https:\/\/gysfm.com.ar\/inicio\/#\/schema\/person\/3abba7593ef2ad19e1be221d54383dc5","name":"Prensa G&amp;S FM","image":{"@type":"ImageObject","inLanguage":"es","@id":"https:\/\/gysfm.com.ar\/inicio\/#\/schema\/person\/image\/","url":"https:\/\/secure.gravatar.com\/avatar\/096ec78df02049ab018702bb4ccedf659377fa92a26540b5247612077a0dbd29?s=96&d=mm&r=g","contentUrl":"https:\/\/secure.gravatar.com\/avatar\/096ec78df02049ab018702bb4ccedf659377fa92a26540b5247612077a0dbd29?s=96&d=mm&r=g","caption":"Prensa G&amp;S FM"},"sameAs":["https:\/\/gysfm.com.ar\/"],"url":"https:\/\/gysfm.com.ar\/inicio\/author\/lucasm\/"}]}},"_links":{"self":[{"href":"https:\/\/gysfm.com.ar\/inicio\/wp-json\/wp\/v2\/posts\/193408","targetHints":{"allow":["GET"]}}],"collection":[{"href":"https:\/\/gysfm.com.ar\/inicio\/wp-json\/wp\/v2\/posts"}],"about":[{"href":"https:\/\/gysfm.com.ar\/inicio\/wp-json\/wp\/v2\/types\/post"}],"author":[{"embeddable":true,"href":"https:\/\/gysfm.com.ar\/inicio\/wp-json\/wp\/v2\/users\/2"}],"replies":[{"embeddable":true,"href":"https:\/\/gysfm.com.ar\/inicio\/wp-json\/wp\/v2\/comments?post=193408"}],"version-history":[{"count":0,"href":"https:\/\/gysfm.com.ar\/inicio\/wp-json\/wp\/v2\/posts\/193408\/revisions"}],"wp:featuredmedia":[{"embeddable":true,"href":"https:\/\/gysfm.com.ar\/inicio\/wp-json\/wp\/v2\/media\/193409"}],"wp:attachment":[{"href":"https:\/\/gysfm.com.ar\/inicio\/wp-json\/wp\/v2\/media?parent=193408"}],"wp:term":[{"taxonomy":"category","embeddable":true,"href":"https:\/\/gysfm.com.ar\/inicio\/wp-json\/wp\/v2\/categories?post=193408"},{"taxonomy":"post_tag","embeddable":true,"href":"https:\/\/gysfm.com.ar\/inicio\/wp-json\/wp\/v2\/tags?post=193408"}],"curies":[{"name":"wp","href":"https:\/\/api.w.org\/{rel}","templated":true}]}}