{"id":193406,"date":"2026-04-28T03:00:19","date_gmt":"2026-04-28T06:00:19","guid":{"rendered":"https:\/\/gysfm.com.ar\/inicio\/lady-gaga-y-doechii-lucen-alta-costura-en-el-video-de-runway-para-el-diablo-viste-a-la-moda-2\/"},"modified":"2026-04-28T03:00:19","modified_gmt":"2026-04-28T06:00:19","slug":"lady-gaga-y-doechii-lucen-alta-costura-en-el-video-de-runway-para-el-diablo-viste-a-la-moda-2","status":"publish","type":"post","link":"https:\/\/gysfm.com.ar\/inicio\/lady-gaga-y-doechii-lucen-alta-costura-en-el-video-de-runway-para-el-diablo-viste-a-la-moda-2\/","title":{"rendered":"Lady Gaga y Doechii lucen alta costura en el video de \u00abRunway\u00bb para \u00abEl diablo viste a la moda 2\u00bb"},"content":{"rendered":"<p><\/p>\n<div id=\"article-content\">\n<p><strong><a target=\"_blank\" href=\"https:\/\/exitoina.perfil.com\/noticias\/musica\/lady-gaga-y-doechii-lanzan-su-tema-runway-para-el-diablo-viste-a-la-moda-2.phtml\">Lady Gaga y Doechii<\/a><\/strong> lanzaron el video\u00a0de su \u00faltima colaboraci\u00f3n, \u00ab<em><strong>Runway<\/strong><\/em>\u00ab, para la banda sonora de\u00a0\u00ab<em><strong><a target=\"_blank\" href=\"https:\/\/exitoina.perfil.com\/noticias\/cine-2\/avance-el-diablo-viste-a-la-moda-2-cancion-runway-lady-gaga-doechii.phtml\">El diablo viste a la moda 2<\/a>\u00ab<\/strong><\/em>, derrochando\u00a0alta costura.<\/p>\n<div style=\"text-align:center\">\n<figure class=\"image\" style=\"display:inline-block\"><img decoding=\"async\" style=\"max-width: 100%; width: 100%;\" alt=\"Doechii y Lady Gaga \" src=\"https:\/\/fotos.perfil.com\/\/2026\/04\/27\/900\/0\/doechii-y-lady-gaga-2228842.jpg\" loading=\"lazy\"\/>&#13;<figcaption>Lady Gaga y\u00a0Doechii<\/figcaption>&#13;<br \/>\n<\/figure>\n<\/div>\n<p>El nuevo video \u2014dirigido por Parris Goebel\u2014 comienza con una habitaci\u00f3n surrealista llena de rayas, luces estrobosc\u00f3picas, Lady Gaga y Doechii posan para las c\u00e1maras con una amplia variedad de looks vanguardistas y extravagantes,\u00a0que van desde bodys adornados con joyas hasta vestidos de gala con faldas amplias.\u00a0<\/p>\n<p><iframe loading=\"lazy\" title=\"Lady Gaga, Doechii - RUNWAY (Official Music Video)\" width=\"1170\" height=\"658\" src=\"https:\/\/www.youtube.com\/embed\/XXIX2WnfbpE?wmode=transparent&amp;rel=0&amp;feature=oembed\" frameborder=\"0\" allow=\"accelerometer; autoplay; clipboard-write; encrypted-media; gyroscope; picture-in-picture; web-share\" referrerpolicy=\"strict-origin-when-cross-origin\" allowfullscreen><\/iframe><\/p>\n<p>Las m\u00fasicas luce sus atuendos, muchos de ellos hechos a medida, incluyendo un vestido de Miss Claire Sullivan, un traje doble personalizado de LUAR, Bad Binch Tong Tong, Robert Wun y un mono personalizado de Guaruv Gupta. Doechii y Gaga lucieron plataformas negras a juego de Thom Solo.<\/p>\n<div style=\"text-align:center\">\n<figure class=\"image\" style=\"display:inline-block\"><img decoding=\"async\" style=\"max-width: 100%; width: 100%;\" alt=\"Doechii y Lady Gaga \" src=\"https:\/\/fotos.perfil.com\/\/2026\/04\/27\/900\/0\/doechii-y-lady-gaga-2228861.jpg\" loading=\"lazy\"\/>&#13;<figcaption>Lady Gaga y\u00a0Doechii<\/figcaption>&#13;<br \/>\n<\/figure>\n<\/div>\n<p>Tras su lanzamiento, el sencillo registr\u00f3 un total de 2.962.332 reproducciones sin filtrar en Spotify, debutando en el puesto n\u00famero 32 de la lista global de Spotify. Tambi\u00e9n debut\u00f3 en el puesto n\u00famero 25 de la lista de Spotify de Estados Unidos con m\u00e1s de 727.000 reproducciones en total.<\/p>\n<\/p><\/div>\n<p><script>\n\t(function(d, s, id) {\n\t\tvar js, fjs = d.getElementsByTagName(s)[0];\n\t\tif (d.getElementById(id)) return;\n\t\tjs = d.createElement(s);\n\t\tjs.id = id;\n\t\tjs.src=\"https:\/\/connect.facebook.net\/es_LA\/sdk.js#xfbml=1&version=v3.1\";\n\t\tfjs.parentNode.insertBefore(js, fjs);\n\t}(document, 'script', 'facebook-jssdk'));\n<\/script><\/p>\n","protected":false},"excerpt":{"rendered":"<p>Lady Gaga y Doechii lanzaron el video\u00a0de su \u00faltima colaboraci\u00f3n, \u00abRunway\u00ab, para la banda sonora de\u00a0\u00abEl diablo viste a la moda 2\u00ab, derrochando\u00a0alta costura. &#13;Lady Gaga y\u00a0Doechii&#13; El nuevo video \u2014dirigido por Parris Goebel\u2014 comienza con una habitaci\u00f3n surrealista llena de rayas, luces estrobosc\u00f3picas, Lady Gaga y Doechii posan para las c\u00e1maras con una amplia [&hellip;]<\/p>\n","protected":false},"author":2,"featured_media":193407,"comment_status":"closed","ping_status":"closed","sticky":false,"template":"","format":"standard","meta":{"footnotes":""},"categories":[25],"tags":[],"class_list":["post-193406","post","type-post","status-publish","format-standard","has-post-thumbnail","hentry","category-nacionales"],"yoast_head":"<!-- This site is optimized with the Yoast SEO plugin v24.4 - https:\/\/yoast.com\/wordpress\/plugins\/seo\/ -->\n<title>Lady Gaga y Doechii lucen alta costura en el video de &quot;Runway&quot; para &quot;El diablo viste a la moda 2&quot; - GYS NOTICIAS |<\/title>\n<meta name=\"robots\" content=\"index, follow, max-snippet:-1, max-image-preview:large, max-video-preview:-1\" \/>\n<link rel=\"canonical\" href=\"https:\/\/gysfm.com.ar\/inicio\/lady-gaga-y-doechii-lucen-alta-costura-en-el-video-de-runway-para-el-diablo-viste-a-la-moda-2\/\" \/>\n<meta property=\"og:locale\" content=\"es_ES\" \/>\n<meta property=\"og:type\" content=\"article\" \/>\n<meta property=\"og:title\" content=\"Lady Gaga y Doechii lucen alta costura en el video de &quot;Runway&quot; para &quot;El diablo viste a la moda 2&quot; - GYS NOTICIAS |\" \/>\n<meta property=\"og:description\" content=\"Lady Gaga y Doechii lanzaron el video\u00a0de su \u00faltima colaboraci\u00f3n, \u00abRunway\u00ab, para la banda sonora de\u00a0\u00abEl diablo viste a la moda 2\u00ab, derrochando\u00a0alta costura. &#013;Lady Gaga y\u00a0Doechii&#013; El nuevo video \u2014dirigido por Parris Goebel\u2014 comienza con una habitaci\u00f3n surrealista llena de rayas, luces estrobosc\u00f3picas, Lady Gaga y Doechii posan para las c\u00e1maras con una amplia [&hellip;]\" \/>\n<meta property=\"og:url\" content=\"https:\/\/gysfm.com.ar\/inicio\/lady-gaga-y-doechii-lucen-alta-costura-en-el-video-de-runway-para-el-diablo-viste-a-la-moda-2\/\" \/>\n<meta property=\"og:site_name\" content=\"GYS NOTICIAS |\" \/>\n<meta property=\"article:published_time\" content=\"2026-04-28T06:00:19+00:00\" \/>\n<meta property=\"og:image\" content=\"https:\/\/fotos.perfil.com\/\/2026\/04\/27\/900\/0\/doechii-y-lady-gaga-2228842.jpg\" \/>\n<meta name=\"author\" content=\"Prensa G&amp;S FM\" \/>\n<meta name=\"twitter:card\" content=\"summary_large_image\" \/>\n<meta name=\"twitter:label1\" content=\"Escrito por\" \/>\n\t<meta name=\"twitter:data1\" content=\"Prensa G&amp;S FM\" \/>\n\t<meta name=\"twitter:label2\" content=\"Tiempo de lectura\" \/>\n\t<meta name=\"twitter:data2\" content=\"1 minuto\" \/>\n<script type=\"application\/ld+json\" class=\"yoast-schema-graph\">{\"@context\":\"https:\/\/schema.org\",\"@graph\":[{\"@type\":\"Article\",\"@id\":\"https:\/\/gysfm.com.ar\/inicio\/lady-gaga-y-doechii-lucen-alta-costura-en-el-video-de-runway-para-el-diablo-viste-a-la-moda-2\/#article\",\"isPartOf\":{\"@id\":\"https:\/\/gysfm.com.ar\/inicio\/lady-gaga-y-doechii-lucen-alta-costura-en-el-video-de-runway-para-el-diablo-viste-a-la-moda-2\/\"},\"author\":{\"name\":\"Prensa G&amp;S FM\",\"@id\":\"https:\/\/gysfm.com.ar\/inicio\/#\/schema\/person\/3abba7593ef2ad19e1be221d54383dc5\"},\"headline\":\"Lady Gaga y Doechii lucen alta costura en el video de \u00abRunway\u00bb para \u00abEl diablo viste a la moda 2\u00bb\",\"datePublished\":\"2026-04-28T06:00:19+00:00\",\"mainEntityOfPage\":{\"@id\":\"https:\/\/gysfm.com.ar\/inicio\/lady-gaga-y-doechii-lucen-alta-costura-en-el-video-de-runway-para-el-diablo-viste-a-la-moda-2\/\"},\"wordCount\":213,\"publisher\":{\"@id\":\"https:\/\/gysfm.com.ar\/inicio\/#organization\"},\"image\":{\"@id\":\"https:\/\/gysfm.com.ar\/inicio\/lady-gaga-y-doechii-lucen-alta-costura-en-el-video-de-runway-para-el-diablo-viste-a-la-moda-2\/#primaryimage\"},\"thumbnailUrl\":\"https:\/\/gysfm.com.ar\/inicio\/wp-content\/uploads\/2026\/04\/doechii-y-lady-gaga-2228840.jpg\",\"articleSection\":[\"NACIONALES\"],\"inLanguage\":\"es\"},{\"@type\":\"WebPage\",\"@id\":\"https:\/\/gysfm.com.ar\/inicio\/lady-gaga-y-doechii-lucen-alta-costura-en-el-video-de-runway-para-el-diablo-viste-a-la-moda-2\/\",\"url\":\"https:\/\/gysfm.com.ar\/inicio\/lady-gaga-y-doechii-lucen-alta-costura-en-el-video-de-runway-para-el-diablo-viste-a-la-moda-2\/\",\"name\":\"Lady Gaga y Doechii lucen alta costura en el video de \\\"Runway\\\" para \\\"El diablo viste a la moda 2\\\" - GYS NOTICIAS |\",\"isPartOf\":{\"@id\":\"https:\/\/gysfm.com.ar\/inicio\/#website\"},\"primaryImageOfPage\":{\"@id\":\"https:\/\/gysfm.com.ar\/inicio\/lady-gaga-y-doechii-lucen-alta-costura-en-el-video-de-runway-para-el-diablo-viste-a-la-moda-2\/#primaryimage\"},\"image\":{\"@id\":\"https:\/\/gysfm.com.ar\/inicio\/lady-gaga-y-doechii-lucen-alta-costura-en-el-video-de-runway-para-el-diablo-viste-a-la-moda-2\/#primaryimage\"},\"thumbnailUrl\":\"https:\/\/gysfm.com.ar\/inicio\/wp-content\/uploads\/2026\/04\/doechii-y-lady-gaga-2228840.jpg\",\"datePublished\":\"2026-04-28T06:00:19+00:00\",\"breadcrumb\":{\"@id\":\"https:\/\/gysfm.com.ar\/inicio\/lady-gaga-y-doechii-lucen-alta-costura-en-el-video-de-runway-para-el-diablo-viste-a-la-moda-2\/#breadcrumb\"},\"inLanguage\":\"es\",\"potentialAction\":[{\"@type\":\"ReadAction\",\"target\":[\"https:\/\/gysfm.com.ar\/inicio\/lady-gaga-y-doechii-lucen-alta-costura-en-el-video-de-runway-para-el-diablo-viste-a-la-moda-2\/\"]}]},{\"@type\":\"ImageObject\",\"inLanguage\":\"es\",\"@id\":\"https:\/\/gysfm.com.ar\/inicio\/lady-gaga-y-doechii-lucen-alta-costura-en-el-video-de-runway-para-el-diablo-viste-a-la-moda-2\/#primaryimage\",\"url\":\"https:\/\/gysfm.com.ar\/inicio\/wp-content\/uploads\/2026\/04\/doechii-y-lady-gaga-2228840.jpg\",\"contentUrl\":\"https:\/\/gysfm.com.ar\/inicio\/wp-content\/uploads\/2026\/04\/doechii-y-lady-gaga-2228840.jpg\",\"width\":1140,\"height\":641},{\"@type\":\"BreadcrumbList\",\"@id\":\"https:\/\/gysfm.com.ar\/inicio\/lady-gaga-y-doechii-lucen-alta-costura-en-el-video-de-runway-para-el-diablo-viste-a-la-moda-2\/#breadcrumb\",\"itemListElement\":[{\"@type\":\"ListItem\",\"position\":1,\"name\":\"Portada\",\"item\":\"https:\/\/gysfm.com.ar\/inicio\/\"},{\"@type\":\"ListItem\",\"position\":2,\"name\":\"Lady Gaga y Doechii lucen alta costura en el video de \u00abRunway\u00bb para \u00abEl diablo viste a la moda 2\u00bb\"}]},{\"@type\":\"WebSite\",\"@id\":\"https:\/\/gysfm.com.ar\/inicio\/#website\",\"url\":\"https:\/\/gysfm.com.ar\/inicio\/\",\"name\":\"GYS NOTICIAS |\",\"description\":\"DIARIO - RADIO ONLINE SAN JUAN ARGENTINA\",\"publisher\":{\"@id\":\"https:\/\/gysfm.com.ar\/inicio\/#organization\"},\"potentialAction\":[{\"@type\":\"SearchAction\",\"target\":{\"@type\":\"EntryPoint\",\"urlTemplate\":\"https:\/\/gysfm.com.ar\/inicio\/?s={search_term_string}\"},\"query-input\":{\"@type\":\"PropertyValueSpecification\",\"valueRequired\":true,\"valueName\":\"search_term_string\"}}],\"inLanguage\":\"es\"},{\"@type\":\"Organization\",\"@id\":\"https:\/\/gysfm.com.ar\/inicio\/#organization\",\"name\":\"GYS NOTICIAS |\",\"url\":\"https:\/\/gysfm.com.ar\/inicio\/\",\"logo\":{\"@type\":\"ImageObject\",\"inLanguage\":\"es\",\"@id\":\"https:\/\/gysfm.com.ar\/inicio\/#\/schema\/logo\/image\/\",\"url\":\"https:\/\/gysfm.com.ar\/inicio\/wp-content\/uploads\/2023\/07\/LOGOGYS-OK.png\",\"contentUrl\":\"https:\/\/gysfm.com.ar\/inicio\/wp-content\/uploads\/2023\/07\/LOGOGYS-OK.png\",\"width\":1170,\"height\":872,\"caption\":\"GYS NOTICIAS |\"},\"image\":{\"@id\":\"https:\/\/gysfm.com.ar\/inicio\/#\/schema\/logo\/image\/\"}},{\"@type\":\"Person\",\"@id\":\"https:\/\/gysfm.com.ar\/inicio\/#\/schema\/person\/3abba7593ef2ad19e1be221d54383dc5\",\"name\":\"Prensa G&amp;S FM\",\"image\":{\"@type\":\"ImageObject\",\"inLanguage\":\"es\",\"@id\":\"https:\/\/gysfm.com.ar\/inicio\/#\/schema\/person\/image\/\",\"url\":\"https:\/\/secure.gravatar.com\/avatar\/096ec78df02049ab018702bb4ccedf659377fa92a26540b5247612077a0dbd29?s=96&d=mm&r=g\",\"contentUrl\":\"https:\/\/secure.gravatar.com\/avatar\/096ec78df02049ab018702bb4ccedf659377fa92a26540b5247612077a0dbd29?s=96&d=mm&r=g\",\"caption\":\"Prensa G&amp;S FM\"},\"sameAs\":[\"https:\/\/gysfm.com.ar\/\"],\"url\":\"https:\/\/gysfm.com.ar\/inicio\/author\/lucasm\/\"}]}<\/script>\n<!-- \/ Yoast SEO plugin. -->","yoast_head_json":{"title":"Lady Gaga y Doechii lucen alta costura en el video de \"Runway\" para \"El diablo viste a la moda 2\" - GYS NOTICIAS |","robots":{"index":"index","follow":"follow","max-snippet":"max-snippet:-1","max-image-preview":"max-image-preview:large","max-video-preview":"max-video-preview:-1"},"canonical":"https:\/\/gysfm.com.ar\/inicio\/lady-gaga-y-doechii-lucen-alta-costura-en-el-video-de-runway-para-el-diablo-viste-a-la-moda-2\/","og_locale":"es_ES","og_type":"article","og_title":"Lady Gaga y Doechii lucen alta costura en el video de \"Runway\" para \"El diablo viste a la moda 2\" - GYS NOTICIAS |","og_description":"Lady Gaga y Doechii lanzaron el video\u00a0de su \u00faltima colaboraci\u00f3n, \u00abRunway\u00ab, para la banda sonora de\u00a0\u00abEl diablo viste a la moda 2\u00ab, derrochando\u00a0alta costura. &#13;Lady Gaga y\u00a0Doechii&#13; El nuevo video \u2014dirigido por Parris Goebel\u2014 comienza con una habitaci\u00f3n surrealista llena de rayas, luces estrobosc\u00f3picas, Lady Gaga y Doechii posan para las c\u00e1maras con una amplia [&hellip;]","og_url":"https:\/\/gysfm.com.ar\/inicio\/lady-gaga-y-doechii-lucen-alta-costura-en-el-video-de-runway-para-el-diablo-viste-a-la-moda-2\/","og_site_name":"GYS NOTICIAS |","article_published_time":"2026-04-28T06:00:19+00:00","og_image":[{"url":"https:\/\/fotos.perfil.com\/\/2026\/04\/27\/900\/0\/doechii-y-lady-gaga-2228842.jpg","type":"","width":"","height":""}],"author":"Prensa G&amp;S FM","twitter_card":"summary_large_image","twitter_misc":{"Escrito por":"Prensa G&amp;S FM","Tiempo de lectura":"1 minuto"},"schema":{"@context":"https:\/\/schema.org","@graph":[{"@type":"Article","@id":"https:\/\/gysfm.com.ar\/inicio\/lady-gaga-y-doechii-lucen-alta-costura-en-el-video-de-runway-para-el-diablo-viste-a-la-moda-2\/#article","isPartOf":{"@id":"https:\/\/gysfm.com.ar\/inicio\/lady-gaga-y-doechii-lucen-alta-costura-en-el-video-de-runway-para-el-diablo-viste-a-la-moda-2\/"},"author":{"name":"Prensa G&amp;S FM","@id":"https:\/\/gysfm.com.ar\/inicio\/#\/schema\/person\/3abba7593ef2ad19e1be221d54383dc5"},"headline":"Lady Gaga y Doechii lucen alta costura en el video de \u00abRunway\u00bb para \u00abEl diablo viste a la moda 2\u00bb","datePublished":"2026-04-28T06:00:19+00:00","mainEntityOfPage":{"@id":"https:\/\/gysfm.com.ar\/inicio\/lady-gaga-y-doechii-lucen-alta-costura-en-el-video-de-runway-para-el-diablo-viste-a-la-moda-2\/"},"wordCount":213,"publisher":{"@id":"https:\/\/gysfm.com.ar\/inicio\/#organization"},"image":{"@id":"https:\/\/gysfm.com.ar\/inicio\/lady-gaga-y-doechii-lucen-alta-costura-en-el-video-de-runway-para-el-diablo-viste-a-la-moda-2\/#primaryimage"},"thumbnailUrl":"https:\/\/gysfm.com.ar\/inicio\/wp-content\/uploads\/2026\/04\/doechii-y-lady-gaga-2228840.jpg","articleSection":["NACIONALES"],"inLanguage":"es"},{"@type":"WebPage","@id":"https:\/\/gysfm.com.ar\/inicio\/lady-gaga-y-doechii-lucen-alta-costura-en-el-video-de-runway-para-el-diablo-viste-a-la-moda-2\/","url":"https:\/\/gysfm.com.ar\/inicio\/lady-gaga-y-doechii-lucen-alta-costura-en-el-video-de-runway-para-el-diablo-viste-a-la-moda-2\/","name":"Lady Gaga y Doechii lucen alta costura en el video de \"Runway\" para \"El diablo viste a la moda 2\" - GYS NOTICIAS |","isPartOf":{"@id":"https:\/\/gysfm.com.ar\/inicio\/#website"},"primaryImageOfPage":{"@id":"https:\/\/gysfm.com.ar\/inicio\/lady-gaga-y-doechii-lucen-alta-costura-en-el-video-de-runway-para-el-diablo-viste-a-la-moda-2\/#primaryimage"},"image":{"@id":"https:\/\/gysfm.com.ar\/inicio\/lady-gaga-y-doechii-lucen-alta-costura-en-el-video-de-runway-para-el-diablo-viste-a-la-moda-2\/#primaryimage"},"thumbnailUrl":"https:\/\/gysfm.com.ar\/inicio\/wp-content\/uploads\/2026\/04\/doechii-y-lady-gaga-2228840.jpg","datePublished":"2026-04-28T06:00:19+00:00","breadcrumb":{"@id":"https:\/\/gysfm.com.ar\/inicio\/lady-gaga-y-doechii-lucen-alta-costura-en-el-video-de-runway-para-el-diablo-viste-a-la-moda-2\/#breadcrumb"},"inLanguage":"es","potentialAction":[{"@type":"ReadAction","target":["https:\/\/gysfm.com.ar\/inicio\/lady-gaga-y-doechii-lucen-alta-costura-en-el-video-de-runway-para-el-diablo-viste-a-la-moda-2\/"]}]},{"@type":"ImageObject","inLanguage":"es","@id":"https:\/\/gysfm.com.ar\/inicio\/lady-gaga-y-doechii-lucen-alta-costura-en-el-video-de-runway-para-el-diablo-viste-a-la-moda-2\/#primaryimage","url":"https:\/\/gysfm.com.ar\/inicio\/wp-content\/uploads\/2026\/04\/doechii-y-lady-gaga-2228840.jpg","contentUrl":"https:\/\/gysfm.com.ar\/inicio\/wp-content\/uploads\/2026\/04\/doechii-y-lady-gaga-2228840.jpg","width":1140,"height":641},{"@type":"BreadcrumbList","@id":"https:\/\/gysfm.com.ar\/inicio\/lady-gaga-y-doechii-lucen-alta-costura-en-el-video-de-runway-para-el-diablo-viste-a-la-moda-2\/#breadcrumb","itemListElement":[{"@type":"ListItem","position":1,"name":"Portada","item":"https:\/\/gysfm.com.ar\/inicio\/"},{"@type":"ListItem","position":2,"name":"Lady Gaga y Doechii lucen alta costura en el video de \u00abRunway\u00bb para \u00abEl diablo viste a la moda 2\u00bb"}]},{"@type":"WebSite","@id":"https:\/\/gysfm.com.ar\/inicio\/#website","url":"https:\/\/gysfm.com.ar\/inicio\/","name":"GYS NOTICIAS |","description":"DIARIO - RADIO ONLINE SAN JUAN ARGENTINA","publisher":{"@id":"https:\/\/gysfm.com.ar\/inicio\/#organization"},"potentialAction":[{"@type":"SearchAction","target":{"@type":"EntryPoint","urlTemplate":"https:\/\/gysfm.com.ar\/inicio\/?s={search_term_string}"},"query-input":{"@type":"PropertyValueSpecification","valueRequired":true,"valueName":"search_term_string"}}],"inLanguage":"es"},{"@type":"Organization","@id":"https:\/\/gysfm.com.ar\/inicio\/#organization","name":"GYS NOTICIAS |","url":"https:\/\/gysfm.com.ar\/inicio\/","logo":{"@type":"ImageObject","inLanguage":"es","@id":"https:\/\/gysfm.com.ar\/inicio\/#\/schema\/logo\/image\/","url":"https:\/\/gysfm.com.ar\/inicio\/wp-content\/uploads\/2023\/07\/LOGOGYS-OK.png","contentUrl":"https:\/\/gysfm.com.ar\/inicio\/wp-content\/uploads\/2023\/07\/LOGOGYS-OK.png","width":1170,"height":872,"caption":"GYS NOTICIAS |"},"image":{"@id":"https:\/\/gysfm.com.ar\/inicio\/#\/schema\/logo\/image\/"}},{"@type":"Person","@id":"https:\/\/gysfm.com.ar\/inicio\/#\/schema\/person\/3abba7593ef2ad19e1be221d54383dc5","name":"Prensa G&amp;S FM","image":{"@type":"ImageObject","inLanguage":"es","@id":"https:\/\/gysfm.com.ar\/inicio\/#\/schema\/person\/image\/","url":"https:\/\/secure.gravatar.com\/avatar\/096ec78df02049ab018702bb4ccedf659377fa92a26540b5247612077a0dbd29?s=96&d=mm&r=g","contentUrl":"https:\/\/secure.gravatar.com\/avatar\/096ec78df02049ab018702bb4ccedf659377fa92a26540b5247612077a0dbd29?s=96&d=mm&r=g","caption":"Prensa G&amp;S FM"},"sameAs":["https:\/\/gysfm.com.ar\/"],"url":"https:\/\/gysfm.com.ar\/inicio\/author\/lucasm\/"}]}},"_links":{"self":[{"href":"https:\/\/gysfm.com.ar\/inicio\/wp-json\/wp\/v2\/posts\/193406","targetHints":{"allow":["GET"]}}],"collection":[{"href":"https:\/\/gysfm.com.ar\/inicio\/wp-json\/wp\/v2\/posts"}],"about":[{"href":"https:\/\/gysfm.com.ar\/inicio\/wp-json\/wp\/v2\/types\/post"}],"author":[{"embeddable":true,"href":"https:\/\/gysfm.com.ar\/inicio\/wp-json\/wp\/v2\/users\/2"}],"replies":[{"embeddable":true,"href":"https:\/\/gysfm.com.ar\/inicio\/wp-json\/wp\/v2\/comments?post=193406"}],"version-history":[{"count":0,"href":"https:\/\/gysfm.com.ar\/inicio\/wp-json\/wp\/v2\/posts\/193406\/revisions"}],"wp:featuredmedia":[{"embeddable":true,"href":"https:\/\/gysfm.com.ar\/inicio\/wp-json\/wp\/v2\/media\/193407"}],"wp:attachment":[{"href":"https:\/\/gysfm.com.ar\/inicio\/wp-json\/wp\/v2\/media?parent=193406"}],"wp:term":[{"taxonomy":"category","embeddable":true,"href":"https:\/\/gysfm.com.ar\/inicio\/wp-json\/wp\/v2\/categories?post=193406"},{"taxonomy":"post_tag","embeddable":true,"href":"https:\/\/gysfm.com.ar\/inicio\/wp-json\/wp\/v2\/tags?post=193406"}],"curies":[{"name":"wp","href":"https:\/\/api.w.org\/{rel}","templated":true}]}}