{"id":193396,"date":"2026-04-28T01:45:18","date_gmt":"2026-04-28T04:45:18","guid":{"rendered":"https:\/\/gysfm.com.ar\/inicio\/owoko-entra-en-concurso-preventivo-cierres-despidos-y-caida-de-las-ventas\/"},"modified":"2026-04-28T01:45:19","modified_gmt":"2026-04-28T04:45:19","slug":"owoko-entra-en-concurso-preventivo-cierres-despidos-y-caida-de-las-ventas","status":"publish","type":"post","link":"https:\/\/gysfm.com.ar\/inicio\/owoko-entra-en-concurso-preventivo-cierres-despidos-y-caida-de-las-ventas\/","title":{"rendered":"Owoko entra en concurso preventivo: cierres, despidos y ca\u00edda de las ventas"},"content":{"rendered":"<p><\/p>\n<div>\n<p class=\"com-paragraph   --s\"><strong>Owoko se suma a la n\u00f3mina de marcas textiles con dificultades financieras. <\/strong>La etiqueta de indumentaria infantil, creada por Mar\u00eda Fernanda Gonz\u00e1lez Zeolla y Mart\u00edn Boero, <strong>entr\u00f3 en concurso preventivo<\/strong>, por una profunda ca\u00edda de las ventas, la generaci\u00f3n de <em>sobrestock <\/em>y la acumulaci\u00f3n de deudas.<\/p>\n<p class=\"com-paragraph   --s\">La medida fue dictada por el Juzgado Comercial N\u00b0 9, a cargo de Javier Cosentino. Y alcanza al<strong> <\/strong>conjunto econ\u00f3mico integrado por las sociedades Kokoloko y De Ni\u00f1os, titulares de la marca Owoko.<\/p>\n<p class=\"com-paragraph   --s\">Por tratarse de dos sociedades diferentes, las resoluciones quedaron encuadradas bajo expedientes distintos. En esa l\u00ednea, si bien el proceso de Kokoloko fue calificado como \u201cpeque\u00f1o concurso\u201d; el proceso de De Ni\u00f1os qued\u00f3 bajo la car\u00e1tula de \u201cgran concurso\u201d, debido a la magnitud de su pasivo y estructura.<\/p>\n<p class=\"com-paragraph   --s\"><a href=\"https:\/\/www.lanacion.com.ar\/lifestyle\/ideas-millonarias-la-disenadora-que-reinvento-la-ropa-de-ninos-nid2115240\/\" target=\"_self\" title=\"https:\/\/www.lanacion.com.ar\/lifestyle\/ideas-millonarias-la-disenadora-que-reinvento-la-ropa-de-ninos-nid2115240\/\" class=\"com-link break-word\" data-mrf-recirculation=\"n_link_parrafo\">Owoko naci\u00f3 en 2003,<\/a> como <strong>un proyecto personal y familiar de Mar\u00eda Fernanda Gonz\u00e1lez Zeolla \u2014tejedora y una de las primeras estudiantes de la carrera de Dise\u00f1o de Indumentaria en UBA\u2014 y Mart\u00edn Boero \u2014dise\u00f1ador industrial\u2014<\/strong>. Ante la propuesta de unos amigos, con ahorros propios y pr\u00e9stamos de la familia, plasmaron una colecci\u00f3n de miles de prendas para probar su suerte en una feria de indumentaria infantil en Valencia, Espa\u00f1a.<\/p>\n<p class=\"com-paragraph   --s\">Meses m\u00e1s tarde, volvieron a Espa\u00f1a con tren ganador y superaron sus expectativas. Y <strong>en octubre de 2004 abrieron el primer local de Owoko en la Argentina<\/strong>, ubicado en el barrio porte\u00f1o de Palermo. A partir de entonces, saltaron nuevos pedidos de franquicias y tiendas multimarcas de todo el pa\u00eds empezaron a comprarles las prendas.<\/p>\n<p class=\"com-paragraph   --s\">Hasta 2018, la marca experiment\u00f3 una disparada de locales. Para entonces, operaba <strong>42 tiendas exclusivas<\/strong> (14 propias y el resto franquicias), estaba presente en centros comerciales como Galer\u00edas Pac\u00edfico y Unicenter, empleaba a 120 personas y daba trabajo a 500.<\/p>\n<div class=\"content-media\">\n<section role=\"button\" class=\"mod-media   \">\n<figure role=\"button\" tabindex=\"0\" class=\"mod-figure \"><figcaption class=\"mod-figcaption\"><span class=\"com-text --caption --twoxs\">Owoko naci\u00f3 en 2003, como un proyecto personal y familiar de Mar\u00eda Fernanda Gonz\u00e1lez Zeolla y Mart\u00edn Boero<\/span><\/figcaption><\/figure>\n<\/section>\n<\/div>\n<p class=\"com-paragraph   --s\">La marca fue estructurada bajo dos sociedades. Por un lado, se ubic\u00f3 <strong>Kokoloko, encargada del dise\u00f1o y la producci\u00f3n de las prendas<\/strong>, mediante la contrataci\u00f3n de tejedur\u00edas, hilander\u00edas y talleres. Por el otro, se posicion\u00f3 <strong>De Ni\u00f1os, encargada de la comercializaci\u00f3n <\/strong>de los art\u00edculos a trav\u00e9s de una peque\u00f1a red de locales propios (alquilados) a la calle.<\/p>\n<p class=\"com-paragraph   --s\">Sin embargo, el esquema operativo del grupo comenz\u00f3 a mostrar signos de agotamiento financiero en 2025. Seg\u00fan la presentaci\u00f3n judicial realizada por ambas sociedades, <mark class=\"hl_underline\">Kokoloko entr\u00f3 en un estado de cesaci\u00f3n de pagos definitivo el 4 de noviembre de 2025.<\/mark><\/p>\n<p class=\"com-paragraph   --s\">En su pedido de apertura, las empresas detallaron una combinaci\u00f3n de factores macroecon\u00f3micos y demogr\u00e1ficos que afectaron su rentabilidad.<\/p>\n<p class=\"com-paragraph   --s\">A la crisis estructural se sum\u00f3 un factor financiero determinante. Las empresas denunciaron que <strong>un \u201cembargo mal trabado\u201d por la agencia de recaudaci\u00f3n ARCA (exAFIP)<\/strong> contra De Ni\u00f1os, en junio de 2025 por una deuda que ya estaba en plan de pagos, destruy\u00f3 su calificaci\u00f3n crediticia. Seg\u00fan indicaron, esto provoc\u00f3 el rechazo de cheques y la inhabilitaci\u00f3n de cuentas bancarias, cortando el flujo de fondos necesario para operar.<\/p>\n<p class=\"com-paragraph   --s\">De acuerdo con los estados contables presentados ante la Justicia, los balances de ambas empresas quedaron en rojo. Por un lado, <strong>De Ni\u00f1os exhibi\u00f3 un pasivo que asciende a $1457 millones<\/strong>, conformado por deudas Bancarias y Financieras ($685 millones); deudas previsionales correspondientes a seguridad social, obras sociales, ART y seguros ($404 millones); deudas comerciales con acreedores como IRSA y Cencosud ($259 millones); deudas fiscales ($84 millones); y deudas laborales ($23 millones).<\/p>\n<p class=\"com-paragraph   --s\">Por otro lado, <strong>Kokoloko report\u00f3 un pasivo de $1354 millones<\/strong>. Seg\u00fan el detalle, sus compromisos se dividen de la siguiente manera: deudas bancarias y financieras ($750 millones); deudas con proveedores de producci\u00f3n, insumos y servicios textiles ($343 millones); deudas previsionales ($194 millones); deudas fiscales ($46 millones); y deudas laborales ($19 millones).<\/p>\n<div class=\"content-media\">\n<section role=\"button\" class=\"mod-media   \">\n<figure role=\"button\" tabindex=\"0\" class=\"mod-figure \"><figcaption class=\"mod-figcaption\"><span class=\"com-text --caption --twoxs\">Owoko lleg\u00f3 a operar con 42 tiendas exclusivas , entre propias y franquicias<\/span><\/figcaption><\/figure>\n<\/section>\n<\/div>\n<p class=\"com-paragraph   --s\">En ambos casos, las presentaciones indicaron que <mark class=\"hl_underline\">la mayor concentraci\u00f3n de la deuda se produjo entre 2024 y 2026<\/mark>, debido a la dificultad para afrontar obligaciones fiscales y previsionales en un contexto de alta inflaci\u00f3n y ca\u00edda de planes de pago previos.<\/p>\n<p class=\"com-paragraph   --s\">A su vez, De Ni\u00f1os (la comercializadora) revel\u00f3 una dr\u00e1stica<strong> <\/strong>reducci\u00f3n en la cantidad de locales operativos: seg\u00fan los registros contables, la empresa <strong>dio de baja sus locales en los principales centros comerciales, como Abasto, Shopping TOM, Avellaneda, Aguirre, Soleil y Galer\u00edas Pac\u00edfico<\/strong>. A la par, la n\u00f3mina de empleados tambi\u00e9n se redujo: el grupo indic\u00f3 que cuenta con 39 puestos de trabajo registrados.<\/p>\n<p class=\"com-paragraph   --s\">Con la apertura del concurso, la Justicia dispuso la suspensi\u00f3n de los juicios de contenido patrimonial y el levantamiento de medidas cautelares para permitir que las firmas contin\u00faen con su giro comercial y preserven las fuentes de trabajo.<\/p>\n<p class=\"com-paragraph   --s\"><strong>El cronograma judicial fija el 7 de julio como fecha l\u00edmite para que los acreedores presenten sus pedidos<\/strong> de verificaci\u00f3n ante la sindicatura. En tanto, el plazo de exclusividad para que las empresas del grupo (De Ni\u00f1os y Kokoloko) presenten propuestas de acuerdo a sus acreedores y eviten la quiebra vence el 14 de mayo de 2027.<\/p>\n<section class=\"container-center-100 mb-40 border border-bottom border-thin border-neutral-light-700\">\n<hr\/>\n<\/section>\n<\/div>\n<p><script id=\"facebookpixel\" defer=\"\" type=\"text\/javascript\">\n        !function(f,b,e,v,n,t,s)\n        {if(f.fbq)return;n=f.fbq=function(){n.callMethod?\n        n.callMethod.apply(n,arguments):n.queue.push(arguments)};\n        if(!f._fbq)f._fbq=n;n.push=n;n.loaded=!0;n.version='2.0';\n        n.queue=[];t=b.createElement(e);t.async=!0;\n        t.src=v;s=b.getElementsByTagName(e)[0];\n        s.parentNode.insertBefore(t,s)}(window, document,'script',\n        'https:\/\/connect.facebook.net\/en_US\/fbevents.js');\n        fbq('init', '492459597522335');\n        fbq('track', 'PageView');\n    <\/script><\/p>\n","protected":false},"excerpt":{"rendered":"<p>Owoko se suma a la n\u00f3mina de marcas textiles con dificultades financieras. La etiqueta de indumentaria infantil, creada por Mar\u00eda Fernanda Gonz\u00e1lez Zeolla y Mart\u00edn Boero, entr\u00f3 en concurso preventivo, por una profunda ca\u00edda de las ventas, la generaci\u00f3n de sobrestock y la acumulaci\u00f3n de deudas. La medida fue dictada por el Juzgado Comercial N\u00b0 [&hellip;]<\/p>\n","protected":false},"author":1,"featured_media":193397,"comment_status":"closed","ping_status":"closed","sticky":false,"template":"","format":"standard","meta":{"footnotes":""},"categories":[28],"tags":[],"class_list":["post-193396","post","type-post","status-publish","format-standard","has-post-thumbnail","hentry","category-economia"],"yoast_head":"<!-- This site is optimized with the Yoast SEO plugin v24.4 - https:\/\/yoast.com\/wordpress\/plugins\/seo\/ -->\n<title>Owoko entra en concurso preventivo: cierres, despidos y ca\u00edda de las ventas - GYS NOTICIAS |<\/title>\n<meta name=\"robots\" content=\"index, follow, max-snippet:-1, max-image-preview:large, max-video-preview:-1\" \/>\n<link rel=\"canonical\" href=\"https:\/\/gysfm.com.ar\/inicio\/owoko-entra-en-concurso-preventivo-cierres-despidos-y-caida-de-las-ventas\/\" \/>\n<meta property=\"og:locale\" content=\"es_ES\" \/>\n<meta property=\"og:type\" content=\"article\" \/>\n<meta property=\"og:title\" content=\"Owoko entra en concurso preventivo: cierres, despidos y ca\u00edda de las ventas - GYS NOTICIAS |\" \/>\n<meta property=\"og:description\" content=\"Owoko se suma a la n\u00f3mina de marcas textiles con dificultades financieras. La etiqueta de indumentaria infantil, creada por Mar\u00eda Fernanda Gonz\u00e1lez Zeolla y Mart\u00edn Boero, entr\u00f3 en concurso preventivo, por una profunda ca\u00edda de las ventas, la generaci\u00f3n de sobrestock y la acumulaci\u00f3n de deudas. La medida fue dictada por el Juzgado Comercial N\u00b0 [&hellip;]\" \/>\n<meta property=\"og:url\" content=\"https:\/\/gysfm.com.ar\/inicio\/owoko-entra-en-concurso-preventivo-cierres-despidos-y-caida-de-las-ventas\/\" \/>\n<meta property=\"og:site_name\" content=\"GYS NOTICIAS |\" \/>\n<meta property=\"article:published_time\" content=\"2026-04-28T04:45:18+00:00\" \/>\n<meta property=\"article:modified_time\" content=\"2026-04-28T04:45:19+00:00\" \/>\n<meta property=\"og:image\" content=\"https:\/\/gysfm.com.ar\/inicio\/wp-content\/uploads\/2026\/04\/las-sociedades-kokoloko-y-de-ninos-titulares-de-VTBBCZXILRGRPGWEM7EVFF6YRQ.jpg\" \/>\n\t<meta property=\"og:image:width\" content=\"1200\" \/>\n\t<meta property=\"og:image:height\" content=\"800\" \/>\n\t<meta property=\"og:image:type\" content=\"image\/jpeg\" \/>\n<meta name=\"author\" content=\"admin\" \/>\n<meta name=\"twitter:card\" content=\"summary_large_image\" \/>\n<meta name=\"twitter:label1\" content=\"Escrito por\" \/>\n\t<meta name=\"twitter:data1\" content=\"admin\" \/>\n\t<meta name=\"twitter:label2\" content=\"Tiempo de lectura\" \/>\n\t<meta name=\"twitter:data2\" content=\"4 minutos\" \/>\n<script type=\"application\/ld+json\" class=\"yoast-schema-graph\">{\"@context\":\"https:\/\/schema.org\",\"@graph\":[{\"@type\":\"Article\",\"@id\":\"https:\/\/gysfm.com.ar\/inicio\/owoko-entra-en-concurso-preventivo-cierres-despidos-y-caida-de-las-ventas\/#article\",\"isPartOf\":{\"@id\":\"https:\/\/gysfm.com.ar\/inicio\/owoko-entra-en-concurso-preventivo-cierres-despidos-y-caida-de-las-ventas\/\"},\"author\":{\"name\":\"admin\",\"@id\":\"https:\/\/gysfm.com.ar\/inicio\/#\/schema\/person\/5bedd7ecd35cc35548d89effafa23696\"},\"headline\":\"Owoko entra en concurso preventivo: cierres, despidos y ca\u00edda de las ventas\",\"datePublished\":\"2026-04-28T04:45:18+00:00\",\"dateModified\":\"2026-04-28T04:45:19+00:00\",\"mainEntityOfPage\":{\"@id\":\"https:\/\/gysfm.com.ar\/inicio\/owoko-entra-en-concurso-preventivo-cierres-despidos-y-caida-de-las-ventas\/\"},\"wordCount\":880,\"publisher\":{\"@id\":\"https:\/\/gysfm.com.ar\/inicio\/#organization\"},\"image\":{\"@id\":\"https:\/\/gysfm.com.ar\/inicio\/owoko-entra-en-concurso-preventivo-cierres-despidos-y-caida-de-las-ventas\/#primaryimage\"},\"thumbnailUrl\":\"https:\/\/gysfm.com.ar\/inicio\/wp-content\/uploads\/2026\/04\/las-sociedades-kokoloko-y-de-ninos-titulares-de-VTBBCZXILRGRPGWEM7EVFF6YRQ.jpg\",\"articleSection\":[\"ECONOMIA\"],\"inLanguage\":\"es\"},{\"@type\":\"WebPage\",\"@id\":\"https:\/\/gysfm.com.ar\/inicio\/owoko-entra-en-concurso-preventivo-cierres-despidos-y-caida-de-las-ventas\/\",\"url\":\"https:\/\/gysfm.com.ar\/inicio\/owoko-entra-en-concurso-preventivo-cierres-despidos-y-caida-de-las-ventas\/\",\"name\":\"Owoko entra en concurso preventivo: cierres, despidos y ca\u00edda de las ventas - GYS NOTICIAS |\",\"isPartOf\":{\"@id\":\"https:\/\/gysfm.com.ar\/inicio\/#website\"},\"primaryImageOfPage\":{\"@id\":\"https:\/\/gysfm.com.ar\/inicio\/owoko-entra-en-concurso-preventivo-cierres-despidos-y-caida-de-las-ventas\/#primaryimage\"},\"image\":{\"@id\":\"https:\/\/gysfm.com.ar\/inicio\/owoko-entra-en-concurso-preventivo-cierres-despidos-y-caida-de-las-ventas\/#primaryimage\"},\"thumbnailUrl\":\"https:\/\/gysfm.com.ar\/inicio\/wp-content\/uploads\/2026\/04\/las-sociedades-kokoloko-y-de-ninos-titulares-de-VTBBCZXILRGRPGWEM7EVFF6YRQ.jpg\",\"datePublished\":\"2026-04-28T04:45:18+00:00\",\"dateModified\":\"2026-04-28T04:45:19+00:00\",\"breadcrumb\":{\"@id\":\"https:\/\/gysfm.com.ar\/inicio\/owoko-entra-en-concurso-preventivo-cierres-despidos-y-caida-de-las-ventas\/#breadcrumb\"},\"inLanguage\":\"es\",\"potentialAction\":[{\"@type\":\"ReadAction\",\"target\":[\"https:\/\/gysfm.com.ar\/inicio\/owoko-entra-en-concurso-preventivo-cierres-despidos-y-caida-de-las-ventas\/\"]}]},{\"@type\":\"ImageObject\",\"inLanguage\":\"es\",\"@id\":\"https:\/\/gysfm.com.ar\/inicio\/owoko-entra-en-concurso-preventivo-cierres-despidos-y-caida-de-las-ventas\/#primaryimage\",\"url\":\"https:\/\/gysfm.com.ar\/inicio\/wp-content\/uploads\/2026\/04\/las-sociedades-kokoloko-y-de-ninos-titulares-de-VTBBCZXILRGRPGWEM7EVFF6YRQ.jpg\",\"contentUrl\":\"https:\/\/gysfm.com.ar\/inicio\/wp-content\/uploads\/2026\/04\/las-sociedades-kokoloko-y-de-ninos-titulares-de-VTBBCZXILRGRPGWEM7EVFF6YRQ.jpg\",\"width\":1200,\"height\":800},{\"@type\":\"BreadcrumbList\",\"@id\":\"https:\/\/gysfm.com.ar\/inicio\/owoko-entra-en-concurso-preventivo-cierres-despidos-y-caida-de-las-ventas\/#breadcrumb\",\"itemListElement\":[{\"@type\":\"ListItem\",\"position\":1,\"name\":\"Portada\",\"item\":\"https:\/\/gysfm.com.ar\/inicio\/\"},{\"@type\":\"ListItem\",\"position\":2,\"name\":\"Owoko entra en concurso preventivo: cierres, despidos y ca\u00edda de las ventas\"}]},{\"@type\":\"WebSite\",\"@id\":\"https:\/\/gysfm.com.ar\/inicio\/#website\",\"url\":\"https:\/\/gysfm.com.ar\/inicio\/\",\"name\":\"GYS NOTICIAS |\",\"description\":\"DIARIO - RADIO ONLINE SAN JUAN ARGENTINA\",\"publisher\":{\"@id\":\"https:\/\/gysfm.com.ar\/inicio\/#organization\"},\"potentialAction\":[{\"@type\":\"SearchAction\",\"target\":{\"@type\":\"EntryPoint\",\"urlTemplate\":\"https:\/\/gysfm.com.ar\/inicio\/?s={search_term_string}\"},\"query-input\":{\"@type\":\"PropertyValueSpecification\",\"valueRequired\":true,\"valueName\":\"search_term_string\"}}],\"inLanguage\":\"es\"},{\"@type\":\"Organization\",\"@id\":\"https:\/\/gysfm.com.ar\/inicio\/#organization\",\"name\":\"GYS NOTICIAS |\",\"url\":\"https:\/\/gysfm.com.ar\/inicio\/\",\"logo\":{\"@type\":\"ImageObject\",\"inLanguage\":\"es\",\"@id\":\"https:\/\/gysfm.com.ar\/inicio\/#\/schema\/logo\/image\/\",\"url\":\"https:\/\/gysfm.com.ar\/inicio\/wp-content\/uploads\/2023\/07\/LOGOGYS-OK.png\",\"contentUrl\":\"https:\/\/gysfm.com.ar\/inicio\/wp-content\/uploads\/2023\/07\/LOGOGYS-OK.png\",\"width\":1170,\"height\":872,\"caption\":\"GYS NOTICIAS |\"},\"image\":{\"@id\":\"https:\/\/gysfm.com.ar\/inicio\/#\/schema\/logo\/image\/\"}},{\"@type\":\"Person\",\"@id\":\"https:\/\/gysfm.com.ar\/inicio\/#\/schema\/person\/5bedd7ecd35cc35548d89effafa23696\",\"name\":\"admin\",\"image\":{\"@type\":\"ImageObject\",\"inLanguage\":\"es\",\"@id\":\"https:\/\/gysfm.com.ar\/inicio\/#\/schema\/person\/image\/\",\"url\":\"https:\/\/secure.gravatar.com\/avatar\/c331d312b5243fb64d5ba28108a447b27c925295129a363082c9ea52c28d32c2?s=96&d=mm&r=g\",\"contentUrl\":\"https:\/\/secure.gravatar.com\/avatar\/c331d312b5243fb64d5ba28108a447b27c925295129a363082c9ea52c28d32c2?s=96&d=mm&r=g\",\"caption\":\"admin\"},\"sameAs\":[\"https:\/\/gysfm.com.ar\/inicio\"],\"url\":\"https:\/\/gysfm.com.ar\/inicio\/author\/admin\/\"}]}<\/script>\n<!-- \/ Yoast SEO plugin. -->","yoast_head_json":{"title":"Owoko entra en concurso preventivo: cierres, despidos y ca\u00edda de las ventas - GYS NOTICIAS |","robots":{"index":"index","follow":"follow","max-snippet":"max-snippet:-1","max-image-preview":"max-image-preview:large","max-video-preview":"max-video-preview:-1"},"canonical":"https:\/\/gysfm.com.ar\/inicio\/owoko-entra-en-concurso-preventivo-cierres-despidos-y-caida-de-las-ventas\/","og_locale":"es_ES","og_type":"article","og_title":"Owoko entra en concurso preventivo: cierres, despidos y ca\u00edda de las ventas - GYS NOTICIAS |","og_description":"Owoko se suma a la n\u00f3mina de marcas textiles con dificultades financieras. La etiqueta de indumentaria infantil, creada por Mar\u00eda Fernanda Gonz\u00e1lez Zeolla y Mart\u00edn Boero, entr\u00f3 en concurso preventivo, por una profunda ca\u00edda de las ventas, la generaci\u00f3n de sobrestock y la acumulaci\u00f3n de deudas. La medida fue dictada por el Juzgado Comercial N\u00b0 [&hellip;]","og_url":"https:\/\/gysfm.com.ar\/inicio\/owoko-entra-en-concurso-preventivo-cierres-despidos-y-caida-de-las-ventas\/","og_site_name":"GYS NOTICIAS |","article_published_time":"2026-04-28T04:45:18+00:00","article_modified_time":"2026-04-28T04:45:19+00:00","og_image":[{"width":1200,"height":800,"url":"https:\/\/gysfm.com.ar\/inicio\/wp-content\/uploads\/2026\/04\/las-sociedades-kokoloko-y-de-ninos-titulares-de-VTBBCZXILRGRPGWEM7EVFF6YRQ.jpg","type":"image\/jpeg"}],"author":"admin","twitter_card":"summary_large_image","twitter_misc":{"Escrito por":"admin","Tiempo de lectura":"4 minutos"},"schema":{"@context":"https:\/\/schema.org","@graph":[{"@type":"Article","@id":"https:\/\/gysfm.com.ar\/inicio\/owoko-entra-en-concurso-preventivo-cierres-despidos-y-caida-de-las-ventas\/#article","isPartOf":{"@id":"https:\/\/gysfm.com.ar\/inicio\/owoko-entra-en-concurso-preventivo-cierres-despidos-y-caida-de-las-ventas\/"},"author":{"name":"admin","@id":"https:\/\/gysfm.com.ar\/inicio\/#\/schema\/person\/5bedd7ecd35cc35548d89effafa23696"},"headline":"Owoko entra en concurso preventivo: cierres, despidos y ca\u00edda de las ventas","datePublished":"2026-04-28T04:45:18+00:00","dateModified":"2026-04-28T04:45:19+00:00","mainEntityOfPage":{"@id":"https:\/\/gysfm.com.ar\/inicio\/owoko-entra-en-concurso-preventivo-cierres-despidos-y-caida-de-las-ventas\/"},"wordCount":880,"publisher":{"@id":"https:\/\/gysfm.com.ar\/inicio\/#organization"},"image":{"@id":"https:\/\/gysfm.com.ar\/inicio\/owoko-entra-en-concurso-preventivo-cierres-despidos-y-caida-de-las-ventas\/#primaryimage"},"thumbnailUrl":"https:\/\/gysfm.com.ar\/inicio\/wp-content\/uploads\/2026\/04\/las-sociedades-kokoloko-y-de-ninos-titulares-de-VTBBCZXILRGRPGWEM7EVFF6YRQ.jpg","articleSection":["ECONOMIA"],"inLanguage":"es"},{"@type":"WebPage","@id":"https:\/\/gysfm.com.ar\/inicio\/owoko-entra-en-concurso-preventivo-cierres-despidos-y-caida-de-las-ventas\/","url":"https:\/\/gysfm.com.ar\/inicio\/owoko-entra-en-concurso-preventivo-cierres-despidos-y-caida-de-las-ventas\/","name":"Owoko entra en concurso preventivo: cierres, despidos y ca\u00edda de las ventas - GYS NOTICIAS |","isPartOf":{"@id":"https:\/\/gysfm.com.ar\/inicio\/#website"},"primaryImageOfPage":{"@id":"https:\/\/gysfm.com.ar\/inicio\/owoko-entra-en-concurso-preventivo-cierres-despidos-y-caida-de-las-ventas\/#primaryimage"},"image":{"@id":"https:\/\/gysfm.com.ar\/inicio\/owoko-entra-en-concurso-preventivo-cierres-despidos-y-caida-de-las-ventas\/#primaryimage"},"thumbnailUrl":"https:\/\/gysfm.com.ar\/inicio\/wp-content\/uploads\/2026\/04\/las-sociedades-kokoloko-y-de-ninos-titulares-de-VTBBCZXILRGRPGWEM7EVFF6YRQ.jpg","datePublished":"2026-04-28T04:45:18+00:00","dateModified":"2026-04-28T04:45:19+00:00","breadcrumb":{"@id":"https:\/\/gysfm.com.ar\/inicio\/owoko-entra-en-concurso-preventivo-cierres-despidos-y-caida-de-las-ventas\/#breadcrumb"},"inLanguage":"es","potentialAction":[{"@type":"ReadAction","target":["https:\/\/gysfm.com.ar\/inicio\/owoko-entra-en-concurso-preventivo-cierres-despidos-y-caida-de-las-ventas\/"]}]},{"@type":"ImageObject","inLanguage":"es","@id":"https:\/\/gysfm.com.ar\/inicio\/owoko-entra-en-concurso-preventivo-cierres-despidos-y-caida-de-las-ventas\/#primaryimage","url":"https:\/\/gysfm.com.ar\/inicio\/wp-content\/uploads\/2026\/04\/las-sociedades-kokoloko-y-de-ninos-titulares-de-VTBBCZXILRGRPGWEM7EVFF6YRQ.jpg","contentUrl":"https:\/\/gysfm.com.ar\/inicio\/wp-content\/uploads\/2026\/04\/las-sociedades-kokoloko-y-de-ninos-titulares-de-VTBBCZXILRGRPGWEM7EVFF6YRQ.jpg","width":1200,"height":800},{"@type":"BreadcrumbList","@id":"https:\/\/gysfm.com.ar\/inicio\/owoko-entra-en-concurso-preventivo-cierres-despidos-y-caida-de-las-ventas\/#breadcrumb","itemListElement":[{"@type":"ListItem","position":1,"name":"Portada","item":"https:\/\/gysfm.com.ar\/inicio\/"},{"@type":"ListItem","position":2,"name":"Owoko entra en concurso preventivo: cierres, despidos y ca\u00edda de las ventas"}]},{"@type":"WebSite","@id":"https:\/\/gysfm.com.ar\/inicio\/#website","url":"https:\/\/gysfm.com.ar\/inicio\/","name":"GYS NOTICIAS |","description":"DIARIO - RADIO ONLINE SAN JUAN ARGENTINA","publisher":{"@id":"https:\/\/gysfm.com.ar\/inicio\/#organization"},"potentialAction":[{"@type":"SearchAction","target":{"@type":"EntryPoint","urlTemplate":"https:\/\/gysfm.com.ar\/inicio\/?s={search_term_string}"},"query-input":{"@type":"PropertyValueSpecification","valueRequired":true,"valueName":"search_term_string"}}],"inLanguage":"es"},{"@type":"Organization","@id":"https:\/\/gysfm.com.ar\/inicio\/#organization","name":"GYS NOTICIAS |","url":"https:\/\/gysfm.com.ar\/inicio\/","logo":{"@type":"ImageObject","inLanguage":"es","@id":"https:\/\/gysfm.com.ar\/inicio\/#\/schema\/logo\/image\/","url":"https:\/\/gysfm.com.ar\/inicio\/wp-content\/uploads\/2023\/07\/LOGOGYS-OK.png","contentUrl":"https:\/\/gysfm.com.ar\/inicio\/wp-content\/uploads\/2023\/07\/LOGOGYS-OK.png","width":1170,"height":872,"caption":"GYS NOTICIAS |"},"image":{"@id":"https:\/\/gysfm.com.ar\/inicio\/#\/schema\/logo\/image\/"}},{"@type":"Person","@id":"https:\/\/gysfm.com.ar\/inicio\/#\/schema\/person\/5bedd7ecd35cc35548d89effafa23696","name":"admin","image":{"@type":"ImageObject","inLanguage":"es","@id":"https:\/\/gysfm.com.ar\/inicio\/#\/schema\/person\/image\/","url":"https:\/\/secure.gravatar.com\/avatar\/c331d312b5243fb64d5ba28108a447b27c925295129a363082c9ea52c28d32c2?s=96&d=mm&r=g","contentUrl":"https:\/\/secure.gravatar.com\/avatar\/c331d312b5243fb64d5ba28108a447b27c925295129a363082c9ea52c28d32c2?s=96&d=mm&r=g","caption":"admin"},"sameAs":["https:\/\/gysfm.com.ar\/inicio"],"url":"https:\/\/gysfm.com.ar\/inicio\/author\/admin\/"}]}},"_links":{"self":[{"href":"https:\/\/gysfm.com.ar\/inicio\/wp-json\/wp\/v2\/posts\/193396","targetHints":{"allow":["GET"]}}],"collection":[{"href":"https:\/\/gysfm.com.ar\/inicio\/wp-json\/wp\/v2\/posts"}],"about":[{"href":"https:\/\/gysfm.com.ar\/inicio\/wp-json\/wp\/v2\/types\/post"}],"author":[{"embeddable":true,"href":"https:\/\/gysfm.com.ar\/inicio\/wp-json\/wp\/v2\/users\/1"}],"replies":[{"embeddable":true,"href":"https:\/\/gysfm.com.ar\/inicio\/wp-json\/wp\/v2\/comments?post=193396"}],"version-history":[{"count":1,"href":"https:\/\/gysfm.com.ar\/inicio\/wp-json\/wp\/v2\/posts\/193396\/revisions"}],"predecessor-version":[{"id":193398,"href":"https:\/\/gysfm.com.ar\/inicio\/wp-json\/wp\/v2\/posts\/193396\/revisions\/193398"}],"wp:featuredmedia":[{"embeddable":true,"href":"https:\/\/gysfm.com.ar\/inicio\/wp-json\/wp\/v2\/media\/193397"}],"wp:attachment":[{"href":"https:\/\/gysfm.com.ar\/inicio\/wp-json\/wp\/v2\/media?parent=193396"}],"wp:term":[{"taxonomy":"category","embeddable":true,"href":"https:\/\/gysfm.com.ar\/inicio\/wp-json\/wp\/v2\/categories?post=193396"},{"taxonomy":"post_tag","embeddable":true,"href":"https:\/\/gysfm.com.ar\/inicio\/wp-json\/wp\/v2\/tags?post=193396"}],"curies":[{"name":"wp","href":"https:\/\/api.w.org\/{rel}","templated":true}]}}