{"id":193391,"date":"2026-04-28T00:56:13","date_gmt":"2026-04-28T03:56:13","guid":{"rendered":"https:\/\/gysfm.com.ar\/inicio\/luciana-geuna-le-respondio-a-milei-tras-la-denuncia-penal-por-el-informe-en-casa-rosada\/"},"modified":"2026-04-28T00:56:13","modified_gmt":"2026-04-28T03:56:13","slug":"luciana-geuna-le-respondio-a-milei-tras-la-denuncia-penal-por-el-informe-en-casa-rosada","status":"publish","type":"post","link":"https:\/\/gysfm.com.ar\/inicio\/luciana-geuna-le-respondio-a-milei-tras-la-denuncia-penal-por-el-informe-en-casa-rosada\/","title":{"rendered":"Luciana Geuna le respondi\u00f3 a Milei tras la denuncia penal por el informe en Casa Rosada"},"content":{"rendered":"<p><\/p>\n<div id=\"article-content\">\n<p>La tensi\u00f3n entre el Gobierno Nacional y el periodismo sum\u00f3 un cap\u00edtulo cr\u00edtico tras<strong> la difusi\u00f3n de un informe<\/strong> en el programa <em>\u00bfY ma\u00f1ana qu\u00e9?<\/em> de TN. La periodista <a target=\"_blank\" href=\"https:\/\/www.perfil.com\/noticias\/politica\/quienes-son-los-dos-periodistas-denunciados-por-la-casa-militar-por-filmar-en-los-pasillos-de-la-casa-rosada.phtml\"><strong>Luciana Geuna<\/strong><\/a> rompi\u00f3 el silencio en la emisi\u00f3n de este domingo para responder a la <strong>denuncia penal <\/strong>y a la ola de insultos encabezada por el presidente, <a target=\"_blank\" href=\"https:\/\/www.perfil.com\/noticias\/politica\/la-semana-del-presidente-reuniones-conferencia-y-apoyo-a-manuel-adorni-en-el-congreso.phtml\"><strong>Javier Milei<\/strong><\/a><strong> <\/strong>a trav\u00e9s de sus redes sociales. <\/p>\n<p>El conflicto escal\u00f3 luego de que el Gobierno presentara una demanda judicial contra Geuna e<strong> Ignacio Salerno<\/strong>, acus\u00e1ndolos de registrar im\u00e1genes de manera \u00abfurtiva\u00bb y vulnerar la seguridad estrat\u00e9gica del palacio gubernamental. Como represalia administrativa, la gesti\u00f3n de Milei decidi\u00f3 <strong>suspender el ingreso de la prensa acreditada <\/strong>a la Sala de Periodistas, un hecho sin precedentes que dej\u00f3 sin efecto las pr\u00f3rrogas de acreditaci\u00f3n para el a\u00f1o 2025.<\/p>\n<p><iframe id=\"vrudo\" class=\"vrudo\" src=\"https:\/\/rudo.video\/vod\/bWruWy?volume=0\" width=\"100%\" height=\"100%\" allowscriptaccess=\"always\" allowfullscreen=\"true\" webkitallowfullscreen=\"true\" frameborder=\"0\" scrolling=\"no\" allow=\"autoplay; fullscreen\" loading=\"lazy\" title=\"Contenido embebido\"><\/iframe><\/p>\n<p class=\"destacadoNota\"><a target=\"_blank\" href=\"https:\/\/www.perfil.com\/noticias\/opinion\/estamos-naturalizando-la-persecucion-a-la-presa.phtml\">Estamos naturalizando la persecuci\u00f3n a la prensa<\/a><\/p>\n<div class=\"subscription\">\n<p>\n        Esto no les gusta a los autoritarios\n    <\/p>\n<div class=\"subscription__container\">\n<div class=\"subscription__text-wrapper\">\n<p>\n                El ejercicio del periodismo profesional y cr\u00edtico es un pilar fundamental de la democracia. Por eso molesta a quienes creen ser los due\u00f1os de la verdad.\n            <\/p>\n<\/p><\/div><\/div>\n<\/div>\n<h2><strong>Geuna desmiente grabaci\u00f3n clandestina <\/strong><\/h2>\n<p>Durante su descargo, Geuna explic\u00f3 que el informe buscaba mostrar la interna pol\u00edtica de manera visual a trav\u00e9s de los pasillos de uso com\u00fan. \u00abEra un informe bastante inocente, no hab\u00eda denuncia ni mucho menos im\u00e1genes prohibidas. <strong>Avisamos con anterioridad a funcionarios del \u00e1rea de Prensa<\/strong>\u00ab, afirm\u00f3 la conductora, descartando cualquier car\u00e1cter \u00abclandestino\u00bb de la pieza period\u00edstica. <\/p>\n<p>La periodista subray\u00f3 que el material registrado muestra \u00e1reas que son de circulaci\u00f3n libre: \u00abSon im\u00e1genes que se repiten por miles en redes sociales cuando los chicos van de visita o incluso en <strong>Google Street View<\/strong>\u00ab. Seg\u00fan su testimonio, el objetivo era permitir que Salerno, acreditado desde hace dos a\u00f1os, relatara la actualidad desde el lugar de los hechos, cumpliendo con los protocolos de comunicaci\u00f3n habituales. <\/p>\n<p><iframe id=\"vrudo\" class=\"vrudo\" src=\"https:\/\/rudo.video\/vod\/bWrvDB?volume=0\" width=\"100%\" height=\"100%\" allowscriptaccess=\"always\" allowfullscreen=\"true\" webkitallowfullscreen=\"true\" frameborder=\"0\" scrolling=\"no\" allow=\"autoplay; fullscreen\" loading=\"lazy\" title=\"Contenido embebido\"><\/iframe><\/p>\n<h2><strong>Cruce oficialista y causa judicia<\/strong>l <\/h2>\n<p>La respuesta del oficialismo no se hizo esperar. La diputada<strong> Lilia Lemoine <\/strong>tild\u00f3 de \u00abmentira\u00bb la existencia de una autorizaci\u00f3n y acus\u00f3 a los periodistas de querer \u00abensuciar a un funcionario\u00bb. Por su parte, el presidente Milei utiliz\u00f3 su cuenta de X (antes Twitter) para replicar mensajes de usuarios que calificaban el hecho como <strong>\u00abespionaje en Casa Rosada\u00bb<\/strong> y justificaban el cierre de la sala de prensa como una medida de seguridad necesaria ante la presunta filmaci\u00f3n de funcionarios sin permiso.<\/p>\n<p style=\"text-align:center\"><picture><source media=\"(max-width: 440px)\" srcset=\"https:\/\/fotos.perfil.com\/\/2026\/04\/27\/440\/0\/x-lilia-lemoine-27042026-2228362.jpg?webp\"\/><source media=\"(max-width: 1019px)\" srcset=\"https:\/\/fotos.perfil.com\/\/2026\/04\/27\/712\/0\/x-lilia-lemoine-27042026-2228362.jpg?webp\"\/><img decoding=\"async\" style=\"max-width: 100%; width: 100%;\" alt=\"X Lilia Lemoine 27042026\" src=\"https:\/\/fotos.perfil.com\/\/2026\/04\/27\/900\/0\/x-lilia-lemoine-27042026-2228362.jpg?webp\" loading=\"lazy\"\/><\/picture><\/p>\n<p>El conflicto ya se dirime en los tribunales de <strong>Comodoro Py<\/strong>. La denuncia penal, impulsada bajo el argumento de la Casa Militar de que se expuso informaci\u00f3n estrat\u00e9gica, qued\u00f3 radicada en el juzgado de <strong>Ariel Lijo<\/strong>. Los cargos vinculan a los periodistas con la presunta divulgaci\u00f3n de secretos pol\u00edticos y militares, en un contexto de m\u00e1xima fricci\u00f3n entre el Poder Ejecutivo y los medios de comunicaci\u00f3n. <\/p>\n<p>MEG\/fl<\/p>\n<\/p><\/div>\n<p><script>\n                !function(f,b,e,v,n,t,s)\n                {if(f.fbq)return;n=f.fbq=function(){n.callMethod?\n                    n.callMethod.apply(n,arguments):n.queue.push(arguments)};\n                    if(!f._fbq)f._fbq=n;n.push=n;n.loaded=!0;n.version='2.0';\n                    n.queue=[];t=b.createElement(e);t.async=!0;\n                    t.src=v;s=b.getElementsByTagName(e)[0];\n                    s.parentNode.insertBefore(t,s)}(window, document,'script',\n                    'https:\/\/connect.facebook.net\/en_US\/fbevents.js');\n                window.paywallConfig.facebook_pixel=\"1000228364089342\"\n            <\/script><\/p>\n","protected":false},"excerpt":{"rendered":"<p>La tensi\u00f3n entre el Gobierno Nacional y el periodismo sum\u00f3 un cap\u00edtulo cr\u00edtico tras la difusi\u00f3n de un informe en el programa \u00bfY ma\u00f1ana qu\u00e9? de TN. La periodista Luciana Geuna rompi\u00f3 el silencio en la emisi\u00f3n de este domingo para responder a la denuncia penal y a la ola de insultos encabezada por el [&hellip;]<\/p>\n","protected":false},"author":2,"featured_media":192727,"comment_status":"closed","ping_status":"closed","sticky":false,"template":"","format":"standard","meta":{"footnotes":""},"categories":[25],"tags":[],"class_list":["post-193391","post","type-post","status-publish","format-standard","has-post-thumbnail","hentry","category-nacionales"],"yoast_head":"<!-- This site is optimized with the Yoast SEO plugin v24.4 - https:\/\/yoast.com\/wordpress\/plugins\/seo\/ -->\n<title>Luciana Geuna le respondi\u00f3 a Milei tras la denuncia penal por el informe en Casa Rosada - GYS NOTICIAS |<\/title>\n<meta name=\"robots\" content=\"index, follow, max-snippet:-1, max-image-preview:large, max-video-preview:-1\" \/>\n<link rel=\"canonical\" href=\"https:\/\/gysfm.com.ar\/inicio\/luciana-geuna-le-respondio-a-milei-tras-la-denuncia-penal-por-el-informe-en-casa-rosada\/\" \/>\n<meta property=\"og:locale\" content=\"es_ES\" \/>\n<meta property=\"og:type\" content=\"article\" \/>\n<meta property=\"og:title\" content=\"Luciana Geuna le respondi\u00f3 a Milei tras la denuncia penal por el informe en Casa Rosada - GYS NOTICIAS |\" \/>\n<meta property=\"og:description\" content=\"La tensi\u00f3n entre el Gobierno Nacional y el periodismo sum\u00f3 un cap\u00edtulo cr\u00edtico tras la difusi\u00f3n de un informe en el programa \u00bfY ma\u00f1ana qu\u00e9? de TN. La periodista Luciana Geuna rompi\u00f3 el silencio en la emisi\u00f3n de este domingo para responder a la denuncia penal y a la ola de insultos encabezada por el [&hellip;]\" \/>\n<meta property=\"og:url\" content=\"https:\/\/gysfm.com.ar\/inicio\/luciana-geuna-le-respondio-a-milei-tras-la-denuncia-penal-por-el-informe-en-casa-rosada\/\" \/>\n<meta property=\"og:site_name\" content=\"GYS NOTICIAS |\" \/>\n<meta property=\"article:published_time\" content=\"2026-04-28T03:56:13+00:00\" \/>\n<meta property=\"og:image\" content=\"https:\/\/fotos.perfil.com\/\/2026\/04\/27\/900\/0\/x-lilia-lemoine-27042026-2228362.jpg?webp\" \/>\n<meta name=\"author\" content=\"Prensa G&amp;S FM\" \/>\n<meta name=\"twitter:card\" content=\"summary_large_image\" \/>\n<meta name=\"twitter:label1\" content=\"Escrito por\" \/>\n\t<meta name=\"twitter:data1\" content=\"Prensa G&amp;S FM\" \/>\n\t<meta name=\"twitter:label2\" content=\"Tiempo de lectura\" \/>\n\t<meta name=\"twitter:data2\" content=\"2 minutos\" \/>\n<script type=\"application\/ld+json\" class=\"yoast-schema-graph\">{\"@context\":\"https:\/\/schema.org\",\"@graph\":[{\"@type\":\"Article\",\"@id\":\"https:\/\/gysfm.com.ar\/inicio\/luciana-geuna-le-respondio-a-milei-tras-la-denuncia-penal-por-el-informe-en-casa-rosada\/#article\",\"isPartOf\":{\"@id\":\"https:\/\/gysfm.com.ar\/inicio\/luciana-geuna-le-respondio-a-milei-tras-la-denuncia-penal-por-el-informe-en-casa-rosada\/\"},\"author\":{\"name\":\"Prensa G&amp;S FM\",\"@id\":\"https:\/\/gysfm.com.ar\/inicio\/#\/schema\/person\/3abba7593ef2ad19e1be221d54383dc5\"},\"headline\":\"Luciana Geuna le respondi\u00f3 a Milei tras la denuncia penal por el informe en Casa Rosada\",\"datePublished\":\"2026-04-28T03:56:13+00:00\",\"mainEntityOfPage\":{\"@id\":\"https:\/\/gysfm.com.ar\/inicio\/luciana-geuna-le-respondio-a-milei-tras-la-denuncia-penal-por-el-informe-en-casa-rosada\/\"},\"wordCount\":507,\"publisher\":{\"@id\":\"https:\/\/gysfm.com.ar\/inicio\/#organization\"},\"image\":{\"@id\":\"https:\/\/gysfm.com.ar\/inicio\/luciana-geuna-le-respondio-a-milei-tras-la-denuncia-penal-por-el-informe-en-casa-rosada\/#primaryimage\"},\"thumbnailUrl\":\"https:\/\/gysfm.com.ar\/inicio\/wp-content\/uploads\/2026\/04\/luciana-geuna-y-javier-milei-1915870.jpg\",\"articleSection\":[\"NACIONALES\"],\"inLanguage\":\"es\"},{\"@type\":\"WebPage\",\"@id\":\"https:\/\/gysfm.com.ar\/inicio\/luciana-geuna-le-respondio-a-milei-tras-la-denuncia-penal-por-el-informe-en-casa-rosada\/\",\"url\":\"https:\/\/gysfm.com.ar\/inicio\/luciana-geuna-le-respondio-a-milei-tras-la-denuncia-penal-por-el-informe-en-casa-rosada\/\",\"name\":\"Luciana Geuna le respondi\u00f3 a Milei tras la denuncia penal por el informe en Casa Rosada - GYS NOTICIAS |\",\"isPartOf\":{\"@id\":\"https:\/\/gysfm.com.ar\/inicio\/#website\"},\"primaryImageOfPage\":{\"@id\":\"https:\/\/gysfm.com.ar\/inicio\/luciana-geuna-le-respondio-a-milei-tras-la-denuncia-penal-por-el-informe-en-casa-rosada\/#primaryimage\"},\"image\":{\"@id\":\"https:\/\/gysfm.com.ar\/inicio\/luciana-geuna-le-respondio-a-milei-tras-la-denuncia-penal-por-el-informe-en-casa-rosada\/#primaryimage\"},\"thumbnailUrl\":\"https:\/\/gysfm.com.ar\/inicio\/wp-content\/uploads\/2026\/04\/luciana-geuna-y-javier-milei-1915870.jpg\",\"datePublished\":\"2026-04-28T03:56:13+00:00\",\"breadcrumb\":{\"@id\":\"https:\/\/gysfm.com.ar\/inicio\/luciana-geuna-le-respondio-a-milei-tras-la-denuncia-penal-por-el-informe-en-casa-rosada\/#breadcrumb\"},\"inLanguage\":\"es\",\"potentialAction\":[{\"@type\":\"ReadAction\",\"target\":[\"https:\/\/gysfm.com.ar\/inicio\/luciana-geuna-le-respondio-a-milei-tras-la-denuncia-penal-por-el-informe-en-casa-rosada\/\"]}]},{\"@type\":\"ImageObject\",\"inLanguage\":\"es\",\"@id\":\"https:\/\/gysfm.com.ar\/inicio\/luciana-geuna-le-respondio-a-milei-tras-la-denuncia-penal-por-el-informe-en-casa-rosada\/#primaryimage\",\"url\":\"https:\/\/gysfm.com.ar\/inicio\/wp-content\/uploads\/2026\/04\/luciana-geuna-y-javier-milei-1915870.jpg\",\"contentUrl\":\"https:\/\/gysfm.com.ar\/inicio\/wp-content\/uploads\/2026\/04\/luciana-geuna-y-javier-milei-1915870.jpg\",\"width\":1140,\"height\":641},{\"@type\":\"BreadcrumbList\",\"@id\":\"https:\/\/gysfm.com.ar\/inicio\/luciana-geuna-le-respondio-a-milei-tras-la-denuncia-penal-por-el-informe-en-casa-rosada\/#breadcrumb\",\"itemListElement\":[{\"@type\":\"ListItem\",\"position\":1,\"name\":\"Portada\",\"item\":\"https:\/\/gysfm.com.ar\/inicio\/\"},{\"@type\":\"ListItem\",\"position\":2,\"name\":\"Luciana Geuna le respondi\u00f3 a Milei tras la denuncia penal por el informe en Casa Rosada\"}]},{\"@type\":\"WebSite\",\"@id\":\"https:\/\/gysfm.com.ar\/inicio\/#website\",\"url\":\"https:\/\/gysfm.com.ar\/inicio\/\",\"name\":\"GYS NOTICIAS |\",\"description\":\"DIARIO - RADIO ONLINE SAN JUAN ARGENTINA\",\"publisher\":{\"@id\":\"https:\/\/gysfm.com.ar\/inicio\/#organization\"},\"potentialAction\":[{\"@type\":\"SearchAction\",\"target\":{\"@type\":\"EntryPoint\",\"urlTemplate\":\"https:\/\/gysfm.com.ar\/inicio\/?s={search_term_string}\"},\"query-input\":{\"@type\":\"PropertyValueSpecification\",\"valueRequired\":true,\"valueName\":\"search_term_string\"}}],\"inLanguage\":\"es\"},{\"@type\":\"Organization\",\"@id\":\"https:\/\/gysfm.com.ar\/inicio\/#organization\",\"name\":\"GYS NOTICIAS |\",\"url\":\"https:\/\/gysfm.com.ar\/inicio\/\",\"logo\":{\"@type\":\"ImageObject\",\"inLanguage\":\"es\",\"@id\":\"https:\/\/gysfm.com.ar\/inicio\/#\/schema\/logo\/image\/\",\"url\":\"https:\/\/gysfm.com.ar\/inicio\/wp-content\/uploads\/2023\/07\/LOGOGYS-OK.png\",\"contentUrl\":\"https:\/\/gysfm.com.ar\/inicio\/wp-content\/uploads\/2023\/07\/LOGOGYS-OK.png\",\"width\":1170,\"height\":872,\"caption\":\"GYS NOTICIAS |\"},\"image\":{\"@id\":\"https:\/\/gysfm.com.ar\/inicio\/#\/schema\/logo\/image\/\"}},{\"@type\":\"Person\",\"@id\":\"https:\/\/gysfm.com.ar\/inicio\/#\/schema\/person\/3abba7593ef2ad19e1be221d54383dc5\",\"name\":\"Prensa G&amp;S FM\",\"image\":{\"@type\":\"ImageObject\",\"inLanguage\":\"es\",\"@id\":\"https:\/\/gysfm.com.ar\/inicio\/#\/schema\/person\/image\/\",\"url\":\"https:\/\/secure.gravatar.com\/avatar\/096ec78df02049ab018702bb4ccedf659377fa92a26540b5247612077a0dbd29?s=96&d=mm&r=g\",\"contentUrl\":\"https:\/\/secure.gravatar.com\/avatar\/096ec78df02049ab018702bb4ccedf659377fa92a26540b5247612077a0dbd29?s=96&d=mm&r=g\",\"caption\":\"Prensa G&amp;S FM\"},\"sameAs\":[\"https:\/\/gysfm.com.ar\/\"],\"url\":\"https:\/\/gysfm.com.ar\/inicio\/author\/lucasm\/\"}]}<\/script>\n<!-- \/ Yoast SEO plugin. -->","yoast_head_json":{"title":"Luciana Geuna le respondi\u00f3 a Milei tras la denuncia penal por el informe en Casa Rosada - GYS NOTICIAS |","robots":{"index":"index","follow":"follow","max-snippet":"max-snippet:-1","max-image-preview":"max-image-preview:large","max-video-preview":"max-video-preview:-1"},"canonical":"https:\/\/gysfm.com.ar\/inicio\/luciana-geuna-le-respondio-a-milei-tras-la-denuncia-penal-por-el-informe-en-casa-rosada\/","og_locale":"es_ES","og_type":"article","og_title":"Luciana Geuna le respondi\u00f3 a Milei tras la denuncia penal por el informe en Casa Rosada - GYS NOTICIAS |","og_description":"La tensi\u00f3n entre el Gobierno Nacional y el periodismo sum\u00f3 un cap\u00edtulo cr\u00edtico tras la difusi\u00f3n de un informe en el programa \u00bfY ma\u00f1ana qu\u00e9? de TN. La periodista Luciana Geuna rompi\u00f3 el silencio en la emisi\u00f3n de este domingo para responder a la denuncia penal y a la ola de insultos encabezada por el [&hellip;]","og_url":"https:\/\/gysfm.com.ar\/inicio\/luciana-geuna-le-respondio-a-milei-tras-la-denuncia-penal-por-el-informe-en-casa-rosada\/","og_site_name":"GYS NOTICIAS |","article_published_time":"2026-04-28T03:56:13+00:00","og_image":[{"url":"https:\/\/fotos.perfil.com\/\/2026\/04\/27\/900\/0\/x-lilia-lemoine-27042026-2228362.jpg?webp","type":"","width":"","height":""}],"author":"Prensa G&amp;S FM","twitter_card":"summary_large_image","twitter_misc":{"Escrito por":"Prensa G&amp;S FM","Tiempo de lectura":"2 minutos"},"schema":{"@context":"https:\/\/schema.org","@graph":[{"@type":"Article","@id":"https:\/\/gysfm.com.ar\/inicio\/luciana-geuna-le-respondio-a-milei-tras-la-denuncia-penal-por-el-informe-en-casa-rosada\/#article","isPartOf":{"@id":"https:\/\/gysfm.com.ar\/inicio\/luciana-geuna-le-respondio-a-milei-tras-la-denuncia-penal-por-el-informe-en-casa-rosada\/"},"author":{"name":"Prensa G&amp;S FM","@id":"https:\/\/gysfm.com.ar\/inicio\/#\/schema\/person\/3abba7593ef2ad19e1be221d54383dc5"},"headline":"Luciana Geuna le respondi\u00f3 a Milei tras la denuncia penal por el informe en Casa Rosada","datePublished":"2026-04-28T03:56:13+00:00","mainEntityOfPage":{"@id":"https:\/\/gysfm.com.ar\/inicio\/luciana-geuna-le-respondio-a-milei-tras-la-denuncia-penal-por-el-informe-en-casa-rosada\/"},"wordCount":507,"publisher":{"@id":"https:\/\/gysfm.com.ar\/inicio\/#organization"},"image":{"@id":"https:\/\/gysfm.com.ar\/inicio\/luciana-geuna-le-respondio-a-milei-tras-la-denuncia-penal-por-el-informe-en-casa-rosada\/#primaryimage"},"thumbnailUrl":"https:\/\/gysfm.com.ar\/inicio\/wp-content\/uploads\/2026\/04\/luciana-geuna-y-javier-milei-1915870.jpg","articleSection":["NACIONALES"],"inLanguage":"es"},{"@type":"WebPage","@id":"https:\/\/gysfm.com.ar\/inicio\/luciana-geuna-le-respondio-a-milei-tras-la-denuncia-penal-por-el-informe-en-casa-rosada\/","url":"https:\/\/gysfm.com.ar\/inicio\/luciana-geuna-le-respondio-a-milei-tras-la-denuncia-penal-por-el-informe-en-casa-rosada\/","name":"Luciana Geuna le respondi\u00f3 a Milei tras la denuncia penal por el informe en Casa Rosada - GYS NOTICIAS |","isPartOf":{"@id":"https:\/\/gysfm.com.ar\/inicio\/#website"},"primaryImageOfPage":{"@id":"https:\/\/gysfm.com.ar\/inicio\/luciana-geuna-le-respondio-a-milei-tras-la-denuncia-penal-por-el-informe-en-casa-rosada\/#primaryimage"},"image":{"@id":"https:\/\/gysfm.com.ar\/inicio\/luciana-geuna-le-respondio-a-milei-tras-la-denuncia-penal-por-el-informe-en-casa-rosada\/#primaryimage"},"thumbnailUrl":"https:\/\/gysfm.com.ar\/inicio\/wp-content\/uploads\/2026\/04\/luciana-geuna-y-javier-milei-1915870.jpg","datePublished":"2026-04-28T03:56:13+00:00","breadcrumb":{"@id":"https:\/\/gysfm.com.ar\/inicio\/luciana-geuna-le-respondio-a-milei-tras-la-denuncia-penal-por-el-informe-en-casa-rosada\/#breadcrumb"},"inLanguage":"es","potentialAction":[{"@type":"ReadAction","target":["https:\/\/gysfm.com.ar\/inicio\/luciana-geuna-le-respondio-a-milei-tras-la-denuncia-penal-por-el-informe-en-casa-rosada\/"]}]},{"@type":"ImageObject","inLanguage":"es","@id":"https:\/\/gysfm.com.ar\/inicio\/luciana-geuna-le-respondio-a-milei-tras-la-denuncia-penal-por-el-informe-en-casa-rosada\/#primaryimage","url":"https:\/\/gysfm.com.ar\/inicio\/wp-content\/uploads\/2026\/04\/luciana-geuna-y-javier-milei-1915870.jpg","contentUrl":"https:\/\/gysfm.com.ar\/inicio\/wp-content\/uploads\/2026\/04\/luciana-geuna-y-javier-milei-1915870.jpg","width":1140,"height":641},{"@type":"BreadcrumbList","@id":"https:\/\/gysfm.com.ar\/inicio\/luciana-geuna-le-respondio-a-milei-tras-la-denuncia-penal-por-el-informe-en-casa-rosada\/#breadcrumb","itemListElement":[{"@type":"ListItem","position":1,"name":"Portada","item":"https:\/\/gysfm.com.ar\/inicio\/"},{"@type":"ListItem","position":2,"name":"Luciana Geuna le respondi\u00f3 a Milei tras la denuncia penal por el informe en Casa Rosada"}]},{"@type":"WebSite","@id":"https:\/\/gysfm.com.ar\/inicio\/#website","url":"https:\/\/gysfm.com.ar\/inicio\/","name":"GYS NOTICIAS |","description":"DIARIO - RADIO ONLINE SAN JUAN ARGENTINA","publisher":{"@id":"https:\/\/gysfm.com.ar\/inicio\/#organization"},"potentialAction":[{"@type":"SearchAction","target":{"@type":"EntryPoint","urlTemplate":"https:\/\/gysfm.com.ar\/inicio\/?s={search_term_string}"},"query-input":{"@type":"PropertyValueSpecification","valueRequired":true,"valueName":"search_term_string"}}],"inLanguage":"es"},{"@type":"Organization","@id":"https:\/\/gysfm.com.ar\/inicio\/#organization","name":"GYS NOTICIAS |","url":"https:\/\/gysfm.com.ar\/inicio\/","logo":{"@type":"ImageObject","inLanguage":"es","@id":"https:\/\/gysfm.com.ar\/inicio\/#\/schema\/logo\/image\/","url":"https:\/\/gysfm.com.ar\/inicio\/wp-content\/uploads\/2023\/07\/LOGOGYS-OK.png","contentUrl":"https:\/\/gysfm.com.ar\/inicio\/wp-content\/uploads\/2023\/07\/LOGOGYS-OK.png","width":1170,"height":872,"caption":"GYS NOTICIAS |"},"image":{"@id":"https:\/\/gysfm.com.ar\/inicio\/#\/schema\/logo\/image\/"}},{"@type":"Person","@id":"https:\/\/gysfm.com.ar\/inicio\/#\/schema\/person\/3abba7593ef2ad19e1be221d54383dc5","name":"Prensa G&amp;S FM","image":{"@type":"ImageObject","inLanguage":"es","@id":"https:\/\/gysfm.com.ar\/inicio\/#\/schema\/person\/image\/","url":"https:\/\/secure.gravatar.com\/avatar\/096ec78df02049ab018702bb4ccedf659377fa92a26540b5247612077a0dbd29?s=96&d=mm&r=g","contentUrl":"https:\/\/secure.gravatar.com\/avatar\/096ec78df02049ab018702bb4ccedf659377fa92a26540b5247612077a0dbd29?s=96&d=mm&r=g","caption":"Prensa G&amp;S FM"},"sameAs":["https:\/\/gysfm.com.ar\/"],"url":"https:\/\/gysfm.com.ar\/inicio\/author\/lucasm\/"}]}},"_links":{"self":[{"href":"https:\/\/gysfm.com.ar\/inicio\/wp-json\/wp\/v2\/posts\/193391","targetHints":{"allow":["GET"]}}],"collection":[{"href":"https:\/\/gysfm.com.ar\/inicio\/wp-json\/wp\/v2\/posts"}],"about":[{"href":"https:\/\/gysfm.com.ar\/inicio\/wp-json\/wp\/v2\/types\/post"}],"author":[{"embeddable":true,"href":"https:\/\/gysfm.com.ar\/inicio\/wp-json\/wp\/v2\/users\/2"}],"replies":[{"embeddable":true,"href":"https:\/\/gysfm.com.ar\/inicio\/wp-json\/wp\/v2\/comments?post=193391"}],"version-history":[{"count":0,"href":"https:\/\/gysfm.com.ar\/inicio\/wp-json\/wp\/v2\/posts\/193391\/revisions"}],"wp:featuredmedia":[{"embeddable":true,"href":"https:\/\/gysfm.com.ar\/inicio\/wp-json\/wp\/v2\/media\/192727"}],"wp:attachment":[{"href":"https:\/\/gysfm.com.ar\/inicio\/wp-json\/wp\/v2\/media?parent=193391"}],"wp:term":[{"taxonomy":"category","embeddable":true,"href":"https:\/\/gysfm.com.ar\/inicio\/wp-json\/wp\/v2\/categories?post=193391"},{"taxonomy":"post_tag","embeddable":true,"href":"https:\/\/gysfm.com.ar\/inicio\/wp-json\/wp\/v2\/tags?post=193391"}],"curies":[{"name":"wp","href":"https:\/\/api.w.org\/{rel}","templated":true}]}}