{"id":193388,"date":"2026-04-28T00:43:20","date_gmt":"2026-04-28T03:43:20","guid":{"rendered":"https:\/\/gysfm.com.ar\/inicio\/escandalo-en-italia-indultan-a-nicole-minetti-la-mujer-que-organizaba-fiestas-de-berlusconi-y-esta-en-pareja-con-un-empresario-poderoso-de-punta-del-este\/"},"modified":"2026-04-28T00:43:21","modified_gmt":"2026-04-28T03:43:21","slug":"escandalo-en-italia-indultan-a-nicole-minetti-la-mujer-que-organizaba-fiestas-de-berlusconi-y-esta-en-pareja-con-un-empresario-poderoso-de-punta-del-este","status":"publish","type":"post","link":"https:\/\/gysfm.com.ar\/inicio\/escandalo-en-italia-indultan-a-nicole-minetti-la-mujer-que-organizaba-fiestas-de-berlusconi-y-esta-en-pareja-con-un-empresario-poderoso-de-punta-del-este\/","title":{"rendered":"Esc\u00e1ndalo en Italia: indultan a Nicole Minetti, la mujer que organizaba fiestas de Berlusconi y est\u00e1 en pareja con un empresario poderoso de Punta del Este"},"content":{"rendered":"<p> <br \/>\n<\/p>\n<div>\n<p class=\"com-paragraph  --capital --s\">ROMA.\u2013 Un <a href=\"https:\/\/www.lanacion.com.ar\/el-mundo\/los-videos-de-las-fiestas-con-deportistas-que-organizo-la-agencia-investigada-por-prostitucion-y-nid23042026\/\" target=\"_self\" title=\"https:\/\/www.lanacion.com.ar\/el-mundo\/los-videos-de-las-fiestas-con-deportistas-que-organizo-la-agencia-investigada-por-prostitucion-y-nid23042026\/\" class=\"com-link break-word\" data-mrf-recirculation=\"n_link_parrafo\">esc\u00e1ndalo sin precedente<\/a> estall\u00f3 este lunes en <a href=\"https:\/\/www.lanacion.com.ar\/espectaculos\/musica\/profunda-consternacion-el-fuerte-malestar-de-los-trabajadores-del-teatro-la-fenice-de-italia-a-los-nid25042026\/\" target=\"_self\" title=\"https:\/\/www.lanacion.com.ar\/espectaculos\/musica\/profunda-consternacion-el-fuerte-malestar-de-los-trabajadores-del-teatro-la-fenice-de-italia-a-los-nid25042026\/\" class=\"com-link break-word\" data-mrf-recirculation=\"n_link_parrafo\">Italia<\/a> a ra\u00edz de un <strong>indulto que le fue otorgado,<\/strong> al parecer en base a informaci\u00f3n falsa, a <strong>Nicole Minetti<\/strong>, <strong>ex higienista dental del expremier<\/strong> y magnate Silvio <strong>Berlusconi<\/strong>, exconsejera regional de Lombard\u00eda y <strong>organizadora de las denominadas fiestas \u201cbunga-bunga\u201d en las mansiones del <\/strong><em><strong>Cavaliere<\/strong><\/em>, que muri\u00f3 en junio de 2023.<\/p>\n<p class=\"com-paragraph   --s\">Minetti, <strong>actualmente novia del empresario multimillonario italiano Giuseppe Cipriani<\/strong> \u2013nieto del cofundador del m\u00edtico Harry\u2019s Bar en Venecia, que vive en Uruguay\u2013, fue <strong>condenada por la justicia italiana en forma definitiva a un a\u00f1o y un mes por peculado y a dos a\u00f1os y diez meses por favorecer la prostituci\u00f3n<\/strong> en el marco del juicio \u201cRuby bis\u201d (las llamadas cenas elegantes). Pero, en un hecho que trascendi\u00f3 hace unas semanas que caus\u00f3 mucho ruido, fue indultada por el presidente, Sergio Mattarella, por<strong> \u201cmotivos humanitarios\u201d vinculados a su cuidado de un menor de edad en Uruguay<\/strong> <strong>que sufre precarias condiciones de salud<\/strong>. <\/p>\n<div class=\"content-media\">\n<section role=\"button\" class=\"mod-media   \">\n<figure role=\"button\" tabindex=\"0\" class=\"mod-figure \"><figcaption class=\"mod-figcaption\"><span class=\"com-text --caption --twoxs\">Giuseppe Cipriani en su chacra \u00abGin Tonic\u00bb de Punta del Este junto a su novia Nicole Minetti y otros invitados en 2025<\/span><span class=\"com-text --credit --twoxs\">Gentileza<\/span><\/figcaption><\/figure>\n<\/section>\n<\/div>\n<p class=\"com-paragraph   --s\">En lo que cay\u00f3 en el siempre candente escenario pol\u00edtico local como una verdadera bomba, y despu\u00e9s de una investigaci\u00f3n del diario <em>Il Fatto Quotidiano<\/em> que sac\u00f3 a la luz <strong>irregularidades<\/strong>, el Palacio del Quirinal, como se llama la oficina del presidente Mattarella, le<strong> envi\u00f3 este lunes una carta al ministro de Justicia de Giorgia Meloni<\/strong>, Carlo Nordio, para<strong> exigirle informaci\u00f3n ante las supuestas falsedades de los elementos aportados en el pedido de indulto de Minetti<\/strong>.<\/p>\n<p class=\"com-paragraph   --s\">\u201cEn relaci\u00f3n con el decreto por el que se concede el indulto a la se\u00f1ora Minetti, adoptado por el presidente de la Rep\u00fablica el 18 de febrero de 2026, a propuesta favorable del Ministro de Justicia, y con las consiguientes informaciones de prensa sobre la supuesta falsedad de la informaci\u00f3n presentada en la solicitud de indulto, por orden del presidente, le ruego que, por favor, obtenga con urgencia la <strong>informaci\u00f3n necesaria para verificar la veracidad de la informaci\u00f3n publicada<\/strong> por un \u00f3rgano de prensa\u201d, fue el comunicado que difundi\u00f3 presidencia, que aludi\u00f3 a la primicia de <em>Il Fatto Quotidiano<\/em>, sin mencionarlo. <\/p>\n<p class=\"com-paragraph   --s\">Desde el entorno de Mattarella explicaron que, por lo general, el<strong> presidente carece de los medios de investigaci\u00f3n independientes <\/strong>necesarios para esclarecer los hechos que rodean un pedido de indulto y que<strong> suele basarse en la opini\u00f3n<\/strong> (favorable) <strong>del fiscal general y del Ministerio de Justicia<\/strong>.<\/p>\n<p class=\"com-paragraph   --s\">Lo cierto es que una impactante investigaci\u00f3n de <em>Il Fatto Quotidiano<\/em> sac\u00f3 a la luz una historia muy diferente a la que Minetti y sus abogados presentaron en su solicitud de clemencia. Tal como subray\u00f3 el <em>Corriere della Sera<\/em>, el punto central de la investigaci\u00f3n period\u00edstica, realizada por Thomas Mackinson, se centra en el<strong> ni\u00f1o \u201cgravemente enfermo\u201d que Minetti adopt\u00f3 con su pareja<\/strong>, Giuseppe Cipriani, empresario que est\u00e1 desarrollando la torre m\u00e1s cara de Punta del Este, entre otros proyectos en el Uruguay.<\/p>\n<p class=\"com-paragraph   --s\"><strong>La solicitud de clemencia presentaba al hijo de la pareja como alguien sin v\u00ednculos afectivos, abandonado al nacer<\/strong>. Sin embargo, <em>Il Fatto Quotidiano<\/em>, tras consultar los registros judiciales de Maldonado, Uruguay, constat\u00f3 que los<strong> padres biol\u00f3gicos del ni\u00f1o est\u00e1n vivos y que Minetti y Cipriani presentaron una demanda para privar a los padres biol\u00f3gicos de la patria potestad<\/strong>. <\/p>\n<p class=\"com-paragraph   --s\">Aunque hay m\u00e1s. Seg\u00fan la misma investigaci\u00f3n, la<strong> adopci\u00f3n se habr\u00eda producido en un contexto turbio<\/strong>, marcado por la <strong>pobreza<\/strong>, connotaciones sospechosas y <strong>posibles irregularidades<\/strong>.<\/p>\n<div class=\"content-media\">\n<section role=\"button\" class=\"mod-media   \">\n<figure role=\"button\" tabindex=\"0\" class=\"mod-figure \"><figcaption class=\"mod-figcaption\"><span class=\"com-text --caption --twoxs\">La Fiscal\u00eda de Milan ha creado un sumario separado sobre Silvio Berlusconi en el llamado caso Ruby, en el que el primer ministro italiano y otras personas, entre ellas Minetti, son investigadas por presunta concusi\u00f3n e incitaci\u00f3n a la prostituci\u00f3n de menores<\/span><span class=\"com-text --credit --twoxs\">MATTEO BAZZI &#8211; EPA\/ANSA<\/span><\/figcaption><\/figure>\n<\/section>\n<\/div>\n<p class=\"com-paragraph   --s\">El escenario es la <a href=\"https:\/\/www.lanacion.com.ar\/lifestyle\/en-fotos-todos-los-invitados-a-la-gran-fiesta-de-giuseppe-cipriani-en-gin-tonic-su-chacra-de-punta-nid07012025\/\" target=\"_self\" title=\"https:\/\/www.lanacion.com.ar\/lifestyle\/en-fotos-todos-los-invitados-a-la-gran-fiesta-de-giuseppe-cipriani-en-gin-tonic-su-chacra-de-punta-nid07012025\/\" class=\"com-link break-word\" data-mrf-recirculation=\"n_link_parrafo\">chacra \u201cGin Tonic\u201d en Punta del Este, Uruguay<\/a>, donde <strong>Minetti supuestamente continu\u00f3 viviendo una vida muy similar a la de las fiestas \u201celegantes\u201d del turbulento per\u00edodo<\/strong> en el que <a href=\"https:\/\/www.lanacion.com.ar\/el-mundo\/revelan-detalles-de-las-fiestas-de-berlusconi-nid1583122\/\" target=\"_self\" title=\"https:\/\/www.lanacion.com.ar\/el-mundo\/revelan-detalles-de-las-fiestas-de-berlusconi-nid1583122\/\" class=\"com-link break-word\" data-mrf-recirculation=\"n_link_parrafo\">se vio involucrada debido al resonado<strong> esc\u00e1ndalo por la menor, Ruby Robacorazones, que golpe\u00f3 a Berlusconi hace m\u00e1s de una d\u00e9cada<\/strong><\/a>. <\/p>\n<div class=\"content-media\">\n<section role=\"button\" class=\"mod-media   \">\n<figure role=\"button\" tabindex=\"0\" class=\"mod-figure \"><figcaption class=\"mod-figcaption\"><span class=\"com-text --caption --twoxs\">La joven bailarina marroqu\u00ed Karima El Mahroug, m\u00e1s conocida como \u00abRuby\u00bb<\/span><span class=\"com-text --credit --twoxs\">Archivo<\/span><\/figcaption><\/figure>\n<\/section>\n<\/div>\n<p class=\"com-paragraph   --s\">La joven marroqu\u00ed, en verdad llamada Karima El Mahroug, declar\u00f3 en un proceso sobre su caso haber visto a Minetti, ex higienista dental de Berlusconi, luego elegida consejera de la regi\u00f3n de Lombard\u00eda, <strong>disfrazada de monja y bailando en forma muy sexy<\/strong> en una de las fiestas en su mansi\u00f3n de las afueras de Mil\u00e1n.<\/p>\n<p class=\"com-paragraph   --s\">El t\u00edtulo de<em> Il Fatto<\/em> del 25 de abril pasado rezaba: \u201cFiestas y prostitutas\u201d. Y su bajada agregaba m\u00e1s informaci\u00f3n: \u201cProhibido el uso de celulares en la chacra. <strong>Un<\/strong> <strong>esquema de corrupci\u00f3n que alimenta el comercio sexual est\u00e1 ahora en la mira del gobierno uruguayo<\/strong>\u201d.<\/p>\n<p class=\"com-paragraph   --s\">En un panorama de lo m\u00e1s intrincado,<em> Il Fatto<\/em> tambi\u00e9n record\u00f3 que en el mismo per\u00edodo de mediados de febrero de 2026 en que se firm\u00f3 el indulto en Roma, la <strong>verdadera madre biol\u00f3gica del ni\u00f1o<\/strong> (Mar\u00eda de los \u00c1ngeles Gonz\u00e1lez Colinet, de 29 a\u00f1os)<strong> desapareci\u00f3 <\/strong>en Uruguay, lo que llev\u00f3 a la polic\u00eda local a emitir una orden de b\u00fasqueda. Este misterio se entrelaza con la<strong> muerte de quien hab\u00eda defendido a la familia biol\u00f3gica, Mercedes Nieto, que fue hallada muerta calcinada en su casa junto a su esposo en 2024<\/strong>: un caso que ahora se investiga como un doble homicidio.<\/p>\n<p class=\"com-paragraph   --s\">El mismo diario recalc\u00f3, por otro lado, que para demostrar el supuesto arrepentimiento de Minetti, sus abogados avalaron la integridad de su pareja, <strong>Cipriani<\/strong>, a quien describieron como un <strong>mecenas \u201calejado de contextos depravados\u201d<\/strong>. <\/p>\n<p class=\"com-paragraph   --s\">Sin embargo, <strong>documentos estadounidenses (los archivos Epstein) consultados por <\/strong><em><strong>Il Fatto <\/strong><\/em><strong>revelan que el empresario estaba siendo financiado (con intereses usurarios) por el ped\u00f3filo convicto Jeffrey Epstein<\/strong>. <\/p>\n<p class=\"com-paragraph   --s\">Testimonios directos de Uruguay tambi\u00e9n dijeron que <strong>en la misma chacra donde la pareja recib\u00eda a ni\u00f1os de un orfanato frente a las c\u00e1maras, operaba una implacable red de prostitutas de lujo y menores<\/strong>, dirigida por la propia Minetti, que, por lo tanto, no hab\u00eda \u201ccambiado de vida\u201d.<\/p>\n<p class=\"com-paragraph   --s\">Mientras que el Ministerio de Justicia hizo saber que puso en marcha las investigaciones solicitadas por el Quirinal en relaci\u00f3n con todo lo anterior y que podr\u00eda esperarse un posible resultado preliminar en las pr\u00f3ximas 24 horas, el <strong>tema r\u00e1pidamente degener\u00f3 en un esc\u00e1ndalo pol\u00edtico para el gobierno de derecha de Giorgia Meloni<\/strong>.<\/p>\n<p class=\"com-paragraph   --s\">\u201cLo que est\u00e1 surgiendo en relaci\u00f3n al caso del indulto de Nicole Minetti es <strong>sumamente grave e inquietante<\/strong>\u201d, dijo el diputado Angelo Bonelli, de Alianza Verdes e Izquierda, que exigi\u00f3 explicaciones al ministro de Justicia, Carlo Nordio, tras subrayar que \u201cel presidente de la Rep\u00fablica actu\u00f3 bas\u00e1ndose en los documentos presentados\u201d por su cartera.<\/p>\n<p class=\"com-paragraph   --s\">\u201cSi surgen dudas sobre la veracidad o la exhaustividad de dichos elementos, es necesario establecer responsabilidades y las medidas adoptadas durante la investigaci\u00f3n. <strong>El indulto es un acto sumamente delicado que no puede basarse en ambig\u00fcedades. El pa\u00eds tiene derecho a la verdad<\/strong>\u201d, clam\u00f3. <\/p>\n<p class=\"com-paragraph   --s\">El Partido Democr\u00e1tico (PD), el principal de la oposici\u00f3n de centroizquierda, fue m\u00e1s all\u00e1 y, directamente, le pidi\u00f3 a Meloni la cabeza del ministro de Justicia.<\/p>\n<p class=\"com-paragraph   --s\">\u201c<strong>\u00bfQu\u00e9 est\u00e1 esperando Giorgia Meloni para pedirle al ministro Carlo Nordio que d\u00e9 un paso al costado? <\/strong>No hay m\u00e1s tiempo que perder: que se queda al frente del Ministerio de Justicia est\u00e1 resultando sumamente da\u00f1ino y el ministerio aparece sin gu\u00eda y control\u201d, dispar\u00f3 la diputada Debora Serracchiani, responsable de Justicia del PD, seg\u00fan ANSA. <\/p>\n<p class=\"com-paragraph   --s\">\u201c<strong>El indulto es una medida extremadamente delicada que no puede manejarse con investigaciones inadecuadas o superficiales<\/strong>. El caso Minetti representa un hecho sin precedentes, con un an\u00e1lisis adicional solicitado por el Quirinal, que apunta a un nivel de superficialidad y negligencia en el ministerio de Justicia nunca antes visto. A menos que surjan nuevos elementos, que deber\u00e1n esclarecerse por completo\u201d, advirti\u00f3. \u201cSi cierta informaci\u00f3n presentada al Quirinal resultara ser falsa, nos encontrar\u00edamos ante una clara muestra de superficialidad en la gesti\u00f3n de un procedimiento de suma importancia constitucional. Esta actitud equivaldr\u00eda a una <strong>traici\u00f3n a la relaci\u00f3n institucional de confianza con el Quirinal por parte del ministro Nordio<\/strong>, quien representa la m\u00e1xima autoridad de nuestra Rep\u00fablica y el garante de la Constituci\u00f3n. Ser\u00eda algo inaudito. Pero el mero hecho de que estemos debatiendo esto es sumamente grave: <strong>Meloni no puede ignorarlo<\/strong>. Las responsabilidades pol\u00edticas son claras, y no se trata de una cuesti\u00f3n t\u00e9cnica, sino de una cuesti\u00f3n institucional y pol\u00edtica de suma importancia. No hay tiempo que perder: <strong>Nordio debe renunciar<\/strong>\u201d, concluy\u00f3, sin ocultar su indignaci\u00f3n.<\/p>\n<section class=\"container-center-100 mb-40 border border-bottom border-thin border-neutral-light-700\">\n<hr\/>\n<\/section>\n<\/div>\n<p><script id=\"facebookpixel\" defer=\"\" type=\"text\/javascript\">\n        !function(f,b,e,v,n,t,s)\n        {if(f.fbq)return;n=f.fbq=function(){n.callMethod?\n        n.callMethod.apply(n,arguments):n.queue.push(arguments)};\n        if(!f._fbq)f._fbq=n;n.push=n;n.loaded=!0;n.version='2.0';\n        n.queue=[];t=b.createElement(e);t.async=!0;\n        t.src=v;s=b.getElementsByTagName(e)[0];\n        s.parentNode.insertBefore(t,s)}(window, document,'script',\n        'https:\/\/connect.facebook.net\/en_US\/fbevents.js');\n        fbq('init', '492459597522335');\n        fbq('track', 'PageView');\n    <\/script><br \/>\n<br \/><\/p>\n","protected":false},"excerpt":{"rendered":"<p>ROMA.\u2013 Un esc\u00e1ndalo sin precedente estall\u00f3 este lunes en Italia a ra\u00edz de un indulto que le fue otorgado, al parecer en base a informaci\u00f3n falsa, a Nicole Minetti, ex higienista dental del expremier y magnate Silvio Berlusconi, exconsejera regional de Lombard\u00eda y organizadora de las denominadas fiestas \u201cbunga-bunga\u201d en las mansiones del Cavaliere, que [&hellip;]<\/p>\n","protected":false},"author":2,"featured_media":193389,"comment_status":"closed","ping_status":"closed","sticky":false,"template":"","format":"standard","meta":{"footnotes":""},"categories":[26],"tags":[],"class_list":["post-193388","post","type-post","status-publish","format-standard","has-post-thumbnail","hentry","category-internacionales"],"yoast_head":"<!-- This site is optimized with the Yoast SEO plugin v24.4 - https:\/\/yoast.com\/wordpress\/plugins\/seo\/ -->\n<title>Esc\u00e1ndalo en Italia: indultan a Nicole Minetti, la mujer que organizaba fiestas de Berlusconi y est\u00e1 en pareja con un empresario poderoso de Punta del Este - GYS NOTICIAS |<\/title>\n<meta name=\"robots\" content=\"index, follow, max-snippet:-1, max-image-preview:large, max-video-preview:-1\" \/>\n<link rel=\"canonical\" href=\"https:\/\/gysfm.com.ar\/inicio\/escandalo-en-italia-indultan-a-nicole-minetti-la-mujer-que-organizaba-fiestas-de-berlusconi-y-esta-en-pareja-con-un-empresario-poderoso-de-punta-del-este\/\" \/>\n<meta property=\"og:locale\" content=\"es_ES\" \/>\n<meta property=\"og:type\" content=\"article\" \/>\n<meta property=\"og:title\" content=\"Esc\u00e1ndalo en Italia: indultan a Nicole Minetti, la mujer que organizaba fiestas de Berlusconi y est\u00e1 en pareja con un empresario poderoso de Punta del Este - GYS NOTICIAS |\" \/>\n<meta property=\"og:description\" content=\"ROMA.\u2013 Un esc\u00e1ndalo sin precedente estall\u00f3 este lunes en Italia a ra\u00edz de un indulto que le fue otorgado, al parecer en base a informaci\u00f3n falsa, a Nicole Minetti, ex higienista dental del expremier y magnate Silvio Berlusconi, exconsejera regional de Lombard\u00eda y organizadora de las denominadas fiestas \u201cbunga-bunga\u201d en las mansiones del Cavaliere, que [&hellip;]\" \/>\n<meta property=\"og:url\" content=\"https:\/\/gysfm.com.ar\/inicio\/escandalo-en-italia-indultan-a-nicole-minetti-la-mujer-que-organizaba-fiestas-de-berlusconi-y-esta-en-pareja-con-un-empresario-poderoso-de-punta-del-este\/\" \/>\n<meta property=\"og:site_name\" content=\"GYS NOTICIAS |\" \/>\n<meta property=\"article:published_time\" content=\"2026-04-28T03:43:20+00:00\" \/>\n<meta property=\"article:modified_time\" content=\"2026-04-28T03:43:21+00:00\" \/>\n<meta property=\"og:image\" content=\"https:\/\/gysfm.com.ar\/inicio\/wp-content\/uploads\/2026\/04\/nicole-minetti-asiste-a-una-reunion-en-la-sede-KQ45OGLKAZE6DJPXI6SYUX2SN4.jpg\" \/>\n\t<meta property=\"og:image:width\" content=\"1200\" \/>\n\t<meta property=\"og:image:height\" content=\"800\" \/>\n\t<meta property=\"og:image:type\" content=\"image\/jpeg\" \/>\n<meta name=\"author\" content=\"Prensa G&amp;S FM\" \/>\n<meta name=\"twitter:card\" content=\"summary_large_image\" \/>\n<meta name=\"twitter:label1\" content=\"Escrito por\" \/>\n\t<meta name=\"twitter:data1\" content=\"Prensa G&amp;S FM\" \/>\n\t<meta name=\"twitter:label2\" content=\"Tiempo de lectura\" \/>\n\t<meta name=\"twitter:data2\" content=\"8 minutos\" \/>\n<script type=\"application\/ld+json\" class=\"yoast-schema-graph\">{\"@context\":\"https:\/\/schema.org\",\"@graph\":[{\"@type\":\"Article\",\"@id\":\"https:\/\/gysfm.com.ar\/inicio\/escandalo-en-italia-indultan-a-nicole-minetti-la-mujer-que-organizaba-fiestas-de-berlusconi-y-esta-en-pareja-con-un-empresario-poderoso-de-punta-del-este\/#article\",\"isPartOf\":{\"@id\":\"https:\/\/gysfm.com.ar\/inicio\/escandalo-en-italia-indultan-a-nicole-minetti-la-mujer-que-organizaba-fiestas-de-berlusconi-y-esta-en-pareja-con-un-empresario-poderoso-de-punta-del-este\/\"},\"author\":{\"name\":\"Prensa G&amp;S FM\",\"@id\":\"https:\/\/gysfm.com.ar\/inicio\/#\/schema\/person\/3abba7593ef2ad19e1be221d54383dc5\"},\"headline\":\"Esc\u00e1ndalo en Italia: indultan a Nicole Minetti, la mujer que organizaba fiestas de Berlusconi y est\u00e1 en pareja con un empresario poderoso de Punta del Este\",\"datePublished\":\"2026-04-28T03:43:20+00:00\",\"dateModified\":\"2026-04-28T03:43:21+00:00\",\"mainEntityOfPage\":{\"@id\":\"https:\/\/gysfm.com.ar\/inicio\/escandalo-en-italia-indultan-a-nicole-minetti-la-mujer-que-organizaba-fiestas-de-berlusconi-y-esta-en-pareja-con-un-empresario-poderoso-de-punta-del-este\/\"},\"wordCount\":1535,\"publisher\":{\"@id\":\"https:\/\/gysfm.com.ar\/inicio\/#organization\"},\"image\":{\"@id\":\"https:\/\/gysfm.com.ar\/inicio\/escandalo-en-italia-indultan-a-nicole-minetti-la-mujer-que-organizaba-fiestas-de-berlusconi-y-esta-en-pareja-con-un-empresario-poderoso-de-punta-del-este\/#primaryimage\"},\"thumbnailUrl\":\"https:\/\/gysfm.com.ar\/inicio\/wp-content\/uploads\/2026\/04\/nicole-minetti-asiste-a-una-reunion-en-la-sede-KQ45OGLKAZE6DJPXI6SYUX2SN4.jpg\",\"articleSection\":[\"INTERNACIONALES\"],\"inLanguage\":\"es\"},{\"@type\":\"WebPage\",\"@id\":\"https:\/\/gysfm.com.ar\/inicio\/escandalo-en-italia-indultan-a-nicole-minetti-la-mujer-que-organizaba-fiestas-de-berlusconi-y-esta-en-pareja-con-un-empresario-poderoso-de-punta-del-este\/\",\"url\":\"https:\/\/gysfm.com.ar\/inicio\/escandalo-en-italia-indultan-a-nicole-minetti-la-mujer-que-organizaba-fiestas-de-berlusconi-y-esta-en-pareja-con-un-empresario-poderoso-de-punta-del-este\/\",\"name\":\"Esc\u00e1ndalo en Italia: indultan a Nicole Minetti, la mujer que organizaba fiestas de Berlusconi y est\u00e1 en pareja con un empresario poderoso de Punta del Este - GYS NOTICIAS |\",\"isPartOf\":{\"@id\":\"https:\/\/gysfm.com.ar\/inicio\/#website\"},\"primaryImageOfPage\":{\"@id\":\"https:\/\/gysfm.com.ar\/inicio\/escandalo-en-italia-indultan-a-nicole-minetti-la-mujer-que-organizaba-fiestas-de-berlusconi-y-esta-en-pareja-con-un-empresario-poderoso-de-punta-del-este\/#primaryimage\"},\"image\":{\"@id\":\"https:\/\/gysfm.com.ar\/inicio\/escandalo-en-italia-indultan-a-nicole-minetti-la-mujer-que-organizaba-fiestas-de-berlusconi-y-esta-en-pareja-con-un-empresario-poderoso-de-punta-del-este\/#primaryimage\"},\"thumbnailUrl\":\"https:\/\/gysfm.com.ar\/inicio\/wp-content\/uploads\/2026\/04\/nicole-minetti-asiste-a-una-reunion-en-la-sede-KQ45OGLKAZE6DJPXI6SYUX2SN4.jpg\",\"datePublished\":\"2026-04-28T03:43:20+00:00\",\"dateModified\":\"2026-04-28T03:43:21+00:00\",\"breadcrumb\":{\"@id\":\"https:\/\/gysfm.com.ar\/inicio\/escandalo-en-italia-indultan-a-nicole-minetti-la-mujer-que-organizaba-fiestas-de-berlusconi-y-esta-en-pareja-con-un-empresario-poderoso-de-punta-del-este\/#breadcrumb\"},\"inLanguage\":\"es\",\"potentialAction\":[{\"@type\":\"ReadAction\",\"target\":[\"https:\/\/gysfm.com.ar\/inicio\/escandalo-en-italia-indultan-a-nicole-minetti-la-mujer-que-organizaba-fiestas-de-berlusconi-y-esta-en-pareja-con-un-empresario-poderoso-de-punta-del-este\/\"]}]},{\"@type\":\"ImageObject\",\"inLanguage\":\"es\",\"@id\":\"https:\/\/gysfm.com.ar\/inicio\/escandalo-en-italia-indultan-a-nicole-minetti-la-mujer-que-organizaba-fiestas-de-berlusconi-y-esta-en-pareja-con-un-empresario-poderoso-de-punta-del-este\/#primaryimage\",\"url\":\"https:\/\/gysfm.com.ar\/inicio\/wp-content\/uploads\/2026\/04\/nicole-minetti-asiste-a-una-reunion-en-la-sede-KQ45OGLKAZE6DJPXI6SYUX2SN4.jpg\",\"contentUrl\":\"https:\/\/gysfm.com.ar\/inicio\/wp-content\/uploads\/2026\/04\/nicole-minetti-asiste-a-una-reunion-en-la-sede-KQ45OGLKAZE6DJPXI6SYUX2SN4.jpg\",\"width\":1200,\"height\":800},{\"@type\":\"BreadcrumbList\",\"@id\":\"https:\/\/gysfm.com.ar\/inicio\/escandalo-en-italia-indultan-a-nicole-minetti-la-mujer-que-organizaba-fiestas-de-berlusconi-y-esta-en-pareja-con-un-empresario-poderoso-de-punta-del-este\/#breadcrumb\",\"itemListElement\":[{\"@type\":\"ListItem\",\"position\":1,\"name\":\"Portada\",\"item\":\"https:\/\/gysfm.com.ar\/inicio\/\"},{\"@type\":\"ListItem\",\"position\":2,\"name\":\"Esc\u00e1ndalo en Italia: indultan a Nicole Minetti, la mujer que organizaba fiestas de Berlusconi y est\u00e1 en pareja con un empresario poderoso de Punta del Este\"}]},{\"@type\":\"WebSite\",\"@id\":\"https:\/\/gysfm.com.ar\/inicio\/#website\",\"url\":\"https:\/\/gysfm.com.ar\/inicio\/\",\"name\":\"GYS NOTICIAS |\",\"description\":\"DIARIO - RADIO ONLINE SAN JUAN ARGENTINA\",\"publisher\":{\"@id\":\"https:\/\/gysfm.com.ar\/inicio\/#organization\"},\"potentialAction\":[{\"@type\":\"SearchAction\",\"target\":{\"@type\":\"EntryPoint\",\"urlTemplate\":\"https:\/\/gysfm.com.ar\/inicio\/?s={search_term_string}\"},\"query-input\":{\"@type\":\"PropertyValueSpecification\",\"valueRequired\":true,\"valueName\":\"search_term_string\"}}],\"inLanguage\":\"es\"},{\"@type\":\"Organization\",\"@id\":\"https:\/\/gysfm.com.ar\/inicio\/#organization\",\"name\":\"GYS NOTICIAS |\",\"url\":\"https:\/\/gysfm.com.ar\/inicio\/\",\"logo\":{\"@type\":\"ImageObject\",\"inLanguage\":\"es\",\"@id\":\"https:\/\/gysfm.com.ar\/inicio\/#\/schema\/logo\/image\/\",\"url\":\"https:\/\/gysfm.com.ar\/inicio\/wp-content\/uploads\/2023\/07\/LOGOGYS-OK.png\",\"contentUrl\":\"https:\/\/gysfm.com.ar\/inicio\/wp-content\/uploads\/2023\/07\/LOGOGYS-OK.png\",\"width\":1170,\"height\":872,\"caption\":\"GYS NOTICIAS |\"},\"image\":{\"@id\":\"https:\/\/gysfm.com.ar\/inicio\/#\/schema\/logo\/image\/\"}},{\"@type\":\"Person\",\"@id\":\"https:\/\/gysfm.com.ar\/inicio\/#\/schema\/person\/3abba7593ef2ad19e1be221d54383dc5\",\"name\":\"Prensa G&amp;S FM\",\"image\":{\"@type\":\"ImageObject\",\"inLanguage\":\"es\",\"@id\":\"https:\/\/gysfm.com.ar\/inicio\/#\/schema\/person\/image\/\",\"url\":\"https:\/\/secure.gravatar.com\/avatar\/096ec78df02049ab018702bb4ccedf659377fa92a26540b5247612077a0dbd29?s=96&d=mm&r=g\",\"contentUrl\":\"https:\/\/secure.gravatar.com\/avatar\/096ec78df02049ab018702bb4ccedf659377fa92a26540b5247612077a0dbd29?s=96&d=mm&r=g\",\"caption\":\"Prensa G&amp;S FM\"},\"sameAs\":[\"https:\/\/gysfm.com.ar\/\"],\"url\":\"https:\/\/gysfm.com.ar\/inicio\/author\/lucasm\/\"}]}<\/script>\n<!-- \/ Yoast SEO plugin. -->","yoast_head_json":{"title":"Esc\u00e1ndalo en Italia: indultan a Nicole Minetti, la mujer que organizaba fiestas de Berlusconi y est\u00e1 en pareja con un empresario poderoso de Punta del Este - GYS NOTICIAS |","robots":{"index":"index","follow":"follow","max-snippet":"max-snippet:-1","max-image-preview":"max-image-preview:large","max-video-preview":"max-video-preview:-1"},"canonical":"https:\/\/gysfm.com.ar\/inicio\/escandalo-en-italia-indultan-a-nicole-minetti-la-mujer-que-organizaba-fiestas-de-berlusconi-y-esta-en-pareja-con-un-empresario-poderoso-de-punta-del-este\/","og_locale":"es_ES","og_type":"article","og_title":"Esc\u00e1ndalo en Italia: indultan a Nicole Minetti, la mujer que organizaba fiestas de Berlusconi y est\u00e1 en pareja con un empresario poderoso de Punta del Este - GYS NOTICIAS |","og_description":"ROMA.\u2013 Un esc\u00e1ndalo sin precedente estall\u00f3 este lunes en Italia a ra\u00edz de un indulto que le fue otorgado, al parecer en base a informaci\u00f3n falsa, a Nicole Minetti, ex higienista dental del expremier y magnate Silvio Berlusconi, exconsejera regional de Lombard\u00eda y organizadora de las denominadas fiestas \u201cbunga-bunga\u201d en las mansiones del Cavaliere, que [&hellip;]","og_url":"https:\/\/gysfm.com.ar\/inicio\/escandalo-en-italia-indultan-a-nicole-minetti-la-mujer-que-organizaba-fiestas-de-berlusconi-y-esta-en-pareja-con-un-empresario-poderoso-de-punta-del-este\/","og_site_name":"GYS NOTICIAS |","article_published_time":"2026-04-28T03:43:20+00:00","article_modified_time":"2026-04-28T03:43:21+00:00","og_image":[{"width":1200,"height":800,"url":"https:\/\/gysfm.com.ar\/inicio\/wp-content\/uploads\/2026\/04\/nicole-minetti-asiste-a-una-reunion-en-la-sede-KQ45OGLKAZE6DJPXI6SYUX2SN4.jpg","type":"image\/jpeg"}],"author":"Prensa G&amp;S FM","twitter_card":"summary_large_image","twitter_misc":{"Escrito por":"Prensa G&amp;S FM","Tiempo de lectura":"8 minutos"},"schema":{"@context":"https:\/\/schema.org","@graph":[{"@type":"Article","@id":"https:\/\/gysfm.com.ar\/inicio\/escandalo-en-italia-indultan-a-nicole-minetti-la-mujer-que-organizaba-fiestas-de-berlusconi-y-esta-en-pareja-con-un-empresario-poderoso-de-punta-del-este\/#article","isPartOf":{"@id":"https:\/\/gysfm.com.ar\/inicio\/escandalo-en-italia-indultan-a-nicole-minetti-la-mujer-que-organizaba-fiestas-de-berlusconi-y-esta-en-pareja-con-un-empresario-poderoso-de-punta-del-este\/"},"author":{"name":"Prensa G&amp;S FM","@id":"https:\/\/gysfm.com.ar\/inicio\/#\/schema\/person\/3abba7593ef2ad19e1be221d54383dc5"},"headline":"Esc\u00e1ndalo en Italia: indultan a Nicole Minetti, la mujer que organizaba fiestas de Berlusconi y est\u00e1 en pareja con un empresario poderoso de Punta del Este","datePublished":"2026-04-28T03:43:20+00:00","dateModified":"2026-04-28T03:43:21+00:00","mainEntityOfPage":{"@id":"https:\/\/gysfm.com.ar\/inicio\/escandalo-en-italia-indultan-a-nicole-minetti-la-mujer-que-organizaba-fiestas-de-berlusconi-y-esta-en-pareja-con-un-empresario-poderoso-de-punta-del-este\/"},"wordCount":1535,"publisher":{"@id":"https:\/\/gysfm.com.ar\/inicio\/#organization"},"image":{"@id":"https:\/\/gysfm.com.ar\/inicio\/escandalo-en-italia-indultan-a-nicole-minetti-la-mujer-que-organizaba-fiestas-de-berlusconi-y-esta-en-pareja-con-un-empresario-poderoso-de-punta-del-este\/#primaryimage"},"thumbnailUrl":"https:\/\/gysfm.com.ar\/inicio\/wp-content\/uploads\/2026\/04\/nicole-minetti-asiste-a-una-reunion-en-la-sede-KQ45OGLKAZE6DJPXI6SYUX2SN4.jpg","articleSection":["INTERNACIONALES"],"inLanguage":"es"},{"@type":"WebPage","@id":"https:\/\/gysfm.com.ar\/inicio\/escandalo-en-italia-indultan-a-nicole-minetti-la-mujer-que-organizaba-fiestas-de-berlusconi-y-esta-en-pareja-con-un-empresario-poderoso-de-punta-del-este\/","url":"https:\/\/gysfm.com.ar\/inicio\/escandalo-en-italia-indultan-a-nicole-minetti-la-mujer-que-organizaba-fiestas-de-berlusconi-y-esta-en-pareja-con-un-empresario-poderoso-de-punta-del-este\/","name":"Esc\u00e1ndalo en Italia: indultan a Nicole Minetti, la mujer que organizaba fiestas de Berlusconi y est\u00e1 en pareja con un empresario poderoso de Punta del Este - GYS NOTICIAS |","isPartOf":{"@id":"https:\/\/gysfm.com.ar\/inicio\/#website"},"primaryImageOfPage":{"@id":"https:\/\/gysfm.com.ar\/inicio\/escandalo-en-italia-indultan-a-nicole-minetti-la-mujer-que-organizaba-fiestas-de-berlusconi-y-esta-en-pareja-con-un-empresario-poderoso-de-punta-del-este\/#primaryimage"},"image":{"@id":"https:\/\/gysfm.com.ar\/inicio\/escandalo-en-italia-indultan-a-nicole-minetti-la-mujer-que-organizaba-fiestas-de-berlusconi-y-esta-en-pareja-con-un-empresario-poderoso-de-punta-del-este\/#primaryimage"},"thumbnailUrl":"https:\/\/gysfm.com.ar\/inicio\/wp-content\/uploads\/2026\/04\/nicole-minetti-asiste-a-una-reunion-en-la-sede-KQ45OGLKAZE6DJPXI6SYUX2SN4.jpg","datePublished":"2026-04-28T03:43:20+00:00","dateModified":"2026-04-28T03:43:21+00:00","breadcrumb":{"@id":"https:\/\/gysfm.com.ar\/inicio\/escandalo-en-italia-indultan-a-nicole-minetti-la-mujer-que-organizaba-fiestas-de-berlusconi-y-esta-en-pareja-con-un-empresario-poderoso-de-punta-del-este\/#breadcrumb"},"inLanguage":"es","potentialAction":[{"@type":"ReadAction","target":["https:\/\/gysfm.com.ar\/inicio\/escandalo-en-italia-indultan-a-nicole-minetti-la-mujer-que-organizaba-fiestas-de-berlusconi-y-esta-en-pareja-con-un-empresario-poderoso-de-punta-del-este\/"]}]},{"@type":"ImageObject","inLanguage":"es","@id":"https:\/\/gysfm.com.ar\/inicio\/escandalo-en-italia-indultan-a-nicole-minetti-la-mujer-que-organizaba-fiestas-de-berlusconi-y-esta-en-pareja-con-un-empresario-poderoso-de-punta-del-este\/#primaryimage","url":"https:\/\/gysfm.com.ar\/inicio\/wp-content\/uploads\/2026\/04\/nicole-minetti-asiste-a-una-reunion-en-la-sede-KQ45OGLKAZE6DJPXI6SYUX2SN4.jpg","contentUrl":"https:\/\/gysfm.com.ar\/inicio\/wp-content\/uploads\/2026\/04\/nicole-minetti-asiste-a-una-reunion-en-la-sede-KQ45OGLKAZE6DJPXI6SYUX2SN4.jpg","width":1200,"height":800},{"@type":"BreadcrumbList","@id":"https:\/\/gysfm.com.ar\/inicio\/escandalo-en-italia-indultan-a-nicole-minetti-la-mujer-que-organizaba-fiestas-de-berlusconi-y-esta-en-pareja-con-un-empresario-poderoso-de-punta-del-este\/#breadcrumb","itemListElement":[{"@type":"ListItem","position":1,"name":"Portada","item":"https:\/\/gysfm.com.ar\/inicio\/"},{"@type":"ListItem","position":2,"name":"Esc\u00e1ndalo en Italia: indultan a Nicole Minetti, la mujer que organizaba fiestas de Berlusconi y est\u00e1 en pareja con un empresario poderoso de Punta del Este"}]},{"@type":"WebSite","@id":"https:\/\/gysfm.com.ar\/inicio\/#website","url":"https:\/\/gysfm.com.ar\/inicio\/","name":"GYS NOTICIAS |","description":"DIARIO - RADIO ONLINE SAN JUAN ARGENTINA","publisher":{"@id":"https:\/\/gysfm.com.ar\/inicio\/#organization"},"potentialAction":[{"@type":"SearchAction","target":{"@type":"EntryPoint","urlTemplate":"https:\/\/gysfm.com.ar\/inicio\/?s={search_term_string}"},"query-input":{"@type":"PropertyValueSpecification","valueRequired":true,"valueName":"search_term_string"}}],"inLanguage":"es"},{"@type":"Organization","@id":"https:\/\/gysfm.com.ar\/inicio\/#organization","name":"GYS NOTICIAS |","url":"https:\/\/gysfm.com.ar\/inicio\/","logo":{"@type":"ImageObject","inLanguage":"es","@id":"https:\/\/gysfm.com.ar\/inicio\/#\/schema\/logo\/image\/","url":"https:\/\/gysfm.com.ar\/inicio\/wp-content\/uploads\/2023\/07\/LOGOGYS-OK.png","contentUrl":"https:\/\/gysfm.com.ar\/inicio\/wp-content\/uploads\/2023\/07\/LOGOGYS-OK.png","width":1170,"height":872,"caption":"GYS NOTICIAS |"},"image":{"@id":"https:\/\/gysfm.com.ar\/inicio\/#\/schema\/logo\/image\/"}},{"@type":"Person","@id":"https:\/\/gysfm.com.ar\/inicio\/#\/schema\/person\/3abba7593ef2ad19e1be221d54383dc5","name":"Prensa G&amp;S FM","image":{"@type":"ImageObject","inLanguage":"es","@id":"https:\/\/gysfm.com.ar\/inicio\/#\/schema\/person\/image\/","url":"https:\/\/secure.gravatar.com\/avatar\/096ec78df02049ab018702bb4ccedf659377fa92a26540b5247612077a0dbd29?s=96&d=mm&r=g","contentUrl":"https:\/\/secure.gravatar.com\/avatar\/096ec78df02049ab018702bb4ccedf659377fa92a26540b5247612077a0dbd29?s=96&d=mm&r=g","caption":"Prensa G&amp;S FM"},"sameAs":["https:\/\/gysfm.com.ar\/"],"url":"https:\/\/gysfm.com.ar\/inicio\/author\/lucasm\/"}]}},"_links":{"self":[{"href":"https:\/\/gysfm.com.ar\/inicio\/wp-json\/wp\/v2\/posts\/193388","targetHints":{"allow":["GET"]}}],"collection":[{"href":"https:\/\/gysfm.com.ar\/inicio\/wp-json\/wp\/v2\/posts"}],"about":[{"href":"https:\/\/gysfm.com.ar\/inicio\/wp-json\/wp\/v2\/types\/post"}],"author":[{"embeddable":true,"href":"https:\/\/gysfm.com.ar\/inicio\/wp-json\/wp\/v2\/users\/2"}],"replies":[{"embeddable":true,"href":"https:\/\/gysfm.com.ar\/inicio\/wp-json\/wp\/v2\/comments?post=193388"}],"version-history":[{"count":1,"href":"https:\/\/gysfm.com.ar\/inicio\/wp-json\/wp\/v2\/posts\/193388\/revisions"}],"predecessor-version":[{"id":193390,"href":"https:\/\/gysfm.com.ar\/inicio\/wp-json\/wp\/v2\/posts\/193388\/revisions\/193390"}],"wp:featuredmedia":[{"embeddable":true,"href":"https:\/\/gysfm.com.ar\/inicio\/wp-json\/wp\/v2\/media\/193389"}],"wp:attachment":[{"href":"https:\/\/gysfm.com.ar\/inicio\/wp-json\/wp\/v2\/media?parent=193388"}],"wp:term":[{"taxonomy":"category","embeddable":true,"href":"https:\/\/gysfm.com.ar\/inicio\/wp-json\/wp\/v2\/categories?post=193388"},{"taxonomy":"post_tag","embeddable":true,"href":"https:\/\/gysfm.com.ar\/inicio\/wp-json\/wp\/v2\/tags?post=193388"}],"curies":[{"name":"wp","href":"https:\/\/api.w.org\/{rel}","templated":true}]}}