{"id":193386,"date":"2026-04-28T00:25:12","date_gmt":"2026-04-28T03:25:12","guid":{"rendered":"https:\/\/gysfm.com.ar\/inicio\/por-un-decreto-de-milei-adorni-y-el-resto-de-los-ministros-duplicaron-sus-sueldos\/"},"modified":"2026-04-28T00:25:12","modified_gmt":"2026-04-28T03:25:12","slug":"por-un-decreto-de-milei-adorni-y-el-resto-de-los-ministros-duplicaron-sus-sueldos","status":"publish","type":"post","link":"https:\/\/gysfm.com.ar\/inicio\/por-un-decreto-de-milei-adorni-y-el-resto-de-los-ministros-duplicaron-sus-sueldos\/","title":{"rendered":"Por un decreto de Milei, Adorni y el resto de los ministros duplicaron sus sueldos"},"content":{"rendered":"<p><\/p>\n<div id=\"article-content\">\n<p>El jefe de Gabinete,<strong> <a target=\"_blank\" href=\"https:\/\/www.perfil.com\/noticias\/politica\/adorni-en-el-congreso-cocina-un-contraataque-y-evadira-preguntas-sobre-sus-propiedades.phtml\">Manuel Adorni<\/a><\/strong><a target=\"_blank\" href=\"https:\/\/www.perfil.com\/noticias\/politica\/adorni-en-el-congreso-cocina-un-contraataque-y-evadira-preguntas-sobre-sus-propiedades.phtml\">,<\/a> percibe actualmente una remuneraci\u00f3n bruta mensual de <strong>$7.272.091<\/strong>, en l\u00ednea con el resto de los ministros del Poder Ejecutivo Nacional. El dato surge del informe oficial, al que se accedi\u00f3 <strong>PERFIL<\/strong> mediante un pedido de <strong>Acceso a la Informaci\u00f3n P\u00fablica <\/strong>realizado bajo la Ley 27.275, y que precisa que ese monto se compone de un sueldo b\u00e1sico de $3.300.233 y un complemento por responsabilidad del cargo de $3.971.858.<\/p>\n<p>El documento, elaborado por la Direcci\u00f3n Nacional de Sistemas y Estad\u00edsticas de Empleo P\u00fablico y Pol\u00edtica Salarial, deja en claro que este esquema alcanza a todos los ministros, al jefe de Gabinete y a las autoridades superiores del Poder Ejecutivo comprendidas en distintos reg\u00edmenes (decretos 838\/94, 1716\/92 y 140\/07), es decir, secretarios, subsecretarios y funcionarios con rango equivalente. La actualizaci\u00f3n salarial fue consecuencia directa del <strong><a target=\"_blank\" href=\"https:\/\/www.boletinoficial.gob.ar\/detalleAviso\/primera\/337034\/20260102\">decreto 931\/2025, firmado por el presidente Javier Milei el 31 de diciembre de ese a\u00f1o,<\/a> <\/strong>que traslad\u00f3 a la c\u00fapula del Ejecutivo los aumentos acordados en las paritarias estatales de 2024 y 2025 . De esta norma est\u00e1n exceptuados <strong>Javier Milei<\/strong> y la vicepresidenta, <strong>Victoria Villarruel<\/strong>, que siguen con sus <strong>sueldos congelados.<\/strong><\/p>\n<p style=\"text-align:center\"><picture><source media=\"(max-width: 440px)\" srcset=\"https:\/\/fotos.perfil.com\/\/2026\/04\/27\/440\/0\/los-sueldos-de-los-ministros-de-javier-milei-2228349.jpg?webp\"\/><source media=\"(max-width: 1019px)\" srcset=\"https:\/\/fotos.perfil.com\/\/2026\/04\/27\/712\/0\/los-sueldos-de-los-ministros-de-javier-milei-2228349.jpg?webp\"\/><img decoding=\"async\" style=\"max-width: 100%; width: 100%;\" alt=\"Los sueldos de los ministros de Javier Milei\" src=\"https:\/\/fotos.perfil.com\/\/2026\/04\/27\/900\/0\/los-sueldos-de-los-ministros-de-javier-milei-2228349.jpg?webp\" loading=\"lazy\"\/><\/picture><\/p>\n<div class=\"subscription\">\n<p>\n        Esto no les gusta a los autoritarios\n    <\/p>\n<div class=\"subscription__container\">\n<div class=\"subscription__text-wrapper\">\n<p>\n                El ejercicio del periodismo profesional y cr\u00edtico es un pilar fundamental de la democracia. Por eso molesta a quienes creen ser los due\u00f1os de la verdad.\n            <\/p>\n<\/p><\/div><\/div>\n<\/div>\n<p>Antes de esa decisi\u00f3n, los salarios de los altos funcionarios \u2014incluido Adorni\u2014 permanec\u00edan en los niveles fijados por el decreto 235\/2024, congelados con referencia a diciembre de 2023. <strong>Hasta enero de 2026 Adorni y el resto de los ministros ganaban $3.500.000<\/strong>. La aplicaci\u00f3n de los incrementos acumulados implic\u00f3 en los hechos una recomposici\u00f3n significativa que, medida en t\u00e9rminos nominales, <strong>llev\u00f3 a duplicar los ingresos de la c\u00fapula pol\u00edtica en poco m\u00e1s de un a\u00f1o.<\/strong><\/p>\n<p>El incremento salarial coincidi\u00f3 con una etapa de fuerte exposici\u00f3n judicial para Adorni. El primer foco de conflicto se registr\u00f3 el 15 de febrero de 2026, cuando se hicieron p\u00fablicos cuestionamientos sobre la evoluci\u00f3n de su patrimonio. A partir de all\u00ed se abrieron distintas l\u00edneas de investigaci\u00f3n que abarcan la adquisici\u00f3n de propiedades, inconsistencias entre ingresos declarados y gastos \u2014incluidos consumos con tarjetas de cr\u00e9dito\u2014 y posibles conflictos de inter\u00e9s derivados de su rol en el Estado.<\/p>\n<p>Entre los expedientes m\u00e1s relevantes se encuentra la causa vinculada al uso de recursos oficiales para viajes, en particular el traslado a Nueva York junto a su esposa, <strong>Betina Angelett<\/strong>i. Ese expediente fue finalmente archivado por el juez federal <a target=\"_blank\" href=\"https:\/\/www.perfil.com\/noticias\/politica\/el-juez-rafecas-archivo-la-causa-por-el-viaje-de-la-esposa-de-manuel-adorni-a-estados-unidos-en-el-avion-presidencial.phtml\"><strong>Daniel Rafecas<\/strong>,<\/a> con intervenci\u00f3n del fiscal<strong> Ramiro Gonz\u00e1lez<\/strong>, quienes concluyeron que no hab\u00eda elementos suficientes para sostener una imputaci\u00f3n penal. Sin embargo, otras causas contin\u00faan en etapa de investigaci\u00f3n preliminar en distintos juzgados federales, con pedidos de informes patrimoniales, cruces de datos fiscales y medidas orientadas a reconstruir la evoluci\u00f3n de sus bienes.<\/p>\n<p class=\"destacadoNota\"><a target=\"_blank\" href=\"https:\/\/www.perfil.com\/noticias\/politica\/la-semana-del-presidente-reuniones-conferencia-y-apoyo-a-manuel-adorni-en-el-congreso.phtml\">La semana del presidente: reuniones, conferencia y apoyo a Manuel Adorni en el Congreso<\/a><\/p>\n<p>En el plano institucional, <strong>Adorni deber\u00e1 presentarse el 29 de abril ante el Congreso de la Naci\u00f3n<\/strong> para brindar su informe de gesti\u00f3n. Hasta el momento, no hay una cifra oficial p\u00fablica confirmada sobre cu\u00e1ntas preguntas responder\u00e1 en esa sesi\u00f3n.  Los 19 bloques que contienen a los 257 diputados que conforman la C\u00e1mara presentaron <strong>4.800 consultas<\/strong> para que responda el jefe de Gabinete, pero el n\u00famero final de respuestas efectivas depender\u00e1 del desarrollo de la sesi\u00f3n y del formato acordado entre los bloques, por lo que no puede afirmarse con precisi\u00f3n un n\u00famero cerrado.<\/p>\n<h2><strong>Lo que gana la \u00abcasta\u00bb contra los ingresos de la gente<\/strong><\/h2>\n<p>La evoluci\u00f3n de los salarios de los altos funcionarios contrasta con la din\u00e1mica del resto de los ingresos en la econom\u00eda. El poder adquisitivo del <strong>salario m\u00ednimo, vital y m\u00f3vil<\/strong> disminuy\u00f3 <strong>39% entre noviembre de 2023 y marzo de 2026<\/strong>, seg\u00fan el informe \u201cPanorama del empleo asalariado formal y de las remuneraciones\u201d del Instituto Interdisciplinario de Econom\u00eda Pol\u00edtica (IIEP) de la <strong>Facultad de Ciencias Econ\u00f3micas (UBA)<\/strong>. Sin embargo, esos ajustes quedaron por debajo de la inflaci\u00f3n anual.<\/p>\n<p>En ese contexto, tanto los empleados p\u00fablicos como los jubilados sufrieron una marcada p\u00e9rdida de poder adquisitivo. Las estimaciones coinciden en que los trabajadores estatales registraron ca\u00eddas reales de un 30 por ciento (seg\u00fan un informe de ATE), mientras que los haberes previsionales perdieron alrededor de 20 puntos frente a la suba de precios. El INDEC, adem\u00e1s inform\u00f3 que durante 2025 los salarios formales perdieron m\u00e1s de 2 % de poder adquisitivo real frente a la inflaci\u00f3n.<\/p>\n<p>En 2025, las jubilaciones que cobran la m\u00ednima con bono<strong> perdieron un 4,6%<\/strong> de poder de compra frente a la inflaci\u00f3n, debido al congelamiento del bono de $70000. En contraste, los haberes por encima de la m\u00ednima se mantuvieron estables, con una mejora marginal del<strong> 0,4%<\/strong>, quedando pr\u00e1cticamente empatados contra la inflaci\u00f3n.<\/p>\n<p>La p\u00e9rdida del poder adquisitivo de los jubilados se refleja tambi\u00e9n en la distancia entre el valor de las jubilaciones y la canasta de consumo de los adultos mayores. <a target=\"_blank\" href=\"https:\/\/www.perfil.com\/noticias\/economia\/jubilados-el-haber-minimo-con-bono-perdio-5-contra-la-inflacion-en-el-ultimo-ano-segun-la-uca-a40.phtml\">Seg\u00fan los \u00faltimos datos Defensor\u00eda de la Tercera Edad porte\u00f1a<\/a>, la canasta de consumo de una pareja de personas adultas mayores con vivienda propia lleg\u00f3 en febrero de 2026 a $1.548.360 (5,5% m\u00e1s que el valor del mes anterior). Equivale a 3,4 jubilaciones m\u00ednimas, con bono, de abril.<\/p>\n<p class=\"destacadoNota\"><a target=\"_blank\" href=\"https:\/\/www.perfil.com\/noticias\/economia\/canasta-del-jubilado-en-marzo-2026-supera-18-millones-y-la-minima-solo-cubre-el-25-a40.phtml\">Canasta del jubilado: en marzo 2026 supera $1,8 millones y la m\u00ednima solo cubre el 25%<\/a><\/p>\n<p>Si esa misma pareja alquila, el costo de vida fue de<strong> $2.268.554<\/strong> (lo que signific\u00f3 un incremento de 4,7% en el mes). En ese caso, la relaci\u00f3n con el haber m\u00e1s bajo se <strong>ampl\u00eda a 5 veces el monto actual.<\/strong><\/p>\n<p>La diferencia con los ingresos de la c\u00fapula pol\u00edtica radica en que estos \u00faltimos se actualizaron autom\u00e1ticamente por las paritarias acumuladas, mecanismo que no logr\u00f3 replicarse con igual eficacia en el resto de los sectores.<\/p>\n<p>As\u00ed, el informe que Adorni llevar\u00e1 al Congreso no s\u00f3lo estar\u00e1 atravesado por las preguntas sobre su gesti\u00f3n, sino tambi\u00e9n por el debate en torno a los ingresos de los funcionarios en un contexto de deterioro generalizado del poder de compra y de m\u00faltiples investigaciones judiciales a\u00fan abiertas.<\/p>\n<p>fl\/ff<\/p>\n<\/p><\/div>\n<p><script>\n                !function(f,b,e,v,n,t,s)\n                {if(f.fbq)return;n=f.fbq=function(){n.callMethod?\n                    n.callMethod.apply(n,arguments):n.queue.push(arguments)};\n                    if(!f._fbq)f._fbq=n;n.push=n;n.loaded=!0;n.version='2.0';\n                    n.queue=[];t=b.createElement(e);t.async=!0;\n                    t.src=v;s=b.getElementsByTagName(e)[0];\n                    s.parentNode.insertBefore(t,s)}(window, document,'script',\n                    'https:\/\/connect.facebook.net\/en_US\/fbevents.js');\n                window.paywallConfig.facebook_pixel=\"1000228364089342\"\n            <\/script><\/p>\n","protected":false},"excerpt":{"rendered":"<p>El jefe de Gabinete, Manuel Adorni, percibe actualmente una remuneraci\u00f3n bruta mensual de $7.272.091, en l\u00ednea con el resto de los ministros del Poder Ejecutivo Nacional. El dato surge del informe oficial, al que se accedi\u00f3 PERFIL mediante un pedido de Acceso a la Informaci\u00f3n P\u00fablica realizado bajo la Ley 27.275, y que precisa que [&hellip;]<\/p>\n","protected":false},"author":2,"featured_media":193387,"comment_status":"closed","ping_status":"closed","sticky":false,"template":"","format":"standard","meta":{"footnotes":""},"categories":[25],"tags":[],"class_list":["post-193386","post","type-post","status-publish","format-standard","has-post-thumbnail","hentry","category-nacionales"],"yoast_head":"<!-- This site is optimized with the Yoast SEO plugin v24.4 - https:\/\/yoast.com\/wordpress\/plugins\/seo\/ -->\n<title>Por un decreto de Milei, Adorni y el resto de los ministros duplicaron sus sueldos - GYS NOTICIAS |<\/title>\n<meta name=\"robots\" content=\"index, follow, max-snippet:-1, max-image-preview:large, max-video-preview:-1\" \/>\n<link rel=\"canonical\" href=\"https:\/\/gysfm.com.ar\/inicio\/por-un-decreto-de-milei-adorni-y-el-resto-de-los-ministros-duplicaron-sus-sueldos\/\" \/>\n<meta property=\"og:locale\" content=\"es_ES\" \/>\n<meta property=\"og:type\" content=\"article\" \/>\n<meta property=\"og:title\" content=\"Por un decreto de Milei, Adorni y el resto de los ministros duplicaron sus sueldos - GYS NOTICIAS |\" \/>\n<meta property=\"og:description\" content=\"El jefe de Gabinete, Manuel Adorni, percibe actualmente una remuneraci\u00f3n bruta mensual de $7.272.091, en l\u00ednea con el resto de los ministros del Poder Ejecutivo Nacional. El dato surge del informe oficial, al que se accedi\u00f3 PERFIL mediante un pedido de Acceso a la Informaci\u00f3n P\u00fablica realizado bajo la Ley 27.275, y que precisa que [&hellip;]\" \/>\n<meta property=\"og:url\" content=\"https:\/\/gysfm.com.ar\/inicio\/por-un-decreto-de-milei-adorni-y-el-resto-de-los-ministros-duplicaron-sus-sueldos\/\" \/>\n<meta property=\"og:site_name\" content=\"GYS NOTICIAS |\" \/>\n<meta property=\"article:published_time\" content=\"2026-04-28T03:25:12+00:00\" \/>\n<meta property=\"og:image\" content=\"https:\/\/fotos.perfil.com\/\/2026\/04\/27\/900\/0\/los-sueldos-de-los-ministros-de-javier-milei-2228349.jpg?webp\" \/>\n<meta name=\"author\" content=\"Prensa G&amp;S FM\" \/>\n<meta name=\"twitter:card\" content=\"summary_large_image\" \/>\n<meta name=\"twitter:label1\" content=\"Escrito por\" \/>\n\t<meta name=\"twitter:data1\" content=\"Prensa G&amp;S FM\" \/>\n\t<meta name=\"twitter:label2\" content=\"Tiempo de lectura\" \/>\n\t<meta name=\"twitter:data2\" content=\"5 minutos\" \/>\n<script type=\"application\/ld+json\" class=\"yoast-schema-graph\">{\"@context\":\"https:\/\/schema.org\",\"@graph\":[{\"@type\":\"Article\",\"@id\":\"https:\/\/gysfm.com.ar\/inicio\/por-un-decreto-de-milei-adorni-y-el-resto-de-los-ministros-duplicaron-sus-sueldos\/#article\",\"isPartOf\":{\"@id\":\"https:\/\/gysfm.com.ar\/inicio\/por-un-decreto-de-milei-adorni-y-el-resto-de-los-ministros-duplicaron-sus-sueldos\/\"},\"author\":{\"name\":\"Prensa G&amp;S FM\",\"@id\":\"https:\/\/gysfm.com.ar\/inicio\/#\/schema\/person\/3abba7593ef2ad19e1be221d54383dc5\"},\"headline\":\"Por un decreto de Milei, Adorni y el resto de los ministros duplicaron sus sueldos\",\"datePublished\":\"2026-04-28T03:25:12+00:00\",\"mainEntityOfPage\":{\"@id\":\"https:\/\/gysfm.com.ar\/inicio\/por-un-decreto-de-milei-adorni-y-el-resto-de-los-ministros-duplicaron-sus-sueldos\/\"},\"wordCount\":1073,\"publisher\":{\"@id\":\"https:\/\/gysfm.com.ar\/inicio\/#organization\"},\"image\":{\"@id\":\"https:\/\/gysfm.com.ar\/inicio\/por-un-decreto-de-milei-adorni-y-el-resto-de-los-ministros-duplicaron-sus-sueldos\/#primaryimage\"},\"thumbnailUrl\":\"https:\/\/gysfm.com.ar\/inicio\/wp-content\/uploads\/2026\/04\/250426mileigabineteministroscedocg-2227388.jpg\",\"articleSection\":[\"NACIONALES\"],\"inLanguage\":\"es\"},{\"@type\":\"WebPage\",\"@id\":\"https:\/\/gysfm.com.ar\/inicio\/por-un-decreto-de-milei-adorni-y-el-resto-de-los-ministros-duplicaron-sus-sueldos\/\",\"url\":\"https:\/\/gysfm.com.ar\/inicio\/por-un-decreto-de-milei-adorni-y-el-resto-de-los-ministros-duplicaron-sus-sueldos\/\",\"name\":\"Por un decreto de Milei, Adorni y el resto de los ministros duplicaron sus sueldos - GYS NOTICIAS |\",\"isPartOf\":{\"@id\":\"https:\/\/gysfm.com.ar\/inicio\/#website\"},\"primaryImageOfPage\":{\"@id\":\"https:\/\/gysfm.com.ar\/inicio\/por-un-decreto-de-milei-adorni-y-el-resto-de-los-ministros-duplicaron-sus-sueldos\/#primaryimage\"},\"image\":{\"@id\":\"https:\/\/gysfm.com.ar\/inicio\/por-un-decreto-de-milei-adorni-y-el-resto-de-los-ministros-duplicaron-sus-sueldos\/#primaryimage\"},\"thumbnailUrl\":\"https:\/\/gysfm.com.ar\/inicio\/wp-content\/uploads\/2026\/04\/250426mileigabineteministroscedocg-2227388.jpg\",\"datePublished\":\"2026-04-28T03:25:12+00:00\",\"breadcrumb\":{\"@id\":\"https:\/\/gysfm.com.ar\/inicio\/por-un-decreto-de-milei-adorni-y-el-resto-de-los-ministros-duplicaron-sus-sueldos\/#breadcrumb\"},\"inLanguage\":\"es\",\"potentialAction\":[{\"@type\":\"ReadAction\",\"target\":[\"https:\/\/gysfm.com.ar\/inicio\/por-un-decreto-de-milei-adorni-y-el-resto-de-los-ministros-duplicaron-sus-sueldos\/\"]}]},{\"@type\":\"ImageObject\",\"inLanguage\":\"es\",\"@id\":\"https:\/\/gysfm.com.ar\/inicio\/por-un-decreto-de-milei-adorni-y-el-resto-de-los-ministros-duplicaron-sus-sueldos\/#primaryimage\",\"url\":\"https:\/\/gysfm.com.ar\/inicio\/wp-content\/uploads\/2026\/04\/250426mileigabineteministroscedocg-2227388.jpg\",\"contentUrl\":\"https:\/\/gysfm.com.ar\/inicio\/wp-content\/uploads\/2026\/04\/250426mileigabineteministroscedocg-2227388.jpg\",\"width\":1140,\"height\":641},{\"@type\":\"BreadcrumbList\",\"@id\":\"https:\/\/gysfm.com.ar\/inicio\/por-un-decreto-de-milei-adorni-y-el-resto-de-los-ministros-duplicaron-sus-sueldos\/#breadcrumb\",\"itemListElement\":[{\"@type\":\"ListItem\",\"position\":1,\"name\":\"Portada\",\"item\":\"https:\/\/gysfm.com.ar\/inicio\/\"},{\"@type\":\"ListItem\",\"position\":2,\"name\":\"Por un decreto de Milei, Adorni y el resto de los ministros duplicaron sus sueldos\"}]},{\"@type\":\"WebSite\",\"@id\":\"https:\/\/gysfm.com.ar\/inicio\/#website\",\"url\":\"https:\/\/gysfm.com.ar\/inicio\/\",\"name\":\"GYS NOTICIAS |\",\"description\":\"DIARIO - RADIO ONLINE SAN JUAN ARGENTINA\",\"publisher\":{\"@id\":\"https:\/\/gysfm.com.ar\/inicio\/#organization\"},\"potentialAction\":[{\"@type\":\"SearchAction\",\"target\":{\"@type\":\"EntryPoint\",\"urlTemplate\":\"https:\/\/gysfm.com.ar\/inicio\/?s={search_term_string}\"},\"query-input\":{\"@type\":\"PropertyValueSpecification\",\"valueRequired\":true,\"valueName\":\"search_term_string\"}}],\"inLanguage\":\"es\"},{\"@type\":\"Organization\",\"@id\":\"https:\/\/gysfm.com.ar\/inicio\/#organization\",\"name\":\"GYS NOTICIAS |\",\"url\":\"https:\/\/gysfm.com.ar\/inicio\/\",\"logo\":{\"@type\":\"ImageObject\",\"inLanguage\":\"es\",\"@id\":\"https:\/\/gysfm.com.ar\/inicio\/#\/schema\/logo\/image\/\",\"url\":\"https:\/\/gysfm.com.ar\/inicio\/wp-content\/uploads\/2023\/07\/LOGOGYS-OK.png\",\"contentUrl\":\"https:\/\/gysfm.com.ar\/inicio\/wp-content\/uploads\/2023\/07\/LOGOGYS-OK.png\",\"width\":1170,\"height\":872,\"caption\":\"GYS NOTICIAS |\"},\"image\":{\"@id\":\"https:\/\/gysfm.com.ar\/inicio\/#\/schema\/logo\/image\/\"}},{\"@type\":\"Person\",\"@id\":\"https:\/\/gysfm.com.ar\/inicio\/#\/schema\/person\/3abba7593ef2ad19e1be221d54383dc5\",\"name\":\"Prensa G&amp;S FM\",\"image\":{\"@type\":\"ImageObject\",\"inLanguage\":\"es\",\"@id\":\"https:\/\/gysfm.com.ar\/inicio\/#\/schema\/person\/image\/\",\"url\":\"https:\/\/secure.gravatar.com\/avatar\/096ec78df02049ab018702bb4ccedf659377fa92a26540b5247612077a0dbd29?s=96&d=mm&r=g\",\"contentUrl\":\"https:\/\/secure.gravatar.com\/avatar\/096ec78df02049ab018702bb4ccedf659377fa92a26540b5247612077a0dbd29?s=96&d=mm&r=g\",\"caption\":\"Prensa G&amp;S FM\"},\"sameAs\":[\"https:\/\/gysfm.com.ar\/\"],\"url\":\"https:\/\/gysfm.com.ar\/inicio\/author\/lucasm\/\"}]}<\/script>\n<!-- \/ Yoast SEO plugin. -->","yoast_head_json":{"title":"Por un decreto de Milei, Adorni y el resto de los ministros duplicaron sus sueldos - GYS NOTICIAS |","robots":{"index":"index","follow":"follow","max-snippet":"max-snippet:-1","max-image-preview":"max-image-preview:large","max-video-preview":"max-video-preview:-1"},"canonical":"https:\/\/gysfm.com.ar\/inicio\/por-un-decreto-de-milei-adorni-y-el-resto-de-los-ministros-duplicaron-sus-sueldos\/","og_locale":"es_ES","og_type":"article","og_title":"Por un decreto de Milei, Adorni y el resto de los ministros duplicaron sus sueldos - GYS NOTICIAS |","og_description":"El jefe de Gabinete, Manuel Adorni, percibe actualmente una remuneraci\u00f3n bruta mensual de $7.272.091, en l\u00ednea con el resto de los ministros del Poder Ejecutivo Nacional. El dato surge del informe oficial, al que se accedi\u00f3 PERFIL mediante un pedido de Acceso a la Informaci\u00f3n P\u00fablica realizado bajo la Ley 27.275, y que precisa que [&hellip;]","og_url":"https:\/\/gysfm.com.ar\/inicio\/por-un-decreto-de-milei-adorni-y-el-resto-de-los-ministros-duplicaron-sus-sueldos\/","og_site_name":"GYS NOTICIAS |","article_published_time":"2026-04-28T03:25:12+00:00","og_image":[{"url":"https:\/\/fotos.perfil.com\/\/2026\/04\/27\/900\/0\/los-sueldos-de-los-ministros-de-javier-milei-2228349.jpg?webp","type":"","width":"","height":""}],"author":"Prensa G&amp;S FM","twitter_card":"summary_large_image","twitter_misc":{"Escrito por":"Prensa G&amp;S FM","Tiempo de lectura":"5 minutos"},"schema":{"@context":"https:\/\/schema.org","@graph":[{"@type":"Article","@id":"https:\/\/gysfm.com.ar\/inicio\/por-un-decreto-de-milei-adorni-y-el-resto-de-los-ministros-duplicaron-sus-sueldos\/#article","isPartOf":{"@id":"https:\/\/gysfm.com.ar\/inicio\/por-un-decreto-de-milei-adorni-y-el-resto-de-los-ministros-duplicaron-sus-sueldos\/"},"author":{"name":"Prensa G&amp;S FM","@id":"https:\/\/gysfm.com.ar\/inicio\/#\/schema\/person\/3abba7593ef2ad19e1be221d54383dc5"},"headline":"Por un decreto de Milei, Adorni y el resto de los ministros duplicaron sus sueldos","datePublished":"2026-04-28T03:25:12+00:00","mainEntityOfPage":{"@id":"https:\/\/gysfm.com.ar\/inicio\/por-un-decreto-de-milei-adorni-y-el-resto-de-los-ministros-duplicaron-sus-sueldos\/"},"wordCount":1073,"publisher":{"@id":"https:\/\/gysfm.com.ar\/inicio\/#organization"},"image":{"@id":"https:\/\/gysfm.com.ar\/inicio\/por-un-decreto-de-milei-adorni-y-el-resto-de-los-ministros-duplicaron-sus-sueldos\/#primaryimage"},"thumbnailUrl":"https:\/\/gysfm.com.ar\/inicio\/wp-content\/uploads\/2026\/04\/250426mileigabineteministroscedocg-2227388.jpg","articleSection":["NACIONALES"],"inLanguage":"es"},{"@type":"WebPage","@id":"https:\/\/gysfm.com.ar\/inicio\/por-un-decreto-de-milei-adorni-y-el-resto-de-los-ministros-duplicaron-sus-sueldos\/","url":"https:\/\/gysfm.com.ar\/inicio\/por-un-decreto-de-milei-adorni-y-el-resto-de-los-ministros-duplicaron-sus-sueldos\/","name":"Por un decreto de Milei, Adorni y el resto de los ministros duplicaron sus sueldos - GYS NOTICIAS |","isPartOf":{"@id":"https:\/\/gysfm.com.ar\/inicio\/#website"},"primaryImageOfPage":{"@id":"https:\/\/gysfm.com.ar\/inicio\/por-un-decreto-de-milei-adorni-y-el-resto-de-los-ministros-duplicaron-sus-sueldos\/#primaryimage"},"image":{"@id":"https:\/\/gysfm.com.ar\/inicio\/por-un-decreto-de-milei-adorni-y-el-resto-de-los-ministros-duplicaron-sus-sueldos\/#primaryimage"},"thumbnailUrl":"https:\/\/gysfm.com.ar\/inicio\/wp-content\/uploads\/2026\/04\/250426mileigabineteministroscedocg-2227388.jpg","datePublished":"2026-04-28T03:25:12+00:00","breadcrumb":{"@id":"https:\/\/gysfm.com.ar\/inicio\/por-un-decreto-de-milei-adorni-y-el-resto-de-los-ministros-duplicaron-sus-sueldos\/#breadcrumb"},"inLanguage":"es","potentialAction":[{"@type":"ReadAction","target":["https:\/\/gysfm.com.ar\/inicio\/por-un-decreto-de-milei-adorni-y-el-resto-de-los-ministros-duplicaron-sus-sueldos\/"]}]},{"@type":"ImageObject","inLanguage":"es","@id":"https:\/\/gysfm.com.ar\/inicio\/por-un-decreto-de-milei-adorni-y-el-resto-de-los-ministros-duplicaron-sus-sueldos\/#primaryimage","url":"https:\/\/gysfm.com.ar\/inicio\/wp-content\/uploads\/2026\/04\/250426mileigabineteministroscedocg-2227388.jpg","contentUrl":"https:\/\/gysfm.com.ar\/inicio\/wp-content\/uploads\/2026\/04\/250426mileigabineteministroscedocg-2227388.jpg","width":1140,"height":641},{"@type":"BreadcrumbList","@id":"https:\/\/gysfm.com.ar\/inicio\/por-un-decreto-de-milei-adorni-y-el-resto-de-los-ministros-duplicaron-sus-sueldos\/#breadcrumb","itemListElement":[{"@type":"ListItem","position":1,"name":"Portada","item":"https:\/\/gysfm.com.ar\/inicio\/"},{"@type":"ListItem","position":2,"name":"Por un decreto de Milei, Adorni y el resto de los ministros duplicaron sus sueldos"}]},{"@type":"WebSite","@id":"https:\/\/gysfm.com.ar\/inicio\/#website","url":"https:\/\/gysfm.com.ar\/inicio\/","name":"GYS NOTICIAS |","description":"DIARIO - RADIO ONLINE SAN JUAN ARGENTINA","publisher":{"@id":"https:\/\/gysfm.com.ar\/inicio\/#organization"},"potentialAction":[{"@type":"SearchAction","target":{"@type":"EntryPoint","urlTemplate":"https:\/\/gysfm.com.ar\/inicio\/?s={search_term_string}"},"query-input":{"@type":"PropertyValueSpecification","valueRequired":true,"valueName":"search_term_string"}}],"inLanguage":"es"},{"@type":"Organization","@id":"https:\/\/gysfm.com.ar\/inicio\/#organization","name":"GYS NOTICIAS |","url":"https:\/\/gysfm.com.ar\/inicio\/","logo":{"@type":"ImageObject","inLanguage":"es","@id":"https:\/\/gysfm.com.ar\/inicio\/#\/schema\/logo\/image\/","url":"https:\/\/gysfm.com.ar\/inicio\/wp-content\/uploads\/2023\/07\/LOGOGYS-OK.png","contentUrl":"https:\/\/gysfm.com.ar\/inicio\/wp-content\/uploads\/2023\/07\/LOGOGYS-OK.png","width":1170,"height":872,"caption":"GYS NOTICIAS |"},"image":{"@id":"https:\/\/gysfm.com.ar\/inicio\/#\/schema\/logo\/image\/"}},{"@type":"Person","@id":"https:\/\/gysfm.com.ar\/inicio\/#\/schema\/person\/3abba7593ef2ad19e1be221d54383dc5","name":"Prensa G&amp;S FM","image":{"@type":"ImageObject","inLanguage":"es","@id":"https:\/\/gysfm.com.ar\/inicio\/#\/schema\/person\/image\/","url":"https:\/\/secure.gravatar.com\/avatar\/096ec78df02049ab018702bb4ccedf659377fa92a26540b5247612077a0dbd29?s=96&d=mm&r=g","contentUrl":"https:\/\/secure.gravatar.com\/avatar\/096ec78df02049ab018702bb4ccedf659377fa92a26540b5247612077a0dbd29?s=96&d=mm&r=g","caption":"Prensa G&amp;S FM"},"sameAs":["https:\/\/gysfm.com.ar\/"],"url":"https:\/\/gysfm.com.ar\/inicio\/author\/lucasm\/"}]}},"_links":{"self":[{"href":"https:\/\/gysfm.com.ar\/inicio\/wp-json\/wp\/v2\/posts\/193386","targetHints":{"allow":["GET"]}}],"collection":[{"href":"https:\/\/gysfm.com.ar\/inicio\/wp-json\/wp\/v2\/posts"}],"about":[{"href":"https:\/\/gysfm.com.ar\/inicio\/wp-json\/wp\/v2\/types\/post"}],"author":[{"embeddable":true,"href":"https:\/\/gysfm.com.ar\/inicio\/wp-json\/wp\/v2\/users\/2"}],"replies":[{"embeddable":true,"href":"https:\/\/gysfm.com.ar\/inicio\/wp-json\/wp\/v2\/comments?post=193386"}],"version-history":[{"count":0,"href":"https:\/\/gysfm.com.ar\/inicio\/wp-json\/wp\/v2\/posts\/193386\/revisions"}],"wp:featuredmedia":[{"embeddable":true,"href":"https:\/\/gysfm.com.ar\/inicio\/wp-json\/wp\/v2\/media\/193387"}],"wp:attachment":[{"href":"https:\/\/gysfm.com.ar\/inicio\/wp-json\/wp\/v2\/media?parent=193386"}],"wp:term":[{"taxonomy":"category","embeddable":true,"href":"https:\/\/gysfm.com.ar\/inicio\/wp-json\/wp\/v2\/categories?post=193386"},{"taxonomy":"post_tag","embeddable":true,"href":"https:\/\/gysfm.com.ar\/inicio\/wp-json\/wp\/v2\/tags?post=193386"}],"curies":[{"name":"wp","href":"https:\/\/api.w.org\/{rel}","templated":true}]}}