{"id":193384,"date":"2026-04-28T00:02:14","date_gmt":"2026-04-28T03:02:14","guid":{"rendered":"https:\/\/gysfm.com.ar\/inicio\/el-gobierno-homologo-la-paritaria-de-comercio-sin-cambios-y-ratifico-el-aumento-del-5\/"},"modified":"2026-04-28T00:02:14","modified_gmt":"2026-04-28T03:02:14","slug":"el-gobierno-homologo-la-paritaria-de-comercio-sin-cambios-y-ratifico-el-aumento-del-5","status":"publish","type":"post","link":"https:\/\/gysfm.com.ar\/inicio\/el-gobierno-homologo-la-paritaria-de-comercio-sin-cambios-y-ratifico-el-aumento-del-5\/","title":{"rendered":"El Gobierno homolog\u00f3 la paritaria de Comercio sin cambios y ratific\u00f3 el aumento del 5%"},"content":{"rendered":"<p> <br \/>\n<\/p>\n<div id=\"\">\n<p id=\"p-1777329220190-497\" data-start=\"143\" data-end=\"326\">A casi un mes de la firma del acuerdo salarial, el Gobierno homolog\u00f3 este lunes sin cambios la <strong>paritaria de Comercio<\/strong> acordada entre el gremio y las c\u00e1maras empresarias del sector.<\/p>\n<\/div>\n<div id=\"\">\n<p id=\"p-1777329173367-64832\" data-start=\"277\" data-end=\"621\">La medida fue oficializada por el <strong data-start=\"311\" data-end=\"343\">Ministerio de Capital Humano<\/strong>, que convalid\u00f3 el entendimiento firmado por la <strong data-start=\"391\" data-end=\"461\">Federaci\u00f3n Argentina de Empleados de Comercio y Servicios (FAECYS)<\/strong> junto a la <strong data-start=\"473\" data-end=\"511\">C\u00e1mara Argentina de Comercio (CAC)<\/strong>, la <strong data-start=\"516\" data-end=\"572\">Confederaci\u00f3n Argentina de la Mediana Empresa (CAME)<\/strong> y la <strong data-start=\"578\" data-end=\"620\">Uni\u00f3n de Entidades Comerciales (UDECA)<\/strong>.<\/p>\n<\/div>\n<div id=\"\">\n<p id=\"p-1777329645555-45952\" data-start=\"277\" data-end=\"621\">El <strong data-start=\"749\" data-end=\"769\">acuerdo salarial<\/strong> establece un <strong data-start=\"783\" data-end=\"804\">incremento del 5%<\/strong> para el trimestre abril-junio, que se aplicar\u00e1 de forma escalonada y tomando como base las escalas vigentes a marzo de 2026, incluyendo las sumas no remunerativas.<\/p>\n<\/div>\n<div id=\"\">\n<h2 id=\"p-1777329560049-99221\" data-start=\"277\" data-end=\"621\"> Paritaria de Comercio: como se aplicar\u00e1 el incremento del 5%<\/h2>\n<p id=\"p-1777329660960-69181\" data-start=\"1008\" data-end=\"1228\">Las partes acordaron <strong>incremento remunerativo del 5<\/strong>% sobre las escalas b\u00e1sicas del <strong>CCT 130\/75 vigentes a marzo de 2026<\/strong>, tomando como base de c\u00e1lculo el b\u00e1sico m\u00e1s las sumas no remunerativas, escalonado de la siguiente manera:<\/p>\n<\/div>\n<div id=\"\">\n<ul id=\"p-1777329708646-48336\">\n<li id=\"p-1777329708122-82402\"><strong data-start=\"1232\" data-end=\"1264\">2% a partir de abril de 2026<\/strong><\/li>\n<li id=\"p-1777329708123-14049\"><strong data-start=\"1269\" data-end=\"1302\"> 1,5% a partir de mayo de 2026<\/strong><\/li>\n<li id=\"p-1777329708123-96435\"><strong data-start=\"1307\" data-end=\"1341\"> 1,5% a partir de junio de 2026<\/strong><\/li>\n<\/ul>\n<p id=\"p-1777329705140-7867\" data-start=\"1345\" data-end=\"1483\"><strong data-start=\"1345\" data-end=\"1365\">Base de c\u00e1lculo:<\/strong> b\u00e1sicos convencionales de marzo de 2026 + sumas no remunerativas vigentes a esa fecha (aproximadamente <strong data-start=\"1469\" data-end=\"1481\">$100.000<\/strong>).<\/p>\n<p id=\"p-1777329147403-33797\" data-start=\"767\" data-end=\"1238\">Adem\u00e1s, el entendimiento contempla el pago de sumas extraordinarias. Por un lado, un <strong>bono de $120.000 para los trabajadores de todas las categor\u00edas.<\/strong> Por otro, una <strong>suma fija no remunerativa de $20.000<\/strong> que se adiciona a los montos ya vigentes bajo ese car\u00e1cter. En paralelo, se fij\u00f3 una <strong>contribuci\u00f3n empresaria de $28.000 por trabajador<\/strong> en concepto de vigencia del convenio colectivo, junto con aportes adicionales destinados al sostenimiento del sistema de salud sindical.<\/p>\n<p id=\"p-1777329147403-91443\" data-start=\"1240\" data-end=\"1429\">El acuerdo tiene vigencia desde el <strong>1 de abril de 2026<\/strong> y fija como piso las condiciones salariales para el sector, sin perjuicio de negociaciones particulares en determinadas jurisdicciones.<\/p>\n<p id=\"p-1777329147403-53790\" data-start=\"1431\" data-end=\"1735\">Desde el sindicato, su secretario general, <strong>Armando Cavalieri<\/strong>, valor\u00f3 el entendimiento y destac\u00f3 que \u201c<strong>es el resultado de un di\u00e1logo maduro y responsable<\/strong>\u201d, en un contexto econ\u00f3mico complejo que impacta tanto en los ingresos de los trabajadores como en la actividad de las pymes y los comercios de cercan\u00eda.<\/p>\n<p id=\"p-1777329147403-61628\" data-start=\"1737\" data-end=\"2235\" data-is-last-node=\"\" data-is-only-node=\"\">El dirigente tambi\u00e9n hizo referencia al conflicto en torno a la denominada \u201c<strong>cuota solidaria<\/strong>\u201d y se\u00f1al\u00f3 que la discusi\u00f3n qued\u00f3 saldada tras una medida cautelar del Juzgado Federal N\u00b0 2 de San Mart\u00edn, que suspendi\u00f3 art\u00edculos de la <strong>Ley de Modernizaci\u00f3n Laboral<\/strong>.<\/p>\n<p id=\"p-1777329445159-44260\" data-start=\"1737\" data-end=\"2235\" data-is-last-node=\"\" data-is-only-node=\"\">Seg\u00fan explic\u00f3, la resoluci\u00f3n garantiza la continuidad de las cl\u00e1usulas vigentes y obliga a las empresas a mantener la retenci\u00f3n y el dep\u00f3sito de esas contribuciones, consideradas clave para el funcionamiento de las organizaciones gremiales.<\/p>\n<\/p><\/div>\n<p><script>\n!function(f,b,e,v,n,t,s)\n{if(f.fbq)return;n=f.fbq=function(){n.callMethod?\nn.callMethod.apply(n,arguments):n.queue.push(arguments)};\nif(!f._fbq)f._fbq=n;n.push=n;n.loaded=!0;n.version='2.0';\nn.queue=[];t=b.createElement(e);t.async=!0;\nt.src=v;s=b.getElementsByTagName(e)[0];\ns.parentNode.insertBefore(t,s)}(window,document,'script',\n'https:\/\/connect.facebook.net\/en_US\/fbevents.js');\nfbq('init', '2047048335588113');\nfbq('track', 'PageView');\n<\/script><br \/>\n<br \/><\/p>\n","protected":false},"excerpt":{"rendered":"<p>A casi un mes de la firma del acuerdo salarial, el Gobierno homolog\u00f3 este lunes sin cambios la paritaria de Comercio acordada entre el gremio y las c\u00e1maras empresarias del sector. La medida fue oficializada por el Ministerio de Capital Humano, que convalid\u00f3 el entendimiento firmado por la Federaci\u00f3n Argentina de Empleados de Comercio y [&hellip;]<\/p>\n","protected":false},"author":1,"featured_media":193385,"comment_status":"closed","ping_status":"closed","sticky":false,"template":"","format":"standard","meta":{"footnotes":""},"categories":[28],"tags":[],"class_list":["post-193384","post","type-post","status-publish","format-standard","has-post-thumbnail","hentry","category-economia"],"yoast_head":"<!-- This site is optimized with the Yoast SEO plugin v24.4 - https:\/\/yoast.com\/wordpress\/plugins\/seo\/ -->\n<title>El Gobierno homolog\u00f3 la paritaria de Comercio sin cambios y ratific\u00f3 el aumento del 5% - GYS NOTICIAS |<\/title>\n<meta name=\"robots\" content=\"index, follow, max-snippet:-1, max-image-preview:large, max-video-preview:-1\" \/>\n<link rel=\"canonical\" href=\"https:\/\/gysfm.com.ar\/inicio\/el-gobierno-homologo-la-paritaria-de-comercio-sin-cambios-y-ratifico-el-aumento-del-5\/\" \/>\n<meta property=\"og:locale\" content=\"es_ES\" \/>\n<meta property=\"og:type\" content=\"article\" \/>\n<meta property=\"og:title\" content=\"El Gobierno homolog\u00f3 la paritaria de Comercio sin cambios y ratific\u00f3 el aumento del 5% - GYS NOTICIAS |\" \/>\n<meta property=\"og:description\" content=\"A casi un mes de la firma del acuerdo salarial, el Gobierno homolog\u00f3 este lunes sin cambios la paritaria de Comercio acordada entre el gremio y las c\u00e1maras empresarias del sector. La medida fue oficializada por el Ministerio de Capital Humano, que convalid\u00f3 el entendimiento firmado por la Federaci\u00f3n Argentina de Empleados de Comercio y [&hellip;]\" \/>\n<meta property=\"og:url\" content=\"https:\/\/gysfm.com.ar\/inicio\/el-gobierno-homologo-la-paritaria-de-comercio-sin-cambios-y-ratifico-el-aumento-del-5\/\" \/>\n<meta property=\"og:site_name\" content=\"GYS NOTICIAS |\" \/>\n<meta property=\"article:published_time\" content=\"2026-04-28T03:02:14+00:00\" \/>\n<meta name=\"author\" content=\"admin\" \/>\n<meta name=\"twitter:card\" content=\"summary_large_image\" \/>\n<meta name=\"twitter:label1\" content=\"Escrito por\" \/>\n\t<meta name=\"twitter:data1\" content=\"admin\" \/>\n\t<meta name=\"twitter:label2\" content=\"Tiempo de lectura\" \/>\n\t<meta name=\"twitter:data2\" content=\"2 minutos\" \/>\n<script type=\"application\/ld+json\" class=\"yoast-schema-graph\">{\"@context\":\"https:\/\/schema.org\",\"@graph\":[{\"@type\":\"Article\",\"@id\":\"https:\/\/gysfm.com.ar\/inicio\/el-gobierno-homologo-la-paritaria-de-comercio-sin-cambios-y-ratifico-el-aumento-del-5\/#article\",\"isPartOf\":{\"@id\":\"https:\/\/gysfm.com.ar\/inicio\/el-gobierno-homologo-la-paritaria-de-comercio-sin-cambios-y-ratifico-el-aumento-del-5\/\"},\"author\":{\"name\":\"admin\",\"@id\":\"https:\/\/gysfm.com.ar\/inicio\/#\/schema\/person\/5bedd7ecd35cc35548d89effafa23696\"},\"headline\":\"El Gobierno homolog\u00f3 la paritaria de Comercio sin cambios y ratific\u00f3 el aumento del 5%\",\"datePublished\":\"2026-04-28T03:02:14+00:00\",\"mainEntityOfPage\":{\"@id\":\"https:\/\/gysfm.com.ar\/inicio\/el-gobierno-homologo-la-paritaria-de-comercio-sin-cambios-y-ratifico-el-aumento-del-5\/\"},\"wordCount\":452,\"publisher\":{\"@id\":\"https:\/\/gysfm.com.ar\/inicio\/#organization\"},\"image\":{\"@id\":\"https:\/\/gysfm.com.ar\/inicio\/el-gobierno-homologo-la-paritaria-de-comercio-sin-cambios-y-ratifico-el-aumento-del-5\/#primaryimage\"},\"thumbnailUrl\":\"https:\/\/gysfm.com.ar\/inicio\/wp-content\/uploads\/2026\/04\/1777345334_pesos-argentinosjpg.jpg\",\"articleSection\":[\"ECONOMIA\"],\"inLanguage\":\"es\"},{\"@type\":\"WebPage\",\"@id\":\"https:\/\/gysfm.com.ar\/inicio\/el-gobierno-homologo-la-paritaria-de-comercio-sin-cambios-y-ratifico-el-aumento-del-5\/\",\"url\":\"https:\/\/gysfm.com.ar\/inicio\/el-gobierno-homologo-la-paritaria-de-comercio-sin-cambios-y-ratifico-el-aumento-del-5\/\",\"name\":\"El Gobierno homolog\u00f3 la paritaria de Comercio sin cambios y ratific\u00f3 el aumento del 5% - GYS NOTICIAS |\",\"isPartOf\":{\"@id\":\"https:\/\/gysfm.com.ar\/inicio\/#website\"},\"primaryImageOfPage\":{\"@id\":\"https:\/\/gysfm.com.ar\/inicio\/el-gobierno-homologo-la-paritaria-de-comercio-sin-cambios-y-ratifico-el-aumento-del-5\/#primaryimage\"},\"image\":{\"@id\":\"https:\/\/gysfm.com.ar\/inicio\/el-gobierno-homologo-la-paritaria-de-comercio-sin-cambios-y-ratifico-el-aumento-del-5\/#primaryimage\"},\"thumbnailUrl\":\"https:\/\/gysfm.com.ar\/inicio\/wp-content\/uploads\/2026\/04\/1777345334_pesos-argentinosjpg.jpg\",\"datePublished\":\"2026-04-28T03:02:14+00:00\",\"breadcrumb\":{\"@id\":\"https:\/\/gysfm.com.ar\/inicio\/el-gobierno-homologo-la-paritaria-de-comercio-sin-cambios-y-ratifico-el-aumento-del-5\/#breadcrumb\"},\"inLanguage\":\"es\",\"potentialAction\":[{\"@type\":\"ReadAction\",\"target\":[\"https:\/\/gysfm.com.ar\/inicio\/el-gobierno-homologo-la-paritaria-de-comercio-sin-cambios-y-ratifico-el-aumento-del-5\/\"]}]},{\"@type\":\"ImageObject\",\"inLanguage\":\"es\",\"@id\":\"https:\/\/gysfm.com.ar\/inicio\/el-gobierno-homologo-la-paritaria-de-comercio-sin-cambios-y-ratifico-el-aumento-del-5\/#primaryimage\",\"url\":\"https:\/\/gysfm.com.ar\/inicio\/wp-content\/uploads\/2026\/04\/1777345334_pesos-argentinosjpg.jpg\",\"contentUrl\":\"https:\/\/gysfm.com.ar\/inicio\/wp-content\/uploads\/2026\/04\/1777345334_pesos-argentinosjpg.jpg\",\"width\":1200,\"height\":675},{\"@type\":\"BreadcrumbList\",\"@id\":\"https:\/\/gysfm.com.ar\/inicio\/el-gobierno-homologo-la-paritaria-de-comercio-sin-cambios-y-ratifico-el-aumento-del-5\/#breadcrumb\",\"itemListElement\":[{\"@type\":\"ListItem\",\"position\":1,\"name\":\"Portada\",\"item\":\"https:\/\/gysfm.com.ar\/inicio\/\"},{\"@type\":\"ListItem\",\"position\":2,\"name\":\"El Gobierno homolog\u00f3 la paritaria de Comercio sin cambios y ratific\u00f3 el aumento del 5%\"}]},{\"@type\":\"WebSite\",\"@id\":\"https:\/\/gysfm.com.ar\/inicio\/#website\",\"url\":\"https:\/\/gysfm.com.ar\/inicio\/\",\"name\":\"GYS NOTICIAS |\",\"description\":\"DIARIO - RADIO ONLINE SAN JUAN ARGENTINA\",\"publisher\":{\"@id\":\"https:\/\/gysfm.com.ar\/inicio\/#organization\"},\"potentialAction\":[{\"@type\":\"SearchAction\",\"target\":{\"@type\":\"EntryPoint\",\"urlTemplate\":\"https:\/\/gysfm.com.ar\/inicio\/?s={search_term_string}\"},\"query-input\":{\"@type\":\"PropertyValueSpecification\",\"valueRequired\":true,\"valueName\":\"search_term_string\"}}],\"inLanguage\":\"es\"},{\"@type\":\"Organization\",\"@id\":\"https:\/\/gysfm.com.ar\/inicio\/#organization\",\"name\":\"GYS NOTICIAS |\",\"url\":\"https:\/\/gysfm.com.ar\/inicio\/\",\"logo\":{\"@type\":\"ImageObject\",\"inLanguage\":\"es\",\"@id\":\"https:\/\/gysfm.com.ar\/inicio\/#\/schema\/logo\/image\/\",\"url\":\"https:\/\/gysfm.com.ar\/inicio\/wp-content\/uploads\/2023\/07\/LOGOGYS-OK.png\",\"contentUrl\":\"https:\/\/gysfm.com.ar\/inicio\/wp-content\/uploads\/2023\/07\/LOGOGYS-OK.png\",\"width\":1170,\"height\":872,\"caption\":\"GYS NOTICIAS |\"},\"image\":{\"@id\":\"https:\/\/gysfm.com.ar\/inicio\/#\/schema\/logo\/image\/\"}},{\"@type\":\"Person\",\"@id\":\"https:\/\/gysfm.com.ar\/inicio\/#\/schema\/person\/5bedd7ecd35cc35548d89effafa23696\",\"name\":\"admin\",\"image\":{\"@type\":\"ImageObject\",\"inLanguage\":\"es\",\"@id\":\"https:\/\/gysfm.com.ar\/inicio\/#\/schema\/person\/image\/\",\"url\":\"https:\/\/secure.gravatar.com\/avatar\/c331d312b5243fb64d5ba28108a447b27c925295129a363082c9ea52c28d32c2?s=96&d=mm&r=g\",\"contentUrl\":\"https:\/\/secure.gravatar.com\/avatar\/c331d312b5243fb64d5ba28108a447b27c925295129a363082c9ea52c28d32c2?s=96&d=mm&r=g\",\"caption\":\"admin\"},\"sameAs\":[\"https:\/\/gysfm.com.ar\/inicio\"],\"url\":\"https:\/\/gysfm.com.ar\/inicio\/author\/admin\/\"}]}<\/script>\n<!-- \/ Yoast SEO plugin. -->","yoast_head_json":{"title":"El Gobierno homolog\u00f3 la paritaria de Comercio sin cambios y ratific\u00f3 el aumento del 5% - GYS NOTICIAS |","robots":{"index":"index","follow":"follow","max-snippet":"max-snippet:-1","max-image-preview":"max-image-preview:large","max-video-preview":"max-video-preview:-1"},"canonical":"https:\/\/gysfm.com.ar\/inicio\/el-gobierno-homologo-la-paritaria-de-comercio-sin-cambios-y-ratifico-el-aumento-del-5\/","og_locale":"es_ES","og_type":"article","og_title":"El Gobierno homolog\u00f3 la paritaria de Comercio sin cambios y ratific\u00f3 el aumento del 5% - GYS NOTICIAS |","og_description":"A casi un mes de la firma del acuerdo salarial, el Gobierno homolog\u00f3 este lunes sin cambios la paritaria de Comercio acordada entre el gremio y las c\u00e1maras empresarias del sector. La medida fue oficializada por el Ministerio de Capital Humano, que convalid\u00f3 el entendimiento firmado por la Federaci\u00f3n Argentina de Empleados de Comercio y [&hellip;]","og_url":"https:\/\/gysfm.com.ar\/inicio\/el-gobierno-homologo-la-paritaria-de-comercio-sin-cambios-y-ratifico-el-aumento-del-5\/","og_site_name":"GYS NOTICIAS |","article_published_time":"2026-04-28T03:02:14+00:00","author":"admin","twitter_card":"summary_large_image","twitter_misc":{"Escrito por":"admin","Tiempo de lectura":"2 minutos"},"schema":{"@context":"https:\/\/schema.org","@graph":[{"@type":"Article","@id":"https:\/\/gysfm.com.ar\/inicio\/el-gobierno-homologo-la-paritaria-de-comercio-sin-cambios-y-ratifico-el-aumento-del-5\/#article","isPartOf":{"@id":"https:\/\/gysfm.com.ar\/inicio\/el-gobierno-homologo-la-paritaria-de-comercio-sin-cambios-y-ratifico-el-aumento-del-5\/"},"author":{"name":"admin","@id":"https:\/\/gysfm.com.ar\/inicio\/#\/schema\/person\/5bedd7ecd35cc35548d89effafa23696"},"headline":"El Gobierno homolog\u00f3 la paritaria de Comercio sin cambios y ratific\u00f3 el aumento del 5%","datePublished":"2026-04-28T03:02:14+00:00","mainEntityOfPage":{"@id":"https:\/\/gysfm.com.ar\/inicio\/el-gobierno-homologo-la-paritaria-de-comercio-sin-cambios-y-ratifico-el-aumento-del-5\/"},"wordCount":452,"publisher":{"@id":"https:\/\/gysfm.com.ar\/inicio\/#organization"},"image":{"@id":"https:\/\/gysfm.com.ar\/inicio\/el-gobierno-homologo-la-paritaria-de-comercio-sin-cambios-y-ratifico-el-aumento-del-5\/#primaryimage"},"thumbnailUrl":"https:\/\/gysfm.com.ar\/inicio\/wp-content\/uploads\/2026\/04\/1777345334_pesos-argentinosjpg.jpg","articleSection":["ECONOMIA"],"inLanguage":"es"},{"@type":"WebPage","@id":"https:\/\/gysfm.com.ar\/inicio\/el-gobierno-homologo-la-paritaria-de-comercio-sin-cambios-y-ratifico-el-aumento-del-5\/","url":"https:\/\/gysfm.com.ar\/inicio\/el-gobierno-homologo-la-paritaria-de-comercio-sin-cambios-y-ratifico-el-aumento-del-5\/","name":"El Gobierno homolog\u00f3 la paritaria de Comercio sin cambios y ratific\u00f3 el aumento del 5% - GYS NOTICIAS |","isPartOf":{"@id":"https:\/\/gysfm.com.ar\/inicio\/#website"},"primaryImageOfPage":{"@id":"https:\/\/gysfm.com.ar\/inicio\/el-gobierno-homologo-la-paritaria-de-comercio-sin-cambios-y-ratifico-el-aumento-del-5\/#primaryimage"},"image":{"@id":"https:\/\/gysfm.com.ar\/inicio\/el-gobierno-homologo-la-paritaria-de-comercio-sin-cambios-y-ratifico-el-aumento-del-5\/#primaryimage"},"thumbnailUrl":"https:\/\/gysfm.com.ar\/inicio\/wp-content\/uploads\/2026\/04\/1777345334_pesos-argentinosjpg.jpg","datePublished":"2026-04-28T03:02:14+00:00","breadcrumb":{"@id":"https:\/\/gysfm.com.ar\/inicio\/el-gobierno-homologo-la-paritaria-de-comercio-sin-cambios-y-ratifico-el-aumento-del-5\/#breadcrumb"},"inLanguage":"es","potentialAction":[{"@type":"ReadAction","target":["https:\/\/gysfm.com.ar\/inicio\/el-gobierno-homologo-la-paritaria-de-comercio-sin-cambios-y-ratifico-el-aumento-del-5\/"]}]},{"@type":"ImageObject","inLanguage":"es","@id":"https:\/\/gysfm.com.ar\/inicio\/el-gobierno-homologo-la-paritaria-de-comercio-sin-cambios-y-ratifico-el-aumento-del-5\/#primaryimage","url":"https:\/\/gysfm.com.ar\/inicio\/wp-content\/uploads\/2026\/04\/1777345334_pesos-argentinosjpg.jpg","contentUrl":"https:\/\/gysfm.com.ar\/inicio\/wp-content\/uploads\/2026\/04\/1777345334_pesos-argentinosjpg.jpg","width":1200,"height":675},{"@type":"BreadcrumbList","@id":"https:\/\/gysfm.com.ar\/inicio\/el-gobierno-homologo-la-paritaria-de-comercio-sin-cambios-y-ratifico-el-aumento-del-5\/#breadcrumb","itemListElement":[{"@type":"ListItem","position":1,"name":"Portada","item":"https:\/\/gysfm.com.ar\/inicio\/"},{"@type":"ListItem","position":2,"name":"El Gobierno homolog\u00f3 la paritaria de Comercio sin cambios y ratific\u00f3 el aumento del 5%"}]},{"@type":"WebSite","@id":"https:\/\/gysfm.com.ar\/inicio\/#website","url":"https:\/\/gysfm.com.ar\/inicio\/","name":"GYS NOTICIAS |","description":"DIARIO - RADIO ONLINE SAN JUAN ARGENTINA","publisher":{"@id":"https:\/\/gysfm.com.ar\/inicio\/#organization"},"potentialAction":[{"@type":"SearchAction","target":{"@type":"EntryPoint","urlTemplate":"https:\/\/gysfm.com.ar\/inicio\/?s={search_term_string}"},"query-input":{"@type":"PropertyValueSpecification","valueRequired":true,"valueName":"search_term_string"}}],"inLanguage":"es"},{"@type":"Organization","@id":"https:\/\/gysfm.com.ar\/inicio\/#organization","name":"GYS NOTICIAS |","url":"https:\/\/gysfm.com.ar\/inicio\/","logo":{"@type":"ImageObject","inLanguage":"es","@id":"https:\/\/gysfm.com.ar\/inicio\/#\/schema\/logo\/image\/","url":"https:\/\/gysfm.com.ar\/inicio\/wp-content\/uploads\/2023\/07\/LOGOGYS-OK.png","contentUrl":"https:\/\/gysfm.com.ar\/inicio\/wp-content\/uploads\/2023\/07\/LOGOGYS-OK.png","width":1170,"height":872,"caption":"GYS NOTICIAS |"},"image":{"@id":"https:\/\/gysfm.com.ar\/inicio\/#\/schema\/logo\/image\/"}},{"@type":"Person","@id":"https:\/\/gysfm.com.ar\/inicio\/#\/schema\/person\/5bedd7ecd35cc35548d89effafa23696","name":"admin","image":{"@type":"ImageObject","inLanguage":"es","@id":"https:\/\/gysfm.com.ar\/inicio\/#\/schema\/person\/image\/","url":"https:\/\/secure.gravatar.com\/avatar\/c331d312b5243fb64d5ba28108a447b27c925295129a363082c9ea52c28d32c2?s=96&d=mm&r=g","contentUrl":"https:\/\/secure.gravatar.com\/avatar\/c331d312b5243fb64d5ba28108a447b27c925295129a363082c9ea52c28d32c2?s=96&d=mm&r=g","caption":"admin"},"sameAs":["https:\/\/gysfm.com.ar\/inicio"],"url":"https:\/\/gysfm.com.ar\/inicio\/author\/admin\/"}]}},"_links":{"self":[{"href":"https:\/\/gysfm.com.ar\/inicio\/wp-json\/wp\/v2\/posts\/193384","targetHints":{"allow":["GET"]}}],"collection":[{"href":"https:\/\/gysfm.com.ar\/inicio\/wp-json\/wp\/v2\/posts"}],"about":[{"href":"https:\/\/gysfm.com.ar\/inicio\/wp-json\/wp\/v2\/types\/post"}],"author":[{"embeddable":true,"href":"https:\/\/gysfm.com.ar\/inicio\/wp-json\/wp\/v2\/users\/1"}],"replies":[{"embeddable":true,"href":"https:\/\/gysfm.com.ar\/inicio\/wp-json\/wp\/v2\/comments?post=193384"}],"version-history":[{"count":0,"href":"https:\/\/gysfm.com.ar\/inicio\/wp-json\/wp\/v2\/posts\/193384\/revisions"}],"wp:featuredmedia":[{"embeddable":true,"href":"https:\/\/gysfm.com.ar\/inicio\/wp-json\/wp\/v2\/media\/193385"}],"wp:attachment":[{"href":"https:\/\/gysfm.com.ar\/inicio\/wp-json\/wp\/v2\/media?parent=193384"}],"wp:term":[{"taxonomy":"category","embeddable":true,"href":"https:\/\/gysfm.com.ar\/inicio\/wp-json\/wp\/v2\/categories?post=193384"},{"taxonomy":"post_tag","embeddable":true,"href":"https:\/\/gysfm.com.ar\/inicio\/wp-json\/wp\/v2\/tags?post=193384"}],"curies":[{"name":"wp","href":"https:\/\/api.w.org\/{rel}","templated":true}]}}