{"id":193382,"date":"2026-04-27T23:53:41","date_gmt":"2026-04-28T02:53:41","guid":{"rendered":"https:\/\/gysfm.com.ar\/inicio\/salud-mental-a-quien-le-habla-el-proyecto-de-reforma-de-la-ley\/"},"modified":"2026-04-27T23:53:41","modified_gmt":"2026-04-28T02:53:41","slug":"salud-mental-a-quien-le-habla-el-proyecto-de-reforma-de-la-ley","status":"publish","type":"post","link":"https:\/\/gysfm.com.ar\/inicio\/salud-mental-a-quien-le-habla-el-proyecto-de-reforma-de-la-ley\/","title":{"rendered":"Salud mental: \u00bfa qui\u00e9n le habla el proyecto de reforma de la ley?"},"content":{"rendered":"<p><\/p>\n<div id=\"article-content\">\n<p>Hace falta discutir la <strong>salud mental<\/strong> en serio, no hay duda. Pero mientras afuera del consultorio la vida se pone cada d\u00eda m\u00e1s cuesta arriba, el proyecto de reforma de la <a target=\"_blank\" href=\"https:\/\/www.perfil.com\/noticias\/sociedad\/que-cambiara-la-futura-ley-de-salud-mental-que-el-gobierno-prometio-mandar-al-congreso.phtml\">Ley de Salud Mental retrocede<\/a> y plantea esta problem\u00e1tica como un \u201cestado\u201d de la persona, y no de la persona y su entorno aqu\u00ed y ahora: el trabajo que no llega, el dinero que no alcanza, el aumento de precios de medicamentos y alimentos, la falta de turnos m\u00e9dicos.<\/p>\n<p>El proyecto tiene otro problema: plantea que las internaciones debe realizarlas un psiquiatra desconociendo as\u00ed que en Argentina hay menos de 5 mil psiquiatras en todo el pa\u00eds, de los cuales casi el 50% est\u00e1 en Buenos Aires. Hay provincias donde hay dos psiquiatras cada 100.000 habitantes. Dos. <\/p>\n<p>\u00bfPero qu\u00e9 pasa cuando no hay psiquiatra?  En esos casos, el proyecto prev\u00e9 que podr\u00e1 determinar la internaci\u00f3n cualquier profesional de la medicina. Es decir que un pediatra, un gastroenter\u00f3logo o un oftalm\u00f3logo podr\u00e1n autorizar internaciones por razones de salud mental. Una verdadera locura que puede derivar en internaciones arbitrarias e innecesarias. <\/p>\n<p class=\"destacadoNota\"><a target=\"_blank\" href=\"https:\/\/www.perfil.com\/noticias\/politica\/como-sera-la-ley-de-salud-mental-que-el-gobierno-enviara-al-congreso.phtml\">C\u00f3mo ser\u00e1 la Ley de Salud Mental que el gobierno enviar\u00e1 al Congreso<\/a><\/p>\n<div class=\"subscription\">\n<p>\n        Esto no les gusta a los autoritarios\n    <\/p>\n<div class=\"subscription__container\">\n<div class=\"subscription__text-wrapper\">\n<p>\n                El ejercicio del periodismo profesional y cr\u00edtico es un pilar fundamental de la democracia. Por eso molesta a quienes creen ser los due\u00f1os de la verdad.\n            <\/p>\n<\/p><\/div><\/div>\n<\/div>\n<p>Volver a ubicar a la internaci\u00f3n como la respuesta central es volver al manicomio. Y el <strong>manicomio <\/strong>no es un hospital. Es un lugar donde se cronifica el sufrimiento y se pierde gente. Es una forma de ver a las personas m\u00e1s vulnerables. La Argentina se comprometi\u00f3 hace a\u00f1os a desmantelar ese modelo. Proponer lo contrario en 2026 no es modernizar nada: es retroceder cuarenta a\u00f1os, desconociendo todo lo que aprendimos a fuerza de da\u00f1o.<\/p>\n<p>Seamos claros: los problemas de salud mental existen y como todos sabemos, van en aumento. Lo sabemos porque nos pasa y les pasa a nuestros seres queridos. Desde la pandemia en adelante, crecieron no s\u00f3lo los cuadros m\u00e1s graves como las depresiones o los suicidios; tambi\u00e9n aumentaron las ansiedades, los ataques de p\u00e1nico, la impulsividad, el insomnio.<\/p>\n<blockquote>\n<p><a target=\"_blank\" href=\"https:\/\/www.perfil.com\/noticias\/cordoba\/debate-por-la-ley-de-salud-mental-piden-modificar-articulos-para-facilitar-internaciones-involuntarias-y-prevenir-hechos-violentos.phtml\">Hay provincias donde hay dos psiquiatras cada 100.000 habitantes\u00bb<\/a><\/p>\n<\/blockquote>\n<p>Sin embargo, las pol\u00edticas de salud no atendieron estos problemas en crecimiento ni definieron respuestas urgentes. Y los j\u00f3venes, sobre todo los j\u00f3venes, quedaron a la deriva. En un sistema que es viejo, que no los escucha. <\/p>\n<p>El proyecto tampoco ampara a las personas con problemas de consumo. Y ah\u00ed hay que parar la pelota. Porque el dolor es real. Cualquiera que tenga un hijo, una hermana, un sobrino con <a target=\"_blank\" href=\"https:\/\/www.perfil.com\/noticias\/opinion\/no-hay-consumos-problematicos-hay-epidemia-de-adicciones.phtml\">consumo problem\u00e1tico de sustancias<\/a> sabe lo que es golpear puertas y que no se abra ninguna. Llamar a una guardia y que te digan que no hay cama. Ir a un hospital y que te manden a otro. La desesperaci\u00f3n de esperar meses por un turno. <\/p>\n<blockquote>\n<p><a target=\"_blank\" href=\"https:\/\/www.perfil.com\/noticias\/sociedad\/nuevo-informe-sobre-salud-mental-aumentan-las-internaciones-mientras-las-coberturas-disminuyen-en-calidad-y-en-cantidad.phtml\">El <strong>manicomio <\/strong>no es un hospital; es un lugar donde<strong> se cronifica el sufrimiento<\/strong> y se pierde gente\u00bb<\/a><\/p>\n<\/blockquote>\n<p>Pero este proyecto no resuelve eso. No suma camas ni profesionales, no suma dispositivos intermedios ni acompa\u00f1amiento para las familias.<\/p>\n<p>Cuando hablamos de salud mental hablamos de salud, de un sistema que viene recibiendo un golpe tras otro, que cada vez est\u00e1 m\u00e1s debilitado y desfinanciado: un programa \u201cRemediar\u201d que ya no asegura una canasta de medicamentos esenciales para el primer nivel de atenci\u00f3n de todo el pa\u00eds; un calendario de vacunaci\u00f3n que no se difunde ni se exige, con el consecuente aumento de enfermedades como el sarampi\u00f3n o la tos convulsa que ya no eran un problema para nuestro pa\u00eds; bonos, copagos y remedios que aumentan todos los meses sin control. Todo eso tambi\u00e9n es parte de la salud mental.<\/p>\n<p>Esta reforma no es una soluci\u00f3n. Es apenas un intento de emparchar problemas mal definidos ante los que nadie responde. Y mientras tanto, los que est\u00e1n pidiendo ayuda siguen esperando. Entonces, \u00bfa qui\u00e9n le habla realmente este proyecto de ley? <\/p>\n<h4><em>*coordinadora del equipo Salud y vida independiente del CELS<\/em><\/h4>\n<\/p><\/div>\n<p><script>\n                !function(f,b,e,v,n,t,s)\n                {if(f.fbq)return;n=f.fbq=function(){n.callMethod?\n                    n.callMethod.apply(n,arguments):n.queue.push(arguments)};\n                    if(!f._fbq)f._fbq=n;n.push=n;n.loaded=!0;n.version='2.0';\n                    n.queue=[];t=b.createElement(e);t.async=!0;\n                    t.src=v;s=b.getElementsByTagName(e)[0];\n                    s.parentNode.insertBefore(t,s)}(window, document,'script',\n                    'https:\/\/connect.facebook.net\/en_US\/fbevents.js');\n                window.paywallConfig.facebook_pixel=\"1000228364089342\"\n            <\/script><\/p>\n","protected":false},"excerpt":{"rendered":"<p>Hace falta discutir la salud mental en serio, no hay duda. Pero mientras afuera del consultorio la vida se pone cada d\u00eda m\u00e1s cuesta arriba, el proyecto de reforma de la Ley de Salud Mental retrocede y plantea esta problem\u00e1tica como un \u201cestado\u201d de la persona, y no de la persona y su entorno aqu\u00ed [&hellip;]<\/p>\n","protected":false},"author":2,"featured_media":193383,"comment_status":"closed","ping_status":"closed","sticky":false,"template":"","format":"standard","meta":{"footnotes":""},"categories":[25],"tags":[],"class_list":["post-193382","post","type-post","status-publish","format-standard","has-post-thumbnail","hentry","category-nacionales"],"yoast_head":"<!-- This site is optimized with the Yoast SEO plugin v24.4 - https:\/\/yoast.com\/wordpress\/plugins\/seo\/ -->\n<title>Salud mental: \u00bfa qui\u00e9n le habla el proyecto de reforma de la ley? - GYS NOTICIAS |<\/title>\n<meta name=\"robots\" content=\"index, follow, max-snippet:-1, max-image-preview:large, max-video-preview:-1\" \/>\n<link rel=\"canonical\" href=\"https:\/\/gysfm.com.ar\/inicio\/salud-mental-a-quien-le-habla-el-proyecto-de-reforma-de-la-ley\/\" \/>\n<meta property=\"og:locale\" content=\"es_ES\" \/>\n<meta property=\"og:type\" content=\"article\" \/>\n<meta property=\"og:title\" content=\"Salud mental: \u00bfa qui\u00e9n le habla el proyecto de reforma de la ley? - GYS NOTICIAS |\" \/>\n<meta property=\"og:description\" content=\"Hace falta discutir la salud mental en serio, no hay duda. Pero mientras afuera del consultorio la vida se pone cada d\u00eda m\u00e1s cuesta arriba, el proyecto de reforma de la Ley de Salud Mental retrocede y plantea esta problem\u00e1tica como un \u201cestado\u201d de la persona, y no de la persona y su entorno aqu\u00ed [&hellip;]\" \/>\n<meta property=\"og:url\" content=\"https:\/\/gysfm.com.ar\/inicio\/salud-mental-a-quien-le-habla-el-proyecto-de-reforma-de-la-ley\/\" \/>\n<meta property=\"og:site_name\" content=\"GYS NOTICIAS |\" \/>\n<meta property=\"article:published_time\" content=\"2026-04-28T02:53:41+00:00\" \/>\n<meta name=\"author\" content=\"Prensa G&amp;S FM\" \/>\n<meta name=\"twitter:card\" content=\"summary_large_image\" \/>\n<meta name=\"twitter:label1\" content=\"Escrito por\" \/>\n\t<meta name=\"twitter:data1\" content=\"Prensa G&amp;S FM\" \/>\n\t<meta name=\"twitter:label2\" content=\"Tiempo de lectura\" \/>\n\t<meta name=\"twitter:data2\" content=\"4 minutos\" \/>\n<script type=\"application\/ld+json\" class=\"yoast-schema-graph\">{\"@context\":\"https:\/\/schema.org\",\"@graph\":[{\"@type\":\"Article\",\"@id\":\"https:\/\/gysfm.com.ar\/inicio\/salud-mental-a-quien-le-habla-el-proyecto-de-reforma-de-la-ley\/#article\",\"isPartOf\":{\"@id\":\"https:\/\/gysfm.com.ar\/inicio\/salud-mental-a-quien-le-habla-el-proyecto-de-reforma-de-la-ley\/\"},\"author\":{\"name\":\"Prensa G&amp;S FM\",\"@id\":\"https:\/\/gysfm.com.ar\/inicio\/#\/schema\/person\/3abba7593ef2ad19e1be221d54383dc5\"},\"headline\":\"Salud mental: \u00bfa qui\u00e9n le habla el proyecto de reforma de la ley?\",\"datePublished\":\"2026-04-28T02:53:41+00:00\",\"mainEntityOfPage\":{\"@id\":\"https:\/\/gysfm.com.ar\/inicio\/salud-mental-a-quien-le-habla-el-proyecto-de-reforma-de-la-ley\/\"},\"wordCount\":717,\"publisher\":{\"@id\":\"https:\/\/gysfm.com.ar\/inicio\/#organization\"},\"image\":{\"@id\":\"https:\/\/gysfm.com.ar\/inicio\/salud-mental-a-quien-le-habla-el-proyecto-de-reforma-de-la-ley\/#primaryimage\"},\"thumbnailUrl\":\"https:\/\/gysfm.com.ar\/inicio\/wp-content\/uploads\/2026\/04\/aumentan-casos-de-salud-mental-2074548.jpg\",\"articleSection\":[\"NACIONALES\"],\"inLanguage\":\"es\"},{\"@type\":\"WebPage\",\"@id\":\"https:\/\/gysfm.com.ar\/inicio\/salud-mental-a-quien-le-habla-el-proyecto-de-reforma-de-la-ley\/\",\"url\":\"https:\/\/gysfm.com.ar\/inicio\/salud-mental-a-quien-le-habla-el-proyecto-de-reforma-de-la-ley\/\",\"name\":\"Salud mental: \u00bfa qui\u00e9n le habla el proyecto de reforma de la ley? - GYS NOTICIAS |\",\"isPartOf\":{\"@id\":\"https:\/\/gysfm.com.ar\/inicio\/#website\"},\"primaryImageOfPage\":{\"@id\":\"https:\/\/gysfm.com.ar\/inicio\/salud-mental-a-quien-le-habla-el-proyecto-de-reforma-de-la-ley\/#primaryimage\"},\"image\":{\"@id\":\"https:\/\/gysfm.com.ar\/inicio\/salud-mental-a-quien-le-habla-el-proyecto-de-reforma-de-la-ley\/#primaryimage\"},\"thumbnailUrl\":\"https:\/\/gysfm.com.ar\/inicio\/wp-content\/uploads\/2026\/04\/aumentan-casos-de-salud-mental-2074548.jpg\",\"datePublished\":\"2026-04-28T02:53:41+00:00\",\"breadcrumb\":{\"@id\":\"https:\/\/gysfm.com.ar\/inicio\/salud-mental-a-quien-le-habla-el-proyecto-de-reforma-de-la-ley\/#breadcrumb\"},\"inLanguage\":\"es\",\"potentialAction\":[{\"@type\":\"ReadAction\",\"target\":[\"https:\/\/gysfm.com.ar\/inicio\/salud-mental-a-quien-le-habla-el-proyecto-de-reforma-de-la-ley\/\"]}]},{\"@type\":\"ImageObject\",\"inLanguage\":\"es\",\"@id\":\"https:\/\/gysfm.com.ar\/inicio\/salud-mental-a-quien-le-habla-el-proyecto-de-reforma-de-la-ley\/#primaryimage\",\"url\":\"https:\/\/gysfm.com.ar\/inicio\/wp-content\/uploads\/2026\/04\/aumentan-casos-de-salud-mental-2074548.jpg\",\"contentUrl\":\"https:\/\/gysfm.com.ar\/inicio\/wp-content\/uploads\/2026\/04\/aumentan-casos-de-salud-mental-2074548.jpg\",\"width\":1140,\"height\":641},{\"@type\":\"BreadcrumbList\",\"@id\":\"https:\/\/gysfm.com.ar\/inicio\/salud-mental-a-quien-le-habla-el-proyecto-de-reforma-de-la-ley\/#breadcrumb\",\"itemListElement\":[{\"@type\":\"ListItem\",\"position\":1,\"name\":\"Portada\",\"item\":\"https:\/\/gysfm.com.ar\/inicio\/\"},{\"@type\":\"ListItem\",\"position\":2,\"name\":\"Salud mental: \u00bfa qui\u00e9n le habla el proyecto de reforma de la ley?\"}]},{\"@type\":\"WebSite\",\"@id\":\"https:\/\/gysfm.com.ar\/inicio\/#website\",\"url\":\"https:\/\/gysfm.com.ar\/inicio\/\",\"name\":\"GYS NOTICIAS |\",\"description\":\"DIARIO - RADIO ONLINE SAN JUAN ARGENTINA\",\"publisher\":{\"@id\":\"https:\/\/gysfm.com.ar\/inicio\/#organization\"},\"potentialAction\":[{\"@type\":\"SearchAction\",\"target\":{\"@type\":\"EntryPoint\",\"urlTemplate\":\"https:\/\/gysfm.com.ar\/inicio\/?s={search_term_string}\"},\"query-input\":{\"@type\":\"PropertyValueSpecification\",\"valueRequired\":true,\"valueName\":\"search_term_string\"}}],\"inLanguage\":\"es\"},{\"@type\":\"Organization\",\"@id\":\"https:\/\/gysfm.com.ar\/inicio\/#organization\",\"name\":\"GYS NOTICIAS |\",\"url\":\"https:\/\/gysfm.com.ar\/inicio\/\",\"logo\":{\"@type\":\"ImageObject\",\"inLanguage\":\"es\",\"@id\":\"https:\/\/gysfm.com.ar\/inicio\/#\/schema\/logo\/image\/\",\"url\":\"https:\/\/gysfm.com.ar\/inicio\/wp-content\/uploads\/2023\/07\/LOGOGYS-OK.png\",\"contentUrl\":\"https:\/\/gysfm.com.ar\/inicio\/wp-content\/uploads\/2023\/07\/LOGOGYS-OK.png\",\"width\":1170,\"height\":872,\"caption\":\"GYS NOTICIAS |\"},\"image\":{\"@id\":\"https:\/\/gysfm.com.ar\/inicio\/#\/schema\/logo\/image\/\"}},{\"@type\":\"Person\",\"@id\":\"https:\/\/gysfm.com.ar\/inicio\/#\/schema\/person\/3abba7593ef2ad19e1be221d54383dc5\",\"name\":\"Prensa G&amp;S FM\",\"image\":{\"@type\":\"ImageObject\",\"inLanguage\":\"es\",\"@id\":\"https:\/\/gysfm.com.ar\/inicio\/#\/schema\/person\/image\/\",\"url\":\"https:\/\/secure.gravatar.com\/avatar\/096ec78df02049ab018702bb4ccedf659377fa92a26540b5247612077a0dbd29?s=96&d=mm&r=g\",\"contentUrl\":\"https:\/\/secure.gravatar.com\/avatar\/096ec78df02049ab018702bb4ccedf659377fa92a26540b5247612077a0dbd29?s=96&d=mm&r=g\",\"caption\":\"Prensa G&amp;S FM\"},\"sameAs\":[\"https:\/\/gysfm.com.ar\/\"],\"url\":\"https:\/\/gysfm.com.ar\/inicio\/author\/lucasm\/\"}]}<\/script>\n<!-- \/ Yoast SEO plugin. -->","yoast_head_json":{"title":"Salud mental: \u00bfa qui\u00e9n le habla el proyecto de reforma de la ley? - GYS NOTICIAS |","robots":{"index":"index","follow":"follow","max-snippet":"max-snippet:-1","max-image-preview":"max-image-preview:large","max-video-preview":"max-video-preview:-1"},"canonical":"https:\/\/gysfm.com.ar\/inicio\/salud-mental-a-quien-le-habla-el-proyecto-de-reforma-de-la-ley\/","og_locale":"es_ES","og_type":"article","og_title":"Salud mental: \u00bfa qui\u00e9n le habla el proyecto de reforma de la ley? - GYS NOTICIAS |","og_description":"Hace falta discutir la salud mental en serio, no hay duda. Pero mientras afuera del consultorio la vida se pone cada d\u00eda m\u00e1s cuesta arriba, el proyecto de reforma de la Ley de Salud Mental retrocede y plantea esta problem\u00e1tica como un \u201cestado\u201d de la persona, y no de la persona y su entorno aqu\u00ed [&hellip;]","og_url":"https:\/\/gysfm.com.ar\/inicio\/salud-mental-a-quien-le-habla-el-proyecto-de-reforma-de-la-ley\/","og_site_name":"GYS NOTICIAS |","article_published_time":"2026-04-28T02:53:41+00:00","author":"Prensa G&amp;S FM","twitter_card":"summary_large_image","twitter_misc":{"Escrito por":"Prensa G&amp;S FM","Tiempo de lectura":"4 minutos"},"schema":{"@context":"https:\/\/schema.org","@graph":[{"@type":"Article","@id":"https:\/\/gysfm.com.ar\/inicio\/salud-mental-a-quien-le-habla-el-proyecto-de-reforma-de-la-ley\/#article","isPartOf":{"@id":"https:\/\/gysfm.com.ar\/inicio\/salud-mental-a-quien-le-habla-el-proyecto-de-reforma-de-la-ley\/"},"author":{"name":"Prensa G&amp;S FM","@id":"https:\/\/gysfm.com.ar\/inicio\/#\/schema\/person\/3abba7593ef2ad19e1be221d54383dc5"},"headline":"Salud mental: \u00bfa qui\u00e9n le habla el proyecto de reforma de la ley?","datePublished":"2026-04-28T02:53:41+00:00","mainEntityOfPage":{"@id":"https:\/\/gysfm.com.ar\/inicio\/salud-mental-a-quien-le-habla-el-proyecto-de-reforma-de-la-ley\/"},"wordCount":717,"publisher":{"@id":"https:\/\/gysfm.com.ar\/inicio\/#organization"},"image":{"@id":"https:\/\/gysfm.com.ar\/inicio\/salud-mental-a-quien-le-habla-el-proyecto-de-reforma-de-la-ley\/#primaryimage"},"thumbnailUrl":"https:\/\/gysfm.com.ar\/inicio\/wp-content\/uploads\/2026\/04\/aumentan-casos-de-salud-mental-2074548.jpg","articleSection":["NACIONALES"],"inLanguage":"es"},{"@type":"WebPage","@id":"https:\/\/gysfm.com.ar\/inicio\/salud-mental-a-quien-le-habla-el-proyecto-de-reforma-de-la-ley\/","url":"https:\/\/gysfm.com.ar\/inicio\/salud-mental-a-quien-le-habla-el-proyecto-de-reforma-de-la-ley\/","name":"Salud mental: \u00bfa qui\u00e9n le habla el proyecto de reforma de la ley? - GYS NOTICIAS |","isPartOf":{"@id":"https:\/\/gysfm.com.ar\/inicio\/#website"},"primaryImageOfPage":{"@id":"https:\/\/gysfm.com.ar\/inicio\/salud-mental-a-quien-le-habla-el-proyecto-de-reforma-de-la-ley\/#primaryimage"},"image":{"@id":"https:\/\/gysfm.com.ar\/inicio\/salud-mental-a-quien-le-habla-el-proyecto-de-reforma-de-la-ley\/#primaryimage"},"thumbnailUrl":"https:\/\/gysfm.com.ar\/inicio\/wp-content\/uploads\/2026\/04\/aumentan-casos-de-salud-mental-2074548.jpg","datePublished":"2026-04-28T02:53:41+00:00","breadcrumb":{"@id":"https:\/\/gysfm.com.ar\/inicio\/salud-mental-a-quien-le-habla-el-proyecto-de-reforma-de-la-ley\/#breadcrumb"},"inLanguage":"es","potentialAction":[{"@type":"ReadAction","target":["https:\/\/gysfm.com.ar\/inicio\/salud-mental-a-quien-le-habla-el-proyecto-de-reforma-de-la-ley\/"]}]},{"@type":"ImageObject","inLanguage":"es","@id":"https:\/\/gysfm.com.ar\/inicio\/salud-mental-a-quien-le-habla-el-proyecto-de-reforma-de-la-ley\/#primaryimage","url":"https:\/\/gysfm.com.ar\/inicio\/wp-content\/uploads\/2026\/04\/aumentan-casos-de-salud-mental-2074548.jpg","contentUrl":"https:\/\/gysfm.com.ar\/inicio\/wp-content\/uploads\/2026\/04\/aumentan-casos-de-salud-mental-2074548.jpg","width":1140,"height":641},{"@type":"BreadcrumbList","@id":"https:\/\/gysfm.com.ar\/inicio\/salud-mental-a-quien-le-habla-el-proyecto-de-reforma-de-la-ley\/#breadcrumb","itemListElement":[{"@type":"ListItem","position":1,"name":"Portada","item":"https:\/\/gysfm.com.ar\/inicio\/"},{"@type":"ListItem","position":2,"name":"Salud mental: \u00bfa qui\u00e9n le habla el proyecto de reforma de la ley?"}]},{"@type":"WebSite","@id":"https:\/\/gysfm.com.ar\/inicio\/#website","url":"https:\/\/gysfm.com.ar\/inicio\/","name":"GYS NOTICIAS |","description":"DIARIO - RADIO ONLINE SAN JUAN ARGENTINA","publisher":{"@id":"https:\/\/gysfm.com.ar\/inicio\/#organization"},"potentialAction":[{"@type":"SearchAction","target":{"@type":"EntryPoint","urlTemplate":"https:\/\/gysfm.com.ar\/inicio\/?s={search_term_string}"},"query-input":{"@type":"PropertyValueSpecification","valueRequired":true,"valueName":"search_term_string"}}],"inLanguage":"es"},{"@type":"Organization","@id":"https:\/\/gysfm.com.ar\/inicio\/#organization","name":"GYS NOTICIAS |","url":"https:\/\/gysfm.com.ar\/inicio\/","logo":{"@type":"ImageObject","inLanguage":"es","@id":"https:\/\/gysfm.com.ar\/inicio\/#\/schema\/logo\/image\/","url":"https:\/\/gysfm.com.ar\/inicio\/wp-content\/uploads\/2023\/07\/LOGOGYS-OK.png","contentUrl":"https:\/\/gysfm.com.ar\/inicio\/wp-content\/uploads\/2023\/07\/LOGOGYS-OK.png","width":1170,"height":872,"caption":"GYS NOTICIAS |"},"image":{"@id":"https:\/\/gysfm.com.ar\/inicio\/#\/schema\/logo\/image\/"}},{"@type":"Person","@id":"https:\/\/gysfm.com.ar\/inicio\/#\/schema\/person\/3abba7593ef2ad19e1be221d54383dc5","name":"Prensa G&amp;S FM","image":{"@type":"ImageObject","inLanguage":"es","@id":"https:\/\/gysfm.com.ar\/inicio\/#\/schema\/person\/image\/","url":"https:\/\/secure.gravatar.com\/avatar\/096ec78df02049ab018702bb4ccedf659377fa92a26540b5247612077a0dbd29?s=96&d=mm&r=g","contentUrl":"https:\/\/secure.gravatar.com\/avatar\/096ec78df02049ab018702bb4ccedf659377fa92a26540b5247612077a0dbd29?s=96&d=mm&r=g","caption":"Prensa G&amp;S FM"},"sameAs":["https:\/\/gysfm.com.ar\/"],"url":"https:\/\/gysfm.com.ar\/inicio\/author\/lucasm\/"}]}},"_links":{"self":[{"href":"https:\/\/gysfm.com.ar\/inicio\/wp-json\/wp\/v2\/posts\/193382","targetHints":{"allow":["GET"]}}],"collection":[{"href":"https:\/\/gysfm.com.ar\/inicio\/wp-json\/wp\/v2\/posts"}],"about":[{"href":"https:\/\/gysfm.com.ar\/inicio\/wp-json\/wp\/v2\/types\/post"}],"author":[{"embeddable":true,"href":"https:\/\/gysfm.com.ar\/inicio\/wp-json\/wp\/v2\/users\/2"}],"replies":[{"embeddable":true,"href":"https:\/\/gysfm.com.ar\/inicio\/wp-json\/wp\/v2\/comments?post=193382"}],"version-history":[{"count":0,"href":"https:\/\/gysfm.com.ar\/inicio\/wp-json\/wp\/v2\/posts\/193382\/revisions"}],"wp:featuredmedia":[{"embeddable":true,"href":"https:\/\/gysfm.com.ar\/inicio\/wp-json\/wp\/v2\/media\/193383"}],"wp:attachment":[{"href":"https:\/\/gysfm.com.ar\/inicio\/wp-json\/wp\/v2\/media?parent=193382"}],"wp:term":[{"taxonomy":"category","embeddable":true,"href":"https:\/\/gysfm.com.ar\/inicio\/wp-json\/wp\/v2\/categories?post=193382"},{"taxonomy":"post_tag","embeddable":true,"href":"https:\/\/gysfm.com.ar\/inicio\/wp-json\/wp\/v2\/tags?post=193382"}],"curies":[{"name":"wp","href":"https:\/\/api.w.org\/{rel}","templated":true}]}}