{"id":193379,"date":"2026-04-27T23:43:17","date_gmt":"2026-04-28T02:43:17","guid":{"rendered":"https:\/\/gysfm.com.ar\/inicio\/procesaron-a-la-empresa-dia-por-presunta-evasion-previsional-y-le-impusieron-un-embargo-de-800-millones\/"},"modified":"2026-04-27T23:43:18","modified_gmt":"2026-04-28T02:43:18","slug":"procesaron-a-la-empresa-dia-por-presunta-evasion-previsional-y-le-impusieron-un-embargo-de-800-millones","status":"publish","type":"post","link":"https:\/\/gysfm.com.ar\/inicio\/procesaron-a-la-empresa-dia-por-presunta-evasion-previsional-y-le-impusieron-un-embargo-de-800-millones\/","title":{"rendered":"Procesaron a la empresa D\u00eda por presunta evasi\u00f3n previsional y le impusieron un embargo de $800 millones"},"content":{"rendered":"<p><\/p>\n<div>\n<p class=\"com-paragraph  --capital --s\">La Justicia proces\u00f3 a <strong>D\u00eda Argentina S.A.<\/strong> en una causa por <strong>presunta evasi\u00f3n previsional<\/strong> vinculada al uso de contratos de franquicia, concesi\u00f3n y consignaci\u00f3n que, seg\u00fan el expediente, habr\u00edan servido para encubrir relaciones laborales, y le impuso un <strong>embargo de $800 millones<\/strong> sobre sus bienes. La decisi\u00f3n fue adoptada por el Juzgado Nacional en lo Penal Econ\u00f3mico N\u00b02, en el expediente \u201cDIA ARGENTINA S.A. y otros s\/ infracci\u00f3n Ley 24.769\u201d, al que accedi\u00f3 LA NACION, con resoluci\u00f3n fechada el 20 de abril y notificada al d\u00eda siguiente.<\/p>\n<p class=\"com-paragraph   --s\">En la parte resolutiva, el juez Pablo Yadarola dispuso \u201c<strong>DECRETAR EL PROCESAMIENTO de la firma DIA ARGENTINA S.A.<\/strong>\u201d y \u201c<strong>TRABAR EMBARGO sobre el dinero o los bienes de DIA ARGENTINA S.A., hasta cubrir la suma de $800.000.000<\/strong>\u201d.<\/p>\n<p class=\"com-paragraph   --s\">Consultada por LA NACION, D\u00eda Argentina S.A. sostuvo que \u201ccumple con todas sus obligaciones tributarias, previsionales y laborales conforme a la normativa vigente\u201d y defendi\u00f3 la legitimidad de su modelo comercial. La empresa afirm\u00f3 adem\u00e1s que <strong>el proceso judicial \u201cse encuentra en una etapa inicial de prueba\u201d,<\/strong> en la que se analizan y presentan \u201clos elementos necesarios para su evaluaci\u00f3n\u201d, y remarc\u00f3 que <strong>\u201cno existe al momento ninguna resoluci\u00f3n definitiva\u201d.<\/strong><\/p>\n<p class=\"com-paragraph   --s\">La compa\u00f1\u00eda agreg\u00f3 que mantiene \u201csistemas de control interno, auditor\u00eda y cumplimiento\u201d y que se encuentra<strong> \u201ca total disposici\u00f3n de las autoridades competentes\u201d <\/strong>para aportar documentaci\u00f3n e informaci\u00f3n requerida.<\/p>\n<p class=\"com-paragraph   --s\">En la resoluci\u00f3n judicial se indic\u00f3 que se trata de <strong>34 hechos. <\/strong>El procesamiento comprende presunta evasi\u00f3n previsional simple por los per\u00edodos 3\/2016 a 5\/2016, 7\/2016 a 11\/2016 y 1\/2017 a 5\/2017, por montos superiores a $7 millones mensuales. Tambi\u00e9n incluye presunta evasi\u00f3n previsional agravada por utilizaci\u00f3n de terceros interpuestos en 12\/2015, 6\/2016, 12\/2016 y 6\/2017 a 12\/2018, por sumas superiores a $14 millones.<\/p>\n<p class=\"com-paragraph   --s\">El expediente sostuvo como hip\u00f3tesis que la compa\u00f1\u00eda se habr\u00eda valido de contratos de <strong>franquicia, concesi\u00f3n o consignaci\u00f3n<\/strong> para ocultar al verdadero sujeto obligado al pago de <strong>aportes y contribuciones a la seguridad social<\/strong>. En ese marco, el juzgado se\u00f1al\u00f3 que la discusi\u00f3n central consist\u00eda en determinar <strong>si exist\u00eda una autonom\u00eda comercial real de los supuestos franquiciados <\/strong>o si, por el contrario, operaban dentro de una estructura dirigida por la empresa matriz.<\/p>\n<p class=\"com-paragraph   --s\">Entre las pruebas valoradas aparecen cruces de informaci\u00f3n laboral y fiscal, declaraciones testimoniales, intervenciones telef\u00f3nicas y el an\u00e1lisis de m\u00e1s de <strong>20.000 correos electr\u00f3nicos corporativos<\/strong>. Seg\u00fan la resoluci\u00f3n, de ese material surg\u00edan indicios de injerencia directa del \u00e1rea de Recursos Humanos de la firma en la <strong>selecci\u00f3n y evaluaci\u00f3n de personal<\/strong>, adem\u00e1s de decisiones sobre traslados y despidos.<\/p>\n<p class=\"com-paragraph   --s\">Otro elemento citado fue el cruce de n\u00f3minas laborales, del que surgi\u00f3 que <strong>2267 empleados<\/strong> prestaron servicios para m\u00e1s de un franquiciado. Para la acusaci\u00f3n, eso reforzaba la hip\u00f3tesis de una dependencia t\u00e9cnica y jur\u00eddica directa con la empresa. La investigaci\u00f3n tambi\u00e9n relev\u00f3 un universo de <strong>1072 supuestos franquiciados<\/strong> y sostuvo que la fiscalizaci\u00f3n alcanz\u00f3 a <strong>13.690 trabajadores<\/strong>: <strong>993 franquiciados<\/strong> y <strong>12.697 dependientes<\/strong> registrados formalmente por ellos.<\/p>\n<p class=\"com-paragraph   --s\">Tambi\u00e9n se mencion\u00f3 el uso del sistema interno denominado <strong>\u201cllave 4\u201d<\/strong>, que, de acuerdo con el fallo,<strong> permit\u00eda a supervisores de la compa\u00f1\u00eda D\u00eda modificar stocks y precios de manera remota.<\/strong> A eso se sum\u00f3 que la recaudaci\u00f3n en efectivo era retirada por empresas de caudales contratadas por la compa\u00f1\u00eda y que los pagos electr\u00f3nicos se acreditaban en sus cuentas.<\/p>\n<p class=\"com-paragraph   --s\">Para fijar el embargo, el juzgado tom\u00f3 en cuenta montos ajustados por la fiscalizaci\u00f3n de los per\u00edodos a\u00fan investigados, menos pagos efectuados a t\u00e9rmino, por <strong>$579.173.127,25<\/strong>, adem\u00e1s de una eventual multa y otros gastos del proceso.<\/p>\n<p class=\"com-paragraph   --s\">La defensa hab\u00eda solicitado el sobreseimiento o, subsidiariamente, la falta de m\u00e9rito. Ambos planteos fueron rechazados en esta instancia. El procesamiento<strong> no implica una condena, <\/strong>sino que el juzgado <strong>consider\u00f3 reunidos elementos suficientes para avanzar con la causa penal contra la empresa.<\/strong><\/p>\n<section class=\"container-center-100 mb-40 border border-bottom border-thin border-neutral-light-700\">\n<hr\/>\n<\/section>\n<\/div>\n<p><script id=\"facebookpixel\" defer=\"\" type=\"text\/javascript\">\n        !function(f,b,e,v,n,t,s)\n        {if(f.fbq)return;n=f.fbq=function(){n.callMethod?\n        n.callMethod.apply(n,arguments):n.queue.push(arguments)};\n        if(!f._fbq)f._fbq=n;n.push=n;n.loaded=!0;n.version='2.0';\n        n.queue=[];t=b.createElement(e);t.async=!0;\n        t.src=v;s=b.getElementsByTagName(e)[0];\n        s.parentNode.insertBefore(t,s)}(window, document,'script',\n        'https:\/\/connect.facebook.net\/en_US\/fbevents.js');\n        fbq('init', '492459597522335');\n        fbq('track', 'PageView');\n    <\/script><\/p>\n","protected":false},"excerpt":{"rendered":"<p>La Justicia proces\u00f3 a D\u00eda Argentina S.A. en una causa por presunta evasi\u00f3n previsional vinculada al uso de contratos de franquicia, concesi\u00f3n y consignaci\u00f3n que, seg\u00fan el expediente, habr\u00edan servido para encubrir relaciones laborales, y le impuso un embargo de $800 millones sobre sus bienes. La decisi\u00f3n fue adoptada por el Juzgado Nacional en lo [&hellip;]<\/p>\n","protected":false},"author":1,"featured_media":193380,"comment_status":"closed","ping_status":"closed","sticky":false,"template":"","format":"standard","meta":{"footnotes":""},"categories":[28],"tags":[],"class_list":["post-193379","post","type-post","status-publish","format-standard","has-post-thumbnail","hentry","category-economia"],"yoast_head":"<!-- This site is optimized with the Yoast SEO plugin v24.4 - https:\/\/yoast.com\/wordpress\/plugins\/seo\/ -->\n<title>Procesaron a la empresa D\u00eda por presunta evasi\u00f3n previsional y le impusieron un embargo de $800 millones - GYS NOTICIAS |<\/title>\n<meta name=\"robots\" content=\"index, follow, max-snippet:-1, max-image-preview:large, max-video-preview:-1\" \/>\n<link rel=\"canonical\" href=\"https:\/\/gysfm.com.ar\/inicio\/procesaron-a-la-empresa-dia-por-presunta-evasion-previsional-y-le-impusieron-un-embargo-de-800-millones\/\" \/>\n<meta property=\"og:locale\" content=\"es_ES\" \/>\n<meta property=\"og:type\" content=\"article\" \/>\n<meta property=\"og:title\" content=\"Procesaron a la empresa D\u00eda por presunta evasi\u00f3n previsional y le impusieron un embargo de $800 millones - GYS NOTICIAS |\" \/>\n<meta property=\"og:description\" content=\"La Justicia proces\u00f3 a D\u00eda Argentina S.A. en una causa por presunta evasi\u00f3n previsional vinculada al uso de contratos de franquicia, concesi\u00f3n y consignaci\u00f3n que, seg\u00fan el expediente, habr\u00edan servido para encubrir relaciones laborales, y le impuso un embargo de $800 millones sobre sus bienes. La decisi\u00f3n fue adoptada por el Juzgado Nacional en lo [&hellip;]\" \/>\n<meta property=\"og:url\" content=\"https:\/\/gysfm.com.ar\/inicio\/procesaron-a-la-empresa-dia-por-presunta-evasion-previsional-y-le-impusieron-un-embargo-de-800-millones\/\" \/>\n<meta property=\"og:site_name\" content=\"GYS NOTICIAS |\" \/>\n<meta property=\"article:published_time\" content=\"2026-04-28T02:43:17+00:00\" \/>\n<meta property=\"article:modified_time\" content=\"2026-04-28T02:43:18+00:00\" \/>\n<meta property=\"og:image\" content=\"https:\/\/gysfm.com.ar\/inicio\/wp-content\/uploads\/2026\/04\/la-empresa-dia-fue-procesada-por-presunta-evasion-UNLH3KAA6JDR7GGUPBVXQEOCIQ.jpg\" \/>\n\t<meta property=\"og:image:width\" content=\"1200\" \/>\n\t<meta property=\"og:image:height\" content=\"800\" \/>\n\t<meta property=\"og:image:type\" content=\"image\/jpeg\" \/>\n<meta name=\"author\" content=\"admin\" \/>\n<meta name=\"twitter:card\" content=\"summary_large_image\" \/>\n<meta name=\"twitter:label1\" content=\"Escrito por\" \/>\n\t<meta name=\"twitter:data1\" content=\"admin\" \/>\n\t<meta name=\"twitter:label2\" content=\"Tiempo de lectura\" \/>\n\t<meta name=\"twitter:data2\" content=\"3 minutos\" \/>\n<script type=\"application\/ld+json\" class=\"yoast-schema-graph\">{\"@context\":\"https:\/\/schema.org\",\"@graph\":[{\"@type\":\"Article\",\"@id\":\"https:\/\/gysfm.com.ar\/inicio\/procesaron-a-la-empresa-dia-por-presunta-evasion-previsional-y-le-impusieron-un-embargo-de-800-millones\/#article\",\"isPartOf\":{\"@id\":\"https:\/\/gysfm.com.ar\/inicio\/procesaron-a-la-empresa-dia-por-presunta-evasion-previsional-y-le-impusieron-un-embargo-de-800-millones\/\"},\"author\":{\"name\":\"admin\",\"@id\":\"https:\/\/gysfm.com.ar\/inicio\/#\/schema\/person\/5bedd7ecd35cc35548d89effafa23696\"},\"headline\":\"Procesaron a la empresa D\u00eda por presunta evasi\u00f3n previsional y le impusieron un embargo de $800 millones\",\"datePublished\":\"2026-04-28T02:43:17+00:00\",\"dateModified\":\"2026-04-28T02:43:18+00:00\",\"mainEntityOfPage\":{\"@id\":\"https:\/\/gysfm.com.ar\/inicio\/procesaron-a-la-empresa-dia-por-presunta-evasion-previsional-y-le-impusieron-un-embargo-de-800-millones\/\"},\"wordCount\":689,\"publisher\":{\"@id\":\"https:\/\/gysfm.com.ar\/inicio\/#organization\"},\"image\":{\"@id\":\"https:\/\/gysfm.com.ar\/inicio\/procesaron-a-la-empresa-dia-por-presunta-evasion-previsional-y-le-impusieron-un-embargo-de-800-millones\/#primaryimage\"},\"thumbnailUrl\":\"https:\/\/gysfm.com.ar\/inicio\/wp-content\/uploads\/2026\/04\/la-empresa-dia-fue-procesada-por-presunta-evasion-UNLH3KAA6JDR7GGUPBVXQEOCIQ.jpg\",\"articleSection\":[\"ECONOMIA\"],\"inLanguage\":\"es\"},{\"@type\":\"WebPage\",\"@id\":\"https:\/\/gysfm.com.ar\/inicio\/procesaron-a-la-empresa-dia-por-presunta-evasion-previsional-y-le-impusieron-un-embargo-de-800-millones\/\",\"url\":\"https:\/\/gysfm.com.ar\/inicio\/procesaron-a-la-empresa-dia-por-presunta-evasion-previsional-y-le-impusieron-un-embargo-de-800-millones\/\",\"name\":\"Procesaron a la empresa D\u00eda por presunta evasi\u00f3n previsional y le impusieron un embargo de $800 millones - GYS NOTICIAS |\",\"isPartOf\":{\"@id\":\"https:\/\/gysfm.com.ar\/inicio\/#website\"},\"primaryImageOfPage\":{\"@id\":\"https:\/\/gysfm.com.ar\/inicio\/procesaron-a-la-empresa-dia-por-presunta-evasion-previsional-y-le-impusieron-un-embargo-de-800-millones\/#primaryimage\"},\"image\":{\"@id\":\"https:\/\/gysfm.com.ar\/inicio\/procesaron-a-la-empresa-dia-por-presunta-evasion-previsional-y-le-impusieron-un-embargo-de-800-millones\/#primaryimage\"},\"thumbnailUrl\":\"https:\/\/gysfm.com.ar\/inicio\/wp-content\/uploads\/2026\/04\/la-empresa-dia-fue-procesada-por-presunta-evasion-UNLH3KAA6JDR7GGUPBVXQEOCIQ.jpg\",\"datePublished\":\"2026-04-28T02:43:17+00:00\",\"dateModified\":\"2026-04-28T02:43:18+00:00\",\"breadcrumb\":{\"@id\":\"https:\/\/gysfm.com.ar\/inicio\/procesaron-a-la-empresa-dia-por-presunta-evasion-previsional-y-le-impusieron-un-embargo-de-800-millones\/#breadcrumb\"},\"inLanguage\":\"es\",\"potentialAction\":[{\"@type\":\"ReadAction\",\"target\":[\"https:\/\/gysfm.com.ar\/inicio\/procesaron-a-la-empresa-dia-por-presunta-evasion-previsional-y-le-impusieron-un-embargo-de-800-millones\/\"]}]},{\"@type\":\"ImageObject\",\"inLanguage\":\"es\",\"@id\":\"https:\/\/gysfm.com.ar\/inicio\/procesaron-a-la-empresa-dia-por-presunta-evasion-previsional-y-le-impusieron-un-embargo-de-800-millones\/#primaryimage\",\"url\":\"https:\/\/gysfm.com.ar\/inicio\/wp-content\/uploads\/2026\/04\/la-empresa-dia-fue-procesada-por-presunta-evasion-UNLH3KAA6JDR7GGUPBVXQEOCIQ.jpg\",\"contentUrl\":\"https:\/\/gysfm.com.ar\/inicio\/wp-content\/uploads\/2026\/04\/la-empresa-dia-fue-procesada-por-presunta-evasion-UNLH3KAA6JDR7GGUPBVXQEOCIQ.jpg\",\"width\":1200,\"height\":800},{\"@type\":\"BreadcrumbList\",\"@id\":\"https:\/\/gysfm.com.ar\/inicio\/procesaron-a-la-empresa-dia-por-presunta-evasion-previsional-y-le-impusieron-un-embargo-de-800-millones\/#breadcrumb\",\"itemListElement\":[{\"@type\":\"ListItem\",\"position\":1,\"name\":\"Portada\",\"item\":\"https:\/\/gysfm.com.ar\/inicio\/\"},{\"@type\":\"ListItem\",\"position\":2,\"name\":\"Procesaron a la empresa D\u00eda por presunta evasi\u00f3n previsional y le impusieron un embargo de $800 millones\"}]},{\"@type\":\"WebSite\",\"@id\":\"https:\/\/gysfm.com.ar\/inicio\/#website\",\"url\":\"https:\/\/gysfm.com.ar\/inicio\/\",\"name\":\"GYS NOTICIAS |\",\"description\":\"DIARIO - RADIO ONLINE SAN JUAN ARGENTINA\",\"publisher\":{\"@id\":\"https:\/\/gysfm.com.ar\/inicio\/#organization\"},\"potentialAction\":[{\"@type\":\"SearchAction\",\"target\":{\"@type\":\"EntryPoint\",\"urlTemplate\":\"https:\/\/gysfm.com.ar\/inicio\/?s={search_term_string}\"},\"query-input\":{\"@type\":\"PropertyValueSpecification\",\"valueRequired\":true,\"valueName\":\"search_term_string\"}}],\"inLanguage\":\"es\"},{\"@type\":\"Organization\",\"@id\":\"https:\/\/gysfm.com.ar\/inicio\/#organization\",\"name\":\"GYS NOTICIAS |\",\"url\":\"https:\/\/gysfm.com.ar\/inicio\/\",\"logo\":{\"@type\":\"ImageObject\",\"inLanguage\":\"es\",\"@id\":\"https:\/\/gysfm.com.ar\/inicio\/#\/schema\/logo\/image\/\",\"url\":\"https:\/\/gysfm.com.ar\/inicio\/wp-content\/uploads\/2023\/07\/LOGOGYS-OK.png\",\"contentUrl\":\"https:\/\/gysfm.com.ar\/inicio\/wp-content\/uploads\/2023\/07\/LOGOGYS-OK.png\",\"width\":1170,\"height\":872,\"caption\":\"GYS NOTICIAS |\"},\"image\":{\"@id\":\"https:\/\/gysfm.com.ar\/inicio\/#\/schema\/logo\/image\/\"}},{\"@type\":\"Person\",\"@id\":\"https:\/\/gysfm.com.ar\/inicio\/#\/schema\/person\/5bedd7ecd35cc35548d89effafa23696\",\"name\":\"admin\",\"image\":{\"@type\":\"ImageObject\",\"inLanguage\":\"es\",\"@id\":\"https:\/\/gysfm.com.ar\/inicio\/#\/schema\/person\/image\/\",\"url\":\"https:\/\/secure.gravatar.com\/avatar\/c331d312b5243fb64d5ba28108a447b27c925295129a363082c9ea52c28d32c2?s=96&d=mm&r=g\",\"contentUrl\":\"https:\/\/secure.gravatar.com\/avatar\/c331d312b5243fb64d5ba28108a447b27c925295129a363082c9ea52c28d32c2?s=96&d=mm&r=g\",\"caption\":\"admin\"},\"sameAs\":[\"https:\/\/gysfm.com.ar\/inicio\"],\"url\":\"https:\/\/gysfm.com.ar\/inicio\/author\/admin\/\"}]}<\/script>\n<!-- \/ Yoast SEO plugin. -->","yoast_head_json":{"title":"Procesaron a la empresa D\u00eda por presunta evasi\u00f3n previsional y le impusieron un embargo de $800 millones - GYS NOTICIAS |","robots":{"index":"index","follow":"follow","max-snippet":"max-snippet:-1","max-image-preview":"max-image-preview:large","max-video-preview":"max-video-preview:-1"},"canonical":"https:\/\/gysfm.com.ar\/inicio\/procesaron-a-la-empresa-dia-por-presunta-evasion-previsional-y-le-impusieron-un-embargo-de-800-millones\/","og_locale":"es_ES","og_type":"article","og_title":"Procesaron a la empresa D\u00eda por presunta evasi\u00f3n previsional y le impusieron un embargo de $800 millones - GYS NOTICIAS |","og_description":"La Justicia proces\u00f3 a D\u00eda Argentina S.A. en una causa por presunta evasi\u00f3n previsional vinculada al uso de contratos de franquicia, concesi\u00f3n y consignaci\u00f3n que, seg\u00fan el expediente, habr\u00edan servido para encubrir relaciones laborales, y le impuso un embargo de $800 millones sobre sus bienes. La decisi\u00f3n fue adoptada por el Juzgado Nacional en lo [&hellip;]","og_url":"https:\/\/gysfm.com.ar\/inicio\/procesaron-a-la-empresa-dia-por-presunta-evasion-previsional-y-le-impusieron-un-embargo-de-800-millones\/","og_site_name":"GYS NOTICIAS |","article_published_time":"2026-04-28T02:43:17+00:00","article_modified_time":"2026-04-28T02:43:18+00:00","og_image":[{"width":1200,"height":800,"url":"https:\/\/gysfm.com.ar\/inicio\/wp-content\/uploads\/2026\/04\/la-empresa-dia-fue-procesada-por-presunta-evasion-UNLH3KAA6JDR7GGUPBVXQEOCIQ.jpg","type":"image\/jpeg"}],"author":"admin","twitter_card":"summary_large_image","twitter_misc":{"Escrito por":"admin","Tiempo de lectura":"3 minutos"},"schema":{"@context":"https:\/\/schema.org","@graph":[{"@type":"Article","@id":"https:\/\/gysfm.com.ar\/inicio\/procesaron-a-la-empresa-dia-por-presunta-evasion-previsional-y-le-impusieron-un-embargo-de-800-millones\/#article","isPartOf":{"@id":"https:\/\/gysfm.com.ar\/inicio\/procesaron-a-la-empresa-dia-por-presunta-evasion-previsional-y-le-impusieron-un-embargo-de-800-millones\/"},"author":{"name":"admin","@id":"https:\/\/gysfm.com.ar\/inicio\/#\/schema\/person\/5bedd7ecd35cc35548d89effafa23696"},"headline":"Procesaron a la empresa D\u00eda por presunta evasi\u00f3n previsional y le impusieron un embargo de $800 millones","datePublished":"2026-04-28T02:43:17+00:00","dateModified":"2026-04-28T02:43:18+00:00","mainEntityOfPage":{"@id":"https:\/\/gysfm.com.ar\/inicio\/procesaron-a-la-empresa-dia-por-presunta-evasion-previsional-y-le-impusieron-un-embargo-de-800-millones\/"},"wordCount":689,"publisher":{"@id":"https:\/\/gysfm.com.ar\/inicio\/#organization"},"image":{"@id":"https:\/\/gysfm.com.ar\/inicio\/procesaron-a-la-empresa-dia-por-presunta-evasion-previsional-y-le-impusieron-un-embargo-de-800-millones\/#primaryimage"},"thumbnailUrl":"https:\/\/gysfm.com.ar\/inicio\/wp-content\/uploads\/2026\/04\/la-empresa-dia-fue-procesada-por-presunta-evasion-UNLH3KAA6JDR7GGUPBVXQEOCIQ.jpg","articleSection":["ECONOMIA"],"inLanguage":"es"},{"@type":"WebPage","@id":"https:\/\/gysfm.com.ar\/inicio\/procesaron-a-la-empresa-dia-por-presunta-evasion-previsional-y-le-impusieron-un-embargo-de-800-millones\/","url":"https:\/\/gysfm.com.ar\/inicio\/procesaron-a-la-empresa-dia-por-presunta-evasion-previsional-y-le-impusieron-un-embargo-de-800-millones\/","name":"Procesaron a la empresa D\u00eda por presunta evasi\u00f3n previsional y le impusieron un embargo de $800 millones - GYS NOTICIAS |","isPartOf":{"@id":"https:\/\/gysfm.com.ar\/inicio\/#website"},"primaryImageOfPage":{"@id":"https:\/\/gysfm.com.ar\/inicio\/procesaron-a-la-empresa-dia-por-presunta-evasion-previsional-y-le-impusieron-un-embargo-de-800-millones\/#primaryimage"},"image":{"@id":"https:\/\/gysfm.com.ar\/inicio\/procesaron-a-la-empresa-dia-por-presunta-evasion-previsional-y-le-impusieron-un-embargo-de-800-millones\/#primaryimage"},"thumbnailUrl":"https:\/\/gysfm.com.ar\/inicio\/wp-content\/uploads\/2026\/04\/la-empresa-dia-fue-procesada-por-presunta-evasion-UNLH3KAA6JDR7GGUPBVXQEOCIQ.jpg","datePublished":"2026-04-28T02:43:17+00:00","dateModified":"2026-04-28T02:43:18+00:00","breadcrumb":{"@id":"https:\/\/gysfm.com.ar\/inicio\/procesaron-a-la-empresa-dia-por-presunta-evasion-previsional-y-le-impusieron-un-embargo-de-800-millones\/#breadcrumb"},"inLanguage":"es","potentialAction":[{"@type":"ReadAction","target":["https:\/\/gysfm.com.ar\/inicio\/procesaron-a-la-empresa-dia-por-presunta-evasion-previsional-y-le-impusieron-un-embargo-de-800-millones\/"]}]},{"@type":"ImageObject","inLanguage":"es","@id":"https:\/\/gysfm.com.ar\/inicio\/procesaron-a-la-empresa-dia-por-presunta-evasion-previsional-y-le-impusieron-un-embargo-de-800-millones\/#primaryimage","url":"https:\/\/gysfm.com.ar\/inicio\/wp-content\/uploads\/2026\/04\/la-empresa-dia-fue-procesada-por-presunta-evasion-UNLH3KAA6JDR7GGUPBVXQEOCIQ.jpg","contentUrl":"https:\/\/gysfm.com.ar\/inicio\/wp-content\/uploads\/2026\/04\/la-empresa-dia-fue-procesada-por-presunta-evasion-UNLH3KAA6JDR7GGUPBVXQEOCIQ.jpg","width":1200,"height":800},{"@type":"BreadcrumbList","@id":"https:\/\/gysfm.com.ar\/inicio\/procesaron-a-la-empresa-dia-por-presunta-evasion-previsional-y-le-impusieron-un-embargo-de-800-millones\/#breadcrumb","itemListElement":[{"@type":"ListItem","position":1,"name":"Portada","item":"https:\/\/gysfm.com.ar\/inicio\/"},{"@type":"ListItem","position":2,"name":"Procesaron a la empresa D\u00eda por presunta evasi\u00f3n previsional y le impusieron un embargo de $800 millones"}]},{"@type":"WebSite","@id":"https:\/\/gysfm.com.ar\/inicio\/#website","url":"https:\/\/gysfm.com.ar\/inicio\/","name":"GYS NOTICIAS |","description":"DIARIO - RADIO ONLINE SAN JUAN ARGENTINA","publisher":{"@id":"https:\/\/gysfm.com.ar\/inicio\/#organization"},"potentialAction":[{"@type":"SearchAction","target":{"@type":"EntryPoint","urlTemplate":"https:\/\/gysfm.com.ar\/inicio\/?s={search_term_string}"},"query-input":{"@type":"PropertyValueSpecification","valueRequired":true,"valueName":"search_term_string"}}],"inLanguage":"es"},{"@type":"Organization","@id":"https:\/\/gysfm.com.ar\/inicio\/#organization","name":"GYS NOTICIAS |","url":"https:\/\/gysfm.com.ar\/inicio\/","logo":{"@type":"ImageObject","inLanguage":"es","@id":"https:\/\/gysfm.com.ar\/inicio\/#\/schema\/logo\/image\/","url":"https:\/\/gysfm.com.ar\/inicio\/wp-content\/uploads\/2023\/07\/LOGOGYS-OK.png","contentUrl":"https:\/\/gysfm.com.ar\/inicio\/wp-content\/uploads\/2023\/07\/LOGOGYS-OK.png","width":1170,"height":872,"caption":"GYS NOTICIAS |"},"image":{"@id":"https:\/\/gysfm.com.ar\/inicio\/#\/schema\/logo\/image\/"}},{"@type":"Person","@id":"https:\/\/gysfm.com.ar\/inicio\/#\/schema\/person\/5bedd7ecd35cc35548d89effafa23696","name":"admin","image":{"@type":"ImageObject","inLanguage":"es","@id":"https:\/\/gysfm.com.ar\/inicio\/#\/schema\/person\/image\/","url":"https:\/\/secure.gravatar.com\/avatar\/c331d312b5243fb64d5ba28108a447b27c925295129a363082c9ea52c28d32c2?s=96&d=mm&r=g","contentUrl":"https:\/\/secure.gravatar.com\/avatar\/c331d312b5243fb64d5ba28108a447b27c925295129a363082c9ea52c28d32c2?s=96&d=mm&r=g","caption":"admin"},"sameAs":["https:\/\/gysfm.com.ar\/inicio"],"url":"https:\/\/gysfm.com.ar\/inicio\/author\/admin\/"}]}},"_links":{"self":[{"href":"https:\/\/gysfm.com.ar\/inicio\/wp-json\/wp\/v2\/posts\/193379","targetHints":{"allow":["GET"]}}],"collection":[{"href":"https:\/\/gysfm.com.ar\/inicio\/wp-json\/wp\/v2\/posts"}],"about":[{"href":"https:\/\/gysfm.com.ar\/inicio\/wp-json\/wp\/v2\/types\/post"}],"author":[{"embeddable":true,"href":"https:\/\/gysfm.com.ar\/inicio\/wp-json\/wp\/v2\/users\/1"}],"replies":[{"embeddable":true,"href":"https:\/\/gysfm.com.ar\/inicio\/wp-json\/wp\/v2\/comments?post=193379"}],"version-history":[{"count":1,"href":"https:\/\/gysfm.com.ar\/inicio\/wp-json\/wp\/v2\/posts\/193379\/revisions"}],"predecessor-version":[{"id":193381,"href":"https:\/\/gysfm.com.ar\/inicio\/wp-json\/wp\/v2\/posts\/193379\/revisions\/193381"}],"wp:featuredmedia":[{"embeddable":true,"href":"https:\/\/gysfm.com.ar\/inicio\/wp-json\/wp\/v2\/media\/193380"}],"wp:attachment":[{"href":"https:\/\/gysfm.com.ar\/inicio\/wp-json\/wp\/v2\/media?parent=193379"}],"wp:term":[{"taxonomy":"category","embeddable":true,"href":"https:\/\/gysfm.com.ar\/inicio\/wp-json\/wp\/v2\/categories?post=193379"},{"taxonomy":"post_tag","embeddable":true,"href":"https:\/\/gysfm.com.ar\/inicio\/wp-json\/wp\/v2\/tags?post=193379"}],"curies":[{"name":"wp","href":"https:\/\/api.w.org\/{rel}","templated":true}]}}