{"id":193373,"date":"2026-04-27T22:51:09","date_gmt":"2026-04-28T01:51:09","guid":{"rendered":"https:\/\/gysfm.com.ar\/inicio\/empresas-de-colectivos-del-amba-se-declaran-en-emergencia-y-amenazan-con-fuertes-recortes-de-servicio\/"},"modified":"2026-04-27T22:51:09","modified_gmt":"2026-04-28T01:51:09","slug":"empresas-de-colectivos-del-amba-se-declaran-en-emergencia-y-amenazan-con-fuertes-recortes-de-servicio","status":"publish","type":"post","link":"https:\/\/gysfm.com.ar\/inicio\/empresas-de-colectivos-del-amba-se-declaran-en-emergencia-y-amenazan-con-fuertes-recortes-de-servicio\/","title":{"rendered":"Empresas de colectivos del AMBA se declaran en emergencia y amenazan con fuertes recortes de servicio"},"content":{"rendered":"<p><\/p>\n<div id=\"article-content\">\n<p>El sistema de transporte p\u00fablico del <strong>\u00c1rea Metropolitana de Buenos Aires <\/strong>(AMBA) est\u00e1 en la cornisa y <strong>millones de pasajeros podr\u00edan quedar a la deriva <\/strong>en los pr\u00f3ximos d\u00edas. Las c\u00e1maras empresarias que nuclean a las l\u00edneas de colectivos se declararon <a target=\"_blank\" href=\"https:\/\/www.perfil.com\/noticias\/politica\/paro-de-colectivos-el-gobierno-se-vio-obligado-a-resolver-el-conflicto-con-las-camaras-de-transporte.phtml\"><strong>formalmente en estado de emergencia<\/strong><\/a> y lanzaron un ultim\u00e1tum: si el Estado no salda una deuda multimillonaria y actualiza la estructura de costos, avanzar\u00e1n con <strong>recortes dr\u00e1sticos en el servicio<\/strong>, afectando principalmente los horarios nocturnos.<\/p>\n<p>A trav\u00e9s de un duro comunicado conjunto, las empresas apuntaron directamente contra la <strong>inacci\u00f3n de las autoridades nacionales y bonaerenses<\/strong>. Argumentaron que, tras aplicar medidas a principios de abril, el sector contin\u00faa <strong>sin recibir respuestas concretas <\/strong>sobre <a target=\"_blank\" href=\"https:\/\/www.perfil.com\/noticias\/reperfilar\/amba-aumenta-el-boleto-de-colectivos-y-subte-cuanto-y-a-partir-de-cuando.phtml\">c\u00f3mo afrontar\u00e1n la disparada en el precio<\/a> del combustible. \u00abLa actual situaci\u00f3n resulta insostenible\u00bb, sentenciaron los directivos.<\/p>\n<p style=\"text-align:center\"><picture><source media=\"(max-width: 440px)\" srcset=\"https:\/\/fotos.perfil.com\/\/2026\/04\/07\/440\/0\/colectivos-en-el-amba-2215958.jpg?webp\"\/><source media=\"(max-width: 1019px)\" srcset=\"https:\/\/fotos.perfil.com\/\/2026\/04\/07\/712\/0\/colectivos-en-el-amba-2215958.jpg?webp\"\/><img decoding=\"async\" style=\"max-width: 100%; width: 100%;\" alt=\"Colectivos en el AMBA\" src=\"https:\/\/fotos.perfil.com\/\/2026\/04\/07\/900\/0\/colectivos-en-el-amba-2215958.jpg?webp\" loading=\"lazy\"\/><\/picture><\/p>\n<div class=\"subscription\">\n<p>\n        Esto no les gusta a los autoritarios\n    <\/p>\n<div class=\"subscription__container\">\n<div class=\"subscription__text-wrapper\">\n<p>\n                El ejercicio del periodismo profesional y cr\u00edtico es un pilar fundamental de la democracia. Por eso molesta a quienes creen ser los due\u00f1os de la verdad.\n            <\/p>\n<\/p><\/div><\/div>\n<\/div>\n<p>El n\u00facleo del conflicto radica en el profundo atraso de los subsidios y la<strong> falta de pagos por parte del Estado<\/strong>. Las agrupaciones empresariales, que re\u00fanen a entidades como la <strong>CTPBA, CEAP, CETUBA y CEUTUPBA<\/strong>, denunciaron que el Gobierno mantiene una deuda en concepto de compensaciones que supera los<strong> 128 mil millones de pesos<\/strong>. Ante este oscuro panorama, remarcaron que sostienen la prestaci\u00f3n de los recorridos \u00fanicamente mediante un enorme y desgastante esfuerzo privado.<\/p>\n<p>La cuenta regresiva tiene una fecha l\u00edmite inamovible: el pr\u00f3ximo <strong>jueves 30 de abril<\/strong>. Ese d\u00eda se llevar\u00e1 a cabo una reuni\u00f3n clave en el \u00e1mbito de la<strong> Secretar\u00eda de Transporte de la Naci\u00f3n<\/strong>, donde el sector espera definiciones urgentes. <\/p>\n<p style=\"text-align:center\"><picture><source media=\"(max-width: 440px)\" srcset=\"https:\/\/fotos.perfil.com\/\/2026\/03\/11\/440\/0\/colectivo-148-11032026-2200660.jpg?webp\"\/><source media=\"(max-width: 1019px)\" srcset=\"https:\/\/fotos.perfil.com\/\/2026\/03\/11\/712\/0\/colectivo-148-11032026-2200660.jpg?webp\"\/><img decoding=\"async\" style=\"max-width: 100%; width: 100%;\" alt=\"Colectivo 148 11032026\" src=\"https:\/\/fotos.perfil.com\/\/2026\/03\/11\/900\/0\/colectivo-148-11032026-2200660.jpg?webp\" loading=\"lazy\"\/><\/picture><\/p>\n<p>Si todo fracasa, el impacto <a target=\"_blank\" href=\"https:\/\/www.perfil.com\/noticias\/economia\/empresas-de-colectivos-de-amba-reducen-servicios-por-el-aumento-del-gasoil-a40.phtml\"><strong>recaer\u00e1 de lleno sobre los usuarios<\/strong><\/a>. Fuentes del sector revelaron a <em>Clar\u00edn <\/em>que la intenci\u00f3n es profundizar la reducci\u00f3n de frecuencias que ya sufren los pasajeros, apuntando de forma directa a los <strong>horarios con menor demanda <\/strong>de boletos. Esta medida agravar\u00e1 el escenario actual, donde las unidades circulan con<strong> marcadas demoras<\/strong> a pesar de que los empresarios elevaron levemente la oferta en las horas pico durante las \u00faltimas semanas.<\/p>\n<p>Para fundamentar su dura postura, las c\u00e1maras recordaron que <strong>agotaron m\u00faltiples instancias de di\u00e1logo <\/strong>previo con el Estado. En esas mesas de negociaci\u00f3n, no s\u00f3lo expusieron la gravedad extrema del cuadro financiero, sino que tambi\u00e9n acercaron propuestas concretas orientadas a mejorar la red de movilidad metropolitana.<\/p>\n<p class=\"destacadoNota\"><a target=\"_blank\" href=\"https:\/\/www.perfil.com\/noticias\/economia\/colectivos-en-crisis-cuanto-podria-tardar-la-normalizacion-del-servicio-a40.phtml\">Colectivos en crisis: cu\u00e1nto podr\u00eda tardar la normalizaci\u00f3n del servicio<\/a><\/p>\n<h2>El peso del combustible y la amenaza tarifaria <\/h2>\n<p>Este inminente de recorte profundiza una crisis que ya golpea con fuerza a los pasajeros del AMBA. Un reciente informe elaborado por el Instituto Interdisciplinario de Econom\u00eda Pol\u00edtica<strong> (IIEP)<\/strong> de la <strong>UBA <\/strong>revel\u00f3 que la circulaci\u00f3n de colectivos <a target=\"_blank\" href=\"https:\/\/www.perfil.com\/noticias\/economia\/colectivos-amba-circulan-hasta-40-menos-aumento-combustible-crece-presion-tarifas-a40.phtml\"><strong>sufri\u00f3 ca\u00eddas de hasta un 40%<\/strong><\/a> durante el mes de abril en los trayectos interjurisdiccionales, impulsada por el impacto de la guerra en Ir\u00e1n sobre los precios internacionales de la energ\u00eda.<\/p>\n<p>El estudio universitario dej\u00f3 al descubierto el <strong>gigantesco desfasaje de la estructura de costos<\/strong> que denuncian las empresas. Los subsidios estatales vigentes est\u00e1n calculados sobre la base de un gasoil a <strong>$1.744 el litro<\/strong>, mientras que el valor real de mercado ya <strong>perfor\u00f3 el techo de los $2.100<\/strong>. Para poder sostener el nivel operativo regular de la flota, el Estado deber\u00eda inyectar <strong>al menos $17.500 millones adicionales por mes<\/strong>, una cuenta millonaria que hoy se disputan las carteras de Naci\u00f3n, Provincia y la Ciudad de Buenos Aires.<\/p>\n<p>Los especialistas del observatorio encendieron una \u00faltima luz de alarma que golpea de frente al bolsillo. Ante la falta de asistencia estatal, advirtieron que si las firmas de transporte deciden trasladar la totalidad del incremento del combustible al boleto para no quebrar, se requerir\u00eda <strong>una suba directa del 16%<\/strong>. Este porcentaje se sumar\u00eda irremediablemente a los incrementos que ya estaban preestablecidos para el transcurso del a\u00f1o, complicando a\u00fan m\u00e1s la econom\u00eda de los trabajadores.<\/p>\n<p><em>TC\/ML<\/em><\/p>\n<\/p><\/div>\n<p><script>\n                !function(f,b,e,v,n,t,s)\n                {if(f.fbq)return;n=f.fbq=function(){n.callMethod?\n                    n.callMethod.apply(n,arguments):n.queue.push(arguments)};\n                    if(!f._fbq)f._fbq=n;n.push=n;n.loaded=!0;n.version='2.0';\n                    n.queue=[];t=b.createElement(e);t.async=!0;\n                    t.src=v;s=b.getElementsByTagName(e)[0];\n                    s.parentNode.insertBefore(t,s)}(window, document,'script',\n                    'https:\/\/connect.facebook.net\/en_US\/fbevents.js');\n                window.paywallConfig.facebook_pixel=\"1000228364089342\"\n            <\/script><\/p>\n","protected":false},"excerpt":{"rendered":"<p>El sistema de transporte p\u00fablico del \u00c1rea Metropolitana de Buenos Aires (AMBA) est\u00e1 en la cornisa y millones de pasajeros podr\u00edan quedar a la deriva en los pr\u00f3ximos d\u00edas. Las c\u00e1maras empresarias que nuclean a las l\u00edneas de colectivos se declararon formalmente en estado de emergencia y lanzaron un ultim\u00e1tum: si el Estado no salda [&hellip;]<\/p>\n","protected":false},"author":2,"featured_media":189629,"comment_status":"closed","ping_status":"closed","sticky":false,"template":"","format":"standard","meta":{"footnotes":""},"categories":[25],"tags":[],"class_list":["post-193373","post","type-post","status-publish","format-standard","has-post-thumbnail","hentry","category-nacionales"],"yoast_head":"<!-- This site is optimized with the Yoast SEO plugin v24.4 - https:\/\/yoast.com\/wordpress\/plugins\/seo\/ -->\n<title>Empresas de colectivos del AMBA se declaran en emergencia y amenazan con fuertes recortes de servicio - GYS NOTICIAS |<\/title>\n<meta name=\"robots\" content=\"index, follow, max-snippet:-1, max-image-preview:large, max-video-preview:-1\" \/>\n<link rel=\"canonical\" href=\"https:\/\/gysfm.com.ar\/inicio\/empresas-de-colectivos-del-amba-se-declaran-en-emergencia-y-amenazan-con-fuertes-recortes-de-servicio\/\" \/>\n<meta property=\"og:locale\" content=\"es_ES\" \/>\n<meta property=\"og:type\" content=\"article\" \/>\n<meta property=\"og:title\" content=\"Empresas de colectivos del AMBA se declaran en emergencia y amenazan con fuertes recortes de servicio - GYS NOTICIAS |\" \/>\n<meta property=\"og:description\" content=\"El sistema de transporte p\u00fablico del \u00c1rea Metropolitana de Buenos Aires (AMBA) est\u00e1 en la cornisa y millones de pasajeros podr\u00edan quedar a la deriva en los pr\u00f3ximos d\u00edas. Las c\u00e1maras empresarias que nuclean a las l\u00edneas de colectivos se declararon formalmente en estado de emergencia y lanzaron un ultim\u00e1tum: si el Estado no salda [&hellip;]\" \/>\n<meta property=\"og:url\" content=\"https:\/\/gysfm.com.ar\/inicio\/empresas-de-colectivos-del-amba-se-declaran-en-emergencia-y-amenazan-con-fuertes-recortes-de-servicio\/\" \/>\n<meta property=\"og:site_name\" content=\"GYS NOTICIAS |\" \/>\n<meta property=\"article:published_time\" content=\"2026-04-28T01:51:09+00:00\" \/>\n<meta property=\"og:image\" content=\"https:\/\/fotos.perfil.com\/\/2026\/04\/07\/900\/0\/colectivos-en-el-amba-2215958.jpg?webp\" \/>\n<meta name=\"author\" content=\"Prensa G&amp;S FM\" \/>\n<meta name=\"twitter:card\" content=\"summary_large_image\" \/>\n<meta name=\"twitter:label1\" content=\"Escrito por\" \/>\n\t<meta name=\"twitter:data1\" content=\"Prensa G&amp;S FM\" \/>\n\t<meta name=\"twitter:label2\" content=\"Tiempo de lectura\" \/>\n\t<meta name=\"twitter:data2\" content=\"3 minutos\" \/>\n<script type=\"application\/ld+json\" class=\"yoast-schema-graph\">{\"@context\":\"https:\/\/schema.org\",\"@graph\":[{\"@type\":\"Article\",\"@id\":\"https:\/\/gysfm.com.ar\/inicio\/empresas-de-colectivos-del-amba-se-declaran-en-emergencia-y-amenazan-con-fuertes-recortes-de-servicio\/#article\",\"isPartOf\":{\"@id\":\"https:\/\/gysfm.com.ar\/inicio\/empresas-de-colectivos-del-amba-se-declaran-en-emergencia-y-amenazan-con-fuertes-recortes-de-servicio\/\"},\"author\":{\"name\":\"Prensa G&amp;S FM\",\"@id\":\"https:\/\/gysfm.com.ar\/inicio\/#\/schema\/person\/3abba7593ef2ad19e1be221d54383dc5\"},\"headline\":\"Empresas de colectivos del AMBA se declaran en emergencia y amenazan con fuertes recortes de servicio\",\"datePublished\":\"2026-04-28T01:51:09+00:00\",\"mainEntityOfPage\":{\"@id\":\"https:\/\/gysfm.com.ar\/inicio\/empresas-de-colectivos-del-amba-se-declaran-en-emergencia-y-amenazan-con-fuertes-recortes-de-servicio\/\"},\"wordCount\":709,\"publisher\":{\"@id\":\"https:\/\/gysfm.com.ar\/inicio\/#organization\"},\"image\":{\"@id\":\"https:\/\/gysfm.com.ar\/inicio\/empresas-de-colectivos-del-amba-se-declaran-en-emergencia-y-amenazan-con-fuertes-recortes-de-servicio\/#primaryimage\"},\"thumbnailUrl\":\"https:\/\/gysfm.com.ar\/inicio\/wp-content\/uploads\/2026\/04\/colectivos-2190182.jpg\",\"articleSection\":[\"NACIONALES\"],\"inLanguage\":\"es\"},{\"@type\":\"WebPage\",\"@id\":\"https:\/\/gysfm.com.ar\/inicio\/empresas-de-colectivos-del-amba-se-declaran-en-emergencia-y-amenazan-con-fuertes-recortes-de-servicio\/\",\"url\":\"https:\/\/gysfm.com.ar\/inicio\/empresas-de-colectivos-del-amba-se-declaran-en-emergencia-y-amenazan-con-fuertes-recortes-de-servicio\/\",\"name\":\"Empresas de colectivos del AMBA se declaran en emergencia y amenazan con fuertes recortes de servicio - GYS NOTICIAS |\",\"isPartOf\":{\"@id\":\"https:\/\/gysfm.com.ar\/inicio\/#website\"},\"primaryImageOfPage\":{\"@id\":\"https:\/\/gysfm.com.ar\/inicio\/empresas-de-colectivos-del-amba-se-declaran-en-emergencia-y-amenazan-con-fuertes-recortes-de-servicio\/#primaryimage\"},\"image\":{\"@id\":\"https:\/\/gysfm.com.ar\/inicio\/empresas-de-colectivos-del-amba-se-declaran-en-emergencia-y-amenazan-con-fuertes-recortes-de-servicio\/#primaryimage\"},\"thumbnailUrl\":\"https:\/\/gysfm.com.ar\/inicio\/wp-content\/uploads\/2026\/04\/colectivos-2190182.jpg\",\"datePublished\":\"2026-04-28T01:51:09+00:00\",\"breadcrumb\":{\"@id\":\"https:\/\/gysfm.com.ar\/inicio\/empresas-de-colectivos-del-amba-se-declaran-en-emergencia-y-amenazan-con-fuertes-recortes-de-servicio\/#breadcrumb\"},\"inLanguage\":\"es\",\"potentialAction\":[{\"@type\":\"ReadAction\",\"target\":[\"https:\/\/gysfm.com.ar\/inicio\/empresas-de-colectivos-del-amba-se-declaran-en-emergencia-y-amenazan-con-fuertes-recortes-de-servicio\/\"]}]},{\"@type\":\"ImageObject\",\"inLanguage\":\"es\",\"@id\":\"https:\/\/gysfm.com.ar\/inicio\/empresas-de-colectivos-del-amba-se-declaran-en-emergencia-y-amenazan-con-fuertes-recortes-de-servicio\/#primaryimage\",\"url\":\"https:\/\/gysfm.com.ar\/inicio\/wp-content\/uploads\/2026\/04\/colectivos-2190182.jpg\",\"contentUrl\":\"https:\/\/gysfm.com.ar\/inicio\/wp-content\/uploads\/2026\/04\/colectivos-2190182.jpg\",\"width\":1140,\"height\":641},{\"@type\":\"BreadcrumbList\",\"@id\":\"https:\/\/gysfm.com.ar\/inicio\/empresas-de-colectivos-del-amba-se-declaran-en-emergencia-y-amenazan-con-fuertes-recortes-de-servicio\/#breadcrumb\",\"itemListElement\":[{\"@type\":\"ListItem\",\"position\":1,\"name\":\"Portada\",\"item\":\"https:\/\/gysfm.com.ar\/inicio\/\"},{\"@type\":\"ListItem\",\"position\":2,\"name\":\"Empresas de colectivos del AMBA se declaran en emergencia y amenazan con fuertes recortes de servicio\"}]},{\"@type\":\"WebSite\",\"@id\":\"https:\/\/gysfm.com.ar\/inicio\/#website\",\"url\":\"https:\/\/gysfm.com.ar\/inicio\/\",\"name\":\"GYS NOTICIAS |\",\"description\":\"DIARIO - RADIO ONLINE SAN JUAN ARGENTINA\",\"publisher\":{\"@id\":\"https:\/\/gysfm.com.ar\/inicio\/#organization\"},\"potentialAction\":[{\"@type\":\"SearchAction\",\"target\":{\"@type\":\"EntryPoint\",\"urlTemplate\":\"https:\/\/gysfm.com.ar\/inicio\/?s={search_term_string}\"},\"query-input\":{\"@type\":\"PropertyValueSpecification\",\"valueRequired\":true,\"valueName\":\"search_term_string\"}}],\"inLanguage\":\"es\"},{\"@type\":\"Organization\",\"@id\":\"https:\/\/gysfm.com.ar\/inicio\/#organization\",\"name\":\"GYS NOTICIAS |\",\"url\":\"https:\/\/gysfm.com.ar\/inicio\/\",\"logo\":{\"@type\":\"ImageObject\",\"inLanguage\":\"es\",\"@id\":\"https:\/\/gysfm.com.ar\/inicio\/#\/schema\/logo\/image\/\",\"url\":\"https:\/\/gysfm.com.ar\/inicio\/wp-content\/uploads\/2023\/07\/LOGOGYS-OK.png\",\"contentUrl\":\"https:\/\/gysfm.com.ar\/inicio\/wp-content\/uploads\/2023\/07\/LOGOGYS-OK.png\",\"width\":1170,\"height\":872,\"caption\":\"GYS NOTICIAS |\"},\"image\":{\"@id\":\"https:\/\/gysfm.com.ar\/inicio\/#\/schema\/logo\/image\/\"}},{\"@type\":\"Person\",\"@id\":\"https:\/\/gysfm.com.ar\/inicio\/#\/schema\/person\/3abba7593ef2ad19e1be221d54383dc5\",\"name\":\"Prensa G&amp;S FM\",\"image\":{\"@type\":\"ImageObject\",\"inLanguage\":\"es\",\"@id\":\"https:\/\/gysfm.com.ar\/inicio\/#\/schema\/person\/image\/\",\"url\":\"https:\/\/secure.gravatar.com\/avatar\/096ec78df02049ab018702bb4ccedf659377fa92a26540b5247612077a0dbd29?s=96&d=mm&r=g\",\"contentUrl\":\"https:\/\/secure.gravatar.com\/avatar\/096ec78df02049ab018702bb4ccedf659377fa92a26540b5247612077a0dbd29?s=96&d=mm&r=g\",\"caption\":\"Prensa G&amp;S FM\"},\"sameAs\":[\"https:\/\/gysfm.com.ar\/\"],\"url\":\"https:\/\/gysfm.com.ar\/inicio\/author\/lucasm\/\"}]}<\/script>\n<!-- \/ Yoast SEO plugin. -->","yoast_head_json":{"title":"Empresas de colectivos del AMBA se declaran en emergencia y amenazan con fuertes recortes de servicio - GYS NOTICIAS |","robots":{"index":"index","follow":"follow","max-snippet":"max-snippet:-1","max-image-preview":"max-image-preview:large","max-video-preview":"max-video-preview:-1"},"canonical":"https:\/\/gysfm.com.ar\/inicio\/empresas-de-colectivos-del-amba-se-declaran-en-emergencia-y-amenazan-con-fuertes-recortes-de-servicio\/","og_locale":"es_ES","og_type":"article","og_title":"Empresas de colectivos del AMBA se declaran en emergencia y amenazan con fuertes recortes de servicio - GYS NOTICIAS |","og_description":"El sistema de transporte p\u00fablico del \u00c1rea Metropolitana de Buenos Aires (AMBA) est\u00e1 en la cornisa y millones de pasajeros podr\u00edan quedar a la deriva en los pr\u00f3ximos d\u00edas. Las c\u00e1maras empresarias que nuclean a las l\u00edneas de colectivos se declararon formalmente en estado de emergencia y lanzaron un ultim\u00e1tum: si el Estado no salda [&hellip;]","og_url":"https:\/\/gysfm.com.ar\/inicio\/empresas-de-colectivos-del-amba-se-declaran-en-emergencia-y-amenazan-con-fuertes-recortes-de-servicio\/","og_site_name":"GYS NOTICIAS |","article_published_time":"2026-04-28T01:51:09+00:00","og_image":[{"url":"https:\/\/fotos.perfil.com\/\/2026\/04\/07\/900\/0\/colectivos-en-el-amba-2215958.jpg?webp","type":"","width":"","height":""}],"author":"Prensa G&amp;S FM","twitter_card":"summary_large_image","twitter_misc":{"Escrito por":"Prensa G&amp;S FM","Tiempo de lectura":"3 minutos"},"schema":{"@context":"https:\/\/schema.org","@graph":[{"@type":"Article","@id":"https:\/\/gysfm.com.ar\/inicio\/empresas-de-colectivos-del-amba-se-declaran-en-emergencia-y-amenazan-con-fuertes-recortes-de-servicio\/#article","isPartOf":{"@id":"https:\/\/gysfm.com.ar\/inicio\/empresas-de-colectivos-del-amba-se-declaran-en-emergencia-y-amenazan-con-fuertes-recortes-de-servicio\/"},"author":{"name":"Prensa G&amp;S FM","@id":"https:\/\/gysfm.com.ar\/inicio\/#\/schema\/person\/3abba7593ef2ad19e1be221d54383dc5"},"headline":"Empresas de colectivos del AMBA se declaran en emergencia y amenazan con fuertes recortes de servicio","datePublished":"2026-04-28T01:51:09+00:00","mainEntityOfPage":{"@id":"https:\/\/gysfm.com.ar\/inicio\/empresas-de-colectivos-del-amba-se-declaran-en-emergencia-y-amenazan-con-fuertes-recortes-de-servicio\/"},"wordCount":709,"publisher":{"@id":"https:\/\/gysfm.com.ar\/inicio\/#organization"},"image":{"@id":"https:\/\/gysfm.com.ar\/inicio\/empresas-de-colectivos-del-amba-se-declaran-en-emergencia-y-amenazan-con-fuertes-recortes-de-servicio\/#primaryimage"},"thumbnailUrl":"https:\/\/gysfm.com.ar\/inicio\/wp-content\/uploads\/2026\/04\/colectivos-2190182.jpg","articleSection":["NACIONALES"],"inLanguage":"es"},{"@type":"WebPage","@id":"https:\/\/gysfm.com.ar\/inicio\/empresas-de-colectivos-del-amba-se-declaran-en-emergencia-y-amenazan-con-fuertes-recortes-de-servicio\/","url":"https:\/\/gysfm.com.ar\/inicio\/empresas-de-colectivos-del-amba-se-declaran-en-emergencia-y-amenazan-con-fuertes-recortes-de-servicio\/","name":"Empresas de colectivos del AMBA se declaran en emergencia y amenazan con fuertes recortes de servicio - GYS NOTICIAS |","isPartOf":{"@id":"https:\/\/gysfm.com.ar\/inicio\/#website"},"primaryImageOfPage":{"@id":"https:\/\/gysfm.com.ar\/inicio\/empresas-de-colectivos-del-amba-se-declaran-en-emergencia-y-amenazan-con-fuertes-recortes-de-servicio\/#primaryimage"},"image":{"@id":"https:\/\/gysfm.com.ar\/inicio\/empresas-de-colectivos-del-amba-se-declaran-en-emergencia-y-amenazan-con-fuertes-recortes-de-servicio\/#primaryimage"},"thumbnailUrl":"https:\/\/gysfm.com.ar\/inicio\/wp-content\/uploads\/2026\/04\/colectivos-2190182.jpg","datePublished":"2026-04-28T01:51:09+00:00","breadcrumb":{"@id":"https:\/\/gysfm.com.ar\/inicio\/empresas-de-colectivos-del-amba-se-declaran-en-emergencia-y-amenazan-con-fuertes-recortes-de-servicio\/#breadcrumb"},"inLanguage":"es","potentialAction":[{"@type":"ReadAction","target":["https:\/\/gysfm.com.ar\/inicio\/empresas-de-colectivos-del-amba-se-declaran-en-emergencia-y-amenazan-con-fuertes-recortes-de-servicio\/"]}]},{"@type":"ImageObject","inLanguage":"es","@id":"https:\/\/gysfm.com.ar\/inicio\/empresas-de-colectivos-del-amba-se-declaran-en-emergencia-y-amenazan-con-fuertes-recortes-de-servicio\/#primaryimage","url":"https:\/\/gysfm.com.ar\/inicio\/wp-content\/uploads\/2026\/04\/colectivos-2190182.jpg","contentUrl":"https:\/\/gysfm.com.ar\/inicio\/wp-content\/uploads\/2026\/04\/colectivos-2190182.jpg","width":1140,"height":641},{"@type":"BreadcrumbList","@id":"https:\/\/gysfm.com.ar\/inicio\/empresas-de-colectivos-del-amba-se-declaran-en-emergencia-y-amenazan-con-fuertes-recortes-de-servicio\/#breadcrumb","itemListElement":[{"@type":"ListItem","position":1,"name":"Portada","item":"https:\/\/gysfm.com.ar\/inicio\/"},{"@type":"ListItem","position":2,"name":"Empresas de colectivos del AMBA se declaran en emergencia y amenazan con fuertes recortes de servicio"}]},{"@type":"WebSite","@id":"https:\/\/gysfm.com.ar\/inicio\/#website","url":"https:\/\/gysfm.com.ar\/inicio\/","name":"GYS NOTICIAS |","description":"DIARIO - RADIO ONLINE SAN JUAN ARGENTINA","publisher":{"@id":"https:\/\/gysfm.com.ar\/inicio\/#organization"},"potentialAction":[{"@type":"SearchAction","target":{"@type":"EntryPoint","urlTemplate":"https:\/\/gysfm.com.ar\/inicio\/?s={search_term_string}"},"query-input":{"@type":"PropertyValueSpecification","valueRequired":true,"valueName":"search_term_string"}}],"inLanguage":"es"},{"@type":"Organization","@id":"https:\/\/gysfm.com.ar\/inicio\/#organization","name":"GYS NOTICIAS |","url":"https:\/\/gysfm.com.ar\/inicio\/","logo":{"@type":"ImageObject","inLanguage":"es","@id":"https:\/\/gysfm.com.ar\/inicio\/#\/schema\/logo\/image\/","url":"https:\/\/gysfm.com.ar\/inicio\/wp-content\/uploads\/2023\/07\/LOGOGYS-OK.png","contentUrl":"https:\/\/gysfm.com.ar\/inicio\/wp-content\/uploads\/2023\/07\/LOGOGYS-OK.png","width":1170,"height":872,"caption":"GYS NOTICIAS |"},"image":{"@id":"https:\/\/gysfm.com.ar\/inicio\/#\/schema\/logo\/image\/"}},{"@type":"Person","@id":"https:\/\/gysfm.com.ar\/inicio\/#\/schema\/person\/3abba7593ef2ad19e1be221d54383dc5","name":"Prensa G&amp;S FM","image":{"@type":"ImageObject","inLanguage":"es","@id":"https:\/\/gysfm.com.ar\/inicio\/#\/schema\/person\/image\/","url":"https:\/\/secure.gravatar.com\/avatar\/096ec78df02049ab018702bb4ccedf659377fa92a26540b5247612077a0dbd29?s=96&d=mm&r=g","contentUrl":"https:\/\/secure.gravatar.com\/avatar\/096ec78df02049ab018702bb4ccedf659377fa92a26540b5247612077a0dbd29?s=96&d=mm&r=g","caption":"Prensa G&amp;S FM"},"sameAs":["https:\/\/gysfm.com.ar\/"],"url":"https:\/\/gysfm.com.ar\/inicio\/author\/lucasm\/"}]}},"_links":{"self":[{"href":"https:\/\/gysfm.com.ar\/inicio\/wp-json\/wp\/v2\/posts\/193373","targetHints":{"allow":["GET"]}}],"collection":[{"href":"https:\/\/gysfm.com.ar\/inicio\/wp-json\/wp\/v2\/posts"}],"about":[{"href":"https:\/\/gysfm.com.ar\/inicio\/wp-json\/wp\/v2\/types\/post"}],"author":[{"embeddable":true,"href":"https:\/\/gysfm.com.ar\/inicio\/wp-json\/wp\/v2\/users\/2"}],"replies":[{"embeddable":true,"href":"https:\/\/gysfm.com.ar\/inicio\/wp-json\/wp\/v2\/comments?post=193373"}],"version-history":[{"count":0,"href":"https:\/\/gysfm.com.ar\/inicio\/wp-json\/wp\/v2\/posts\/193373\/revisions"}],"wp:featuredmedia":[{"embeddable":true,"href":"https:\/\/gysfm.com.ar\/inicio\/wp-json\/wp\/v2\/media\/189629"}],"wp:attachment":[{"href":"https:\/\/gysfm.com.ar\/inicio\/wp-json\/wp\/v2\/media?parent=193373"}],"wp:term":[{"taxonomy":"category","embeddable":true,"href":"https:\/\/gysfm.com.ar\/inicio\/wp-json\/wp\/v2\/categories?post=193373"},{"taxonomy":"post_tag","embeddable":true,"href":"https:\/\/gysfm.com.ar\/inicio\/wp-json\/wp\/v2\/tags?post=193373"}],"curies":[{"name":"wp","href":"https:\/\/api.w.org\/{rel}","templated":true}]}}