{"id":193368,"date":"2026-04-27T21:49:05","date_gmt":"2026-04-28T00:49:05","guid":{"rendered":"https:\/\/gysfm.com.ar\/inicio\/eduardo-reina-sobre-la-reforma-laboral-no-elimina-derechos-pero-los-redefine-para-el-nuevo-mercado\/"},"modified":"2026-04-27T21:49:05","modified_gmt":"2026-04-28T00:49:05","slug":"eduardo-reina-sobre-la-reforma-laboral-no-elimina-derechos-pero-los-redefine-para-el-nuevo-mercado","status":"publish","type":"post","link":"https:\/\/gysfm.com.ar\/inicio\/eduardo-reina-sobre-la-reforma-laboral-no-elimina-derechos-pero-los-redefine-para-el-nuevo-mercado\/","title":{"rendered":"Eduardo Reina sobre la reforma laboral: \u201cNo elimina derechos pero los redefine para el nuevo mercado\u201d"},"content":{"rendered":"<p><\/p>\n<div id=\"article-content\">\n<p>La reciente decisi\u00f3n judicial que mantiene vigente la<strong> <a target=\"_blank\" href=\"https:\/\/www.perfil.com\/noticias\/canal-e\/comunicacion-politica-en-la-era-de-la-inteligencia-artificial-que-cambio.phtml\">reforma laboral<\/a> <\/strong>reaviv\u00f3 el debate entre distintos <a target=\"_blank\" href=\"https:\/\/www.perfil.com\/noticias\/canal-e\/hernan-madera-el-enojo-del-gobierno-continua-y-persiste-porque-falta-oficio-politico.phtml\">sectores<\/a>. En ese contexto, el analista pol\u00edtico, <strong>Eduardo Reina<\/strong> aport\u00f3 una mirada anal\u00edtica sobre los puntos centrales y sus implicancias. \u201c<strong>No te digo que sorprende, hay muchos que est\u00e1n contentos y hay otras partes que no est\u00e1n muy contentos<\/strong>\u201d, se\u00f1al\u00f3, marcando el tono de una discusi\u00f3n atravesada por tensiones.<\/p>\n<p>Uno de los ejes principales es la creaci\u00f3n de un fondo de cese laboral, financiado por aportes mensuales. Seg\u00fan explic\u00f3, \u201c<strong>es un sistema de previsi\u00f3n para despidos, similar a un seguro<\/strong>\u201d, lo que aportar\u00eda previsibilidad para las empresas. Sin embargo, advirti\u00f3 que este mecanismo tambi\u00e9n genera cr\u00edticas por su posible impacto en los derechos de los trabajadores.<\/p>\n<h2><strong>Cambios en indemnizaciones y condiciones laborales<\/strong><\/h2>\n<p>La reforma introduce modificaciones significativas en el c\u00e1lculo de indemnizaciones. En ese sentido, <strong>Reina <\/strong>fue claro: \u201c<strong>Se excluyen aguinaldos, vacaciones y pagos mensuales<\/strong>\u201d, lo que implica una reducci\u00f3n en el monto final que perciben los trabajadores despedidos. Este punto aparece como uno de los m\u00e1s cuestionados en el plano judicial.<\/p>\n<p>Otro aspecto relevante es la implementaci\u00f3n del banco de horas, que permite compensar horas extras con descanso en lugar de pago. Para el analista, esto puede generar conflictos concretos: \u201c<strong>Vos trabaj\u00e1s de m\u00e1s y yo te doy descansos y no te estoy pagando<\/strong>\u201d, ejemplific\u00f3, subrayando el posible perjuicio econ\u00f3mico.<\/p>\n<p>Tambi\u00e9n se introducen cambios en las vacaciones, que ahora pueden fraccionarse en per\u00edodos m\u00e1s cortos. Si bien esto aporta flexibilidad, tambi\u00e9n puede afectar el descanso real de los trabajadores. A su vez, la posibilidad de pagar indemnizaciones en cuotas genera preocupaci\u00f3n por la p\u00e9rdida de poder adquisitivo.<\/p>\n<p><iframe id=\"vrudo\" class=\"vrudo\" src=\"https:\/\/rudo.video\/vod\/yiOmiczoGbW?volume=0\" width=\"100%\" height=\"100%\" allowscriptaccess=\"always\" allowfullscreen=\"true\" webkitallowfullscreen=\"true\" frameborder=\"0\" scrolling=\"no\" allow=\"autoplay; fullscreen\" loading=\"lazy\" title=\"Contenido embebido\"><\/iframe><\/p>\n<h2><strong>Derecho a huelga y debate institucional<\/strong><\/h2>\n<p>Uno de los puntos m\u00e1s sensibles es la limitaci\u00f3n del derecho a huelga. La ampliaci\u00f3n de actividades consideradas esenciales podr\u00eda restringir la capacidad de protesta sindical. <strong>Reina<\/strong> advirti\u00f3 que esto reduce la capacidad sindical para tener presi\u00f3n, lo que abre un debate constitucional relevante.<\/p>\n<p>En paralelo, la reforma plantea el traspaso de la justicia laboral nacional a la \u00f3rbita de la Ciudad, un tema que, seg\u00fan el analista, \u201c<strong>va a tardar en ejecutarse porque es bastante complejo<\/strong>\u201d y que probablemente escale a instancias superiores como la Corte.<\/p>\n<p>Por \u00faltimo, se destacan los cambios en teletrabajo, donde se flexibilizan regulaciones previas. Esto implica mayor libertad para las empresas, pero menos garant\u00edas para los trabajadores remotos. En s\u00edntesis, <strong>Reina<\/strong> concluy\u00f3: \u201c<strong>No elimina derechos pero los redefine para el nuevo mercado<\/strong>\u201d, dejando en claro que el impacto final depender\u00e1 de su implementaci\u00f3n.<\/p>\n<\/p><\/div>\n<p><script>\n                !function(f,b,e,v,n,t,s)\n                {if(f.fbq)return;n=f.fbq=function(){n.callMethod?\n                    n.callMethod.apply(n,arguments):n.queue.push(arguments)};\n                    if(!f._fbq)f._fbq=n;n.push=n;n.loaded=!0;n.version='2.0';\n                    n.queue=[];t=b.createElement(e);t.async=!0;\n                    t.src=v;s=b.getElementsByTagName(e)[0];\n                    s.parentNode.insertBefore(t,s)}(window, document,'script',\n                    'https:\/\/connect.facebook.net\/en_US\/fbevents.js');\n                window.paywallConfig.facebook_pixel=\"1000228364089342\"\n            <\/script><\/p>\n","protected":false},"excerpt":{"rendered":"<p>La reciente decisi\u00f3n judicial que mantiene vigente la reforma laboral reaviv\u00f3 el debate entre distintos sectores. En ese contexto, el analista pol\u00edtico, Eduardo Reina aport\u00f3 una mirada anal\u00edtica sobre los puntos centrales y sus implicancias. \u201cNo te digo que sorprende, hay muchos que est\u00e1n contentos y hay otras partes que no est\u00e1n muy contentos\u201d, se\u00f1al\u00f3, [&hellip;]<\/p>\n","protected":false},"author":2,"featured_media":193369,"comment_status":"closed","ping_status":"closed","sticky":false,"template":"","format":"standard","meta":{"footnotes":""},"categories":[25],"tags":[],"class_list":["post-193368","post","type-post","status-publish","format-standard","has-post-thumbnail","hentry","category-nacionales"],"yoast_head":"<!-- This site is optimized with the Yoast SEO plugin v24.4 - https:\/\/yoast.com\/wordpress\/plugins\/seo\/ -->\n<title>Eduardo Reina sobre la reforma laboral: \u201cNo elimina derechos pero los redefine para el nuevo mercado\u201d - GYS NOTICIAS |<\/title>\n<meta name=\"robots\" content=\"index, follow, max-snippet:-1, max-image-preview:large, max-video-preview:-1\" \/>\n<link rel=\"canonical\" href=\"https:\/\/gysfm.com.ar\/inicio\/eduardo-reina-sobre-la-reforma-laboral-no-elimina-derechos-pero-los-redefine-para-el-nuevo-mercado\/\" \/>\n<meta property=\"og:locale\" content=\"es_ES\" \/>\n<meta property=\"og:type\" content=\"article\" \/>\n<meta property=\"og:title\" content=\"Eduardo Reina sobre la reforma laboral: \u201cNo elimina derechos pero los redefine para el nuevo mercado\u201d - GYS NOTICIAS |\" \/>\n<meta property=\"og:description\" content=\"La reciente decisi\u00f3n judicial que mantiene vigente la reforma laboral reaviv\u00f3 el debate entre distintos sectores. En ese contexto, el analista pol\u00edtico, Eduardo Reina aport\u00f3 una mirada anal\u00edtica sobre los puntos centrales y sus implicancias. \u201cNo te digo que sorprende, hay muchos que est\u00e1n contentos y hay otras partes que no est\u00e1n muy contentos\u201d, se\u00f1al\u00f3, [&hellip;]\" \/>\n<meta property=\"og:url\" content=\"https:\/\/gysfm.com.ar\/inicio\/eduardo-reina-sobre-la-reforma-laboral-no-elimina-derechos-pero-los-redefine-para-el-nuevo-mercado\/\" \/>\n<meta property=\"og:site_name\" content=\"GYS NOTICIAS |\" \/>\n<meta property=\"article:published_time\" content=\"2026-04-28T00:49:05+00:00\" \/>\n<meta name=\"author\" content=\"Prensa G&amp;S FM\" \/>\n<meta name=\"twitter:card\" content=\"summary_large_image\" \/>\n<meta name=\"twitter:label1\" content=\"Escrito por\" \/>\n\t<meta name=\"twitter:data1\" content=\"Prensa G&amp;S FM\" \/>\n\t<meta name=\"twitter:label2\" content=\"Tiempo de lectura\" \/>\n\t<meta name=\"twitter:data2\" content=\"2 minutos\" \/>\n<script type=\"application\/ld+json\" class=\"yoast-schema-graph\">{\"@context\":\"https:\/\/schema.org\",\"@graph\":[{\"@type\":\"Article\",\"@id\":\"https:\/\/gysfm.com.ar\/inicio\/eduardo-reina-sobre-la-reforma-laboral-no-elimina-derechos-pero-los-redefine-para-el-nuevo-mercado\/#article\",\"isPartOf\":{\"@id\":\"https:\/\/gysfm.com.ar\/inicio\/eduardo-reina-sobre-la-reforma-laboral-no-elimina-derechos-pero-los-redefine-para-el-nuevo-mercado\/\"},\"author\":{\"name\":\"Prensa G&amp;S FM\",\"@id\":\"https:\/\/gysfm.com.ar\/inicio\/#\/schema\/person\/3abba7593ef2ad19e1be221d54383dc5\"},\"headline\":\"Eduardo Reina sobre la reforma laboral: \u201cNo elimina derechos pero los redefine para el nuevo mercado\u201d\",\"datePublished\":\"2026-04-28T00:49:05+00:00\",\"mainEntityOfPage\":{\"@id\":\"https:\/\/gysfm.com.ar\/inicio\/eduardo-reina-sobre-la-reforma-laboral-no-elimina-derechos-pero-los-redefine-para-el-nuevo-mercado\/\"},\"wordCount\":469,\"publisher\":{\"@id\":\"https:\/\/gysfm.com.ar\/inicio\/#organization\"},\"image\":{\"@id\":\"https:\/\/gysfm.com.ar\/inicio\/eduardo-reina-sobre-la-reforma-laboral-no-elimina-derechos-pero-los-redefine-para-el-nuevo-mercado\/#primaryimage\"},\"thumbnailUrl\":\"https:\/\/gysfm.com.ar\/inicio\/wp-content\/uploads\/2026\/04\/eduardo-reina-2227268.jpg\",\"articleSection\":[\"NACIONALES\"],\"inLanguage\":\"es\"},{\"@type\":\"WebPage\",\"@id\":\"https:\/\/gysfm.com.ar\/inicio\/eduardo-reina-sobre-la-reforma-laboral-no-elimina-derechos-pero-los-redefine-para-el-nuevo-mercado\/\",\"url\":\"https:\/\/gysfm.com.ar\/inicio\/eduardo-reina-sobre-la-reforma-laboral-no-elimina-derechos-pero-los-redefine-para-el-nuevo-mercado\/\",\"name\":\"Eduardo Reina sobre la reforma laboral: \u201cNo elimina derechos pero los redefine para el nuevo mercado\u201d - GYS NOTICIAS |\",\"isPartOf\":{\"@id\":\"https:\/\/gysfm.com.ar\/inicio\/#website\"},\"primaryImageOfPage\":{\"@id\":\"https:\/\/gysfm.com.ar\/inicio\/eduardo-reina-sobre-la-reforma-laboral-no-elimina-derechos-pero-los-redefine-para-el-nuevo-mercado\/#primaryimage\"},\"image\":{\"@id\":\"https:\/\/gysfm.com.ar\/inicio\/eduardo-reina-sobre-la-reforma-laboral-no-elimina-derechos-pero-los-redefine-para-el-nuevo-mercado\/#primaryimage\"},\"thumbnailUrl\":\"https:\/\/gysfm.com.ar\/inicio\/wp-content\/uploads\/2026\/04\/eduardo-reina-2227268.jpg\",\"datePublished\":\"2026-04-28T00:49:05+00:00\",\"breadcrumb\":{\"@id\":\"https:\/\/gysfm.com.ar\/inicio\/eduardo-reina-sobre-la-reforma-laboral-no-elimina-derechos-pero-los-redefine-para-el-nuevo-mercado\/#breadcrumb\"},\"inLanguage\":\"es\",\"potentialAction\":[{\"@type\":\"ReadAction\",\"target\":[\"https:\/\/gysfm.com.ar\/inicio\/eduardo-reina-sobre-la-reforma-laboral-no-elimina-derechos-pero-los-redefine-para-el-nuevo-mercado\/\"]}]},{\"@type\":\"ImageObject\",\"inLanguage\":\"es\",\"@id\":\"https:\/\/gysfm.com.ar\/inicio\/eduardo-reina-sobre-la-reforma-laboral-no-elimina-derechos-pero-los-redefine-para-el-nuevo-mercado\/#primaryimage\",\"url\":\"https:\/\/gysfm.com.ar\/inicio\/wp-content\/uploads\/2026\/04\/eduardo-reina-2227268.jpg\",\"contentUrl\":\"https:\/\/gysfm.com.ar\/inicio\/wp-content\/uploads\/2026\/04\/eduardo-reina-2227268.jpg\",\"width\":1140,\"height\":641},{\"@type\":\"BreadcrumbList\",\"@id\":\"https:\/\/gysfm.com.ar\/inicio\/eduardo-reina-sobre-la-reforma-laboral-no-elimina-derechos-pero-los-redefine-para-el-nuevo-mercado\/#breadcrumb\",\"itemListElement\":[{\"@type\":\"ListItem\",\"position\":1,\"name\":\"Portada\",\"item\":\"https:\/\/gysfm.com.ar\/inicio\/\"},{\"@type\":\"ListItem\",\"position\":2,\"name\":\"Eduardo Reina sobre la reforma laboral: \u201cNo elimina derechos pero los redefine para el nuevo mercado\u201d\"}]},{\"@type\":\"WebSite\",\"@id\":\"https:\/\/gysfm.com.ar\/inicio\/#website\",\"url\":\"https:\/\/gysfm.com.ar\/inicio\/\",\"name\":\"GYS NOTICIAS |\",\"description\":\"DIARIO - RADIO ONLINE SAN JUAN ARGENTINA\",\"publisher\":{\"@id\":\"https:\/\/gysfm.com.ar\/inicio\/#organization\"},\"potentialAction\":[{\"@type\":\"SearchAction\",\"target\":{\"@type\":\"EntryPoint\",\"urlTemplate\":\"https:\/\/gysfm.com.ar\/inicio\/?s={search_term_string}\"},\"query-input\":{\"@type\":\"PropertyValueSpecification\",\"valueRequired\":true,\"valueName\":\"search_term_string\"}}],\"inLanguage\":\"es\"},{\"@type\":\"Organization\",\"@id\":\"https:\/\/gysfm.com.ar\/inicio\/#organization\",\"name\":\"GYS NOTICIAS |\",\"url\":\"https:\/\/gysfm.com.ar\/inicio\/\",\"logo\":{\"@type\":\"ImageObject\",\"inLanguage\":\"es\",\"@id\":\"https:\/\/gysfm.com.ar\/inicio\/#\/schema\/logo\/image\/\",\"url\":\"https:\/\/gysfm.com.ar\/inicio\/wp-content\/uploads\/2023\/07\/LOGOGYS-OK.png\",\"contentUrl\":\"https:\/\/gysfm.com.ar\/inicio\/wp-content\/uploads\/2023\/07\/LOGOGYS-OK.png\",\"width\":1170,\"height\":872,\"caption\":\"GYS NOTICIAS |\"},\"image\":{\"@id\":\"https:\/\/gysfm.com.ar\/inicio\/#\/schema\/logo\/image\/\"}},{\"@type\":\"Person\",\"@id\":\"https:\/\/gysfm.com.ar\/inicio\/#\/schema\/person\/3abba7593ef2ad19e1be221d54383dc5\",\"name\":\"Prensa G&amp;S FM\",\"image\":{\"@type\":\"ImageObject\",\"inLanguage\":\"es\",\"@id\":\"https:\/\/gysfm.com.ar\/inicio\/#\/schema\/person\/image\/\",\"url\":\"https:\/\/secure.gravatar.com\/avatar\/096ec78df02049ab018702bb4ccedf659377fa92a26540b5247612077a0dbd29?s=96&d=mm&r=g\",\"contentUrl\":\"https:\/\/secure.gravatar.com\/avatar\/096ec78df02049ab018702bb4ccedf659377fa92a26540b5247612077a0dbd29?s=96&d=mm&r=g\",\"caption\":\"Prensa G&amp;S FM\"},\"sameAs\":[\"https:\/\/gysfm.com.ar\/\"],\"url\":\"https:\/\/gysfm.com.ar\/inicio\/author\/lucasm\/\"}]}<\/script>\n<!-- \/ Yoast SEO plugin. -->","yoast_head_json":{"title":"Eduardo Reina sobre la reforma laboral: \u201cNo elimina derechos pero los redefine para el nuevo mercado\u201d - GYS NOTICIAS |","robots":{"index":"index","follow":"follow","max-snippet":"max-snippet:-1","max-image-preview":"max-image-preview:large","max-video-preview":"max-video-preview:-1"},"canonical":"https:\/\/gysfm.com.ar\/inicio\/eduardo-reina-sobre-la-reforma-laboral-no-elimina-derechos-pero-los-redefine-para-el-nuevo-mercado\/","og_locale":"es_ES","og_type":"article","og_title":"Eduardo Reina sobre la reforma laboral: \u201cNo elimina derechos pero los redefine para el nuevo mercado\u201d - GYS NOTICIAS |","og_description":"La reciente decisi\u00f3n judicial que mantiene vigente la reforma laboral reaviv\u00f3 el debate entre distintos sectores. En ese contexto, el analista pol\u00edtico, Eduardo Reina aport\u00f3 una mirada anal\u00edtica sobre los puntos centrales y sus implicancias. \u201cNo te digo que sorprende, hay muchos que est\u00e1n contentos y hay otras partes que no est\u00e1n muy contentos\u201d, se\u00f1al\u00f3, [&hellip;]","og_url":"https:\/\/gysfm.com.ar\/inicio\/eduardo-reina-sobre-la-reforma-laboral-no-elimina-derechos-pero-los-redefine-para-el-nuevo-mercado\/","og_site_name":"GYS NOTICIAS |","article_published_time":"2026-04-28T00:49:05+00:00","author":"Prensa G&amp;S FM","twitter_card":"summary_large_image","twitter_misc":{"Escrito por":"Prensa G&amp;S FM","Tiempo de lectura":"2 minutos"},"schema":{"@context":"https:\/\/schema.org","@graph":[{"@type":"Article","@id":"https:\/\/gysfm.com.ar\/inicio\/eduardo-reina-sobre-la-reforma-laboral-no-elimina-derechos-pero-los-redefine-para-el-nuevo-mercado\/#article","isPartOf":{"@id":"https:\/\/gysfm.com.ar\/inicio\/eduardo-reina-sobre-la-reforma-laboral-no-elimina-derechos-pero-los-redefine-para-el-nuevo-mercado\/"},"author":{"name":"Prensa G&amp;S FM","@id":"https:\/\/gysfm.com.ar\/inicio\/#\/schema\/person\/3abba7593ef2ad19e1be221d54383dc5"},"headline":"Eduardo Reina sobre la reforma laboral: \u201cNo elimina derechos pero los redefine para el nuevo mercado\u201d","datePublished":"2026-04-28T00:49:05+00:00","mainEntityOfPage":{"@id":"https:\/\/gysfm.com.ar\/inicio\/eduardo-reina-sobre-la-reforma-laboral-no-elimina-derechos-pero-los-redefine-para-el-nuevo-mercado\/"},"wordCount":469,"publisher":{"@id":"https:\/\/gysfm.com.ar\/inicio\/#organization"},"image":{"@id":"https:\/\/gysfm.com.ar\/inicio\/eduardo-reina-sobre-la-reforma-laboral-no-elimina-derechos-pero-los-redefine-para-el-nuevo-mercado\/#primaryimage"},"thumbnailUrl":"https:\/\/gysfm.com.ar\/inicio\/wp-content\/uploads\/2026\/04\/eduardo-reina-2227268.jpg","articleSection":["NACIONALES"],"inLanguage":"es"},{"@type":"WebPage","@id":"https:\/\/gysfm.com.ar\/inicio\/eduardo-reina-sobre-la-reforma-laboral-no-elimina-derechos-pero-los-redefine-para-el-nuevo-mercado\/","url":"https:\/\/gysfm.com.ar\/inicio\/eduardo-reina-sobre-la-reforma-laboral-no-elimina-derechos-pero-los-redefine-para-el-nuevo-mercado\/","name":"Eduardo Reina sobre la reforma laboral: \u201cNo elimina derechos pero los redefine para el nuevo mercado\u201d - GYS NOTICIAS |","isPartOf":{"@id":"https:\/\/gysfm.com.ar\/inicio\/#website"},"primaryImageOfPage":{"@id":"https:\/\/gysfm.com.ar\/inicio\/eduardo-reina-sobre-la-reforma-laboral-no-elimina-derechos-pero-los-redefine-para-el-nuevo-mercado\/#primaryimage"},"image":{"@id":"https:\/\/gysfm.com.ar\/inicio\/eduardo-reina-sobre-la-reforma-laboral-no-elimina-derechos-pero-los-redefine-para-el-nuevo-mercado\/#primaryimage"},"thumbnailUrl":"https:\/\/gysfm.com.ar\/inicio\/wp-content\/uploads\/2026\/04\/eduardo-reina-2227268.jpg","datePublished":"2026-04-28T00:49:05+00:00","breadcrumb":{"@id":"https:\/\/gysfm.com.ar\/inicio\/eduardo-reina-sobre-la-reforma-laboral-no-elimina-derechos-pero-los-redefine-para-el-nuevo-mercado\/#breadcrumb"},"inLanguage":"es","potentialAction":[{"@type":"ReadAction","target":["https:\/\/gysfm.com.ar\/inicio\/eduardo-reina-sobre-la-reforma-laboral-no-elimina-derechos-pero-los-redefine-para-el-nuevo-mercado\/"]}]},{"@type":"ImageObject","inLanguage":"es","@id":"https:\/\/gysfm.com.ar\/inicio\/eduardo-reina-sobre-la-reforma-laboral-no-elimina-derechos-pero-los-redefine-para-el-nuevo-mercado\/#primaryimage","url":"https:\/\/gysfm.com.ar\/inicio\/wp-content\/uploads\/2026\/04\/eduardo-reina-2227268.jpg","contentUrl":"https:\/\/gysfm.com.ar\/inicio\/wp-content\/uploads\/2026\/04\/eduardo-reina-2227268.jpg","width":1140,"height":641},{"@type":"BreadcrumbList","@id":"https:\/\/gysfm.com.ar\/inicio\/eduardo-reina-sobre-la-reforma-laboral-no-elimina-derechos-pero-los-redefine-para-el-nuevo-mercado\/#breadcrumb","itemListElement":[{"@type":"ListItem","position":1,"name":"Portada","item":"https:\/\/gysfm.com.ar\/inicio\/"},{"@type":"ListItem","position":2,"name":"Eduardo Reina sobre la reforma laboral: \u201cNo elimina derechos pero los redefine para el nuevo mercado\u201d"}]},{"@type":"WebSite","@id":"https:\/\/gysfm.com.ar\/inicio\/#website","url":"https:\/\/gysfm.com.ar\/inicio\/","name":"GYS NOTICIAS |","description":"DIARIO - RADIO ONLINE SAN JUAN ARGENTINA","publisher":{"@id":"https:\/\/gysfm.com.ar\/inicio\/#organization"},"potentialAction":[{"@type":"SearchAction","target":{"@type":"EntryPoint","urlTemplate":"https:\/\/gysfm.com.ar\/inicio\/?s={search_term_string}"},"query-input":{"@type":"PropertyValueSpecification","valueRequired":true,"valueName":"search_term_string"}}],"inLanguage":"es"},{"@type":"Organization","@id":"https:\/\/gysfm.com.ar\/inicio\/#organization","name":"GYS NOTICIAS |","url":"https:\/\/gysfm.com.ar\/inicio\/","logo":{"@type":"ImageObject","inLanguage":"es","@id":"https:\/\/gysfm.com.ar\/inicio\/#\/schema\/logo\/image\/","url":"https:\/\/gysfm.com.ar\/inicio\/wp-content\/uploads\/2023\/07\/LOGOGYS-OK.png","contentUrl":"https:\/\/gysfm.com.ar\/inicio\/wp-content\/uploads\/2023\/07\/LOGOGYS-OK.png","width":1170,"height":872,"caption":"GYS NOTICIAS |"},"image":{"@id":"https:\/\/gysfm.com.ar\/inicio\/#\/schema\/logo\/image\/"}},{"@type":"Person","@id":"https:\/\/gysfm.com.ar\/inicio\/#\/schema\/person\/3abba7593ef2ad19e1be221d54383dc5","name":"Prensa G&amp;S FM","image":{"@type":"ImageObject","inLanguage":"es","@id":"https:\/\/gysfm.com.ar\/inicio\/#\/schema\/person\/image\/","url":"https:\/\/secure.gravatar.com\/avatar\/096ec78df02049ab018702bb4ccedf659377fa92a26540b5247612077a0dbd29?s=96&d=mm&r=g","contentUrl":"https:\/\/secure.gravatar.com\/avatar\/096ec78df02049ab018702bb4ccedf659377fa92a26540b5247612077a0dbd29?s=96&d=mm&r=g","caption":"Prensa G&amp;S FM"},"sameAs":["https:\/\/gysfm.com.ar\/"],"url":"https:\/\/gysfm.com.ar\/inicio\/author\/lucasm\/"}]}},"_links":{"self":[{"href":"https:\/\/gysfm.com.ar\/inicio\/wp-json\/wp\/v2\/posts\/193368","targetHints":{"allow":["GET"]}}],"collection":[{"href":"https:\/\/gysfm.com.ar\/inicio\/wp-json\/wp\/v2\/posts"}],"about":[{"href":"https:\/\/gysfm.com.ar\/inicio\/wp-json\/wp\/v2\/types\/post"}],"author":[{"embeddable":true,"href":"https:\/\/gysfm.com.ar\/inicio\/wp-json\/wp\/v2\/users\/2"}],"replies":[{"embeddable":true,"href":"https:\/\/gysfm.com.ar\/inicio\/wp-json\/wp\/v2\/comments?post=193368"}],"version-history":[{"count":0,"href":"https:\/\/gysfm.com.ar\/inicio\/wp-json\/wp\/v2\/posts\/193368\/revisions"}],"wp:featuredmedia":[{"embeddable":true,"href":"https:\/\/gysfm.com.ar\/inicio\/wp-json\/wp\/v2\/media\/193369"}],"wp:attachment":[{"href":"https:\/\/gysfm.com.ar\/inicio\/wp-json\/wp\/v2\/media?parent=193368"}],"wp:term":[{"taxonomy":"category","embeddable":true,"href":"https:\/\/gysfm.com.ar\/inicio\/wp-json\/wp\/v2\/categories?post=193368"},{"taxonomy":"post_tag","embeddable":true,"href":"https:\/\/gysfm.com.ar\/inicio\/wp-json\/wp\/v2\/tags?post=193368"}],"curies":[{"name":"wp","href":"https:\/\/api.w.org\/{rel}","templated":true}]}}