{"id":193360,"date":"2026-04-27T21:18:09","date_gmt":"2026-04-28T00:18:09","guid":{"rendered":"https:\/\/gysfm.com.ar\/inicio\/matias-olivero-vila-por-la-carga-impositiva-en-creditos-entre-el-48-y-el-60-de-una-tasa-son-impuestos\/"},"modified":"2026-04-27T21:18:09","modified_gmt":"2026-04-28T00:18:09","slug":"matias-olivero-vila-por-la-carga-impositiva-en-creditos-entre-el-48-y-el-60-de-una-tasa-son-impuestos","status":"publish","type":"post","link":"https:\/\/gysfm.com.ar\/inicio\/matias-olivero-vila-por-la-carga-impositiva-en-creditos-entre-el-48-y-el-60-de-una-tasa-son-impuestos\/","title":{"rendered":"Mat\u00edas Olivero Vila por la carga impositiva en cr\u00e9ditos: \u00abEntre el 48% y el 60% de una tasa son impuestos\u00bb"},"content":{"rendered":"<p><\/p>\n<div id=\"article-content\">\n<p>La presi\u00f3n impositiva sobre los <strong>cr\u00e9ditos bancarios<\/strong> vuelve al <a target=\"_blank\" href=\"https:\/\/www.perfil.com\/noticias\/canal-e\/hernan-madera-el-enojo-del-gobierno-continua-y-persiste-porque-falta-oficio-politico.phtml\">centro<\/a> del <a target=\"_blank\" href=\"https:\/\/www.perfil.com\/noticias\/canal-e\/comunicacion-politica-en-la-era-de-la-inteligencia-artificial-que-cambio.phtml\">debate econ\u00f3mico<\/a>. Para <strong>Mat\u00edas Olivero Vila<\/strong>, el problema no radica exclusivamente en los bancos, sino en la estructura fiscal del pa\u00eds. \u201c<strong>La pregunta es si se est\u00e1n manejando los bancos o est\u00e1 manejando el Estado en sus tres niveles<\/strong>\u201d, plante\u00f3, al cuestionar el peso de los impuestos nacionales, provinciales y municipales en las tasas.<\/p>\n<p>El especialista explic\u00f3 que, a diferencia de otros pa\u00edses, Argentina grava el financiamiento con IVA, lo que encarece a\u00fan m\u00e1s el acceso al cr\u00e9dito. \u201c<strong>En otros pa\u00edses no se aplica el IVA al financiamiento porque lo grab\u00e1s doblemente<\/strong>\u201d, afirm\u00f3. A esto se suma el impacto de Ingresos Brutos y tasas municipales, que elevan significativamente el costo final.<\/p>\n<h2><strong>Una carga fiscal que encarece y restringe el cr\u00e9dito<\/strong><\/h2>\n<p><strong>Olivero Vila<\/strong> fue contundente al describir el efecto acumulativo de los tributos: \u201c<strong>Pr\u00e1cticamente se ha eliminado el cr\u00e9dito culpa de los impuestos<\/strong>\u201d. Seg\u00fan detall\u00f3, las provincias y municipios agravaron el problema al modificar la base imponible y aumentar al\u00edcuotas. \u201c<strong>Dos tercios de las provincias aplican entre 8% y 9% sobre los ingresos totales, una barbaridad<\/strong>\u201d, sostuvo.<\/p>\n<p>El impacto es directo sobre las tasas que enfrentan los usuarios. \u201c<strong>Entre el 48% y el 60% de una tasa son impuestos<\/strong>\u201d, asegur\u00f3. En ese sentido, ejemplific\u00f3 que una tasa del 40% puede escalar al 77% al sumar la carga impositiva, volvi\u00e9ndose inaccesible para familias y empresas. \u201c<strong>Eso es lo que hace impracticable el cr\u00e9dito<\/strong>\u201d, remarc\u00f3.<\/p>\n<p><iframe id=\"vrudo\" class=\"vrudo\" src=\"https:\/\/rudo.video\/vod\/czGpdvHal53?volume=0\" width=\"100%\" height=\"100%\" allowscriptaccess=\"always\" allowfullscreen=\"true\" webkitallowfullscreen=\"true\" frameborder=\"0\" scrolling=\"no\" allow=\"autoplay; fullscreen\" loading=\"lazy\" title=\"Contenido embebido\"><\/iframe><\/p>\n<h2><strong>Reforma fiscal e informalidad: las claves del debate<\/strong><\/h2>\n<p>Frente a este escenario, el presidente de L\u00f3gica propuso avanzar en una reducci\u00f3n impositiva para reactivar el cr\u00e9dito y la econom\u00eda. \u201c<strong>No vamos a bajar la informalidad si seguimos teniendo este nivel de impuestos<\/strong>\u201d, advirti\u00f3, al se\u00f1alar que casi la mitad de la econom\u00eda opera fuera del sistema formal.<\/p>\n<p>Seg\u00fan explic\u00f3, bajar impuestos generar\u00eda un doble efecto: mayor formalizaci\u00f3n y atracci\u00f3n de inversiones. \u201c<strong>Cuando baj\u00e1s los impuestos, lo que logr\u00e1s es atraer inversiones al pa\u00eds<\/strong>\u201d, indic\u00f3, citando experiencias internacionales donde la recaudaci\u00f3n incluso aument\u00f3 tras reducir al\u00edcuotas.<\/p>\n<p>Adem\u00e1s, cuestion\u00f3 la resistencia pol\u00edtica a modificar el esquema actual. \u201c<strong>Cuando se quiso bajar ganancias hubo una fuerte oposici\u00f3n de las provincias porque afecta su recaudaci\u00f3n<\/strong>\u201d, record\u00f3, al subrayar la dependencia fiscal de los gobiernos subnacionales.<\/p>\n<p>En comparaci\u00f3n regional, el contraste es marcado. Mientras en Argentina el cr\u00e9dito a hogares representa apenas entre el 5% y 6% del PBI, en pa\u00edses como Chile alcanza el 45%. Para <strong>Olivero Vila<\/strong>, esto evidencia una falla estructural: \u201c<strong>Durante toda una generaci\u00f3n no hemos tenido acceso al cr\u00e9dito culpa del peso de estos impuestos<\/strong>\u201d.<\/p>\n<\/p><\/div>\n<p><script>\n                !function(f,b,e,v,n,t,s)\n                {if(f.fbq)return;n=f.fbq=function(){n.callMethod?\n                    n.callMethod.apply(n,arguments):n.queue.push(arguments)};\n                    if(!f._fbq)f._fbq=n;n.push=n;n.loaded=!0;n.version='2.0';\n                    n.queue=[];t=b.createElement(e);t.async=!0;\n                    t.src=v;s=b.getElementsByTagName(e)[0];\n                    s.parentNode.insertBefore(t,s)}(window, document,'script',\n                    'https:\/\/connect.facebook.net\/en_US\/fbevents.js');\n                window.paywallConfig.facebook_pixel=\"1000228364089342\"\n            <\/script><\/p>\n","protected":false},"excerpt":{"rendered":"<p>La presi\u00f3n impositiva sobre los cr\u00e9ditos bancarios vuelve al centro del debate econ\u00f3mico. Para Mat\u00edas Olivero Vila, el problema no radica exclusivamente en los bancos, sino en la estructura fiscal del pa\u00eds. \u201cLa pregunta es si se est\u00e1n manejando los bancos o est\u00e1 manejando el Estado en sus tres niveles\u201d, plante\u00f3, al cuestionar el peso [&hellip;]<\/p>\n","protected":false},"author":2,"featured_media":193361,"comment_status":"closed","ping_status":"closed","sticky":false,"template":"","format":"standard","meta":{"footnotes":""},"categories":[25],"tags":[],"class_list":["post-193360","post","type-post","status-publish","format-standard","has-post-thumbnail","hentry","category-nacionales"],"yoast_head":"<!-- This site is optimized with the Yoast SEO plugin v24.4 - https:\/\/yoast.com\/wordpress\/plugins\/seo\/ -->\n<title>Mat\u00edas Olivero Vila por la carga impositiva en cr\u00e9ditos: &quot;Entre el 48% y el 60% de una tasa son impuestos&quot; - GYS NOTICIAS |<\/title>\n<meta name=\"robots\" content=\"index, follow, max-snippet:-1, max-image-preview:large, max-video-preview:-1\" \/>\n<link rel=\"canonical\" href=\"https:\/\/gysfm.com.ar\/inicio\/matias-olivero-vila-por-la-carga-impositiva-en-creditos-entre-el-48-y-el-60-de-una-tasa-son-impuestos\/\" \/>\n<meta property=\"og:locale\" content=\"es_ES\" \/>\n<meta property=\"og:type\" content=\"article\" \/>\n<meta property=\"og:title\" content=\"Mat\u00edas Olivero Vila por la carga impositiva en cr\u00e9ditos: &quot;Entre el 48% y el 60% de una tasa son impuestos&quot; - GYS NOTICIAS |\" \/>\n<meta property=\"og:description\" content=\"La presi\u00f3n impositiva sobre los cr\u00e9ditos bancarios vuelve al centro del debate econ\u00f3mico. Para Mat\u00edas Olivero Vila, el problema no radica exclusivamente en los bancos, sino en la estructura fiscal del pa\u00eds. \u201cLa pregunta es si se est\u00e1n manejando los bancos o est\u00e1 manejando el Estado en sus tres niveles\u201d, plante\u00f3, al cuestionar el peso [&hellip;]\" \/>\n<meta property=\"og:url\" content=\"https:\/\/gysfm.com.ar\/inicio\/matias-olivero-vila-por-la-carga-impositiva-en-creditos-entre-el-48-y-el-60-de-una-tasa-son-impuestos\/\" \/>\n<meta property=\"og:site_name\" content=\"GYS NOTICIAS |\" \/>\n<meta property=\"article:published_time\" content=\"2026-04-28T00:18:09+00:00\" \/>\n<meta name=\"author\" content=\"Prensa G&amp;S FM\" \/>\n<meta name=\"twitter:card\" content=\"summary_large_image\" \/>\n<meta name=\"twitter:label1\" content=\"Escrito por\" \/>\n\t<meta name=\"twitter:data1\" content=\"Prensa G&amp;S FM\" \/>\n\t<meta name=\"twitter:label2\" content=\"Tiempo de lectura\" \/>\n\t<meta name=\"twitter:data2\" content=\"2 minutos\" \/>\n<script type=\"application\/ld+json\" class=\"yoast-schema-graph\">{\"@context\":\"https:\/\/schema.org\",\"@graph\":[{\"@type\":\"Article\",\"@id\":\"https:\/\/gysfm.com.ar\/inicio\/matias-olivero-vila-por-la-carga-impositiva-en-creditos-entre-el-48-y-el-60-de-una-tasa-son-impuestos\/#article\",\"isPartOf\":{\"@id\":\"https:\/\/gysfm.com.ar\/inicio\/matias-olivero-vila-por-la-carga-impositiva-en-creditos-entre-el-48-y-el-60-de-una-tasa-son-impuestos\/\"},\"author\":{\"name\":\"Prensa G&amp;S FM\",\"@id\":\"https:\/\/gysfm.com.ar\/inicio\/#\/schema\/person\/3abba7593ef2ad19e1be221d54383dc5\"},\"headline\":\"Mat\u00edas Olivero Vila por la carga impositiva en cr\u00e9ditos: \u00abEntre el 48% y el 60% de una tasa son impuestos\u00bb\",\"datePublished\":\"2026-04-28T00:18:09+00:00\",\"mainEntityOfPage\":{\"@id\":\"https:\/\/gysfm.com.ar\/inicio\/matias-olivero-vila-por-la-carga-impositiva-en-creditos-entre-el-48-y-el-60-de-una-tasa-son-impuestos\/\"},\"wordCount\":482,\"publisher\":{\"@id\":\"https:\/\/gysfm.com.ar\/inicio\/#organization\"},\"image\":{\"@id\":\"https:\/\/gysfm.com.ar\/inicio\/matias-olivero-vila-por-la-carga-impositiva-en-creditos-entre-el-48-y-el-60-de-una-tasa-son-impuestos\/#primaryimage\"},\"thumbnailUrl\":\"https:\/\/gysfm.com.ar\/inicio\/wp-content\/uploads\/2026\/04\/pesos-argentinos-2227247.jpg\",\"articleSection\":[\"NACIONALES\"],\"inLanguage\":\"es\"},{\"@type\":\"WebPage\",\"@id\":\"https:\/\/gysfm.com.ar\/inicio\/matias-olivero-vila-por-la-carga-impositiva-en-creditos-entre-el-48-y-el-60-de-una-tasa-son-impuestos\/\",\"url\":\"https:\/\/gysfm.com.ar\/inicio\/matias-olivero-vila-por-la-carga-impositiva-en-creditos-entre-el-48-y-el-60-de-una-tasa-son-impuestos\/\",\"name\":\"Mat\u00edas Olivero Vila por la carga impositiva en cr\u00e9ditos: \\\"Entre el 48% y el 60% de una tasa son impuestos\\\" - GYS NOTICIAS |\",\"isPartOf\":{\"@id\":\"https:\/\/gysfm.com.ar\/inicio\/#website\"},\"primaryImageOfPage\":{\"@id\":\"https:\/\/gysfm.com.ar\/inicio\/matias-olivero-vila-por-la-carga-impositiva-en-creditos-entre-el-48-y-el-60-de-una-tasa-son-impuestos\/#primaryimage\"},\"image\":{\"@id\":\"https:\/\/gysfm.com.ar\/inicio\/matias-olivero-vila-por-la-carga-impositiva-en-creditos-entre-el-48-y-el-60-de-una-tasa-son-impuestos\/#primaryimage\"},\"thumbnailUrl\":\"https:\/\/gysfm.com.ar\/inicio\/wp-content\/uploads\/2026\/04\/pesos-argentinos-2227247.jpg\",\"datePublished\":\"2026-04-28T00:18:09+00:00\",\"breadcrumb\":{\"@id\":\"https:\/\/gysfm.com.ar\/inicio\/matias-olivero-vila-por-la-carga-impositiva-en-creditos-entre-el-48-y-el-60-de-una-tasa-son-impuestos\/#breadcrumb\"},\"inLanguage\":\"es\",\"potentialAction\":[{\"@type\":\"ReadAction\",\"target\":[\"https:\/\/gysfm.com.ar\/inicio\/matias-olivero-vila-por-la-carga-impositiva-en-creditos-entre-el-48-y-el-60-de-una-tasa-son-impuestos\/\"]}]},{\"@type\":\"ImageObject\",\"inLanguage\":\"es\",\"@id\":\"https:\/\/gysfm.com.ar\/inicio\/matias-olivero-vila-por-la-carga-impositiva-en-creditos-entre-el-48-y-el-60-de-una-tasa-son-impuestos\/#primaryimage\",\"url\":\"https:\/\/gysfm.com.ar\/inicio\/wp-content\/uploads\/2026\/04\/pesos-argentinos-2227247.jpg\",\"contentUrl\":\"https:\/\/gysfm.com.ar\/inicio\/wp-content\/uploads\/2026\/04\/pesos-argentinos-2227247.jpg\",\"width\":1140,\"height\":641},{\"@type\":\"BreadcrumbList\",\"@id\":\"https:\/\/gysfm.com.ar\/inicio\/matias-olivero-vila-por-la-carga-impositiva-en-creditos-entre-el-48-y-el-60-de-una-tasa-son-impuestos\/#breadcrumb\",\"itemListElement\":[{\"@type\":\"ListItem\",\"position\":1,\"name\":\"Portada\",\"item\":\"https:\/\/gysfm.com.ar\/inicio\/\"},{\"@type\":\"ListItem\",\"position\":2,\"name\":\"Mat\u00edas Olivero Vila por la carga impositiva en cr\u00e9ditos: \u00abEntre el 48% y el 60% de una tasa son impuestos\u00bb\"}]},{\"@type\":\"WebSite\",\"@id\":\"https:\/\/gysfm.com.ar\/inicio\/#website\",\"url\":\"https:\/\/gysfm.com.ar\/inicio\/\",\"name\":\"GYS NOTICIAS |\",\"description\":\"DIARIO - RADIO ONLINE SAN JUAN ARGENTINA\",\"publisher\":{\"@id\":\"https:\/\/gysfm.com.ar\/inicio\/#organization\"},\"potentialAction\":[{\"@type\":\"SearchAction\",\"target\":{\"@type\":\"EntryPoint\",\"urlTemplate\":\"https:\/\/gysfm.com.ar\/inicio\/?s={search_term_string}\"},\"query-input\":{\"@type\":\"PropertyValueSpecification\",\"valueRequired\":true,\"valueName\":\"search_term_string\"}}],\"inLanguage\":\"es\"},{\"@type\":\"Organization\",\"@id\":\"https:\/\/gysfm.com.ar\/inicio\/#organization\",\"name\":\"GYS NOTICIAS |\",\"url\":\"https:\/\/gysfm.com.ar\/inicio\/\",\"logo\":{\"@type\":\"ImageObject\",\"inLanguage\":\"es\",\"@id\":\"https:\/\/gysfm.com.ar\/inicio\/#\/schema\/logo\/image\/\",\"url\":\"https:\/\/gysfm.com.ar\/inicio\/wp-content\/uploads\/2023\/07\/LOGOGYS-OK.png\",\"contentUrl\":\"https:\/\/gysfm.com.ar\/inicio\/wp-content\/uploads\/2023\/07\/LOGOGYS-OK.png\",\"width\":1170,\"height\":872,\"caption\":\"GYS NOTICIAS |\"},\"image\":{\"@id\":\"https:\/\/gysfm.com.ar\/inicio\/#\/schema\/logo\/image\/\"}},{\"@type\":\"Person\",\"@id\":\"https:\/\/gysfm.com.ar\/inicio\/#\/schema\/person\/3abba7593ef2ad19e1be221d54383dc5\",\"name\":\"Prensa G&amp;S FM\",\"image\":{\"@type\":\"ImageObject\",\"inLanguage\":\"es\",\"@id\":\"https:\/\/gysfm.com.ar\/inicio\/#\/schema\/person\/image\/\",\"url\":\"https:\/\/secure.gravatar.com\/avatar\/096ec78df02049ab018702bb4ccedf659377fa92a26540b5247612077a0dbd29?s=96&d=mm&r=g\",\"contentUrl\":\"https:\/\/secure.gravatar.com\/avatar\/096ec78df02049ab018702bb4ccedf659377fa92a26540b5247612077a0dbd29?s=96&d=mm&r=g\",\"caption\":\"Prensa G&amp;S FM\"},\"sameAs\":[\"https:\/\/gysfm.com.ar\/\"],\"url\":\"https:\/\/gysfm.com.ar\/inicio\/author\/lucasm\/\"}]}<\/script>\n<!-- \/ Yoast SEO plugin. -->","yoast_head_json":{"title":"Mat\u00edas Olivero Vila por la carga impositiva en cr\u00e9ditos: \"Entre el 48% y el 60% de una tasa son impuestos\" - GYS NOTICIAS |","robots":{"index":"index","follow":"follow","max-snippet":"max-snippet:-1","max-image-preview":"max-image-preview:large","max-video-preview":"max-video-preview:-1"},"canonical":"https:\/\/gysfm.com.ar\/inicio\/matias-olivero-vila-por-la-carga-impositiva-en-creditos-entre-el-48-y-el-60-de-una-tasa-son-impuestos\/","og_locale":"es_ES","og_type":"article","og_title":"Mat\u00edas Olivero Vila por la carga impositiva en cr\u00e9ditos: \"Entre el 48% y el 60% de una tasa son impuestos\" - GYS NOTICIAS |","og_description":"La presi\u00f3n impositiva sobre los cr\u00e9ditos bancarios vuelve al centro del debate econ\u00f3mico. Para Mat\u00edas Olivero Vila, el problema no radica exclusivamente en los bancos, sino en la estructura fiscal del pa\u00eds. \u201cLa pregunta es si se est\u00e1n manejando los bancos o est\u00e1 manejando el Estado en sus tres niveles\u201d, plante\u00f3, al cuestionar el peso [&hellip;]","og_url":"https:\/\/gysfm.com.ar\/inicio\/matias-olivero-vila-por-la-carga-impositiva-en-creditos-entre-el-48-y-el-60-de-una-tasa-son-impuestos\/","og_site_name":"GYS NOTICIAS |","article_published_time":"2026-04-28T00:18:09+00:00","author":"Prensa G&amp;S FM","twitter_card":"summary_large_image","twitter_misc":{"Escrito por":"Prensa G&amp;S FM","Tiempo de lectura":"2 minutos"},"schema":{"@context":"https:\/\/schema.org","@graph":[{"@type":"Article","@id":"https:\/\/gysfm.com.ar\/inicio\/matias-olivero-vila-por-la-carga-impositiva-en-creditos-entre-el-48-y-el-60-de-una-tasa-son-impuestos\/#article","isPartOf":{"@id":"https:\/\/gysfm.com.ar\/inicio\/matias-olivero-vila-por-la-carga-impositiva-en-creditos-entre-el-48-y-el-60-de-una-tasa-son-impuestos\/"},"author":{"name":"Prensa G&amp;S FM","@id":"https:\/\/gysfm.com.ar\/inicio\/#\/schema\/person\/3abba7593ef2ad19e1be221d54383dc5"},"headline":"Mat\u00edas Olivero Vila por la carga impositiva en cr\u00e9ditos: \u00abEntre el 48% y el 60% de una tasa son impuestos\u00bb","datePublished":"2026-04-28T00:18:09+00:00","mainEntityOfPage":{"@id":"https:\/\/gysfm.com.ar\/inicio\/matias-olivero-vila-por-la-carga-impositiva-en-creditos-entre-el-48-y-el-60-de-una-tasa-son-impuestos\/"},"wordCount":482,"publisher":{"@id":"https:\/\/gysfm.com.ar\/inicio\/#organization"},"image":{"@id":"https:\/\/gysfm.com.ar\/inicio\/matias-olivero-vila-por-la-carga-impositiva-en-creditos-entre-el-48-y-el-60-de-una-tasa-son-impuestos\/#primaryimage"},"thumbnailUrl":"https:\/\/gysfm.com.ar\/inicio\/wp-content\/uploads\/2026\/04\/pesos-argentinos-2227247.jpg","articleSection":["NACIONALES"],"inLanguage":"es"},{"@type":"WebPage","@id":"https:\/\/gysfm.com.ar\/inicio\/matias-olivero-vila-por-la-carga-impositiva-en-creditos-entre-el-48-y-el-60-de-una-tasa-son-impuestos\/","url":"https:\/\/gysfm.com.ar\/inicio\/matias-olivero-vila-por-la-carga-impositiva-en-creditos-entre-el-48-y-el-60-de-una-tasa-son-impuestos\/","name":"Mat\u00edas Olivero Vila por la carga impositiva en cr\u00e9ditos: \"Entre el 48% y el 60% de una tasa son impuestos\" - GYS NOTICIAS |","isPartOf":{"@id":"https:\/\/gysfm.com.ar\/inicio\/#website"},"primaryImageOfPage":{"@id":"https:\/\/gysfm.com.ar\/inicio\/matias-olivero-vila-por-la-carga-impositiva-en-creditos-entre-el-48-y-el-60-de-una-tasa-son-impuestos\/#primaryimage"},"image":{"@id":"https:\/\/gysfm.com.ar\/inicio\/matias-olivero-vila-por-la-carga-impositiva-en-creditos-entre-el-48-y-el-60-de-una-tasa-son-impuestos\/#primaryimage"},"thumbnailUrl":"https:\/\/gysfm.com.ar\/inicio\/wp-content\/uploads\/2026\/04\/pesos-argentinos-2227247.jpg","datePublished":"2026-04-28T00:18:09+00:00","breadcrumb":{"@id":"https:\/\/gysfm.com.ar\/inicio\/matias-olivero-vila-por-la-carga-impositiva-en-creditos-entre-el-48-y-el-60-de-una-tasa-son-impuestos\/#breadcrumb"},"inLanguage":"es","potentialAction":[{"@type":"ReadAction","target":["https:\/\/gysfm.com.ar\/inicio\/matias-olivero-vila-por-la-carga-impositiva-en-creditos-entre-el-48-y-el-60-de-una-tasa-son-impuestos\/"]}]},{"@type":"ImageObject","inLanguage":"es","@id":"https:\/\/gysfm.com.ar\/inicio\/matias-olivero-vila-por-la-carga-impositiva-en-creditos-entre-el-48-y-el-60-de-una-tasa-son-impuestos\/#primaryimage","url":"https:\/\/gysfm.com.ar\/inicio\/wp-content\/uploads\/2026\/04\/pesos-argentinos-2227247.jpg","contentUrl":"https:\/\/gysfm.com.ar\/inicio\/wp-content\/uploads\/2026\/04\/pesos-argentinos-2227247.jpg","width":1140,"height":641},{"@type":"BreadcrumbList","@id":"https:\/\/gysfm.com.ar\/inicio\/matias-olivero-vila-por-la-carga-impositiva-en-creditos-entre-el-48-y-el-60-de-una-tasa-son-impuestos\/#breadcrumb","itemListElement":[{"@type":"ListItem","position":1,"name":"Portada","item":"https:\/\/gysfm.com.ar\/inicio\/"},{"@type":"ListItem","position":2,"name":"Mat\u00edas Olivero Vila por la carga impositiva en cr\u00e9ditos: \u00abEntre el 48% y el 60% de una tasa son impuestos\u00bb"}]},{"@type":"WebSite","@id":"https:\/\/gysfm.com.ar\/inicio\/#website","url":"https:\/\/gysfm.com.ar\/inicio\/","name":"GYS NOTICIAS |","description":"DIARIO - RADIO ONLINE SAN JUAN ARGENTINA","publisher":{"@id":"https:\/\/gysfm.com.ar\/inicio\/#organization"},"potentialAction":[{"@type":"SearchAction","target":{"@type":"EntryPoint","urlTemplate":"https:\/\/gysfm.com.ar\/inicio\/?s={search_term_string}"},"query-input":{"@type":"PropertyValueSpecification","valueRequired":true,"valueName":"search_term_string"}}],"inLanguage":"es"},{"@type":"Organization","@id":"https:\/\/gysfm.com.ar\/inicio\/#organization","name":"GYS NOTICIAS |","url":"https:\/\/gysfm.com.ar\/inicio\/","logo":{"@type":"ImageObject","inLanguage":"es","@id":"https:\/\/gysfm.com.ar\/inicio\/#\/schema\/logo\/image\/","url":"https:\/\/gysfm.com.ar\/inicio\/wp-content\/uploads\/2023\/07\/LOGOGYS-OK.png","contentUrl":"https:\/\/gysfm.com.ar\/inicio\/wp-content\/uploads\/2023\/07\/LOGOGYS-OK.png","width":1170,"height":872,"caption":"GYS NOTICIAS |"},"image":{"@id":"https:\/\/gysfm.com.ar\/inicio\/#\/schema\/logo\/image\/"}},{"@type":"Person","@id":"https:\/\/gysfm.com.ar\/inicio\/#\/schema\/person\/3abba7593ef2ad19e1be221d54383dc5","name":"Prensa G&amp;S FM","image":{"@type":"ImageObject","inLanguage":"es","@id":"https:\/\/gysfm.com.ar\/inicio\/#\/schema\/person\/image\/","url":"https:\/\/secure.gravatar.com\/avatar\/096ec78df02049ab018702bb4ccedf659377fa92a26540b5247612077a0dbd29?s=96&d=mm&r=g","contentUrl":"https:\/\/secure.gravatar.com\/avatar\/096ec78df02049ab018702bb4ccedf659377fa92a26540b5247612077a0dbd29?s=96&d=mm&r=g","caption":"Prensa G&amp;S FM"},"sameAs":["https:\/\/gysfm.com.ar\/"],"url":"https:\/\/gysfm.com.ar\/inicio\/author\/lucasm\/"}]}},"_links":{"self":[{"href":"https:\/\/gysfm.com.ar\/inicio\/wp-json\/wp\/v2\/posts\/193360","targetHints":{"allow":["GET"]}}],"collection":[{"href":"https:\/\/gysfm.com.ar\/inicio\/wp-json\/wp\/v2\/posts"}],"about":[{"href":"https:\/\/gysfm.com.ar\/inicio\/wp-json\/wp\/v2\/types\/post"}],"author":[{"embeddable":true,"href":"https:\/\/gysfm.com.ar\/inicio\/wp-json\/wp\/v2\/users\/2"}],"replies":[{"embeddable":true,"href":"https:\/\/gysfm.com.ar\/inicio\/wp-json\/wp\/v2\/comments?post=193360"}],"version-history":[{"count":0,"href":"https:\/\/gysfm.com.ar\/inicio\/wp-json\/wp\/v2\/posts\/193360\/revisions"}],"wp:featuredmedia":[{"embeddable":true,"href":"https:\/\/gysfm.com.ar\/inicio\/wp-json\/wp\/v2\/media\/193361"}],"wp:attachment":[{"href":"https:\/\/gysfm.com.ar\/inicio\/wp-json\/wp\/v2\/media?parent=193360"}],"wp:term":[{"taxonomy":"category","embeddable":true,"href":"https:\/\/gysfm.com.ar\/inicio\/wp-json\/wp\/v2\/categories?post=193360"},{"taxonomy":"post_tag","embeddable":true,"href":"https:\/\/gysfm.com.ar\/inicio\/wp-json\/wp\/v2\/tags?post=193360"}],"curies":[{"name":"wp","href":"https:\/\/api.w.org\/{rel}","templated":true}]}}