{"id":193358,"date":"2026-04-27T20:47:05","date_gmt":"2026-04-27T23:47:05","guid":{"rendered":"https:\/\/gysfm.com.ar\/inicio\/reforma-laboral-tras-la-suspension-de-la-cautelar-advierten-por-cambios-en-derechos-y-condiciones-de-trabajo\/"},"modified":"2026-04-27T20:47:05","modified_gmt":"2026-04-27T23:47:05","slug":"reforma-laboral-tras-la-suspension-de-la-cautelar-advierten-por-cambios-en-derechos-y-condiciones-de-trabajo","status":"publish","type":"post","link":"https:\/\/gysfm.com.ar\/inicio\/reforma-laboral-tras-la-suspension-de-la-cautelar-advierten-por-cambios-en-derechos-y-condiciones-de-trabajo\/","title":{"rendered":"Reforma laboral: tras la suspensi\u00f3n de la cautelar, advierten por cambios en derechos y condiciones de trabajo"},"content":{"rendered":"<p><\/p>\n<div id=\"article-content\">\n<p>La reforma laboral vuelve a estar en el centro de la <a target=\"_blank\" href=\"https:\/\/www.perfil.com\/noticias\/canal-e\/hernan-madera-el-enojo-del-gobierno-continua-y-persiste-porque-falta-oficio-politico.phtml\">escena<\/a> tras la decisi\u00f3n judicial que dej\u00f3 sin efecto la cautelar que la frenaba. Seg\u00fan el abogado laborista, <strong>Osvaldo Barsanti<\/strong>, el <a target=\"_blank\" href=\"https:\/\/www.perfil.com\/noticias\/canal-e\/comunicacion-politica-en-la-era-de-la-inteligencia-artificial-que-cambio.phtml\">escenario actual<\/a> implica un cambio inmediato: \u201c<strong>La medida cautelar ahora no tiene el efecto que pretend\u00eda, que era frenar la reforma durante la discusi\u00f3n de fondo<\/strong>\u201d. Esto habilita la vigencia de gran parte del articulado, aunque con algunas excepciones.<\/p>\n<p>El especialista detall\u00f3 que no todos los puntos de la ley est\u00e1n operativos. \u201c<strong>La ley vuelve a tener vigencia en tanto y en cuanto el articulado no requiera reglamentaci\u00f3n<\/strong>\u201d, explic\u00f3, se\u00f1alando que algunos aspectos, como el Fondo de Asistencia Laboral, a\u00fan dependen de definiciones del Ejecutivo.<\/p>\n<h2><strong>Cambios estructurales y flexibilizaci\u00f3n laboral<\/strong><\/h2>\n<p>Desde una mirada cr\u00edtica, Barsanti advirti\u00f3 que la reforma introduce modificaciones profundas en el sistema laboral argentino. \u201c<strong>Es la modificaci\u00f3n m\u00e1s ambiciosa que se tiene en memoria<\/strong>\u201d, sostuvo, en referencia a los cambios en la Ley de Contrato de Trabajo.<\/p>\n<p>En ese sentido, remarc\u00f3 que la iniciativa apunta a flexibilizar las relaciones laborales. \u201c<strong>Hay intenciones de flexibilizar y de ir destruyendo en parte el r\u00e9gimen<\/strong>\u201d, afirm\u00f3, al tiempo que subray\u00f3 que se busca otorgar mayor protagonismo a la negociaci\u00f3n entre empleador y trabajador. \u201c<strong>Se trata de darle mayor fluidez al v\u00ednculo y m\u00e1s protagonismo a la voluntad de las partes<\/strong>\u201d, agreg\u00f3.<\/p>\n<p>Sin embargo, este enfoque implica, seg\u00fan el abogado, un cambio en el equilibrio tradicional del derecho laboral. \u201c<strong>Tiene que matar el orden p\u00fablico laboral, que es el gran limitador de la voluntad del trabajador<\/strong>\u201d, advirti\u00f3, marcando una posible p\u00e9rdida de protecci\u00f3n para los empleados.<\/p>\n<p><iframe id=\"vrudo\" class=\"vrudo\" src=\"https:\/\/rudo.video\/vod\/yiOe2GurDAQ?volume=0\" width=\"100%\" height=\"100%\" allowscriptaccess=\"always\" allowfullscreen=\"true\" webkitallowfullscreen=\"true\" frameborder=\"0\" scrolling=\"no\" allow=\"autoplay; fullscreen\" loading=\"lazy\" title=\"Contenido embebido\"><\/iframe><\/p>\n<h2><strong>Judicializaci\u00f3n y efectos inmediatos en los trabajadores<\/strong><\/h2>\n<p>El conflicto judicial est\u00e1 lejos de resolverse. Barsanti explic\u00f3 que, adem\u00e1s de la presentaci\u00f3n de la CGT, existen otras demandas en curso. \u201c<strong>Hay otras presentaciones realizadas por sindicatos sobre aspectos puntuales como el derecho de huelga<\/strong>\u201d, indic\u00f3.<\/p>\n<p>Mientras tanto, el impacto de la reforma ya se siente en la pr\u00e1ctica. \u201c<strong>Los trabajadores que hoy est\u00e1n prestando servicios ven modificadas sus condiciones<\/strong>\u201d, asegur\u00f3, lo que genera incertidumbre en el corto plazo.<\/p>\n<p>Respecto a la posibilidad de una intervenci\u00f3n de la Corte Suprema, el especialista consider\u00f3 que perdi\u00f3 relevancia tras la decisi\u00f3n de la C\u00e1mara. \u201c<strong>El recurso extraordinario ahora es abstracto, no tiene sentido tratarlo<\/strong>\u201d, afirm\u00f3.<\/p>\n<p>Con este escenario, la reforma laboral avanza entre cuestionamientos judiciales y debates pol\u00edticos, con consecuencias directas sobre el mundo del trabajo y un desenlace a\u00fan abierto.<br \/>&#13;\n <\/p>\n<\/p><\/div>\n<p><script>\n                !function(f,b,e,v,n,t,s)\n                {if(f.fbq)return;n=f.fbq=function(){n.callMethod?\n                    n.callMethod.apply(n,arguments):n.queue.push(arguments)};\n                    if(!f._fbq)f._fbq=n;n.push=n;n.loaded=!0;n.version='2.0';\n                    n.queue=[];t=b.createElement(e);t.async=!0;\n                    t.src=v;s=b.getElementsByTagName(e)[0];\n                    s.parentNode.insertBefore(t,s)}(window, document,'script',\n                    'https:\/\/connect.facebook.net\/en_US\/fbevents.js');\n                window.paywallConfig.facebook_pixel=\"1000228364089342\"\n            <\/script><\/p>\n","protected":false},"excerpt":{"rendered":"<p>La reforma laboral vuelve a estar en el centro de la escena tras la decisi\u00f3n judicial que dej\u00f3 sin efecto la cautelar que la frenaba. Seg\u00fan el abogado laborista, Osvaldo Barsanti, el escenario actual implica un cambio inmediato: \u201cLa medida cautelar ahora no tiene el efecto que pretend\u00eda, que era frenar la reforma durante la [&hellip;]<\/p>\n","protected":false},"author":2,"featured_media":193359,"comment_status":"closed","ping_status":"closed","sticky":false,"template":"","format":"standard","meta":{"footnotes":""},"categories":[25],"tags":[],"class_list":["post-193358","post","type-post","status-publish","format-standard","has-post-thumbnail","hentry","category-nacionales"],"yoast_head":"<!-- This site is optimized with the Yoast SEO plugin v24.4 - https:\/\/yoast.com\/wordpress\/plugins\/seo\/ -->\n<title>Reforma laboral: tras la suspensi\u00f3n de la cautelar, advierten por cambios en derechos y condiciones de trabajo - GYS NOTICIAS |<\/title>\n<meta name=\"robots\" content=\"index, follow, max-snippet:-1, max-image-preview:large, max-video-preview:-1\" \/>\n<link rel=\"canonical\" href=\"https:\/\/gysfm.com.ar\/inicio\/reforma-laboral-tras-la-suspension-de-la-cautelar-advierten-por-cambios-en-derechos-y-condiciones-de-trabajo\/\" \/>\n<meta property=\"og:locale\" content=\"es_ES\" \/>\n<meta property=\"og:type\" content=\"article\" \/>\n<meta property=\"og:title\" content=\"Reforma laboral: tras la suspensi\u00f3n de la cautelar, advierten por cambios en derechos y condiciones de trabajo - GYS NOTICIAS |\" \/>\n<meta property=\"og:description\" content=\"La reforma laboral vuelve a estar en el centro de la escena tras la decisi\u00f3n judicial que dej\u00f3 sin efecto la cautelar que la frenaba. Seg\u00fan el abogado laborista, Osvaldo Barsanti, el escenario actual implica un cambio inmediato: \u201cLa medida cautelar ahora no tiene el efecto que pretend\u00eda, que era frenar la reforma durante la [&hellip;]\" \/>\n<meta property=\"og:url\" content=\"https:\/\/gysfm.com.ar\/inicio\/reforma-laboral-tras-la-suspension-de-la-cautelar-advierten-por-cambios-en-derechos-y-condiciones-de-trabajo\/\" \/>\n<meta property=\"og:site_name\" content=\"GYS NOTICIAS |\" \/>\n<meta property=\"article:published_time\" content=\"2026-04-27T23:47:05+00:00\" \/>\n<meta name=\"author\" content=\"Prensa G&amp;S FM\" \/>\n<meta name=\"twitter:card\" content=\"summary_large_image\" \/>\n<meta name=\"twitter:label1\" content=\"Escrito por\" \/>\n\t<meta name=\"twitter:data1\" content=\"Prensa G&amp;S FM\" \/>\n\t<meta name=\"twitter:label2\" content=\"Tiempo de lectura\" \/>\n\t<meta name=\"twitter:data2\" content=\"2 minutos\" \/>\n<script type=\"application\/ld+json\" class=\"yoast-schema-graph\">{\"@context\":\"https:\/\/schema.org\",\"@graph\":[{\"@type\":\"Article\",\"@id\":\"https:\/\/gysfm.com.ar\/inicio\/reforma-laboral-tras-la-suspension-de-la-cautelar-advierten-por-cambios-en-derechos-y-condiciones-de-trabajo\/#article\",\"isPartOf\":{\"@id\":\"https:\/\/gysfm.com.ar\/inicio\/reforma-laboral-tras-la-suspension-de-la-cautelar-advierten-por-cambios-en-derechos-y-condiciones-de-trabajo\/\"},\"author\":{\"name\":\"Prensa G&amp;S FM\",\"@id\":\"https:\/\/gysfm.com.ar\/inicio\/#\/schema\/person\/3abba7593ef2ad19e1be221d54383dc5\"},\"headline\":\"Reforma laboral: tras la suspensi\u00f3n de la cautelar, advierten por cambios en derechos y condiciones de trabajo\",\"datePublished\":\"2026-04-27T23:47:05+00:00\",\"mainEntityOfPage\":{\"@id\":\"https:\/\/gysfm.com.ar\/inicio\/reforma-laboral-tras-la-suspension-de-la-cautelar-advierten-por-cambios-en-derechos-y-condiciones-de-trabajo\/\"},\"wordCount\":452,\"publisher\":{\"@id\":\"https:\/\/gysfm.com.ar\/inicio\/#organization\"},\"image\":{\"@id\":\"https:\/\/gysfm.com.ar\/inicio\/reforma-laboral-tras-la-suspension-de-la-cautelar-advierten-por-cambios-en-derechos-y-condiciones-de-trabajo\/#primaryimage\"},\"thumbnailUrl\":\"https:\/\/gysfm.com.ar\/inicio\/wp-content\/uploads\/2026\/04\/pymes-2227250.jpg\",\"articleSection\":[\"NACIONALES\"],\"inLanguage\":\"es\"},{\"@type\":\"WebPage\",\"@id\":\"https:\/\/gysfm.com.ar\/inicio\/reforma-laboral-tras-la-suspension-de-la-cautelar-advierten-por-cambios-en-derechos-y-condiciones-de-trabajo\/\",\"url\":\"https:\/\/gysfm.com.ar\/inicio\/reforma-laboral-tras-la-suspension-de-la-cautelar-advierten-por-cambios-en-derechos-y-condiciones-de-trabajo\/\",\"name\":\"Reforma laboral: tras la suspensi\u00f3n de la cautelar, advierten por cambios en derechos y condiciones de trabajo - GYS NOTICIAS |\",\"isPartOf\":{\"@id\":\"https:\/\/gysfm.com.ar\/inicio\/#website\"},\"primaryImageOfPage\":{\"@id\":\"https:\/\/gysfm.com.ar\/inicio\/reforma-laboral-tras-la-suspension-de-la-cautelar-advierten-por-cambios-en-derechos-y-condiciones-de-trabajo\/#primaryimage\"},\"image\":{\"@id\":\"https:\/\/gysfm.com.ar\/inicio\/reforma-laboral-tras-la-suspension-de-la-cautelar-advierten-por-cambios-en-derechos-y-condiciones-de-trabajo\/#primaryimage\"},\"thumbnailUrl\":\"https:\/\/gysfm.com.ar\/inicio\/wp-content\/uploads\/2026\/04\/pymes-2227250.jpg\",\"datePublished\":\"2026-04-27T23:47:05+00:00\",\"breadcrumb\":{\"@id\":\"https:\/\/gysfm.com.ar\/inicio\/reforma-laboral-tras-la-suspension-de-la-cautelar-advierten-por-cambios-en-derechos-y-condiciones-de-trabajo\/#breadcrumb\"},\"inLanguage\":\"es\",\"potentialAction\":[{\"@type\":\"ReadAction\",\"target\":[\"https:\/\/gysfm.com.ar\/inicio\/reforma-laboral-tras-la-suspension-de-la-cautelar-advierten-por-cambios-en-derechos-y-condiciones-de-trabajo\/\"]}]},{\"@type\":\"ImageObject\",\"inLanguage\":\"es\",\"@id\":\"https:\/\/gysfm.com.ar\/inicio\/reforma-laboral-tras-la-suspension-de-la-cautelar-advierten-por-cambios-en-derechos-y-condiciones-de-trabajo\/#primaryimage\",\"url\":\"https:\/\/gysfm.com.ar\/inicio\/wp-content\/uploads\/2026\/04\/pymes-2227250.jpg\",\"contentUrl\":\"https:\/\/gysfm.com.ar\/inicio\/wp-content\/uploads\/2026\/04\/pymes-2227250.jpg\",\"width\":1140,\"height\":641},{\"@type\":\"BreadcrumbList\",\"@id\":\"https:\/\/gysfm.com.ar\/inicio\/reforma-laboral-tras-la-suspension-de-la-cautelar-advierten-por-cambios-en-derechos-y-condiciones-de-trabajo\/#breadcrumb\",\"itemListElement\":[{\"@type\":\"ListItem\",\"position\":1,\"name\":\"Portada\",\"item\":\"https:\/\/gysfm.com.ar\/inicio\/\"},{\"@type\":\"ListItem\",\"position\":2,\"name\":\"Reforma laboral: tras la suspensi\u00f3n de la cautelar, advierten por cambios en derechos y condiciones de trabajo\"}]},{\"@type\":\"WebSite\",\"@id\":\"https:\/\/gysfm.com.ar\/inicio\/#website\",\"url\":\"https:\/\/gysfm.com.ar\/inicio\/\",\"name\":\"GYS NOTICIAS |\",\"description\":\"DIARIO - RADIO ONLINE SAN JUAN ARGENTINA\",\"publisher\":{\"@id\":\"https:\/\/gysfm.com.ar\/inicio\/#organization\"},\"potentialAction\":[{\"@type\":\"SearchAction\",\"target\":{\"@type\":\"EntryPoint\",\"urlTemplate\":\"https:\/\/gysfm.com.ar\/inicio\/?s={search_term_string}\"},\"query-input\":{\"@type\":\"PropertyValueSpecification\",\"valueRequired\":true,\"valueName\":\"search_term_string\"}}],\"inLanguage\":\"es\"},{\"@type\":\"Organization\",\"@id\":\"https:\/\/gysfm.com.ar\/inicio\/#organization\",\"name\":\"GYS NOTICIAS |\",\"url\":\"https:\/\/gysfm.com.ar\/inicio\/\",\"logo\":{\"@type\":\"ImageObject\",\"inLanguage\":\"es\",\"@id\":\"https:\/\/gysfm.com.ar\/inicio\/#\/schema\/logo\/image\/\",\"url\":\"https:\/\/gysfm.com.ar\/inicio\/wp-content\/uploads\/2023\/07\/LOGOGYS-OK.png\",\"contentUrl\":\"https:\/\/gysfm.com.ar\/inicio\/wp-content\/uploads\/2023\/07\/LOGOGYS-OK.png\",\"width\":1170,\"height\":872,\"caption\":\"GYS NOTICIAS |\"},\"image\":{\"@id\":\"https:\/\/gysfm.com.ar\/inicio\/#\/schema\/logo\/image\/\"}},{\"@type\":\"Person\",\"@id\":\"https:\/\/gysfm.com.ar\/inicio\/#\/schema\/person\/3abba7593ef2ad19e1be221d54383dc5\",\"name\":\"Prensa G&amp;S FM\",\"image\":{\"@type\":\"ImageObject\",\"inLanguage\":\"es\",\"@id\":\"https:\/\/gysfm.com.ar\/inicio\/#\/schema\/person\/image\/\",\"url\":\"https:\/\/secure.gravatar.com\/avatar\/096ec78df02049ab018702bb4ccedf659377fa92a26540b5247612077a0dbd29?s=96&d=mm&r=g\",\"contentUrl\":\"https:\/\/secure.gravatar.com\/avatar\/096ec78df02049ab018702bb4ccedf659377fa92a26540b5247612077a0dbd29?s=96&d=mm&r=g\",\"caption\":\"Prensa G&amp;S FM\"},\"sameAs\":[\"https:\/\/gysfm.com.ar\/\"],\"url\":\"https:\/\/gysfm.com.ar\/inicio\/author\/lucasm\/\"}]}<\/script>\n<!-- \/ Yoast SEO plugin. -->","yoast_head_json":{"title":"Reforma laboral: tras la suspensi\u00f3n de la cautelar, advierten por cambios en derechos y condiciones de trabajo - GYS NOTICIAS |","robots":{"index":"index","follow":"follow","max-snippet":"max-snippet:-1","max-image-preview":"max-image-preview:large","max-video-preview":"max-video-preview:-1"},"canonical":"https:\/\/gysfm.com.ar\/inicio\/reforma-laboral-tras-la-suspension-de-la-cautelar-advierten-por-cambios-en-derechos-y-condiciones-de-trabajo\/","og_locale":"es_ES","og_type":"article","og_title":"Reforma laboral: tras la suspensi\u00f3n de la cautelar, advierten por cambios en derechos y condiciones de trabajo - GYS NOTICIAS |","og_description":"La reforma laboral vuelve a estar en el centro de la escena tras la decisi\u00f3n judicial que dej\u00f3 sin efecto la cautelar que la frenaba. Seg\u00fan el abogado laborista, Osvaldo Barsanti, el escenario actual implica un cambio inmediato: \u201cLa medida cautelar ahora no tiene el efecto que pretend\u00eda, que era frenar la reforma durante la [&hellip;]","og_url":"https:\/\/gysfm.com.ar\/inicio\/reforma-laboral-tras-la-suspension-de-la-cautelar-advierten-por-cambios-en-derechos-y-condiciones-de-trabajo\/","og_site_name":"GYS NOTICIAS |","article_published_time":"2026-04-27T23:47:05+00:00","author":"Prensa G&amp;S FM","twitter_card":"summary_large_image","twitter_misc":{"Escrito por":"Prensa G&amp;S FM","Tiempo de lectura":"2 minutos"},"schema":{"@context":"https:\/\/schema.org","@graph":[{"@type":"Article","@id":"https:\/\/gysfm.com.ar\/inicio\/reforma-laboral-tras-la-suspension-de-la-cautelar-advierten-por-cambios-en-derechos-y-condiciones-de-trabajo\/#article","isPartOf":{"@id":"https:\/\/gysfm.com.ar\/inicio\/reforma-laboral-tras-la-suspension-de-la-cautelar-advierten-por-cambios-en-derechos-y-condiciones-de-trabajo\/"},"author":{"name":"Prensa G&amp;S FM","@id":"https:\/\/gysfm.com.ar\/inicio\/#\/schema\/person\/3abba7593ef2ad19e1be221d54383dc5"},"headline":"Reforma laboral: tras la suspensi\u00f3n de la cautelar, advierten por cambios en derechos y condiciones de trabajo","datePublished":"2026-04-27T23:47:05+00:00","mainEntityOfPage":{"@id":"https:\/\/gysfm.com.ar\/inicio\/reforma-laboral-tras-la-suspension-de-la-cautelar-advierten-por-cambios-en-derechos-y-condiciones-de-trabajo\/"},"wordCount":452,"publisher":{"@id":"https:\/\/gysfm.com.ar\/inicio\/#organization"},"image":{"@id":"https:\/\/gysfm.com.ar\/inicio\/reforma-laboral-tras-la-suspension-de-la-cautelar-advierten-por-cambios-en-derechos-y-condiciones-de-trabajo\/#primaryimage"},"thumbnailUrl":"https:\/\/gysfm.com.ar\/inicio\/wp-content\/uploads\/2026\/04\/pymes-2227250.jpg","articleSection":["NACIONALES"],"inLanguage":"es"},{"@type":"WebPage","@id":"https:\/\/gysfm.com.ar\/inicio\/reforma-laboral-tras-la-suspension-de-la-cautelar-advierten-por-cambios-en-derechos-y-condiciones-de-trabajo\/","url":"https:\/\/gysfm.com.ar\/inicio\/reforma-laboral-tras-la-suspension-de-la-cautelar-advierten-por-cambios-en-derechos-y-condiciones-de-trabajo\/","name":"Reforma laboral: tras la suspensi\u00f3n de la cautelar, advierten por cambios en derechos y condiciones de trabajo - GYS NOTICIAS |","isPartOf":{"@id":"https:\/\/gysfm.com.ar\/inicio\/#website"},"primaryImageOfPage":{"@id":"https:\/\/gysfm.com.ar\/inicio\/reforma-laboral-tras-la-suspension-de-la-cautelar-advierten-por-cambios-en-derechos-y-condiciones-de-trabajo\/#primaryimage"},"image":{"@id":"https:\/\/gysfm.com.ar\/inicio\/reforma-laboral-tras-la-suspension-de-la-cautelar-advierten-por-cambios-en-derechos-y-condiciones-de-trabajo\/#primaryimage"},"thumbnailUrl":"https:\/\/gysfm.com.ar\/inicio\/wp-content\/uploads\/2026\/04\/pymes-2227250.jpg","datePublished":"2026-04-27T23:47:05+00:00","breadcrumb":{"@id":"https:\/\/gysfm.com.ar\/inicio\/reforma-laboral-tras-la-suspension-de-la-cautelar-advierten-por-cambios-en-derechos-y-condiciones-de-trabajo\/#breadcrumb"},"inLanguage":"es","potentialAction":[{"@type":"ReadAction","target":["https:\/\/gysfm.com.ar\/inicio\/reforma-laboral-tras-la-suspension-de-la-cautelar-advierten-por-cambios-en-derechos-y-condiciones-de-trabajo\/"]}]},{"@type":"ImageObject","inLanguage":"es","@id":"https:\/\/gysfm.com.ar\/inicio\/reforma-laboral-tras-la-suspension-de-la-cautelar-advierten-por-cambios-en-derechos-y-condiciones-de-trabajo\/#primaryimage","url":"https:\/\/gysfm.com.ar\/inicio\/wp-content\/uploads\/2026\/04\/pymes-2227250.jpg","contentUrl":"https:\/\/gysfm.com.ar\/inicio\/wp-content\/uploads\/2026\/04\/pymes-2227250.jpg","width":1140,"height":641},{"@type":"BreadcrumbList","@id":"https:\/\/gysfm.com.ar\/inicio\/reforma-laboral-tras-la-suspension-de-la-cautelar-advierten-por-cambios-en-derechos-y-condiciones-de-trabajo\/#breadcrumb","itemListElement":[{"@type":"ListItem","position":1,"name":"Portada","item":"https:\/\/gysfm.com.ar\/inicio\/"},{"@type":"ListItem","position":2,"name":"Reforma laboral: tras la suspensi\u00f3n de la cautelar, advierten por cambios en derechos y condiciones de trabajo"}]},{"@type":"WebSite","@id":"https:\/\/gysfm.com.ar\/inicio\/#website","url":"https:\/\/gysfm.com.ar\/inicio\/","name":"GYS NOTICIAS |","description":"DIARIO - RADIO ONLINE SAN JUAN ARGENTINA","publisher":{"@id":"https:\/\/gysfm.com.ar\/inicio\/#organization"},"potentialAction":[{"@type":"SearchAction","target":{"@type":"EntryPoint","urlTemplate":"https:\/\/gysfm.com.ar\/inicio\/?s={search_term_string}"},"query-input":{"@type":"PropertyValueSpecification","valueRequired":true,"valueName":"search_term_string"}}],"inLanguage":"es"},{"@type":"Organization","@id":"https:\/\/gysfm.com.ar\/inicio\/#organization","name":"GYS NOTICIAS |","url":"https:\/\/gysfm.com.ar\/inicio\/","logo":{"@type":"ImageObject","inLanguage":"es","@id":"https:\/\/gysfm.com.ar\/inicio\/#\/schema\/logo\/image\/","url":"https:\/\/gysfm.com.ar\/inicio\/wp-content\/uploads\/2023\/07\/LOGOGYS-OK.png","contentUrl":"https:\/\/gysfm.com.ar\/inicio\/wp-content\/uploads\/2023\/07\/LOGOGYS-OK.png","width":1170,"height":872,"caption":"GYS NOTICIAS |"},"image":{"@id":"https:\/\/gysfm.com.ar\/inicio\/#\/schema\/logo\/image\/"}},{"@type":"Person","@id":"https:\/\/gysfm.com.ar\/inicio\/#\/schema\/person\/3abba7593ef2ad19e1be221d54383dc5","name":"Prensa G&amp;S FM","image":{"@type":"ImageObject","inLanguage":"es","@id":"https:\/\/gysfm.com.ar\/inicio\/#\/schema\/person\/image\/","url":"https:\/\/secure.gravatar.com\/avatar\/096ec78df02049ab018702bb4ccedf659377fa92a26540b5247612077a0dbd29?s=96&d=mm&r=g","contentUrl":"https:\/\/secure.gravatar.com\/avatar\/096ec78df02049ab018702bb4ccedf659377fa92a26540b5247612077a0dbd29?s=96&d=mm&r=g","caption":"Prensa G&amp;S FM"},"sameAs":["https:\/\/gysfm.com.ar\/"],"url":"https:\/\/gysfm.com.ar\/inicio\/author\/lucasm\/"}]}},"_links":{"self":[{"href":"https:\/\/gysfm.com.ar\/inicio\/wp-json\/wp\/v2\/posts\/193358","targetHints":{"allow":["GET"]}}],"collection":[{"href":"https:\/\/gysfm.com.ar\/inicio\/wp-json\/wp\/v2\/posts"}],"about":[{"href":"https:\/\/gysfm.com.ar\/inicio\/wp-json\/wp\/v2\/types\/post"}],"author":[{"embeddable":true,"href":"https:\/\/gysfm.com.ar\/inicio\/wp-json\/wp\/v2\/users\/2"}],"replies":[{"embeddable":true,"href":"https:\/\/gysfm.com.ar\/inicio\/wp-json\/wp\/v2\/comments?post=193358"}],"version-history":[{"count":0,"href":"https:\/\/gysfm.com.ar\/inicio\/wp-json\/wp\/v2\/posts\/193358\/revisions"}],"wp:featuredmedia":[{"embeddable":true,"href":"https:\/\/gysfm.com.ar\/inicio\/wp-json\/wp\/v2\/media\/193359"}],"wp:attachment":[{"href":"https:\/\/gysfm.com.ar\/inicio\/wp-json\/wp\/v2\/media?parent=193358"}],"wp:term":[{"taxonomy":"category","embeddable":true,"href":"https:\/\/gysfm.com.ar\/inicio\/wp-json\/wp\/v2\/categories?post=193358"},{"taxonomy":"post_tag","embeddable":true,"href":"https:\/\/gysfm.com.ar\/inicio\/wp-json\/wp\/v2\/tags?post=193358"}],"curies":[{"name":"wp","href":"https:\/\/api.w.org\/{rel}","templated":true}]}}