{"id":193349,"date":"2026-04-27T19:45:05","date_gmt":"2026-04-27T22:45:05","guid":{"rendered":"https:\/\/gysfm.com.ar\/inicio\/elecciones-2027-anibal-fernandez-pronostico-que-axel-kicillof-ganara\/"},"modified":"2026-04-27T19:45:05","modified_gmt":"2026-04-27T22:45:05","slug":"elecciones-2027-anibal-fernandez-pronostico-que-axel-kicillof-ganara","status":"publish","type":"post","link":"https:\/\/gysfm.com.ar\/inicio\/elecciones-2027-anibal-fernandez-pronostico-que-axel-kicillof-ganara\/","title":{"rendered":"Elecciones 2027: An\u00edbal Fern\u00e1ndez pronostic\u00f3 que Axel Kicillof ganar\u00e1"},"content":{"rendered":"<p><\/p>\n<div id=\"article-content\">\n<p>El <strong>ex ministro de Seguridad An\u00edbal Fern\u00e1ndez<\/strong> asegur\u00f3 que el <strong>gobernador bonaerense Axel Kicillof<\/strong> se impondr\u00e1 en las <strong>elecciones presidenciales de 2027, <\/strong>en una definici\u00f3n que reaviva el<a target=\"_blank\" href=\"https:\/\/www.perfil.com\/noticias\/reperfilar\/la-confianza-del-consumidor-cayo-un-57-en-abril.phtml\"><strong> debate interno dentro del peronismo y proyecta el escenario pol\u00edtico a mediano plazo.<\/strong><\/a><\/p>\n<p>\u201cEstoy convencido de que Axel va a ser presidente\u201d, afirm\u00f3 Fern\u00e1ndez durante una entrevista, donde tambi\u00e9n analiz\u00f3 la actualidad del pa\u00eds y el futuro del movimiento justicialista. Seg\u00fan explic\u00f3, el mandatario provincial re\u00fane \u201clas condiciones pol\u00edticas, t\u00e9cnicas y de gesti\u00f3n\u201d necesarias para encarar un proyecto nacional.<\/p>\n<p><iframe id=\"vrudo\" class=\"vrudo\" src=\"https:\/\/rudo.video\/vod\/czGvr19cmht?volume=0\" width=\"100%\" height=\"100%\" allowscriptaccess=\"always\" allowfullscreen=\"true\" webkitallowfullscreen=\"true\" frameborder=\"0\" scrolling=\"no\" allow=\"autoplay; fullscreen\" loading=\"lazy\" title=\"Contenido embebido\"><\/iframe><\/p>\n<p>Las declaraciones se producen en un contexto en el que <strong>distintos sectores del peronismo comienzan a perfilar posibles candidaturas de cara a 2027. <\/strong>En ese marco, Kicillof aparece como uno de los dirigentes con mayor proyecci\u00f3n, tras consolidar su liderazgo en la provincia de Buenos Aires y mantener una alta visibilidad dentro del espacio.<\/p>\n<div class=\"subscription\">\n<p>\n        Esto no les gusta a los autoritarios\n    <\/p>\n<div class=\"subscription__container\">\n<div class=\"subscription__text-wrapper\">\n<p>\n                El ejercicio del periodismo profesional y cr\u00edtico es un pilar fundamental de la democracia. Por eso molesta a quienes creen ser los due\u00f1os de la verdad.\n            <\/p>\n<\/p><\/div><\/div>\n<\/div>\n<p>Fern\u00e1ndez, hist\u00f3rico referente del kirchnerismo, tambi\u00e9n hizo hincapi\u00e9 en la<strong> necesidad de ordenar la interna del peronismo y evitar divisiones que debiliten sus chances electorales.<\/strong> \u201cHay que construir una propuesta s\u00f3lida y representativa, sin imposiciones\u201d, remarc\u00f3.<\/p>\n<p>Si bien a\u00fan falta m\u00e1s de un a\u00f1o para el inicio formal del calendario electoral, los posicionamientos anticipados reflejan una din\u00e1mica pol\u00edtica en constante movimiento, donde los principales referentes comienzan a delinear estrategias y liderazgos con vistas a la pr\u00f3xima contienda presidencial.<\/p>\n<p>Por ahora, las palabras de Fern\u00e1ndez se inscriben en el terreno de las proyecciones, pero vuelven a poner a Kicillof en el centro de la escena como una de las figuras clave del peronismo para los pr\u00f3ximos a\u00f1os.<\/p>\n<\/p><\/div>\n<p><script>\n                !function(f,b,e,v,n,t,s)\n                {if(f.fbq)return;n=f.fbq=function(){n.callMethod?\n                    n.callMethod.apply(n,arguments):n.queue.push(arguments)};\n                    if(!f._fbq)f._fbq=n;n.push=n;n.loaded=!0;n.version='2.0';\n                    n.queue=[];t=b.createElement(e);t.async=!0;\n                    t.src=v;s=b.getElementsByTagName(e)[0];\n                    s.parentNode.insertBefore(t,s)}(window, document,'script',\n                    'https:\/\/connect.facebook.net\/en_US\/fbevents.js');\n                window.paywallConfig.facebook_pixel=\"1000228364089342\"\n            <\/script><\/p>\n","protected":false},"excerpt":{"rendered":"<p>El ex ministro de Seguridad An\u00edbal Fern\u00e1ndez asegur\u00f3 que el gobernador bonaerense Axel Kicillof se impondr\u00e1 en las elecciones presidenciales de 2027, en una definici\u00f3n que reaviva el debate interno dentro del peronismo y proyecta el escenario pol\u00edtico a mediano plazo. \u201cEstoy convencido de que Axel va a ser presidente\u201d, afirm\u00f3 Fern\u00e1ndez durante una entrevista, [&hellip;]<\/p>\n","protected":false},"author":2,"featured_media":193350,"comment_status":"closed","ping_status":"closed","sticky":false,"template":"","format":"standard","meta":{"footnotes":""},"categories":[25],"tags":[],"class_list":["post-193349","post","type-post","status-publish","format-standard","has-post-thumbnail","hentry","category-nacionales"],"yoast_head":"<!-- This site is optimized with the Yoast SEO plugin v24.4 - https:\/\/yoast.com\/wordpress\/plugins\/seo\/ -->\n<title>Elecciones 2027: An\u00edbal Fern\u00e1ndez pronostic\u00f3 que Axel Kicillof ganar\u00e1 - GYS NOTICIAS |<\/title>\n<meta name=\"robots\" content=\"index, follow, max-snippet:-1, max-image-preview:large, max-video-preview:-1\" \/>\n<link rel=\"canonical\" href=\"https:\/\/gysfm.com.ar\/inicio\/elecciones-2027-anibal-fernandez-pronostico-que-axel-kicillof-ganara\/\" \/>\n<meta property=\"og:locale\" content=\"es_ES\" \/>\n<meta property=\"og:type\" content=\"article\" \/>\n<meta property=\"og:title\" content=\"Elecciones 2027: An\u00edbal Fern\u00e1ndez pronostic\u00f3 que Axel Kicillof ganar\u00e1 - GYS NOTICIAS |\" \/>\n<meta property=\"og:description\" content=\"El ex ministro de Seguridad An\u00edbal Fern\u00e1ndez asegur\u00f3 que el gobernador bonaerense Axel Kicillof se impondr\u00e1 en las elecciones presidenciales de 2027, en una definici\u00f3n que reaviva el debate interno dentro del peronismo y proyecta el escenario pol\u00edtico a mediano plazo. \u201cEstoy convencido de que Axel va a ser presidente\u201d, afirm\u00f3 Fern\u00e1ndez durante una entrevista, [&hellip;]\" \/>\n<meta property=\"og:url\" content=\"https:\/\/gysfm.com.ar\/inicio\/elecciones-2027-anibal-fernandez-pronostico-que-axel-kicillof-ganara\/\" \/>\n<meta property=\"og:site_name\" content=\"GYS NOTICIAS |\" \/>\n<meta property=\"article:published_time\" content=\"2026-04-27T22:45:05+00:00\" \/>\n<meta name=\"author\" content=\"Prensa G&amp;S FM\" \/>\n<meta name=\"twitter:card\" content=\"summary_large_image\" \/>\n<meta name=\"twitter:label1\" content=\"Escrito por\" \/>\n\t<meta name=\"twitter:data1\" content=\"Prensa G&amp;S FM\" \/>\n\t<meta name=\"twitter:label2\" content=\"Tiempo de lectura\" \/>\n\t<meta name=\"twitter:data2\" content=\"2 minutos\" \/>\n<script type=\"application\/ld+json\" class=\"yoast-schema-graph\">{\"@context\":\"https:\/\/schema.org\",\"@graph\":[{\"@type\":\"Article\",\"@id\":\"https:\/\/gysfm.com.ar\/inicio\/elecciones-2027-anibal-fernandez-pronostico-que-axel-kicillof-ganara\/#article\",\"isPartOf\":{\"@id\":\"https:\/\/gysfm.com.ar\/inicio\/elecciones-2027-anibal-fernandez-pronostico-que-axel-kicillof-ganara\/\"},\"author\":{\"name\":\"Prensa G&amp;S FM\",\"@id\":\"https:\/\/gysfm.com.ar\/inicio\/#\/schema\/person\/3abba7593ef2ad19e1be221d54383dc5\"},\"headline\":\"Elecciones 2027: An\u00edbal Fern\u00e1ndez pronostic\u00f3 que Axel Kicillof ganar\u00e1\",\"datePublished\":\"2026-04-27T22:45:05+00:00\",\"mainEntityOfPage\":{\"@id\":\"https:\/\/gysfm.com.ar\/inicio\/elecciones-2027-anibal-fernandez-pronostico-que-axel-kicillof-ganara\/\"},\"wordCount\":326,\"publisher\":{\"@id\":\"https:\/\/gysfm.com.ar\/inicio\/#organization\"},\"image\":{\"@id\":\"https:\/\/gysfm.com.ar\/inicio\/elecciones-2027-anibal-fernandez-pronostico-que-axel-kicillof-ganara\/#primaryimage\"},\"thumbnailUrl\":\"https:\/\/gysfm.com.ar\/inicio\/wp-content\/uploads\/2026\/04\/anibal-fernandez-09042026-2217813.jpg\",\"articleSection\":[\"NACIONALES\"],\"inLanguage\":\"es\"},{\"@type\":\"WebPage\",\"@id\":\"https:\/\/gysfm.com.ar\/inicio\/elecciones-2027-anibal-fernandez-pronostico-que-axel-kicillof-ganara\/\",\"url\":\"https:\/\/gysfm.com.ar\/inicio\/elecciones-2027-anibal-fernandez-pronostico-que-axel-kicillof-ganara\/\",\"name\":\"Elecciones 2027: An\u00edbal Fern\u00e1ndez pronostic\u00f3 que Axel Kicillof ganar\u00e1 - GYS NOTICIAS |\",\"isPartOf\":{\"@id\":\"https:\/\/gysfm.com.ar\/inicio\/#website\"},\"primaryImageOfPage\":{\"@id\":\"https:\/\/gysfm.com.ar\/inicio\/elecciones-2027-anibal-fernandez-pronostico-que-axel-kicillof-ganara\/#primaryimage\"},\"image\":{\"@id\":\"https:\/\/gysfm.com.ar\/inicio\/elecciones-2027-anibal-fernandez-pronostico-que-axel-kicillof-ganara\/#primaryimage\"},\"thumbnailUrl\":\"https:\/\/gysfm.com.ar\/inicio\/wp-content\/uploads\/2026\/04\/anibal-fernandez-09042026-2217813.jpg\",\"datePublished\":\"2026-04-27T22:45:05+00:00\",\"breadcrumb\":{\"@id\":\"https:\/\/gysfm.com.ar\/inicio\/elecciones-2027-anibal-fernandez-pronostico-que-axel-kicillof-ganara\/#breadcrumb\"},\"inLanguage\":\"es\",\"potentialAction\":[{\"@type\":\"ReadAction\",\"target\":[\"https:\/\/gysfm.com.ar\/inicio\/elecciones-2027-anibal-fernandez-pronostico-que-axel-kicillof-ganara\/\"]}]},{\"@type\":\"ImageObject\",\"inLanguage\":\"es\",\"@id\":\"https:\/\/gysfm.com.ar\/inicio\/elecciones-2027-anibal-fernandez-pronostico-que-axel-kicillof-ganara\/#primaryimage\",\"url\":\"https:\/\/gysfm.com.ar\/inicio\/wp-content\/uploads\/2026\/04\/anibal-fernandez-09042026-2217813.jpg\",\"contentUrl\":\"https:\/\/gysfm.com.ar\/inicio\/wp-content\/uploads\/2026\/04\/anibal-fernandez-09042026-2217813.jpg\",\"width\":1140,\"height\":641},{\"@type\":\"BreadcrumbList\",\"@id\":\"https:\/\/gysfm.com.ar\/inicio\/elecciones-2027-anibal-fernandez-pronostico-que-axel-kicillof-ganara\/#breadcrumb\",\"itemListElement\":[{\"@type\":\"ListItem\",\"position\":1,\"name\":\"Portada\",\"item\":\"https:\/\/gysfm.com.ar\/inicio\/\"},{\"@type\":\"ListItem\",\"position\":2,\"name\":\"Elecciones 2027: An\u00edbal Fern\u00e1ndez pronostic\u00f3 que Axel Kicillof ganar\u00e1\"}]},{\"@type\":\"WebSite\",\"@id\":\"https:\/\/gysfm.com.ar\/inicio\/#website\",\"url\":\"https:\/\/gysfm.com.ar\/inicio\/\",\"name\":\"GYS NOTICIAS |\",\"description\":\"DIARIO - RADIO ONLINE SAN JUAN ARGENTINA\",\"publisher\":{\"@id\":\"https:\/\/gysfm.com.ar\/inicio\/#organization\"},\"potentialAction\":[{\"@type\":\"SearchAction\",\"target\":{\"@type\":\"EntryPoint\",\"urlTemplate\":\"https:\/\/gysfm.com.ar\/inicio\/?s={search_term_string}\"},\"query-input\":{\"@type\":\"PropertyValueSpecification\",\"valueRequired\":true,\"valueName\":\"search_term_string\"}}],\"inLanguage\":\"es\"},{\"@type\":\"Organization\",\"@id\":\"https:\/\/gysfm.com.ar\/inicio\/#organization\",\"name\":\"GYS NOTICIAS |\",\"url\":\"https:\/\/gysfm.com.ar\/inicio\/\",\"logo\":{\"@type\":\"ImageObject\",\"inLanguage\":\"es\",\"@id\":\"https:\/\/gysfm.com.ar\/inicio\/#\/schema\/logo\/image\/\",\"url\":\"https:\/\/gysfm.com.ar\/inicio\/wp-content\/uploads\/2023\/07\/LOGOGYS-OK.png\",\"contentUrl\":\"https:\/\/gysfm.com.ar\/inicio\/wp-content\/uploads\/2023\/07\/LOGOGYS-OK.png\",\"width\":1170,\"height\":872,\"caption\":\"GYS NOTICIAS |\"},\"image\":{\"@id\":\"https:\/\/gysfm.com.ar\/inicio\/#\/schema\/logo\/image\/\"}},{\"@type\":\"Person\",\"@id\":\"https:\/\/gysfm.com.ar\/inicio\/#\/schema\/person\/3abba7593ef2ad19e1be221d54383dc5\",\"name\":\"Prensa G&amp;S FM\",\"image\":{\"@type\":\"ImageObject\",\"inLanguage\":\"es\",\"@id\":\"https:\/\/gysfm.com.ar\/inicio\/#\/schema\/person\/image\/\",\"url\":\"https:\/\/secure.gravatar.com\/avatar\/096ec78df02049ab018702bb4ccedf659377fa92a26540b5247612077a0dbd29?s=96&d=mm&r=g\",\"contentUrl\":\"https:\/\/secure.gravatar.com\/avatar\/096ec78df02049ab018702bb4ccedf659377fa92a26540b5247612077a0dbd29?s=96&d=mm&r=g\",\"caption\":\"Prensa G&amp;S FM\"},\"sameAs\":[\"https:\/\/gysfm.com.ar\/\"],\"url\":\"https:\/\/gysfm.com.ar\/inicio\/author\/lucasm\/\"}]}<\/script>\n<!-- \/ Yoast SEO plugin. -->","yoast_head_json":{"title":"Elecciones 2027: An\u00edbal Fern\u00e1ndez pronostic\u00f3 que Axel Kicillof ganar\u00e1 - GYS NOTICIAS |","robots":{"index":"index","follow":"follow","max-snippet":"max-snippet:-1","max-image-preview":"max-image-preview:large","max-video-preview":"max-video-preview:-1"},"canonical":"https:\/\/gysfm.com.ar\/inicio\/elecciones-2027-anibal-fernandez-pronostico-que-axel-kicillof-ganara\/","og_locale":"es_ES","og_type":"article","og_title":"Elecciones 2027: An\u00edbal Fern\u00e1ndez pronostic\u00f3 que Axel Kicillof ganar\u00e1 - GYS NOTICIAS |","og_description":"El ex ministro de Seguridad An\u00edbal Fern\u00e1ndez asegur\u00f3 que el gobernador bonaerense Axel Kicillof se impondr\u00e1 en las elecciones presidenciales de 2027, en una definici\u00f3n que reaviva el debate interno dentro del peronismo y proyecta el escenario pol\u00edtico a mediano plazo. \u201cEstoy convencido de que Axel va a ser presidente\u201d, afirm\u00f3 Fern\u00e1ndez durante una entrevista, [&hellip;]","og_url":"https:\/\/gysfm.com.ar\/inicio\/elecciones-2027-anibal-fernandez-pronostico-que-axel-kicillof-ganara\/","og_site_name":"GYS NOTICIAS |","article_published_time":"2026-04-27T22:45:05+00:00","author":"Prensa G&amp;S FM","twitter_card":"summary_large_image","twitter_misc":{"Escrito por":"Prensa G&amp;S FM","Tiempo de lectura":"2 minutos"},"schema":{"@context":"https:\/\/schema.org","@graph":[{"@type":"Article","@id":"https:\/\/gysfm.com.ar\/inicio\/elecciones-2027-anibal-fernandez-pronostico-que-axel-kicillof-ganara\/#article","isPartOf":{"@id":"https:\/\/gysfm.com.ar\/inicio\/elecciones-2027-anibal-fernandez-pronostico-que-axel-kicillof-ganara\/"},"author":{"name":"Prensa G&amp;S FM","@id":"https:\/\/gysfm.com.ar\/inicio\/#\/schema\/person\/3abba7593ef2ad19e1be221d54383dc5"},"headline":"Elecciones 2027: An\u00edbal Fern\u00e1ndez pronostic\u00f3 que Axel Kicillof ganar\u00e1","datePublished":"2026-04-27T22:45:05+00:00","mainEntityOfPage":{"@id":"https:\/\/gysfm.com.ar\/inicio\/elecciones-2027-anibal-fernandez-pronostico-que-axel-kicillof-ganara\/"},"wordCount":326,"publisher":{"@id":"https:\/\/gysfm.com.ar\/inicio\/#organization"},"image":{"@id":"https:\/\/gysfm.com.ar\/inicio\/elecciones-2027-anibal-fernandez-pronostico-que-axel-kicillof-ganara\/#primaryimage"},"thumbnailUrl":"https:\/\/gysfm.com.ar\/inicio\/wp-content\/uploads\/2026\/04\/anibal-fernandez-09042026-2217813.jpg","articleSection":["NACIONALES"],"inLanguage":"es"},{"@type":"WebPage","@id":"https:\/\/gysfm.com.ar\/inicio\/elecciones-2027-anibal-fernandez-pronostico-que-axel-kicillof-ganara\/","url":"https:\/\/gysfm.com.ar\/inicio\/elecciones-2027-anibal-fernandez-pronostico-que-axel-kicillof-ganara\/","name":"Elecciones 2027: An\u00edbal Fern\u00e1ndez pronostic\u00f3 que Axel Kicillof ganar\u00e1 - GYS NOTICIAS |","isPartOf":{"@id":"https:\/\/gysfm.com.ar\/inicio\/#website"},"primaryImageOfPage":{"@id":"https:\/\/gysfm.com.ar\/inicio\/elecciones-2027-anibal-fernandez-pronostico-que-axel-kicillof-ganara\/#primaryimage"},"image":{"@id":"https:\/\/gysfm.com.ar\/inicio\/elecciones-2027-anibal-fernandez-pronostico-que-axel-kicillof-ganara\/#primaryimage"},"thumbnailUrl":"https:\/\/gysfm.com.ar\/inicio\/wp-content\/uploads\/2026\/04\/anibal-fernandez-09042026-2217813.jpg","datePublished":"2026-04-27T22:45:05+00:00","breadcrumb":{"@id":"https:\/\/gysfm.com.ar\/inicio\/elecciones-2027-anibal-fernandez-pronostico-que-axel-kicillof-ganara\/#breadcrumb"},"inLanguage":"es","potentialAction":[{"@type":"ReadAction","target":["https:\/\/gysfm.com.ar\/inicio\/elecciones-2027-anibal-fernandez-pronostico-que-axel-kicillof-ganara\/"]}]},{"@type":"ImageObject","inLanguage":"es","@id":"https:\/\/gysfm.com.ar\/inicio\/elecciones-2027-anibal-fernandez-pronostico-que-axel-kicillof-ganara\/#primaryimage","url":"https:\/\/gysfm.com.ar\/inicio\/wp-content\/uploads\/2026\/04\/anibal-fernandez-09042026-2217813.jpg","contentUrl":"https:\/\/gysfm.com.ar\/inicio\/wp-content\/uploads\/2026\/04\/anibal-fernandez-09042026-2217813.jpg","width":1140,"height":641},{"@type":"BreadcrumbList","@id":"https:\/\/gysfm.com.ar\/inicio\/elecciones-2027-anibal-fernandez-pronostico-que-axel-kicillof-ganara\/#breadcrumb","itemListElement":[{"@type":"ListItem","position":1,"name":"Portada","item":"https:\/\/gysfm.com.ar\/inicio\/"},{"@type":"ListItem","position":2,"name":"Elecciones 2027: An\u00edbal Fern\u00e1ndez pronostic\u00f3 que Axel Kicillof ganar\u00e1"}]},{"@type":"WebSite","@id":"https:\/\/gysfm.com.ar\/inicio\/#website","url":"https:\/\/gysfm.com.ar\/inicio\/","name":"GYS NOTICIAS |","description":"DIARIO - RADIO ONLINE SAN JUAN ARGENTINA","publisher":{"@id":"https:\/\/gysfm.com.ar\/inicio\/#organization"},"potentialAction":[{"@type":"SearchAction","target":{"@type":"EntryPoint","urlTemplate":"https:\/\/gysfm.com.ar\/inicio\/?s={search_term_string}"},"query-input":{"@type":"PropertyValueSpecification","valueRequired":true,"valueName":"search_term_string"}}],"inLanguage":"es"},{"@type":"Organization","@id":"https:\/\/gysfm.com.ar\/inicio\/#organization","name":"GYS NOTICIAS |","url":"https:\/\/gysfm.com.ar\/inicio\/","logo":{"@type":"ImageObject","inLanguage":"es","@id":"https:\/\/gysfm.com.ar\/inicio\/#\/schema\/logo\/image\/","url":"https:\/\/gysfm.com.ar\/inicio\/wp-content\/uploads\/2023\/07\/LOGOGYS-OK.png","contentUrl":"https:\/\/gysfm.com.ar\/inicio\/wp-content\/uploads\/2023\/07\/LOGOGYS-OK.png","width":1170,"height":872,"caption":"GYS NOTICIAS |"},"image":{"@id":"https:\/\/gysfm.com.ar\/inicio\/#\/schema\/logo\/image\/"}},{"@type":"Person","@id":"https:\/\/gysfm.com.ar\/inicio\/#\/schema\/person\/3abba7593ef2ad19e1be221d54383dc5","name":"Prensa G&amp;S FM","image":{"@type":"ImageObject","inLanguage":"es","@id":"https:\/\/gysfm.com.ar\/inicio\/#\/schema\/person\/image\/","url":"https:\/\/secure.gravatar.com\/avatar\/096ec78df02049ab018702bb4ccedf659377fa92a26540b5247612077a0dbd29?s=96&d=mm&r=g","contentUrl":"https:\/\/secure.gravatar.com\/avatar\/096ec78df02049ab018702bb4ccedf659377fa92a26540b5247612077a0dbd29?s=96&d=mm&r=g","caption":"Prensa G&amp;S FM"},"sameAs":["https:\/\/gysfm.com.ar\/"],"url":"https:\/\/gysfm.com.ar\/inicio\/author\/lucasm\/"}]}},"_links":{"self":[{"href":"https:\/\/gysfm.com.ar\/inicio\/wp-json\/wp\/v2\/posts\/193349","targetHints":{"allow":["GET"]}}],"collection":[{"href":"https:\/\/gysfm.com.ar\/inicio\/wp-json\/wp\/v2\/posts"}],"about":[{"href":"https:\/\/gysfm.com.ar\/inicio\/wp-json\/wp\/v2\/types\/post"}],"author":[{"embeddable":true,"href":"https:\/\/gysfm.com.ar\/inicio\/wp-json\/wp\/v2\/users\/2"}],"replies":[{"embeddable":true,"href":"https:\/\/gysfm.com.ar\/inicio\/wp-json\/wp\/v2\/comments?post=193349"}],"version-history":[{"count":0,"href":"https:\/\/gysfm.com.ar\/inicio\/wp-json\/wp\/v2\/posts\/193349\/revisions"}],"wp:featuredmedia":[{"embeddable":true,"href":"https:\/\/gysfm.com.ar\/inicio\/wp-json\/wp\/v2\/media\/193350"}],"wp:attachment":[{"href":"https:\/\/gysfm.com.ar\/inicio\/wp-json\/wp\/v2\/media?parent=193349"}],"wp:term":[{"taxonomy":"category","embeddable":true,"href":"https:\/\/gysfm.com.ar\/inicio\/wp-json\/wp\/v2\/categories?post=193349"},{"taxonomy":"post_tag","embeddable":true,"href":"https:\/\/gysfm.com.ar\/inicio\/wp-json\/wp\/v2\/tags?post=193349"}],"curies":[{"name":"wp","href":"https:\/\/api.w.org\/{rel}","templated":true}]}}