{"id":193345,"date":"2026-04-27T19:14:05","date_gmt":"2026-04-27T22:14:05","guid":{"rendered":"https:\/\/gysfm.com.ar\/inicio\/convocan-a-una-concesion-privada-por-la-terminal-de-retiro\/"},"modified":"2026-04-27T19:14:05","modified_gmt":"2026-04-27T22:14:05","slug":"convocan-a-una-concesion-privada-por-la-terminal-de-retiro","status":"publish","type":"post","link":"https:\/\/gysfm.com.ar\/inicio\/convocan-a-una-concesion-privada-por-la-terminal-de-retiro\/","title":{"rendered":"Convocan a una concesi\u00f3n privada por la terminal de Retiro"},"content":{"rendered":"<p><\/p>\n<div id=\"article-content\">\n<p>El <strong><a target=\"_blank\" href=\"https:\/\/www.perfil.com\/noticias\/reperfilar\/la-confianza-del-consumidor-cayo-un-57-en-abril.phtml\">Gobierno nacional avanz\u00f3 con la convocatoria a una nueva concesi\u00f3n privada<\/a> <\/strong>para la <strong>administraci\u00f3n y explotaci\u00f3n de la Terminal de \u00d3mnibus de Retiro<\/strong>, uno de los principales nodos de transporte de larga distancia del pa\u00eds.<\/p>\n<p>La iniciativa apunta a<strong> modernizar la infraestructura, mejorar los servicios y optimizar la operaci\u00f3n de la terminal<\/strong>, que diariamente conecta a miles de pasajeros con distintos puntos de la Argentina y pa\u00edses lim\u00edtrofes. Seg\u00fan se inform\u00f3, el proceso se realizar\u00e1 a trav\u00e9s de una licitaci\u00f3n p\u00fablica abierta a empresas nacionales e internacionales.<\/p>\n<p>Entre los objetivos del pliego se <strong>destacan la renovaci\u00f3n de instalaciones, la incorporaci\u00f3n de tecnolog\u00eda para la gesti\u00f3n de arribos y partidas, y la mejora en las condiciones de seguridad y accesibilidad.<\/strong> Tambi\u00e9n se prev\u00e9 una puesta en valor de los espacios comerciales dentro del predio.<\/p>\n<div class=\"subscription\">\n<p>\n        Esto no les gusta a los autoritarios\n    <\/p>\n<div class=\"subscription__container\">\n<div class=\"subscription__text-wrapper\">\n<p>\n                El ejercicio del periodismo profesional y cr\u00edtico es un pilar fundamental de la democracia. Por eso molesta a quienes creen ser los due\u00f1os de la verdad.\n            <\/p>\n<\/p><\/div><\/div>\n<\/div>\n<p><iframe id=\"vrudo\" class=\"vrudo\" src=\"https:\/\/rudo.video\/vod\/czGwHEmFCQS?volume=0\" width=\"100%\" height=\"100%\" allowscriptaccess=\"always\" allowfullscreen=\"true\" webkitallowfullscreen=\"true\" frameborder=\"0\" scrolling=\"no\" allow=\"autoplay; fullscreen\" loading=\"lazy\" title=\"Contenido embebido\"><\/iframe><\/p>\n<p>Fuentes oficiales se\u00f1alaron que el<strong> esquema de concesi\u00f3n buscar\u00e1 garantizar inversiones sostenidas a lo largo del tiempo, con compromisos concretos por parte del adjudicatario. A<\/strong> cambio, la empresa que resulte ganadora podr\u00e1 explotar comercialmente la terminal durante el per\u00edodo establecido en el contrato.<\/p>\n<p>La terminal de Retiro, inaugurada en 1983, presenta desde hace a\u00f1os problemas estructurales y de mantenimiento, lo que motiv\u00f3 reiterados reclamos por parte de usuarios y empresas de transporte. En ese sentido, el nuevo proceso licitatorio se presenta como una oportunidad para revertir el deterioro y adaptar el predio a las demandas actuales.<\/p>\n<p>La convocatoria se da en el marco de una pol\u00edtica m\u00e1s amplia orientada a promover la participaci\u00f3n del sector privado en la gesti\u00f3n de infraestructuras clave, en un contexto de restricciones presupuestarias y b\u00fasqueda de mayor eficiencia operativa.<\/p>\n<p>De concretarse, la nueva concesi\u00f3n podr\u00eda marcar un punto de inflexi\u00f3n en el funcionamiento de la terminal, con impacto directo en la experiencia de los pasajeros y en la din\u00e1mica del transporte terrestre de larga distancia.<\/p>\n<\/p><\/div>\n<p><script>\n                !function(f,b,e,v,n,t,s)\n                {if(f.fbq)return;n=f.fbq=function(){n.callMethod?\n                    n.callMethod.apply(n,arguments):n.queue.push(arguments)};\n                    if(!f._fbq)f._fbq=n;n.push=n;n.loaded=!0;n.version='2.0';\n                    n.queue=[];t=b.createElement(e);t.async=!0;\n                    t.src=v;s=b.getElementsByTagName(e)[0];\n                    s.parentNode.insertBefore(t,s)}(window, document,'script',\n                    'https:\/\/connect.facebook.net\/en_US\/fbevents.js');\n                window.paywallConfig.facebook_pixel=\"1000228364089342\"\n            <\/script><\/p>\n","protected":false},"excerpt":{"rendered":"<p>El Gobierno nacional avanz\u00f3 con la convocatoria a una nueva concesi\u00f3n privada para la administraci\u00f3n y explotaci\u00f3n de la Terminal de \u00d3mnibus de Retiro, uno de los principales nodos de transporte de larga distancia del pa\u00eds. La iniciativa apunta a modernizar la infraestructura, mejorar los servicios y optimizar la operaci\u00f3n de la terminal, que diariamente [&hellip;]<\/p>\n","protected":false},"author":2,"featured_media":193346,"comment_status":"closed","ping_status":"closed","sticky":false,"template":"","format":"standard","meta":{"footnotes":""},"categories":[25],"tags":[],"class_list":["post-193345","post","type-post","status-publish","format-standard","has-post-thumbnail","hentry","category-nacionales"],"yoast_head":"<!-- This site is optimized with the Yoast SEO plugin v24.4 - https:\/\/yoast.com\/wordpress\/plugins\/seo\/ -->\n<title>Convocan a una concesi\u00f3n privada por la terminal de Retiro - GYS NOTICIAS |<\/title>\n<meta name=\"robots\" content=\"index, follow, max-snippet:-1, max-image-preview:large, max-video-preview:-1\" \/>\n<link rel=\"canonical\" href=\"https:\/\/gysfm.com.ar\/inicio\/convocan-a-una-concesion-privada-por-la-terminal-de-retiro\/\" \/>\n<meta property=\"og:locale\" content=\"es_ES\" \/>\n<meta property=\"og:type\" content=\"article\" \/>\n<meta property=\"og:title\" content=\"Convocan a una concesi\u00f3n privada por la terminal de Retiro - GYS NOTICIAS |\" \/>\n<meta property=\"og:description\" content=\"El Gobierno nacional avanz\u00f3 con la convocatoria a una nueva concesi\u00f3n privada para la administraci\u00f3n y explotaci\u00f3n de la Terminal de \u00d3mnibus de Retiro, uno de los principales nodos de transporte de larga distancia del pa\u00eds. La iniciativa apunta a modernizar la infraestructura, mejorar los servicios y optimizar la operaci\u00f3n de la terminal, que diariamente [&hellip;]\" \/>\n<meta property=\"og:url\" content=\"https:\/\/gysfm.com.ar\/inicio\/convocan-a-una-concesion-privada-por-la-terminal-de-retiro\/\" \/>\n<meta property=\"og:site_name\" content=\"GYS NOTICIAS |\" \/>\n<meta property=\"article:published_time\" content=\"2026-04-27T22:14:05+00:00\" \/>\n<meta name=\"author\" content=\"Prensa G&amp;S FM\" \/>\n<meta name=\"twitter:card\" content=\"summary_large_image\" \/>\n<meta name=\"twitter:label1\" content=\"Escrito por\" \/>\n\t<meta name=\"twitter:data1\" content=\"Prensa G&amp;S FM\" \/>\n\t<meta name=\"twitter:label2\" content=\"Tiempo de lectura\" \/>\n\t<meta name=\"twitter:data2\" content=\"2 minutos\" \/>\n<script type=\"application\/ld+json\" class=\"yoast-schema-graph\">{\"@context\":\"https:\/\/schema.org\",\"@graph\":[{\"@type\":\"Article\",\"@id\":\"https:\/\/gysfm.com.ar\/inicio\/convocan-a-una-concesion-privada-por-la-terminal-de-retiro\/#article\",\"isPartOf\":{\"@id\":\"https:\/\/gysfm.com.ar\/inicio\/convocan-a-una-concesion-privada-por-la-terminal-de-retiro\/\"},\"author\":{\"name\":\"Prensa G&amp;S FM\",\"@id\":\"https:\/\/gysfm.com.ar\/inicio\/#\/schema\/person\/3abba7593ef2ad19e1be221d54383dc5\"},\"headline\":\"Convocan a una concesi\u00f3n privada por la terminal de Retiro\",\"datePublished\":\"2026-04-27T22:14:05+00:00\",\"mainEntityOfPage\":{\"@id\":\"https:\/\/gysfm.com.ar\/inicio\/convocan-a-una-concesion-privada-por-la-terminal-de-retiro\/\"},\"wordCount\":378,\"publisher\":{\"@id\":\"https:\/\/gysfm.com.ar\/inicio\/#organization\"},\"image\":{\"@id\":\"https:\/\/gysfm.com.ar\/inicio\/convocan-a-una-concesion-privada-por-la-terminal-de-retiro\/#primaryimage\"},\"thumbnailUrl\":\"https:\/\/gysfm.com.ar\/inicio\/wp-content\/uploads\/2026\/04\/convocan-a-una-concesion-privada-por-la-terminal-de-retiro-2228365.png\",\"articleSection\":[\"NACIONALES\"],\"inLanguage\":\"es\"},{\"@type\":\"WebPage\",\"@id\":\"https:\/\/gysfm.com.ar\/inicio\/convocan-a-una-concesion-privada-por-la-terminal-de-retiro\/\",\"url\":\"https:\/\/gysfm.com.ar\/inicio\/convocan-a-una-concesion-privada-por-la-terminal-de-retiro\/\",\"name\":\"Convocan a una concesi\u00f3n privada por la terminal de Retiro - GYS NOTICIAS |\",\"isPartOf\":{\"@id\":\"https:\/\/gysfm.com.ar\/inicio\/#website\"},\"primaryImageOfPage\":{\"@id\":\"https:\/\/gysfm.com.ar\/inicio\/convocan-a-una-concesion-privada-por-la-terminal-de-retiro\/#primaryimage\"},\"image\":{\"@id\":\"https:\/\/gysfm.com.ar\/inicio\/convocan-a-una-concesion-privada-por-la-terminal-de-retiro\/#primaryimage\"},\"thumbnailUrl\":\"https:\/\/gysfm.com.ar\/inicio\/wp-content\/uploads\/2026\/04\/convocan-a-una-concesion-privada-por-la-terminal-de-retiro-2228365.png\",\"datePublished\":\"2026-04-27T22:14:05+00:00\",\"breadcrumb\":{\"@id\":\"https:\/\/gysfm.com.ar\/inicio\/convocan-a-una-concesion-privada-por-la-terminal-de-retiro\/#breadcrumb\"},\"inLanguage\":\"es\",\"potentialAction\":[{\"@type\":\"ReadAction\",\"target\":[\"https:\/\/gysfm.com.ar\/inicio\/convocan-a-una-concesion-privada-por-la-terminal-de-retiro\/\"]}]},{\"@type\":\"ImageObject\",\"inLanguage\":\"es\",\"@id\":\"https:\/\/gysfm.com.ar\/inicio\/convocan-a-una-concesion-privada-por-la-terminal-de-retiro\/#primaryimage\",\"url\":\"https:\/\/gysfm.com.ar\/inicio\/wp-content\/uploads\/2026\/04\/convocan-a-una-concesion-privada-por-la-terminal-de-retiro-2228365.png\",\"contentUrl\":\"https:\/\/gysfm.com.ar\/inicio\/wp-content\/uploads\/2026\/04\/convocan-a-una-concesion-privada-por-la-terminal-de-retiro-2228365.png\",\"width\":1140,\"height\":641},{\"@type\":\"BreadcrumbList\",\"@id\":\"https:\/\/gysfm.com.ar\/inicio\/convocan-a-una-concesion-privada-por-la-terminal-de-retiro\/#breadcrumb\",\"itemListElement\":[{\"@type\":\"ListItem\",\"position\":1,\"name\":\"Portada\",\"item\":\"https:\/\/gysfm.com.ar\/inicio\/\"},{\"@type\":\"ListItem\",\"position\":2,\"name\":\"Convocan a una concesi\u00f3n privada por la terminal de Retiro\"}]},{\"@type\":\"WebSite\",\"@id\":\"https:\/\/gysfm.com.ar\/inicio\/#website\",\"url\":\"https:\/\/gysfm.com.ar\/inicio\/\",\"name\":\"GYS NOTICIAS |\",\"description\":\"DIARIO - RADIO ONLINE SAN JUAN ARGENTINA\",\"publisher\":{\"@id\":\"https:\/\/gysfm.com.ar\/inicio\/#organization\"},\"potentialAction\":[{\"@type\":\"SearchAction\",\"target\":{\"@type\":\"EntryPoint\",\"urlTemplate\":\"https:\/\/gysfm.com.ar\/inicio\/?s={search_term_string}\"},\"query-input\":{\"@type\":\"PropertyValueSpecification\",\"valueRequired\":true,\"valueName\":\"search_term_string\"}}],\"inLanguage\":\"es\"},{\"@type\":\"Organization\",\"@id\":\"https:\/\/gysfm.com.ar\/inicio\/#organization\",\"name\":\"GYS NOTICIAS |\",\"url\":\"https:\/\/gysfm.com.ar\/inicio\/\",\"logo\":{\"@type\":\"ImageObject\",\"inLanguage\":\"es\",\"@id\":\"https:\/\/gysfm.com.ar\/inicio\/#\/schema\/logo\/image\/\",\"url\":\"https:\/\/gysfm.com.ar\/inicio\/wp-content\/uploads\/2023\/07\/LOGOGYS-OK.png\",\"contentUrl\":\"https:\/\/gysfm.com.ar\/inicio\/wp-content\/uploads\/2023\/07\/LOGOGYS-OK.png\",\"width\":1170,\"height\":872,\"caption\":\"GYS NOTICIAS |\"},\"image\":{\"@id\":\"https:\/\/gysfm.com.ar\/inicio\/#\/schema\/logo\/image\/\"}},{\"@type\":\"Person\",\"@id\":\"https:\/\/gysfm.com.ar\/inicio\/#\/schema\/person\/3abba7593ef2ad19e1be221d54383dc5\",\"name\":\"Prensa G&amp;S FM\",\"image\":{\"@type\":\"ImageObject\",\"inLanguage\":\"es\",\"@id\":\"https:\/\/gysfm.com.ar\/inicio\/#\/schema\/person\/image\/\",\"url\":\"https:\/\/secure.gravatar.com\/avatar\/096ec78df02049ab018702bb4ccedf659377fa92a26540b5247612077a0dbd29?s=96&d=mm&r=g\",\"contentUrl\":\"https:\/\/secure.gravatar.com\/avatar\/096ec78df02049ab018702bb4ccedf659377fa92a26540b5247612077a0dbd29?s=96&d=mm&r=g\",\"caption\":\"Prensa G&amp;S FM\"},\"sameAs\":[\"https:\/\/gysfm.com.ar\/\"],\"url\":\"https:\/\/gysfm.com.ar\/inicio\/author\/lucasm\/\"}]}<\/script>\n<!-- \/ Yoast SEO plugin. -->","yoast_head_json":{"title":"Convocan a una concesi\u00f3n privada por la terminal de Retiro - GYS NOTICIAS |","robots":{"index":"index","follow":"follow","max-snippet":"max-snippet:-1","max-image-preview":"max-image-preview:large","max-video-preview":"max-video-preview:-1"},"canonical":"https:\/\/gysfm.com.ar\/inicio\/convocan-a-una-concesion-privada-por-la-terminal-de-retiro\/","og_locale":"es_ES","og_type":"article","og_title":"Convocan a una concesi\u00f3n privada por la terminal de Retiro - GYS NOTICIAS |","og_description":"El Gobierno nacional avanz\u00f3 con la convocatoria a una nueva concesi\u00f3n privada para la administraci\u00f3n y explotaci\u00f3n de la Terminal de \u00d3mnibus de Retiro, uno de los principales nodos de transporte de larga distancia del pa\u00eds. La iniciativa apunta a modernizar la infraestructura, mejorar los servicios y optimizar la operaci\u00f3n de la terminal, que diariamente [&hellip;]","og_url":"https:\/\/gysfm.com.ar\/inicio\/convocan-a-una-concesion-privada-por-la-terminal-de-retiro\/","og_site_name":"GYS NOTICIAS |","article_published_time":"2026-04-27T22:14:05+00:00","author":"Prensa G&amp;S FM","twitter_card":"summary_large_image","twitter_misc":{"Escrito por":"Prensa G&amp;S FM","Tiempo de lectura":"2 minutos"},"schema":{"@context":"https:\/\/schema.org","@graph":[{"@type":"Article","@id":"https:\/\/gysfm.com.ar\/inicio\/convocan-a-una-concesion-privada-por-la-terminal-de-retiro\/#article","isPartOf":{"@id":"https:\/\/gysfm.com.ar\/inicio\/convocan-a-una-concesion-privada-por-la-terminal-de-retiro\/"},"author":{"name":"Prensa G&amp;S FM","@id":"https:\/\/gysfm.com.ar\/inicio\/#\/schema\/person\/3abba7593ef2ad19e1be221d54383dc5"},"headline":"Convocan a una concesi\u00f3n privada por la terminal de Retiro","datePublished":"2026-04-27T22:14:05+00:00","mainEntityOfPage":{"@id":"https:\/\/gysfm.com.ar\/inicio\/convocan-a-una-concesion-privada-por-la-terminal-de-retiro\/"},"wordCount":378,"publisher":{"@id":"https:\/\/gysfm.com.ar\/inicio\/#organization"},"image":{"@id":"https:\/\/gysfm.com.ar\/inicio\/convocan-a-una-concesion-privada-por-la-terminal-de-retiro\/#primaryimage"},"thumbnailUrl":"https:\/\/gysfm.com.ar\/inicio\/wp-content\/uploads\/2026\/04\/convocan-a-una-concesion-privada-por-la-terminal-de-retiro-2228365.png","articleSection":["NACIONALES"],"inLanguage":"es"},{"@type":"WebPage","@id":"https:\/\/gysfm.com.ar\/inicio\/convocan-a-una-concesion-privada-por-la-terminal-de-retiro\/","url":"https:\/\/gysfm.com.ar\/inicio\/convocan-a-una-concesion-privada-por-la-terminal-de-retiro\/","name":"Convocan a una concesi\u00f3n privada por la terminal de Retiro - GYS NOTICIAS |","isPartOf":{"@id":"https:\/\/gysfm.com.ar\/inicio\/#website"},"primaryImageOfPage":{"@id":"https:\/\/gysfm.com.ar\/inicio\/convocan-a-una-concesion-privada-por-la-terminal-de-retiro\/#primaryimage"},"image":{"@id":"https:\/\/gysfm.com.ar\/inicio\/convocan-a-una-concesion-privada-por-la-terminal-de-retiro\/#primaryimage"},"thumbnailUrl":"https:\/\/gysfm.com.ar\/inicio\/wp-content\/uploads\/2026\/04\/convocan-a-una-concesion-privada-por-la-terminal-de-retiro-2228365.png","datePublished":"2026-04-27T22:14:05+00:00","breadcrumb":{"@id":"https:\/\/gysfm.com.ar\/inicio\/convocan-a-una-concesion-privada-por-la-terminal-de-retiro\/#breadcrumb"},"inLanguage":"es","potentialAction":[{"@type":"ReadAction","target":["https:\/\/gysfm.com.ar\/inicio\/convocan-a-una-concesion-privada-por-la-terminal-de-retiro\/"]}]},{"@type":"ImageObject","inLanguage":"es","@id":"https:\/\/gysfm.com.ar\/inicio\/convocan-a-una-concesion-privada-por-la-terminal-de-retiro\/#primaryimage","url":"https:\/\/gysfm.com.ar\/inicio\/wp-content\/uploads\/2026\/04\/convocan-a-una-concesion-privada-por-la-terminal-de-retiro-2228365.png","contentUrl":"https:\/\/gysfm.com.ar\/inicio\/wp-content\/uploads\/2026\/04\/convocan-a-una-concesion-privada-por-la-terminal-de-retiro-2228365.png","width":1140,"height":641},{"@type":"BreadcrumbList","@id":"https:\/\/gysfm.com.ar\/inicio\/convocan-a-una-concesion-privada-por-la-terminal-de-retiro\/#breadcrumb","itemListElement":[{"@type":"ListItem","position":1,"name":"Portada","item":"https:\/\/gysfm.com.ar\/inicio\/"},{"@type":"ListItem","position":2,"name":"Convocan a una concesi\u00f3n privada por la terminal de Retiro"}]},{"@type":"WebSite","@id":"https:\/\/gysfm.com.ar\/inicio\/#website","url":"https:\/\/gysfm.com.ar\/inicio\/","name":"GYS NOTICIAS |","description":"DIARIO - RADIO ONLINE SAN JUAN ARGENTINA","publisher":{"@id":"https:\/\/gysfm.com.ar\/inicio\/#organization"},"potentialAction":[{"@type":"SearchAction","target":{"@type":"EntryPoint","urlTemplate":"https:\/\/gysfm.com.ar\/inicio\/?s={search_term_string}"},"query-input":{"@type":"PropertyValueSpecification","valueRequired":true,"valueName":"search_term_string"}}],"inLanguage":"es"},{"@type":"Organization","@id":"https:\/\/gysfm.com.ar\/inicio\/#organization","name":"GYS NOTICIAS |","url":"https:\/\/gysfm.com.ar\/inicio\/","logo":{"@type":"ImageObject","inLanguage":"es","@id":"https:\/\/gysfm.com.ar\/inicio\/#\/schema\/logo\/image\/","url":"https:\/\/gysfm.com.ar\/inicio\/wp-content\/uploads\/2023\/07\/LOGOGYS-OK.png","contentUrl":"https:\/\/gysfm.com.ar\/inicio\/wp-content\/uploads\/2023\/07\/LOGOGYS-OK.png","width":1170,"height":872,"caption":"GYS NOTICIAS |"},"image":{"@id":"https:\/\/gysfm.com.ar\/inicio\/#\/schema\/logo\/image\/"}},{"@type":"Person","@id":"https:\/\/gysfm.com.ar\/inicio\/#\/schema\/person\/3abba7593ef2ad19e1be221d54383dc5","name":"Prensa G&amp;S FM","image":{"@type":"ImageObject","inLanguage":"es","@id":"https:\/\/gysfm.com.ar\/inicio\/#\/schema\/person\/image\/","url":"https:\/\/secure.gravatar.com\/avatar\/096ec78df02049ab018702bb4ccedf659377fa92a26540b5247612077a0dbd29?s=96&d=mm&r=g","contentUrl":"https:\/\/secure.gravatar.com\/avatar\/096ec78df02049ab018702bb4ccedf659377fa92a26540b5247612077a0dbd29?s=96&d=mm&r=g","caption":"Prensa G&amp;S FM"},"sameAs":["https:\/\/gysfm.com.ar\/"],"url":"https:\/\/gysfm.com.ar\/inicio\/author\/lucasm\/"}]}},"_links":{"self":[{"href":"https:\/\/gysfm.com.ar\/inicio\/wp-json\/wp\/v2\/posts\/193345","targetHints":{"allow":["GET"]}}],"collection":[{"href":"https:\/\/gysfm.com.ar\/inicio\/wp-json\/wp\/v2\/posts"}],"about":[{"href":"https:\/\/gysfm.com.ar\/inicio\/wp-json\/wp\/v2\/types\/post"}],"author":[{"embeddable":true,"href":"https:\/\/gysfm.com.ar\/inicio\/wp-json\/wp\/v2\/users\/2"}],"replies":[{"embeddable":true,"href":"https:\/\/gysfm.com.ar\/inicio\/wp-json\/wp\/v2\/comments?post=193345"}],"version-history":[{"count":0,"href":"https:\/\/gysfm.com.ar\/inicio\/wp-json\/wp\/v2\/posts\/193345\/revisions"}],"wp:featuredmedia":[{"embeddable":true,"href":"https:\/\/gysfm.com.ar\/inicio\/wp-json\/wp\/v2\/media\/193346"}],"wp:attachment":[{"href":"https:\/\/gysfm.com.ar\/inicio\/wp-json\/wp\/v2\/media?parent=193345"}],"wp:term":[{"taxonomy":"category","embeddable":true,"href":"https:\/\/gysfm.com.ar\/inicio\/wp-json\/wp\/v2\/categories?post=193345"},{"taxonomy":"post_tag","embeddable":true,"href":"https:\/\/gysfm.com.ar\/inicio\/wp-json\/wp\/v2\/tags?post=193345"}],"curies":[{"name":"wp","href":"https:\/\/api.w.org\/{rel}","templated":true}]}}