{"id":193341,"date":"2026-04-27T18:36:26","date_gmt":"2026-04-27T21:36:26","guid":{"rendered":"https:\/\/gysfm.com.ar\/inicio\/el-dolar-subio-20-y-alcanzo-el-valor-mas-alto-en-mas-de-un-mes\/"},"modified":"2026-04-27T18:36:27","modified_gmt":"2026-04-27T21:36:27","slug":"el-dolar-subio-20-y-alcanzo-el-valor-mas-alto-en-mas-de-un-mes","status":"publish","type":"post","link":"https:\/\/gysfm.com.ar\/inicio\/el-dolar-subio-20-y-alcanzo-el-valor-mas-alto-en-mas-de-un-mes\/","title":{"rendered":"El d\u00f3lar subi\u00f3 $20 y alcanz\u00f3 el valor m\u00e1s alto en m\u00e1s de un mes"},"content":{"rendered":"<p><\/p>\n<div>\n<p class=\"com-paragraph  --capital --s\">El mercado de cambios arranc\u00f3 la semana presionado al alza. A pesar de que las liquidaciones por parte del sector agropecuario se mantienen firmes, <strong>tanto el d\u00f3lar oficial como los financieros volvieron a subir este lunes, <\/strong>ante una mayor demanda por el cierre de posiciones de fin de mes y el desarme de estrategias de <em>carry trade<\/em>. <\/p>\n<p class=\"com-paragraph   --s\">Este fue el caso del <strong>tipo de cambio oficial mayorista, <\/strong>que cerr\u00f3 a $1417,01, equivalente a un avance diario de $18,50 (+1,32%)<strong>. Se trat\u00f3 de uno de los valores nominales m\u00e1s altos desde mediados de marzo,<\/strong> aunque <mark class=\"hl_underline\">todav\u00eda est\u00e1 a 19,8% de distancia del techo de la banda de flotaci\u00f3n, que se ubica en $1698,36.<\/mark><\/p>\n<p class=\"com-paragraph   --s\">Para Fernando Marull, economista de FMyA, <strong>puntualmente hoy las cotizaciones se vieron presionadas al alza porque se fijaba el precio del d\u00f3lar de los bonos <\/strong><em><strong>dollar-linked <\/strong><\/em>que pagan el pr\u00f3ximo 30 de abril. \u201cEso provoc\u00f3 que hoy haya una mayor demanda\u201d, explic\u00f3. <\/p>\n<p class=\"com-paragraph   --s\">La tendencia se replic\u00f3 en el <strong>d\u00f3lar oficial minorista. <\/strong>En la ventanilla del Banco Naci\u00f3n, esta cotizaci\u00f3n se consigui\u00f3 a <strong>$1440,<\/strong> unos <strong>$20 m\u00e1s<\/strong> frente al cierre del viernes pasado (+1,4%). En este caso, no tocaba estos valores desde el 9 de marzo pasado. En tanto, el precio promedio del mercado fue de $1440,60, seg\u00fan el relevamiento de entidades financieras que realiza el Banco Central (BCRA). <\/p>\n<div class=\"content-media\">\n<section role=\"button\" class=\"mod-media   \">\n<figure role=\"button\" tabindex=\"0\" class=\"mod-figure \"><figcaption class=\"mod-figcaption\"><span class=\"com-text --caption --twoxs\">El carry trade consiste en invertir en pesos, para m\u00e1s adelante dolarizar las ganancias <\/span><\/figcaption><\/figure>\n<\/section>\n<\/div>\n<p class=\"com-paragraph   --s\">\u201cEl movimiento del d\u00f3lar responde a un conjunto de factores. <strong>Es cierto que est\u00e1 comenzando a ingresar la liquidaci\u00f3n del agro,<\/strong> pero hay que recordar que el productor recibe pesos. Con esos pesos paga lo que debe y financia la pr\u00f3xima campa\u00f1a, pero luego queda un sobrante. \u00bfQu\u00e9 va a hacer con eso? Ah\u00ed se ven las opciones en pesos, que tambi\u00e9n terminan impactando en el tipo de cambio.<strong> Para quienes tienen capacidad de ahorro, hoy el d\u00f3lar luce atractivo<\/strong>\u201c, dijo el analista financiero Christian Buteler. <\/p>\n<p class=\"com-paragraph   --s\">Para el especialista, a esto se le suma el posible <strong>cierre de posiciones de <\/strong><em><strong>carry trade, <\/strong><\/em>estrategia financiera que consiste en posicionarse en tasas en pesos para despu\u00e9s dolarizar las ganancias. <strong>Solo en la \u00faltima semana, la suba del d\u00f3lar hizo que se pierdan los rendimientos que gener\u00f3 el <\/strong><em><strong>carry <\/strong><\/em><strong>en el \u00faltimo mes. <\/strong><\/p>\n<p class=\"com-paragraph   --s\"><strong>\u201cLa tasa en pesos no es competitiva, no te incentiva a colocarte en pesos. <\/strong>Y el riesgo es que el tipo de cambio corrija, estando lejos del techo de la banda. Por eso hubo m\u00e1s demanda estos d\u00edas\u201d, complet\u00f3 Buteler.<\/p>\n<p class=\"com-paragraph   --s\">Los tipos de cambio financieros tambi\u00e9n arrancaron el lunes al alza. El <strong>d\u00f3lar MEP <\/strong>cerr\u00f3 en las pantallas del mercado de capitales a $1461,73 una suba de $23,39 respecto al cierre previo (+1,6%). En tanto,<strong> el contado con liquidaci\u00f3n (CCL) <\/strong>avanz\u00f3 $20,98 y termin\u00f3 la rueda en $1519,09 (+1,4%).<\/p>\n<div class=\"content-media\">\n<section role=\"button\" class=\"mod-media   \">\n<figure role=\"button\" tabindex=\"0\" class=\"mod-figure \"><figcaption class=\"mod-figcaption\"><span class=\"com-text --caption --twoxs\">La suba del d\u00f3lar se da a pesar de una mayor oferta por el sector agropecuario <\/span><span class=\"com-text --credit --twoxs\">Shutterstock<\/span><\/figcaption><\/figure>\n<\/section>\n<\/div>\n<p class=\"com-paragraph   --s\">En las cuevas que operan en el microcentro porte\u00f1o, el <strong>d\u00f3lar blue se negoci\u00f3 a $1430. <\/strong>Se trat\u00f3 de una suba de $10 frente al viernes (+0,7%), y se convirti\u00f3 en la cotizaci\u00f3n minorista m\u00e1s barata del mercado de cambios. <\/p>\n<p class=\"com-paragraph   --s\">\u201cPese a que la liquidaci\u00f3n del agro se mantiene firme, la compresi\u00f3n de tasas de inter\u00e9s en pesos en las \u00faltimas semanas, un tipo de cambio que ven\u00eda presionado a la baja y una inflaci\u00f3n resistente llevaron al mercado a empezar a <strong>cerrar posiciones de <\/strong><em><strong>carry trade, <\/strong><\/em><strong>presionando el d\u00f3lar al alza\u201d, <\/strong>sumaron desde Cohen Aliados Financieros. <\/p>\n<p class=\"com-paragraph   --s\">Por otro lado, el <strong>riesgo pa\u00eds subi\u00f3 25 unidades y este lunes cerr\u00f3 la jornada en 582 puntos b\u00e1sicos (+4,49%), <\/strong>de acuerdo con las pantallas de Rava Burs\u00e1til. Se trat\u00f3 del valor m\u00e1s alto en casi tres semanas.<\/p>\n<p class=\"com-paragraph   --s\">El avance del riesgo pa\u00eds fue consecuencia de la baja que presentaron los <strong>bonos soberanos <\/strong>denominados en d\u00f3lares. En la primera rueda de la semana, los t\u00edtulos Bonares retrocedieron 1,1% (AE38D), mientras que los Globales mostraron un rojo del 0,9% (GD30D). <\/p>\n<p class=\"com-paragraph   --s\">El \u00edndice accionario<strong> S&amp;P Merval <\/strong>trep\u00f3 0,9% y cotiz\u00f3 en 2.866.257 unidades, por el efecto que gener\u00f3 la suba del tipo de cambio. En cambio, en d\u00f3lares la Bolsa porte\u00f1a se ubic\u00f3 en US$1886 unidades, unos 0,5% menos que el viernes. Entre las acciones l\u00edderes, las mayores alzas de la rueda fueron para <strong>Cresud <\/strong>(+3,1%), <strong>BBVA <\/strong>(+2,1%), <strong>Banco Macro <\/strong>(+1,9%) y <strong>Transportadora de Gas del Sur <\/strong>(+1,9%).<\/p>\n<div class=\"content-media cursor-pointer container-center-100\">\n<section class=\"media-container relative ratio-16-9 mod-media pb-32\">\n<figure class=\"mod-video\">\n<div class=\"video-player bg-black ratio-16-9\" data-has-jwplayer=\"true\" data-video-id-jw=\"KcyUbayt\" data-config=\"{&quot;title&quot;:&quot;Entrevista de Jos\u00e9 Luis Daza, viceministro de Econom\u00eda, en LN+&quot;,&quot;mediaId&quot;:&quot;KcyUbayt&quot;,&quot;playerId&quot;:&quot;ih0086X3&quot;,&quot;playlist&quot;:[{&quot;mediaid&quot;:&quot;KcyUbayt&quot;,&quot;sources&quot;:[{&quot;file&quot;:&quot;https:\/\/cdn.jwplayer.com\/manifests\/KcyUbayt.m3u8&quot;,&quot;type&quot;:&quot;application\/vnd.apple.mpegurl&quot;},{&quot;bitrate&quot;:292437,&quot;file&quot;:&quot;https:\/\/cdn.jwplayer.com\/videos\/KcyUbayt-kTExGaWf.mp4&quot;,&quot;filesize&quot;:29170686,&quot;framerate&quot;:30,&quot;height&quot;:180,&quot;label&quot;:&quot;180p&quot;,&quot;type&quot;:&quot;video\/mp4&quot;,&quot;width&quot;:320},{&quot;bitrate&quot;:415622,&quot;file&quot;:&quot;https:\/\/cdn.jwplayer.com\/videos\/KcyUbayt-K8B0kybS.mp4&quot;,&quot;filesize&quot;:41458384,&quot;framerate&quot;:30,&quot;height&quot;:270,&quot;label&quot;:&quot;270p&quot;,&quot;type&quot;:&quot;video\/mp4&quot;,&quot;width&quot;:480},{&quot;bitrate&quot;:1090415,&quot;file&quot;:&quot;https:\/\/cdn.jwplayer.com\/videos\/KcyUbayt-46NIuRKO.mp4&quot;,&quot;filesize&quot;:108768914,&quot;framerate&quot;:30,&quot;height&quot;:720,&quot;label&quot;:&quot;720p&quot;,&quot;type&quot;:&quot;video\/mp4&quot;,&quot;width&quot;:1280},{&quot;bitrate&quot;:113407,&quot;file&quot;:&quot;https:\/\/cdn.jwplayer.com\/videos\/KcyUbayt-hz5z2Tv4.m4a&quot;,&quot;filesize&quot;:11312384,&quot;label&quot;:&quot;AAC Audio&quot;,&quot;type&quot;:&quot;audio\/mp4&quot;},{&quot;bitrate&quot;:465408,&quot;file&quot;:&quot;https:\/\/cdn.jwplayer.com\/videos\/KcyUbayt-FnZGUVnC.mp4&quot;,&quot;filesize&quot;:46424532,&quot;framerate&quot;:30,&quot;height&quot;:360,&quot;label&quot;:&quot;360p&quot;,&quot;type&quot;:&quot;video\/mp4&quot;,&quot;width&quot;:640},{&quot;bitrate&quot;:738152,&quot;file&quot;:&quot;https:\/\/cdn.jwplayer.com\/videos\/KcyUbayt-0G6Pwvlw.mp4&quot;,&quot;filesize&quot;:73630737,&quot;framerate&quot;:30,&quot;height&quot;:540,&quot;label&quot;:&quot;540p&quot;,&quot;type&quot;:&quot;video\/mp4&quot;,&quot;width&quot;:960}]}],&quot;hasAutoplay&quot;:false,&quot;autostart&quot;:true,&quot;tagsUrl&quot;:&quot;https:\/\/pubads.g.doubleclick.net\/gampad\/ads?slotname=\/133919216\/la_nacion_video\/nota\/preroll&amp;sz=640x480|400x300&amp;ciu_szs=300x250&amp;unviewed_position_start=1&amp;output=vast&amp;impl=s&amp;env=vp&amp;gdfp_req=1&amp;ad_rule=0&amp;vad_type=linear&amp;vpos=preroll&amp;cust_params=tags_nuevos%3Dte_dolar_mep%2Cte_dolar_ccl%2Cte_riesgo_pais%2Cte_merval%2Cte_mercados%2Cca_dolar_hoy%2Cca_economia%2Cau_melisa_reinhold%2CXBKNZVMISNA7FLHSCHE7ZQ4PQI&amp;pod=3&amp;ppos=1&amp;lip=true&amp;min_ad_duration=0&amp;max_ad_duration=30000&amp;vrid=6256&amp;url=https%3A%2F%2Fwww.lanacion.com.ar%2Feconomia%2Fdolar%2Fel-dolar-oficial-subio-20-y-alcanzo-el-valor-mas-alto-en-mas-de-un-mes-nid27042026%2F%3Fvariant%3DA&amp;description_url=https%3A%2F%2Fwww.lanacion.com.ar%2Feconomia%2Fdolar%2Fel-dolar-oficial-subio-20-y-alcanzo-el-valor-mas-alto-en-mas-de-un-mes-nid27042026%2F%3Fvariant%3DA&amp;video_doc_id=short_onecue&amp;cmsid=496&amp;kfa=0&amp;tfcd=0&amp;correlator=1777325779487&quot;,&quot;arcSite&quot;:&quot;la-nacion-ar&quot;,&quot;duration&quot;:&quot;798000&quot;}\">\n<div id=\"facade-KcyUbayt\" class=\"content-facade-jw relative bg-black ratio-16-9\"><picture><source media=\"(max-width: 767px)\" srcset=\"https:\/\/resizer.glanacion.com\/resizer\/v2\/https%3A%2F%2Fcdn.jwplayer.com%2Fv2%2Fmedia%2FKcyUbayt%2Fposter.jpg%3Fwidth%3D720?auth=4daeb5b9c78e8c52fd9f0b6639f46473c30b6e0812d608394cc9e1ccc6dd54d2&amp;width=480&amp;quality=70&amp;smart=false\"\/><\/picture><\/div>\n<\/div><figcaption class=\"border border-1 border-bottom border-light-300 relative px-16 py-8 min-h-36 w-100_md px-0_l mb-8 bg-white\"><span class=\"text ln-text text-16 block\">Entrevista de Jos\u00e9 Luis Daza, viceministro de Econom\u00eda, en LN+<\/span><\/figcaption><\/figure>\n<\/section>\n<\/div>\n<p class=\"com-paragraph   --s\">\u201cM\u00e1s all\u00e1 de lo que pueda pasar en el plano local,<strong> el Merval vuelve a quedar condicionado a lo que suceda en Medio Oriente.<\/strong> La semana pasada hubo varias idas y vueltas en torno a las negociaciones por una desescalada, lo que mantuvo la tensi\u00f3n latente. En ese contexto, cualquier novedad puede impactar en el precio del crudo y sostener la volatilidad global\u00bb, remarcaron desde Portfolio Personal de Inversiones (PPI). <strong>El precio del Brent se ubic\u00f3 por encima de los US$101,92 el barril.<\/strong><\/p>\n<p class=\"com-paragraph   --s\">En la Bolsa de Nueva York, las acciones argentinas que cotizan all\u00ed (ADR) operaron mayoritariamente en terreno negativo. Las mayores bajas del d\u00eda fueron para los papeles de <strong>Loma Negra <\/strong>(-2,8%), <strong>Banco Supervielle<\/strong> (-1,8%) y <strong>Edenor <\/strong>(-1,6%). <\/p>\n<section class=\"container-center-100 mb-40 border border-bottom border-thin border-neutral-light-700\">\n<hr\/>\n<\/section>\n<\/div>\n<p><script id=\"facebookpixel\" defer=\"\" type=\"text\/javascript\">\n        !function(f,b,e,v,n,t,s)\n        {if(f.fbq)return;n=f.fbq=function(){n.callMethod?\n        n.callMethod.apply(n,arguments):n.queue.push(arguments)};\n        if(!f._fbq)f._fbq=n;n.push=n;n.loaded=!0;n.version='2.0';\n        n.queue=[];t=b.createElement(e);t.async=!0;\n        t.src=v;s=b.getElementsByTagName(e)[0];\n        s.parentNode.insertBefore(t,s)}(window, document,'script',\n        'https:\/\/connect.facebook.net\/en_US\/fbevents.js');\n        fbq('init', '492459597522335');\n        fbq('track', 'PageView');\n    <\/script><\/p>\n","protected":false},"excerpt":{"rendered":"<p>El mercado de cambios arranc\u00f3 la semana presionado al alza. A pesar de que las liquidaciones por parte del sector agropecuario se mantienen firmes, tanto el d\u00f3lar oficial como los financieros volvieron a subir este lunes, ante una mayor demanda por el cierre de posiciones de fin de mes y el desarme de estrategias de [&hellip;]<\/p>\n","protected":false},"author":1,"featured_media":193342,"comment_status":"closed","ping_status":"closed","sticky":false,"template":"","format":"standard","meta":{"footnotes":""},"categories":[28],"tags":[],"class_list":["post-193341","post","type-post","status-publish","format-standard","has-post-thumbnail","hentry","category-economia"],"yoast_head":"<!-- This site is optimized with the Yoast SEO plugin v24.4 - https:\/\/yoast.com\/wordpress\/plugins\/seo\/ -->\n<title>El d\u00f3lar subi\u00f3 $20 y alcanz\u00f3 el valor m\u00e1s alto en m\u00e1s de un mes - GYS NOTICIAS |<\/title>\n<meta name=\"robots\" content=\"index, follow, max-snippet:-1, max-image-preview:large, max-video-preview:-1\" \/>\n<link rel=\"canonical\" href=\"https:\/\/gysfm.com.ar\/inicio\/el-dolar-subio-20-y-alcanzo-el-valor-mas-alto-en-mas-de-un-mes\/\" \/>\n<meta property=\"og:locale\" content=\"es_ES\" \/>\n<meta property=\"og:type\" content=\"article\" \/>\n<meta property=\"og:title\" content=\"El d\u00f3lar subi\u00f3 $20 y alcanz\u00f3 el valor m\u00e1s alto en m\u00e1s de un mes - GYS NOTICIAS |\" \/>\n<meta property=\"og:description\" content=\"El mercado de cambios arranc\u00f3 la semana presionado al alza. A pesar de que las liquidaciones por parte del sector agropecuario se mantienen firmes, tanto el d\u00f3lar oficial como los financieros volvieron a subir este lunes, ante una mayor demanda por el cierre de posiciones de fin de mes y el desarme de estrategias de [&hellip;]\" \/>\n<meta property=\"og:url\" content=\"https:\/\/gysfm.com.ar\/inicio\/el-dolar-subio-20-y-alcanzo-el-valor-mas-alto-en-mas-de-un-mes\/\" \/>\n<meta property=\"og:site_name\" content=\"GYS NOTICIAS |\" \/>\n<meta property=\"article:published_time\" content=\"2026-04-27T21:36:26+00:00\" \/>\n<meta property=\"article:modified_time\" content=\"2026-04-27T21:36:27+00:00\" \/>\n<meta property=\"og:image\" content=\"https:\/\/gysfm.com.ar\/inicio\/wp-content\/uploads\/2026\/04\/el-dolar-arranca-la-semana-al-NSBPIQSVRVDJBEOQ2RQFXQWVWU.JPG\" \/>\n\t<meta property=\"og:image:width\" content=\"1200\" \/>\n\t<meta property=\"og:image:height\" content=\"800\" \/>\n\t<meta property=\"og:image:type\" content=\"image\/jpeg\" \/>\n<meta name=\"author\" content=\"admin\" \/>\n<meta name=\"twitter:card\" content=\"summary_large_image\" \/>\n<meta name=\"twitter:label1\" content=\"Escrito por\" \/>\n\t<meta name=\"twitter:data1\" content=\"admin\" \/>\n\t<meta name=\"twitter:label2\" content=\"Tiempo de lectura\" \/>\n\t<meta name=\"twitter:data2\" content=\"4 minutos\" \/>\n<script type=\"application\/ld+json\" class=\"yoast-schema-graph\">{\"@context\":\"https:\/\/schema.org\",\"@graph\":[{\"@type\":\"Article\",\"@id\":\"https:\/\/gysfm.com.ar\/inicio\/el-dolar-subio-20-y-alcanzo-el-valor-mas-alto-en-mas-de-un-mes\/#article\",\"isPartOf\":{\"@id\":\"https:\/\/gysfm.com.ar\/inicio\/el-dolar-subio-20-y-alcanzo-el-valor-mas-alto-en-mas-de-un-mes\/\"},\"author\":{\"name\":\"admin\",\"@id\":\"https:\/\/gysfm.com.ar\/inicio\/#\/schema\/person\/5bedd7ecd35cc35548d89effafa23696\"},\"headline\":\"El d\u00f3lar subi\u00f3 $20 y alcanz\u00f3 el valor m\u00e1s alto en m\u00e1s de un mes\",\"datePublished\":\"2026-04-27T21:36:26+00:00\",\"dateModified\":\"2026-04-27T21:36:27+00:00\",\"mainEntityOfPage\":{\"@id\":\"https:\/\/gysfm.com.ar\/inicio\/el-dolar-subio-20-y-alcanzo-el-valor-mas-alto-en-mas-de-un-mes\/\"},\"wordCount\":892,\"publisher\":{\"@id\":\"https:\/\/gysfm.com.ar\/inicio\/#organization\"},\"image\":{\"@id\":\"https:\/\/gysfm.com.ar\/inicio\/el-dolar-subio-20-y-alcanzo-el-valor-mas-alto-en-mas-de-un-mes\/#primaryimage\"},\"thumbnailUrl\":\"https:\/\/gysfm.com.ar\/inicio\/wp-content\/uploads\/2026\/04\/el-dolar-arranca-la-semana-al-NSBPIQSVRVDJBEOQ2RQFXQWVWU.JPG\",\"articleSection\":[\"ECONOMIA\"],\"inLanguage\":\"es\"},{\"@type\":\"WebPage\",\"@id\":\"https:\/\/gysfm.com.ar\/inicio\/el-dolar-subio-20-y-alcanzo-el-valor-mas-alto-en-mas-de-un-mes\/\",\"url\":\"https:\/\/gysfm.com.ar\/inicio\/el-dolar-subio-20-y-alcanzo-el-valor-mas-alto-en-mas-de-un-mes\/\",\"name\":\"El d\u00f3lar subi\u00f3 $20 y alcanz\u00f3 el valor m\u00e1s alto en m\u00e1s de un mes - GYS NOTICIAS |\",\"isPartOf\":{\"@id\":\"https:\/\/gysfm.com.ar\/inicio\/#website\"},\"primaryImageOfPage\":{\"@id\":\"https:\/\/gysfm.com.ar\/inicio\/el-dolar-subio-20-y-alcanzo-el-valor-mas-alto-en-mas-de-un-mes\/#primaryimage\"},\"image\":{\"@id\":\"https:\/\/gysfm.com.ar\/inicio\/el-dolar-subio-20-y-alcanzo-el-valor-mas-alto-en-mas-de-un-mes\/#primaryimage\"},\"thumbnailUrl\":\"https:\/\/gysfm.com.ar\/inicio\/wp-content\/uploads\/2026\/04\/el-dolar-arranca-la-semana-al-NSBPIQSVRVDJBEOQ2RQFXQWVWU.JPG\",\"datePublished\":\"2026-04-27T21:36:26+00:00\",\"dateModified\":\"2026-04-27T21:36:27+00:00\",\"breadcrumb\":{\"@id\":\"https:\/\/gysfm.com.ar\/inicio\/el-dolar-subio-20-y-alcanzo-el-valor-mas-alto-en-mas-de-un-mes\/#breadcrumb\"},\"inLanguage\":\"es\",\"potentialAction\":[{\"@type\":\"ReadAction\",\"target\":[\"https:\/\/gysfm.com.ar\/inicio\/el-dolar-subio-20-y-alcanzo-el-valor-mas-alto-en-mas-de-un-mes\/\"]}]},{\"@type\":\"ImageObject\",\"inLanguage\":\"es\",\"@id\":\"https:\/\/gysfm.com.ar\/inicio\/el-dolar-subio-20-y-alcanzo-el-valor-mas-alto-en-mas-de-un-mes\/#primaryimage\",\"url\":\"https:\/\/gysfm.com.ar\/inicio\/wp-content\/uploads\/2026\/04\/el-dolar-arranca-la-semana-al-NSBPIQSVRVDJBEOQ2RQFXQWVWU.JPG\",\"contentUrl\":\"https:\/\/gysfm.com.ar\/inicio\/wp-content\/uploads\/2026\/04\/el-dolar-arranca-la-semana-al-NSBPIQSVRVDJBEOQ2RQFXQWVWU.JPG\",\"width\":1200,\"height\":800},{\"@type\":\"BreadcrumbList\",\"@id\":\"https:\/\/gysfm.com.ar\/inicio\/el-dolar-subio-20-y-alcanzo-el-valor-mas-alto-en-mas-de-un-mes\/#breadcrumb\",\"itemListElement\":[{\"@type\":\"ListItem\",\"position\":1,\"name\":\"Portada\",\"item\":\"https:\/\/gysfm.com.ar\/inicio\/\"},{\"@type\":\"ListItem\",\"position\":2,\"name\":\"El d\u00f3lar subi\u00f3 $20 y alcanz\u00f3 el valor m\u00e1s alto en m\u00e1s de un mes\"}]},{\"@type\":\"WebSite\",\"@id\":\"https:\/\/gysfm.com.ar\/inicio\/#website\",\"url\":\"https:\/\/gysfm.com.ar\/inicio\/\",\"name\":\"GYS NOTICIAS |\",\"description\":\"DIARIO - RADIO ONLINE SAN JUAN ARGENTINA\",\"publisher\":{\"@id\":\"https:\/\/gysfm.com.ar\/inicio\/#organization\"},\"potentialAction\":[{\"@type\":\"SearchAction\",\"target\":{\"@type\":\"EntryPoint\",\"urlTemplate\":\"https:\/\/gysfm.com.ar\/inicio\/?s={search_term_string}\"},\"query-input\":{\"@type\":\"PropertyValueSpecification\",\"valueRequired\":true,\"valueName\":\"search_term_string\"}}],\"inLanguage\":\"es\"},{\"@type\":\"Organization\",\"@id\":\"https:\/\/gysfm.com.ar\/inicio\/#organization\",\"name\":\"GYS NOTICIAS |\",\"url\":\"https:\/\/gysfm.com.ar\/inicio\/\",\"logo\":{\"@type\":\"ImageObject\",\"inLanguage\":\"es\",\"@id\":\"https:\/\/gysfm.com.ar\/inicio\/#\/schema\/logo\/image\/\",\"url\":\"https:\/\/gysfm.com.ar\/inicio\/wp-content\/uploads\/2023\/07\/LOGOGYS-OK.png\",\"contentUrl\":\"https:\/\/gysfm.com.ar\/inicio\/wp-content\/uploads\/2023\/07\/LOGOGYS-OK.png\",\"width\":1170,\"height\":872,\"caption\":\"GYS NOTICIAS |\"},\"image\":{\"@id\":\"https:\/\/gysfm.com.ar\/inicio\/#\/schema\/logo\/image\/\"}},{\"@type\":\"Person\",\"@id\":\"https:\/\/gysfm.com.ar\/inicio\/#\/schema\/person\/5bedd7ecd35cc35548d89effafa23696\",\"name\":\"admin\",\"image\":{\"@type\":\"ImageObject\",\"inLanguage\":\"es\",\"@id\":\"https:\/\/gysfm.com.ar\/inicio\/#\/schema\/person\/image\/\",\"url\":\"https:\/\/secure.gravatar.com\/avatar\/c331d312b5243fb64d5ba28108a447b27c925295129a363082c9ea52c28d32c2?s=96&d=mm&r=g\",\"contentUrl\":\"https:\/\/secure.gravatar.com\/avatar\/c331d312b5243fb64d5ba28108a447b27c925295129a363082c9ea52c28d32c2?s=96&d=mm&r=g\",\"caption\":\"admin\"},\"sameAs\":[\"https:\/\/gysfm.com.ar\/inicio\"],\"url\":\"https:\/\/gysfm.com.ar\/inicio\/author\/admin\/\"}]}<\/script>\n<!-- \/ Yoast SEO plugin. -->","yoast_head_json":{"title":"El d\u00f3lar subi\u00f3 $20 y alcanz\u00f3 el valor m\u00e1s alto en m\u00e1s de un mes - GYS NOTICIAS |","robots":{"index":"index","follow":"follow","max-snippet":"max-snippet:-1","max-image-preview":"max-image-preview:large","max-video-preview":"max-video-preview:-1"},"canonical":"https:\/\/gysfm.com.ar\/inicio\/el-dolar-subio-20-y-alcanzo-el-valor-mas-alto-en-mas-de-un-mes\/","og_locale":"es_ES","og_type":"article","og_title":"El d\u00f3lar subi\u00f3 $20 y alcanz\u00f3 el valor m\u00e1s alto en m\u00e1s de un mes - GYS NOTICIAS |","og_description":"El mercado de cambios arranc\u00f3 la semana presionado al alza. A pesar de que las liquidaciones por parte del sector agropecuario se mantienen firmes, tanto el d\u00f3lar oficial como los financieros volvieron a subir este lunes, ante una mayor demanda por el cierre de posiciones de fin de mes y el desarme de estrategias de [&hellip;]","og_url":"https:\/\/gysfm.com.ar\/inicio\/el-dolar-subio-20-y-alcanzo-el-valor-mas-alto-en-mas-de-un-mes\/","og_site_name":"GYS NOTICIAS |","article_published_time":"2026-04-27T21:36:26+00:00","article_modified_time":"2026-04-27T21:36:27+00:00","og_image":[{"width":1200,"height":800,"url":"https:\/\/gysfm.com.ar\/inicio\/wp-content\/uploads\/2026\/04\/el-dolar-arranca-la-semana-al-NSBPIQSVRVDJBEOQ2RQFXQWVWU.JPG","type":"image\/jpeg"}],"author":"admin","twitter_card":"summary_large_image","twitter_misc":{"Escrito por":"admin","Tiempo de lectura":"4 minutos"},"schema":{"@context":"https:\/\/schema.org","@graph":[{"@type":"Article","@id":"https:\/\/gysfm.com.ar\/inicio\/el-dolar-subio-20-y-alcanzo-el-valor-mas-alto-en-mas-de-un-mes\/#article","isPartOf":{"@id":"https:\/\/gysfm.com.ar\/inicio\/el-dolar-subio-20-y-alcanzo-el-valor-mas-alto-en-mas-de-un-mes\/"},"author":{"name":"admin","@id":"https:\/\/gysfm.com.ar\/inicio\/#\/schema\/person\/5bedd7ecd35cc35548d89effafa23696"},"headline":"El d\u00f3lar subi\u00f3 $20 y alcanz\u00f3 el valor m\u00e1s alto en m\u00e1s de un mes","datePublished":"2026-04-27T21:36:26+00:00","dateModified":"2026-04-27T21:36:27+00:00","mainEntityOfPage":{"@id":"https:\/\/gysfm.com.ar\/inicio\/el-dolar-subio-20-y-alcanzo-el-valor-mas-alto-en-mas-de-un-mes\/"},"wordCount":892,"publisher":{"@id":"https:\/\/gysfm.com.ar\/inicio\/#organization"},"image":{"@id":"https:\/\/gysfm.com.ar\/inicio\/el-dolar-subio-20-y-alcanzo-el-valor-mas-alto-en-mas-de-un-mes\/#primaryimage"},"thumbnailUrl":"https:\/\/gysfm.com.ar\/inicio\/wp-content\/uploads\/2026\/04\/el-dolar-arranca-la-semana-al-NSBPIQSVRVDJBEOQ2RQFXQWVWU.JPG","articleSection":["ECONOMIA"],"inLanguage":"es"},{"@type":"WebPage","@id":"https:\/\/gysfm.com.ar\/inicio\/el-dolar-subio-20-y-alcanzo-el-valor-mas-alto-en-mas-de-un-mes\/","url":"https:\/\/gysfm.com.ar\/inicio\/el-dolar-subio-20-y-alcanzo-el-valor-mas-alto-en-mas-de-un-mes\/","name":"El d\u00f3lar subi\u00f3 $20 y alcanz\u00f3 el valor m\u00e1s alto en m\u00e1s de un mes - GYS NOTICIAS |","isPartOf":{"@id":"https:\/\/gysfm.com.ar\/inicio\/#website"},"primaryImageOfPage":{"@id":"https:\/\/gysfm.com.ar\/inicio\/el-dolar-subio-20-y-alcanzo-el-valor-mas-alto-en-mas-de-un-mes\/#primaryimage"},"image":{"@id":"https:\/\/gysfm.com.ar\/inicio\/el-dolar-subio-20-y-alcanzo-el-valor-mas-alto-en-mas-de-un-mes\/#primaryimage"},"thumbnailUrl":"https:\/\/gysfm.com.ar\/inicio\/wp-content\/uploads\/2026\/04\/el-dolar-arranca-la-semana-al-NSBPIQSVRVDJBEOQ2RQFXQWVWU.JPG","datePublished":"2026-04-27T21:36:26+00:00","dateModified":"2026-04-27T21:36:27+00:00","breadcrumb":{"@id":"https:\/\/gysfm.com.ar\/inicio\/el-dolar-subio-20-y-alcanzo-el-valor-mas-alto-en-mas-de-un-mes\/#breadcrumb"},"inLanguage":"es","potentialAction":[{"@type":"ReadAction","target":["https:\/\/gysfm.com.ar\/inicio\/el-dolar-subio-20-y-alcanzo-el-valor-mas-alto-en-mas-de-un-mes\/"]}]},{"@type":"ImageObject","inLanguage":"es","@id":"https:\/\/gysfm.com.ar\/inicio\/el-dolar-subio-20-y-alcanzo-el-valor-mas-alto-en-mas-de-un-mes\/#primaryimage","url":"https:\/\/gysfm.com.ar\/inicio\/wp-content\/uploads\/2026\/04\/el-dolar-arranca-la-semana-al-NSBPIQSVRVDJBEOQ2RQFXQWVWU.JPG","contentUrl":"https:\/\/gysfm.com.ar\/inicio\/wp-content\/uploads\/2026\/04\/el-dolar-arranca-la-semana-al-NSBPIQSVRVDJBEOQ2RQFXQWVWU.JPG","width":1200,"height":800},{"@type":"BreadcrumbList","@id":"https:\/\/gysfm.com.ar\/inicio\/el-dolar-subio-20-y-alcanzo-el-valor-mas-alto-en-mas-de-un-mes\/#breadcrumb","itemListElement":[{"@type":"ListItem","position":1,"name":"Portada","item":"https:\/\/gysfm.com.ar\/inicio\/"},{"@type":"ListItem","position":2,"name":"El d\u00f3lar subi\u00f3 $20 y alcanz\u00f3 el valor m\u00e1s alto en m\u00e1s de un mes"}]},{"@type":"WebSite","@id":"https:\/\/gysfm.com.ar\/inicio\/#website","url":"https:\/\/gysfm.com.ar\/inicio\/","name":"GYS NOTICIAS |","description":"DIARIO - RADIO ONLINE SAN JUAN ARGENTINA","publisher":{"@id":"https:\/\/gysfm.com.ar\/inicio\/#organization"},"potentialAction":[{"@type":"SearchAction","target":{"@type":"EntryPoint","urlTemplate":"https:\/\/gysfm.com.ar\/inicio\/?s={search_term_string}"},"query-input":{"@type":"PropertyValueSpecification","valueRequired":true,"valueName":"search_term_string"}}],"inLanguage":"es"},{"@type":"Organization","@id":"https:\/\/gysfm.com.ar\/inicio\/#organization","name":"GYS NOTICIAS |","url":"https:\/\/gysfm.com.ar\/inicio\/","logo":{"@type":"ImageObject","inLanguage":"es","@id":"https:\/\/gysfm.com.ar\/inicio\/#\/schema\/logo\/image\/","url":"https:\/\/gysfm.com.ar\/inicio\/wp-content\/uploads\/2023\/07\/LOGOGYS-OK.png","contentUrl":"https:\/\/gysfm.com.ar\/inicio\/wp-content\/uploads\/2023\/07\/LOGOGYS-OK.png","width":1170,"height":872,"caption":"GYS NOTICIAS |"},"image":{"@id":"https:\/\/gysfm.com.ar\/inicio\/#\/schema\/logo\/image\/"}},{"@type":"Person","@id":"https:\/\/gysfm.com.ar\/inicio\/#\/schema\/person\/5bedd7ecd35cc35548d89effafa23696","name":"admin","image":{"@type":"ImageObject","inLanguage":"es","@id":"https:\/\/gysfm.com.ar\/inicio\/#\/schema\/person\/image\/","url":"https:\/\/secure.gravatar.com\/avatar\/c331d312b5243fb64d5ba28108a447b27c925295129a363082c9ea52c28d32c2?s=96&d=mm&r=g","contentUrl":"https:\/\/secure.gravatar.com\/avatar\/c331d312b5243fb64d5ba28108a447b27c925295129a363082c9ea52c28d32c2?s=96&d=mm&r=g","caption":"admin"},"sameAs":["https:\/\/gysfm.com.ar\/inicio"],"url":"https:\/\/gysfm.com.ar\/inicio\/author\/admin\/"}]}},"_links":{"self":[{"href":"https:\/\/gysfm.com.ar\/inicio\/wp-json\/wp\/v2\/posts\/193341","targetHints":{"allow":["GET"]}}],"collection":[{"href":"https:\/\/gysfm.com.ar\/inicio\/wp-json\/wp\/v2\/posts"}],"about":[{"href":"https:\/\/gysfm.com.ar\/inicio\/wp-json\/wp\/v2\/types\/post"}],"author":[{"embeddable":true,"href":"https:\/\/gysfm.com.ar\/inicio\/wp-json\/wp\/v2\/users\/1"}],"replies":[{"embeddable":true,"href":"https:\/\/gysfm.com.ar\/inicio\/wp-json\/wp\/v2\/comments?post=193341"}],"version-history":[{"count":1,"href":"https:\/\/gysfm.com.ar\/inicio\/wp-json\/wp\/v2\/posts\/193341\/revisions"}],"predecessor-version":[{"id":193343,"href":"https:\/\/gysfm.com.ar\/inicio\/wp-json\/wp\/v2\/posts\/193341\/revisions\/193343"}],"wp:featuredmedia":[{"embeddable":true,"href":"https:\/\/gysfm.com.ar\/inicio\/wp-json\/wp\/v2\/media\/193342"}],"wp:attachment":[{"href":"https:\/\/gysfm.com.ar\/inicio\/wp-json\/wp\/v2\/media?parent=193341"}],"wp:term":[{"taxonomy":"category","embeddable":true,"href":"https:\/\/gysfm.com.ar\/inicio\/wp-json\/wp\/v2\/categories?post=193341"},{"taxonomy":"post_tag","embeddable":true,"href":"https:\/\/gysfm.com.ar\/inicio\/wp-json\/wp\/v2\/tags?post=193341"}],"curies":[{"name":"wp","href":"https:\/\/api.w.org\/{rel}","templated":true}]}}