{"id":193336,"date":"2026-04-27T18:12:07","date_gmt":"2026-04-27T21:12:07","guid":{"rendered":"https:\/\/gysfm.com.ar\/inicio\/javier-milei-tiene-572-de-imagen-negativa-segun-una-encuesta\/"},"modified":"2026-04-27T18:12:07","modified_gmt":"2026-04-27T21:12:07","slug":"javier-milei-tiene-572-de-imagen-negativa-segun-una-encuesta","status":"publish","type":"post","link":"https:\/\/gysfm.com.ar\/inicio\/javier-milei-tiene-572-de-imagen-negativa-segun-una-encuesta\/","title":{"rendered":"Javier Milei tiene 57,2% de imagen negativa, seg\u00fan una encuesta"},"content":{"rendered":"<p><\/p>\n<div id=\"article-content\">\n<p>La <a target=\"_blank\" href=\"https:\/\/www.perfil.com\/noticias\/reperfilar\/la-confianza-del-consumidor-cayo-un-57-en-abril.phtml\"><strong>imagen del presidente Javier Milei volvi\u00f3 a quedar bajo la lupa tras la difusi\u00f3n de una encuesta que revel\u00f3 que el 57,2%<\/strong><\/a> de los consultados tiene una percepci\u00f3n negativa de su gesti\u00f3n y de su figura p\u00fablica.<\/p>\n<p>El relevamiento, realizado por una consultora privada a nivel nacional, muestra adem\u00e1s que la<strong> imagen positiva del mandatario se ubica muy por debajo de ese n\u00famero, reflejando un escenario de fuerte polarizaci\u00f3n pol\u00edtica <\/strong>en medio del ajuste econ\u00f3mico y las reformas impulsadas por el Gobierno.<\/p>\n<p><iframe id=\"vrudo\" class=\"vrudo\" src=\"https:\/\/rudo.video\/vod\/czGwsBUqZCe?volume=0\" width=\"100%\" height=\"100%\" allowscriptaccess=\"always\" allowfullscreen=\"true\" webkitallowfullscreen=\"true\" frameborder=\"0\" scrolling=\"no\" allow=\"autoplay; fullscreen\" loading=\"lazy\" title=\"Contenido embebido\"><\/iframe><\/p>\n<p>De acuerdo con los resultados, el <strong>desgaste en la valoraci\u00f3n presidencial estar\u00eda vinculado principalmente al impacto de las medidas econ\u00f3micas adoptadas en los primeros meses de gesti\u00f3n,<\/strong> entre ellas la suba de tarifas, la ca\u00edda del poder adquisitivo y el aumento de la conflictividad social. En ese marco, amplios sectores expresan preocupaci\u00f3n por la evoluci\u00f3n de la inflaci\u00f3n y el deterioro de los ingresos.<\/p>\n<div class=\"subscription\">\n<p>\n        Esto no les gusta a los autoritarios\n    <\/p>\n<div class=\"subscription__container\">\n<div class=\"subscription__text-wrapper\">\n<p>\n                El ejercicio del periodismo profesional y cr\u00edtico es un pilar fundamental de la democracia. Por eso molesta a quienes creen ser los due\u00f1os de la verdad.\n            <\/p>\n<\/p><\/div><\/div>\n<\/div>\n<p>A pesar de estos n\u00fameros, el<strong> oficialismo mantiene respaldo en parte de su electorado, especialmente entre quienes apoyan el rumbo de las reformas estructurales y consideran que el ajuste era necesario para estabilizar la econom\u00eda.<\/strong> Sin embargo, los datos del sondeo reflejan que la desaprobaci\u00f3n crece en segmentos urbanos y entre votantes independientes.<\/p>\n<p>La encuesta se conoce en un momento clave para el Gobierno, que busca sostener el apoyo pol\u00edtico mientras enfrenta negociaciones legislativas y desaf\u00edos econ\u00f3micos de alta sensibilidad. En este contexto, la evoluci\u00f3n de la opini\u00f3n p\u00fablica aparece como un factor central para medir la capacidad del Ejecutivo de avanzar con su agenda.<\/p>\n<p>Aunque los sondeos representan una fotograf\u00eda del momento, la cifra de 57,2% de imagen negativa enciende se\u00f1ales de alerta en la Casa Rosada y anticipa un escenario pol\u00edtico m\u00e1s exigente para los pr\u00f3ximos meses.<\/p>\n<\/p><\/div>\n<p><script>\n                !function(f,b,e,v,n,t,s)\n                {if(f.fbq)return;n=f.fbq=function(){n.callMethod?\n                    n.callMethod.apply(n,arguments):n.queue.push(arguments)};\n                    if(!f._fbq)f._fbq=n;n.push=n;n.loaded=!0;n.version='2.0';\n                    n.queue=[];t=b.createElement(e);t.async=!0;\n                    t.src=v;s=b.getElementsByTagName(e)[0];\n                    s.parentNode.insertBefore(t,s)}(window, document,'script',\n                    'https:\/\/connect.facebook.net\/en_US\/fbevents.js');\n                window.paywallConfig.facebook_pixel=\"1000228364089342\"\n            <\/script><\/p>\n","protected":false},"excerpt":{"rendered":"<p>La imagen del presidente Javier Milei volvi\u00f3 a quedar bajo la lupa tras la difusi\u00f3n de una encuesta que revel\u00f3 que el 57,2% de los consultados tiene una percepci\u00f3n negativa de su gesti\u00f3n y de su figura p\u00fablica. El relevamiento, realizado por una consultora privada a nivel nacional, muestra adem\u00e1s que la imagen positiva del [&hellip;]<\/p>\n","protected":false},"author":2,"featured_media":193337,"comment_status":"closed","ping_status":"closed","sticky":false,"template":"","format":"standard","meta":{"footnotes":""},"categories":[25],"tags":[],"class_list":["post-193336","post","type-post","status-publish","format-standard","has-post-thumbnail","hentry","category-nacionales"],"yoast_head":"<!-- This site is optimized with the Yoast SEO plugin v24.4 - https:\/\/yoast.com\/wordpress\/plugins\/seo\/ -->\n<title>Javier Milei tiene 57,2% de imagen negativa, seg\u00fan una encuesta - GYS NOTICIAS |<\/title>\n<meta name=\"robots\" content=\"index, follow, max-snippet:-1, max-image-preview:large, max-video-preview:-1\" \/>\n<link rel=\"canonical\" href=\"https:\/\/gysfm.com.ar\/inicio\/javier-milei-tiene-572-de-imagen-negativa-segun-una-encuesta\/\" \/>\n<meta property=\"og:locale\" content=\"es_ES\" \/>\n<meta property=\"og:type\" content=\"article\" \/>\n<meta property=\"og:title\" content=\"Javier Milei tiene 57,2% de imagen negativa, seg\u00fan una encuesta - GYS NOTICIAS |\" \/>\n<meta property=\"og:description\" content=\"La imagen del presidente Javier Milei volvi\u00f3 a quedar bajo la lupa tras la difusi\u00f3n de una encuesta que revel\u00f3 que el 57,2% de los consultados tiene una percepci\u00f3n negativa de su gesti\u00f3n y de su figura p\u00fablica. El relevamiento, realizado por una consultora privada a nivel nacional, muestra adem\u00e1s que la imagen positiva del [&hellip;]\" \/>\n<meta property=\"og:url\" content=\"https:\/\/gysfm.com.ar\/inicio\/javier-milei-tiene-572-de-imagen-negativa-segun-una-encuesta\/\" \/>\n<meta property=\"og:site_name\" content=\"GYS NOTICIAS |\" \/>\n<meta property=\"article:published_time\" content=\"2026-04-27T21:12:07+00:00\" \/>\n<meta name=\"author\" content=\"Prensa G&amp;S FM\" \/>\n<meta name=\"twitter:card\" content=\"summary_large_image\" \/>\n<meta name=\"twitter:label1\" content=\"Escrito por\" \/>\n\t<meta name=\"twitter:data1\" content=\"Prensa G&amp;S FM\" \/>\n\t<meta name=\"twitter:label2\" content=\"Tiempo de lectura\" \/>\n\t<meta name=\"twitter:data2\" content=\"2 minutos\" \/>\n<script type=\"application\/ld+json\" class=\"yoast-schema-graph\">{\"@context\":\"https:\/\/schema.org\",\"@graph\":[{\"@type\":\"Article\",\"@id\":\"https:\/\/gysfm.com.ar\/inicio\/javier-milei-tiene-572-de-imagen-negativa-segun-una-encuesta\/#article\",\"isPartOf\":{\"@id\":\"https:\/\/gysfm.com.ar\/inicio\/javier-milei-tiene-572-de-imagen-negativa-segun-una-encuesta\/\"},\"author\":{\"name\":\"Prensa G&amp;S FM\",\"@id\":\"https:\/\/gysfm.com.ar\/inicio\/#\/schema\/person\/3abba7593ef2ad19e1be221d54383dc5\"},\"headline\":\"Javier Milei tiene 57,2% de imagen negativa, seg\u00fan una encuesta\",\"datePublished\":\"2026-04-27T21:12:07+00:00\",\"mainEntityOfPage\":{\"@id\":\"https:\/\/gysfm.com.ar\/inicio\/javier-milei-tiene-572-de-imagen-negativa-segun-una-encuesta\/\"},\"wordCount\":360,\"publisher\":{\"@id\":\"https:\/\/gysfm.com.ar\/inicio\/#organization\"},\"image\":{\"@id\":\"https:\/\/gysfm.com.ar\/inicio\/javier-milei-tiene-572-de-imagen-negativa-segun-una-encuesta\/#primaryimage\"},\"thumbnailUrl\":\"https:\/\/gysfm.com.ar\/inicio\/wp-content\/uploads\/2026\/04\/javier-milei-2227206.jpg\",\"articleSection\":[\"NACIONALES\"],\"inLanguage\":\"es\"},{\"@type\":\"WebPage\",\"@id\":\"https:\/\/gysfm.com.ar\/inicio\/javier-milei-tiene-572-de-imagen-negativa-segun-una-encuesta\/\",\"url\":\"https:\/\/gysfm.com.ar\/inicio\/javier-milei-tiene-572-de-imagen-negativa-segun-una-encuesta\/\",\"name\":\"Javier Milei tiene 57,2% de imagen negativa, seg\u00fan una encuesta - GYS NOTICIAS |\",\"isPartOf\":{\"@id\":\"https:\/\/gysfm.com.ar\/inicio\/#website\"},\"primaryImageOfPage\":{\"@id\":\"https:\/\/gysfm.com.ar\/inicio\/javier-milei-tiene-572-de-imagen-negativa-segun-una-encuesta\/#primaryimage\"},\"image\":{\"@id\":\"https:\/\/gysfm.com.ar\/inicio\/javier-milei-tiene-572-de-imagen-negativa-segun-una-encuesta\/#primaryimage\"},\"thumbnailUrl\":\"https:\/\/gysfm.com.ar\/inicio\/wp-content\/uploads\/2026\/04\/javier-milei-2227206.jpg\",\"datePublished\":\"2026-04-27T21:12:07+00:00\",\"breadcrumb\":{\"@id\":\"https:\/\/gysfm.com.ar\/inicio\/javier-milei-tiene-572-de-imagen-negativa-segun-una-encuesta\/#breadcrumb\"},\"inLanguage\":\"es\",\"potentialAction\":[{\"@type\":\"ReadAction\",\"target\":[\"https:\/\/gysfm.com.ar\/inicio\/javier-milei-tiene-572-de-imagen-negativa-segun-una-encuesta\/\"]}]},{\"@type\":\"ImageObject\",\"inLanguage\":\"es\",\"@id\":\"https:\/\/gysfm.com.ar\/inicio\/javier-milei-tiene-572-de-imagen-negativa-segun-una-encuesta\/#primaryimage\",\"url\":\"https:\/\/gysfm.com.ar\/inicio\/wp-content\/uploads\/2026\/04\/javier-milei-2227206.jpg\",\"contentUrl\":\"https:\/\/gysfm.com.ar\/inicio\/wp-content\/uploads\/2026\/04\/javier-milei-2227206.jpg\",\"width\":1140,\"height\":641},{\"@type\":\"BreadcrumbList\",\"@id\":\"https:\/\/gysfm.com.ar\/inicio\/javier-milei-tiene-572-de-imagen-negativa-segun-una-encuesta\/#breadcrumb\",\"itemListElement\":[{\"@type\":\"ListItem\",\"position\":1,\"name\":\"Portada\",\"item\":\"https:\/\/gysfm.com.ar\/inicio\/\"},{\"@type\":\"ListItem\",\"position\":2,\"name\":\"Javier Milei tiene 57,2% de imagen negativa, seg\u00fan una encuesta\"}]},{\"@type\":\"WebSite\",\"@id\":\"https:\/\/gysfm.com.ar\/inicio\/#website\",\"url\":\"https:\/\/gysfm.com.ar\/inicio\/\",\"name\":\"GYS NOTICIAS |\",\"description\":\"DIARIO - RADIO ONLINE SAN JUAN ARGENTINA\",\"publisher\":{\"@id\":\"https:\/\/gysfm.com.ar\/inicio\/#organization\"},\"potentialAction\":[{\"@type\":\"SearchAction\",\"target\":{\"@type\":\"EntryPoint\",\"urlTemplate\":\"https:\/\/gysfm.com.ar\/inicio\/?s={search_term_string}\"},\"query-input\":{\"@type\":\"PropertyValueSpecification\",\"valueRequired\":true,\"valueName\":\"search_term_string\"}}],\"inLanguage\":\"es\"},{\"@type\":\"Organization\",\"@id\":\"https:\/\/gysfm.com.ar\/inicio\/#organization\",\"name\":\"GYS NOTICIAS |\",\"url\":\"https:\/\/gysfm.com.ar\/inicio\/\",\"logo\":{\"@type\":\"ImageObject\",\"inLanguage\":\"es\",\"@id\":\"https:\/\/gysfm.com.ar\/inicio\/#\/schema\/logo\/image\/\",\"url\":\"https:\/\/gysfm.com.ar\/inicio\/wp-content\/uploads\/2023\/07\/LOGOGYS-OK.png\",\"contentUrl\":\"https:\/\/gysfm.com.ar\/inicio\/wp-content\/uploads\/2023\/07\/LOGOGYS-OK.png\",\"width\":1170,\"height\":872,\"caption\":\"GYS NOTICIAS |\"},\"image\":{\"@id\":\"https:\/\/gysfm.com.ar\/inicio\/#\/schema\/logo\/image\/\"}},{\"@type\":\"Person\",\"@id\":\"https:\/\/gysfm.com.ar\/inicio\/#\/schema\/person\/3abba7593ef2ad19e1be221d54383dc5\",\"name\":\"Prensa G&amp;S FM\",\"image\":{\"@type\":\"ImageObject\",\"inLanguage\":\"es\",\"@id\":\"https:\/\/gysfm.com.ar\/inicio\/#\/schema\/person\/image\/\",\"url\":\"https:\/\/secure.gravatar.com\/avatar\/096ec78df02049ab018702bb4ccedf659377fa92a26540b5247612077a0dbd29?s=96&d=mm&r=g\",\"contentUrl\":\"https:\/\/secure.gravatar.com\/avatar\/096ec78df02049ab018702bb4ccedf659377fa92a26540b5247612077a0dbd29?s=96&d=mm&r=g\",\"caption\":\"Prensa G&amp;S FM\"},\"sameAs\":[\"https:\/\/gysfm.com.ar\/\"],\"url\":\"https:\/\/gysfm.com.ar\/inicio\/author\/lucasm\/\"}]}<\/script>\n<!-- \/ Yoast SEO plugin. -->","yoast_head_json":{"title":"Javier Milei tiene 57,2% de imagen negativa, seg\u00fan una encuesta - GYS NOTICIAS |","robots":{"index":"index","follow":"follow","max-snippet":"max-snippet:-1","max-image-preview":"max-image-preview:large","max-video-preview":"max-video-preview:-1"},"canonical":"https:\/\/gysfm.com.ar\/inicio\/javier-milei-tiene-572-de-imagen-negativa-segun-una-encuesta\/","og_locale":"es_ES","og_type":"article","og_title":"Javier Milei tiene 57,2% de imagen negativa, seg\u00fan una encuesta - GYS NOTICIAS |","og_description":"La imagen del presidente Javier Milei volvi\u00f3 a quedar bajo la lupa tras la difusi\u00f3n de una encuesta que revel\u00f3 que el 57,2% de los consultados tiene una percepci\u00f3n negativa de su gesti\u00f3n y de su figura p\u00fablica. El relevamiento, realizado por una consultora privada a nivel nacional, muestra adem\u00e1s que la imagen positiva del [&hellip;]","og_url":"https:\/\/gysfm.com.ar\/inicio\/javier-milei-tiene-572-de-imagen-negativa-segun-una-encuesta\/","og_site_name":"GYS NOTICIAS |","article_published_time":"2026-04-27T21:12:07+00:00","author":"Prensa G&amp;S FM","twitter_card":"summary_large_image","twitter_misc":{"Escrito por":"Prensa G&amp;S FM","Tiempo de lectura":"2 minutos"},"schema":{"@context":"https:\/\/schema.org","@graph":[{"@type":"Article","@id":"https:\/\/gysfm.com.ar\/inicio\/javier-milei-tiene-572-de-imagen-negativa-segun-una-encuesta\/#article","isPartOf":{"@id":"https:\/\/gysfm.com.ar\/inicio\/javier-milei-tiene-572-de-imagen-negativa-segun-una-encuesta\/"},"author":{"name":"Prensa G&amp;S FM","@id":"https:\/\/gysfm.com.ar\/inicio\/#\/schema\/person\/3abba7593ef2ad19e1be221d54383dc5"},"headline":"Javier Milei tiene 57,2% de imagen negativa, seg\u00fan una encuesta","datePublished":"2026-04-27T21:12:07+00:00","mainEntityOfPage":{"@id":"https:\/\/gysfm.com.ar\/inicio\/javier-milei-tiene-572-de-imagen-negativa-segun-una-encuesta\/"},"wordCount":360,"publisher":{"@id":"https:\/\/gysfm.com.ar\/inicio\/#organization"},"image":{"@id":"https:\/\/gysfm.com.ar\/inicio\/javier-milei-tiene-572-de-imagen-negativa-segun-una-encuesta\/#primaryimage"},"thumbnailUrl":"https:\/\/gysfm.com.ar\/inicio\/wp-content\/uploads\/2026\/04\/javier-milei-2227206.jpg","articleSection":["NACIONALES"],"inLanguage":"es"},{"@type":"WebPage","@id":"https:\/\/gysfm.com.ar\/inicio\/javier-milei-tiene-572-de-imagen-negativa-segun-una-encuesta\/","url":"https:\/\/gysfm.com.ar\/inicio\/javier-milei-tiene-572-de-imagen-negativa-segun-una-encuesta\/","name":"Javier Milei tiene 57,2% de imagen negativa, seg\u00fan una encuesta - GYS NOTICIAS |","isPartOf":{"@id":"https:\/\/gysfm.com.ar\/inicio\/#website"},"primaryImageOfPage":{"@id":"https:\/\/gysfm.com.ar\/inicio\/javier-milei-tiene-572-de-imagen-negativa-segun-una-encuesta\/#primaryimage"},"image":{"@id":"https:\/\/gysfm.com.ar\/inicio\/javier-milei-tiene-572-de-imagen-negativa-segun-una-encuesta\/#primaryimage"},"thumbnailUrl":"https:\/\/gysfm.com.ar\/inicio\/wp-content\/uploads\/2026\/04\/javier-milei-2227206.jpg","datePublished":"2026-04-27T21:12:07+00:00","breadcrumb":{"@id":"https:\/\/gysfm.com.ar\/inicio\/javier-milei-tiene-572-de-imagen-negativa-segun-una-encuesta\/#breadcrumb"},"inLanguage":"es","potentialAction":[{"@type":"ReadAction","target":["https:\/\/gysfm.com.ar\/inicio\/javier-milei-tiene-572-de-imagen-negativa-segun-una-encuesta\/"]}]},{"@type":"ImageObject","inLanguage":"es","@id":"https:\/\/gysfm.com.ar\/inicio\/javier-milei-tiene-572-de-imagen-negativa-segun-una-encuesta\/#primaryimage","url":"https:\/\/gysfm.com.ar\/inicio\/wp-content\/uploads\/2026\/04\/javier-milei-2227206.jpg","contentUrl":"https:\/\/gysfm.com.ar\/inicio\/wp-content\/uploads\/2026\/04\/javier-milei-2227206.jpg","width":1140,"height":641},{"@type":"BreadcrumbList","@id":"https:\/\/gysfm.com.ar\/inicio\/javier-milei-tiene-572-de-imagen-negativa-segun-una-encuesta\/#breadcrumb","itemListElement":[{"@type":"ListItem","position":1,"name":"Portada","item":"https:\/\/gysfm.com.ar\/inicio\/"},{"@type":"ListItem","position":2,"name":"Javier Milei tiene 57,2% de imagen negativa, seg\u00fan una encuesta"}]},{"@type":"WebSite","@id":"https:\/\/gysfm.com.ar\/inicio\/#website","url":"https:\/\/gysfm.com.ar\/inicio\/","name":"GYS NOTICIAS |","description":"DIARIO - RADIO ONLINE SAN JUAN ARGENTINA","publisher":{"@id":"https:\/\/gysfm.com.ar\/inicio\/#organization"},"potentialAction":[{"@type":"SearchAction","target":{"@type":"EntryPoint","urlTemplate":"https:\/\/gysfm.com.ar\/inicio\/?s={search_term_string}"},"query-input":{"@type":"PropertyValueSpecification","valueRequired":true,"valueName":"search_term_string"}}],"inLanguage":"es"},{"@type":"Organization","@id":"https:\/\/gysfm.com.ar\/inicio\/#organization","name":"GYS NOTICIAS |","url":"https:\/\/gysfm.com.ar\/inicio\/","logo":{"@type":"ImageObject","inLanguage":"es","@id":"https:\/\/gysfm.com.ar\/inicio\/#\/schema\/logo\/image\/","url":"https:\/\/gysfm.com.ar\/inicio\/wp-content\/uploads\/2023\/07\/LOGOGYS-OK.png","contentUrl":"https:\/\/gysfm.com.ar\/inicio\/wp-content\/uploads\/2023\/07\/LOGOGYS-OK.png","width":1170,"height":872,"caption":"GYS NOTICIAS |"},"image":{"@id":"https:\/\/gysfm.com.ar\/inicio\/#\/schema\/logo\/image\/"}},{"@type":"Person","@id":"https:\/\/gysfm.com.ar\/inicio\/#\/schema\/person\/3abba7593ef2ad19e1be221d54383dc5","name":"Prensa G&amp;S FM","image":{"@type":"ImageObject","inLanguage":"es","@id":"https:\/\/gysfm.com.ar\/inicio\/#\/schema\/person\/image\/","url":"https:\/\/secure.gravatar.com\/avatar\/096ec78df02049ab018702bb4ccedf659377fa92a26540b5247612077a0dbd29?s=96&d=mm&r=g","contentUrl":"https:\/\/secure.gravatar.com\/avatar\/096ec78df02049ab018702bb4ccedf659377fa92a26540b5247612077a0dbd29?s=96&d=mm&r=g","caption":"Prensa G&amp;S FM"},"sameAs":["https:\/\/gysfm.com.ar\/"],"url":"https:\/\/gysfm.com.ar\/inicio\/author\/lucasm\/"}]}},"_links":{"self":[{"href":"https:\/\/gysfm.com.ar\/inicio\/wp-json\/wp\/v2\/posts\/193336","targetHints":{"allow":["GET"]}}],"collection":[{"href":"https:\/\/gysfm.com.ar\/inicio\/wp-json\/wp\/v2\/posts"}],"about":[{"href":"https:\/\/gysfm.com.ar\/inicio\/wp-json\/wp\/v2\/types\/post"}],"author":[{"embeddable":true,"href":"https:\/\/gysfm.com.ar\/inicio\/wp-json\/wp\/v2\/users\/2"}],"replies":[{"embeddable":true,"href":"https:\/\/gysfm.com.ar\/inicio\/wp-json\/wp\/v2\/comments?post=193336"}],"version-history":[{"count":0,"href":"https:\/\/gysfm.com.ar\/inicio\/wp-json\/wp\/v2\/posts\/193336\/revisions"}],"wp:featuredmedia":[{"embeddable":true,"href":"https:\/\/gysfm.com.ar\/inicio\/wp-json\/wp\/v2\/media\/193337"}],"wp:attachment":[{"href":"https:\/\/gysfm.com.ar\/inicio\/wp-json\/wp\/v2\/media?parent=193336"}],"wp:term":[{"taxonomy":"category","embeddable":true,"href":"https:\/\/gysfm.com.ar\/inicio\/wp-json\/wp\/v2\/categories?post=193336"},{"taxonomy":"post_tag","embeddable":true,"href":"https:\/\/gysfm.com.ar\/inicio\/wp-json\/wp\/v2\/tags?post=193336"}],"curies":[{"name":"wp","href":"https:\/\/api.w.org\/{rel}","templated":true}]}}