{"id":193324,"date":"2026-04-27T17:10:23","date_gmt":"2026-04-27T20:10:23","guid":{"rendered":"https:\/\/gysfm.com.ar\/inicio\/ser-lider-en-un-mundo-de-incertidumbre\/"},"modified":"2026-04-27T17:10:23","modified_gmt":"2026-04-27T20:10:23","slug":"ser-lider-en-un-mundo-de-incertidumbre","status":"publish","type":"post","link":"https:\/\/gysfm.com.ar\/inicio\/ser-lider-en-un-mundo-de-incertidumbre\/","title":{"rendered":"Ser l\u00edder en un mundo de incertidumbre"},"content":{"rendered":"<p><\/p>\n<div id=\"article-content\">\n<p>En un mundo donde todo cambia r\u00e1pido, s<a target=\"_blank\" href=\"https:\/\/www.google.com\/url?sa=t&amp;rct=j&amp;q=&amp;esrc=s&amp;source=newssearch&amp;cd=&amp;cad=rja&amp;uact=8&amp;ved=2ahUKEwjqjMSGno6UAxW7r5UCHUksAQkQxfQBKAB6BAgMEAE&amp;url=https%3A%2F%2Fwww.perfil.com%2Fnoticias%2Fopinion%2Fel-liderazgo-hoy-es-un-tema-de-salud-por-carolina-dams.phtml&amp;usg=AOvVaw0vlgfVH_qWGsMeicrBRdvy&amp;opi=89978449\">er l\u00edder es cada vez m\u00e1s desafiante<\/a>. En el principio del camin<strong>o, la formaci\u00f3n acad\u00e9mica es fundamental, pero no suficiente.<\/strong><\/p>\n<p>Es la base, la condici\u00f3n necesaria. Per<strong>o lo que realmente marca la diferenci<\/strong>a ocurre despu\u00e9s, en el trabajo, en la <strong>experiencia <\/strong>y, sobre todo, en la <strong>especializaci\u00f3n. Hoy, m\u00e1s que nunca, debemos diferenciarnos.<\/strong><\/p>\n<p class=\"destacadoNota\"><a target=\"_blank\" href=\"https:\/\/www.google.com\/url?sa=t&amp;rct=j&amp;q=&amp;esrc=s&amp;source=newssearch&amp;cd=&amp;cad=rja&amp;uact=8&amp;ved=2ahUKEwip1-qpno6UAxWDqZUCHULuJugQxfQBKAB6BAgJEAE&amp;url=https%3A%2F%2Fwww.perfil.com%2Fnoticias%2Fopinion%2Ftrumpismo-papa-la-derecha-norteamericana-radicaliza-su-discurso-religioso-y-eleva-la-confrontacion-con-el-vaticano.phtml&amp;usg=AOvVaw0JHZ1kpFLujON916rnLUk3&amp;opi=89978449\">Estamos viendo a l\u00edderes que se presentan a s\u00ed mismos como ungidos por Dios<\/a><\/p>\n<div class=\"subscription\">\n<p>\n        Esto no les gusta a los autoritarios\n    <\/p>\n<div class=\"subscription__container\">\n<div class=\"subscription__text-wrapper\">\n<p>\n                El ejercicio del periodismo profesional y cr\u00edtico es un pilar fundamental de la democracia. Por eso molesta a quienes creen ser los due\u00f1os de la verdad.\n            <\/p>\n<\/p><\/div><\/div>\n<\/div>\n<p>Lo vemos todos los d\u00edas como <a target=\"_blank\" href=\"https:\/\/www.google.com\/url?sa=t&amp;rct=j&amp;q=&amp;esrc=s&amp;source=newssearch&amp;cd=&amp;cad=rja&amp;uact=8&amp;ved=2ahUKEwjP2ZnNoI6UAxWtqZUCHXA1LC8QxfQBKAB6BAgHEAE&amp;url=https%3A%2F%2Fwww.perfil.com%2Fnoticias%2Freperfilar%2Fla-confianza-del-consumidor-cayo-un-57-en-abril.phtml&amp;usg=AOvVaw2X8snuv8fyBar_X7P7Nl6p&amp;opi=89978449\">consumidores<\/a>. Ya no buscamos productos gen\u00e9ricos,<strong> buscamos soluciones espec\u00edficas<\/strong>: un plan de salud a medida, un banco que entienda mi perfil, una plataforma que recomiende exactamente lo que necesito.<\/p>\n<p>En el mundo laboral ocurre lo mismo. <a target=\"_blank\" href=\"https:\/\/www.google.com\/url?sa=t&amp;rct=j&amp;q=&amp;esrc=s&amp;source=newssearch&amp;cd=&amp;cad=rja&amp;uact=8&amp;ved=2ahUKEwj2lp7aoI6UAxW_jpUCHcvlCjsQxfQBKAB6BAgHEAE&amp;url=https%3A%2F%2Fwww.perfil.com%2Fnoticias%2Fopinion%2Fcompensaciones-el-eje-del-talento-y-la-productividad-en-una-argentina-mas-meritocratica-a40.phtml&amp;usg=AOvVaw07b4BA89b13iZWjamR1wWf&amp;opi=89978449\">Las empresas no buscan \u201cbuenos profesionales\u201d, buscan talento con habilidades concretas<\/a>, capaces de aportar valor en contextos espec\u00edficos.<\/p>\n<p>Es ah\u00ed donde inicia el camino hacia el liderazgo. Luego, a medida que se avanza, el gran desaf\u00edo es tomar decisiones en medio de la incertidumbre. Ya no existe toda la informaci\u00f3n ni el tiempo perfecto. Lo importante es decidir a tiempo, avanzar y, si es necesario, corregir. Liderar hoy es tener la confianza para moverse en lo incierto.<\/p>\n<p>Pero hay un elemento a\u00fan m\u00e1s relevante: las personas. La responsabilidad de una organizaci\u00f3n no es solo cumplir metas, sino construir espacios donde todos puedan desarrollarse con seguridad f\u00edsica, emocional y psicol\u00f3gica. Donde nadie sienta que debe ocultar qui\u00e9n es. Y aqu\u00ed hay un punto cr\u00edtico: pasar de la narrativa a la acci\u00f3n.<\/p>\n<p class=\"destacadoNota\"><a target=\"_blank\" href=\"https:\/\/www.google.com\/url?sa=t&amp;rct=j&amp;q=&amp;esrc=s&amp;source=newssearch&amp;cd=&amp;cad=rja&amp;uact=8&amp;ved=2ahUKEwip1-qpno6UAxWDqZUCHULuJugQxfQBKAB6BAgKEAE&amp;url=https%3A%2F%2Fwww.perfil.com%2Fnoticias%2Fopinion%2Fen-bilderberg-2026-la-reina-maxima-se-sumo-a-los-lideres-globales.phtml&amp;usg=AOvVaw0BXCRjiP2geZSVnB_CwBcz&amp;opi=89978449\">En Bilderberg 2026 la reina M\u00e1xima se sum\u00f3 a los l\u00edderes globales<\/a><\/p>\n<p>No basta con declarar principios, las personas perciben cuando una empresa realmente act\u00faa. Un ejemplo concreto es contar con canales efectivos para denunciar discriminaci\u00f3n o maltrato. Eso construye confianza real.<br \/>Las diferencias, lejos de esconderse, deben ponerse sobre la mesa. Es en esa diversidad donde se genera valor. Equipos diversos piensan distinto, y eso permite tomar mejores decisiones.<\/p>\n<p>Al mismo tiempo<strong>, vivimos en un entorno donde la tecnolog\u00eda tiende a homogeneizarlo todo<\/strong>. Entrar a un banco, un retail o incluso una app muchas veces se siente igual. En ese contexto, lo humano se vuelve el verdadero diferenciador. La inteligencia artificial es una revoluci\u00f3n porque impacta en lo cognitivo: no solo automatiza tareas, tambi\u00e9n cambia c\u00f3mo pensamos y decidimos. Por eso, la pregunta clave para los l\u00edderes hoy no es si usar IA, sino qu\u00e9 rol tendr\u00e1n las personas en ese nuevo modelo.<\/p>\n<p>Aqu\u00ed tambi\u00e9n hay una diferencia relevante. A nivel individual,<strong> adoptamos tecnolog\u00edas como ChatGPT o Gemini con rapidez<\/strong>, incluso tolerando errores. En cambio<strong>, en las empresas,<\/strong> el margen de error es mucho menor, o m\u00e1s bien nulo, lo que hace que<strong> la adopci\u00f3n sea m\u00e1s lenta.<\/strong> Por eso, el foco de los l\u00edderes actualmente no debe estar en <strong>optimizar partes aisladas, sino en repensar procesos completos.<\/strong><\/p>\n<p>En este camino, hay algo que nunca pierde valor: las relaciones. El \u201cstock de confianza\u201d que construimos en el tiempo es como una cuenta de ahorro. Se nutre con acciones, colaboraci\u00f3n y generosidad. Y cuando se necesita, est\u00e1 disponible.<\/p>\n<p><strong>Entender que todas las personas tienen el mismo valor<\/strong>, m\u00e1s all\u00e1 de su rol, es<strong> clave para construir organizaciones s\u00f3lidas.<\/strong><\/p>\n<p>A esto se suma la necesidad de mantenerse siempre actualizado. Aprender constantemente, conocer nuevas herramientas y saber aplicarlas. Y tambi\u00e9n abrir la mirada: viajar, conocer otras realidades, salir de la propia burbuja.<\/p>\n<p>Porque, al final, el desaf\u00edo no es solo adaptarse al cambio. Es construir organizaciones que reflejen el tipo de sociedad en la que queremos vivir. En simple: los l\u00edderes de hoy deben construir la compa\u00f1\u00eda que represente mejor el pa\u00eds en el que les gustar\u00eda vivir.<\/p>\n<p><em>(*) Diego Yanni es Director ejecutivo, l\u00edder de Strategy &amp; Consulting para Accenture Sudam\u00e9rica Hispana<\/em><\/p>\n<\/p><\/div>\n<p><script>\n                !function(f,b,e,v,n,t,s)\n                {if(f.fbq)return;n=f.fbq=function(){n.callMethod?\n                    n.callMethod.apply(n,arguments):n.queue.push(arguments)};\n                    if(!f._fbq)f._fbq=n;n.push=n;n.loaded=!0;n.version='2.0';\n                    n.queue=[];t=b.createElement(e);t.async=!0;\n                    t.src=v;s=b.getElementsByTagName(e)[0];\n                    s.parentNode.insertBefore(t,s)}(window, document,'script',\n                    'https:\/\/connect.facebook.net\/en_US\/fbevents.js');\n                window.paywallConfig.facebook_pixel=\"1000228364089342\"\n            <\/script><\/p>\n","protected":false},"excerpt":{"rendered":"<p>En un mundo donde todo cambia r\u00e1pido, ser l\u00edder es cada vez m\u00e1s desafiante. En el principio del camino, la formaci\u00f3n acad\u00e9mica es fundamental, pero no suficiente. Es la base, la condici\u00f3n necesaria. Pero lo que realmente marca la diferencia ocurre despu\u00e9s, en el trabajo, en la experiencia y, sobre todo, en la especializaci\u00f3n. Hoy, [&hellip;]<\/p>\n","protected":false},"author":2,"featured_media":193325,"comment_status":"closed","ping_status":"closed","sticky":false,"template":"","format":"standard","meta":{"footnotes":""},"categories":[25],"tags":[],"class_list":["post-193324","post","type-post","status-publish","format-standard","has-post-thumbnail","hentry","category-nacionales"],"yoast_head":"<!-- This site is optimized with the Yoast SEO plugin v24.4 - https:\/\/yoast.com\/wordpress\/plugins\/seo\/ -->\n<title>Ser l\u00edder en un mundo de incertidumbre - GYS NOTICIAS |<\/title>\n<meta name=\"robots\" content=\"index, follow, max-snippet:-1, max-image-preview:large, max-video-preview:-1\" \/>\n<link rel=\"canonical\" href=\"https:\/\/gysfm.com.ar\/inicio\/ser-lider-en-un-mundo-de-incertidumbre\/\" \/>\n<meta property=\"og:locale\" content=\"es_ES\" \/>\n<meta property=\"og:type\" content=\"article\" \/>\n<meta property=\"og:title\" content=\"Ser l\u00edder en un mundo de incertidumbre - GYS NOTICIAS |\" \/>\n<meta property=\"og:description\" content=\"En un mundo donde todo cambia r\u00e1pido, ser l\u00edder es cada vez m\u00e1s desafiante. En el principio del camino, la formaci\u00f3n acad\u00e9mica es fundamental, pero no suficiente. Es la base, la condici\u00f3n necesaria. Pero lo que realmente marca la diferencia ocurre despu\u00e9s, en el trabajo, en la experiencia y, sobre todo, en la especializaci\u00f3n. Hoy, [&hellip;]\" \/>\n<meta property=\"og:url\" content=\"https:\/\/gysfm.com.ar\/inicio\/ser-lider-en-un-mundo-de-incertidumbre\/\" \/>\n<meta property=\"og:site_name\" content=\"GYS NOTICIAS |\" \/>\n<meta property=\"article:published_time\" content=\"2026-04-27T20:10:23+00:00\" \/>\n<meta name=\"author\" content=\"Prensa G&amp;S FM\" \/>\n<meta name=\"twitter:card\" content=\"summary_large_image\" \/>\n<meta name=\"twitter:label1\" content=\"Escrito por\" \/>\n\t<meta name=\"twitter:data1\" content=\"Prensa G&amp;S FM\" \/>\n\t<meta name=\"twitter:label2\" content=\"Tiempo de lectura\" \/>\n\t<meta name=\"twitter:data2\" content=\"4 minutos\" \/>\n<script type=\"application\/ld+json\" class=\"yoast-schema-graph\">{\"@context\":\"https:\/\/schema.org\",\"@graph\":[{\"@type\":\"Article\",\"@id\":\"https:\/\/gysfm.com.ar\/inicio\/ser-lider-en-un-mundo-de-incertidumbre\/#article\",\"isPartOf\":{\"@id\":\"https:\/\/gysfm.com.ar\/inicio\/ser-lider-en-un-mundo-de-incertidumbre\/\"},\"author\":{\"name\":\"Prensa G&amp;S FM\",\"@id\":\"https:\/\/gysfm.com.ar\/inicio\/#\/schema\/person\/3abba7593ef2ad19e1be221d54383dc5\"},\"headline\":\"Ser l\u00edder en un mundo de incertidumbre\",\"datePublished\":\"2026-04-27T20:10:23+00:00\",\"mainEntityOfPage\":{\"@id\":\"https:\/\/gysfm.com.ar\/inicio\/ser-lider-en-un-mundo-de-incertidumbre\/\"},\"wordCount\":709,\"publisher\":{\"@id\":\"https:\/\/gysfm.com.ar\/inicio\/#organization\"},\"image\":{\"@id\":\"https:\/\/gysfm.com.ar\/inicio\/ser-lider-en-un-mundo-de-incertidumbre\/#primaryimage\"},\"thumbnailUrl\":\"https:\/\/gysfm.com.ar\/inicio\/wp-content\/uploads\/2026\/04\/liderazgo-2114027.jpg\",\"articleSection\":[\"NACIONALES\"],\"inLanguage\":\"es\"},{\"@type\":\"WebPage\",\"@id\":\"https:\/\/gysfm.com.ar\/inicio\/ser-lider-en-un-mundo-de-incertidumbre\/\",\"url\":\"https:\/\/gysfm.com.ar\/inicio\/ser-lider-en-un-mundo-de-incertidumbre\/\",\"name\":\"Ser l\u00edder en un mundo de incertidumbre - GYS NOTICIAS |\",\"isPartOf\":{\"@id\":\"https:\/\/gysfm.com.ar\/inicio\/#website\"},\"primaryImageOfPage\":{\"@id\":\"https:\/\/gysfm.com.ar\/inicio\/ser-lider-en-un-mundo-de-incertidumbre\/#primaryimage\"},\"image\":{\"@id\":\"https:\/\/gysfm.com.ar\/inicio\/ser-lider-en-un-mundo-de-incertidumbre\/#primaryimage\"},\"thumbnailUrl\":\"https:\/\/gysfm.com.ar\/inicio\/wp-content\/uploads\/2026\/04\/liderazgo-2114027.jpg\",\"datePublished\":\"2026-04-27T20:10:23+00:00\",\"breadcrumb\":{\"@id\":\"https:\/\/gysfm.com.ar\/inicio\/ser-lider-en-un-mundo-de-incertidumbre\/#breadcrumb\"},\"inLanguage\":\"es\",\"potentialAction\":[{\"@type\":\"ReadAction\",\"target\":[\"https:\/\/gysfm.com.ar\/inicio\/ser-lider-en-un-mundo-de-incertidumbre\/\"]}]},{\"@type\":\"ImageObject\",\"inLanguage\":\"es\",\"@id\":\"https:\/\/gysfm.com.ar\/inicio\/ser-lider-en-un-mundo-de-incertidumbre\/#primaryimage\",\"url\":\"https:\/\/gysfm.com.ar\/inicio\/wp-content\/uploads\/2026\/04\/liderazgo-2114027.jpg\",\"contentUrl\":\"https:\/\/gysfm.com.ar\/inicio\/wp-content\/uploads\/2026\/04\/liderazgo-2114027.jpg\",\"width\":1140,\"height\":641},{\"@type\":\"BreadcrumbList\",\"@id\":\"https:\/\/gysfm.com.ar\/inicio\/ser-lider-en-un-mundo-de-incertidumbre\/#breadcrumb\",\"itemListElement\":[{\"@type\":\"ListItem\",\"position\":1,\"name\":\"Portada\",\"item\":\"https:\/\/gysfm.com.ar\/inicio\/\"},{\"@type\":\"ListItem\",\"position\":2,\"name\":\"Ser l\u00edder en un mundo de incertidumbre\"}]},{\"@type\":\"WebSite\",\"@id\":\"https:\/\/gysfm.com.ar\/inicio\/#website\",\"url\":\"https:\/\/gysfm.com.ar\/inicio\/\",\"name\":\"GYS NOTICIAS |\",\"description\":\"DIARIO - RADIO ONLINE SAN JUAN ARGENTINA\",\"publisher\":{\"@id\":\"https:\/\/gysfm.com.ar\/inicio\/#organization\"},\"potentialAction\":[{\"@type\":\"SearchAction\",\"target\":{\"@type\":\"EntryPoint\",\"urlTemplate\":\"https:\/\/gysfm.com.ar\/inicio\/?s={search_term_string}\"},\"query-input\":{\"@type\":\"PropertyValueSpecification\",\"valueRequired\":true,\"valueName\":\"search_term_string\"}}],\"inLanguage\":\"es\"},{\"@type\":\"Organization\",\"@id\":\"https:\/\/gysfm.com.ar\/inicio\/#organization\",\"name\":\"GYS NOTICIAS |\",\"url\":\"https:\/\/gysfm.com.ar\/inicio\/\",\"logo\":{\"@type\":\"ImageObject\",\"inLanguage\":\"es\",\"@id\":\"https:\/\/gysfm.com.ar\/inicio\/#\/schema\/logo\/image\/\",\"url\":\"https:\/\/gysfm.com.ar\/inicio\/wp-content\/uploads\/2023\/07\/LOGOGYS-OK.png\",\"contentUrl\":\"https:\/\/gysfm.com.ar\/inicio\/wp-content\/uploads\/2023\/07\/LOGOGYS-OK.png\",\"width\":1170,\"height\":872,\"caption\":\"GYS NOTICIAS |\"},\"image\":{\"@id\":\"https:\/\/gysfm.com.ar\/inicio\/#\/schema\/logo\/image\/\"}},{\"@type\":\"Person\",\"@id\":\"https:\/\/gysfm.com.ar\/inicio\/#\/schema\/person\/3abba7593ef2ad19e1be221d54383dc5\",\"name\":\"Prensa G&amp;S FM\",\"image\":{\"@type\":\"ImageObject\",\"inLanguage\":\"es\",\"@id\":\"https:\/\/gysfm.com.ar\/inicio\/#\/schema\/person\/image\/\",\"url\":\"https:\/\/secure.gravatar.com\/avatar\/096ec78df02049ab018702bb4ccedf659377fa92a26540b5247612077a0dbd29?s=96&d=mm&r=g\",\"contentUrl\":\"https:\/\/secure.gravatar.com\/avatar\/096ec78df02049ab018702bb4ccedf659377fa92a26540b5247612077a0dbd29?s=96&d=mm&r=g\",\"caption\":\"Prensa G&amp;S FM\"},\"sameAs\":[\"https:\/\/gysfm.com.ar\/\"],\"url\":\"https:\/\/gysfm.com.ar\/inicio\/author\/lucasm\/\"}]}<\/script>\n<!-- \/ Yoast SEO plugin. -->","yoast_head_json":{"title":"Ser l\u00edder en un mundo de incertidumbre - GYS NOTICIAS |","robots":{"index":"index","follow":"follow","max-snippet":"max-snippet:-1","max-image-preview":"max-image-preview:large","max-video-preview":"max-video-preview:-1"},"canonical":"https:\/\/gysfm.com.ar\/inicio\/ser-lider-en-un-mundo-de-incertidumbre\/","og_locale":"es_ES","og_type":"article","og_title":"Ser l\u00edder en un mundo de incertidumbre - GYS NOTICIAS |","og_description":"En un mundo donde todo cambia r\u00e1pido, ser l\u00edder es cada vez m\u00e1s desafiante. En el principio del camino, la formaci\u00f3n acad\u00e9mica es fundamental, pero no suficiente. Es la base, la condici\u00f3n necesaria. Pero lo que realmente marca la diferencia ocurre despu\u00e9s, en el trabajo, en la experiencia y, sobre todo, en la especializaci\u00f3n. Hoy, [&hellip;]","og_url":"https:\/\/gysfm.com.ar\/inicio\/ser-lider-en-un-mundo-de-incertidumbre\/","og_site_name":"GYS NOTICIAS |","article_published_time":"2026-04-27T20:10:23+00:00","author":"Prensa G&amp;S FM","twitter_card":"summary_large_image","twitter_misc":{"Escrito por":"Prensa G&amp;S FM","Tiempo de lectura":"4 minutos"},"schema":{"@context":"https:\/\/schema.org","@graph":[{"@type":"Article","@id":"https:\/\/gysfm.com.ar\/inicio\/ser-lider-en-un-mundo-de-incertidumbre\/#article","isPartOf":{"@id":"https:\/\/gysfm.com.ar\/inicio\/ser-lider-en-un-mundo-de-incertidumbre\/"},"author":{"name":"Prensa G&amp;S FM","@id":"https:\/\/gysfm.com.ar\/inicio\/#\/schema\/person\/3abba7593ef2ad19e1be221d54383dc5"},"headline":"Ser l\u00edder en un mundo de incertidumbre","datePublished":"2026-04-27T20:10:23+00:00","mainEntityOfPage":{"@id":"https:\/\/gysfm.com.ar\/inicio\/ser-lider-en-un-mundo-de-incertidumbre\/"},"wordCount":709,"publisher":{"@id":"https:\/\/gysfm.com.ar\/inicio\/#organization"},"image":{"@id":"https:\/\/gysfm.com.ar\/inicio\/ser-lider-en-un-mundo-de-incertidumbre\/#primaryimage"},"thumbnailUrl":"https:\/\/gysfm.com.ar\/inicio\/wp-content\/uploads\/2026\/04\/liderazgo-2114027.jpg","articleSection":["NACIONALES"],"inLanguage":"es"},{"@type":"WebPage","@id":"https:\/\/gysfm.com.ar\/inicio\/ser-lider-en-un-mundo-de-incertidumbre\/","url":"https:\/\/gysfm.com.ar\/inicio\/ser-lider-en-un-mundo-de-incertidumbre\/","name":"Ser l\u00edder en un mundo de incertidumbre - GYS NOTICIAS |","isPartOf":{"@id":"https:\/\/gysfm.com.ar\/inicio\/#website"},"primaryImageOfPage":{"@id":"https:\/\/gysfm.com.ar\/inicio\/ser-lider-en-un-mundo-de-incertidumbre\/#primaryimage"},"image":{"@id":"https:\/\/gysfm.com.ar\/inicio\/ser-lider-en-un-mundo-de-incertidumbre\/#primaryimage"},"thumbnailUrl":"https:\/\/gysfm.com.ar\/inicio\/wp-content\/uploads\/2026\/04\/liderazgo-2114027.jpg","datePublished":"2026-04-27T20:10:23+00:00","breadcrumb":{"@id":"https:\/\/gysfm.com.ar\/inicio\/ser-lider-en-un-mundo-de-incertidumbre\/#breadcrumb"},"inLanguage":"es","potentialAction":[{"@type":"ReadAction","target":["https:\/\/gysfm.com.ar\/inicio\/ser-lider-en-un-mundo-de-incertidumbre\/"]}]},{"@type":"ImageObject","inLanguage":"es","@id":"https:\/\/gysfm.com.ar\/inicio\/ser-lider-en-un-mundo-de-incertidumbre\/#primaryimage","url":"https:\/\/gysfm.com.ar\/inicio\/wp-content\/uploads\/2026\/04\/liderazgo-2114027.jpg","contentUrl":"https:\/\/gysfm.com.ar\/inicio\/wp-content\/uploads\/2026\/04\/liderazgo-2114027.jpg","width":1140,"height":641},{"@type":"BreadcrumbList","@id":"https:\/\/gysfm.com.ar\/inicio\/ser-lider-en-un-mundo-de-incertidumbre\/#breadcrumb","itemListElement":[{"@type":"ListItem","position":1,"name":"Portada","item":"https:\/\/gysfm.com.ar\/inicio\/"},{"@type":"ListItem","position":2,"name":"Ser l\u00edder en un mundo de incertidumbre"}]},{"@type":"WebSite","@id":"https:\/\/gysfm.com.ar\/inicio\/#website","url":"https:\/\/gysfm.com.ar\/inicio\/","name":"GYS NOTICIAS |","description":"DIARIO - RADIO ONLINE SAN JUAN ARGENTINA","publisher":{"@id":"https:\/\/gysfm.com.ar\/inicio\/#organization"},"potentialAction":[{"@type":"SearchAction","target":{"@type":"EntryPoint","urlTemplate":"https:\/\/gysfm.com.ar\/inicio\/?s={search_term_string}"},"query-input":{"@type":"PropertyValueSpecification","valueRequired":true,"valueName":"search_term_string"}}],"inLanguage":"es"},{"@type":"Organization","@id":"https:\/\/gysfm.com.ar\/inicio\/#organization","name":"GYS NOTICIAS |","url":"https:\/\/gysfm.com.ar\/inicio\/","logo":{"@type":"ImageObject","inLanguage":"es","@id":"https:\/\/gysfm.com.ar\/inicio\/#\/schema\/logo\/image\/","url":"https:\/\/gysfm.com.ar\/inicio\/wp-content\/uploads\/2023\/07\/LOGOGYS-OK.png","contentUrl":"https:\/\/gysfm.com.ar\/inicio\/wp-content\/uploads\/2023\/07\/LOGOGYS-OK.png","width":1170,"height":872,"caption":"GYS NOTICIAS |"},"image":{"@id":"https:\/\/gysfm.com.ar\/inicio\/#\/schema\/logo\/image\/"}},{"@type":"Person","@id":"https:\/\/gysfm.com.ar\/inicio\/#\/schema\/person\/3abba7593ef2ad19e1be221d54383dc5","name":"Prensa G&amp;S FM","image":{"@type":"ImageObject","inLanguage":"es","@id":"https:\/\/gysfm.com.ar\/inicio\/#\/schema\/person\/image\/","url":"https:\/\/secure.gravatar.com\/avatar\/096ec78df02049ab018702bb4ccedf659377fa92a26540b5247612077a0dbd29?s=96&d=mm&r=g","contentUrl":"https:\/\/secure.gravatar.com\/avatar\/096ec78df02049ab018702bb4ccedf659377fa92a26540b5247612077a0dbd29?s=96&d=mm&r=g","caption":"Prensa G&amp;S FM"},"sameAs":["https:\/\/gysfm.com.ar\/"],"url":"https:\/\/gysfm.com.ar\/inicio\/author\/lucasm\/"}]}},"_links":{"self":[{"href":"https:\/\/gysfm.com.ar\/inicio\/wp-json\/wp\/v2\/posts\/193324","targetHints":{"allow":["GET"]}}],"collection":[{"href":"https:\/\/gysfm.com.ar\/inicio\/wp-json\/wp\/v2\/posts"}],"about":[{"href":"https:\/\/gysfm.com.ar\/inicio\/wp-json\/wp\/v2\/types\/post"}],"author":[{"embeddable":true,"href":"https:\/\/gysfm.com.ar\/inicio\/wp-json\/wp\/v2\/users\/2"}],"replies":[{"embeddable":true,"href":"https:\/\/gysfm.com.ar\/inicio\/wp-json\/wp\/v2\/comments?post=193324"}],"version-history":[{"count":0,"href":"https:\/\/gysfm.com.ar\/inicio\/wp-json\/wp\/v2\/posts\/193324\/revisions"}],"wp:featuredmedia":[{"embeddable":true,"href":"https:\/\/gysfm.com.ar\/inicio\/wp-json\/wp\/v2\/media\/193325"}],"wp:attachment":[{"href":"https:\/\/gysfm.com.ar\/inicio\/wp-json\/wp\/v2\/media?parent=193324"}],"wp:term":[{"taxonomy":"category","embeddable":true,"href":"https:\/\/gysfm.com.ar\/inicio\/wp-json\/wp\/v2\/categories?post=193324"},{"taxonomy":"post_tag","embeddable":true,"href":"https:\/\/gysfm.com.ar\/inicio\/wp-json\/wp\/v2\/tags?post=193324"}],"curies":[{"name":"wp","href":"https:\/\/api.w.org\/{rel}","templated":true}]}}