{"id":193322,"date":"2026-04-27T16:35:39","date_gmt":"2026-04-27T19:35:39","guid":{"rendered":"https:\/\/gysfm.com.ar\/inicio\/por-que-persisten-las-favelas-en-brasil\/"},"modified":"2026-04-27T16:35:39","modified_gmt":"2026-04-27T19:35:39","slug":"por-que-persisten-las-favelas-en-brasil","status":"publish","type":"post","link":"https:\/\/gysfm.com.ar\/inicio\/por-que-persisten-las-favelas-en-brasil\/","title":{"rendered":"Por qu\u00e9 persisten las favelas en Brasil"},"content":{"rendered":"<p><\/p>\n<div id=\"article-content\">\n<p>S\u00c3O PAULO\u2014 La respuesta pol\u00edtica est\u00e1ndar ante los asentamientos informales \u2014reubicar a la gente, demoler el asentamiento y construir viviendas p\u00fablicas en otro lugar\u2014 es m\u00e1s antigua que los propios asentamientos. <strong>Nunca ha funcionado.<\/strong><\/p>\n<p>La l\u00f3gica parece sencilla. Los asentamientos se ven como insalubres, inseguros y visualmente discordantes. Si se quiere construir una ciudad moderna y ordenada, se deben eliminar. Pero la gente no vive en asentamientos por elecci\u00f3n. Lo hacen porque no hay alternativas asequibles cerca de sus trabajos y servicios esenciales. <strong>Destruir sus hogares sin abordar las condiciones que los llevaron all\u00ed simplemente traslada el problema a un lugar diferente, a menudo peor.<\/strong><\/p>\n<p>La experiencia lo confirma. Entre 1968 y 1975, el gobierno militar de Brasil lanz\u00f3 una agresiva campa\u00f1a de demolici\u00f3n de favelas en R\u00edo de Janeiro, obligando a casi 50.000 familias a trasladarse a proyectos de vivienda en la periferia de la ciudad. Los residentes de la favela Catacumba, que albergaba a casi 15.000 personas en una zona privilegiada de Lagoa antes de su destrucci\u00f3n en 1970, <strong>experimentaron una disminuci\u00f3n de los ingresos familiares, mayores costos de transporte y un menor acceso a empleos tras su reubicaci\u00f3n.<\/strong> Mientras tanto, la poblaci\u00f3n total de las favelas sigui\u00f3 creciendo.<\/p>\n<div class=\"subscription\">\n<p>\n        Esto no les gusta a los autoritarios\n    <\/p>\n<div class=\"subscription__container\">\n<div class=\"subscription__text-wrapper\">\n<p>\n                El ejercicio del periodismo profesional y cr\u00edtico es un pilar fundamental de la democracia. Por eso molesta a quienes creen ser los due\u00f1os de la verdad.\n            <\/p>\n<\/p><\/div><\/div>\n<\/div>\n<p>Un patr\u00f3n similar se ha documentado en Ad\u00eds Abeba, Lagos y Bombay, donde los asentamientos eliminados en un lugar simplemente reaparecen en otro, a menudo cerca. Incluso cuando se abandon\u00f3 la erradicaci\u00f3n como pol\u00edtica oficial, como en Brasil, <strong>siguieron surgiendo nuevos asentamientos informales.<\/strong><\/p>\n<p class=\"destacadoNota\"><a target=\"_blank\" href=\"https:\/\/www.perfil.com\/noticias\/opinion\/democracia-en-peligro-el-modelo-economico-que-alimenta-al-autoritarismo.phtml\">Democracia en peligro: el modelo econ\u00f3mico que alimenta al autoritarismo<\/a><\/p>\n<p>En una nueva investigaci\u00f3n, junto a mis coautores Pedro Cavalcanti y Alexander Monge-Naranjo, examinamos el surgimiento y la persistencia de las favelas en Brasil utilizando datos detallados sobre mercados laborales, vivienda y educaci\u00f3n. Encontramos que los asentamientos no son simples trampas de pobreza; <strong>bajo las condiciones adecuadas, tambi\u00e9n pueden ser trampolines.<\/strong><\/p>\n<p>Para las familias con niveles educativos muy bajos, las favelas pueden proporcionar un punto de entrada a la vida econ\u00f3mica urbana. En comparaci\u00f3n con las zonas rurales, ofrecen un mejor acceso a empleos y escuelas. Pero la calidad de esas escuelas sigue siendo deficiente, por lo que a medida que los hogares acumulan educaci\u00f3n, el asentamiento se convierte en una limitaci\u00f3n. En pocas palabras, <strong>las favelas pueden ayudar a los hogares a subir los primeros pelda\u00f1os de la escalera econ\u00f3mica, pero les impiden seguir ascendiendo.<\/strong><\/p>\n<p>Si bien algunos hogares logran mejorar su situaci\u00f3n econ\u00f3mica lo suficiente como para abandonar los asentamientos, muchos \u2014a menudo aquellos con niveles de educaci\u00f3n intermedios\u2014 no lo hacen. Y siempre est\u00e1n llegando m\u00e1s hogares rurales con baja formaci\u00f3n, motivados por el deseo de mejorar las perspectivas educativas de sus hijos. De hecho, nuestra investigaci\u00f3n muestra que <strong>la escolarizaci\u00f3n desempe\u00f1a un papel clave en la formaci\u00f3n de asentamientos: los hogares con pocos a\u00f1os de estudio quieren que sus hijos tengan vidas mejores, pero no pueden permitirse vivir en las ciudades.<\/strong><\/p>\n<p>Estos hallazgos ayudan a explicar por qu\u00e9 los asentamientos persisten a pesar de las oportunidades econ\u00f3micas que brindan. No son comunidades est\u00e1ticas. <strong>Las favelas son sistemas din\u00e1micos que se renuevan continuamente.<\/strong> En lugar de intentar eliminarlas mediante demoliciones y reubicaciones forzosas \u2014una receta para el fracaso\u2014, los responsables pol\u00edticos deber\u00edan abordar los desajustes m\u00e1s profundos entre la proximidad al empleo, la asequibilidad de la vivienda y el acceso a una educaci\u00f3n de calidad.<\/p>\n<p class=\"destacadoNota\"><a target=\"_blank\" href=\"https:\/\/www.perfil.com\/noticias\/opinion\/la-era-del-desorden-global-por-que-las-viejas-reglas-del-juego-ya-no-funcionan-en-un-mundo-en-crisis.phtml\">La era del desorden global: por qu\u00e9 las viejas reglas del juego ya no funcionan en un mundo en crisis<\/a><\/p>\n<p>Para ello, es esencial mejorar las escuelas dentro de los asentamientos, aunque esto pueda atraer a nuevos migrantes, haciendo que crezcan. Los pa\u00edses en etapas tempranas de desarrollo deber\u00edan, por tanto, <strong>dar alta prioridad a la mejora de las escuelas rurales, para que la migraci\u00f3n a las ciudades refleje oportunidad y no desesperaci\u00f3n.<\/strong> Los migrantes mejor preparados tienen m\u00e1s probabilidades de entrar en mercados de vivienda formales.<\/p>\n<p>A medida que progresa la urbanizaci\u00f3n, el \u00e9nfasis debe pasar a integrar a los residentes de los asentamientos en la econom\u00eda formal, especialmente logrando que sus hijos accedan a escuelas de mayor calidad. <strong>Tales pol\u00edticas deben mantenerse a trav\u00e9s de las generaciones para permitir que los hogares acumulen suficiente capital humano para sostener la movilidad ascendente.<\/strong><\/p>\n<p>Pero la educaci\u00f3n es solo el primer paso. Si la vivienda urbana formal sigue teniendo precios prohibitivos, incluso las familias con movilidad ascendente tendr\u00e1n dificultades para dejar atr\u00e1s los asentamientos. Debido a que el mercado no suministra viviendas asequibles donde se necesitan, <strong>los gobiernos deben intervenir con una estrategia coherente que tenga en cuenta tanto la educaci\u00f3n como la vivienda.<\/strong><\/p>\n<p>Los asentamientos persisten no porque sean deseables, sino porque son necesarios. Mientras la gente carezca de mejores opciones, seguir\u00e1n floreciendo. La tarea de los responsables pol\u00edticos no es eliminar las favelas por decreto, sino <strong>lograr que queden obsoletas con el tiempo promoviendo las oportunidades educativas y la integraci\u00f3n espacial que sus residentes necesitan.<\/strong><\/p>\n<p><strong><em>(*) Luciene Pereira es profesora adjunta de Econom\u00eda en la Escuela de Econom\u00eda de S\u00e3o Paulo de la Fundaci\u00f3n Getulio Vargas.<\/em><\/strong><\/p>\n<\/p><\/div>\n<p><script>\n                !function(f,b,e,v,n,t,s)\n                {if(f.fbq)return;n=f.fbq=function(){n.callMethod?\n                    n.callMethod.apply(n,arguments):n.queue.push(arguments)};\n                    if(!f._fbq)f._fbq=n;n.push=n;n.loaded=!0;n.version='2.0';\n                    n.queue=[];t=b.createElement(e);t.async=!0;\n                    t.src=v;s=b.getElementsByTagName(e)[0];\n                    s.parentNode.insertBefore(t,s)}(window, document,'script',\n                    'https:\/\/connect.facebook.net\/en_US\/fbevents.js');\n                window.paywallConfig.facebook_pixel=\"1000228364089342\"\n            <\/script><\/p>\n","protected":false},"excerpt":{"rendered":"<p>S\u00c3O PAULO\u2014 La respuesta pol\u00edtica est\u00e1ndar ante los asentamientos informales \u2014reubicar a la gente, demoler el asentamiento y construir viviendas p\u00fablicas en otro lugar\u2014 es m\u00e1s antigua que los propios asentamientos. Nunca ha funcionado. La l\u00f3gica parece sencilla. Los asentamientos se ven como insalubres, inseguros y visualmente discordantes. Si se quiere construir una ciudad moderna [&hellip;]<\/p>\n","protected":false},"author":2,"featured_media":193323,"comment_status":"closed","ping_status":"closed","sticky":false,"template":"","format":"standard","meta":{"footnotes":""},"categories":[25],"tags":[],"class_list":["post-193322","post","type-post","status-publish","format-standard","has-post-thumbnail","hentry","category-nacionales"],"yoast_head":"<!-- This site is optimized with the Yoast SEO plugin v24.4 - https:\/\/yoast.com\/wordpress\/plugins\/seo\/ -->\n<title>Por qu\u00e9 persisten las favelas en Brasil - GYS NOTICIAS |<\/title>\n<meta name=\"robots\" content=\"index, follow, max-snippet:-1, max-image-preview:large, max-video-preview:-1\" \/>\n<link rel=\"canonical\" href=\"https:\/\/gysfm.com.ar\/inicio\/por-que-persisten-las-favelas-en-brasil\/\" \/>\n<meta property=\"og:locale\" content=\"es_ES\" \/>\n<meta property=\"og:type\" content=\"article\" \/>\n<meta property=\"og:title\" content=\"Por qu\u00e9 persisten las favelas en Brasil - GYS NOTICIAS |\" \/>\n<meta property=\"og:description\" content=\"S\u00c3O PAULO\u2014 La respuesta pol\u00edtica est\u00e1ndar ante los asentamientos informales \u2014reubicar a la gente, demoler el asentamiento y construir viviendas p\u00fablicas en otro lugar\u2014 es m\u00e1s antigua que los propios asentamientos. Nunca ha funcionado. La l\u00f3gica parece sencilla. Los asentamientos se ven como insalubres, inseguros y visualmente discordantes. Si se quiere construir una ciudad moderna [&hellip;]\" \/>\n<meta property=\"og:url\" content=\"https:\/\/gysfm.com.ar\/inicio\/por-que-persisten-las-favelas-en-brasil\/\" \/>\n<meta property=\"og:site_name\" content=\"GYS NOTICIAS |\" \/>\n<meta property=\"article:published_time\" content=\"2026-04-27T19:35:39+00:00\" \/>\n<meta name=\"author\" content=\"Prensa G&amp;S FM\" \/>\n<meta name=\"twitter:card\" content=\"summary_large_image\" \/>\n<meta name=\"twitter:label1\" content=\"Escrito por\" \/>\n\t<meta name=\"twitter:data1\" content=\"Prensa G&amp;S FM\" \/>\n\t<meta name=\"twitter:label2\" content=\"Tiempo de lectura\" \/>\n\t<meta name=\"twitter:data2\" content=\"5 minutos\" \/>\n<script type=\"application\/ld+json\" class=\"yoast-schema-graph\">{\"@context\":\"https:\/\/schema.org\",\"@graph\":[{\"@type\":\"Article\",\"@id\":\"https:\/\/gysfm.com.ar\/inicio\/por-que-persisten-las-favelas-en-brasil\/#article\",\"isPartOf\":{\"@id\":\"https:\/\/gysfm.com.ar\/inicio\/por-que-persisten-las-favelas-en-brasil\/\"},\"author\":{\"name\":\"Prensa G&amp;S FM\",\"@id\":\"https:\/\/gysfm.com.ar\/inicio\/#\/schema\/person\/3abba7593ef2ad19e1be221d54383dc5\"},\"headline\":\"Por qu\u00e9 persisten las favelas en Brasil\",\"datePublished\":\"2026-04-27T19:35:39+00:00\",\"mainEntityOfPage\":{\"@id\":\"https:\/\/gysfm.com.ar\/inicio\/por-que-persisten-las-favelas-en-brasil\/\"},\"wordCount\":931,\"publisher\":{\"@id\":\"https:\/\/gysfm.com.ar\/inicio\/#organization\"},\"image\":{\"@id\":\"https:\/\/gysfm.com.ar\/inicio\/por-que-persisten-las-favelas-en-brasil\/#primaryimage\"},\"thumbnailUrl\":\"https:\/\/gysfm.com.ar\/inicio\/wp-content\/uploads\/2026\/04\/brasil-operacion-contencion-en-la-favela-vila-cruzeiro-28102025-2127223.jpg\",\"articleSection\":[\"NACIONALES\"],\"inLanguage\":\"es\"},{\"@type\":\"WebPage\",\"@id\":\"https:\/\/gysfm.com.ar\/inicio\/por-que-persisten-las-favelas-en-brasil\/\",\"url\":\"https:\/\/gysfm.com.ar\/inicio\/por-que-persisten-las-favelas-en-brasil\/\",\"name\":\"Por qu\u00e9 persisten las favelas en Brasil - GYS NOTICIAS |\",\"isPartOf\":{\"@id\":\"https:\/\/gysfm.com.ar\/inicio\/#website\"},\"primaryImageOfPage\":{\"@id\":\"https:\/\/gysfm.com.ar\/inicio\/por-que-persisten-las-favelas-en-brasil\/#primaryimage\"},\"image\":{\"@id\":\"https:\/\/gysfm.com.ar\/inicio\/por-que-persisten-las-favelas-en-brasil\/#primaryimage\"},\"thumbnailUrl\":\"https:\/\/gysfm.com.ar\/inicio\/wp-content\/uploads\/2026\/04\/brasil-operacion-contencion-en-la-favela-vila-cruzeiro-28102025-2127223.jpg\",\"datePublished\":\"2026-04-27T19:35:39+00:00\",\"breadcrumb\":{\"@id\":\"https:\/\/gysfm.com.ar\/inicio\/por-que-persisten-las-favelas-en-brasil\/#breadcrumb\"},\"inLanguage\":\"es\",\"potentialAction\":[{\"@type\":\"ReadAction\",\"target\":[\"https:\/\/gysfm.com.ar\/inicio\/por-que-persisten-las-favelas-en-brasil\/\"]}]},{\"@type\":\"ImageObject\",\"inLanguage\":\"es\",\"@id\":\"https:\/\/gysfm.com.ar\/inicio\/por-que-persisten-las-favelas-en-brasil\/#primaryimage\",\"url\":\"https:\/\/gysfm.com.ar\/inicio\/wp-content\/uploads\/2026\/04\/brasil-operacion-contencion-en-la-favela-vila-cruzeiro-28102025-2127223.jpg\",\"contentUrl\":\"https:\/\/gysfm.com.ar\/inicio\/wp-content\/uploads\/2026\/04\/brasil-operacion-contencion-en-la-favela-vila-cruzeiro-28102025-2127223.jpg\",\"width\":1140,\"height\":641},{\"@type\":\"BreadcrumbList\",\"@id\":\"https:\/\/gysfm.com.ar\/inicio\/por-que-persisten-las-favelas-en-brasil\/#breadcrumb\",\"itemListElement\":[{\"@type\":\"ListItem\",\"position\":1,\"name\":\"Portada\",\"item\":\"https:\/\/gysfm.com.ar\/inicio\/\"},{\"@type\":\"ListItem\",\"position\":2,\"name\":\"Por qu\u00e9 persisten las favelas en Brasil\"}]},{\"@type\":\"WebSite\",\"@id\":\"https:\/\/gysfm.com.ar\/inicio\/#website\",\"url\":\"https:\/\/gysfm.com.ar\/inicio\/\",\"name\":\"GYS NOTICIAS |\",\"description\":\"DIARIO - RADIO ONLINE SAN JUAN ARGENTINA\",\"publisher\":{\"@id\":\"https:\/\/gysfm.com.ar\/inicio\/#organization\"},\"potentialAction\":[{\"@type\":\"SearchAction\",\"target\":{\"@type\":\"EntryPoint\",\"urlTemplate\":\"https:\/\/gysfm.com.ar\/inicio\/?s={search_term_string}\"},\"query-input\":{\"@type\":\"PropertyValueSpecification\",\"valueRequired\":true,\"valueName\":\"search_term_string\"}}],\"inLanguage\":\"es\"},{\"@type\":\"Organization\",\"@id\":\"https:\/\/gysfm.com.ar\/inicio\/#organization\",\"name\":\"GYS NOTICIAS |\",\"url\":\"https:\/\/gysfm.com.ar\/inicio\/\",\"logo\":{\"@type\":\"ImageObject\",\"inLanguage\":\"es\",\"@id\":\"https:\/\/gysfm.com.ar\/inicio\/#\/schema\/logo\/image\/\",\"url\":\"https:\/\/gysfm.com.ar\/inicio\/wp-content\/uploads\/2023\/07\/LOGOGYS-OK.png\",\"contentUrl\":\"https:\/\/gysfm.com.ar\/inicio\/wp-content\/uploads\/2023\/07\/LOGOGYS-OK.png\",\"width\":1170,\"height\":872,\"caption\":\"GYS NOTICIAS |\"},\"image\":{\"@id\":\"https:\/\/gysfm.com.ar\/inicio\/#\/schema\/logo\/image\/\"}},{\"@type\":\"Person\",\"@id\":\"https:\/\/gysfm.com.ar\/inicio\/#\/schema\/person\/3abba7593ef2ad19e1be221d54383dc5\",\"name\":\"Prensa G&amp;S FM\",\"image\":{\"@type\":\"ImageObject\",\"inLanguage\":\"es\",\"@id\":\"https:\/\/gysfm.com.ar\/inicio\/#\/schema\/person\/image\/\",\"url\":\"https:\/\/secure.gravatar.com\/avatar\/096ec78df02049ab018702bb4ccedf659377fa92a26540b5247612077a0dbd29?s=96&d=mm&r=g\",\"contentUrl\":\"https:\/\/secure.gravatar.com\/avatar\/096ec78df02049ab018702bb4ccedf659377fa92a26540b5247612077a0dbd29?s=96&d=mm&r=g\",\"caption\":\"Prensa G&amp;S FM\"},\"sameAs\":[\"https:\/\/gysfm.com.ar\/\"],\"url\":\"https:\/\/gysfm.com.ar\/inicio\/author\/lucasm\/\"}]}<\/script>\n<!-- \/ Yoast SEO plugin. -->","yoast_head_json":{"title":"Por qu\u00e9 persisten las favelas en Brasil - GYS NOTICIAS |","robots":{"index":"index","follow":"follow","max-snippet":"max-snippet:-1","max-image-preview":"max-image-preview:large","max-video-preview":"max-video-preview:-1"},"canonical":"https:\/\/gysfm.com.ar\/inicio\/por-que-persisten-las-favelas-en-brasil\/","og_locale":"es_ES","og_type":"article","og_title":"Por qu\u00e9 persisten las favelas en Brasil - GYS NOTICIAS |","og_description":"S\u00c3O PAULO\u2014 La respuesta pol\u00edtica est\u00e1ndar ante los asentamientos informales \u2014reubicar a la gente, demoler el asentamiento y construir viviendas p\u00fablicas en otro lugar\u2014 es m\u00e1s antigua que los propios asentamientos. Nunca ha funcionado. La l\u00f3gica parece sencilla. Los asentamientos se ven como insalubres, inseguros y visualmente discordantes. Si se quiere construir una ciudad moderna [&hellip;]","og_url":"https:\/\/gysfm.com.ar\/inicio\/por-que-persisten-las-favelas-en-brasil\/","og_site_name":"GYS NOTICIAS |","article_published_time":"2026-04-27T19:35:39+00:00","author":"Prensa G&amp;S FM","twitter_card":"summary_large_image","twitter_misc":{"Escrito por":"Prensa G&amp;S FM","Tiempo de lectura":"5 minutos"},"schema":{"@context":"https:\/\/schema.org","@graph":[{"@type":"Article","@id":"https:\/\/gysfm.com.ar\/inicio\/por-que-persisten-las-favelas-en-brasil\/#article","isPartOf":{"@id":"https:\/\/gysfm.com.ar\/inicio\/por-que-persisten-las-favelas-en-brasil\/"},"author":{"name":"Prensa G&amp;S FM","@id":"https:\/\/gysfm.com.ar\/inicio\/#\/schema\/person\/3abba7593ef2ad19e1be221d54383dc5"},"headline":"Por qu\u00e9 persisten las favelas en Brasil","datePublished":"2026-04-27T19:35:39+00:00","mainEntityOfPage":{"@id":"https:\/\/gysfm.com.ar\/inicio\/por-que-persisten-las-favelas-en-brasil\/"},"wordCount":931,"publisher":{"@id":"https:\/\/gysfm.com.ar\/inicio\/#organization"},"image":{"@id":"https:\/\/gysfm.com.ar\/inicio\/por-que-persisten-las-favelas-en-brasil\/#primaryimage"},"thumbnailUrl":"https:\/\/gysfm.com.ar\/inicio\/wp-content\/uploads\/2026\/04\/brasil-operacion-contencion-en-la-favela-vila-cruzeiro-28102025-2127223.jpg","articleSection":["NACIONALES"],"inLanguage":"es"},{"@type":"WebPage","@id":"https:\/\/gysfm.com.ar\/inicio\/por-que-persisten-las-favelas-en-brasil\/","url":"https:\/\/gysfm.com.ar\/inicio\/por-que-persisten-las-favelas-en-brasil\/","name":"Por qu\u00e9 persisten las favelas en Brasil - GYS NOTICIAS |","isPartOf":{"@id":"https:\/\/gysfm.com.ar\/inicio\/#website"},"primaryImageOfPage":{"@id":"https:\/\/gysfm.com.ar\/inicio\/por-que-persisten-las-favelas-en-brasil\/#primaryimage"},"image":{"@id":"https:\/\/gysfm.com.ar\/inicio\/por-que-persisten-las-favelas-en-brasil\/#primaryimage"},"thumbnailUrl":"https:\/\/gysfm.com.ar\/inicio\/wp-content\/uploads\/2026\/04\/brasil-operacion-contencion-en-la-favela-vila-cruzeiro-28102025-2127223.jpg","datePublished":"2026-04-27T19:35:39+00:00","breadcrumb":{"@id":"https:\/\/gysfm.com.ar\/inicio\/por-que-persisten-las-favelas-en-brasil\/#breadcrumb"},"inLanguage":"es","potentialAction":[{"@type":"ReadAction","target":["https:\/\/gysfm.com.ar\/inicio\/por-que-persisten-las-favelas-en-brasil\/"]}]},{"@type":"ImageObject","inLanguage":"es","@id":"https:\/\/gysfm.com.ar\/inicio\/por-que-persisten-las-favelas-en-brasil\/#primaryimage","url":"https:\/\/gysfm.com.ar\/inicio\/wp-content\/uploads\/2026\/04\/brasil-operacion-contencion-en-la-favela-vila-cruzeiro-28102025-2127223.jpg","contentUrl":"https:\/\/gysfm.com.ar\/inicio\/wp-content\/uploads\/2026\/04\/brasil-operacion-contencion-en-la-favela-vila-cruzeiro-28102025-2127223.jpg","width":1140,"height":641},{"@type":"BreadcrumbList","@id":"https:\/\/gysfm.com.ar\/inicio\/por-que-persisten-las-favelas-en-brasil\/#breadcrumb","itemListElement":[{"@type":"ListItem","position":1,"name":"Portada","item":"https:\/\/gysfm.com.ar\/inicio\/"},{"@type":"ListItem","position":2,"name":"Por qu\u00e9 persisten las favelas en Brasil"}]},{"@type":"WebSite","@id":"https:\/\/gysfm.com.ar\/inicio\/#website","url":"https:\/\/gysfm.com.ar\/inicio\/","name":"GYS NOTICIAS |","description":"DIARIO - RADIO ONLINE SAN JUAN ARGENTINA","publisher":{"@id":"https:\/\/gysfm.com.ar\/inicio\/#organization"},"potentialAction":[{"@type":"SearchAction","target":{"@type":"EntryPoint","urlTemplate":"https:\/\/gysfm.com.ar\/inicio\/?s={search_term_string}"},"query-input":{"@type":"PropertyValueSpecification","valueRequired":true,"valueName":"search_term_string"}}],"inLanguage":"es"},{"@type":"Organization","@id":"https:\/\/gysfm.com.ar\/inicio\/#organization","name":"GYS NOTICIAS |","url":"https:\/\/gysfm.com.ar\/inicio\/","logo":{"@type":"ImageObject","inLanguage":"es","@id":"https:\/\/gysfm.com.ar\/inicio\/#\/schema\/logo\/image\/","url":"https:\/\/gysfm.com.ar\/inicio\/wp-content\/uploads\/2023\/07\/LOGOGYS-OK.png","contentUrl":"https:\/\/gysfm.com.ar\/inicio\/wp-content\/uploads\/2023\/07\/LOGOGYS-OK.png","width":1170,"height":872,"caption":"GYS NOTICIAS |"},"image":{"@id":"https:\/\/gysfm.com.ar\/inicio\/#\/schema\/logo\/image\/"}},{"@type":"Person","@id":"https:\/\/gysfm.com.ar\/inicio\/#\/schema\/person\/3abba7593ef2ad19e1be221d54383dc5","name":"Prensa G&amp;S FM","image":{"@type":"ImageObject","inLanguage":"es","@id":"https:\/\/gysfm.com.ar\/inicio\/#\/schema\/person\/image\/","url":"https:\/\/secure.gravatar.com\/avatar\/096ec78df02049ab018702bb4ccedf659377fa92a26540b5247612077a0dbd29?s=96&d=mm&r=g","contentUrl":"https:\/\/secure.gravatar.com\/avatar\/096ec78df02049ab018702bb4ccedf659377fa92a26540b5247612077a0dbd29?s=96&d=mm&r=g","caption":"Prensa G&amp;S FM"},"sameAs":["https:\/\/gysfm.com.ar\/"],"url":"https:\/\/gysfm.com.ar\/inicio\/author\/lucasm\/"}]}},"_links":{"self":[{"href":"https:\/\/gysfm.com.ar\/inicio\/wp-json\/wp\/v2\/posts\/193322","targetHints":{"allow":["GET"]}}],"collection":[{"href":"https:\/\/gysfm.com.ar\/inicio\/wp-json\/wp\/v2\/posts"}],"about":[{"href":"https:\/\/gysfm.com.ar\/inicio\/wp-json\/wp\/v2\/types\/post"}],"author":[{"embeddable":true,"href":"https:\/\/gysfm.com.ar\/inicio\/wp-json\/wp\/v2\/users\/2"}],"replies":[{"embeddable":true,"href":"https:\/\/gysfm.com.ar\/inicio\/wp-json\/wp\/v2\/comments?post=193322"}],"version-history":[{"count":0,"href":"https:\/\/gysfm.com.ar\/inicio\/wp-json\/wp\/v2\/posts\/193322\/revisions"}],"wp:featuredmedia":[{"embeddable":true,"href":"https:\/\/gysfm.com.ar\/inicio\/wp-json\/wp\/v2\/media\/193323"}],"wp:attachment":[{"href":"https:\/\/gysfm.com.ar\/inicio\/wp-json\/wp\/v2\/media?parent=193322"}],"wp:term":[{"taxonomy":"category","embeddable":true,"href":"https:\/\/gysfm.com.ar\/inicio\/wp-json\/wp\/v2\/categories?post=193322"},{"taxonomy":"post_tag","embeddable":true,"href":"https:\/\/gysfm.com.ar\/inicio\/wp-json\/wp\/v2\/tags?post=193322"}],"curies":[{"name":"wp","href":"https:\/\/api.w.org\/{rel}","templated":true}]}}