{"id":193319,"date":"2026-04-27T16:31:32","date_gmt":"2026-04-27T19:31:32","guid":{"rendered":"https:\/\/gysfm.com.ar\/inicio\/empate-tecnico-en-peru-fujimori-igualaria-con-sanchez-en-el-balotaje-y-crece-la-tension-por-el-recuento\/"},"modified":"2026-04-27T16:31:33","modified_gmt":"2026-04-27T19:31:33","slug":"empate-tecnico-en-peru-fujimori-igualaria-con-sanchez-en-el-balotaje-y-crece-la-tension-por-el-recuento","status":"publish","type":"post","link":"https:\/\/gysfm.com.ar\/inicio\/empate-tecnico-en-peru-fujimori-igualaria-con-sanchez-en-el-balotaje-y-crece-la-tension-por-el-recuento\/","title":{"rendered":"Empate t\u00e9cnico en Per\u00fa: Fujimori igualar\u00eda con S\u00e1nchez en el balotaje y crece la tensi\u00f3n por el recuento"},"content":{"rendered":"<p> <br \/>\n<\/p>\n<div>\n<p class=\"com-paragraph  --capital --s\">LIMA.\u2013 La carrera hacia la segunda vuelta presidencial en <a href=\"https:\/\/www.lanacion.com.ar\/el-mundo\/el-recuento-llevara-semanas-en-peru-y-keiko-fujimori-espera-confiada-a-su-rival-es-la-gran-favorita-nid18042026\/\" target=\"_self\" title=\"https:\/\/www.lanacion.com.ar\/el-mundo\/el-recuento-llevara-semanas-en-peru-y-keiko-fujimori-espera-confiada-a-su-rival-es-la-gran-favorita-nid18042026\/\" class=\"com-link break-word\" data-mrf-recirculation=\"n_link_parrafo\">Per\u00fa<\/a> se encamina a un escenario de m\u00e1xima paridad. La candidata derechista<a href=\"https:\/\/www.lanacion.com.ar\/el-mundo\/peru-vuelve-a-elegir-presidente-y-la-violencia-impulsa-a-la-polarizadora-keiko-fujimori-en-su-cuarto-nid12042026\/\" target=\"_self\" title=\"https:\/\/www.lanacion.com.ar\/el-mundo\/peru-vuelve-a-elegir-presidente-y-la-violencia-impulsa-a-la-polarizadora-keiko-fujimori-en-su-cuarto-nid12042026\/\" class=\"com-link break-word\" data-mrf-recirculation=\"n_link_parrafo\"> <strong>Keiko Fujimori<\/strong><\/a> empatar\u00eda con el izquierdista <strong>Roberto S\u00e1nchez<\/strong> en un eventual balotaje, seg\u00fan la primera encuesta difundida tras la votaci\u00f3n, en medio de un recuento a\u00fan inconcluso, denuncias cruzadas y un clima pol\u00edtico enrarecido que vuelve a poner en tensi\u00f3n al sistema.<\/p>\n<div class=\"content-media\">\n<section role=\"button\" class=\"mod-media   \">\n<figure role=\"button\" tabindex=\"0\" class=\"mod-figure \"><figcaption class=\"mod-figcaption\"><span class=\"com-text --caption --twoxs\">Roberto S\u00e1nchez, candidato presidencial del partido Juntos por el Per\u00fa, habla durante una conferencia de prensa en Lima, Per\u00fa<\/span><span class=\"com-text --credit --twoxs\">Guadalupe Pardo &#8211; AP<\/span><\/figcaption><\/figure>\n<\/section>\n<\/div>\n<p class=\"com-paragraph   --s\">El sondeo de Ipsos Per\u00fa, realizado entre el 23 y 24 de abril y publicado por <em>Per\u00fa.21<\/em>, se\u00f1ala que ambos candidatos obtendr\u00edan un <strong>38% de los votos<\/strong> en la segunda vuelta prevista para el 7 de junio. <\/p>\n<p class=\"com-paragraph   --s\">El dato no solo refleja una contienda abierta, sino tambi\u00e9n un alto nivel de rechazo: un <strong>17%<\/strong> afirm\u00f3 que votar\u00eda en blanco, anular\u00eda su sufragio o no elegir\u00eda a ninguno de los dos, un indicador que anticipa una definici\u00f3n condicionada por el voto negativo m\u00e1s que por la adhesi\u00f3n.<\/p>\n<p class=\"com-paragraph   --s\">El empate t\u00e9cnico se inscribe dentro del margen de error del estudio (+\/-2,8%), lo que refuerza la idea de un escenario vol\u00e1til, condicionado por el llamado <strong>\u201cantivoto\u201d<\/strong> que hist\u00f3ricamente pesa sobre Fujimori y que podr\u00eda volver a definir la elecci\u00f3n . <\/p>\n<p class=\"com-paragraph   --s\">En ese terreno, la capacidad de cada candidato para captar votantes indecisos o desencantados ser\u00e1 determinante en las pr\u00f3ximas semanas, especialmente en un electorado fragmentado y con bajo nivel de identificaci\u00f3n partidaria.<\/p>\n<p class=\"com-paragraph   --s\">En paralelo, la encuesta tambi\u00e9n proyecta otros posibles cruces. Fujimori quedar\u00eda por detr\u00e1s si enfrentara al exalcalde de Lima <strong>Rafael L\u00f3pez Aliaga<\/strong>, quien alcanzar\u00eda un 34% frente al 31% de la l\u00edder de Fuerza Popular. Sin embargo, ese escenario todav\u00eda no est\u00e1 confirmado y depende de un recuento que avanza con lentitud y mantiene en suspenso la definici\u00f3n del rival.<\/p>\n<div class=\"content-media\">\n<section role=\"button\" class=\"mod-media   \">\n<figure role=\"button\" tabindex=\"0\" class=\"mod-figure \"><figcaption class=\"mod-figcaption\"><span class=\"com-text --caption --twoxs\">Rafael L\u00f3pez Aliaga, candidato presidencial del partido Renovaci\u00f3n Popular, hace el gesto de la victoria en un colegio electoral durante las elecciones generales celebradas en Lima<\/span><span class=\"com-text --credit --twoxs\">Guadalupe Pardo &#8211; AP<\/span><\/figcaption><\/figure>\n<\/section>\n<\/div>\n<p class=\"com-paragraph   --s\">La incertidumbre no es menor. Con el <strong>95,8% de los votos escrutados<\/strong>, Fujimori lidera con alrededor del <strong>17%<\/strong>, pero la disputa por el segundo lugar contin\u00faa extremadamente ajustada. <\/p>\n<p class=\"com-paragraph   --s\">S\u00e1nchez re\u00fane cerca del 12% y L\u00f3pez Aliaga el 11,9%, separados por apenas unos miles de votos en un conteo que se extendi\u00f3 m\u00e1s de lo previsto por problemas log\u00edsticos, cuestionamientos operativos y revisiones constantes.<\/p>\n<p class=\"com-paragraph   --s\">El proceso electoral, marcado por retrasos y anomal\u00edas en actas, incluy\u00f3 incluso la extensi\u00f3n de la votaci\u00f3n para miles de ciudadanos que no pudieron sufragar en la fecha original. <\/p>\n<p class=\"com-paragraph   --s\">M\u00e1s de un 5% de las actas quedaron bajo observaci\u00f3n y deber\u00e1n ser evaluadas por las autoridades electorales antes de validar el resultado final . Esa revisi\u00f3n ser\u00e1 clave no solo para definir al segundo candidato, sino tambi\u00e9n para reforzar la legitimidad del proceso en un contexto de sospechas.<\/p>\n<div class=\"content-media\">\n<section role=\"button\" class=\"mod-media   \">\n<figure role=\"button\" tabindex=\"0\" class=\"mod-figure \"><figcaption class=\"mod-figcaption\"><span class=\"com-text --caption --twoxs\">La candidata presidencial Keiko Fujimori, del partido Fuerza Popular, pronuncia un discurso durante un mitin de campa\u00f1a en el barrio de San Juan de Lurigancho<\/span><span class=\"com-text --credit --twoxs\">Martin Mejia &#8211; AP<\/span><\/figcaption><\/figure>\n<\/section>\n<\/div>\n<p class=\"com-paragraph   --s\">En ese marco, el propio <strong>L\u00f3pez Aliaga <\/strong>denunci\u00f3 un presunto fraude y pidi\u00f3 la nulidad de miles de votos, lo que tens\u00f3 a\u00fan m\u00e1s el clima pol\u00edtico. Las acusaciones se suman a una larga historia reciente de crisis institucional en el pa\u00eds, atravesado por cambios de gobierno, esc\u00e1ndalos judiciales y una persistente desconfianza hacia la dirigencia pol\u00edtica, que erosiona la estabilidad del sistema.<\/p>\n<p class=\"com-paragraph   --s\">Pese a las denuncias, observadores internacionales buscaron bajar la tensi\u00f3n. La misi\u00f3n de la <strong>Uni\u00f3n Europea<\/strong> asegur\u00f3 que no encontr\u00f3 pruebas de fraude, mientras que la <strong>Organizaci\u00f3n de los Estados Americanos (OEA)<\/strong> respald\u00f3 la decisi\u00f3n de las autoridades de continuar con el proceso y llam\u00f3 a respetar la voluntad popular, en un intento por contener la escalada pol\u00edtica y garantizar condiciones de transparencia.<\/p>\n<p class=\"com-paragraph   --s\">En este escenario, Per\u00fa vuelve a enfrentarse a una elecci\u00f3n polarizada, con candidatos que arrastran altos niveles de rechazo y un electorado fragmentado.<\/p>\n<div class=\"content-media\">\n<section role=\"button\" class=\"mod-media   \">\n<figure role=\"button\" tabindex=\"0\" class=\"mod-figure \"><figcaption class=\"mod-figcaption\"><span class=\"com-text --caption --twoxs\">Un miembro designado por el Jurado Electoral Especial analiza una papeleta durante un recuento de votos de las elecciones generales en Lima, Per\u00fa<\/span><span class=\"com-text --credit --twoxs\">Guadalupe Pardo &#8211; AP<\/span><\/figcaption><\/figure>\n<\/section>\n<\/div>\n<p class=\"com-paragraph   --s\">A la espera de los resultados oficiales, la inc\u00f3gnita ya no es solo qui\u00e9n acompa\u00f1ar\u00e1 a Fujimori en el balotaje, sino <strong>qu\u00e9 peso tendr\u00e1 el rechazo en una definici\u00f3n que, otra vez, se anticipa al l\u00edmite y con final incierto<\/strong>, en un pa\u00eds acostumbrado a resolver sus elecciones por m\u00e1rgenes m\u00ednimos.<\/p>\n<p class=\"com-paragraph   --s\"><strong>Agencia Reuters<\/strong><\/p>\n<section class=\"container-center-100 mb-40 border border-bottom border-thin border-neutral-light-700\">\n<hr\/>\n<\/section>\n<\/div>\n<p><script id=\"facebookpixel\" defer=\"\" type=\"text\/javascript\">\n        !function(f,b,e,v,n,t,s)\n        {if(f.fbq)return;n=f.fbq=function(){n.callMethod?\n        n.callMethod.apply(n,arguments):n.queue.push(arguments)};\n        if(!f._fbq)f._fbq=n;n.push=n;n.loaded=!0;n.version='2.0';\n        n.queue=[];t=b.createElement(e);t.async=!0;\n        t.src=v;s=b.getElementsByTagName(e)[0];\n        s.parentNode.insertBefore(t,s)}(window, document,'script',\n        'https:\/\/connect.facebook.net\/en_US\/fbevents.js');\n        fbq('init', '492459597522335');\n        fbq('track', 'PageView');\n    <\/script><br \/>\n<br \/><\/p>\n","protected":false},"excerpt":{"rendered":"<p>LIMA.\u2013 La carrera hacia la segunda vuelta presidencial en Per\u00fa se encamina a un escenario de m\u00e1xima paridad. La candidata derechista Keiko Fujimori empatar\u00eda con el izquierdista Roberto S\u00e1nchez en un eventual balotaje, seg\u00fan la primera encuesta difundida tras la votaci\u00f3n, en medio de un recuento a\u00fan inconcluso, denuncias cruzadas y un clima pol\u00edtico enrarecido [&hellip;]<\/p>\n","protected":false},"author":2,"featured_media":193320,"comment_status":"closed","ping_status":"closed","sticky":false,"template":"","format":"standard","meta":{"footnotes":""},"categories":[26],"tags":[],"class_list":["post-193319","post","type-post","status-publish","format-standard","has-post-thumbnail","hentry","category-internacionales"],"yoast_head":"<!-- This site is optimized with the Yoast SEO plugin v24.4 - https:\/\/yoast.com\/wordpress\/plugins\/seo\/ -->\n<title>Empate t\u00e9cnico en Per\u00fa: Fujimori igualar\u00eda con S\u00e1nchez en el balotaje y crece la tensi\u00f3n por el recuento - GYS NOTICIAS |<\/title>\n<meta name=\"robots\" content=\"index, follow, max-snippet:-1, max-image-preview:large, max-video-preview:-1\" \/>\n<link rel=\"canonical\" href=\"https:\/\/gysfm.com.ar\/inicio\/empate-tecnico-en-peru-fujimori-igualaria-con-sanchez-en-el-balotaje-y-crece-la-tension-por-el-recuento\/\" \/>\n<meta property=\"og:locale\" content=\"es_ES\" \/>\n<meta property=\"og:type\" content=\"article\" \/>\n<meta property=\"og:title\" content=\"Empate t\u00e9cnico en Per\u00fa: Fujimori igualar\u00eda con S\u00e1nchez en el balotaje y crece la tensi\u00f3n por el recuento - GYS NOTICIAS |\" \/>\n<meta property=\"og:description\" content=\"LIMA.\u2013 La carrera hacia la segunda vuelta presidencial en Per\u00fa se encamina a un escenario de m\u00e1xima paridad. La candidata derechista Keiko Fujimori empatar\u00eda con el izquierdista Roberto S\u00e1nchez en un eventual balotaje, seg\u00fan la primera encuesta difundida tras la votaci\u00f3n, en medio de un recuento a\u00fan inconcluso, denuncias cruzadas y un clima pol\u00edtico enrarecido [&hellip;]\" \/>\n<meta property=\"og:url\" content=\"https:\/\/gysfm.com.ar\/inicio\/empate-tecnico-en-peru-fujimori-igualaria-con-sanchez-en-el-balotaje-y-crece-la-tension-por-el-recuento\/\" \/>\n<meta property=\"og:site_name\" content=\"GYS NOTICIAS |\" \/>\n<meta property=\"article:published_time\" content=\"2026-04-27T19:31:32+00:00\" \/>\n<meta property=\"article:modified_time\" content=\"2026-04-27T19:31:33+00:00\" \/>\n<meta property=\"og:image\" content=\"https:\/\/gysfm.com.ar\/inicio\/wp-content\/uploads\/2026\/04\/la-candidata-presidencial-keiko-TGV2XDT3WFA4FICSF5PHI6HQJ4.jpg\" \/>\n\t<meta property=\"og:image:width\" content=\"1200\" \/>\n\t<meta property=\"og:image:height\" content=\"800\" \/>\n\t<meta property=\"og:image:type\" content=\"image\/jpeg\" \/>\n<meta name=\"author\" content=\"Prensa G&amp;S FM\" \/>\n<meta name=\"twitter:card\" content=\"summary_large_image\" \/>\n<meta name=\"twitter:label1\" content=\"Escrito por\" \/>\n\t<meta name=\"twitter:data1\" content=\"Prensa G&amp;S FM\" \/>\n\t<meta name=\"twitter:label2\" content=\"Tiempo de lectura\" \/>\n\t<meta name=\"twitter:data2\" content=\"4 minutos\" \/>\n<script type=\"application\/ld+json\" class=\"yoast-schema-graph\">{\"@context\":\"https:\/\/schema.org\",\"@graph\":[{\"@type\":\"Article\",\"@id\":\"https:\/\/gysfm.com.ar\/inicio\/empate-tecnico-en-peru-fujimori-igualaria-con-sanchez-en-el-balotaje-y-crece-la-tension-por-el-recuento\/#article\",\"isPartOf\":{\"@id\":\"https:\/\/gysfm.com.ar\/inicio\/empate-tecnico-en-peru-fujimori-igualaria-con-sanchez-en-el-balotaje-y-crece-la-tension-por-el-recuento\/\"},\"author\":{\"name\":\"Prensa G&amp;S FM\",\"@id\":\"https:\/\/gysfm.com.ar\/inicio\/#\/schema\/person\/3abba7593ef2ad19e1be221d54383dc5\"},\"headline\":\"Empate t\u00e9cnico en Per\u00fa: Fujimori igualar\u00eda con S\u00e1nchez en el balotaje y crece la tensi\u00f3n por el recuento\",\"datePublished\":\"2026-04-27T19:31:32+00:00\",\"dateModified\":\"2026-04-27T19:31:33+00:00\",\"mainEntityOfPage\":{\"@id\":\"https:\/\/gysfm.com.ar\/inicio\/empate-tecnico-en-peru-fujimori-igualaria-con-sanchez-en-el-balotaje-y-crece-la-tension-por-el-recuento\/\"},\"wordCount\":816,\"publisher\":{\"@id\":\"https:\/\/gysfm.com.ar\/inicio\/#organization\"},\"image\":{\"@id\":\"https:\/\/gysfm.com.ar\/inicio\/empate-tecnico-en-peru-fujimori-igualaria-con-sanchez-en-el-balotaje-y-crece-la-tension-por-el-recuento\/#primaryimage\"},\"thumbnailUrl\":\"https:\/\/gysfm.com.ar\/inicio\/wp-content\/uploads\/2026\/04\/la-candidata-presidencial-keiko-TGV2XDT3WFA4FICSF5PHI6HQJ4.jpg\",\"articleSection\":[\"INTERNACIONALES\"],\"inLanguage\":\"es\"},{\"@type\":\"WebPage\",\"@id\":\"https:\/\/gysfm.com.ar\/inicio\/empate-tecnico-en-peru-fujimori-igualaria-con-sanchez-en-el-balotaje-y-crece-la-tension-por-el-recuento\/\",\"url\":\"https:\/\/gysfm.com.ar\/inicio\/empate-tecnico-en-peru-fujimori-igualaria-con-sanchez-en-el-balotaje-y-crece-la-tension-por-el-recuento\/\",\"name\":\"Empate t\u00e9cnico en Per\u00fa: Fujimori igualar\u00eda con S\u00e1nchez en el balotaje y crece la tensi\u00f3n por el recuento - GYS NOTICIAS |\",\"isPartOf\":{\"@id\":\"https:\/\/gysfm.com.ar\/inicio\/#website\"},\"primaryImageOfPage\":{\"@id\":\"https:\/\/gysfm.com.ar\/inicio\/empate-tecnico-en-peru-fujimori-igualaria-con-sanchez-en-el-balotaje-y-crece-la-tension-por-el-recuento\/#primaryimage\"},\"image\":{\"@id\":\"https:\/\/gysfm.com.ar\/inicio\/empate-tecnico-en-peru-fujimori-igualaria-con-sanchez-en-el-balotaje-y-crece-la-tension-por-el-recuento\/#primaryimage\"},\"thumbnailUrl\":\"https:\/\/gysfm.com.ar\/inicio\/wp-content\/uploads\/2026\/04\/la-candidata-presidencial-keiko-TGV2XDT3WFA4FICSF5PHI6HQJ4.jpg\",\"datePublished\":\"2026-04-27T19:31:32+00:00\",\"dateModified\":\"2026-04-27T19:31:33+00:00\",\"breadcrumb\":{\"@id\":\"https:\/\/gysfm.com.ar\/inicio\/empate-tecnico-en-peru-fujimori-igualaria-con-sanchez-en-el-balotaje-y-crece-la-tension-por-el-recuento\/#breadcrumb\"},\"inLanguage\":\"es\",\"potentialAction\":[{\"@type\":\"ReadAction\",\"target\":[\"https:\/\/gysfm.com.ar\/inicio\/empate-tecnico-en-peru-fujimori-igualaria-con-sanchez-en-el-balotaje-y-crece-la-tension-por-el-recuento\/\"]}]},{\"@type\":\"ImageObject\",\"inLanguage\":\"es\",\"@id\":\"https:\/\/gysfm.com.ar\/inicio\/empate-tecnico-en-peru-fujimori-igualaria-con-sanchez-en-el-balotaje-y-crece-la-tension-por-el-recuento\/#primaryimage\",\"url\":\"https:\/\/gysfm.com.ar\/inicio\/wp-content\/uploads\/2026\/04\/la-candidata-presidencial-keiko-TGV2XDT3WFA4FICSF5PHI6HQJ4.jpg\",\"contentUrl\":\"https:\/\/gysfm.com.ar\/inicio\/wp-content\/uploads\/2026\/04\/la-candidata-presidencial-keiko-TGV2XDT3WFA4FICSF5PHI6HQJ4.jpg\",\"width\":1200,\"height\":800},{\"@type\":\"BreadcrumbList\",\"@id\":\"https:\/\/gysfm.com.ar\/inicio\/empate-tecnico-en-peru-fujimori-igualaria-con-sanchez-en-el-balotaje-y-crece-la-tension-por-el-recuento\/#breadcrumb\",\"itemListElement\":[{\"@type\":\"ListItem\",\"position\":1,\"name\":\"Portada\",\"item\":\"https:\/\/gysfm.com.ar\/inicio\/\"},{\"@type\":\"ListItem\",\"position\":2,\"name\":\"Empate t\u00e9cnico en Per\u00fa: Fujimori igualar\u00eda con S\u00e1nchez en el balotaje y crece la tensi\u00f3n por el recuento\"}]},{\"@type\":\"WebSite\",\"@id\":\"https:\/\/gysfm.com.ar\/inicio\/#website\",\"url\":\"https:\/\/gysfm.com.ar\/inicio\/\",\"name\":\"GYS NOTICIAS |\",\"description\":\"DIARIO - RADIO ONLINE SAN JUAN ARGENTINA\",\"publisher\":{\"@id\":\"https:\/\/gysfm.com.ar\/inicio\/#organization\"},\"potentialAction\":[{\"@type\":\"SearchAction\",\"target\":{\"@type\":\"EntryPoint\",\"urlTemplate\":\"https:\/\/gysfm.com.ar\/inicio\/?s={search_term_string}\"},\"query-input\":{\"@type\":\"PropertyValueSpecification\",\"valueRequired\":true,\"valueName\":\"search_term_string\"}}],\"inLanguage\":\"es\"},{\"@type\":\"Organization\",\"@id\":\"https:\/\/gysfm.com.ar\/inicio\/#organization\",\"name\":\"GYS NOTICIAS |\",\"url\":\"https:\/\/gysfm.com.ar\/inicio\/\",\"logo\":{\"@type\":\"ImageObject\",\"inLanguage\":\"es\",\"@id\":\"https:\/\/gysfm.com.ar\/inicio\/#\/schema\/logo\/image\/\",\"url\":\"https:\/\/gysfm.com.ar\/inicio\/wp-content\/uploads\/2023\/07\/LOGOGYS-OK.png\",\"contentUrl\":\"https:\/\/gysfm.com.ar\/inicio\/wp-content\/uploads\/2023\/07\/LOGOGYS-OK.png\",\"width\":1170,\"height\":872,\"caption\":\"GYS NOTICIAS |\"},\"image\":{\"@id\":\"https:\/\/gysfm.com.ar\/inicio\/#\/schema\/logo\/image\/\"}},{\"@type\":\"Person\",\"@id\":\"https:\/\/gysfm.com.ar\/inicio\/#\/schema\/person\/3abba7593ef2ad19e1be221d54383dc5\",\"name\":\"Prensa G&amp;S FM\",\"image\":{\"@type\":\"ImageObject\",\"inLanguage\":\"es\",\"@id\":\"https:\/\/gysfm.com.ar\/inicio\/#\/schema\/person\/image\/\",\"url\":\"https:\/\/secure.gravatar.com\/avatar\/096ec78df02049ab018702bb4ccedf659377fa92a26540b5247612077a0dbd29?s=96&d=mm&r=g\",\"contentUrl\":\"https:\/\/secure.gravatar.com\/avatar\/096ec78df02049ab018702bb4ccedf659377fa92a26540b5247612077a0dbd29?s=96&d=mm&r=g\",\"caption\":\"Prensa G&amp;S FM\"},\"sameAs\":[\"https:\/\/gysfm.com.ar\/\"],\"url\":\"https:\/\/gysfm.com.ar\/inicio\/author\/lucasm\/\"}]}<\/script>\n<!-- \/ Yoast SEO plugin. -->","yoast_head_json":{"title":"Empate t\u00e9cnico en Per\u00fa: Fujimori igualar\u00eda con S\u00e1nchez en el balotaje y crece la tensi\u00f3n por el recuento - GYS NOTICIAS |","robots":{"index":"index","follow":"follow","max-snippet":"max-snippet:-1","max-image-preview":"max-image-preview:large","max-video-preview":"max-video-preview:-1"},"canonical":"https:\/\/gysfm.com.ar\/inicio\/empate-tecnico-en-peru-fujimori-igualaria-con-sanchez-en-el-balotaje-y-crece-la-tension-por-el-recuento\/","og_locale":"es_ES","og_type":"article","og_title":"Empate t\u00e9cnico en Per\u00fa: Fujimori igualar\u00eda con S\u00e1nchez en el balotaje y crece la tensi\u00f3n por el recuento - GYS NOTICIAS |","og_description":"LIMA.\u2013 La carrera hacia la segunda vuelta presidencial en Per\u00fa se encamina a un escenario de m\u00e1xima paridad. La candidata derechista Keiko Fujimori empatar\u00eda con el izquierdista Roberto S\u00e1nchez en un eventual balotaje, seg\u00fan la primera encuesta difundida tras la votaci\u00f3n, en medio de un recuento a\u00fan inconcluso, denuncias cruzadas y un clima pol\u00edtico enrarecido [&hellip;]","og_url":"https:\/\/gysfm.com.ar\/inicio\/empate-tecnico-en-peru-fujimori-igualaria-con-sanchez-en-el-balotaje-y-crece-la-tension-por-el-recuento\/","og_site_name":"GYS NOTICIAS |","article_published_time":"2026-04-27T19:31:32+00:00","article_modified_time":"2026-04-27T19:31:33+00:00","og_image":[{"width":1200,"height":800,"url":"https:\/\/gysfm.com.ar\/inicio\/wp-content\/uploads\/2026\/04\/la-candidata-presidencial-keiko-TGV2XDT3WFA4FICSF5PHI6HQJ4.jpg","type":"image\/jpeg"}],"author":"Prensa G&amp;S FM","twitter_card":"summary_large_image","twitter_misc":{"Escrito por":"Prensa G&amp;S FM","Tiempo de lectura":"4 minutos"},"schema":{"@context":"https:\/\/schema.org","@graph":[{"@type":"Article","@id":"https:\/\/gysfm.com.ar\/inicio\/empate-tecnico-en-peru-fujimori-igualaria-con-sanchez-en-el-balotaje-y-crece-la-tension-por-el-recuento\/#article","isPartOf":{"@id":"https:\/\/gysfm.com.ar\/inicio\/empate-tecnico-en-peru-fujimori-igualaria-con-sanchez-en-el-balotaje-y-crece-la-tension-por-el-recuento\/"},"author":{"name":"Prensa G&amp;S FM","@id":"https:\/\/gysfm.com.ar\/inicio\/#\/schema\/person\/3abba7593ef2ad19e1be221d54383dc5"},"headline":"Empate t\u00e9cnico en Per\u00fa: Fujimori igualar\u00eda con S\u00e1nchez en el balotaje y crece la tensi\u00f3n por el recuento","datePublished":"2026-04-27T19:31:32+00:00","dateModified":"2026-04-27T19:31:33+00:00","mainEntityOfPage":{"@id":"https:\/\/gysfm.com.ar\/inicio\/empate-tecnico-en-peru-fujimori-igualaria-con-sanchez-en-el-balotaje-y-crece-la-tension-por-el-recuento\/"},"wordCount":816,"publisher":{"@id":"https:\/\/gysfm.com.ar\/inicio\/#organization"},"image":{"@id":"https:\/\/gysfm.com.ar\/inicio\/empate-tecnico-en-peru-fujimori-igualaria-con-sanchez-en-el-balotaje-y-crece-la-tension-por-el-recuento\/#primaryimage"},"thumbnailUrl":"https:\/\/gysfm.com.ar\/inicio\/wp-content\/uploads\/2026\/04\/la-candidata-presidencial-keiko-TGV2XDT3WFA4FICSF5PHI6HQJ4.jpg","articleSection":["INTERNACIONALES"],"inLanguage":"es"},{"@type":"WebPage","@id":"https:\/\/gysfm.com.ar\/inicio\/empate-tecnico-en-peru-fujimori-igualaria-con-sanchez-en-el-balotaje-y-crece-la-tension-por-el-recuento\/","url":"https:\/\/gysfm.com.ar\/inicio\/empate-tecnico-en-peru-fujimori-igualaria-con-sanchez-en-el-balotaje-y-crece-la-tension-por-el-recuento\/","name":"Empate t\u00e9cnico en Per\u00fa: Fujimori igualar\u00eda con S\u00e1nchez en el balotaje y crece la tensi\u00f3n por el recuento - GYS NOTICIAS |","isPartOf":{"@id":"https:\/\/gysfm.com.ar\/inicio\/#website"},"primaryImageOfPage":{"@id":"https:\/\/gysfm.com.ar\/inicio\/empate-tecnico-en-peru-fujimori-igualaria-con-sanchez-en-el-balotaje-y-crece-la-tension-por-el-recuento\/#primaryimage"},"image":{"@id":"https:\/\/gysfm.com.ar\/inicio\/empate-tecnico-en-peru-fujimori-igualaria-con-sanchez-en-el-balotaje-y-crece-la-tension-por-el-recuento\/#primaryimage"},"thumbnailUrl":"https:\/\/gysfm.com.ar\/inicio\/wp-content\/uploads\/2026\/04\/la-candidata-presidencial-keiko-TGV2XDT3WFA4FICSF5PHI6HQJ4.jpg","datePublished":"2026-04-27T19:31:32+00:00","dateModified":"2026-04-27T19:31:33+00:00","breadcrumb":{"@id":"https:\/\/gysfm.com.ar\/inicio\/empate-tecnico-en-peru-fujimori-igualaria-con-sanchez-en-el-balotaje-y-crece-la-tension-por-el-recuento\/#breadcrumb"},"inLanguage":"es","potentialAction":[{"@type":"ReadAction","target":["https:\/\/gysfm.com.ar\/inicio\/empate-tecnico-en-peru-fujimori-igualaria-con-sanchez-en-el-balotaje-y-crece-la-tension-por-el-recuento\/"]}]},{"@type":"ImageObject","inLanguage":"es","@id":"https:\/\/gysfm.com.ar\/inicio\/empate-tecnico-en-peru-fujimori-igualaria-con-sanchez-en-el-balotaje-y-crece-la-tension-por-el-recuento\/#primaryimage","url":"https:\/\/gysfm.com.ar\/inicio\/wp-content\/uploads\/2026\/04\/la-candidata-presidencial-keiko-TGV2XDT3WFA4FICSF5PHI6HQJ4.jpg","contentUrl":"https:\/\/gysfm.com.ar\/inicio\/wp-content\/uploads\/2026\/04\/la-candidata-presidencial-keiko-TGV2XDT3WFA4FICSF5PHI6HQJ4.jpg","width":1200,"height":800},{"@type":"BreadcrumbList","@id":"https:\/\/gysfm.com.ar\/inicio\/empate-tecnico-en-peru-fujimori-igualaria-con-sanchez-en-el-balotaje-y-crece-la-tension-por-el-recuento\/#breadcrumb","itemListElement":[{"@type":"ListItem","position":1,"name":"Portada","item":"https:\/\/gysfm.com.ar\/inicio\/"},{"@type":"ListItem","position":2,"name":"Empate t\u00e9cnico en Per\u00fa: Fujimori igualar\u00eda con S\u00e1nchez en el balotaje y crece la tensi\u00f3n por el recuento"}]},{"@type":"WebSite","@id":"https:\/\/gysfm.com.ar\/inicio\/#website","url":"https:\/\/gysfm.com.ar\/inicio\/","name":"GYS NOTICIAS |","description":"DIARIO - RADIO ONLINE SAN JUAN ARGENTINA","publisher":{"@id":"https:\/\/gysfm.com.ar\/inicio\/#organization"},"potentialAction":[{"@type":"SearchAction","target":{"@type":"EntryPoint","urlTemplate":"https:\/\/gysfm.com.ar\/inicio\/?s={search_term_string}"},"query-input":{"@type":"PropertyValueSpecification","valueRequired":true,"valueName":"search_term_string"}}],"inLanguage":"es"},{"@type":"Organization","@id":"https:\/\/gysfm.com.ar\/inicio\/#organization","name":"GYS NOTICIAS |","url":"https:\/\/gysfm.com.ar\/inicio\/","logo":{"@type":"ImageObject","inLanguage":"es","@id":"https:\/\/gysfm.com.ar\/inicio\/#\/schema\/logo\/image\/","url":"https:\/\/gysfm.com.ar\/inicio\/wp-content\/uploads\/2023\/07\/LOGOGYS-OK.png","contentUrl":"https:\/\/gysfm.com.ar\/inicio\/wp-content\/uploads\/2023\/07\/LOGOGYS-OK.png","width":1170,"height":872,"caption":"GYS NOTICIAS |"},"image":{"@id":"https:\/\/gysfm.com.ar\/inicio\/#\/schema\/logo\/image\/"}},{"@type":"Person","@id":"https:\/\/gysfm.com.ar\/inicio\/#\/schema\/person\/3abba7593ef2ad19e1be221d54383dc5","name":"Prensa G&amp;S FM","image":{"@type":"ImageObject","inLanguage":"es","@id":"https:\/\/gysfm.com.ar\/inicio\/#\/schema\/person\/image\/","url":"https:\/\/secure.gravatar.com\/avatar\/096ec78df02049ab018702bb4ccedf659377fa92a26540b5247612077a0dbd29?s=96&d=mm&r=g","contentUrl":"https:\/\/secure.gravatar.com\/avatar\/096ec78df02049ab018702bb4ccedf659377fa92a26540b5247612077a0dbd29?s=96&d=mm&r=g","caption":"Prensa G&amp;S FM"},"sameAs":["https:\/\/gysfm.com.ar\/"],"url":"https:\/\/gysfm.com.ar\/inicio\/author\/lucasm\/"}]}},"_links":{"self":[{"href":"https:\/\/gysfm.com.ar\/inicio\/wp-json\/wp\/v2\/posts\/193319","targetHints":{"allow":["GET"]}}],"collection":[{"href":"https:\/\/gysfm.com.ar\/inicio\/wp-json\/wp\/v2\/posts"}],"about":[{"href":"https:\/\/gysfm.com.ar\/inicio\/wp-json\/wp\/v2\/types\/post"}],"author":[{"embeddable":true,"href":"https:\/\/gysfm.com.ar\/inicio\/wp-json\/wp\/v2\/users\/2"}],"replies":[{"embeddable":true,"href":"https:\/\/gysfm.com.ar\/inicio\/wp-json\/wp\/v2\/comments?post=193319"}],"version-history":[{"count":1,"href":"https:\/\/gysfm.com.ar\/inicio\/wp-json\/wp\/v2\/posts\/193319\/revisions"}],"predecessor-version":[{"id":193321,"href":"https:\/\/gysfm.com.ar\/inicio\/wp-json\/wp\/v2\/posts\/193319\/revisions\/193321"}],"wp:featuredmedia":[{"embeddable":true,"href":"https:\/\/gysfm.com.ar\/inicio\/wp-json\/wp\/v2\/media\/193320"}],"wp:attachment":[{"href":"https:\/\/gysfm.com.ar\/inicio\/wp-json\/wp\/v2\/media?parent=193319"}],"wp:term":[{"taxonomy":"category","embeddable":true,"href":"https:\/\/gysfm.com.ar\/inicio\/wp-json\/wp\/v2\/categories?post=193319"},{"taxonomy":"post_tag","embeddable":true,"href":"https:\/\/gysfm.com.ar\/inicio\/wp-json\/wp\/v2\/tags?post=193319"}],"curies":[{"name":"wp","href":"https:\/\/api.w.org\/{rel}","templated":true}]}}