{"id":193316,"date":"2026-04-27T16:03:07","date_gmt":"2026-04-27T19:03:07","guid":{"rendered":"https:\/\/gysfm.com.ar\/inicio\/sturzenegger-justifico-los-despidos-en-el-servicio-meteorologico-nacional-es-dinero-que-pagan-otras-familias\/"},"modified":"2026-04-27T16:03:07","modified_gmt":"2026-04-27T19:03:07","slug":"sturzenegger-justifico-los-despidos-en-el-servicio-meteorologico-nacional-es-dinero-que-pagan-otras-familias","status":"publish","type":"post","link":"https:\/\/gysfm.com.ar\/inicio\/sturzenegger-justifico-los-despidos-en-el-servicio-meteorologico-nacional-es-dinero-que-pagan-otras-familias\/","title":{"rendered":"Sturzenegger justific\u00f3 los despidos en el Servicio Meteorol\u00f3gico Nacional: \u201cEs dinero que pagan otras familias\u201d"},"content":{"rendered":"<p><\/p>\n<div id=\"article-content\">\n<p>El ministro de <strong>Desregulaci\u00f3n y Transformaci\u00f3n<\/strong> del Estado, <a target=\"_blank\" href=\"https:\/\/www.perfil.com\/noticias\/politica\/federico-sturzenegger-declaro-un-salto-patrimonial-de-casi-970-millones-en-2024.phtml\"><strong>Federico Sturzenegger<\/strong><\/a>, justific\u00f3 los <a target=\"_blank\" href=\"https:\/\/www.perfil.com\/noticias\/politica\/el-gobierno-oficializo-140-despidos-en-el-servicio-meteorologico-nacional.phtml\">despidos de 140 trabajadores<\/a> del Servicio Meteorol\u00f3gico Nacional (SMN), concretados recientemente por el gobierno de <strong>Javier Milei <\/strong>argumentando que responden a <strong>un proceso de \u201coptimizaci\u00f3n de recursos\u201d y modernizaci\u00f3n del organismo<\/strong>. A trav\u00e9s de un extenso descargo en sus redes sociales, el funcionario indic\u00f3 que la estructura del organismo se encuentra obsoleta y que el mantenimiento de puestos de trabajo manuales representa un gasto innecesario para los contribuyentes.<\/p>\n<p>\u00abLos millones de d\u00f3lares anuales que requieren esos sueldos es dinero que pagan otras familias\u00bb, sentenci\u00f3 el ministro, quien sostiene que con <strong>tecnolog\u00eda de precisi\u00f3n<\/strong> el organismo podr\u00eda funcionar con apenas el 15% de su personal actual.<\/p>\n<p style=\"text-align:center\"><picture><source media=\"(max-width: 440px)\" srcset=\"https:\/\/fotos.perfil.com\/\/2026\/04\/26\/440\/0\/sturzenegger-justifico-los-despidos-en-el-servicio-meteorologico-2228085.jpg?webp\"\/><source media=\"(max-width: 1019px)\" srcset=\"https:\/\/fotos.perfil.com\/\/2026\/04\/26\/712\/0\/sturzenegger-justifico-los-despidos-en-el-servicio-meteorologico-2228085.jpg?webp\"\/><img decoding=\"async\" style=\"max-width: 100%; width: 100%;\" alt=\"Sturzenegger justific\u00f3 los despidos en el Servicio Meteorol\u00f3gico\" src=\"https:\/\/fotos.perfil.com\/\/2026\/04\/26\/900\/0\/sturzenegger-justifico-los-despidos-en-el-servicio-meteorologico-2228085.jpg?webp\" loading=\"lazy\"\/><\/picture><\/p>\n<div class=\"subscription\">\n<p>\n        Esto no les gusta a los autoritarios\n    <\/p>\n<div class=\"subscription__container\">\n<div class=\"subscription__text-wrapper\">\n<p>\n                El ejercicio del periodismo profesional y cr\u00edtico es un pilar fundamental de la democracia. Por eso molesta a quienes creen ser los due\u00f1os de la verdad.\n            <\/p>\n<\/p><\/div><\/div>\n<\/div>\n<p>Para Sturzenegger, <strong>el SMN arrastra un esquema de trabajo de mediados del siglo pasado<\/strong>. Seg\u00fan detall\u00f3, el organismo cuenta con unas 100 estaciones donde los datos se recogen <strong>de forma manual en planillas de papel<\/strong> para luego ser cargados en sistemas inform\u00e1ticos antiguos.<\/p>\n<p>El ministro explic\u00f3 que este proceso requiere un promedio de <strong>siete personas por estaci\u00f3n<\/strong> para cubrir los turnos horarios. \u00abEl absurdo es que los sueldos de esas personas permitir\u00edan pagar la mejor estaci\u00f3n autom\u00e1tica disponible a nivel mundial, que transmite datos en tiempo real y sin necesidad de personal\u00bb, afirm\u00f3. Bajo esta premisa, el plan oficial apunta a reducir la planta de 1.000 a unas <strong>150 personas<\/strong>, logrando un servicio \u00abm\u00e1s eficiente y econ\u00f3mico\u00bb.<\/p>\n<p class=\"destacadoNota\"><a target=\"_blank\" href=\"https:\/\/www.perfil.com\/noticias\/sociedad\/fallecio-adolfo-aristarain-el-director-argentino-de-clasicos-como-un-lugar-en-el-mundo-y-martin-hache.phtml\">Falleci\u00f3 Adolfo Aristarain, el director argentino de cl\u00e1sicos como \u00abUn lugar en el mundo\u00bb y \u00abMart\u00edn Hache\u00bb<\/a><\/p>\n<p>En su mensaje, tambi\u00e9n vincul\u00f3 la reforma con la necesidad de fortalecer los sistemas de alerta temprana ante fen\u00f3menos extremos. Mencion\u00f3 episodios recientes como los <strong>ocurridos en La Plata y Bah\u00eda Blanca<\/strong> para subrayar que una modernizaci\u00f3n del organismo permitir\u00eda mejorar la capacidad de anticipaci\u00f3n y respuesta frente a emergencias clim\u00e1ticas.<\/p>\n<p>El funcionario cuestion\u00f3, adem\u00e1s, la falta de reformas en gestiones anteriores y apunt\u00f3 a la responsabilidad del Ministerio de Defensa en la falta de actualizaci\u00f3n del sistema. En ese marco, destac\u00f3 el rol de los actuales funcionarios del \u00e1rea, como<strong> Luis Petri y Carlos Presti<\/strong>, en el impulso de cambios estructurales.<\/p>\n<p style=\"text-align:center\"><picture><source media=\"(max-width: 440px)\" srcset=\"https:\/\/fotos.perfil.com\/\/2026\/04\/26\/440\/0\/respuesta-a-sturzenegger-2228088.jpg?webp\"\/><source media=\"(max-width: 1019px)\" srcset=\"https:\/\/fotos.perfil.com\/\/2026\/04\/26\/712\/0\/respuesta-a-sturzenegger-2228088.jpg?webp\"\/><img decoding=\"async\" style=\"max-width: 100%; width: 100%;\" alt=\"Respuesta a Sturzenegger \" src=\"https:\/\/fotos.perfil.com\/\/2026\/04\/26\/900\/0\/respuesta-a-sturzenegger-2228088.jpg?webp\" loading=\"lazy\"\/><\/picture><\/p>\n<h2> <\/h2>\n<h2>\u00abLa poblaci\u00f3n queda indefensa\u00bb<\/h2>\n<p>Voces vinculadas al SMN desmintieron la cifra de \u00absolo 20 meteor\u00f3logos\u00bb citada por el ministro, aclarando que <strong>existen cientos de observadores capacitados, pronosticadores aeron\u00e1uticos y licenciados en Ciencias de la Atm\u00f3sfera<\/strong> que realizan tareas cr\u00edticas de seguridad civil y apoyo a la producci\u00f3n.<\/p>\n<p style=\"text-align:center\"><picture><source media=\"(max-width: 440px)\" srcset=\"https:\/\/fotos.perfil.com\/\/2026\/04\/26\/440\/0\/respuesta-a-sturzenegger-2228087.jpg?webp\"\/><source media=\"(max-width: 1019px)\" srcset=\"https:\/\/fotos.perfil.com\/\/2026\/04\/26\/712\/0\/respuesta-a-sturzenegger-2228087.jpg?webp\"\/><img decoding=\"async\" style=\"max-width: 100%; width: 100%;\" alt=\"Respuesta a Sturzenegger \" src=\"https:\/\/fotos.perfil.com\/\/2026\/04\/26\/900\/0\/respuesta-a-sturzenegger-2228087.jpg?webp\" loading=\"lazy\"\/><\/picture><\/p>\n<p>El punto de mayor conflicto radica en la <strong>inconsistencia del plan de modernizaci\u00f3n<\/strong>. Seg\u00fan trascendi\u00f3, la gesti\u00f3n actual dio de baja una licitaci\u00f3n internacional con financiamiento del <strong>Banco Mundial (GIRSAR)<\/strong> que ya estaba lista para adjudicar 126 estaciones autom\u00e1ticas.<strong> \u00abFue el propio Gobierno quien decidi\u00f3 discontinuar el financiamiento y ahora se queja de que el servicio atrasa\u00bb<\/strong>, se\u00f1alaron fuentes del sector.<\/p>\n<p>En paralelo, la delegada de ATE en el organismo, <strong>Ana Saralegui<\/strong>, advirti\u00f3 que la reducci\u00f3n de personal podr\u00eda debilitar la capacidad de pron\u00f3stico y alerta. <strong>\u201cLa poblaci\u00f3n queda indefensa; nuestros pron\u00f3sticos van a ser m\u00e1s d\u00e9biles\u201d<\/strong>, sostuvo en declaraciones radiales. Adem\u00e1s, denunci\u00f3 que los despidos se realizaron sin indemnizaci\u00f3n, al tratarse en su mayor\u00eda de trabajadores contratados.<\/p>\n<p>GD \/ EM<\/p>\n<\/p><\/div>\n<p><script>\n                !function(f,b,e,v,n,t,s)\n                {if(f.fbq)return;n=f.fbq=function(){n.callMethod?\n                    n.callMethod.apply(n,arguments):n.queue.push(arguments)};\n                    if(!f._fbq)f._fbq=n;n.push=n;n.loaded=!0;n.version='2.0';\n                    n.queue=[];t=b.createElement(e);t.async=!0;\n                    t.src=v;s=b.getElementsByTagName(e)[0];\n                    s.parentNode.insertBefore(t,s)}(window, document,'script',\n                    'https:\/\/connect.facebook.net\/en_US\/fbevents.js');\n                window.paywallConfig.facebook_pixel=\"1000228364089342\"\n            <\/script><\/p>\n","protected":false},"excerpt":{"rendered":"<p>El ministro de Desregulaci\u00f3n y Transformaci\u00f3n del Estado, Federico Sturzenegger, justific\u00f3 los despidos de 140 trabajadores del Servicio Meteorol\u00f3gico Nacional (SMN), concretados recientemente por el gobierno de Javier Milei argumentando que responden a un proceso de \u201coptimizaci\u00f3n de recursos\u201d y modernizaci\u00f3n del organismo. A trav\u00e9s de un extenso descargo en sus redes sociales, el funcionario [&hellip;]<\/p>\n","protected":false},"author":2,"featured_media":193317,"comment_status":"closed","ping_status":"closed","sticky":false,"template":"","format":"standard","meta":{"footnotes":""},"categories":[25],"tags":[],"class_list":["post-193316","post","type-post","status-publish","format-standard","has-post-thumbnail","hentry","category-nacionales"],"yoast_head":"<!-- This site is optimized with the Yoast SEO plugin v24.4 - https:\/\/yoast.com\/wordpress\/plugins\/seo\/ -->\n<title>Sturzenegger justific\u00f3 los despidos en el Servicio Meteorol\u00f3gico Nacional: \u201cEs dinero que pagan otras familias\u201d - GYS NOTICIAS |<\/title>\n<meta name=\"robots\" content=\"index, follow, max-snippet:-1, max-image-preview:large, max-video-preview:-1\" \/>\n<link rel=\"canonical\" href=\"https:\/\/gysfm.com.ar\/inicio\/sturzenegger-justifico-los-despidos-en-el-servicio-meteorologico-nacional-es-dinero-que-pagan-otras-familias\/\" \/>\n<meta property=\"og:locale\" content=\"es_ES\" \/>\n<meta property=\"og:type\" content=\"article\" \/>\n<meta property=\"og:title\" content=\"Sturzenegger justific\u00f3 los despidos en el Servicio Meteorol\u00f3gico Nacional: \u201cEs dinero que pagan otras familias\u201d - GYS NOTICIAS |\" \/>\n<meta property=\"og:description\" content=\"El ministro de Desregulaci\u00f3n y Transformaci\u00f3n del Estado, Federico Sturzenegger, justific\u00f3 los despidos de 140 trabajadores del Servicio Meteorol\u00f3gico Nacional (SMN), concretados recientemente por el gobierno de Javier Milei argumentando que responden a un proceso de \u201coptimizaci\u00f3n de recursos\u201d y modernizaci\u00f3n del organismo. A trav\u00e9s de un extenso descargo en sus redes sociales, el funcionario [&hellip;]\" \/>\n<meta property=\"og:url\" content=\"https:\/\/gysfm.com.ar\/inicio\/sturzenegger-justifico-los-despidos-en-el-servicio-meteorologico-nacional-es-dinero-que-pagan-otras-familias\/\" \/>\n<meta property=\"og:site_name\" content=\"GYS NOTICIAS |\" \/>\n<meta property=\"article:published_time\" content=\"2026-04-27T19:03:07+00:00\" \/>\n<meta property=\"og:image\" content=\"https:\/\/fotos.perfil.com\/\/2026\/04\/26\/900\/0\/sturzenegger-justifico-los-despidos-en-el-servicio-meteorologico-2228085.jpg?webp\" \/>\n<meta name=\"author\" content=\"Prensa G&amp;S FM\" \/>\n<meta name=\"twitter:card\" content=\"summary_large_image\" \/>\n<meta name=\"twitter:label1\" content=\"Escrito por\" \/>\n\t<meta name=\"twitter:data1\" content=\"Prensa G&amp;S FM\" \/>\n\t<meta name=\"twitter:label2\" content=\"Tiempo de lectura\" \/>\n\t<meta name=\"twitter:data2\" content=\"3 minutos\" \/>\n<script type=\"application\/ld+json\" class=\"yoast-schema-graph\">{\"@context\":\"https:\/\/schema.org\",\"@graph\":[{\"@type\":\"Article\",\"@id\":\"https:\/\/gysfm.com.ar\/inicio\/sturzenegger-justifico-los-despidos-en-el-servicio-meteorologico-nacional-es-dinero-que-pagan-otras-familias\/#article\",\"isPartOf\":{\"@id\":\"https:\/\/gysfm.com.ar\/inicio\/sturzenegger-justifico-los-despidos-en-el-servicio-meteorologico-nacional-es-dinero-que-pagan-otras-familias\/\"},\"author\":{\"name\":\"Prensa G&amp;S FM\",\"@id\":\"https:\/\/gysfm.com.ar\/inicio\/#\/schema\/person\/3abba7593ef2ad19e1be221d54383dc5\"},\"headline\":\"Sturzenegger justific\u00f3 los despidos en el Servicio Meteorol\u00f3gico Nacional: \u201cEs dinero que pagan otras familias\u201d\",\"datePublished\":\"2026-04-27T19:03:07+00:00\",\"mainEntityOfPage\":{\"@id\":\"https:\/\/gysfm.com.ar\/inicio\/sturzenegger-justifico-los-despidos-en-el-servicio-meteorologico-nacional-es-dinero-que-pagan-otras-familias\/\"},\"wordCount\":615,\"publisher\":{\"@id\":\"https:\/\/gysfm.com.ar\/inicio\/#organization\"},\"image\":{\"@id\":\"https:\/\/gysfm.com.ar\/inicio\/sturzenegger-justifico-los-despidos-en-el-servicio-meteorologico-nacional-es-dinero-que-pagan-otras-familias\/#primaryimage\"},\"thumbnailUrl\":\"https:\/\/gysfm.com.ar\/inicio\/wp-content\/uploads\/2026\/04\/federico-sturzenegger-2195760.png\",\"articleSection\":[\"NACIONALES\"],\"inLanguage\":\"es\"},{\"@type\":\"WebPage\",\"@id\":\"https:\/\/gysfm.com.ar\/inicio\/sturzenegger-justifico-los-despidos-en-el-servicio-meteorologico-nacional-es-dinero-que-pagan-otras-familias\/\",\"url\":\"https:\/\/gysfm.com.ar\/inicio\/sturzenegger-justifico-los-despidos-en-el-servicio-meteorologico-nacional-es-dinero-que-pagan-otras-familias\/\",\"name\":\"Sturzenegger justific\u00f3 los despidos en el Servicio Meteorol\u00f3gico Nacional: \u201cEs dinero que pagan otras familias\u201d - GYS NOTICIAS |\",\"isPartOf\":{\"@id\":\"https:\/\/gysfm.com.ar\/inicio\/#website\"},\"primaryImageOfPage\":{\"@id\":\"https:\/\/gysfm.com.ar\/inicio\/sturzenegger-justifico-los-despidos-en-el-servicio-meteorologico-nacional-es-dinero-que-pagan-otras-familias\/#primaryimage\"},\"image\":{\"@id\":\"https:\/\/gysfm.com.ar\/inicio\/sturzenegger-justifico-los-despidos-en-el-servicio-meteorologico-nacional-es-dinero-que-pagan-otras-familias\/#primaryimage\"},\"thumbnailUrl\":\"https:\/\/gysfm.com.ar\/inicio\/wp-content\/uploads\/2026\/04\/federico-sturzenegger-2195760.png\",\"datePublished\":\"2026-04-27T19:03:07+00:00\",\"breadcrumb\":{\"@id\":\"https:\/\/gysfm.com.ar\/inicio\/sturzenegger-justifico-los-despidos-en-el-servicio-meteorologico-nacional-es-dinero-que-pagan-otras-familias\/#breadcrumb\"},\"inLanguage\":\"es\",\"potentialAction\":[{\"@type\":\"ReadAction\",\"target\":[\"https:\/\/gysfm.com.ar\/inicio\/sturzenegger-justifico-los-despidos-en-el-servicio-meteorologico-nacional-es-dinero-que-pagan-otras-familias\/\"]}]},{\"@type\":\"ImageObject\",\"inLanguage\":\"es\",\"@id\":\"https:\/\/gysfm.com.ar\/inicio\/sturzenegger-justifico-los-despidos-en-el-servicio-meteorologico-nacional-es-dinero-que-pagan-otras-familias\/#primaryimage\",\"url\":\"https:\/\/gysfm.com.ar\/inicio\/wp-content\/uploads\/2026\/04\/federico-sturzenegger-2195760.png\",\"contentUrl\":\"https:\/\/gysfm.com.ar\/inicio\/wp-content\/uploads\/2026\/04\/federico-sturzenegger-2195760.png\",\"width\":1140,\"height\":641},{\"@type\":\"BreadcrumbList\",\"@id\":\"https:\/\/gysfm.com.ar\/inicio\/sturzenegger-justifico-los-despidos-en-el-servicio-meteorologico-nacional-es-dinero-que-pagan-otras-familias\/#breadcrumb\",\"itemListElement\":[{\"@type\":\"ListItem\",\"position\":1,\"name\":\"Portada\",\"item\":\"https:\/\/gysfm.com.ar\/inicio\/\"},{\"@type\":\"ListItem\",\"position\":2,\"name\":\"Sturzenegger justific\u00f3 los despidos en el Servicio Meteorol\u00f3gico Nacional: \u201cEs dinero que pagan otras familias\u201d\"}]},{\"@type\":\"WebSite\",\"@id\":\"https:\/\/gysfm.com.ar\/inicio\/#website\",\"url\":\"https:\/\/gysfm.com.ar\/inicio\/\",\"name\":\"GYS NOTICIAS |\",\"description\":\"DIARIO - RADIO ONLINE SAN JUAN ARGENTINA\",\"publisher\":{\"@id\":\"https:\/\/gysfm.com.ar\/inicio\/#organization\"},\"potentialAction\":[{\"@type\":\"SearchAction\",\"target\":{\"@type\":\"EntryPoint\",\"urlTemplate\":\"https:\/\/gysfm.com.ar\/inicio\/?s={search_term_string}\"},\"query-input\":{\"@type\":\"PropertyValueSpecification\",\"valueRequired\":true,\"valueName\":\"search_term_string\"}}],\"inLanguage\":\"es\"},{\"@type\":\"Organization\",\"@id\":\"https:\/\/gysfm.com.ar\/inicio\/#organization\",\"name\":\"GYS NOTICIAS |\",\"url\":\"https:\/\/gysfm.com.ar\/inicio\/\",\"logo\":{\"@type\":\"ImageObject\",\"inLanguage\":\"es\",\"@id\":\"https:\/\/gysfm.com.ar\/inicio\/#\/schema\/logo\/image\/\",\"url\":\"https:\/\/gysfm.com.ar\/inicio\/wp-content\/uploads\/2023\/07\/LOGOGYS-OK.png\",\"contentUrl\":\"https:\/\/gysfm.com.ar\/inicio\/wp-content\/uploads\/2023\/07\/LOGOGYS-OK.png\",\"width\":1170,\"height\":872,\"caption\":\"GYS NOTICIAS |\"},\"image\":{\"@id\":\"https:\/\/gysfm.com.ar\/inicio\/#\/schema\/logo\/image\/\"}},{\"@type\":\"Person\",\"@id\":\"https:\/\/gysfm.com.ar\/inicio\/#\/schema\/person\/3abba7593ef2ad19e1be221d54383dc5\",\"name\":\"Prensa G&amp;S FM\",\"image\":{\"@type\":\"ImageObject\",\"inLanguage\":\"es\",\"@id\":\"https:\/\/gysfm.com.ar\/inicio\/#\/schema\/person\/image\/\",\"url\":\"https:\/\/secure.gravatar.com\/avatar\/096ec78df02049ab018702bb4ccedf659377fa92a26540b5247612077a0dbd29?s=96&d=mm&r=g\",\"contentUrl\":\"https:\/\/secure.gravatar.com\/avatar\/096ec78df02049ab018702bb4ccedf659377fa92a26540b5247612077a0dbd29?s=96&d=mm&r=g\",\"caption\":\"Prensa G&amp;S FM\"},\"sameAs\":[\"https:\/\/gysfm.com.ar\/\"],\"url\":\"https:\/\/gysfm.com.ar\/inicio\/author\/lucasm\/\"}]}<\/script>\n<!-- \/ Yoast SEO plugin. -->","yoast_head_json":{"title":"Sturzenegger justific\u00f3 los despidos en el Servicio Meteorol\u00f3gico Nacional: \u201cEs dinero que pagan otras familias\u201d - GYS NOTICIAS |","robots":{"index":"index","follow":"follow","max-snippet":"max-snippet:-1","max-image-preview":"max-image-preview:large","max-video-preview":"max-video-preview:-1"},"canonical":"https:\/\/gysfm.com.ar\/inicio\/sturzenegger-justifico-los-despidos-en-el-servicio-meteorologico-nacional-es-dinero-que-pagan-otras-familias\/","og_locale":"es_ES","og_type":"article","og_title":"Sturzenegger justific\u00f3 los despidos en el Servicio Meteorol\u00f3gico Nacional: \u201cEs dinero que pagan otras familias\u201d - GYS NOTICIAS |","og_description":"El ministro de Desregulaci\u00f3n y Transformaci\u00f3n del Estado, Federico Sturzenegger, justific\u00f3 los despidos de 140 trabajadores del Servicio Meteorol\u00f3gico Nacional (SMN), concretados recientemente por el gobierno de Javier Milei argumentando que responden a un proceso de \u201coptimizaci\u00f3n de recursos\u201d y modernizaci\u00f3n del organismo. A trav\u00e9s de un extenso descargo en sus redes sociales, el funcionario [&hellip;]","og_url":"https:\/\/gysfm.com.ar\/inicio\/sturzenegger-justifico-los-despidos-en-el-servicio-meteorologico-nacional-es-dinero-que-pagan-otras-familias\/","og_site_name":"GYS NOTICIAS |","article_published_time":"2026-04-27T19:03:07+00:00","og_image":[{"url":"https:\/\/fotos.perfil.com\/\/2026\/04\/26\/900\/0\/sturzenegger-justifico-los-despidos-en-el-servicio-meteorologico-2228085.jpg?webp","type":"","width":"","height":""}],"author":"Prensa G&amp;S FM","twitter_card":"summary_large_image","twitter_misc":{"Escrito por":"Prensa G&amp;S FM","Tiempo de lectura":"3 minutos"},"schema":{"@context":"https:\/\/schema.org","@graph":[{"@type":"Article","@id":"https:\/\/gysfm.com.ar\/inicio\/sturzenegger-justifico-los-despidos-en-el-servicio-meteorologico-nacional-es-dinero-que-pagan-otras-familias\/#article","isPartOf":{"@id":"https:\/\/gysfm.com.ar\/inicio\/sturzenegger-justifico-los-despidos-en-el-servicio-meteorologico-nacional-es-dinero-que-pagan-otras-familias\/"},"author":{"name":"Prensa G&amp;S FM","@id":"https:\/\/gysfm.com.ar\/inicio\/#\/schema\/person\/3abba7593ef2ad19e1be221d54383dc5"},"headline":"Sturzenegger justific\u00f3 los despidos en el Servicio Meteorol\u00f3gico Nacional: \u201cEs dinero que pagan otras familias\u201d","datePublished":"2026-04-27T19:03:07+00:00","mainEntityOfPage":{"@id":"https:\/\/gysfm.com.ar\/inicio\/sturzenegger-justifico-los-despidos-en-el-servicio-meteorologico-nacional-es-dinero-que-pagan-otras-familias\/"},"wordCount":615,"publisher":{"@id":"https:\/\/gysfm.com.ar\/inicio\/#organization"},"image":{"@id":"https:\/\/gysfm.com.ar\/inicio\/sturzenegger-justifico-los-despidos-en-el-servicio-meteorologico-nacional-es-dinero-que-pagan-otras-familias\/#primaryimage"},"thumbnailUrl":"https:\/\/gysfm.com.ar\/inicio\/wp-content\/uploads\/2026\/04\/federico-sturzenegger-2195760.png","articleSection":["NACIONALES"],"inLanguage":"es"},{"@type":"WebPage","@id":"https:\/\/gysfm.com.ar\/inicio\/sturzenegger-justifico-los-despidos-en-el-servicio-meteorologico-nacional-es-dinero-que-pagan-otras-familias\/","url":"https:\/\/gysfm.com.ar\/inicio\/sturzenegger-justifico-los-despidos-en-el-servicio-meteorologico-nacional-es-dinero-que-pagan-otras-familias\/","name":"Sturzenegger justific\u00f3 los despidos en el Servicio Meteorol\u00f3gico Nacional: \u201cEs dinero que pagan otras familias\u201d - GYS NOTICIAS |","isPartOf":{"@id":"https:\/\/gysfm.com.ar\/inicio\/#website"},"primaryImageOfPage":{"@id":"https:\/\/gysfm.com.ar\/inicio\/sturzenegger-justifico-los-despidos-en-el-servicio-meteorologico-nacional-es-dinero-que-pagan-otras-familias\/#primaryimage"},"image":{"@id":"https:\/\/gysfm.com.ar\/inicio\/sturzenegger-justifico-los-despidos-en-el-servicio-meteorologico-nacional-es-dinero-que-pagan-otras-familias\/#primaryimage"},"thumbnailUrl":"https:\/\/gysfm.com.ar\/inicio\/wp-content\/uploads\/2026\/04\/federico-sturzenegger-2195760.png","datePublished":"2026-04-27T19:03:07+00:00","breadcrumb":{"@id":"https:\/\/gysfm.com.ar\/inicio\/sturzenegger-justifico-los-despidos-en-el-servicio-meteorologico-nacional-es-dinero-que-pagan-otras-familias\/#breadcrumb"},"inLanguage":"es","potentialAction":[{"@type":"ReadAction","target":["https:\/\/gysfm.com.ar\/inicio\/sturzenegger-justifico-los-despidos-en-el-servicio-meteorologico-nacional-es-dinero-que-pagan-otras-familias\/"]}]},{"@type":"ImageObject","inLanguage":"es","@id":"https:\/\/gysfm.com.ar\/inicio\/sturzenegger-justifico-los-despidos-en-el-servicio-meteorologico-nacional-es-dinero-que-pagan-otras-familias\/#primaryimage","url":"https:\/\/gysfm.com.ar\/inicio\/wp-content\/uploads\/2026\/04\/federico-sturzenegger-2195760.png","contentUrl":"https:\/\/gysfm.com.ar\/inicio\/wp-content\/uploads\/2026\/04\/federico-sturzenegger-2195760.png","width":1140,"height":641},{"@type":"BreadcrumbList","@id":"https:\/\/gysfm.com.ar\/inicio\/sturzenegger-justifico-los-despidos-en-el-servicio-meteorologico-nacional-es-dinero-que-pagan-otras-familias\/#breadcrumb","itemListElement":[{"@type":"ListItem","position":1,"name":"Portada","item":"https:\/\/gysfm.com.ar\/inicio\/"},{"@type":"ListItem","position":2,"name":"Sturzenegger justific\u00f3 los despidos en el Servicio Meteorol\u00f3gico Nacional: \u201cEs dinero que pagan otras familias\u201d"}]},{"@type":"WebSite","@id":"https:\/\/gysfm.com.ar\/inicio\/#website","url":"https:\/\/gysfm.com.ar\/inicio\/","name":"GYS NOTICIAS |","description":"DIARIO - RADIO ONLINE SAN JUAN ARGENTINA","publisher":{"@id":"https:\/\/gysfm.com.ar\/inicio\/#organization"},"potentialAction":[{"@type":"SearchAction","target":{"@type":"EntryPoint","urlTemplate":"https:\/\/gysfm.com.ar\/inicio\/?s={search_term_string}"},"query-input":{"@type":"PropertyValueSpecification","valueRequired":true,"valueName":"search_term_string"}}],"inLanguage":"es"},{"@type":"Organization","@id":"https:\/\/gysfm.com.ar\/inicio\/#organization","name":"GYS NOTICIAS |","url":"https:\/\/gysfm.com.ar\/inicio\/","logo":{"@type":"ImageObject","inLanguage":"es","@id":"https:\/\/gysfm.com.ar\/inicio\/#\/schema\/logo\/image\/","url":"https:\/\/gysfm.com.ar\/inicio\/wp-content\/uploads\/2023\/07\/LOGOGYS-OK.png","contentUrl":"https:\/\/gysfm.com.ar\/inicio\/wp-content\/uploads\/2023\/07\/LOGOGYS-OK.png","width":1170,"height":872,"caption":"GYS NOTICIAS |"},"image":{"@id":"https:\/\/gysfm.com.ar\/inicio\/#\/schema\/logo\/image\/"}},{"@type":"Person","@id":"https:\/\/gysfm.com.ar\/inicio\/#\/schema\/person\/3abba7593ef2ad19e1be221d54383dc5","name":"Prensa G&amp;S FM","image":{"@type":"ImageObject","inLanguage":"es","@id":"https:\/\/gysfm.com.ar\/inicio\/#\/schema\/person\/image\/","url":"https:\/\/secure.gravatar.com\/avatar\/096ec78df02049ab018702bb4ccedf659377fa92a26540b5247612077a0dbd29?s=96&d=mm&r=g","contentUrl":"https:\/\/secure.gravatar.com\/avatar\/096ec78df02049ab018702bb4ccedf659377fa92a26540b5247612077a0dbd29?s=96&d=mm&r=g","caption":"Prensa G&amp;S FM"},"sameAs":["https:\/\/gysfm.com.ar\/"],"url":"https:\/\/gysfm.com.ar\/inicio\/author\/lucasm\/"}]}},"_links":{"self":[{"href":"https:\/\/gysfm.com.ar\/inicio\/wp-json\/wp\/v2\/posts\/193316","targetHints":{"allow":["GET"]}}],"collection":[{"href":"https:\/\/gysfm.com.ar\/inicio\/wp-json\/wp\/v2\/posts"}],"about":[{"href":"https:\/\/gysfm.com.ar\/inicio\/wp-json\/wp\/v2\/types\/post"}],"author":[{"embeddable":true,"href":"https:\/\/gysfm.com.ar\/inicio\/wp-json\/wp\/v2\/users\/2"}],"replies":[{"embeddable":true,"href":"https:\/\/gysfm.com.ar\/inicio\/wp-json\/wp\/v2\/comments?post=193316"}],"version-history":[{"count":0,"href":"https:\/\/gysfm.com.ar\/inicio\/wp-json\/wp\/v2\/posts\/193316\/revisions"}],"wp:featuredmedia":[{"embeddable":true,"href":"https:\/\/gysfm.com.ar\/inicio\/wp-json\/wp\/v2\/media\/193317"}],"wp:attachment":[{"href":"https:\/\/gysfm.com.ar\/inicio\/wp-json\/wp\/v2\/media?parent=193316"}],"wp:term":[{"taxonomy":"category","embeddable":true,"href":"https:\/\/gysfm.com.ar\/inicio\/wp-json\/wp\/v2\/categories?post=193316"},{"taxonomy":"post_tag","embeddable":true,"href":"https:\/\/gysfm.com.ar\/inicio\/wp-json\/wp\/v2\/tags?post=193316"}],"curies":[{"name":"wp","href":"https:\/\/api.w.org\/{rel}","templated":true}]}}