{"id":193315,"date":"2026-04-27T15:31:51","date_gmt":"2026-04-27T18:31:51","guid":{"rendered":"https:\/\/gysfm.com.ar\/inicio\/echaron-a-carlos-frugoni-el-funcionario-que-omitio-siete-propiedades-en-miami-en-su-declaracion-jurada\/"},"modified":"2026-04-27T15:31:51","modified_gmt":"2026-04-27T18:31:51","slug":"echaron-a-carlos-frugoni-el-funcionario-que-omitio-siete-propiedades-en-miami-en-su-declaracion-jurada","status":"publish","type":"post","link":"https:\/\/gysfm.com.ar\/inicio\/echaron-a-carlos-frugoni-el-funcionario-que-omitio-siete-propiedades-en-miami-en-su-declaracion-jurada\/","title":{"rendered":"Echaron a Carlos Frugoni, el funcionario que omiti\u00f3 siete propiedades en Miami en su declaraci\u00f3n jurada"},"content":{"rendered":"<p><\/p>\n<div id=\"article-content\">\n<p>El ministro de Econom\u00eda <a target=\"_blank\" href=\"https:\/\/www.perfil.com\/noticias\/politica\/luis-caputo-metio-a-messi-y-a-cristiano-ronaldo-para-responderle-a-un-periodista-ingles-por-malvinas.phtml\"><strong>Luis Caputo<\/strong><\/a> este domingo <strong>acept\u00f3 finalmente la renuncia<\/strong> del ahora exsecretario de Coordinaci\u00f3n de Infraestructura<strong> <a target=\"_blank\" href=\"https:\/\/www.perfil.com\/noticias\/politica\/denuncian-a-un-funcionario-de-luis-toto-caputo-por-no-declarar-ocho-departamentos-en-miami.phtml\">Carlos Mar\u00eda Frugoni<\/a><\/strong>, luego de que, a trav\u00e9s de una investigaci\u00f3n period\u00edstica, quedara expuesto que el funcionario omiti\u00f3 declarar siete departamentos en Miami.<\/p>\n<p>Frugoni reconoci\u00f3 el \u00faltimo jueves: \u201c<strong>Comet\u00ed un error.<\/strong> Estaba rectificando esta situaci\u00f3n porque ahora soy funcionario nacional.<strong> Me equivoqu\u00e9.<\/strong> Tambi\u00e9n voy a incluir a los departamentos en ARCA\u201d, reconoci\u00f3 y aclar\u00f3 que ya pagaba impuestos por esos inmuebles en Estados Unidos, \u201cy ahora voy a hacerlo en la Argentina\u201d. <\/p>\n<p>Sin embargo, su momento de rectificaci\u00f3n no llegar\u00e1, dado que Luis Caputo acept\u00f3 la renuncia que hab\u00eda puesto a disposici\u00f3n. Seg\u00fan fuentes del Gobierno, el mismo ministro de Econom\u00eda decidi\u00f3 el castigo:<strong> \u00abFue un despido\u00bb<\/strong>, confirmaron a <em>La Naci\u00f3n<\/em>. <\/p>\n<div class=\"subscription\">\n<p>\n        Esto no les gusta a los autoritarios\n    <\/p>\n<div class=\"subscription__container\">\n<div class=\"subscription__text-wrapper\">\n<p>\n                El ejercicio del periodismo profesional y cr\u00edtico es un pilar fundamental de la democracia. Por eso molesta a quienes creen ser los due\u00f1os de la verdad.\n            <\/p>\n<\/p><\/div><\/div>\n<\/div>\n<p class=\"destacadoNota\"><a target=\"_blank\" href=\"https:\/\/www.perfil.com\/noticias\/politica\/me-equivoque-carlos-frugoni-admitio-que-no-declaro-siete-propiedades-en-miami.phtml\">\u00abMe equivoqu\u00e9\u00bb: Carlos Frugoni admiti\u00f3 que no declar\u00f3 siete propiedades en Miami<\/a><\/p>\n<p>A los<strong> siete departamentos<\/strong> en Miami, se agregan <strong>dos sociedades comerciales<\/strong> que tampoco present\u00f3 ante la Oficina Anticorrupci\u00f3n (OA) y la Agencia de Recaudaci\u00f3n y Control Aduanero (ARCA). Seg\u00fan difundi\u00f3 la agencia <em>Noticias Argentinas<\/em>, el motivo de la salida fue la <strong>presi\u00f3n p\u00fablica y judicial <\/strong>que sufri\u00f3 Frugoni, luego de admitir que \u00abcometi\u00f3 un error\u00bb.<\/p>\n<p>El exfuncionario libertario ten\u00eda una trayectoria reciente en la pol\u00edtica argentina: antes de ser <strong>secretario de Infraestructura<\/strong>, se desempe\u00f1\u00f3 como director ejecutivo de la<strong> Comisi\u00f3n Nacional de Regulaci\u00f3n del Transporte <\/strong>(CNRT), cargo al que renunci\u00f3 formalmente en diciembre de 2025 para asumir la funci\u00f3n que ocup\u00f3 hasta hoy en el Ministerio comandado por Caputo.<\/p>\n<p>Actualmente, la situaci\u00f3n judicial que atraviesa contiene una denuncia por <strong>presunto enriquecimiento il\u00edcito<\/strong> y <strong>omisi\u00f3n maliciosa<\/strong> en su declaraci\u00f3n de bienes.<\/p>\n<div style=\"text-align:center\">\n<figure class=\"image\" style=\"display:inline-block\"><picture><source media=\"(max-width: 440px)\" srcset=\"https:\/\/fotos.perfil.com\/\/2026\/04\/17\/440\/0\/luis-caputo-20260416-2222365.jpg?webp\"\/><source media=\"(max-width: 1019px)\" srcset=\"https:\/\/fotos.perfil.com\/\/2026\/04\/17\/712\/0\/luis-caputo-20260416-2222365.jpg?webp\"\/><img decoding=\"async\" style=\"max-width: 100%; width: 100%;\" alt=\"Luis Caputo 20260416\" src=\"https:\/\/fotos.perfil.com\/\/2026\/04\/17\/900\/0\/luis-caputo-20260416-2222365.jpg?webp\" loading=\"lazy\"\/><\/picture><figcaption>Frugoni respond\u00eda de forma directa al ministro Luis Caputo <\/figcaption><\/figure>\n<\/p><\/div>\n<p>Frugoni ocupaba un rol central en la coordinaci\u00f3n de la infraestructura nacional, un \u00e1rea vinculada a la administraci\u00f3n de fondos p\u00fablicos y a la ejecuci\u00f3n de obras. Su ahora excargo <strong>depende de forma directa de Luis \u00abToto\u00bb Caputo<\/strong>, y si bien se trataba de un funcionario con bajo perfil, ten\u00eda a su cargo funciones clave como la coordinaci\u00f3n de la obra p\u00fablica, el transporte y la vivienda.<\/p>\n<p>El esc\u00e1ndalo lleg\u00f3 en un momento delicado para la gesti\u00f3n libertaria, que intenta correr de la agenda medi\u00e1tica el esc\u00e1ndalo que tiene como protagonista al jefe de Gabinete, <a target=\"_blank\" href=\"https:\/\/www.perfil.com\/noticias\/politica\/manuel-adorni-diezmo-misa-memes.phtml\"><strong>Manuel Adorni<\/strong><\/a>. La investigaci\u00f3n por supuesto enriquecimiento il\u00edcito del funcionario se suma a otros expedientes judiciales como las presuntas coimas en la Agencia Nacional de Discapacidad (Andis), la criptoestafa $Libra y el narcoesc\u00e1ndalo de Jos\u00e9 Luis Espert.<\/p>\n<p class=\"destacadoNota\"><a target=\"_blank\" href=\"https:\/\/www.perfil.com\/noticias\/politica\/investigan-a-javier-faroni-por-sociedades-en-miami-vinculadas-a-compras-inmobiliarias-por-usd-117-millones.phtml\">Investigan a Javier Faroni por sociedades en Miami vinculadas a compras inmobiliarias por USD 11,7 millones<\/a><\/p>\n<h2>La investigaci\u00f3n que culmin\u00f3 en el despido de Frugoni <\/h2>\n<p>La informaci\u00f3n fue revelada en el programa <em>Wifi24<\/em>, de la se\u00f1al de televisi\u00f3n <em>A24<\/em>. La investigaci\u00f3n puso el foco en las sociedades <strong>Genova LLC <\/strong>y <strong>Waki LLC<\/strong>, radicadas en Estados Unidos, y se\u00f1al\u00f3 que esas firmas ser\u00edan titulares de los inmuebles ubicados en el sur del estado de Florida. Seg\u00fan los registros citados, ambas sociedades habr\u00edan sido constituidas por Frugoni.<\/p>\n<p>De acuerdo con lo informado, los departamentos tendr\u00edan un valor estimado de <strong>150 mil d\u00f3lares cada uno<\/strong>. La denuncia tambi\u00e9n menciona la existencia de cuentas bancarias no declaradas en el exterior. <\/p>\n<p><em>ML<\/em><\/p>\n<\/p><\/div>\n<p><script>\n                !function(f,b,e,v,n,t,s)\n                {if(f.fbq)return;n=f.fbq=function(){n.callMethod?\n                    n.callMethod.apply(n,arguments):n.queue.push(arguments)};\n                    if(!f._fbq)f._fbq=n;n.push=n;n.loaded=!0;n.version='2.0';\n                    n.queue=[];t=b.createElement(e);t.async=!0;\n                    t.src=v;s=b.getElementsByTagName(e)[0];\n                    s.parentNode.insertBefore(t,s)}(window, document,'script',\n                    'https:\/\/connect.facebook.net\/en_US\/fbevents.js');\n                window.paywallConfig.facebook_pixel=\"1000228364089342\"\n            <\/script><\/p>\n","protected":false},"excerpt":{"rendered":"<p>El ministro de Econom\u00eda Luis Caputo este domingo acept\u00f3 finalmente la renuncia del ahora exsecretario de Coordinaci\u00f3n de Infraestructura Carlos Mar\u00eda Frugoni, luego de que, a trav\u00e9s de una investigaci\u00f3n period\u00edstica, quedara expuesto que el funcionario omiti\u00f3 declarar siete departamentos en Miami. Frugoni reconoci\u00f3 el \u00faltimo jueves: \u201cComet\u00ed un error. Estaba rectificando esta situaci\u00f3n porque [&hellip;]<\/p>\n","protected":false},"author":2,"featured_media":192432,"comment_status":"closed","ping_status":"closed","sticky":false,"template":"","format":"standard","meta":{"footnotes":""},"categories":[25],"tags":[],"class_list":["post-193315","post","type-post","status-publish","format-standard","has-post-thumbnail","hentry","category-nacionales"],"yoast_head":"<!-- This site is optimized with the Yoast SEO plugin v24.4 - https:\/\/yoast.com\/wordpress\/plugins\/seo\/ -->\n<title>Echaron a Carlos Frugoni, el funcionario que omiti\u00f3 siete propiedades en Miami en su declaraci\u00f3n jurada - GYS NOTICIAS |<\/title>\n<meta name=\"robots\" content=\"index, follow, max-snippet:-1, max-image-preview:large, max-video-preview:-1\" \/>\n<link rel=\"canonical\" href=\"https:\/\/gysfm.com.ar\/inicio\/echaron-a-carlos-frugoni-el-funcionario-que-omitio-siete-propiedades-en-miami-en-su-declaracion-jurada\/\" \/>\n<meta property=\"og:locale\" content=\"es_ES\" \/>\n<meta property=\"og:type\" content=\"article\" \/>\n<meta property=\"og:title\" content=\"Echaron a Carlos Frugoni, el funcionario que omiti\u00f3 siete propiedades en Miami en su declaraci\u00f3n jurada - GYS NOTICIAS |\" \/>\n<meta property=\"og:description\" content=\"El ministro de Econom\u00eda Luis Caputo este domingo acept\u00f3 finalmente la renuncia del ahora exsecretario de Coordinaci\u00f3n de Infraestructura Carlos Mar\u00eda Frugoni, luego de que, a trav\u00e9s de una investigaci\u00f3n period\u00edstica, quedara expuesto que el funcionario omiti\u00f3 declarar siete departamentos en Miami. Frugoni reconoci\u00f3 el \u00faltimo jueves: \u201cComet\u00ed un error. Estaba rectificando esta situaci\u00f3n porque [&hellip;]\" \/>\n<meta property=\"og:url\" content=\"https:\/\/gysfm.com.ar\/inicio\/echaron-a-carlos-frugoni-el-funcionario-que-omitio-siete-propiedades-en-miami-en-su-declaracion-jurada\/\" \/>\n<meta property=\"og:site_name\" content=\"GYS NOTICIAS |\" \/>\n<meta property=\"article:published_time\" content=\"2026-04-27T18:31:51+00:00\" \/>\n<meta property=\"og:image\" content=\"https:\/\/fotos.perfil.com\/\/2026\/04\/17\/900\/0\/luis-caputo-20260416-2222365.jpg?webp\" \/>\n<meta name=\"author\" content=\"Prensa G&amp;S FM\" \/>\n<meta name=\"twitter:card\" content=\"summary_large_image\" \/>\n<meta name=\"twitter:label1\" content=\"Escrito por\" \/>\n\t<meta name=\"twitter:data1\" content=\"Prensa G&amp;S FM\" \/>\n\t<meta name=\"twitter:label2\" content=\"Tiempo de lectura\" \/>\n\t<meta name=\"twitter:data2\" content=\"3 minutos\" \/>\n<script type=\"application\/ld+json\" class=\"yoast-schema-graph\">{\"@context\":\"https:\/\/schema.org\",\"@graph\":[{\"@type\":\"Article\",\"@id\":\"https:\/\/gysfm.com.ar\/inicio\/echaron-a-carlos-frugoni-el-funcionario-que-omitio-siete-propiedades-en-miami-en-su-declaracion-jurada\/#article\",\"isPartOf\":{\"@id\":\"https:\/\/gysfm.com.ar\/inicio\/echaron-a-carlos-frugoni-el-funcionario-que-omitio-siete-propiedades-en-miami-en-su-declaracion-jurada\/\"},\"author\":{\"name\":\"Prensa G&amp;S FM\",\"@id\":\"https:\/\/gysfm.com.ar\/inicio\/#\/schema\/person\/3abba7593ef2ad19e1be221d54383dc5\"},\"headline\":\"Echaron a Carlos Frugoni, el funcionario que omiti\u00f3 siete propiedades en Miami en su declaraci\u00f3n jurada\",\"datePublished\":\"2026-04-27T18:31:51+00:00\",\"mainEntityOfPage\":{\"@id\":\"https:\/\/gysfm.com.ar\/inicio\/echaron-a-carlos-frugoni-el-funcionario-que-omitio-siete-propiedades-en-miami-en-su-declaracion-jurada\/\"},\"wordCount\":634,\"publisher\":{\"@id\":\"https:\/\/gysfm.com.ar\/inicio\/#organization\"},\"image\":{\"@id\":\"https:\/\/gysfm.com.ar\/inicio\/echaron-a-carlos-frugoni-el-funcionario-que-omitio-siete-propiedades-en-miami-en-su-declaracion-jurada\/#primaryimage\"},\"thumbnailUrl\":\"https:\/\/gysfm.com.ar\/inicio\/wp-content\/uploads\/2026\/04\/carlos-frugoni-22042026-2225789.jpg\",\"articleSection\":[\"NACIONALES\"],\"inLanguage\":\"es\"},{\"@type\":\"WebPage\",\"@id\":\"https:\/\/gysfm.com.ar\/inicio\/echaron-a-carlos-frugoni-el-funcionario-que-omitio-siete-propiedades-en-miami-en-su-declaracion-jurada\/\",\"url\":\"https:\/\/gysfm.com.ar\/inicio\/echaron-a-carlos-frugoni-el-funcionario-que-omitio-siete-propiedades-en-miami-en-su-declaracion-jurada\/\",\"name\":\"Echaron a Carlos Frugoni, el funcionario que omiti\u00f3 siete propiedades en Miami en su declaraci\u00f3n jurada - GYS NOTICIAS |\",\"isPartOf\":{\"@id\":\"https:\/\/gysfm.com.ar\/inicio\/#website\"},\"primaryImageOfPage\":{\"@id\":\"https:\/\/gysfm.com.ar\/inicio\/echaron-a-carlos-frugoni-el-funcionario-que-omitio-siete-propiedades-en-miami-en-su-declaracion-jurada\/#primaryimage\"},\"image\":{\"@id\":\"https:\/\/gysfm.com.ar\/inicio\/echaron-a-carlos-frugoni-el-funcionario-que-omitio-siete-propiedades-en-miami-en-su-declaracion-jurada\/#primaryimage\"},\"thumbnailUrl\":\"https:\/\/gysfm.com.ar\/inicio\/wp-content\/uploads\/2026\/04\/carlos-frugoni-22042026-2225789.jpg\",\"datePublished\":\"2026-04-27T18:31:51+00:00\",\"breadcrumb\":{\"@id\":\"https:\/\/gysfm.com.ar\/inicio\/echaron-a-carlos-frugoni-el-funcionario-que-omitio-siete-propiedades-en-miami-en-su-declaracion-jurada\/#breadcrumb\"},\"inLanguage\":\"es\",\"potentialAction\":[{\"@type\":\"ReadAction\",\"target\":[\"https:\/\/gysfm.com.ar\/inicio\/echaron-a-carlos-frugoni-el-funcionario-que-omitio-siete-propiedades-en-miami-en-su-declaracion-jurada\/\"]}]},{\"@type\":\"ImageObject\",\"inLanguage\":\"es\",\"@id\":\"https:\/\/gysfm.com.ar\/inicio\/echaron-a-carlos-frugoni-el-funcionario-que-omitio-siete-propiedades-en-miami-en-su-declaracion-jurada\/#primaryimage\",\"url\":\"https:\/\/gysfm.com.ar\/inicio\/wp-content\/uploads\/2026\/04\/carlos-frugoni-22042026-2225789.jpg\",\"contentUrl\":\"https:\/\/gysfm.com.ar\/inicio\/wp-content\/uploads\/2026\/04\/carlos-frugoni-22042026-2225789.jpg\",\"width\":1140,\"height\":641},{\"@type\":\"BreadcrumbList\",\"@id\":\"https:\/\/gysfm.com.ar\/inicio\/echaron-a-carlos-frugoni-el-funcionario-que-omitio-siete-propiedades-en-miami-en-su-declaracion-jurada\/#breadcrumb\",\"itemListElement\":[{\"@type\":\"ListItem\",\"position\":1,\"name\":\"Portada\",\"item\":\"https:\/\/gysfm.com.ar\/inicio\/\"},{\"@type\":\"ListItem\",\"position\":2,\"name\":\"Echaron a Carlos Frugoni, el funcionario que omiti\u00f3 siete propiedades en Miami en su declaraci\u00f3n jurada\"}]},{\"@type\":\"WebSite\",\"@id\":\"https:\/\/gysfm.com.ar\/inicio\/#website\",\"url\":\"https:\/\/gysfm.com.ar\/inicio\/\",\"name\":\"GYS NOTICIAS |\",\"description\":\"DIARIO - RADIO ONLINE SAN JUAN ARGENTINA\",\"publisher\":{\"@id\":\"https:\/\/gysfm.com.ar\/inicio\/#organization\"},\"potentialAction\":[{\"@type\":\"SearchAction\",\"target\":{\"@type\":\"EntryPoint\",\"urlTemplate\":\"https:\/\/gysfm.com.ar\/inicio\/?s={search_term_string}\"},\"query-input\":{\"@type\":\"PropertyValueSpecification\",\"valueRequired\":true,\"valueName\":\"search_term_string\"}}],\"inLanguage\":\"es\"},{\"@type\":\"Organization\",\"@id\":\"https:\/\/gysfm.com.ar\/inicio\/#organization\",\"name\":\"GYS NOTICIAS |\",\"url\":\"https:\/\/gysfm.com.ar\/inicio\/\",\"logo\":{\"@type\":\"ImageObject\",\"inLanguage\":\"es\",\"@id\":\"https:\/\/gysfm.com.ar\/inicio\/#\/schema\/logo\/image\/\",\"url\":\"https:\/\/gysfm.com.ar\/inicio\/wp-content\/uploads\/2023\/07\/LOGOGYS-OK.png\",\"contentUrl\":\"https:\/\/gysfm.com.ar\/inicio\/wp-content\/uploads\/2023\/07\/LOGOGYS-OK.png\",\"width\":1170,\"height\":872,\"caption\":\"GYS NOTICIAS |\"},\"image\":{\"@id\":\"https:\/\/gysfm.com.ar\/inicio\/#\/schema\/logo\/image\/\"}},{\"@type\":\"Person\",\"@id\":\"https:\/\/gysfm.com.ar\/inicio\/#\/schema\/person\/3abba7593ef2ad19e1be221d54383dc5\",\"name\":\"Prensa G&amp;S FM\",\"image\":{\"@type\":\"ImageObject\",\"inLanguage\":\"es\",\"@id\":\"https:\/\/gysfm.com.ar\/inicio\/#\/schema\/person\/image\/\",\"url\":\"https:\/\/secure.gravatar.com\/avatar\/096ec78df02049ab018702bb4ccedf659377fa92a26540b5247612077a0dbd29?s=96&d=mm&r=g\",\"contentUrl\":\"https:\/\/secure.gravatar.com\/avatar\/096ec78df02049ab018702bb4ccedf659377fa92a26540b5247612077a0dbd29?s=96&d=mm&r=g\",\"caption\":\"Prensa G&amp;S FM\"},\"sameAs\":[\"https:\/\/gysfm.com.ar\/\"],\"url\":\"https:\/\/gysfm.com.ar\/inicio\/author\/lucasm\/\"}]}<\/script>\n<!-- \/ Yoast SEO plugin. -->","yoast_head_json":{"title":"Echaron a Carlos Frugoni, el funcionario que omiti\u00f3 siete propiedades en Miami en su declaraci\u00f3n jurada - GYS NOTICIAS |","robots":{"index":"index","follow":"follow","max-snippet":"max-snippet:-1","max-image-preview":"max-image-preview:large","max-video-preview":"max-video-preview:-1"},"canonical":"https:\/\/gysfm.com.ar\/inicio\/echaron-a-carlos-frugoni-el-funcionario-que-omitio-siete-propiedades-en-miami-en-su-declaracion-jurada\/","og_locale":"es_ES","og_type":"article","og_title":"Echaron a Carlos Frugoni, el funcionario que omiti\u00f3 siete propiedades en Miami en su declaraci\u00f3n jurada - GYS NOTICIAS |","og_description":"El ministro de Econom\u00eda Luis Caputo este domingo acept\u00f3 finalmente la renuncia del ahora exsecretario de Coordinaci\u00f3n de Infraestructura Carlos Mar\u00eda Frugoni, luego de que, a trav\u00e9s de una investigaci\u00f3n period\u00edstica, quedara expuesto que el funcionario omiti\u00f3 declarar siete departamentos en Miami. Frugoni reconoci\u00f3 el \u00faltimo jueves: \u201cComet\u00ed un error. Estaba rectificando esta situaci\u00f3n porque [&hellip;]","og_url":"https:\/\/gysfm.com.ar\/inicio\/echaron-a-carlos-frugoni-el-funcionario-que-omitio-siete-propiedades-en-miami-en-su-declaracion-jurada\/","og_site_name":"GYS NOTICIAS |","article_published_time":"2026-04-27T18:31:51+00:00","og_image":[{"url":"https:\/\/fotos.perfil.com\/\/2026\/04\/17\/900\/0\/luis-caputo-20260416-2222365.jpg?webp","type":"","width":"","height":""}],"author":"Prensa G&amp;S FM","twitter_card":"summary_large_image","twitter_misc":{"Escrito por":"Prensa G&amp;S FM","Tiempo de lectura":"3 minutos"},"schema":{"@context":"https:\/\/schema.org","@graph":[{"@type":"Article","@id":"https:\/\/gysfm.com.ar\/inicio\/echaron-a-carlos-frugoni-el-funcionario-que-omitio-siete-propiedades-en-miami-en-su-declaracion-jurada\/#article","isPartOf":{"@id":"https:\/\/gysfm.com.ar\/inicio\/echaron-a-carlos-frugoni-el-funcionario-que-omitio-siete-propiedades-en-miami-en-su-declaracion-jurada\/"},"author":{"name":"Prensa G&amp;S FM","@id":"https:\/\/gysfm.com.ar\/inicio\/#\/schema\/person\/3abba7593ef2ad19e1be221d54383dc5"},"headline":"Echaron a Carlos Frugoni, el funcionario que omiti\u00f3 siete propiedades en Miami en su declaraci\u00f3n jurada","datePublished":"2026-04-27T18:31:51+00:00","mainEntityOfPage":{"@id":"https:\/\/gysfm.com.ar\/inicio\/echaron-a-carlos-frugoni-el-funcionario-que-omitio-siete-propiedades-en-miami-en-su-declaracion-jurada\/"},"wordCount":634,"publisher":{"@id":"https:\/\/gysfm.com.ar\/inicio\/#organization"},"image":{"@id":"https:\/\/gysfm.com.ar\/inicio\/echaron-a-carlos-frugoni-el-funcionario-que-omitio-siete-propiedades-en-miami-en-su-declaracion-jurada\/#primaryimage"},"thumbnailUrl":"https:\/\/gysfm.com.ar\/inicio\/wp-content\/uploads\/2026\/04\/carlos-frugoni-22042026-2225789.jpg","articleSection":["NACIONALES"],"inLanguage":"es"},{"@type":"WebPage","@id":"https:\/\/gysfm.com.ar\/inicio\/echaron-a-carlos-frugoni-el-funcionario-que-omitio-siete-propiedades-en-miami-en-su-declaracion-jurada\/","url":"https:\/\/gysfm.com.ar\/inicio\/echaron-a-carlos-frugoni-el-funcionario-que-omitio-siete-propiedades-en-miami-en-su-declaracion-jurada\/","name":"Echaron a Carlos Frugoni, el funcionario que omiti\u00f3 siete propiedades en Miami en su declaraci\u00f3n jurada - GYS NOTICIAS |","isPartOf":{"@id":"https:\/\/gysfm.com.ar\/inicio\/#website"},"primaryImageOfPage":{"@id":"https:\/\/gysfm.com.ar\/inicio\/echaron-a-carlos-frugoni-el-funcionario-que-omitio-siete-propiedades-en-miami-en-su-declaracion-jurada\/#primaryimage"},"image":{"@id":"https:\/\/gysfm.com.ar\/inicio\/echaron-a-carlos-frugoni-el-funcionario-que-omitio-siete-propiedades-en-miami-en-su-declaracion-jurada\/#primaryimage"},"thumbnailUrl":"https:\/\/gysfm.com.ar\/inicio\/wp-content\/uploads\/2026\/04\/carlos-frugoni-22042026-2225789.jpg","datePublished":"2026-04-27T18:31:51+00:00","breadcrumb":{"@id":"https:\/\/gysfm.com.ar\/inicio\/echaron-a-carlos-frugoni-el-funcionario-que-omitio-siete-propiedades-en-miami-en-su-declaracion-jurada\/#breadcrumb"},"inLanguage":"es","potentialAction":[{"@type":"ReadAction","target":["https:\/\/gysfm.com.ar\/inicio\/echaron-a-carlos-frugoni-el-funcionario-que-omitio-siete-propiedades-en-miami-en-su-declaracion-jurada\/"]}]},{"@type":"ImageObject","inLanguage":"es","@id":"https:\/\/gysfm.com.ar\/inicio\/echaron-a-carlos-frugoni-el-funcionario-que-omitio-siete-propiedades-en-miami-en-su-declaracion-jurada\/#primaryimage","url":"https:\/\/gysfm.com.ar\/inicio\/wp-content\/uploads\/2026\/04\/carlos-frugoni-22042026-2225789.jpg","contentUrl":"https:\/\/gysfm.com.ar\/inicio\/wp-content\/uploads\/2026\/04\/carlos-frugoni-22042026-2225789.jpg","width":1140,"height":641},{"@type":"BreadcrumbList","@id":"https:\/\/gysfm.com.ar\/inicio\/echaron-a-carlos-frugoni-el-funcionario-que-omitio-siete-propiedades-en-miami-en-su-declaracion-jurada\/#breadcrumb","itemListElement":[{"@type":"ListItem","position":1,"name":"Portada","item":"https:\/\/gysfm.com.ar\/inicio\/"},{"@type":"ListItem","position":2,"name":"Echaron a Carlos Frugoni, el funcionario que omiti\u00f3 siete propiedades en Miami en su declaraci\u00f3n jurada"}]},{"@type":"WebSite","@id":"https:\/\/gysfm.com.ar\/inicio\/#website","url":"https:\/\/gysfm.com.ar\/inicio\/","name":"GYS NOTICIAS |","description":"DIARIO - RADIO ONLINE SAN JUAN ARGENTINA","publisher":{"@id":"https:\/\/gysfm.com.ar\/inicio\/#organization"},"potentialAction":[{"@type":"SearchAction","target":{"@type":"EntryPoint","urlTemplate":"https:\/\/gysfm.com.ar\/inicio\/?s={search_term_string}"},"query-input":{"@type":"PropertyValueSpecification","valueRequired":true,"valueName":"search_term_string"}}],"inLanguage":"es"},{"@type":"Organization","@id":"https:\/\/gysfm.com.ar\/inicio\/#organization","name":"GYS NOTICIAS |","url":"https:\/\/gysfm.com.ar\/inicio\/","logo":{"@type":"ImageObject","inLanguage":"es","@id":"https:\/\/gysfm.com.ar\/inicio\/#\/schema\/logo\/image\/","url":"https:\/\/gysfm.com.ar\/inicio\/wp-content\/uploads\/2023\/07\/LOGOGYS-OK.png","contentUrl":"https:\/\/gysfm.com.ar\/inicio\/wp-content\/uploads\/2023\/07\/LOGOGYS-OK.png","width":1170,"height":872,"caption":"GYS NOTICIAS |"},"image":{"@id":"https:\/\/gysfm.com.ar\/inicio\/#\/schema\/logo\/image\/"}},{"@type":"Person","@id":"https:\/\/gysfm.com.ar\/inicio\/#\/schema\/person\/3abba7593ef2ad19e1be221d54383dc5","name":"Prensa G&amp;S FM","image":{"@type":"ImageObject","inLanguage":"es","@id":"https:\/\/gysfm.com.ar\/inicio\/#\/schema\/person\/image\/","url":"https:\/\/secure.gravatar.com\/avatar\/096ec78df02049ab018702bb4ccedf659377fa92a26540b5247612077a0dbd29?s=96&d=mm&r=g","contentUrl":"https:\/\/secure.gravatar.com\/avatar\/096ec78df02049ab018702bb4ccedf659377fa92a26540b5247612077a0dbd29?s=96&d=mm&r=g","caption":"Prensa G&amp;S FM"},"sameAs":["https:\/\/gysfm.com.ar\/"],"url":"https:\/\/gysfm.com.ar\/inicio\/author\/lucasm\/"}]}},"_links":{"self":[{"href":"https:\/\/gysfm.com.ar\/inicio\/wp-json\/wp\/v2\/posts\/193315","targetHints":{"allow":["GET"]}}],"collection":[{"href":"https:\/\/gysfm.com.ar\/inicio\/wp-json\/wp\/v2\/posts"}],"about":[{"href":"https:\/\/gysfm.com.ar\/inicio\/wp-json\/wp\/v2\/types\/post"}],"author":[{"embeddable":true,"href":"https:\/\/gysfm.com.ar\/inicio\/wp-json\/wp\/v2\/users\/2"}],"replies":[{"embeddable":true,"href":"https:\/\/gysfm.com.ar\/inicio\/wp-json\/wp\/v2\/comments?post=193315"}],"version-history":[{"count":0,"href":"https:\/\/gysfm.com.ar\/inicio\/wp-json\/wp\/v2\/posts\/193315\/revisions"}],"wp:featuredmedia":[{"embeddable":true,"href":"https:\/\/gysfm.com.ar\/inicio\/wp-json\/wp\/v2\/media\/192432"}],"wp:attachment":[{"href":"https:\/\/gysfm.com.ar\/inicio\/wp-json\/wp\/v2\/media?parent=193315"}],"wp:term":[{"taxonomy":"category","embeddable":true,"href":"https:\/\/gysfm.com.ar\/inicio\/wp-json\/wp\/v2\/categories?post=193315"},{"taxonomy":"post_tag","embeddable":true,"href":"https:\/\/gysfm.com.ar\/inicio\/wp-json\/wp\/v2\/tags?post=193315"}],"curies":[{"name":"wp","href":"https:\/\/api.w.org\/{rel}","templated":true}]}}