{"id":193312,"date":"2026-04-27T15:30:47","date_gmt":"2026-04-27T18:30:47","guid":{"rendered":"https:\/\/gysfm.com.ar\/inicio\/el-consumo-masivo-tuvo-un-leve-rebote-en-el-primer-trimestre-traccionado-por-alimentos-y-bebidas-segun-un-informe-privado\/"},"modified":"2026-04-27T15:30:48","modified_gmt":"2026-04-27T18:30:48","slug":"el-consumo-masivo-tuvo-un-leve-rebote-en-el-primer-trimestre-traccionado-por-alimentos-y-bebidas-segun-un-informe-privado","status":"publish","type":"post","link":"https:\/\/gysfm.com.ar\/inicio\/el-consumo-masivo-tuvo-un-leve-rebote-en-el-primer-trimestre-traccionado-por-alimentos-y-bebidas-segun-un-informe-privado\/","title":{"rendered":"El consumo masivo tuvo un leve rebote en el primer trimestre traccionado por alimentos y bebidas, seg\u00fan un informe privado"},"content":{"rendered":"<p><\/p>\n<div>\n<p class=\"com-paragraph  --capital --s\">El <strong>consumo<\/strong> masivo habr\u00eda mostrado una recuperaci\u00f3n en el <strong>bimestre febrero-marzo<\/strong>, seg\u00fan un informe de NielsenIQ. De acuerdo con la empresa especializada en el an\u00e1lisis del comportamiento de compra a trav\u00e9s de datos omnicanal, en ese per\u00edodo se registr\u00f3 un<strong> crecimiento del 1,5% en comparaci\u00f3n con el mismo lapso del a\u00f1o anterior.<\/strong><\/p>\n<p class=\"com-paragraph   --s\">En tanto, el <strong>acumulado de 2026 <\/strong>se ubica un<strong> 1% por encima de igual per\u00edodo de 2025.<\/strong><\/p>\n<p class=\"com-paragraph   --s\">En el bimestre febrero-marzo,<strong> el rubro alimentos creci\u00f3 un 2,2%, <\/strong>impulsado por golosinas (7,7%), alimentos b\u00e1sicos (0,8%) y no b\u00e1sicos (0,3%). Por su parte, las <strong>bebidas avanzaron un 2,4%, <\/strong>traccionadas por las no alcoh\u00f3licas (2,2%) y las alcoh\u00f3licas (3%).<\/p>\n<p class=\"com-paragraph   --s\"><strong>\u201cHoy, en el consumo total se observa un leve brote verde. Hay una tasa que comienza a revertirse\u201d<\/strong>, dijo Dami\u00e1n Graziano, director comercial de NielsenIQ para la Argentina, Uruguay, Bolivia y Paraguay, en declaraciones radiales.<\/p>\n<p class=\"com-paragraph   --s\">El ejecutivo explic\u00f3 que entre junio y julio de 2025 se inici\u00f3 una desaceleraci\u00f3n que se profundiz\u00f3 hacia fin de a\u00f1o. \u201c<mark class=\"hl_underline\">La tendencia se fue debilitando hasta llegar a unas fiestas y un verano complejos<\/mark>, en los que las tasas de recuperaci\u00f3n pr\u00e1cticamente desaparecieron y tendieron a cero. Sin embargo, en marzo se produjo un<strong> repunte impulsado por alimentos y bebidas, no solo por golosinas y <\/strong><em><strong>snacks<\/strong><\/em><strong>, sino tambi\u00e9n por productos b\u00e1sicos\u201d<\/strong>, detall\u00f3.<\/p>\n<p class=\"com-paragraph   --s\">Si bien Graziano indic\u00f3 que <strong>comienza a vislumbrarse una recuperaci\u00f3n, <\/strong>advirti\u00f3 que mantienen una mirada cautelosa. La raz\u00f3n es que en los pr\u00f3ximos meses la comparaci\u00f3n ser\u00e1 contra bases m\u00e1s elevadas.<\/p>\n<p class=\"com-paragraph   --s\">Respecto de los precios, Graziano se\u00f1al\u00f3 que en los <strong>autoservicios <\/strong>se registran variaciones menores, lo que resulta atractivo para los consumidores.<\/p>\n<p class=\"com-paragraph   --s\">\u201cSe observa un cambio en los h\u00e1bitos de consumo. <strong>El cliente se est\u00e1 alejando de las grandes cadenas<\/strong> y de las compras voluminosas, en un contexto de mayor restricci\u00f3n presupuestaria. <a href=\"https:\/\/www.lanacion.com.ar\/economia\/tiempos-de-restriccion-control-y-sensatez-nid06042026\/\" target=\"_self\" title=\"https:\/\/www.lanacion.com.ar\/economia\/tiempos-de-restriccion-control-y-sensatez-nid06042026\/\" class=\"com-link break-word\" data-mrf-recirculation=\"n_link_parrafo\">\u00bfC\u00f3mo controlan el gasto? Compran cuando lo necesitan\u201d, <\/a>explic\u00f3.<\/p>\n<p class=\"com-paragraph   --s\">En esa l\u00ednea, agreg\u00f3 que aumenta la frecuencia de visitas a comercios m\u00e1s peque\u00f1os, como almacenes de barrio o autoservicios. <strong>All\u00ed, las variaciones de precios son algo menores y, adem\u00e1s, hay mayor variedad de productos, ya que los fabricantes necesitan colocar la mercader\u00eda.<\/strong><\/p>\n<p class=\"com-paragraph   --s\">En febrero y marzo, los precios crecieron un 25% respecto del mismo per\u00edodo del a\u00f1o pasado. El<strong> canal moderno (-4,7%) <\/strong>continu\u00f3 mostrando una contracci\u00f3n en el consumo frente al mismo bimestre del a\u00f1o anterior, mientras que el <strong>canal tradicional creci\u00f3 un 6,9%.<\/strong><\/p>\n<p class=\"com-paragraph   --s\">Por otro lado, Graziano destac\u00f3 que existe una <strong>correlaci\u00f3n entre el aumento del gasto en servicios y la ca\u00edda del consumo masivo.<\/strong> \u201cEs casi uno a uno\u201d, afirm\u00f3.<\/p>\n<p class=\"com-paragraph   --s\">Al analizar la evoluci\u00f3n entre el Gran Buenos Aires y el interior del pa\u00eds, se\u00f1al\u00f3 que el consumo masivo comienza a relegarse en paralelo con la quita de subsidios. A esto se suma una menor disponibilidad de ingresos y una retracci\u00f3n general.<\/p>\n<p class=\"com-paragraph   --s\">\u201cHoy, <mark class=\"hl_underline\">una parte de la clase media y media alta no prioriza el consumo, sino decisiones como cambiar el auto, viajar al exterior o acceder al cr\u00e9dito<\/mark>, para lo cual necesita ahorrar. El consumo masivo y los bienes durables han perdido participaci\u00f3n en el gasto, especialmente en zonas urbanas, en particular en el Gran Buenos Aires\u201d, concluy\u00f3.<\/p>\n<section class=\"container-center-100 mb-40 border border-bottom border-thin border-neutral-light-700\">\n<hr\/>\n<\/section>\n<\/div>\n<p><script id=\"facebookpixel\" defer=\"\" type=\"text\/javascript\">\n        !function(f,b,e,v,n,t,s)\n        {if(f.fbq)return;n=f.fbq=function(){n.callMethod?\n        n.callMethod.apply(n,arguments):n.queue.push(arguments)};\n        if(!f._fbq)f._fbq=n;n.push=n;n.loaded=!0;n.version='2.0';\n        n.queue=[];t=b.createElement(e);t.async=!0;\n        t.src=v;s=b.getElementsByTagName(e)[0];\n        s.parentNode.insertBefore(t,s)}(window, document,'script',\n        'https:\/\/connect.facebook.net\/en_US\/fbevents.js');\n        fbq('init', '492459597522335');\n        fbq('track', 'PageView');\n    <\/script><\/p>\n","protected":false},"excerpt":{"rendered":"<p>El consumo masivo habr\u00eda mostrado una recuperaci\u00f3n en el bimestre febrero-marzo, seg\u00fan un informe de NielsenIQ. De acuerdo con la empresa especializada en el an\u00e1lisis del comportamiento de compra a trav\u00e9s de datos omnicanal, en ese per\u00edodo se registr\u00f3 un crecimiento del 1,5% en comparaci\u00f3n con el mismo lapso del a\u00f1o anterior. En tanto, el [&hellip;]<\/p>\n","protected":false},"author":1,"featured_media":193313,"comment_status":"closed","ping_status":"closed","sticky":false,"template":"","format":"standard","meta":{"footnotes":""},"categories":[28],"tags":[],"class_list":["post-193312","post","type-post","status-publish","format-standard","has-post-thumbnail","hentry","category-economia"],"yoast_head":"<!-- This site is optimized with the Yoast SEO plugin v24.4 - https:\/\/yoast.com\/wordpress\/plugins\/seo\/ -->\n<title>El consumo masivo tuvo un leve rebote en el primer trimestre traccionado por alimentos y bebidas, seg\u00fan un informe privado - GYS NOTICIAS |<\/title>\n<meta name=\"robots\" content=\"index, follow, max-snippet:-1, max-image-preview:large, max-video-preview:-1\" \/>\n<link rel=\"canonical\" href=\"https:\/\/gysfm.com.ar\/inicio\/el-consumo-masivo-tuvo-un-leve-rebote-en-el-primer-trimestre-traccionado-por-alimentos-y-bebidas-segun-un-informe-privado\/\" \/>\n<meta property=\"og:locale\" content=\"es_ES\" \/>\n<meta property=\"og:type\" content=\"article\" \/>\n<meta property=\"og:title\" content=\"El consumo masivo tuvo un leve rebote en el primer trimestre traccionado por alimentos y bebidas, seg\u00fan un informe privado - GYS NOTICIAS |\" \/>\n<meta property=\"og:description\" content=\"El consumo masivo habr\u00eda mostrado una recuperaci\u00f3n en el bimestre febrero-marzo, seg\u00fan un informe de NielsenIQ. De acuerdo con la empresa especializada en el an\u00e1lisis del comportamiento de compra a trav\u00e9s de datos omnicanal, en ese per\u00edodo se registr\u00f3 un crecimiento del 1,5% en comparaci\u00f3n con el mismo lapso del a\u00f1o anterior. En tanto, el [&hellip;]\" \/>\n<meta property=\"og:url\" content=\"https:\/\/gysfm.com.ar\/inicio\/el-consumo-masivo-tuvo-un-leve-rebote-en-el-primer-trimestre-traccionado-por-alimentos-y-bebidas-segun-un-informe-privado\/\" \/>\n<meta property=\"og:site_name\" content=\"GYS NOTICIAS |\" \/>\n<meta property=\"article:published_time\" content=\"2026-04-27T18:30:47+00:00\" \/>\n<meta property=\"article:modified_time\" content=\"2026-04-27T18:30:48+00:00\" \/>\n<meta property=\"og:image\" content=\"https:\/\/gysfm.com.ar\/inicio\/wp-content\/uploads\/2026\/04\/en-los-autoservicios-las-variaciones-de-precios-PUGY3JHOHNDJBNEYK62VJMHIC4.JPG\" \/>\n\t<meta property=\"og:image:width\" content=\"1200\" \/>\n\t<meta property=\"og:image:height\" content=\"800\" \/>\n\t<meta property=\"og:image:type\" content=\"image\/jpeg\" \/>\n<meta name=\"author\" content=\"admin\" \/>\n<meta name=\"twitter:card\" content=\"summary_large_image\" \/>\n<meta name=\"twitter:label1\" content=\"Escrito por\" \/>\n\t<meta name=\"twitter:data1\" content=\"admin\" \/>\n\t<meta name=\"twitter:label2\" content=\"Tiempo de lectura\" \/>\n\t<meta name=\"twitter:data2\" content=\"3 minutos\" \/>\n<script type=\"application\/ld+json\" class=\"yoast-schema-graph\">{\"@context\":\"https:\/\/schema.org\",\"@graph\":[{\"@type\":\"Article\",\"@id\":\"https:\/\/gysfm.com.ar\/inicio\/el-consumo-masivo-tuvo-un-leve-rebote-en-el-primer-trimestre-traccionado-por-alimentos-y-bebidas-segun-un-informe-privado\/#article\",\"isPartOf\":{\"@id\":\"https:\/\/gysfm.com.ar\/inicio\/el-consumo-masivo-tuvo-un-leve-rebote-en-el-primer-trimestre-traccionado-por-alimentos-y-bebidas-segun-un-informe-privado\/\"},\"author\":{\"name\":\"admin\",\"@id\":\"https:\/\/gysfm.com.ar\/inicio\/#\/schema\/person\/5bedd7ecd35cc35548d89effafa23696\"},\"headline\":\"El consumo masivo tuvo un leve rebote en el primer trimestre traccionado por alimentos y bebidas, seg\u00fan un informe privado\",\"datePublished\":\"2026-04-27T18:30:47+00:00\",\"dateModified\":\"2026-04-27T18:30:48+00:00\",\"mainEntityOfPage\":{\"@id\":\"https:\/\/gysfm.com.ar\/inicio\/el-consumo-masivo-tuvo-un-leve-rebote-en-el-primer-trimestre-traccionado-por-alimentos-y-bebidas-segun-un-informe-privado\/\"},\"wordCount\":572,\"publisher\":{\"@id\":\"https:\/\/gysfm.com.ar\/inicio\/#organization\"},\"image\":{\"@id\":\"https:\/\/gysfm.com.ar\/inicio\/el-consumo-masivo-tuvo-un-leve-rebote-en-el-primer-trimestre-traccionado-por-alimentos-y-bebidas-segun-un-informe-privado\/#primaryimage\"},\"thumbnailUrl\":\"https:\/\/gysfm.com.ar\/inicio\/wp-content\/uploads\/2026\/04\/en-los-autoservicios-las-variaciones-de-precios-PUGY3JHOHNDJBNEYK62VJMHIC4.JPG\",\"articleSection\":[\"ECONOMIA\"],\"inLanguage\":\"es\"},{\"@type\":\"WebPage\",\"@id\":\"https:\/\/gysfm.com.ar\/inicio\/el-consumo-masivo-tuvo-un-leve-rebote-en-el-primer-trimestre-traccionado-por-alimentos-y-bebidas-segun-un-informe-privado\/\",\"url\":\"https:\/\/gysfm.com.ar\/inicio\/el-consumo-masivo-tuvo-un-leve-rebote-en-el-primer-trimestre-traccionado-por-alimentos-y-bebidas-segun-un-informe-privado\/\",\"name\":\"El consumo masivo tuvo un leve rebote en el primer trimestre traccionado por alimentos y bebidas, seg\u00fan un informe privado - GYS NOTICIAS |\",\"isPartOf\":{\"@id\":\"https:\/\/gysfm.com.ar\/inicio\/#website\"},\"primaryImageOfPage\":{\"@id\":\"https:\/\/gysfm.com.ar\/inicio\/el-consumo-masivo-tuvo-un-leve-rebote-en-el-primer-trimestre-traccionado-por-alimentos-y-bebidas-segun-un-informe-privado\/#primaryimage\"},\"image\":{\"@id\":\"https:\/\/gysfm.com.ar\/inicio\/el-consumo-masivo-tuvo-un-leve-rebote-en-el-primer-trimestre-traccionado-por-alimentos-y-bebidas-segun-un-informe-privado\/#primaryimage\"},\"thumbnailUrl\":\"https:\/\/gysfm.com.ar\/inicio\/wp-content\/uploads\/2026\/04\/en-los-autoservicios-las-variaciones-de-precios-PUGY3JHOHNDJBNEYK62VJMHIC4.JPG\",\"datePublished\":\"2026-04-27T18:30:47+00:00\",\"dateModified\":\"2026-04-27T18:30:48+00:00\",\"breadcrumb\":{\"@id\":\"https:\/\/gysfm.com.ar\/inicio\/el-consumo-masivo-tuvo-un-leve-rebote-en-el-primer-trimestre-traccionado-por-alimentos-y-bebidas-segun-un-informe-privado\/#breadcrumb\"},\"inLanguage\":\"es\",\"potentialAction\":[{\"@type\":\"ReadAction\",\"target\":[\"https:\/\/gysfm.com.ar\/inicio\/el-consumo-masivo-tuvo-un-leve-rebote-en-el-primer-trimestre-traccionado-por-alimentos-y-bebidas-segun-un-informe-privado\/\"]}]},{\"@type\":\"ImageObject\",\"inLanguage\":\"es\",\"@id\":\"https:\/\/gysfm.com.ar\/inicio\/el-consumo-masivo-tuvo-un-leve-rebote-en-el-primer-trimestre-traccionado-por-alimentos-y-bebidas-segun-un-informe-privado\/#primaryimage\",\"url\":\"https:\/\/gysfm.com.ar\/inicio\/wp-content\/uploads\/2026\/04\/en-los-autoservicios-las-variaciones-de-precios-PUGY3JHOHNDJBNEYK62VJMHIC4.JPG\",\"contentUrl\":\"https:\/\/gysfm.com.ar\/inicio\/wp-content\/uploads\/2026\/04\/en-los-autoservicios-las-variaciones-de-precios-PUGY3JHOHNDJBNEYK62VJMHIC4.JPG\",\"width\":1200,\"height\":800},{\"@type\":\"BreadcrumbList\",\"@id\":\"https:\/\/gysfm.com.ar\/inicio\/el-consumo-masivo-tuvo-un-leve-rebote-en-el-primer-trimestre-traccionado-por-alimentos-y-bebidas-segun-un-informe-privado\/#breadcrumb\",\"itemListElement\":[{\"@type\":\"ListItem\",\"position\":1,\"name\":\"Portada\",\"item\":\"https:\/\/gysfm.com.ar\/inicio\/\"},{\"@type\":\"ListItem\",\"position\":2,\"name\":\"El consumo masivo tuvo un leve rebote en el primer trimestre traccionado por alimentos y bebidas, seg\u00fan un informe privado\"}]},{\"@type\":\"WebSite\",\"@id\":\"https:\/\/gysfm.com.ar\/inicio\/#website\",\"url\":\"https:\/\/gysfm.com.ar\/inicio\/\",\"name\":\"GYS NOTICIAS |\",\"description\":\"DIARIO - RADIO ONLINE SAN JUAN ARGENTINA\",\"publisher\":{\"@id\":\"https:\/\/gysfm.com.ar\/inicio\/#organization\"},\"potentialAction\":[{\"@type\":\"SearchAction\",\"target\":{\"@type\":\"EntryPoint\",\"urlTemplate\":\"https:\/\/gysfm.com.ar\/inicio\/?s={search_term_string}\"},\"query-input\":{\"@type\":\"PropertyValueSpecification\",\"valueRequired\":true,\"valueName\":\"search_term_string\"}}],\"inLanguage\":\"es\"},{\"@type\":\"Organization\",\"@id\":\"https:\/\/gysfm.com.ar\/inicio\/#organization\",\"name\":\"GYS NOTICIAS |\",\"url\":\"https:\/\/gysfm.com.ar\/inicio\/\",\"logo\":{\"@type\":\"ImageObject\",\"inLanguage\":\"es\",\"@id\":\"https:\/\/gysfm.com.ar\/inicio\/#\/schema\/logo\/image\/\",\"url\":\"https:\/\/gysfm.com.ar\/inicio\/wp-content\/uploads\/2023\/07\/LOGOGYS-OK.png\",\"contentUrl\":\"https:\/\/gysfm.com.ar\/inicio\/wp-content\/uploads\/2023\/07\/LOGOGYS-OK.png\",\"width\":1170,\"height\":872,\"caption\":\"GYS NOTICIAS |\"},\"image\":{\"@id\":\"https:\/\/gysfm.com.ar\/inicio\/#\/schema\/logo\/image\/\"}},{\"@type\":\"Person\",\"@id\":\"https:\/\/gysfm.com.ar\/inicio\/#\/schema\/person\/5bedd7ecd35cc35548d89effafa23696\",\"name\":\"admin\",\"image\":{\"@type\":\"ImageObject\",\"inLanguage\":\"es\",\"@id\":\"https:\/\/gysfm.com.ar\/inicio\/#\/schema\/person\/image\/\",\"url\":\"https:\/\/secure.gravatar.com\/avatar\/c331d312b5243fb64d5ba28108a447b27c925295129a363082c9ea52c28d32c2?s=96&d=mm&r=g\",\"contentUrl\":\"https:\/\/secure.gravatar.com\/avatar\/c331d312b5243fb64d5ba28108a447b27c925295129a363082c9ea52c28d32c2?s=96&d=mm&r=g\",\"caption\":\"admin\"},\"sameAs\":[\"https:\/\/gysfm.com.ar\/inicio\"],\"url\":\"https:\/\/gysfm.com.ar\/inicio\/author\/admin\/\"}]}<\/script>\n<!-- \/ Yoast SEO plugin. -->","yoast_head_json":{"title":"El consumo masivo tuvo un leve rebote en el primer trimestre traccionado por alimentos y bebidas, seg\u00fan un informe privado - GYS NOTICIAS |","robots":{"index":"index","follow":"follow","max-snippet":"max-snippet:-1","max-image-preview":"max-image-preview:large","max-video-preview":"max-video-preview:-1"},"canonical":"https:\/\/gysfm.com.ar\/inicio\/el-consumo-masivo-tuvo-un-leve-rebote-en-el-primer-trimestre-traccionado-por-alimentos-y-bebidas-segun-un-informe-privado\/","og_locale":"es_ES","og_type":"article","og_title":"El consumo masivo tuvo un leve rebote en el primer trimestre traccionado por alimentos y bebidas, seg\u00fan un informe privado - GYS NOTICIAS |","og_description":"El consumo masivo habr\u00eda mostrado una recuperaci\u00f3n en el bimestre febrero-marzo, seg\u00fan un informe de NielsenIQ. De acuerdo con la empresa especializada en el an\u00e1lisis del comportamiento de compra a trav\u00e9s de datos omnicanal, en ese per\u00edodo se registr\u00f3 un crecimiento del 1,5% en comparaci\u00f3n con el mismo lapso del a\u00f1o anterior. En tanto, el [&hellip;]","og_url":"https:\/\/gysfm.com.ar\/inicio\/el-consumo-masivo-tuvo-un-leve-rebote-en-el-primer-trimestre-traccionado-por-alimentos-y-bebidas-segun-un-informe-privado\/","og_site_name":"GYS NOTICIAS |","article_published_time":"2026-04-27T18:30:47+00:00","article_modified_time":"2026-04-27T18:30:48+00:00","og_image":[{"width":1200,"height":800,"url":"https:\/\/gysfm.com.ar\/inicio\/wp-content\/uploads\/2026\/04\/en-los-autoservicios-las-variaciones-de-precios-PUGY3JHOHNDJBNEYK62VJMHIC4.JPG","type":"image\/jpeg"}],"author":"admin","twitter_card":"summary_large_image","twitter_misc":{"Escrito por":"admin","Tiempo de lectura":"3 minutos"},"schema":{"@context":"https:\/\/schema.org","@graph":[{"@type":"Article","@id":"https:\/\/gysfm.com.ar\/inicio\/el-consumo-masivo-tuvo-un-leve-rebote-en-el-primer-trimestre-traccionado-por-alimentos-y-bebidas-segun-un-informe-privado\/#article","isPartOf":{"@id":"https:\/\/gysfm.com.ar\/inicio\/el-consumo-masivo-tuvo-un-leve-rebote-en-el-primer-trimestre-traccionado-por-alimentos-y-bebidas-segun-un-informe-privado\/"},"author":{"name":"admin","@id":"https:\/\/gysfm.com.ar\/inicio\/#\/schema\/person\/5bedd7ecd35cc35548d89effafa23696"},"headline":"El consumo masivo tuvo un leve rebote en el primer trimestre traccionado por alimentos y bebidas, seg\u00fan un informe privado","datePublished":"2026-04-27T18:30:47+00:00","dateModified":"2026-04-27T18:30:48+00:00","mainEntityOfPage":{"@id":"https:\/\/gysfm.com.ar\/inicio\/el-consumo-masivo-tuvo-un-leve-rebote-en-el-primer-trimestre-traccionado-por-alimentos-y-bebidas-segun-un-informe-privado\/"},"wordCount":572,"publisher":{"@id":"https:\/\/gysfm.com.ar\/inicio\/#organization"},"image":{"@id":"https:\/\/gysfm.com.ar\/inicio\/el-consumo-masivo-tuvo-un-leve-rebote-en-el-primer-trimestre-traccionado-por-alimentos-y-bebidas-segun-un-informe-privado\/#primaryimage"},"thumbnailUrl":"https:\/\/gysfm.com.ar\/inicio\/wp-content\/uploads\/2026\/04\/en-los-autoservicios-las-variaciones-de-precios-PUGY3JHOHNDJBNEYK62VJMHIC4.JPG","articleSection":["ECONOMIA"],"inLanguage":"es"},{"@type":"WebPage","@id":"https:\/\/gysfm.com.ar\/inicio\/el-consumo-masivo-tuvo-un-leve-rebote-en-el-primer-trimestre-traccionado-por-alimentos-y-bebidas-segun-un-informe-privado\/","url":"https:\/\/gysfm.com.ar\/inicio\/el-consumo-masivo-tuvo-un-leve-rebote-en-el-primer-trimestre-traccionado-por-alimentos-y-bebidas-segun-un-informe-privado\/","name":"El consumo masivo tuvo un leve rebote en el primer trimestre traccionado por alimentos y bebidas, seg\u00fan un informe privado - GYS NOTICIAS |","isPartOf":{"@id":"https:\/\/gysfm.com.ar\/inicio\/#website"},"primaryImageOfPage":{"@id":"https:\/\/gysfm.com.ar\/inicio\/el-consumo-masivo-tuvo-un-leve-rebote-en-el-primer-trimestre-traccionado-por-alimentos-y-bebidas-segun-un-informe-privado\/#primaryimage"},"image":{"@id":"https:\/\/gysfm.com.ar\/inicio\/el-consumo-masivo-tuvo-un-leve-rebote-en-el-primer-trimestre-traccionado-por-alimentos-y-bebidas-segun-un-informe-privado\/#primaryimage"},"thumbnailUrl":"https:\/\/gysfm.com.ar\/inicio\/wp-content\/uploads\/2026\/04\/en-los-autoservicios-las-variaciones-de-precios-PUGY3JHOHNDJBNEYK62VJMHIC4.JPG","datePublished":"2026-04-27T18:30:47+00:00","dateModified":"2026-04-27T18:30:48+00:00","breadcrumb":{"@id":"https:\/\/gysfm.com.ar\/inicio\/el-consumo-masivo-tuvo-un-leve-rebote-en-el-primer-trimestre-traccionado-por-alimentos-y-bebidas-segun-un-informe-privado\/#breadcrumb"},"inLanguage":"es","potentialAction":[{"@type":"ReadAction","target":["https:\/\/gysfm.com.ar\/inicio\/el-consumo-masivo-tuvo-un-leve-rebote-en-el-primer-trimestre-traccionado-por-alimentos-y-bebidas-segun-un-informe-privado\/"]}]},{"@type":"ImageObject","inLanguage":"es","@id":"https:\/\/gysfm.com.ar\/inicio\/el-consumo-masivo-tuvo-un-leve-rebote-en-el-primer-trimestre-traccionado-por-alimentos-y-bebidas-segun-un-informe-privado\/#primaryimage","url":"https:\/\/gysfm.com.ar\/inicio\/wp-content\/uploads\/2026\/04\/en-los-autoservicios-las-variaciones-de-precios-PUGY3JHOHNDJBNEYK62VJMHIC4.JPG","contentUrl":"https:\/\/gysfm.com.ar\/inicio\/wp-content\/uploads\/2026\/04\/en-los-autoservicios-las-variaciones-de-precios-PUGY3JHOHNDJBNEYK62VJMHIC4.JPG","width":1200,"height":800},{"@type":"BreadcrumbList","@id":"https:\/\/gysfm.com.ar\/inicio\/el-consumo-masivo-tuvo-un-leve-rebote-en-el-primer-trimestre-traccionado-por-alimentos-y-bebidas-segun-un-informe-privado\/#breadcrumb","itemListElement":[{"@type":"ListItem","position":1,"name":"Portada","item":"https:\/\/gysfm.com.ar\/inicio\/"},{"@type":"ListItem","position":2,"name":"El consumo masivo tuvo un leve rebote en el primer trimestre traccionado por alimentos y bebidas, seg\u00fan un informe privado"}]},{"@type":"WebSite","@id":"https:\/\/gysfm.com.ar\/inicio\/#website","url":"https:\/\/gysfm.com.ar\/inicio\/","name":"GYS NOTICIAS |","description":"DIARIO - RADIO ONLINE SAN JUAN ARGENTINA","publisher":{"@id":"https:\/\/gysfm.com.ar\/inicio\/#organization"},"potentialAction":[{"@type":"SearchAction","target":{"@type":"EntryPoint","urlTemplate":"https:\/\/gysfm.com.ar\/inicio\/?s={search_term_string}"},"query-input":{"@type":"PropertyValueSpecification","valueRequired":true,"valueName":"search_term_string"}}],"inLanguage":"es"},{"@type":"Organization","@id":"https:\/\/gysfm.com.ar\/inicio\/#organization","name":"GYS NOTICIAS |","url":"https:\/\/gysfm.com.ar\/inicio\/","logo":{"@type":"ImageObject","inLanguage":"es","@id":"https:\/\/gysfm.com.ar\/inicio\/#\/schema\/logo\/image\/","url":"https:\/\/gysfm.com.ar\/inicio\/wp-content\/uploads\/2023\/07\/LOGOGYS-OK.png","contentUrl":"https:\/\/gysfm.com.ar\/inicio\/wp-content\/uploads\/2023\/07\/LOGOGYS-OK.png","width":1170,"height":872,"caption":"GYS NOTICIAS |"},"image":{"@id":"https:\/\/gysfm.com.ar\/inicio\/#\/schema\/logo\/image\/"}},{"@type":"Person","@id":"https:\/\/gysfm.com.ar\/inicio\/#\/schema\/person\/5bedd7ecd35cc35548d89effafa23696","name":"admin","image":{"@type":"ImageObject","inLanguage":"es","@id":"https:\/\/gysfm.com.ar\/inicio\/#\/schema\/person\/image\/","url":"https:\/\/secure.gravatar.com\/avatar\/c331d312b5243fb64d5ba28108a447b27c925295129a363082c9ea52c28d32c2?s=96&d=mm&r=g","contentUrl":"https:\/\/secure.gravatar.com\/avatar\/c331d312b5243fb64d5ba28108a447b27c925295129a363082c9ea52c28d32c2?s=96&d=mm&r=g","caption":"admin"},"sameAs":["https:\/\/gysfm.com.ar\/inicio"],"url":"https:\/\/gysfm.com.ar\/inicio\/author\/admin\/"}]}},"_links":{"self":[{"href":"https:\/\/gysfm.com.ar\/inicio\/wp-json\/wp\/v2\/posts\/193312","targetHints":{"allow":["GET"]}}],"collection":[{"href":"https:\/\/gysfm.com.ar\/inicio\/wp-json\/wp\/v2\/posts"}],"about":[{"href":"https:\/\/gysfm.com.ar\/inicio\/wp-json\/wp\/v2\/types\/post"}],"author":[{"embeddable":true,"href":"https:\/\/gysfm.com.ar\/inicio\/wp-json\/wp\/v2\/users\/1"}],"replies":[{"embeddable":true,"href":"https:\/\/gysfm.com.ar\/inicio\/wp-json\/wp\/v2\/comments?post=193312"}],"version-history":[{"count":1,"href":"https:\/\/gysfm.com.ar\/inicio\/wp-json\/wp\/v2\/posts\/193312\/revisions"}],"predecessor-version":[{"id":193314,"href":"https:\/\/gysfm.com.ar\/inicio\/wp-json\/wp\/v2\/posts\/193312\/revisions\/193314"}],"wp:featuredmedia":[{"embeddable":true,"href":"https:\/\/gysfm.com.ar\/inicio\/wp-json\/wp\/v2\/media\/193313"}],"wp:attachment":[{"href":"https:\/\/gysfm.com.ar\/inicio\/wp-json\/wp\/v2\/media?parent=193312"}],"wp:term":[{"taxonomy":"category","embeddable":true,"href":"https:\/\/gysfm.com.ar\/inicio\/wp-json\/wp\/v2\/categories?post=193312"},{"taxonomy":"post_tag","embeddable":true,"href":"https:\/\/gysfm.com.ar\/inicio\/wp-json\/wp\/v2\/tags?post=193312"}],"curies":[{"name":"wp","href":"https:\/\/api.w.org\/{rel}","templated":true}]}}