{"id":193309,"date":"2026-04-27T15:29:34","date_gmt":"2026-04-27T18:29:34","guid":{"rendered":"https:\/\/gysfm.com.ar\/inicio\/las-causas-que-inflaman-la-violencia-politica-en-ee-uu-y-las-alertas-que-surgen-hacia-las-elecciones-de-medio-termino\/"},"modified":"2026-04-27T15:29:36","modified_gmt":"2026-04-27T18:29:36","slug":"las-causas-que-inflaman-la-violencia-politica-en-ee-uu-y-las-alertas-que-surgen-hacia-las-elecciones-de-medio-termino","status":"publish","type":"post","link":"https:\/\/gysfm.com.ar\/inicio\/las-causas-que-inflaman-la-violencia-politica-en-ee-uu-y-las-alertas-que-surgen-hacia-las-elecciones-de-medio-termino\/","title":{"rendered":"Las causas que inflaman la violencia pol\u00edtica en EE.UU. y las alertas que surgen hacia las elecciones de medio t\u00e9rmino"},"content":{"rendered":"<p> <br \/>\n<\/p>\n<div>\n<p class=\"com-paragraph  --capital --s\">WASHINGTON.- Minutos despu\u00e9s de ser <a href=\"https:\/\/www.lanacion.com.ar\/estados-unidos\/conmocion-en-washington-investigan-el-movil-del-atacante-y-creen-que-tenia-como-objetivo-a-trump-y-nid26042026\/\" target=\"_self\" title=\"https:\/\/www.lanacion.com.ar\/estados-unidos\/conmocion-en-washington-investigan-el-movil-del-atacante-y-creen-que-tenia-como-objetivo-a-trump-y-nid26042026\/\" class=\"com-link break-word\" data-mrf-recirculation=\"n_link_parrafo\">evacuado de un hotel en Washington<\/a> donde asist\u00eda a la gala de corresponsales de la Casa Blanca, en medio de escenas de p\u00e1nico, <strong>Donald Trump <\/strong>se par\u00f3 en un atril de la sala de prensa y, delante de los periodistas acreditados, calific\u00f3 a la presidencia norteamericana como <strong>\u201cuna profesi\u00f3n peligrosa\u201d<\/strong> y se\u00f1al\u00f3 que la <strong>violencia asociada a la pol\u00edtica<\/strong> se intensific\u00f3 en Estados Unidos y en todo el mundo. <strong>\u201cNing\u00fan pa\u00eds es inmune\u201d<\/strong>, asever\u00f3.<\/p>\n<p class=\"com-paragraph   --s\">Mientras las autoridades<strong> investigan el m\u00f3vil del hombre armado<\/strong> que irrumpi\u00f3 en el evento al que asist\u00edan <strong>Trump y toda la plana mayor del gobierno republicano<\/strong>, adem\u00e1s de cientos de periodistas, otros funcionarios tambi\u00e9n apuntaron al hecho como otro caso de <strong>violencia pol\u00edtica<\/strong>, cada vez m\u00e1s arraigada en Estados Unidos.<\/p>\n<div class=\"content-media\">\n<section role=\"button\" class=\"mod-media   \">\n<figure role=\"button\" tabindex=\"0\" class=\"mod-figure \"><figcaption class=\"mod-figcaption\"><span class=\"com-text --caption --twoxs\">Agentes del Servicio Secreto, desplegados en el hotel en Washington donde un hombre armado intent\u00f3 irrumpir al sal\u00f3n en el que estaba Donald Trump.<\/span><span class=\"com-text --credit --twoxs\">Tom Brenner &#8211; FR117851 AP<\/span><\/figcaption><\/figure>\n<\/section>\n<\/div>\n<p class=\"com-paragraph   --s\"><strong>\u201cComo dijo anoche <\/strong>-por el s\u00e1bado a la noche- <strong>el presidente, esta violencia pol\u00edtica tiene que terminar\u201d<\/strong>, escribi\u00f3 este domingo por la ma\u00f1ana en X la secretaria de Prensa de la Casa Blanca, <strong>Karoline Leavitt<\/strong>. <\/p>\n<p class=\"com-paragraph   --s\">Cuando el 10 de septiembre del a\u00f1o pasado fue asesinado el <strong>influyente activista conservador Charlie Kirk<\/strong>, aliado de Trump, un caso de alt\u00edsimo impacto, el polit\u00f3logo Robert Pape, experto de la Universidad de Chicago, hab\u00eda advertido que <strong>uno de los grandes problemas de la violencia pol\u00edtica es cuando se produce \u201cuna din\u00e1mica en espiral\u201d<\/strong>, y se\u00f1al\u00f3 que <strong>en Estados Unidos \u201cliteralmente\u201d lo estaban viviendo<\/strong>.<\/p>\n<p class=\"com-paragraph   --s\">\u201cNuestros l\u00edderes necesitan estar a la altura del momento, o <strong>esto empeorar\u00e1 a medida que nos adentremos en las elecciones de medio t\u00e9rmino [de noviembre pr\u00f3ximo]<\/strong>. Con millones de estadounidenses de ambos bandos ya apoyando la violencia pol\u00edtica,<strong> los l\u00edderes dem\u00f3cratas deber\u00edan tender la mano y Trump deber\u00eda organizar un hist\u00f3rico evento bipartidista en la Casa Blanca contra la violencia pol\u00edtica<\/strong>\u201c, sugiri\u00f3 Pape este domingo, luego del caso que gener\u00f3 conmoci\u00f3n en Washington.<\/p>\n<div class=\"content-media\">\n<section role=\"button\" class=\"mod-media   \">\n<figure role=\"button\" tabindex=\"0\" class=\"mod-figure \"><figcaption class=\"mod-figcaption\"><span class=\"com-text --caption --twoxs\">El presidente Donald Trump, en la sala de prensa de la Casa Blanca, tras ser evacuado de un hotel en Washington.<\/span><span class=\"com-text --credit --twoxs\">Jose Luis Magana &#8211; FR159526 AP<\/span><\/figcaption><\/figure>\n<\/section>\n<\/div>\n<p class=\"com-paragraph   --s\">Aunque la <strong>historia de Estados Unidos ha estado marcada por la violencia pol\u00edtica durante generaciones<\/strong>, diversas investigaciones apuntan a que los casos de estilo son mucho m\u00e1s probable que se produzcan cuando se cumplen cuatro condiciones: una <strong>democracia en declive<\/strong>; <strong>sociedades divididas<\/strong> por motivos de raza, religi\u00f3n o etnia; <strong>l\u00edderes pol\u00edticos que toleran o fomentan la violencia<\/strong>, y un<strong> acceso f\u00e1cil a las armas por parte de los civiles<\/strong>.<\/p>\n<p class=\"com-paragraph   --s\">\u201c<strong>Estados Unidos cumple esas cuatro condiciones y ninguna de ellas est\u00e1 mejorando\u00bb, <\/strong>apunt\u00f3 -tras el crimen de Kirk- Barbara Walter, de la Escuela de Pol\u00edtica y Estrategia Global de la Universidad de California, en San Diego.<\/p>\n<div class=\"content-media\">\n<section role=\"button\" class=\"mod-media   \">\n<figure role=\"button\" tabindex=\"0\" class=\"mod-figure \"><figcaption class=\"mod-figcaption\"><span class=\"com-text --caption --twoxs\">Donald Trump comparti\u00f3 esta foto que aparentemente muestra al agresor en el suelo, en el hotel Hilton.<\/span><\/figcaption><\/figure>\n<\/section>\n<\/div>\n<p class=\"com-paragraph   --s\">\u201cY la violencia pol\u00edtica tambi\u00e9n <strong>tiende a aumentar en torno a las elecciones<\/strong>, lo que significa que las pr\u00f3ximas contiendas de medio t\u00e9rmino y las presidenciales de 2028 est\u00e1n abocadas a ser puntos \u00e1lgidos. <strong>Todo apunta a que las cosas empeorar\u00e1n en lugar de mejorar\u201d<\/strong>, advirti\u00f3.<\/p>\n<p class=\"com-paragraph   --s\">Seg\u00fan un estudio reciente del Centro de Investigaciones Pew, un <em>think tank<\/em> con sede en Washington, en todo el pa\u00eds \u2014y a lo largo de todo el espectro pol\u00edtico\u2014 un <strong>85% de los estadounidenses percibe que la violencia de motivaci\u00f3n pol\u00edtica est\u00e1 en aumento<\/strong>, y \u201cven muchas razones para ello\u201d.<\/p>\n<div class=\"content-media cursor-pointer container-center-100\">\n<section class=\"media-container relative ratio-16-9 mod-media pb-32\">\n<figure class=\"mod-video\">\n<div class=\"video-player bg-black ratio-16-9\" data-has-jwplayer=\"true\" data-video-id-jw=\"KDYdeO6A\" data-config=\"{&quot;title&quot;:&quot;Trump debi\u00f3 ser evacuado este s\u00e1bado por la noche de la cena de Corresponsales de la Casa Blanca&quot;,&quot;mediaId&quot;:&quot;KDYdeO6A&quot;,&quot;playerId&quot;:&quot;ih0086X3&quot;,&quot;playlist&quot;:[{&quot;mediaid&quot;:&quot;KDYdeO6A&quot;,&quot;sources&quot;:[{&quot;file&quot;:&quot;https:\/\/cdn.jwplayer.com\/manifests\/KDYdeO6A.m3u8&quot;,&quot;type&quot;:&quot;application\/vnd.apple.mpegurl&quot;},{&quot;bitrate&quot;:330643,&quot;file&quot;:&quot;https:\/\/cdn.jwplayer.com\/videos\/KDYdeO6A-kTExGaWf.mp4&quot;,&quot;filesize&quot;:1322572,&quot;framerate&quot;:30,&quot;height&quot;:320,&quot;label&quot;:&quot;180p&quot;,&quot;type&quot;:&quot;video\/mp4&quot;,&quot;width&quot;:256},{&quot;bitrate&quot;:474241,&quot;file&quot;:&quot;https:\/\/cdn.jwplayer.com\/videos\/KDYdeO6A-K8B0kybS.mp4&quot;,&quot;filesize&quot;:1896967,&quot;framerate&quot;:30,&quot;height&quot;:480,&quot;label&quot;:&quot;270p&quot;,&quot;type&quot;:&quot;video\/mp4&quot;,&quot;width&quot;:384},{&quot;bitrate&quot;:116451,&quot;file&quot;:&quot;https:\/\/cdn.jwplayer.com\/videos\/KDYdeO6A-hz5z2Tv4.m4a&quot;,&quot;filesize&quot;:465806,&quot;label&quot;:&quot;AAC Audio&quot;,&quot;type&quot;:&quot;audio\/mp4&quot;},{&quot;bitrate&quot;:521304,&quot;file&quot;:&quot;https:\/\/cdn.jwplayer.com\/videos\/KDYdeO6A-FnZGUVnC.mp4&quot;,&quot;filesize&quot;:2085217,&quot;framerate&quot;:30,&quot;height&quot;:640,&quot;label&quot;:&quot;360p&quot;,&quot;type&quot;:&quot;video\/mp4&quot;,&quot;width&quot;:512}]}],&quot;hasAutoplay&quot;:false,&quot;autostart&quot;:true,&quot;tagsUrl&quot;:&quot;https:\/\/pubads.g.doubleclick.net\/gampad\/ads?slotname=\/133919216\/la_nacion_video\/nota\/preroll&amp;sz=640x480|400x300&amp;ciu_szs=300x250&amp;unviewed_position_start=1&amp;output=vast&amp;impl=s&amp;env=vp&amp;gdfp_req=1&amp;ad_rule=0&amp;vad_type=linear&amp;vpos=preroll&amp;cust_params=tags_nuevos%3Dca_estados_unidos%2Cca_el_mundo%2Cau_guillermo_idiart%2CPSM2TZTRKVGSHGLV3QQNMJ3Y5Y&amp;pod=3&amp;ppos=1&amp;lip=true&amp;min_ad_duration=0&amp;max_ad_duration=30000&amp;vrid=6256&amp;url=https%3A%2F%2Fwww.lanacion.com.ar%2Festados-unidos%2Flas-causas-que-insluflan-la-violencia-politica-en-eeuu-y-las-alertas-que-surgen-hacia-las-elecciones-nid26042026%2F%3Fvariant%3DA&amp;description_url=https%3A%2F%2Fwww.lanacion.com.ar%2Festados-unidos%2Flas-causas-que-insluflan-la-violencia-politica-en-eeuu-y-las-alertas-que-surgen-hacia-las-elecciones-nid26042026%2F%3Fvariant%3DA&amp;video_doc_id=short_onecue&amp;cmsid=496&amp;kfa=0&amp;tfcd=0&amp;correlator=1777313913128&quot;,&quot;arcSite&quot;:&quot;la-nacion-ar&quot;,&quot;duration&quot;:&quot;32000&quot;}\">\n<div id=\"facade-KDYdeO6A\" class=\"content-facade-jw relative bg-black ratio-16-9\"><picture><source media=\"(max-width: 767px)\" srcset=\"https:\/\/resizer.glanacion.com\/resizer\/v2\/https%3A%2F%2Fcdn.jwplayer.com%2Fv2%2Fmedia%2FKDYdeO6A%2Fposter.jpg%3Fwidth%3D720?auth=323aa0981beb969ba7c995c1e2d461c499267bd74b93e5c1b1a77aaaf9e2acb9&amp;width=480&amp;quality=70&amp;smart=false\"\/><\/picture><\/div>\n<\/div><figcaption class=\"border border-1 border-bottom border-light-300 relative px-16 py-8 min-h-36 w-100_md px-0_l mb-8 bg-white\"><span class=\"text ln-text text-16 block\">Trump debi\u00f3 ser evacuado este s\u00e1bado por la noche de la cena de Corresponsales de la Casa Blanca<\/span><\/figcaption><\/figure>\n<\/section>\n<\/div>\n<p class=\"com-paragraph   --s\">\u201cExiste mucho menos consenso p\u00fablico respecto a las causas de esa violencia en los \u00faltimos a\u00f1os. Asimismo, <strong>existen amplias brechas partidistas en cuanto a la magnitud del problema<\/strong> que, a su juicio, representa para el pa\u00eds el extremismo proveniente de la izquierda o de la derecha\u201d, a\u00f1adi\u00f3 el reporte.<\/p>\n<p class=\"com-paragraph   --s\">Poco m\u00e1s de la mitad de los estadounidenses considera que los <strong>extremismos de izquierda (53%) y el de derecha (52%) constituyen problemas graves<\/strong>. Una proporci\u00f3n casi igual (47%) opina lo mismo respecto al extremismo proveniente de \u201cpersonas sin posturas pol\u00edticas definidas\u201d, ampli\u00f3.<\/p>\n<p class=\"com-paragraph   --s\">Al ped\u00edrseles que compartieran las principales razones detr\u00e1s de la violencia de motivaci\u00f3n pol\u00edtica de los \u00faltimos a\u00f1os, <strong>las respuestas m\u00e1s comunes de los partidarios hacen referencia al bando pol\u00edtico opuesto<\/strong>, se\u00f1ala el estudio de Pew.<\/p>\n<div class=\"content-media\">\n<section role=\"button\" class=\"mod-media   \">\n<figure role=\"button\" tabindex=\"0\" class=\"mod-figure \"><figcaption class=\"mod-figcaption\"><span class=\"com-text --caption --twoxs\">C\u00e1mara de Seguridad donde se ve ingresar corriendo al agresor Cole Tomas Allen, en el hotel en Washington.<\/span><span class=\"com-text --credit --twoxs\">Captura de Video<\/span><\/figcaption><\/figure>\n<\/section>\n<\/div>\n<p class=\"com-paragraph   --s\">El <strong>28% de los dem\u00f3cratas menciona espec\u00edficamente la ret\u00f3rica o el comportamiento de Trump, de su movimiento MAGA (Make America Great Again) <\/strong>o de los conservadores como una raz\u00f3n de la reciente violencia de motivaci\u00f3n pol\u00edtica. En tanto, el 16% de los republicanos menciona la<strong> ret\u00f3rica y el comportamiento de los progresistas o de los dem\u00f3cratas como una raz\u00f3n<\/strong>.<\/p>\n<p class=\"com-paragraph   --s\">En una entrevista con <em>60 Minutes<\/em> este domingo, Trump fue consultado sobre qu\u00e9 pod\u00eda hacer como presidente para cambiar la <strong>trayectoria de la violencia pol\u00edtica en Estados Unidos<\/strong>.<\/p>\n<p class=\"com-paragraph   --s\">\u201cSi nos remontamos 20, 40, 100, 200, 500 a\u00f1os, siempre ha estado presente. Se asesina a personas. Hay personas que resultan heridas. Hay personas que sufren da\u00f1os. <strong>Y no estoy seguro de que haya m\u00e1s casos ahora de los que hab\u00eda antes<\/strong>. Lo que s\u00ed creo es que el <strong>discurso de odio de los dem\u00f3cratas<\/strong> \u2014y esto es mucho m\u00e1s relevante\u2014 es muy peligroso para el pa\u00eds\u00bb, respondi\u00f3.<\/p>\n<p class=\"com-paragraph   --s\">\u201c<strong>\u00bfPor qu\u00e9 est\u00e1 aumentando la violencia pol\u00edtica en Estados Unidos?<\/strong> Despu\u00e9s de cinco a\u00f1os de encuestas del Proyecto de la Universidad de Chicago sobre Seguridad y Amenazas, el patr\u00f3n es claro. Aumento del apoyo- aprobaci\u00f3n percibida-acci\u00f3n individual. <strong>No se trata solo de motivaci\u00f3n individual, son se\u00f1ales masivas. <\/strong>Si ignoramos esto,<strong> el patr\u00f3n se repetir\u00e1 antes de las elecciones de medio t\u00e9rmino<\/strong>\u201c, ahond\u00f3 Pape en X.<\/p>\n<div class=\"content-media\">\n<section role=\"button\" class=\"mod-media   \">\n<figure role=\"button\" tabindex=\"0\" class=\"mod-figure \"><figcaption class=\"mod-figcaption\"><span class=\"com-text --caption --twoxs\">Agentes del Servicio Secreto en el hotel en Washington.<\/span><span class=\"com-text --credit --twoxs\">MANDEL NGAN &#8211; AFP<\/span><\/figcaption><\/figure>\n<\/section>\n<\/div>\n<p class=\"com-paragraph   --s\">Benjamin Ginsberg, presidente del Centro Hopkins de Estudios Gubernamentales Avanzados en Washington, tambi\u00e9n alertaba el a\u00f1o pasado de los <strong>riesgos de cara a los comicios de noviembre pr\u00f3ximo<\/strong>, en los que los dem\u00f3cratas buscar\u00e1n retomar el control del Congreso en momentos en que Trump enfrenta una marcada ca\u00edda en sus \u00edndices de aprobaci\u00f3n, seg\u00fan las encuestas. <strong>\u201cSer\u00e1n unas elecciones muy tensas, y su resultado tendr\u00e1 un gran impacto\u201d<\/strong>, dijo.<\/p>\n<p class=\"com-paragraph   --s\">En <em>The New York Times<\/em>, Luke Broadwater se\u00f1al\u00f3 que el presidente <strong>\u201ces el objetivo de mayor perfil de la violencia pol\u00edtica\u201d<\/strong>, pero que \u201clas amenazas han afectado durante a\u00f1os a los cargos electos en los niveles local, estatal y federal\u201d.<\/p>\n<p class=\"com-paragraph   --s\">Seg\u00fan un estudio de la Universidad de Maryland, en los seis <strong>primeros meses del a\u00f1o pasado se hab\u00edan registrado m\u00e1s de 150 ataques con motivaci\u00f3n pol\u00edtica<\/strong>, casi el doble que en el mismo periodo del a\u00f1o anterior.<\/p>\n<p class=\"com-paragraph   --s\">\u201cLa gala de los periodistas de la Casa Blanca termin\u00f3 como terminan muchos eventos en Estados Unidos: con<strong> violencia armada<\/strong>. El tiroteo revela <strong>c\u00f3mo la violencia pol\u00edtica se ha convertido en una caracter\u00edstica de la vida norteamericana<\/strong>, en una noche dedicada a la libertad de prensa\u201d, describi\u00f3 desde Washington Rachel Leingang, del diario brit\u00e1nico <em>The Guardian<\/em>.<\/p>\n<section class=\"container-center-100 mb-40 border border-bottom border-thin border-neutral-light-700\">\n<hr\/>\n<\/section>\n<\/div>\n<p><script id=\"facebookpixel\" defer=\"\" type=\"text\/javascript\">\n        !function(f,b,e,v,n,t,s)\n        {if(f.fbq)return;n=f.fbq=function(){n.callMethod?\n        n.callMethod.apply(n,arguments):n.queue.push(arguments)};\n        if(!f._fbq)f._fbq=n;n.push=n;n.loaded=!0;n.version='2.0';\n        n.queue=[];t=b.createElement(e);t.async=!0;\n        t.src=v;s=b.getElementsByTagName(e)[0];\n        s.parentNode.insertBefore(t,s)}(window, document,'script',\n        'https:\/\/connect.facebook.net\/en_US\/fbevents.js');\n        fbq('init', '492459597522335');\n        fbq('track', 'PageView');\n    <\/script><br \/>\n<br \/><\/p>\n","protected":false},"excerpt":{"rendered":"<p>WASHINGTON.- Minutos despu\u00e9s de ser evacuado de un hotel en Washington donde asist\u00eda a la gala de corresponsales de la Casa Blanca, en medio de escenas de p\u00e1nico, Donald Trump se par\u00f3 en un atril de la sala de prensa y, delante de los periodistas acreditados, calific\u00f3 a la presidencia norteamericana como \u201cuna profesi\u00f3n peligrosa\u201d [&hellip;]<\/p>\n","protected":false},"author":2,"featured_media":193310,"comment_status":"closed","ping_status":"closed","sticky":false,"template":"","format":"standard","meta":{"footnotes":""},"categories":[26],"tags":[],"class_list":["post-193309","post","type-post","status-publish","format-standard","has-post-thumbnail","hentry","category-internacionales"],"yoast_head":"<!-- This site is optimized with the Yoast SEO plugin v24.4 - https:\/\/yoast.com\/wordpress\/plugins\/seo\/ -->\n<title>Las causas que inflaman la violencia pol\u00edtica en EE.UU. y las alertas que surgen hacia las elecciones de medio t\u00e9rmino - GYS NOTICIAS |<\/title>\n<meta name=\"robots\" content=\"index, follow, max-snippet:-1, max-image-preview:large, max-video-preview:-1\" \/>\n<link rel=\"canonical\" href=\"https:\/\/gysfm.com.ar\/inicio\/las-causas-que-inflaman-la-violencia-politica-en-ee-uu-y-las-alertas-que-surgen-hacia-las-elecciones-de-medio-termino\/\" \/>\n<meta property=\"og:locale\" content=\"es_ES\" \/>\n<meta property=\"og:type\" content=\"article\" \/>\n<meta property=\"og:title\" content=\"Las causas que inflaman la violencia pol\u00edtica en EE.UU. y las alertas que surgen hacia las elecciones de medio t\u00e9rmino - GYS NOTICIAS |\" \/>\n<meta property=\"og:description\" content=\"WASHINGTON.- Minutos despu\u00e9s de ser evacuado de un hotel en Washington donde asist\u00eda a la gala de corresponsales de la Casa Blanca, en medio de escenas de p\u00e1nico, Donald Trump se par\u00f3 en un atril de la sala de prensa y, delante de los periodistas acreditados, calific\u00f3 a la presidencia norteamericana como \u201cuna profesi\u00f3n peligrosa\u201d [&hellip;]\" \/>\n<meta property=\"og:url\" content=\"https:\/\/gysfm.com.ar\/inicio\/las-causas-que-inflaman-la-violencia-politica-en-ee-uu-y-las-alertas-que-surgen-hacia-las-elecciones-de-medio-termino\/\" \/>\n<meta property=\"og:site_name\" content=\"GYS NOTICIAS |\" \/>\n<meta property=\"article:published_time\" content=\"2026-04-27T18:29:34+00:00\" \/>\n<meta property=\"article:modified_time\" content=\"2026-04-27T18:29:36+00:00\" \/>\n<meta property=\"og:image\" content=\"https:\/\/gysfm.com.ar\/inicio\/wp-content\/uploads\/2026\/04\/agentes-del-servicio-secreto-en-el-hotel-en-257GJCSD75GPJLMUW4AHBRQGLE.jpg\" \/>\n\t<meta property=\"og:image:width\" content=\"1200\" \/>\n\t<meta property=\"og:image:height\" content=\"800\" \/>\n\t<meta property=\"og:image:type\" content=\"image\/jpeg\" \/>\n<meta name=\"author\" content=\"Prensa G&amp;S FM\" \/>\n<meta name=\"twitter:card\" content=\"summary_large_image\" \/>\n<meta name=\"twitter:label1\" content=\"Escrito por\" \/>\n\t<meta name=\"twitter:data1\" content=\"Prensa G&amp;S FM\" \/>\n\t<meta name=\"twitter:label2\" content=\"Tiempo de lectura\" \/>\n\t<meta name=\"twitter:data2\" content=\"6 minutos\" \/>\n<script type=\"application\/ld+json\" class=\"yoast-schema-graph\">{\"@context\":\"https:\/\/schema.org\",\"@graph\":[{\"@type\":\"Article\",\"@id\":\"https:\/\/gysfm.com.ar\/inicio\/las-causas-que-inflaman-la-violencia-politica-en-ee-uu-y-las-alertas-que-surgen-hacia-las-elecciones-de-medio-termino\/#article\",\"isPartOf\":{\"@id\":\"https:\/\/gysfm.com.ar\/inicio\/las-causas-que-inflaman-la-violencia-politica-en-ee-uu-y-las-alertas-que-surgen-hacia-las-elecciones-de-medio-termino\/\"},\"author\":{\"name\":\"Prensa G&amp;S FM\",\"@id\":\"https:\/\/gysfm.com.ar\/inicio\/#\/schema\/person\/3abba7593ef2ad19e1be221d54383dc5\"},\"headline\":\"Las causas que inflaman la violencia pol\u00edtica en EE.UU. y las alertas que surgen hacia las elecciones de medio t\u00e9rmino\",\"datePublished\":\"2026-04-27T18:29:34+00:00\",\"dateModified\":\"2026-04-27T18:29:36+00:00\",\"mainEntityOfPage\":{\"@id\":\"https:\/\/gysfm.com.ar\/inicio\/las-causas-que-inflaman-la-violencia-politica-en-ee-uu-y-las-alertas-que-surgen-hacia-las-elecciones-de-medio-termino\/\"},\"wordCount\":1309,\"publisher\":{\"@id\":\"https:\/\/gysfm.com.ar\/inicio\/#organization\"},\"image\":{\"@id\":\"https:\/\/gysfm.com.ar\/inicio\/las-causas-que-inflaman-la-violencia-politica-en-ee-uu-y-las-alertas-que-surgen-hacia-las-elecciones-de-medio-termino\/#primaryimage\"},\"thumbnailUrl\":\"https:\/\/gysfm.com.ar\/inicio\/wp-content\/uploads\/2026\/04\/agentes-del-servicio-secreto-en-el-hotel-en-257GJCSD75GPJLMUW4AHBRQGLE.jpg\",\"articleSection\":[\"INTERNACIONALES\"],\"inLanguage\":\"es\"},{\"@type\":\"WebPage\",\"@id\":\"https:\/\/gysfm.com.ar\/inicio\/las-causas-que-inflaman-la-violencia-politica-en-ee-uu-y-las-alertas-que-surgen-hacia-las-elecciones-de-medio-termino\/\",\"url\":\"https:\/\/gysfm.com.ar\/inicio\/las-causas-que-inflaman-la-violencia-politica-en-ee-uu-y-las-alertas-que-surgen-hacia-las-elecciones-de-medio-termino\/\",\"name\":\"Las causas que inflaman la violencia pol\u00edtica en EE.UU. y las alertas que surgen hacia las elecciones de medio t\u00e9rmino - GYS NOTICIAS |\",\"isPartOf\":{\"@id\":\"https:\/\/gysfm.com.ar\/inicio\/#website\"},\"primaryImageOfPage\":{\"@id\":\"https:\/\/gysfm.com.ar\/inicio\/las-causas-que-inflaman-la-violencia-politica-en-ee-uu-y-las-alertas-que-surgen-hacia-las-elecciones-de-medio-termino\/#primaryimage\"},\"image\":{\"@id\":\"https:\/\/gysfm.com.ar\/inicio\/las-causas-que-inflaman-la-violencia-politica-en-ee-uu-y-las-alertas-que-surgen-hacia-las-elecciones-de-medio-termino\/#primaryimage\"},\"thumbnailUrl\":\"https:\/\/gysfm.com.ar\/inicio\/wp-content\/uploads\/2026\/04\/agentes-del-servicio-secreto-en-el-hotel-en-257GJCSD75GPJLMUW4AHBRQGLE.jpg\",\"datePublished\":\"2026-04-27T18:29:34+00:00\",\"dateModified\":\"2026-04-27T18:29:36+00:00\",\"breadcrumb\":{\"@id\":\"https:\/\/gysfm.com.ar\/inicio\/las-causas-que-inflaman-la-violencia-politica-en-ee-uu-y-las-alertas-que-surgen-hacia-las-elecciones-de-medio-termino\/#breadcrumb\"},\"inLanguage\":\"es\",\"potentialAction\":[{\"@type\":\"ReadAction\",\"target\":[\"https:\/\/gysfm.com.ar\/inicio\/las-causas-que-inflaman-la-violencia-politica-en-ee-uu-y-las-alertas-que-surgen-hacia-las-elecciones-de-medio-termino\/\"]}]},{\"@type\":\"ImageObject\",\"inLanguage\":\"es\",\"@id\":\"https:\/\/gysfm.com.ar\/inicio\/las-causas-que-inflaman-la-violencia-politica-en-ee-uu-y-las-alertas-que-surgen-hacia-las-elecciones-de-medio-termino\/#primaryimage\",\"url\":\"https:\/\/gysfm.com.ar\/inicio\/wp-content\/uploads\/2026\/04\/agentes-del-servicio-secreto-en-el-hotel-en-257GJCSD75GPJLMUW4AHBRQGLE.jpg\",\"contentUrl\":\"https:\/\/gysfm.com.ar\/inicio\/wp-content\/uploads\/2026\/04\/agentes-del-servicio-secreto-en-el-hotel-en-257GJCSD75GPJLMUW4AHBRQGLE.jpg\",\"width\":1200,\"height\":800},{\"@type\":\"BreadcrumbList\",\"@id\":\"https:\/\/gysfm.com.ar\/inicio\/las-causas-que-inflaman-la-violencia-politica-en-ee-uu-y-las-alertas-que-surgen-hacia-las-elecciones-de-medio-termino\/#breadcrumb\",\"itemListElement\":[{\"@type\":\"ListItem\",\"position\":1,\"name\":\"Portada\",\"item\":\"https:\/\/gysfm.com.ar\/inicio\/\"},{\"@type\":\"ListItem\",\"position\":2,\"name\":\"Las causas que inflaman la violencia pol\u00edtica en EE.UU. y las alertas que surgen hacia las elecciones de medio t\u00e9rmino\"}]},{\"@type\":\"WebSite\",\"@id\":\"https:\/\/gysfm.com.ar\/inicio\/#website\",\"url\":\"https:\/\/gysfm.com.ar\/inicio\/\",\"name\":\"GYS NOTICIAS |\",\"description\":\"DIARIO - RADIO ONLINE SAN JUAN ARGENTINA\",\"publisher\":{\"@id\":\"https:\/\/gysfm.com.ar\/inicio\/#organization\"},\"potentialAction\":[{\"@type\":\"SearchAction\",\"target\":{\"@type\":\"EntryPoint\",\"urlTemplate\":\"https:\/\/gysfm.com.ar\/inicio\/?s={search_term_string}\"},\"query-input\":{\"@type\":\"PropertyValueSpecification\",\"valueRequired\":true,\"valueName\":\"search_term_string\"}}],\"inLanguage\":\"es\"},{\"@type\":\"Organization\",\"@id\":\"https:\/\/gysfm.com.ar\/inicio\/#organization\",\"name\":\"GYS NOTICIAS |\",\"url\":\"https:\/\/gysfm.com.ar\/inicio\/\",\"logo\":{\"@type\":\"ImageObject\",\"inLanguage\":\"es\",\"@id\":\"https:\/\/gysfm.com.ar\/inicio\/#\/schema\/logo\/image\/\",\"url\":\"https:\/\/gysfm.com.ar\/inicio\/wp-content\/uploads\/2023\/07\/LOGOGYS-OK.png\",\"contentUrl\":\"https:\/\/gysfm.com.ar\/inicio\/wp-content\/uploads\/2023\/07\/LOGOGYS-OK.png\",\"width\":1170,\"height\":872,\"caption\":\"GYS NOTICIAS |\"},\"image\":{\"@id\":\"https:\/\/gysfm.com.ar\/inicio\/#\/schema\/logo\/image\/\"}},{\"@type\":\"Person\",\"@id\":\"https:\/\/gysfm.com.ar\/inicio\/#\/schema\/person\/3abba7593ef2ad19e1be221d54383dc5\",\"name\":\"Prensa G&amp;S FM\",\"image\":{\"@type\":\"ImageObject\",\"inLanguage\":\"es\",\"@id\":\"https:\/\/gysfm.com.ar\/inicio\/#\/schema\/person\/image\/\",\"url\":\"https:\/\/secure.gravatar.com\/avatar\/096ec78df02049ab018702bb4ccedf659377fa92a26540b5247612077a0dbd29?s=96&d=mm&r=g\",\"contentUrl\":\"https:\/\/secure.gravatar.com\/avatar\/096ec78df02049ab018702bb4ccedf659377fa92a26540b5247612077a0dbd29?s=96&d=mm&r=g\",\"caption\":\"Prensa G&amp;S FM\"},\"sameAs\":[\"https:\/\/gysfm.com.ar\/\"],\"url\":\"https:\/\/gysfm.com.ar\/inicio\/author\/lucasm\/\"}]}<\/script>\n<!-- \/ Yoast SEO plugin. -->","yoast_head_json":{"title":"Las causas que inflaman la violencia pol\u00edtica en EE.UU. y las alertas que surgen hacia las elecciones de medio t\u00e9rmino - GYS NOTICIAS |","robots":{"index":"index","follow":"follow","max-snippet":"max-snippet:-1","max-image-preview":"max-image-preview:large","max-video-preview":"max-video-preview:-1"},"canonical":"https:\/\/gysfm.com.ar\/inicio\/las-causas-que-inflaman-la-violencia-politica-en-ee-uu-y-las-alertas-que-surgen-hacia-las-elecciones-de-medio-termino\/","og_locale":"es_ES","og_type":"article","og_title":"Las causas que inflaman la violencia pol\u00edtica en EE.UU. y las alertas que surgen hacia las elecciones de medio t\u00e9rmino - GYS NOTICIAS |","og_description":"WASHINGTON.- Minutos despu\u00e9s de ser evacuado de un hotel en Washington donde asist\u00eda a la gala de corresponsales de la Casa Blanca, en medio de escenas de p\u00e1nico, Donald Trump se par\u00f3 en un atril de la sala de prensa y, delante de los periodistas acreditados, calific\u00f3 a la presidencia norteamericana como \u201cuna profesi\u00f3n peligrosa\u201d [&hellip;]","og_url":"https:\/\/gysfm.com.ar\/inicio\/las-causas-que-inflaman-la-violencia-politica-en-ee-uu-y-las-alertas-que-surgen-hacia-las-elecciones-de-medio-termino\/","og_site_name":"GYS NOTICIAS |","article_published_time":"2026-04-27T18:29:34+00:00","article_modified_time":"2026-04-27T18:29:36+00:00","og_image":[{"width":1200,"height":800,"url":"https:\/\/gysfm.com.ar\/inicio\/wp-content\/uploads\/2026\/04\/agentes-del-servicio-secreto-en-el-hotel-en-257GJCSD75GPJLMUW4AHBRQGLE.jpg","type":"image\/jpeg"}],"author":"Prensa G&amp;S FM","twitter_card":"summary_large_image","twitter_misc":{"Escrito por":"Prensa G&amp;S FM","Tiempo de lectura":"6 minutos"},"schema":{"@context":"https:\/\/schema.org","@graph":[{"@type":"Article","@id":"https:\/\/gysfm.com.ar\/inicio\/las-causas-que-inflaman-la-violencia-politica-en-ee-uu-y-las-alertas-que-surgen-hacia-las-elecciones-de-medio-termino\/#article","isPartOf":{"@id":"https:\/\/gysfm.com.ar\/inicio\/las-causas-que-inflaman-la-violencia-politica-en-ee-uu-y-las-alertas-que-surgen-hacia-las-elecciones-de-medio-termino\/"},"author":{"name":"Prensa G&amp;S FM","@id":"https:\/\/gysfm.com.ar\/inicio\/#\/schema\/person\/3abba7593ef2ad19e1be221d54383dc5"},"headline":"Las causas que inflaman la violencia pol\u00edtica en EE.UU. y las alertas que surgen hacia las elecciones de medio t\u00e9rmino","datePublished":"2026-04-27T18:29:34+00:00","dateModified":"2026-04-27T18:29:36+00:00","mainEntityOfPage":{"@id":"https:\/\/gysfm.com.ar\/inicio\/las-causas-que-inflaman-la-violencia-politica-en-ee-uu-y-las-alertas-que-surgen-hacia-las-elecciones-de-medio-termino\/"},"wordCount":1309,"publisher":{"@id":"https:\/\/gysfm.com.ar\/inicio\/#organization"},"image":{"@id":"https:\/\/gysfm.com.ar\/inicio\/las-causas-que-inflaman-la-violencia-politica-en-ee-uu-y-las-alertas-que-surgen-hacia-las-elecciones-de-medio-termino\/#primaryimage"},"thumbnailUrl":"https:\/\/gysfm.com.ar\/inicio\/wp-content\/uploads\/2026\/04\/agentes-del-servicio-secreto-en-el-hotel-en-257GJCSD75GPJLMUW4AHBRQGLE.jpg","articleSection":["INTERNACIONALES"],"inLanguage":"es"},{"@type":"WebPage","@id":"https:\/\/gysfm.com.ar\/inicio\/las-causas-que-inflaman-la-violencia-politica-en-ee-uu-y-las-alertas-que-surgen-hacia-las-elecciones-de-medio-termino\/","url":"https:\/\/gysfm.com.ar\/inicio\/las-causas-que-inflaman-la-violencia-politica-en-ee-uu-y-las-alertas-que-surgen-hacia-las-elecciones-de-medio-termino\/","name":"Las causas que inflaman la violencia pol\u00edtica en EE.UU. y las alertas que surgen hacia las elecciones de medio t\u00e9rmino - GYS NOTICIAS |","isPartOf":{"@id":"https:\/\/gysfm.com.ar\/inicio\/#website"},"primaryImageOfPage":{"@id":"https:\/\/gysfm.com.ar\/inicio\/las-causas-que-inflaman-la-violencia-politica-en-ee-uu-y-las-alertas-que-surgen-hacia-las-elecciones-de-medio-termino\/#primaryimage"},"image":{"@id":"https:\/\/gysfm.com.ar\/inicio\/las-causas-que-inflaman-la-violencia-politica-en-ee-uu-y-las-alertas-que-surgen-hacia-las-elecciones-de-medio-termino\/#primaryimage"},"thumbnailUrl":"https:\/\/gysfm.com.ar\/inicio\/wp-content\/uploads\/2026\/04\/agentes-del-servicio-secreto-en-el-hotel-en-257GJCSD75GPJLMUW4AHBRQGLE.jpg","datePublished":"2026-04-27T18:29:34+00:00","dateModified":"2026-04-27T18:29:36+00:00","breadcrumb":{"@id":"https:\/\/gysfm.com.ar\/inicio\/las-causas-que-inflaman-la-violencia-politica-en-ee-uu-y-las-alertas-que-surgen-hacia-las-elecciones-de-medio-termino\/#breadcrumb"},"inLanguage":"es","potentialAction":[{"@type":"ReadAction","target":["https:\/\/gysfm.com.ar\/inicio\/las-causas-que-inflaman-la-violencia-politica-en-ee-uu-y-las-alertas-que-surgen-hacia-las-elecciones-de-medio-termino\/"]}]},{"@type":"ImageObject","inLanguage":"es","@id":"https:\/\/gysfm.com.ar\/inicio\/las-causas-que-inflaman-la-violencia-politica-en-ee-uu-y-las-alertas-que-surgen-hacia-las-elecciones-de-medio-termino\/#primaryimage","url":"https:\/\/gysfm.com.ar\/inicio\/wp-content\/uploads\/2026\/04\/agentes-del-servicio-secreto-en-el-hotel-en-257GJCSD75GPJLMUW4AHBRQGLE.jpg","contentUrl":"https:\/\/gysfm.com.ar\/inicio\/wp-content\/uploads\/2026\/04\/agentes-del-servicio-secreto-en-el-hotel-en-257GJCSD75GPJLMUW4AHBRQGLE.jpg","width":1200,"height":800},{"@type":"BreadcrumbList","@id":"https:\/\/gysfm.com.ar\/inicio\/las-causas-que-inflaman-la-violencia-politica-en-ee-uu-y-las-alertas-que-surgen-hacia-las-elecciones-de-medio-termino\/#breadcrumb","itemListElement":[{"@type":"ListItem","position":1,"name":"Portada","item":"https:\/\/gysfm.com.ar\/inicio\/"},{"@type":"ListItem","position":2,"name":"Las causas que inflaman la violencia pol\u00edtica en EE.UU. y las alertas que surgen hacia las elecciones de medio t\u00e9rmino"}]},{"@type":"WebSite","@id":"https:\/\/gysfm.com.ar\/inicio\/#website","url":"https:\/\/gysfm.com.ar\/inicio\/","name":"GYS NOTICIAS |","description":"DIARIO - RADIO ONLINE SAN JUAN ARGENTINA","publisher":{"@id":"https:\/\/gysfm.com.ar\/inicio\/#organization"},"potentialAction":[{"@type":"SearchAction","target":{"@type":"EntryPoint","urlTemplate":"https:\/\/gysfm.com.ar\/inicio\/?s={search_term_string}"},"query-input":{"@type":"PropertyValueSpecification","valueRequired":true,"valueName":"search_term_string"}}],"inLanguage":"es"},{"@type":"Organization","@id":"https:\/\/gysfm.com.ar\/inicio\/#organization","name":"GYS NOTICIAS |","url":"https:\/\/gysfm.com.ar\/inicio\/","logo":{"@type":"ImageObject","inLanguage":"es","@id":"https:\/\/gysfm.com.ar\/inicio\/#\/schema\/logo\/image\/","url":"https:\/\/gysfm.com.ar\/inicio\/wp-content\/uploads\/2023\/07\/LOGOGYS-OK.png","contentUrl":"https:\/\/gysfm.com.ar\/inicio\/wp-content\/uploads\/2023\/07\/LOGOGYS-OK.png","width":1170,"height":872,"caption":"GYS NOTICIAS |"},"image":{"@id":"https:\/\/gysfm.com.ar\/inicio\/#\/schema\/logo\/image\/"}},{"@type":"Person","@id":"https:\/\/gysfm.com.ar\/inicio\/#\/schema\/person\/3abba7593ef2ad19e1be221d54383dc5","name":"Prensa G&amp;S FM","image":{"@type":"ImageObject","inLanguage":"es","@id":"https:\/\/gysfm.com.ar\/inicio\/#\/schema\/person\/image\/","url":"https:\/\/secure.gravatar.com\/avatar\/096ec78df02049ab018702bb4ccedf659377fa92a26540b5247612077a0dbd29?s=96&d=mm&r=g","contentUrl":"https:\/\/secure.gravatar.com\/avatar\/096ec78df02049ab018702bb4ccedf659377fa92a26540b5247612077a0dbd29?s=96&d=mm&r=g","caption":"Prensa G&amp;S FM"},"sameAs":["https:\/\/gysfm.com.ar\/"],"url":"https:\/\/gysfm.com.ar\/inicio\/author\/lucasm\/"}]}},"_links":{"self":[{"href":"https:\/\/gysfm.com.ar\/inicio\/wp-json\/wp\/v2\/posts\/193309","targetHints":{"allow":["GET"]}}],"collection":[{"href":"https:\/\/gysfm.com.ar\/inicio\/wp-json\/wp\/v2\/posts"}],"about":[{"href":"https:\/\/gysfm.com.ar\/inicio\/wp-json\/wp\/v2\/types\/post"}],"author":[{"embeddable":true,"href":"https:\/\/gysfm.com.ar\/inicio\/wp-json\/wp\/v2\/users\/2"}],"replies":[{"embeddable":true,"href":"https:\/\/gysfm.com.ar\/inicio\/wp-json\/wp\/v2\/comments?post=193309"}],"version-history":[{"count":1,"href":"https:\/\/gysfm.com.ar\/inicio\/wp-json\/wp\/v2\/posts\/193309\/revisions"}],"predecessor-version":[{"id":193311,"href":"https:\/\/gysfm.com.ar\/inicio\/wp-json\/wp\/v2\/posts\/193309\/revisions\/193311"}],"wp:featuredmedia":[{"embeddable":true,"href":"https:\/\/gysfm.com.ar\/inicio\/wp-json\/wp\/v2\/media\/193310"}],"wp:attachment":[{"href":"https:\/\/gysfm.com.ar\/inicio\/wp-json\/wp\/v2\/media?parent=193309"}],"wp:term":[{"taxonomy":"category","embeddable":true,"href":"https:\/\/gysfm.com.ar\/inicio\/wp-json\/wp\/v2\/categories?post=193309"},{"taxonomy":"post_tag","embeddable":true,"href":"https:\/\/gysfm.com.ar\/inicio\/wp-json\/wp\/v2\/tags?post=193309"}],"curies":[{"name":"wp","href":"https:\/\/api.w.org\/{rel}","templated":true}]}}