{"id":193305,"date":"2026-04-27T14:59:04","date_gmt":"2026-04-27T17:59:04","guid":{"rendered":"https:\/\/gysfm.com.ar\/inicio\/quien-es-fernando-herrman-el-nuevo-secretario-de-infraestructura-que-reemplaza-a-carlos-frugoni\/"},"modified":"2026-04-27T14:59:04","modified_gmt":"2026-04-27T17:59:04","slug":"quien-es-fernando-herrman-el-nuevo-secretario-de-infraestructura-que-reemplaza-a-carlos-frugoni","status":"publish","type":"post","link":"https:\/\/gysfm.com.ar\/inicio\/quien-es-fernando-herrman-el-nuevo-secretario-de-infraestructura-que-reemplaza-a-carlos-frugoni\/","title":{"rendered":"Qui\u00e9n es Fernando Herrman, el nuevo secretario de Infraestructura que reemplaza a Carlos Frugoni"},"content":{"rendered":"<p><\/p>\n<div id=\"article-content\">\n<p>Este domingo se conoci\u00f3 que el ministro de Econom\u00eda, <a target=\"_blank\" href=\"https:\/\/www.perfil.com\/noticias\/politica\/luis-caputo-metio-a-messi-y-a-cristiano-ronaldo-para-responderle-a-un-periodista-ingles-por-malvinas.phtml\"><strong>Luis Caputo<\/strong><\/a>, acept\u00f3 la renuncia de <a target=\"_blank\" href=\"https:\/\/www.perfil.com\/noticias\/politica\/echaron-a-carlos-frugoni-el-funcionario-que-admitio-haber-omitido-siete-propiedades-en-miami-en-su-declaracion-jurada.phtml\"><strong>Carlos Frugoni<\/strong><\/a>, el ahora exsecretario de Coordinaci\u00f3n de Infraestructura, y design\u00f3 en su lugar al arquitecto <strong>Fernando Hermann<\/strong>, quien hasta ese momento se desempe\u00f1aba como secretario de Transporte.<\/p>\n<p><strong>Fernando Herrmann<\/strong> lleg\u00f3 a la gesti\u00f3n p\u00fablica el <strong>22 de<\/strong> <strong>enero de 2026,<\/strong> cuando fue designado secretario de Transporte de la Naci\u00f3n en reemplazo de <strong>Luis Pierrini<\/strong>, quien hab\u00eda presentado su renuncia por motivos personales. El Gobierno lo eligi\u00f3 para dar continuidad a los planes en marcha y fortalecer la ejecuci\u00f3n de pol\u00edticas vinculadas al <a target=\"_blank\" href=\"https:\/\/www.perfil.com\/noticias\/economia\/conflicto-en-el-transporte-las-empresas-del-amba-recibiran-fondos-esta-semana-para-mejorar-frecuencias.phtml\">transporte<\/a> y la obra p\u00fablica, destacando su s\u00f3lida trayectoria profesional en el desarrollo de obras de infraestructura. <\/p>\n<p class=\"destacadoNota\"><a target=\"_blank\" href=\"https:\/\/www.perfil.com\/noticias\/politica\/me-equivoque-carlos-frugoni-admitio-que-no-declaro-siete-propiedades-en-miami.phtml\">\u00abMe equivoqu\u00e9\u00bb: Carlos Frugoni admiti\u00f3 que no declar\u00f3 siete propiedades en Miami<\/a><\/p>\n<div class=\"subscription\">\n<p>\n        Esto no les gusta a los autoritarios\n    <\/p>\n<div class=\"subscription__container\">\n<div class=\"subscription__text-wrapper\">\n<p>\n                El ejercicio del periodismo profesional y cr\u00edtico es un pilar fundamental de la democracia. Por eso molesta a quienes creen ser los due\u00f1os de la verdad.\n            <\/p>\n<\/p><\/div><\/div>\n<\/div>\n<p>Al momento de asumir, <strong>no registraba experiencia previa en pol\u00edticas de transporte, regulaci\u00f3n sectorial ni en la gesti\u00f3n de servicios p\u00fablicos<\/strong>. Hasta ahora fue un funcionario de bajo perfil, sin actuaciones p\u00fablicas destacadas. Su designaci\u00f3n fue impulsada por el ministro Caputo para asegurar continuidad en la cartera.<\/p>\n<p>La salida de Carlos Frugoni se produjo en medio de cuestionamientos por haber omitido declarar ante el fisco <strong>siete propiedades en Miami<\/strong>. El pasado jueves 23, \u00e9l mismo reconoci\u00f3: \u201c<strong>Comet\u00ed un error\u00bb<\/strong>. Agreg\u00f3: \u00abEstaba rectificando esta situaci\u00f3n porque ahora soy funcionario nacional.<strong> Me equivoqu\u00e9.<\/strong> Tambi\u00e9n voy a incluir a los departamentos en ARCA\u201d. Pero lo har\u00e1 ya fuera del Gobierno nacional. <\/p>\n<h2>Un arquitecto, gerente y docente sin experiencia de gesti\u00f3n<\/h2>\n<p>Herrmann es <strong>arquitecto<\/strong>, egresado de la <strong>Universidad de Belgrano<\/strong> en 1986 con orientaci\u00f3n en sistemas constructivos especiales. Posee adem\u00e1s un Executive Master in Business Administration (EMBA) del Instituto de Altos Estudios Empresariales (IAE), cursado durante la d\u00e9cada del 90. Desde 1992<strong> dirige el Estudio Herrmann &amp; Arquitectos Asociados<\/strong>, una firma dedicada a proyectos, direcci\u00f3n y gesti\u00f3n de obras de arquitectura en la Ciudad de Buenos Aires y la provincia de Buenos Aires.<\/p>\n<p>Entre sus trabajos se encuentran la remodelaci\u00f3n y ampliaci\u00f3n de la <strong>Cl\u00ednica Bazterrica<\/strong>, parte del dise\u00f1o del Hotel MDQ, un edificio corporativo en Las Lomas, una casa en Los Nogales y <strong>el edificio de la Defensor\u00eda del Pueblo de la Naci\u00f3n<\/strong>, entre decenas de proyectos desarrollados junto a sus socios Hugo Font\u00e1n y Bernardo Miguens.<\/p>\n<p>En paralelo, Herrmann fue <strong>socio gerente de Wilderstant SRL<\/strong> entre enero de 1990 y enero de 1992. Desde agosto de 2005 es <strong>socio gerente de Arquigrupo SRL<\/strong>. Entre 2008 y 2010 se desempe\u00f1\u00f3 como <strong>gerente de construcciones en CS Salud.<\/strong><\/p>\n<p class=\"destacadoNota\"><a target=\"_blank\" href=\"https:\/\/www.perfil.com\/noticias\/politica\/el-gobierno-impulsa-que-uno-de-los-jueces-que-fallo-a-favor-de-la-reforma-laboral-siga-en-su-cargo-despues-de-los-75-anos.phtml\">El Gobierno impulsa que uno de los jueces que fall\u00f3 a favor de la reforma laboral siga en su cargo despu\u00e9s de los 75 a\u00f1os<\/a><\/p>\n<p>En el \u00e1mbito docente, dict\u00f3 la materia<strong> Proyecto y Dise\u00f1o Arquitect\u00f3nico<\/strong> en la Facultad de Arquitectura, Dise\u00f1o y Urbanismo (FADU) de la<strong> Universidad de Buenos Aires<\/strong> entre 1990 y 1993 y tambi\u00e9n ense\u00f1\u00f3 en el <strong>Consejo Profesional de Arquitectura y Urbanismo (CPAU)<\/strong>, la Universidad Nacional de San Mart\u00edn (UNSAM) y la Federaci\u00f3n Argentina de Universidades Privadas (FAUP).<\/p>\n<p>Entre 2004 y 2008, Hermann ocup\u00f3 cargos en el <strong>Consejo Profesional de Arquitectura y Urbanismo<\/strong>: primero como consejero, a partir de septiembre de 2004, y luego como tesorero, desde 2006.<\/p>\n<p><em>MB\/ML<\/em><\/p>\n<\/p><\/div>\n<p><script>\n                !function(f,b,e,v,n,t,s)\n                {if(f.fbq)return;n=f.fbq=function(){n.callMethod?\n                    n.callMethod.apply(n,arguments):n.queue.push(arguments)};\n                    if(!f._fbq)f._fbq=n;n.push=n;n.loaded=!0;n.version='2.0';\n                    n.queue=[];t=b.createElement(e);t.async=!0;\n                    t.src=v;s=b.getElementsByTagName(e)[0];\n                    s.parentNode.insertBefore(t,s)}(window, document,'script',\n                    'https:\/\/connect.facebook.net\/en_US\/fbevents.js');\n                window.paywallConfig.facebook_pixel=\"1000228364089342\"\n            <\/script><\/p>\n","protected":false},"excerpt":{"rendered":"<p>Este domingo se conoci\u00f3 que el ministro de Econom\u00eda, Luis Caputo, acept\u00f3 la renuncia de Carlos Frugoni, el ahora exsecretario de Coordinaci\u00f3n de Infraestructura, y design\u00f3 en su lugar al arquitecto Fernando Hermann, quien hasta ese momento se desempe\u00f1aba como secretario de Transporte. Fernando Herrmann lleg\u00f3 a la gesti\u00f3n p\u00fablica el 22 de enero de [&hellip;]<\/p>\n","protected":false},"author":2,"featured_media":193306,"comment_status":"closed","ping_status":"closed","sticky":false,"template":"","format":"standard","meta":{"footnotes":""},"categories":[25],"tags":[],"class_list":["post-193305","post","type-post","status-publish","format-standard","has-post-thumbnail","hentry","category-nacionales"],"yoast_head":"<!-- This site is optimized with the Yoast SEO plugin v24.4 - https:\/\/yoast.com\/wordpress\/plugins\/seo\/ -->\n<title>Qui\u00e9n es Fernando Herrman, el nuevo secretario de Infraestructura que reemplaza a Carlos Frugoni - GYS NOTICIAS |<\/title>\n<meta name=\"robots\" content=\"index, follow, max-snippet:-1, max-image-preview:large, max-video-preview:-1\" \/>\n<link rel=\"canonical\" href=\"https:\/\/gysfm.com.ar\/inicio\/quien-es-fernando-herrman-el-nuevo-secretario-de-infraestructura-que-reemplaza-a-carlos-frugoni\/\" \/>\n<meta property=\"og:locale\" content=\"es_ES\" \/>\n<meta property=\"og:type\" content=\"article\" \/>\n<meta property=\"og:title\" content=\"Qui\u00e9n es Fernando Herrman, el nuevo secretario de Infraestructura que reemplaza a Carlos Frugoni - GYS NOTICIAS |\" \/>\n<meta property=\"og:description\" content=\"Este domingo se conoci\u00f3 que el ministro de Econom\u00eda, Luis Caputo, acept\u00f3 la renuncia de Carlos Frugoni, el ahora exsecretario de Coordinaci\u00f3n de Infraestructura, y design\u00f3 en su lugar al arquitecto Fernando Hermann, quien hasta ese momento se desempe\u00f1aba como secretario de Transporte. Fernando Herrmann lleg\u00f3 a la gesti\u00f3n p\u00fablica el 22 de enero de [&hellip;]\" \/>\n<meta property=\"og:url\" content=\"https:\/\/gysfm.com.ar\/inicio\/quien-es-fernando-herrman-el-nuevo-secretario-de-infraestructura-que-reemplaza-a-carlos-frugoni\/\" \/>\n<meta property=\"og:site_name\" content=\"GYS NOTICIAS |\" \/>\n<meta property=\"article:published_time\" content=\"2026-04-27T17:59:04+00:00\" \/>\n<meta name=\"author\" content=\"Prensa G&amp;S FM\" \/>\n<meta name=\"twitter:card\" content=\"summary_large_image\" \/>\n<meta name=\"twitter:label1\" content=\"Escrito por\" \/>\n\t<meta name=\"twitter:data1\" content=\"Prensa G&amp;S FM\" \/>\n\t<meta name=\"twitter:label2\" content=\"Tiempo de lectura\" \/>\n\t<meta name=\"twitter:data2\" content=\"3 minutos\" \/>\n<script type=\"application\/ld+json\" class=\"yoast-schema-graph\">{\"@context\":\"https:\/\/schema.org\",\"@graph\":[{\"@type\":\"Article\",\"@id\":\"https:\/\/gysfm.com.ar\/inicio\/quien-es-fernando-herrman-el-nuevo-secretario-de-infraestructura-que-reemplaza-a-carlos-frugoni\/#article\",\"isPartOf\":{\"@id\":\"https:\/\/gysfm.com.ar\/inicio\/quien-es-fernando-herrman-el-nuevo-secretario-de-infraestructura-que-reemplaza-a-carlos-frugoni\/\"},\"author\":{\"name\":\"Prensa G&amp;S FM\",\"@id\":\"https:\/\/gysfm.com.ar\/inicio\/#\/schema\/person\/3abba7593ef2ad19e1be221d54383dc5\"},\"headline\":\"Qui\u00e9n es Fernando Herrman, el nuevo secretario de Infraestructura que reemplaza a Carlos Frugoni\",\"datePublished\":\"2026-04-27T17:59:04+00:00\",\"mainEntityOfPage\":{\"@id\":\"https:\/\/gysfm.com.ar\/inicio\/quien-es-fernando-herrman-el-nuevo-secretario-de-infraestructura-que-reemplaza-a-carlos-frugoni\/\"},\"wordCount\":597,\"publisher\":{\"@id\":\"https:\/\/gysfm.com.ar\/inicio\/#organization\"},\"image\":{\"@id\":\"https:\/\/gysfm.com.ar\/inicio\/quien-es-fernando-herrman-el-nuevo-secretario-de-infraestructura-que-reemplaza-a-carlos-frugoni\/#primaryimage\"},\"thumbnailUrl\":\"https:\/\/gysfm.com.ar\/inicio\/wp-content\/uploads\/2026\/04\/fernando-hermann-2228184.jpg\",\"articleSection\":[\"NACIONALES\"],\"inLanguage\":\"es\"},{\"@type\":\"WebPage\",\"@id\":\"https:\/\/gysfm.com.ar\/inicio\/quien-es-fernando-herrman-el-nuevo-secretario-de-infraestructura-que-reemplaza-a-carlos-frugoni\/\",\"url\":\"https:\/\/gysfm.com.ar\/inicio\/quien-es-fernando-herrman-el-nuevo-secretario-de-infraestructura-que-reemplaza-a-carlos-frugoni\/\",\"name\":\"Qui\u00e9n es Fernando Herrman, el nuevo secretario de Infraestructura que reemplaza a Carlos Frugoni - GYS NOTICIAS |\",\"isPartOf\":{\"@id\":\"https:\/\/gysfm.com.ar\/inicio\/#website\"},\"primaryImageOfPage\":{\"@id\":\"https:\/\/gysfm.com.ar\/inicio\/quien-es-fernando-herrman-el-nuevo-secretario-de-infraestructura-que-reemplaza-a-carlos-frugoni\/#primaryimage\"},\"image\":{\"@id\":\"https:\/\/gysfm.com.ar\/inicio\/quien-es-fernando-herrman-el-nuevo-secretario-de-infraestructura-que-reemplaza-a-carlos-frugoni\/#primaryimage\"},\"thumbnailUrl\":\"https:\/\/gysfm.com.ar\/inicio\/wp-content\/uploads\/2026\/04\/fernando-hermann-2228184.jpg\",\"datePublished\":\"2026-04-27T17:59:04+00:00\",\"breadcrumb\":{\"@id\":\"https:\/\/gysfm.com.ar\/inicio\/quien-es-fernando-herrman-el-nuevo-secretario-de-infraestructura-que-reemplaza-a-carlos-frugoni\/#breadcrumb\"},\"inLanguage\":\"es\",\"potentialAction\":[{\"@type\":\"ReadAction\",\"target\":[\"https:\/\/gysfm.com.ar\/inicio\/quien-es-fernando-herrman-el-nuevo-secretario-de-infraestructura-que-reemplaza-a-carlos-frugoni\/\"]}]},{\"@type\":\"ImageObject\",\"inLanguage\":\"es\",\"@id\":\"https:\/\/gysfm.com.ar\/inicio\/quien-es-fernando-herrman-el-nuevo-secretario-de-infraestructura-que-reemplaza-a-carlos-frugoni\/#primaryimage\",\"url\":\"https:\/\/gysfm.com.ar\/inicio\/wp-content\/uploads\/2026\/04\/fernando-hermann-2228184.jpg\",\"contentUrl\":\"https:\/\/gysfm.com.ar\/inicio\/wp-content\/uploads\/2026\/04\/fernando-hermann-2228184.jpg\",\"width\":1140,\"height\":641},{\"@type\":\"BreadcrumbList\",\"@id\":\"https:\/\/gysfm.com.ar\/inicio\/quien-es-fernando-herrman-el-nuevo-secretario-de-infraestructura-que-reemplaza-a-carlos-frugoni\/#breadcrumb\",\"itemListElement\":[{\"@type\":\"ListItem\",\"position\":1,\"name\":\"Portada\",\"item\":\"https:\/\/gysfm.com.ar\/inicio\/\"},{\"@type\":\"ListItem\",\"position\":2,\"name\":\"Qui\u00e9n es Fernando Herrman, el nuevo secretario de Infraestructura que reemplaza a Carlos Frugoni\"}]},{\"@type\":\"WebSite\",\"@id\":\"https:\/\/gysfm.com.ar\/inicio\/#website\",\"url\":\"https:\/\/gysfm.com.ar\/inicio\/\",\"name\":\"GYS NOTICIAS |\",\"description\":\"DIARIO - RADIO ONLINE SAN JUAN ARGENTINA\",\"publisher\":{\"@id\":\"https:\/\/gysfm.com.ar\/inicio\/#organization\"},\"potentialAction\":[{\"@type\":\"SearchAction\",\"target\":{\"@type\":\"EntryPoint\",\"urlTemplate\":\"https:\/\/gysfm.com.ar\/inicio\/?s={search_term_string}\"},\"query-input\":{\"@type\":\"PropertyValueSpecification\",\"valueRequired\":true,\"valueName\":\"search_term_string\"}}],\"inLanguage\":\"es\"},{\"@type\":\"Organization\",\"@id\":\"https:\/\/gysfm.com.ar\/inicio\/#organization\",\"name\":\"GYS NOTICIAS |\",\"url\":\"https:\/\/gysfm.com.ar\/inicio\/\",\"logo\":{\"@type\":\"ImageObject\",\"inLanguage\":\"es\",\"@id\":\"https:\/\/gysfm.com.ar\/inicio\/#\/schema\/logo\/image\/\",\"url\":\"https:\/\/gysfm.com.ar\/inicio\/wp-content\/uploads\/2023\/07\/LOGOGYS-OK.png\",\"contentUrl\":\"https:\/\/gysfm.com.ar\/inicio\/wp-content\/uploads\/2023\/07\/LOGOGYS-OK.png\",\"width\":1170,\"height\":872,\"caption\":\"GYS NOTICIAS |\"},\"image\":{\"@id\":\"https:\/\/gysfm.com.ar\/inicio\/#\/schema\/logo\/image\/\"}},{\"@type\":\"Person\",\"@id\":\"https:\/\/gysfm.com.ar\/inicio\/#\/schema\/person\/3abba7593ef2ad19e1be221d54383dc5\",\"name\":\"Prensa G&amp;S FM\",\"image\":{\"@type\":\"ImageObject\",\"inLanguage\":\"es\",\"@id\":\"https:\/\/gysfm.com.ar\/inicio\/#\/schema\/person\/image\/\",\"url\":\"https:\/\/secure.gravatar.com\/avatar\/096ec78df02049ab018702bb4ccedf659377fa92a26540b5247612077a0dbd29?s=96&d=mm&r=g\",\"contentUrl\":\"https:\/\/secure.gravatar.com\/avatar\/096ec78df02049ab018702bb4ccedf659377fa92a26540b5247612077a0dbd29?s=96&d=mm&r=g\",\"caption\":\"Prensa G&amp;S FM\"},\"sameAs\":[\"https:\/\/gysfm.com.ar\/\"],\"url\":\"https:\/\/gysfm.com.ar\/inicio\/author\/lucasm\/\"}]}<\/script>\n<!-- \/ Yoast SEO plugin. -->","yoast_head_json":{"title":"Qui\u00e9n es Fernando Herrman, el nuevo secretario de Infraestructura que reemplaza a Carlos Frugoni - GYS NOTICIAS |","robots":{"index":"index","follow":"follow","max-snippet":"max-snippet:-1","max-image-preview":"max-image-preview:large","max-video-preview":"max-video-preview:-1"},"canonical":"https:\/\/gysfm.com.ar\/inicio\/quien-es-fernando-herrman-el-nuevo-secretario-de-infraestructura-que-reemplaza-a-carlos-frugoni\/","og_locale":"es_ES","og_type":"article","og_title":"Qui\u00e9n es Fernando Herrman, el nuevo secretario de Infraestructura que reemplaza a Carlos Frugoni - GYS NOTICIAS |","og_description":"Este domingo se conoci\u00f3 que el ministro de Econom\u00eda, Luis Caputo, acept\u00f3 la renuncia de Carlos Frugoni, el ahora exsecretario de Coordinaci\u00f3n de Infraestructura, y design\u00f3 en su lugar al arquitecto Fernando Hermann, quien hasta ese momento se desempe\u00f1aba como secretario de Transporte. Fernando Herrmann lleg\u00f3 a la gesti\u00f3n p\u00fablica el 22 de enero de [&hellip;]","og_url":"https:\/\/gysfm.com.ar\/inicio\/quien-es-fernando-herrman-el-nuevo-secretario-de-infraestructura-que-reemplaza-a-carlos-frugoni\/","og_site_name":"GYS NOTICIAS |","article_published_time":"2026-04-27T17:59:04+00:00","author":"Prensa G&amp;S FM","twitter_card":"summary_large_image","twitter_misc":{"Escrito por":"Prensa G&amp;S FM","Tiempo de lectura":"3 minutos"},"schema":{"@context":"https:\/\/schema.org","@graph":[{"@type":"Article","@id":"https:\/\/gysfm.com.ar\/inicio\/quien-es-fernando-herrman-el-nuevo-secretario-de-infraestructura-que-reemplaza-a-carlos-frugoni\/#article","isPartOf":{"@id":"https:\/\/gysfm.com.ar\/inicio\/quien-es-fernando-herrman-el-nuevo-secretario-de-infraestructura-que-reemplaza-a-carlos-frugoni\/"},"author":{"name":"Prensa G&amp;S FM","@id":"https:\/\/gysfm.com.ar\/inicio\/#\/schema\/person\/3abba7593ef2ad19e1be221d54383dc5"},"headline":"Qui\u00e9n es Fernando Herrman, el nuevo secretario de Infraestructura que reemplaza a Carlos Frugoni","datePublished":"2026-04-27T17:59:04+00:00","mainEntityOfPage":{"@id":"https:\/\/gysfm.com.ar\/inicio\/quien-es-fernando-herrman-el-nuevo-secretario-de-infraestructura-que-reemplaza-a-carlos-frugoni\/"},"wordCount":597,"publisher":{"@id":"https:\/\/gysfm.com.ar\/inicio\/#organization"},"image":{"@id":"https:\/\/gysfm.com.ar\/inicio\/quien-es-fernando-herrman-el-nuevo-secretario-de-infraestructura-que-reemplaza-a-carlos-frugoni\/#primaryimage"},"thumbnailUrl":"https:\/\/gysfm.com.ar\/inicio\/wp-content\/uploads\/2026\/04\/fernando-hermann-2228184.jpg","articleSection":["NACIONALES"],"inLanguage":"es"},{"@type":"WebPage","@id":"https:\/\/gysfm.com.ar\/inicio\/quien-es-fernando-herrman-el-nuevo-secretario-de-infraestructura-que-reemplaza-a-carlos-frugoni\/","url":"https:\/\/gysfm.com.ar\/inicio\/quien-es-fernando-herrman-el-nuevo-secretario-de-infraestructura-que-reemplaza-a-carlos-frugoni\/","name":"Qui\u00e9n es Fernando Herrman, el nuevo secretario de Infraestructura que reemplaza a Carlos Frugoni - GYS NOTICIAS |","isPartOf":{"@id":"https:\/\/gysfm.com.ar\/inicio\/#website"},"primaryImageOfPage":{"@id":"https:\/\/gysfm.com.ar\/inicio\/quien-es-fernando-herrman-el-nuevo-secretario-de-infraestructura-que-reemplaza-a-carlos-frugoni\/#primaryimage"},"image":{"@id":"https:\/\/gysfm.com.ar\/inicio\/quien-es-fernando-herrman-el-nuevo-secretario-de-infraestructura-que-reemplaza-a-carlos-frugoni\/#primaryimage"},"thumbnailUrl":"https:\/\/gysfm.com.ar\/inicio\/wp-content\/uploads\/2026\/04\/fernando-hermann-2228184.jpg","datePublished":"2026-04-27T17:59:04+00:00","breadcrumb":{"@id":"https:\/\/gysfm.com.ar\/inicio\/quien-es-fernando-herrman-el-nuevo-secretario-de-infraestructura-que-reemplaza-a-carlos-frugoni\/#breadcrumb"},"inLanguage":"es","potentialAction":[{"@type":"ReadAction","target":["https:\/\/gysfm.com.ar\/inicio\/quien-es-fernando-herrman-el-nuevo-secretario-de-infraestructura-que-reemplaza-a-carlos-frugoni\/"]}]},{"@type":"ImageObject","inLanguage":"es","@id":"https:\/\/gysfm.com.ar\/inicio\/quien-es-fernando-herrman-el-nuevo-secretario-de-infraestructura-que-reemplaza-a-carlos-frugoni\/#primaryimage","url":"https:\/\/gysfm.com.ar\/inicio\/wp-content\/uploads\/2026\/04\/fernando-hermann-2228184.jpg","contentUrl":"https:\/\/gysfm.com.ar\/inicio\/wp-content\/uploads\/2026\/04\/fernando-hermann-2228184.jpg","width":1140,"height":641},{"@type":"BreadcrumbList","@id":"https:\/\/gysfm.com.ar\/inicio\/quien-es-fernando-herrman-el-nuevo-secretario-de-infraestructura-que-reemplaza-a-carlos-frugoni\/#breadcrumb","itemListElement":[{"@type":"ListItem","position":1,"name":"Portada","item":"https:\/\/gysfm.com.ar\/inicio\/"},{"@type":"ListItem","position":2,"name":"Qui\u00e9n es Fernando Herrman, el nuevo secretario de Infraestructura que reemplaza a Carlos Frugoni"}]},{"@type":"WebSite","@id":"https:\/\/gysfm.com.ar\/inicio\/#website","url":"https:\/\/gysfm.com.ar\/inicio\/","name":"GYS NOTICIAS |","description":"DIARIO - RADIO ONLINE SAN JUAN ARGENTINA","publisher":{"@id":"https:\/\/gysfm.com.ar\/inicio\/#organization"},"potentialAction":[{"@type":"SearchAction","target":{"@type":"EntryPoint","urlTemplate":"https:\/\/gysfm.com.ar\/inicio\/?s={search_term_string}"},"query-input":{"@type":"PropertyValueSpecification","valueRequired":true,"valueName":"search_term_string"}}],"inLanguage":"es"},{"@type":"Organization","@id":"https:\/\/gysfm.com.ar\/inicio\/#organization","name":"GYS NOTICIAS |","url":"https:\/\/gysfm.com.ar\/inicio\/","logo":{"@type":"ImageObject","inLanguage":"es","@id":"https:\/\/gysfm.com.ar\/inicio\/#\/schema\/logo\/image\/","url":"https:\/\/gysfm.com.ar\/inicio\/wp-content\/uploads\/2023\/07\/LOGOGYS-OK.png","contentUrl":"https:\/\/gysfm.com.ar\/inicio\/wp-content\/uploads\/2023\/07\/LOGOGYS-OK.png","width":1170,"height":872,"caption":"GYS NOTICIAS |"},"image":{"@id":"https:\/\/gysfm.com.ar\/inicio\/#\/schema\/logo\/image\/"}},{"@type":"Person","@id":"https:\/\/gysfm.com.ar\/inicio\/#\/schema\/person\/3abba7593ef2ad19e1be221d54383dc5","name":"Prensa G&amp;S FM","image":{"@type":"ImageObject","inLanguage":"es","@id":"https:\/\/gysfm.com.ar\/inicio\/#\/schema\/person\/image\/","url":"https:\/\/secure.gravatar.com\/avatar\/096ec78df02049ab018702bb4ccedf659377fa92a26540b5247612077a0dbd29?s=96&d=mm&r=g","contentUrl":"https:\/\/secure.gravatar.com\/avatar\/096ec78df02049ab018702bb4ccedf659377fa92a26540b5247612077a0dbd29?s=96&d=mm&r=g","caption":"Prensa G&amp;S FM"},"sameAs":["https:\/\/gysfm.com.ar\/"],"url":"https:\/\/gysfm.com.ar\/inicio\/author\/lucasm\/"}]}},"_links":{"self":[{"href":"https:\/\/gysfm.com.ar\/inicio\/wp-json\/wp\/v2\/posts\/193305","targetHints":{"allow":["GET"]}}],"collection":[{"href":"https:\/\/gysfm.com.ar\/inicio\/wp-json\/wp\/v2\/posts"}],"about":[{"href":"https:\/\/gysfm.com.ar\/inicio\/wp-json\/wp\/v2\/types\/post"}],"author":[{"embeddable":true,"href":"https:\/\/gysfm.com.ar\/inicio\/wp-json\/wp\/v2\/users\/2"}],"replies":[{"embeddable":true,"href":"https:\/\/gysfm.com.ar\/inicio\/wp-json\/wp\/v2\/comments?post=193305"}],"version-history":[{"count":0,"href":"https:\/\/gysfm.com.ar\/inicio\/wp-json\/wp\/v2\/posts\/193305\/revisions"}],"wp:featuredmedia":[{"embeddable":true,"href":"https:\/\/gysfm.com.ar\/inicio\/wp-json\/wp\/v2\/media\/193306"}],"wp:attachment":[{"href":"https:\/\/gysfm.com.ar\/inicio\/wp-json\/wp\/v2\/media?parent=193305"}],"wp:term":[{"taxonomy":"category","embeddable":true,"href":"https:\/\/gysfm.com.ar\/inicio\/wp-json\/wp\/v2\/categories?post=193305"},{"taxonomy":"post_tag","embeddable":true,"href":"https:\/\/gysfm.com.ar\/inicio\/wp-json\/wp\/v2\/tags?post=193305"}],"curies":[{"name":"wp","href":"https:\/\/api.w.org\/{rel}","templated":true}]}}