{"id":193300,"date":"2026-04-27T14:27:46","date_gmt":"2026-04-27T17:27:46","guid":{"rendered":"https:\/\/gysfm.com.ar\/inicio\/el-atentado-contra-donald-trump-y-una-degradacion-mas-de-debate-publico\/"},"modified":"2026-04-27T14:27:46","modified_gmt":"2026-04-27T17:27:46","slug":"el-atentado-contra-donald-trump-y-una-degradacion-mas-de-debate-publico","status":"publish","type":"post","link":"https:\/\/gysfm.com.ar\/inicio\/el-atentado-contra-donald-trump-y-una-degradacion-mas-de-debate-publico\/","title":{"rendered":"El atentado contra Donald Trump y una degradaci\u00f3n m\u00e1s de debate p\u00fablico"},"content":{"rendered":"<p><\/p>\n<div id=\"article-content\">\n<p>Estaba celebr\u00e1ndose en el hotel Hilton, en Washington, un lugar evidentemente inapropiado para la presencia tanto del <a target=\"_blank\" href=\"https:\/\/www.perfil.com\/noticias\/actualidad\/trump-y-el-ataque-en-washington-creo-que-re-aun-lobo-solitario-estos-tipos-son-unos-chiflados.phtml\">presidente <strong>Donald Trump<\/strong><\/a> como de gran parte de su equipo, una <strong>cena anual<\/strong> que hace la Casa Blanca en honor a los <strong>corresponsales<\/strong> que trabajan all\u00ed, a pesar de las tensiones que hay entre el gobierno de Trump y los corresponsales, es una celebraci\u00f3n hist\u00f3rica en Estados Unidos.<\/p>\n<p>En un momento determinado, <strong>un hombre entra corriendo como un forajido al hotel, procura ingresar sin \u00e9xito al sal\u00f3n donde estaba ocurriendo el evento, se escuchan disparos<\/strong>, logra herir a un guardia que ten\u00eda un chaleco antibalas y es capturado por el Servicio Secreto, que se movi\u00f3 de una manera extraordinaria a pesar de que hay una controversia sobre el tema, sobre todo porque hay una discusi\u00f3n en <a target=\"_blank\" href=\"https:\/\/www.perfil.com\/noticias\/internacional\/quien-es-el-sospechoso-de-atacar-la-cena-que-encabezaba-el-presidente-trump-con-su-esposa.phtml\">Estados Unidos<\/a> por la figura del sobreviviente designado.<\/p>\n<p>En Estados Unidos hay un tipo al que se lo determina como el <strong>sobreviviente designado<\/strong>, que si el presidente est\u00e1 junto con el vice puede ser, por ejemplo, el ministro de Trabajo o el de Econom\u00eda, al que lo meten en un lugar seguro por si ocurre un acontecimiento en el que de repente mueren las autoridades, un atentado por ejemplo.<\/p>\n<div class=\"subscription\">\n<p>\n        Esto no les gusta a los autoritarios\n    <\/p>\n<div class=\"subscription__container\">\n<div class=\"subscription__text-wrapper\">\n<p>\n                El ejercicio del periodismo profesional y cr\u00edtico es un pilar fundamental de la democracia. Por eso molesta a quienes creen ser los due\u00f1os de la verdad.\n            <\/p>\n<\/p><\/div><\/div>\n<\/div>\n<p class=\"destacadoNota\"><a target=\"_blank\" href=\"https:\/\/www.perfil.com\/noticias\/actualidad\/trump-y-el-ataque-en-washington-creo-que-re-aun-lobo-solitario-estos-tipos-son-unos-chiflados.phtml\">Trump y el ataque en Washington: \u00abCreo que era uno de esos lobos solitarios, esos tipos son unos chiflados&#8230;\u00bb<\/a><\/p>\n<p>En este caso, este tipo <strong>era un enajenado que no ten\u00eda ninguna forma de lograr ingresar <\/strong>en el sal\u00f3n donde ocurr\u00eda la cena, a pesar de que el hotel Hilton no es el lugar m\u00e1s apropiado para que est\u00e9n juntos el presidente, el vicepresidente y la mitad de su gabinete, no s\u00e9 si habr\u00eda un sobreviviente designado en alg\u00fan lugar.<\/p>\n<p>Esto deriv\u00f3 en una discusi\u00f3n respecto a <strong>c\u00f3mo mejorar a\u00fan m\u00e1s la seguridad <\/strong>del presidente y de su equipo en Estados Unidos, que est\u00e1 sujeto a esta clase de cuestiones. <\/p>\n<p>Lo interesante es que <strong><a target=\"_blank\" href=\"https:\/\/www.perfil.com\/noticias\/actualidad\/disparos-corridas-y-tension-en-una-cena-de-trump-con-corresponsales-en-la-casa-blanca-no-hubo-heridos.phtml\">Trump<\/a> lo ha entendido<\/strong>, dijo \u00abel mundo est\u00e1 loco y estas cosas pasan\u00bb y se atribuy\u00f3 parte de la responsabilidad al decir que demor\u00f3 al Servicio Secreto hasta ver qu\u00e9 pasaba.<\/p>\n<p>El atacante en cuesti\u00f3n se llama <strong>Cole Allen<\/strong>, un alienado enajenado que procur\u00f3 una cosa imposible, que es ingresar a semejante sal\u00f3n, a pesar de que el Hilton no es la Casa Blanca ni el Pent\u00e1gono, no lleg\u00f3 a la puerta. Estuvo cerca, pero no lleg\u00f3.<\/p>\n<p style=\"text-align:center\"><picture><source media=\"(max-width: 440px)\" srcset=\"https:\/\/fotos.perfil.com\/\/2026\/04\/26\/440\/0\/incidente-de-donald-trump-26042026-2227794.jpg?webp\"\/><source media=\"(max-width: 1019px)\" srcset=\"https:\/\/fotos.perfil.com\/\/2026\/04\/26\/712\/0\/incidente-de-donald-trump-26042026-2227794.jpg?webp\"\/><img decoding=\"async\" style=\"max-width: 100%; width: 100%;\" alt=\"Incidente de Donald Trump 26042026\" src=\"https:\/\/fotos.perfil.com\/\/2026\/04\/26\/900\/0\/incidente-de-donald-trump-26042026-2227794.jpg?webp\" loading=\"lazy\"\/><\/picture><\/p>\n<p>Un californiano, maestro, profesor universitario, aparentemente desarrollador, m\u00e1ster en computaci\u00f3n, ingeniero, desarroll\u00f3 un videojuego y <strong>estaba armado con una escopeta, una pistola y varios cuchillos<\/strong>. Hab\u00eda sido nombrado el \u00abprofesor del mes\u00bb en la universidad el mes pasado. Viaj\u00f3 en tren desde California hasta Chicago y de ah\u00ed se fue a Washington, armado con un fusil, pistola y cuchillos.<\/p>\n<p>Y hab\u00eda dejado un manifiesto, un enajenado de los tantos que hay. Hab\u00eda enviado una carta a su familia con una especie de manifiesto disparatado firmado como \u00abasesino federal amistoso <a target=\"_blank\" href=\"https:\/\/www.perfil.com\/noticias\/internacional\/el-tirador-de-la-cena-de-corresponsable-de-la-casa-blanca-califico-a-trump-como-pedofilo-violador-y-traidor.phtml\">Allen<\/a>\u00ab, totalmente rayado.<\/p>\n<p>\u00abHola a todos, puede ser que haya sorprendido a mucha gente. <strong>D\u00e9jenme empezar pidiendo disculpas a todos aquellos cuya confianza traicione.<\/strong> Todos los que fueron abusados y asesinados antes de esto con todos los que sufrieron antes de que yo pudiera intentar esto y con todos los que puedan seguir sufriendo despu\u00e9s, independientemente de mi \u00e9xito o de mi fracaso.<\/p>\n<p>\u00abSobre el por qu\u00e9 de todo esto, soy ciudadano de los Estados Unidos de Am\u00e9rica, lo que hacen mis representantes me representa a m\u00ed, y <strong>ya no estoy dispuesto a permitir que un ped\u00f3filo, violador y traidor manche mis manos con cr\u00edmenes<\/strong>\u00ab, escribi\u00f3 y ah\u00ed dice \u00abvoy a matarlos a todos\u00bb, y aparentemente no incluy\u00f3 al se\u00f1or Kash Patel, jefe del FBI.<\/p>\n<p class=\"destacadoNota\"><a target=\"_blank\" href=\"https:\/\/www.perfil.com\/noticias\/internacional\/quien-es-el-sospechoso-de-atacar-la-cena-que-encabezaba-el-presidente-trump-con-su-esposa.phtml\">\u00abMaestro del Mes\u00bb: Qui\u00e9n es el universitario que dispar\u00f3 en la gala con Trump en Washington<\/a><\/p>\n<p>Y despu\u00e9s lanza una<strong> serie de consideraciones muy disparatadas contra el cristianismo<\/strong>, y de ah\u00ed se tom\u00f3 Trump para plantear que este fue un atentado anticristiano, que la motivaci\u00f3n de tipo era una motivaci\u00f3n anticristiana.<\/p>\n<p>Esto es importante porque, tanto Trump como <a target=\"_blank\" href=\"https:\/\/noticias.perfil.com\/noticias\/politica\/javier-milei-y-sus-dias-de-furia-el-peor-momento-del-presidente.phtml\">Milei<\/a>, tienen un <strong>comportamiento mesi\u00e1nico<\/strong>, conectan la pol\u00edtica con la religi\u00f3n, <strong>se creen ellos portadores de una especie de revelaci\u00f3n religiosa que sustenta su punto de vista pol\u00edtico<\/strong>, que son resultados de un mandato de Dios.<\/p>\n<p>Trump dijo esto, considerando que tuvo al momento un comportamiento relajado y se responsabiliz\u00f3 a s\u00ed mismo, porque \u00e9l <strong>se cree que es el jefe de los cristianos<\/strong>, y por lo tanto todo lo que atenta contra el cristianismo, atenta contra Trump, fue la \u00fanica cosa medio cuestionable que dijo.<\/p>\n<p>Se molest\u00f3 con una periodista que le ley\u00f3 el delirante panfleto escrito por este enajenado y la acus\u00f3 a ella de haberle le\u00eddo en la cara el manifiesto que \u00e9l evidentemente ley\u00f3 y que est\u00e1 publicado en los medios. Cosas sin importancia. <strong>Quiero destacar que en esta ocasi\u00f3n tuvo una reacci\u00f3n razonable.<\/strong><\/p>\n<p style=\"text-align:center\"><picture><source media=\"(max-width: 440px)\" srcset=\"https:\/\/fotos.perfil.com\/\/2026\/04\/26\/440\/0\/la-cabecera-de-la-cena-de-trump-con-corresponsales-de-la-casa-blanca-poco-antes-de-los-disparos-2227712.jpg?webp\"\/><source media=\"(max-width: 1019px)\" srcset=\"https:\/\/fotos.perfil.com\/\/2026\/04\/26\/712\/0\/la-cabecera-de-la-cena-de-trump-con-corresponsales-de-la-casa-blanca-poco-antes-de-los-disparos-2227712.jpg?webp\"\/><img decoding=\"async\" style=\"max-width: 100%; width: 100%;\" alt=\"La cabecera de la cena de Trump con corresponsales de la Casa Blanca poco antes de los disparos.\" src=\"https:\/\/fotos.perfil.com\/\/2026\/04\/26\/900\/0\/la-cabecera-de-la-cena-de-trump-con-corresponsales-de-la-casa-blanca-poco-antes-de-los-disparos-2227712.jpg?webp\" loading=\"lazy\"\/><\/picture><\/p>\n<p>Hubo, por supuesto, una <strong>oleada de todos los l\u00edderes mundiales que se han solidarizado<\/strong> con Donald Trump y con su gente, incluyendo muchos l\u00edderes cr\u00edticos con Trump, que es b\u00e1sicamente todo el mundo sacando uno que otro, en general las relaciones de Trump con los mandatarios son complejas, pero todos se han solidarizado con \u00e9l.<\/p>\n<p>Pero el presidente <a target=\"_blank\" href=\"https:\/\/www.perfil.com\/noticias\/politica\/a-traves-de-un-decreto-de-javier-milei-manuel-adorni-y-el-resto-de-los-ministros-duplicaron-sus-sueldos.phtml\">Milei<\/a> entendi\u00f3 que es no un atentado, sino una <strong>secuencia de atentados<\/strong>. Estados Unidos tuvo cuatro presidentes asesinados ejerciendo en sus mandatos como presidentes. No ocurr\u00eda una muerte de un presidente desde 1963, pero evidentemente una falla en el sistema podr\u00eda haber hecho que el tipo en vez de ingresar por el lobby del hotel, entraba por la cocina y por ah\u00ed lo mataba a Trump, a alguien de su equipo o alg\u00fan periodista. Una cosa muy grave.<\/p>\n<p>Lo primero que entendi\u00f3 Milei fue que <strong>no hab\u00eda habido tal reacci\u00f3n un\u00e1nime<\/strong> en favor de Trump, porque dijo que si hubiera sido un tipo de izquierda todos se hubieran solidarizado con \u00e9l. En primer lugar, comparti\u00f3 un posteo de alguien que dijo \u00ab\u00bfCu\u00e1ntas veces tuvo Barack Hussein -por Obama- un intento de asesinato? \u00bfCu\u00e1ntas veces tuvo Joe Biden un intento de asesinato? \u00bfY cu\u00e1ntas veces tuvo Kamala Harris un intento de asesinato?\u00bfY cu\u00e1ntas veces lo tuvo Hillary Clinton? la respuesta es o los dem\u00f3cratas son el partido de la violencia de Estados Unidos\u00bb, diciendo que como a ellos no les pasa son ellos los que provocan la violencia, <strong>lo rebuscado del razonamiento, hay que ser tarado<\/strong>, y el presidente lo reproduce.<\/p>\n<p class=\"destacadoNota\"><a target=\"_blank\" href=\"https:\/\/www.perfil.com\/noticias\/internacional\/atentado-contra-trump-como-planifico-el-ataque-el-tirador-que-cruzo-eeuu-para-llegar-a-la-casa-blanca.phtml\">Atentado contra Trump: c\u00f3mo planific\u00f3 el ataque el tirador que cruz\u00f3 EE.UU. para llegar a la Casa Blanca<\/a><\/p>\n<p>Y luego un posteo de <strong>Javier Lanari<\/strong>, el secretario de Comunicaci\u00f3n del gobierno argentino que puso \u00aba Trump lo intentaron matar cuatro veces. No una ni dos, sino cuatro. Si fuera de izquierda habr\u00eda esc\u00e1ndalo internacional, comunicados de organizaciones, paros, protestas y feriados. La violencia pol\u00edtica nunca es una opci\u00f3n\u00bb.<\/p>\n<p>Ha habido todo tipo de manifestaciones a favor de Trump y en contra de la violencia. <strong>No s\u00e9 d\u00f3nde viven estos tipos.<\/strong> Y el presidente ha relacionado en alg\u00fan otro posteo este ataque con la izquierda, diciendo que es sencillamente una fuerza asesina, degradando el debate p\u00fablico, esto es la ret\u00f3rica violenta de la izquierda, <strong>en una degradaci\u00f3n m\u00e1s que hace el presidente al debate p\u00fablico<\/strong>.<\/p>\n<p>Recordemos, el presidente Lincoln fue asesinado en 1865, el presidente Garfield en 1881, el presidente McKinley en 1901 y Kennedy en 1963. Trump sufri\u00f3 se dice que cuatro atentados, yo recuerdo tres con excepci\u00f3n de algo que no conozcamos. Tuvo aquel famoso atentado donde la bala le pasa por la oreja en Pensilvania, donde el asesino muri\u00f3; y el que atent\u00f3 contra \u00e9l en West Palm Beach en la cancha de golf est\u00e1 detenido y siendo juzgado; hoy declara ante un juez el tipo de este fin de semana.<\/p>\n<p>Y hubo siete u ocho casos de atentados contra presidentes que lograron sobrevivir. Por suerte no pas\u00f3 nada y veremos que derivaciones tiene.<\/p>\n<p>AS\/ff<\/p>\n<\/p><\/div>\n<p><script>\n                !function(f,b,e,v,n,t,s)\n                {if(f.fbq)return;n=f.fbq=function(){n.callMethod?\n                    n.callMethod.apply(n,arguments):n.queue.push(arguments)};\n                    if(!f._fbq)f._fbq=n;n.push=n;n.loaded=!0;n.version='2.0';\n                    n.queue=[];t=b.createElement(e);t.async=!0;\n                    t.src=v;s=b.getElementsByTagName(e)[0];\n                    s.parentNode.insertBefore(t,s)}(window, document,'script',\n                    'https:\/\/connect.facebook.net\/en_US\/fbevents.js');\n                window.paywallConfig.facebook_pixel=\"1000228364089342\"\n            <\/script><\/p>\n","protected":false},"excerpt":{"rendered":"<p>Estaba celebr\u00e1ndose en el hotel Hilton, en Washington, un lugar evidentemente inapropiado para la presencia tanto del presidente Donald Trump como de gran parte de su equipo, una cena anual que hace la Casa Blanca en honor a los corresponsales que trabajan all\u00ed, a pesar de las tensiones que hay entre el gobierno de Trump [&hellip;]<\/p>\n","protected":false},"author":2,"featured_media":193301,"comment_status":"closed","ping_status":"closed","sticky":false,"template":"","format":"standard","meta":{"footnotes":""},"categories":[25],"tags":[],"class_list":["post-193300","post","type-post","status-publish","format-standard","has-post-thumbnail","hentry","category-nacionales"],"yoast_head":"<!-- This site is optimized with the Yoast SEO plugin v24.4 - https:\/\/yoast.com\/wordpress\/plugins\/seo\/ -->\n<title>El atentado contra Donald Trump y una degradaci\u00f3n m\u00e1s de debate p\u00fablico - GYS NOTICIAS |<\/title>\n<meta name=\"robots\" content=\"index, follow, max-snippet:-1, max-image-preview:large, max-video-preview:-1\" \/>\n<link rel=\"canonical\" href=\"https:\/\/gysfm.com.ar\/inicio\/el-atentado-contra-donald-trump-y-una-degradacion-mas-de-debate-publico\/\" \/>\n<meta property=\"og:locale\" content=\"es_ES\" \/>\n<meta property=\"og:type\" content=\"article\" \/>\n<meta property=\"og:title\" content=\"El atentado contra Donald Trump y una degradaci\u00f3n m\u00e1s de debate p\u00fablico - GYS NOTICIAS |\" \/>\n<meta property=\"og:description\" content=\"Estaba celebr\u00e1ndose en el hotel Hilton, en Washington, un lugar evidentemente inapropiado para la presencia tanto del presidente Donald Trump como de gran parte de su equipo, una cena anual que hace la Casa Blanca en honor a los corresponsales que trabajan all\u00ed, a pesar de las tensiones que hay entre el gobierno de Trump [&hellip;]\" \/>\n<meta property=\"og:url\" content=\"https:\/\/gysfm.com.ar\/inicio\/el-atentado-contra-donald-trump-y-una-degradacion-mas-de-debate-publico\/\" \/>\n<meta property=\"og:site_name\" content=\"GYS NOTICIAS |\" \/>\n<meta property=\"article:published_time\" content=\"2026-04-27T17:27:46+00:00\" \/>\n<meta property=\"og:image\" content=\"https:\/\/fotos.perfil.com\/\/2026\/04\/26\/900\/0\/incidente-de-donald-trump-26042026-2227794.jpg?webp\" \/>\n<meta name=\"author\" content=\"Prensa G&amp;S FM\" \/>\n<meta name=\"twitter:card\" content=\"summary_large_image\" \/>\n<meta name=\"twitter:label1\" content=\"Escrito por\" \/>\n\t<meta name=\"twitter:data1\" content=\"Prensa G&amp;S FM\" \/>\n\t<meta name=\"twitter:label2\" content=\"Tiempo de lectura\" \/>\n\t<meta name=\"twitter:data2\" content=\"7 minutos\" \/>\n<script type=\"application\/ld+json\" class=\"yoast-schema-graph\">{\"@context\":\"https:\/\/schema.org\",\"@graph\":[{\"@type\":\"Article\",\"@id\":\"https:\/\/gysfm.com.ar\/inicio\/el-atentado-contra-donald-trump-y-una-degradacion-mas-de-debate-publico\/#article\",\"isPartOf\":{\"@id\":\"https:\/\/gysfm.com.ar\/inicio\/el-atentado-contra-donald-trump-y-una-degradacion-mas-de-debate-publico\/\"},\"author\":{\"name\":\"Prensa G&amp;S FM\",\"@id\":\"https:\/\/gysfm.com.ar\/inicio\/#\/schema\/person\/3abba7593ef2ad19e1be221d54383dc5\"},\"headline\":\"El atentado contra Donald Trump y una degradaci\u00f3n m\u00e1s de debate p\u00fablico\",\"datePublished\":\"2026-04-27T17:27:46+00:00\",\"mainEntityOfPage\":{\"@id\":\"https:\/\/gysfm.com.ar\/inicio\/el-atentado-contra-donald-trump-y-una-degradacion-mas-de-debate-publico\/\"},\"wordCount\":1428,\"publisher\":{\"@id\":\"https:\/\/gysfm.com.ar\/inicio\/#organization\"},\"image\":{\"@id\":\"https:\/\/gysfm.com.ar\/inicio\/el-atentado-contra-donald-trump-y-una-degradacion-mas-de-debate-publico\/#primaryimage\"},\"thumbnailUrl\":\"https:\/\/gysfm.com.ar\/inicio\/wp-content\/uploads\/2026\/04\/trump-2227559.jpg\",\"articleSection\":[\"NACIONALES\"],\"inLanguage\":\"es\"},{\"@type\":\"WebPage\",\"@id\":\"https:\/\/gysfm.com.ar\/inicio\/el-atentado-contra-donald-trump-y-una-degradacion-mas-de-debate-publico\/\",\"url\":\"https:\/\/gysfm.com.ar\/inicio\/el-atentado-contra-donald-trump-y-una-degradacion-mas-de-debate-publico\/\",\"name\":\"El atentado contra Donald Trump y una degradaci\u00f3n m\u00e1s de debate p\u00fablico - GYS NOTICIAS |\",\"isPartOf\":{\"@id\":\"https:\/\/gysfm.com.ar\/inicio\/#website\"},\"primaryImageOfPage\":{\"@id\":\"https:\/\/gysfm.com.ar\/inicio\/el-atentado-contra-donald-trump-y-una-degradacion-mas-de-debate-publico\/#primaryimage\"},\"image\":{\"@id\":\"https:\/\/gysfm.com.ar\/inicio\/el-atentado-contra-donald-trump-y-una-degradacion-mas-de-debate-publico\/#primaryimage\"},\"thumbnailUrl\":\"https:\/\/gysfm.com.ar\/inicio\/wp-content\/uploads\/2026\/04\/trump-2227559.jpg\",\"datePublished\":\"2026-04-27T17:27:46+00:00\",\"breadcrumb\":{\"@id\":\"https:\/\/gysfm.com.ar\/inicio\/el-atentado-contra-donald-trump-y-una-degradacion-mas-de-debate-publico\/#breadcrumb\"},\"inLanguage\":\"es\",\"potentialAction\":[{\"@type\":\"ReadAction\",\"target\":[\"https:\/\/gysfm.com.ar\/inicio\/el-atentado-contra-donald-trump-y-una-degradacion-mas-de-debate-publico\/\"]}]},{\"@type\":\"ImageObject\",\"inLanguage\":\"es\",\"@id\":\"https:\/\/gysfm.com.ar\/inicio\/el-atentado-contra-donald-trump-y-una-degradacion-mas-de-debate-publico\/#primaryimage\",\"url\":\"https:\/\/gysfm.com.ar\/inicio\/wp-content\/uploads\/2026\/04\/trump-2227559.jpg\",\"contentUrl\":\"https:\/\/gysfm.com.ar\/inicio\/wp-content\/uploads\/2026\/04\/trump-2227559.jpg\",\"width\":1140,\"height\":641},{\"@type\":\"BreadcrumbList\",\"@id\":\"https:\/\/gysfm.com.ar\/inicio\/el-atentado-contra-donald-trump-y-una-degradacion-mas-de-debate-publico\/#breadcrumb\",\"itemListElement\":[{\"@type\":\"ListItem\",\"position\":1,\"name\":\"Portada\",\"item\":\"https:\/\/gysfm.com.ar\/inicio\/\"},{\"@type\":\"ListItem\",\"position\":2,\"name\":\"El atentado contra Donald Trump y una degradaci\u00f3n m\u00e1s de debate p\u00fablico\"}]},{\"@type\":\"WebSite\",\"@id\":\"https:\/\/gysfm.com.ar\/inicio\/#website\",\"url\":\"https:\/\/gysfm.com.ar\/inicio\/\",\"name\":\"GYS NOTICIAS |\",\"description\":\"DIARIO - RADIO ONLINE SAN JUAN ARGENTINA\",\"publisher\":{\"@id\":\"https:\/\/gysfm.com.ar\/inicio\/#organization\"},\"potentialAction\":[{\"@type\":\"SearchAction\",\"target\":{\"@type\":\"EntryPoint\",\"urlTemplate\":\"https:\/\/gysfm.com.ar\/inicio\/?s={search_term_string}\"},\"query-input\":{\"@type\":\"PropertyValueSpecification\",\"valueRequired\":true,\"valueName\":\"search_term_string\"}}],\"inLanguage\":\"es\"},{\"@type\":\"Organization\",\"@id\":\"https:\/\/gysfm.com.ar\/inicio\/#organization\",\"name\":\"GYS NOTICIAS |\",\"url\":\"https:\/\/gysfm.com.ar\/inicio\/\",\"logo\":{\"@type\":\"ImageObject\",\"inLanguage\":\"es\",\"@id\":\"https:\/\/gysfm.com.ar\/inicio\/#\/schema\/logo\/image\/\",\"url\":\"https:\/\/gysfm.com.ar\/inicio\/wp-content\/uploads\/2023\/07\/LOGOGYS-OK.png\",\"contentUrl\":\"https:\/\/gysfm.com.ar\/inicio\/wp-content\/uploads\/2023\/07\/LOGOGYS-OK.png\",\"width\":1170,\"height\":872,\"caption\":\"GYS NOTICIAS |\"},\"image\":{\"@id\":\"https:\/\/gysfm.com.ar\/inicio\/#\/schema\/logo\/image\/\"}},{\"@type\":\"Person\",\"@id\":\"https:\/\/gysfm.com.ar\/inicio\/#\/schema\/person\/3abba7593ef2ad19e1be221d54383dc5\",\"name\":\"Prensa G&amp;S FM\",\"image\":{\"@type\":\"ImageObject\",\"inLanguage\":\"es\",\"@id\":\"https:\/\/gysfm.com.ar\/inicio\/#\/schema\/person\/image\/\",\"url\":\"https:\/\/secure.gravatar.com\/avatar\/096ec78df02049ab018702bb4ccedf659377fa92a26540b5247612077a0dbd29?s=96&d=mm&r=g\",\"contentUrl\":\"https:\/\/secure.gravatar.com\/avatar\/096ec78df02049ab018702bb4ccedf659377fa92a26540b5247612077a0dbd29?s=96&d=mm&r=g\",\"caption\":\"Prensa G&amp;S FM\"},\"sameAs\":[\"https:\/\/gysfm.com.ar\/\"],\"url\":\"https:\/\/gysfm.com.ar\/inicio\/author\/lucasm\/\"}]}<\/script>\n<!-- \/ Yoast SEO plugin. -->","yoast_head_json":{"title":"El atentado contra Donald Trump y una degradaci\u00f3n m\u00e1s de debate p\u00fablico - GYS NOTICIAS |","robots":{"index":"index","follow":"follow","max-snippet":"max-snippet:-1","max-image-preview":"max-image-preview:large","max-video-preview":"max-video-preview:-1"},"canonical":"https:\/\/gysfm.com.ar\/inicio\/el-atentado-contra-donald-trump-y-una-degradacion-mas-de-debate-publico\/","og_locale":"es_ES","og_type":"article","og_title":"El atentado contra Donald Trump y una degradaci\u00f3n m\u00e1s de debate p\u00fablico - GYS NOTICIAS |","og_description":"Estaba celebr\u00e1ndose en el hotel Hilton, en Washington, un lugar evidentemente inapropiado para la presencia tanto del presidente Donald Trump como de gran parte de su equipo, una cena anual que hace la Casa Blanca en honor a los corresponsales que trabajan all\u00ed, a pesar de las tensiones que hay entre el gobierno de Trump [&hellip;]","og_url":"https:\/\/gysfm.com.ar\/inicio\/el-atentado-contra-donald-trump-y-una-degradacion-mas-de-debate-publico\/","og_site_name":"GYS NOTICIAS |","article_published_time":"2026-04-27T17:27:46+00:00","og_image":[{"url":"https:\/\/fotos.perfil.com\/\/2026\/04\/26\/900\/0\/incidente-de-donald-trump-26042026-2227794.jpg?webp","type":"","width":"","height":""}],"author":"Prensa G&amp;S FM","twitter_card":"summary_large_image","twitter_misc":{"Escrito por":"Prensa G&amp;S FM","Tiempo de lectura":"7 minutos"},"schema":{"@context":"https:\/\/schema.org","@graph":[{"@type":"Article","@id":"https:\/\/gysfm.com.ar\/inicio\/el-atentado-contra-donald-trump-y-una-degradacion-mas-de-debate-publico\/#article","isPartOf":{"@id":"https:\/\/gysfm.com.ar\/inicio\/el-atentado-contra-donald-trump-y-una-degradacion-mas-de-debate-publico\/"},"author":{"name":"Prensa G&amp;S FM","@id":"https:\/\/gysfm.com.ar\/inicio\/#\/schema\/person\/3abba7593ef2ad19e1be221d54383dc5"},"headline":"El atentado contra Donald Trump y una degradaci\u00f3n m\u00e1s de debate p\u00fablico","datePublished":"2026-04-27T17:27:46+00:00","mainEntityOfPage":{"@id":"https:\/\/gysfm.com.ar\/inicio\/el-atentado-contra-donald-trump-y-una-degradacion-mas-de-debate-publico\/"},"wordCount":1428,"publisher":{"@id":"https:\/\/gysfm.com.ar\/inicio\/#organization"},"image":{"@id":"https:\/\/gysfm.com.ar\/inicio\/el-atentado-contra-donald-trump-y-una-degradacion-mas-de-debate-publico\/#primaryimage"},"thumbnailUrl":"https:\/\/gysfm.com.ar\/inicio\/wp-content\/uploads\/2026\/04\/trump-2227559.jpg","articleSection":["NACIONALES"],"inLanguage":"es"},{"@type":"WebPage","@id":"https:\/\/gysfm.com.ar\/inicio\/el-atentado-contra-donald-trump-y-una-degradacion-mas-de-debate-publico\/","url":"https:\/\/gysfm.com.ar\/inicio\/el-atentado-contra-donald-trump-y-una-degradacion-mas-de-debate-publico\/","name":"El atentado contra Donald Trump y una degradaci\u00f3n m\u00e1s de debate p\u00fablico - GYS NOTICIAS |","isPartOf":{"@id":"https:\/\/gysfm.com.ar\/inicio\/#website"},"primaryImageOfPage":{"@id":"https:\/\/gysfm.com.ar\/inicio\/el-atentado-contra-donald-trump-y-una-degradacion-mas-de-debate-publico\/#primaryimage"},"image":{"@id":"https:\/\/gysfm.com.ar\/inicio\/el-atentado-contra-donald-trump-y-una-degradacion-mas-de-debate-publico\/#primaryimage"},"thumbnailUrl":"https:\/\/gysfm.com.ar\/inicio\/wp-content\/uploads\/2026\/04\/trump-2227559.jpg","datePublished":"2026-04-27T17:27:46+00:00","breadcrumb":{"@id":"https:\/\/gysfm.com.ar\/inicio\/el-atentado-contra-donald-trump-y-una-degradacion-mas-de-debate-publico\/#breadcrumb"},"inLanguage":"es","potentialAction":[{"@type":"ReadAction","target":["https:\/\/gysfm.com.ar\/inicio\/el-atentado-contra-donald-trump-y-una-degradacion-mas-de-debate-publico\/"]}]},{"@type":"ImageObject","inLanguage":"es","@id":"https:\/\/gysfm.com.ar\/inicio\/el-atentado-contra-donald-trump-y-una-degradacion-mas-de-debate-publico\/#primaryimage","url":"https:\/\/gysfm.com.ar\/inicio\/wp-content\/uploads\/2026\/04\/trump-2227559.jpg","contentUrl":"https:\/\/gysfm.com.ar\/inicio\/wp-content\/uploads\/2026\/04\/trump-2227559.jpg","width":1140,"height":641},{"@type":"BreadcrumbList","@id":"https:\/\/gysfm.com.ar\/inicio\/el-atentado-contra-donald-trump-y-una-degradacion-mas-de-debate-publico\/#breadcrumb","itemListElement":[{"@type":"ListItem","position":1,"name":"Portada","item":"https:\/\/gysfm.com.ar\/inicio\/"},{"@type":"ListItem","position":2,"name":"El atentado contra Donald Trump y una degradaci\u00f3n m\u00e1s de debate p\u00fablico"}]},{"@type":"WebSite","@id":"https:\/\/gysfm.com.ar\/inicio\/#website","url":"https:\/\/gysfm.com.ar\/inicio\/","name":"GYS NOTICIAS |","description":"DIARIO - RADIO ONLINE SAN JUAN ARGENTINA","publisher":{"@id":"https:\/\/gysfm.com.ar\/inicio\/#organization"},"potentialAction":[{"@type":"SearchAction","target":{"@type":"EntryPoint","urlTemplate":"https:\/\/gysfm.com.ar\/inicio\/?s={search_term_string}"},"query-input":{"@type":"PropertyValueSpecification","valueRequired":true,"valueName":"search_term_string"}}],"inLanguage":"es"},{"@type":"Organization","@id":"https:\/\/gysfm.com.ar\/inicio\/#organization","name":"GYS NOTICIAS |","url":"https:\/\/gysfm.com.ar\/inicio\/","logo":{"@type":"ImageObject","inLanguage":"es","@id":"https:\/\/gysfm.com.ar\/inicio\/#\/schema\/logo\/image\/","url":"https:\/\/gysfm.com.ar\/inicio\/wp-content\/uploads\/2023\/07\/LOGOGYS-OK.png","contentUrl":"https:\/\/gysfm.com.ar\/inicio\/wp-content\/uploads\/2023\/07\/LOGOGYS-OK.png","width":1170,"height":872,"caption":"GYS NOTICIAS |"},"image":{"@id":"https:\/\/gysfm.com.ar\/inicio\/#\/schema\/logo\/image\/"}},{"@type":"Person","@id":"https:\/\/gysfm.com.ar\/inicio\/#\/schema\/person\/3abba7593ef2ad19e1be221d54383dc5","name":"Prensa G&amp;S FM","image":{"@type":"ImageObject","inLanguage":"es","@id":"https:\/\/gysfm.com.ar\/inicio\/#\/schema\/person\/image\/","url":"https:\/\/secure.gravatar.com\/avatar\/096ec78df02049ab018702bb4ccedf659377fa92a26540b5247612077a0dbd29?s=96&d=mm&r=g","contentUrl":"https:\/\/secure.gravatar.com\/avatar\/096ec78df02049ab018702bb4ccedf659377fa92a26540b5247612077a0dbd29?s=96&d=mm&r=g","caption":"Prensa G&amp;S FM"},"sameAs":["https:\/\/gysfm.com.ar\/"],"url":"https:\/\/gysfm.com.ar\/inicio\/author\/lucasm\/"}]}},"_links":{"self":[{"href":"https:\/\/gysfm.com.ar\/inicio\/wp-json\/wp\/v2\/posts\/193300","targetHints":{"allow":["GET"]}}],"collection":[{"href":"https:\/\/gysfm.com.ar\/inicio\/wp-json\/wp\/v2\/posts"}],"about":[{"href":"https:\/\/gysfm.com.ar\/inicio\/wp-json\/wp\/v2\/types\/post"}],"author":[{"embeddable":true,"href":"https:\/\/gysfm.com.ar\/inicio\/wp-json\/wp\/v2\/users\/2"}],"replies":[{"embeddable":true,"href":"https:\/\/gysfm.com.ar\/inicio\/wp-json\/wp\/v2\/comments?post=193300"}],"version-history":[{"count":0,"href":"https:\/\/gysfm.com.ar\/inicio\/wp-json\/wp\/v2\/posts\/193300\/revisions"}],"wp:featuredmedia":[{"embeddable":true,"href":"https:\/\/gysfm.com.ar\/inicio\/wp-json\/wp\/v2\/media\/193301"}],"wp:attachment":[{"href":"https:\/\/gysfm.com.ar\/inicio\/wp-json\/wp\/v2\/media?parent=193300"}],"wp:term":[{"taxonomy":"category","embeddable":true,"href":"https:\/\/gysfm.com.ar\/inicio\/wp-json\/wp\/v2\/categories?post=193300"},{"taxonomy":"post_tag","embeddable":true,"href":"https:\/\/gysfm.com.ar\/inicio\/wp-json\/wp\/v2\/tags?post=193300"}],"curies":[{"name":"wp","href":"https:\/\/api.w.org\/{rel}","templated":true}]}}