{"id":193298,"date":"2026-04-27T14:24:34","date_gmt":"2026-04-27T17:24:34","guid":{"rendered":"https:\/\/gysfm.com.ar\/inicio\/la-lista-extralarge-de-boca-en-la-copa-tres-que-vuelven-el-debut-de-un-juvenil-y-un-lesionado-en-recuperacion-ole\/"},"modified":"2026-04-27T14:24:34","modified_gmt":"2026-04-27T17:24:34","slug":"la-lista-extralarge-de-boca-en-la-copa-tres-que-vuelven-el-debut-de-un-juvenil-y-un-lesionado-en-recuperacion-ole","status":"publish","type":"post","link":"https:\/\/gysfm.com.ar\/inicio\/la-lista-extralarge-de-boca-en-la-copa-tres-que-vuelven-el-debut-de-un-juvenil-y-un-lesionado-en-recuperacion-ole\/","title":{"rendered":"La lista extralarge de Boca en la Copa: tres que vuelven, el debut de un juvenil y un lesionado en recuperaci\u00f3n :: Ol\u00e9"},"content":{"rendered":"<p> <br \/>\n<\/p>\n<p><time class=\"createDate\" datetime=\"2026-04-27T12:51:04-03:00\">27\/04\/2026 12:51hs.<\/time><\/p>\n<div id=\"storyBody\">\n<div id=\"element-body-0\" class=\"sc-136cd478-0 ekTCfV\">\n<p><strong>Boca va con todo a Brasil. Y con casi todos.<\/strong> En l\u00ednea con la postura que viene tomando \u00faltimamente en los partidos de <strong>Copa Libertadores<\/strong>, el DT confecci\u00f3n una lista de convocados extralarge para viajar a enfrentar a <strong>Cruzeiro<\/strong> por la tercera jornada de la fase de grupos. \u00bfDe qu\u00e9 se trata? <strong> Tres que reaparecen, un juvenil que tendr\u00e1 su debut absoluto y hasta un jugador lesionado que todav\u00eda no est\u00e1 para jugar. Son 28 en total.<\/strong><\/p>\n<\/div>\n<div id=\"element-body-1\" class=\"sc-136cd478-0 ekTCfV\">\n<p>La base es la de siempre, con <strong>Leandro Paredes<\/strong> a la cabeza y el resto de los titulares, m\u00e1s los que habitualmente suelen sumar m\u00e1s minutos. <strong>A ese grupo se le suman Camilo Rey Domenech, Agust\u00edn Martegani y Lucas Janson:<\/strong> salvo el pibe, que reapareci\u00f3 con Ubeda (entr\u00f3 con Instituto y fue titular vs. Independiente), los otros dos futbolistas vuelven a la lista pese a que el ex San Lorenzo no juega hace m\u00e1s de dos a\u00f1os y el delantero perdi\u00f3 mucho terreno (apenas 4 PJ este a\u00f1o).<\/p>\n<\/div>\n<p><h2><strong>LA SORPRESA: EL JUVENIL FERNANDO RODR\u00cdGUEZ<\/strong><\/h2>\n<\/p>\n<div id=\"element-body-3\" class=\"sc-136cd478-0 ekTCfV\">\n<p>Por otro lado, <strong>la sorpresa es el arquero juvenil Fernando Rodr\u00edguez.<\/strong> Es titular en la Reserva de Mariano Herr\u00f3n y Ubeda lo subi\u00f3 al plantel profesional despu\u00e9s de la grave lesi\u00f3n de Agust\u00edn Marchesin. Naci\u00f3 el 15 de septiembre de 2004 en Santo Pip\u00f3, un rinc\u00f3n misionero a 90 kil\u00f3metros de Posadas.<\/p>\n<\/div>\n<div id=\"element-body-4\" class=\"sc-136cd478-0 ekTCfV\">\n<p>Tras dar los primeros pasos en su provincia, <strong>Rodr\u00edguez Boca lleg\u00f3 en 2021.<\/strong> Primero fue suplente en Sexta y no result\u00f3 sencillo. Pero a mediados del a\u00f1o siguiente, ya en Quinta, se gan\u00f3 el lugar y empez\u00f3 a demostrar sus condiciones. En Cuarta fue el capit\u00e1n y dio el salto a Reserva, como suplente de Sebasti\u00e1n D\u00edaz Robles. Este a\u00f1o volvieron las dudas, la incertidumbre. <strong>Y estuvo por irse. SIn embargo, se le dio todo: de la titularidad en la Reserva al salto a la Primera y ahora, la convocatoria a un partido de Copa.<\/strong><\/p>\n<\/div>\n<div class=\"sc-e7b891c4-0 ifHnQL image-embed\" id=\"element-body-5\"><img alt=\"Fernando Rodr\u00edguez, el arquero de Boca que fue convocado por primera vez para Cruzeiro - Boca. Foto Prensa Boca\" loading=\"lazy\" width=\"720\" height=\"100\" decoding=\"async\" data-nimg=\"1\" style=\"color:transparent\" src=\"https:\/\/www.ole.com.ar\/images\/2026\/04\/27\/5ZfC59w9c_720x0__1.jpg\"\/><span class=\"epigraphe\">Fernando Rodr\u00edguez, el arquero de Boca que fue convocado por primera vez para Cruzeiro &#8211; Boca. Foto Prensa Boca<\/span><\/div>\n<div class=\"sc-e7b891c4-0 ifHnQL image-embed\" id=\"element-body-6\"><img alt=\"Fernando Rodr\u00edguez, el arquero de Boca que fue convocado por primera vez para Cruzeiro - Boca. Foto Prensa Boca\" loading=\"lazy\" width=\"720\" height=\"100\" decoding=\"async\" data-nimg=\"1\" style=\"color:transparent\" src=\"https:\/\/www.ole.com.ar\/images\/2026\/04\/27\/nsHiHDmt4_720x0__1.jpg\"\/><span class=\"epigraphe\">Fernando Rodr\u00edguez, el arquero de Boca que fue convocado por primera vez para Cruzeiro &#8211; Boca. Foto Prensa Boca<\/span><\/div>\n<p><h2><strong>RODRIGO BATTAGLIA, EL ACOMPA\u00d1ANTE<\/strong><\/h2>\n<\/p>\n<div id=\"element-body-8\" class=\"sc-136cd478-0 ekTCfV\">\n<p>Finalmente, <strong>y cuando parec\u00eda que Carlos Palacios pod\u00eda sumarse a la lista en esta etapa final de la evoluci\u00f3n de la operaci\u00f3n por una sinovitis en la rodilla derecha<\/strong>, el chileno se quedar\u00e1 trabajando en la Argentina, ya ajustando detalles para sumarse al grupo a la vuelta de Brasil. <strong> Mismo caso para Edinson Cavani, que tampoco forma parte de la lista.<\/strong><\/p>\n<\/div>\n<div id=\"element-body-9\" class=\"sc-136cd478-0 ekTCfV\">\n<p>SIn embargo, <strong>el que s\u00ed tiene un lugar en la delegaci\u00f3n es nada menos que Rodrigo Battaglia, aunque todav\u00eda no est\u00e1 para jugar. <\/strong> El defensor\/volante fue operado a principios de febrero en el tend\u00f3n de Aquiles y se estima que su recuperaci\u00f3n total y regreso a la actividad podr\u00eda darse reci\u00e9n en el segundo semestre. <strong>Pero de todos modos ser\u00e1 uno m\u00e1s en esta visita a Brasil en la que Boca buscar\u00e1 empezar a sellas su clasificaci\u00f3n.<\/strong><\/p>\n<\/div>\n<div class=\"sc-e7b891c4-0 ifHnQL image-embed\" id=\"element-body-10\"><img alt=\"Rodrigo Battaglia fue operado del tend\u00f3n de Aquiles en febrero y reci\u00e9n podr\u00e1 volver en el segundo semestre. Igual, forma parte de los citados vs. Cruzeiro (Prensa Boca).\" loading=\"lazy\" width=\"720\" height=\"100\" decoding=\"async\" data-nimg=\"1\" style=\"color:transparent\" src=\"https:\/\/www.ole.com.ar\/images\/2026\/03\/26\/QwFB55rXn_720x0__1.jpg\"\/><span class=\"epigraphe\">Rodrigo Battaglia fue operado del tend\u00f3n de Aquiles en febrero y reci\u00e9n podr\u00e1 volver en el segundo semestre. Igual, forma parte de los citados vs. Cruzeiro (Prensa Boca).<\/span><\/div>\n<p><h2><strong>LA LISTA COMPLETA DE BOCA CON LOS 28 JUGADORES<\/strong><\/h2>\n<\/p>\n<div id=\"element-body-12\" class=\"sc-136cd478-0 ekTCfV\">\n<p><strong>Arqueros:<\/strong> Brey, Garc\u00eda y Rodr\u00edguez.<\/p>\n<\/div>\n<div id=\"element-body-13\" class=\"sc-136cd478-0 ekTCfV\">\n<p><strong>Defensores:<\/strong> Weigandt, Barinaga, Figal, Di Lollo, Costa, Pellegrino, Blanco y Braida.<\/p>\n<\/div>\n<div id=\"element-body-14\" class=\"sc-136cd478-0 ekTCfV\">\n<p><strong>Mediocampistas:<\/strong> Paredes, Delgado, Battaglia, Rey Domenech, Ascacibar, Belmonte, Alarc\u00f3n, Zen\u00f3n, Martegani, Velasco y Aranda.<\/p>\n<\/div>\n<div id=\"element-body-15\" class=\"sc-136cd478-0 ekTCfV\">\n<p><strong>Delanteros:<\/strong> Zeballos, Janson, Romero, Merentiel, Bareiro y Gim\u00e9nez.<\/p>\n<\/div>\n<div class=\"sc-e7b891c4-0 ifHnQL image-embed\" id=\"element-body-16\"><img alt=\"La lista de 28 jugadores que tendr\u00e1 Ubeda a disposici\u00f3n en el partido contra Cruzeiro en la Copa.\" loading=\"lazy\" width=\"720\" height=\"100\" decoding=\"async\" data-nimg=\"1\" style=\"color:transparent\" src=\"https:\/\/www.ole.com.ar\/images\/2026\/04\/27\/158cxsjeL_720x0__1.jpg\"\/><span class=\"epigraphe\">La lista de 28 jugadores que tendr\u00e1 Ubeda a disposici\u00f3n en el partido contra Cruzeiro en la Copa.<\/span><\/div>\n<div id=\"element-body-17\" class=\"sc-a7166897-0 eoLsBE\"><a href=\"https:\/\/www.ole.com.ar\/boca-juniors\/visita-boca-bate-record-brasil_0_bhuwAPZWRj.html\" aria-label=\"La visita de Boca bate r\u00e9cord en Brasil\" class=\"sc-3c11979e-0 dqpgzy\"\/><\/p>\n<section><picture><img alt=\"La visita de Boca bate r\u00e9cord en Brasil\" loading=\"lazy\" width=\"290\" height=\"290\" decoding=\"async\" data-nimg=\"1\" style=\"color:transparent\" src=\"https:\/\/www.ole.com.ar\/images\/2026\/04\/27\/LbZB6kBRG_290x290__1.jpg\"\/><\/picture>\n<p><span>Mir\u00e1 tambi\u00e9n<\/span><\/p>\n<hr\/>\n<h3>La visita de Boca bate r\u00e9cord en Brasil<\/h3>\n<\/p>\n<\/section>\n<\/div>\n<div id=\"element-body-18\" class=\"sc-a7166897-0 eoLsBE\"><a href=\"https:\/\/www.ole.com.ar\/boca-juniors\/fernando-rodriguez-juvenil-primera-convocatoria-viaja-brasil-copa_0_Q3B9abgBhX.html\" aria-label=\"Qui\u00e9n es Fernando Rodr\u00edguez, el juvenil que tendr\u00e1 su primera vez ante Cruzeiro en la Libertadores\" class=\"sc-3c11979e-0 dqpgzy\"\/><\/p>\n<section><picture><img alt=\"Qui\u00e9n es Fernando Rodr\u00edguez, el juvenil que tendr\u00e1 su primera vez ante Cruzeiro en la Libertadores\" loading=\"lazy\" width=\"290\" height=\"290\" decoding=\"async\" data-nimg=\"1\" style=\"color:transparent\" src=\"https:\/\/www.ole.com.ar\/images\/2026\/04\/21\/IpPZdQ0pB_290x290__1.jpg\"\/><\/picture>\n<p><span>Mir\u00e1 tambi\u00e9n<\/span><\/p>\n<hr\/>\n<h3>Qui\u00e9n es Fernando Rodr\u00edguez, el juvenil que tendr\u00e1 su primera vez ante Cruzeiro en la Libertadores<\/h3>\n<\/p>\n<\/section>\n<\/div>\n<div id=\"element-body-19\" class=\"sc-a7166897-0 eoLsBE\"><a href=\"https:\/\/www.ole.com.ar\/boca-juniors\/cruzeiro-partido-descenso-jugo-mayoria-titulares-boca-copa-libertadores_0_AVcuSnpKzR.html\" aria-label=\"Atento Boca: el desgaste extra que hizo Cruzeiro antes del partido de Libertadores\" class=\"sc-3c11979e-0 dqpgzy\"\/><\/p>\n<section><picture><img alt=\"Atento Boca: el desgaste extra que hizo Cruzeiro antes del partido de Libertadores\" loading=\"lazy\" width=\"290\" height=\"290\" decoding=\"async\" data-nimg=\"1\" style=\"color:transparent\" src=\"https:\/\/www.ole.com.ar\/images\/2026\/04\/26\/lZXson0dl_290x290__1.jpg\"\/><\/picture>\n<p><span>Mir\u00e1 tambi\u00e9n<\/span><\/p>\n<hr\/>\n<h3>Atento Boca: el desgaste extra que hizo Cruzeiro antes del partido de Libertadores<\/h3>\n<\/p>\n<\/section>\n<\/div>\n<\/div>\n\n","protected":false},"excerpt":{"rendered":"<p>27\/04\/2026 12:51hs. Boca va con todo a Brasil. Y con casi todos. En l\u00ednea con la postura que viene tomando \u00faltimamente en los partidos de Copa Libertadores, el DT confecci\u00f3n una lista de convocados extralarge para viajar a enfrentar a Cruzeiro por la tercera jornada de la fase de grupos. \u00bfDe qu\u00e9 se trata? Tres [&hellip;]<\/p>\n","protected":false},"author":1,"featured_media":193299,"comment_status":"closed","ping_status":"closed","sticky":false,"template":"","format":"standard","meta":{"footnotes":""},"categories":[27],"tags":[],"class_list":["post-193298","post","type-post","status-publish","format-standard","has-post-thumbnail","hentry","category-deportes"],"yoast_head":"<!-- This site is optimized with the Yoast SEO plugin v24.4 - https:\/\/yoast.com\/wordpress\/plugins\/seo\/ -->\n<title>La lista extralarge de Boca en la Copa: tres que vuelven, el debut de un juvenil y un lesionado en recuperaci\u00f3n :: Ol\u00e9 - GYS NOTICIAS |<\/title>\n<meta name=\"robots\" content=\"index, follow, max-snippet:-1, max-image-preview:large, max-video-preview:-1\" \/>\n<link rel=\"canonical\" href=\"https:\/\/gysfm.com.ar\/inicio\/la-lista-extralarge-de-boca-en-la-copa-tres-que-vuelven-el-debut-de-un-juvenil-y-un-lesionado-en-recuperacion-ole\/\" \/>\n<meta property=\"og:locale\" content=\"es_ES\" \/>\n<meta property=\"og:type\" content=\"article\" \/>\n<meta property=\"og:title\" content=\"La lista extralarge de Boca en la Copa: tres que vuelven, el debut de un juvenil y un lesionado en recuperaci\u00f3n :: Ol\u00e9 - GYS NOTICIAS |\" \/>\n<meta property=\"og:description\" content=\"27\/04\/2026 12:51hs. Boca va con todo a Brasil. Y con casi todos. En l\u00ednea con la postura que viene tomando \u00faltimamente en los partidos de Copa Libertadores, el DT confecci\u00f3n una lista de convocados extralarge para viajar a enfrentar a Cruzeiro por la tercera jornada de la fase de grupos. \u00bfDe qu\u00e9 se trata? Tres [&hellip;]\" \/>\n<meta property=\"og:url\" content=\"https:\/\/gysfm.com.ar\/inicio\/la-lista-extralarge-de-boca-en-la-copa-tres-que-vuelven-el-debut-de-un-juvenil-y-un-lesionado-en-recuperacion-ole\/\" \/>\n<meta property=\"og:site_name\" content=\"GYS NOTICIAS |\" \/>\n<meta property=\"article:published_time\" content=\"2026-04-27T17:24:34+00:00\" \/>\n<meta property=\"og:image\" content=\"https:\/\/www.ole.com.ar\/images\/2026\/04\/27\/5ZfC59w9c_720x0__1.jpg\" \/>\n<meta name=\"author\" content=\"admin\" \/>\n<meta name=\"twitter:card\" content=\"summary_large_image\" \/>\n<meta name=\"twitter:label1\" content=\"Escrito por\" \/>\n\t<meta name=\"twitter:data1\" content=\"admin\" \/>\n\t<meta name=\"twitter:label2\" content=\"Tiempo de lectura\" \/>\n\t<meta name=\"twitter:data2\" content=\"3 minutos\" \/>\n<script type=\"application\/ld+json\" class=\"yoast-schema-graph\">{\"@context\":\"https:\/\/schema.org\",\"@graph\":[{\"@type\":\"Article\",\"@id\":\"https:\/\/gysfm.com.ar\/inicio\/la-lista-extralarge-de-boca-en-la-copa-tres-que-vuelven-el-debut-de-un-juvenil-y-un-lesionado-en-recuperacion-ole\/#article\",\"isPartOf\":{\"@id\":\"https:\/\/gysfm.com.ar\/inicio\/la-lista-extralarge-de-boca-en-la-copa-tres-que-vuelven-el-debut-de-un-juvenil-y-un-lesionado-en-recuperacion-ole\/\"},\"author\":{\"name\":\"admin\",\"@id\":\"https:\/\/gysfm.com.ar\/inicio\/#\/schema\/person\/5bedd7ecd35cc35548d89effafa23696\"},\"headline\":\"La lista extralarge de Boca en la Copa: tres que vuelven, el debut de un juvenil y un lesionado en recuperaci\u00f3n :: Ol\u00e9\",\"datePublished\":\"2026-04-27T17:24:34+00:00\",\"mainEntityOfPage\":{\"@id\":\"https:\/\/gysfm.com.ar\/inicio\/la-lista-extralarge-de-boca-en-la-copa-tres-que-vuelven-el-debut-de-un-juvenil-y-un-lesionado-en-recuperacion-ole\/\"},\"wordCount\":705,\"publisher\":{\"@id\":\"https:\/\/gysfm.com.ar\/inicio\/#organization\"},\"image\":{\"@id\":\"https:\/\/gysfm.com.ar\/inicio\/la-lista-extralarge-de-boca-en-la-copa-tres-que-vuelven-el-debut-de-un-juvenil-y-un-lesionado-en-recuperacion-ole\/#primaryimage\"},\"thumbnailUrl\":\"https:\/\/gysfm.com.ar\/inicio\/wp-content\/uploads\/2026\/04\/SjvbtJuzM_2000x1500__1.jpg\",\"articleSection\":[\"DEPORTES\"],\"inLanguage\":\"es\"},{\"@type\":\"WebPage\",\"@id\":\"https:\/\/gysfm.com.ar\/inicio\/la-lista-extralarge-de-boca-en-la-copa-tres-que-vuelven-el-debut-de-un-juvenil-y-un-lesionado-en-recuperacion-ole\/\",\"url\":\"https:\/\/gysfm.com.ar\/inicio\/la-lista-extralarge-de-boca-en-la-copa-tres-que-vuelven-el-debut-de-un-juvenil-y-un-lesionado-en-recuperacion-ole\/\",\"name\":\"La lista extralarge de Boca en la Copa: tres que vuelven, el debut de un juvenil y un lesionado en recuperaci\u00f3n :: Ol\u00e9 - GYS NOTICIAS |\",\"isPartOf\":{\"@id\":\"https:\/\/gysfm.com.ar\/inicio\/#website\"},\"primaryImageOfPage\":{\"@id\":\"https:\/\/gysfm.com.ar\/inicio\/la-lista-extralarge-de-boca-en-la-copa-tres-que-vuelven-el-debut-de-un-juvenil-y-un-lesionado-en-recuperacion-ole\/#primaryimage\"},\"image\":{\"@id\":\"https:\/\/gysfm.com.ar\/inicio\/la-lista-extralarge-de-boca-en-la-copa-tres-que-vuelven-el-debut-de-un-juvenil-y-un-lesionado-en-recuperacion-ole\/#primaryimage\"},\"thumbnailUrl\":\"https:\/\/gysfm.com.ar\/inicio\/wp-content\/uploads\/2026\/04\/SjvbtJuzM_2000x1500__1.jpg\",\"datePublished\":\"2026-04-27T17:24:34+00:00\",\"breadcrumb\":{\"@id\":\"https:\/\/gysfm.com.ar\/inicio\/la-lista-extralarge-de-boca-en-la-copa-tres-que-vuelven-el-debut-de-un-juvenil-y-un-lesionado-en-recuperacion-ole\/#breadcrumb\"},\"inLanguage\":\"es\",\"potentialAction\":[{\"@type\":\"ReadAction\",\"target\":[\"https:\/\/gysfm.com.ar\/inicio\/la-lista-extralarge-de-boca-en-la-copa-tres-que-vuelven-el-debut-de-un-juvenil-y-un-lesionado-en-recuperacion-ole\/\"]}]},{\"@type\":\"ImageObject\",\"inLanguage\":\"es\",\"@id\":\"https:\/\/gysfm.com.ar\/inicio\/la-lista-extralarge-de-boca-en-la-copa-tres-que-vuelven-el-debut-de-un-juvenil-y-un-lesionado-en-recuperacion-ole\/#primaryimage\",\"url\":\"https:\/\/gysfm.com.ar\/inicio\/wp-content\/uploads\/2026\/04\/SjvbtJuzM_2000x1500__1.jpg\",\"contentUrl\":\"https:\/\/gysfm.com.ar\/inicio\/wp-content\/uploads\/2026\/04\/SjvbtJuzM_2000x1500__1.jpg\",\"width\":2000,\"height\":1500},{\"@type\":\"BreadcrumbList\",\"@id\":\"https:\/\/gysfm.com.ar\/inicio\/la-lista-extralarge-de-boca-en-la-copa-tres-que-vuelven-el-debut-de-un-juvenil-y-un-lesionado-en-recuperacion-ole\/#breadcrumb\",\"itemListElement\":[{\"@type\":\"ListItem\",\"position\":1,\"name\":\"Portada\",\"item\":\"https:\/\/gysfm.com.ar\/inicio\/\"},{\"@type\":\"ListItem\",\"position\":2,\"name\":\"La lista extralarge de Boca en la Copa: tres que vuelven, el debut de un juvenil y un lesionado en recuperaci\u00f3n :: Ol\u00e9\"}]},{\"@type\":\"WebSite\",\"@id\":\"https:\/\/gysfm.com.ar\/inicio\/#website\",\"url\":\"https:\/\/gysfm.com.ar\/inicio\/\",\"name\":\"GYS NOTICIAS |\",\"description\":\"DIARIO - RADIO ONLINE SAN JUAN ARGENTINA\",\"publisher\":{\"@id\":\"https:\/\/gysfm.com.ar\/inicio\/#organization\"},\"potentialAction\":[{\"@type\":\"SearchAction\",\"target\":{\"@type\":\"EntryPoint\",\"urlTemplate\":\"https:\/\/gysfm.com.ar\/inicio\/?s={search_term_string}\"},\"query-input\":{\"@type\":\"PropertyValueSpecification\",\"valueRequired\":true,\"valueName\":\"search_term_string\"}}],\"inLanguage\":\"es\"},{\"@type\":\"Organization\",\"@id\":\"https:\/\/gysfm.com.ar\/inicio\/#organization\",\"name\":\"GYS NOTICIAS |\",\"url\":\"https:\/\/gysfm.com.ar\/inicio\/\",\"logo\":{\"@type\":\"ImageObject\",\"inLanguage\":\"es\",\"@id\":\"https:\/\/gysfm.com.ar\/inicio\/#\/schema\/logo\/image\/\",\"url\":\"https:\/\/gysfm.com.ar\/inicio\/wp-content\/uploads\/2023\/07\/LOGOGYS-OK.png\",\"contentUrl\":\"https:\/\/gysfm.com.ar\/inicio\/wp-content\/uploads\/2023\/07\/LOGOGYS-OK.png\",\"width\":1170,\"height\":872,\"caption\":\"GYS NOTICIAS |\"},\"image\":{\"@id\":\"https:\/\/gysfm.com.ar\/inicio\/#\/schema\/logo\/image\/\"}},{\"@type\":\"Person\",\"@id\":\"https:\/\/gysfm.com.ar\/inicio\/#\/schema\/person\/5bedd7ecd35cc35548d89effafa23696\",\"name\":\"admin\",\"image\":{\"@type\":\"ImageObject\",\"inLanguage\":\"es\",\"@id\":\"https:\/\/gysfm.com.ar\/inicio\/#\/schema\/person\/image\/\",\"url\":\"https:\/\/secure.gravatar.com\/avatar\/c331d312b5243fb64d5ba28108a447b27c925295129a363082c9ea52c28d32c2?s=96&d=mm&r=g\",\"contentUrl\":\"https:\/\/secure.gravatar.com\/avatar\/c331d312b5243fb64d5ba28108a447b27c925295129a363082c9ea52c28d32c2?s=96&d=mm&r=g\",\"caption\":\"admin\"},\"sameAs\":[\"https:\/\/gysfm.com.ar\/inicio\"],\"url\":\"https:\/\/gysfm.com.ar\/inicio\/author\/admin\/\"}]}<\/script>\n<!-- \/ Yoast SEO plugin. -->","yoast_head_json":{"title":"La lista extralarge de Boca en la Copa: tres que vuelven, el debut de un juvenil y un lesionado en recuperaci\u00f3n :: Ol\u00e9 - GYS NOTICIAS |","robots":{"index":"index","follow":"follow","max-snippet":"max-snippet:-1","max-image-preview":"max-image-preview:large","max-video-preview":"max-video-preview:-1"},"canonical":"https:\/\/gysfm.com.ar\/inicio\/la-lista-extralarge-de-boca-en-la-copa-tres-que-vuelven-el-debut-de-un-juvenil-y-un-lesionado-en-recuperacion-ole\/","og_locale":"es_ES","og_type":"article","og_title":"La lista extralarge de Boca en la Copa: tres que vuelven, el debut de un juvenil y un lesionado en recuperaci\u00f3n :: Ol\u00e9 - GYS NOTICIAS |","og_description":"27\/04\/2026 12:51hs. Boca va con todo a Brasil. Y con casi todos. En l\u00ednea con la postura que viene tomando \u00faltimamente en los partidos de Copa Libertadores, el DT confecci\u00f3n una lista de convocados extralarge para viajar a enfrentar a Cruzeiro por la tercera jornada de la fase de grupos. \u00bfDe qu\u00e9 se trata? Tres [&hellip;]","og_url":"https:\/\/gysfm.com.ar\/inicio\/la-lista-extralarge-de-boca-en-la-copa-tres-que-vuelven-el-debut-de-un-juvenil-y-un-lesionado-en-recuperacion-ole\/","og_site_name":"GYS NOTICIAS |","article_published_time":"2026-04-27T17:24:34+00:00","og_image":[{"url":"https:\/\/www.ole.com.ar\/images\/2026\/04\/27\/5ZfC59w9c_720x0__1.jpg","type":"","width":"","height":""}],"author":"admin","twitter_card":"summary_large_image","twitter_misc":{"Escrito por":"admin","Tiempo de lectura":"3 minutos"},"schema":{"@context":"https:\/\/schema.org","@graph":[{"@type":"Article","@id":"https:\/\/gysfm.com.ar\/inicio\/la-lista-extralarge-de-boca-en-la-copa-tres-que-vuelven-el-debut-de-un-juvenil-y-un-lesionado-en-recuperacion-ole\/#article","isPartOf":{"@id":"https:\/\/gysfm.com.ar\/inicio\/la-lista-extralarge-de-boca-en-la-copa-tres-que-vuelven-el-debut-de-un-juvenil-y-un-lesionado-en-recuperacion-ole\/"},"author":{"name":"admin","@id":"https:\/\/gysfm.com.ar\/inicio\/#\/schema\/person\/5bedd7ecd35cc35548d89effafa23696"},"headline":"La lista extralarge de Boca en la Copa: tres que vuelven, el debut de un juvenil y un lesionado en recuperaci\u00f3n :: Ol\u00e9","datePublished":"2026-04-27T17:24:34+00:00","mainEntityOfPage":{"@id":"https:\/\/gysfm.com.ar\/inicio\/la-lista-extralarge-de-boca-en-la-copa-tres-que-vuelven-el-debut-de-un-juvenil-y-un-lesionado-en-recuperacion-ole\/"},"wordCount":705,"publisher":{"@id":"https:\/\/gysfm.com.ar\/inicio\/#organization"},"image":{"@id":"https:\/\/gysfm.com.ar\/inicio\/la-lista-extralarge-de-boca-en-la-copa-tres-que-vuelven-el-debut-de-un-juvenil-y-un-lesionado-en-recuperacion-ole\/#primaryimage"},"thumbnailUrl":"https:\/\/gysfm.com.ar\/inicio\/wp-content\/uploads\/2026\/04\/SjvbtJuzM_2000x1500__1.jpg","articleSection":["DEPORTES"],"inLanguage":"es"},{"@type":"WebPage","@id":"https:\/\/gysfm.com.ar\/inicio\/la-lista-extralarge-de-boca-en-la-copa-tres-que-vuelven-el-debut-de-un-juvenil-y-un-lesionado-en-recuperacion-ole\/","url":"https:\/\/gysfm.com.ar\/inicio\/la-lista-extralarge-de-boca-en-la-copa-tres-que-vuelven-el-debut-de-un-juvenil-y-un-lesionado-en-recuperacion-ole\/","name":"La lista extralarge de Boca en la Copa: tres que vuelven, el debut de un juvenil y un lesionado en recuperaci\u00f3n :: Ol\u00e9 - GYS NOTICIAS |","isPartOf":{"@id":"https:\/\/gysfm.com.ar\/inicio\/#website"},"primaryImageOfPage":{"@id":"https:\/\/gysfm.com.ar\/inicio\/la-lista-extralarge-de-boca-en-la-copa-tres-que-vuelven-el-debut-de-un-juvenil-y-un-lesionado-en-recuperacion-ole\/#primaryimage"},"image":{"@id":"https:\/\/gysfm.com.ar\/inicio\/la-lista-extralarge-de-boca-en-la-copa-tres-que-vuelven-el-debut-de-un-juvenil-y-un-lesionado-en-recuperacion-ole\/#primaryimage"},"thumbnailUrl":"https:\/\/gysfm.com.ar\/inicio\/wp-content\/uploads\/2026\/04\/SjvbtJuzM_2000x1500__1.jpg","datePublished":"2026-04-27T17:24:34+00:00","breadcrumb":{"@id":"https:\/\/gysfm.com.ar\/inicio\/la-lista-extralarge-de-boca-en-la-copa-tres-que-vuelven-el-debut-de-un-juvenil-y-un-lesionado-en-recuperacion-ole\/#breadcrumb"},"inLanguage":"es","potentialAction":[{"@type":"ReadAction","target":["https:\/\/gysfm.com.ar\/inicio\/la-lista-extralarge-de-boca-en-la-copa-tres-que-vuelven-el-debut-de-un-juvenil-y-un-lesionado-en-recuperacion-ole\/"]}]},{"@type":"ImageObject","inLanguage":"es","@id":"https:\/\/gysfm.com.ar\/inicio\/la-lista-extralarge-de-boca-en-la-copa-tres-que-vuelven-el-debut-de-un-juvenil-y-un-lesionado-en-recuperacion-ole\/#primaryimage","url":"https:\/\/gysfm.com.ar\/inicio\/wp-content\/uploads\/2026\/04\/SjvbtJuzM_2000x1500__1.jpg","contentUrl":"https:\/\/gysfm.com.ar\/inicio\/wp-content\/uploads\/2026\/04\/SjvbtJuzM_2000x1500__1.jpg","width":2000,"height":1500},{"@type":"BreadcrumbList","@id":"https:\/\/gysfm.com.ar\/inicio\/la-lista-extralarge-de-boca-en-la-copa-tres-que-vuelven-el-debut-de-un-juvenil-y-un-lesionado-en-recuperacion-ole\/#breadcrumb","itemListElement":[{"@type":"ListItem","position":1,"name":"Portada","item":"https:\/\/gysfm.com.ar\/inicio\/"},{"@type":"ListItem","position":2,"name":"La lista extralarge de Boca en la Copa: tres que vuelven, el debut de un juvenil y un lesionado en recuperaci\u00f3n :: Ol\u00e9"}]},{"@type":"WebSite","@id":"https:\/\/gysfm.com.ar\/inicio\/#website","url":"https:\/\/gysfm.com.ar\/inicio\/","name":"GYS NOTICIAS |","description":"DIARIO - RADIO ONLINE SAN JUAN ARGENTINA","publisher":{"@id":"https:\/\/gysfm.com.ar\/inicio\/#organization"},"potentialAction":[{"@type":"SearchAction","target":{"@type":"EntryPoint","urlTemplate":"https:\/\/gysfm.com.ar\/inicio\/?s={search_term_string}"},"query-input":{"@type":"PropertyValueSpecification","valueRequired":true,"valueName":"search_term_string"}}],"inLanguage":"es"},{"@type":"Organization","@id":"https:\/\/gysfm.com.ar\/inicio\/#organization","name":"GYS NOTICIAS |","url":"https:\/\/gysfm.com.ar\/inicio\/","logo":{"@type":"ImageObject","inLanguage":"es","@id":"https:\/\/gysfm.com.ar\/inicio\/#\/schema\/logo\/image\/","url":"https:\/\/gysfm.com.ar\/inicio\/wp-content\/uploads\/2023\/07\/LOGOGYS-OK.png","contentUrl":"https:\/\/gysfm.com.ar\/inicio\/wp-content\/uploads\/2023\/07\/LOGOGYS-OK.png","width":1170,"height":872,"caption":"GYS NOTICIAS |"},"image":{"@id":"https:\/\/gysfm.com.ar\/inicio\/#\/schema\/logo\/image\/"}},{"@type":"Person","@id":"https:\/\/gysfm.com.ar\/inicio\/#\/schema\/person\/5bedd7ecd35cc35548d89effafa23696","name":"admin","image":{"@type":"ImageObject","inLanguage":"es","@id":"https:\/\/gysfm.com.ar\/inicio\/#\/schema\/person\/image\/","url":"https:\/\/secure.gravatar.com\/avatar\/c331d312b5243fb64d5ba28108a447b27c925295129a363082c9ea52c28d32c2?s=96&d=mm&r=g","contentUrl":"https:\/\/secure.gravatar.com\/avatar\/c331d312b5243fb64d5ba28108a447b27c925295129a363082c9ea52c28d32c2?s=96&d=mm&r=g","caption":"admin"},"sameAs":["https:\/\/gysfm.com.ar\/inicio"],"url":"https:\/\/gysfm.com.ar\/inicio\/author\/admin\/"}]}},"_links":{"self":[{"href":"https:\/\/gysfm.com.ar\/inicio\/wp-json\/wp\/v2\/posts\/193298","targetHints":{"allow":["GET"]}}],"collection":[{"href":"https:\/\/gysfm.com.ar\/inicio\/wp-json\/wp\/v2\/posts"}],"about":[{"href":"https:\/\/gysfm.com.ar\/inicio\/wp-json\/wp\/v2\/types\/post"}],"author":[{"embeddable":true,"href":"https:\/\/gysfm.com.ar\/inicio\/wp-json\/wp\/v2\/users\/1"}],"replies":[{"embeddable":true,"href":"https:\/\/gysfm.com.ar\/inicio\/wp-json\/wp\/v2\/comments?post=193298"}],"version-history":[{"count":0,"href":"https:\/\/gysfm.com.ar\/inicio\/wp-json\/wp\/v2\/posts\/193298\/revisions"}],"wp:featuredmedia":[{"embeddable":true,"href":"https:\/\/gysfm.com.ar\/inicio\/wp-json\/wp\/v2\/media\/193299"}],"wp:attachment":[{"href":"https:\/\/gysfm.com.ar\/inicio\/wp-json\/wp\/v2\/media?parent=193298"}],"wp:term":[{"taxonomy":"category","embeddable":true,"href":"https:\/\/gysfm.com.ar\/inicio\/wp-json\/wp\/v2\/categories?post=193298"},{"taxonomy":"post_tag","embeddable":true,"href":"https:\/\/gysfm.com.ar\/inicio\/wp-json\/wp\/v2\/tags?post=193298"}],"curies":[{"name":"wp","href":"https:\/\/api.w.org\/{rel}","templated":true}]}}