{"id":193297,"date":"2026-04-27T14:21:15","date_gmt":"2026-04-27T17:21:15","guid":{"rendered":"https:\/\/gysfm.com.ar\/inicio\/cuanto-cobraran-en-mayo-de-2026-tras-el-ultimo-acuerdo\/"},"modified":"2026-04-27T14:21:15","modified_gmt":"2026-04-27T17:21:15","slug":"cuanto-cobraran-en-mayo-de-2026-tras-el-ultimo-acuerdo","status":"publish","type":"post","link":"https:\/\/gysfm.com.ar\/inicio\/cuanto-cobraran-en-mayo-de-2026-tras-el-ultimo-acuerdo\/","title":{"rendered":"cu\u00e1nto cobrar\u00e1n en mayo de 2026 tras el \u00faltimo acuerdo"},"content":{"rendered":"<p> <br \/>\n<\/p>\n<div>\t\t<!-- { REGION4 --> <\/p>\n<header class=\"news-headline\">\n<h2 class=\"news-headline__article-summary\">\t\t<\/h2>\n<p data-start=\"0\" data-end=\"165\" data-is-last-node=\"\" data-is-only-node=\"\" class=\"ignore-parser\">Los metal\u00fargicos cobrar\u00e1n en mayo los sueldos de abril con escalas actualizadas. No es un aumento nuevo, sino la aplicaci\u00f3n del \u00faltimo acuerdo vigente.<\/p>\n<\/header>\n<div class=\"detail-highlighted-multimedia content-protected-false\">\n<figure class=\"detail-highlighted-multimedia__figure\">  <img loading=\"lazy\" decoding=\"async\" src=\"https:\/\/media.ambito.com\/p\/91db8ef05113a4b7138b26cf095d532c\/adjuntos\/239\/imagenes\/037\/533\/0037533372\/metalurgicosjpg.jpg\" class=\"detail-highlighted-multimedia__figure-img img-fluid\" alt=\"Los trabajadores metal\u00fargicos cobrar\u00e1n en mayo los sueldos de abril con valores actualizados.\" width=\"540\" height=\"405\"\/><figcaption class=\"detail-highlighted-multimedia__figcaption\">  <\/figcaption><\/figure>\n<\/p><\/div>\n<article class=\"article-body article-body--first-paragraph content-protected-false\" data-td-script-src=\"https:\/\/www.ambito.com\/td\/modulos\/encuestas\/js\/function-embeds-min-version-1777262880.js\">\n<p id=\"p-1777295942210-10561\" data-start=\"165\" data-end=\"464\">La Uni\u00f3n Obrera Metal\u00fargica (UOM) firm\u00f3 el acuerdo paritario que cerr\u00f3 la <strong>negociaci\u00f3n salarial del per\u00edodo abril 2025\u2013marzo 2026<\/strong> y estableci\u00f3 los aumentos que impactan en los haberes que los trabajadores cobrar\u00e1n en mayo, correspondientes a abril de 2026, <strong>mientras se espera una nueva actualizaci\u00f3n.<\/strong><\/p>\n<\/article>\n<section class=\"suscription-false printed-edition\" style=\"display:none\">\n<p>El contenido al que quiere acceder es exclusivo para suscriptores.<\/p>\n<p>  <span> <button type=\"button\" name=\"button\" class=\"subscribe-btn mercadopago-btn\">suscribirse<\/button><\/span>  <span class=\"btns\"><button type=\"button\" name=\"button\" class=\"subscribe-btn reload-login\"> ya estoy suscripto<\/button><\/span>  <\/p>\n<\/section>\n<article class=\"article-body article-body--second-paragraph content-protected-false\">\n<p id=\"p-1777296207236-82927\" data-start=\"392\" data-end=\"563\">Estos valores incluyen los \u00faltimos incrementos definidos en ese acuerdo, por lo que no corresponden a un nuevo aumento para mayo sino a la aplicaci\u00f3n de la escala vigente.<\/p>\n<\/article>\n<section class=\"related-news\">\t\t<span class=\"related-news__title\">Informate m\u00e1s<\/span>\t\t<\/p>\n<div class=\"row row--eq-height\">\n<div class=\"col-12 col-md-6\">\n<article class=\"news-article news-article--landscape-news news-article--landscape-news\">\n<figure class=\"news-article__figure figure\">\n\t\t\t\t\t\t\t\t\t\t\t<img loading=\"lazy\" decoding=\"async\" src=\"https:\/\/media.ambito.com\/p\/e540eae5de580f91b6784351688cd7e4\/adjuntos\/239\/imagenes\/043\/204\/0043204345\/93x52\/smart\/cuenta-dni.jpg\" alt=\"Las promociones solo son v\u00e1lidas para quienes abonen con las funciones \u201cPagar QR\u201d o \u201cClave DNI\u201d.\" title=\"Las promociones solo son v\u00e1lidas para quienes abonen con las funciones \u201cPagar QR\u201d o \u201cClave DNI\u201d.\" width=\"93\" height=\"52\" class=\"news-article__figure-img figure-img img-fluid\"\/>\t\t<\/figure>\n<\/article><\/div>\n<div class=\"col-12 col-md-6\">\n<article class=\"news-article news-article--landscape-news news-article--landscape-news\">\n<figure class=\"news-article__figure figure\">\n\t\t\t\t\t\t\t\t\t\t\t<img loading=\"lazy\" decoding=\"async\" src=\"https:\/\/media.ambito.com\/p\/770be2f06d6e7fd02a8ed7cafacece9a\/adjuntos\/239\/imagenes\/043\/273\/0043273418\/93x52\/smart\/fabrica-china-1.jpg\" alt=\"La crisis de Medio Oriente increment\u00f3 la incertidumbre sobre la demanda mundial y las cadenas de suministro, en particular las vinculadas a la energ\u00eda.\" title=\"La crisis de Medio Oriente increment\u00f3 la incertidumbre sobre la demanda mundial y las cadenas de suministro, en particular las vinculadas a la energ\u00eda.\" width=\"93\" height=\"52\" class=\"news-article__figure-img figure-img img-fluid\"\/>\t\t<\/figure>\n<\/article><\/div>\n<\/div>\n<\/section>\n<article class=\"article-body article-body--third-paragraph content-protected-false\">\n<p id=\"p-1777295953472-94820\" data-start=\"466\" data-end=\"783\">El acta fue rubricada por el secretario general <strong>Abel Furl\u00e1n<\/strong>, los paritarios del sindicato y representantes de las c\u00e1maras ADIMRA, AFARTE, CAIAMA, FEDEHOGAR, AFAC y CAMIMA.<strong> El convenio alcanza a la Rama 17 y al conjunto de la actividad metalmec\u00e1nica, con excepci\u00f3n de la Rama 21<\/strong>, correspondiente al sector sider\u00fargico.<\/p>\n<\/article>\n<article class=\"article-body article-body--fourth-paragraph content-protected-false\">\n<h2 id=\"p-1777295469070-26579\">Metal\u00fargicos: cu\u00e1nto cobran en mayo de 2026<\/h2>\n<p id=\"p-1777296117403-69867\" data-start=\"861\" data-end=\"1147\">La aplicaci\u00f3n de estos montos depende de la homologaci\u00f3n oficial, paso necesario para que las empresas liquiden formalmente los incrementos. Con la actualizaci\u00f3n de las escalas,<strong> los trabajadores percibir\u00e1n en mayo los sueldos de abril con valores m\u00e1s altos respecto a los meses previos.<\/strong><\/p>\n<\/article>\n<article class=\"article-body article-body--fifth-paragraph content-protected-false\">\n<div contenteditable=\"false\" class=\"embed_cont type_imagen\" id=\"7560623-Libre-1568776981_wrap\">\n<p>industria pyme metal\u00fargica <span onclick=\"parent.parent.TinyMCETdcuerpo.preview_embed('7560623-Libre-1568776981')\" class=\"embed_colapse less\" id=\"7560623-Libre-1568776981_colapse\"> <\/span> <span onclick=\"parent.parent.TinyMCETdcuerpo.delete_embed('7560623-Libre-1568776981')\" class=\"embed_delete less\" id=\"7560623-Libre-1568776981_delete\"\/><\/p>\n<div id=\"7560623-Libre-1568776981_content\" class=\"embed_content\"><img decoding=\"async\" src=\"https:\/\/media.ambito.com\/p\/0aa308819f39a40e4819b307abb44d81\/adjuntos\/239\/imagenes\/039\/195\/0039195733\/industria-pyme-metalurgica.jpg?0000-00-00-00-00-00\" alt=\"Las nuevas escalas corresponden al \u00faltimo acuerdo paritario cerrado en marzo de 2026.\" title=\"Las nuevas escalas corresponden al \u00faltimo acuerdo paritario cerrado en marzo de 2026.\" width=\"692\" height=\"460\" id=\"7560623-Libre-1568776981_embed\" crossorigin=\"anonymous\" fetchpriority=\"high\" decode=\"async\"\/><\/div>\n<div class=\"embed_wrapper-cont\" id=\"p-1777296117403-90452\">\n<div id=\"7560623-Libre-1568776981_epigrafe\" class=\"embed_epigrafe\">\n<p id=\"p-1777296117403-60329\">Las nuevas escalas corresponden al \u00faltimo acuerdo paritario cerrado en marzo de 2026.<\/p>\n<\/div>\n<p>Pixabay<\/p>\n<\/div><\/div>\n<h2 id=\"p-1777295469070-66998\" data-start=\"783\" data-end=\"856\">Personal mensualizado Grupo \u201cA\u201d \u2013 Administrativo<\/h2>\n<ul id=\"p-1777295661908-83104\">\n<li id=\"p-1777295469070-45770\" data-start=\"1177\" data-end=\"1272\"><strong>Adm. 1\u00b0: <\/strong>$833.257,48<\/li>\n<li id=\"p-1777295469070-76447\"><strong>Adm. 2\u00b0: <\/strong>$924.732,49<\/li>\n<li id=\"p-1777295469070-58533\"><strong>Adm. 3\u00b0: <\/strong>$1.067.759,96<\/li>\n<li id=\"p-1777295469070-13515\"><strong>Adm. 4\u00b0: <\/strong>$1.166.170,85<\/li>\n<\/ul>\n<h2 id=\"p-1777295469070-26399\" data-start=\"1274\" data-end=\"1297\">Grupo \u201cB\u201d \u2013 T\u00e9cnico<\/h2>\n<ul id=\"p-1777295678351-21614\">\n<li id=\"p-1777295469070-755\" data-start=\"1299\" data-end=\"1442\"><strong>T\u00e9c. 1\u00b0:<\/strong> $833.257,48<\/li>\n<li id=\"p-1777295469070-83022\"><strong>T\u00e9c. 2\u00b0: <\/strong>$924.875,28<\/li>\n<li id=\"p-1777295469070-20175\"><strong>T\u00e9c. 3\u00b0: <\/strong>$988.568,62<\/li>\n<li id=\"p-1777295469070-40782\"><strong>T\u00e9c. 4\u00b0:<\/strong> $1.121.394,56<\/li>\n<li id=\"p-1777295469070-79377\"><strong>T\u00e9c. 5\u00b0:<\/strong> $1.166.216,36<\/li>\n<li id=\"p-1777295469070-29072\"><strong>T\u00e9c. 6\u00b0:<\/strong> $1.276.880,99<\/li>\n<\/ul>\n<h2 id=\"p-1777295469070-3816\" data-start=\"1444\" data-end=\"1468\">Grupo \u201cC\u201d \u2013 Auxiliar<\/h2>\n<ul id=\"p-1777295717876-87888\">\n<li id=\"p-1777295469070-46372\" data-start=\"1470\" data-end=\"1538\"><strong>Aux. 1\u00b0:<\/strong> $801.577,24<\/li>\n<li id=\"p-1777295469070-76741\"><strong>Aux. 2\u00b0:<\/strong> $872.358,95<\/li>\n<li id=\"p-1777295469070-49311\"><strong>Aux. 3\u00b0: <\/strong>$992.754,70<\/li>\n<\/ul>\n<h2 id=\"p-1777295469070-1013\">Personal jornalizado (por hora)<\/h2>\n<ul id=\"p-1777295709487-90819\">\n<li id=\"p-1777295469070-89248\" data-start=\"1577\" data-end=\"1885\"><strong>Categor\u00eda General Ingresante: <\/strong>$4.313,43<\/li>\n<li id=\"p-1777295469070-99494\"><strong>Operario Calificado:<\/strong> $4.672,74<\/li>\n<li id=\"p-1777295469070-70967\"><strong>Medio Oficial: <\/strong>$5.036,08<\/li>\n<li id=\"p-1777295469070-67847\"><strong>Operario Especializado:<\/strong> $5.387,45<\/li>\n<li id=\"p-1777295469070-79430\"><strong>Operario Esp. M\u00faltiple: <\/strong>$5.695,63<\/li>\n<li id=\"p-1777295469070-61352\"><strong>Oficial:<\/strong> $5.958,84<\/li>\n<li id=\"p-1777295469070-18477\"><strong>Oficial M\u00faltiple:<\/strong> $6.418,60<\/li>\n<li id=\"p-1777295469070-14151\"><strong>Operador CNC (Oficial Superior): <\/strong>$6.418,60<\/li>\n<li id=\"p-1777295469070-55866\"><strong>Oficial M\u00faltiple Superior:<\/strong> $6.868,42<\/li>\n<\/ul>\n<div contenteditable=\"false\" class=\"embed_cont type_imagen\" id=\"7432449-Libre-431121627_wrap\">\n<p> INDUSTRIA METAL\u00daRGICA.jpg <span onclick=\"parent.parent.TinyMCETdcuerpo.preview_embed('7432449-Libre-431121627')\" class=\"embed_colapse less\" id=\"7432449-Libre-431121627_colapse\"> <\/span> <span onclick=\"parent.parent.TinyMCETdcuerpo.delete_embed('7432449-Libre-431121627')\" class=\"embed_delete less\" id=\"7432449-Libre-431121627_delete\"\/><\/p>\n<div id=\"7432449-Libre-431121627_content\" class=\"embed_content\"><img loading=\"lazy\" decoding=\"async\" src=\"https:\/\/media.ambito.com\/p\/d7e6d65c3524ece1084b43e1e88ebe7f\/adjuntos\/239\/imagenes\/037\/624\/0037624857\/industria-metalurgicajpg.jpg?0000-00-00-00-00-00\" alt=\"Las escalas incluyen tanto personal mensualizado como jornalizado.\" title=\"Las escalas incluyen tanto personal mensualizado como jornalizado.\" width=\"690\" height=\"459\" id=\"7432449-Libre-431121627_embed\"\/><\/div>\n<div class=\"embed_wrapper-cont\" id=\"p-1777296366329-93542\">\n<div id=\"7432449-Libre-431121627_epigrafe\" class=\"embed_epigrafe\">\n<p>Las escalas incluyen tanto personal mensualizado como jornalizado.<\/p>\n<\/div>\n<p>Imagen: Pixabay<\/p>\n<\/div><\/div>\n<\/article>\n<article class=\"article-body article-body--remaining-paragraph content-protected-false\">\n<h2 id=\"p-1777295469070-37599\"> Ingreso m\u00ednimo y sumas del acuerdo<\/h2>\n<p id=\"p-1777295983881-41362\" data-start=\"2069\" data-end=\"2334\">El<strong> Ingreso M\u00ednimo Global de Referencia (IMGR) <\/strong>se actualiz\u00f3 a <strong data-start=\"2130\" data-end=\"2144\">$1.036.390<\/strong> como piso salarial mensual seg\u00fan la \u00faltima escala vigente. Este monto incluye conceptos remunerativos y no remunerativos, con excepci\u00f3n de las horas extras, y no impacta en indemnizaciones.<\/p>\n<p id=\"p-1777295469070-4941\" data-start=\"2305\" data-end=\"2348\">En cuanto a los \u00faltimos tramos del acuerdo:<\/p>\n<ul id=\"p-1777295736761-64171\">\n<li id=\"p-1777295469070-59082\" data-start=\"2350\" data-end=\"2488\"><strong>Enero 2026:<\/strong> 4,2% remunerativo + $15.000 no remunerativos<\/li>\n<li id=\"p-1777295469070-97043\"><strong>Febrero 2026:<\/strong> $25.000 no remunerativos<\/li>\n<li id=\"p-1777295469070-96575\"><strong>Marzo 2026: <\/strong>$35.000 no remunerativos<\/li>\n<\/ul>\n<p id=\"p-1777295469070-18624\" data-start=\"2490\" data-end=\"2623\">En total, el acuerdo acumul\u00f3 un 14% de aumento remunerativo y $160.000 en sumas no remunerativas distribuidas a lo largo del per\u00edodo.<\/p>\n<h2 id=\"p-1777295469070-91898\">Qu\u00e9 pasa con las paritarias<\/h2>\n<p id=\"p-1777296000376-32202\" data-start=\"2689\" data-end=\"3001\" data-is-last-node=\"\" data-is-only-node=\"\">Con el cierre del esquema en marzo, mayo encuentra al sector<strong> sin un nuevo acuerdo homologado. <\/strong>Mientras contin\u00faan las negociaciones, <strong>estas escalas funcionan como referencia para los salarios actuales<\/strong>, en un contexto donde la inflaci\u00f3n sigue presionando sobre el poder adquisitivo de los trabajadores metal\u00fargicos.<\/p>\n<\/article>\n<p>\t\t\t\t<!-- REGION4 } -->\n\t\t\t\t\t\t<\/div>\n<p><script>\n!function(f,b,e,v,n,t,s)\n{if(f.fbq)return;n=f.fbq=function(){n.callMethod?\nn.callMethod.apply(n,arguments):n.queue.push(arguments)};\nif(!f._fbq)f._fbq=n;n.push=n;n.loaded=!0;n.version='2.0';\nn.queue=[];t=b.createElement(e);t.async=!0;\nt.src=v;s=b.getElementsByTagName(e)[0];\ns.parentNode.insertBefore(t,s)}(window,document,'script',\n'https:\/\/connect.facebook.net\/en_US\/fbevents.js');\nfbq('init', '2047048335588113');\nfbq('track', 'PageView');\n<\/script><br \/>\n<br \/><\/p>\n","protected":false},"excerpt":{"rendered":"<p>Los metal\u00fargicos cobrar\u00e1n en mayo los sueldos de abril con escalas actualizadas. No es un aumento nuevo, sino la aplicaci\u00f3n del \u00faltimo acuerdo vigente. La Uni\u00f3n Obrera Metal\u00fargica (UOM) firm\u00f3 el acuerdo paritario que cerr\u00f3 la negociaci\u00f3n salarial del per\u00edodo abril 2025\u2013marzo 2026 y estableci\u00f3 los aumentos que impactan en los haberes que los trabajadores [&hellip;]<\/p>\n","protected":false},"author":1,"featured_media":191917,"comment_status":"closed","ping_status":"closed","sticky":false,"template":"","format":"standard","meta":{"footnotes":""},"categories":[28],"tags":[],"class_list":["post-193297","post","type-post","status-publish","format-standard","has-post-thumbnail","hentry","category-economia"],"yoast_head":"<!-- This site is optimized with the Yoast SEO plugin v24.4 - https:\/\/yoast.com\/wordpress\/plugins\/seo\/ -->\n<title>cu\u00e1nto cobrar\u00e1n en mayo de 2026 tras el \u00faltimo acuerdo - GYS NOTICIAS |<\/title>\n<meta name=\"robots\" content=\"index, follow, max-snippet:-1, max-image-preview:large, max-video-preview:-1\" \/>\n<link rel=\"canonical\" href=\"https:\/\/gysfm.com.ar\/inicio\/cuanto-cobraran-en-mayo-de-2026-tras-el-ultimo-acuerdo\/\" \/>\n<meta property=\"og:locale\" content=\"es_ES\" \/>\n<meta property=\"og:type\" content=\"article\" \/>\n<meta property=\"og:title\" content=\"cu\u00e1nto cobrar\u00e1n en mayo de 2026 tras el \u00faltimo acuerdo - GYS NOTICIAS |\" \/>\n<meta property=\"og:description\" content=\"Los metal\u00fargicos cobrar\u00e1n en mayo los sueldos de abril con escalas actualizadas. No es un aumento nuevo, sino la aplicaci\u00f3n del \u00faltimo acuerdo vigente. La Uni\u00f3n Obrera Metal\u00fargica (UOM) firm\u00f3 el acuerdo paritario que cerr\u00f3 la negociaci\u00f3n salarial del per\u00edodo abril 2025\u2013marzo 2026 y estableci\u00f3 los aumentos que impactan en los haberes que los trabajadores [&hellip;]\" \/>\n<meta property=\"og:url\" content=\"https:\/\/gysfm.com.ar\/inicio\/cuanto-cobraran-en-mayo-de-2026-tras-el-ultimo-acuerdo\/\" \/>\n<meta property=\"og:site_name\" content=\"GYS NOTICIAS |\" \/>\n<meta property=\"article:published_time\" content=\"2026-04-27T17:21:15+00:00\" \/>\n<meta property=\"og:image\" content=\"https:\/\/media.ambito.com\/p\/91db8ef05113a4b7138b26cf095d532c\/adjuntos\/239\/imagenes\/037\/533\/0037533372\/metalurgicosjpg.jpg\" \/>\n<meta name=\"author\" content=\"admin\" \/>\n<meta name=\"twitter:card\" content=\"summary_large_image\" \/>\n<meta name=\"twitter:label1\" content=\"Escrito por\" \/>\n\t<meta name=\"twitter:data1\" content=\"admin\" \/>\n\t<meta name=\"twitter:label2\" content=\"Tiempo de lectura\" \/>\n\t<meta name=\"twitter:data2\" content=\"2 minutos\" \/>\n<script type=\"application\/ld+json\" class=\"yoast-schema-graph\">{\"@context\":\"https:\/\/schema.org\",\"@graph\":[{\"@type\":\"Article\",\"@id\":\"https:\/\/gysfm.com.ar\/inicio\/cuanto-cobraran-en-mayo-de-2026-tras-el-ultimo-acuerdo\/#article\",\"isPartOf\":{\"@id\":\"https:\/\/gysfm.com.ar\/inicio\/cuanto-cobraran-en-mayo-de-2026-tras-el-ultimo-acuerdo\/\"},\"author\":{\"name\":\"admin\",\"@id\":\"https:\/\/gysfm.com.ar\/inicio\/#\/schema\/person\/5bedd7ecd35cc35548d89effafa23696\"},\"headline\":\"cu\u00e1nto cobrar\u00e1n en mayo de 2026 tras el \u00faltimo acuerdo\",\"datePublished\":\"2026-04-27T17:21:15+00:00\",\"mainEntityOfPage\":{\"@id\":\"https:\/\/gysfm.com.ar\/inicio\/cuanto-cobraran-en-mayo-de-2026-tras-el-ultimo-acuerdo\/\"},\"wordCount\":478,\"publisher\":{\"@id\":\"https:\/\/gysfm.com.ar\/inicio\/#organization\"},\"image\":{\"@id\":\"https:\/\/gysfm.com.ar\/inicio\/cuanto-cobraran-en-mayo-de-2026-tras-el-ultimo-acuerdo\/#primaryimage\"},\"thumbnailUrl\":\"https:\/\/gysfm.com.ar\/inicio\/wp-content\/uploads\/2026\/04\/metalurgicosjpg.jpg\",\"articleSection\":[\"ECONOMIA\"],\"inLanguage\":\"es\"},{\"@type\":\"WebPage\",\"@id\":\"https:\/\/gysfm.com.ar\/inicio\/cuanto-cobraran-en-mayo-de-2026-tras-el-ultimo-acuerdo\/\",\"url\":\"https:\/\/gysfm.com.ar\/inicio\/cuanto-cobraran-en-mayo-de-2026-tras-el-ultimo-acuerdo\/\",\"name\":\"cu\u00e1nto cobrar\u00e1n en mayo de 2026 tras el \u00faltimo acuerdo - GYS NOTICIAS |\",\"isPartOf\":{\"@id\":\"https:\/\/gysfm.com.ar\/inicio\/#website\"},\"primaryImageOfPage\":{\"@id\":\"https:\/\/gysfm.com.ar\/inicio\/cuanto-cobraran-en-mayo-de-2026-tras-el-ultimo-acuerdo\/#primaryimage\"},\"image\":{\"@id\":\"https:\/\/gysfm.com.ar\/inicio\/cuanto-cobraran-en-mayo-de-2026-tras-el-ultimo-acuerdo\/#primaryimage\"},\"thumbnailUrl\":\"https:\/\/gysfm.com.ar\/inicio\/wp-content\/uploads\/2026\/04\/metalurgicosjpg.jpg\",\"datePublished\":\"2026-04-27T17:21:15+00:00\",\"breadcrumb\":{\"@id\":\"https:\/\/gysfm.com.ar\/inicio\/cuanto-cobraran-en-mayo-de-2026-tras-el-ultimo-acuerdo\/#breadcrumb\"},\"inLanguage\":\"es\",\"potentialAction\":[{\"@type\":\"ReadAction\",\"target\":[\"https:\/\/gysfm.com.ar\/inicio\/cuanto-cobraran-en-mayo-de-2026-tras-el-ultimo-acuerdo\/\"]}]},{\"@type\":\"ImageObject\",\"inLanguage\":\"es\",\"@id\":\"https:\/\/gysfm.com.ar\/inicio\/cuanto-cobraran-en-mayo-de-2026-tras-el-ultimo-acuerdo\/#primaryimage\",\"url\":\"https:\/\/gysfm.com.ar\/inicio\/wp-content\/uploads\/2026\/04\/metalurgicosjpg.jpg\",\"contentUrl\":\"https:\/\/gysfm.com.ar\/inicio\/wp-content\/uploads\/2026\/04\/metalurgicosjpg.jpg\",\"width\":1200,\"height\":675},{\"@type\":\"BreadcrumbList\",\"@id\":\"https:\/\/gysfm.com.ar\/inicio\/cuanto-cobraran-en-mayo-de-2026-tras-el-ultimo-acuerdo\/#breadcrumb\",\"itemListElement\":[{\"@type\":\"ListItem\",\"position\":1,\"name\":\"Portada\",\"item\":\"https:\/\/gysfm.com.ar\/inicio\/\"},{\"@type\":\"ListItem\",\"position\":2,\"name\":\"cu\u00e1nto cobrar\u00e1n en mayo de 2026 tras el \u00faltimo acuerdo\"}]},{\"@type\":\"WebSite\",\"@id\":\"https:\/\/gysfm.com.ar\/inicio\/#website\",\"url\":\"https:\/\/gysfm.com.ar\/inicio\/\",\"name\":\"GYS NOTICIAS |\",\"description\":\"DIARIO - RADIO ONLINE SAN JUAN ARGENTINA\",\"publisher\":{\"@id\":\"https:\/\/gysfm.com.ar\/inicio\/#organization\"},\"potentialAction\":[{\"@type\":\"SearchAction\",\"target\":{\"@type\":\"EntryPoint\",\"urlTemplate\":\"https:\/\/gysfm.com.ar\/inicio\/?s={search_term_string}\"},\"query-input\":{\"@type\":\"PropertyValueSpecification\",\"valueRequired\":true,\"valueName\":\"search_term_string\"}}],\"inLanguage\":\"es\"},{\"@type\":\"Organization\",\"@id\":\"https:\/\/gysfm.com.ar\/inicio\/#organization\",\"name\":\"GYS NOTICIAS |\",\"url\":\"https:\/\/gysfm.com.ar\/inicio\/\",\"logo\":{\"@type\":\"ImageObject\",\"inLanguage\":\"es\",\"@id\":\"https:\/\/gysfm.com.ar\/inicio\/#\/schema\/logo\/image\/\",\"url\":\"https:\/\/gysfm.com.ar\/inicio\/wp-content\/uploads\/2023\/07\/LOGOGYS-OK.png\",\"contentUrl\":\"https:\/\/gysfm.com.ar\/inicio\/wp-content\/uploads\/2023\/07\/LOGOGYS-OK.png\",\"width\":1170,\"height\":872,\"caption\":\"GYS NOTICIAS |\"},\"image\":{\"@id\":\"https:\/\/gysfm.com.ar\/inicio\/#\/schema\/logo\/image\/\"}},{\"@type\":\"Person\",\"@id\":\"https:\/\/gysfm.com.ar\/inicio\/#\/schema\/person\/5bedd7ecd35cc35548d89effafa23696\",\"name\":\"admin\",\"image\":{\"@type\":\"ImageObject\",\"inLanguage\":\"es\",\"@id\":\"https:\/\/gysfm.com.ar\/inicio\/#\/schema\/person\/image\/\",\"url\":\"https:\/\/secure.gravatar.com\/avatar\/c331d312b5243fb64d5ba28108a447b27c925295129a363082c9ea52c28d32c2?s=96&d=mm&r=g\",\"contentUrl\":\"https:\/\/secure.gravatar.com\/avatar\/c331d312b5243fb64d5ba28108a447b27c925295129a363082c9ea52c28d32c2?s=96&d=mm&r=g\",\"caption\":\"admin\"},\"sameAs\":[\"https:\/\/gysfm.com.ar\/inicio\"],\"url\":\"https:\/\/gysfm.com.ar\/inicio\/author\/admin\/\"}]}<\/script>\n<!-- \/ Yoast SEO plugin. -->","yoast_head_json":{"title":"cu\u00e1nto cobrar\u00e1n en mayo de 2026 tras el \u00faltimo acuerdo - GYS NOTICIAS |","robots":{"index":"index","follow":"follow","max-snippet":"max-snippet:-1","max-image-preview":"max-image-preview:large","max-video-preview":"max-video-preview:-1"},"canonical":"https:\/\/gysfm.com.ar\/inicio\/cuanto-cobraran-en-mayo-de-2026-tras-el-ultimo-acuerdo\/","og_locale":"es_ES","og_type":"article","og_title":"cu\u00e1nto cobrar\u00e1n en mayo de 2026 tras el \u00faltimo acuerdo - GYS NOTICIAS |","og_description":"Los metal\u00fargicos cobrar\u00e1n en mayo los sueldos de abril con escalas actualizadas. No es un aumento nuevo, sino la aplicaci\u00f3n del \u00faltimo acuerdo vigente. La Uni\u00f3n Obrera Metal\u00fargica (UOM) firm\u00f3 el acuerdo paritario que cerr\u00f3 la negociaci\u00f3n salarial del per\u00edodo abril 2025\u2013marzo 2026 y estableci\u00f3 los aumentos que impactan en los haberes que los trabajadores [&hellip;]","og_url":"https:\/\/gysfm.com.ar\/inicio\/cuanto-cobraran-en-mayo-de-2026-tras-el-ultimo-acuerdo\/","og_site_name":"GYS NOTICIAS |","article_published_time":"2026-04-27T17:21:15+00:00","og_image":[{"url":"https:\/\/media.ambito.com\/p\/91db8ef05113a4b7138b26cf095d532c\/adjuntos\/239\/imagenes\/037\/533\/0037533372\/metalurgicosjpg.jpg","type":"","width":"","height":""}],"author":"admin","twitter_card":"summary_large_image","twitter_misc":{"Escrito por":"admin","Tiempo de lectura":"2 minutos"},"schema":{"@context":"https:\/\/schema.org","@graph":[{"@type":"Article","@id":"https:\/\/gysfm.com.ar\/inicio\/cuanto-cobraran-en-mayo-de-2026-tras-el-ultimo-acuerdo\/#article","isPartOf":{"@id":"https:\/\/gysfm.com.ar\/inicio\/cuanto-cobraran-en-mayo-de-2026-tras-el-ultimo-acuerdo\/"},"author":{"name":"admin","@id":"https:\/\/gysfm.com.ar\/inicio\/#\/schema\/person\/5bedd7ecd35cc35548d89effafa23696"},"headline":"cu\u00e1nto cobrar\u00e1n en mayo de 2026 tras el \u00faltimo acuerdo","datePublished":"2026-04-27T17:21:15+00:00","mainEntityOfPage":{"@id":"https:\/\/gysfm.com.ar\/inicio\/cuanto-cobraran-en-mayo-de-2026-tras-el-ultimo-acuerdo\/"},"wordCount":478,"publisher":{"@id":"https:\/\/gysfm.com.ar\/inicio\/#organization"},"image":{"@id":"https:\/\/gysfm.com.ar\/inicio\/cuanto-cobraran-en-mayo-de-2026-tras-el-ultimo-acuerdo\/#primaryimage"},"thumbnailUrl":"https:\/\/gysfm.com.ar\/inicio\/wp-content\/uploads\/2026\/04\/metalurgicosjpg.jpg","articleSection":["ECONOMIA"],"inLanguage":"es"},{"@type":"WebPage","@id":"https:\/\/gysfm.com.ar\/inicio\/cuanto-cobraran-en-mayo-de-2026-tras-el-ultimo-acuerdo\/","url":"https:\/\/gysfm.com.ar\/inicio\/cuanto-cobraran-en-mayo-de-2026-tras-el-ultimo-acuerdo\/","name":"cu\u00e1nto cobrar\u00e1n en mayo de 2026 tras el \u00faltimo acuerdo - GYS NOTICIAS |","isPartOf":{"@id":"https:\/\/gysfm.com.ar\/inicio\/#website"},"primaryImageOfPage":{"@id":"https:\/\/gysfm.com.ar\/inicio\/cuanto-cobraran-en-mayo-de-2026-tras-el-ultimo-acuerdo\/#primaryimage"},"image":{"@id":"https:\/\/gysfm.com.ar\/inicio\/cuanto-cobraran-en-mayo-de-2026-tras-el-ultimo-acuerdo\/#primaryimage"},"thumbnailUrl":"https:\/\/gysfm.com.ar\/inicio\/wp-content\/uploads\/2026\/04\/metalurgicosjpg.jpg","datePublished":"2026-04-27T17:21:15+00:00","breadcrumb":{"@id":"https:\/\/gysfm.com.ar\/inicio\/cuanto-cobraran-en-mayo-de-2026-tras-el-ultimo-acuerdo\/#breadcrumb"},"inLanguage":"es","potentialAction":[{"@type":"ReadAction","target":["https:\/\/gysfm.com.ar\/inicio\/cuanto-cobraran-en-mayo-de-2026-tras-el-ultimo-acuerdo\/"]}]},{"@type":"ImageObject","inLanguage":"es","@id":"https:\/\/gysfm.com.ar\/inicio\/cuanto-cobraran-en-mayo-de-2026-tras-el-ultimo-acuerdo\/#primaryimage","url":"https:\/\/gysfm.com.ar\/inicio\/wp-content\/uploads\/2026\/04\/metalurgicosjpg.jpg","contentUrl":"https:\/\/gysfm.com.ar\/inicio\/wp-content\/uploads\/2026\/04\/metalurgicosjpg.jpg","width":1200,"height":675},{"@type":"BreadcrumbList","@id":"https:\/\/gysfm.com.ar\/inicio\/cuanto-cobraran-en-mayo-de-2026-tras-el-ultimo-acuerdo\/#breadcrumb","itemListElement":[{"@type":"ListItem","position":1,"name":"Portada","item":"https:\/\/gysfm.com.ar\/inicio\/"},{"@type":"ListItem","position":2,"name":"cu\u00e1nto cobrar\u00e1n en mayo de 2026 tras el \u00faltimo acuerdo"}]},{"@type":"WebSite","@id":"https:\/\/gysfm.com.ar\/inicio\/#website","url":"https:\/\/gysfm.com.ar\/inicio\/","name":"GYS NOTICIAS |","description":"DIARIO - RADIO ONLINE SAN JUAN ARGENTINA","publisher":{"@id":"https:\/\/gysfm.com.ar\/inicio\/#organization"},"potentialAction":[{"@type":"SearchAction","target":{"@type":"EntryPoint","urlTemplate":"https:\/\/gysfm.com.ar\/inicio\/?s={search_term_string}"},"query-input":{"@type":"PropertyValueSpecification","valueRequired":true,"valueName":"search_term_string"}}],"inLanguage":"es"},{"@type":"Organization","@id":"https:\/\/gysfm.com.ar\/inicio\/#organization","name":"GYS NOTICIAS |","url":"https:\/\/gysfm.com.ar\/inicio\/","logo":{"@type":"ImageObject","inLanguage":"es","@id":"https:\/\/gysfm.com.ar\/inicio\/#\/schema\/logo\/image\/","url":"https:\/\/gysfm.com.ar\/inicio\/wp-content\/uploads\/2023\/07\/LOGOGYS-OK.png","contentUrl":"https:\/\/gysfm.com.ar\/inicio\/wp-content\/uploads\/2023\/07\/LOGOGYS-OK.png","width":1170,"height":872,"caption":"GYS NOTICIAS |"},"image":{"@id":"https:\/\/gysfm.com.ar\/inicio\/#\/schema\/logo\/image\/"}},{"@type":"Person","@id":"https:\/\/gysfm.com.ar\/inicio\/#\/schema\/person\/5bedd7ecd35cc35548d89effafa23696","name":"admin","image":{"@type":"ImageObject","inLanguage":"es","@id":"https:\/\/gysfm.com.ar\/inicio\/#\/schema\/person\/image\/","url":"https:\/\/secure.gravatar.com\/avatar\/c331d312b5243fb64d5ba28108a447b27c925295129a363082c9ea52c28d32c2?s=96&d=mm&r=g","contentUrl":"https:\/\/secure.gravatar.com\/avatar\/c331d312b5243fb64d5ba28108a447b27c925295129a363082c9ea52c28d32c2?s=96&d=mm&r=g","caption":"admin"},"sameAs":["https:\/\/gysfm.com.ar\/inicio"],"url":"https:\/\/gysfm.com.ar\/inicio\/author\/admin\/"}]}},"_links":{"self":[{"href":"https:\/\/gysfm.com.ar\/inicio\/wp-json\/wp\/v2\/posts\/193297","targetHints":{"allow":["GET"]}}],"collection":[{"href":"https:\/\/gysfm.com.ar\/inicio\/wp-json\/wp\/v2\/posts"}],"about":[{"href":"https:\/\/gysfm.com.ar\/inicio\/wp-json\/wp\/v2\/types\/post"}],"author":[{"embeddable":true,"href":"https:\/\/gysfm.com.ar\/inicio\/wp-json\/wp\/v2\/users\/1"}],"replies":[{"embeddable":true,"href":"https:\/\/gysfm.com.ar\/inicio\/wp-json\/wp\/v2\/comments?post=193297"}],"version-history":[{"count":0,"href":"https:\/\/gysfm.com.ar\/inicio\/wp-json\/wp\/v2\/posts\/193297\/revisions"}],"wp:featuredmedia":[{"embeddable":true,"href":"https:\/\/gysfm.com.ar\/inicio\/wp-json\/wp\/v2\/media\/191917"}],"wp:attachment":[{"href":"https:\/\/gysfm.com.ar\/inicio\/wp-json\/wp\/v2\/media?parent=193297"}],"wp:term":[{"taxonomy":"category","embeddable":true,"href":"https:\/\/gysfm.com.ar\/inicio\/wp-json\/wp\/v2\/categories?post=193297"},{"taxonomy":"post_tag","embeddable":true,"href":"https:\/\/gysfm.com.ar\/inicio\/wp-json\/wp\/v2\/tags?post=193297"}],"curies":[{"name":"wp","href":"https:\/\/api.w.org\/{rel}","templated":true}]}}