{"id":193295,"date":"2026-04-27T13:57:14","date_gmt":"2026-04-27T16:57:14","guid":{"rendered":"https:\/\/gysfm.com.ar\/inicio\/de-pampita-y-zaira-nara-a-rossella-della-giovampaola-los-mejores-looks-del-martin-fierro-de-la-moda-2026\/"},"modified":"2026-04-27T13:57:14","modified_gmt":"2026-04-27T16:57:14","slug":"de-pampita-y-zaira-nara-a-rossella-della-giovampaola-los-mejores-looks-del-martin-fierro-de-la-moda-2026","status":"publish","type":"post","link":"https:\/\/gysfm.com.ar\/inicio\/de-pampita-y-zaira-nara-a-rossella-della-giovampaola-los-mejores-looks-del-martin-fierro-de-la-moda-2026\/","title":{"rendered":"De Pampita y Zaira Nara a Rossella Della Giovampaola: los mejores looks del Mart\u00edn Fierro de la Moda 2026"},"content":{"rendered":"<p><\/p>\n<div>\n<p>Este domingo 26 de abril, <strong>los <a target=\"_blank\" href=\"https:\/\/caras.perfil.com\/noticias\/celebridades\/lali-esposito-mario-pergolini-wanda-nara-todos-nominados-martin-fierro-moda-2026.phtml\">Mart\u00edn Fierro de la Moda 2026<\/a> se robaron todas las miradas<\/strong>. La ceremonia organizada por APTRA fue realizada en los estudios de Telefe, con una puesta que apost\u00f3 al glamour, la sofisticaci\u00f3n y el despliegue de las principales figuras del universo fashion local. Bajo la conducci\u00f3n de Iv\u00e1n de Pineda y Valeria Mazza, la noche reuni\u00f3 a modelos, dise\u00f1adores, estilistas y celebridades que marcaron tendencia con cada elecci\u00f3n.<\/p>\n<p>En esta nueva edici\u00f3n, el foco estuvo puesto no solo en premiar a los grandes referentes, sino tambi\u00e9n en visibilizar a talentos emergentes de la moda argentina. Con nominaciones que abarcaron desde dise\u00f1adores consagrados hasta maquilladores, peinadores e influencers, la gala tuvo momentos especiales, homenajes y sorpresas que elevaron la experiencia. En ese contexto, se destacaron\u00a0los looks de figuras como <strong>Pampita, Juana Viale, Zaira Nara y <a target=\"_blank\" href=\"https:\/\/caras.perfil.com\/noticias\/celebridades\/emocion-valeria-mazza-tras-debut-benicio-gravier-actor-margarita.phtml\">Valeria Mazza<\/a><\/strong>, conductora del evento y \u00a0muchas otras invitadas que, fieles a su estilo, deslumbraron en una noche donde la moda fue la gran protagonista.<\/p>\n<h2>De Valeria Mazza y Zaira Nara a Pampita y Juana Viale: los mejores looks del Mart\u00edn Fierro de la Moda 2026<\/h2>\n<p><strong>Romina Gaetani estuvo vestida por Fabi\u00e1n Zitta. Luci\u00f3 un vestido furreau de lyca de seda, <\/strong>cuello polera y un gran escote en espalda. Remat\u00f3 con maxi mangas en saten y apliques en hombros de alpaca. Sus joyas fueron de Almanova y sus zapatos, Claude Benard para Fabi\u00e1n Zitta.<\/p>\n<div style=\"text-align:center\">\n<figure class=\"image\" style=\"display:inline-block\"><img decoding=\"async\" style=\"max-width: 100%; width: 100%;\" alt=\"mart\u00edn Fierro Moda\" src=\"https:\/\/fotos.perfil.com\/\/2026\/04\/27\/900\/0\/martin-fierro-moda-2228117.jpg\" loading=\"lazy\"\/>&#13;<figcaption>Pampita by Carolina Herrera.<\/figcaption>&#13;<br \/>\n<\/figure>\n<\/div>\n<p>\u00a0<\/p>\n<div style=\"text-align:center\">\n<figure class=\"image\" style=\"display:inline-block\"><img decoding=\"async\" style=\"max-width: 100%; width: 100%;\" alt=\"Mariana Fabbiani en los Mart\u00edn Fierro de la Moda\" src=\"https:\/\/fotos.perfil.com\/\/2026\/04\/27\/900\/0\/mariana-fabbiani-en-los-martin-fierro-de-la-moda-2228157.jpg\" loading=\"lazy\"\/>&#13;<figcaption>Mariana Fabbiani.<\/figcaption>&#13;<br \/>\n<\/figure>\n<\/div>\n<p>\u00a0<\/p>\n<div style=\"text-align:center\">\n<figure class=\"image\" style=\"display:inline-block\"><img decoding=\"async\" style=\"max-width: 100%; width: 100%;\" alt=\"Romina Gaetani\" src=\"https:\/\/fotos.perfil.com\/\/2026\/04\/27\/900\/0\/romina-gaetani-2228132.jpg\" loading=\"lazy\"\/>&#13;<figcaption>Romina Gaetani.<\/figcaption>&#13;<br \/>\n<\/figure>\n<\/div>\n<div style=\"text-align:center\">\n<figure class=\"image\" style=\"display:inline-block\"><img decoding=\"async\" style=\"max-width: 100%; width: 100%;\" alt=\"Mart\u00edn Fierro de la Moda\" src=\"https:\/\/fotos.perfil.com\/\/2026\/04\/27\/900\/0\/martin-fierro-de-la-moda-2228171.jpg\" loading=\"lazy\"\/>&#13;<figcaption>Flor de la V<\/figcaption>&#13;<br \/>\n<\/figure>\n<\/div>\n<p>\u00a0<\/p>\n<p><strong>Sof\u00eda Gonet, <\/strong>La Reini, tambi\u00e9n eligi\u00f3 a <strong>Fabi\u00e1n Zitta.<\/strong> En este caso llev\u00f3 un <strong>vestido straples<\/strong> en tafetan de seda, con corte sirena y gran godette plisado. Sus joyas fueron un aro trepador de oro rosa y brillantes, un aro solitario de oro rosa y brillante, pulsera de oro rosa y brillantes y anillos de oro rosa y brillantes, todos de Jean Pierre.\u00a0<\/p>\n<p><strong>Sof\u00eda Jujuy y Julieta Sylberberg <\/strong>tambi\u00e9n optaron por Fabi\u00e1n Zitta. La primera de ellas llev\u00f3 un vestido lycra de seda con transparencias y cut outs, todo rematado con grandes mangas armadas con plisados. Sus zapatos fueron de Claude Bernard. La segunda, en tanto, llev\u00f3 un body con apliques de alpaca, pantacourts de vinilo,<strong> saco smoking en sat\u00e9n.<\/strong> Complet\u00f3 su estilismo con un mini baguette con flecos y botas de ca\u00f1a alta en cuero plisado, tambi\u00e9n de Bernard.<\/p>\n<div style=\"text-align:center\">\n<figure class=\"image\" style=\"display:inline-block\"><img decoding=\"async\" style=\"max-width: 100%; width: 100%;\" alt=\"Mart\u00edn Fierro de Moda 2026\" src=\"https:\/\/fotos.perfil.com\/\/2026\/04\/27\/900\/0\/martin-fierro-de-moda-2026-2228194.jpg\" loading=\"lazy\"\/>&#13;<figcaption>Juana Viale<\/figcaption>&#13;<br \/>\n<\/figure>\n<\/div>\n<div style=\"text-align:center\">\n<figure class=\"image\" style=\"display:inline-block\"><img decoding=\"async\" style=\"max-width: 100%; width: 100%;\" alt=\"Mart\u00edn Fierro de Moda 2026\" src=\"https:\/\/fotos.perfil.com\/\/2026\/04\/27\/900\/0\/martin-fierro-de-moda-2026-2228201.jpg\" loading=\"lazy\"\/>&#13;<figcaption>Sof\u00eda Gonet.<\/figcaption>&#13;<br \/>\n<\/figure>\n<\/div>\n<div style=\"text-align:center\">\n<figure class=\"image\" style=\"display:inline-block\"><img decoding=\"async\" style=\"max-width: 100%; width: 100%;\" alt=\"Mart\u00edn Fierro de la Moda\" src=\"https:\/\/fotos.perfil.com\/\/2026\/04\/27\/900\/0\/martin-fierro-de-la-moda-2228169.jpg\" loading=\"lazy\"\/>&#13;<figcaption>Julieta Zylberberg<\/figcaption>&#13;<br \/>\n<\/figure>\n<\/div>\n<div style=\"text-align:center\">\n<figure class=\"image\" style=\"display:inline-block\"><img decoding=\"async\" style=\"max-width: 100%; width: 100%;\" alt=\"Wally Diamante\" src=\"https:\/\/fotos.perfil.com\/\/2026\/04\/27\/900\/0\/wally-diamante-2228153.jpg\" loading=\"lazy\"\/>&#13;<figcaption>Wally Diamante.<\/figcaption>&#13;<br \/>\n<\/figure>\n<\/div>\n<div style=\"text-align:center\">\n<figure class=\"image\" style=\"display:inline-block\"><img decoding=\"async\" style=\"max-width: 100%; width: 100%;\" alt=\"Mart\u00edn Fierro de la Moda\" src=\"https:\/\/fotos.perfil.com\/\/2026\/04\/27\/900\/0\/martin-fierro-de-la-moda-2228176.jpg\" loading=\"lazy\"\/>&#13;<figcaption>Javier Iturrioz y Evangelina Bomparola.<\/figcaption>&#13;<br \/>\n<\/figure>\n<\/div>\n<p>Sol P\u00e9rez opt\u00f3 por un vestido de Ver\u00f3nica de la Canal. Se trat\u00f3 de un vestido hecho a medida de l\u00ednea art dec\u00f3, en color negro totalmente bordado en gotas de gelatina acr\u00edlica, a modo de cascada.<\/p>\n<div style=\"text-align:center\">\n<figure class=\"image\" style=\"display:inline-block\"><img decoding=\"async\" style=\"max-width: 100%; width: 100%;\" alt=\"Mart\u00edn Fierro de Moda 2026\" src=\"https:\/\/fotos.perfil.com\/\/2026\/04\/27\/900\/0\/martin-fierro-de-moda-2026-2228199.jpg\" loading=\"lazy\"\/>&#13;<figcaption>Sol Perez.<\/figcaption>&#13;<br \/>\n<\/figure>\n<\/div>\n<p>Steffi Ruso y Anam\u00e1 Ferreira tambi\u00e9n optaron por la misma dise\u00f1adora. La primera luci\u00f3 un vestido hecho a medida de la l\u00ednea mon\u00e1rquica de terciopelo color Rouge Noir, con espalda muy pronunciada. Mientras que la segunda, fue por un color hielo en tart\u00e1n de seda natural natural, bordado a mano y tambi\u00e9n hecho a la medida.<\/p>\n<p><strong>El primer dise\u00f1o con el que se present\u00f3 Valeria Mazza <\/strong>fue un vestido de Pucheta Paz, de alta costura de silueta evas\u00e9 que sintetiza estructura y movimiento en un equilibrio preciso. El m\u00f3dulo superior se resuelve a partir de <strong>un corset de billone estructurado<\/strong>, construido con ballenas al tono y forrado en tul bordado, intervenido con un delicado trabajo de piedras, cristales y distintas variedades de plumas. Desde la cintura se despliega una falda de doble campana, tambi\u00e9n en billone estructurado, con un sistema de ballenas multidireccional que construye volumen y arquitectura. La pieza se encuentra <strong>completamente forrada en un degrad\u00e9 de plumas flex<\/strong>, que deja entrever la estructura en el bajo, mientras un salpicado de plumas m\u00e1s largas aporta dinamismo y un sutil efecto de movimiento en cada paso.<\/p>\n<div style=\"text-align:center\">\n<figure class=\"image\" style=\"display:inline-block\"><img decoding=\"async\" style=\"max-width: 100%; width: 100%;\" alt=\"Mart\u00edn Fierro de Moda 2026\" src=\"https:\/\/fotos.perfil.com\/\/2026\/04\/27\/900\/0\/martin-fierro-de-moda-2026-2228192.jpg\" loading=\"lazy\"\/>&#13;<figcaption>Valeria Mazza e Iv\u00e1n de Pineda.\u00a0<\/figcaption>&#13;<br \/>\n<\/figure>\n<\/div>\n<div style=\"text-align:center\">\n<figure class=\"image\" style=\"display:inline-block\"><img decoding=\"async\" style=\"max-width: 100%; width: 100%;\" alt=\"Mart\u00edn Fierro de Moda 2026\" src=\"https:\/\/fotos.perfil.com\/\/2026\/04\/27\/900\/0\/martin-fierro-de-moda-2026-2228195.jpg\" loading=\"lazy\"\/>&#13;<figcaption>Benjamin Vicu\u00f1a y Anita Espasadin.<\/figcaption>&#13;<br \/>\n<\/figure>\n<\/div>\n<p><strong>Stephanie Demner<\/strong> tambi\u00e9n eligi\u00f3 un Pucheta Paz, en este caso un<strong> vestido de silueta de sirena <\/strong>de calce anat\u00f3mico, \u00edntegramente drapeado en sentido horizontal, que enfatiza la construcci\u00f3n del cuerpo desde una mirada escult\u00f3rica. El dise\u00f1o presenta un escote strapless con mangas largas incorporadas, tambi\u00e9n completamente drapeadas, generando continuidad y tensi\u00f3n visual. La falda, estructurada en billone, se encuentra <strong>completamente bordada con plumas,<\/strong> prolong\u00e1ndose en una cola de desarrollo infinito que potencia la impronta dram\u00e1tica del conjunto. El look se complementa con un tapado de sastrer\u00eda en color blanco, de hombros desplazados, entalle en cintura y solapa ancha en punta, cruzado con doble abotonadura y botones forrados al tono, consolidando un di\u00e1logo entre alta costura y rigor sartorial.<\/p>\n<figure class=\"image\"><img decoding=\"async\" style=\"max-width: 100%; width: 100%;\" alt=\"mart\u00edn Fierro Moda\" src=\"https:\/\/fotos.perfil.com\/\/2026\/04\/27\/900\/0\/martin-fierro-moda-2228114.jpg\" loading=\"lazy\"\/>&#13;<figcaption>Stephanie Demner.<\/figcaption>&#13;<br \/>\n<\/figure>\n<p>Para Juli Poggio, Pucheta Paz dise\u00f1\u00f3 un vestido de silueta sirena de calce anat\u00f3mico con una construcci\u00f3n asim\u00e9trica que propone una lectura contempor\u00e1nea del cuerpo. El m\u00f3dulo superior cubre solo uno de los laterales, mientras que en el lado opuesto emerge una taza estructurada suspendida, generando tensi\u00f3n y equilibrio entre vac\u00edo y forma. La pieza est\u00e1 materializada sobre una base de tul nupcial en tono off white, completamente forrada en tul bordado que construye un efecto sutilmente desgastado y et\u00e9reo. Hacia el inferior, el dise\u00f1o se funde con una falda sirena estructurada, mientras la totalidad del vestido se encuentra intervenida con bordados de piedras, cristales y volados de tul, aportando profundidad, textura y riqueza visual.<\/p>\n<figure class=\"image\"><img decoding=\"async\" style=\"max-width: 100%; width: 100%;\" alt=\"Juli Poggio en los Mart\u00edn Fierro de la Moda\" src=\"https:\/\/fotos.perfil.com\/\/2026\/04\/26\/900\/0\/juli-poggio-en-los-martin-fierro-de-la-moda-2228097.jpg\" loading=\"lazy\"\/>&#13;<figcaption>Juli Poggio en los Mart\u00edn Fierro de la Moda.\u00a0Foto:\u00a0Prensa Telef\u00e9\u00a0<\/figcaption>&#13;<br \/>\n<\/figure>\n<p>Lizardo Ponce y Franco Poggio tambi\u00e9n lucieron un Pucheta Paz. El primero llev\u00f3 un traje sastrero en lino color blanco, donde la precisi\u00f3n dialoga con una impronta relajada y sofisticada. La pieza se compone de un saco cruzado de hombros desplazados, con solapa ancha en punta y botones forrados al tono, que refuerzan la pureza y depuraci\u00f3n del conjunto. Que Se complet\u00f3 con un pantal\u00f3n de l\u00ednea recta, realizado en la misma materia, consolidando una silueta elegante, n\u00edtida y atemporal, atravesada por el lenguaje distintivo de la casa.<\/p>\n<p>El segundo, en tanto, luci\u00f3 una sastrer\u00eda cl\u00e1sica en color negro. El conjunto se compone de un saco de hombros desplazados, solapa ancha y botones forrados al tono, que aportan precisi\u00f3n y sobriedad a la construcci\u00f3n y se complementa con un pantal\u00f3n de l\u00ednea recta, realizado en el mismo textil, consolidando una silueta limpia, elegante y de impronta atemporal.<\/p>\n<div style=\"text-align:center\">\n<figure class=\"image\" style=\"display:inline-block\"><img decoding=\"async\" style=\"max-width: 100%; width: 100%;\" alt=\"Mart\u00edn Fierro de la Moda\" src=\"https:\/\/fotos.perfil.com\/\/2026\/04\/27\/900\/0\/martin-fierro-de-la-moda-2228168.jpg\" loading=\"lazy\"\/>&#13;<figcaption>Marta Fort.<\/figcaption>&#13;<br \/>\n<\/figure>\n<\/div>\n<div style=\"text-align:center\">\n<figure class=\"image\" style=\"display:inline-block\"><img decoding=\"async\" style=\"max-width: 100%; width: 100%;\" alt=\"MF Moda\" src=\"https:\/\/fotos.perfil.com\/\/2026\/04\/27\/900\/0\/mf-moda-2228178.jpg\" loading=\"lazy\"\/>&#13;<figcaption>Iman Kaumann.<\/figcaption>&#13;<br \/>\n<\/figure>\n<\/div>\n<p><strong>Fabi\u00e1n Paz\u00a0<\/strong>llev\u00f3 una<strong> sastrer\u00eda en tono off White<\/strong> que traduce el ADN de la casa desde una mirada depurada y precisa. El conjunto est\u00e1 realizado en crep\u00e9 franc\u00e9s con hombros desplazados, con un saco de leve entalle en cintura, solapa retro satinada y terminaciones con pespuntes realizados a mano, evidenciando el valor del oficio. Mientras que, el pantal\u00f3n, confeccionado en la misma materia, presenta un corte oxford que amplifica la silueta. El look se completa con una camisa en gasa de seda natural, cuyo cuello se transforma en lazo, aportando fluidez y finaliza con accesorios de Swarovski, que introducen un acento de brillo sofisticado.<\/p>\n<p><strong>Momi Giardina <\/strong>luci\u00f3 un vestido de Augusto Brugognoni y zapatos de Claude Bernard. Se destacaron adem\u00e1s sus anillos de oro blanco y oro amarillo con brillantes y aros de oro blanco con brillantes amarillos y blancos, todos de Jean Pierre. El pelo estuvo a cargo de Max de Brito y el estilismo fue de Maru Venancio.<\/p>\n<div style=\"text-align:center\">\n<figure class=\"image\" style=\"display:inline-block\"><img decoding=\"async\" style=\"max-width: 100%; width: 100%;\" alt=\"Mart\u00edn Fierro de Moda 2026\" src=\"https:\/\/fotos.perfil.com\/\/2026\/04\/27\/900\/0\/martin-fierro-de-moda-2026-2228196.jpg\" loading=\"lazy\"\/>&#13;<figcaption>Flor Jazmin Pe\u00f1a y Nico Occhiato,<\/figcaption>&#13;<br \/>\n<\/figure>\n<\/div>\n<p>Su compa\u00f1era de trabajo, Flor Jazm\u00edn Pe\u00f1a, llev\u00f3 un impactante vestido de <strong>Joti Harriague <\/strong>color verde botella, que complet\u00f3 con aros de oro, brillantes y esmeraldas gotas, un anillo titanio verde con brillantes negros y esmeraldas, uno anillo de oro, brillantes y esmeraldas y otro anillo de oro y brillantes,todo de Jean Pierre. Los zapatos fueron de Ricky Sarkany, el make up estuvo a cargo de Vero Luna, el pelo de Mauro Max de Brito y el estilismo por Maru Venancio.<\/p>\n<p><strong>Grego Rosello l<\/strong>uci\u00f3 unas impactantes piezas de joyer\u00eda: un aro de brillantes negros, anillo de titanio, pulsea de brillantes blancos y negros y un broche de platino y perlas, todo de Jean Pierre. Su traje fue de State of chaos y el estilismo de Vanda Varela.<\/p>\n<figure class=\"image\"><img decoding=\"async\" style=\"max-width: 100%; width: 100%;\" alt=\"mart\u00edn Fierro Moda\" src=\"https:\/\/fotos.perfil.com\/\/2026\/04\/27\/900\/0\/martin-fierro-moda-2228116.jpg\" loading=\"lazy\"\/>&#13;<figcaption>Grego Rosello. Foto:\u00a0Prensa Telef\u00e9<\/figcaption>&#13;<br \/>\n<\/figure>\n<p>Marta Fort, una de las nominadas de la noche, eligi\u00f3 para la alfombra roja un vestido de la dise\u00f1adora Claudia Arce. El dise\u00f1o,\u00a0en color blanco, strapless y con una larga cola, ten\u00eda detalles bordados y una gran cruz en el pecho. Llev\u00f3 un peinado recogido y un maquillaje natural.\u00a0<\/p>\n<figure class=\"image\"><img decoding=\"async\" style=\"max-width: 100%; width: 100%;\" alt=\"mart\u00edn Fierro Moda\" src=\"https:\/\/fotos.perfil.com\/\/2026\/04\/27\/900\/0\/martin-fierro-moda-2228119.jpg\" loading=\"lazy\"\/>&#13;<figcaption>Marta Fort.\u00a0Foto:\u00a0Prensa Telef\u00e9<\/figcaption>&#13;<br \/>\n<\/figure>\n<p>\u00a0<\/p>\n<p><strong>Pampita<\/strong> dio el presente con un look que fue pura sofisticaci\u00f3n. La conductora deslumbr\u00f3 con un dise\u00f1o exclusivo de <strong>Carolina Herrera<\/strong> enviado especialmente desde Nueva York: una pieza <em>strapless<\/em> con estampa de lunares inspirada en los a\u00f1os 50. El gran protagonista de la noche fue el imponente volado estructural a la altura de la cadera. Bajo el asesoramiento de <strong>Mechi Ugarte<\/strong>, Pampita complet\u00f3 su apuesta con joyas de Flo Boskis Stad y un peinado de ondas, consolidando un look que combin\u00f3 el glamour de la \u00e9poca dorada de los 50 con la impronta de una verdadera embajadora internacional.<\/p>\n<figure class=\"image\"><img decoding=\"async\" style=\"max-width: 100%; width: 100%;\" alt=\"Pampita en los Mart\u00edn Fierro de la Moda\" src=\"https:\/\/fotos.perfil.com\/\/2026\/04\/26\/900\/0\/pampita-en-los-martin-fierro-de-la-moda-2228098.jpg\" loading=\"lazy\"\/>&#13;<figcaption>Pampita en los Mart\u00edn Fierro de la Moda. Foto:\u00a0Prensa Telef\u00e9<\/figcaption>&#13;<br \/>\n<\/figure>\n<p>Por su parte, Susana\u00a0Roccasalvo\u00a0centr\u00f3\u00a0su look en\u00a0una impecable <strong>camisa blanca de seda<\/strong> con terminaci\u00f3n satinada, llevada con los primeros botones abiertos para aportar frescura a la gala. El contrapunto de color y textura lleg\u00f3 con una <strong>maxifalda de gran volumen<\/strong> en tono chocolate metalizado. La pieza, de corte evas\u00e9 y con bolsillos laterales es ideal\u00a0para definir la silueta.\u00a0Susana sum\u00f3 un cintur\u00f3n ancho en oro texturizado, que funcion\u00f3 como el nexo perfecto entre la sobriedad de la camisa y el brillo de su set de cadenas doradas en capas con un dije central de cruz. Con un peinado de ondas cl\u00e1sicas y mucho volumen, la periodista demostr\u00f3 que la clave del estilo est\u00e1 en saber reinterpretar los cl\u00e1sicos.<\/p>\n<figure class=\"image\"><img decoding=\"async\" style=\"max-width: 100%; width: 100%;\" alt=\"mart\u00edn Fierro Moda\" src=\"https:\/\/fotos.perfil.com\/\/2026\/04\/27\/900\/0\/martin-fierro-moda-2228115.jpg\" loading=\"lazy\"\/>&#13;<figcaption>Susana\u00a0Roccasalvo.\u00a0Foto:\u00a0Prensa Telef\u00e9<\/figcaption>&#13;<br \/>\n<\/figure>\n<p><strong>Flavia Fern\u00e1ndez<\/strong>, Organizadora del Mart\u00edn Fierro de la Moda luce un vestido negro de Adri\u00e1n Brown y joyas Jean Pierre: Aros y anillos de oro blanco y brillantes<\/p>\n<figure class=\"image\"><img decoding=\"async\" style=\"max-width: 100%; width: 100%;\" alt=\"mart\u00edn Fierro Moda\" src=\"https:\/\/fotos.perfil.com\/\/2026\/04\/27\/900\/0\/martin-fierro-moda-2228121.jpg\" loading=\"lazy\"\/>&#13;<figcaption>Flavia Fern\u00e1ndez.\u00a0Foto:\u00a0Prensa Telef\u00e9<\/figcaption>&#13;<br \/>\n<\/figure>\n<p><strong>Zaira Nara<\/strong> se llev\u00f3 todas las miradas con el look m\u00e1s jugado de la noche. La modelo apost\u00f3 al <em>\u00abnaked dress\u00bb<\/em> con un <strong>bodysuit de encaje y transparencias<\/strong>, complementado con medias opacas y <em>stilettos<\/em> de punta dorada. Un impactante juego de <strong>cadenas XL<\/strong> cerr\u00f3 su propuesta, consolid\u00e1ndola como la figura m\u00e1s disruptiva y audaz de esta edici\u00f3n.<\/p>\n<figure class=\"image\"><img decoding=\"async\" style=\"max-width: 100%; width: 100%;\" alt=\"Zaira Nara\" src=\"https:\/\/fotos.perfil.com\/\/2026\/04\/27\/900\/0\/zaira-nara-2228129.jpg\" loading=\"lazy\"\/>&#13;<figcaption>Zaira Nara.\u00a0Foto:\u00a0Prensa Telef\u00e9<\/figcaption>&#13;<br \/>\n<\/figure>\n<p>La<strong> China Ansa y Diego Mendoza\u00a0<\/strong>deslumbraron\u00a0en la alfombra roja con un estilismo de contrastes perfecto. Ella impact\u00f3 con un vestido blanco ce\u00f1ido de corseter\u00eda y sutiles brillos, firmado por <strong>Nati Antolin<\/strong>, que complement\u00f3 de manera magistral con una dram\u00e1tica boa de plumas al tono. Por su parte, el exfutbolista apost\u00f3 por la sobriedad absoluta con un impecable <em>total black look<\/em>, llevando mocasines sin medias para un toque moderno y relajado.<\/p>\n<figure class=\"image\"><img decoding=\"async\" style=\"max-width: 100%; width: 100%;\" alt=\"China Ansa y Diego Mendoza\" src=\"https:\/\/fotos.perfil.com\/\/2026\/04\/27\/900\/0\/china-ansa-y-diego-mendoza-2228134.jpg\" loading=\"lazy\"\/>&#13;<figcaption>China Ansa y Diego Mendoza.\u00a0Foto:\u00a0Prensa Telef\u00e9.<\/figcaption>&#13;<br \/>\n<\/figure>\n<p><strong>Rosella Della Giovampaola<\/strong> dio una lecci\u00f3n de alta costura con un dise\u00f1o maximalista bordado en lentejuelas y flecos multicolor. Con su elegancia cosmopolita habitual, combin\u00f3 texturas vibrantes y perlas XL en un look que trajo el esp\u00edritu de las pasarelas europeas a la red carpet porte\u00f1a.<\/p>\n<figure class=\"image\"><img decoding=\"async\" style=\"max-width: 100%; width: 100%;\" alt=\"Rosella Della GIovampaola en los Mart\u00edn Fierro\" src=\"https:\/\/fotos.perfil.com\/\/2026\/04\/27\/900\/0\/rosella-della-giovampaola-en-los-martin-fierro-2228131.jpg\" loading=\"lazy\"\/>&#13;<figcaption>Rosella Della GIovampaola.\u00a0Foto:\u00a0Prensa Telef\u00e9.<\/figcaption>&#13;<br \/>\n<\/figure>\n<p><strong>Gustavo Pucheta<\/strong> impact\u00f3 con un look <em>total black<\/em> de fuerte impronta. El dise\u00f1ador apost\u00f3 por la vanguardia con un abrigo largo impecable y unos pantalones oxford extremadamente anchos, fusionando la sobriedad del negro con una silueta dram\u00e1tica y nost\u00e1lgica de los a\u00f1os 70.<\/p>\n<p>En contraposici\u00f3n, la luminosidad extrema lleg\u00f3 de la mano de <strong>Fabi\u00e1n Paz<\/strong>, quien deconstruy\u00f3 el cl\u00e1sico traje blanco. Su estilismo destac\u00f3 por un pa\u00f1uelo drapeado en el cuello que ca\u00eda en una larga cola, aportando movimiento y un romanticismo dram\u00e1tico a su propuesta monocrom\u00e1tica.<\/p>\n<figure class=\"image\"><img decoding=\"async\" style=\"max-width: 100%; width: 100%;\" alt=\"Mart\u00edn Fierro de la Moda\" src=\"https:\/\/fotos.perfil.com\/\/2026\/04\/27\/900\/0\/martin-fierro-de-la-moda-2228144.jpg\" loading=\"lazy\"\/>&#13;<figcaption>Fabi\u00e1n Paz. Foto: Prensa Telefe.<\/figcaption>&#13;<br \/>\n<\/figure>\n<p>El\u00a0dise\u00f1ador Adri\u00e1n Brown\u00a0ofreci\u00f3 una de las postales m\u00e1s tiernas y sofisticadas de la gala al llegar acompa\u00f1ado por su hija, Eugenia Brown. \u00c9l opt\u00f3 por la distinci\u00f3n cl\u00e1sica con un giro de color: un impecable smoking donde el blazer negro fue reemplazado por una <strong>chaqueta de terciopelo en tono champagne\/oro<\/strong>, combinada con una camisa blanca y un mo\u00f1o de velvet negro. Por su parte, la peque\u00f1a Eugenia deslumbr\u00f3 con un look que fusion\u00f3 la inocencia con el <em>glamour<\/em> de la alta costura: luci\u00f3 un <strong>vestido corto de tul y lentejuelas doradas<\/strong>, medias texturizadas y una mini <em>clutch<\/em> dorada metalizada al tono.\u00a0<\/p>\n<figure class=\"image\"><img decoding=\"async\" style=\"max-width: 100%; width: 100%;\" alt=\"Mart\u00edn Fierro de la Moda\" src=\"https:\/\/fotos.perfil.com\/\/2026\/04\/27\/900\/0\/martin-fierro-de-la-moda-2228143.jpg\" loading=\"lazy\"\/>&#13;<figcaption>Adri\u00e1n y Eugenia Brown. Foto: Prensa Telefe.<\/figcaption>&#13;<br \/>\n<\/figure>\n<p><strong>Ingrid Grudke<\/strong> deslumbr\u00f3 con la tendencia del <em>\u00abnaked dress\u00bb<\/em> en un tono marr\u00f3n caf\u00e9 muy sofisticado. La modelo luci\u00f3 un dise\u00f1o de silueta ajustada, cuello polera y mangas largas, que sorprendi\u00f3 por sus audaces paneles de red transparentes en la zona de la cintura y cadera.<\/p>\n<figure class=\"image\"><img decoding=\"async\" style=\"max-width: 100%; width: 100%;\" alt=\"Mart\u00edn Fierro de la Moda\" src=\"https:\/\/fotos.perfil.com\/\/2026\/04\/27\/900\/0\/martin-fierro-de-la-moda-2228146.jpg\" loading=\"lazy\"\/>&#13;<figcaption>Ingrid Grudke. Foto: Prensa Telefe.<\/figcaption>&#13;<br \/>\n<\/figure>\n<div style=\"text-align:center\">\n<figure class=\"image\" style=\"display:inline-block\"><img decoding=\"async\" style=\"max-width: 100%; width: 100%;\" alt=\"Mart\u00edn Fierro de Moda 2026\" src=\"https:\/\/fotos.perfil.com\/\/2026\/04\/27\/900\/0\/martin-fierro-de-moda-2026-2228197.jpg\" loading=\"lazy\"\/>&#13;<figcaption>Tet\u00e9 Coustarot.<\/figcaption>&#13;<br \/>\n<\/figure>\n<\/div>\n<p>Y como sucede en todos los premios Martin Fierro de la Moda la alfombra roja se convirti\u00f3 en una pasarela de tendencias, lujo y glamour. Una noche especial que busc\u00f3 destacar lo mejor de la moda argentina, la creatividad de las y los dise\u00f1adores que se destacan a\u00f1o a a\u00f1o con sus dise\u00f1os y creaciones,\u00a0<\/p>\n<p>\t\t\t\t\t\t\t\t\t\t<!-- tags -->\n\t\t\t\t<\/div>\n<p><script>\n\t(function(d, s, id) {\n\t\tvar js, fjs = d.getElementsByTagName(s)[0];\n\t\tif (d.getElementById(id)) return;\n\t\tjs = d.createElement(s);\n\t\tjs.id = id;\n\t\tjs.src=\"https:\/\/connect.facebook.net\/es_LA\/sdk.js#xfbml=1&version=v3.1\";\n\t\tfjs.parentNode.insertBefore(js, fjs);\n\t}(document, 'script', 'facebook-jssdk'));\n<\/script><\/p>\n","protected":false},"excerpt":{"rendered":"<p>Este domingo 26 de abril, los Mart\u00edn Fierro de la Moda 2026 se robaron todas las miradas. La ceremonia organizada por APTRA fue realizada en los estudios de Telefe, con una puesta que apost\u00f3 al glamour, la sofisticaci\u00f3n y el despliegue de las principales figuras del universo fashion local. Bajo la conducci\u00f3n de Iv\u00e1n de [&hellip;]<\/p>\n","protected":false},"author":2,"featured_media":193296,"comment_status":"closed","ping_status":"closed","sticky":false,"template":"","format":"standard","meta":{"footnotes":""},"categories":[25],"tags":[],"class_list":["post-193295","post","type-post","status-publish","format-standard","has-post-thumbnail","hentry","category-nacionales"],"yoast_head":"<!-- This site is optimized with the Yoast SEO plugin v24.4 - https:\/\/yoast.com\/wordpress\/plugins\/seo\/ -->\n<title>De Pampita y Zaira Nara a Rossella Della Giovampaola: los mejores looks del Mart\u00edn Fierro de la Moda 2026 - GYS NOTICIAS |<\/title>\n<meta name=\"robots\" content=\"index, follow, max-snippet:-1, max-image-preview:large, max-video-preview:-1\" \/>\n<link rel=\"canonical\" href=\"https:\/\/gysfm.com.ar\/inicio\/de-pampita-y-zaira-nara-a-rossella-della-giovampaola-los-mejores-looks-del-martin-fierro-de-la-moda-2026\/\" \/>\n<meta property=\"og:locale\" content=\"es_ES\" \/>\n<meta property=\"og:type\" content=\"article\" \/>\n<meta property=\"og:title\" content=\"De Pampita y Zaira Nara a Rossella Della Giovampaola: los mejores looks del Mart\u00edn Fierro de la Moda 2026 - GYS NOTICIAS |\" \/>\n<meta property=\"og:description\" content=\"Este domingo 26 de abril, los Mart\u00edn Fierro de la Moda 2026 se robaron todas las miradas. La ceremonia organizada por APTRA fue realizada en los estudios de Telefe, con una puesta que apost\u00f3 al glamour, la sofisticaci\u00f3n y el despliegue de las principales figuras del universo fashion local. Bajo la conducci\u00f3n de Iv\u00e1n de [&hellip;]\" \/>\n<meta property=\"og:url\" content=\"https:\/\/gysfm.com.ar\/inicio\/de-pampita-y-zaira-nara-a-rossella-della-giovampaola-los-mejores-looks-del-martin-fierro-de-la-moda-2026\/\" \/>\n<meta property=\"og:site_name\" content=\"GYS NOTICIAS |\" \/>\n<meta property=\"article:published_time\" content=\"2026-04-27T16:57:14+00:00\" \/>\n<meta property=\"og:image\" content=\"https:\/\/fotos.perfil.com\/\/2026\/04\/27\/900\/0\/martin-fierro-moda-2228117.jpg\" \/>\n<meta name=\"author\" content=\"Prensa G&amp;S FM\" \/>\n<meta name=\"twitter:card\" content=\"summary_large_image\" \/>\n<meta name=\"twitter:label1\" content=\"Escrito por\" \/>\n\t<meta name=\"twitter:data1\" content=\"Prensa G&amp;S FM\" \/>\n\t<meta name=\"twitter:label2\" content=\"Tiempo de lectura\" \/>\n\t<meta name=\"twitter:data2\" content=\"11 minutos\" \/>\n<script type=\"application\/ld+json\" class=\"yoast-schema-graph\">{\"@context\":\"https:\/\/schema.org\",\"@graph\":[{\"@type\":\"Article\",\"@id\":\"https:\/\/gysfm.com.ar\/inicio\/de-pampita-y-zaira-nara-a-rossella-della-giovampaola-los-mejores-looks-del-martin-fierro-de-la-moda-2026\/#article\",\"isPartOf\":{\"@id\":\"https:\/\/gysfm.com.ar\/inicio\/de-pampita-y-zaira-nara-a-rossella-della-giovampaola-los-mejores-looks-del-martin-fierro-de-la-moda-2026\/\"},\"author\":{\"name\":\"Prensa G&amp;S FM\",\"@id\":\"https:\/\/gysfm.com.ar\/inicio\/#\/schema\/person\/3abba7593ef2ad19e1be221d54383dc5\"},\"headline\":\"De Pampita y Zaira Nara a Rossella Della Giovampaola: los mejores looks del Mart\u00edn Fierro de la Moda 2026\",\"datePublished\":\"2026-04-27T16:57:14+00:00\",\"mainEntityOfPage\":{\"@id\":\"https:\/\/gysfm.com.ar\/inicio\/de-pampita-y-zaira-nara-a-rossella-della-giovampaola-los-mejores-looks-del-martin-fierro-de-la-moda-2026\/\"},\"wordCount\":2310,\"publisher\":{\"@id\":\"https:\/\/gysfm.com.ar\/inicio\/#organization\"},\"image\":{\"@id\":\"https:\/\/gysfm.com.ar\/inicio\/de-pampita-y-zaira-nara-a-rossella-della-giovampaola-los-mejores-looks-del-martin-fierro-de-la-moda-2026\/#primaryimage\"},\"thumbnailUrl\":\"https:\/\/gysfm.com.ar\/inicio\/wp-content\/uploads\/2026\/04\/martin-fierro-de-la-moda-2228159.jpg\",\"articleSection\":[\"NACIONALES\"],\"inLanguage\":\"es\"},{\"@type\":\"WebPage\",\"@id\":\"https:\/\/gysfm.com.ar\/inicio\/de-pampita-y-zaira-nara-a-rossella-della-giovampaola-los-mejores-looks-del-martin-fierro-de-la-moda-2026\/\",\"url\":\"https:\/\/gysfm.com.ar\/inicio\/de-pampita-y-zaira-nara-a-rossella-della-giovampaola-los-mejores-looks-del-martin-fierro-de-la-moda-2026\/\",\"name\":\"De Pampita y Zaira Nara a Rossella Della Giovampaola: los mejores looks del Mart\u00edn Fierro de la Moda 2026 - GYS NOTICIAS |\",\"isPartOf\":{\"@id\":\"https:\/\/gysfm.com.ar\/inicio\/#website\"},\"primaryImageOfPage\":{\"@id\":\"https:\/\/gysfm.com.ar\/inicio\/de-pampita-y-zaira-nara-a-rossella-della-giovampaola-los-mejores-looks-del-martin-fierro-de-la-moda-2026\/#primaryimage\"},\"image\":{\"@id\":\"https:\/\/gysfm.com.ar\/inicio\/de-pampita-y-zaira-nara-a-rossella-della-giovampaola-los-mejores-looks-del-martin-fierro-de-la-moda-2026\/#primaryimage\"},\"thumbnailUrl\":\"https:\/\/gysfm.com.ar\/inicio\/wp-content\/uploads\/2026\/04\/martin-fierro-de-la-moda-2228159.jpg\",\"datePublished\":\"2026-04-27T16:57:14+00:00\",\"breadcrumb\":{\"@id\":\"https:\/\/gysfm.com.ar\/inicio\/de-pampita-y-zaira-nara-a-rossella-della-giovampaola-los-mejores-looks-del-martin-fierro-de-la-moda-2026\/#breadcrumb\"},\"inLanguage\":\"es\",\"potentialAction\":[{\"@type\":\"ReadAction\",\"target\":[\"https:\/\/gysfm.com.ar\/inicio\/de-pampita-y-zaira-nara-a-rossella-della-giovampaola-los-mejores-looks-del-martin-fierro-de-la-moda-2026\/\"]}]},{\"@type\":\"ImageObject\",\"inLanguage\":\"es\",\"@id\":\"https:\/\/gysfm.com.ar\/inicio\/de-pampita-y-zaira-nara-a-rossella-della-giovampaola-los-mejores-looks-del-martin-fierro-de-la-moda-2026\/#primaryimage\",\"url\":\"https:\/\/gysfm.com.ar\/inicio\/wp-content\/uploads\/2026\/04\/martin-fierro-de-la-moda-2228159.jpg\",\"contentUrl\":\"https:\/\/gysfm.com.ar\/inicio\/wp-content\/uploads\/2026\/04\/martin-fierro-de-la-moda-2228159.jpg\",\"width\":1140,\"height\":641},{\"@type\":\"BreadcrumbList\",\"@id\":\"https:\/\/gysfm.com.ar\/inicio\/de-pampita-y-zaira-nara-a-rossella-della-giovampaola-los-mejores-looks-del-martin-fierro-de-la-moda-2026\/#breadcrumb\",\"itemListElement\":[{\"@type\":\"ListItem\",\"position\":1,\"name\":\"Portada\",\"item\":\"https:\/\/gysfm.com.ar\/inicio\/\"},{\"@type\":\"ListItem\",\"position\":2,\"name\":\"De Pampita y Zaira Nara a Rossella Della Giovampaola: los mejores looks del Mart\u00edn Fierro de la Moda 2026\"}]},{\"@type\":\"WebSite\",\"@id\":\"https:\/\/gysfm.com.ar\/inicio\/#website\",\"url\":\"https:\/\/gysfm.com.ar\/inicio\/\",\"name\":\"GYS NOTICIAS |\",\"description\":\"DIARIO - RADIO ONLINE SAN JUAN ARGENTINA\",\"publisher\":{\"@id\":\"https:\/\/gysfm.com.ar\/inicio\/#organization\"},\"potentialAction\":[{\"@type\":\"SearchAction\",\"target\":{\"@type\":\"EntryPoint\",\"urlTemplate\":\"https:\/\/gysfm.com.ar\/inicio\/?s={search_term_string}\"},\"query-input\":{\"@type\":\"PropertyValueSpecification\",\"valueRequired\":true,\"valueName\":\"search_term_string\"}}],\"inLanguage\":\"es\"},{\"@type\":\"Organization\",\"@id\":\"https:\/\/gysfm.com.ar\/inicio\/#organization\",\"name\":\"GYS NOTICIAS |\",\"url\":\"https:\/\/gysfm.com.ar\/inicio\/\",\"logo\":{\"@type\":\"ImageObject\",\"inLanguage\":\"es\",\"@id\":\"https:\/\/gysfm.com.ar\/inicio\/#\/schema\/logo\/image\/\",\"url\":\"https:\/\/gysfm.com.ar\/inicio\/wp-content\/uploads\/2023\/07\/LOGOGYS-OK.png\",\"contentUrl\":\"https:\/\/gysfm.com.ar\/inicio\/wp-content\/uploads\/2023\/07\/LOGOGYS-OK.png\",\"width\":1170,\"height\":872,\"caption\":\"GYS NOTICIAS |\"},\"image\":{\"@id\":\"https:\/\/gysfm.com.ar\/inicio\/#\/schema\/logo\/image\/\"}},{\"@type\":\"Person\",\"@id\":\"https:\/\/gysfm.com.ar\/inicio\/#\/schema\/person\/3abba7593ef2ad19e1be221d54383dc5\",\"name\":\"Prensa G&amp;S FM\",\"image\":{\"@type\":\"ImageObject\",\"inLanguage\":\"es\",\"@id\":\"https:\/\/gysfm.com.ar\/inicio\/#\/schema\/person\/image\/\",\"url\":\"https:\/\/secure.gravatar.com\/avatar\/096ec78df02049ab018702bb4ccedf659377fa92a26540b5247612077a0dbd29?s=96&d=mm&r=g\",\"contentUrl\":\"https:\/\/secure.gravatar.com\/avatar\/096ec78df02049ab018702bb4ccedf659377fa92a26540b5247612077a0dbd29?s=96&d=mm&r=g\",\"caption\":\"Prensa G&amp;S FM\"},\"sameAs\":[\"https:\/\/gysfm.com.ar\/\"],\"url\":\"https:\/\/gysfm.com.ar\/inicio\/author\/lucasm\/\"}]}<\/script>\n<!-- \/ Yoast SEO plugin. -->","yoast_head_json":{"title":"De Pampita y Zaira Nara a Rossella Della Giovampaola: los mejores looks del Mart\u00edn Fierro de la Moda 2026 - GYS NOTICIAS |","robots":{"index":"index","follow":"follow","max-snippet":"max-snippet:-1","max-image-preview":"max-image-preview:large","max-video-preview":"max-video-preview:-1"},"canonical":"https:\/\/gysfm.com.ar\/inicio\/de-pampita-y-zaira-nara-a-rossella-della-giovampaola-los-mejores-looks-del-martin-fierro-de-la-moda-2026\/","og_locale":"es_ES","og_type":"article","og_title":"De Pampita y Zaira Nara a Rossella Della Giovampaola: los mejores looks del Mart\u00edn Fierro de la Moda 2026 - GYS NOTICIAS |","og_description":"Este domingo 26 de abril, los Mart\u00edn Fierro de la Moda 2026 se robaron todas las miradas. La ceremonia organizada por APTRA fue realizada en los estudios de Telefe, con una puesta que apost\u00f3 al glamour, la sofisticaci\u00f3n y el despliegue de las principales figuras del universo fashion local. Bajo la conducci\u00f3n de Iv\u00e1n de [&hellip;]","og_url":"https:\/\/gysfm.com.ar\/inicio\/de-pampita-y-zaira-nara-a-rossella-della-giovampaola-los-mejores-looks-del-martin-fierro-de-la-moda-2026\/","og_site_name":"GYS NOTICIAS |","article_published_time":"2026-04-27T16:57:14+00:00","og_image":[{"url":"https:\/\/fotos.perfil.com\/\/2026\/04\/27\/900\/0\/martin-fierro-moda-2228117.jpg","type":"","width":"","height":""}],"author":"Prensa G&amp;S FM","twitter_card":"summary_large_image","twitter_misc":{"Escrito por":"Prensa G&amp;S FM","Tiempo de lectura":"11 minutos"},"schema":{"@context":"https:\/\/schema.org","@graph":[{"@type":"Article","@id":"https:\/\/gysfm.com.ar\/inicio\/de-pampita-y-zaira-nara-a-rossella-della-giovampaola-los-mejores-looks-del-martin-fierro-de-la-moda-2026\/#article","isPartOf":{"@id":"https:\/\/gysfm.com.ar\/inicio\/de-pampita-y-zaira-nara-a-rossella-della-giovampaola-los-mejores-looks-del-martin-fierro-de-la-moda-2026\/"},"author":{"name":"Prensa G&amp;S FM","@id":"https:\/\/gysfm.com.ar\/inicio\/#\/schema\/person\/3abba7593ef2ad19e1be221d54383dc5"},"headline":"De Pampita y Zaira Nara a Rossella Della Giovampaola: los mejores looks del Mart\u00edn Fierro de la Moda 2026","datePublished":"2026-04-27T16:57:14+00:00","mainEntityOfPage":{"@id":"https:\/\/gysfm.com.ar\/inicio\/de-pampita-y-zaira-nara-a-rossella-della-giovampaola-los-mejores-looks-del-martin-fierro-de-la-moda-2026\/"},"wordCount":2310,"publisher":{"@id":"https:\/\/gysfm.com.ar\/inicio\/#organization"},"image":{"@id":"https:\/\/gysfm.com.ar\/inicio\/de-pampita-y-zaira-nara-a-rossella-della-giovampaola-los-mejores-looks-del-martin-fierro-de-la-moda-2026\/#primaryimage"},"thumbnailUrl":"https:\/\/gysfm.com.ar\/inicio\/wp-content\/uploads\/2026\/04\/martin-fierro-de-la-moda-2228159.jpg","articleSection":["NACIONALES"],"inLanguage":"es"},{"@type":"WebPage","@id":"https:\/\/gysfm.com.ar\/inicio\/de-pampita-y-zaira-nara-a-rossella-della-giovampaola-los-mejores-looks-del-martin-fierro-de-la-moda-2026\/","url":"https:\/\/gysfm.com.ar\/inicio\/de-pampita-y-zaira-nara-a-rossella-della-giovampaola-los-mejores-looks-del-martin-fierro-de-la-moda-2026\/","name":"De Pampita y Zaira Nara a Rossella Della Giovampaola: los mejores looks del Mart\u00edn Fierro de la Moda 2026 - GYS NOTICIAS |","isPartOf":{"@id":"https:\/\/gysfm.com.ar\/inicio\/#website"},"primaryImageOfPage":{"@id":"https:\/\/gysfm.com.ar\/inicio\/de-pampita-y-zaira-nara-a-rossella-della-giovampaola-los-mejores-looks-del-martin-fierro-de-la-moda-2026\/#primaryimage"},"image":{"@id":"https:\/\/gysfm.com.ar\/inicio\/de-pampita-y-zaira-nara-a-rossella-della-giovampaola-los-mejores-looks-del-martin-fierro-de-la-moda-2026\/#primaryimage"},"thumbnailUrl":"https:\/\/gysfm.com.ar\/inicio\/wp-content\/uploads\/2026\/04\/martin-fierro-de-la-moda-2228159.jpg","datePublished":"2026-04-27T16:57:14+00:00","breadcrumb":{"@id":"https:\/\/gysfm.com.ar\/inicio\/de-pampita-y-zaira-nara-a-rossella-della-giovampaola-los-mejores-looks-del-martin-fierro-de-la-moda-2026\/#breadcrumb"},"inLanguage":"es","potentialAction":[{"@type":"ReadAction","target":["https:\/\/gysfm.com.ar\/inicio\/de-pampita-y-zaira-nara-a-rossella-della-giovampaola-los-mejores-looks-del-martin-fierro-de-la-moda-2026\/"]}]},{"@type":"ImageObject","inLanguage":"es","@id":"https:\/\/gysfm.com.ar\/inicio\/de-pampita-y-zaira-nara-a-rossella-della-giovampaola-los-mejores-looks-del-martin-fierro-de-la-moda-2026\/#primaryimage","url":"https:\/\/gysfm.com.ar\/inicio\/wp-content\/uploads\/2026\/04\/martin-fierro-de-la-moda-2228159.jpg","contentUrl":"https:\/\/gysfm.com.ar\/inicio\/wp-content\/uploads\/2026\/04\/martin-fierro-de-la-moda-2228159.jpg","width":1140,"height":641},{"@type":"BreadcrumbList","@id":"https:\/\/gysfm.com.ar\/inicio\/de-pampita-y-zaira-nara-a-rossella-della-giovampaola-los-mejores-looks-del-martin-fierro-de-la-moda-2026\/#breadcrumb","itemListElement":[{"@type":"ListItem","position":1,"name":"Portada","item":"https:\/\/gysfm.com.ar\/inicio\/"},{"@type":"ListItem","position":2,"name":"De Pampita y Zaira Nara a Rossella Della Giovampaola: los mejores looks del Mart\u00edn Fierro de la Moda 2026"}]},{"@type":"WebSite","@id":"https:\/\/gysfm.com.ar\/inicio\/#website","url":"https:\/\/gysfm.com.ar\/inicio\/","name":"GYS NOTICIAS |","description":"DIARIO - RADIO ONLINE SAN JUAN ARGENTINA","publisher":{"@id":"https:\/\/gysfm.com.ar\/inicio\/#organization"},"potentialAction":[{"@type":"SearchAction","target":{"@type":"EntryPoint","urlTemplate":"https:\/\/gysfm.com.ar\/inicio\/?s={search_term_string}"},"query-input":{"@type":"PropertyValueSpecification","valueRequired":true,"valueName":"search_term_string"}}],"inLanguage":"es"},{"@type":"Organization","@id":"https:\/\/gysfm.com.ar\/inicio\/#organization","name":"GYS NOTICIAS |","url":"https:\/\/gysfm.com.ar\/inicio\/","logo":{"@type":"ImageObject","inLanguage":"es","@id":"https:\/\/gysfm.com.ar\/inicio\/#\/schema\/logo\/image\/","url":"https:\/\/gysfm.com.ar\/inicio\/wp-content\/uploads\/2023\/07\/LOGOGYS-OK.png","contentUrl":"https:\/\/gysfm.com.ar\/inicio\/wp-content\/uploads\/2023\/07\/LOGOGYS-OK.png","width":1170,"height":872,"caption":"GYS NOTICIAS |"},"image":{"@id":"https:\/\/gysfm.com.ar\/inicio\/#\/schema\/logo\/image\/"}},{"@type":"Person","@id":"https:\/\/gysfm.com.ar\/inicio\/#\/schema\/person\/3abba7593ef2ad19e1be221d54383dc5","name":"Prensa G&amp;S FM","image":{"@type":"ImageObject","inLanguage":"es","@id":"https:\/\/gysfm.com.ar\/inicio\/#\/schema\/person\/image\/","url":"https:\/\/secure.gravatar.com\/avatar\/096ec78df02049ab018702bb4ccedf659377fa92a26540b5247612077a0dbd29?s=96&d=mm&r=g","contentUrl":"https:\/\/secure.gravatar.com\/avatar\/096ec78df02049ab018702bb4ccedf659377fa92a26540b5247612077a0dbd29?s=96&d=mm&r=g","caption":"Prensa G&amp;S FM"},"sameAs":["https:\/\/gysfm.com.ar\/"],"url":"https:\/\/gysfm.com.ar\/inicio\/author\/lucasm\/"}]}},"_links":{"self":[{"href":"https:\/\/gysfm.com.ar\/inicio\/wp-json\/wp\/v2\/posts\/193295","targetHints":{"allow":["GET"]}}],"collection":[{"href":"https:\/\/gysfm.com.ar\/inicio\/wp-json\/wp\/v2\/posts"}],"about":[{"href":"https:\/\/gysfm.com.ar\/inicio\/wp-json\/wp\/v2\/types\/post"}],"author":[{"embeddable":true,"href":"https:\/\/gysfm.com.ar\/inicio\/wp-json\/wp\/v2\/users\/2"}],"replies":[{"embeddable":true,"href":"https:\/\/gysfm.com.ar\/inicio\/wp-json\/wp\/v2\/comments?post=193295"}],"version-history":[{"count":0,"href":"https:\/\/gysfm.com.ar\/inicio\/wp-json\/wp\/v2\/posts\/193295\/revisions"}],"wp:featuredmedia":[{"embeddable":true,"href":"https:\/\/gysfm.com.ar\/inicio\/wp-json\/wp\/v2\/media\/193296"}],"wp:attachment":[{"href":"https:\/\/gysfm.com.ar\/inicio\/wp-json\/wp\/v2\/media?parent=193295"}],"wp:term":[{"taxonomy":"category","embeddable":true,"href":"https:\/\/gysfm.com.ar\/inicio\/wp-json\/wp\/v2\/categories?post=193295"},{"taxonomy":"post_tag","embeddable":true,"href":"https:\/\/gysfm.com.ar\/inicio\/wp-json\/wp\/v2\/tags?post=193295"}],"curies":[{"name":"wp","href":"https:\/\/api.w.org\/{rel}","templated":true}]}}