{"id":193283,"date":"2026-04-27T12:28:17","date_gmt":"2026-04-27T15:28:17","guid":{"rendered":"https:\/\/gysfm.com.ar\/inicio\/el-mayor-trader-de-energia-del-mundo-se-suma-a-un-proyecto-de-exportacion-de-gnl-argentino\/"},"modified":"2026-04-27T12:28:18","modified_gmt":"2026-04-27T15:28:18","slug":"el-mayor-trader-de-energia-del-mundo-se-suma-a-un-proyecto-de-exportacion-de-gnl-argentino","status":"publish","type":"post","link":"https:\/\/gysfm.com.ar\/inicio\/el-mayor-trader-de-energia-del-mundo-se-suma-a-un-proyecto-de-exportacion-de-gnl-argentino\/","title":{"rendered":"El mayor trader de energ\u00eda del mundo se suma a un proyecto de exportaci\u00f3n de GNL argentino"},"content":{"rendered":"<p><\/p>\n<div>\n<p class=\"com-paragraph  --capital --s\">El proyecto de gas natural licuado (GNL) de Camuzzi Gas Inversora dio un paso m\u00e1s hacia su internacionalizaci\u00f3n. La compa\u00f1\u00eda controlada por <strong>Alejandro Macfarlane, Jorge Brito <\/strong>y el grupo italiano liderado por Fabrizio Garilli <strong>firm\u00f3 un memorando de entendimiento (MOU) con Vitol<\/strong>, el mayor <em>trader <\/em>de energ\u00eda del mundo, para el desarrollo de un acuerdo de compra de producci\u00f3n (<em>offtake<\/em>) y una potencial <strong>participaci\u00f3n accionaria en LNG Del Plata.<\/strong><\/p>\n<p class=\"com-paragraph   --s\">El acuerdo, anunciado hoy, establece que <strong>Vitol podr\u00e1 adquirir hasta el 100% de la producci\u00f3n<\/strong> del proyecto mediante un contrato de largo plazo y, adem\u00e1s, evaluar\u00e1 si ingresa como socio inversor junto a Camuzzi. Hasta ahora,<strong> LNG Del Plata estaba controlado en un 100% por Camuzzi Gas Inversora.<\/strong><\/p>\n<p class=\"com-paragraph   --s\">\u201cEste acuerdo representa un paso estrat\u00e9gico en la integraci\u00f3n de la Argentina al mercado global de GNL. A trav\u00e9s de LNG Del Plata, <strong>buscamos desarrollar una infraestructura competitiva para la exportaci\u00f3n de gas natural licuado<\/strong>, generar valor sostenible, atraer inversiones y contribuir a la seguridad energ\u00e9tica tanto a nivel local como internacional\u201d, se\u00f1al\u00f3 Macfarlane.<\/p>\n<p class=\"com-paragraph   --s\">La contraparte no es un actor menor. <strong>Vitol es una de las compa\u00f1\u00edas m\u00e1s grandes del mundo<\/strong>: fue fundada en Rotterdam en 1966, opera desde 40 oficinas en todo el planeta y en 2025 registr\u00f3 ingresos por m\u00e1s de US$340.000 millones. En el negocio espec\u00edfico del GNL, lleva m\u00e1s de dos d\u00e9cadas operando:<strong> inici\u00f3 su actividad en ese segmento a mediados de 2000 y el a\u00f1o pasado entreg\u00f3 23 millones de toneladas m\u00e9tricas (MTPA)<\/strong>. A modo de comparaci\u00f3n, las exportaciones totales de GNL de Qatar Energy \u2014el mayor productor mundial\u2014 rondan las 80,4 MTPA.<\/p>\n<p class=\"com-paragraph   --s\"><strong>\u201cCreemos que la Argentina tendr\u00e1 un rol relevante en la creciente demanda global de GNL<\/strong> gracias a sus abundantes reservas de gas, con el potencial de convertirse en una fuente de suministro diversificada y confiable para nuestros clientes. Nos entusiasma trabajar junto a Camuzzi para avanzar en este proyecto estrat\u00e9gico\u201d, afirm\u00f3 Pablo Galante Escobar, Head of LNG de Vitol.<\/p>\n<div class=\"content-media\">\n<section role=\"button\" class=\"mod-media   \">\n<figure role=\"button\" tabindex=\"0\" class=\"mod-figure \"><figcaption class=\"mod-figcaption\"><span class=\"com-text --caption --twoxs\">Camuzzi Gas Inversora es la compa\u00f1\u00eda controlante de las distribuidoras Camuzzi Gas Pampeana y Camuzzi Gas del Sur; los accionistas tienen repartida su participaci\u00f3n en partes iguales entre Macfarlane, Brito y el grupo italiano liderado por Fabrizio Garilli<\/span><\/figcaption><\/figure>\n<\/section>\n<\/div>\n<p class=\"com-paragraph   --s\">La empresa no es desconocida en la Argentina. Cuenta con una oficina en Buenos Aires y opera en el pa\u00eds a trav\u00e9s de su subsidiaria Vitco S.A., que <strong>maneja una terminal de almacenamiento en Z\u00e1rate<\/strong>, sobre el r\u00edo Paran\u00e1 de las Palmas, con capacidad para 250.000 metros c\u00fabicos, destinada tanto a importaciones como al abastecimiento regional.<\/p>\n<p class=\"com-paragraph   --s\">LNG Del Plata fue anunciado en diciembre pasado como una apuesta de Camuzzi para ingresar al negocio de la exportaci\u00f3n de GNL desde el puerto de La Plata, provincia de Buenos Aires.<strong> El esquema prev\u00e9 instalar un buque de licuefacci\u00f3n en una plataforma <\/strong><em><strong>offshore <\/strong><\/em><strong>a 10 kil\u00f3metros de la costa<\/strong>, conectado a trav\u00e9s de un gasoducto subacu\u00e1tico a la infraestructura de transporte existente que trae gas desde Vaca Muerta.<\/p>\n<p class=\"com-paragraph   --s\">El proyecto apunta a exportar m\u00e1s de 2,4 MTPA de GNL, equivalentes a m\u00e1s de 9 millones de metros c\u00fabicos diarios (m3\/d), y<strong> prev\u00e9 una inversi\u00f3n total de US$3900 millones a lo largo de 20 a\u00f1os<\/strong>. Para dimensionarlo: Southern Energy (SESA), el proyecto de GNL m\u00e1s avanzado de la Argentina, <strong>tiene una capacidad prevista de 5,95 MTPA<\/strong>.<\/p>\n<p class=\"com-paragraph   --s\">Las obras de infraestructura \u2014valuadas en US$350 millones\u2014 comenzar\u00edan este a\u00f1o, <strong>con el objetivo de que el buque licuefactor entre en operaci\u00f3n en el invierno de 2027 o el verano de 2028<\/strong>.<\/p>\n<p class=\"com-paragraph   --s\">El mecanismo tiene una l\u00f3gica estacional. Entre septiembre y mayo, cuando los gasoductos que conectan Vaca Muerta con el centro del pa\u00eds operan con capacidad ociosa, <strong>LNG Del Plata exportar\u00eda gas<\/strong>; durante el invierno, en cambio, el proyecto reforzar\u00eda el abastecimiento del mercado interno, liberando gas para cubrir los picos de demanda. Se trata, en la pr\u00e1ctica, de la tecnolog\u00eda inversa a la que funcion\u00f3 durante a\u00f1os en el mismo puerto platense, donde se amarraba un barco de regasificaci\u00f3n para importar GNL en los meses de mayor consumo.<\/p>\n<p class=\"com-paragraph   --s\">La firma del MOU con Vitol convierte a LNG Del Plata en uno de los proyectos de GNL locales con respaldo comercial. E<strong>l mercado del GNL es un negocio de largo plazo que requiere compradores firmes antes de que se construya la infraestructura<\/strong>: sin contratos de <em>offtake<\/em>, los proyectos no consiguen financiamiento. En ese sentido, el inter\u00e9s de un actor con el volumen y la red de clientes de Vitol es una se\u00f1al de validaci\u00f3n para el proyecto, que <strong>todav\u00eda debe obtener las aprobaciones regulatorias correspondientes<\/strong> y avanzar en la presentaci\u00f3n ante el R\u00e9gimen de Incentivo para Grandes Inversiones (RIGI).<\/p>\n<section class=\"container-center-100 mb-40 border border-bottom border-thin border-neutral-light-700\">\n<hr\/>\n<\/section>\n<\/div>\n<p><script id=\"facebookpixel\" defer=\"\" type=\"text\/javascript\">\n        !function(f,b,e,v,n,t,s)\n        {if(f.fbq)return;n=f.fbq=function(){n.callMethod?\n        n.callMethod.apply(n,arguments):n.queue.push(arguments)};\n        if(!f._fbq)f._fbq=n;n.push=n;n.loaded=!0;n.version='2.0';\n        n.queue=[];t=b.createElement(e);t.async=!0;\n        t.src=v;s=b.getElementsByTagName(e)[0];\n        s.parentNode.insertBefore(t,s)}(window, document,'script',\n        'https:\/\/connect.facebook.net\/en_US\/fbevents.js');\n        fbq('init', '492459597522335');\n        fbq('track', 'PageView');\n    <\/script><\/p>\n","protected":false},"excerpt":{"rendered":"<p>El proyecto de gas natural licuado (GNL) de Camuzzi Gas Inversora dio un paso m\u00e1s hacia su internacionalizaci\u00f3n. La compa\u00f1\u00eda controlada por Alejandro Macfarlane, Jorge Brito y el grupo italiano liderado por Fabrizio Garilli firm\u00f3 un memorando de entendimiento (MOU) con Vitol, el mayor trader de energ\u00eda del mundo, para el desarrollo de un acuerdo [&hellip;]<\/p>\n","protected":false},"author":1,"featured_media":193284,"comment_status":"closed","ping_status":"closed","sticky":false,"template":"","format":"standard","meta":{"footnotes":""},"categories":[28],"tags":[],"class_list":["post-193283","post","type-post","status-publish","format-standard","has-post-thumbnail","hentry","category-economia"],"yoast_head":"<!-- This site is optimized with the Yoast SEO plugin v24.4 - https:\/\/yoast.com\/wordpress\/plugins\/seo\/ -->\n<title>El mayor trader de energ\u00eda del mundo se suma a un proyecto de exportaci\u00f3n de GNL argentino - GYS NOTICIAS |<\/title>\n<meta name=\"robots\" content=\"index, follow, max-snippet:-1, max-image-preview:large, max-video-preview:-1\" \/>\n<link rel=\"canonical\" href=\"https:\/\/gysfm.com.ar\/inicio\/el-mayor-trader-de-energia-del-mundo-se-suma-a-un-proyecto-de-exportacion-de-gnl-argentino\/\" \/>\n<meta property=\"og:locale\" content=\"es_ES\" \/>\n<meta property=\"og:type\" content=\"article\" \/>\n<meta property=\"og:title\" content=\"El mayor trader de energ\u00eda del mundo se suma a un proyecto de exportaci\u00f3n de GNL argentino - GYS NOTICIAS |\" \/>\n<meta property=\"og:description\" content=\"El proyecto de gas natural licuado (GNL) de Camuzzi Gas Inversora dio un paso m\u00e1s hacia su internacionalizaci\u00f3n. La compa\u00f1\u00eda controlada por Alejandro Macfarlane, Jorge Brito y el grupo italiano liderado por Fabrizio Garilli firm\u00f3 un memorando de entendimiento (MOU) con Vitol, el mayor trader de energ\u00eda del mundo, para el desarrollo de un acuerdo [&hellip;]\" \/>\n<meta property=\"og:url\" content=\"https:\/\/gysfm.com.ar\/inicio\/el-mayor-trader-de-energia-del-mundo-se-suma-a-un-proyecto-de-exportacion-de-gnl-argentino\/\" \/>\n<meta property=\"og:site_name\" content=\"GYS NOTICIAS |\" \/>\n<meta property=\"article:published_time\" content=\"2026-04-27T15:28:17+00:00\" \/>\n<meta property=\"article:modified_time\" content=\"2026-04-27T15:28:18+00:00\" \/>\n<meta property=\"og:image\" content=\"https:\/\/gysfm.com.ar\/inicio\/wp-content\/uploads\/2026\/04\/lng-del-plata-preve-instalar-un-buque-licuefactor-BJFF3UDDQFC5VPHNMY4FUUUK3E.jpg\" \/>\n\t<meta property=\"og:image:width\" content=\"1200\" \/>\n\t<meta property=\"og:image:height\" content=\"800\" \/>\n\t<meta property=\"og:image:type\" content=\"image\/jpeg\" \/>\n<meta name=\"author\" content=\"admin\" \/>\n<meta name=\"twitter:card\" content=\"summary_large_image\" \/>\n<meta name=\"twitter:label1\" content=\"Escrito por\" \/>\n\t<meta name=\"twitter:data1\" content=\"admin\" \/>\n\t<meta name=\"twitter:label2\" content=\"Tiempo de lectura\" \/>\n\t<meta name=\"twitter:data2\" content=\"4 minutos\" \/>\n<script type=\"application\/ld+json\" class=\"yoast-schema-graph\">{\"@context\":\"https:\/\/schema.org\",\"@graph\":[{\"@type\":\"Article\",\"@id\":\"https:\/\/gysfm.com.ar\/inicio\/el-mayor-trader-de-energia-del-mundo-se-suma-a-un-proyecto-de-exportacion-de-gnl-argentino\/#article\",\"isPartOf\":{\"@id\":\"https:\/\/gysfm.com.ar\/inicio\/el-mayor-trader-de-energia-del-mundo-se-suma-a-un-proyecto-de-exportacion-de-gnl-argentino\/\"},\"author\":{\"name\":\"admin\",\"@id\":\"https:\/\/gysfm.com.ar\/inicio\/#\/schema\/person\/5bedd7ecd35cc35548d89effafa23696\"},\"headline\":\"El mayor trader de energ\u00eda del mundo se suma a un proyecto de exportaci\u00f3n de GNL argentino\",\"datePublished\":\"2026-04-27T15:28:17+00:00\",\"dateModified\":\"2026-04-27T15:28:18+00:00\",\"mainEntityOfPage\":{\"@id\":\"https:\/\/gysfm.com.ar\/inicio\/el-mayor-trader-de-energia-del-mundo-se-suma-a-un-proyecto-de-exportacion-de-gnl-argentino\/\"},\"wordCount\":828,\"publisher\":{\"@id\":\"https:\/\/gysfm.com.ar\/inicio\/#organization\"},\"image\":{\"@id\":\"https:\/\/gysfm.com.ar\/inicio\/el-mayor-trader-de-energia-del-mundo-se-suma-a-un-proyecto-de-exportacion-de-gnl-argentino\/#primaryimage\"},\"thumbnailUrl\":\"https:\/\/gysfm.com.ar\/inicio\/wp-content\/uploads\/2026\/04\/lng-del-plata-preve-instalar-un-buque-licuefactor-BJFF3UDDQFC5VPHNMY4FUUUK3E.jpg\",\"articleSection\":[\"ECONOMIA\"],\"inLanguage\":\"es\"},{\"@type\":\"WebPage\",\"@id\":\"https:\/\/gysfm.com.ar\/inicio\/el-mayor-trader-de-energia-del-mundo-se-suma-a-un-proyecto-de-exportacion-de-gnl-argentino\/\",\"url\":\"https:\/\/gysfm.com.ar\/inicio\/el-mayor-trader-de-energia-del-mundo-se-suma-a-un-proyecto-de-exportacion-de-gnl-argentino\/\",\"name\":\"El mayor trader de energ\u00eda del mundo se suma a un proyecto de exportaci\u00f3n de GNL argentino - GYS NOTICIAS |\",\"isPartOf\":{\"@id\":\"https:\/\/gysfm.com.ar\/inicio\/#website\"},\"primaryImageOfPage\":{\"@id\":\"https:\/\/gysfm.com.ar\/inicio\/el-mayor-trader-de-energia-del-mundo-se-suma-a-un-proyecto-de-exportacion-de-gnl-argentino\/#primaryimage\"},\"image\":{\"@id\":\"https:\/\/gysfm.com.ar\/inicio\/el-mayor-trader-de-energia-del-mundo-se-suma-a-un-proyecto-de-exportacion-de-gnl-argentino\/#primaryimage\"},\"thumbnailUrl\":\"https:\/\/gysfm.com.ar\/inicio\/wp-content\/uploads\/2026\/04\/lng-del-plata-preve-instalar-un-buque-licuefactor-BJFF3UDDQFC5VPHNMY4FUUUK3E.jpg\",\"datePublished\":\"2026-04-27T15:28:17+00:00\",\"dateModified\":\"2026-04-27T15:28:18+00:00\",\"breadcrumb\":{\"@id\":\"https:\/\/gysfm.com.ar\/inicio\/el-mayor-trader-de-energia-del-mundo-se-suma-a-un-proyecto-de-exportacion-de-gnl-argentino\/#breadcrumb\"},\"inLanguage\":\"es\",\"potentialAction\":[{\"@type\":\"ReadAction\",\"target\":[\"https:\/\/gysfm.com.ar\/inicio\/el-mayor-trader-de-energia-del-mundo-se-suma-a-un-proyecto-de-exportacion-de-gnl-argentino\/\"]}]},{\"@type\":\"ImageObject\",\"inLanguage\":\"es\",\"@id\":\"https:\/\/gysfm.com.ar\/inicio\/el-mayor-trader-de-energia-del-mundo-se-suma-a-un-proyecto-de-exportacion-de-gnl-argentino\/#primaryimage\",\"url\":\"https:\/\/gysfm.com.ar\/inicio\/wp-content\/uploads\/2026\/04\/lng-del-plata-preve-instalar-un-buque-licuefactor-BJFF3UDDQFC5VPHNMY4FUUUK3E.jpg\",\"contentUrl\":\"https:\/\/gysfm.com.ar\/inicio\/wp-content\/uploads\/2026\/04\/lng-del-plata-preve-instalar-un-buque-licuefactor-BJFF3UDDQFC5VPHNMY4FUUUK3E.jpg\",\"width\":1200,\"height\":800},{\"@type\":\"BreadcrumbList\",\"@id\":\"https:\/\/gysfm.com.ar\/inicio\/el-mayor-trader-de-energia-del-mundo-se-suma-a-un-proyecto-de-exportacion-de-gnl-argentino\/#breadcrumb\",\"itemListElement\":[{\"@type\":\"ListItem\",\"position\":1,\"name\":\"Portada\",\"item\":\"https:\/\/gysfm.com.ar\/inicio\/\"},{\"@type\":\"ListItem\",\"position\":2,\"name\":\"El mayor trader de energ\u00eda del mundo se suma a un proyecto de exportaci\u00f3n de GNL argentino\"}]},{\"@type\":\"WebSite\",\"@id\":\"https:\/\/gysfm.com.ar\/inicio\/#website\",\"url\":\"https:\/\/gysfm.com.ar\/inicio\/\",\"name\":\"GYS NOTICIAS |\",\"description\":\"DIARIO - RADIO ONLINE SAN JUAN ARGENTINA\",\"publisher\":{\"@id\":\"https:\/\/gysfm.com.ar\/inicio\/#organization\"},\"potentialAction\":[{\"@type\":\"SearchAction\",\"target\":{\"@type\":\"EntryPoint\",\"urlTemplate\":\"https:\/\/gysfm.com.ar\/inicio\/?s={search_term_string}\"},\"query-input\":{\"@type\":\"PropertyValueSpecification\",\"valueRequired\":true,\"valueName\":\"search_term_string\"}}],\"inLanguage\":\"es\"},{\"@type\":\"Organization\",\"@id\":\"https:\/\/gysfm.com.ar\/inicio\/#organization\",\"name\":\"GYS NOTICIAS |\",\"url\":\"https:\/\/gysfm.com.ar\/inicio\/\",\"logo\":{\"@type\":\"ImageObject\",\"inLanguage\":\"es\",\"@id\":\"https:\/\/gysfm.com.ar\/inicio\/#\/schema\/logo\/image\/\",\"url\":\"https:\/\/gysfm.com.ar\/inicio\/wp-content\/uploads\/2023\/07\/LOGOGYS-OK.png\",\"contentUrl\":\"https:\/\/gysfm.com.ar\/inicio\/wp-content\/uploads\/2023\/07\/LOGOGYS-OK.png\",\"width\":1170,\"height\":872,\"caption\":\"GYS NOTICIAS |\"},\"image\":{\"@id\":\"https:\/\/gysfm.com.ar\/inicio\/#\/schema\/logo\/image\/\"}},{\"@type\":\"Person\",\"@id\":\"https:\/\/gysfm.com.ar\/inicio\/#\/schema\/person\/5bedd7ecd35cc35548d89effafa23696\",\"name\":\"admin\",\"image\":{\"@type\":\"ImageObject\",\"inLanguage\":\"es\",\"@id\":\"https:\/\/gysfm.com.ar\/inicio\/#\/schema\/person\/image\/\",\"url\":\"https:\/\/secure.gravatar.com\/avatar\/c331d312b5243fb64d5ba28108a447b27c925295129a363082c9ea52c28d32c2?s=96&d=mm&r=g\",\"contentUrl\":\"https:\/\/secure.gravatar.com\/avatar\/c331d312b5243fb64d5ba28108a447b27c925295129a363082c9ea52c28d32c2?s=96&d=mm&r=g\",\"caption\":\"admin\"},\"sameAs\":[\"https:\/\/gysfm.com.ar\/inicio\"],\"url\":\"https:\/\/gysfm.com.ar\/inicio\/author\/admin\/\"}]}<\/script>\n<!-- \/ Yoast SEO plugin. -->","yoast_head_json":{"title":"El mayor trader de energ\u00eda del mundo se suma a un proyecto de exportaci\u00f3n de GNL argentino - GYS NOTICIAS |","robots":{"index":"index","follow":"follow","max-snippet":"max-snippet:-1","max-image-preview":"max-image-preview:large","max-video-preview":"max-video-preview:-1"},"canonical":"https:\/\/gysfm.com.ar\/inicio\/el-mayor-trader-de-energia-del-mundo-se-suma-a-un-proyecto-de-exportacion-de-gnl-argentino\/","og_locale":"es_ES","og_type":"article","og_title":"El mayor trader de energ\u00eda del mundo se suma a un proyecto de exportaci\u00f3n de GNL argentino - GYS NOTICIAS |","og_description":"El proyecto de gas natural licuado (GNL) de Camuzzi Gas Inversora dio un paso m\u00e1s hacia su internacionalizaci\u00f3n. La compa\u00f1\u00eda controlada por Alejandro Macfarlane, Jorge Brito y el grupo italiano liderado por Fabrizio Garilli firm\u00f3 un memorando de entendimiento (MOU) con Vitol, el mayor trader de energ\u00eda del mundo, para el desarrollo de un acuerdo [&hellip;]","og_url":"https:\/\/gysfm.com.ar\/inicio\/el-mayor-trader-de-energia-del-mundo-se-suma-a-un-proyecto-de-exportacion-de-gnl-argentino\/","og_site_name":"GYS NOTICIAS |","article_published_time":"2026-04-27T15:28:17+00:00","article_modified_time":"2026-04-27T15:28:18+00:00","og_image":[{"width":1200,"height":800,"url":"https:\/\/gysfm.com.ar\/inicio\/wp-content\/uploads\/2026\/04\/lng-del-plata-preve-instalar-un-buque-licuefactor-BJFF3UDDQFC5VPHNMY4FUUUK3E.jpg","type":"image\/jpeg"}],"author":"admin","twitter_card":"summary_large_image","twitter_misc":{"Escrito por":"admin","Tiempo de lectura":"4 minutos"},"schema":{"@context":"https:\/\/schema.org","@graph":[{"@type":"Article","@id":"https:\/\/gysfm.com.ar\/inicio\/el-mayor-trader-de-energia-del-mundo-se-suma-a-un-proyecto-de-exportacion-de-gnl-argentino\/#article","isPartOf":{"@id":"https:\/\/gysfm.com.ar\/inicio\/el-mayor-trader-de-energia-del-mundo-se-suma-a-un-proyecto-de-exportacion-de-gnl-argentino\/"},"author":{"name":"admin","@id":"https:\/\/gysfm.com.ar\/inicio\/#\/schema\/person\/5bedd7ecd35cc35548d89effafa23696"},"headline":"El mayor trader de energ\u00eda del mundo se suma a un proyecto de exportaci\u00f3n de GNL argentino","datePublished":"2026-04-27T15:28:17+00:00","dateModified":"2026-04-27T15:28:18+00:00","mainEntityOfPage":{"@id":"https:\/\/gysfm.com.ar\/inicio\/el-mayor-trader-de-energia-del-mundo-se-suma-a-un-proyecto-de-exportacion-de-gnl-argentino\/"},"wordCount":828,"publisher":{"@id":"https:\/\/gysfm.com.ar\/inicio\/#organization"},"image":{"@id":"https:\/\/gysfm.com.ar\/inicio\/el-mayor-trader-de-energia-del-mundo-se-suma-a-un-proyecto-de-exportacion-de-gnl-argentino\/#primaryimage"},"thumbnailUrl":"https:\/\/gysfm.com.ar\/inicio\/wp-content\/uploads\/2026\/04\/lng-del-plata-preve-instalar-un-buque-licuefactor-BJFF3UDDQFC5VPHNMY4FUUUK3E.jpg","articleSection":["ECONOMIA"],"inLanguage":"es"},{"@type":"WebPage","@id":"https:\/\/gysfm.com.ar\/inicio\/el-mayor-trader-de-energia-del-mundo-se-suma-a-un-proyecto-de-exportacion-de-gnl-argentino\/","url":"https:\/\/gysfm.com.ar\/inicio\/el-mayor-trader-de-energia-del-mundo-se-suma-a-un-proyecto-de-exportacion-de-gnl-argentino\/","name":"El mayor trader de energ\u00eda del mundo se suma a un proyecto de exportaci\u00f3n de GNL argentino - GYS NOTICIAS |","isPartOf":{"@id":"https:\/\/gysfm.com.ar\/inicio\/#website"},"primaryImageOfPage":{"@id":"https:\/\/gysfm.com.ar\/inicio\/el-mayor-trader-de-energia-del-mundo-se-suma-a-un-proyecto-de-exportacion-de-gnl-argentino\/#primaryimage"},"image":{"@id":"https:\/\/gysfm.com.ar\/inicio\/el-mayor-trader-de-energia-del-mundo-se-suma-a-un-proyecto-de-exportacion-de-gnl-argentino\/#primaryimage"},"thumbnailUrl":"https:\/\/gysfm.com.ar\/inicio\/wp-content\/uploads\/2026\/04\/lng-del-plata-preve-instalar-un-buque-licuefactor-BJFF3UDDQFC5VPHNMY4FUUUK3E.jpg","datePublished":"2026-04-27T15:28:17+00:00","dateModified":"2026-04-27T15:28:18+00:00","breadcrumb":{"@id":"https:\/\/gysfm.com.ar\/inicio\/el-mayor-trader-de-energia-del-mundo-se-suma-a-un-proyecto-de-exportacion-de-gnl-argentino\/#breadcrumb"},"inLanguage":"es","potentialAction":[{"@type":"ReadAction","target":["https:\/\/gysfm.com.ar\/inicio\/el-mayor-trader-de-energia-del-mundo-se-suma-a-un-proyecto-de-exportacion-de-gnl-argentino\/"]}]},{"@type":"ImageObject","inLanguage":"es","@id":"https:\/\/gysfm.com.ar\/inicio\/el-mayor-trader-de-energia-del-mundo-se-suma-a-un-proyecto-de-exportacion-de-gnl-argentino\/#primaryimage","url":"https:\/\/gysfm.com.ar\/inicio\/wp-content\/uploads\/2026\/04\/lng-del-plata-preve-instalar-un-buque-licuefactor-BJFF3UDDQFC5VPHNMY4FUUUK3E.jpg","contentUrl":"https:\/\/gysfm.com.ar\/inicio\/wp-content\/uploads\/2026\/04\/lng-del-plata-preve-instalar-un-buque-licuefactor-BJFF3UDDQFC5VPHNMY4FUUUK3E.jpg","width":1200,"height":800},{"@type":"BreadcrumbList","@id":"https:\/\/gysfm.com.ar\/inicio\/el-mayor-trader-de-energia-del-mundo-se-suma-a-un-proyecto-de-exportacion-de-gnl-argentino\/#breadcrumb","itemListElement":[{"@type":"ListItem","position":1,"name":"Portada","item":"https:\/\/gysfm.com.ar\/inicio\/"},{"@type":"ListItem","position":2,"name":"El mayor trader de energ\u00eda del mundo se suma a un proyecto de exportaci\u00f3n de GNL argentino"}]},{"@type":"WebSite","@id":"https:\/\/gysfm.com.ar\/inicio\/#website","url":"https:\/\/gysfm.com.ar\/inicio\/","name":"GYS NOTICIAS |","description":"DIARIO - RADIO ONLINE SAN JUAN ARGENTINA","publisher":{"@id":"https:\/\/gysfm.com.ar\/inicio\/#organization"},"potentialAction":[{"@type":"SearchAction","target":{"@type":"EntryPoint","urlTemplate":"https:\/\/gysfm.com.ar\/inicio\/?s={search_term_string}"},"query-input":{"@type":"PropertyValueSpecification","valueRequired":true,"valueName":"search_term_string"}}],"inLanguage":"es"},{"@type":"Organization","@id":"https:\/\/gysfm.com.ar\/inicio\/#organization","name":"GYS NOTICIAS |","url":"https:\/\/gysfm.com.ar\/inicio\/","logo":{"@type":"ImageObject","inLanguage":"es","@id":"https:\/\/gysfm.com.ar\/inicio\/#\/schema\/logo\/image\/","url":"https:\/\/gysfm.com.ar\/inicio\/wp-content\/uploads\/2023\/07\/LOGOGYS-OK.png","contentUrl":"https:\/\/gysfm.com.ar\/inicio\/wp-content\/uploads\/2023\/07\/LOGOGYS-OK.png","width":1170,"height":872,"caption":"GYS NOTICIAS |"},"image":{"@id":"https:\/\/gysfm.com.ar\/inicio\/#\/schema\/logo\/image\/"}},{"@type":"Person","@id":"https:\/\/gysfm.com.ar\/inicio\/#\/schema\/person\/5bedd7ecd35cc35548d89effafa23696","name":"admin","image":{"@type":"ImageObject","inLanguage":"es","@id":"https:\/\/gysfm.com.ar\/inicio\/#\/schema\/person\/image\/","url":"https:\/\/secure.gravatar.com\/avatar\/c331d312b5243fb64d5ba28108a447b27c925295129a363082c9ea52c28d32c2?s=96&d=mm&r=g","contentUrl":"https:\/\/secure.gravatar.com\/avatar\/c331d312b5243fb64d5ba28108a447b27c925295129a363082c9ea52c28d32c2?s=96&d=mm&r=g","caption":"admin"},"sameAs":["https:\/\/gysfm.com.ar\/inicio"],"url":"https:\/\/gysfm.com.ar\/inicio\/author\/admin\/"}]}},"_links":{"self":[{"href":"https:\/\/gysfm.com.ar\/inicio\/wp-json\/wp\/v2\/posts\/193283","targetHints":{"allow":["GET"]}}],"collection":[{"href":"https:\/\/gysfm.com.ar\/inicio\/wp-json\/wp\/v2\/posts"}],"about":[{"href":"https:\/\/gysfm.com.ar\/inicio\/wp-json\/wp\/v2\/types\/post"}],"author":[{"embeddable":true,"href":"https:\/\/gysfm.com.ar\/inicio\/wp-json\/wp\/v2\/users\/1"}],"replies":[{"embeddable":true,"href":"https:\/\/gysfm.com.ar\/inicio\/wp-json\/wp\/v2\/comments?post=193283"}],"version-history":[{"count":1,"href":"https:\/\/gysfm.com.ar\/inicio\/wp-json\/wp\/v2\/posts\/193283\/revisions"}],"predecessor-version":[{"id":193285,"href":"https:\/\/gysfm.com.ar\/inicio\/wp-json\/wp\/v2\/posts\/193283\/revisions\/193285"}],"wp:featuredmedia":[{"embeddable":true,"href":"https:\/\/gysfm.com.ar\/inicio\/wp-json\/wp\/v2\/media\/193284"}],"wp:attachment":[{"href":"https:\/\/gysfm.com.ar\/inicio\/wp-json\/wp\/v2\/media?parent=193283"}],"wp:term":[{"taxonomy":"category","embeddable":true,"href":"https:\/\/gysfm.com.ar\/inicio\/wp-json\/wp\/v2\/categories?post=193283"},{"taxonomy":"post_tag","embeddable":true,"href":"https:\/\/gysfm.com.ar\/inicio\/wp-json\/wp\/v2\/tags?post=193283"}],"curies":[{"name":"wp","href":"https:\/\/api.w.org\/{rel}","templated":true}]}}